{"id":41497,"date":"2025-10-27T08:07:53","date_gmt":"2025-10-27T07:07:53","guid":{"rendered":"https:\/\/www.markt-kom.com\/?p=244405"},"modified":"2025-10-27T08:04:29","modified_gmt":"2025-10-27T07:04:29","slug":"rueckgang-beim-klassischen-werbemarkt-digital-und-radio-legen-zu-print-und-kino-verlieren","status":"publish","type":"post","link":"https:\/\/www.organisator.ch\/it\/marketing\/2025-10-27\/rueckgang-beim-klassischen-werbemarkt-digital-und-radio-legen-zu-print-und-kino-verlieren\/","title":{"rendered":"Calo del mercato pubblicitario tradizionale: digitale e radio in crescita, stampa e cinema in calo"},"content":{"rendered":"<p>&nbsp;<\/p>\r\n<p><img class=\"alignnone size-full wp-image-244409\" src=\"https:\/\/www.markt-kom.com\/wp-content\/uploads\/2025\/10\/WerbedruckSept25.png\" sizes=\"(max-width: 1200px) 100vw, 1200px\" srcset=\"https:\/\/www.markt-kom.com\/wp-content\/uploads\/2025\/10\/WerbedruckSept25.png 1200w, https:\/\/www.markt-kom.com\/wp-content\/uploads\/2025\/10\/WerbedruckSept25-600x327.png 600w, https:\/\/www.markt-kom.com\/wp-content\/uploads\/2025\/10\/WerbedruckSept25-1024x557.png 1024w, https:\/\/www.markt-kom.com\/wp-content\/uploads\/2025\/10\/WerbedruckSept25-768x418.png 768w, https:\/\/www.markt-kom.com\/wp-content\/uploads\/2025\/10\/WerbedruckSept25-18x10.png 18w, https:\/\/www.markt-kom.com\/wp-content\/uploads\/2025\/10\/WerbedruckSept25-322x175.png 322w, https:\/\/www.markt-kom.com\/wp-content\/uploads\/2025\/10\/WerbedruckSept25-643x350.png 643w, https:\/\/www.markt-kom.com\/wp-content\/uploads\/2025\/10\/WerbedruckSept25-1000x544.png 1000w\" alt=\"\" width=\"1200\" height=\"653\" \/><\/p>\r\n<p>Dopo due mesi di andamento positivo, a settembre il mercato pubblicitario \u00abtradizionale\u00bb ha registrato un nuovo calo. Con una spesa pubblicitaria lorda di 376,7 milioni di franchi, il risultato \u00e8 in calo del 4,2% rispetto allo stesso mese dell'anno scorso. Il mercato sta quindi perdendo parte dello slancio verso l'alto registrato a luglio e agosto.<\/p>\r\n<p>L'andamento del mercato pubblicitario tradizionale si attesta a 2.747,3 milioni di franchi svizzeri lordi fino a quest'anno, con un calo percentuale del 2,5% rispetto al 2024.<\/p>\r\n<p>All'interno dei gruppi dei media, il quadro di settembre \u00e8 eterogeneo. La radio \u00e8 stato l'unico gruppo a rimanere in territorio positivo con una crescita del +3,6%. Tutti gli altri gruppi di media hanno registrato cali: la stampa \u00e8 stata la pi\u00f9 colpita con un -7,2%, seguita da cinema (-6,4%), out-of-home (-6,0%) e TV (-1,1%).<\/p>\r\n<p>La pressione pubblicitaria digitale a settembre \u00e8 stata significativamente superiore a quella dell'anno precedente. Il motore \u00e8 la ricerca. Il canale ha chiuso con un risultato nettamente positivo, mentre Display (-3,5%) e YouTube (-3,8%) hanno registrato lievi cali*.<\/p>\r\n<h3 class=\"wp-block-heading\">Meno della met\u00e0 dei settori \u00e8 convincente<\/h3>\r\n<p>Nel complesso, solo 8 settori su 21 sono riusciti a sfuggire al trend negativo di settembre. Sebbene il commercio al dettaglio sia ancora in testa nel periodo YTD, con una crescita del 14,4%, \u00e8 superato dall'industria alimentare (44,5 milioni di franchi) in termini di spesa di settembre (35,0 milioni di franchi). In termini percentuali, il settore dei media ha registrato la crescita pi\u00f9 significativa, pur rimanendo nel terzo inferiore della classifica. Tra gli altri, i prodotti del tabacco (+35,2%), il digitale e la casa (+17,0%), i servizi (+14,4%) e gli eventi (+7,8%).<\/p>\r\n<h3 class=\"wp-block-heading\">Crollo dell'industria automobilistica<\/h3>\r\n<p>A settembre, 13 settori hanno registrato un andamento in calo. Tra i maggiori perdenti figurano il settore automobilistico (-27,8%), le societ\u00e0 di trasporto (-19,9%) e la moda e lo sport (-19,4%). Sebbene anche i settori finanziario e delle telecomunicazioni abbiano entrambi registrato cali (rispettivamente -6,9% e -0,5%), sono al di sopra del livello dell'anno precedente in un confronto cumulativo anno su anno. Anche le iniziative e le campagne (-1,4%) e le bevande (-0,9%) sono appena in territorio negativo.<\/p>\r\n<hr \/>\r\n<p>L'intero rapporto su <a href=\"https:\/\/mediafocus.ch\/publication\/werbemarkt-im-september-wieder-leicht-unter-vorjahr\/?utm_source=Newsletter&amp;utm_medium=PR&amp;utm_campaign=WMT_09_25&amp;utm_source=Newsletter&amp;utm_medium=email&amp;utm_campaign=PR_06_25\">mediafocus.ch<\/a><\/p>","protected":false},"excerpt":{"rendered":"<p>Trend Report di Media Focus: dopo due mesi di crescita, a settembre il mercato pubblicitario svizzero \u00e8 sceso del 4,2%. La radio \u00e8 l'unico gruppo di media a crescere, mentre la stampa e il cinema perdono terreno in modo significativo. Solo 8 settori su 21 mostrano un andamento positivo.<\/p>","protected":false},"author":8,"featured_media":0,"comment_status":"closed","ping_status":"closed","sticky":false,"template":"","format":"standard","meta":{"_acf_changed":false,"_yoast_wpseo_focuskw":"Werbemarkt","_yoast_wpseo_metadesc":"Trend Report von Media Focus: Nach zwei Monaten Wachstum f\u00e4llt der Schweizer Werbemarkt im September um 4.2 Prozent.","articlekey":"","footnotes":""},"categories":[29],"tags":[4345,4343,3132,5625,3401],"class_list":["post-41497","post","type-post","status-publish","format-standard","hentry","category-marketing","tag-business","tag-markom","tag-media-focus","tag-trend-report","tag-werbemarkt"],"acf":[],"yoast_head":"<!-- This site is optimized with the Yoast SEO plugin v27.5 - https:\/\/yoast.com\/product\/yoast-seo-wordpress\/ -->\n<title>R\u00fcckgang beim klassischen Werbemarkt \u2013\u00a0Digital und Radio legen zu, Print und Kino verlieren - Organisator<\/title>\n<meta name=\"description\" content=\"Trend Report von Media Focus: Nach zwei Monaten Wachstum f\u00e4llt der Schweizer Werbemarkt im September um 4.2 Prozent.\" \/>\n<meta name=\"robots\" content=\"index, follow, max-snippet:-1, max-image-preview:large, max-video-preview:-1\" \/>\n<link rel=\"canonical\" href=\"https:\/\/www.organisator.ch\/it\/marketing\/2025-10-27\/rueckgang-beim-klassischen-werbemarkt-digital-und-radio-legen-zu-print-und-kino-verlieren\/\" \/>\n<meta property=\"og:locale\" content=\"it_IT\" \/>\n<meta property=\"og:type\" content=\"article\" \/>\n<meta property=\"og:title\" content=\"R\u00fcckgang beim klassischen Werbemarkt \u2013\u00a0Digital und Radio legen zu, Print und Kino verlieren - Organisator\" \/>\n<meta property=\"og:description\" content=\"Trend Report von Media Focus: Nach zwei Monaten Wachstum f\u00e4llt der Schweizer Werbemarkt im September um 4.2 Prozent.\" \/>\n<meta property=\"og:url\" content=\"https:\/\/www.organisator.ch\/it\/marketing\/2025-10-27\/rueckgang-beim-klassischen-werbemarkt-digital-und-radio-legen-zu-print-und-kino-verlieren\/\" \/>\n<meta property=\"og:site_name\" content=\"Organisator\" \/>\n<meta property=\"article:publisher\" content=\"https:\/\/www.facebook.com\/OrganisatorFachmagazin\" \/>\n<meta property=\"article:published_time\" content=\"2025-10-27T07:07:53+00:00\" \/>\n<meta name=\"author\" content=\"galledia\" \/>\n<meta name=\"twitter:card\" content=\"summary_large_image\" \/>\n<meta name=\"twitter:creator\" content=\"@admin\" \/>\n<script type=\"application\/ld+json\" class=\"yoast-schema-graph\">{\"@context\":\"https:\\\/\\\/schema.org\",\"@graph\":[{\"@type\":\"Article\",\"@id\":\"https:\\\/\\\/www.organisator.ch\\\/marketing\\\/2025-10-27\\\/rueckgang-beim-klassischen-werbemarkt-digital-und-radio-legen-zu-print-und-kino-verlieren\\\/#article\",\"isPartOf\":{\"@id\":\"https:\\\/\\\/www.organisator.ch\\\/marketing\\\/2025-10-27\\\/rueckgang-beim-klassischen-werbemarkt-digital-und-radio-legen-zu-print-und-kino-verlieren\\\/\"},\"author\":{\"name\":\"galledia\",\"@id\":\"https:\\\/\\\/www.organisator.ch\\\/#\\\/schema\\\/person\\\/4e51799071cd2dd1232ac003643ef5f0\"},\"headline\":\"R\u00fcckgang beim klassischen Werbemarkt \u2013\u00a0Digital und Radio legen zu, Print und Kino verlieren\",\"datePublished\":\"2025-10-27T07:07:53+00:00\",\"mainEntityOfPage\":{\"@id\":\"https:\\\/\\\/www.organisator.ch\\\/marketing\\\/2025-10-27\\\/rueckgang-beim-klassischen-werbemarkt-digital-und-radio-legen-zu-print-und-kino-verlieren\\\/\"},\"wordCount\":323,\"publisher\":{\"@id\":\"https:\\\/\\\/www.organisator.ch\\\/#organization\"},\"image\":{\"@id\":\"https:\\\/\\\/www.organisator.ch\\\/marketing\\\/2025-10-27\\\/rueckgang-beim-klassischen-werbemarkt-digital-und-radio-legen-zu-print-und-kino-verlieren\\\/#primaryimage\"},\"thumbnailUrl\":\"https:\\\/\\\/www.markt-kom.com\\\/wp-content\\\/uploads\\\/2025\\\/10\\\/WerbedruckSept25.png\",\"keywords\":[\"Business\",\"MarKom\",\"Media Focus\",\"Trend Report\",\"Werbemarkt\"],\"articleSection\":[\"MARKETING\"],\"inLanguage\":\"it-IT\"},{\"@type\":\"WebPage\",\"@id\":\"https:\\\/\\\/www.organisator.ch\\\/marketing\\\/2025-10-27\\\/rueckgang-beim-klassischen-werbemarkt-digital-und-radio-legen-zu-print-und-kino-verlieren\\\/\",\"url\":\"https:\\\/\\\/www.organisator.ch\\\/marketing\\\/2025-10-27\\\/rueckgang-beim-klassischen-werbemarkt-digital-und-radio-legen-zu-print-und-kino-verlieren\\\/\",\"name\":\"R\u00fcckgang beim klassischen Werbemarkt \u2013\u00a0Digital und Radio legen zu, Print und Kino verlieren - Organisator\",\"isPartOf\":{\"@id\":\"https:\\\/\\\/www.organisator.ch\\\/#website\"},\"primaryImageOfPage\":{\"@id\":\"https:\\\/\\\/www.organisator.ch\\\/marketing\\\/2025-10-27\\\/rueckgang-beim-klassischen-werbemarkt-digital-und-radio-legen-zu-print-und-kino-verlieren\\\/#primaryimage\"},\"image\":{\"@id\":\"https:\\\/\\\/www.organisator.ch\\\/marketing\\\/2025-10-27\\\/rueckgang-beim-klassischen-werbemarkt-digital-und-radio-legen-zu-print-und-kino-verlieren\\\/#primaryimage\"},\"thumbnailUrl\":\"https:\\\/\\\/www.markt-kom.com\\\/wp-content\\\/uploads\\\/2025\\\/10\\\/WerbedruckSept25.png\",\"datePublished\":\"2025-10-27T07:07:53+00:00\",\"description\":\"Trend Report von Media Focus: Nach zwei Monaten Wachstum f\u00e4llt der Schweizer Werbemarkt im September um 4.2 Prozent.\",\"breadcrumb\":{\"@id\":\"https:\\\/\\\/www.organisator.ch\\\/marketing\\\/2025-10-27\\\/rueckgang-beim-klassischen-werbemarkt-digital-und-radio-legen-zu-print-und-kino-verlieren\\\/#breadcrumb\"},\"inLanguage\":\"it-IT\",\"potentialAction\":[{\"@type\":\"ReadAction\",\"target\":[\"https:\\\/\\\/www.organisator.ch\\\/marketing\\\/2025-10-27\\\/rueckgang-beim-klassischen-werbemarkt-digital-und-radio-legen-zu-print-und-kino-verlieren\\\/\"]}]},{\"@type\":\"ImageObject\",\"inLanguage\":\"it-IT\",\"@id\":\"https:\\\/\\\/www.organisator.ch\\\/marketing\\\/2025-10-27\\\/rueckgang-beim-klassischen-werbemarkt-digital-und-radio-legen-zu-print-und-kino-verlieren\\\/#primaryimage\",\"url\":\"https:\\\/\\\/www.markt-kom.com\\\/wp-content\\\/uploads\\\/2025\\\/10\\\/WerbedruckSept25.png\",\"contentUrl\":\"https:\\\/\\\/www.markt-kom.com\\\/wp-content\\\/uploads\\\/2025\\\/10\\\/WerbedruckSept25.png\"},{\"@type\":\"BreadcrumbList\",\"@id\":\"https:\\\/\\\/www.organisator.ch\\\/marketing\\\/2025-10-27\\\/rueckgang-beim-klassischen-werbemarkt-digital-und-radio-legen-zu-print-und-kino-verlieren\\\/#breadcrumb\",\"itemListElement\":[{\"@type\":\"ListItem\",\"position\":1,\"name\":\"Home\",\"item\":\"https:\\\/\\\/www.organisator.ch\\\/\"},{\"@type\":\"ListItem\",\"position\":2,\"name\":\"R\u00fcckgang beim klassischen Werbemarkt \u2013\u00a0Digital und Radio legen zu, Print und Kino verlieren\"}]},{\"@type\":\"WebSite\",\"@id\":\"https:\\\/\\\/www.organisator.ch\\\/#website\",\"url\":\"https:\\\/\\\/www.organisator.ch\\\/\",\"name\":\"Organisator\",\"description\":\"Kompetent. Praxisnah. Der ORGANISATOR bereitet in 10 Ausgaben pro Jahr die wesentlichen Themen f\u00fcr F\u00fchrungskr\u00e4fte von KMU auf.\",\"publisher\":{\"@id\":\"https:\\\/\\\/www.organisator.ch\\\/#organization\"},\"potentialAction\":[{\"@type\":\"SearchAction\",\"target\":{\"@type\":\"EntryPoint\",\"urlTemplate\":\"https:\\\/\\\/www.organisator.ch\\\/?s={search_term_string}\"},\"query-input\":{\"@type\":\"PropertyValueSpecification\",\"valueRequired\":true,\"valueName\":\"search_term_string\"}}],\"inLanguage\":\"it-IT\"},{\"@type\":\"Organization\",\"@id\":\"https:\\\/\\\/www.organisator.ch\\\/#organization\",\"name\":\"Organisator\",\"url\":\"https:\\\/\\\/www.organisator.ch\\\/\",\"logo\":{\"@type\":\"ImageObject\",\"inLanguage\":\"it-IT\",\"@id\":\"https:\\\/\\\/www.organisator.ch\\\/#\\\/schema\\\/logo\\\/image\\\/\",\"url\":\"https:\\\/\\\/www.organisator.ch\\\/wp-content\\\/uploads\\\/2022\\\/01\\\/Logo_Organisator_Website.png\",\"contentUrl\":\"https:\\\/\\\/www.organisator.ch\\\/wp-content\\\/uploads\\\/2022\\\/01\\\/Logo_Organisator_Website.png\",\"width\":800,\"height\":77,\"caption\":\"Organisator\"},\"image\":{\"@id\":\"https:\\\/\\\/www.organisator.ch\\\/#\\\/schema\\\/logo\\\/image\\\/\"},\"sameAs\":[\"https:\\\/\\\/www.facebook.com\\\/OrganisatorFachmagazin\",\"https:\\\/\\\/www.linkedin.com\\\/showcase\\\/organisator-das-magazin-fr-kmu\",\"https:\\\/\\\/www.xing.com\\\/news\\\/pages\\\/organisator-ch-695\",\"https:\\\/\\\/www.youtube.com\\\/channel\\\/UCGP2Sq0iWaZwT3BdIAQFYpw\"]},{\"@type\":\"Person\",\"@id\":\"https:\\\/\\\/www.organisator.ch\\\/#\\\/schema\\\/person\\\/4e51799071cd2dd1232ac003643ef5f0\",\"name\":\"galledia\",\"image\":{\"@type\":\"ImageObject\",\"inLanguage\":\"it-IT\",\"@id\":\"https:\\\/\\\/secure.gravatar.com\\\/avatar\\\/78a7f90c01fc2bfc875782a0d4922b37cde2cf184ce347b91316d23cd7f69a36?s=96&d=mm&r=g\",\"url\":\"https:\\\/\\\/secure.gravatar.com\\\/avatar\\\/78a7f90c01fc2bfc875782a0d4922b37cde2cf184ce347b91316d23cd7f69a36?s=96&d=mm&r=g\",\"contentUrl\":\"https:\\\/\\\/secure.gravatar.com\\\/avatar\\\/78a7f90c01fc2bfc875782a0d4922b37cde2cf184ce347b91316d23cd7f69a36?s=96&d=mm&r=g\",\"caption\":\"galledia\"},\"sameAs\":[\"https:\\\/\\\/x.com\\\/admin\"],\"url\":\"https:\\\/\\\/www.organisator.ch\\\/it\\\/author\\\/galledia\\\/\"}]}<\/script>\n<!-- \/ Yoast SEO plugin. -->","yoast_head_json":{"title":"Calo del mercato pubblicitario tradizionale: crescono digitale e radio, perdono terreno stampa e cinema - Organizzatore","description":"Trend Report di Media Focus: dopo due mesi di crescita, il mercato pubblicitario svizzero \u00e8 sceso del 4,2% a settembre.","robots":{"index":"index","follow":"follow","max-snippet":"max-snippet:-1","max-image-preview":"max-image-preview:large","max-video-preview":"max-video-preview:-1"},"canonical":"https:\/\/www.organisator.ch\/it\/marketing\/2025-10-27\/rueckgang-beim-klassischen-werbemarkt-digital-und-radio-legen-zu-print-und-kino-verlieren\/","og_locale":"it_IT","og_type":"article","og_title":"R\u00fcckgang beim klassischen Werbemarkt \u2013\u00a0Digital und Radio legen zu, Print und Kino verlieren - Organisator","og_description":"Trend Report von Media Focus: Nach zwei Monaten Wachstum f\u00e4llt der Schweizer Werbemarkt im September um 4.2 Prozent.","og_url":"https:\/\/www.organisator.ch\/it\/marketing\/2025-10-27\/rueckgang-beim-klassischen-werbemarkt-digital-und-radio-legen-zu-print-und-kino-verlieren\/","og_site_name":"Organisator","article_publisher":"https:\/\/www.facebook.com\/OrganisatorFachmagazin","article_published_time":"2025-10-27T07:07:53+00:00","author":"galledia","twitter_card":"summary_large_image","twitter_creator":"@admin","schema":{"@context":"https:\/\/schema.org","@graph":[{"@type":"Article","@id":"https:\/\/www.organisator.ch\/marketing\/2025-10-27\/rueckgang-beim-klassischen-werbemarkt-digital-und-radio-legen-zu-print-und-kino-verlieren\/#article","isPartOf":{"@id":"https:\/\/www.organisator.ch\/marketing\/2025-10-27\/rueckgang-beim-klassischen-werbemarkt-digital-und-radio-legen-zu-print-und-kino-verlieren\/"},"author":{"name":"galledia","@id":"https:\/\/www.organisator.ch\/#\/schema\/person\/4e51799071cd2dd1232ac003643ef5f0"},"headline":"R\u00fcckgang beim klassischen Werbemarkt \u2013\u00a0Digital und Radio legen zu, Print und Kino verlieren","datePublished":"2025-10-27T07:07:53+00:00","mainEntityOfPage":{"@id":"https:\/\/www.organisator.ch\/marketing\/2025-10-27\/rueckgang-beim-klassischen-werbemarkt-digital-und-radio-legen-zu-print-und-kino-verlieren\/"},"wordCount":323,"publisher":{"@id":"https:\/\/www.organisator.ch\/#organization"},"image":{"@id":"https:\/\/www.organisator.ch\/marketing\/2025-10-27\/rueckgang-beim-klassischen-werbemarkt-digital-und-radio-legen-zu-print-und-kino-verlieren\/#primaryimage"},"thumbnailUrl":"https:\/\/www.markt-kom.com\/wp-content\/uploads\/2025\/10\/WerbedruckSept25.png","keywords":["Business","MarKom","Media Focus","Trend Report","Werbemarkt"],"articleSection":["MARKETING"],"inLanguage":"it-IT"},{"@type":"WebPage","@id":"https:\/\/www.organisator.ch\/marketing\/2025-10-27\/rueckgang-beim-klassischen-werbemarkt-digital-und-radio-legen-zu-print-und-kino-verlieren\/","url":"https:\/\/www.organisator.ch\/marketing\/2025-10-27\/rueckgang-beim-klassischen-werbemarkt-digital-und-radio-legen-zu-print-und-kino-verlieren\/","name":"Calo del mercato pubblicitario tradizionale: crescono digitale e radio, perdono terreno stampa e cinema - Organizzatore","isPartOf":{"@id":"https:\/\/www.organisator.ch\/#website"},"primaryImageOfPage":{"@id":"https:\/\/www.organisator.ch\/marketing\/2025-10-27\/rueckgang-beim-klassischen-werbemarkt-digital-und-radio-legen-zu-print-und-kino-verlieren\/#primaryimage"},"image":{"@id":"https:\/\/www.organisator.ch\/marketing\/2025-10-27\/rueckgang-beim-klassischen-werbemarkt-digital-und-radio-legen-zu-print-und-kino-verlieren\/#primaryimage"},"thumbnailUrl":"https:\/\/www.markt-kom.com\/wp-content\/uploads\/2025\/10\/WerbedruckSept25.png","datePublished":"2025-10-27T07:07:53+00:00","description":"Trend Report di Media Focus: dopo due mesi di crescita, il mercato pubblicitario svizzero \u00e8 sceso del 4,2% a settembre.","breadcrumb":{"@id":"https:\/\/www.organisator.ch\/marketing\/2025-10-27\/rueckgang-beim-klassischen-werbemarkt-digital-und-radio-legen-zu-print-und-kino-verlieren\/#breadcrumb"},"inLanguage":"it-IT","potentialAction":[{"@type":"ReadAction","target":["https:\/\/www.organisator.ch\/marketing\/2025-10-27\/rueckgang-beim-klassischen-werbemarkt-digital-und-radio-legen-zu-print-und-kino-verlieren\/"]}]},{"@type":"ImageObject","inLanguage":"it-IT","@id":"https:\/\/www.organisator.ch\/marketing\/2025-10-27\/rueckgang-beim-klassischen-werbemarkt-digital-und-radio-legen-zu-print-und-kino-verlieren\/#primaryimage","url":"https:\/\/www.markt-kom.com\/wp-content\/uploads\/2025\/10\/WerbedruckSept25.png","contentUrl":"https:\/\/www.markt-kom.com\/wp-content\/uploads\/2025\/10\/WerbedruckSept25.png"},{"@type":"BreadcrumbList","@id":"https:\/\/www.organisator.ch\/marketing\/2025-10-27\/rueckgang-beim-klassischen-werbemarkt-digital-und-radio-legen-zu-print-und-kino-verlieren\/#breadcrumb","itemListElement":[{"@type":"ListItem","position":1,"name":"Home","item":"https:\/\/www.organisator.ch\/"},{"@type":"ListItem","position":2,"name":"R\u00fcckgang beim klassischen Werbemarkt \u2013\u00a0Digital und Radio legen zu, Print und Kino verlieren"}]},{"@type":"WebSite","@id":"https:\/\/www.organisator.ch\/#website","url":"https:\/\/www.organisator.ch\/","name":"Organizzatore","description":"Competente. Pratico. In 10 numeri all'anno, ORGANISATOR presenta i temi essenziali per i manager delle PMI.","publisher":{"@id":"https:\/\/www.organisator.ch\/#organization"},"potentialAction":[{"@type":"SearchAction","target":{"@type":"EntryPoint","urlTemplate":"https:\/\/www.organisator.ch\/?s={search_term_string}"},"query-input":{"@type":"PropertyValueSpecification","valueRequired":true,"valueName":"search_term_string"}}],"inLanguage":"it-IT"},{"@type":"Organization","@id":"https:\/\/www.organisator.ch\/#organization","name":"Organizzatore","url":"https:\/\/www.organisator.ch\/","logo":{"@type":"ImageObject","inLanguage":"it-IT","@id":"https:\/\/www.organisator.ch\/#\/schema\/logo\/image\/","url":"https:\/\/www.organisator.ch\/wp-content\/uploads\/2022\/01\/Logo_Organisator_Website.png","contentUrl":"https:\/\/www.organisator.ch\/wp-content\/uploads\/2022\/01\/Logo_Organisator_Website.png","width":800,"height":77,"caption":"Organisator"},"image":{"@id":"https:\/\/www.organisator.ch\/#\/schema\/logo\/image\/"},"sameAs":["https:\/\/www.facebook.com\/OrganisatorFachmagazin","https:\/\/www.linkedin.com\/showcase\/organisator-das-magazin-fr-kmu","https:\/\/www.xing.com\/news\/pages\/organisator-ch-695","https:\/\/www.youtube.com\/channel\/UCGP2Sq0iWaZwT3BdIAQFYpw"]},{"@type":"Person","@id":"https:\/\/www.organisator.ch\/#\/schema\/person\/4e51799071cd2dd1232ac003643ef5f0","name":"galledia","image":{"@type":"ImageObject","inLanguage":"it-IT","@id":"https:\/\/secure.gravatar.com\/avatar\/78a7f90c01fc2bfc875782a0d4922b37cde2cf184ce347b91316d23cd7f69a36?s=96&d=mm&r=g","url":"https:\/\/secure.gravatar.com\/avatar\/78a7f90c01fc2bfc875782a0d4922b37cde2cf184ce347b91316d23cd7f69a36?s=96&d=mm&r=g","contentUrl":"https:\/\/secure.gravatar.com\/avatar\/78a7f90c01fc2bfc875782a0d4922b37cde2cf184ce347b91316d23cd7f69a36?s=96&d=mm&r=g","caption":"galledia"},"sameAs":["https:\/\/x.com\/admin"],"url":"https:\/\/www.organisator.ch\/it\/author\/galledia\/"}]}},"_links":{"self":[{"href":"https:\/\/www.organisator.ch\/it\/wp-json\/wp\/v2\/posts\/41497","targetHints":{"allow":["GET"]}}],"collection":[{"href":"https:\/\/www.organisator.ch\/it\/wp-json\/wp\/v2\/posts"}],"about":[{"href":"https:\/\/www.organisator.ch\/it\/wp-json\/wp\/v2\/types\/post"}],"author":[{"embeddable":true,"href":"https:\/\/www.organisator.ch\/it\/wp-json\/wp\/v2\/users\/8"}],"replies":[{"embeddable":true,"href":"https:\/\/www.organisator.ch\/it\/wp-json\/wp\/v2\/comments?post=41497"}],"version-history":[{"count":4,"href":"https:\/\/www.organisator.ch\/it\/wp-json\/wp\/v2\/posts\/41497\/revisions"}],"predecessor-version":[{"id":41516,"href":"https:\/\/www.organisator.ch\/it\/wp-json\/wp\/v2\/posts\/41497\/revisions\/41516"}],"wp:attachment":[{"href":"https:\/\/www.organisator.ch\/it\/wp-json\/wp\/v2\/media?parent=41497"}],"wp:term":[{"taxonomy":"category","embeddable":true,"href":"https:\/\/www.organisator.ch\/it\/wp-json\/wp\/v2\/categories?post=41497"},{"taxonomy":"post_tag","embeddable":true,"href":"https:\/\/www.organisator.ch\/it\/wp-json\/wp\/v2\/tags?post=41497"}],"curies":[{"name":"wp","href":"https:\/\/api.w.org\/{rel}","templated":true}]}}