{"id":4157,"date":"2021-04-30T15:07:27","date_gmt":"2021-04-30T13:07:27","guid":{"rendered":"https:\/\/www.umweltperspektiven.ch\/?p=4157"},"modified":"2022-02-09T11:10:48","modified_gmt":"2022-02-09T10:10:48","slug":"abwasser-entdeckt-auch-neue-corona-mutationen","status":"publish","type":"post","link":"https:\/\/www.organisator.ch\/it\/sustainability\/2021-04-30\/abwasser-entdeckt-auch-neue-corona-mutationen\/","title":{"rendered":"Le acque reflue scoprono anche nuove mutazioni della corona"},"content":{"rendered":"<figure id=\"attachment_4159\" aria-describedby=\"caption-attachment-4159\" style=\"width: 680px\" class=\"wp-caption alignleft\"><img loading=\"lazy\" decoding=\"async\" class=\"wp-image-4159 size-medium\" src=\"\/\/www.umweltperspektiven.ch\/wp-content\/uploads\/2021\/04\/Werdh\u00f6lzli_12-026.jpg\" alt=\"Monitoraggio delle acque reflue\" width=\"680\" height=\"453\" \/><figcaption id=\"caption-attachment-4159\" class=\"wp-caption-text\">Gli esseri umani espellono il materiale genetico del coronavirus (RNA), ed \u00e8 per questo che si pu\u00f2 controllare l'agente patogeno con il monitoraggio delle acque reflue. Foto: R. Str\u00e4ssle<\/figcaption><\/figure>\n<p>La situazione epidemiologica deve essere tenuta sotto controllo. Per poter valutare al meglio lo sviluppo della pandemia di Corona, il Cantone di Zurigo vorrebbe avere a disposizione dati significativi e affidabili. Fino ad ora, i responsabili hanno avuto a disposizione soprattutto i dati di segnalazione di laboratori, ospedali e altre strutture sanitarie. Secondo la Direzione della Salute di Zurigo, tuttavia, l'affidabilit\u00e0 di questi dati dipende principalmente dal comportamento di test della popolazione. Dal momento che i test rapidi sono diventati disponibili di recente, questo potrebbe essere cambiato, secondo l'autorit\u00e0.<\/p>\n<h2><strong>Analisi delle acque reflue come supplemento<\/strong><\/h2>\n<p>Con le acque reflue testate per il virus SARS-CoV-2 dall'Istituto di ricerca sull'acqua Eawag (vedi sotto), c'\u00e8 un'altra possibilit\u00e0 per valutare il corso dell'epidemia: il metodo ha il vantaggio di essere indipendente dal comportamento dei test della popolazione. Lo svantaggio \u00e8 che \u00e8 qualitativamente meno preciso. Insieme ai dati dei risultati dei test, tuttavia, si ottiene un quadro pi\u00f9 significativo della situazione, secondo il Dipartimento della Salute del Cantone di Zurigo. Il monitoraggio delle acque reflue pu\u00f2 anche essere usato per rilevare nuove mutazioni di virus o altri nuovi agenti patogeni emergenti. Piccole quantit\u00e0 nel bacino di un impianto di trattamento delle acque reflue sono sufficienti per questo. Nel frattempo, le misurazioni delle acque reflue sono progredite cos\u00ec tanto che \u00e8 possibile fare dichiarazioni concrete sul corso dell'epidemia.<\/p>\n<h2><strong>Il monitoraggio estende i test a pi\u00f9 ARA<\/strong><\/h2>\n<p>L'istituto di ricerca sull'acqua Eawag e l'\u00c9cole polytechnique f\u00e9d\u00e9rale de Lausanne (EPFL), con il sostegno della Direzione della Salute Pubblica, hanno lavorato al metodo per l'impianto di trattamento delle acque reflue della citt\u00e0 di Zurigo (\"Kl\u00e4ranlage Werdh\u00f6lzli\") dall'inizio della pandemia. Gli istituti pubblicano da tempo i dati corrispondenti. La Direzione della Salute vuole ora continuare la misurazione delle acque reflue e applicarla in modo pi\u00f9 ampio. I test devono essere estesi ad altri impianti di trattamento delle acque reflue. Il Laboratorio cantonale, affiliato alla Direzione della salute, continua quindi a sviluppare il monitoraggio delle acque reflue in stretta collaborazione con Eawag. Questo sistema viene sviluppato in coordinamento con il Cantone dei Grigioni, che ha gi\u00e0 introdotto tale monitoraggio.<\/p>\n<h2><strong>I primi risultati a giugno<\/strong><\/h2>\n<p>Si prevede che i primi risultati del monitoraggio cantonale delle acque reflue saranno disponibili nel giugno 2021. Secondo la direzione sanitaria di Zurigo, il sistema di misurazione \u00e8 adatto anche per l'uso dopo la pandemia di Corona: potrebbe continuare ad essere utilizzato come indicatore di rilevamento precoce per altri agenti patogeni.<\/p>\n<h2><strong>Progetto \"AbwasSARS-CoV-2<\/strong><\/h2>\n<p>Nel febbraio 2021, Eawag ha lanciato il progetto \"AbwasSARS-CoV-2\" insieme all'UFSP (<a href=\"\/\/www.youtube.com\/watch?v=PsJ49ZRbkcg\">Collegamento al video<\/a>\u00a0dal minuto 15:36). In questo progetto, le acque reflue grezze vengono raccolte ogni giorno da sei impianti di trattamento delle acque reflue (vedi mappa sotto) e analizzate per il SARS-CoV-2 RNA. Il Covid-19 \u00e8 noto per essere una malattia respiratoria, ma una percentuale significativa di persone espelle il materiale genetico del virus (RNA) nelle feci. Eawag scrive: \"Raccogliendo e analizzando campioni di acque reflue per questo materiale genetico, possiamo determinare se e in che misura le persone nel bacino di un impianto di trattamento delle acque reflue sono infettate dal virus. A causa del ritardo tra i sintomi e i risultati dei test confermati, potremmo essere in grado di rilevare il virus che circola nelle comunit\u00e0 attraverso le acque reflue prima che i dati sui casi clinici siano disponibili\".<\/p>\n<p>Secondo Eawag, nel progetto \"AbwasSARS-CoV-2\" le serie di misure sono di solito aggiornate una o due volte a settimana. I seguenti link portano ai grafici:<\/p>\n<p>Panoramica\u00a0<a href=\"\/\/sensors-eawag.ch\/sars\/overview.html\">Tutti gli impianti di trattamento delle acque reflue<\/a><\/p>\n<p>Altenrhein\u00a0<a href=\"\/\/sensors-eawag.ch\/sars\/altenrhein.html\">ARA Altenrhein<\/a><\/p>\n<p>Coira\u00a0<a href=\"\/\/sensors-eawag.ch\/sars\/chur.html\">ARA Coira<\/a><\/p>\n<p>Laupen\u00a0<a href=\"\/\/sensors-eawag.ch\/sars\/laupen.html\">ARA Sensetal<\/a><\/p>\n<p>Losanna\u00a0<a href=\"\/\/sensors-eawag.ch\/sars\/lausanne.html\">PASSO Vidy<\/a><\/p>\n<p>Lugano\u00a0<a href=\"\/\/sensors-eawag.ch\/sars\/lugano.html\">CDA Lugano<\/a><\/p>\n<p>Zurigo\u00a0<a href=\"\/\/sensors-eawag.ch\/sars\/zurich.html\">ARA Werdh\u00f6lzli<\/a><\/p>\n<figure id=\"attachment_4158\" aria-describedby=\"caption-attachment-4158\" style=\"width: 680px\" class=\"wp-caption alignleft\"><img loading=\"lazy\" decoding=\"async\" class=\"wp-image-4158 size-medium\" src=\"\/\/www.umweltperspektiven.ch\/wp-content\/uploads\/2021\/04\/ARA-CH.jpg\" alt=\"Monitoraggio delle acque reflue\" width=\"680\" height=\"340\" srcset=\"https:\/\/www.organisator.ch\/wp-content\/uploads\/2021\/04\/ARA-CH.jpg 761w, https:\/\/www.organisator.ch\/wp-content\/uploads\/2021\/04\/ARA-CH-680x340.jpg 680w, https:\/\/www.organisator.ch\/wp-content\/uploads\/2021\/04\/ARA-CH-18x9.jpg 18w, https:\/\/www.organisator.ch\/wp-content\/uploads\/2021\/04\/ARA-CH-350x175.jpg 350w, https:\/\/www.organisator.ch\/wp-content\/uploads\/2021\/04\/ARA-CH-699x350.jpg 699w, https:\/\/www.organisator.ch\/wp-content\/uploads\/2021\/04\/ARA-CH-300x150.jpg 300w\" sizes=\"auto, (max-width: 680px) 100vw, 680px\" \/><figcaption id=\"caption-attachment-4158\" class=\"wp-caption-text\">Ubicazione dei sei impianti di trattamento delle acque reflue con informazioni sulla dimensione dei bacini di utenza studiati nel progetto \"AbwasSARS-CoV-2\". Insieme, questi impianti di trattamento raccolgono e trattano le acque reflue di quasi 1 milione di abitanti. \u00a9 Eawag<\/figcaption><\/figure>\n<p>&nbsp;<\/p>","protected":false},"excerpt":{"rendered":"<p>Die epidemiologische Lage will man im Griff haben. Um die Entwicklung der Corona-Pandemie m\u00f6glichst gut beurteilen zu k\u00f6nnen, m\u00f6chte der Kanton Z\u00fcrich auf aussagekr\u00e4ftige und verl\u00e4ssliche Daten verf\u00fcgen. Bis anhin standen den Verantwortlichen vor allem Meldedaten von Labors, Spit\u00e4lern und weiteren Gesundheitsbetrieben zur Verf\u00fcgung. Laut Z\u00fcrcher Gesundheitsdirektion ist die Zuverl\u00e4ssigkeit dieser Daten jedoch haupts\u00e4chlich vom [&hellip;]<\/p>\n","protected":false},"author":6,"featured_media":4159,"comment_status":"closed","ping_status":"closed","sticky":false,"template":"","format":"standard","meta":{"_acf_changed":false,"_yoast_wpseo_focuskw":"Abwassermonitoring","_yoast_wpseo_metadesc":"","articlekey":"","footnotes":""},"categories":[580],"tags":[666,668,722,132,953,1497,2052],"class_list":["post-4157","post","type-post","status-publish","format-standard","has-post-thumbnail","hentry","category-sustainability","tag-abwassermonitoring","tag-abwasserreiniung","tag-ara","tag-coronavirus","tag-covid-19","tag-klaeranlage-werdhoelzli","tag-sars-cov-2"],"acf":[],"yoast_head":"<!-- This site is optimized with the Yoast SEO plugin v27.5 - https:\/\/yoast.com\/product\/yoast-seo-wordpress\/ -->\n<title>Abwasser entdeckt auch neue Corona-Mutationen - Organisator<\/title>\n<meta name=\"robots\" content=\"index, follow, max-snippet:-1, max-image-preview:large, max-video-preview:-1\" \/>\n<link rel=\"canonical\" href=\"https:\/\/www.organisator.ch\/it\/sostenibilita\/2021-04-30\/abwasser-entdeckt-auch-neue-corona-mutationen\/\" \/>\n<meta property=\"og:locale\" content=\"it_IT\" \/>\n<meta property=\"og:type\" content=\"article\" \/>\n<meta property=\"og:title\" content=\"Abwasser entdeckt auch neue Corona-Mutationen - Organisator\" \/>\n<meta property=\"og:description\" content=\"Die epidemiologische Lage will man im Griff haben. Um die Entwicklung der Corona-Pandemie m\u00f6glichst gut beurteilen zu k\u00f6nnen, m\u00f6chte der Kanton Z\u00fcrich auf aussagekr\u00e4ftige und verl\u00e4ssliche Daten verf\u00fcgen. Bis anhin standen den Verantwortlichen vor allem Meldedaten von Labors, Spit\u00e4lern und weiteren Gesundheitsbetrieben zur Verf\u00fcgung. Laut Z\u00fcrcher Gesundheitsdirektion ist die Zuverl\u00e4ssigkeit dieser Daten jedoch haupts\u00e4chlich vom [&hellip;]\" \/>\n<meta property=\"og:url\" content=\"https:\/\/www.organisator.ch\/it\/sostenibilita\/2021-04-30\/abwasser-entdeckt-auch-neue-corona-mutationen\/\" \/>\n<meta property=\"og:site_name\" content=\"Organisator\" \/>\n<meta property=\"article:publisher\" content=\"https:\/\/www.facebook.com\/OrganisatorFachmagazin\" \/>\n<meta property=\"article:published_time\" content=\"2021-04-30T13:07:27+00:00\" \/>\n<meta property=\"article:modified_time\" content=\"2022-02-09T10:10:48+00:00\" \/>\n<meta property=\"og:image\" content=\"https:\/\/www.organisator.ch\/wp-content\/uploads\/2021\/04\/Werdhoelzli_12-026-scaled.jpg\" \/>\n\t<meta property=\"og:image:width\" content=\"2560\" \/>\n\t<meta property=\"og:image:height\" content=\"1707\" \/>\n\t<meta property=\"og:image:type\" content=\"image\/jpeg\" \/>\n<meta name=\"author\" content=\"roger.straessle\" \/>\n<meta name=\"twitter:card\" content=\"summary_large_image\" \/>\n<script type=\"application\/ld+json\" class=\"yoast-schema-graph\">{\"@context\":\"https:\\\/\\\/schema.org\",\"@graph\":[{\"@type\":\"Article\",\"@id\":\"https:\\\/\\\/www.organisator.ch\\\/sustainability\\\/2021-04-30\\\/abwasser-entdeckt-auch-neue-corona-mutationen\\\/#article\",\"isPartOf\":{\"@id\":\"https:\\\/\\\/www.organisator.ch\\\/sustainability\\\/2021-04-30\\\/abwasser-entdeckt-auch-neue-corona-mutationen\\\/\"},\"author\":{\"name\":\"roger.straessle\",\"@id\":\"https:\\\/\\\/www.organisator.ch\\\/#\\\/schema\\\/person\\\/a800b8c54e208b160517a7dcc323161d\"},\"headline\":\"Abwasser entdeckt auch neue Corona-Mutationen\",\"datePublished\":\"2021-04-30T13:07:27+00:00\",\"dateModified\":\"2022-02-09T10:10:48+00:00\",\"mainEntityOfPage\":{\"@id\":\"https:\\\/\\\/www.organisator.ch\\\/sustainability\\\/2021-04-30\\\/abwasser-entdeckt-auch-neue-corona-mutationen\\\/\"},\"wordCount\":621,\"publisher\":{\"@id\":\"https:\\\/\\\/www.organisator.ch\\\/#organization\"},\"image\":{\"@id\":\"https:\\\/\\\/www.organisator.ch\\\/sustainability\\\/2021-04-30\\\/abwasser-entdeckt-auch-neue-corona-mutationen\\\/#primaryimage\"},\"thumbnailUrl\":\"https:\\\/\\\/www.organisator.ch\\\/wp-content\\\/uploads\\\/2021\\\/04\\\/Werdhoelzli_12-026-scaled.jpg\",\"keywords\":[\"Abwassermonitoring\",\"Abwasserreiniung\",\"ARA\",\"Coronavirus\",\"Covid-19\",\"Kl\u00e4ranlage Werdh\u00f6lzli\",\"Sars-CoV-2\"],\"articleSection\":[\"SUSTAINABILITY\"],\"inLanguage\":\"it-IT\"},{\"@type\":\"WebPage\",\"@id\":\"https:\\\/\\\/www.organisator.ch\\\/sustainability\\\/2021-04-30\\\/abwasser-entdeckt-auch-neue-corona-mutationen\\\/\",\"url\":\"https:\\\/\\\/www.organisator.ch\\\/sustainability\\\/2021-04-30\\\/abwasser-entdeckt-auch-neue-corona-mutationen\\\/\",\"name\":\"Abwasser entdeckt auch neue Corona-Mutationen - Organisator\",\"isPartOf\":{\"@id\":\"https:\\\/\\\/www.organisator.ch\\\/#website\"},\"primaryImageOfPage\":{\"@id\":\"https:\\\/\\\/www.organisator.ch\\\/sustainability\\\/2021-04-30\\\/abwasser-entdeckt-auch-neue-corona-mutationen\\\/#primaryimage\"},\"image\":{\"@id\":\"https:\\\/\\\/www.organisator.ch\\\/sustainability\\\/2021-04-30\\\/abwasser-entdeckt-auch-neue-corona-mutationen\\\/#primaryimage\"},\"thumbnailUrl\":\"https:\\\/\\\/www.organisator.ch\\\/wp-content\\\/uploads\\\/2021\\\/04\\\/Werdhoelzli_12-026-scaled.jpg\",\"datePublished\":\"2021-04-30T13:07:27+00:00\",\"dateModified\":\"2022-02-09T10:10:48+00:00\",\"breadcrumb\":{\"@id\":\"https:\\\/\\\/www.organisator.ch\\\/sustainability\\\/2021-04-30\\\/abwasser-entdeckt-auch-neue-corona-mutationen\\\/#breadcrumb\"},\"inLanguage\":\"it-IT\",\"potentialAction\":[{\"@type\":\"ReadAction\",\"target\":[\"https:\\\/\\\/www.organisator.ch\\\/sustainability\\\/2021-04-30\\\/abwasser-entdeckt-auch-neue-corona-mutationen\\\/\"]}]},{\"@type\":\"ImageObject\",\"inLanguage\":\"it-IT\",\"@id\":\"https:\\\/\\\/www.organisator.ch\\\/sustainability\\\/2021-04-30\\\/abwasser-entdeckt-auch-neue-corona-mutationen\\\/#primaryimage\",\"url\":\"https:\\\/\\\/www.organisator.ch\\\/wp-content\\\/uploads\\\/2021\\\/04\\\/Werdhoelzli_12-026-scaled.jpg\",\"contentUrl\":\"https:\\\/\\\/www.organisator.ch\\\/wp-content\\\/uploads\\\/2021\\\/04\\\/Werdhoelzli_12-026-scaled.jpg\",\"width\":2560,\"height\":1707,\"caption\":\"Der Menschen scheidet das Erbgut des Virus (RNA) aus, weshalb es im Abwasser gemessen werden kann. Foto: R. Str\u00e4ssle\"},{\"@type\":\"BreadcrumbList\",\"@id\":\"https:\\\/\\\/www.organisator.ch\\\/sustainability\\\/2021-04-30\\\/abwasser-entdeckt-auch-neue-corona-mutationen\\\/#breadcrumb\",\"itemListElement\":[{\"@type\":\"ListItem\",\"position\":1,\"name\":\"Home\",\"item\":\"https:\\\/\\\/www.organisator.ch\\\/\"},{\"@type\":\"ListItem\",\"position\":2,\"name\":\"Abwasser entdeckt auch neue Corona-Mutationen\"}]},{\"@type\":\"WebSite\",\"@id\":\"https:\\\/\\\/www.organisator.ch\\\/#website\",\"url\":\"https:\\\/\\\/www.organisator.ch\\\/\",\"name\":\"Organisator\",\"description\":\"Kompetent. Praxisnah. Der ORGANISATOR bereitet in 10 Ausgaben pro Jahr die wesentlichen Themen f\u00fcr F\u00fchrungskr\u00e4fte von KMU auf.\",\"publisher\":{\"@id\":\"https:\\\/\\\/www.organisator.ch\\\/#organization\"},\"potentialAction\":[{\"@type\":\"SearchAction\",\"target\":{\"@type\":\"EntryPoint\",\"urlTemplate\":\"https:\\\/\\\/www.organisator.ch\\\/?s={search_term_string}\"},\"query-input\":{\"@type\":\"PropertyValueSpecification\",\"valueRequired\":true,\"valueName\":\"search_term_string\"}}],\"inLanguage\":\"it-IT\"},{\"@type\":\"Organization\",\"@id\":\"https:\\\/\\\/www.organisator.ch\\\/#organization\",\"name\":\"Organisator\",\"url\":\"https:\\\/\\\/www.organisator.ch\\\/\",\"logo\":{\"@type\":\"ImageObject\",\"inLanguage\":\"it-IT\",\"@id\":\"https:\\\/\\\/www.organisator.ch\\\/#\\\/schema\\\/logo\\\/image\\\/\",\"url\":\"https:\\\/\\\/www.organisator.ch\\\/wp-content\\\/uploads\\\/2022\\\/01\\\/Logo_Organisator_Website.png\",\"contentUrl\":\"https:\\\/\\\/www.organisator.ch\\\/wp-content\\\/uploads\\\/2022\\\/01\\\/Logo_Organisator_Website.png\",\"width\":800,\"height\":77,\"caption\":\"Organisator\"},\"image\":{\"@id\":\"https:\\\/\\\/www.organisator.ch\\\/#\\\/schema\\\/logo\\\/image\\\/\"},\"sameAs\":[\"https:\\\/\\\/www.facebook.com\\\/OrganisatorFachmagazin\",\"https:\\\/\\\/www.linkedin.com\\\/showcase\\\/organisator-das-magazin-fr-kmu\",\"https:\\\/\\\/www.xing.com\\\/news\\\/pages\\\/organisator-ch-695\",\"https:\\\/\\\/www.youtube.com\\\/channel\\\/UCGP2Sq0iWaZwT3BdIAQFYpw\"]},{\"@type\":\"Person\",\"@id\":\"https:\\\/\\\/www.organisator.ch\\\/#\\\/schema\\\/person\\\/a800b8c54e208b160517a7dcc323161d\",\"name\":\"roger.straessle\",\"image\":{\"@type\":\"ImageObject\",\"inLanguage\":\"it-IT\",\"@id\":\"https:\\\/\\\/secure.gravatar.com\\\/avatar\\\/?s=96&d=mm&r=g\",\"url\":\"https:\\\/\\\/secure.gravatar.com\\\/avatar\\\/?s=96&d=mm&r=g\",\"contentUrl\":\"https:\\\/\\\/secure.gravatar.com\\\/avatar\\\/?s=96&d=mm&r=g\",\"caption\":\"roger.straessle\"},\"url\":\"https:\\\/\\\/www.organisator.ch\\\/it\\\/author\\\/roger-straessle\\\/\"}]}<\/script>\n<!-- \/ Yoast SEO plugin. -->","yoast_head_json":{"title":"Anche le acque reflue scoprono nuove mutazioni della corona - Organizzatore","robots":{"index":"index","follow":"follow","max-snippet":"max-snippet:-1","max-image-preview":"max-image-preview:large","max-video-preview":"max-video-preview:-1"},"canonical":"https:\/\/www.organisator.ch\/it\/sostenibilita\/2021-04-30\/abwasser-entdeckt-auch-neue-corona-mutationen\/","og_locale":"it_IT","og_type":"article","og_title":"Abwasser entdeckt auch neue Corona-Mutationen - Organisator","og_description":"Die epidemiologische Lage will man im Griff haben. Um die Entwicklung der Corona-Pandemie m\u00f6glichst gut beurteilen zu k\u00f6nnen, m\u00f6chte der Kanton Z\u00fcrich auf aussagekr\u00e4ftige und verl\u00e4ssliche Daten verf\u00fcgen. Bis anhin standen den Verantwortlichen vor allem Meldedaten von Labors, Spit\u00e4lern und weiteren Gesundheitsbetrieben zur Verf\u00fcgung. Laut Z\u00fcrcher Gesundheitsdirektion ist die Zuverl\u00e4ssigkeit dieser Daten jedoch haupts\u00e4chlich vom [&hellip;]","og_url":"https:\/\/www.organisator.ch\/it\/sostenibilita\/2021-04-30\/abwasser-entdeckt-auch-neue-corona-mutationen\/","og_site_name":"Organisator","article_publisher":"https:\/\/www.facebook.com\/OrganisatorFachmagazin","article_published_time":"2021-04-30T13:07:27+00:00","article_modified_time":"2022-02-09T10:10:48+00:00","og_image":[{"width":2560,"height":1707,"url":"https:\/\/www.organisator.ch\/wp-content\/uploads\/2021\/04\/Werdhoelzli_12-026-scaled.jpg","type":"image\/jpeg"}],"author":"roger.straessle","twitter_card":"summary_large_image","schema":{"@context":"https:\/\/schema.org","@graph":[{"@type":"Article","@id":"https:\/\/www.organisator.ch\/sustainability\/2021-04-30\/abwasser-entdeckt-auch-neue-corona-mutationen\/#article","isPartOf":{"@id":"https:\/\/www.organisator.ch\/sustainability\/2021-04-30\/abwasser-entdeckt-auch-neue-corona-mutationen\/"},"author":{"name":"roger.straessle","@id":"https:\/\/www.organisator.ch\/#\/schema\/person\/a800b8c54e208b160517a7dcc323161d"},"headline":"Abwasser entdeckt auch neue Corona-Mutationen","datePublished":"2021-04-30T13:07:27+00:00","dateModified":"2022-02-09T10:10:48+00:00","mainEntityOfPage":{"@id":"https:\/\/www.organisator.ch\/sustainability\/2021-04-30\/abwasser-entdeckt-auch-neue-corona-mutationen\/"},"wordCount":621,"publisher":{"@id":"https:\/\/www.organisator.ch\/#organization"},"image":{"@id":"https:\/\/www.organisator.ch\/sustainability\/2021-04-30\/abwasser-entdeckt-auch-neue-corona-mutationen\/#primaryimage"},"thumbnailUrl":"https:\/\/www.organisator.ch\/wp-content\/uploads\/2021\/04\/Werdhoelzli_12-026-scaled.jpg","keywords":["Abwassermonitoring","Abwasserreiniung","ARA","Coronavirus","Covid-19","Kl\u00e4ranlage Werdh\u00f6lzli","Sars-CoV-2"],"articleSection":["SUSTAINABILITY"],"inLanguage":"it-IT"},{"@type":"WebPage","@id":"https:\/\/www.organisator.ch\/sustainability\/2021-04-30\/abwasser-entdeckt-auch-neue-corona-mutationen\/","url":"https:\/\/www.organisator.ch\/sustainability\/2021-04-30\/abwasser-entdeckt-auch-neue-corona-mutationen\/","name":"Anche le acque reflue scoprono nuove mutazioni della corona - Organizzatore","isPartOf":{"@id":"https:\/\/www.organisator.ch\/#website"},"primaryImageOfPage":{"@id":"https:\/\/www.organisator.ch\/sustainability\/2021-04-30\/abwasser-entdeckt-auch-neue-corona-mutationen\/#primaryimage"},"image":{"@id":"https:\/\/www.organisator.ch\/sustainability\/2021-04-30\/abwasser-entdeckt-auch-neue-corona-mutationen\/#primaryimage"},"thumbnailUrl":"https:\/\/www.organisator.ch\/wp-content\/uploads\/2021\/04\/Werdhoelzli_12-026-scaled.jpg","datePublished":"2021-04-30T13:07:27+00:00","dateModified":"2022-02-09T10:10:48+00:00","breadcrumb":{"@id":"https:\/\/www.organisator.ch\/sustainability\/2021-04-30\/abwasser-entdeckt-auch-neue-corona-mutationen\/#breadcrumb"},"inLanguage":"it-IT","potentialAction":[{"@type":"ReadAction","target":["https:\/\/www.organisator.ch\/sustainability\/2021-04-30\/abwasser-entdeckt-auch-neue-corona-mutationen\/"]}]},{"@type":"ImageObject","inLanguage":"it-IT","@id":"https:\/\/www.organisator.ch\/sustainability\/2021-04-30\/abwasser-entdeckt-auch-neue-corona-mutationen\/#primaryimage","url":"https:\/\/www.organisator.ch\/wp-content\/uploads\/2021\/04\/Werdhoelzli_12-026-scaled.jpg","contentUrl":"https:\/\/www.organisator.ch\/wp-content\/uploads\/2021\/04\/Werdhoelzli_12-026-scaled.jpg","width":2560,"height":1707,"caption":"Der Menschen scheidet das Erbgut des Virus (RNA) aus, weshalb es im Abwasser gemessen werden kann. Foto: R. Str\u00e4ssle"},{"@type":"BreadcrumbList","@id":"https:\/\/www.organisator.ch\/sustainability\/2021-04-30\/abwasser-entdeckt-auch-neue-corona-mutationen\/#breadcrumb","itemListElement":[{"@type":"ListItem","position":1,"name":"Home","item":"https:\/\/www.organisator.ch\/"},{"@type":"ListItem","position":2,"name":"Abwasser entdeckt auch neue Corona-Mutationen"}]},{"@type":"WebSite","@id":"https:\/\/www.organisator.ch\/#website","url":"https:\/\/www.organisator.ch\/","name":"Organizzatore","description":"Competente. Pratico. In 10 numeri all'anno, ORGANISATOR presenta i temi essenziali per i manager delle PMI.","publisher":{"@id":"https:\/\/www.organisator.ch\/#organization"},"potentialAction":[{"@type":"SearchAction","target":{"@type":"EntryPoint","urlTemplate":"https:\/\/www.organisator.ch\/?s={search_term_string}"},"query-input":{"@type":"PropertyValueSpecification","valueRequired":true,"valueName":"search_term_string"}}],"inLanguage":"it-IT"},{"@type":"Organization","@id":"https:\/\/www.organisator.ch\/#organization","name":"Organizzatore","url":"https:\/\/www.organisator.ch\/","logo":{"@type":"ImageObject","inLanguage":"it-IT","@id":"https:\/\/www.organisator.ch\/#\/schema\/logo\/image\/","url":"https:\/\/www.organisator.ch\/wp-content\/uploads\/2022\/01\/Logo_Organisator_Website.png","contentUrl":"https:\/\/www.organisator.ch\/wp-content\/uploads\/2022\/01\/Logo_Organisator_Website.png","width":800,"height":77,"caption":"Organisator"},"image":{"@id":"https:\/\/www.organisator.ch\/#\/schema\/logo\/image\/"},"sameAs":["https:\/\/www.facebook.com\/OrganisatorFachmagazin","https:\/\/www.linkedin.com\/showcase\/organisator-das-magazin-fr-kmu","https:\/\/www.xing.com\/news\/pages\/organisator-ch-695","https:\/\/www.youtube.com\/channel\/UCGP2Sq0iWaZwT3BdIAQFYpw"]},{"@type":"Person","@id":"https:\/\/www.organisator.ch\/#\/schema\/person\/a800b8c54e208b160517a7dcc323161d","name":"roger.straessle","image":{"@type":"ImageObject","inLanguage":"it-IT","@id":"https:\/\/secure.gravatar.com\/avatar\/?s=96&d=mm&r=g","url":"https:\/\/secure.gravatar.com\/avatar\/?s=96&d=mm&r=g","contentUrl":"https:\/\/secure.gravatar.com\/avatar\/?s=96&d=mm&r=g","caption":"roger.straessle"},"url":"https:\/\/www.organisator.ch\/it\/author\/roger-straessle\/"}]}},"_links":{"self":[{"href":"https:\/\/www.organisator.ch\/it\/wp-json\/wp\/v2\/posts\/4157","targetHints":{"allow":["GET"]}}],"collection":[{"href":"https:\/\/www.organisator.ch\/it\/wp-json\/wp\/v2\/posts"}],"about":[{"href":"https:\/\/www.organisator.ch\/it\/wp-json\/wp\/v2\/types\/post"}],"author":[{"embeddable":true,"href":"https:\/\/www.organisator.ch\/it\/wp-json\/wp\/v2\/users\/6"}],"replies":[{"embeddable":true,"href":"https:\/\/www.organisator.ch\/it\/wp-json\/wp\/v2\/comments?post=4157"}],"version-history":[{"count":1,"href":"https:\/\/www.organisator.ch\/it\/wp-json\/wp\/v2\/posts\/4157\/revisions"}],"predecessor-version":[{"id":10988,"href":"https:\/\/www.organisator.ch\/it\/wp-json\/wp\/v2\/posts\/4157\/revisions\/10988"}],"wp:featuredmedia":[{"embeddable":true,"href":"https:\/\/www.organisator.ch\/it\/wp-json\/wp\/v2\/media\/4159"}],"wp:attachment":[{"href":"https:\/\/www.organisator.ch\/it\/wp-json\/wp\/v2\/media?parent=4157"}],"wp:term":[{"taxonomy":"category","embeddable":true,"href":"https:\/\/www.organisator.ch\/it\/wp-json\/wp\/v2\/categories?post=4157"},{"taxonomy":"post_tag","embeddable":true,"href":"https:\/\/www.organisator.ch\/it\/wp-json\/wp\/v2\/tags?post=4157"}],"curies":[{"name":"wp","href":"https:\/\/api.w.org\/{rel}","templated":true}]}}