{"id":41582,"date":"2025-10-29T08:53:26","date_gmt":"2025-10-29T07:53:26","guid":{"rendered":"https:\/\/www.organisator.ch\/?p=41582"},"modified":"2025-10-29T08:59:12","modified_gmt":"2025-10-29T07:59:12","slug":"von-enkeltauglichkeit-bis-zu-digitalen-models","status":"publish","type":"post","link":"https:\/\/www.organisator.ch\/it\/sustainability\/2025-10-29\/von-enkeltauglichkeit-bis-zu-digitalen-models\/","title":{"rendered":"Dall'idoneit\u00e0 per i nipoti ai modelli digitali"},"content":{"rendered":"<figure id=\"attachment_41583\" aria-describedby=\"caption-attachment-41583\" style=\"width: 680px\" class=\"wp-caption alignnone\"><img loading=\"lazy\" decoding=\"async\" class=\"size-full wp-image-41583\" src=\"https:\/\/www.organisator.ch\/wp-content\/uploads\/2025\/10\/Von-Enkeltauglichkeit-bis-zu-digitalen-Models-1_Organisator.jpg\" alt=\"\" width=\"680\" height=\"510\" srcset=\"https:\/\/www.organisator.ch\/wp-content\/uploads\/2025\/10\/Von-Enkeltauglichkeit-bis-zu-digitalen-Models-1_Organisator.jpg 680w, https:\/\/www.organisator.ch\/wp-content\/uploads\/2025\/10\/Von-Enkeltauglichkeit-bis-zu-digitalen-Models-1_Organisator-16x12.jpg 16w, https:\/\/www.organisator.ch\/wp-content\/uploads\/2025\/10\/Von-Enkeltauglichkeit-bis-zu-digitalen-Models-1_Organisator-375x281.jpg 375w, https:\/\/www.organisator.ch\/wp-content\/uploads\/2025\/10\/Von-Enkeltauglichkeit-bis-zu-digitalen-Models-1_Organisator-467x350.jpg 467w\" sizes=\"auto, (max-width: 680px) 100vw, 680px\" \/><figcaption id=\"caption-attachment-41583\" class=\"wp-caption-text\">Il secondo Greenovation Summit si \u00e8 svolto il 23 ottobre 2025. (Immagine: Thomas Berner)<\/figcaption><\/figure>\n<p>Gli organizzatori hanno potuto contare ancora una volta sull'ospitalit\u00e0 di B\u00fchler AG per il secondo Greenovation Summit. Naturalmente, \u00e8 stato l'amministratore delegato Stefan Scheiber a far entrare gli ospiti nell'atmosfera della conferenza. Nel suo discorso di apertura, ha ripercorso un\u00ab\u00bbestate burrascosa\": da un lato, si \u00e8 dovuto piangere la morte del patron Urs B\u00fchler e riconoscere gli aumenti tariffari per le esportazioni negli Stati Uniti. D'altro canto, l'azienda ha anche potuto festeggiare il successo degli apprendisti di SwissSkills. Nonostante i venti contrari in termini di sostenibilit\u00e0, B\u00fchler, in quanto leader del mercato globale della lavorazione dei cereali, vuole continuare ad assumersi la responsabilit\u00e0 della protezione del clima e dell'innovazione, come ha sottolineato Stefan Scheiber.<\/p>\n<h3><strong>Gestione per i nipoti<\/strong><\/h3>\n<p>Il programma \u00e8 iniziato con la presentazione di Pascal Loepfe-Br\u00fcgger, CEO di Appenzeller Alpenbitter AG. Egli ha sostituito il termine \u00absostenibilit\u00e0\u00bb con \u00abidoneit\u00e0 per i nipoti\u00bb. Per lui, fare impresa in modo responsabile significa agire a lungo termine e in modo intergenerazionale. \u00abPer noi un trimestre dura 25 anni, non tre mesi\u00bb, afferma Loepfe-Br\u00fcgger. Con progetti come il nuovo magazzino a scaffali alti realizzato con il legno dell'azienda, che riduce notevolmente i percorsi di trasporto, e una politica finanziaria stabile, ha dimostrato come il pensiero ecologico, sociale ed economico lavorino insieme. Anche durante la pandemia, i dipendenti sono stati mantenuti e la fiducia \u00e8 stata rafforzata: valori che rimangono centrali per Loepfe-Br\u00fcgger.<\/p>\n<p>Marc Stoffel di 42 Hacks AG ha poi presentato approcci innovativi alla mobilit\u00e0 sostenibile. La start-up, organizzata come cooperativa, sviluppa soluzioni basate sui dati per ottimizzare il traffico dei pendolari e consentire ad aziende come B\u00fchler e Stadler di ottenere una mobilit\u00e0 rispettosa del clima. L'intelligenza artificiale analizza i dati relativi agli spostamenti e mostra come sia possibile rendere gli spostamenti pi\u00f9 efficienti e rispettosi dell'ambiente. I dati mostrano che solo pochi grandi datori di lavoro sono responsabili della maggior parte del traffico pendolare. Hanno quindi un effetto leva particolarmente importante quando si tratta di ridurre il traffico.<\/p>\n<figure id=\"attachment_41584\" aria-describedby=\"caption-attachment-41584\" style=\"width: 680px\" class=\"wp-caption alignnone\"><img loading=\"lazy\" decoding=\"async\" class=\"size-full wp-image-41584\" src=\"https:\/\/www.organisator.ch\/wp-content\/uploads\/2025\/10\/Von-Enkeltauglichkeit-bis-zu-digitalen-Models-2_Organisator.jpg\" alt=\"\" width=\"680\" height=\"463\" srcset=\"https:\/\/www.organisator.ch\/wp-content\/uploads\/2025\/10\/Von-Enkeltauglichkeit-bis-zu-digitalen-Models-2_Organisator.jpg 680w, https:\/\/www.organisator.ch\/wp-content\/uploads\/2025\/10\/Von-Enkeltauglichkeit-bis-zu-digitalen-Models-2_Organisator-18x12.jpg 18w, https:\/\/www.organisator.ch\/wp-content\/uploads\/2025\/10\/Von-Enkeltauglichkeit-bis-zu-digitalen-Models-2_Organisator-375x255.jpg 375w, https:\/\/www.organisator.ch\/wp-content\/uploads\/2025\/10\/Von-Enkeltauglichkeit-bis-zu-digitalen-Models-2_Organisator-514x350.jpg 514w\" sizes=\"auto, (max-width: 680px) 100vw, 680px\" \/><figcaption id=\"caption-attachment-41584\" class=\"wp-caption-text\">La presentatrice Mona Vetsch e Pascal Loepfe-Br\u00fcgger brindano con l'Appenzeller Alpenbitter. (Foto: Thomas Berner)<\/figcaption><\/figure>\n<h3><strong>Verso un futuro pi\u00f9 verde con l'innovazione<\/strong><\/h3>\n<p>Nel <em>Sessioni di approfondimento<\/em> Gli esperti hanno presentato idee pratiche: Ina Walthert di <em>AMAG<\/em> ha illustrato il percorso dell'azienda automobilistica verso la neutralit\u00e0 climatica entro il 2040, anche attraverso il fotovoltaico, il riciclo delle batterie e la ricarica bidirezionale. Christian Locher dell'Universit\u00e0 di Scienze Applicate OST ha promosso il \u00abDesign per la sostenibilit\u00e0\u00bb, un concetto basato sulla semplicit\u00e0 funzionale piuttosto che sullo stile di breve durata. Martin Bachofner della Fondazione Pestalozzi per l'infanzia ha sottolineato che la sostenibilit\u00e0 sociale non deve essere trascurata: L'educazione e la responsabilit\u00e0 personale sono la chiave per un futuro equo.<\/p>\n<p>Nella seconda parte della presentazione, Sascha Rohner di FrugalTec AG ha presentato una soluzione a risparmio di risorse per l'incombente crisi alimentare globale con il suo concetto di agricoltura verticale. I sistemi modulari e riciclabili sono progettati per risparmiare acqua, energia e spazio, in linea con il motto: \u00abCreare pi\u00f9 valore con meno risorse\u00bb. Ha fatto un confronto: 8.500 piante coltivate in verticale richiedono circa 17.000 litri d'acqua all'anno e 20 m2 di spazio. Coltivate in modo convenzionale, queste piante richiederebbero circa 700 m2 di spazio e utilizzerebbero 170.000 litri d'acqua all'anno. Nonostante gli evidenti vantaggi dell'agricoltura verticale, Sascha Rohner afferma che attualmente \u00e8 difficile trovare investitori per scalare l'attivit\u00e0 in modo efficace.<\/p>\n<p>Infine, Andrea Riege, cofondatrice di <em>AI-COM.ch<\/em>, ha fornito indicazioni sul futuro dell'industria creativa supportata dall'intelligenza artificiale. L'esempio di una modella digitale ha illustrato come l'intelligenza artificiale stia fondendo sempre pi\u00f9 il lavoro reale e le identit\u00e0 digitali. \u00c8 ora possibile creare un \u00abgemello digitale\u00bb di una modella reale che pu\u00f2 essere utilizzato ovunque nel mondo per servizi di moda realistici. Secondo Andrea Riege, la potenza di calcolo necessaria a questo scopo \u00e8 anche ecologicamente sproporzionata rispetto al costo di un servizio fotografico \u00abreale\u00bb.<\/p>\n<figure id=\"attachment_41585\" aria-describedby=\"caption-attachment-41585\" style=\"width: 680px\" class=\"wp-caption alignnone\"><img loading=\"lazy\" decoding=\"async\" class=\"size-full wp-image-41585\" src=\"https:\/\/www.organisator.ch\/wp-content\/uploads\/2025\/10\/Von-Enkeltauglichkeit-bis-zu-digitalen-Models-3_Organisator.jpg\" alt=\"\" width=\"680\" height=\"471\" srcset=\"https:\/\/www.organisator.ch\/wp-content\/uploads\/2025\/10\/Von-Enkeltauglichkeit-bis-zu-digitalen-Models-3_Organisator.jpg 680w, https:\/\/www.organisator.ch\/wp-content\/uploads\/2025\/10\/Von-Enkeltauglichkeit-bis-zu-digitalen-Models-3_Organisator-18x12.jpg 18w, https:\/\/www.organisator.ch\/wp-content\/uploads\/2025\/10\/Von-Enkeltauglichkeit-bis-zu-digitalen-Models-3_Organisator-375x260.jpg 375w, https:\/\/www.organisator.ch\/wp-content\/uploads\/2025\/10\/Von-Enkeltauglichkeit-bis-zu-digitalen-Models-3_Organisator-505x350.jpg 505w\" sizes=\"auto, (max-width: 680px) 100vw, 680px\" \/><figcaption id=\"caption-attachment-41585\" class=\"wp-caption-text\">L'azienda Matica AG \u00e8 stata premiata con il Greenovation Award nella categoria \u201eProdotti\u201c. (Immagine: Thomas Berner)<\/figcaption><\/figure>\n<h3><strong>Premio Greenovation come punto finale<\/strong><\/h3>\n<p>Il vertice si \u00e8 concluso con la consegna dei Greenovation Awards ad aziende particolarmente innovative. Le aziende premiate sono state Matica AG, per lo sviluppo di un sistema di <a href=\"https:\/\/www.organisator.ch\/de\/sustainability\/2025-09-12\/nachhaltiges-energiemanagement-mit-sorptionswaermespeicher\/\">Soluzione di stoccaggio per l'energia solare<\/a> (categoria \u00abProdotti\u00bb), Skat Consulting nella categoria \u00abServizi\u00bb e il gi\u00e0 citato 42 Hacks nella categoria \u00abProgetti\u00bb. Sia l'organizzatore Galledia Event AG che la moderatrice Mona Vetsch hanno sottolineato la natura pratica dell'evento: l'obiettivo non era solo quello di ispirare, ma anche di realizzare idee concrete per un'economia a misura di nipote e un futuro degno di essere vissuto.<\/p>\n<p><em>Ulteriori informazioni: <a href=\"https:\/\/www.greenovation-summit.ch\/\">Vertice Greenovation<\/a><\/em><\/p>","protected":false},"excerpt":{"rendered":"<p>Il 23 ottobre 2025, presso il Cubic Innovation Center di B\u00fchler AG a Uzwil, si \u00e8 svolta la seconda edizione del Greenovation Summit, una conferenza sulla sostenibilit\u00e0 per i responsabili delle PMI della Svizzera orientale. <\/p>","protected":false},"author":4,"featured_media":41583,"comment_status":"closed","ping_status":"closed","sticky":false,"template":"","format":"standard","meta":{"_acf_changed":false,"_yoast_wpseo_focuskw":"Enkeltauglichkeit","_yoast_wpseo_metadesc":"Am 23. Oktober 2025 fand im Cubic Innovation Center der B\u00fchler AG in Uzwil der zweite Greenovation Summit statt.","articlekey":"","footnotes":""},"categories":[580],"tags":[193,4508,358],"class_list":["post-41582","post","type-post","status-publish","format-standard","has-post-thumbnail","hentry","category-sustainability","tag-fachkongressfachmesse","tag-greenovation-summit","tag-nachhaltige-wirtschaft"],"acf":[],"yoast_head":"<!-- This site is optimized with the Yoast SEO plugin v27.5 - https:\/\/yoast.com\/product\/yoast-seo-wordpress\/ -->\n<title>Von Enkeltauglichkeit bis zu digitalen Models - Organisator<\/title>\n<meta name=\"description\" content=\"Am 23. Oktober 2025 fand im Cubic Innovation Center der B\u00fchler AG in Uzwil der zweite Greenovation Summit statt.\" \/>\n<meta name=\"robots\" content=\"index, follow, max-snippet:-1, max-image-preview:large, max-video-preview:-1\" \/>\n<link rel=\"canonical\" href=\"https:\/\/www.organisator.ch\/it\/sostenibilita\/2025-10-29\/von-enkeltauglichkeit-bis-zu-digitalen-models\/\" \/>\n<meta property=\"og:locale\" content=\"it_IT\" \/>\n<meta property=\"og:type\" content=\"article\" \/>\n<meta property=\"og:title\" content=\"Von Enkeltauglichkeit bis zu digitalen Models\" \/>\n<meta property=\"og:description\" content=\"Am 23. Oktober 2025 fand im Cubic Innovation Center der B\u00fchler AG in Uzwil der zweite Greenovation Summit statt.\" \/>\n<meta property=\"og:url\" content=\"https:\/\/www.organisator.ch\/it\/sostenibilita\/2025-10-29\/von-enkeltauglichkeit-bis-zu-digitalen-models\/\" \/>\n<meta property=\"og:site_name\" content=\"Organisator\" \/>\n<meta property=\"article:publisher\" content=\"https:\/\/www.facebook.com\/OrganisatorFachmagazin\" \/>\n<meta property=\"article:published_time\" content=\"2025-10-29T07:53:26+00:00\" \/>\n<meta property=\"article:modified_time\" content=\"2025-10-29T07:59:12+00:00\" \/>\n<meta property=\"og:image\" content=\"https:\/\/www.organisator.ch\/wp-content\/uploads\/2025\/10\/Von-Enkeltauglichkeit-bis-zu-digitalen-Models-1_Organisator.jpg\" \/>\n\t<meta property=\"og:image:width\" content=\"680\" \/>\n\t<meta property=\"og:image:height\" content=\"510\" \/>\n\t<meta property=\"og:image:type\" content=\"image\/jpeg\" \/>\n<meta name=\"author\" content=\"thomas.berner\" \/>\n<meta name=\"twitter:card\" content=\"summary_large_image\" \/>\n<meta name=\"twitter:title\" content=\"Von #Enkeltauglichkeit bis zu digitalen Models\" \/>\n<meta name=\"twitter:description\" content=\"Am 23. Oktober 2025 fand im Cubic Innovation Center der #B\u00fchler AG in Uzwil der zweite #Greenovation Summit statt.\" \/>\n<meta name=\"twitter:image\" content=\"https:\/\/www.organisator.ch\/wp-content\/uploads\/2025\/10\/Von-Enkeltauglichkeit-bis-zu-digitalen-Models-1_Organisator.jpg\" \/>\n<script type=\"application\/ld+json\" class=\"yoast-schema-graph\">{\"@context\":\"https:\\\/\\\/schema.org\",\"@graph\":[{\"@type\":\"Article\",\"@id\":\"https:\\\/\\\/www.organisator.ch\\\/sustainability\\\/2025-10-29\\\/von-enkeltauglichkeit-bis-zu-digitalen-models\\\/#article\",\"isPartOf\":{\"@id\":\"https:\\\/\\\/www.organisator.ch\\\/sustainability\\\/2025-10-29\\\/von-enkeltauglichkeit-bis-zu-digitalen-models\\\/\"},\"author\":{\"name\":\"thomas.berner\",\"@id\":\"https:\\\/\\\/www.organisator.ch\\\/#\\\/schema\\\/person\\\/6f650f90b2842cd4c0cc334b4e36f67e\"},\"headline\":\"Von Enkeltauglichkeit bis zu digitalen Models\",\"datePublished\":\"2025-10-29T07:53:26+00:00\",\"dateModified\":\"2025-10-29T07:59:12+00:00\",\"mainEntityOfPage\":{\"@id\":\"https:\\\/\\\/www.organisator.ch\\\/sustainability\\\/2025-10-29\\\/von-enkeltauglichkeit-bis-zu-digitalen-models\\\/\"},\"wordCount\":756,\"publisher\":{\"@id\":\"https:\\\/\\\/www.organisator.ch\\\/#organization\"},\"image\":{\"@id\":\"https:\\\/\\\/www.organisator.ch\\\/sustainability\\\/2025-10-29\\\/von-enkeltauglichkeit-bis-zu-digitalen-models\\\/#primaryimage\"},\"thumbnailUrl\":\"https:\\\/\\\/www.organisator.ch\\\/wp-content\\\/uploads\\\/2025\\\/10\\\/Von-Enkeltauglichkeit-bis-zu-digitalen-Models-1_Organisator.jpg\",\"keywords\":[\"Fachkongress\\\/Fachmesse\",\"Greenovation Summit\",\"Nachhaltige Wirtschaft\"],\"articleSection\":[\"SUSTAINABILITY\"],\"inLanguage\":\"it-IT\"},{\"@type\":\"WebPage\",\"@id\":\"https:\\\/\\\/www.organisator.ch\\\/sustainability\\\/2025-10-29\\\/von-enkeltauglichkeit-bis-zu-digitalen-models\\\/\",\"url\":\"https:\\\/\\\/www.organisator.ch\\\/sustainability\\\/2025-10-29\\\/von-enkeltauglichkeit-bis-zu-digitalen-models\\\/\",\"name\":\"Von Enkeltauglichkeit bis zu digitalen Models - Organisator\",\"isPartOf\":{\"@id\":\"https:\\\/\\\/www.organisator.ch\\\/#website\"},\"primaryImageOfPage\":{\"@id\":\"https:\\\/\\\/www.organisator.ch\\\/sustainability\\\/2025-10-29\\\/von-enkeltauglichkeit-bis-zu-digitalen-models\\\/#primaryimage\"},\"image\":{\"@id\":\"https:\\\/\\\/www.organisator.ch\\\/sustainability\\\/2025-10-29\\\/von-enkeltauglichkeit-bis-zu-digitalen-models\\\/#primaryimage\"},\"thumbnailUrl\":\"https:\\\/\\\/www.organisator.ch\\\/wp-content\\\/uploads\\\/2025\\\/10\\\/Von-Enkeltauglichkeit-bis-zu-digitalen-Models-1_Organisator.jpg\",\"datePublished\":\"2025-10-29T07:53:26+00:00\",\"dateModified\":\"2025-10-29T07:59:12+00:00\",\"description\":\"Am 23. Oktober 2025 fand im Cubic Innovation Center der B\u00fchler AG in Uzwil der zweite Greenovation Summit statt.\",\"breadcrumb\":{\"@id\":\"https:\\\/\\\/www.organisator.ch\\\/sustainability\\\/2025-10-29\\\/von-enkeltauglichkeit-bis-zu-digitalen-models\\\/#breadcrumb\"},\"inLanguage\":\"it-IT\",\"potentialAction\":[{\"@type\":\"ReadAction\",\"target\":[\"https:\\\/\\\/www.organisator.ch\\\/sustainability\\\/2025-10-29\\\/von-enkeltauglichkeit-bis-zu-digitalen-models\\\/\"]}]},{\"@type\":\"ImageObject\",\"inLanguage\":\"it-IT\",\"@id\":\"https:\\\/\\\/www.organisator.ch\\\/sustainability\\\/2025-10-29\\\/von-enkeltauglichkeit-bis-zu-digitalen-models\\\/#primaryimage\",\"url\":\"https:\\\/\\\/www.organisator.ch\\\/wp-content\\\/uploads\\\/2025\\\/10\\\/Von-Enkeltauglichkeit-bis-zu-digitalen-Models-1_Organisator.jpg\",\"contentUrl\":\"https:\\\/\\\/www.organisator.ch\\\/wp-content\\\/uploads\\\/2025\\\/10\\\/Von-Enkeltauglichkeit-bis-zu-digitalen-Models-1_Organisator.jpg\",\"width\":680,\"height\":510,\"caption\":\"Die zweite Durchf\u00fchrung des Greenovation Summits fand am 23. Oktober 2025 statt. (Bild: Thomas Berner)\"},{\"@type\":\"BreadcrumbList\",\"@id\":\"https:\\\/\\\/www.organisator.ch\\\/sustainability\\\/2025-10-29\\\/von-enkeltauglichkeit-bis-zu-digitalen-models\\\/#breadcrumb\",\"itemListElement\":[{\"@type\":\"ListItem\",\"position\":1,\"name\":\"Home\",\"item\":\"https:\\\/\\\/www.organisator.ch\\\/\"},{\"@type\":\"ListItem\",\"position\":2,\"name\":\"Von Enkeltauglichkeit bis zu digitalen Models\"}]},{\"@type\":\"WebSite\",\"@id\":\"https:\\\/\\\/www.organisator.ch\\\/#website\",\"url\":\"https:\\\/\\\/www.organisator.ch\\\/\",\"name\":\"Organisator\",\"description\":\"Kompetent. Praxisnah. Der ORGANISATOR bereitet in 10 Ausgaben pro Jahr die wesentlichen Themen f\u00fcr F\u00fchrungskr\u00e4fte von KMU auf.\",\"publisher\":{\"@id\":\"https:\\\/\\\/www.organisator.ch\\\/#organization\"},\"potentialAction\":[{\"@type\":\"SearchAction\",\"target\":{\"@type\":\"EntryPoint\",\"urlTemplate\":\"https:\\\/\\\/www.organisator.ch\\\/?s={search_term_string}\"},\"query-input\":{\"@type\":\"PropertyValueSpecification\",\"valueRequired\":true,\"valueName\":\"search_term_string\"}}],\"inLanguage\":\"it-IT\"},{\"@type\":\"Organization\",\"@id\":\"https:\\\/\\\/www.organisator.ch\\\/#organization\",\"name\":\"Organisator\",\"url\":\"https:\\\/\\\/www.organisator.ch\\\/\",\"logo\":{\"@type\":\"ImageObject\",\"inLanguage\":\"it-IT\",\"@id\":\"https:\\\/\\\/www.organisator.ch\\\/#\\\/schema\\\/logo\\\/image\\\/\",\"url\":\"https:\\\/\\\/www.organisator.ch\\\/wp-content\\\/uploads\\\/2022\\\/01\\\/Logo_Organisator_Website.png\",\"contentUrl\":\"https:\\\/\\\/www.organisator.ch\\\/wp-content\\\/uploads\\\/2022\\\/01\\\/Logo_Organisator_Website.png\",\"width\":800,\"height\":77,\"caption\":\"Organisator\"},\"image\":{\"@id\":\"https:\\\/\\\/www.organisator.ch\\\/#\\\/schema\\\/logo\\\/image\\\/\"},\"sameAs\":[\"https:\\\/\\\/www.facebook.com\\\/OrganisatorFachmagazin\",\"https:\\\/\\\/www.linkedin.com\\\/showcase\\\/organisator-das-magazin-fr-kmu\",\"https:\\\/\\\/www.xing.com\\\/news\\\/pages\\\/organisator-ch-695\",\"https:\\\/\\\/www.youtube.com\\\/channel\\\/UCGP2Sq0iWaZwT3BdIAQFYpw\"]},{\"@type\":\"Person\",\"@id\":\"https:\\\/\\\/www.organisator.ch\\\/#\\\/schema\\\/person\\\/6f650f90b2842cd4c0cc334b4e36f67e\",\"name\":\"thomas.berner\",\"image\":{\"@type\":\"ImageObject\",\"inLanguage\":\"it-IT\",\"@id\":\"https:\\\/\\\/secure.gravatar.com\\\/avatar\\\/ac5001d2a36cb6c6cd3e50789007ffca834b477b74a2144564522e944eabff61?s=96&d=mm&r=g\",\"url\":\"https:\\\/\\\/secure.gravatar.com\\\/avatar\\\/ac5001d2a36cb6c6cd3e50789007ffca834b477b74a2144564522e944eabff61?s=96&d=mm&r=g\",\"contentUrl\":\"https:\\\/\\\/secure.gravatar.com\\\/avatar\\\/ac5001d2a36cb6c6cd3e50789007ffca834b477b74a2144564522e944eabff61?s=96&d=mm&r=g\",\"caption\":\"thomas.berner\"},\"url\":\"https:\\\/\\\/www.organisator.ch\\\/it\\\/author\\\/thomas-berner\\\/\"}]}<\/script>\n<!-- \/ Yoast SEO plugin. -->","yoast_head_json":{"title":"Dall'idoneit\u00e0 per i nipoti ai modelli digitali - Organizzatore","description":"Il secondo Greenovation Summit si \u00e8 svolto il 23 ottobre 2025 presso il Cubic Innovation Center di B\u00fchler AG a Uzwil.","robots":{"index":"index","follow":"follow","max-snippet":"max-snippet:-1","max-image-preview":"max-image-preview:large","max-video-preview":"max-video-preview:-1"},"canonical":"https:\/\/www.organisator.ch\/it\/sostenibilita\/2025-10-29\/von-enkeltauglichkeit-bis-zu-digitalen-models\/","og_locale":"it_IT","og_type":"article","og_title":"Von Enkeltauglichkeit bis zu digitalen Models","og_description":"Am 23. Oktober 2025 fand im Cubic Innovation Center der B\u00fchler AG in Uzwil der zweite Greenovation Summit statt.","og_url":"https:\/\/www.organisator.ch\/it\/sostenibilita\/2025-10-29\/von-enkeltauglichkeit-bis-zu-digitalen-models\/","og_site_name":"Organisator","article_publisher":"https:\/\/www.facebook.com\/OrganisatorFachmagazin","article_published_time":"2025-10-29T07:53:26+00:00","article_modified_time":"2025-10-29T07:59:12+00:00","og_image":[{"width":680,"height":510,"url":"https:\/\/www.organisator.ch\/wp-content\/uploads\/2025\/10\/Von-Enkeltauglichkeit-bis-zu-digitalen-Models-1_Organisator.jpg","type":"image\/jpeg"}],"author":"thomas.berner","twitter_card":"summary_large_image","twitter_title":"Von #Enkeltauglichkeit bis zu digitalen Models","twitter_description":"Am 23. Oktober 2025 fand im Cubic Innovation Center der #B\u00fchler AG in Uzwil der zweite #Greenovation Summit statt.","twitter_image":"https:\/\/www.organisator.ch\/wp-content\/uploads\/2025\/10\/Von-Enkeltauglichkeit-bis-zu-digitalen-Models-1_Organisator.jpg","schema":{"@context":"https:\/\/schema.org","@graph":[{"@type":"Article","@id":"https:\/\/www.organisator.ch\/sustainability\/2025-10-29\/von-enkeltauglichkeit-bis-zu-digitalen-models\/#article","isPartOf":{"@id":"https:\/\/www.organisator.ch\/sustainability\/2025-10-29\/von-enkeltauglichkeit-bis-zu-digitalen-models\/"},"author":{"name":"thomas.berner","@id":"https:\/\/www.organisator.ch\/#\/schema\/person\/6f650f90b2842cd4c0cc334b4e36f67e"},"headline":"Von Enkeltauglichkeit bis zu digitalen Models","datePublished":"2025-10-29T07:53:26+00:00","dateModified":"2025-10-29T07:59:12+00:00","mainEntityOfPage":{"@id":"https:\/\/www.organisator.ch\/sustainability\/2025-10-29\/von-enkeltauglichkeit-bis-zu-digitalen-models\/"},"wordCount":756,"publisher":{"@id":"https:\/\/www.organisator.ch\/#organization"},"image":{"@id":"https:\/\/www.organisator.ch\/sustainability\/2025-10-29\/von-enkeltauglichkeit-bis-zu-digitalen-models\/#primaryimage"},"thumbnailUrl":"https:\/\/www.organisator.ch\/wp-content\/uploads\/2025\/10\/Von-Enkeltauglichkeit-bis-zu-digitalen-Models-1_Organisator.jpg","keywords":["Fachkongress\/Fachmesse","Greenovation Summit","Nachhaltige Wirtschaft"],"articleSection":["SUSTAINABILITY"],"inLanguage":"it-IT"},{"@type":"WebPage","@id":"https:\/\/www.organisator.ch\/sustainability\/2025-10-29\/von-enkeltauglichkeit-bis-zu-digitalen-models\/","url":"https:\/\/www.organisator.ch\/sustainability\/2025-10-29\/von-enkeltauglichkeit-bis-zu-digitalen-models\/","name":"Dall'idoneit\u00e0 per i nipoti ai modelli digitali - Organizzatore","isPartOf":{"@id":"https:\/\/www.organisator.ch\/#website"},"primaryImageOfPage":{"@id":"https:\/\/www.organisator.ch\/sustainability\/2025-10-29\/von-enkeltauglichkeit-bis-zu-digitalen-models\/#primaryimage"},"image":{"@id":"https:\/\/www.organisator.ch\/sustainability\/2025-10-29\/von-enkeltauglichkeit-bis-zu-digitalen-models\/#primaryimage"},"thumbnailUrl":"https:\/\/www.organisator.ch\/wp-content\/uploads\/2025\/10\/Von-Enkeltauglichkeit-bis-zu-digitalen-Models-1_Organisator.jpg","datePublished":"2025-10-29T07:53:26+00:00","dateModified":"2025-10-29T07:59:12+00:00","description":"Il secondo Greenovation Summit si \u00e8 svolto il 23 ottobre 2025 presso il Cubic Innovation Center di B\u00fchler AG a Uzwil.","breadcrumb":{"@id":"https:\/\/www.organisator.ch\/sustainability\/2025-10-29\/von-enkeltauglichkeit-bis-zu-digitalen-models\/#breadcrumb"},"inLanguage":"it-IT","potentialAction":[{"@type":"ReadAction","target":["https:\/\/www.organisator.ch\/sustainability\/2025-10-29\/von-enkeltauglichkeit-bis-zu-digitalen-models\/"]}]},{"@type":"ImageObject","inLanguage":"it-IT","@id":"https:\/\/www.organisator.ch\/sustainability\/2025-10-29\/von-enkeltauglichkeit-bis-zu-digitalen-models\/#primaryimage","url":"https:\/\/www.organisator.ch\/wp-content\/uploads\/2025\/10\/Von-Enkeltauglichkeit-bis-zu-digitalen-Models-1_Organisator.jpg","contentUrl":"https:\/\/www.organisator.ch\/wp-content\/uploads\/2025\/10\/Von-Enkeltauglichkeit-bis-zu-digitalen-Models-1_Organisator.jpg","width":680,"height":510,"caption":"Die zweite Durchf\u00fchrung des Greenovation Summits fand am 23. Oktober 2025 statt. (Bild: Thomas Berner)"},{"@type":"BreadcrumbList","@id":"https:\/\/www.organisator.ch\/sustainability\/2025-10-29\/von-enkeltauglichkeit-bis-zu-digitalen-models\/#breadcrumb","itemListElement":[{"@type":"ListItem","position":1,"name":"Home","item":"https:\/\/www.organisator.ch\/"},{"@type":"ListItem","position":2,"name":"Von Enkeltauglichkeit bis zu digitalen Models"}]},{"@type":"WebSite","@id":"https:\/\/www.organisator.ch\/#website","url":"https:\/\/www.organisator.ch\/","name":"Organizzatore","description":"Competente. Pratico. In 10 numeri all'anno, ORGANISATOR presenta i temi essenziali per i manager delle PMI.","publisher":{"@id":"https:\/\/www.organisator.ch\/#organization"},"potentialAction":[{"@type":"SearchAction","target":{"@type":"EntryPoint","urlTemplate":"https:\/\/www.organisator.ch\/?s={search_term_string}"},"query-input":{"@type":"PropertyValueSpecification","valueRequired":true,"valueName":"search_term_string"}}],"inLanguage":"it-IT"},{"@type":"Organization","@id":"https:\/\/www.organisator.ch\/#organization","name":"Organizzatore","url":"https:\/\/www.organisator.ch\/","logo":{"@type":"ImageObject","inLanguage":"it-IT","@id":"https:\/\/www.organisator.ch\/#\/schema\/logo\/image\/","url":"https:\/\/www.organisator.ch\/wp-content\/uploads\/2022\/01\/Logo_Organisator_Website.png","contentUrl":"https:\/\/www.organisator.ch\/wp-content\/uploads\/2022\/01\/Logo_Organisator_Website.png","width":800,"height":77,"caption":"Organisator"},"image":{"@id":"https:\/\/www.organisator.ch\/#\/schema\/logo\/image\/"},"sameAs":["https:\/\/www.facebook.com\/OrganisatorFachmagazin","https:\/\/www.linkedin.com\/showcase\/organisator-das-magazin-fr-kmu","https:\/\/www.xing.com\/news\/pages\/organisator-ch-695","https:\/\/www.youtube.com\/channel\/UCGP2Sq0iWaZwT3BdIAQFYpw"]},{"@type":"Person","@id":"https:\/\/www.organisator.ch\/#\/schema\/person\/6f650f90b2842cd4c0cc334b4e36f67e","name":"Tommaso.berner","image":{"@type":"ImageObject","inLanguage":"it-IT","@id":"https:\/\/secure.gravatar.com\/avatar\/ac5001d2a36cb6c6cd3e50789007ffca834b477b74a2144564522e944eabff61?s=96&d=mm&r=g","url":"https:\/\/secure.gravatar.com\/avatar\/ac5001d2a36cb6c6cd3e50789007ffca834b477b74a2144564522e944eabff61?s=96&d=mm&r=g","contentUrl":"https:\/\/secure.gravatar.com\/avatar\/ac5001d2a36cb6c6cd3e50789007ffca834b477b74a2144564522e944eabff61?s=96&d=mm&r=g","caption":"thomas.berner"},"url":"https:\/\/www.organisator.ch\/it\/author\/thomas-berner\/"}]}},"_links":{"self":[{"href":"https:\/\/www.organisator.ch\/it\/wp-json\/wp\/v2\/posts\/41582","targetHints":{"allow":["GET"]}}],"collection":[{"href":"https:\/\/www.organisator.ch\/it\/wp-json\/wp\/v2\/posts"}],"about":[{"href":"https:\/\/www.organisator.ch\/it\/wp-json\/wp\/v2\/types\/post"}],"author":[{"embeddable":true,"href":"https:\/\/www.organisator.ch\/it\/wp-json\/wp\/v2\/users\/4"}],"replies":[{"embeddable":true,"href":"https:\/\/www.organisator.ch\/it\/wp-json\/wp\/v2\/comments?post=41582"}],"version-history":[{"count":3,"href":"https:\/\/www.organisator.ch\/it\/wp-json\/wp\/v2\/posts\/41582\/revisions"}],"predecessor-version":[{"id":41587,"href":"https:\/\/www.organisator.ch\/it\/wp-json\/wp\/v2\/posts\/41582\/revisions\/41587"}],"wp:featuredmedia":[{"embeddable":true,"href":"https:\/\/www.organisator.ch\/it\/wp-json\/wp\/v2\/media\/41583"}],"wp:attachment":[{"href":"https:\/\/www.organisator.ch\/it\/wp-json\/wp\/v2\/media?parent=41582"}],"wp:term":[{"taxonomy":"category","embeddable":true,"href":"https:\/\/www.organisator.ch\/it\/wp-json\/wp\/v2\/categories?post=41582"},{"taxonomy":"post_tag","embeddable":true,"href":"https:\/\/www.organisator.ch\/it\/wp-json\/wp\/v2\/tags?post=41582"}],"curies":[{"name":"wp","href":"https:\/\/api.w.org\/{rel}","templated":true}]}}