{"id":41612,"date":"2025-10-29T14:24:39","date_gmt":"2025-10-29T13:24:39","guid":{"rendered":"https:\/\/www.markt-kom.com\/?p=244713"},"modified":"2025-10-30T08:25:32","modified_gmt":"2025-10-30T07:25:32","slug":"pro-alps-verleiht-sbb-cargo-einen-schmaehpreis","status":"publish","type":"post","link":"https:\/\/www.organisator.ch\/it\/operational-excellence\/2025-10-29\/pro-alps-verleiht-sbb-cargo-einen-schmaehpreis\/","title":{"rendered":"Pro Alps premia FFS Cargo con un'invettiva\u00a0"},"content":{"rendered":"<h3><img class=\"alignnone size-medium wp-image-244714\" src=\"https:\/\/www.markt-kom.com\/wp-content\/uploads\/2025\/10\/Bildschirmfoto-2025-10-29-um-14.22.21-600x365.png\" sizes=\"(max-width: 600px) 100vw, 600px\" srcset=\"https:\/\/www.markt-kom.com\/wp-content\/uploads\/2025\/10\/Bildschirmfoto-2025-10-29-um-14.22.21-600x365.png 600w, https:\/\/www.markt-kom.com\/wp-content\/uploads\/2025\/10\/Bildschirmfoto-2025-10-29-um-14.22.21-18x12.png 18w, https:\/\/www.markt-kom.com\/wp-content\/uploads\/2025\/10\/Bildschirmfoto-2025-10-29-um-14.22.21-288x175.png 288w, https:\/\/www.markt-kom.com\/wp-content\/uploads\/2025\/10\/Bildschirmfoto-2025-10-29-um-14.22.21-576x350.png 576w, https:\/\/www.markt-kom.com\/wp-content\/uploads\/2025\/10\/Bildschirmfoto-2025-10-29-um-14.22.21.png 688w\" alt=\"\" width=\"600\" height=\"365\" \/><\/h3>\r\n<p>FFS Cargo \u00e8 in perdita e da anni \u00e8 considerata un freno per il Gruppo FFS. Con l'attuale programma di riduzione, Alexander Muhm, responsabile del trasporto merci delle FFS dal 2023, sottolinea la visione delle FFS sul futuro ruolo della ferrovia nel trasporto merci svizzero: conta solo la redditivit\u00e0 e si accetta deliberatamente un maggior numero di camion sulle strade svizzere. Tuttavia, questo calcolo \u00e8 in contraddizione con gli interessi della popolazione e con gli obiettivi della politica svizzera dei trasporti. Per questo motivo, mercoled\u00ec mattina, la direzione di FFS Cargo ha ricevuto la \u00abPietra del Diavolo\u00bb davanti alla sede centrale di Olten.<\/p>\r\n<h3><strong>Centinaia di milioni di euro in sussidi e ancora tagli<\/strong><\/h3>\r\n<p>Nell'ambito della revisione della legge sul trasporto merci (G\u00fcTG) nella primavera del 2025, i politici hanno concesso centinaia di milioni di franchi di sovvenzioni a FFS Cargo per promuovere e rafforzare il trasporto merci su rotaia in Svizzera nei prossimi otto anni. Si tratta di un chiaro mandato. Tuttavia, Muhm sta ancora cercando di conciliare due posizioni opposte: Prende centinaia di milioni di franchi di denaro dei contribuenti - destinati a rafforzare le ferrovie - e allo stesso tempo dichiara che questo non \u00e8 legato a un mandato per spostare il trasporto merci nazionale e sta tagliando. Un equilibrismo insensato che Pro Alpi critica aspramente.<\/p>\r\n<h3><strong>La mozione chiede il mantenimento dei servizi FFS Cargo<\/strong><\/h3>\r\n<p>Anche in politica si fanno sentire voci che non sono favorevoli al percorso intrapreso da Muhm e Co. Nella sessione autunnale, Eva Herzog, membro del Consiglio degli Stati di Basilea, ha presentato una mozione 25.4147 volta a salvaguardare il livello di prestazioni di FFS Cargo e a mantenere la rete centrale nel trasporto combinato di merci. La mozione \u00e8 stata cofirmata da importanti rappresentanti di tutti i partiti del Consiglio federale. Pro Alps continuer\u00e0 a battersi per l'approvazione di questa mozione.<\/p>\r\n<h3>Premio per il linguaggio abusivo per 20 anni<\/h3>\r\n<p>Da oltre 20 anni Pro Alps assegna la \u00abPietra del Diavolo\u00bb per l'insensatezza dei trasporti. La casa madre - le FFS - ha ricevuto il premio gi\u00e0 nel 2018 per una facciata in pietra tedesca, lavorata in Cina e installata su un edificio delle FFS in Europaallee a Zurigo. La consegna odierna del premio da parte della Presidente di Pro Alps, Nara Valsangiacomo, al responsabile del trasporto merci di FFS Cargo, Alexander Muhm, ha quindi avuto un sapore particolare.<\/p>\r\n<p>Nara Valsangiacomo, presidente di Pro Alps, afferma: \u00abIl fatto che non ci sia un mandato di trasferimento per FFS Cargo \u00e8 solo una mezza verit\u00e0. Per quale altro motivo il Parlamento dovrebbe sovvenzionare FFS Cargo se non per mantenere il traffico sulle rotaie e alleggerire le strade?\u00bb. David Roth, membro del consiglio direttivo di Pro Alps e della commissione Trasporti del Consiglio nazionale, aggiunge: \u00abAll'inizio di quest'anno il Parlamento ha stanziato centinaia di milioni di franchi di sovvenzioni per rafforzare il trasporto merci su rotaia in Svizzera. Invece, FFS Cargo sta utilizzando i fondi per finanziare un programma di ridimensionamento. Questo \u00e8 altamente problematico\u00bb.\u00bb<\/p>","protected":false},"excerpt":{"rendered":"<p>FFS Cargo mette a repentaglio il futuro del trasporto merci su rotaia in Svizzera con i suoi tagli. Pro Alps assegna alla direzione di FFS Cargo il premio \u00abPietra del Diavolo\u00bb.\u00a0<\/p>","protected":false},"author":8,"featured_media":0,"comment_status":"closed","ping_status":"closed","sticky":false,"template":"","format":"standard","meta":{"_acf_changed":false,"_yoast_wpseo_focuskw":"Schm\u00e4hpreis","_yoast_wpseo_metadesc":"Mit dem Kahl\u00adschlag gef\u00e4hrde SBB Cargo die Zukunft des Schweizer Schienen\u00adg\u00fcter\u00adverkehrs. Daf\u00fcr erh\u00e4lt sie den Schm\u00e4h\u00adpreis \u00abTeufels\u00adstein\u00bb.","articlekey":"","footnotes":""},"categories":[582],"tags":[66,4345,1337,1677,5636,2055,5637,5640],"class_list":["post-41612","post","type-post","status-publish","format-standard","hentry","category-operational-excellence","tag-awards","tag-business","tag-gueterverkehr","tag-medien","tag-pro-alps","tag-sbb","tag-sbb-cargo","tag-schmaehpreis"],"acf":[],"yoast_head":"<!-- This site is optimized with the Yoast SEO plugin v27.4 - https:\/\/yoast.com\/product\/yoast-seo-wordpress\/ -->\n<title>Pro Alps verleiht SBB Cargo einen Schm\u00e4hpreis\u00a0 - Organisator<\/title>\n<meta name=\"description\" content=\"Mit dem Kahl\u00adschlag gef\u00e4hrde SBB Cargo die Zukunft des Schweizer Schienen\u00adg\u00fcter\u00adverkehrs. Daf\u00fcr erh\u00e4lt sie den Schm\u00e4h\u00adpreis \u00abTeufels\u00adstein\u00bb.\" \/>\n<meta name=\"robots\" content=\"index, follow, max-snippet:-1, max-image-preview:large, max-video-preview:-1\" \/>\n<link rel=\"canonical\" href=\"https:\/\/www.organisator.ch\/it\/eccellenza-operativa\/2025-10-29\/pro-alps-verleiht-sbb-cargo-einen-schmaehpreis\/\" \/>\n<meta property=\"og:locale\" content=\"it_IT\" \/>\n<meta property=\"og:type\" content=\"article\" \/>\n<meta property=\"og:title\" content=\"Pro Alps verleiht SBB Cargo einen Schm\u00e4hpreis\u00a0 - Organisator\" \/>\n<meta property=\"og:description\" content=\"Mit dem Kahl\u00adschlag gef\u00e4hrde SBB Cargo die Zukunft des Schweizer Schienen\u00adg\u00fcter\u00adverkehrs. Daf\u00fcr erh\u00e4lt sie den Schm\u00e4h\u00adpreis \u00abTeufels\u00adstein\u00bb.\" \/>\n<meta property=\"og:url\" content=\"https:\/\/www.organisator.ch\/it\/eccellenza-operativa\/2025-10-29\/pro-alps-verleiht-sbb-cargo-einen-schmaehpreis\/\" \/>\n<meta property=\"og:site_name\" content=\"Organisator\" \/>\n<meta property=\"article:publisher\" content=\"https:\/\/www.facebook.com\/OrganisatorFachmagazin\" \/>\n<meta property=\"article:published_time\" content=\"2025-10-29T13:24:39+00:00\" \/>\n<meta property=\"article:modified_time\" content=\"2025-10-30T07:25:32+00:00\" \/>\n<meta name=\"author\" content=\"galledia\" \/>\n<meta name=\"twitter:card\" content=\"summary_large_image\" \/>\n<meta name=\"twitter:creator\" content=\"@admin\" \/>\n<script type=\"application\/ld+json\" class=\"yoast-schema-graph\">{\"@context\":\"https:\\\/\\\/schema.org\",\"@graph\":[{\"@type\":\"Article\",\"@id\":\"https:\\\/\\\/www.organisator.ch\\\/operational-excellence\\\/2025-10-29\\\/pro-alps-verleiht-sbb-cargo-einen-schmaehpreis\\\/#article\",\"isPartOf\":{\"@id\":\"https:\\\/\\\/www.organisator.ch\\\/operational-excellence\\\/2025-10-29\\\/pro-alps-verleiht-sbb-cargo-einen-schmaehpreis\\\/\"},\"author\":{\"name\":\"galledia\",\"@id\":\"https:\\\/\\\/www.organisator.ch\\\/#\\\/schema\\\/person\\\/4e51799071cd2dd1232ac003643ef5f0\"},\"headline\":\"Pro Alps verleiht SBB Cargo einen Schm\u00e4hpreis\u00a0\",\"datePublished\":\"2025-10-29T13:24:39+00:00\",\"dateModified\":\"2025-10-30T07:25:32+00:00\",\"mainEntityOfPage\":{\"@id\":\"https:\\\/\\\/www.organisator.ch\\\/operational-excellence\\\/2025-10-29\\\/pro-alps-verleiht-sbb-cargo-einen-schmaehpreis\\\/\"},\"wordCount\":524,\"publisher\":{\"@id\":\"https:\\\/\\\/www.organisator.ch\\\/#organization\"},\"image\":{\"@id\":\"https:\\\/\\\/www.organisator.ch\\\/operational-excellence\\\/2025-10-29\\\/pro-alps-verleiht-sbb-cargo-einen-schmaehpreis\\\/#primaryimage\"},\"thumbnailUrl\":\"https:\\\/\\\/www.markt-kom.com\\\/wp-content\\\/uploads\\\/2025\\\/10\\\/Bildschirmfoto-2025-10-29-um-14.22.21-600x365.png\",\"keywords\":[\"Awards\",\"Business\",\"G\u00fcterverkehr\",\"Medien\",\"Pro Alps\",\"SBB\",\"SBB Cargo\",\"Schm\u00e4hpreis\"],\"articleSection\":[\"OPERATIONAL EXCELLENCE\"],\"inLanguage\":\"it-IT\"},{\"@type\":\"WebPage\",\"@id\":\"https:\\\/\\\/www.organisator.ch\\\/operational-excellence\\\/2025-10-29\\\/pro-alps-verleiht-sbb-cargo-einen-schmaehpreis\\\/\",\"url\":\"https:\\\/\\\/www.organisator.ch\\\/operational-excellence\\\/2025-10-29\\\/pro-alps-verleiht-sbb-cargo-einen-schmaehpreis\\\/\",\"name\":\"Pro Alps verleiht SBB Cargo einen Schm\u00e4hpreis\u00a0 - Organisator\",\"isPartOf\":{\"@id\":\"https:\\\/\\\/www.organisator.ch\\\/#website\"},\"primaryImageOfPage\":{\"@id\":\"https:\\\/\\\/www.organisator.ch\\\/operational-excellence\\\/2025-10-29\\\/pro-alps-verleiht-sbb-cargo-einen-schmaehpreis\\\/#primaryimage\"},\"image\":{\"@id\":\"https:\\\/\\\/www.organisator.ch\\\/operational-excellence\\\/2025-10-29\\\/pro-alps-verleiht-sbb-cargo-einen-schmaehpreis\\\/#primaryimage\"},\"thumbnailUrl\":\"https:\\\/\\\/www.markt-kom.com\\\/wp-content\\\/uploads\\\/2025\\\/10\\\/Bildschirmfoto-2025-10-29-um-14.22.21-600x365.png\",\"datePublished\":\"2025-10-29T13:24:39+00:00\",\"dateModified\":\"2025-10-30T07:25:32+00:00\",\"description\":\"Mit dem Kahl\u00adschlag gef\u00e4hrde SBB Cargo die Zukunft des Schweizer Schienen\u00adg\u00fcter\u00adverkehrs. Daf\u00fcr erh\u00e4lt sie den Schm\u00e4h\u00adpreis \u00abTeufels\u00adstein\u00bb.\",\"breadcrumb\":{\"@id\":\"https:\\\/\\\/www.organisator.ch\\\/operational-excellence\\\/2025-10-29\\\/pro-alps-verleiht-sbb-cargo-einen-schmaehpreis\\\/#breadcrumb\"},\"inLanguage\":\"it-IT\",\"potentialAction\":[{\"@type\":\"ReadAction\",\"target\":[\"https:\\\/\\\/www.organisator.ch\\\/operational-excellence\\\/2025-10-29\\\/pro-alps-verleiht-sbb-cargo-einen-schmaehpreis\\\/\"]}]},{\"@type\":\"ImageObject\",\"inLanguage\":\"it-IT\",\"@id\":\"https:\\\/\\\/www.organisator.ch\\\/operational-excellence\\\/2025-10-29\\\/pro-alps-verleiht-sbb-cargo-einen-schmaehpreis\\\/#primaryimage\",\"url\":\"https:\\\/\\\/www.markt-kom.com\\\/wp-content\\\/uploads\\\/2025\\\/10\\\/Bildschirmfoto-2025-10-29-um-14.22.21-600x365.png\",\"contentUrl\":\"https:\\\/\\\/www.markt-kom.com\\\/wp-content\\\/uploads\\\/2025\\\/10\\\/Bildschirmfoto-2025-10-29-um-14.22.21-600x365.png\"},{\"@type\":\"BreadcrumbList\",\"@id\":\"https:\\\/\\\/www.organisator.ch\\\/operational-excellence\\\/2025-10-29\\\/pro-alps-verleiht-sbb-cargo-einen-schmaehpreis\\\/#breadcrumb\",\"itemListElement\":[{\"@type\":\"ListItem\",\"position\":1,\"name\":\"Home\",\"item\":\"https:\\\/\\\/www.organisator.ch\\\/\"},{\"@type\":\"ListItem\",\"position\":2,\"name\":\"Pro Alps verleiht SBB Cargo einen Schm\u00e4hpreis\u00a0\"}]},{\"@type\":\"WebSite\",\"@id\":\"https:\\\/\\\/www.organisator.ch\\\/#website\",\"url\":\"https:\\\/\\\/www.organisator.ch\\\/\",\"name\":\"Organisator\",\"description\":\"Kompetent. Praxisnah. Der ORGANISATOR bereitet in 10 Ausgaben pro Jahr die wesentlichen Themen f\u00fcr F\u00fchrungskr\u00e4fte von KMU auf.\",\"publisher\":{\"@id\":\"https:\\\/\\\/www.organisator.ch\\\/#organization\"},\"potentialAction\":[{\"@type\":\"SearchAction\",\"target\":{\"@type\":\"EntryPoint\",\"urlTemplate\":\"https:\\\/\\\/www.organisator.ch\\\/?s={search_term_string}\"},\"query-input\":{\"@type\":\"PropertyValueSpecification\",\"valueRequired\":true,\"valueName\":\"search_term_string\"}}],\"inLanguage\":\"it-IT\"},{\"@type\":\"Organization\",\"@id\":\"https:\\\/\\\/www.organisator.ch\\\/#organization\",\"name\":\"Organisator\",\"url\":\"https:\\\/\\\/www.organisator.ch\\\/\",\"logo\":{\"@type\":\"ImageObject\",\"inLanguage\":\"it-IT\",\"@id\":\"https:\\\/\\\/www.organisator.ch\\\/#\\\/schema\\\/logo\\\/image\\\/\",\"url\":\"https:\\\/\\\/www.organisator.ch\\\/wp-content\\\/uploads\\\/2022\\\/01\\\/Logo_Organisator_Website.png\",\"contentUrl\":\"https:\\\/\\\/www.organisator.ch\\\/wp-content\\\/uploads\\\/2022\\\/01\\\/Logo_Organisator_Website.png\",\"width\":800,\"height\":77,\"caption\":\"Organisator\"},\"image\":{\"@id\":\"https:\\\/\\\/www.organisator.ch\\\/#\\\/schema\\\/logo\\\/image\\\/\"},\"sameAs\":[\"https:\\\/\\\/www.facebook.com\\\/OrganisatorFachmagazin\",\"https:\\\/\\\/www.linkedin.com\\\/showcase\\\/organisator-das-magazin-fr-kmu\",\"https:\\\/\\\/www.xing.com\\\/news\\\/pages\\\/organisator-ch-695\",\"https:\\\/\\\/www.youtube.com\\\/channel\\\/UCGP2Sq0iWaZwT3BdIAQFYpw\"]},{\"@type\":\"Person\",\"@id\":\"https:\\\/\\\/www.organisator.ch\\\/#\\\/schema\\\/person\\\/4e51799071cd2dd1232ac003643ef5f0\",\"name\":\"galledia\",\"image\":{\"@type\":\"ImageObject\",\"inLanguage\":\"it-IT\",\"@id\":\"https:\\\/\\\/secure.gravatar.com\\\/avatar\\\/78a7f90c01fc2bfc875782a0d4922b37cde2cf184ce347b91316d23cd7f69a36?s=96&d=mm&r=g\",\"url\":\"https:\\\/\\\/secure.gravatar.com\\\/avatar\\\/78a7f90c01fc2bfc875782a0d4922b37cde2cf184ce347b91316d23cd7f69a36?s=96&d=mm&r=g\",\"contentUrl\":\"https:\\\/\\\/secure.gravatar.com\\\/avatar\\\/78a7f90c01fc2bfc875782a0d4922b37cde2cf184ce347b91316d23cd7f69a36?s=96&d=mm&r=g\",\"caption\":\"galledia\"},\"sameAs\":[\"https:\\\/\\\/x.com\\\/admin\"],\"url\":\"https:\\\/\\\/www.organisator.ch\\\/it\\\/author\\\/galledia\\\/\"}]}<\/script>\n<!-- \/ Yoast SEO plugin. -->","yoast_head_json":{"title":"Pro Alps premia FFS Cargo con un'invettiva - Organizzatore","description":"FFS Cargo mette a rischio il futuro del trasporto merci su rotaia in Svizzera con i suoi tagli. Per questo riceve il premio \u00abPietra del Diavolo\u00bb.","robots":{"index":"index","follow":"follow","max-snippet":"max-snippet:-1","max-image-preview":"max-image-preview:large","max-video-preview":"max-video-preview:-1"},"canonical":"https:\/\/www.organisator.ch\/it\/eccellenza-operativa\/2025-10-29\/pro-alps-verleiht-sbb-cargo-einen-schmaehpreis\/","og_locale":"it_IT","og_type":"article","og_title":"Pro Alps verleiht SBB Cargo einen Schm\u00e4hpreis\u00a0 - Organisator","og_description":"Mit dem Kahl\u00adschlag gef\u00e4hrde SBB Cargo die Zukunft des Schweizer Schienen\u00adg\u00fcter\u00adverkehrs. Daf\u00fcr erh\u00e4lt sie den Schm\u00e4h\u00adpreis \u00abTeufels\u00adstein\u00bb.","og_url":"https:\/\/www.organisator.ch\/it\/eccellenza-operativa\/2025-10-29\/pro-alps-verleiht-sbb-cargo-einen-schmaehpreis\/","og_site_name":"Organisator","article_publisher":"https:\/\/www.facebook.com\/OrganisatorFachmagazin","article_published_time":"2025-10-29T13:24:39+00:00","article_modified_time":"2025-10-30T07:25:32+00:00","author":"galledia","twitter_card":"summary_large_image","twitter_creator":"@admin","schema":{"@context":"https:\/\/schema.org","@graph":[{"@type":"Article","@id":"https:\/\/www.organisator.ch\/operational-excellence\/2025-10-29\/pro-alps-verleiht-sbb-cargo-einen-schmaehpreis\/#article","isPartOf":{"@id":"https:\/\/www.organisator.ch\/operational-excellence\/2025-10-29\/pro-alps-verleiht-sbb-cargo-einen-schmaehpreis\/"},"author":{"name":"galledia","@id":"https:\/\/www.organisator.ch\/#\/schema\/person\/4e51799071cd2dd1232ac003643ef5f0"},"headline":"Pro Alps verleiht SBB Cargo einen Schm\u00e4hpreis\u00a0","datePublished":"2025-10-29T13:24:39+00:00","dateModified":"2025-10-30T07:25:32+00:00","mainEntityOfPage":{"@id":"https:\/\/www.organisator.ch\/operational-excellence\/2025-10-29\/pro-alps-verleiht-sbb-cargo-einen-schmaehpreis\/"},"wordCount":524,"publisher":{"@id":"https:\/\/www.organisator.ch\/#organization"},"image":{"@id":"https:\/\/www.organisator.ch\/operational-excellence\/2025-10-29\/pro-alps-verleiht-sbb-cargo-einen-schmaehpreis\/#primaryimage"},"thumbnailUrl":"https:\/\/www.markt-kom.com\/wp-content\/uploads\/2025\/10\/Bildschirmfoto-2025-10-29-um-14.22.21-600x365.png","keywords":["Awards","Business","G\u00fcterverkehr","Medien","Pro Alps","SBB","SBB Cargo","Schm\u00e4hpreis"],"articleSection":["OPERATIONAL EXCELLENCE"],"inLanguage":"it-IT"},{"@type":"WebPage","@id":"https:\/\/www.organisator.ch\/operational-excellence\/2025-10-29\/pro-alps-verleiht-sbb-cargo-einen-schmaehpreis\/","url":"https:\/\/www.organisator.ch\/operational-excellence\/2025-10-29\/pro-alps-verleiht-sbb-cargo-einen-schmaehpreis\/","name":"Pro Alps premia FFS Cargo con un'invettiva - Organizzatore","isPartOf":{"@id":"https:\/\/www.organisator.ch\/#website"},"primaryImageOfPage":{"@id":"https:\/\/www.organisator.ch\/operational-excellence\/2025-10-29\/pro-alps-verleiht-sbb-cargo-einen-schmaehpreis\/#primaryimage"},"image":{"@id":"https:\/\/www.organisator.ch\/operational-excellence\/2025-10-29\/pro-alps-verleiht-sbb-cargo-einen-schmaehpreis\/#primaryimage"},"thumbnailUrl":"https:\/\/www.markt-kom.com\/wp-content\/uploads\/2025\/10\/Bildschirmfoto-2025-10-29-um-14.22.21-600x365.png","datePublished":"2025-10-29T13:24:39+00:00","dateModified":"2025-10-30T07:25:32+00:00","description":"FFS Cargo mette a rischio il futuro del trasporto merci su rotaia in Svizzera con i suoi tagli. Per questo riceve il premio \u00abPietra del Diavolo\u00bb.","breadcrumb":{"@id":"https:\/\/www.organisator.ch\/operational-excellence\/2025-10-29\/pro-alps-verleiht-sbb-cargo-einen-schmaehpreis\/#breadcrumb"},"inLanguage":"it-IT","potentialAction":[{"@type":"ReadAction","target":["https:\/\/www.organisator.ch\/operational-excellence\/2025-10-29\/pro-alps-verleiht-sbb-cargo-einen-schmaehpreis\/"]}]},{"@type":"ImageObject","inLanguage":"it-IT","@id":"https:\/\/www.organisator.ch\/operational-excellence\/2025-10-29\/pro-alps-verleiht-sbb-cargo-einen-schmaehpreis\/#primaryimage","url":"https:\/\/www.markt-kom.com\/wp-content\/uploads\/2025\/10\/Bildschirmfoto-2025-10-29-um-14.22.21-600x365.png","contentUrl":"https:\/\/www.markt-kom.com\/wp-content\/uploads\/2025\/10\/Bildschirmfoto-2025-10-29-um-14.22.21-600x365.png"},{"@type":"BreadcrumbList","@id":"https:\/\/www.organisator.ch\/operational-excellence\/2025-10-29\/pro-alps-verleiht-sbb-cargo-einen-schmaehpreis\/#breadcrumb","itemListElement":[{"@type":"ListItem","position":1,"name":"Home","item":"https:\/\/www.organisator.ch\/"},{"@type":"ListItem","position":2,"name":"Pro Alps verleiht SBB Cargo einen Schm\u00e4hpreis\u00a0"}]},{"@type":"WebSite","@id":"https:\/\/www.organisator.ch\/#website","url":"https:\/\/www.organisator.ch\/","name":"Organizzatore","description":"Competente. Pratico. In 10 numeri all'anno, ORGANISATOR presenta i temi essenziali per i manager delle PMI.","publisher":{"@id":"https:\/\/www.organisator.ch\/#organization"},"potentialAction":[{"@type":"SearchAction","target":{"@type":"EntryPoint","urlTemplate":"https:\/\/www.organisator.ch\/?s={search_term_string}"},"query-input":{"@type":"PropertyValueSpecification","valueRequired":true,"valueName":"search_term_string"}}],"inLanguage":"it-IT"},{"@type":"Organization","@id":"https:\/\/www.organisator.ch\/#organization","name":"Organizzatore","url":"https:\/\/www.organisator.ch\/","logo":{"@type":"ImageObject","inLanguage":"it-IT","@id":"https:\/\/www.organisator.ch\/#\/schema\/logo\/image\/","url":"https:\/\/www.organisator.ch\/wp-content\/uploads\/2022\/01\/Logo_Organisator_Website.png","contentUrl":"https:\/\/www.organisator.ch\/wp-content\/uploads\/2022\/01\/Logo_Organisator_Website.png","width":800,"height":77,"caption":"Organisator"},"image":{"@id":"https:\/\/www.organisator.ch\/#\/schema\/logo\/image\/"},"sameAs":["https:\/\/www.facebook.com\/OrganisatorFachmagazin","https:\/\/www.linkedin.com\/showcase\/organisator-das-magazin-fr-kmu","https:\/\/www.xing.com\/news\/pages\/organisator-ch-695","https:\/\/www.youtube.com\/channel\/UCGP2Sq0iWaZwT3BdIAQFYpw"]},{"@type":"Person","@id":"https:\/\/www.organisator.ch\/#\/schema\/person\/4e51799071cd2dd1232ac003643ef5f0","name":"galledia","image":{"@type":"ImageObject","inLanguage":"it-IT","@id":"https:\/\/secure.gravatar.com\/avatar\/78a7f90c01fc2bfc875782a0d4922b37cde2cf184ce347b91316d23cd7f69a36?s=96&d=mm&r=g","url":"https:\/\/secure.gravatar.com\/avatar\/78a7f90c01fc2bfc875782a0d4922b37cde2cf184ce347b91316d23cd7f69a36?s=96&d=mm&r=g","contentUrl":"https:\/\/secure.gravatar.com\/avatar\/78a7f90c01fc2bfc875782a0d4922b37cde2cf184ce347b91316d23cd7f69a36?s=96&d=mm&r=g","caption":"galledia"},"sameAs":["https:\/\/x.com\/admin"],"url":"https:\/\/www.organisator.ch\/it\/author\/galledia\/"}]}},"_links":{"self":[{"href":"https:\/\/www.organisator.ch\/it\/wp-json\/wp\/v2\/posts\/41612","targetHints":{"allow":["GET"]}}],"collection":[{"href":"https:\/\/www.organisator.ch\/it\/wp-json\/wp\/v2\/posts"}],"about":[{"href":"https:\/\/www.organisator.ch\/it\/wp-json\/wp\/v2\/types\/post"}],"author":[{"embeddable":true,"href":"https:\/\/www.organisator.ch\/it\/wp-json\/wp\/v2\/users\/8"}],"replies":[{"embeddable":true,"href":"https:\/\/www.organisator.ch\/it\/wp-json\/wp\/v2\/comments?post=41612"}],"version-history":[{"count":5,"href":"https:\/\/www.organisator.ch\/it\/wp-json\/wp\/v2\/posts\/41612\/revisions"}],"predecessor-version":[{"id":41630,"href":"https:\/\/www.organisator.ch\/it\/wp-json\/wp\/v2\/posts\/41612\/revisions\/41630"}],"wp:attachment":[{"href":"https:\/\/www.organisator.ch\/it\/wp-json\/wp\/v2\/media?parent=41612"}],"wp:term":[{"taxonomy":"category","embeddable":true,"href":"https:\/\/www.organisator.ch\/it\/wp-json\/wp\/v2\/categories?post=41612"},{"taxonomy":"post_tag","embeddable":true,"href":"https:\/\/www.organisator.ch\/it\/wp-json\/wp\/v2\/tags?post=41612"}],"curies":[{"name":"wp","href":"https:\/\/api.w.org\/{rel}","templated":true}]}}