{"id":41696,"date":"2025-11-03T09:03:38","date_gmt":"2025-11-03T08:03:38","guid":{"rendered":"https:\/\/www.organisator.ch\/?p=41696"},"modified":"2025-11-03T16:11:32","modified_gmt":"2025-11-03T15:11:32","slug":"verband-swissict-praesident-thomas-flatt-tritt-per-2026-zurueck","status":"publish","type":"post","link":"https:\/\/www.organisator.ch\/it\/management\/2025-11-03\/verband-swissict-praesident-thomas-flatt-tritt-per-2026-zurueck\/","title":{"rendered":"Associazione swissICT: il presidente Thomas Flatt si dimetter\u00e0 nel 2026"},"content":{"rendered":"<figure id=\"attachment_41697\" aria-describedby=\"caption-attachment-41697\" style=\"width: 680px\" class=\"wp-caption alignnone\"><img loading=\"lazy\" decoding=\"async\" class=\"size-full wp-image-41697\" src=\"https:\/\/www.organisator.ch\/wp-content\/uploads\/2025\/11\/Verband-swissICT-Praesident-Thomas-Flatt-tritt-per-2026-zurueck_Organisator.jpg\" alt=\"\" width=\"680\" height=\"341\" srcset=\"https:\/\/www.organisator.ch\/wp-content\/uploads\/2025\/11\/Verband-swissICT-Praesident-Thomas-Flatt-tritt-per-2026-zurueck_Organisator.jpg 680w, https:\/\/www.organisator.ch\/wp-content\/uploads\/2025\/11\/Verband-swissICT-Praesident-Thomas-Flatt-tritt-per-2026-zurueck_Organisator-18x9.jpg 18w, https:\/\/www.organisator.ch\/wp-content\/uploads\/2025\/11\/Verband-swissICT-Praesident-Thomas-Flatt-tritt-per-2026-zurueck_Organisator-375x188.jpg 375w\" sizes=\"auto, (max-width: 680px) 100vw, 680px\" \/><figcaption id=\"caption-attachment-41697\" class=\"wp-caption-text\">Thomas Flatt (a sinistra) lascia la carica di Presidente di swissICT, Claude Honegger si propone come suo successore. (Immagini: zVg \/ swissICT)<\/figcaption><\/figure>\n<p>Il presidente di lunga data di swissICT, Thomas Flatt, ha annunciato le sue dimissioni. Flatt ha guidato la pi\u00f9 grande associazione di categoria ICT della Svizzera per oltre due decenni e ha trasformato swissICT in un'ampia voce dell'industria digitale visibile in politica e nel mondo degli affari.<\/p>\n<h3>Molte alleanze forgiate<\/h3>\n<p>Da quando swissICT \u00e8 nata dalla fusione di SVD e WIF 25 anni fa, Flatt ha plasmato lo sviluppo dell'associazione, prima come membro del comitato strategico e dal 2004 come presidente. Fin dall'inizio si \u00e8 impegnato per avvicinare le associazioni di settore ed \u00e8 stato membro fondatore e vicepresidente di ICT Svizzera, poi fusa con digitalswitzerland. Ha creato alleanze con associazioni e organizzazioni come asut, swico, CH Open, ISSS, la Societ\u00e0 Svizzera di Informatica e molte altre.<\/p>\n<p>I gruppi di specialisti di swissICT hanno acquisito una notevole importanza e si sono sviluppati in modo eccellente sia in termini di quantit\u00e0 che di qualit\u00e0 con l'evolversi del panorama digitale svizzero. Oggi sono probabilmente la pi\u00f9 grande piattaforma di scambio di esperienze e conoscenze in Svizzera.<\/p>\n<h3>Associazione gestita anche operativamente<\/h3>\n<p>Ha inoltre svolto un ruolo chiave nello sviluppo della formazione professionale nel settore ICT. Sotto la sua guida, l'organizzazione precedente a ICT VET Switzerland (I-CH) \u00e8 stata incorporata nell'associazione come societ\u00e0 per azioni, stabilizzata e ha costituito la base per la nuova associazione nazionale. Flatt \u00e8 stato anche membro fondatore di questa organizzazione. Flatt ha assunto brevemente la gestione operativa di swissICT nel 2017, quando la direzione era vacante, sottolineando il suo impegno anche in tempi difficili.<\/p>\n<p>\u00c8 inoltre particolarmente orgoglioso dello sviluppo del Premio dell'economia digitale. Questo ha una lunga tradizione ed \u00e8 stato sviluppato dal Premio svizzero dell'informatica nel 2004, passando per il Premio svizzero dell'ICT e oggi come Premio dell'economia digitale con diversi partner. swissICT \u00e8 sempre stata corresponsabile o principale responsabile della sua realizzazione. Durante la sua presidenza, Flatt ha svolto questo compito a tempo parziale, mentre lavorava a tempo pieno nella Direzione del Gruppo Swisscom, nella Direzione del Gruppo Adecco e come imprenditore, CEO o membro del Consiglio di Amministrazione di medie imprese.<\/p>\n<h3>Focus sulle attivit\u00e0 imprenditoriali<\/h3>\n<p>In futuro, Flatt vorrebbe concentrarsi maggiormente su queste attivit\u00e0 imprenditoriali e sui mandati del Consiglio di amministrazione, motivo per cui ora vorrebbe lasciare le sue responsabilit\u00e0 nel panorama associativo dopo circa 25 anni.<\/p>\n<p>\u201eSono lieto di aver trovato una soluzione interna per il mio successore in Claude Honegger. Claude ha pi\u00f9 di 30 anni di esperienza nella gestione di organizzazioni tecnologiche globali e, in quanto membro di lunga data del Consiglio di amministrazione di swissICT e presidente della nostra Commissione di esperti e di gruppi di specialisti, \u00e8 il candidato ideale e il mio candidato preferito per questa posizione\u201c, afferma Thomas Flatt a proposito di questa proposta.<\/p>\n<p><em>Fonte: <a href=\"https:\/\/www.swissict.ch\/\">swissICT<\/a><\/em><\/p>","protected":false},"excerpt":{"rendered":"<p>Il Presidente di swissICT, Thomas Flatt, ha annunciato le sue dimissioni in vista dell'Assemblea generale del 2026. Claude Honegger, attuale membro del Consiglio di amministrazione, \u00e8 stato proposto come suo successore.<\/p>","protected":false},"author":4,"featured_media":41697,"comment_status":"closed","ping_status":"closed","sticky":false,"template":"","format":"standard","meta":{"_acf_changed":false,"_yoast_wpseo_focuskw":"Thomas Flatt","_yoast_wpseo_metadesc":"Thomas Flatt tritt als Pr\u00e4sident von swissICT per 2026 zur\u00fcck, Claude Honegger wird als Nachfolger vorgeschlagen.","articlekey":"","footnotes":""},"categories":[28],"tags":[259,334,381,503],"class_list":["post-41696","post","type-post","status-publish","format-standard","has-post-thumbnail","hentry","category-management","tag-ict","tag-management","tag-personalia","tag-verbaende"],"acf":[],"yoast_head":"<!-- This site is optimized with the Yoast SEO plugin v27.5 - https:\/\/yoast.com\/product\/yoast-seo-wordpress\/ -->\n<title>Verband swissICT: Pr\u00e4sident Thomas Flatt tritt per 2026 zur\u00fcck - Organisator<\/title>\n<meta name=\"description\" content=\"Thomas Flatt tritt als Pr\u00e4sident von swissICT per 2026 zur\u00fcck, Claude Honegger wird als Nachfolger vorgeschlagen.\" \/>\n<meta name=\"robots\" content=\"index, follow, max-snippet:-1, max-image-preview:large, max-video-preview:-1\" \/>\n<link rel=\"canonical\" href=\"https:\/\/www.organisator.ch\/it\/gestione-2\/2025-11-03\/verband-swissict-praesident-thomas-flatt-tritt-per-2026-zurueck\/\" \/>\n<meta property=\"og:locale\" content=\"it_IT\" \/>\n<meta property=\"og:type\" content=\"article\" \/>\n<meta property=\"og:title\" content=\"Verband swissICT: Pr\u00e4sident Thomas Flatt tritt per 2026 zur\u00fcck\" \/>\n<meta property=\"og:description\" content=\"Thomas Flatt tritt als Pr\u00e4sident von swissICT per 2026 zur\u00fcck, Claude Honegger wird als Nachfolger vorgeschlagen.\" \/>\n<meta property=\"og:url\" content=\"https:\/\/www.organisator.ch\/it\/gestione-2\/2025-11-03\/verband-swissict-praesident-thomas-flatt-tritt-per-2026-zurueck\/\" \/>\n<meta property=\"og:site_name\" content=\"Organisator\" \/>\n<meta property=\"article:publisher\" content=\"https:\/\/www.facebook.com\/OrganisatorFachmagazin\" \/>\n<meta property=\"article:published_time\" content=\"2025-11-03T08:03:38+00:00\" \/>\n<meta property=\"article:modified_time\" content=\"2025-11-03T15:11:32+00:00\" \/>\n<meta property=\"og:image\" content=\"https:\/\/www.organisator.ch\/wp-content\/uploads\/2025\/11\/Verband-swissICT-Praesident-Thomas-Flatt-tritt-per-2026-zurueck_Organisator.jpg\" \/>\n\t<meta property=\"og:image:width\" content=\"680\" \/>\n\t<meta property=\"og:image:height\" content=\"341\" \/>\n\t<meta property=\"og:image:type\" content=\"image\/jpeg\" \/>\n<meta name=\"author\" content=\"thomas.berner\" \/>\n<meta name=\"twitter:card\" content=\"summary_large_image\" \/>\n<meta name=\"twitter:title\" content=\"Verband #swissICT: Pr\u00e4sident Thomas #Flatt tritt per 2026 zur\u00fcck\" \/>\n<meta name=\"twitter:description\" content=\"Thomas #Flatt tritt als Pr\u00e4sident von #swissICT per 2026 zur\u00fcck, Claude #Honegger wird als Nachfolger vorgeschlagen.\" \/>\n<meta name=\"twitter:image\" content=\"https:\/\/www.organisator.ch\/wp-content\/uploads\/2025\/11\/Verband-swissICT-Praesident-Thomas-Flatt-tritt-per-2026-zurueck_Organisator.jpg\" \/>\n<script type=\"application\/ld+json\" class=\"yoast-schema-graph\">{\"@context\":\"https:\\\/\\\/schema.org\",\"@graph\":[{\"@type\":\"Article\",\"@id\":\"https:\\\/\\\/www.organisator.ch\\\/management\\\/2025-11-03\\\/verband-swissict-praesident-thomas-flatt-tritt-per-2026-zurueck\\\/#article\",\"isPartOf\":{\"@id\":\"https:\\\/\\\/www.organisator.ch\\\/management\\\/2025-11-03\\\/verband-swissict-praesident-thomas-flatt-tritt-per-2026-zurueck\\\/\"},\"author\":{\"name\":\"thomas.berner\",\"@id\":\"https:\\\/\\\/www.organisator.ch\\\/#\\\/schema\\\/person\\\/6f650f90b2842cd4c0cc334b4e36f67e\"},\"headline\":\"Verband swissICT: Pr\u00e4sident Thomas Flatt tritt per 2026 zur\u00fcck\",\"datePublished\":\"2025-11-03T08:03:38+00:00\",\"dateModified\":\"2025-11-03T15:11:32+00:00\",\"mainEntityOfPage\":{\"@id\":\"https:\\\/\\\/www.organisator.ch\\\/management\\\/2025-11-03\\\/verband-swissict-praesident-thomas-flatt-tritt-per-2026-zurueck\\\/\"},\"wordCount\":481,\"publisher\":{\"@id\":\"https:\\\/\\\/www.organisator.ch\\\/#organization\"},\"image\":{\"@id\":\"https:\\\/\\\/www.organisator.ch\\\/management\\\/2025-11-03\\\/verband-swissict-praesident-thomas-flatt-tritt-per-2026-zurueck\\\/#primaryimage\"},\"thumbnailUrl\":\"https:\\\/\\\/www.organisator.ch\\\/wp-content\\\/uploads\\\/2025\\\/11\\\/Verband-swissICT-Praesident-Thomas-Flatt-tritt-per-2026-zurueck_Organisator.jpg\",\"keywords\":[\"ICT\",\"Management\",\"Personalia\",\"Verb\u00e4nde\"],\"articleSection\":[\"MANAGEMENT\"],\"inLanguage\":\"it-IT\"},{\"@type\":\"WebPage\",\"@id\":\"https:\\\/\\\/www.organisator.ch\\\/management\\\/2025-11-03\\\/verband-swissict-praesident-thomas-flatt-tritt-per-2026-zurueck\\\/\",\"url\":\"https:\\\/\\\/www.organisator.ch\\\/management\\\/2025-11-03\\\/verband-swissict-praesident-thomas-flatt-tritt-per-2026-zurueck\\\/\",\"name\":\"Verband swissICT: Pr\u00e4sident Thomas Flatt tritt per 2026 zur\u00fcck - Organisator\",\"isPartOf\":{\"@id\":\"https:\\\/\\\/www.organisator.ch\\\/#website\"},\"primaryImageOfPage\":{\"@id\":\"https:\\\/\\\/www.organisator.ch\\\/management\\\/2025-11-03\\\/verband-swissict-praesident-thomas-flatt-tritt-per-2026-zurueck\\\/#primaryimage\"},\"image\":{\"@id\":\"https:\\\/\\\/www.organisator.ch\\\/management\\\/2025-11-03\\\/verband-swissict-praesident-thomas-flatt-tritt-per-2026-zurueck\\\/#primaryimage\"},\"thumbnailUrl\":\"https:\\\/\\\/www.organisator.ch\\\/wp-content\\\/uploads\\\/2025\\\/11\\\/Verband-swissICT-Praesident-Thomas-Flatt-tritt-per-2026-zurueck_Organisator.jpg\",\"datePublished\":\"2025-11-03T08:03:38+00:00\",\"dateModified\":\"2025-11-03T15:11:32+00:00\",\"description\":\"Thomas Flatt tritt als Pr\u00e4sident von swissICT per 2026 zur\u00fcck, Claude Honegger wird als Nachfolger vorgeschlagen.\",\"breadcrumb\":{\"@id\":\"https:\\\/\\\/www.organisator.ch\\\/management\\\/2025-11-03\\\/verband-swissict-praesident-thomas-flatt-tritt-per-2026-zurueck\\\/#breadcrumb\"},\"inLanguage\":\"it-IT\",\"potentialAction\":[{\"@type\":\"ReadAction\",\"target\":[\"https:\\\/\\\/www.organisator.ch\\\/management\\\/2025-11-03\\\/verband-swissict-praesident-thomas-flatt-tritt-per-2026-zurueck\\\/\"]}]},{\"@type\":\"ImageObject\",\"inLanguage\":\"it-IT\",\"@id\":\"https:\\\/\\\/www.organisator.ch\\\/management\\\/2025-11-03\\\/verband-swissict-praesident-thomas-flatt-tritt-per-2026-zurueck\\\/#primaryimage\",\"url\":\"https:\\\/\\\/www.organisator.ch\\\/wp-content\\\/uploads\\\/2025\\\/11\\\/Verband-swissICT-Praesident-Thomas-Flatt-tritt-per-2026-zurueck_Organisator.jpg\",\"contentUrl\":\"https:\\\/\\\/www.organisator.ch\\\/wp-content\\\/uploads\\\/2025\\\/11\\\/Verband-swissICT-Praesident-Thomas-Flatt-tritt-per-2026-zurueck_Organisator.jpg\",\"width\":680,\"height\":341,\"caption\":\"Thomas Flatt (links) tritt als Pr\u00e4sident von swissICT zur\u00fcck, Claude Honegger wird sein Nachfolger. (Bilder: zVg \\\/ swissICT)\"},{\"@type\":\"BreadcrumbList\",\"@id\":\"https:\\\/\\\/www.organisator.ch\\\/management\\\/2025-11-03\\\/verband-swissict-praesident-thomas-flatt-tritt-per-2026-zurueck\\\/#breadcrumb\",\"itemListElement\":[{\"@type\":\"ListItem\",\"position\":1,\"name\":\"Home\",\"item\":\"https:\\\/\\\/www.organisator.ch\\\/\"},{\"@type\":\"ListItem\",\"position\":2,\"name\":\"Verband swissICT: Pr\u00e4sident Thomas Flatt tritt per 2026 zur\u00fcck\"}]},{\"@type\":\"WebSite\",\"@id\":\"https:\\\/\\\/www.organisator.ch\\\/#website\",\"url\":\"https:\\\/\\\/www.organisator.ch\\\/\",\"name\":\"Organisator\",\"description\":\"Kompetent. Praxisnah. Der ORGANISATOR bereitet in 10 Ausgaben pro Jahr die wesentlichen Themen f\u00fcr F\u00fchrungskr\u00e4fte von KMU auf.\",\"publisher\":{\"@id\":\"https:\\\/\\\/www.organisator.ch\\\/#organization\"},\"potentialAction\":[{\"@type\":\"SearchAction\",\"target\":{\"@type\":\"EntryPoint\",\"urlTemplate\":\"https:\\\/\\\/www.organisator.ch\\\/?s={search_term_string}\"},\"query-input\":{\"@type\":\"PropertyValueSpecification\",\"valueRequired\":true,\"valueName\":\"search_term_string\"}}],\"inLanguage\":\"it-IT\"},{\"@type\":\"Organization\",\"@id\":\"https:\\\/\\\/www.organisator.ch\\\/#organization\",\"name\":\"Organisator\",\"url\":\"https:\\\/\\\/www.organisator.ch\\\/\",\"logo\":{\"@type\":\"ImageObject\",\"inLanguage\":\"it-IT\",\"@id\":\"https:\\\/\\\/www.organisator.ch\\\/#\\\/schema\\\/logo\\\/image\\\/\",\"url\":\"https:\\\/\\\/www.organisator.ch\\\/wp-content\\\/uploads\\\/2022\\\/01\\\/Logo_Organisator_Website.png\",\"contentUrl\":\"https:\\\/\\\/www.organisator.ch\\\/wp-content\\\/uploads\\\/2022\\\/01\\\/Logo_Organisator_Website.png\",\"width\":800,\"height\":77,\"caption\":\"Organisator\"},\"image\":{\"@id\":\"https:\\\/\\\/www.organisator.ch\\\/#\\\/schema\\\/logo\\\/image\\\/\"},\"sameAs\":[\"https:\\\/\\\/www.facebook.com\\\/OrganisatorFachmagazin\",\"https:\\\/\\\/www.linkedin.com\\\/showcase\\\/organisator-das-magazin-fr-kmu\",\"https:\\\/\\\/www.xing.com\\\/news\\\/pages\\\/organisator-ch-695\",\"https:\\\/\\\/www.youtube.com\\\/channel\\\/UCGP2Sq0iWaZwT3BdIAQFYpw\"]},{\"@type\":\"Person\",\"@id\":\"https:\\\/\\\/www.organisator.ch\\\/#\\\/schema\\\/person\\\/6f650f90b2842cd4c0cc334b4e36f67e\",\"name\":\"thomas.berner\",\"image\":{\"@type\":\"ImageObject\",\"inLanguage\":\"it-IT\",\"@id\":\"https:\\\/\\\/secure.gravatar.com\\\/avatar\\\/ac5001d2a36cb6c6cd3e50789007ffca834b477b74a2144564522e944eabff61?s=96&d=mm&r=g\",\"url\":\"https:\\\/\\\/secure.gravatar.com\\\/avatar\\\/ac5001d2a36cb6c6cd3e50789007ffca834b477b74a2144564522e944eabff61?s=96&d=mm&r=g\",\"contentUrl\":\"https:\\\/\\\/secure.gravatar.com\\\/avatar\\\/ac5001d2a36cb6c6cd3e50789007ffca834b477b74a2144564522e944eabff61?s=96&d=mm&r=g\",\"caption\":\"thomas.berner\"},\"url\":\"https:\\\/\\\/www.organisator.ch\\\/it\\\/author\\\/thomas-berner\\\/\"}]}<\/script>\n<!-- \/ Yoast SEO plugin. -->","yoast_head_json":{"title":"Associazione swissICT: il presidente Thomas Flatt si dimetter\u00e0 nel 2026 - Organizzatore","description":"Thomas Flatt lascer\u00e0 la carica di Presidente di swissICT nel 2026, Claude Honegger sar\u00e0 proposto come suo successore.","robots":{"index":"index","follow":"follow","max-snippet":"max-snippet:-1","max-image-preview":"max-image-preview:large","max-video-preview":"max-video-preview:-1"},"canonical":"https:\/\/www.organisator.ch\/it\/gestione-2\/2025-11-03\/verband-swissict-praesident-thomas-flatt-tritt-per-2026-zurueck\/","og_locale":"it_IT","og_type":"article","og_title":"Verband swissICT: Pr\u00e4sident Thomas Flatt tritt per 2026 zur\u00fcck","og_description":"Thomas Flatt tritt als Pr\u00e4sident von swissICT per 2026 zur\u00fcck, Claude Honegger wird als Nachfolger vorgeschlagen.","og_url":"https:\/\/www.organisator.ch\/it\/gestione-2\/2025-11-03\/verband-swissict-praesident-thomas-flatt-tritt-per-2026-zurueck\/","og_site_name":"Organisator","article_publisher":"https:\/\/www.facebook.com\/OrganisatorFachmagazin","article_published_time":"2025-11-03T08:03:38+00:00","article_modified_time":"2025-11-03T15:11:32+00:00","og_image":[{"width":680,"height":341,"url":"https:\/\/www.organisator.ch\/wp-content\/uploads\/2025\/11\/Verband-swissICT-Praesident-Thomas-Flatt-tritt-per-2026-zurueck_Organisator.jpg","type":"image\/jpeg"}],"author":"thomas.berner","twitter_card":"summary_large_image","twitter_title":"Verband #swissICT: Pr\u00e4sident Thomas #Flatt tritt per 2026 zur\u00fcck","twitter_description":"Thomas #Flatt tritt als Pr\u00e4sident von #swissICT per 2026 zur\u00fcck, Claude #Honegger wird als Nachfolger vorgeschlagen.","twitter_image":"https:\/\/www.organisator.ch\/wp-content\/uploads\/2025\/11\/Verband-swissICT-Praesident-Thomas-Flatt-tritt-per-2026-zurueck_Organisator.jpg","schema":{"@context":"https:\/\/schema.org","@graph":[{"@type":"Article","@id":"https:\/\/www.organisator.ch\/management\/2025-11-03\/verband-swissict-praesident-thomas-flatt-tritt-per-2026-zurueck\/#article","isPartOf":{"@id":"https:\/\/www.organisator.ch\/management\/2025-11-03\/verband-swissict-praesident-thomas-flatt-tritt-per-2026-zurueck\/"},"author":{"name":"thomas.berner","@id":"https:\/\/www.organisator.ch\/#\/schema\/person\/6f650f90b2842cd4c0cc334b4e36f67e"},"headline":"Verband swissICT: Pr\u00e4sident Thomas Flatt tritt per 2026 zur\u00fcck","datePublished":"2025-11-03T08:03:38+00:00","dateModified":"2025-11-03T15:11:32+00:00","mainEntityOfPage":{"@id":"https:\/\/www.organisator.ch\/management\/2025-11-03\/verband-swissict-praesident-thomas-flatt-tritt-per-2026-zurueck\/"},"wordCount":481,"publisher":{"@id":"https:\/\/www.organisator.ch\/#organization"},"image":{"@id":"https:\/\/www.organisator.ch\/management\/2025-11-03\/verband-swissict-praesident-thomas-flatt-tritt-per-2026-zurueck\/#primaryimage"},"thumbnailUrl":"https:\/\/www.organisator.ch\/wp-content\/uploads\/2025\/11\/Verband-swissICT-Praesident-Thomas-Flatt-tritt-per-2026-zurueck_Organisator.jpg","keywords":["ICT","Management","Personalia","Verb\u00e4nde"],"articleSection":["MANAGEMENT"],"inLanguage":"it-IT"},{"@type":"WebPage","@id":"https:\/\/www.organisator.ch\/management\/2025-11-03\/verband-swissict-praesident-thomas-flatt-tritt-per-2026-zurueck\/","url":"https:\/\/www.organisator.ch\/management\/2025-11-03\/verband-swissict-praesident-thomas-flatt-tritt-per-2026-zurueck\/","name":"Associazione swissICT: il presidente Thomas Flatt si dimetter\u00e0 nel 2026 - Organizzatore","isPartOf":{"@id":"https:\/\/www.organisator.ch\/#website"},"primaryImageOfPage":{"@id":"https:\/\/www.organisator.ch\/management\/2025-11-03\/verband-swissict-praesident-thomas-flatt-tritt-per-2026-zurueck\/#primaryimage"},"image":{"@id":"https:\/\/www.organisator.ch\/management\/2025-11-03\/verband-swissict-praesident-thomas-flatt-tritt-per-2026-zurueck\/#primaryimage"},"thumbnailUrl":"https:\/\/www.organisator.ch\/wp-content\/uploads\/2025\/11\/Verband-swissICT-Praesident-Thomas-Flatt-tritt-per-2026-zurueck_Organisator.jpg","datePublished":"2025-11-03T08:03:38+00:00","dateModified":"2025-11-03T15:11:32+00:00","description":"Thomas Flatt lascer\u00e0 la carica di Presidente di swissICT nel 2026, Claude Honegger sar\u00e0 proposto come suo successore.","breadcrumb":{"@id":"https:\/\/www.organisator.ch\/management\/2025-11-03\/verband-swissict-praesident-thomas-flatt-tritt-per-2026-zurueck\/#breadcrumb"},"inLanguage":"it-IT","potentialAction":[{"@type":"ReadAction","target":["https:\/\/www.organisator.ch\/management\/2025-11-03\/verband-swissict-praesident-thomas-flatt-tritt-per-2026-zurueck\/"]}]},{"@type":"ImageObject","inLanguage":"it-IT","@id":"https:\/\/www.organisator.ch\/management\/2025-11-03\/verband-swissict-praesident-thomas-flatt-tritt-per-2026-zurueck\/#primaryimage","url":"https:\/\/www.organisator.ch\/wp-content\/uploads\/2025\/11\/Verband-swissICT-Praesident-Thomas-Flatt-tritt-per-2026-zurueck_Organisator.jpg","contentUrl":"https:\/\/www.organisator.ch\/wp-content\/uploads\/2025\/11\/Verband-swissICT-Praesident-Thomas-Flatt-tritt-per-2026-zurueck_Organisator.jpg","width":680,"height":341,"caption":"Thomas Flatt (links) tritt als Pr\u00e4sident von swissICT zur\u00fcck, Claude Honegger wird sein Nachfolger. (Bilder: zVg \/ swissICT)"},{"@type":"BreadcrumbList","@id":"https:\/\/www.organisator.ch\/management\/2025-11-03\/verband-swissict-praesident-thomas-flatt-tritt-per-2026-zurueck\/#breadcrumb","itemListElement":[{"@type":"ListItem","position":1,"name":"Home","item":"https:\/\/www.organisator.ch\/"},{"@type":"ListItem","position":2,"name":"Verband swissICT: Pr\u00e4sident Thomas Flatt tritt per 2026 zur\u00fcck"}]},{"@type":"WebSite","@id":"https:\/\/www.organisator.ch\/#website","url":"https:\/\/www.organisator.ch\/","name":"Organizzatore","description":"Competente. Pratico. In 10 numeri all'anno, ORGANISATOR presenta i temi essenziali per i manager delle PMI.","publisher":{"@id":"https:\/\/www.organisator.ch\/#organization"},"potentialAction":[{"@type":"SearchAction","target":{"@type":"EntryPoint","urlTemplate":"https:\/\/www.organisator.ch\/?s={search_term_string}"},"query-input":{"@type":"PropertyValueSpecification","valueRequired":true,"valueName":"search_term_string"}}],"inLanguage":"it-IT"},{"@type":"Organization","@id":"https:\/\/www.organisator.ch\/#organization","name":"Organizzatore","url":"https:\/\/www.organisator.ch\/","logo":{"@type":"ImageObject","inLanguage":"it-IT","@id":"https:\/\/www.organisator.ch\/#\/schema\/logo\/image\/","url":"https:\/\/www.organisator.ch\/wp-content\/uploads\/2022\/01\/Logo_Organisator_Website.png","contentUrl":"https:\/\/www.organisator.ch\/wp-content\/uploads\/2022\/01\/Logo_Organisator_Website.png","width":800,"height":77,"caption":"Organisator"},"image":{"@id":"https:\/\/www.organisator.ch\/#\/schema\/logo\/image\/"},"sameAs":["https:\/\/www.facebook.com\/OrganisatorFachmagazin","https:\/\/www.linkedin.com\/showcase\/organisator-das-magazin-fr-kmu","https:\/\/www.xing.com\/news\/pages\/organisator-ch-695","https:\/\/www.youtube.com\/channel\/UCGP2Sq0iWaZwT3BdIAQFYpw"]},{"@type":"Person","@id":"https:\/\/www.organisator.ch\/#\/schema\/person\/6f650f90b2842cd4c0cc334b4e36f67e","name":"Tommaso.berner","image":{"@type":"ImageObject","inLanguage":"it-IT","@id":"https:\/\/secure.gravatar.com\/avatar\/ac5001d2a36cb6c6cd3e50789007ffca834b477b74a2144564522e944eabff61?s=96&d=mm&r=g","url":"https:\/\/secure.gravatar.com\/avatar\/ac5001d2a36cb6c6cd3e50789007ffca834b477b74a2144564522e944eabff61?s=96&d=mm&r=g","contentUrl":"https:\/\/secure.gravatar.com\/avatar\/ac5001d2a36cb6c6cd3e50789007ffca834b477b74a2144564522e944eabff61?s=96&d=mm&r=g","caption":"thomas.berner"},"url":"https:\/\/www.organisator.ch\/it\/author\/thomas-berner\/"}]}},"_links":{"self":[{"href":"https:\/\/www.organisator.ch\/it\/wp-json\/wp\/v2\/posts\/41696","targetHints":{"allow":["GET"]}}],"collection":[{"href":"https:\/\/www.organisator.ch\/it\/wp-json\/wp\/v2\/posts"}],"about":[{"href":"https:\/\/www.organisator.ch\/it\/wp-json\/wp\/v2\/types\/post"}],"author":[{"embeddable":true,"href":"https:\/\/www.organisator.ch\/it\/wp-json\/wp\/v2\/users\/4"}],"replies":[{"embeddable":true,"href":"https:\/\/www.organisator.ch\/it\/wp-json\/wp\/v2\/comments?post=41696"}],"version-history":[{"count":4,"href":"https:\/\/www.organisator.ch\/it\/wp-json\/wp\/v2\/posts\/41696\/revisions"}],"predecessor-version":[{"id":41715,"href":"https:\/\/www.organisator.ch\/it\/wp-json\/wp\/v2\/posts\/41696\/revisions\/41715"}],"wp:featuredmedia":[{"embeddable":true,"href":"https:\/\/www.organisator.ch\/it\/wp-json\/wp\/v2\/media\/41697"}],"wp:attachment":[{"href":"https:\/\/www.organisator.ch\/it\/wp-json\/wp\/v2\/media?parent=41696"}],"wp:term":[{"taxonomy":"category","embeddable":true,"href":"https:\/\/www.organisator.ch\/it\/wp-json\/wp\/v2\/categories?post=41696"},{"taxonomy":"post_tag","embeddable":true,"href":"https:\/\/www.organisator.ch\/it\/wp-json\/wp\/v2\/tags?post=41696"}],"curies":[{"name":"wp","href":"https:\/\/api.w.org\/{rel}","templated":true}]}}