{"id":4171,"date":"2018-09-03T09:06:40","date_gmt":"2018-09-03T07:06:40","guid":{"rendered":"https:\/\/www.organisator.ch\/?p=4171"},"modified":"2018-09-03T09:06:40","modified_gmt":"2018-09-03T07:06:40","slug":"absentismus-der-lautlose-killer-von-organisationen","status":"publish","type":"post","link":"https:\/\/www.organisator.ch\/it\/management\/2018-09-03\/absentismus-der-lautlose-killer-von-organisationen\/","title":{"rendered":"Assenteismo: il killer silenzioso delle organizzazioni"},"content":{"rendered":"<figure id=\"attachment_4173\" aria-describedby=\"caption-attachment-4173\" style=\"width: 640px\" class=\"wp-caption alignnone\"><img loading=\"lazy\" decoding=\"async\" class=\"size-full wp-image-4173\" src=\"https:\/\/www.organisator.ch\/wp-content\/uploads\/2018\/09\/Absentismus-der-lautlose-Killer-von-Organisationen_Organisator.jpg\" alt=\"\" width=\"640\" height=\"378\" srcset=\"https:\/\/www.organisator.ch\/wp-content\/uploads\/2018\/09\/Absentismus-der-lautlose-Killer-von-Organisationen_Organisator.jpg 640w, https:\/\/www.organisator.ch\/wp-content\/uploads\/2018\/09\/Absentismus-der-lautlose-Killer-von-Organisationen_Organisator-16x9.jpg 16w, https:\/\/www.organisator.ch\/wp-content\/uploads\/2018\/09\/Absentismus-der-lautlose-Killer-von-Organisationen_Organisator-296x175.jpg 296w, https:\/\/www.organisator.ch\/wp-content\/uploads\/2018\/09\/Absentismus-der-lautlose-Killer-von-Organisationen_Organisator-593x350.jpg 593w, https:\/\/www.organisator.ch\/wp-content\/uploads\/2018\/09\/Absentismus-der-lautlose-Killer-von-Organisationen_Organisator-300x177.jpg 300w\" sizes=\"auto, (max-width: 640px) 100vw, 640px\" \/><figcaption id=\"caption-attachment-4173\" class=\"wp-caption-text\">Assenteismo: quando i manager sono \"l\u00ec\" ma ancora non si vedono... (Grafico: Hogan Assessments)<\/figcaption><\/figure>\n<p>C'\u00e8 un vecchio detto che \"solo chi grida pi\u00f9 forte viene ascoltato\". In ogni organizzazione, \u00e8 il caso che i manager che fanno pi\u00f9 danni si distinguono chiaramente, sia sotto forma di sviluppo che di misure disciplinari. <a href=\"https:\/\/onlinelibrary.wiley.com\/doi\/abs\/10.1111\/j.1467-8551.2009.00672.x\">Gli studi rivelano<\/a> Tuttavia, il comportamento di leadership di gran lunga pi\u00f9 distruttivo rimane completamente misconosciuto: lo stile di leadership assenteista.<\/p>\n<h2>L'assenteismo danneggia<\/h2>\n<p>I leader assenteisti possono essere fisicamente presenti, ma non offrono alcuna guida ai loro subordinati. Sono persone che non causano attivamente problemi; il danno che possono fare passa quindi spesso inosservato. Allo stesso modo, non ricevono programmi di sviluppo che sarebbero necessari per cambiare il loro pensiero. Secondo la ricerca preliminare di <a href=\"https:\/\/www.hoganassessments.com\/\">Valutazioni Hogan<\/a> questi leader sono visti come estremamente cauti ed esitanti - caratteristiche che non fanno risaltare l'individuo dalla massa. Poich\u00e9 i leader assenti raramente si fanno notare per un comportamento gravemente negligente, sfuggono all'azione correttiva. Di conseguenza, la loro influenza negativa sulle organizzazioni si intensifica nel tempo e diventa sempre pi\u00f9 difficile da contrastare.<\/p>\n<h2>Dipendenti demotivati come segnale d'allarme<\/h2>\n<p>Uno degli indicatori pi\u00f9 forti di uno stile di gestione assenteista \u00e8 quello di dipendenti demotivati. Se i dipendenti esprimono insoddisfazione per il loro lavoro, ma non ci sono evidenti problemi di gestione, l'assenteismo \u00e8 probabilmente il problema. In un <a href=\"http:\/\/interactauthentically.com\/articles\/research\/top-complaints-employees\/\">Studio dal 2015<\/a> sui reclami dei lavoratori sono stati trovati direttamente collegati a una leadership assente. I partecipanti allo studio hanno riferito una mancanza di riconoscimento o di feedback costruttivo, aspettative o direttive poco chiare, e si sono lamentati che i loro supervisori trascorrevano troppo poco tempo nel dialogo diretto con i subordinati.<\/p>\n<p>A <a href=\"http:\/\/www.gallup.de\/183104\/engagement-index-deutschland.aspx\">Studio Gallup<\/a> ha recentemente calcolato che i dipendenti demotivati costano all'economia tedesca 105 miliardi di euro di produttivit\u00e0 all'anno - il 70 per cento degli intervistati ha detto di non avere un attaccamento emotivo al proprio datore di lavoro. Una delle ragioni principali \u00e8 la mancanza di feedback. In Germania, per esempio\u00a0<a href=\"https:\/\/vision.haufe.de\/blog\/feedback-ist-die-neue-waehrung-in-unternehmen\/\">Circa il 40 per cento<\/a> dei dipendenti vogliono pi\u00f9 feedback dai loro superiori, e la tendenza - specialmente tra la \"Gen Y\" - \u00e8 in aumento.<\/p>\n<h2>I dipendenti promossi devono prima imparare la leadership<\/h2>\n<p>I leader assenteisti sono onnipresenti nelle organizzazioni. Una delle ragioni principali \u00e8 che le aziende in genere hanno difficolt\u00e0 a identificare buoni leader. I dipendenti sono spesso promossi perch\u00e9 non sono colpevoli di nulla o perch\u00e9 sono popolari. Tuttavia, essere un buon cittadino aziendale non equivale necessariamente a una buona leadership. Inoltre, i dipendenti promossi spesso non sanno cosa significa leadership. Potrebbero essere bravi a soddisfare i requisiti della posizione per cui sono stati assunti una volta, ma non hanno capacit\u00e0 di leadership o esperienza. Infine, anche la cultura aziendale gioca un certo ruolo: il feedback \u00e8 spesso sottovalutato. Perch\u00e9 dare un feedback costruttivo \u00e8 una certa arte. Per paura di offendere i dipendenti, molti manager evitano di correggere il comportamento.<\/p>\n<h2>Assenteismo a rischio: cinque conseguenze per le organizzazioni<\/h2>\n<p>In breve, il danno maggiore \u00e8 fatto da quei leader che non attirano ulteriore attenzione. Le conseguenze di questo possono essere:<\/p>\n<ol>\n<li>Compiti non chiaramente definiti: I leader assenteisti non riescono a fissare obiettivi per la loro squadra. Questo aumenta il rischio per i lavoratori di <a href=\"https:\/\/psychology.iresearchnet.com\/industrial-organizational-psychology\/job-satisfaction\/role-ambiguity\/\">Incertezza<\/a>cosa ci si aspetta esattamente da loro. Di conseguenza, molta energia viene spesa per definire la propria area di responsabilit\u00e0 invece di agire in modo orientato all'obiettivo.<\/li>\n<li><a href=\"https:\/\/econtent.hogrefe.com\/doi\/abs\/10.1027\/2151-2604\/a000189\">Bassa soddisfazione sul lavoro<\/a>La mancanza di feedback da un supervisore assente pu\u00f2 far sentire i lavoratori sottovalutati o insicuri del loro ruolo. Una bassa soddisfazione sul lavoro \u00e8 direttamente collegata al declino della produttivit\u00e0 e quindi a perdite notevoli per le aziende.<\/li>\n<li>Problemi di salute: Lo stress causato dai leader assenteisti si manifesta in un aumento del numero di coloro che si sono dimessi internamente. Le conseguenze per la salute sono molteplici: si osservano frequentemente disturbi d'ansia e depressione, pressione alta e disturbi gastrointestinali.<\/li>\n<li>Burnout: uno <a href=\"https:\/\/www.gallup.com\/workplace\/237059\/employee-burnout-part-main-causes.aspx?g_source=link_NEWSV9&amp;g_medium=TOPIC&amp;g_campaign=item_&amp;g_content=Employee%20Burnout,%20Part%201:%20The%205%20Main%20Causes\">Sondaggio Gallup<\/a> Secondo lo studio, i compiti non chiaramente definiti e la mancanza di comunicazione e sostegno da parte dei superiori sono tra le cause principali delle sindromi di burnout. In assenza di un chiaro stile di leadership, i lavoratori diventano eccessivamente stressati. Le conseguenze sono una crescente stanchezza e cinismo.<\/li>\n<li>Tendenze al churn: La ragione pi\u00f9 comune per cambiare datore di lavoro \u00e8 la scarsa leadership. Uno <a href=\"https:\/\/www.researchgate.net\/publication\/227657783_The_Prevalence_of_Destructive_Leadership_Behaviour\">Studio sul comportamento distruttivo della leadership<\/a> Secondo lo studio, i lavoratori avevano il doppio delle probabilit\u00e0 di lottare con leader assenteisti che con altre forme di cattiva leadership.<\/li>\n<\/ol>\n<h2>Riconoscere la competenza di leadership nei dipendenti<\/h2>\n<p>Scott Gregory, CEO di Hogan Assessments, ha avuto a che fare con la leadership assente per quasi 30 anni. Dice: \"Anche se l'impatto sui dipendenti \u00e8 ben noto, ci sono poche organizzazioni che identificano sistematicamente i leader assenti e prendono le misure appropriate. C'\u00e8 una buona probabilit\u00e0 che la tua organizzazione non abbia ancora riconosciuto i leader assenti, perch\u00e9 di solito sono sotto la soglia di percezione e si comportano in modo poco appariscente\". Le misure di performance oggettive, come i test di personalit\u00e0, possono essere utilizzate per identificare tali tratti comportamentali latenti. Scott Gregory: \"Se la vostra organizzazione ha uno dei <a href=\"https:\/\/hbr.org\/2013\/05\/talent-management-boards-give\">relativamente pochi<\/a> \u00e8 con metodi di selezione e promozione efficaci, c'\u00e8 la possibilit\u00e0 di riconoscere leader efficaci e distruttivi\".<\/p>\n<p><em>Fonte e ulteriori informazioni: <a href=\"http:\/\/www.hoganassessments.com\/\">www.hoganassessments.com<\/a><\/em><\/p>","protected":false},"excerpt":{"rendered":"<p>Ein altes Sprichwort lautet: \u201eNur wer am lautesten schreit, wird geh\u00f6rt.\u201c In jeder Organisation ist es so, dass diejenigen Manager, die am meisten Schaden anrichten, deutlich auffallen, sei es in Form von Entwicklungs- oder Disziplinarma\u00dfnahmen. Studien offenbaren jedoch, dass das weitaus destruktivste F\u00fchrungsverhalten g\u00e4nzlich unerkannt bleibt: der abwesende F\u00fchrungsstil. Absentismus schadet Abwesende F\u00fchrungskr\u00e4fte m\u00f6gen k\u00f6rperlich [&hellip;]<\/p>\n","protected":false},"author":4,"featured_media":4173,"comment_status":"open","ping_status":"open","sticky":false,"template":"","format":"standard","meta":{"_acf_changed":false,"_yoast_wpseo_focuskw":"Absentismus","_yoast_wpseo_metadesc":"Studien belegen, dass ein abwesender F\u00fchrungsstil (Absentismus) nicht nur der Belegschaft schadet, sondern auch Produktions- und Umsatzeinbu\u00dfen verursacht.","articlekey":"","footnotes":""},"categories":[28],"tags":[208,320,335,400,459],"class_list":["post-4171","post","type-post","status-publish","format-standard","has-post-thumbnail","hentry","category-management","tag-fit-im-job","tag-leadership","tag-management-und-unternehmensfuehrung","tag-psychische-gesundheit","tag-studie"],"acf":[],"yoast_head":"<!-- This site is optimized with the Yoast SEO plugin v27.5 - https:\/\/yoast.com\/product\/yoast-seo-wordpress\/ -->\n<title>Absentismus: der lautlose Killer von Organisationen - Organisator<\/title>\n<meta name=\"description\" content=\"Studien belegen, dass ein abwesender F\u00fchrungsstil (Absentismus) nicht nur der Belegschaft schadet, sondern auch Produktions- und Umsatzeinbu\u00dfen verursacht.\" \/>\n<meta name=\"robots\" content=\"index, follow, max-snippet:-1, max-image-preview:large, max-video-preview:-1\" \/>\n<link rel=\"canonical\" href=\"https:\/\/www.organisator.ch\/it\/gestione-2\/2018-09-03\/absentismus-der-lautlose-killer-von-organisationen\/\" \/>\n<meta property=\"og:locale\" content=\"it_IT\" \/>\n<meta property=\"og:type\" content=\"article\" \/>\n<meta property=\"og:title\" content=\"Absentismus: der lautlose Killer von Organisationen\" \/>\n<meta property=\"og:description\" content=\"Studien belegen, dass ein abwesender F\u00fchrungsstil (Absentismus) nicht nur der Belegschaft schadet, sondern auch Produktions- und Umsatzeinbu\u00dfen verursacht.\" \/>\n<meta property=\"og:url\" content=\"https:\/\/www.organisator.ch\/it\/gestione-2\/2018-09-03\/absentismus-der-lautlose-killer-von-organisationen\/\" \/>\n<meta property=\"og:site_name\" content=\"Organisator\" \/>\n<meta property=\"article:publisher\" content=\"https:\/\/www.facebook.com\/OrganisatorFachmagazin\" \/>\n<meta property=\"article:published_time\" content=\"2018-09-03T07:06:40+00:00\" \/>\n<meta property=\"og:image\" content=\"https:\/\/www.organisator.ch\/wp-content\/uploads\/2018\/09\/Absentismus-der-lautlose-Killer-von-Organisationen_Organisator.jpg\" \/>\n\t<meta property=\"og:image:width\" content=\"640\" \/>\n\t<meta property=\"og:image:height\" content=\"378\" \/>\n\t<meta property=\"og:image:type\" content=\"image\/jpeg\" \/>\n<meta name=\"author\" content=\"thomas.berner\" \/>\n<meta name=\"twitter:card\" content=\"summary_large_image\" \/>\n<meta name=\"twitter:title\" content=\"#Absentismus: der lautlose Killer von Organisationen\" \/>\n<meta name=\"twitter:description\" content=\"Studien belegen, dass ein abwesender F\u00fchrungsstil (#Absentismus) nicht nur der Belegschaft schadet, sondern auch Produktions- und Umsatzeinbu\u00dfen verursacht.\" \/>\n<meta name=\"twitter:image\" content=\"https:\/\/www.organisator.ch\/wp-content\/uploads\/2018\/09\/Absentismus-der-lautlose-Killer-von-Organisationen_Organisator.jpg\" \/>\n<script type=\"application\/ld+json\" class=\"yoast-schema-graph\">{\"@context\":\"https:\\\/\\\/schema.org\",\"@graph\":[{\"@type\":\"Article\",\"@id\":\"https:\\\/\\\/www.organisator.ch\\\/management\\\/2018-09-03\\\/absentismus-der-lautlose-killer-von-organisationen\\\/#article\",\"isPartOf\":{\"@id\":\"https:\\\/\\\/www.organisator.ch\\\/management\\\/2018-09-03\\\/absentismus-der-lautlose-killer-von-organisationen\\\/\"},\"author\":{\"name\":\"thomas.berner\",\"@id\":\"https:\\\/\\\/www.organisator.ch\\\/#\\\/schema\\\/person\\\/6f650f90b2842cd4c0cc334b4e36f67e\"},\"headline\":\"Absentismus: der lautlose Killer von Organisationen\",\"datePublished\":\"2018-09-03T07:06:40+00:00\",\"mainEntityOfPage\":{\"@id\":\"https:\\\/\\\/www.organisator.ch\\\/management\\\/2018-09-03\\\/absentismus-der-lautlose-killer-von-organisationen\\\/\"},\"wordCount\":878,\"commentCount\":0,\"publisher\":{\"@id\":\"https:\\\/\\\/www.organisator.ch\\\/#organization\"},\"image\":{\"@id\":\"https:\\\/\\\/www.organisator.ch\\\/management\\\/2018-09-03\\\/absentismus-der-lautlose-killer-von-organisationen\\\/#primaryimage\"},\"thumbnailUrl\":\"https:\\\/\\\/www.organisator.ch\\\/wp-content\\\/uploads\\\/2018\\\/09\\\/Absentismus-der-lautlose-Killer-von-Organisationen_Organisator.jpg\",\"keywords\":[\"Fit im Job\",\"Leadership\",\"Management und Unternehmensf\u00fchrung\",\"Psychische Gesundheit\",\"Studie\"],\"articleSection\":[\"MANAGEMENT\"],\"inLanguage\":\"it-IT\"},{\"@type\":\"WebPage\",\"@id\":\"https:\\\/\\\/www.organisator.ch\\\/management\\\/2018-09-03\\\/absentismus-der-lautlose-killer-von-organisationen\\\/\",\"url\":\"https:\\\/\\\/www.organisator.ch\\\/management\\\/2018-09-03\\\/absentismus-der-lautlose-killer-von-organisationen\\\/\",\"name\":\"Absentismus: der lautlose Killer von Organisationen - Organisator\",\"isPartOf\":{\"@id\":\"https:\\\/\\\/www.organisator.ch\\\/#website\"},\"primaryImageOfPage\":{\"@id\":\"https:\\\/\\\/www.organisator.ch\\\/management\\\/2018-09-03\\\/absentismus-der-lautlose-killer-von-organisationen\\\/#primaryimage\"},\"image\":{\"@id\":\"https:\\\/\\\/www.organisator.ch\\\/management\\\/2018-09-03\\\/absentismus-der-lautlose-killer-von-organisationen\\\/#primaryimage\"},\"thumbnailUrl\":\"https:\\\/\\\/www.organisator.ch\\\/wp-content\\\/uploads\\\/2018\\\/09\\\/Absentismus-der-lautlose-Killer-von-Organisationen_Organisator.jpg\",\"datePublished\":\"2018-09-03T07:06:40+00:00\",\"description\":\"Studien belegen, dass ein abwesender F\u00fchrungsstil (Absentismus) nicht nur der Belegschaft schadet, sondern auch Produktions- und Umsatzeinbu\u00dfen verursacht.\",\"breadcrumb\":{\"@id\":\"https:\\\/\\\/www.organisator.ch\\\/management\\\/2018-09-03\\\/absentismus-der-lautlose-killer-von-organisationen\\\/#breadcrumb\"},\"inLanguage\":\"it-IT\",\"potentialAction\":[{\"@type\":\"ReadAction\",\"target\":[\"https:\\\/\\\/www.organisator.ch\\\/management\\\/2018-09-03\\\/absentismus-der-lautlose-killer-von-organisationen\\\/\"]}]},{\"@type\":\"ImageObject\",\"inLanguage\":\"it-IT\",\"@id\":\"https:\\\/\\\/www.organisator.ch\\\/management\\\/2018-09-03\\\/absentismus-der-lautlose-killer-von-organisationen\\\/#primaryimage\",\"url\":\"https:\\\/\\\/www.organisator.ch\\\/wp-content\\\/uploads\\\/2018\\\/09\\\/Absentismus-der-lautlose-Killer-von-Organisationen_Organisator.jpg\",\"contentUrl\":\"https:\\\/\\\/www.organisator.ch\\\/wp-content\\\/uploads\\\/2018\\\/09\\\/Absentismus-der-lautlose-Killer-von-Organisationen_Organisator.jpg\",\"width\":640,\"height\":378,\"caption\":\"Absentismus: Wenn F\u00fchrungskr\u00e4fte zwar \\\"da\\\" sind, aber trotzdem nicht zu sehen sind... (Grafik: Hogan Assessments)\"},{\"@type\":\"BreadcrumbList\",\"@id\":\"https:\\\/\\\/www.organisator.ch\\\/management\\\/2018-09-03\\\/absentismus-der-lautlose-killer-von-organisationen\\\/#breadcrumb\",\"itemListElement\":[{\"@type\":\"ListItem\",\"position\":1,\"name\":\"Home\",\"item\":\"https:\\\/\\\/www.organisator.ch\\\/\"},{\"@type\":\"ListItem\",\"position\":2,\"name\":\"Absentismus: der lautlose Killer von Organisationen\"}]},{\"@type\":\"WebSite\",\"@id\":\"https:\\\/\\\/www.organisator.ch\\\/#website\",\"url\":\"https:\\\/\\\/www.organisator.ch\\\/\",\"name\":\"Organisator\",\"description\":\"Kompetent. Praxisnah. Der ORGANISATOR bereitet in 10 Ausgaben pro Jahr die wesentlichen Themen f\u00fcr F\u00fchrungskr\u00e4fte von KMU auf.\",\"publisher\":{\"@id\":\"https:\\\/\\\/www.organisator.ch\\\/#organization\"},\"potentialAction\":[{\"@type\":\"SearchAction\",\"target\":{\"@type\":\"EntryPoint\",\"urlTemplate\":\"https:\\\/\\\/www.organisator.ch\\\/?s={search_term_string}\"},\"query-input\":{\"@type\":\"PropertyValueSpecification\",\"valueRequired\":true,\"valueName\":\"search_term_string\"}}],\"inLanguage\":\"it-IT\"},{\"@type\":\"Organization\",\"@id\":\"https:\\\/\\\/www.organisator.ch\\\/#organization\",\"name\":\"Organisator\",\"url\":\"https:\\\/\\\/www.organisator.ch\\\/\",\"logo\":{\"@type\":\"ImageObject\",\"inLanguage\":\"it-IT\",\"@id\":\"https:\\\/\\\/www.organisator.ch\\\/#\\\/schema\\\/logo\\\/image\\\/\",\"url\":\"https:\\\/\\\/www.organisator.ch\\\/wp-content\\\/uploads\\\/2022\\\/01\\\/Logo_Organisator_Website.png\",\"contentUrl\":\"https:\\\/\\\/www.organisator.ch\\\/wp-content\\\/uploads\\\/2022\\\/01\\\/Logo_Organisator_Website.png\",\"width\":800,\"height\":77,\"caption\":\"Organisator\"},\"image\":{\"@id\":\"https:\\\/\\\/www.organisator.ch\\\/#\\\/schema\\\/logo\\\/image\\\/\"},\"sameAs\":[\"https:\\\/\\\/www.facebook.com\\\/OrganisatorFachmagazin\",\"https:\\\/\\\/www.linkedin.com\\\/showcase\\\/organisator-das-magazin-fr-kmu\",\"https:\\\/\\\/www.xing.com\\\/news\\\/pages\\\/organisator-ch-695\",\"https:\\\/\\\/www.youtube.com\\\/channel\\\/UCGP2Sq0iWaZwT3BdIAQFYpw\"]},{\"@type\":\"Person\",\"@id\":\"https:\\\/\\\/www.organisator.ch\\\/#\\\/schema\\\/person\\\/6f650f90b2842cd4c0cc334b4e36f67e\",\"name\":\"thomas.berner\",\"image\":{\"@type\":\"ImageObject\",\"inLanguage\":\"it-IT\",\"@id\":\"https:\\\/\\\/secure.gravatar.com\\\/avatar\\\/ac5001d2a36cb6c6cd3e50789007ffca834b477b74a2144564522e944eabff61?s=96&d=mm&r=g\",\"url\":\"https:\\\/\\\/secure.gravatar.com\\\/avatar\\\/ac5001d2a36cb6c6cd3e50789007ffca834b477b74a2144564522e944eabff61?s=96&d=mm&r=g\",\"contentUrl\":\"https:\\\/\\\/secure.gravatar.com\\\/avatar\\\/ac5001d2a36cb6c6cd3e50789007ffca834b477b74a2144564522e944eabff61?s=96&d=mm&r=g\",\"caption\":\"thomas.berner\"},\"url\":\"https:\\\/\\\/www.organisator.ch\\\/it\\\/author\\\/thomas-berner\\\/\"}]}<\/script>\n<!-- \/ Yoast SEO plugin. -->","yoast_head_json":{"title":"Assenteismo: il killer silenzioso delle organizzazioni - Organizzatore","description":"Gli studi dimostrano che uno stile di leadership assente (assenteismo) non solo danneggia la forza lavoro, ma causa anche perdite di produzione e di fatturato.","robots":{"index":"index","follow":"follow","max-snippet":"max-snippet:-1","max-image-preview":"max-image-preview:large","max-video-preview":"max-video-preview:-1"},"canonical":"https:\/\/www.organisator.ch\/it\/gestione-2\/2018-09-03\/absentismus-der-lautlose-killer-von-organisationen\/","og_locale":"it_IT","og_type":"article","og_title":"Absentismus: der lautlose Killer von Organisationen","og_description":"Studien belegen, dass ein abwesender F\u00fchrungsstil (Absentismus) nicht nur der Belegschaft schadet, sondern auch Produktions- und Umsatzeinbu\u00dfen verursacht.","og_url":"https:\/\/www.organisator.ch\/it\/gestione-2\/2018-09-03\/absentismus-der-lautlose-killer-von-organisationen\/","og_site_name":"Organisator","article_publisher":"https:\/\/www.facebook.com\/OrganisatorFachmagazin","article_published_time":"2018-09-03T07:06:40+00:00","og_image":[{"width":640,"height":378,"url":"https:\/\/www.organisator.ch\/wp-content\/uploads\/2018\/09\/Absentismus-der-lautlose-Killer-von-Organisationen_Organisator.jpg","type":"image\/jpeg"}],"author":"thomas.berner","twitter_card":"summary_large_image","twitter_title":"#Absentismus: der lautlose Killer von Organisationen","twitter_description":"Studien belegen, dass ein abwesender F\u00fchrungsstil (#Absentismus) nicht nur der Belegschaft schadet, sondern auch Produktions- und Umsatzeinbu\u00dfen verursacht.","twitter_image":"https:\/\/www.organisator.ch\/wp-content\/uploads\/2018\/09\/Absentismus-der-lautlose-Killer-von-Organisationen_Organisator.jpg","schema":{"@context":"https:\/\/schema.org","@graph":[{"@type":"Article","@id":"https:\/\/www.organisator.ch\/management\/2018-09-03\/absentismus-der-lautlose-killer-von-organisationen\/#article","isPartOf":{"@id":"https:\/\/www.organisator.ch\/management\/2018-09-03\/absentismus-der-lautlose-killer-von-organisationen\/"},"author":{"name":"thomas.berner","@id":"https:\/\/www.organisator.ch\/#\/schema\/person\/6f650f90b2842cd4c0cc334b4e36f67e"},"headline":"Absentismus: der lautlose Killer von Organisationen","datePublished":"2018-09-03T07:06:40+00:00","mainEntityOfPage":{"@id":"https:\/\/www.organisator.ch\/management\/2018-09-03\/absentismus-der-lautlose-killer-von-organisationen\/"},"wordCount":878,"commentCount":0,"publisher":{"@id":"https:\/\/www.organisator.ch\/#organization"},"image":{"@id":"https:\/\/www.organisator.ch\/management\/2018-09-03\/absentismus-der-lautlose-killer-von-organisationen\/#primaryimage"},"thumbnailUrl":"https:\/\/www.organisator.ch\/wp-content\/uploads\/2018\/09\/Absentismus-der-lautlose-Killer-von-Organisationen_Organisator.jpg","keywords":["Fit im Job","Leadership","Management und Unternehmensf\u00fchrung","Psychische Gesundheit","Studie"],"articleSection":["MANAGEMENT"],"inLanguage":"it-IT"},{"@type":"WebPage","@id":"https:\/\/www.organisator.ch\/management\/2018-09-03\/absentismus-der-lautlose-killer-von-organisationen\/","url":"https:\/\/www.organisator.ch\/management\/2018-09-03\/absentismus-der-lautlose-killer-von-organisationen\/","name":"Assenteismo: il killer silenzioso delle organizzazioni - Organizzatore","isPartOf":{"@id":"https:\/\/www.organisator.ch\/#website"},"primaryImageOfPage":{"@id":"https:\/\/www.organisator.ch\/management\/2018-09-03\/absentismus-der-lautlose-killer-von-organisationen\/#primaryimage"},"image":{"@id":"https:\/\/www.organisator.ch\/management\/2018-09-03\/absentismus-der-lautlose-killer-von-organisationen\/#primaryimage"},"thumbnailUrl":"https:\/\/www.organisator.ch\/wp-content\/uploads\/2018\/09\/Absentismus-der-lautlose-Killer-von-Organisationen_Organisator.jpg","datePublished":"2018-09-03T07:06:40+00:00","description":"Gli studi dimostrano che uno stile di leadership assente (assenteismo) non solo danneggia la forza lavoro, ma causa anche perdite di produzione e di fatturato.","breadcrumb":{"@id":"https:\/\/www.organisator.ch\/management\/2018-09-03\/absentismus-der-lautlose-killer-von-organisationen\/#breadcrumb"},"inLanguage":"it-IT","potentialAction":[{"@type":"ReadAction","target":["https:\/\/www.organisator.ch\/management\/2018-09-03\/absentismus-der-lautlose-killer-von-organisationen\/"]}]},{"@type":"ImageObject","inLanguage":"it-IT","@id":"https:\/\/www.organisator.ch\/management\/2018-09-03\/absentismus-der-lautlose-killer-von-organisationen\/#primaryimage","url":"https:\/\/www.organisator.ch\/wp-content\/uploads\/2018\/09\/Absentismus-der-lautlose-Killer-von-Organisationen_Organisator.jpg","contentUrl":"https:\/\/www.organisator.ch\/wp-content\/uploads\/2018\/09\/Absentismus-der-lautlose-Killer-von-Organisationen_Organisator.jpg","width":640,"height":378,"caption":"Absentismus: Wenn F\u00fchrungskr\u00e4fte zwar \"da\" sind, aber trotzdem nicht zu sehen sind... (Grafik: Hogan Assessments)"},{"@type":"BreadcrumbList","@id":"https:\/\/www.organisator.ch\/management\/2018-09-03\/absentismus-der-lautlose-killer-von-organisationen\/#breadcrumb","itemListElement":[{"@type":"ListItem","position":1,"name":"Home","item":"https:\/\/www.organisator.ch\/"},{"@type":"ListItem","position":2,"name":"Absentismus: der lautlose Killer von Organisationen"}]},{"@type":"WebSite","@id":"https:\/\/www.organisator.ch\/#website","url":"https:\/\/www.organisator.ch\/","name":"Organizzatore","description":"Competente. Pratico. In 10 numeri all'anno, ORGANISATOR presenta i temi essenziali per i manager delle PMI.","publisher":{"@id":"https:\/\/www.organisator.ch\/#organization"},"potentialAction":[{"@type":"SearchAction","target":{"@type":"EntryPoint","urlTemplate":"https:\/\/www.organisator.ch\/?s={search_term_string}"},"query-input":{"@type":"PropertyValueSpecification","valueRequired":true,"valueName":"search_term_string"}}],"inLanguage":"it-IT"},{"@type":"Organization","@id":"https:\/\/www.organisator.ch\/#organization","name":"Organizzatore","url":"https:\/\/www.organisator.ch\/","logo":{"@type":"ImageObject","inLanguage":"it-IT","@id":"https:\/\/www.organisator.ch\/#\/schema\/logo\/image\/","url":"https:\/\/www.organisator.ch\/wp-content\/uploads\/2022\/01\/Logo_Organisator_Website.png","contentUrl":"https:\/\/www.organisator.ch\/wp-content\/uploads\/2022\/01\/Logo_Organisator_Website.png","width":800,"height":77,"caption":"Organisator"},"image":{"@id":"https:\/\/www.organisator.ch\/#\/schema\/logo\/image\/"},"sameAs":["https:\/\/www.facebook.com\/OrganisatorFachmagazin","https:\/\/www.linkedin.com\/showcase\/organisator-das-magazin-fr-kmu","https:\/\/www.xing.com\/news\/pages\/organisator-ch-695","https:\/\/www.youtube.com\/channel\/UCGP2Sq0iWaZwT3BdIAQFYpw"]},{"@type":"Person","@id":"https:\/\/www.organisator.ch\/#\/schema\/person\/6f650f90b2842cd4c0cc334b4e36f67e","name":"Tommaso.berner","image":{"@type":"ImageObject","inLanguage":"it-IT","@id":"https:\/\/secure.gravatar.com\/avatar\/ac5001d2a36cb6c6cd3e50789007ffca834b477b74a2144564522e944eabff61?s=96&d=mm&r=g","url":"https:\/\/secure.gravatar.com\/avatar\/ac5001d2a36cb6c6cd3e50789007ffca834b477b74a2144564522e944eabff61?s=96&d=mm&r=g","contentUrl":"https:\/\/secure.gravatar.com\/avatar\/ac5001d2a36cb6c6cd3e50789007ffca834b477b74a2144564522e944eabff61?s=96&d=mm&r=g","caption":"thomas.berner"},"url":"https:\/\/www.organisator.ch\/it\/author\/thomas-berner\/"}]}},"_links":{"self":[{"href":"https:\/\/www.organisator.ch\/it\/wp-json\/wp\/v2\/posts\/4171","targetHints":{"allow":["GET"]}}],"collection":[{"href":"https:\/\/www.organisator.ch\/it\/wp-json\/wp\/v2\/posts"}],"about":[{"href":"https:\/\/www.organisator.ch\/it\/wp-json\/wp\/v2\/types\/post"}],"author":[{"embeddable":true,"href":"https:\/\/www.organisator.ch\/it\/wp-json\/wp\/v2\/users\/4"}],"replies":[{"embeddable":true,"href":"https:\/\/www.organisator.ch\/it\/wp-json\/wp\/v2\/comments?post=4171"}],"version-history":[{"count":0,"href":"https:\/\/www.organisator.ch\/it\/wp-json\/wp\/v2\/posts\/4171\/revisions"}],"wp:featuredmedia":[{"embeddable":true,"href":"https:\/\/www.organisator.ch\/it\/wp-json\/wp\/v2\/media\/4173"}],"wp:attachment":[{"href":"https:\/\/www.organisator.ch\/it\/wp-json\/wp\/v2\/media?parent=4171"}],"wp:term":[{"taxonomy":"category","embeddable":true,"href":"https:\/\/www.organisator.ch\/it\/wp-json\/wp\/v2\/categories?post=4171"},{"taxonomy":"post_tag","embeddable":true,"href":"https:\/\/www.organisator.ch\/it\/wp-json\/wp\/v2\/tags?post=4171"}],"curies":[{"name":"wp","href":"https:\/\/api.w.org\/{rel}","templated":true}]}}