{"id":41721,"date":"2025-11-04T08:29:18","date_gmt":"2025-11-04T07:29:18","guid":{"rendered":"https:\/\/www.organisator.ch\/?p=41721"},"modified":"2025-11-04T08:29:18","modified_gmt":"2025-11-04T07:29:18","slug":"studie-zeigt-das-klimapotenzial-von-secondhand-produkten","status":"publish","type":"post","link":"https:\/\/www.organisator.ch\/it\/sustainability\/2025-11-04\/studie-zeigt-das-klimapotenzial-von-secondhand-produkten\/","title":{"rendered":"Uno studio mostra il potenziale climatico dei prodotti di seconda mano"},"content":{"rendered":"<figure id=\"attachment_41722\" aria-describedby=\"caption-attachment-41722\" style=\"width: 680px\" class=\"wp-caption alignnone\"><img loading=\"lazy\" decoding=\"async\" class=\"size-full wp-image-41722\" src=\"https:\/\/www.organisator.ch\/wp-content\/uploads\/2025\/11\/Studie-zeigt-das-Klimapotenzial-von-Secondhand-Produkten_Organisator.jpg\" alt=\"\" width=\"680\" height=\"452\" srcset=\"https:\/\/www.organisator.ch\/wp-content\/uploads\/2025\/11\/Studie-zeigt-das-Klimapotenzial-von-Secondhand-Produkten_Organisator.jpg 680w, https:\/\/www.organisator.ch\/wp-content\/uploads\/2025\/11\/Studie-zeigt-das-Klimapotenzial-von-Secondhand-Produkten_Organisator-18x12.jpg 18w, https:\/\/www.organisator.ch\/wp-content\/uploads\/2025\/11\/Studie-zeigt-das-Klimapotenzial-von-Secondhand-Produkten_Organisator-375x249.jpg 375w, https:\/\/www.organisator.ch\/wp-content\/uploads\/2025\/11\/Studie-zeigt-das-Klimapotenzial-von-Secondhand-Produkten_Organisator-527x350.jpg 527w\" sizes=\"auto, (max-width: 680px) 100vw, 680px\" \/><figcaption id=\"caption-attachment-41722\" class=\"wp-caption-text\">Nelle cantine svizzere giacciono beni per un valore di 16 miliardi di franchi. franchi. Il potenziale climatico \u00e8 enorme. (Immagine: Robinson Greig \/ Unsplash.com)<\/figcaption><\/figure>\n<p>Il crescente trend dell'usato \u00e8 una vera e propria leva climatica. In Svizzera, l'elevato potere d'acquisto, la penetrazione del digitale e una spiccata sensibilit\u00e0 verso la sostenibilit\u00e0 stanno determinando una crescita sempre maggiore del settore dell'usato online. Si stima che nel 2024, grazie al commercio digitale di seconda mano in Svizzera, si potrebbero evitare 166.368 tonnellate di emissioni di CO\u2082e, pari a circa 1,8 % dell'impronta di consumo annuale delle famiglie svizzere. Questo \u00e8 il risultato di una recente analisi condotta per conto di SMG Swiss Marketplace Group nell'ambito della manifestazione di quest'anno <a href=\"https:\/\/www.secondhandday.ch\/\">Giornata dell'usato<\/a> in collaborazione con <a href=\"https:\/\/www.vaayu.tech\/about\">Vaayu<\/a> \u00e8 stata preparata. L'analisi si basa su uno studio pubblicato da McKinsey &amp; Company nel luglio 2025, sulle pubblicazioni dell'Ufficio Federale di Statistica e su uno studio preparato da Vaayu che, insieme a SMG, ha calcolato le emissioni di gas serra potenzialmente evitate dai marketplace SMG Ricardo, tutti.ch e anibis.ch nel \u201cRapporto sulle emissioni evitate 2024\u201d. L'ultima analisi elaborata da Vaayu \u00e8 la prima a quantificare in modo esaustivo la misura in cui il commercio online svizzero dell'usato contribuisce a evitare le emissioni di CO\u2082e. Per calcolare le emissioni di gas serra potenzialmente evitate, \u00e8 stato analizzato il volume delle transazioni di nove piattaforme di seconda mano leader in Svizzera. Lo studio si \u00e8 concentrato su categorie di beni di consumo quali bambini e neonati, elettronica, moda e accessori, casa e abitazione, tempo libero, sport e hobby.<\/p>\n<h3><strong>Rivendita di articoli inutilizzati: 17 volte pi\u00f9 emissioni di gas serra evitate una tantum.<\/strong><\/h3>\n<p>L'attuale analisi di SMG e Vaayu mostra che le emissioni di gas serra evitate grazie al commercio online di seconda mano nel 2024 corrispondono a una stima di 1,8 % dell'impronta di consumo annuale delle famiglie svizzere, sulla base della spesa di tutte le famiglie svizzere nel 2021 (riferimento: UST). Una cifra considerevole con ampi margini di miglioramento. L'analisi mostra anche che attualmente esiste un immenso potenziale di rivendita di oggetti inutilizzati e ancora funzionanti che giacciono inattivi nelle case svizzere. Secondo lo studio McKinsey, che \u00e8 servito da base per l'analisi di SMG e Vaayu, ogni famiglia svizzera contiene beni inutilizzati per un valore medio di 4.000 franchi. Vaayu calcola e confronta questo valore con il seguente potenziale impatto climatico: le emissioni potenzialmente evitabili derivanti dagli oggetti inutilizzati - cio\u00e8 se questi tesori venissero rivenduti nelle famiglie svizzere, sostituendo cos\u00ec l'acquisto di nuovi prodotti - corrispondono a circa 30,6 % (2,8 milioni di tonnellate di CO\u2082e) dell'impronta di consumo annuale delle famiglie svizzere nel 2024. Ci\u00f2 significa che se tutti gli articoli inutilizzati nelle famiglie svizzere venissero rivenduti e riutilizzati, si stima che l'impronta di consumo annuale di 1,8 % potrebbe essere moltiplicata per un fattore di 17, arrivando a 30,6 %.<\/p>\n<h3><strong>Previsione: 10 % in pi\u00f9 di CO<sub>2<\/sub>e potenziale di risparmio entro il 2029<\/strong><\/h3>\n<p>Lo studio sui mercati online di McKinsey &amp; Company, utilizzato come base per la presente analisi, ipotizza una crescita annuale sostenuta del volume di transazioni dei mercati online dell'usato svizzeri pari a 3 %. Su questa base, il consumo di usato online in Svizzera potrebbe potenzialmente evitare 183.209 tonnellate di emissioni di CO\u2082e nel 2029, il che corrisponde a una crescita di 10 % rispetto al 2024. Questo potenziale di risparmio riflette solo la crescita stimata del mercato puro (non si tiene conto di ulteriori cambiamenti nel comportamento dei consumatori o di ottimizzazioni della produzione, come la decarbonizzazione della produzione in Cina).<\/p>\n<p>L'analisi di Vaayu aggiunge alla crescita puramente stimata del mercato possibili cambiamenti sostenibili nel comportamento dei consumatori, ottenendo il seguente scenario entro il 2029: Se la quota di acquisti di seconda mano che sostituisce effettivamente i prodotti nuovi (tasso di sostituzione) aumenta gradualmente da 53 % a 60 % entro il 2029, si potrebbero evitare 23 % di emissioni di gas serra in pi\u00f9 rispetto alla previsione basata esclusivamente sulla crescita del mercato. Ci\u00f2 significherebbe Ogni punto percentuale di aumento del tasso di sostituzione porta a oltre 3 % in pi\u00f9 di emissioni evitate.<\/p>\n<h3><strong>SMG come partner di Secondhand Day<\/strong><\/h3>\n<p>L'analisi condotta da SMG in collaborazione con Vaayu nell'ambito della Giornata Nazionale dell'usato di quest'anno, che si terr\u00e0 sabato 8 novembre 2025, mostra come piccoli cambiamenti nel comportamento dei consumatori possano avere un impatto reale sul clima. \u201cI risultati dell'analisi attuale sono impressionanti e ci motivano a incrementare ulteriormente il mercato nascosto dell'usato e il potenziale climatico in Svizzera con i nostri mercati online Ricardo, tutti.ch e anibis.ch\u201d, afferma Jessica List, Chief Corporate Officer di SMG. In qualit\u00e0 di partner della Giornata dell'usato di quest'anno, SMG sostiene questa giornata d'azione annuale, lanciata nel 2020 da Ricardo, myclimate e Circular Economy Switzerland.<\/p>\n<p><em>Fonti:<\/em><\/p>\n<ul>\n<li><em>McKinsey &amp; Company: <a href=\"https:\/\/www.mckinsey.com\/industries\/private-capital\/our-insights\/unlocking-switzerlands-potential-the-rise-of-online-marketplaces#\/\">Liberare il potenziale della Svizzera: l'ascesa dei mercati online<\/a><\/em><\/li>\n<li><em>Ufficio federale di statistica: <a href=\"https:\/\/www.bfs.admin.ch\/bfs\/de\/home\/statistiken\/raum-umwelt\/umweltgesamtrechnung\/luftemissionen.assetdetail.27705358.html\">Impronta di gas serra delle famiglie per voce di spesa<\/a><\/em><\/li>\n<li><em>SMG Swiss Marketplace Group: <a href=\"https:\/\/swissmarketplace.group\/esg\/sustainability-report\/\">Rapporto sulle emissioni evitate 2024<\/a><\/em><\/li>\n<\/ul>","protected":false},"excerpt":{"rendered":"<p>La Svizzera sta registrando una forte crescita nel segmento di mercato online dei prodotti di seconda mano. Questo sviluppo \u00e8 sostenuto da un alto livello di accettazione del digitale, da un elevato potere d'acquisto e da una cultura della sostenibilit\u00e0 e della qualit\u00e0. Uno studio condotto da SMG Swiss Marketplace Group e Vaayu analizza le emissioni di CO\u2082 evitate con lo scambio di beni di seconda mano sui mercati digitali nel 2024. <\/p>","protected":false},"author":4,"featured_media":41722,"comment_status":"closed","ping_status":"closed","sticky":false,"template":"","format":"standard","meta":{"_acf_changed":false,"_yoast_wpseo_focuskw":"Klimapotenzial","_yoast_wpseo_metadesc":"Eine Studie von SMG Swiss Marketplace Group und Vaayu befasst sich mit dem Klimapotenzial von Secondhand-Produkten.","articlekey":"","footnotes":""},"categories":[580],"tags":[163,594,358,459],"class_list":["post-41721","post","type-post","status-publish","format-standard","has-post-thumbnail","hentry","category-sustainability","tag-e-commerce","tag-kreislaufwirtschaft","tag-nachhaltige-wirtschaft","tag-studie"],"acf":[],"yoast_head":"<!-- This site is optimized with the Yoast SEO plugin v27.5 - https:\/\/yoast.com\/product\/yoast-seo-wordpress\/ -->\n<title>Studie zeigt das Klimapotenzial von Secondhand-Produkten - Organisator<\/title>\n<meta name=\"description\" content=\"Eine Studie von SMG Swiss Marketplace Group und Vaayu befasst sich mit dem Klimapotenzial von Secondhand-Produkten.\" \/>\n<meta name=\"robots\" content=\"index, follow, max-snippet:-1, max-image-preview:large, max-video-preview:-1\" \/>\n<link rel=\"canonical\" href=\"https:\/\/www.organisator.ch\/it\/sostenibilita\/2025-11-04\/studie-zeigt-das-klimapotenzial-von-secondhand-produkten\/\" \/>\n<meta property=\"og:locale\" content=\"it_IT\" \/>\n<meta property=\"og:type\" content=\"article\" \/>\n<meta property=\"og:title\" content=\"Studie zeigt das Klimapotenzial von Secondhand-Produkten\" \/>\n<meta property=\"og:description\" content=\"Eine Studie von SMG Swiss Marketplace Group und Vaayu befasst sich mit dem Klimapotenzial von Secondhand-Produkten.\" \/>\n<meta property=\"og:url\" content=\"https:\/\/www.organisator.ch\/it\/sostenibilita\/2025-11-04\/studie-zeigt-das-klimapotenzial-von-secondhand-produkten\/\" \/>\n<meta property=\"og:site_name\" content=\"Organisator\" \/>\n<meta property=\"article:publisher\" content=\"https:\/\/www.facebook.com\/OrganisatorFachmagazin\" \/>\n<meta property=\"article:published_time\" content=\"2025-11-04T07:29:18+00:00\" \/>\n<meta property=\"og:image\" content=\"https:\/\/www.organisator.ch\/wp-content\/uploads\/2025\/11\/Studie-zeigt-das-Klimapotenzial-von-Secondhand-Produkten_Organisator.jpg\" \/>\n\t<meta property=\"og:image:width\" content=\"680\" \/>\n\t<meta property=\"og:image:height\" content=\"452\" \/>\n\t<meta property=\"og:image:type\" content=\"image\/jpeg\" \/>\n<meta name=\"author\" content=\"thomas.berner\" \/>\n<meta name=\"twitter:card\" content=\"summary_large_image\" \/>\n<meta name=\"twitter:title\" content=\"Studie zeigt das #Klimapotenzial von #Secondhand-Produkten\" \/>\n<meta name=\"twitter:description\" content=\"Eine Studie von #SMG Swiss Marketplace Group und #Vaayu befasst sich mit dem #Klimapotenzial von #Secondhand-Produkten.\" \/>\n<meta name=\"twitter:image\" content=\"https:\/\/www.organisator.ch\/wp-content\/uploads\/2025\/11\/Studie-zeigt-das-Klimapotenzial-von-Secondhand-Produkten_Organisator.jpg\" \/>\n<script type=\"application\/ld+json\" class=\"yoast-schema-graph\">{\"@context\":\"https:\\\/\\\/schema.org\",\"@graph\":[{\"@type\":\"Article\",\"@id\":\"https:\\\/\\\/www.organisator.ch\\\/sustainability\\\/2025-11-04\\\/studie-zeigt-das-klimapotenzial-von-secondhand-produkten\\\/#article\",\"isPartOf\":{\"@id\":\"https:\\\/\\\/www.organisator.ch\\\/sustainability\\\/2025-11-04\\\/studie-zeigt-das-klimapotenzial-von-secondhand-produkten\\\/\"},\"author\":{\"name\":\"thomas.berner\",\"@id\":\"https:\\\/\\\/www.organisator.ch\\\/#\\\/schema\\\/person\\\/6f650f90b2842cd4c0cc334b4e36f67e\"},\"headline\":\"Studie zeigt das Klimapotenzial von Secondhand-Produkten\",\"datePublished\":\"2025-11-04T07:29:18+00:00\",\"mainEntityOfPage\":{\"@id\":\"https:\\\/\\\/www.organisator.ch\\\/sustainability\\\/2025-11-04\\\/studie-zeigt-das-klimapotenzial-von-secondhand-produkten\\\/\"},\"wordCount\":725,\"publisher\":{\"@id\":\"https:\\\/\\\/www.organisator.ch\\\/#organization\"},\"image\":{\"@id\":\"https:\\\/\\\/www.organisator.ch\\\/sustainability\\\/2025-11-04\\\/studie-zeigt-das-klimapotenzial-von-secondhand-produkten\\\/#primaryimage\"},\"thumbnailUrl\":\"https:\\\/\\\/www.organisator.ch\\\/wp-content\\\/uploads\\\/2025\\\/11\\\/Studie-zeigt-das-Klimapotenzial-von-Secondhand-Produkten_Organisator.jpg\",\"keywords\":[\"E-Commerce\",\"Kreislaufwirtschaft\",\"Nachhaltige Wirtschaft\",\"Studie\"],\"articleSection\":[\"SUSTAINABILITY\"],\"inLanguage\":\"it-IT\"},{\"@type\":\"WebPage\",\"@id\":\"https:\\\/\\\/www.organisator.ch\\\/sustainability\\\/2025-11-04\\\/studie-zeigt-das-klimapotenzial-von-secondhand-produkten\\\/\",\"url\":\"https:\\\/\\\/www.organisator.ch\\\/sustainability\\\/2025-11-04\\\/studie-zeigt-das-klimapotenzial-von-secondhand-produkten\\\/\",\"name\":\"Studie zeigt das Klimapotenzial von Secondhand-Produkten - Organisator\",\"isPartOf\":{\"@id\":\"https:\\\/\\\/www.organisator.ch\\\/#website\"},\"primaryImageOfPage\":{\"@id\":\"https:\\\/\\\/www.organisator.ch\\\/sustainability\\\/2025-11-04\\\/studie-zeigt-das-klimapotenzial-von-secondhand-produkten\\\/#primaryimage\"},\"image\":{\"@id\":\"https:\\\/\\\/www.organisator.ch\\\/sustainability\\\/2025-11-04\\\/studie-zeigt-das-klimapotenzial-von-secondhand-produkten\\\/#primaryimage\"},\"thumbnailUrl\":\"https:\\\/\\\/www.organisator.ch\\\/wp-content\\\/uploads\\\/2025\\\/11\\\/Studie-zeigt-das-Klimapotenzial-von-Secondhand-Produkten_Organisator.jpg\",\"datePublished\":\"2025-11-04T07:29:18+00:00\",\"description\":\"Eine Studie von SMG Swiss Marketplace Group und Vaayu befasst sich mit dem Klimapotenzial von Secondhand-Produkten.\",\"breadcrumb\":{\"@id\":\"https:\\\/\\\/www.organisator.ch\\\/sustainability\\\/2025-11-04\\\/studie-zeigt-das-klimapotenzial-von-secondhand-produkten\\\/#breadcrumb\"},\"inLanguage\":\"it-IT\",\"potentialAction\":[{\"@type\":\"ReadAction\",\"target\":[\"https:\\\/\\\/www.organisator.ch\\\/sustainability\\\/2025-11-04\\\/studie-zeigt-das-klimapotenzial-von-secondhand-produkten\\\/\"]}]},{\"@type\":\"ImageObject\",\"inLanguage\":\"it-IT\",\"@id\":\"https:\\\/\\\/www.organisator.ch\\\/sustainability\\\/2025-11-04\\\/studie-zeigt-das-klimapotenzial-von-secondhand-produkten\\\/#primaryimage\",\"url\":\"https:\\\/\\\/www.organisator.ch\\\/wp-content\\\/uploads\\\/2025\\\/11\\\/Studie-zeigt-das-Klimapotenzial-von-Secondhand-Produkten_Organisator.jpg\",\"contentUrl\":\"https:\\\/\\\/www.organisator.ch\\\/wp-content\\\/uploads\\\/2025\\\/11\\\/Studie-zeigt-das-Klimapotenzial-von-Secondhand-Produkten_Organisator.jpg\",\"width\":680,\"height\":452,\"caption\":\"In Schweizer Kellern schlummert Ware von 16 Mia. Franken. Dahinter verbirgt sich ein grosses Klimapotenzial. (Bild: Robinson Greig \\\/ Unsplash.com)\"},{\"@type\":\"BreadcrumbList\",\"@id\":\"https:\\\/\\\/www.organisator.ch\\\/sustainability\\\/2025-11-04\\\/studie-zeigt-das-klimapotenzial-von-secondhand-produkten\\\/#breadcrumb\",\"itemListElement\":[{\"@type\":\"ListItem\",\"position\":1,\"name\":\"Home\",\"item\":\"https:\\\/\\\/www.organisator.ch\\\/\"},{\"@type\":\"ListItem\",\"position\":2,\"name\":\"Studie zeigt das Klimapotenzial von Secondhand-Produkten\"}]},{\"@type\":\"WebSite\",\"@id\":\"https:\\\/\\\/www.organisator.ch\\\/#website\",\"url\":\"https:\\\/\\\/www.organisator.ch\\\/\",\"name\":\"Organisator\",\"description\":\"Kompetent. Praxisnah. Der ORGANISATOR bereitet in 10 Ausgaben pro Jahr die wesentlichen Themen f\u00fcr F\u00fchrungskr\u00e4fte von KMU auf.\",\"publisher\":{\"@id\":\"https:\\\/\\\/www.organisator.ch\\\/#organization\"},\"potentialAction\":[{\"@type\":\"SearchAction\",\"target\":{\"@type\":\"EntryPoint\",\"urlTemplate\":\"https:\\\/\\\/www.organisator.ch\\\/?s={search_term_string}\"},\"query-input\":{\"@type\":\"PropertyValueSpecification\",\"valueRequired\":true,\"valueName\":\"search_term_string\"}}],\"inLanguage\":\"it-IT\"},{\"@type\":\"Organization\",\"@id\":\"https:\\\/\\\/www.organisator.ch\\\/#organization\",\"name\":\"Organisator\",\"url\":\"https:\\\/\\\/www.organisator.ch\\\/\",\"logo\":{\"@type\":\"ImageObject\",\"inLanguage\":\"it-IT\",\"@id\":\"https:\\\/\\\/www.organisator.ch\\\/#\\\/schema\\\/logo\\\/image\\\/\",\"url\":\"https:\\\/\\\/www.organisator.ch\\\/wp-content\\\/uploads\\\/2022\\\/01\\\/Logo_Organisator_Website.png\",\"contentUrl\":\"https:\\\/\\\/www.organisator.ch\\\/wp-content\\\/uploads\\\/2022\\\/01\\\/Logo_Organisator_Website.png\",\"width\":800,\"height\":77,\"caption\":\"Organisator\"},\"image\":{\"@id\":\"https:\\\/\\\/www.organisator.ch\\\/#\\\/schema\\\/logo\\\/image\\\/\"},\"sameAs\":[\"https:\\\/\\\/www.facebook.com\\\/OrganisatorFachmagazin\",\"https:\\\/\\\/www.linkedin.com\\\/showcase\\\/organisator-das-magazin-fr-kmu\",\"https:\\\/\\\/www.xing.com\\\/news\\\/pages\\\/organisator-ch-695\",\"https:\\\/\\\/www.youtube.com\\\/channel\\\/UCGP2Sq0iWaZwT3BdIAQFYpw\"]},{\"@type\":\"Person\",\"@id\":\"https:\\\/\\\/www.organisator.ch\\\/#\\\/schema\\\/person\\\/6f650f90b2842cd4c0cc334b4e36f67e\",\"name\":\"thomas.berner\",\"image\":{\"@type\":\"ImageObject\",\"inLanguage\":\"it-IT\",\"@id\":\"https:\\\/\\\/secure.gravatar.com\\\/avatar\\\/ac5001d2a36cb6c6cd3e50789007ffca834b477b74a2144564522e944eabff61?s=96&d=mm&r=g\",\"url\":\"https:\\\/\\\/secure.gravatar.com\\\/avatar\\\/ac5001d2a36cb6c6cd3e50789007ffca834b477b74a2144564522e944eabff61?s=96&d=mm&r=g\",\"contentUrl\":\"https:\\\/\\\/secure.gravatar.com\\\/avatar\\\/ac5001d2a36cb6c6cd3e50789007ffca834b477b74a2144564522e944eabff61?s=96&d=mm&r=g\",\"caption\":\"thomas.berner\"},\"url\":\"https:\\\/\\\/www.organisator.ch\\\/it\\\/author\\\/thomas-berner\\\/\"}]}<\/script>\n<!-- \/ Yoast SEO plugin. -->","yoast_head_json":{"title":"Uno studio mostra il potenziale climatico dei prodotti di seconda mano - Organizzatore","description":"Uno studio di SMG Swiss Marketplace Group e Vaayu analizza il potenziale climatico dei prodotti di seconda mano.","robots":{"index":"index","follow":"follow","max-snippet":"max-snippet:-1","max-image-preview":"max-image-preview:large","max-video-preview":"max-video-preview:-1"},"canonical":"https:\/\/www.organisator.ch\/it\/sostenibilita\/2025-11-04\/studie-zeigt-das-klimapotenzial-von-secondhand-produkten\/","og_locale":"it_IT","og_type":"article","og_title":"Studie zeigt das Klimapotenzial von Secondhand-Produkten","og_description":"Eine Studie von SMG Swiss Marketplace Group und Vaayu befasst sich mit dem Klimapotenzial von Secondhand-Produkten.","og_url":"https:\/\/www.organisator.ch\/it\/sostenibilita\/2025-11-04\/studie-zeigt-das-klimapotenzial-von-secondhand-produkten\/","og_site_name":"Organisator","article_publisher":"https:\/\/www.facebook.com\/OrganisatorFachmagazin","article_published_time":"2025-11-04T07:29:18+00:00","og_image":[{"width":680,"height":452,"url":"https:\/\/www.organisator.ch\/wp-content\/uploads\/2025\/11\/Studie-zeigt-das-Klimapotenzial-von-Secondhand-Produkten_Organisator.jpg","type":"image\/jpeg"}],"author":"thomas.berner","twitter_card":"summary_large_image","twitter_title":"Studie zeigt das #Klimapotenzial von #Secondhand-Produkten","twitter_description":"Eine Studie von #SMG Swiss Marketplace Group und #Vaayu befasst sich mit dem #Klimapotenzial von #Secondhand-Produkten.","twitter_image":"https:\/\/www.organisator.ch\/wp-content\/uploads\/2025\/11\/Studie-zeigt-das-Klimapotenzial-von-Secondhand-Produkten_Organisator.jpg","schema":{"@context":"https:\/\/schema.org","@graph":[{"@type":"Article","@id":"https:\/\/www.organisator.ch\/sustainability\/2025-11-04\/studie-zeigt-das-klimapotenzial-von-secondhand-produkten\/#article","isPartOf":{"@id":"https:\/\/www.organisator.ch\/sustainability\/2025-11-04\/studie-zeigt-das-klimapotenzial-von-secondhand-produkten\/"},"author":{"name":"thomas.berner","@id":"https:\/\/www.organisator.ch\/#\/schema\/person\/6f650f90b2842cd4c0cc334b4e36f67e"},"headline":"Studie zeigt das Klimapotenzial von Secondhand-Produkten","datePublished":"2025-11-04T07:29:18+00:00","mainEntityOfPage":{"@id":"https:\/\/www.organisator.ch\/sustainability\/2025-11-04\/studie-zeigt-das-klimapotenzial-von-secondhand-produkten\/"},"wordCount":725,"publisher":{"@id":"https:\/\/www.organisator.ch\/#organization"},"image":{"@id":"https:\/\/www.organisator.ch\/sustainability\/2025-11-04\/studie-zeigt-das-klimapotenzial-von-secondhand-produkten\/#primaryimage"},"thumbnailUrl":"https:\/\/www.organisator.ch\/wp-content\/uploads\/2025\/11\/Studie-zeigt-das-Klimapotenzial-von-Secondhand-Produkten_Organisator.jpg","keywords":["E-Commerce","Kreislaufwirtschaft","Nachhaltige Wirtschaft","Studie"],"articleSection":["SUSTAINABILITY"],"inLanguage":"it-IT"},{"@type":"WebPage","@id":"https:\/\/www.organisator.ch\/sustainability\/2025-11-04\/studie-zeigt-das-klimapotenzial-von-secondhand-produkten\/","url":"https:\/\/www.organisator.ch\/sustainability\/2025-11-04\/studie-zeigt-das-klimapotenzial-von-secondhand-produkten\/","name":"Uno studio mostra il potenziale climatico dei prodotti di seconda mano - Organizzatore","isPartOf":{"@id":"https:\/\/www.organisator.ch\/#website"},"primaryImageOfPage":{"@id":"https:\/\/www.organisator.ch\/sustainability\/2025-11-04\/studie-zeigt-das-klimapotenzial-von-secondhand-produkten\/#primaryimage"},"image":{"@id":"https:\/\/www.organisator.ch\/sustainability\/2025-11-04\/studie-zeigt-das-klimapotenzial-von-secondhand-produkten\/#primaryimage"},"thumbnailUrl":"https:\/\/www.organisator.ch\/wp-content\/uploads\/2025\/11\/Studie-zeigt-das-Klimapotenzial-von-Secondhand-Produkten_Organisator.jpg","datePublished":"2025-11-04T07:29:18+00:00","description":"Uno studio di SMG Swiss Marketplace Group e Vaayu analizza il potenziale climatico dei prodotti di seconda mano.","breadcrumb":{"@id":"https:\/\/www.organisator.ch\/sustainability\/2025-11-04\/studie-zeigt-das-klimapotenzial-von-secondhand-produkten\/#breadcrumb"},"inLanguage":"it-IT","potentialAction":[{"@type":"ReadAction","target":["https:\/\/www.organisator.ch\/sustainability\/2025-11-04\/studie-zeigt-das-klimapotenzial-von-secondhand-produkten\/"]}]},{"@type":"ImageObject","inLanguage":"it-IT","@id":"https:\/\/www.organisator.ch\/sustainability\/2025-11-04\/studie-zeigt-das-klimapotenzial-von-secondhand-produkten\/#primaryimage","url":"https:\/\/www.organisator.ch\/wp-content\/uploads\/2025\/11\/Studie-zeigt-das-Klimapotenzial-von-Secondhand-Produkten_Organisator.jpg","contentUrl":"https:\/\/www.organisator.ch\/wp-content\/uploads\/2025\/11\/Studie-zeigt-das-Klimapotenzial-von-Secondhand-Produkten_Organisator.jpg","width":680,"height":452,"caption":"In Schweizer Kellern schlummert Ware von 16 Mia. Franken. Dahinter verbirgt sich ein grosses Klimapotenzial. (Bild: Robinson Greig \/ Unsplash.com)"},{"@type":"BreadcrumbList","@id":"https:\/\/www.organisator.ch\/sustainability\/2025-11-04\/studie-zeigt-das-klimapotenzial-von-secondhand-produkten\/#breadcrumb","itemListElement":[{"@type":"ListItem","position":1,"name":"Home","item":"https:\/\/www.organisator.ch\/"},{"@type":"ListItem","position":2,"name":"Studie zeigt das Klimapotenzial von Secondhand-Produkten"}]},{"@type":"WebSite","@id":"https:\/\/www.organisator.ch\/#website","url":"https:\/\/www.organisator.ch\/","name":"Organizzatore","description":"Competente. Pratico. In 10 numeri all'anno, ORGANISATOR presenta i temi essenziali per i manager delle PMI.","publisher":{"@id":"https:\/\/www.organisator.ch\/#organization"},"potentialAction":[{"@type":"SearchAction","target":{"@type":"EntryPoint","urlTemplate":"https:\/\/www.organisator.ch\/?s={search_term_string}"},"query-input":{"@type":"PropertyValueSpecification","valueRequired":true,"valueName":"search_term_string"}}],"inLanguage":"it-IT"},{"@type":"Organization","@id":"https:\/\/www.organisator.ch\/#organization","name":"Organizzatore","url":"https:\/\/www.organisator.ch\/","logo":{"@type":"ImageObject","inLanguage":"it-IT","@id":"https:\/\/www.organisator.ch\/#\/schema\/logo\/image\/","url":"https:\/\/www.organisator.ch\/wp-content\/uploads\/2022\/01\/Logo_Organisator_Website.png","contentUrl":"https:\/\/www.organisator.ch\/wp-content\/uploads\/2022\/01\/Logo_Organisator_Website.png","width":800,"height":77,"caption":"Organisator"},"image":{"@id":"https:\/\/www.organisator.ch\/#\/schema\/logo\/image\/"},"sameAs":["https:\/\/www.facebook.com\/OrganisatorFachmagazin","https:\/\/www.linkedin.com\/showcase\/organisator-das-magazin-fr-kmu","https:\/\/www.xing.com\/news\/pages\/organisator-ch-695","https:\/\/www.youtube.com\/channel\/UCGP2Sq0iWaZwT3BdIAQFYpw"]},{"@type":"Person","@id":"https:\/\/www.organisator.ch\/#\/schema\/person\/6f650f90b2842cd4c0cc334b4e36f67e","name":"Tommaso.berner","image":{"@type":"ImageObject","inLanguage":"it-IT","@id":"https:\/\/secure.gravatar.com\/avatar\/ac5001d2a36cb6c6cd3e50789007ffca834b477b74a2144564522e944eabff61?s=96&d=mm&r=g","url":"https:\/\/secure.gravatar.com\/avatar\/ac5001d2a36cb6c6cd3e50789007ffca834b477b74a2144564522e944eabff61?s=96&d=mm&r=g","contentUrl":"https:\/\/secure.gravatar.com\/avatar\/ac5001d2a36cb6c6cd3e50789007ffca834b477b74a2144564522e944eabff61?s=96&d=mm&r=g","caption":"thomas.berner"},"url":"https:\/\/www.organisator.ch\/it\/author\/thomas-berner\/"}]}},"_links":{"self":[{"href":"https:\/\/www.organisator.ch\/it\/wp-json\/wp\/v2\/posts\/41721","targetHints":{"allow":["GET"]}}],"collection":[{"href":"https:\/\/www.organisator.ch\/it\/wp-json\/wp\/v2\/posts"}],"about":[{"href":"https:\/\/www.organisator.ch\/it\/wp-json\/wp\/v2\/types\/post"}],"author":[{"embeddable":true,"href":"https:\/\/www.organisator.ch\/it\/wp-json\/wp\/v2\/users\/4"}],"replies":[{"embeddable":true,"href":"https:\/\/www.organisator.ch\/it\/wp-json\/wp\/v2\/comments?post=41721"}],"version-history":[{"count":4,"href":"https:\/\/www.organisator.ch\/it\/wp-json\/wp\/v2\/posts\/41721\/revisions"}],"predecessor-version":[{"id":41777,"href":"https:\/\/www.organisator.ch\/it\/wp-json\/wp\/v2\/posts\/41721\/revisions\/41777"}],"wp:featuredmedia":[{"embeddable":true,"href":"https:\/\/www.organisator.ch\/it\/wp-json\/wp\/v2\/media\/41722"}],"wp:attachment":[{"href":"https:\/\/www.organisator.ch\/it\/wp-json\/wp\/v2\/media?parent=41721"}],"wp:term":[{"taxonomy":"category","embeddable":true,"href":"https:\/\/www.organisator.ch\/it\/wp-json\/wp\/v2\/categories?post=41721"},{"taxonomy":"post_tag","embeddable":true,"href":"https:\/\/www.organisator.ch\/it\/wp-json\/wp\/v2\/tags?post=41721"}],"curies":[{"name":"wp","href":"https:\/\/api.w.org\/{rel}","templated":true}]}}