{"id":41817,"date":"2025-11-07T07:41:45","date_gmt":"2025-11-07T06:41:45","guid":{"rendered":"https:\/\/www.organisator.ch\/?p=41817"},"modified":"2025-11-07T07:41:45","modified_gmt":"2025-11-07T06:41:45","slug":"weiterbildung-in-digitaler-barrierefreiheit-lanciert","status":"publish","type":"post","link":"https:\/\/www.organisator.ch\/it\/weiterbildung\/2025-11-07\/weiterbildung-in-digitaler-barrierefreiheit-lanciert\/","title":{"rendered":"Avviata la formazione sull'accessibilit\u00e0 digitale"},"content":{"rendered":"<figure id=\"attachment_41822\" aria-describedby=\"caption-attachment-41822\" style=\"width: 680px\" class=\"wp-caption alignnone\"><img loading=\"lazy\" decoding=\"async\" class=\"size-full wp-image-41822\" src=\"https:\/\/www.organisator.ch\/wp-content\/uploads\/2025\/11\/Weiterbildung-in-digitaler-Barrierefreiheit-lanciert_Organisator.png\" alt=\"\" width=\"680\" height=\"517\" srcset=\"https:\/\/www.organisator.ch\/wp-content\/uploads\/2025\/11\/Weiterbildung-in-digitaler-Barrierefreiheit-lanciert_Organisator.png 680w, https:\/\/www.organisator.ch\/wp-content\/uploads\/2025\/11\/Weiterbildung-in-digitaler-Barrierefreiheit-lanciert_Organisator-16x12.png 16w, https:\/\/www.organisator.ch\/wp-content\/uploads\/2025\/11\/Weiterbildung-in-digitaler-Barrierefreiheit-lanciert_Organisator-375x285.png 375w, https:\/\/www.organisator.ch\/wp-content\/uploads\/2025\/11\/Weiterbildung-in-digitaler-Barrierefreiheit-lanciert_Organisator-460x350.png 460w\" sizes=\"auto, (max-width: 680px) 100vw, 680px\" \/><figcaption id=\"caption-attachment-41822\" class=\"wp-caption-text\">La fondazione \u00abAccess for All\u00bb lancia la ZFA Academy. (Immagine: zVg)<\/figcaption><\/figure>\n<p>Con il lancio dell'Accademia, \u00abAccess for All\u00bb amplia la propria gamma di corsi in occasione del suo 25\u00b0 anniversario. I corsi che prima erano tenuti su richiesta per aziende e organizzazioni sono ora disponibili anche per i singoli. Con nuovi corsi di approfondimento come \u00abMobile App Testing\u00bb e \u00abScreenreader Testing\u00bb, i partecipanti possono ampliare le proprie conoscenze in modo mirato. I popolari corsi introduttivi sulle offerte web digitali e sui documenti accessibili, nonch\u00e9 il corso \u00abProfessionista dell'accessibilit\u00e0 digitale\u00bb rimarranno in vigore, il che significa che il programma di formazione continua della ZFA Academy \u00e8 rivolto sia ai principianti che ai professionisti.<\/p>\n<h3>Espansione continua della gamma<\/h3>\n<p>Anche i corsi aziendali su misura fanno parte del programma: i partecipanti lavorano direttamente con i loro sistemi e sviluppano soluzioni concrete che possono implementare immediatamente nella vita quotidiana.<\/p>\n<p>Il programma offerto dalla ZFA Academy sar\u00e0 continuamente ampliato in futuro. Ci\u00f2 consentir\u00e0 di rispondere tempestivamente alle nuove tendenze e agli sviluppi e di soddisfare le mutevoli esigenze del mercato.<\/p>\n<h3><strong>Perch\u00e9 \u00e8 necessaria un'accademia<\/strong><\/h3>\n<p>L'accessibilit\u00e0 digitale riguarda tutti noi. Che si tratti di acquisti online, di e-banking o di rapporti con le autorit\u00e0: L'accessibilit\u00e0 digitale non \u00e8 pi\u00f9 una questione marginale. Lo dimostra anche l'ultima collaborazione tra \u00abAccess for all\u00bb e CORRECTIV.Schweiz, in cui sono stati controllati 70 siti web comunali per verificarne l'accessibilit\u00e0. Neanche uno \u00e8 stato classificato come accessibile. Anche i requisiti legali, come la legge svizzera sulla discriminazione dei disabili (BehiG) e la legge europea sull'accessibilit\u00e0 (EAA), aumentano la pressione su aziende e organizzazioni e richiedono che le offerte digitali siano accessibili a tutti. Tuttavia, \u00abAccess for All\u00bb ha ripetutamente riscontrato che nelle aziende mancano le conoscenze necessarie in materia di accessibilit\u00e0 digitale. Soprattutto nelle aree dello sviluppo, della progettazione e dei contenuti, \u00e8 importante che i professionisti tengano conto dell'accessibilit\u00e0 digitale fin dall'inizio. Con la ZFA Academy, \u00abAccess for all\u00bb intende colmare questa lacuna, formando un maggior numero di specialisti e consentendo cos\u00ec alle aziende e alle organizzazioni di far fronte alle proprie responsabilit\u00e0 sociali e legali.<\/p>\n<h3><strong>Apprendimento pratico<\/strong><\/h3>\n<p>I project manager, gli sviluppatori e i clienti dovrebbero imparare il pi\u00f9 praticamente possibile in corsi interattivi. A tal fine, i partecipanti testano personalmente i servizi digitali e imparano a riconoscere ed eliminare le barriere in una fase iniziale. Al termine dei corsi, i partecipanti saranno in grado di implementare l'accessibilit\u00e0 digitale direttamente nelle aziende e nelle organizzazioni.<\/p>\n<p><em>Fonte e ulteriori informazioni: <a href=\"https:\/\/access-for-all.ch\/\">Fondazione \u00abAccesso per tutti\u00bb<\/a><\/em><\/p>","protected":false},"excerpt":{"rendered":"<p>La fondazione no-profit \u00abAccess for All\u00bb lancia la ZFA Academy e amplia la formazione sull'accessibilit\u00e0 digitale. L'obiettivo \u00e8 formare un maggior numero di professionisti in grado di riconoscere e rimuovere le barriere digitali.<\/p>","protected":false},"author":4,"featured_media":41822,"comment_status":"closed","ping_status":"closed","sticky":false,"template":"","format":"standard","meta":{"_acf_changed":false,"_yoast_wpseo_focuskw":"Barrierefreiheit","_yoast_wpseo_metadesc":"Die gemeinn\u00fctzige Stiftung \u00abZugang f\u00fcr alle\u00bb lanciert die ZFA-Akademie und baut die Weiterbildung in digitaler Barrierefreiheit aus.","articlekey":"","footnotes":""},"categories":[30],"tags":[62,2991,156,503],"class_list":["post-41817","post","type-post","status-publish","format-standard","has-post-thumbnail","hentry","category-weiterbildung","tag-aus-weiterbildung","tag-barrierefreiheit","tag-digitalisierung","tag-verbaende"],"acf":[],"yoast_head":"<!-- This site is optimized with the Yoast SEO plugin v27.4 - https:\/\/yoast.com\/product\/yoast-seo-wordpress\/ -->\n<title>Weiterbildung in digitaler Barrierefreiheit lanciert - Organisator<\/title>\n<meta name=\"description\" content=\"Die gemeinn\u00fctzige Stiftung \u00abZugang f\u00fcr alle\u00bb lanciert die ZFA-Akademie und baut die Weiterbildung in digitaler Barrierefreiheit aus.\" \/>\n<meta name=\"robots\" content=\"index, follow, max-snippet:-1, max-image-preview:large, max-video-preview:-1\" \/>\n<link rel=\"canonical\" href=\"https:\/\/www.organisator.ch\/it\/formazione-continua\/2025-11-07\/weiterbildung-in-digitaler-barrierefreiheit-lanciert\/\" \/>\n<meta property=\"og:locale\" content=\"it_IT\" \/>\n<meta property=\"og:type\" content=\"article\" \/>\n<meta property=\"og:title\" content=\"Weiterbildung in digitaler Barrierefreiheit lanciert\" \/>\n<meta property=\"og:description\" content=\"Die gemeinn\u00fctzige Stiftung \u00abZugang f\u00fcr alle\u00bb lanciert die ZFA-Akademie und baut die Weiterbildung in digitaler Barrierefreiheit aus.\" \/>\n<meta property=\"og:url\" content=\"https:\/\/www.organisator.ch\/it\/formazione-continua\/2025-11-07\/weiterbildung-in-digitaler-barrierefreiheit-lanciert\/\" \/>\n<meta property=\"og:site_name\" content=\"Organisator\" \/>\n<meta property=\"article:publisher\" content=\"https:\/\/www.facebook.com\/OrganisatorFachmagazin\" \/>\n<meta property=\"article:published_time\" content=\"2025-11-07T06:41:45+00:00\" \/>\n<meta property=\"og:image\" content=\"https:\/\/www.organisator.ch\/wp-content\/uploads\/2025\/11\/Weiterbildung-in-digitaler-Barrierefreiheit-lanciert_Organisator.png\" \/>\n\t<meta property=\"og:image:width\" content=\"680\" \/>\n\t<meta property=\"og:image:height\" content=\"517\" \/>\n\t<meta property=\"og:image:type\" content=\"image\/png\" \/>\n<meta name=\"author\" content=\"thomas.berner\" \/>\n<meta name=\"twitter:card\" content=\"summary_large_image\" \/>\n<meta name=\"twitter:title\" content=\"Weiterbildung in digitaler #Barrierefreiheit lanciert\" \/>\n<meta name=\"twitter:description\" content=\"Die gemeinn\u00fctzige Stiftung \u00abZugang f\u00fcr alle\u00bb lanciert die #ZFA-Akademie und baut die #Weiterbildung in digitaler #Barrierefreiheit aus.\" \/>\n<meta name=\"twitter:image\" content=\"https:\/\/www.organisator.ch\/wp-content\/uploads\/2025\/11\/Weiterbildung-in-digitaler-Barrierefreiheit-lanciert_Organisator.png\" \/>\n<script type=\"application\/ld+json\" class=\"yoast-schema-graph\">{\"@context\":\"https:\\\/\\\/schema.org\",\"@graph\":[{\"@type\":\"Article\",\"@id\":\"https:\\\/\\\/www.organisator.ch\\\/weiterbildung\\\/2025-11-07\\\/weiterbildung-in-digitaler-barrierefreiheit-lanciert\\\/#article\",\"isPartOf\":{\"@id\":\"https:\\\/\\\/www.organisator.ch\\\/weiterbildung\\\/2025-11-07\\\/weiterbildung-in-digitaler-barrierefreiheit-lanciert\\\/\"},\"author\":{\"name\":\"thomas.berner\",\"@id\":\"https:\\\/\\\/www.organisator.ch\\\/#\\\/schema\\\/person\\\/6f650f90b2842cd4c0cc334b4e36f67e\"},\"headline\":\"Weiterbildung in digitaler Barrierefreiheit lanciert\",\"datePublished\":\"2025-11-07T06:41:45+00:00\",\"mainEntityOfPage\":{\"@id\":\"https:\\\/\\\/www.organisator.ch\\\/weiterbildung\\\/2025-11-07\\\/weiterbildung-in-digitaler-barrierefreiheit-lanciert\\\/\"},\"wordCount\":397,\"publisher\":{\"@id\":\"https:\\\/\\\/www.organisator.ch\\\/#organization\"},\"image\":{\"@id\":\"https:\\\/\\\/www.organisator.ch\\\/weiterbildung\\\/2025-11-07\\\/weiterbildung-in-digitaler-barrierefreiheit-lanciert\\\/#primaryimage\"},\"thumbnailUrl\":\"https:\\\/\\\/www.organisator.ch\\\/wp-content\\\/uploads\\\/2025\\\/11\\\/Weiterbildung-in-digitaler-Barrierefreiheit-lanciert_Organisator.png\",\"keywords\":[\"Aus-\\\/Weiterbildung\",\"Barrierefreiheit\",\"Digitalisierung\",\"Verb\u00e4nde\"],\"articleSection\":[\"WEITERBILDUNG\"],\"inLanguage\":\"it-IT\"},{\"@type\":\"WebPage\",\"@id\":\"https:\\\/\\\/www.organisator.ch\\\/weiterbildung\\\/2025-11-07\\\/weiterbildung-in-digitaler-barrierefreiheit-lanciert\\\/\",\"url\":\"https:\\\/\\\/www.organisator.ch\\\/weiterbildung\\\/2025-11-07\\\/weiterbildung-in-digitaler-barrierefreiheit-lanciert\\\/\",\"name\":\"Weiterbildung in digitaler Barrierefreiheit lanciert - Organisator\",\"isPartOf\":{\"@id\":\"https:\\\/\\\/www.organisator.ch\\\/#website\"},\"primaryImageOfPage\":{\"@id\":\"https:\\\/\\\/www.organisator.ch\\\/weiterbildung\\\/2025-11-07\\\/weiterbildung-in-digitaler-barrierefreiheit-lanciert\\\/#primaryimage\"},\"image\":{\"@id\":\"https:\\\/\\\/www.organisator.ch\\\/weiterbildung\\\/2025-11-07\\\/weiterbildung-in-digitaler-barrierefreiheit-lanciert\\\/#primaryimage\"},\"thumbnailUrl\":\"https:\\\/\\\/www.organisator.ch\\\/wp-content\\\/uploads\\\/2025\\\/11\\\/Weiterbildung-in-digitaler-Barrierefreiheit-lanciert_Organisator.png\",\"datePublished\":\"2025-11-07T06:41:45+00:00\",\"description\":\"Die gemeinn\u00fctzige Stiftung \u00abZugang f\u00fcr alle\u00bb lanciert die ZFA-Akademie und baut die Weiterbildung in digitaler Barrierefreiheit aus.\",\"breadcrumb\":{\"@id\":\"https:\\\/\\\/www.organisator.ch\\\/weiterbildung\\\/2025-11-07\\\/weiterbildung-in-digitaler-barrierefreiheit-lanciert\\\/#breadcrumb\"},\"inLanguage\":\"it-IT\",\"potentialAction\":[{\"@type\":\"ReadAction\",\"target\":[\"https:\\\/\\\/www.organisator.ch\\\/weiterbildung\\\/2025-11-07\\\/weiterbildung-in-digitaler-barrierefreiheit-lanciert\\\/\"]}]},{\"@type\":\"ImageObject\",\"inLanguage\":\"it-IT\",\"@id\":\"https:\\\/\\\/www.organisator.ch\\\/weiterbildung\\\/2025-11-07\\\/weiterbildung-in-digitaler-barrierefreiheit-lanciert\\\/#primaryimage\",\"url\":\"https:\\\/\\\/www.organisator.ch\\\/wp-content\\\/uploads\\\/2025\\\/11\\\/Weiterbildung-in-digitaler-Barrierefreiheit-lanciert_Organisator.png\",\"contentUrl\":\"https:\\\/\\\/www.organisator.ch\\\/wp-content\\\/uploads\\\/2025\\\/11\\\/Weiterbildung-in-digitaler-Barrierefreiheit-lanciert_Organisator.png\",\"width\":680,\"height\":517,\"caption\":\"Die Stiftung \u00abZugang f\u00fcr alle\u00bb lanciert ZFA-Akademie. (Bild: ZFA)\"},{\"@type\":\"BreadcrumbList\",\"@id\":\"https:\\\/\\\/www.organisator.ch\\\/weiterbildung\\\/2025-11-07\\\/weiterbildung-in-digitaler-barrierefreiheit-lanciert\\\/#breadcrumb\",\"itemListElement\":[{\"@type\":\"ListItem\",\"position\":1,\"name\":\"Home\",\"item\":\"https:\\\/\\\/www.organisator.ch\\\/\"},{\"@type\":\"ListItem\",\"position\":2,\"name\":\"Weiterbildung in digitaler Barrierefreiheit lanciert\"}]},{\"@type\":\"WebSite\",\"@id\":\"https:\\\/\\\/www.organisator.ch\\\/#website\",\"url\":\"https:\\\/\\\/www.organisator.ch\\\/\",\"name\":\"Organisator\",\"description\":\"Kompetent. Praxisnah. Der ORGANISATOR bereitet in 10 Ausgaben pro Jahr die wesentlichen Themen f\u00fcr F\u00fchrungskr\u00e4fte von KMU auf.\",\"publisher\":{\"@id\":\"https:\\\/\\\/www.organisator.ch\\\/#organization\"},\"potentialAction\":[{\"@type\":\"SearchAction\",\"target\":{\"@type\":\"EntryPoint\",\"urlTemplate\":\"https:\\\/\\\/www.organisator.ch\\\/?s={search_term_string}\"},\"query-input\":{\"@type\":\"PropertyValueSpecification\",\"valueRequired\":true,\"valueName\":\"search_term_string\"}}],\"inLanguage\":\"it-IT\"},{\"@type\":\"Organization\",\"@id\":\"https:\\\/\\\/www.organisator.ch\\\/#organization\",\"name\":\"Organisator\",\"url\":\"https:\\\/\\\/www.organisator.ch\\\/\",\"logo\":{\"@type\":\"ImageObject\",\"inLanguage\":\"it-IT\",\"@id\":\"https:\\\/\\\/www.organisator.ch\\\/#\\\/schema\\\/logo\\\/image\\\/\",\"url\":\"https:\\\/\\\/www.organisator.ch\\\/wp-content\\\/uploads\\\/2022\\\/01\\\/Logo_Organisator_Website.png\",\"contentUrl\":\"https:\\\/\\\/www.organisator.ch\\\/wp-content\\\/uploads\\\/2022\\\/01\\\/Logo_Organisator_Website.png\",\"width\":800,\"height\":77,\"caption\":\"Organisator\"},\"image\":{\"@id\":\"https:\\\/\\\/www.organisator.ch\\\/#\\\/schema\\\/logo\\\/image\\\/\"},\"sameAs\":[\"https:\\\/\\\/www.facebook.com\\\/OrganisatorFachmagazin\",\"https:\\\/\\\/www.linkedin.com\\\/showcase\\\/organisator-das-magazin-fr-kmu\",\"https:\\\/\\\/www.xing.com\\\/news\\\/pages\\\/organisator-ch-695\",\"https:\\\/\\\/www.youtube.com\\\/channel\\\/UCGP2Sq0iWaZwT3BdIAQFYpw\"]},{\"@type\":\"Person\",\"@id\":\"https:\\\/\\\/www.organisator.ch\\\/#\\\/schema\\\/person\\\/6f650f90b2842cd4c0cc334b4e36f67e\",\"name\":\"thomas.berner\",\"image\":{\"@type\":\"ImageObject\",\"inLanguage\":\"it-IT\",\"@id\":\"https:\\\/\\\/secure.gravatar.com\\\/avatar\\\/ac5001d2a36cb6c6cd3e50789007ffca834b477b74a2144564522e944eabff61?s=96&d=mm&r=g\",\"url\":\"https:\\\/\\\/secure.gravatar.com\\\/avatar\\\/ac5001d2a36cb6c6cd3e50789007ffca834b477b74a2144564522e944eabff61?s=96&d=mm&r=g\",\"contentUrl\":\"https:\\\/\\\/secure.gravatar.com\\\/avatar\\\/ac5001d2a36cb6c6cd3e50789007ffca834b477b74a2144564522e944eabff61?s=96&d=mm&r=g\",\"caption\":\"thomas.berner\"},\"url\":\"https:\\\/\\\/www.organisator.ch\\\/it\\\/author\\\/thomas-berner\\\/\"}]}<\/script>\n<!-- \/ Yoast SEO plugin. -->","yoast_head_json":{"title":"Avvio della formazione sull'accessibilit\u00e0 digitale - organizzatore","description":"La fondazione no-profit \u00abAccess for All\u00bb lancia la ZFA Academy e amplia la formazione sull'accessibilit\u00e0 digitale.","robots":{"index":"index","follow":"follow","max-snippet":"max-snippet:-1","max-image-preview":"max-image-preview:large","max-video-preview":"max-video-preview:-1"},"canonical":"https:\/\/www.organisator.ch\/it\/formazione-continua\/2025-11-07\/weiterbildung-in-digitaler-barrierefreiheit-lanciert\/","og_locale":"it_IT","og_type":"article","og_title":"Weiterbildung in digitaler Barrierefreiheit lanciert","og_description":"Die gemeinn\u00fctzige Stiftung \u00abZugang f\u00fcr alle\u00bb lanciert die ZFA-Akademie und baut die Weiterbildung in digitaler Barrierefreiheit aus.","og_url":"https:\/\/www.organisator.ch\/it\/formazione-continua\/2025-11-07\/weiterbildung-in-digitaler-barrierefreiheit-lanciert\/","og_site_name":"Organisator","article_publisher":"https:\/\/www.facebook.com\/OrganisatorFachmagazin","article_published_time":"2025-11-07T06:41:45+00:00","og_image":[{"width":680,"height":517,"url":"https:\/\/www.organisator.ch\/wp-content\/uploads\/2025\/11\/Weiterbildung-in-digitaler-Barrierefreiheit-lanciert_Organisator.png","type":"image\/png"}],"author":"thomas.berner","twitter_card":"summary_large_image","twitter_title":"Weiterbildung in digitaler #Barrierefreiheit lanciert","twitter_description":"Die gemeinn\u00fctzige Stiftung \u00abZugang f\u00fcr alle\u00bb lanciert die #ZFA-Akademie und baut die #Weiterbildung in digitaler #Barrierefreiheit aus.","twitter_image":"https:\/\/www.organisator.ch\/wp-content\/uploads\/2025\/11\/Weiterbildung-in-digitaler-Barrierefreiheit-lanciert_Organisator.png","schema":{"@context":"https:\/\/schema.org","@graph":[{"@type":"Article","@id":"https:\/\/www.organisator.ch\/weiterbildung\/2025-11-07\/weiterbildung-in-digitaler-barrierefreiheit-lanciert\/#article","isPartOf":{"@id":"https:\/\/www.organisator.ch\/weiterbildung\/2025-11-07\/weiterbildung-in-digitaler-barrierefreiheit-lanciert\/"},"author":{"name":"thomas.berner","@id":"https:\/\/www.organisator.ch\/#\/schema\/person\/6f650f90b2842cd4c0cc334b4e36f67e"},"headline":"Weiterbildung in digitaler Barrierefreiheit lanciert","datePublished":"2025-11-07T06:41:45+00:00","mainEntityOfPage":{"@id":"https:\/\/www.organisator.ch\/weiterbildung\/2025-11-07\/weiterbildung-in-digitaler-barrierefreiheit-lanciert\/"},"wordCount":397,"publisher":{"@id":"https:\/\/www.organisator.ch\/#organization"},"image":{"@id":"https:\/\/www.organisator.ch\/weiterbildung\/2025-11-07\/weiterbildung-in-digitaler-barrierefreiheit-lanciert\/#primaryimage"},"thumbnailUrl":"https:\/\/www.organisator.ch\/wp-content\/uploads\/2025\/11\/Weiterbildung-in-digitaler-Barrierefreiheit-lanciert_Organisator.png","keywords":["Aus-\/Weiterbildung","Barrierefreiheit","Digitalisierung","Verb\u00e4nde"],"articleSection":["WEITERBILDUNG"],"inLanguage":"it-IT"},{"@type":"WebPage","@id":"https:\/\/www.organisator.ch\/weiterbildung\/2025-11-07\/weiterbildung-in-digitaler-barrierefreiheit-lanciert\/","url":"https:\/\/www.organisator.ch\/weiterbildung\/2025-11-07\/weiterbildung-in-digitaler-barrierefreiheit-lanciert\/","name":"Avvio della formazione sull'accessibilit\u00e0 digitale - organizzatore","isPartOf":{"@id":"https:\/\/www.organisator.ch\/#website"},"primaryImageOfPage":{"@id":"https:\/\/www.organisator.ch\/weiterbildung\/2025-11-07\/weiterbildung-in-digitaler-barrierefreiheit-lanciert\/#primaryimage"},"image":{"@id":"https:\/\/www.organisator.ch\/weiterbildung\/2025-11-07\/weiterbildung-in-digitaler-barrierefreiheit-lanciert\/#primaryimage"},"thumbnailUrl":"https:\/\/www.organisator.ch\/wp-content\/uploads\/2025\/11\/Weiterbildung-in-digitaler-Barrierefreiheit-lanciert_Organisator.png","datePublished":"2025-11-07T06:41:45+00:00","description":"La fondazione no-profit \u00abAccess for All\u00bb lancia la ZFA Academy e amplia la formazione sull'accessibilit\u00e0 digitale.","breadcrumb":{"@id":"https:\/\/www.organisator.ch\/weiterbildung\/2025-11-07\/weiterbildung-in-digitaler-barrierefreiheit-lanciert\/#breadcrumb"},"inLanguage":"it-IT","potentialAction":[{"@type":"ReadAction","target":["https:\/\/www.organisator.ch\/weiterbildung\/2025-11-07\/weiterbildung-in-digitaler-barrierefreiheit-lanciert\/"]}]},{"@type":"ImageObject","inLanguage":"it-IT","@id":"https:\/\/www.organisator.ch\/weiterbildung\/2025-11-07\/weiterbildung-in-digitaler-barrierefreiheit-lanciert\/#primaryimage","url":"https:\/\/www.organisator.ch\/wp-content\/uploads\/2025\/11\/Weiterbildung-in-digitaler-Barrierefreiheit-lanciert_Organisator.png","contentUrl":"https:\/\/www.organisator.ch\/wp-content\/uploads\/2025\/11\/Weiterbildung-in-digitaler-Barrierefreiheit-lanciert_Organisator.png","width":680,"height":517,"caption":"Die Stiftung \u00abZugang f\u00fcr alle\u00bb lanciert ZFA-Akademie. (Bild: ZFA)"},{"@type":"BreadcrumbList","@id":"https:\/\/www.organisator.ch\/weiterbildung\/2025-11-07\/weiterbildung-in-digitaler-barrierefreiheit-lanciert\/#breadcrumb","itemListElement":[{"@type":"ListItem","position":1,"name":"Home","item":"https:\/\/www.organisator.ch\/"},{"@type":"ListItem","position":2,"name":"Weiterbildung in digitaler Barrierefreiheit lanciert"}]},{"@type":"WebSite","@id":"https:\/\/www.organisator.ch\/#website","url":"https:\/\/www.organisator.ch\/","name":"Organizzatore","description":"Competente. Pratico. In 10 numeri all'anno, ORGANISATOR presenta i temi essenziali per i manager delle PMI.","publisher":{"@id":"https:\/\/www.organisator.ch\/#organization"},"potentialAction":[{"@type":"SearchAction","target":{"@type":"EntryPoint","urlTemplate":"https:\/\/www.organisator.ch\/?s={search_term_string}"},"query-input":{"@type":"PropertyValueSpecification","valueRequired":true,"valueName":"search_term_string"}}],"inLanguage":"it-IT"},{"@type":"Organization","@id":"https:\/\/www.organisator.ch\/#organization","name":"Organizzatore","url":"https:\/\/www.organisator.ch\/","logo":{"@type":"ImageObject","inLanguage":"it-IT","@id":"https:\/\/www.organisator.ch\/#\/schema\/logo\/image\/","url":"https:\/\/www.organisator.ch\/wp-content\/uploads\/2022\/01\/Logo_Organisator_Website.png","contentUrl":"https:\/\/www.organisator.ch\/wp-content\/uploads\/2022\/01\/Logo_Organisator_Website.png","width":800,"height":77,"caption":"Organisator"},"image":{"@id":"https:\/\/www.organisator.ch\/#\/schema\/logo\/image\/"},"sameAs":["https:\/\/www.facebook.com\/OrganisatorFachmagazin","https:\/\/www.linkedin.com\/showcase\/organisator-das-magazin-fr-kmu","https:\/\/www.xing.com\/news\/pages\/organisator-ch-695","https:\/\/www.youtube.com\/channel\/UCGP2Sq0iWaZwT3BdIAQFYpw"]},{"@type":"Person","@id":"https:\/\/www.organisator.ch\/#\/schema\/person\/6f650f90b2842cd4c0cc334b4e36f67e","name":"Tommaso.berner","image":{"@type":"ImageObject","inLanguage":"it-IT","@id":"https:\/\/secure.gravatar.com\/avatar\/ac5001d2a36cb6c6cd3e50789007ffca834b477b74a2144564522e944eabff61?s=96&d=mm&r=g","url":"https:\/\/secure.gravatar.com\/avatar\/ac5001d2a36cb6c6cd3e50789007ffca834b477b74a2144564522e944eabff61?s=96&d=mm&r=g","contentUrl":"https:\/\/secure.gravatar.com\/avatar\/ac5001d2a36cb6c6cd3e50789007ffca834b477b74a2144564522e944eabff61?s=96&d=mm&r=g","caption":"thomas.berner"},"url":"https:\/\/www.organisator.ch\/it\/author\/thomas-berner\/"}]}},"_links":{"self":[{"href":"https:\/\/www.organisator.ch\/it\/wp-json\/wp\/v2\/posts\/41817","targetHints":{"allow":["GET"]}}],"collection":[{"href":"https:\/\/www.organisator.ch\/it\/wp-json\/wp\/v2\/posts"}],"about":[{"href":"https:\/\/www.organisator.ch\/it\/wp-json\/wp\/v2\/types\/post"}],"author":[{"embeddable":true,"href":"https:\/\/www.organisator.ch\/it\/wp-json\/wp\/v2\/users\/4"}],"replies":[{"embeddable":true,"href":"https:\/\/www.organisator.ch\/it\/wp-json\/wp\/v2\/comments?post=41817"}],"version-history":[{"count":3,"href":"https:\/\/www.organisator.ch\/it\/wp-json\/wp\/v2\/posts\/41817\/revisions"}],"predecessor-version":[{"id":41854,"href":"https:\/\/www.organisator.ch\/it\/wp-json\/wp\/v2\/posts\/41817\/revisions\/41854"}],"wp:featuredmedia":[{"embeddable":true,"href":"https:\/\/www.organisator.ch\/it\/wp-json\/wp\/v2\/media\/41822"}],"wp:attachment":[{"href":"https:\/\/www.organisator.ch\/it\/wp-json\/wp\/v2\/media?parent=41817"}],"wp:term":[{"taxonomy":"category","embeddable":true,"href":"https:\/\/www.organisator.ch\/it\/wp-json\/wp\/v2\/categories?post=41817"},{"taxonomy":"post_tag","embeddable":true,"href":"https:\/\/www.organisator.ch\/it\/wp-json\/wp\/v2\/tags?post=41817"}],"curies":[{"name":"wp","href":"https:\/\/api.w.org\/{rel}","templated":true}]}}