{"id":4182,"date":"2018-09-05T12:02:55","date_gmt":"2018-09-05T10:02:55","guid":{"rendered":"https:\/\/www.organisator.ch\/?p=4182"},"modified":"2018-09-05T12:02:55","modified_gmt":"2018-09-05T10:02:55","slug":"kummli-talk-am-passione-engadina","status":"publish","type":"post","link":"https:\/\/www.organisator.ch\/it\/allgemein\/2018-09-05\/kummli-talk-am-passione-engadina\/","title":{"rendered":"Kummli Talk a Passione Engadina"},"content":{"rendered":"<figure id=\"attachment_4184\" aria-describedby=\"caption-attachment-4184\" style=\"width: 640px\" class=\"wp-caption alignnone\"><img loading=\"lazy\" decoding=\"async\" class=\"size-full wp-image-4184\" src=\"https:\/\/www.organisator.ch\/wp-content\/uploads\/2018\/09\/Kummli-Talk-am-Passione-Engadina-1_Organisator.jpg\" alt=\"\" width=\"640\" height=\"380\" srcset=\"https:\/\/www.organisator.ch\/wp-content\/uploads\/2018\/09\/Kummli-Talk-am-Passione-Engadina-1_Organisator.jpg 640w, https:\/\/www.organisator.ch\/wp-content\/uploads\/2018\/09\/Kummli-Talk-am-Passione-Engadina-1_Organisator-16x10.jpg 16w, https:\/\/www.organisator.ch\/wp-content\/uploads\/2018\/09\/Kummli-Talk-am-Passione-Engadina-1_Organisator-295x175.jpg 295w, https:\/\/www.organisator.ch\/wp-content\/uploads\/2018\/09\/Kummli-Talk-am-Passione-Engadina-1_Organisator-589x350.jpg 589w, https:\/\/www.organisator.ch\/wp-content\/uploads\/2018\/09\/Kummli-Talk-am-Passione-Engadina-1_Organisator-300x178.jpg 300w\" sizes=\"auto, (max-width: 640px) 100vw, 640px\" \/><figcaption id=\"caption-attachment-4184\" class=\"wp-caption-text\">I partecipanti al \"Kummli Talk\" a Passione Engadina, con l'ospite Piergiorgio Cecco di Maserati Svizzera (fila dietro, 4\u00b0 da sinistra), Michelle R\u00fctti-Kummli (centro) e Rolf Kummli (3\u00b0 da destra). (Foto: Thomas Berner)<\/figcaption><\/figure>\n<p align=\"LEFT\">I decisori incontrano i decisori: Questo \u00e8 il motto principale della rete di imprenditori MCT-KUMMLI, fondata da Rolf Kummli e oggi continuata da sua figlia Michelle R\u00fctti-Kummli. La rete \u00e8 diventata nota in tutto il paese, per esempio, con il forum imprenditoriale biennale \"Entrepreneurial Forum\".\u00a0<a href=\"http:\/\/www.mct-kummli.com\/de\/know_how_place\">CONOSCERE COME LUOGO<\/a> a Sempach. L'idea: mettere in rete i decisori, dalle PMI agli attori globali, in eventi esclusivi - su invito personale. Oltre alle suddette manifestazioni a Sempach, MCT-KUMMLI organizza durante l'anno anche manifestazioni pi\u00f9 piccole, le cosiddette \"Kummli-Talks\". I partecipanti sono regolarmente invitati in aziende con le quali la rete mantiene partnership reciprocamente vantaggiose.<\/p>\n<h2 align=\"LEFT\">Sotto il segno di Maserati<\/h2>\n<p align=\"LEFT\">Con questo in mente, una buona dozzina di decisori si sono incontrati per un altro \"Kummli Talk\" il 26 agosto, esclusivamente al <a href=\"http:\/\/www.passione-engadina.ch\/\">Passione Engadina<\/a> a St. Moritz. Questa visita \u00e8 stata resa possibile dalla lunga collaborazione di MCT-KUMMLI con Maserati Svizzera. La Maserati \u00e8 stata quest'anno lo sponsor principale del tradizionale incontro tra vecchie e giovani auto italiane, che si \u00e8 tenuto per la settima volta in Alta Engadina. Fan e piloti di veicoli storici di Lancia, Alfa Romeo, Fiat e, naturalmente, marchi nobili come Ferrari e Maserati hanno celebrato un fine settimana pieno di stile di vita italiano. Maserati in particolare \u00e8 un buon esempio di questa \"italianit\u00e0\": alcune persone associano immediatamente il marchio a nomi come Bora, Ghibli o Khamsin. Per molti, questi modelli costruiti negli anni '60 e '70 sono tra le pi\u00f9 belle auto sportive mai costruite. Infatti, la Maserati \u00e8 sempre stata in grado di assicurarsi la collaborazione di rinomati costruttori e designer italiani: Vignale, Bertone o Pininfarina sono da menzionare qui. Altri intenditori di auto, tuttavia, anche vedere i problemi di lunga data che la casa di Maserati ha avuto. Soprattutto negli anni '80, il nome non era necessariamente sinonimo di alta qualit\u00e0 di produzione e affidabilit\u00e0 operativa. Tempi passati: da quando Fiat e Ferrari hanno preso il marchio sotto le loro ali nel 1994, le cose sono tornate a crescere. Oggi, Maserati \u00e8 una forza da tenere in considerazione nel segmento delle auto sportive ad alte prestazioni.<\/p>\n<figure id=\"attachment_4185\" aria-describedby=\"caption-attachment-4185\" style=\"width: 640px\" class=\"wp-caption alignnone\"><img loading=\"lazy\" decoding=\"async\" class=\"size-full wp-image-4185\" src=\"https:\/\/www.organisator.ch\/wp-content\/uploads\/2018\/09\/Kummli-Talk-am-Passione-Engadina-2_Organisator.jpg\" alt=\"\" width=\"640\" height=\"474\" srcset=\"https:\/\/www.organisator.ch\/wp-content\/uploads\/2018\/09\/Kummli-Talk-am-Passione-Engadina-2_Organisator.jpg 640w, https:\/\/www.organisator.ch\/wp-content\/uploads\/2018\/09\/Kummli-Talk-am-Passione-Engadina-2_Organisator-16x12.jpg 16w, https:\/\/www.organisator.ch\/wp-content\/uploads\/2018\/09\/Kummli-Talk-am-Passione-Engadina-2_Organisator-236x175.jpg 236w, https:\/\/www.organisator.ch\/wp-content\/uploads\/2018\/09\/Kummli-Talk-am-Passione-Engadina-2_Organisator-473x350.jpg 473w, https:\/\/www.organisator.ch\/wp-content\/uploads\/2018\/09\/Kummli-Talk-am-Passione-Engadina-2_Organisator-300x222.jpg 300w\" sizes=\"auto, (max-width: 640px) 100vw, 640px\" \/><figcaption id=\"caption-attachment-4185\" class=\"wp-caption-text\">I classici del marchio cult Maserati: Mexico, Ghibli, Khamsin (da davanti a dietro). (Foto: Thomas Berner)<\/figcaption><\/figure>\n<h2 align=\"LEFT\">Networking in un ambiente piccolo ma piacevole<\/h2>\n<p align=\"LEFT\">I partecipanti del MCT-KUMMLI lo hanno imparato in prima persona. Sotto la guida di Piergiorgio Cecco, Country Manager DACH, hanno ricevuto molte informazioni interessanti e dettagliate su questo marchio cult. Infine, ma non meno importante, \u00e8 stato anche permesso loro di testare ampiamente alcuni degli attuali modelli Maserati - un'opportunit\u00e0 che, naturalmente, \u00e8 stata sfruttata con piacere.<\/p>\n<figure id=\"attachment_4186\" aria-describedby=\"caption-attachment-4186\" style=\"width: 480px\" class=\"wp-caption alignnone\"><img loading=\"lazy\" decoding=\"async\" class=\"size-full wp-image-4186\" src=\"https:\/\/www.organisator.ch\/wp-content\/uploads\/2018\/09\/Kummli-Talk-am-Passione-Engadina-3_Organisator.jpg\" alt=\"\" width=\"480\" height=\"503\" srcset=\"https:\/\/www.organisator.ch\/wp-content\/uploads\/2018\/09\/Kummli-Talk-am-Passione-Engadina-3_Organisator.jpg 480w, https:\/\/www.organisator.ch\/wp-content\/uploads\/2018\/09\/Kummli-Talk-am-Passione-Engadina-3_Organisator-11x12.jpg 11w, https:\/\/www.organisator.ch\/wp-content\/uploads\/2018\/09\/Kummli-Talk-am-Passione-Engadina-3_Organisator-167x175.jpg 167w, https:\/\/www.organisator.ch\/wp-content\/uploads\/2018\/09\/Kummli-Talk-am-Passione-Engadina-3_Organisator-334x350.jpg 334w, https:\/\/www.organisator.ch\/wp-content\/uploads\/2018\/09\/Kummli-Talk-am-Passione-Engadina-3_Organisator-300x314.jpg 300w\" sizes=\"auto, (max-width: 480px) 100vw, 480px\" \/><figcaption id=\"caption-attachment-4186\" class=\"wp-caption-text\">Piergiorgio Cecco con Michelle R\u00fctti-Kummli. (Foto: Thomas Berner)<\/figcaption><\/figure>\n<p align=\"LEFT\">A St. Moritz, tuttavia, non si trattava solo di automobili. Il \"Kummli Talk\" ha offerto un'eccellente opportunit\u00e0 per parlare di lavoro, affari e hobby in un ambiente informale. Questa \u00e8 un'opportunit\u00e0 che si trova raramente nei grandi eventi per le PMI - la pretesa della famiglia Kummli di assicurare un mix \"selezionato a mano\" di industrie e partecipanti ai loro eventi garantisce questo.<\/p>\n<p align=\"LEFT\"><em>Ulteriori informazioni sull'adesione al MCT-KUMMLI: <\/em><a href=\"http:\/\/www.mct-kummli.com\"><em>www.mct-kummli.com<\/em><\/a><\/p>\n<p>&nbsp;<\/p>\n<p>&nbsp;<\/p>","protected":false},"excerpt":{"rendered":"<p>Entscheider begegnen Entscheidern: Das ist das tragende Motto des Unternehmer-Netzwerks MCT-KUMMLI, begr\u00fcndet von Rolf Kummli, heute weitergef\u00fchrt durch seine Tochter Michelle R\u00fctti-Kummli. Landesweite Bekanntheit erlangt hat das Netzwerk etwa mit dem zweimal j\u00e4hrlich durchgef\u00fchrten Unternehmer-Forums\u00a0KNOW HOW PLACE in Sempach. Die Idee: Entscheider aus KMU bis Global Player an exklusiven Anl\u00e4ssen zu vernetzen \u2013 auf pers\u00f6nliche [&hellip;]<\/p>\n","protected":false},"author":4,"featured_media":4185,"comment_status":"open","ping_status":"open","sticky":false,"template":"","format":"standard","meta":{"_acf_changed":false,"_yoast_wpseo_focuskw":"Kummli-Talk","_yoast_wpseo_metadesc":"Am 26. August trafen sich gut ein Dutzend Entscheider zum \"Kummli-Talk\" am Passione Engadina in St.Moritz, erm\u00f6glicht durch Maserati Schweiz.","articlekey":"","footnotes":""},"categories":[1],"tags":[334,492,502,508],"class_list":["post-4182","post","type-post","status-publish","format-standard","has-post-thumbnail","hentry","category-allgemein","tag-management","tag-unternehmen","tag-veranstaltungen","tag-vermischtes"],"acf":[],"yoast_head":"<!-- This site is optimized with the Yoast SEO plugin v27.5 - https:\/\/yoast.com\/product\/yoast-seo-wordpress\/ -->\n<title>Kummli-Talk am Passione Engadina - Organisator<\/title>\n<meta name=\"description\" content=\"Am 26. August trafen sich gut ein Dutzend Entscheider zum &quot;Kummli-Talk&quot; am Passione Engadina in St.Moritz, erm\u00f6glicht durch Maserati Schweiz.\" \/>\n<meta name=\"robots\" content=\"index, follow, max-snippet:-1, max-image-preview:large, max-video-preview:-1\" \/>\n<link rel=\"canonical\" href=\"https:\/\/www.organisator.ch\/it\/generale\/2018-09-05\/kummli-talk-am-passione-engadina\/\" \/>\n<meta property=\"og:locale\" content=\"it_IT\" \/>\n<meta property=\"og:type\" content=\"article\" \/>\n<meta property=\"og:title\" content=\"Kummli-Talk am Passione Engadina\" \/>\n<meta property=\"og:description\" content=\"Am 26. August trafen sich gut ein Dutzend Entscheider zum &quot;Kummli-Talk&quot; am Passione Engadina in St.Moritz, erm\u00f6glicht durch Maserati Schweiz.\" \/>\n<meta property=\"og:url\" content=\"https:\/\/www.organisator.ch\/it\/generale\/2018-09-05\/kummli-talk-am-passione-engadina\/\" \/>\n<meta property=\"og:site_name\" content=\"Organisator\" \/>\n<meta property=\"article:publisher\" content=\"https:\/\/www.facebook.com\/OrganisatorFachmagazin\" \/>\n<meta property=\"article:published_time\" content=\"2018-09-05T10:02:55+00:00\" \/>\n<meta property=\"og:image\" content=\"https:\/\/www.organisator.ch\/wp-content\/uploads\/2018\/09\/Kummli-Talk-am-Passione-Engadina-2_Organisator.jpg\" \/>\n\t<meta property=\"og:image:width\" content=\"640\" \/>\n\t<meta property=\"og:image:height\" content=\"474\" \/>\n\t<meta property=\"og:image:type\" content=\"image\/jpeg\" \/>\n<meta name=\"author\" content=\"thomas.berner\" \/>\n<meta name=\"twitter:card\" content=\"summary_large_image\" \/>\n<meta name=\"twitter:title\" content=\"#Kummli-Talk am Passione Engadina\" \/>\n<meta name=\"twitter:description\" content=\"Am 26. August trafen sich gut ein Dutzend Entscheider zum &quot;Kummli-Talk&quot; am Passione Engadina in #St.Moritz, erm\u00f6glicht durch #Maserati Schweiz.\" \/>\n<meta name=\"twitter:image\" content=\"https:\/\/www.organisator.ch\/wp-content\/uploads\/2018\/09\/Kummli-Talk-am-Passione-Engadina-2_Organisator.jpg\" \/>\n<script type=\"application\/ld+json\" class=\"yoast-schema-graph\">{\"@context\":\"https:\\\/\\\/schema.org\",\"@graph\":[{\"@type\":\"Article\",\"@id\":\"https:\\\/\\\/www.organisator.ch\\\/de\\\/allgemein\\\/2018-09-05\\\/kummli-talk-am-passione-engadina\\\/#article\",\"isPartOf\":{\"@id\":\"https:\\\/\\\/www.organisator.ch\\\/de\\\/allgemein\\\/2018-09-05\\\/kummli-talk-am-passione-engadina\\\/\"},\"author\":{\"name\":\"thomas.berner\",\"@id\":\"https:\\\/\\\/www.organisator.ch\\\/#\\\/schema\\\/person\\\/6f650f90b2842cd4c0cc334b4e36f67e\"},\"headline\":\"Kummli-Talk am Passione Engadina\",\"datePublished\":\"2018-09-05T10:02:55+00:00\",\"mainEntityOfPage\":{\"@id\":\"https:\\\/\\\/www.organisator.ch\\\/de\\\/allgemein\\\/2018-09-05\\\/kummli-talk-am-passione-engadina\\\/\"},\"wordCount\":543,\"commentCount\":0,\"publisher\":{\"@id\":\"https:\\\/\\\/www.organisator.ch\\\/#organization\"},\"image\":{\"@id\":\"https:\\\/\\\/www.organisator.ch\\\/de\\\/allgemein\\\/2018-09-05\\\/kummli-talk-am-passione-engadina\\\/#primaryimage\"},\"thumbnailUrl\":\"https:\\\/\\\/www.organisator.ch\\\/wp-content\\\/uploads\\\/2018\\\/09\\\/Kummli-Talk-am-Passione-Engadina-2_Organisator.jpg\",\"keywords\":[\"Management\",\"Unternehmen\",\"Veranstaltungen\",\"Vermischtes\"],\"articleSection\":[\"Allgemein\"],\"inLanguage\":\"it-IT\"},{\"@type\":\"WebPage\",\"@id\":\"https:\\\/\\\/www.organisator.ch\\\/de\\\/allgemein\\\/2018-09-05\\\/kummli-talk-am-passione-engadina\\\/\",\"url\":\"https:\\\/\\\/www.organisator.ch\\\/de\\\/allgemein\\\/2018-09-05\\\/kummli-talk-am-passione-engadina\\\/\",\"name\":\"Kummli-Talk am Passione Engadina - Organisator\",\"isPartOf\":{\"@id\":\"https:\\\/\\\/www.organisator.ch\\\/#website\"},\"primaryImageOfPage\":{\"@id\":\"https:\\\/\\\/www.organisator.ch\\\/de\\\/allgemein\\\/2018-09-05\\\/kummli-talk-am-passione-engadina\\\/#primaryimage\"},\"image\":{\"@id\":\"https:\\\/\\\/www.organisator.ch\\\/de\\\/allgemein\\\/2018-09-05\\\/kummli-talk-am-passione-engadina\\\/#primaryimage\"},\"thumbnailUrl\":\"https:\\\/\\\/www.organisator.ch\\\/wp-content\\\/uploads\\\/2018\\\/09\\\/Kummli-Talk-am-Passione-Engadina-2_Organisator.jpg\",\"datePublished\":\"2018-09-05T10:02:55+00:00\",\"description\":\"Am 26. August trafen sich gut ein Dutzend Entscheider zum \\\"Kummli-Talk\\\" am Passione Engadina in St.Moritz, erm\u00f6glicht durch Maserati Schweiz.\",\"breadcrumb\":{\"@id\":\"https:\\\/\\\/www.organisator.ch\\\/de\\\/allgemein\\\/2018-09-05\\\/kummli-talk-am-passione-engadina\\\/#breadcrumb\"},\"inLanguage\":\"it-IT\",\"potentialAction\":[{\"@type\":\"ReadAction\",\"target\":[\"https:\\\/\\\/www.organisator.ch\\\/de\\\/allgemein\\\/2018-09-05\\\/kummli-talk-am-passione-engadina\\\/\"]}]},{\"@type\":\"ImageObject\",\"inLanguage\":\"it-IT\",\"@id\":\"https:\\\/\\\/www.organisator.ch\\\/de\\\/allgemein\\\/2018-09-05\\\/kummli-talk-am-passione-engadina\\\/#primaryimage\",\"url\":\"https:\\\/\\\/www.organisator.ch\\\/wp-content\\\/uploads\\\/2018\\\/09\\\/Kummli-Talk-am-Passione-Engadina-2_Organisator.jpg\",\"contentUrl\":\"https:\\\/\\\/www.organisator.ch\\\/wp-content\\\/uploads\\\/2018\\\/09\\\/Kummli-Talk-am-Passione-Engadina-2_Organisator.jpg\",\"width\":640,\"height\":474,\"caption\":\"Klassiker der Kultmarke Maserati: Mexico, Ghibli, Khamsin (von vorne nach hinten). (Bild: Thomas Berner)\"},{\"@type\":\"BreadcrumbList\",\"@id\":\"https:\\\/\\\/www.organisator.ch\\\/de\\\/allgemein\\\/2018-09-05\\\/kummli-talk-am-passione-engadina\\\/#breadcrumb\",\"itemListElement\":[{\"@type\":\"ListItem\",\"position\":1,\"name\":\"Home\",\"item\":\"https:\\\/\\\/www.organisator.ch\\\/\"},{\"@type\":\"ListItem\",\"position\":2,\"name\":\"Kummli-Talk am Passione Engadina\"}]},{\"@type\":\"WebSite\",\"@id\":\"https:\\\/\\\/www.organisator.ch\\\/#website\",\"url\":\"https:\\\/\\\/www.organisator.ch\\\/\",\"name\":\"Organisator\",\"description\":\"Kompetent. Praxisnah. Der ORGANISATOR bereitet in 10 Ausgaben pro Jahr die wesentlichen Themen f\u00fcr F\u00fchrungskr\u00e4fte von KMU auf.\",\"publisher\":{\"@id\":\"https:\\\/\\\/www.organisator.ch\\\/#organization\"},\"potentialAction\":[{\"@type\":\"SearchAction\",\"target\":{\"@type\":\"EntryPoint\",\"urlTemplate\":\"https:\\\/\\\/www.organisator.ch\\\/?s={search_term_string}\"},\"query-input\":{\"@type\":\"PropertyValueSpecification\",\"valueRequired\":true,\"valueName\":\"search_term_string\"}}],\"inLanguage\":\"it-IT\"},{\"@type\":\"Organization\",\"@id\":\"https:\\\/\\\/www.organisator.ch\\\/#organization\",\"name\":\"Organisator\",\"url\":\"https:\\\/\\\/www.organisator.ch\\\/\",\"logo\":{\"@type\":\"ImageObject\",\"inLanguage\":\"it-IT\",\"@id\":\"https:\\\/\\\/www.organisator.ch\\\/#\\\/schema\\\/logo\\\/image\\\/\",\"url\":\"https:\\\/\\\/www.organisator.ch\\\/wp-content\\\/uploads\\\/2022\\\/01\\\/Logo_Organisator_Website.png\",\"contentUrl\":\"https:\\\/\\\/www.organisator.ch\\\/wp-content\\\/uploads\\\/2022\\\/01\\\/Logo_Organisator_Website.png\",\"width\":800,\"height\":77,\"caption\":\"Organisator\"},\"image\":{\"@id\":\"https:\\\/\\\/www.organisator.ch\\\/#\\\/schema\\\/logo\\\/image\\\/\"},\"sameAs\":[\"https:\\\/\\\/www.facebook.com\\\/OrganisatorFachmagazin\",\"https:\\\/\\\/www.linkedin.com\\\/showcase\\\/organisator-das-magazin-fr-kmu\",\"https:\\\/\\\/www.xing.com\\\/news\\\/pages\\\/organisator-ch-695\",\"https:\\\/\\\/www.youtube.com\\\/channel\\\/UCGP2Sq0iWaZwT3BdIAQFYpw\"]},{\"@type\":\"Person\",\"@id\":\"https:\\\/\\\/www.organisator.ch\\\/#\\\/schema\\\/person\\\/6f650f90b2842cd4c0cc334b4e36f67e\",\"name\":\"thomas.berner\",\"image\":{\"@type\":\"ImageObject\",\"inLanguage\":\"it-IT\",\"@id\":\"https:\\\/\\\/secure.gravatar.com\\\/avatar\\\/ac5001d2a36cb6c6cd3e50789007ffca834b477b74a2144564522e944eabff61?s=96&d=mm&r=g\",\"url\":\"https:\\\/\\\/secure.gravatar.com\\\/avatar\\\/ac5001d2a36cb6c6cd3e50789007ffca834b477b74a2144564522e944eabff61?s=96&d=mm&r=g\",\"contentUrl\":\"https:\\\/\\\/secure.gravatar.com\\\/avatar\\\/ac5001d2a36cb6c6cd3e50789007ffca834b477b74a2144564522e944eabff61?s=96&d=mm&r=g\",\"caption\":\"thomas.berner\"},\"url\":\"https:\\\/\\\/www.organisator.ch\\\/it\\\/author\\\/thomas-berner\\\/\"}]}<\/script>\n<!-- \/ Yoast SEO plugin. -->","yoast_head_json":{"title":"Conferenza su Kummli a Passione Engadina - Organizzatore","description":"Il 26 agosto, una buona dozzina di decision maker si \u00e8 riunita per il \"Kummli Talk\" presso la Passione Engadina a St.Moritz, reso possibile da Maserati Svizzera.","robots":{"index":"index","follow":"follow","max-snippet":"max-snippet:-1","max-image-preview":"max-image-preview:large","max-video-preview":"max-video-preview:-1"},"canonical":"https:\/\/www.organisator.ch\/it\/generale\/2018-09-05\/kummli-talk-am-passione-engadina\/","og_locale":"it_IT","og_type":"article","og_title":"Kummli-Talk am Passione Engadina","og_description":"Am 26. August trafen sich gut ein Dutzend Entscheider zum \"Kummli-Talk\" am Passione Engadina in St.Moritz, erm\u00f6glicht durch Maserati Schweiz.","og_url":"https:\/\/www.organisator.ch\/it\/generale\/2018-09-05\/kummli-talk-am-passione-engadina\/","og_site_name":"Organisator","article_publisher":"https:\/\/www.facebook.com\/OrganisatorFachmagazin","article_published_time":"2018-09-05T10:02:55+00:00","og_image":[{"width":640,"height":474,"url":"https:\/\/www.organisator.ch\/wp-content\/uploads\/2018\/09\/Kummli-Talk-am-Passione-Engadina-2_Organisator.jpg","type":"image\/jpeg"}],"author":"thomas.berner","twitter_card":"summary_large_image","twitter_title":"#Kummli-Talk am Passione Engadina","twitter_description":"Am 26. August trafen sich gut ein Dutzend Entscheider zum \"Kummli-Talk\" am Passione Engadina in #St.Moritz, erm\u00f6glicht durch #Maserati Schweiz.","twitter_image":"https:\/\/www.organisator.ch\/wp-content\/uploads\/2018\/09\/Kummli-Talk-am-Passione-Engadina-2_Organisator.jpg","schema":{"@context":"https:\/\/schema.org","@graph":[{"@type":"Article","@id":"https:\/\/www.organisator.ch\/de\/allgemein\/2018-09-05\/kummli-talk-am-passione-engadina\/#article","isPartOf":{"@id":"https:\/\/www.organisator.ch\/de\/allgemein\/2018-09-05\/kummli-talk-am-passione-engadina\/"},"author":{"name":"thomas.berner","@id":"https:\/\/www.organisator.ch\/#\/schema\/person\/6f650f90b2842cd4c0cc334b4e36f67e"},"headline":"Kummli-Talk am Passione Engadina","datePublished":"2018-09-05T10:02:55+00:00","mainEntityOfPage":{"@id":"https:\/\/www.organisator.ch\/de\/allgemein\/2018-09-05\/kummli-talk-am-passione-engadina\/"},"wordCount":543,"commentCount":0,"publisher":{"@id":"https:\/\/www.organisator.ch\/#organization"},"image":{"@id":"https:\/\/www.organisator.ch\/de\/allgemein\/2018-09-05\/kummli-talk-am-passione-engadina\/#primaryimage"},"thumbnailUrl":"https:\/\/www.organisator.ch\/wp-content\/uploads\/2018\/09\/Kummli-Talk-am-Passione-Engadina-2_Organisator.jpg","keywords":["Management","Unternehmen","Veranstaltungen","Vermischtes"],"articleSection":["Allgemein"],"inLanguage":"it-IT"},{"@type":"WebPage","@id":"https:\/\/www.organisator.ch\/de\/allgemein\/2018-09-05\/kummli-talk-am-passione-engadina\/","url":"https:\/\/www.organisator.ch\/de\/allgemein\/2018-09-05\/kummli-talk-am-passione-engadina\/","name":"Conferenza su Kummli a Passione Engadina - Organizzatore","isPartOf":{"@id":"https:\/\/www.organisator.ch\/#website"},"primaryImageOfPage":{"@id":"https:\/\/www.organisator.ch\/de\/allgemein\/2018-09-05\/kummli-talk-am-passione-engadina\/#primaryimage"},"image":{"@id":"https:\/\/www.organisator.ch\/de\/allgemein\/2018-09-05\/kummli-talk-am-passione-engadina\/#primaryimage"},"thumbnailUrl":"https:\/\/www.organisator.ch\/wp-content\/uploads\/2018\/09\/Kummli-Talk-am-Passione-Engadina-2_Organisator.jpg","datePublished":"2018-09-05T10:02:55+00:00","description":"Il 26 agosto, una buona dozzina di decision maker si \u00e8 riunita per il \"Kummli Talk\" presso la Passione Engadina a St.Moritz, reso possibile da Maserati Svizzera.","breadcrumb":{"@id":"https:\/\/www.organisator.ch\/de\/allgemein\/2018-09-05\/kummli-talk-am-passione-engadina\/#breadcrumb"},"inLanguage":"it-IT","potentialAction":[{"@type":"ReadAction","target":["https:\/\/www.organisator.ch\/de\/allgemein\/2018-09-05\/kummli-talk-am-passione-engadina\/"]}]},{"@type":"ImageObject","inLanguage":"it-IT","@id":"https:\/\/www.organisator.ch\/de\/allgemein\/2018-09-05\/kummli-talk-am-passione-engadina\/#primaryimage","url":"https:\/\/www.organisator.ch\/wp-content\/uploads\/2018\/09\/Kummli-Talk-am-Passione-Engadina-2_Organisator.jpg","contentUrl":"https:\/\/www.organisator.ch\/wp-content\/uploads\/2018\/09\/Kummli-Talk-am-Passione-Engadina-2_Organisator.jpg","width":640,"height":474,"caption":"Klassiker der Kultmarke Maserati: Mexico, Ghibli, Khamsin (von vorne nach hinten). (Bild: Thomas Berner)"},{"@type":"BreadcrumbList","@id":"https:\/\/www.organisator.ch\/de\/allgemein\/2018-09-05\/kummli-talk-am-passione-engadina\/#breadcrumb","itemListElement":[{"@type":"ListItem","position":1,"name":"Home","item":"https:\/\/www.organisator.ch\/"},{"@type":"ListItem","position":2,"name":"Kummli-Talk am Passione Engadina"}]},{"@type":"WebSite","@id":"https:\/\/www.organisator.ch\/#website","url":"https:\/\/www.organisator.ch\/","name":"Organizzatore","description":"Competente. Pratico. In 10 numeri all'anno, ORGANISATOR presenta i temi essenziali per i manager delle PMI.","publisher":{"@id":"https:\/\/www.organisator.ch\/#organization"},"potentialAction":[{"@type":"SearchAction","target":{"@type":"EntryPoint","urlTemplate":"https:\/\/www.organisator.ch\/?s={search_term_string}"},"query-input":{"@type":"PropertyValueSpecification","valueRequired":true,"valueName":"search_term_string"}}],"inLanguage":"it-IT"},{"@type":"Organization","@id":"https:\/\/www.organisator.ch\/#organization","name":"Organizzatore","url":"https:\/\/www.organisator.ch\/","logo":{"@type":"ImageObject","inLanguage":"it-IT","@id":"https:\/\/www.organisator.ch\/#\/schema\/logo\/image\/","url":"https:\/\/www.organisator.ch\/wp-content\/uploads\/2022\/01\/Logo_Organisator_Website.png","contentUrl":"https:\/\/www.organisator.ch\/wp-content\/uploads\/2022\/01\/Logo_Organisator_Website.png","width":800,"height":77,"caption":"Organisator"},"image":{"@id":"https:\/\/www.organisator.ch\/#\/schema\/logo\/image\/"},"sameAs":["https:\/\/www.facebook.com\/OrganisatorFachmagazin","https:\/\/www.linkedin.com\/showcase\/organisator-das-magazin-fr-kmu","https:\/\/www.xing.com\/news\/pages\/organisator-ch-695","https:\/\/www.youtube.com\/channel\/UCGP2Sq0iWaZwT3BdIAQFYpw"]},{"@type":"Person","@id":"https:\/\/www.organisator.ch\/#\/schema\/person\/6f650f90b2842cd4c0cc334b4e36f67e","name":"Tommaso.berner","image":{"@type":"ImageObject","inLanguage":"it-IT","@id":"https:\/\/secure.gravatar.com\/avatar\/ac5001d2a36cb6c6cd3e50789007ffca834b477b74a2144564522e944eabff61?s=96&d=mm&r=g","url":"https:\/\/secure.gravatar.com\/avatar\/ac5001d2a36cb6c6cd3e50789007ffca834b477b74a2144564522e944eabff61?s=96&d=mm&r=g","contentUrl":"https:\/\/secure.gravatar.com\/avatar\/ac5001d2a36cb6c6cd3e50789007ffca834b477b74a2144564522e944eabff61?s=96&d=mm&r=g","caption":"thomas.berner"},"url":"https:\/\/www.organisator.ch\/it\/author\/thomas-berner\/"}]}},"_links":{"self":[{"href":"https:\/\/www.organisator.ch\/it\/wp-json\/wp\/v2\/posts\/4182","targetHints":{"allow":["GET"]}}],"collection":[{"href":"https:\/\/www.organisator.ch\/it\/wp-json\/wp\/v2\/posts"}],"about":[{"href":"https:\/\/www.organisator.ch\/it\/wp-json\/wp\/v2\/types\/post"}],"author":[{"embeddable":true,"href":"https:\/\/www.organisator.ch\/it\/wp-json\/wp\/v2\/users\/4"}],"replies":[{"embeddable":true,"href":"https:\/\/www.organisator.ch\/it\/wp-json\/wp\/v2\/comments?post=4182"}],"version-history":[{"count":0,"href":"https:\/\/www.organisator.ch\/it\/wp-json\/wp\/v2\/posts\/4182\/revisions"}],"wp:featuredmedia":[{"embeddable":true,"href":"https:\/\/www.organisator.ch\/it\/wp-json\/wp\/v2\/media\/4185"}],"wp:attachment":[{"href":"https:\/\/www.organisator.ch\/it\/wp-json\/wp\/v2\/media?parent=4182"}],"wp:term":[{"taxonomy":"category","embeddable":true,"href":"https:\/\/www.organisator.ch\/it\/wp-json\/wp\/v2\/categories?post=4182"},{"taxonomy":"post_tag","embeddable":true,"href":"https:\/\/www.organisator.ch\/it\/wp-json\/wp\/v2\/tags?post=4182"}],"curies":[{"name":"wp","href":"https:\/\/api.w.org\/{rel}","templated":true}]}}