{"id":41837,"date":"2025-11-09T16:21:10","date_gmt":"2025-11-09T15:21:10","guid":{"rendered":"https:\/\/www.markt-kom.com\/?p=245459"},"modified":"2025-12-05T08:37:38","modified_gmt":"2025-12-05T07:37:38","slug":"initiative-schweiz-prix-suisse-fuer-willy-michel-amal-clooney-inspiriert-im-fireside-chat","status":"publish","type":"post","link":"https:\/\/www.organisator.ch\/it\/marketing\/2025-11-09\/initiative-schweiz-prix-suisse-fuer-willy-michel-amal-clooney-inspiriert-im-fireside-chat\/","title":{"rendered":"Iniziativa Svizzera: Premio Suisse per Willy Michel; Amal Clooney ispira nella chiacchierata al caminetto"},"content":{"rendered":"<div class=\"article-block article-block__p viewport-section in-viewport\">\r\n<figure id=\"attachment_245460\" class=\"wp-caption alignnone\" style=\"width: 768px;\" aria-describedby=\"caption-attachment-245460\"><img class=\"wp-image-245460 size-large\" src=\"https:\/\/www.markt-kom.com\/wp-content\/uploads\/2025\/11\/625576-Rudolf-Obrecht_Albert-Roesti_Willy-Michel_Stefan-Linder_Sandra-Studer-v.l.n.r._Credit-Sandra-Blaser-234450-original-1762682543-1024x683.jpeg\" sizes=\"(max-width: 768px) 100vw, 768px\" srcset=\"https:\/\/www.markt-kom.com\/wp-content\/uploads\/2025\/11\/625576-Rudolf-Obrecht_Albert-Roesti_Willy-Michel_Stefan-Linder_Sandra-Studer-v.l.n.r._Credit-Sandra-Blaser-234450-original-1762682543-1024x683.jpeg 1024w, https:\/\/www.markt-kom.com\/wp-content\/uploads\/2025\/11\/625576-Rudolf-Obrecht_Albert-Roesti_Willy-Michel_Stefan-Linder_Sandra-Studer-v.l.n.r._Credit-Sandra-Blaser-234450-original-1762682543-600x400.jpeg 600w, https:\/\/www.markt-kom.com\/wp-content\/uploads\/2025\/11\/625576-Rudolf-Obrecht_Albert-Roesti_Willy-Michel_Stefan-Linder_Sandra-Studer-v.l.n.r._Credit-Sandra-Blaser-234450-original-1762682543-768x512.jpeg 768w, https:\/\/www.markt-kom.com\/wp-content\/uploads\/2025\/11\/625576-Rudolf-Obrecht_Albert-Roesti_Willy-Michel_Stefan-Linder_Sandra-Studer-v.l.n.r._Credit-Sandra-Blaser-234450-original-1762682543-1536x1024.jpeg 1536w, https:\/\/www.markt-kom.com\/wp-content\/uploads\/2025\/11\/625576-Rudolf-Obrecht_Albert-Roesti_Willy-Michel_Stefan-Linder_Sandra-Studer-v.l.n.r._Credit-Sandra-Blaser-234450-original-1762682543-2048x1365.jpeg 2048w, https:\/\/www.markt-kom.com\/wp-content\/uploads\/2025\/11\/625576-Rudolf-Obrecht_Albert-Roesti_Willy-Michel_Stefan-Linder_Sandra-Studer-v.l.n.r._Credit-Sandra-Blaser-234450-original-1762682543-18x12.jpeg 18w, https:\/\/www.markt-kom.com\/wp-content\/uploads\/2025\/11\/625576-Rudolf-Obrecht_Albert-Roesti_Willy-Michel_Stefan-Linder_Sandra-Studer-v.l.n.r._Credit-Sandra-Blaser-234450-original-1762682543-263x175.jpeg 263w, https:\/\/www.markt-kom.com\/wp-content\/uploads\/2025\/11\/625576-Rudolf-Obrecht_Albert-Roesti_Willy-Michel_Stefan-Linder_Sandra-Studer-v.l.n.r._Credit-Sandra-Blaser-234450-original-1762682543-525x350.jpeg 525w, https:\/\/www.markt-kom.com\/wp-content\/uploads\/2025\/11\/625576-Rudolf-Obrecht_Albert-Roesti_Willy-Michel_Stefan-Linder_Sandra-Studer-v.l.n.r._Credit-Sandra-Blaser-234450-original-1762682543-1000x667.jpeg 1000w, https:\/\/www.markt-kom.com\/wp-content\/uploads\/2025\/11\/625576-Rudolf-Obrecht_Albert-Roesti_Willy-Michel_Stefan-Linder_Sandra-Studer-v.l.n.r._Credit-Sandra-Blaser-234450-original-1762682543-scaled.jpeg 1400w\" alt=\"\" width=\"768\" height=\"512\" \/>\r\n<figcaption id=\"caption-attachment-245460\" class=\"wp-caption-text\">Da sinistra a destra: Rudolf Obrecht, Albert R\u00f6sti, Willy Michel, Stefan Linder, Sandra Studer (f.l.t.r.(Foto: Sandra Blaser).<\/figcaption>\r\n<\/figure>\r\n<p>\u00abWilly Michel \u00e8 sinonimo di visione imprenditoriale, forza innovativa e responsabilit\u00e0 sociale. Con le aziende Disetronic e Ypsomed, ha lasciato un segno indelebile nella tecnologia medica e ha rafforzato la Svizzera come centro di precisione e innovazione. Il suo lavoro pionieristico, in particolare nel campo della somministrazione di insulina, ha stabilito nuovi standard e migliorato la vita di milioni di persone in tutto il mondo. Siamo onorati di consegnargli il Prix Suisse di quest'anno\u00bb, ha dichiarato Stefan Linder, responsabile di Initiative Switzerland. Il Consigliere federale Albert R\u00f6sti ha presentato il Prix Suisse 2025, che dal 2021 viene assegnato annualmente dall'organizzazione no-profit Initiative Switzerland a persone che si sono distinte per il coraggio, la creativit\u00e0 e la visione della Svizzera. Tra i precedenti vincitori figurano Peter Spuhler, premiato nel 2021 per i suoi successi imprenditoriali, Martine Clozel, premiata nel 2022 per i suoi successi in campo scientifico, Marco Odermatt, premiato nel 2023 per lo sport, e B\u00fcne Huber, premiato nel 2024 per il suo lavoro culturale. Per Willy Michel, il Prix Suisse \u00e8 un riconoscimento speciale del lavoro e dell'impegno imprenditoriale di una vita.<\/p>\r\n<\/div>\r\n<div class=\"article-block article-block__p viewport-section in-viewport\">\r\n<figure id=\"attachment_245461\" class=\"wp-caption alignnone\" style=\"width: 768px;\" aria-describedby=\"caption-attachment-245461\"><img class=\"wp-image-245461 size-large\" src=\"https:\/\/www.markt-kom.com\/wp-content\/uploads\/2025\/11\/625564-Amal-Clooney_Credit-Initiative-Schweiz-Sandra-Blaser_1-774547-original-1762651313-1024x683.jpeg\" sizes=\"(max-width: 768px) 100vw, 768px\" srcset=\"https:\/\/www.markt-kom.com\/wp-content\/uploads\/2025\/11\/625564-Amal-Clooney_Credit-Initiative-Schweiz-Sandra-Blaser_1-774547-original-1762651313-1024x683.jpeg 1024w, https:\/\/www.markt-kom.com\/wp-content\/uploads\/2025\/11\/625564-Amal-Clooney_Credit-Initiative-Schweiz-Sandra-Blaser_1-774547-original-1762651313-600x400.jpeg 600w, https:\/\/www.markt-kom.com\/wp-content\/uploads\/2025\/11\/625564-Amal-Clooney_Credit-Initiative-Schweiz-Sandra-Blaser_1-774547-original-1762651313-768x512.jpeg 768w, https:\/\/www.markt-kom.com\/wp-content\/uploads\/2025\/11\/625564-Amal-Clooney_Credit-Initiative-Schweiz-Sandra-Blaser_1-774547-original-1762651313-1536x1024.jpeg 1536w, https:\/\/www.markt-kom.com\/wp-content\/uploads\/2025\/11\/625564-Amal-Clooney_Credit-Initiative-Schweiz-Sandra-Blaser_1-774547-original-1762651313-2048x1365.jpeg 2048w, https:\/\/www.markt-kom.com\/wp-content\/uploads\/2025\/11\/625564-Amal-Clooney_Credit-Initiative-Schweiz-Sandra-Blaser_1-774547-original-1762651313-18x12.jpeg 18w, https:\/\/www.markt-kom.com\/wp-content\/uploads\/2025\/11\/625564-Amal-Clooney_Credit-Initiative-Schweiz-Sandra-Blaser_1-774547-original-1762651313-263x175.jpeg 263w, https:\/\/www.markt-kom.com\/wp-content\/uploads\/2025\/11\/625564-Amal-Clooney_Credit-Initiative-Schweiz-Sandra-Blaser_1-774547-original-1762651313-525x350.jpeg 525w, https:\/\/www.markt-kom.com\/wp-content\/uploads\/2025\/11\/625564-Amal-Clooney_Credit-Initiative-Schweiz-Sandra-Blaser_1-774547-original-1762651313-1000x667.jpeg 1000w, https:\/\/www.markt-kom.com\/wp-content\/uploads\/2025\/11\/625564-Amal-Clooney_Credit-Initiative-Schweiz-Sandra-Blaser_1-774547-original-1762651313-scaled.jpeg 1400w\" alt=\"Amal Clooney\" width=\"768\" height=\"512\" \/>\r\n<figcaption id=\"caption-attachment-245461\" class=\"wp-caption-text\">Amal Clooney<\/figcaption>\r\n<\/figure>\r\n<\/div>\r\n<p><b>Conversazione con l'avvocato dei diritti umani Amal Clooney<\/b><\/p>\r\n<p>Un momento saliente della serata \u00e8 stata la Fireside Chat con Amal Clooney, uno dei principali avvocati al mondo per i diritti umani e il diritto internazionale. In un'impressionante conversazione, ha parlato di responsabilit\u00e0, giustizia e protezione della libert\u00e0 di stampa. Amal Clooney si batte da anni per le vittime di crimini di guerra, genocidi e abusi di potere. Rappresenta personalit\u00e0 come Julian Assange, Maria Ressa e Nadia Murad e lavora a stretto contatto con le Nazioni Unite e la Corte penale internazionale dell'Aia. In qualit\u00e0 di consulente speciale delle Nazioni Unite per la giustizia e la responsabilit\u00e0, si batte in tutto il mondo per il perseguimento dei crimini di guerra e il rafforzamento del diritto internazionale. Con la Clooney Foundation for Justice, sostiene le persone che sono state private dei diritti a causa delle loro convinzioni o del loro background. La fondazione offre assistenza legale gratuita in oltre 40 Paesi e si impegna per la libert\u00e0 di espressione, l'uguaglianza e i diritti delle donne.<\/p>\r\n<div class=\"article-block article-block__p viewport-section in-viewport\">\r\n<div class=\"c-sideline-actions\">\u00a0<\/div>\r\n<\/div>","protected":false},"excerpt":{"rendered":"<p>La quinta edizione del Prix Suisse ha riunito sabato 8 novembre al Kursaal di Berna circa 400 ospiti provenienti dal mondo dell'economia, della scienza, della politica, dello sport e della cultura. Il Prix Suisse 2025 \u00e8 stato assegnato al Dr. h.c. Willy Michel in riconoscimento dei suoi straordinari risultati come imprenditore, visionario e mecenate.<\/p>","protected":false},"author":8,"featured_media":0,"comment_status":"closed","ping_status":"closed","sticky":false,"template":"","format":"standard","meta":{"_acf_changed":false,"_yoast_wpseo_focuskw":"Prix Suisse","_yoast_wpseo_metadesc":"Die f\u00fcnfte Ausgabe des Prix Suisse vereinte am 8. November in Bern rund 400 G\u00e4ste aus Wirtschaft, Wissenschaft, Politik, Sport und Kultur.","articlekey":"","footnotes":""},"categories":[29],"tags":[66,5669,4343],"class_list":["post-41837","post","type-post","status-publish","format-standard","hentry","category-marketing","tag-awards","tag-initiative-schweiz","tag-markom"],"acf":[],"yoast_head":"<!-- This site is optimized with the Yoast SEO plugin v27.5 - https:\/\/yoast.com\/product\/yoast-seo-wordpress\/ -->\n<title>Initiative Schweiz: Prix Suisse f\u00fcr Willy Michel; Amal Clooney inspiriert im Fireside Chat - Organisator<\/title>\n<meta name=\"description\" content=\"Die f\u00fcnfte Ausgabe des Prix Suisse vereinte am 8. November in Bern rund 400 G\u00e4ste aus Wirtschaft, Wissenschaft, Politik, Sport und Kultur.\" \/>\n<meta name=\"robots\" content=\"index, follow, max-snippet:-1, max-image-preview:large, max-video-preview:-1\" \/>\n<link rel=\"canonical\" href=\"https:\/\/www.organisator.ch\/it\/marketing\/2025-11-09\/initiative-schweiz-prix-suisse-fuer-willy-michel-amal-clooney-inspiriert-im-fireside-chat\/\" \/>\n<meta property=\"og:locale\" content=\"it_IT\" \/>\n<meta property=\"og:type\" content=\"article\" \/>\n<meta property=\"og:title\" content=\"Initiative Schweiz: Prix Suisse f\u00fcr Willy Michel; Amal Clooney inspiriert im Fireside Chat - Organisator\" \/>\n<meta property=\"og:description\" content=\"Die f\u00fcnfte Ausgabe des Prix Suisse vereinte am 8. November in Bern rund 400 G\u00e4ste aus Wirtschaft, Wissenschaft, Politik, Sport und Kultur.\" \/>\n<meta property=\"og:url\" content=\"https:\/\/www.organisator.ch\/it\/marketing\/2025-11-09\/initiative-schweiz-prix-suisse-fuer-willy-michel-amal-clooney-inspiriert-im-fireside-chat\/\" \/>\n<meta property=\"og:site_name\" content=\"Organisator\" \/>\n<meta property=\"article:publisher\" content=\"https:\/\/www.facebook.com\/OrganisatorFachmagazin\" \/>\n<meta property=\"article:published_time\" content=\"2025-11-09T15:21:10+00:00\" \/>\n<meta property=\"article:modified_time\" content=\"2025-12-05T07:37:38+00:00\" \/>\n<meta name=\"author\" content=\"galledia\" \/>\n<meta name=\"twitter:card\" content=\"summary_large_image\" \/>\n<meta name=\"twitter:creator\" content=\"@admin\" \/>\n<script type=\"application\/ld+json\" class=\"yoast-schema-graph\">{\"@context\":\"https:\\\/\\\/schema.org\",\"@graph\":[{\"@type\":\"Article\",\"@id\":\"https:\\\/\\\/www.organisator.ch\\\/marketing\\\/2025-11-09\\\/initiative-schweiz-prix-suisse-fuer-willy-michel-amal-clooney-inspiriert-im-fireside-chat\\\/#article\",\"isPartOf\":{\"@id\":\"https:\\\/\\\/www.organisator.ch\\\/marketing\\\/2025-11-09\\\/initiative-schweiz-prix-suisse-fuer-willy-michel-amal-clooney-inspiriert-im-fireside-chat\\\/\"},\"author\":{\"name\":\"galledia\",\"@id\":\"https:\\\/\\\/www.organisator.ch\\\/#\\\/schema\\\/person\\\/4e51799071cd2dd1232ac003643ef5f0\"},\"headline\":\"Initiative Schweiz: Prix Suisse f\u00fcr Willy Michel; Amal Clooney inspiriert im Fireside Chat\",\"datePublished\":\"2025-11-09T15:21:10+00:00\",\"dateModified\":\"2025-12-05T07:37:38+00:00\",\"mainEntityOfPage\":{\"@id\":\"https:\\\/\\\/www.organisator.ch\\\/marketing\\\/2025-11-09\\\/initiative-schweiz-prix-suisse-fuer-willy-michel-amal-clooney-inspiriert-im-fireside-chat\\\/\"},\"wordCount\":367,\"publisher\":{\"@id\":\"https:\\\/\\\/www.organisator.ch\\\/#organization\"},\"image\":{\"@id\":\"https:\\\/\\\/www.organisator.ch\\\/marketing\\\/2025-11-09\\\/initiative-schweiz-prix-suisse-fuer-willy-michel-amal-clooney-inspiriert-im-fireside-chat\\\/#primaryimage\"},\"thumbnailUrl\":\"https:\\\/\\\/www.markt-kom.com\\\/wp-content\\\/uploads\\\/2025\\\/11\\\/625576-Rudolf-Obrecht_Albert-Roesti_Willy-Michel_Stefan-Linder_Sandra-Studer-v.l.n.r._Credit-Sandra-Blaser-234450-original-1762682543-1024x683.jpeg\",\"keywords\":[\"Awards\",\"Initiative Schweiz\",\"MarKom\"],\"articleSection\":[\"MARKETING\"],\"inLanguage\":\"it-IT\"},{\"@type\":\"WebPage\",\"@id\":\"https:\\\/\\\/www.organisator.ch\\\/marketing\\\/2025-11-09\\\/initiative-schweiz-prix-suisse-fuer-willy-michel-amal-clooney-inspiriert-im-fireside-chat\\\/\",\"url\":\"https:\\\/\\\/www.organisator.ch\\\/marketing\\\/2025-11-09\\\/initiative-schweiz-prix-suisse-fuer-willy-michel-amal-clooney-inspiriert-im-fireside-chat\\\/\",\"name\":\"Initiative Schweiz: Prix Suisse f\u00fcr Willy Michel; Amal Clooney inspiriert im Fireside Chat - Organisator\",\"isPartOf\":{\"@id\":\"https:\\\/\\\/www.organisator.ch\\\/#website\"},\"primaryImageOfPage\":{\"@id\":\"https:\\\/\\\/www.organisator.ch\\\/marketing\\\/2025-11-09\\\/initiative-schweiz-prix-suisse-fuer-willy-michel-amal-clooney-inspiriert-im-fireside-chat\\\/#primaryimage\"},\"image\":{\"@id\":\"https:\\\/\\\/www.organisator.ch\\\/marketing\\\/2025-11-09\\\/initiative-schweiz-prix-suisse-fuer-willy-michel-amal-clooney-inspiriert-im-fireside-chat\\\/#primaryimage\"},\"thumbnailUrl\":\"https:\\\/\\\/www.markt-kom.com\\\/wp-content\\\/uploads\\\/2025\\\/11\\\/625576-Rudolf-Obrecht_Albert-Roesti_Willy-Michel_Stefan-Linder_Sandra-Studer-v.l.n.r._Credit-Sandra-Blaser-234450-original-1762682543-1024x683.jpeg\",\"datePublished\":\"2025-11-09T15:21:10+00:00\",\"dateModified\":\"2025-12-05T07:37:38+00:00\",\"description\":\"Die f\u00fcnfte Ausgabe des Prix Suisse vereinte am 8. November in Bern rund 400 G\u00e4ste aus Wirtschaft, Wissenschaft, Politik, Sport und Kultur.\",\"breadcrumb\":{\"@id\":\"https:\\\/\\\/www.organisator.ch\\\/marketing\\\/2025-11-09\\\/initiative-schweiz-prix-suisse-fuer-willy-michel-amal-clooney-inspiriert-im-fireside-chat\\\/#breadcrumb\"},\"inLanguage\":\"it-IT\",\"potentialAction\":[{\"@type\":\"ReadAction\",\"target\":[\"https:\\\/\\\/www.organisator.ch\\\/marketing\\\/2025-11-09\\\/initiative-schweiz-prix-suisse-fuer-willy-michel-amal-clooney-inspiriert-im-fireside-chat\\\/\"]}]},{\"@type\":\"ImageObject\",\"inLanguage\":\"it-IT\",\"@id\":\"https:\\\/\\\/www.organisator.ch\\\/marketing\\\/2025-11-09\\\/initiative-schweiz-prix-suisse-fuer-willy-michel-amal-clooney-inspiriert-im-fireside-chat\\\/#primaryimage\",\"url\":\"https:\\\/\\\/www.markt-kom.com\\\/wp-content\\\/uploads\\\/2025\\\/11\\\/625576-Rudolf-Obrecht_Albert-Roesti_Willy-Michel_Stefan-Linder_Sandra-Studer-v.l.n.r._Credit-Sandra-Blaser-234450-original-1762682543-1024x683.jpeg\",\"contentUrl\":\"https:\\\/\\\/www.markt-kom.com\\\/wp-content\\\/uploads\\\/2025\\\/11\\\/625576-Rudolf-Obrecht_Albert-Roesti_Willy-Michel_Stefan-Linder_Sandra-Studer-v.l.n.r._Credit-Sandra-Blaser-234450-original-1762682543-1024x683.jpeg\"},{\"@type\":\"BreadcrumbList\",\"@id\":\"https:\\\/\\\/www.organisator.ch\\\/marketing\\\/2025-11-09\\\/initiative-schweiz-prix-suisse-fuer-willy-michel-amal-clooney-inspiriert-im-fireside-chat\\\/#breadcrumb\",\"itemListElement\":[{\"@type\":\"ListItem\",\"position\":1,\"name\":\"Home\",\"item\":\"https:\\\/\\\/www.organisator.ch\\\/\"},{\"@type\":\"ListItem\",\"position\":2,\"name\":\"Initiative Schweiz: Prix Suisse f\u00fcr Willy Michel; Amal Clooney inspiriert im Fireside Chat\"}]},{\"@type\":\"WebSite\",\"@id\":\"https:\\\/\\\/www.organisator.ch\\\/#website\",\"url\":\"https:\\\/\\\/www.organisator.ch\\\/\",\"name\":\"Organisator\",\"description\":\"Kompetent. Praxisnah. Der ORGANISATOR bereitet in 10 Ausgaben pro Jahr die wesentlichen Themen f\u00fcr F\u00fchrungskr\u00e4fte von KMU auf.\",\"publisher\":{\"@id\":\"https:\\\/\\\/www.organisator.ch\\\/#organization\"},\"potentialAction\":[{\"@type\":\"SearchAction\",\"target\":{\"@type\":\"EntryPoint\",\"urlTemplate\":\"https:\\\/\\\/www.organisator.ch\\\/?s={search_term_string}\"},\"query-input\":{\"@type\":\"PropertyValueSpecification\",\"valueRequired\":true,\"valueName\":\"search_term_string\"}}],\"inLanguage\":\"it-IT\"},{\"@type\":\"Organization\",\"@id\":\"https:\\\/\\\/www.organisator.ch\\\/#organization\",\"name\":\"Organisator\",\"url\":\"https:\\\/\\\/www.organisator.ch\\\/\",\"logo\":{\"@type\":\"ImageObject\",\"inLanguage\":\"it-IT\",\"@id\":\"https:\\\/\\\/www.organisator.ch\\\/#\\\/schema\\\/logo\\\/image\\\/\",\"url\":\"https:\\\/\\\/www.organisator.ch\\\/wp-content\\\/uploads\\\/2022\\\/01\\\/Logo_Organisator_Website.png\",\"contentUrl\":\"https:\\\/\\\/www.organisator.ch\\\/wp-content\\\/uploads\\\/2022\\\/01\\\/Logo_Organisator_Website.png\",\"width\":800,\"height\":77,\"caption\":\"Organisator\"},\"image\":{\"@id\":\"https:\\\/\\\/www.organisator.ch\\\/#\\\/schema\\\/logo\\\/image\\\/\"},\"sameAs\":[\"https:\\\/\\\/www.facebook.com\\\/OrganisatorFachmagazin\",\"https:\\\/\\\/www.linkedin.com\\\/showcase\\\/organisator-das-magazin-fr-kmu\",\"https:\\\/\\\/www.xing.com\\\/news\\\/pages\\\/organisator-ch-695\",\"https:\\\/\\\/www.youtube.com\\\/channel\\\/UCGP2Sq0iWaZwT3BdIAQFYpw\"]},{\"@type\":\"Person\",\"@id\":\"https:\\\/\\\/www.organisator.ch\\\/#\\\/schema\\\/person\\\/4e51799071cd2dd1232ac003643ef5f0\",\"name\":\"galledia\",\"image\":{\"@type\":\"ImageObject\",\"inLanguage\":\"it-IT\",\"@id\":\"https:\\\/\\\/secure.gravatar.com\\\/avatar\\\/78a7f90c01fc2bfc875782a0d4922b37cde2cf184ce347b91316d23cd7f69a36?s=96&d=mm&r=g\",\"url\":\"https:\\\/\\\/secure.gravatar.com\\\/avatar\\\/78a7f90c01fc2bfc875782a0d4922b37cde2cf184ce347b91316d23cd7f69a36?s=96&d=mm&r=g\",\"contentUrl\":\"https:\\\/\\\/secure.gravatar.com\\\/avatar\\\/78a7f90c01fc2bfc875782a0d4922b37cde2cf184ce347b91316d23cd7f69a36?s=96&d=mm&r=g\",\"caption\":\"galledia\"},\"sameAs\":[\"https:\\\/\\\/x.com\\\/admin\"],\"url\":\"https:\\\/\\\/www.organisator.ch\\\/it\\\/author\\\/galledia\\\/\"}]}<\/script>\n<!-- \/ Yoast SEO plugin. -->","yoast_head_json":{"title":"Iniziativa Svizzera: Premio Suisse per Willy Michel; Amal Clooney ispira in una chiacchierata al caminetto - Organizzatore","description":"La quinta edizione del Prix Suisse ha riunito a Berna l'8 novembre circa 400 ospiti provenienti dal mondo dell'economia, della scienza, della politica, dello sport e della cultura.","robots":{"index":"index","follow":"follow","max-snippet":"max-snippet:-1","max-image-preview":"max-image-preview:large","max-video-preview":"max-video-preview:-1"},"canonical":"https:\/\/www.organisator.ch\/it\/marketing\/2025-11-09\/initiative-schweiz-prix-suisse-fuer-willy-michel-amal-clooney-inspiriert-im-fireside-chat\/","og_locale":"it_IT","og_type":"article","og_title":"Initiative Schweiz: Prix Suisse f\u00fcr Willy Michel; Amal Clooney inspiriert im Fireside Chat - Organisator","og_description":"Die f\u00fcnfte Ausgabe des Prix Suisse vereinte am 8. November in Bern rund 400 G\u00e4ste aus Wirtschaft, Wissenschaft, Politik, Sport und Kultur.","og_url":"https:\/\/www.organisator.ch\/it\/marketing\/2025-11-09\/initiative-schweiz-prix-suisse-fuer-willy-michel-amal-clooney-inspiriert-im-fireside-chat\/","og_site_name":"Organisator","article_publisher":"https:\/\/www.facebook.com\/OrganisatorFachmagazin","article_published_time":"2025-11-09T15:21:10+00:00","article_modified_time":"2025-12-05T07:37:38+00:00","author":"galledia","twitter_card":"summary_large_image","twitter_creator":"@admin","schema":{"@context":"https:\/\/schema.org","@graph":[{"@type":"Article","@id":"https:\/\/www.organisator.ch\/marketing\/2025-11-09\/initiative-schweiz-prix-suisse-fuer-willy-michel-amal-clooney-inspiriert-im-fireside-chat\/#article","isPartOf":{"@id":"https:\/\/www.organisator.ch\/marketing\/2025-11-09\/initiative-schweiz-prix-suisse-fuer-willy-michel-amal-clooney-inspiriert-im-fireside-chat\/"},"author":{"name":"galledia","@id":"https:\/\/www.organisator.ch\/#\/schema\/person\/4e51799071cd2dd1232ac003643ef5f0"},"headline":"Initiative Schweiz: Prix Suisse f\u00fcr Willy Michel; Amal Clooney inspiriert im Fireside Chat","datePublished":"2025-11-09T15:21:10+00:00","dateModified":"2025-12-05T07:37:38+00:00","mainEntityOfPage":{"@id":"https:\/\/www.organisator.ch\/marketing\/2025-11-09\/initiative-schweiz-prix-suisse-fuer-willy-michel-amal-clooney-inspiriert-im-fireside-chat\/"},"wordCount":367,"publisher":{"@id":"https:\/\/www.organisator.ch\/#organization"},"image":{"@id":"https:\/\/www.organisator.ch\/marketing\/2025-11-09\/initiative-schweiz-prix-suisse-fuer-willy-michel-amal-clooney-inspiriert-im-fireside-chat\/#primaryimage"},"thumbnailUrl":"https:\/\/www.markt-kom.com\/wp-content\/uploads\/2025\/11\/625576-Rudolf-Obrecht_Albert-Roesti_Willy-Michel_Stefan-Linder_Sandra-Studer-v.l.n.r._Credit-Sandra-Blaser-234450-original-1762682543-1024x683.jpeg","keywords":["Awards","Initiative Schweiz","MarKom"],"articleSection":["MARKETING"],"inLanguage":"it-IT"},{"@type":"WebPage","@id":"https:\/\/www.organisator.ch\/marketing\/2025-11-09\/initiative-schweiz-prix-suisse-fuer-willy-michel-amal-clooney-inspiriert-im-fireside-chat\/","url":"https:\/\/www.organisator.ch\/marketing\/2025-11-09\/initiative-schweiz-prix-suisse-fuer-willy-michel-amal-clooney-inspiriert-im-fireside-chat\/","name":"Iniziativa Svizzera: Premio Suisse per Willy Michel; Amal Clooney ispira in una chiacchierata al caminetto - Organizzatore","isPartOf":{"@id":"https:\/\/www.organisator.ch\/#website"},"primaryImageOfPage":{"@id":"https:\/\/www.organisator.ch\/marketing\/2025-11-09\/initiative-schweiz-prix-suisse-fuer-willy-michel-amal-clooney-inspiriert-im-fireside-chat\/#primaryimage"},"image":{"@id":"https:\/\/www.organisator.ch\/marketing\/2025-11-09\/initiative-schweiz-prix-suisse-fuer-willy-michel-amal-clooney-inspiriert-im-fireside-chat\/#primaryimage"},"thumbnailUrl":"https:\/\/www.markt-kom.com\/wp-content\/uploads\/2025\/11\/625576-Rudolf-Obrecht_Albert-Roesti_Willy-Michel_Stefan-Linder_Sandra-Studer-v.l.n.r._Credit-Sandra-Blaser-234450-original-1762682543-1024x683.jpeg","datePublished":"2025-11-09T15:21:10+00:00","dateModified":"2025-12-05T07:37:38+00:00","description":"La quinta edizione del Prix Suisse ha riunito a Berna l'8 novembre circa 400 ospiti provenienti dal mondo dell'economia, della scienza, della politica, dello sport e della cultura.","breadcrumb":{"@id":"https:\/\/www.organisator.ch\/marketing\/2025-11-09\/initiative-schweiz-prix-suisse-fuer-willy-michel-amal-clooney-inspiriert-im-fireside-chat\/#breadcrumb"},"inLanguage":"it-IT","potentialAction":[{"@type":"ReadAction","target":["https:\/\/www.organisator.ch\/marketing\/2025-11-09\/initiative-schweiz-prix-suisse-fuer-willy-michel-amal-clooney-inspiriert-im-fireside-chat\/"]}]},{"@type":"ImageObject","inLanguage":"it-IT","@id":"https:\/\/www.organisator.ch\/marketing\/2025-11-09\/initiative-schweiz-prix-suisse-fuer-willy-michel-amal-clooney-inspiriert-im-fireside-chat\/#primaryimage","url":"https:\/\/www.markt-kom.com\/wp-content\/uploads\/2025\/11\/625576-Rudolf-Obrecht_Albert-Roesti_Willy-Michel_Stefan-Linder_Sandra-Studer-v.l.n.r._Credit-Sandra-Blaser-234450-original-1762682543-1024x683.jpeg","contentUrl":"https:\/\/www.markt-kom.com\/wp-content\/uploads\/2025\/11\/625576-Rudolf-Obrecht_Albert-Roesti_Willy-Michel_Stefan-Linder_Sandra-Studer-v.l.n.r._Credit-Sandra-Blaser-234450-original-1762682543-1024x683.jpeg"},{"@type":"BreadcrumbList","@id":"https:\/\/www.organisator.ch\/marketing\/2025-11-09\/initiative-schweiz-prix-suisse-fuer-willy-michel-amal-clooney-inspiriert-im-fireside-chat\/#breadcrumb","itemListElement":[{"@type":"ListItem","position":1,"name":"Home","item":"https:\/\/www.organisator.ch\/"},{"@type":"ListItem","position":2,"name":"Initiative Schweiz: Prix Suisse f\u00fcr Willy Michel; Amal Clooney inspiriert im Fireside Chat"}]},{"@type":"WebSite","@id":"https:\/\/www.organisator.ch\/#website","url":"https:\/\/www.organisator.ch\/","name":"Organizzatore","description":"Competente. Pratico. In 10 numeri all'anno, ORGANISATOR presenta i temi essenziali per i manager delle PMI.","publisher":{"@id":"https:\/\/www.organisator.ch\/#organization"},"potentialAction":[{"@type":"SearchAction","target":{"@type":"EntryPoint","urlTemplate":"https:\/\/www.organisator.ch\/?s={search_term_string}"},"query-input":{"@type":"PropertyValueSpecification","valueRequired":true,"valueName":"search_term_string"}}],"inLanguage":"it-IT"},{"@type":"Organization","@id":"https:\/\/www.organisator.ch\/#organization","name":"Organizzatore","url":"https:\/\/www.organisator.ch\/","logo":{"@type":"ImageObject","inLanguage":"it-IT","@id":"https:\/\/www.organisator.ch\/#\/schema\/logo\/image\/","url":"https:\/\/www.organisator.ch\/wp-content\/uploads\/2022\/01\/Logo_Organisator_Website.png","contentUrl":"https:\/\/www.organisator.ch\/wp-content\/uploads\/2022\/01\/Logo_Organisator_Website.png","width":800,"height":77,"caption":"Organisator"},"image":{"@id":"https:\/\/www.organisator.ch\/#\/schema\/logo\/image\/"},"sameAs":["https:\/\/www.facebook.com\/OrganisatorFachmagazin","https:\/\/www.linkedin.com\/showcase\/organisator-das-magazin-fr-kmu","https:\/\/www.xing.com\/news\/pages\/organisator-ch-695","https:\/\/www.youtube.com\/channel\/UCGP2Sq0iWaZwT3BdIAQFYpw"]},{"@type":"Person","@id":"https:\/\/www.organisator.ch\/#\/schema\/person\/4e51799071cd2dd1232ac003643ef5f0","name":"galledia","image":{"@type":"ImageObject","inLanguage":"it-IT","@id":"https:\/\/secure.gravatar.com\/avatar\/78a7f90c01fc2bfc875782a0d4922b37cde2cf184ce347b91316d23cd7f69a36?s=96&d=mm&r=g","url":"https:\/\/secure.gravatar.com\/avatar\/78a7f90c01fc2bfc875782a0d4922b37cde2cf184ce347b91316d23cd7f69a36?s=96&d=mm&r=g","contentUrl":"https:\/\/secure.gravatar.com\/avatar\/78a7f90c01fc2bfc875782a0d4922b37cde2cf184ce347b91316d23cd7f69a36?s=96&d=mm&r=g","caption":"galledia"},"sameAs":["https:\/\/x.com\/admin"],"url":"https:\/\/www.organisator.ch\/it\/author\/galledia\/"}]}},"_links":{"self":[{"href":"https:\/\/www.organisator.ch\/it\/wp-json\/wp\/v2\/posts\/41837","targetHints":{"allow":["GET"]}}],"collection":[{"href":"https:\/\/www.organisator.ch\/it\/wp-json\/wp\/v2\/posts"}],"about":[{"href":"https:\/\/www.organisator.ch\/it\/wp-json\/wp\/v2\/types\/post"}],"author":[{"embeddable":true,"href":"https:\/\/www.organisator.ch\/it\/wp-json\/wp\/v2\/users\/8"}],"replies":[{"embeddable":true,"href":"https:\/\/www.organisator.ch\/it\/wp-json\/wp\/v2\/comments?post=41837"}],"version-history":[{"count":8,"href":"https:\/\/www.organisator.ch\/it\/wp-json\/wp\/v2\/posts\/41837\/revisions"}],"predecessor-version":[{"id":41846,"href":"https:\/\/www.organisator.ch\/it\/wp-json\/wp\/v2\/posts\/41837\/revisions\/41846"}],"wp:attachment":[{"href":"https:\/\/www.organisator.ch\/it\/wp-json\/wp\/v2\/media?parent=41837"}],"wp:term":[{"taxonomy":"category","embeddable":true,"href":"https:\/\/www.organisator.ch\/it\/wp-json\/wp\/v2\/categories?post=41837"},{"taxonomy":"post_tag","embeddable":true,"href":"https:\/\/www.organisator.ch\/it\/wp-json\/wp\/v2\/tags?post=41837"}],"curies":[{"name":"wp","href":"https:\/\/api.w.org\/{rel}","templated":true}]}}