{"id":41840,"date":"2025-11-10T08:02:27","date_gmt":"2025-11-10T07:02:27","guid":{"rendered":"https:\/\/www.organisator.ch\/?p=41840"},"modified":"2025-11-10T08:02:27","modified_gmt":"2025-11-10T07:02:27","slug":"digitale-barrieren-abbauen-konkrete-tipps-fuer-den-berufsbildungsalltag","status":"publish","type":"post","link":"https:\/\/www.organisator.ch\/it\/weiterbildung\/2025-11-10\/digitale-barrieren-abbauen-konkrete-tipps-fuer-den-berufsbildungsalltag\/","title":{"rendered":"Abbattere le barriere digitali: Consigli concreti per la formazione professionale quotidiana"},"content":{"rendered":"<figure id=\"attachment_41841\" aria-describedby=\"caption-attachment-41841\" style=\"width: 680px\" class=\"wp-caption alignnone\"><img loading=\"lazy\" decoding=\"async\" class=\"size-full wp-image-41841\" src=\"https:\/\/www.organisator.ch\/wp-content\/uploads\/2025\/11\/Digitale-Barrieren-abbauen-Konkrete-Tipps-fuer-den-Berufsbildungsalltag_Organisator.jpg\" alt=\"\" width=\"680\" height=\"522\" srcset=\"https:\/\/www.organisator.ch\/wp-content\/uploads\/2025\/11\/Digitale-Barrieren-abbauen-Konkrete-Tipps-fuer-den-Berufsbildungsalltag_Organisator.jpg 680w, https:\/\/www.organisator.ch\/wp-content\/uploads\/2025\/11\/Digitale-Barrieren-abbauen-Konkrete-Tipps-fuer-den-Berufsbildungsalltag_Organisator-16x12.jpg 16w, https:\/\/www.organisator.ch\/wp-content\/uploads\/2025\/11\/Digitale-Barrieren-abbauen-Konkrete-Tipps-fuer-den-Berufsbildungsalltag_Organisator-375x288.jpg 375w, https:\/\/www.organisator.ch\/wp-content\/uploads\/2025\/11\/Digitale-Barrieren-abbauen-Konkrete-Tipps-fuer-den-Berufsbildungsalltag_Organisator-456x350.jpg 456w\" sizes=\"auto, (max-width: 680px) 100vw, 680px\" \/><figcaption id=\"caption-attachment-41841\" class=\"wp-caption-text\">Poster informativo sulla partecipazione digitale (estratto; fonte: FHNW\/Indre Grumbinaite)<\/figcaption><\/figure>\n<p>La Scuola di Lavoro Sociale della FHNW ha pubblicato una guida pratica con molti suggerimenti su come rimuovere le barriere digitali per gli studenti disabili. La \u00abOrientierungsrahmen Digitale Teilhabe\u00bb sar\u00e0 disponibile per il download gratuito dal 10 novembre 2025.<\/p>\n<h3>Progetto del Programma Nazionale di Ricerca NRP77<\/h3>\n<p>Le tecnologie digitali possono abbattere le barriere e facilitare l'accesso delle persone con disabilit\u00e0 alla formazione professionale: lo ha dimostrato chiaramente un ampio progetto della FHNW School of Social Work in diverse pubblicazioni scientifiche. Il progetto, denominato \u00abE-Inclusion\u00bb, fa parte del Programma di ricerca nazionale NRP77 \u00abTrasformazione digitale\u00bb del Fondo Nazionale Svizzero per la Ricerca Scientifica, che si concluder\u00e0 alla fine del 2025.<\/p>\n<p>In cinque pacchetti di lavoro, un team di dipendenti degli Istituti per l'Integrazione e la Partecipazione e per l'Assistenza all'Infanzia e ai Giovani, guidato da Gabriela Antener, ha analizzato varie questioni relative alla partecipazione digitale delle persone con disabilit\u00e0 all'istruzione e alla formazione professionale. Studenti con disabilit\u00e0, esperti e organizzazioni educative sono stati interpellati in numerose interviste - i risultati mostrano in modo impressionante le barriere che le persone con disabilit\u00e0 affrontano nell'istruzione e nella formazione professionale. Ad esempio, gli studenti con disabilit\u00e0 non hanno accesso alle informazioni rilevanti sulla compensazione degli svantaggi, molte piattaforme di apprendimento e soluzioni software non sono accessibili o l'inclusione non \u00e8 strutturata.<\/p>\n<h3>Linee guida come conclusione costruttiva del progetto<\/h3>\n<p>Al termine del PNR77, il 10 novembre 2025 sar\u00e0 pubblicata una guida pratica intitolata \u00abOrientierungsrahmen Digitale Teilhabe\u00bb (Quadro di partecipazione digitale), che fornisce indicazioni pratiche e costruttive su tutti gli argomenti e le aree problematiche sollevate. \u00c8 disponibile per il download gratuito ed \u00e8 destinato agli stakeholder di tutti i settori dell'istruzione e della formazione professionale: si rivolge agli insegnanti, ai manager e agli specialisti della comunicazione delle organizzazioni educative e ai responsabili delle politiche educative. Il \u00abQuadro di orientamento per la partecipazione digitale\u00bb \u00e8 suddiviso in dieci aree tematiche, con numerosi esempi e suggerimenti pratici per potenziali miglioramenti. Il quadro \u00e8 pubblicato in tedesco, francese e italiano.<\/p>\n<p>Oltre alla pubblicazione online, verr\u00e0 pubblicato anche un poster, che i professionisti e le istituzioni educative interessate possono richiedere gratuitamente. Esso contiene una presentazione compatta e chiara delle dieci aree tematiche con illustrazioni di facile comprensione.<br \/>\nIn qualit\u00e0 di membro dell'adis, l'Alleanza svizzera per l'inclusione digitale, la FHNW si impegna a promuovere l'inclusione digitale in Svizzera e presenta il Digital Participation Framework in occasione della Giornata nazionale dell'inclusione digitale del 21 novembre 2025.<\/p>\n<p><em>Fonti: <a href=\"http:\/\/www.fhnw.ch\/sozialearbeit\">FHNW<\/a>, <a href=\"http:\/\/www.adis.ch\">Alleanza per l'inclusione digitale (adis)<\/a><\/em><\/p>\n<p><em>Guida al download: <a href=\"https:\/\/www.inclusion-digital.ch\">https:\/\/www.inclusion-digital.ch<\/a><\/em><\/p>","protected":false},"excerpt":{"rendered":"<p>Che si tratti di frequentare una scuola professionale con una disabilit\u00e0 visiva o di prepararsi agli esami con la dislessia: imparare con una disabilit\u00e0 non dovrebbe essere una cosa fuori dal comune. Tuttavia, gli ostacoli per gli studenti con disabilit\u00e0 nell'ambito dell'istruzione e della formazione professionale sono spesso elevati, soprattutto nel mondo digitale. Una nuova guida offre un rimedio.<\/p>","protected":false},"author":4,"featured_media":41841,"comment_status":"closed","ping_status":"closed","sticky":false,"template":"","format":"standard","meta":{"_acf_changed":false,"_yoast_wpseo_focuskw":"Digitale Barrieren","_yoast_wpseo_metadesc":"Digitale Barrieren f\u00fcr Lernende mit Behinderung in der beruflichen Bildung sind oft hoch. Ein neuer Leitfaden schafft Abhilfe.","articlekey":"","footnotes":""},"categories":[30],"tags":[62,156,218,3490],"class_list":["post-41840","post","type-post","status-publish","format-standard","has-post-thumbnail","hentry","category-weiterbildung","tag-aus-weiterbildung","tag-digitalisierung","tag-forschung","tag-leitfaden"],"acf":[],"yoast_head":"<!-- This site is optimized with the Yoast SEO plugin v27.4 - https:\/\/yoast.com\/product\/yoast-seo-wordpress\/ -->\n<title>Digitale Barrieren abbauen: Konkrete Tipps f\u00fcr den Berufsbildungsalltag - Organisator<\/title>\n<meta name=\"description\" content=\"Digitale Barrieren f\u00fcr Lernende mit Behinderung in der beruflichen Bildung sind oft hoch. Ein neuer Leitfaden schafft Abhilfe.\" \/>\n<meta name=\"robots\" content=\"index, follow, max-snippet:-1, max-image-preview:large, max-video-preview:-1\" \/>\n<link rel=\"canonical\" href=\"https:\/\/www.organisator.ch\/it\/formazione-continua\/2025-11-10\/digitale-barrieren-abbauen-konkrete-tipps-fuer-den-berufsbildungsalltag\/\" \/>\n<meta property=\"og:locale\" content=\"it_IT\" \/>\n<meta property=\"og:type\" content=\"article\" \/>\n<meta property=\"og:title\" content=\"Digitale Barrieren abbauen: Konkrete Tipps f\u00fcr den Berufsbildungsalltag\" \/>\n<meta property=\"og:description\" content=\"Digitale Barrieren f\u00fcr Lernende mit Behinderung in der beruflichen Bildung sind oft hoch. Ein neuer Leitfaden schafft Abhilfe.\" \/>\n<meta property=\"og:url\" content=\"https:\/\/www.organisator.ch\/it\/formazione-continua\/2025-11-10\/digitale-barrieren-abbauen-konkrete-tipps-fuer-den-berufsbildungsalltag\/\" \/>\n<meta property=\"og:site_name\" content=\"Organisator\" \/>\n<meta property=\"article:publisher\" content=\"https:\/\/www.facebook.com\/OrganisatorFachmagazin\" \/>\n<meta property=\"article:published_time\" content=\"2025-11-10T07:02:27+00:00\" \/>\n<meta property=\"og:image\" content=\"https:\/\/www.organisator.ch\/wp-content\/uploads\/2025\/11\/Digitale-Barrieren-abbauen-Konkrete-Tipps-fuer-den-Berufsbildungsalltag_Organisator.jpg\" \/>\n\t<meta property=\"og:image:width\" content=\"680\" \/>\n\t<meta property=\"og:image:height\" content=\"522\" \/>\n\t<meta property=\"og:image:type\" content=\"image\/jpeg\" \/>\n<meta name=\"author\" content=\"thomas.berner\" \/>\n<meta name=\"twitter:card\" content=\"summary_large_image\" \/>\n<meta name=\"twitter:title\" content=\"Digitale #Barrieren abbauen: Konkrete Tipps f\u00fcr den #Berufsbildungsalltag\" \/>\n<meta name=\"twitter:description\" content=\"Digitale Barrieren f\u00fcr Lernende mit Behinderung in der beruflichen Bildung sind oft hoch. Ein neuer #Leitfaden schafft Abhilfe.\" \/>\n<meta name=\"twitter:image\" content=\"https:\/\/www.organisator.ch\/wp-content\/uploads\/2025\/11\/Digitale-Barrieren-abbauen-Konkrete-Tipps-fuer-den-Berufsbildungsalltag_Organisator.jpg\" \/>\n<script type=\"application\/ld+json\" class=\"yoast-schema-graph\">{\"@context\":\"https:\\\/\\\/schema.org\",\"@graph\":[{\"@type\":\"Article\",\"@id\":\"https:\\\/\\\/www.organisator.ch\\\/weiterbildung\\\/2025-11-10\\\/digitale-barrieren-abbauen-konkrete-tipps-fuer-den-berufsbildungsalltag\\\/#article\",\"isPartOf\":{\"@id\":\"https:\\\/\\\/www.organisator.ch\\\/weiterbildung\\\/2025-11-10\\\/digitale-barrieren-abbauen-konkrete-tipps-fuer-den-berufsbildungsalltag\\\/\"},\"author\":{\"name\":\"thomas.berner\",\"@id\":\"https:\\\/\\\/www.organisator.ch\\\/#\\\/schema\\\/person\\\/6f650f90b2842cd4c0cc334b4e36f67e\"},\"headline\":\"Digitale Barrieren abbauen: Konkrete Tipps f\u00fcr den Berufsbildungsalltag\",\"datePublished\":\"2025-11-10T07:02:27+00:00\",\"mainEntityOfPage\":{\"@id\":\"https:\\\/\\\/www.organisator.ch\\\/weiterbildung\\\/2025-11-10\\\/digitale-barrieren-abbauen-konkrete-tipps-fuer-den-berufsbildungsalltag\\\/\"},\"wordCount\":416,\"publisher\":{\"@id\":\"https:\\\/\\\/www.organisator.ch\\\/#organization\"},\"image\":{\"@id\":\"https:\\\/\\\/www.organisator.ch\\\/weiterbildung\\\/2025-11-10\\\/digitale-barrieren-abbauen-konkrete-tipps-fuer-den-berufsbildungsalltag\\\/#primaryimage\"},\"thumbnailUrl\":\"https:\\\/\\\/www.organisator.ch\\\/wp-content\\\/uploads\\\/2025\\\/11\\\/Digitale-Barrieren-abbauen-Konkrete-Tipps-fuer-den-Berufsbildungsalltag_Organisator.jpg\",\"keywords\":[\"Aus-\\\/Weiterbildung\",\"Digitalisierung\",\"Forschung\",\"Leitfaden\"],\"articleSection\":[\"WEITERBILDUNG\"],\"inLanguage\":\"it-IT\"},{\"@type\":\"WebPage\",\"@id\":\"https:\\\/\\\/www.organisator.ch\\\/weiterbildung\\\/2025-11-10\\\/digitale-barrieren-abbauen-konkrete-tipps-fuer-den-berufsbildungsalltag\\\/\",\"url\":\"https:\\\/\\\/www.organisator.ch\\\/weiterbildung\\\/2025-11-10\\\/digitale-barrieren-abbauen-konkrete-tipps-fuer-den-berufsbildungsalltag\\\/\",\"name\":\"Digitale Barrieren abbauen: Konkrete Tipps f\u00fcr den Berufsbildungsalltag - Organisator\",\"isPartOf\":{\"@id\":\"https:\\\/\\\/www.organisator.ch\\\/#website\"},\"primaryImageOfPage\":{\"@id\":\"https:\\\/\\\/www.organisator.ch\\\/weiterbildung\\\/2025-11-10\\\/digitale-barrieren-abbauen-konkrete-tipps-fuer-den-berufsbildungsalltag\\\/#primaryimage\"},\"image\":{\"@id\":\"https:\\\/\\\/www.organisator.ch\\\/weiterbildung\\\/2025-11-10\\\/digitale-barrieren-abbauen-konkrete-tipps-fuer-den-berufsbildungsalltag\\\/#primaryimage\"},\"thumbnailUrl\":\"https:\\\/\\\/www.organisator.ch\\\/wp-content\\\/uploads\\\/2025\\\/11\\\/Digitale-Barrieren-abbauen-Konkrete-Tipps-fuer-den-Berufsbildungsalltag_Organisator.jpg\",\"datePublished\":\"2025-11-10T07:02:27+00:00\",\"description\":\"Digitale Barrieren f\u00fcr Lernende mit Behinderung in der beruflichen Bildung sind oft hoch. Ein neuer Leitfaden schafft Abhilfe.\",\"breadcrumb\":{\"@id\":\"https:\\\/\\\/www.organisator.ch\\\/weiterbildung\\\/2025-11-10\\\/digitale-barrieren-abbauen-konkrete-tipps-fuer-den-berufsbildungsalltag\\\/#breadcrumb\"},\"inLanguage\":\"it-IT\",\"potentialAction\":[{\"@type\":\"ReadAction\",\"target\":[\"https:\\\/\\\/www.organisator.ch\\\/weiterbildung\\\/2025-11-10\\\/digitale-barrieren-abbauen-konkrete-tipps-fuer-den-berufsbildungsalltag\\\/\"]}]},{\"@type\":\"ImageObject\",\"inLanguage\":\"it-IT\",\"@id\":\"https:\\\/\\\/www.organisator.ch\\\/weiterbildung\\\/2025-11-10\\\/digitale-barrieren-abbauen-konkrete-tipps-fuer-den-berufsbildungsalltag\\\/#primaryimage\",\"url\":\"https:\\\/\\\/www.organisator.ch\\\/wp-content\\\/uploads\\\/2025\\\/11\\\/Digitale-Barrieren-abbauen-Konkrete-Tipps-fuer-den-Berufsbildungsalltag_Organisator.jpg\",\"contentUrl\":\"https:\\\/\\\/www.organisator.ch\\\/wp-content\\\/uploads\\\/2025\\\/11\\\/Digitale-Barrieren-abbauen-Konkrete-Tipps-fuer-den-Berufsbildungsalltag_Organisator.jpg\",\"width\":680,\"height\":522,\"caption\":\"Informationsplakat zur digitalen Teilhabe (Ausschnitt; Quelle: FHNW\\\/Indre Grumbinaite)\"},{\"@type\":\"BreadcrumbList\",\"@id\":\"https:\\\/\\\/www.organisator.ch\\\/weiterbildung\\\/2025-11-10\\\/digitale-barrieren-abbauen-konkrete-tipps-fuer-den-berufsbildungsalltag\\\/#breadcrumb\",\"itemListElement\":[{\"@type\":\"ListItem\",\"position\":1,\"name\":\"Home\",\"item\":\"https:\\\/\\\/www.organisator.ch\\\/\"},{\"@type\":\"ListItem\",\"position\":2,\"name\":\"Digitale Barrieren abbauen: Konkrete Tipps f\u00fcr den Berufsbildungsalltag\"}]},{\"@type\":\"WebSite\",\"@id\":\"https:\\\/\\\/www.organisator.ch\\\/#website\",\"url\":\"https:\\\/\\\/www.organisator.ch\\\/\",\"name\":\"Organisator\",\"description\":\"Kompetent. Praxisnah. Der ORGANISATOR bereitet in 10 Ausgaben pro Jahr die wesentlichen Themen f\u00fcr F\u00fchrungskr\u00e4fte von KMU auf.\",\"publisher\":{\"@id\":\"https:\\\/\\\/www.organisator.ch\\\/#organization\"},\"potentialAction\":[{\"@type\":\"SearchAction\",\"target\":{\"@type\":\"EntryPoint\",\"urlTemplate\":\"https:\\\/\\\/www.organisator.ch\\\/?s={search_term_string}\"},\"query-input\":{\"@type\":\"PropertyValueSpecification\",\"valueRequired\":true,\"valueName\":\"search_term_string\"}}],\"inLanguage\":\"it-IT\"},{\"@type\":\"Organization\",\"@id\":\"https:\\\/\\\/www.organisator.ch\\\/#organization\",\"name\":\"Organisator\",\"url\":\"https:\\\/\\\/www.organisator.ch\\\/\",\"logo\":{\"@type\":\"ImageObject\",\"inLanguage\":\"it-IT\",\"@id\":\"https:\\\/\\\/www.organisator.ch\\\/#\\\/schema\\\/logo\\\/image\\\/\",\"url\":\"https:\\\/\\\/www.organisator.ch\\\/wp-content\\\/uploads\\\/2022\\\/01\\\/Logo_Organisator_Website.png\",\"contentUrl\":\"https:\\\/\\\/www.organisator.ch\\\/wp-content\\\/uploads\\\/2022\\\/01\\\/Logo_Organisator_Website.png\",\"width\":800,\"height\":77,\"caption\":\"Organisator\"},\"image\":{\"@id\":\"https:\\\/\\\/www.organisator.ch\\\/#\\\/schema\\\/logo\\\/image\\\/\"},\"sameAs\":[\"https:\\\/\\\/www.facebook.com\\\/OrganisatorFachmagazin\",\"https:\\\/\\\/www.linkedin.com\\\/showcase\\\/organisator-das-magazin-fr-kmu\",\"https:\\\/\\\/www.xing.com\\\/news\\\/pages\\\/organisator-ch-695\",\"https:\\\/\\\/www.youtube.com\\\/channel\\\/UCGP2Sq0iWaZwT3BdIAQFYpw\"]},{\"@type\":\"Person\",\"@id\":\"https:\\\/\\\/www.organisator.ch\\\/#\\\/schema\\\/person\\\/6f650f90b2842cd4c0cc334b4e36f67e\",\"name\":\"thomas.berner\",\"image\":{\"@type\":\"ImageObject\",\"inLanguage\":\"it-IT\",\"@id\":\"https:\\\/\\\/secure.gravatar.com\\\/avatar\\\/ac5001d2a36cb6c6cd3e50789007ffca834b477b74a2144564522e944eabff61?s=96&d=mm&r=g\",\"url\":\"https:\\\/\\\/secure.gravatar.com\\\/avatar\\\/ac5001d2a36cb6c6cd3e50789007ffca834b477b74a2144564522e944eabff61?s=96&d=mm&r=g\",\"contentUrl\":\"https:\\\/\\\/secure.gravatar.com\\\/avatar\\\/ac5001d2a36cb6c6cd3e50789007ffca834b477b74a2144564522e944eabff61?s=96&d=mm&r=g\",\"caption\":\"thomas.berner\"},\"url\":\"https:\\\/\\\/www.organisator.ch\\\/it\\\/author\\\/thomas-berner\\\/\"}]}<\/script>\n<!-- \/ Yoast SEO plugin. -->","yoast_head_json":{"title":"Abbattere le barriere digitali: Consigli concreti per la formazione professionale quotidiana - Organizzatore","description":"Le barriere digitali per gli studenti con disabilit\u00e0 nell'ambito dell'istruzione e della formazione professionale sono spesso elevate. Una nuova guida offre un rimedio.","robots":{"index":"index","follow":"follow","max-snippet":"max-snippet:-1","max-image-preview":"max-image-preview:large","max-video-preview":"max-video-preview:-1"},"canonical":"https:\/\/www.organisator.ch\/it\/formazione-continua\/2025-11-10\/digitale-barrieren-abbauen-konkrete-tipps-fuer-den-berufsbildungsalltag\/","og_locale":"it_IT","og_type":"article","og_title":"Digitale Barrieren abbauen: Konkrete Tipps f\u00fcr den Berufsbildungsalltag","og_description":"Digitale Barrieren f\u00fcr Lernende mit Behinderung in der beruflichen Bildung sind oft hoch. Ein neuer Leitfaden schafft Abhilfe.","og_url":"https:\/\/www.organisator.ch\/it\/formazione-continua\/2025-11-10\/digitale-barrieren-abbauen-konkrete-tipps-fuer-den-berufsbildungsalltag\/","og_site_name":"Organisator","article_publisher":"https:\/\/www.facebook.com\/OrganisatorFachmagazin","article_published_time":"2025-11-10T07:02:27+00:00","og_image":[{"width":680,"height":522,"url":"https:\/\/www.organisator.ch\/wp-content\/uploads\/2025\/11\/Digitale-Barrieren-abbauen-Konkrete-Tipps-fuer-den-Berufsbildungsalltag_Organisator.jpg","type":"image\/jpeg"}],"author":"thomas.berner","twitter_card":"summary_large_image","twitter_title":"Digitale #Barrieren abbauen: Konkrete Tipps f\u00fcr den #Berufsbildungsalltag","twitter_description":"Digitale Barrieren f\u00fcr Lernende mit Behinderung in der beruflichen Bildung sind oft hoch. Ein neuer #Leitfaden schafft Abhilfe.","twitter_image":"https:\/\/www.organisator.ch\/wp-content\/uploads\/2025\/11\/Digitale-Barrieren-abbauen-Konkrete-Tipps-fuer-den-Berufsbildungsalltag_Organisator.jpg","schema":{"@context":"https:\/\/schema.org","@graph":[{"@type":"Article","@id":"https:\/\/www.organisator.ch\/weiterbildung\/2025-11-10\/digitale-barrieren-abbauen-konkrete-tipps-fuer-den-berufsbildungsalltag\/#article","isPartOf":{"@id":"https:\/\/www.organisator.ch\/weiterbildung\/2025-11-10\/digitale-barrieren-abbauen-konkrete-tipps-fuer-den-berufsbildungsalltag\/"},"author":{"name":"thomas.berner","@id":"https:\/\/www.organisator.ch\/#\/schema\/person\/6f650f90b2842cd4c0cc334b4e36f67e"},"headline":"Digitale Barrieren abbauen: Konkrete Tipps f\u00fcr den Berufsbildungsalltag","datePublished":"2025-11-10T07:02:27+00:00","mainEntityOfPage":{"@id":"https:\/\/www.organisator.ch\/weiterbildung\/2025-11-10\/digitale-barrieren-abbauen-konkrete-tipps-fuer-den-berufsbildungsalltag\/"},"wordCount":416,"publisher":{"@id":"https:\/\/www.organisator.ch\/#organization"},"image":{"@id":"https:\/\/www.organisator.ch\/weiterbildung\/2025-11-10\/digitale-barrieren-abbauen-konkrete-tipps-fuer-den-berufsbildungsalltag\/#primaryimage"},"thumbnailUrl":"https:\/\/www.organisator.ch\/wp-content\/uploads\/2025\/11\/Digitale-Barrieren-abbauen-Konkrete-Tipps-fuer-den-Berufsbildungsalltag_Organisator.jpg","keywords":["Aus-\/Weiterbildung","Digitalisierung","Forschung","Leitfaden"],"articleSection":["WEITERBILDUNG"],"inLanguage":"it-IT"},{"@type":"WebPage","@id":"https:\/\/www.organisator.ch\/weiterbildung\/2025-11-10\/digitale-barrieren-abbauen-konkrete-tipps-fuer-den-berufsbildungsalltag\/","url":"https:\/\/www.organisator.ch\/weiterbildung\/2025-11-10\/digitale-barrieren-abbauen-konkrete-tipps-fuer-den-berufsbildungsalltag\/","name":"Abbattere le barriere digitali: Consigli concreti per la formazione professionale quotidiana - Organizzatore","isPartOf":{"@id":"https:\/\/www.organisator.ch\/#website"},"primaryImageOfPage":{"@id":"https:\/\/www.organisator.ch\/weiterbildung\/2025-11-10\/digitale-barrieren-abbauen-konkrete-tipps-fuer-den-berufsbildungsalltag\/#primaryimage"},"image":{"@id":"https:\/\/www.organisator.ch\/weiterbildung\/2025-11-10\/digitale-barrieren-abbauen-konkrete-tipps-fuer-den-berufsbildungsalltag\/#primaryimage"},"thumbnailUrl":"https:\/\/www.organisator.ch\/wp-content\/uploads\/2025\/11\/Digitale-Barrieren-abbauen-Konkrete-Tipps-fuer-den-Berufsbildungsalltag_Organisator.jpg","datePublished":"2025-11-10T07:02:27+00:00","description":"Le barriere digitali per gli studenti con disabilit\u00e0 nell'ambito dell'istruzione e della formazione professionale sono spesso elevate. Una nuova guida offre un rimedio.","breadcrumb":{"@id":"https:\/\/www.organisator.ch\/weiterbildung\/2025-11-10\/digitale-barrieren-abbauen-konkrete-tipps-fuer-den-berufsbildungsalltag\/#breadcrumb"},"inLanguage":"it-IT","potentialAction":[{"@type":"ReadAction","target":["https:\/\/www.organisator.ch\/weiterbildung\/2025-11-10\/digitale-barrieren-abbauen-konkrete-tipps-fuer-den-berufsbildungsalltag\/"]}]},{"@type":"ImageObject","inLanguage":"it-IT","@id":"https:\/\/www.organisator.ch\/weiterbildung\/2025-11-10\/digitale-barrieren-abbauen-konkrete-tipps-fuer-den-berufsbildungsalltag\/#primaryimage","url":"https:\/\/www.organisator.ch\/wp-content\/uploads\/2025\/11\/Digitale-Barrieren-abbauen-Konkrete-Tipps-fuer-den-Berufsbildungsalltag_Organisator.jpg","contentUrl":"https:\/\/www.organisator.ch\/wp-content\/uploads\/2025\/11\/Digitale-Barrieren-abbauen-Konkrete-Tipps-fuer-den-Berufsbildungsalltag_Organisator.jpg","width":680,"height":522,"caption":"Informationsplakat zur digitalen Teilhabe (Ausschnitt; Quelle: FHNW\/Indre Grumbinaite)"},{"@type":"BreadcrumbList","@id":"https:\/\/www.organisator.ch\/weiterbildung\/2025-11-10\/digitale-barrieren-abbauen-konkrete-tipps-fuer-den-berufsbildungsalltag\/#breadcrumb","itemListElement":[{"@type":"ListItem","position":1,"name":"Home","item":"https:\/\/www.organisator.ch\/"},{"@type":"ListItem","position":2,"name":"Digitale Barrieren abbauen: Konkrete Tipps f\u00fcr den Berufsbildungsalltag"}]},{"@type":"WebSite","@id":"https:\/\/www.organisator.ch\/#website","url":"https:\/\/www.organisator.ch\/","name":"Organizzatore","description":"Competente. Pratico. In 10 numeri all'anno, ORGANISATOR presenta i temi essenziali per i manager delle PMI.","publisher":{"@id":"https:\/\/www.organisator.ch\/#organization"},"potentialAction":[{"@type":"SearchAction","target":{"@type":"EntryPoint","urlTemplate":"https:\/\/www.organisator.ch\/?s={search_term_string}"},"query-input":{"@type":"PropertyValueSpecification","valueRequired":true,"valueName":"search_term_string"}}],"inLanguage":"it-IT"},{"@type":"Organization","@id":"https:\/\/www.organisator.ch\/#organization","name":"Organizzatore","url":"https:\/\/www.organisator.ch\/","logo":{"@type":"ImageObject","inLanguage":"it-IT","@id":"https:\/\/www.organisator.ch\/#\/schema\/logo\/image\/","url":"https:\/\/www.organisator.ch\/wp-content\/uploads\/2022\/01\/Logo_Organisator_Website.png","contentUrl":"https:\/\/www.organisator.ch\/wp-content\/uploads\/2022\/01\/Logo_Organisator_Website.png","width":800,"height":77,"caption":"Organisator"},"image":{"@id":"https:\/\/www.organisator.ch\/#\/schema\/logo\/image\/"},"sameAs":["https:\/\/www.facebook.com\/OrganisatorFachmagazin","https:\/\/www.linkedin.com\/showcase\/organisator-das-magazin-fr-kmu","https:\/\/www.xing.com\/news\/pages\/organisator-ch-695","https:\/\/www.youtube.com\/channel\/UCGP2Sq0iWaZwT3BdIAQFYpw"]},{"@type":"Person","@id":"https:\/\/www.organisator.ch\/#\/schema\/person\/6f650f90b2842cd4c0cc334b4e36f67e","name":"Tommaso.berner","image":{"@type":"ImageObject","inLanguage":"it-IT","@id":"https:\/\/secure.gravatar.com\/avatar\/ac5001d2a36cb6c6cd3e50789007ffca834b477b74a2144564522e944eabff61?s=96&d=mm&r=g","url":"https:\/\/secure.gravatar.com\/avatar\/ac5001d2a36cb6c6cd3e50789007ffca834b477b74a2144564522e944eabff61?s=96&d=mm&r=g","contentUrl":"https:\/\/secure.gravatar.com\/avatar\/ac5001d2a36cb6c6cd3e50789007ffca834b477b74a2144564522e944eabff61?s=96&d=mm&r=g","caption":"thomas.berner"},"url":"https:\/\/www.organisator.ch\/it\/author\/thomas-berner\/"}]}},"_links":{"self":[{"href":"https:\/\/www.organisator.ch\/it\/wp-json\/wp\/v2\/posts\/41840","targetHints":{"allow":["GET"]}}],"collection":[{"href":"https:\/\/www.organisator.ch\/it\/wp-json\/wp\/v2\/posts"}],"about":[{"href":"https:\/\/www.organisator.ch\/it\/wp-json\/wp\/v2\/types\/post"}],"author":[{"embeddable":true,"href":"https:\/\/www.organisator.ch\/it\/wp-json\/wp\/v2\/users\/4"}],"replies":[{"embeddable":true,"href":"https:\/\/www.organisator.ch\/it\/wp-json\/wp\/v2\/comments?post=41840"}],"version-history":[{"count":4,"href":"https:\/\/www.organisator.ch\/it\/wp-json\/wp\/v2\/posts\/41840\/revisions"}],"predecessor-version":[{"id":41913,"href":"https:\/\/www.organisator.ch\/it\/wp-json\/wp\/v2\/posts\/41840\/revisions\/41913"}],"wp:featuredmedia":[{"embeddable":true,"href":"https:\/\/www.organisator.ch\/it\/wp-json\/wp\/v2\/media\/41841"}],"wp:attachment":[{"href":"https:\/\/www.organisator.ch\/it\/wp-json\/wp\/v2\/media?parent=41840"}],"wp:term":[{"taxonomy":"category","embeddable":true,"href":"https:\/\/www.organisator.ch\/it\/wp-json\/wp\/v2\/categories?post=41840"},{"taxonomy":"post_tag","embeddable":true,"href":"https:\/\/www.organisator.ch\/it\/wp-json\/wp\/v2\/tags?post=41840"}],"curies":[{"name":"wp","href":"https:\/\/api.w.org\/{rel}","templated":true}]}}