{"id":41872,"date":"2025-11-10T14:20:22","date_gmt":"2025-11-10T13:20:22","guid":{"rendered":"https:\/\/www.organisator.ch\/?p=41872"},"modified":"2025-11-10T14:20:22","modified_gmt":"2025-11-10T13:20:22","slug":"zweites-leben-fuer-elektroauto-batterien","status":"publish","type":"post","link":"https:\/\/www.organisator.ch\/it\/sustainability\/2025-11-10\/zweites-leben-fuer-elektroauto-batterien\/","title":{"rendered":"Una seconda vita per le batterie delle auto elettriche"},"content":{"rendered":"<figure id=\"attachment_41875\" aria-describedby=\"caption-attachment-41875\" style=\"width: 680px\" class=\"wp-caption alignnone\"><img loading=\"lazy\" decoding=\"async\" class=\"size-full wp-image-41875\" src=\"https:\/\/www.organisator.ch\/wp-content\/uploads\/2025\/11\/Zweites-Leben-fuer-Elektroauto-Batterien_Organisator.jpg\" alt=\"\" width=\"680\" height=\"453\" srcset=\"https:\/\/www.organisator.ch\/wp-content\/uploads\/2025\/11\/Zweites-Leben-fuer-Elektroauto-Batterien_Organisator.jpg 680w, https:\/\/www.organisator.ch\/wp-content\/uploads\/2025\/11\/Zweites-Leben-fuer-Elektroauto-Batterien_Organisator-18x12.jpg 18w, https:\/\/www.organisator.ch\/wp-content\/uploads\/2025\/11\/Zweites-Leben-fuer-Elektroauto-Batterien_Organisator-375x250.jpg 375w, https:\/\/www.organisator.ch\/wp-content\/uploads\/2025\/11\/Zweites-Leben-fuer-Elektroauto-Batterien_Organisator-525x350.jpg 525w\" sizes=\"auto, (max-width: 680px) 100vw, 680px\" \/><figcaption id=\"caption-attachment-41875\" class=\"wp-caption-text\">Nora Bartolom\u00e9 (Empa) e Olivier Groux (Kyburz Schweiz AG) lavorano insieme al recupero di materie prime di alta qualit\u00e0 dalle batterie agli ioni di litio. (\u00a9 Innosuisse)<\/figcaption><\/figure>\n<p>I veicoli elettrici sono la chiave per una mobilit\u00e0 pi\u00f9 rispettosa del clima. Per migliorare ulteriormente il loro bilancio ecologico durante l'intero ciclo di vita, il fulcro dei veicoli - la batteria agli ioni di litio - offre un grande potenziale. \u00c8 qui che entra in gioco CircuBAT. In quattro anni \u00e8 stato sviluppato un modello di economia circolare per le batterie agli ioni di litio del settore della mobilit\u00e0. \u00abAbbiamo sviluppato soluzioni innovative che hanno attirato l'attenzione di tutto il mondo. Tuttavia, queste rappresentano un primo passo verso la chiusura del ciclo delle batterie con stazioni distribuite in tutto il mondo\u00bb, afferma il responsabile del progetto Andrea Vezzini dell'Universit\u00e0 di Scienze Applicate BFH di Berna.<\/p>\n<h3><strong>Cooperazione tra ricerca e industria<\/strong><\/h3>\n<p>La BFH \u00e8 la casa madre del progetto CircuBAT. Altri sei istituti di ricerca svizzeri sono coinvolti dal punto di vista scientifico: l'Empa, il Centre Suisse d'Electronique et de Microtechnique CSEM, l'Universit\u00e0 di San Gallo (HSG), la OST - Ostschweizer Fachhochschule, lo Switzerland Innovation Park Biel\/Bienne SIPBB e l'EPFL (Politecnico federale di Losanna). In totale sono coinvolte 24 aziende del settore commerciale e industriale, dagli specialisti dei materiali alle aziende manifatturiere, fino agli utilizzatori e ai fornitori di veicoli elettrici. Grazie a questa collaborazione tra scienza e industria, il progetto copre tutte le fasi della vita di una batteria e le soluzioni sviluppate sono state testate nelle applicazioni. Molte di esse stanno per essere lanciate sul mercato o sono oggetto di progetti di follow-up e start-up.<\/p>\n<h3><strong>Ottimizzazione in tutti i settori<\/strong><\/h3>\n<p>Il progetto CircuBAT \u00e8 alla ricerca di soluzioni per migliorare la sostenibilit\u00e0 in tutte le fasi del ciclo di vita delle batterie agli ioni di litio. Ci\u00f2 include il prolungamento della vita utile delle batterie nella loro prima applicazione. Questo obiettivo sar\u00e0 raggiunto attraverso un \u00abBattery Expert System\u00bb interattivo, grazie al quale l'invecchiamento di un gran numero di batterie pu\u00f2 essere confrontato tra loro in modo intuitivo, nonch\u00e9 attraverso nuovi concetti per la costruzione delle batterie che ne facilitano la riparazione. Inoltre, le batterie devono essere utilizzate come dispositivi di accumulo di energia stazionari dopo la loro applicazione iniziale nella mobilit\u00e0. Nel progetto, sono state implementate in un sistema di controllo strategie di ottimizzazione per il funzionamento sicuro ed efficiente di pi\u00f9 pacchi batteria diversamente degradati. Infine, i ricercatori hanno sviluppato soluzioni automatizzate per le sottofasi della de-fabbricazione e nuovi processi per il recupero diretto dei materiali, in modo che le materie prime secondarie possano essere aggiunte alla produzione di nuove batterie e di altre applicazioni. Oltre a questi aspetti tecnici, nell'ambito del progetto \u00e8 stato sviluppato il modello svizzero di economia circolare per le batterie agli ioni di litio, grazie al quale \u00e8 possibile stimare i volumi futuri, ad esempio per il mercato svizzero delle batterie di seconda vita. CircuBAT dar\u00e0 quindi un importante contributo alla decarbonizzazione della mobilit\u00e0 in Svizzera e all'utilizzo delle energie rinnovabili.<\/p>\n<h3><strong>Conferenza di due giorni al termine<\/strong><\/h3>\n<p>La due giorni di CircuBAT2025 del 13 e 14 novembre 2025 segna la conclusione di uno dei primi progetti approvati dall'Agenzia svizzera per l'innovazione Innosuisse nell'ambito dell'iniziativa Flagship. L'iniziativa promuove l'innovazione sistemica in aree rilevanti per un'ampia parte dell'economia o della societ\u00e0 e si sforza di trovare soluzioni alle sfide attuali o future che riguardano pi\u00f9 parti interessate e che possono essere superate solo attraverso la collaborazione.<\/p>\n<p>La conferenza pubblica finale di gioved\u00ec pomeriggio, 13 novembre 2025, fornir\u00e0 una panoramica completa del modello svizzero di economia circolare sviluppato per le batterie agli ioni di litio del settore della mobilit\u00e0. Oltre a questa parte generale, relatori del mondo politico e scientifico forniranno una panoramica sullo stato attuale dell'economia circolare in Svizzera e nel contesto internazionale.<\/p>\n<p>Venerd\u00ec seguir\u00e0 la parte scientifica della conferenza, che offrir\u00e0 una visione approfondita del nuovo modello svizzero di economia circolare per le batterie agli ioni di litio e di altri progetti internazionali su questo tema. L'evento si concentrer\u00e0 sull'attuazione dei risultati scientifici, con approfondimenti esclusivi sui risultati del progetto e prospettive personali degli esperti coinvolti.<\/p>\n<p><em>Fonti e ulteriori informazioni:<\/em><\/p>\n<ul>\n<li><em><a href=\"https:\/\/www.bfh.ch\/de\/\">www.bfh.ch<\/a><\/em><\/li>\n<li><em><a href=\"http:\/\/www.circubat.ch\/\">circubat.ch<\/a><\/em><\/li>\n<li><em><a href=\"https:\/\/www.innosuisse.admin.ch\/de\/flagship-initiative\">Iniziativa faro di Innosuisse<\/a><\/em><\/li>\n<\/ul>","protected":false},"excerpt":{"rendered":"<p>Conclusione di successo per il progetto di ricerca CircuBAT: il progetto mira a chiudere il cerchio tra la produzione, l'uso e il riciclaggio delle batterie agli ioni di litio del settore della mobilit\u00e0. A tal fine, sette istituti di ricerca svizzeri e 24 aziende hanno collaborato per sviluppare soluzioni per una maggiore sostenibilit\u00e0 in tutte le fasi del ciclo di vita della batteria. <\/p>","protected":false},"author":4,"featured_media":41875,"comment_status":"closed","ping_status":"closed","sticky":false,"template":"","format":"standard","meta":{"_acf_changed":false,"_yoast_wpseo_focuskw":"Elektroauto-Batterien","_yoast_wpseo_metadesc":"Das Projekt CircuBAT will den Kreis zwischen Produktion, Anwendung und Recycling von Elektroauto-Batterien schliessen.","articlekey":"","footnotes":""},"categories":[580],"tags":[1038,218,594],"class_list":["post-41872","post","type-post","status-publish","format-standard","has-post-thumbnail","hentry","category-sustainability","tag-elektromobilitaet","tag-forschung","tag-kreislaufwirtschaft"],"acf":[],"yoast_head":"<!-- This site is optimized with the Yoast SEO plugin v27.4 - https:\/\/yoast.com\/product\/yoast-seo-wordpress\/ -->\n<title>Zweites Leben f\u00fcr Elektroauto-Batterien - Organisator<\/title>\n<meta name=\"description\" content=\"Das Projekt CircuBAT will den Kreis zwischen Produktion, Anwendung und Recycling von Elektroauto-Batterien schliessen.\" \/>\n<meta name=\"robots\" content=\"index, follow, max-snippet:-1, max-image-preview:large, max-video-preview:-1\" \/>\n<link rel=\"canonical\" href=\"https:\/\/www.organisator.ch\/it\/sostenibilita\/2025-11-10\/zweites-leben-fuer-elektroauto-batterien\/\" \/>\n<meta property=\"og:locale\" content=\"it_IT\" \/>\n<meta property=\"og:type\" content=\"article\" \/>\n<meta property=\"og:title\" content=\"Zweites Leben f\u00fcr Elektroauto-Batterien\" \/>\n<meta property=\"og:description\" content=\"Das Projekt CircuBAT will den Kreis zwischen Produktion, Anwendung und Recycling von Elektroauto-Batterien schliessen.\" \/>\n<meta property=\"og:url\" content=\"https:\/\/www.organisator.ch\/it\/sostenibilita\/2025-11-10\/zweites-leben-fuer-elektroauto-batterien\/\" \/>\n<meta property=\"og:site_name\" content=\"Organisator\" \/>\n<meta property=\"article:publisher\" content=\"https:\/\/www.facebook.com\/OrganisatorFachmagazin\" \/>\n<meta property=\"article:published_time\" content=\"2025-11-10T13:20:22+00:00\" \/>\n<meta property=\"og:image\" content=\"https:\/\/www.organisator.ch\/wp-content\/uploads\/2025\/11\/Zweites-Leben-fuer-Elektroauto-Batterien_Organisator.jpg\" \/>\n\t<meta property=\"og:image:width\" content=\"680\" \/>\n\t<meta property=\"og:image:height\" content=\"453\" \/>\n\t<meta property=\"og:image:type\" content=\"image\/jpeg\" \/>\n<meta name=\"author\" content=\"thomas.berner\" \/>\n<meta name=\"twitter:card\" content=\"summary_large_image\" \/>\n<meta name=\"twitter:title\" content=\"Zweites Leben f\u00fcr #Elektroauto-Batterien\" \/>\n<meta name=\"twitter:description\" content=\"Das Projekt #CircuBAT will den Kreis zwischen Produktion, Anwendung und Recycling von #Elektroauto-Batterien schliessen.\" \/>\n<meta name=\"twitter:image\" content=\"https:\/\/www.organisator.ch\/wp-content\/uploads\/2025\/11\/Zweites-Leben-fuer-Elektroauto-Batterien_Organisator.jpg\" \/>\n<script type=\"application\/ld+json\" class=\"yoast-schema-graph\">{\"@context\":\"https:\\\/\\\/schema.org\",\"@graph\":[{\"@type\":\"Article\",\"@id\":\"https:\\\/\\\/www.organisator.ch\\\/sustainability\\\/2025-11-10\\\/zweites-leben-fuer-elektroauto-batterien\\\/#article\",\"isPartOf\":{\"@id\":\"https:\\\/\\\/www.organisator.ch\\\/sustainability\\\/2025-11-10\\\/zweites-leben-fuer-elektroauto-batterien\\\/\"},\"author\":{\"name\":\"thomas.berner\",\"@id\":\"https:\\\/\\\/www.organisator.ch\\\/#\\\/schema\\\/person\\\/6f650f90b2842cd4c0cc334b4e36f67e\"},\"headline\":\"Zweites Leben f\u00fcr Elektroauto-Batterien\",\"datePublished\":\"2025-11-10T13:20:22+00:00\",\"mainEntityOfPage\":{\"@id\":\"https:\\\/\\\/www.organisator.ch\\\/sustainability\\\/2025-11-10\\\/zweites-leben-fuer-elektroauto-batterien\\\/\"},\"wordCount\":648,\"publisher\":{\"@id\":\"https:\\\/\\\/www.organisator.ch\\\/#organization\"},\"image\":{\"@id\":\"https:\\\/\\\/www.organisator.ch\\\/sustainability\\\/2025-11-10\\\/zweites-leben-fuer-elektroauto-batterien\\\/#primaryimage\"},\"thumbnailUrl\":\"https:\\\/\\\/www.organisator.ch\\\/wp-content\\\/uploads\\\/2025\\\/11\\\/Zweites-Leben-fuer-Elektroauto-Batterien_Organisator.jpg\",\"keywords\":[\"Elektromobilit\u00e4t\",\"Forschung\",\"Kreislaufwirtschaft\"],\"articleSection\":[\"SUSTAINABILITY\"],\"inLanguage\":\"it-IT\"},{\"@type\":\"WebPage\",\"@id\":\"https:\\\/\\\/www.organisator.ch\\\/sustainability\\\/2025-11-10\\\/zweites-leben-fuer-elektroauto-batterien\\\/\",\"url\":\"https:\\\/\\\/www.organisator.ch\\\/sustainability\\\/2025-11-10\\\/zweites-leben-fuer-elektroauto-batterien\\\/\",\"name\":\"Zweites Leben f\u00fcr Elektroauto-Batterien - Organisator\",\"isPartOf\":{\"@id\":\"https:\\\/\\\/www.organisator.ch\\\/#website\"},\"primaryImageOfPage\":{\"@id\":\"https:\\\/\\\/www.organisator.ch\\\/sustainability\\\/2025-11-10\\\/zweites-leben-fuer-elektroauto-batterien\\\/#primaryimage\"},\"image\":{\"@id\":\"https:\\\/\\\/www.organisator.ch\\\/sustainability\\\/2025-11-10\\\/zweites-leben-fuer-elektroauto-batterien\\\/#primaryimage\"},\"thumbnailUrl\":\"https:\\\/\\\/www.organisator.ch\\\/wp-content\\\/uploads\\\/2025\\\/11\\\/Zweites-Leben-fuer-Elektroauto-Batterien_Organisator.jpg\",\"datePublished\":\"2025-11-10T13:20:22+00:00\",\"description\":\"Das Projekt CircuBAT will den Kreis zwischen Produktion, Anwendung und Recycling von Elektroauto-Batterien schliessen.\",\"breadcrumb\":{\"@id\":\"https:\\\/\\\/www.organisator.ch\\\/sustainability\\\/2025-11-10\\\/zweites-leben-fuer-elektroauto-batterien\\\/#breadcrumb\"},\"inLanguage\":\"it-IT\",\"potentialAction\":[{\"@type\":\"ReadAction\",\"target\":[\"https:\\\/\\\/www.organisator.ch\\\/sustainability\\\/2025-11-10\\\/zweites-leben-fuer-elektroauto-batterien\\\/\"]}]},{\"@type\":\"ImageObject\",\"inLanguage\":\"it-IT\",\"@id\":\"https:\\\/\\\/www.organisator.ch\\\/sustainability\\\/2025-11-10\\\/zweites-leben-fuer-elektroauto-batterien\\\/#primaryimage\",\"url\":\"https:\\\/\\\/www.organisator.ch\\\/wp-content\\\/uploads\\\/2025\\\/11\\\/Zweites-Leben-fuer-Elektroauto-Batterien_Organisator.jpg\",\"contentUrl\":\"https:\\\/\\\/www.organisator.ch\\\/wp-content\\\/uploads\\\/2025\\\/11\\\/Zweites-Leben-fuer-Elektroauto-Batterien_Organisator.jpg\",\"width\":680,\"height\":453,\"caption\":\"Nora Bartolom\u00e9 (Empa) und Olivier Groux (Kyburz Schweiz AG) arbeiten zusammen an der R\u00fcckgewinnung von hochwertigen Rohstoffen aus Lithium-Ionen-Batterien. (\u00a9 Innosuisse)\"},{\"@type\":\"BreadcrumbList\",\"@id\":\"https:\\\/\\\/www.organisator.ch\\\/sustainability\\\/2025-11-10\\\/zweites-leben-fuer-elektroauto-batterien\\\/#breadcrumb\",\"itemListElement\":[{\"@type\":\"ListItem\",\"position\":1,\"name\":\"Home\",\"item\":\"https:\\\/\\\/www.organisator.ch\\\/\"},{\"@type\":\"ListItem\",\"position\":2,\"name\":\"Zweites Leben f\u00fcr Elektroauto-Batterien\"}]},{\"@type\":\"WebSite\",\"@id\":\"https:\\\/\\\/www.organisator.ch\\\/#website\",\"url\":\"https:\\\/\\\/www.organisator.ch\\\/\",\"name\":\"Organisator\",\"description\":\"Kompetent. Praxisnah. Der ORGANISATOR bereitet in 10 Ausgaben pro Jahr die wesentlichen Themen f\u00fcr F\u00fchrungskr\u00e4fte von KMU auf.\",\"publisher\":{\"@id\":\"https:\\\/\\\/www.organisator.ch\\\/#organization\"},\"potentialAction\":[{\"@type\":\"SearchAction\",\"target\":{\"@type\":\"EntryPoint\",\"urlTemplate\":\"https:\\\/\\\/www.organisator.ch\\\/?s={search_term_string}\"},\"query-input\":{\"@type\":\"PropertyValueSpecification\",\"valueRequired\":true,\"valueName\":\"search_term_string\"}}],\"inLanguage\":\"it-IT\"},{\"@type\":\"Organization\",\"@id\":\"https:\\\/\\\/www.organisator.ch\\\/#organization\",\"name\":\"Organisator\",\"url\":\"https:\\\/\\\/www.organisator.ch\\\/\",\"logo\":{\"@type\":\"ImageObject\",\"inLanguage\":\"it-IT\",\"@id\":\"https:\\\/\\\/www.organisator.ch\\\/#\\\/schema\\\/logo\\\/image\\\/\",\"url\":\"https:\\\/\\\/www.organisator.ch\\\/wp-content\\\/uploads\\\/2022\\\/01\\\/Logo_Organisator_Website.png\",\"contentUrl\":\"https:\\\/\\\/www.organisator.ch\\\/wp-content\\\/uploads\\\/2022\\\/01\\\/Logo_Organisator_Website.png\",\"width\":800,\"height\":77,\"caption\":\"Organisator\"},\"image\":{\"@id\":\"https:\\\/\\\/www.organisator.ch\\\/#\\\/schema\\\/logo\\\/image\\\/\"},\"sameAs\":[\"https:\\\/\\\/www.facebook.com\\\/OrganisatorFachmagazin\",\"https:\\\/\\\/www.linkedin.com\\\/showcase\\\/organisator-das-magazin-fr-kmu\",\"https:\\\/\\\/www.xing.com\\\/news\\\/pages\\\/organisator-ch-695\",\"https:\\\/\\\/www.youtube.com\\\/channel\\\/UCGP2Sq0iWaZwT3BdIAQFYpw\"]},{\"@type\":\"Person\",\"@id\":\"https:\\\/\\\/www.organisator.ch\\\/#\\\/schema\\\/person\\\/6f650f90b2842cd4c0cc334b4e36f67e\",\"name\":\"thomas.berner\",\"image\":{\"@type\":\"ImageObject\",\"inLanguage\":\"it-IT\",\"@id\":\"https:\\\/\\\/secure.gravatar.com\\\/avatar\\\/ac5001d2a36cb6c6cd3e50789007ffca834b477b74a2144564522e944eabff61?s=96&d=mm&r=g\",\"url\":\"https:\\\/\\\/secure.gravatar.com\\\/avatar\\\/ac5001d2a36cb6c6cd3e50789007ffca834b477b74a2144564522e944eabff61?s=96&d=mm&r=g\",\"contentUrl\":\"https:\\\/\\\/secure.gravatar.com\\\/avatar\\\/ac5001d2a36cb6c6cd3e50789007ffca834b477b74a2144564522e944eabff61?s=96&d=mm&r=g\",\"caption\":\"thomas.berner\"},\"url\":\"https:\\\/\\\/www.organisator.ch\\\/it\\\/author\\\/thomas-berner\\\/\"}]}<\/script>\n<!-- \/ Yoast SEO plugin. -->","yoast_head_json":{"title":"Una seconda vita per le batterie delle auto elettriche - Organizzatore","description":"Il progetto CircuBAT mira a chiudere il cerchio tra la produzione, l'uso e il riciclaggio delle batterie delle auto elettriche.","robots":{"index":"index","follow":"follow","max-snippet":"max-snippet:-1","max-image-preview":"max-image-preview:large","max-video-preview":"max-video-preview:-1"},"canonical":"https:\/\/www.organisator.ch\/it\/sostenibilita\/2025-11-10\/zweites-leben-fuer-elektroauto-batterien\/","og_locale":"it_IT","og_type":"article","og_title":"Zweites Leben f\u00fcr Elektroauto-Batterien","og_description":"Das Projekt CircuBAT will den Kreis zwischen Produktion, Anwendung und Recycling von Elektroauto-Batterien schliessen.","og_url":"https:\/\/www.organisator.ch\/it\/sostenibilita\/2025-11-10\/zweites-leben-fuer-elektroauto-batterien\/","og_site_name":"Organisator","article_publisher":"https:\/\/www.facebook.com\/OrganisatorFachmagazin","article_published_time":"2025-11-10T13:20:22+00:00","og_image":[{"width":680,"height":453,"url":"https:\/\/www.organisator.ch\/wp-content\/uploads\/2025\/11\/Zweites-Leben-fuer-Elektroauto-Batterien_Organisator.jpg","type":"image\/jpeg"}],"author":"thomas.berner","twitter_card":"summary_large_image","twitter_title":"Zweites Leben f\u00fcr #Elektroauto-Batterien","twitter_description":"Das Projekt #CircuBAT will den Kreis zwischen Produktion, Anwendung und Recycling von #Elektroauto-Batterien schliessen.","twitter_image":"https:\/\/www.organisator.ch\/wp-content\/uploads\/2025\/11\/Zweites-Leben-fuer-Elektroauto-Batterien_Organisator.jpg","schema":{"@context":"https:\/\/schema.org","@graph":[{"@type":"Article","@id":"https:\/\/www.organisator.ch\/sustainability\/2025-11-10\/zweites-leben-fuer-elektroauto-batterien\/#article","isPartOf":{"@id":"https:\/\/www.organisator.ch\/sustainability\/2025-11-10\/zweites-leben-fuer-elektroauto-batterien\/"},"author":{"name":"thomas.berner","@id":"https:\/\/www.organisator.ch\/#\/schema\/person\/6f650f90b2842cd4c0cc334b4e36f67e"},"headline":"Zweites Leben f\u00fcr Elektroauto-Batterien","datePublished":"2025-11-10T13:20:22+00:00","mainEntityOfPage":{"@id":"https:\/\/www.organisator.ch\/sustainability\/2025-11-10\/zweites-leben-fuer-elektroauto-batterien\/"},"wordCount":648,"publisher":{"@id":"https:\/\/www.organisator.ch\/#organization"},"image":{"@id":"https:\/\/www.organisator.ch\/sustainability\/2025-11-10\/zweites-leben-fuer-elektroauto-batterien\/#primaryimage"},"thumbnailUrl":"https:\/\/www.organisator.ch\/wp-content\/uploads\/2025\/11\/Zweites-Leben-fuer-Elektroauto-Batterien_Organisator.jpg","keywords":["Elektromobilit\u00e4t","Forschung","Kreislaufwirtschaft"],"articleSection":["SUSTAINABILITY"],"inLanguage":"it-IT"},{"@type":"WebPage","@id":"https:\/\/www.organisator.ch\/sustainability\/2025-11-10\/zweites-leben-fuer-elektroauto-batterien\/","url":"https:\/\/www.organisator.ch\/sustainability\/2025-11-10\/zweites-leben-fuer-elektroauto-batterien\/","name":"Una seconda vita per le batterie delle auto elettriche - Organizzatore","isPartOf":{"@id":"https:\/\/www.organisator.ch\/#website"},"primaryImageOfPage":{"@id":"https:\/\/www.organisator.ch\/sustainability\/2025-11-10\/zweites-leben-fuer-elektroauto-batterien\/#primaryimage"},"image":{"@id":"https:\/\/www.organisator.ch\/sustainability\/2025-11-10\/zweites-leben-fuer-elektroauto-batterien\/#primaryimage"},"thumbnailUrl":"https:\/\/www.organisator.ch\/wp-content\/uploads\/2025\/11\/Zweites-Leben-fuer-Elektroauto-Batterien_Organisator.jpg","datePublished":"2025-11-10T13:20:22+00:00","description":"Il progetto CircuBAT mira a chiudere il cerchio tra la produzione, l'uso e il riciclaggio delle batterie delle auto elettriche.","breadcrumb":{"@id":"https:\/\/www.organisator.ch\/sustainability\/2025-11-10\/zweites-leben-fuer-elektroauto-batterien\/#breadcrumb"},"inLanguage":"it-IT","potentialAction":[{"@type":"ReadAction","target":["https:\/\/www.organisator.ch\/sustainability\/2025-11-10\/zweites-leben-fuer-elektroauto-batterien\/"]}]},{"@type":"ImageObject","inLanguage":"it-IT","@id":"https:\/\/www.organisator.ch\/sustainability\/2025-11-10\/zweites-leben-fuer-elektroauto-batterien\/#primaryimage","url":"https:\/\/www.organisator.ch\/wp-content\/uploads\/2025\/11\/Zweites-Leben-fuer-Elektroauto-Batterien_Organisator.jpg","contentUrl":"https:\/\/www.organisator.ch\/wp-content\/uploads\/2025\/11\/Zweites-Leben-fuer-Elektroauto-Batterien_Organisator.jpg","width":680,"height":453,"caption":"Nora Bartolom\u00e9 (Empa) und Olivier Groux (Kyburz Schweiz AG) arbeiten zusammen an der R\u00fcckgewinnung von hochwertigen Rohstoffen aus Lithium-Ionen-Batterien. (\u00a9 Innosuisse)"},{"@type":"BreadcrumbList","@id":"https:\/\/www.organisator.ch\/sustainability\/2025-11-10\/zweites-leben-fuer-elektroauto-batterien\/#breadcrumb","itemListElement":[{"@type":"ListItem","position":1,"name":"Home","item":"https:\/\/www.organisator.ch\/"},{"@type":"ListItem","position":2,"name":"Zweites Leben f\u00fcr Elektroauto-Batterien"}]},{"@type":"WebSite","@id":"https:\/\/www.organisator.ch\/#website","url":"https:\/\/www.organisator.ch\/","name":"Organizzatore","description":"Competente. Pratico. In 10 numeri all'anno, ORGANISATOR presenta i temi essenziali per i manager delle PMI.","publisher":{"@id":"https:\/\/www.organisator.ch\/#organization"},"potentialAction":[{"@type":"SearchAction","target":{"@type":"EntryPoint","urlTemplate":"https:\/\/www.organisator.ch\/?s={search_term_string}"},"query-input":{"@type":"PropertyValueSpecification","valueRequired":true,"valueName":"search_term_string"}}],"inLanguage":"it-IT"},{"@type":"Organization","@id":"https:\/\/www.organisator.ch\/#organization","name":"Organizzatore","url":"https:\/\/www.organisator.ch\/","logo":{"@type":"ImageObject","inLanguage":"it-IT","@id":"https:\/\/www.organisator.ch\/#\/schema\/logo\/image\/","url":"https:\/\/www.organisator.ch\/wp-content\/uploads\/2022\/01\/Logo_Organisator_Website.png","contentUrl":"https:\/\/www.organisator.ch\/wp-content\/uploads\/2022\/01\/Logo_Organisator_Website.png","width":800,"height":77,"caption":"Organisator"},"image":{"@id":"https:\/\/www.organisator.ch\/#\/schema\/logo\/image\/"},"sameAs":["https:\/\/www.facebook.com\/OrganisatorFachmagazin","https:\/\/www.linkedin.com\/showcase\/organisator-das-magazin-fr-kmu","https:\/\/www.xing.com\/news\/pages\/organisator-ch-695","https:\/\/www.youtube.com\/channel\/UCGP2Sq0iWaZwT3BdIAQFYpw"]},{"@type":"Person","@id":"https:\/\/www.organisator.ch\/#\/schema\/person\/6f650f90b2842cd4c0cc334b4e36f67e","name":"Tommaso.berner","image":{"@type":"ImageObject","inLanguage":"it-IT","@id":"https:\/\/secure.gravatar.com\/avatar\/ac5001d2a36cb6c6cd3e50789007ffca834b477b74a2144564522e944eabff61?s=96&d=mm&r=g","url":"https:\/\/secure.gravatar.com\/avatar\/ac5001d2a36cb6c6cd3e50789007ffca834b477b74a2144564522e944eabff61?s=96&d=mm&r=g","contentUrl":"https:\/\/secure.gravatar.com\/avatar\/ac5001d2a36cb6c6cd3e50789007ffca834b477b74a2144564522e944eabff61?s=96&d=mm&r=g","caption":"thomas.berner"},"url":"https:\/\/www.organisator.ch\/it\/author\/thomas-berner\/"}]}},"_links":{"self":[{"href":"https:\/\/www.organisator.ch\/it\/wp-json\/wp\/v2\/posts\/41872","targetHints":{"allow":["GET"]}}],"collection":[{"href":"https:\/\/www.organisator.ch\/it\/wp-json\/wp\/v2\/posts"}],"about":[{"href":"https:\/\/www.organisator.ch\/it\/wp-json\/wp\/v2\/types\/post"}],"author":[{"embeddable":true,"href":"https:\/\/www.organisator.ch\/it\/wp-json\/wp\/v2\/users\/4"}],"replies":[{"embeddable":true,"href":"https:\/\/www.organisator.ch\/it\/wp-json\/wp\/v2\/comments?post=41872"}],"version-history":[{"count":4,"href":"https:\/\/www.organisator.ch\/it\/wp-json\/wp\/v2\/posts\/41872\/revisions"}],"predecessor-version":[{"id":41936,"href":"https:\/\/www.organisator.ch\/it\/wp-json\/wp\/v2\/posts\/41872\/revisions\/41936"}],"wp:featuredmedia":[{"embeddable":true,"href":"https:\/\/www.organisator.ch\/it\/wp-json\/wp\/v2\/media\/41875"}],"wp:attachment":[{"href":"https:\/\/www.organisator.ch\/it\/wp-json\/wp\/v2\/media?parent=41872"}],"wp:term":[{"taxonomy":"category","embeddable":true,"href":"https:\/\/www.organisator.ch\/it\/wp-json\/wp\/v2\/categories?post=41872"},{"taxonomy":"post_tag","embeddable":true,"href":"https:\/\/www.organisator.ch\/it\/wp-json\/wp\/v2\/tags?post=41872"}],"curies":[{"name":"wp","href":"https:\/\/api.w.org\/{rel}","templated":true}]}}