{"id":41943,"date":"2025-11-12T10:22:46","date_gmt":"2025-11-12T09:22:46","guid":{"rendered":"https:\/\/www.organisator.ch\/?p=41943"},"modified":"2025-11-12T10:22:46","modified_gmt":"2025-11-12T09:22:46","slug":"deshalb-wird-2026-das-jahr-der-people-first-fuehrungskraefte","status":"publish","type":"post","link":"https:\/\/www.organisator.ch\/it\/human-resources\/2025-11-12\/deshalb-wird-2026-das-jahr-der-people-first-fuehrungskraefte\/","title":{"rendered":"Ecco perch\u00e9 il 2026 sar\u00e0 l'anno dei leader orientati alle persone."},"content":{"rendered":"<figure id=\"attachment_41948\" aria-describedby=\"caption-attachment-41948\" style=\"width: 680px\" class=\"wp-caption alignnone\"><img loading=\"lazy\" decoding=\"async\" class=\"size-full wp-image-41948\" src=\"https:\/\/www.organisator.ch\/wp-content\/uploads\/2025\/11\/Deshalb-wird-2026-das-Jahr-der-People-First-Fuehrungskraefte_Organisator.jpg\" alt=\"\" width=\"680\" height=\"452\" srcset=\"https:\/\/www.organisator.ch\/wp-content\/uploads\/2025\/11\/Deshalb-wird-2026-das-Jahr-der-People-First-Fuehrungskraefte_Organisator.jpg 680w, https:\/\/www.organisator.ch\/wp-content\/uploads\/2025\/11\/Deshalb-wird-2026-das-Jahr-der-People-First-Fuehrungskraefte_Organisator-18x12.jpg 18w, https:\/\/www.organisator.ch\/wp-content\/uploads\/2025\/11\/Deshalb-wird-2026-das-Jahr-der-People-First-Fuehrungskraefte_Organisator-375x249.jpg 375w, https:\/\/www.organisator.ch\/wp-content\/uploads\/2025\/11\/Deshalb-wird-2026-das-Jahr-der-People-First-Fuehrungskraefte_Organisator-527x350.jpg 527w\" sizes=\"auto, (max-width: 680px) 100vw, 680px\" \/><figcaption id=\"caption-attachment-41948\" class=\"wp-caption-text\">La bussola punta in una direzione: l'anno 2026 sar\u00e0 caratterizzato dalla leadership People First. (Immagine: Hogan Assessments)<\/figcaption><\/figure>\n<p>Dopo anni di incertezza globale, dalla pandemia ai conflitti geopolitici, fino all'interruzione di intere industrie guidata dall'IA, il posto di lavoro tradizionale \u00e8 sull'orlo di un cambiamento fondamentale. Secondo l'OMS, la depressione e l'ansia costano alla forza lavoro mondiale 12 miliardi di giorni lavorativi all'anno e, secondo uno studio Gallup, solo il 23% dei dipendenti dichiara di sentirsi ancora impegnato sul lavoro. Gli obsoleti stili di gestione \u00abcomando e controllo\u00bb hanno fatto il loro tempo.<\/p>\n<p>Secondo gli esperti di Hogan Assessments, leader mondiale nella valutazione della personalit\u00e0 sul posto di lavoro e nella consulenza sulla leadership, la nuova era della leadership efficace si baser\u00e0 sull'empatia e sulla connessione umana. Hogan invita a un completo reboot e a mettere le persone al centro. Le aziende di tutto il mondo si stanno preparando per il futuro e si rendono conto che la produttivit\u00e0, la cultura aziendale e la fidelizzazione dei dipendenti hanno meno a che fare con la gerarchia e pi\u00f9 con l'umanit\u00e0. Questo cambiamento \u00e8 tutt'altro che sottile: \u00e8 fondamentale.<\/p>\n<h3>Il burnout: il punto debole da un miliardo di dollari<\/h3>\n<p>Nel 2026, il fattore burnout non sar\u00e0 solo un rischio, ma la prova definitiva di uno stile di gestione maturo. In considerazione del fatto che, secondo il<a href=\"https:\/\/www.dhrglobal.com\/insights\/workforce-trends-report-2025\/\"> Rapporto sulle tendenze della forza lavoro del DHR<\/a> 82 % dei dipendenti sono sull'orlo dell'esaurimento totale, i manager non possono pi\u00f9 ignorare questo fattore. Il rapporto citato afferma anche che il costo dell'inazione, gi\u00e0 stimato in 1.000 miliardi di dollari di perdita di produttivit\u00e0, continuer\u00e0 a crescere se i leader non adotteranno nuovi approcci.<\/p>\n<p>Il cosiddetto stile di gestione aziendale \u00abpeople first\u00bb intende combattere efficacemente questa stanchezza globale. I manager che vogliono avere successo il prossimo anno orienteranno i loro team verso l'equilibrio ideale, anzich\u00e9 verso il burnout. \u00abL'empatia \u00e8 la nuova efficienza\u00bb, aggiunge Allison Howell, vicepresidente dell'innovazione di mercato di Hogan Assessments. \u00abNel 2026, i leader intelligenti non aspetteranno che i loro collaboratori non ce la facciano pi\u00f9, ma creeranno le condizioni per impedirlo\u00bb.\u00bb<\/p>\n<h3>Il dividendo dell'empatia: Quando la compassione incontra il flusso di cassa<\/h3>\n<p>Nel 2026, finalmente, l'empatia non sar\u00e0 pi\u00f9 vista come una debolezza, ma si rifletter\u00e0 anche nel bilancio. Secondo il New Street Consulting Group, le aziende empatiche stanno gi\u00e0 registrando una crescita dei ricavi superiore di 56 % e la tendenza \u00e8 in aumento. In un ambiente sempre pi\u00f9 competitivo e con cicli di innovazione sempre pi\u00f9 brevi, l'empatia sar\u00e0 la chiave del successo sostenibile.<\/p>\n<p>I leader che agiscono con empatia incoraggiano la creativit\u00e0, lo spirito di squadra e il coraggio. \u00abL'empatia fornisce la sicurezza psicologica di cui le persone hanno bisogno per assumersi dei rischi\u00bb, spiega Allison Howell. Quando i manager ascoltano e sostengono davvero i loro team, i dipendenti si sentono abbastanza sicuri da mettere in discussione le idee, sperimentare e imparare dagli errori\u00ab. Nel 2026, le idee pi\u00f9 audaci verranno da coloro i cui leader si fidano abbastanza da fallire e poi fare meglio\u00bb.\u00bb<\/p>\n<h3>8,5 volte pi\u00f9 coinvolti: Personale che si impegna davvero<\/h3>\n<p>Il coinvolgimento dei dipendenti sar\u00e0 ridefinito il prossimo anno. Secondo uno studio condotto dalla societ\u00e0 di consulenza <a href=\"https:\/\/www.octanner.com\/en-gb\/global-culture-report\/2024-practical-empathy\">O.C. Tanner<\/a> 8,5 volte pi\u00f9 coinvolti - nel 2026 questa cifra sar\u00e0 il punto di riferimento, non l'eccezione. I leader migliori trasformano l'empatia in strategia e le differenze culturali in intelligenza collettiva. \u00abQuando i manager ascoltano, i loro team prosperano\u00bb, osserva Allison Howell. \u00abNel 2026, le aziende di maggior successo saranno quelle in cui l'empatia non sar\u00e0 solo una parola d'ordine, ma un modello di business\u00bb.\u00bb<\/p>\n<h3>La strada del successo 2026: L'empatia come vantaggio competitivo<\/h3>\n<p>Guardando al futuro, l'empatia non \u00e8 solo un fattore di benessere, ma potrebbe essere il vantaggio competitivo decisivo nel 2026. I manager che mettono i propri dipendenti al centro di tutto ci\u00f2 che fanno ridefiniranno il successo e dimostreranno che performance ed empatia possono (e devono) andare di pari passo.<\/p>\n<p>\u00ab\u00c8 giunto il momento di abbandonare il mito che solo la durezza porta al successo\u00bb, conclude Allison Howell. \u00abI leader che vinceranno nel 2026 saranno quelli che interiorizzeranno questa semplice verit\u00e0: le persone vengono prima di tutto, il resto seguir\u00e0\u00bb.\u00bb<\/p>\n<p><em>Fonte: <a href=\"https:\/\/www.hoganassessments.com\/\">Valutazioni Hogan<\/a><\/em><\/p>","protected":false},"excerpt":{"rendered":"<p>Il nostro mondo in crisi chiede di pi\u00f9 ai suoi leader. Di fronte al burnout, ai cambiamenti tecnologici e alla disillusione, l'empatia diventer\u00e0 un attributo di leadership decisivo nel 2026.<\/p>","protected":false},"author":4,"featured_media":41948,"comment_status":"closed","ping_status":"closed","sticky":false,"template":"","format":"standard","meta":{"_acf_changed":false,"_yoast_wpseo_focuskw":"People First","_yoast_wpseo_metadesc":"People First: Angesichts von Burnout, Technologiewandel und Desillusionierung wird Empathie 2026 zum entscheidenden F\u00fchrungsattribut.","articlekey":"","footnotes":""},"categories":[579],"tags":[254,320,335],"class_list":["post-41943","post","type-post","status-publish","format-standard","has-post-thumbnail","hentry","category-human-resources","tag-hrm","tag-leadership","tag-management-und-unternehmensfuehrung"],"acf":[],"yoast_head":"<!-- This site is optimized with the Yoast SEO plugin v27.5 - https:\/\/yoast.com\/product\/yoast-seo-wordpress\/ -->\n<title>Deshalb wird 2026 das Jahr der People-First-F\u00fchrungskr\u00e4fte - Organisator<\/title>\n<meta name=\"description\" content=\"People First: Angesichts von Burnout, Technologiewandel und Desillusionierung wird Empathie 2026 zum entscheidenden F\u00fchrungsattribut.\" \/>\n<meta name=\"robots\" content=\"index, follow, max-snippet:-1, max-image-preview:large, max-video-preview:-1\" \/>\n<link rel=\"canonical\" href=\"https:\/\/www.organisator.ch\/it\/risorse-umane\/2025-11-12\/deshalb-wird-2026-das-jahr-der-people-first-fuehrungskraefte\/\" \/>\n<meta property=\"og:locale\" content=\"it_IT\" \/>\n<meta property=\"og:type\" content=\"article\" \/>\n<meta property=\"og:title\" content=\"Deshalb wird 2026 das Jahr der People-First-F\u00fchrungskr\u00e4fte\" \/>\n<meta property=\"og:description\" content=\"People First: Angesichts von Burnout, Technologiewandel und Desillusionierung wird Empathie 2026 zum entscheidenden F\u00fchrungsattribut.\" \/>\n<meta property=\"og:url\" content=\"https:\/\/www.organisator.ch\/it\/risorse-umane\/2025-11-12\/deshalb-wird-2026-das-jahr-der-people-first-fuehrungskraefte\/\" \/>\n<meta property=\"og:site_name\" content=\"Organisator\" \/>\n<meta property=\"article:publisher\" content=\"https:\/\/www.facebook.com\/OrganisatorFachmagazin\" \/>\n<meta property=\"article:published_time\" content=\"2025-11-12T09:22:46+00:00\" \/>\n<meta property=\"og:image\" content=\"https:\/\/www.organisator.ch\/wp-content\/uploads\/2025\/11\/Deshalb-wird-2026-das-Jahr-der-People-First-Fuehrungskraefte_Organisator.jpg\" \/>\n\t<meta property=\"og:image:width\" content=\"680\" \/>\n\t<meta property=\"og:image:height\" content=\"452\" \/>\n\t<meta property=\"og:image:type\" content=\"image\/jpeg\" \/>\n<meta name=\"author\" content=\"thomas.berner\" \/>\n<meta name=\"twitter:card\" content=\"summary_large_image\" \/>\n<meta name=\"twitter:title\" content=\"Deshalb wird 2026 das Jahr der #People-First-F\u00fchrungskr\u00e4fte\" \/>\n<meta name=\"twitter:description\" content=\"People First: Angesichts von #Burnout, #Technologiewandel und #Desillusionierung wird Empathie 2026 zum entscheidenden #F\u00fchrungsattribut.\" \/>\n<meta name=\"twitter:image\" content=\"https:\/\/www.organisator.ch\/wp-content\/uploads\/2025\/11\/Deshalb-wird-2026-das-Jahr-der-People-First-Fuehrungskraefte_Organisator.jpg\" \/>\n<script type=\"application\/ld+json\" class=\"yoast-schema-graph\">{\"@context\":\"https:\\\/\\\/schema.org\",\"@graph\":[{\"@type\":\"Article\",\"@id\":\"https:\\\/\\\/www.organisator.ch\\\/human-resources\\\/2025-11-12\\\/deshalb-wird-2026-das-jahr-der-people-first-fuehrungskraefte\\\/#article\",\"isPartOf\":{\"@id\":\"https:\\\/\\\/www.organisator.ch\\\/human-resources\\\/2025-11-12\\\/deshalb-wird-2026-das-jahr-der-people-first-fuehrungskraefte\\\/\"},\"author\":{\"name\":\"thomas.berner\",\"@id\":\"https:\\\/\\\/www.organisator.ch\\\/#\\\/schema\\\/person\\\/6f650f90b2842cd4c0cc334b4e36f67e\"},\"headline\":\"Deshalb wird 2026 das Jahr der People-First-F\u00fchrungskr\u00e4fte\",\"datePublished\":\"2025-11-12T09:22:46+00:00\",\"mainEntityOfPage\":{\"@id\":\"https:\\\/\\\/www.organisator.ch\\\/human-resources\\\/2025-11-12\\\/deshalb-wird-2026-das-jahr-der-people-first-fuehrungskraefte\\\/\"},\"wordCount\":718,\"publisher\":{\"@id\":\"https:\\\/\\\/www.organisator.ch\\\/#organization\"},\"image\":{\"@id\":\"https:\\\/\\\/www.organisator.ch\\\/human-resources\\\/2025-11-12\\\/deshalb-wird-2026-das-jahr-der-people-first-fuehrungskraefte\\\/#primaryimage\"},\"thumbnailUrl\":\"https:\\\/\\\/www.organisator.ch\\\/wp-content\\\/uploads\\\/2025\\\/11\\\/Deshalb-wird-2026-das-Jahr-der-People-First-Fuehrungskraefte_Organisator.jpg\",\"keywords\":[\"HRM\",\"Leadership\",\"Management und Unternehmensf\u00fchrung\"],\"articleSection\":[\"HUMAN RESOURCES\"],\"inLanguage\":\"it-IT\"},{\"@type\":\"WebPage\",\"@id\":\"https:\\\/\\\/www.organisator.ch\\\/human-resources\\\/2025-11-12\\\/deshalb-wird-2026-das-jahr-der-people-first-fuehrungskraefte\\\/\",\"url\":\"https:\\\/\\\/www.organisator.ch\\\/human-resources\\\/2025-11-12\\\/deshalb-wird-2026-das-jahr-der-people-first-fuehrungskraefte\\\/\",\"name\":\"Deshalb wird 2026 das Jahr der People-First-F\u00fchrungskr\u00e4fte - Organisator\",\"isPartOf\":{\"@id\":\"https:\\\/\\\/www.organisator.ch\\\/#website\"},\"primaryImageOfPage\":{\"@id\":\"https:\\\/\\\/www.organisator.ch\\\/human-resources\\\/2025-11-12\\\/deshalb-wird-2026-das-jahr-der-people-first-fuehrungskraefte\\\/#primaryimage\"},\"image\":{\"@id\":\"https:\\\/\\\/www.organisator.ch\\\/human-resources\\\/2025-11-12\\\/deshalb-wird-2026-das-jahr-der-people-first-fuehrungskraefte\\\/#primaryimage\"},\"thumbnailUrl\":\"https:\\\/\\\/www.organisator.ch\\\/wp-content\\\/uploads\\\/2025\\\/11\\\/Deshalb-wird-2026-das-Jahr-der-People-First-Fuehrungskraefte_Organisator.jpg\",\"datePublished\":\"2025-11-12T09:22:46+00:00\",\"description\":\"People First: Angesichts von Burnout, Technologiewandel und Desillusionierung wird Empathie 2026 zum entscheidenden F\u00fchrungsattribut.\",\"breadcrumb\":{\"@id\":\"https:\\\/\\\/www.organisator.ch\\\/human-resources\\\/2025-11-12\\\/deshalb-wird-2026-das-jahr-der-people-first-fuehrungskraefte\\\/#breadcrumb\"},\"inLanguage\":\"it-IT\",\"potentialAction\":[{\"@type\":\"ReadAction\",\"target\":[\"https:\\\/\\\/www.organisator.ch\\\/human-resources\\\/2025-11-12\\\/deshalb-wird-2026-das-jahr-der-people-first-fuehrungskraefte\\\/\"]}]},{\"@type\":\"ImageObject\",\"inLanguage\":\"it-IT\",\"@id\":\"https:\\\/\\\/www.organisator.ch\\\/human-resources\\\/2025-11-12\\\/deshalb-wird-2026-das-jahr-der-people-first-fuehrungskraefte\\\/#primaryimage\",\"url\":\"https:\\\/\\\/www.organisator.ch\\\/wp-content\\\/uploads\\\/2025\\\/11\\\/Deshalb-wird-2026-das-Jahr-der-People-First-Fuehrungskraefte_Organisator.jpg\",\"contentUrl\":\"https:\\\/\\\/www.organisator.ch\\\/wp-content\\\/uploads\\\/2025\\\/11\\\/Deshalb-wird-2026-das-Jahr-der-People-First-Fuehrungskraefte_Organisator.jpg\",\"width\":680,\"height\":452,\"caption\":\"Der Kompass zeigt in eine Richtung: Das Jahr 2026 wird bei der F\u00fchrung im Zeichen von People First stehen. (Bild: Hogan Assessments)\"},{\"@type\":\"BreadcrumbList\",\"@id\":\"https:\\\/\\\/www.organisator.ch\\\/human-resources\\\/2025-11-12\\\/deshalb-wird-2026-das-jahr-der-people-first-fuehrungskraefte\\\/#breadcrumb\",\"itemListElement\":[{\"@type\":\"ListItem\",\"position\":1,\"name\":\"Home\",\"item\":\"https:\\\/\\\/www.organisator.ch\\\/\"},{\"@type\":\"ListItem\",\"position\":2,\"name\":\"Deshalb wird 2026 das Jahr der People-First-F\u00fchrungskr\u00e4fte\"}]},{\"@type\":\"WebSite\",\"@id\":\"https:\\\/\\\/www.organisator.ch\\\/#website\",\"url\":\"https:\\\/\\\/www.organisator.ch\\\/\",\"name\":\"Organisator\",\"description\":\"Kompetent. Praxisnah. Der ORGANISATOR bereitet in 10 Ausgaben pro Jahr die wesentlichen Themen f\u00fcr F\u00fchrungskr\u00e4fte von KMU auf.\",\"publisher\":{\"@id\":\"https:\\\/\\\/www.organisator.ch\\\/#organization\"},\"potentialAction\":[{\"@type\":\"SearchAction\",\"target\":{\"@type\":\"EntryPoint\",\"urlTemplate\":\"https:\\\/\\\/www.organisator.ch\\\/?s={search_term_string}\"},\"query-input\":{\"@type\":\"PropertyValueSpecification\",\"valueRequired\":true,\"valueName\":\"search_term_string\"}}],\"inLanguage\":\"it-IT\"},{\"@type\":\"Organization\",\"@id\":\"https:\\\/\\\/www.organisator.ch\\\/#organization\",\"name\":\"Organisator\",\"url\":\"https:\\\/\\\/www.organisator.ch\\\/\",\"logo\":{\"@type\":\"ImageObject\",\"inLanguage\":\"it-IT\",\"@id\":\"https:\\\/\\\/www.organisator.ch\\\/#\\\/schema\\\/logo\\\/image\\\/\",\"url\":\"https:\\\/\\\/www.organisator.ch\\\/wp-content\\\/uploads\\\/2022\\\/01\\\/Logo_Organisator_Website.png\",\"contentUrl\":\"https:\\\/\\\/www.organisator.ch\\\/wp-content\\\/uploads\\\/2022\\\/01\\\/Logo_Organisator_Website.png\",\"width\":800,\"height\":77,\"caption\":\"Organisator\"},\"image\":{\"@id\":\"https:\\\/\\\/www.organisator.ch\\\/#\\\/schema\\\/logo\\\/image\\\/\"},\"sameAs\":[\"https:\\\/\\\/www.facebook.com\\\/OrganisatorFachmagazin\",\"https:\\\/\\\/www.linkedin.com\\\/showcase\\\/organisator-das-magazin-fr-kmu\",\"https:\\\/\\\/www.xing.com\\\/news\\\/pages\\\/organisator-ch-695\",\"https:\\\/\\\/www.youtube.com\\\/channel\\\/UCGP2Sq0iWaZwT3BdIAQFYpw\"]},{\"@type\":\"Person\",\"@id\":\"https:\\\/\\\/www.organisator.ch\\\/#\\\/schema\\\/person\\\/6f650f90b2842cd4c0cc334b4e36f67e\",\"name\":\"thomas.berner\",\"image\":{\"@type\":\"ImageObject\",\"inLanguage\":\"it-IT\",\"@id\":\"https:\\\/\\\/secure.gravatar.com\\\/avatar\\\/ac5001d2a36cb6c6cd3e50789007ffca834b477b74a2144564522e944eabff61?s=96&d=mm&r=g\",\"url\":\"https:\\\/\\\/secure.gravatar.com\\\/avatar\\\/ac5001d2a36cb6c6cd3e50789007ffca834b477b74a2144564522e944eabff61?s=96&d=mm&r=g\",\"contentUrl\":\"https:\\\/\\\/secure.gravatar.com\\\/avatar\\\/ac5001d2a36cb6c6cd3e50789007ffca834b477b74a2144564522e944eabff61?s=96&d=mm&r=g\",\"caption\":\"thomas.berner\"},\"url\":\"https:\\\/\\\/www.organisator.ch\\\/it\\\/author\\\/thomas-berner\\\/\"}]}<\/script>\n<!-- \/ Yoast SEO plugin. -->","yoast_head_json":{"title":"Ecco perch\u00e9 il 2026 sar\u00e0 l'anno della leadership orientata alle persone - organizzatore","description":"Le persone prima di tutto: Di fronte al burnout, ai cambiamenti tecnologici e alla disillusione, l'empatia diventer\u00e0 l'attributo di leadership decisivo nel 2026.","robots":{"index":"index","follow":"follow","max-snippet":"max-snippet:-1","max-image-preview":"max-image-preview:large","max-video-preview":"max-video-preview:-1"},"canonical":"https:\/\/www.organisator.ch\/it\/risorse-umane\/2025-11-12\/deshalb-wird-2026-das-jahr-der-people-first-fuehrungskraefte\/","og_locale":"it_IT","og_type":"article","og_title":"Deshalb wird 2026 das Jahr der People-First-F\u00fchrungskr\u00e4fte","og_description":"People First: Angesichts von Burnout, Technologiewandel und Desillusionierung wird Empathie 2026 zum entscheidenden F\u00fchrungsattribut.","og_url":"https:\/\/www.organisator.ch\/it\/risorse-umane\/2025-11-12\/deshalb-wird-2026-das-jahr-der-people-first-fuehrungskraefte\/","og_site_name":"Organisator","article_publisher":"https:\/\/www.facebook.com\/OrganisatorFachmagazin","article_published_time":"2025-11-12T09:22:46+00:00","og_image":[{"width":680,"height":452,"url":"https:\/\/www.organisator.ch\/wp-content\/uploads\/2025\/11\/Deshalb-wird-2026-das-Jahr-der-People-First-Fuehrungskraefte_Organisator.jpg","type":"image\/jpeg"}],"author":"thomas.berner","twitter_card":"summary_large_image","twitter_title":"Deshalb wird 2026 das Jahr der #People-First-F\u00fchrungskr\u00e4fte","twitter_description":"People First: Angesichts von #Burnout, #Technologiewandel und #Desillusionierung wird Empathie 2026 zum entscheidenden #F\u00fchrungsattribut.","twitter_image":"https:\/\/www.organisator.ch\/wp-content\/uploads\/2025\/11\/Deshalb-wird-2026-das-Jahr-der-People-First-Fuehrungskraefte_Organisator.jpg","schema":{"@context":"https:\/\/schema.org","@graph":[{"@type":"Article","@id":"https:\/\/www.organisator.ch\/human-resources\/2025-11-12\/deshalb-wird-2026-das-jahr-der-people-first-fuehrungskraefte\/#article","isPartOf":{"@id":"https:\/\/www.organisator.ch\/human-resources\/2025-11-12\/deshalb-wird-2026-das-jahr-der-people-first-fuehrungskraefte\/"},"author":{"name":"thomas.berner","@id":"https:\/\/www.organisator.ch\/#\/schema\/person\/6f650f90b2842cd4c0cc334b4e36f67e"},"headline":"Deshalb wird 2026 das Jahr der People-First-F\u00fchrungskr\u00e4fte","datePublished":"2025-11-12T09:22:46+00:00","mainEntityOfPage":{"@id":"https:\/\/www.organisator.ch\/human-resources\/2025-11-12\/deshalb-wird-2026-das-jahr-der-people-first-fuehrungskraefte\/"},"wordCount":718,"publisher":{"@id":"https:\/\/www.organisator.ch\/#organization"},"image":{"@id":"https:\/\/www.organisator.ch\/human-resources\/2025-11-12\/deshalb-wird-2026-das-jahr-der-people-first-fuehrungskraefte\/#primaryimage"},"thumbnailUrl":"https:\/\/www.organisator.ch\/wp-content\/uploads\/2025\/11\/Deshalb-wird-2026-das-Jahr-der-People-First-Fuehrungskraefte_Organisator.jpg","keywords":["HRM","Leadership","Management und Unternehmensf\u00fchrung"],"articleSection":["HUMAN RESOURCES"],"inLanguage":"it-IT"},{"@type":"WebPage","@id":"https:\/\/www.organisator.ch\/human-resources\/2025-11-12\/deshalb-wird-2026-das-jahr-der-people-first-fuehrungskraefte\/","url":"https:\/\/www.organisator.ch\/human-resources\/2025-11-12\/deshalb-wird-2026-das-jahr-der-people-first-fuehrungskraefte\/","name":"Ecco perch\u00e9 il 2026 sar\u00e0 l'anno della leadership orientata alle persone - organizzatore","isPartOf":{"@id":"https:\/\/www.organisator.ch\/#website"},"primaryImageOfPage":{"@id":"https:\/\/www.organisator.ch\/human-resources\/2025-11-12\/deshalb-wird-2026-das-jahr-der-people-first-fuehrungskraefte\/#primaryimage"},"image":{"@id":"https:\/\/www.organisator.ch\/human-resources\/2025-11-12\/deshalb-wird-2026-das-jahr-der-people-first-fuehrungskraefte\/#primaryimage"},"thumbnailUrl":"https:\/\/www.organisator.ch\/wp-content\/uploads\/2025\/11\/Deshalb-wird-2026-das-Jahr-der-People-First-Fuehrungskraefte_Organisator.jpg","datePublished":"2025-11-12T09:22:46+00:00","description":"Le persone prima di tutto: Di fronte al burnout, ai cambiamenti tecnologici e alla disillusione, l'empatia diventer\u00e0 l'attributo di leadership decisivo nel 2026.","breadcrumb":{"@id":"https:\/\/www.organisator.ch\/human-resources\/2025-11-12\/deshalb-wird-2026-das-jahr-der-people-first-fuehrungskraefte\/#breadcrumb"},"inLanguage":"it-IT","potentialAction":[{"@type":"ReadAction","target":["https:\/\/www.organisator.ch\/human-resources\/2025-11-12\/deshalb-wird-2026-das-jahr-der-people-first-fuehrungskraefte\/"]}]},{"@type":"ImageObject","inLanguage":"it-IT","@id":"https:\/\/www.organisator.ch\/human-resources\/2025-11-12\/deshalb-wird-2026-das-jahr-der-people-first-fuehrungskraefte\/#primaryimage","url":"https:\/\/www.organisator.ch\/wp-content\/uploads\/2025\/11\/Deshalb-wird-2026-das-Jahr-der-People-First-Fuehrungskraefte_Organisator.jpg","contentUrl":"https:\/\/www.organisator.ch\/wp-content\/uploads\/2025\/11\/Deshalb-wird-2026-das-Jahr-der-People-First-Fuehrungskraefte_Organisator.jpg","width":680,"height":452,"caption":"Der Kompass zeigt in eine Richtung: Das Jahr 2026 wird bei der F\u00fchrung im Zeichen von People First stehen. (Bild: Hogan Assessments)"},{"@type":"BreadcrumbList","@id":"https:\/\/www.organisator.ch\/human-resources\/2025-11-12\/deshalb-wird-2026-das-jahr-der-people-first-fuehrungskraefte\/#breadcrumb","itemListElement":[{"@type":"ListItem","position":1,"name":"Home","item":"https:\/\/www.organisator.ch\/"},{"@type":"ListItem","position":2,"name":"Deshalb wird 2026 das Jahr der People-First-F\u00fchrungskr\u00e4fte"}]},{"@type":"WebSite","@id":"https:\/\/www.organisator.ch\/#website","url":"https:\/\/www.organisator.ch\/","name":"Organizzatore","description":"Competente. Pratico. In 10 numeri all'anno, ORGANISATOR presenta i temi essenziali per i manager delle PMI.","publisher":{"@id":"https:\/\/www.organisator.ch\/#organization"},"potentialAction":[{"@type":"SearchAction","target":{"@type":"EntryPoint","urlTemplate":"https:\/\/www.organisator.ch\/?s={search_term_string}"},"query-input":{"@type":"PropertyValueSpecification","valueRequired":true,"valueName":"search_term_string"}}],"inLanguage":"it-IT"},{"@type":"Organization","@id":"https:\/\/www.organisator.ch\/#organization","name":"Organizzatore","url":"https:\/\/www.organisator.ch\/","logo":{"@type":"ImageObject","inLanguage":"it-IT","@id":"https:\/\/www.organisator.ch\/#\/schema\/logo\/image\/","url":"https:\/\/www.organisator.ch\/wp-content\/uploads\/2022\/01\/Logo_Organisator_Website.png","contentUrl":"https:\/\/www.organisator.ch\/wp-content\/uploads\/2022\/01\/Logo_Organisator_Website.png","width":800,"height":77,"caption":"Organisator"},"image":{"@id":"https:\/\/www.organisator.ch\/#\/schema\/logo\/image\/"},"sameAs":["https:\/\/www.facebook.com\/OrganisatorFachmagazin","https:\/\/www.linkedin.com\/showcase\/organisator-das-magazin-fr-kmu","https:\/\/www.xing.com\/news\/pages\/organisator-ch-695","https:\/\/www.youtube.com\/channel\/UCGP2Sq0iWaZwT3BdIAQFYpw"]},{"@type":"Person","@id":"https:\/\/www.organisator.ch\/#\/schema\/person\/6f650f90b2842cd4c0cc334b4e36f67e","name":"Tommaso.berner","image":{"@type":"ImageObject","inLanguage":"it-IT","@id":"https:\/\/secure.gravatar.com\/avatar\/ac5001d2a36cb6c6cd3e50789007ffca834b477b74a2144564522e944eabff61?s=96&d=mm&r=g","url":"https:\/\/secure.gravatar.com\/avatar\/ac5001d2a36cb6c6cd3e50789007ffca834b477b74a2144564522e944eabff61?s=96&d=mm&r=g","contentUrl":"https:\/\/secure.gravatar.com\/avatar\/ac5001d2a36cb6c6cd3e50789007ffca834b477b74a2144564522e944eabff61?s=96&d=mm&r=g","caption":"thomas.berner"},"url":"https:\/\/www.organisator.ch\/it\/author\/thomas-berner\/"}]}},"_links":{"self":[{"href":"https:\/\/www.organisator.ch\/it\/wp-json\/wp\/v2\/posts\/41943","targetHints":{"allow":["GET"]}}],"collection":[{"href":"https:\/\/www.organisator.ch\/it\/wp-json\/wp\/v2\/posts"}],"about":[{"href":"https:\/\/www.organisator.ch\/it\/wp-json\/wp\/v2\/types\/post"}],"author":[{"embeddable":true,"href":"https:\/\/www.organisator.ch\/it\/wp-json\/wp\/v2\/users\/4"}],"replies":[{"embeddable":true,"href":"https:\/\/www.organisator.ch\/it\/wp-json\/wp\/v2\/comments?post=41943"}],"version-history":[{"count":4,"href":"https:\/\/www.organisator.ch\/it\/wp-json\/wp\/v2\/posts\/41943\/revisions"}],"predecessor-version":[{"id":41993,"href":"https:\/\/www.organisator.ch\/it\/wp-json\/wp\/v2\/posts\/41943\/revisions\/41993"}],"wp:featuredmedia":[{"embeddable":true,"href":"https:\/\/www.organisator.ch\/it\/wp-json\/wp\/v2\/media\/41948"}],"wp:attachment":[{"href":"https:\/\/www.organisator.ch\/it\/wp-json\/wp\/v2\/media?parent=41943"}],"wp:term":[{"taxonomy":"category","embeddable":true,"href":"https:\/\/www.organisator.ch\/it\/wp-json\/wp\/v2\/categories?post=41943"},{"taxonomy":"post_tag","embeddable":true,"href":"https:\/\/www.organisator.ch\/it\/wp-json\/wp\/v2\/tags?post=41943"}],"curies":[{"name":"wp","href":"https:\/\/api.w.org\/{rel}","templated":true}]}}