{"id":41971,"date":"2025-11-13T08:38:33","date_gmt":"2025-11-13T07:38:33","guid":{"rendered":"https:\/\/www.m-q.ch\/?p=22126"},"modified":"2025-11-13T11:32:04","modified_gmt":"2025-11-13T10:32:04","slug":"schweizer-industrie-ist-nicht-ausreichend-krisenbereit","status":"publish","type":"post","link":"https:\/\/www.organisator.ch\/it\/operational-excellence\/2025-11-13\/schweizer-industrie-ist-nicht-ausreichend-krisenbereit\/","title":{"rendered":"L'industria svizzera non \u00e8 sufficientemente pronta alla crisi"},"content":{"rendered":"<figure id=\"attachment_22127\" class=\"wp-caption alignnone\" style=\"width: 680px;\" aria-describedby=\"caption-attachment-22127\"><img class=\"size-full wp-image-22127\" src=\"https:\/\/www.m-q.ch\/wp-content\/uploads\/2025\/11\/Schweizer-Industrie-ist-nicht-ausreichend-krisenbereit_MQ.jpg\" sizes=\"(max-width: 680px) 100vw, 680px\" srcset=\"https:\/\/www.m-q.ch\/wp-content\/uploads\/2025\/11\/Schweizer-Industrie-ist-nicht-ausreichend-krisenbereit_MQ.jpg 680w, https:\/\/www.m-q.ch\/wp-content\/uploads\/2025\/11\/Schweizer-Industrie-ist-nicht-ausreichend-krisenbereit_MQ-16x12.jpg 16w, https:\/\/www.m-q.ch\/wp-content\/uploads\/2025\/11\/Schweizer-Industrie-ist-nicht-ausreichend-krisenbereit_MQ-375x281.jpg 375w, https:\/\/www.m-q.ch\/wp-content\/uploads\/2025\/11\/Schweizer-Industrie-ist-nicht-ausreichend-krisenbereit_MQ-467x350.jpg 467w\" alt=\"\" width=\"680\" height=\"510\" \/>\r\n<figcaption id=\"caption-attachment-22127\" class=\"wp-caption-text\">Non abbastanza resiliente: l'industria svizzera deve recuperare un po' di terreno. (Immagine: geralt \/ pixabay.com)<\/figcaption>\r\n<\/figure>\r\n<p>In un confronto internazionale, le aziende industriali svizzere sono particolarmente attente alla trasparenza e alla tracciabilit\u00e0 delle loro catene di fornitura, ma sono molto indietro quando si tratta di resilienza. Lo rivela un nuovo studio di Dun &amp; Bradstreet. Mentre il 21% delle aziende dichiara di voler migliorare la visibilit\u00e0 della propria catena di fornitura come priorit\u00e0, solo il 14% d\u00e0 la precedenza alle misure per rafforzare la resilienza.<\/p>\r\n<h3><strong>Focus sulla trasparenza, ma senza approfondimenti<\/strong><\/h3>\r\n<p>Secondo lo studio, i produttori svizzeri continuano a considerare i cambiamenti normativi, come i dazi doganali e le sanzioni, come uno dei rischi maggiori (25%). Tuttavia, solo il 3% delle aziende monitora l'intera catena di fornitura in pi\u00f9 fasi. Allo stesso tempo, la Svizzera sta perseguendo la strategia di nearshoring pi\u00f9 ambiziosa della regione: il 78% delle aziende industriali intervistate prevede di delocalizzare la maggior parte o la totalit\u00e0 della propria supply chain in prossimit\u00e0 del mercato nazionale.<\/p>\r\n<p>\u00abLe aziende industriali svizzere vogliono capire con chi lavorano nelle loro catene di fornitura, ma spesso non hanno una visione d'insieme di quanto siano effettivamente affidabili e conformi le loro strutture di fornitori\u00bb, spiega Bj\u00f6rn Gerster, Head of Manufacturing di Dun &amp; Bradstreet. \u00abLa trasparenza \u00e8 il primo passo, ma senza dati affidabili su dipendenze, rischi e scenari, rimane uno sguardo nello specchietto retrovisore\u00bb.\u00bb<\/p>\r\n<h3><strong>Il gap tecnologico e di dati rallenta il progresso<\/strong><\/h3>\r\n<p>Lo studio mostra inoltre che solo poco meno di un terzo (29%) delle aziende svizzere \u00e8 in grado di utilizzare i dati esistenti nella loro forma attuale per prendere decisioni informate. La maggior parte delle aziende continua a lavorare con processi manuali, in particolare per le valutazioni dei fornitori, le analisi dei rischi e i dati dei clienti. Solo il 10-15% circa di questi processi fondamentali \u00e8 completamente automatizzato. Inoltre, spesso manca un accesso integrato ai dati: solo circa un terzo delle aziende svizzere ha<\/p>\r\n<ul>\r\n\t<li>Informazioni sui dazi doganali (28%)<\/li>\r\n\t<li>Rischi di sanzioni e conformit\u00e0 (30 per cento) o<\/li>\r\n\t<li>(28%) dei loro partner commerciali.<\/li>\r\n<\/ul>\r\n<p>Questo dato colloca la Svizzera ben al di sotto di altri mercati come gli Stati Uniti (51% per i dati doganali) o il Regno Unito (40%). Questa frammentazione rende difficile riconoscere i rischi in una fase iniziale e sviluppare strategie di resilienza basate sui dati.<\/p>\r\n<h3><strong>Tra trasparenza e reale resilienza<\/strong><\/h3>\r\n<p>I risultati mostrano chiaramente che, sebbene le aziende industriali svizzere attribuiscano grande importanza alla trasparenza delle loro catene di fornitura, ancora troppo raramente traducono questa visibilit\u00e0 in solide strategie di resilienza. La mancanza di integrazione dei dati e i bassi livelli di automazione rallentano i progressi, soprattutto in un contesto sempre pi\u00f9 caratterizzato da rischi normativi e geopolitici. \u00abLa trasparenza non \u00e8 un inizio, ma un risultato\u00bb, continua Gerster. \u00abUna solida banca dati permette di riconoscere, anticipare e gestire i rischi in modo mirato, ed \u00e8 proprio qui che le aziende orientate all'export hanno un vantaggio competitivo decisivo\u00bb.\u00bb<\/p>\r\n<p><em>Fonte: <a href=\"https:\/\/www.dnb.com\/de-ch\/\">Dun &amp; Bradstreet<\/a><\/em><\/p>\n<p class=\"syndicated-attribution\">Questo articolo \u00e8 apparso originariamente su m-q.ch - <a href=\"https:\/\/www.m-q.ch\/de\/schweizer-industrie-ist-nicht-ausreichend-krisenbereit\/\" target=\"_blank\">https:\/\/www.m-q.ch\/de\/schweizer-industrie-ist-nicht-ausreichend-krisenbereit\/<\/a><\/p>","protected":false},"excerpt":{"rendered":"<p>Un nuovo studio di Dun &amp; Bradstreet rivela grandi lacune nella resilienza dell'industria svizzera. Ci\u00f2 significa che non \u00e8 sufficientemente preparata ad affrontare le crisi.<\/p>","protected":false},"author":8,"featured_media":0,"comment_status":"closed","ping_status":"closed","sticky":false,"template":"","format":"standard","meta":{"_acf_changed":false,"_yoast_wpseo_focuskw":"krisenbereit","_yoast_wpseo_metadesc":"Zu wenig krisenbereit: Eine neue Studie von Dun & Bradstreet zeigt grosse L\u00fccken bei der Resilienz der Schweizer Industrie auf.","articlekey":"","footnotes":""},"categories":[582],"tags":[266,416,418,459],"class_list":["post-41971","post","type-post","status-publish","format-standard","hentry","category-operational-excellence","tag-industrie","tag-resilienz","tag-risikomanagement","tag-studie"],"acf":[],"yoast_head":"<!-- This site is optimized with the Yoast SEO plugin v27.4 - https:\/\/yoast.com\/product\/yoast-seo-wordpress\/ -->\n<title>Schweizer Industrie ist nicht ausreichend krisenbereit - Organisator<\/title>\n<meta name=\"description\" content=\"Zu wenig krisenbereit: Eine neue Studie von Dun &amp; Bradstreet zeigt grosse L\u00fccken bei der Resilienz der Schweizer Industrie auf.\" \/>\n<meta name=\"robots\" content=\"index, follow, max-snippet:-1, max-image-preview:large, max-video-preview:-1\" \/>\n<link rel=\"canonical\" href=\"https:\/\/www.organisator.ch\/it\/eccellenza-operativa\/2025-11-13\/schweizer-industrie-ist-nicht-ausreichend-krisenbereit\/\" \/>\n<meta property=\"og:locale\" content=\"it_IT\" \/>\n<meta property=\"og:type\" content=\"article\" \/>\n<meta property=\"og:title\" content=\"Schweizer Industrie ist nicht ausreichend krisenbereit - Organisator\" \/>\n<meta property=\"og:description\" content=\"Zu wenig krisenbereit: Eine neue Studie von Dun &amp; Bradstreet zeigt grosse L\u00fccken bei der Resilienz der Schweizer Industrie auf.\" \/>\n<meta property=\"og:url\" content=\"https:\/\/www.organisator.ch\/it\/eccellenza-operativa\/2025-11-13\/schweizer-industrie-ist-nicht-ausreichend-krisenbereit\/\" \/>\n<meta property=\"og:site_name\" content=\"Organisator\" \/>\n<meta property=\"article:publisher\" content=\"https:\/\/www.facebook.com\/OrganisatorFachmagazin\" \/>\n<meta property=\"article:published_time\" content=\"2025-11-13T07:38:33+00:00\" \/>\n<meta property=\"article:modified_time\" content=\"2025-11-13T10:32:04+00:00\" \/>\n<meta name=\"author\" content=\"galledia\" \/>\n<meta name=\"twitter:card\" content=\"summary_large_image\" \/>\n<meta name=\"twitter:creator\" content=\"@admin\" \/>\n<script type=\"application\/ld+json\" class=\"yoast-schema-graph\">{\"@context\":\"https:\\\/\\\/schema.org\",\"@graph\":[{\"@type\":\"Article\",\"@id\":\"https:\\\/\\\/www.organisator.ch\\\/operational-excellence\\\/2025-11-13\\\/schweizer-industrie-ist-nicht-ausreichend-krisenbereit\\\/#article\",\"isPartOf\":{\"@id\":\"https:\\\/\\\/www.organisator.ch\\\/operational-excellence\\\/2025-11-13\\\/schweizer-industrie-ist-nicht-ausreichend-krisenbereit\\\/\"},\"author\":{\"name\":\"galledia\",\"@id\":\"https:\\\/\\\/www.organisator.ch\\\/#\\\/schema\\\/person\\\/4e51799071cd2dd1232ac003643ef5f0\"},\"headline\":\"Schweizer Industrie ist nicht ausreichend krisenbereit\",\"datePublished\":\"2025-11-13T07:38:33+00:00\",\"dateModified\":\"2025-11-13T10:32:04+00:00\",\"mainEntityOfPage\":{\"@id\":\"https:\\\/\\\/www.organisator.ch\\\/operational-excellence\\\/2025-11-13\\\/schweizer-industrie-ist-nicht-ausreichend-krisenbereit\\\/\"},\"wordCount\":425,\"publisher\":{\"@id\":\"https:\\\/\\\/www.organisator.ch\\\/#organization\"},\"image\":{\"@id\":\"https:\\\/\\\/www.organisator.ch\\\/operational-excellence\\\/2025-11-13\\\/schweizer-industrie-ist-nicht-ausreichend-krisenbereit\\\/#primaryimage\"},\"thumbnailUrl\":\"https:\\\/\\\/www.m-q.ch\\\/wp-content\\\/uploads\\\/2025\\\/11\\\/Schweizer-Industrie-ist-nicht-ausreichend-krisenbereit_MQ.jpg\",\"keywords\":[\"Industrie\",\"Resilienz\",\"Risikomanagement\",\"Studie\"],\"articleSection\":[\"OPERATIONAL EXCELLENCE\"],\"inLanguage\":\"it-IT\"},{\"@type\":\"WebPage\",\"@id\":\"https:\\\/\\\/www.organisator.ch\\\/operational-excellence\\\/2025-11-13\\\/schweizer-industrie-ist-nicht-ausreichend-krisenbereit\\\/\",\"url\":\"https:\\\/\\\/www.organisator.ch\\\/operational-excellence\\\/2025-11-13\\\/schweizer-industrie-ist-nicht-ausreichend-krisenbereit\\\/\",\"name\":\"Schweizer Industrie ist nicht ausreichend krisenbereit - Organisator\",\"isPartOf\":{\"@id\":\"https:\\\/\\\/www.organisator.ch\\\/#website\"},\"primaryImageOfPage\":{\"@id\":\"https:\\\/\\\/www.organisator.ch\\\/operational-excellence\\\/2025-11-13\\\/schweizer-industrie-ist-nicht-ausreichend-krisenbereit\\\/#primaryimage\"},\"image\":{\"@id\":\"https:\\\/\\\/www.organisator.ch\\\/operational-excellence\\\/2025-11-13\\\/schweizer-industrie-ist-nicht-ausreichend-krisenbereit\\\/#primaryimage\"},\"thumbnailUrl\":\"https:\\\/\\\/www.m-q.ch\\\/wp-content\\\/uploads\\\/2025\\\/11\\\/Schweizer-Industrie-ist-nicht-ausreichend-krisenbereit_MQ.jpg\",\"datePublished\":\"2025-11-13T07:38:33+00:00\",\"dateModified\":\"2025-11-13T10:32:04+00:00\",\"description\":\"Zu wenig krisenbereit: Eine neue Studie von Dun & Bradstreet zeigt grosse L\u00fccken bei der Resilienz der Schweizer Industrie auf.\",\"breadcrumb\":{\"@id\":\"https:\\\/\\\/www.organisator.ch\\\/operational-excellence\\\/2025-11-13\\\/schweizer-industrie-ist-nicht-ausreichend-krisenbereit\\\/#breadcrumb\"},\"inLanguage\":\"it-IT\",\"potentialAction\":[{\"@type\":\"ReadAction\",\"target\":[\"https:\\\/\\\/www.organisator.ch\\\/operational-excellence\\\/2025-11-13\\\/schweizer-industrie-ist-nicht-ausreichend-krisenbereit\\\/\"]}]},{\"@type\":\"ImageObject\",\"inLanguage\":\"it-IT\",\"@id\":\"https:\\\/\\\/www.organisator.ch\\\/operational-excellence\\\/2025-11-13\\\/schweizer-industrie-ist-nicht-ausreichend-krisenbereit\\\/#primaryimage\",\"url\":\"https:\\\/\\\/www.m-q.ch\\\/wp-content\\\/uploads\\\/2025\\\/11\\\/Schweizer-Industrie-ist-nicht-ausreichend-krisenbereit_MQ.jpg\",\"contentUrl\":\"https:\\\/\\\/www.m-q.ch\\\/wp-content\\\/uploads\\\/2025\\\/11\\\/Schweizer-Industrie-ist-nicht-ausreichend-krisenbereit_MQ.jpg\"},{\"@type\":\"BreadcrumbList\",\"@id\":\"https:\\\/\\\/www.organisator.ch\\\/operational-excellence\\\/2025-11-13\\\/schweizer-industrie-ist-nicht-ausreichend-krisenbereit\\\/#breadcrumb\",\"itemListElement\":[{\"@type\":\"ListItem\",\"position\":1,\"name\":\"Home\",\"item\":\"https:\\\/\\\/www.organisator.ch\\\/\"},{\"@type\":\"ListItem\",\"position\":2,\"name\":\"Schweizer Industrie ist nicht ausreichend krisenbereit\"}]},{\"@type\":\"WebSite\",\"@id\":\"https:\\\/\\\/www.organisator.ch\\\/#website\",\"url\":\"https:\\\/\\\/www.organisator.ch\\\/\",\"name\":\"Organisator\",\"description\":\"Kompetent. Praxisnah. Der ORGANISATOR bereitet in 10 Ausgaben pro Jahr die wesentlichen Themen f\u00fcr F\u00fchrungskr\u00e4fte von KMU auf.\",\"publisher\":{\"@id\":\"https:\\\/\\\/www.organisator.ch\\\/#organization\"},\"potentialAction\":[{\"@type\":\"SearchAction\",\"target\":{\"@type\":\"EntryPoint\",\"urlTemplate\":\"https:\\\/\\\/www.organisator.ch\\\/?s={search_term_string}\"},\"query-input\":{\"@type\":\"PropertyValueSpecification\",\"valueRequired\":true,\"valueName\":\"search_term_string\"}}],\"inLanguage\":\"it-IT\"},{\"@type\":\"Organization\",\"@id\":\"https:\\\/\\\/www.organisator.ch\\\/#organization\",\"name\":\"Organisator\",\"url\":\"https:\\\/\\\/www.organisator.ch\\\/\",\"logo\":{\"@type\":\"ImageObject\",\"inLanguage\":\"it-IT\",\"@id\":\"https:\\\/\\\/www.organisator.ch\\\/#\\\/schema\\\/logo\\\/image\\\/\",\"url\":\"https:\\\/\\\/www.organisator.ch\\\/wp-content\\\/uploads\\\/2022\\\/01\\\/Logo_Organisator_Website.png\",\"contentUrl\":\"https:\\\/\\\/www.organisator.ch\\\/wp-content\\\/uploads\\\/2022\\\/01\\\/Logo_Organisator_Website.png\",\"width\":800,\"height\":77,\"caption\":\"Organisator\"},\"image\":{\"@id\":\"https:\\\/\\\/www.organisator.ch\\\/#\\\/schema\\\/logo\\\/image\\\/\"},\"sameAs\":[\"https:\\\/\\\/www.facebook.com\\\/OrganisatorFachmagazin\",\"https:\\\/\\\/www.linkedin.com\\\/showcase\\\/organisator-das-magazin-fr-kmu\",\"https:\\\/\\\/www.xing.com\\\/news\\\/pages\\\/organisator-ch-695\",\"https:\\\/\\\/www.youtube.com\\\/channel\\\/UCGP2Sq0iWaZwT3BdIAQFYpw\"]},{\"@type\":\"Person\",\"@id\":\"https:\\\/\\\/www.organisator.ch\\\/#\\\/schema\\\/person\\\/4e51799071cd2dd1232ac003643ef5f0\",\"name\":\"galledia\",\"image\":{\"@type\":\"ImageObject\",\"inLanguage\":\"it-IT\",\"@id\":\"https:\\\/\\\/secure.gravatar.com\\\/avatar\\\/78a7f90c01fc2bfc875782a0d4922b37cde2cf184ce347b91316d23cd7f69a36?s=96&d=mm&r=g\",\"url\":\"https:\\\/\\\/secure.gravatar.com\\\/avatar\\\/78a7f90c01fc2bfc875782a0d4922b37cde2cf184ce347b91316d23cd7f69a36?s=96&d=mm&r=g\",\"contentUrl\":\"https:\\\/\\\/secure.gravatar.com\\\/avatar\\\/78a7f90c01fc2bfc875782a0d4922b37cde2cf184ce347b91316d23cd7f69a36?s=96&d=mm&r=g\",\"caption\":\"galledia\"},\"sameAs\":[\"https:\\\/\\\/x.com\\\/admin\"],\"url\":\"https:\\\/\\\/www.organisator.ch\\\/it\\\/author\\\/galledia\\\/\"}]}<\/script>\n<!-- \/ Yoast SEO plugin. -->","yoast_head_json":{"title":"L'industria svizzera non \u00e8 sufficientemente pronta alla crisi - Organizzatore","description":"Non siamo abbastanza preparati alle crisi: un nuovo studio di Dun &amp; Bradstreet rivela grandi lacune nella capacit\u00e0 di resistenza dell'industria svizzera.","robots":{"index":"index","follow":"follow","max-snippet":"max-snippet:-1","max-image-preview":"max-image-preview:large","max-video-preview":"max-video-preview:-1"},"canonical":"https:\/\/www.organisator.ch\/it\/eccellenza-operativa\/2025-11-13\/schweizer-industrie-ist-nicht-ausreichend-krisenbereit\/","og_locale":"it_IT","og_type":"article","og_title":"Schweizer Industrie ist nicht ausreichend krisenbereit - Organisator","og_description":"Zu wenig krisenbereit: Eine neue Studie von Dun & Bradstreet zeigt grosse L\u00fccken bei der Resilienz der Schweizer Industrie auf.","og_url":"https:\/\/www.organisator.ch\/it\/eccellenza-operativa\/2025-11-13\/schweizer-industrie-ist-nicht-ausreichend-krisenbereit\/","og_site_name":"Organisator","article_publisher":"https:\/\/www.facebook.com\/OrganisatorFachmagazin","article_published_time":"2025-11-13T07:38:33+00:00","article_modified_time":"2025-11-13T10:32:04+00:00","author":"galledia","twitter_card":"summary_large_image","twitter_creator":"@admin","schema":{"@context":"https:\/\/schema.org","@graph":[{"@type":"Article","@id":"https:\/\/www.organisator.ch\/operational-excellence\/2025-11-13\/schweizer-industrie-ist-nicht-ausreichend-krisenbereit\/#article","isPartOf":{"@id":"https:\/\/www.organisator.ch\/operational-excellence\/2025-11-13\/schweizer-industrie-ist-nicht-ausreichend-krisenbereit\/"},"author":{"name":"galledia","@id":"https:\/\/www.organisator.ch\/#\/schema\/person\/4e51799071cd2dd1232ac003643ef5f0"},"headline":"Schweizer Industrie ist nicht ausreichend krisenbereit","datePublished":"2025-11-13T07:38:33+00:00","dateModified":"2025-11-13T10:32:04+00:00","mainEntityOfPage":{"@id":"https:\/\/www.organisator.ch\/operational-excellence\/2025-11-13\/schweizer-industrie-ist-nicht-ausreichend-krisenbereit\/"},"wordCount":425,"publisher":{"@id":"https:\/\/www.organisator.ch\/#organization"},"image":{"@id":"https:\/\/www.organisator.ch\/operational-excellence\/2025-11-13\/schweizer-industrie-ist-nicht-ausreichend-krisenbereit\/#primaryimage"},"thumbnailUrl":"https:\/\/www.m-q.ch\/wp-content\/uploads\/2025\/11\/Schweizer-Industrie-ist-nicht-ausreichend-krisenbereit_MQ.jpg","keywords":["Industrie","Resilienz","Risikomanagement","Studie"],"articleSection":["OPERATIONAL EXCELLENCE"],"inLanguage":"it-IT"},{"@type":"WebPage","@id":"https:\/\/www.organisator.ch\/operational-excellence\/2025-11-13\/schweizer-industrie-ist-nicht-ausreichend-krisenbereit\/","url":"https:\/\/www.organisator.ch\/operational-excellence\/2025-11-13\/schweizer-industrie-ist-nicht-ausreichend-krisenbereit\/","name":"L'industria svizzera non \u00e8 sufficientemente pronta alla crisi - Organizzatore","isPartOf":{"@id":"https:\/\/www.organisator.ch\/#website"},"primaryImageOfPage":{"@id":"https:\/\/www.organisator.ch\/operational-excellence\/2025-11-13\/schweizer-industrie-ist-nicht-ausreichend-krisenbereit\/#primaryimage"},"image":{"@id":"https:\/\/www.organisator.ch\/operational-excellence\/2025-11-13\/schweizer-industrie-ist-nicht-ausreichend-krisenbereit\/#primaryimage"},"thumbnailUrl":"https:\/\/www.m-q.ch\/wp-content\/uploads\/2025\/11\/Schweizer-Industrie-ist-nicht-ausreichend-krisenbereit_MQ.jpg","datePublished":"2025-11-13T07:38:33+00:00","dateModified":"2025-11-13T10:32:04+00:00","description":"Non siamo abbastanza preparati alle crisi: un nuovo studio di Dun &amp; Bradstreet rivela grandi lacune nella capacit\u00e0 di resistenza dell'industria svizzera.","breadcrumb":{"@id":"https:\/\/www.organisator.ch\/operational-excellence\/2025-11-13\/schweizer-industrie-ist-nicht-ausreichend-krisenbereit\/#breadcrumb"},"inLanguage":"it-IT","potentialAction":[{"@type":"ReadAction","target":["https:\/\/www.organisator.ch\/operational-excellence\/2025-11-13\/schweizer-industrie-ist-nicht-ausreichend-krisenbereit\/"]}]},{"@type":"ImageObject","inLanguage":"it-IT","@id":"https:\/\/www.organisator.ch\/operational-excellence\/2025-11-13\/schweizer-industrie-ist-nicht-ausreichend-krisenbereit\/#primaryimage","url":"https:\/\/www.m-q.ch\/wp-content\/uploads\/2025\/11\/Schweizer-Industrie-ist-nicht-ausreichend-krisenbereit_MQ.jpg","contentUrl":"https:\/\/www.m-q.ch\/wp-content\/uploads\/2025\/11\/Schweizer-Industrie-ist-nicht-ausreichend-krisenbereit_MQ.jpg"},{"@type":"BreadcrumbList","@id":"https:\/\/www.organisator.ch\/operational-excellence\/2025-11-13\/schweizer-industrie-ist-nicht-ausreichend-krisenbereit\/#breadcrumb","itemListElement":[{"@type":"ListItem","position":1,"name":"Home","item":"https:\/\/www.organisator.ch\/"},{"@type":"ListItem","position":2,"name":"Schweizer Industrie ist nicht ausreichend krisenbereit"}]},{"@type":"WebSite","@id":"https:\/\/www.organisator.ch\/#website","url":"https:\/\/www.organisator.ch\/","name":"Organizzatore","description":"Competente. Pratico. In 10 numeri all'anno, ORGANISATOR presenta i temi essenziali per i manager delle PMI.","publisher":{"@id":"https:\/\/www.organisator.ch\/#organization"},"potentialAction":[{"@type":"SearchAction","target":{"@type":"EntryPoint","urlTemplate":"https:\/\/www.organisator.ch\/?s={search_term_string}"},"query-input":{"@type":"PropertyValueSpecification","valueRequired":true,"valueName":"search_term_string"}}],"inLanguage":"it-IT"},{"@type":"Organization","@id":"https:\/\/www.organisator.ch\/#organization","name":"Organizzatore","url":"https:\/\/www.organisator.ch\/","logo":{"@type":"ImageObject","inLanguage":"it-IT","@id":"https:\/\/www.organisator.ch\/#\/schema\/logo\/image\/","url":"https:\/\/www.organisator.ch\/wp-content\/uploads\/2022\/01\/Logo_Organisator_Website.png","contentUrl":"https:\/\/www.organisator.ch\/wp-content\/uploads\/2022\/01\/Logo_Organisator_Website.png","width":800,"height":77,"caption":"Organisator"},"image":{"@id":"https:\/\/www.organisator.ch\/#\/schema\/logo\/image\/"},"sameAs":["https:\/\/www.facebook.com\/OrganisatorFachmagazin","https:\/\/www.linkedin.com\/showcase\/organisator-das-magazin-fr-kmu","https:\/\/www.xing.com\/news\/pages\/organisator-ch-695","https:\/\/www.youtube.com\/channel\/UCGP2Sq0iWaZwT3BdIAQFYpw"]},{"@type":"Person","@id":"https:\/\/www.organisator.ch\/#\/schema\/person\/4e51799071cd2dd1232ac003643ef5f0","name":"galledia","image":{"@type":"ImageObject","inLanguage":"it-IT","@id":"https:\/\/secure.gravatar.com\/avatar\/78a7f90c01fc2bfc875782a0d4922b37cde2cf184ce347b91316d23cd7f69a36?s=96&d=mm&r=g","url":"https:\/\/secure.gravatar.com\/avatar\/78a7f90c01fc2bfc875782a0d4922b37cde2cf184ce347b91316d23cd7f69a36?s=96&d=mm&r=g","contentUrl":"https:\/\/secure.gravatar.com\/avatar\/78a7f90c01fc2bfc875782a0d4922b37cde2cf184ce347b91316d23cd7f69a36?s=96&d=mm&r=g","caption":"galledia"},"sameAs":["https:\/\/x.com\/admin"],"url":"https:\/\/www.organisator.ch\/it\/author\/galledia\/"}]}},"_links":{"self":[{"href":"https:\/\/www.organisator.ch\/it\/wp-json\/wp\/v2\/posts\/41971","targetHints":{"allow":["GET"]}}],"collection":[{"href":"https:\/\/www.organisator.ch\/it\/wp-json\/wp\/v2\/posts"}],"about":[{"href":"https:\/\/www.organisator.ch\/it\/wp-json\/wp\/v2\/types\/post"}],"author":[{"embeddable":true,"href":"https:\/\/www.organisator.ch\/it\/wp-json\/wp\/v2\/users\/8"}],"replies":[{"embeddable":true,"href":"https:\/\/www.organisator.ch\/it\/wp-json\/wp\/v2\/comments?post=41971"}],"version-history":[{"count":5,"href":"https:\/\/www.organisator.ch\/it\/wp-json\/wp\/v2\/posts\/41971\/revisions"}],"predecessor-version":[{"id":41983,"href":"https:\/\/www.organisator.ch\/it\/wp-json\/wp\/v2\/posts\/41971\/revisions\/41983"}],"wp:attachment":[{"href":"https:\/\/www.organisator.ch\/it\/wp-json\/wp\/v2\/media?parent=41971"}],"wp:term":[{"taxonomy":"category","embeddable":true,"href":"https:\/\/www.organisator.ch\/it\/wp-json\/wp\/v2\/categories?post=41971"},{"taxonomy":"post_tag","embeddable":true,"href":"https:\/\/www.organisator.ch\/it\/wp-json\/wp\/v2\/tags?post=41971"}],"curies":[{"name":"wp","href":"https:\/\/api.w.org\/{rel}","templated":true}]}}