{"id":41994,"date":"2025-11-14T08:41:44","date_gmt":"2025-11-14T07:41:44","guid":{"rendered":"https:\/\/www.organisator.ch\/?p=41994"},"modified":"2025-12-05T08:36:37","modified_gmt":"2025-12-05T07:36:37","slug":"permamed-ag-gewinnt-den-prix-svc-nordschweiz","status":"publish","type":"post","link":"https:\/\/www.organisator.ch\/it\/management\/2025-11-14\/permamed-ag-gewinnt-den-prix-svc-nordschweiz\/","title":{"rendered":"Permamed AG vince il Prix SVC Nordschweiz"},"content":{"rendered":"<figure id=\"attachment_41995\" aria-describedby=\"caption-attachment-41995\" style=\"width: 680px\" class=\"wp-caption alignnone\"><img loading=\"lazy\" decoding=\"async\" class=\"size-full wp-image-41995\" src=\"https:\/\/www.organisator.ch\/wp-content\/uploads\/2025\/11\/Permamed-AG-gewinnt-den-Prix-SVC-Nordschweiz-1_Organisator.jpg\" alt=\"\" width=\"680\" height=\"454\" srcset=\"https:\/\/www.organisator.ch\/wp-content\/uploads\/2025\/11\/Permamed-AG-gewinnt-den-Prix-SVC-Nordschweiz-1_Organisator.jpg 680w, https:\/\/www.organisator.ch\/wp-content\/uploads\/2025\/11\/Permamed-AG-gewinnt-den-Prix-SVC-Nordschweiz-1_Organisator-18x12.jpg 18w, https:\/\/www.organisator.ch\/wp-content\/uploads\/2025\/11\/Permamed-AG-gewinnt-den-Prix-SVC-Nordschweiz-1_Organisator-375x250.jpg 375w, https:\/\/www.organisator.ch\/wp-content\/uploads\/2025\/11\/Permamed-AG-gewinnt-den-Prix-SVC-Nordschweiz-1_Organisator-524x350.jpg 524w\" sizes=\"auto, (max-width: 680px) 100vw, 680px\" \/><figcaption id=\"caption-attachment-41995\" class=\"wp-caption-text\">Tobias Lutz e suo padre Christian H. Lutz di Permamed AG con il trofeo Prix SVC Nordschweiz 2025. Sullo sfondo, Stephan Jehle (Jehle AG, all'estrema sinistra) e Denis Wary (Gruppo Selmoni) condividono la gioia. (Foto: Thomas Berner)<\/figcaption><\/figure>\n<p>Lo SVC (Swiss Venture Club) ha premiato per la dodicesima volta piccole e medie imprese (PMI) esemplari con il Prix SVC Nordschweiz. La cerimonia di premiazione di quest'anno ha offerto ai 900 ospiti provenienti dal mondo dell'economia, della politica, della societ\u00e0 e dei media una visione stimolante della variegata imprenditorialit\u00e0 della regione. Questa volta l'evento ha presentato alcune novit\u00e0: Per la prima volta, \u00e8 stato scelto un solo vincitore tra i cinque finalisti nominati e non \u00e8 stata stilata un'ulteriore classifica. La cerimonia di premiazione \u00e8 stata quindi pi\u00f9 \u00absnella\u00bb e veloce rispetto agli anni precedenti, ma non per questo meno divertente grazie alla moderazione ancora una volta esperta di Daniel von Wattenwyl e ai consueti ritratti cinematografici dei finalisti. Anche la scenografia ha avuto un nuovo look.<\/p>\n<h3>Successo in una nicchia come PMI farmaceutica<\/h3>\n<p>L'eccitazione era palpabile quando la nuova direttrice generale dell'USC Franziska B\u00fcrki ha aperto la busta contenente l'azienda vincitrice: la gara \u00e8 stata vinta dall'azienda farmaceutica Permamed AG di Therwil BL. L'azienda \u00e8 un operatore di nicchia e un pioniere nella terapia di base topica per le malattie della pelle, i trattamenti anti-invecchiamento, le lesioni sportive, i reumatismi, le malattie venose e la fitoterapia. L'azienda offre prodotti leader di mercato, alcuni dei quali sono presenti in cliniche, ambulatori, farmacie e drogherie da oltre 40 anni. I marchi pi\u00f9 noti sono Lubex e Sportusal. Permamed \u00e8 stata fondata da Christian H. Lutz; oggi l'azienda familiare di seconda generazione impiega circa 80 persone in Svizzera. Bernhard B. Fischer, presidente della giuria, ha premiato il vincitore nel suo discorso elogiativo. \u00abPermamed \u00e8 da sempre sinonimo di qualit\u00e0, innovazione e coerenza svizzera. Tutti i prodotti sono sviluppati e prodotti interamente in Svizzera. Il marchio \u00abSwiss Made\u00bb \u00e8 quindi vissuto 100%. Sette prodotti sono leader di mercato in Svizzera e sottolineano la forte posizione di Permamed nel campo della dermatologia. Con i 76 prodotti sviluppati fino ad oggi, l'azienda sta dimostrando il suo ruolo di leader in questa nicchia\u00bb.\u00bb<\/p>\n<h3>Gli altri vincitori del premio in sintesi<\/h3>\n<p>Anche le altre quattro finaliste sono state riconosciute come aziende eccellenti. Dopo un intenso processo di selezione in pi\u00f9 fasi, hanno potuto affermarsi tra oltre 100 aziende regionali e festeggiare questo successo.<\/p>\n<p>Il Gruppo Selmoni \u00e8 un'azienda svizzera leader nel settore della tecnologia elettrica per l'edilizia. Il Gruppo opera nella Svizzera nord-occidentale sin dalla sua fondazione nel 1934 e offre una gamma completa di servizi elettrici. Circa 600 dipendenti sono al servizio di aziende globali e di privati. In qualit\u00e0 di pioniere della digitalizzazione dell'edilizia, Selmoni integra continuamente nuove tecnologie nei suoi processi di lavoro. Dai robot di prefabbricazione e perforazione al BIM e agli Hololens, le soluzioni innovative sono parte integrante della vita lavorativa di tutti i giorni e assicurano che i progetti di costruzione siano realizzati in modo pi\u00f9 rapido, sicuro e sostenibile.<\/p>\n<p>Il Gruppo ERNE, di propriet\u00e0 della famiglia fondatrice dal 1906, \u00e8 un fornitore svizzero di servizi edili e immobiliari con attivit\u00e0 in Svizzera, Germania e Lussemburgo. Con un totale di oltre 1.200 dipendenti in Svizzera e Germania, l'azienda copre l'intera catena del valore dell'edilizia, dalla progettazione alla produzione e alla realizzazione, e raggiunge un elevato grado di produzione interna. Grazie a questi processi integrati, ERNE fornisce un contributo significativo all'economia circolare e all'edilizia sostenibile.<\/p>\n<figure id=\"attachment_41996\" aria-describedby=\"caption-attachment-41996\" style=\"width: 680px\" class=\"wp-caption alignnone\"><img loading=\"lazy\" decoding=\"async\" class=\"size-full wp-image-41996\" src=\"https:\/\/www.organisator.ch\/wp-content\/uploads\/2025\/11\/Permamed-AG-gewinnt-den-Prix-SVC-Nordschweiz-2_Organisator.jpg\" alt=\"\" width=\"680\" height=\"421\" srcset=\"https:\/\/www.organisator.ch\/wp-content\/uploads\/2025\/11\/Permamed-AG-gewinnt-den-Prix-SVC-Nordschweiz-2_Organisator.jpg 680w, https:\/\/www.organisator.ch\/wp-content\/uploads\/2025\/11\/Permamed-AG-gewinnt-den-Prix-SVC-Nordschweiz-2_Organisator-18x12.jpg 18w, https:\/\/www.organisator.ch\/wp-content\/uploads\/2025\/11\/Permamed-AG-gewinnt-den-Prix-SVC-Nordschweiz-2_Organisator-375x232.jpg 375w, https:\/\/www.organisator.ch\/wp-content\/uploads\/2025\/11\/Permamed-AG-gewinnt-den-Prix-SVC-Nordschweiz-2_Organisator-565x350.jpg 565w\" sizes=\"auto, (max-width: 680px) 100vw, 680px\" \/><figcaption id=\"caption-attachment-41996\" class=\"wp-caption-text\">In rappresentanza dei finalisti di quest'anno (da sinistra a destra): Denis Wary (Gruppo Selmoni), Tobias Lutz (Permamed AG), Katharina Barmettler-Sutter (Sutter AG - Sutter Begg), Stephan Jehle (Jehle AG) e Giuseppe Santagada (Gruppo ERNE). (Foto: Thomas Berner)<\/figcaption><\/figure>\n<p>Sutter AG - Dal 1911 Sutter Begg \u00e8 sinonimo di artigianato panificatorio regionale. La panetteria tradizionale produce ogni giorno pane appena sfornato, prodotti da forno raffinati e specialit\u00e0 dolciarie. I concetti di caffetteria e take-away di tendenza completano l'offerta e assicurano momenti piacevoli in qualsiasi momento della giornata. Sutter Begg vive la tradizione dell'autentico artigianato della panificazione, alimentato dalla passione e dal cuore e dall'anima dei suoi 280 dipendenti in 27 punti vendita nella regione di Basilea. Tutto \u00e8 fatto a mano nel forno dell'azienda, utilizzando solo i migliori ingredienti.<\/p>\n<p>Jehle AG \u00e8 un'azienda innovativa che offre soluzioni produttive di alta qualit\u00e0. Oltre 200 dipendenti sviluppano e producono componenti e assemblaggi in metallo e plastica. Con radici regionali e attivit\u00e0 internazionali, l'azienda, fondata nel 1947, pone particolare enfasi su qualit\u00e0, innovazione e comportamento responsabile. Con tecnologie moderne, processi efficienti e un'attenzione particolare alla precisione e all'affidabilit\u00e0, Jehle AG garantisce che i suoi prodotti soddisfino gli standard pi\u00f9 elevati e che l'azienda si affermi come partner affidabile sia a livello nazionale che internazionale.<\/p>\n<p>Martina Koch, Presidente OC del Prix SVC Svizzera settentrionale, ha sottolineato: \u00abIn questa serata abbiamo potuto toccare con mano lo spirito innovativo dei cinque straordinari finalisti e onorare i loro risultati con un grande riconoscimento. Mi riempie di orgoglio rendere visibili queste storie di successo, che rafforzano in modo sostenibile la nostra economia regionale.\u00bb<\/p>\n<p><em>Fonte: <a href=\"http:\/\/www.svc.swiss\">Club svizzero di Venture<\/a><\/em><\/p>","protected":false},"excerpt":{"rendered":"<p>Il 13 novembre 2025, presso il Centro Congressi di Basilea, Permamed AG \u00e8 stata insignita del prestigioso Prix SVC Nordschweiz 2025 davanti a un'imponente cornice. L'azienda opera con successo nel mercato sanitario svizzero dal 1979.<\/p>","protected":false},"author":4,"featured_media":41995,"comment_status":"closed","ping_status":"closed","sticky":false,"template":"","format":"standard","meta":{"_acf_changed":false,"_yoast_wpseo_focuskw":"Prix SVC Nordschweiz","_yoast_wpseo_metadesc":"Vor 900 G\u00e4sten im Congress Center Basel wurde am 13. November 2025 die Permamed AG mit dem renommierten Prix SVC Nordschweiz 2025 geehrt.","articlekey":"","footnotes":""},"categories":[28],"tags":[66,335,390,492],"class_list":["post-41994","post","type-post","status-publish","format-standard","has-post-thumbnail","hentry","category-management","tag-awards","tag-management-und-unternehmensfuehrung","tag-prix-svc","tag-unternehmen"],"acf":[],"yoast_head":"<!-- This site is optimized with the Yoast SEO plugin v27.5 - https:\/\/yoast.com\/product\/yoast-seo-wordpress\/ -->\n<title>Permamed AG gewinnt den Prix SVC Nordschweiz - Organisator<\/title>\n<meta name=\"description\" content=\"Vor 900 G\u00e4sten im Congress Center Basel wurde am 13. November 2025 die Permamed AG mit dem renommierten Prix SVC Nordschweiz 2025 geehrt.\" \/>\n<meta name=\"robots\" content=\"index, follow, max-snippet:-1, max-image-preview:large, max-video-preview:-1\" \/>\n<link rel=\"canonical\" href=\"https:\/\/www.organisator.ch\/it\/gestione-2\/2025-11-14\/permamed-ag-gewinnt-den-prix-svc-nordschweiz\/\" \/>\n<meta property=\"og:locale\" content=\"it_IT\" \/>\n<meta property=\"og:type\" content=\"article\" \/>\n<meta property=\"og:title\" content=\"Permamed AG gewinnt den Prix SVC Nordschweiz\" \/>\n<meta property=\"og:description\" content=\"Vor 900 G\u00e4sten im Congress Center Basel wurde am 13. November 2025 die Permamed AG mit dem renommierten Prix SVC Nordschweiz 2025 geehrt.\" \/>\n<meta property=\"og:url\" content=\"https:\/\/www.organisator.ch\/it\/gestione-2\/2025-11-14\/permamed-ag-gewinnt-den-prix-svc-nordschweiz\/\" \/>\n<meta property=\"og:site_name\" content=\"Organisator\" \/>\n<meta property=\"article:publisher\" content=\"https:\/\/www.facebook.com\/OrganisatorFachmagazin\" \/>\n<meta property=\"article:published_time\" content=\"2025-11-14T07:41:44+00:00\" \/>\n<meta property=\"article:modified_time\" content=\"2025-12-05T07:36:37+00:00\" \/>\n<meta property=\"og:image\" content=\"https:\/\/www.organisator.ch\/wp-content\/uploads\/2025\/11\/Permamed-AG-gewinnt-den-Prix-SVC-Nordschweiz-1_Organisator.jpg\" \/>\n\t<meta property=\"og:image:width\" content=\"680\" \/>\n\t<meta property=\"og:image:height\" content=\"454\" \/>\n\t<meta property=\"og:image:type\" content=\"image\/jpeg\" \/>\n<meta name=\"author\" content=\"thomas.berner\" \/>\n<meta name=\"twitter:card\" content=\"summary_large_image\" \/>\n<meta name=\"twitter:title\" content=\"#Permamed AG gewinnt den Prix #SVC #Nordschweiz\" \/>\n<meta name=\"twitter:description\" content=\"Vor 900 G\u00e4sten im Congress Center Basel wurde am 13. November 2025 die #Permamed AG mit dem renommierten Prix #SVC Nordschweiz 2025 geehrt.\" \/>\n<meta name=\"twitter:image\" content=\"https:\/\/www.organisator.ch\/wp-content\/uploads\/2025\/11\/Permamed-AG-gewinnt-den-Prix-SVC-Nordschweiz-1_Organisator.jpg\" \/>\n<script type=\"application\/ld+json\" class=\"yoast-schema-graph\">{\"@context\":\"https:\\\/\\\/schema.org\",\"@graph\":[{\"@type\":\"Article\",\"@id\":\"https:\\\/\\\/www.organisator.ch\\\/management\\\/2025-11-14\\\/permamed-ag-gewinnt-den-prix-svc-nordschweiz\\\/#article\",\"isPartOf\":{\"@id\":\"https:\\\/\\\/www.organisator.ch\\\/management\\\/2025-11-14\\\/permamed-ag-gewinnt-den-prix-svc-nordschweiz\\\/\"},\"author\":{\"name\":\"thomas.berner\",\"@id\":\"https:\\\/\\\/www.organisator.ch\\\/#\\\/schema\\\/person\\\/6f650f90b2842cd4c0cc334b4e36f67e\"},\"headline\":\"Permamed AG gewinnt den Prix SVC Nordschweiz\",\"datePublished\":\"2025-11-14T07:41:44+00:00\",\"dateModified\":\"2025-12-05T07:36:37+00:00\",\"mainEntityOfPage\":{\"@id\":\"https:\\\/\\\/www.organisator.ch\\\/management\\\/2025-11-14\\\/permamed-ag-gewinnt-den-prix-svc-nordschweiz\\\/\"},\"wordCount\":821,\"publisher\":{\"@id\":\"https:\\\/\\\/www.organisator.ch\\\/#organization\"},\"image\":{\"@id\":\"https:\\\/\\\/www.organisator.ch\\\/management\\\/2025-11-14\\\/permamed-ag-gewinnt-den-prix-svc-nordschweiz\\\/#primaryimage\"},\"thumbnailUrl\":\"https:\\\/\\\/www.organisator.ch\\\/wp-content\\\/uploads\\\/2025\\\/11\\\/Permamed-AG-gewinnt-den-Prix-SVC-Nordschweiz-1_Organisator.jpg\",\"keywords\":[\"Awards\",\"Management und Unternehmensf\u00fchrung\",\"Prix SVC\",\"Unternehmen\"],\"articleSection\":[\"MANAGEMENT\"],\"inLanguage\":\"it-IT\"},{\"@type\":\"WebPage\",\"@id\":\"https:\\\/\\\/www.organisator.ch\\\/management\\\/2025-11-14\\\/permamed-ag-gewinnt-den-prix-svc-nordschweiz\\\/\",\"url\":\"https:\\\/\\\/www.organisator.ch\\\/management\\\/2025-11-14\\\/permamed-ag-gewinnt-den-prix-svc-nordschweiz\\\/\",\"name\":\"Permamed AG gewinnt den Prix SVC Nordschweiz - Organisator\",\"isPartOf\":{\"@id\":\"https:\\\/\\\/www.organisator.ch\\\/#website\"},\"primaryImageOfPage\":{\"@id\":\"https:\\\/\\\/www.organisator.ch\\\/management\\\/2025-11-14\\\/permamed-ag-gewinnt-den-prix-svc-nordschweiz\\\/#primaryimage\"},\"image\":{\"@id\":\"https:\\\/\\\/www.organisator.ch\\\/management\\\/2025-11-14\\\/permamed-ag-gewinnt-den-prix-svc-nordschweiz\\\/#primaryimage\"},\"thumbnailUrl\":\"https:\\\/\\\/www.organisator.ch\\\/wp-content\\\/uploads\\\/2025\\\/11\\\/Permamed-AG-gewinnt-den-Prix-SVC-Nordschweiz-1_Organisator.jpg\",\"datePublished\":\"2025-11-14T07:41:44+00:00\",\"dateModified\":\"2025-12-05T07:36:37+00:00\",\"description\":\"Vor 900 G\u00e4sten im Congress Center Basel wurde am 13. November 2025 die Permamed AG mit dem renommierten Prix SVC Nordschweiz 2025 geehrt.\",\"breadcrumb\":{\"@id\":\"https:\\\/\\\/www.organisator.ch\\\/management\\\/2025-11-14\\\/permamed-ag-gewinnt-den-prix-svc-nordschweiz\\\/#breadcrumb\"},\"inLanguage\":\"it-IT\",\"potentialAction\":[{\"@type\":\"ReadAction\",\"target\":[\"https:\\\/\\\/www.organisator.ch\\\/management\\\/2025-11-14\\\/permamed-ag-gewinnt-den-prix-svc-nordschweiz\\\/\"]}]},{\"@type\":\"ImageObject\",\"inLanguage\":\"it-IT\",\"@id\":\"https:\\\/\\\/www.organisator.ch\\\/management\\\/2025-11-14\\\/permamed-ag-gewinnt-den-prix-svc-nordschweiz\\\/#primaryimage\",\"url\":\"https:\\\/\\\/www.organisator.ch\\\/wp-content\\\/uploads\\\/2025\\\/11\\\/Permamed-AG-gewinnt-den-Prix-SVC-Nordschweiz-1_Organisator.jpg\",\"contentUrl\":\"https:\\\/\\\/www.organisator.ch\\\/wp-content\\\/uploads\\\/2025\\\/11\\\/Permamed-AG-gewinnt-den-Prix-SVC-Nordschweiz-1_Organisator.jpg\",\"width\":680,\"height\":454,\"caption\":\"Tobias Lutz und sein Vater Christian H. Lutz von Permamed AG freuen sich \u00fcber den Gewinn des Prix SVC Nordschweiz 2025. Im Hintergrund Stephan Jehle (Jehle AG, links) und Denis Wary (Selmoni Gruppe). (Bild: Thomas Berner)\"},{\"@type\":\"BreadcrumbList\",\"@id\":\"https:\\\/\\\/www.organisator.ch\\\/management\\\/2025-11-14\\\/permamed-ag-gewinnt-den-prix-svc-nordschweiz\\\/#breadcrumb\",\"itemListElement\":[{\"@type\":\"ListItem\",\"position\":1,\"name\":\"Home\",\"item\":\"https:\\\/\\\/www.organisator.ch\\\/\"},{\"@type\":\"ListItem\",\"position\":2,\"name\":\"Permamed AG gewinnt den Prix SVC Nordschweiz\"}]},{\"@type\":\"WebSite\",\"@id\":\"https:\\\/\\\/www.organisator.ch\\\/#website\",\"url\":\"https:\\\/\\\/www.organisator.ch\\\/\",\"name\":\"Organisator\",\"description\":\"Kompetent. Praxisnah. Der ORGANISATOR bereitet in 10 Ausgaben pro Jahr die wesentlichen Themen f\u00fcr F\u00fchrungskr\u00e4fte von KMU auf.\",\"publisher\":{\"@id\":\"https:\\\/\\\/www.organisator.ch\\\/#organization\"},\"potentialAction\":[{\"@type\":\"SearchAction\",\"target\":{\"@type\":\"EntryPoint\",\"urlTemplate\":\"https:\\\/\\\/www.organisator.ch\\\/?s={search_term_string}\"},\"query-input\":{\"@type\":\"PropertyValueSpecification\",\"valueRequired\":true,\"valueName\":\"search_term_string\"}}],\"inLanguage\":\"it-IT\"},{\"@type\":\"Organization\",\"@id\":\"https:\\\/\\\/www.organisator.ch\\\/#organization\",\"name\":\"Organisator\",\"url\":\"https:\\\/\\\/www.organisator.ch\\\/\",\"logo\":{\"@type\":\"ImageObject\",\"inLanguage\":\"it-IT\",\"@id\":\"https:\\\/\\\/www.organisator.ch\\\/#\\\/schema\\\/logo\\\/image\\\/\",\"url\":\"https:\\\/\\\/www.organisator.ch\\\/wp-content\\\/uploads\\\/2022\\\/01\\\/Logo_Organisator_Website.png\",\"contentUrl\":\"https:\\\/\\\/www.organisator.ch\\\/wp-content\\\/uploads\\\/2022\\\/01\\\/Logo_Organisator_Website.png\",\"width\":800,\"height\":77,\"caption\":\"Organisator\"},\"image\":{\"@id\":\"https:\\\/\\\/www.organisator.ch\\\/#\\\/schema\\\/logo\\\/image\\\/\"},\"sameAs\":[\"https:\\\/\\\/www.facebook.com\\\/OrganisatorFachmagazin\",\"https:\\\/\\\/www.linkedin.com\\\/showcase\\\/organisator-das-magazin-fr-kmu\",\"https:\\\/\\\/www.xing.com\\\/news\\\/pages\\\/organisator-ch-695\",\"https:\\\/\\\/www.youtube.com\\\/channel\\\/UCGP2Sq0iWaZwT3BdIAQFYpw\"]},{\"@type\":\"Person\",\"@id\":\"https:\\\/\\\/www.organisator.ch\\\/#\\\/schema\\\/person\\\/6f650f90b2842cd4c0cc334b4e36f67e\",\"name\":\"thomas.berner\",\"image\":{\"@type\":\"ImageObject\",\"inLanguage\":\"it-IT\",\"@id\":\"https:\\\/\\\/secure.gravatar.com\\\/avatar\\\/ac5001d2a36cb6c6cd3e50789007ffca834b477b74a2144564522e944eabff61?s=96&d=mm&r=g\",\"url\":\"https:\\\/\\\/secure.gravatar.com\\\/avatar\\\/ac5001d2a36cb6c6cd3e50789007ffca834b477b74a2144564522e944eabff61?s=96&d=mm&r=g\",\"contentUrl\":\"https:\\\/\\\/secure.gravatar.com\\\/avatar\\\/ac5001d2a36cb6c6cd3e50789007ffca834b477b74a2144564522e944eabff61?s=96&d=mm&r=g\",\"caption\":\"thomas.berner\"},\"url\":\"https:\\\/\\\/www.organisator.ch\\\/it\\\/author\\\/thomas-berner\\\/\"}]}<\/script>\n<!-- \/ Yoast SEO plugin. -->","yoast_head_json":{"title":"Permamed AG vince il Prix SVC Nordschweiz - Organizzatore","description":"Permamed AG \u00e8 stata premiata con il prestigioso Prix SVC Nordschweiz 2025 davanti a 900 ospiti presso il Centro Congressi di Basilea il 13 novembre 2025.","robots":{"index":"index","follow":"follow","max-snippet":"max-snippet:-1","max-image-preview":"max-image-preview:large","max-video-preview":"max-video-preview:-1"},"canonical":"https:\/\/www.organisator.ch\/it\/gestione-2\/2025-11-14\/permamed-ag-gewinnt-den-prix-svc-nordschweiz\/","og_locale":"it_IT","og_type":"article","og_title":"Permamed AG gewinnt den Prix SVC Nordschweiz","og_description":"Vor 900 G\u00e4sten im Congress Center Basel wurde am 13. November 2025 die Permamed AG mit dem renommierten Prix SVC Nordschweiz 2025 geehrt.","og_url":"https:\/\/www.organisator.ch\/it\/gestione-2\/2025-11-14\/permamed-ag-gewinnt-den-prix-svc-nordschweiz\/","og_site_name":"Organisator","article_publisher":"https:\/\/www.facebook.com\/OrganisatorFachmagazin","article_published_time":"2025-11-14T07:41:44+00:00","article_modified_time":"2025-12-05T07:36:37+00:00","og_image":[{"width":680,"height":454,"url":"https:\/\/www.organisator.ch\/wp-content\/uploads\/2025\/11\/Permamed-AG-gewinnt-den-Prix-SVC-Nordschweiz-1_Organisator.jpg","type":"image\/jpeg"}],"author":"thomas.berner","twitter_card":"summary_large_image","twitter_title":"#Permamed AG gewinnt den Prix #SVC #Nordschweiz","twitter_description":"Vor 900 G\u00e4sten im Congress Center Basel wurde am 13. November 2025 die #Permamed AG mit dem renommierten Prix #SVC Nordschweiz 2025 geehrt.","twitter_image":"https:\/\/www.organisator.ch\/wp-content\/uploads\/2025\/11\/Permamed-AG-gewinnt-den-Prix-SVC-Nordschweiz-1_Organisator.jpg","schema":{"@context":"https:\/\/schema.org","@graph":[{"@type":"Article","@id":"https:\/\/www.organisator.ch\/management\/2025-11-14\/permamed-ag-gewinnt-den-prix-svc-nordschweiz\/#article","isPartOf":{"@id":"https:\/\/www.organisator.ch\/management\/2025-11-14\/permamed-ag-gewinnt-den-prix-svc-nordschweiz\/"},"author":{"name":"thomas.berner","@id":"https:\/\/www.organisator.ch\/#\/schema\/person\/6f650f90b2842cd4c0cc334b4e36f67e"},"headline":"Permamed AG gewinnt den Prix SVC Nordschweiz","datePublished":"2025-11-14T07:41:44+00:00","dateModified":"2025-12-05T07:36:37+00:00","mainEntityOfPage":{"@id":"https:\/\/www.organisator.ch\/management\/2025-11-14\/permamed-ag-gewinnt-den-prix-svc-nordschweiz\/"},"wordCount":821,"publisher":{"@id":"https:\/\/www.organisator.ch\/#organization"},"image":{"@id":"https:\/\/www.organisator.ch\/management\/2025-11-14\/permamed-ag-gewinnt-den-prix-svc-nordschweiz\/#primaryimage"},"thumbnailUrl":"https:\/\/www.organisator.ch\/wp-content\/uploads\/2025\/11\/Permamed-AG-gewinnt-den-Prix-SVC-Nordschweiz-1_Organisator.jpg","keywords":["Awards","Management und Unternehmensf\u00fchrung","Prix SVC","Unternehmen"],"articleSection":["MANAGEMENT"],"inLanguage":"it-IT"},{"@type":"WebPage","@id":"https:\/\/www.organisator.ch\/management\/2025-11-14\/permamed-ag-gewinnt-den-prix-svc-nordschweiz\/","url":"https:\/\/www.organisator.ch\/management\/2025-11-14\/permamed-ag-gewinnt-den-prix-svc-nordschweiz\/","name":"Permamed AG vince il Prix SVC Nordschweiz - Organizzatore","isPartOf":{"@id":"https:\/\/www.organisator.ch\/#website"},"primaryImageOfPage":{"@id":"https:\/\/www.organisator.ch\/management\/2025-11-14\/permamed-ag-gewinnt-den-prix-svc-nordschweiz\/#primaryimage"},"image":{"@id":"https:\/\/www.organisator.ch\/management\/2025-11-14\/permamed-ag-gewinnt-den-prix-svc-nordschweiz\/#primaryimage"},"thumbnailUrl":"https:\/\/www.organisator.ch\/wp-content\/uploads\/2025\/11\/Permamed-AG-gewinnt-den-Prix-SVC-Nordschweiz-1_Organisator.jpg","datePublished":"2025-11-14T07:41:44+00:00","dateModified":"2025-12-05T07:36:37+00:00","description":"Permamed AG \u00e8 stata premiata con il prestigioso Prix SVC Nordschweiz 2025 davanti a 900 ospiti presso il Centro Congressi di Basilea il 13 novembre 2025.","breadcrumb":{"@id":"https:\/\/www.organisator.ch\/management\/2025-11-14\/permamed-ag-gewinnt-den-prix-svc-nordschweiz\/#breadcrumb"},"inLanguage":"it-IT","potentialAction":[{"@type":"ReadAction","target":["https:\/\/www.organisator.ch\/management\/2025-11-14\/permamed-ag-gewinnt-den-prix-svc-nordschweiz\/"]}]},{"@type":"ImageObject","inLanguage":"it-IT","@id":"https:\/\/www.organisator.ch\/management\/2025-11-14\/permamed-ag-gewinnt-den-prix-svc-nordschweiz\/#primaryimage","url":"https:\/\/www.organisator.ch\/wp-content\/uploads\/2025\/11\/Permamed-AG-gewinnt-den-Prix-SVC-Nordschweiz-1_Organisator.jpg","contentUrl":"https:\/\/www.organisator.ch\/wp-content\/uploads\/2025\/11\/Permamed-AG-gewinnt-den-Prix-SVC-Nordschweiz-1_Organisator.jpg","width":680,"height":454,"caption":"Tobias Lutz und sein Vater Christian H. Lutz von Permamed AG freuen sich \u00fcber den Gewinn des Prix SVC Nordschweiz 2025. Im Hintergrund Stephan Jehle (Jehle AG, links) und Denis Wary (Selmoni Gruppe). (Bild: Thomas Berner)"},{"@type":"BreadcrumbList","@id":"https:\/\/www.organisator.ch\/management\/2025-11-14\/permamed-ag-gewinnt-den-prix-svc-nordschweiz\/#breadcrumb","itemListElement":[{"@type":"ListItem","position":1,"name":"Home","item":"https:\/\/www.organisator.ch\/"},{"@type":"ListItem","position":2,"name":"Permamed AG gewinnt den Prix SVC Nordschweiz"}]},{"@type":"WebSite","@id":"https:\/\/www.organisator.ch\/#website","url":"https:\/\/www.organisator.ch\/","name":"Organizzatore","description":"Competente. Pratico. In 10 numeri all'anno, ORGANISATOR presenta i temi essenziali per i manager delle PMI.","publisher":{"@id":"https:\/\/www.organisator.ch\/#organization"},"potentialAction":[{"@type":"SearchAction","target":{"@type":"EntryPoint","urlTemplate":"https:\/\/www.organisator.ch\/?s={search_term_string}"},"query-input":{"@type":"PropertyValueSpecification","valueRequired":true,"valueName":"search_term_string"}}],"inLanguage":"it-IT"},{"@type":"Organization","@id":"https:\/\/www.organisator.ch\/#organization","name":"Organizzatore","url":"https:\/\/www.organisator.ch\/","logo":{"@type":"ImageObject","inLanguage":"it-IT","@id":"https:\/\/www.organisator.ch\/#\/schema\/logo\/image\/","url":"https:\/\/www.organisator.ch\/wp-content\/uploads\/2022\/01\/Logo_Organisator_Website.png","contentUrl":"https:\/\/www.organisator.ch\/wp-content\/uploads\/2022\/01\/Logo_Organisator_Website.png","width":800,"height":77,"caption":"Organisator"},"image":{"@id":"https:\/\/www.organisator.ch\/#\/schema\/logo\/image\/"},"sameAs":["https:\/\/www.facebook.com\/OrganisatorFachmagazin","https:\/\/www.linkedin.com\/showcase\/organisator-das-magazin-fr-kmu","https:\/\/www.xing.com\/news\/pages\/organisator-ch-695","https:\/\/www.youtube.com\/channel\/UCGP2Sq0iWaZwT3BdIAQFYpw"]},{"@type":"Person","@id":"https:\/\/www.organisator.ch\/#\/schema\/person\/6f650f90b2842cd4c0cc334b4e36f67e","name":"Tommaso.berner","image":{"@type":"ImageObject","inLanguage":"it-IT","@id":"https:\/\/secure.gravatar.com\/avatar\/ac5001d2a36cb6c6cd3e50789007ffca834b477b74a2144564522e944eabff61?s=96&d=mm&r=g","url":"https:\/\/secure.gravatar.com\/avatar\/ac5001d2a36cb6c6cd3e50789007ffca834b477b74a2144564522e944eabff61?s=96&d=mm&r=g","contentUrl":"https:\/\/secure.gravatar.com\/avatar\/ac5001d2a36cb6c6cd3e50789007ffca834b477b74a2144564522e944eabff61?s=96&d=mm&r=g","caption":"thomas.berner"},"url":"https:\/\/www.organisator.ch\/it\/author\/thomas-berner\/"}]}},"_links":{"self":[{"href":"https:\/\/www.organisator.ch\/it\/wp-json\/wp\/v2\/posts\/41994","targetHints":{"allow":["GET"]}}],"collection":[{"href":"https:\/\/www.organisator.ch\/it\/wp-json\/wp\/v2\/posts"}],"about":[{"href":"https:\/\/www.organisator.ch\/it\/wp-json\/wp\/v2\/types\/post"}],"author":[{"embeddable":true,"href":"https:\/\/www.organisator.ch\/it\/wp-json\/wp\/v2\/users\/4"}],"replies":[{"embeddable":true,"href":"https:\/\/www.organisator.ch\/it\/wp-json\/wp\/v2\/comments?post=41994"}],"version-history":[{"count":4,"href":"https:\/\/www.organisator.ch\/it\/wp-json\/wp\/v2\/posts\/41994\/revisions"}],"predecessor-version":[{"id":42013,"href":"https:\/\/www.organisator.ch\/it\/wp-json\/wp\/v2\/posts\/41994\/revisions\/42013"}],"wp:featuredmedia":[{"embeddable":true,"href":"https:\/\/www.organisator.ch\/it\/wp-json\/wp\/v2\/media\/41995"}],"wp:attachment":[{"href":"https:\/\/www.organisator.ch\/it\/wp-json\/wp\/v2\/media?parent=41994"}],"wp:term":[{"taxonomy":"category","embeddable":true,"href":"https:\/\/www.organisator.ch\/it\/wp-json\/wp\/v2\/categories?post=41994"},{"taxonomy":"post_tag","embeddable":true,"href":"https:\/\/www.organisator.ch\/it\/wp-json\/wp\/v2\/tags?post=41994"}],"curies":[{"name":"wp","href":"https:\/\/api.w.org\/{rel}","templated":true}]}}