{"id":41998,"date":"2025-11-14T09:07:23","date_gmt":"2025-11-14T08:07:23","guid":{"rendered":"https:\/\/www.organisator.ch\/?p=41998"},"modified":"2025-11-14T09:07:23","modified_gmt":"2025-11-14T08:07:23","slug":"die-digitale-schweiz-feiert-ihre-leuchttuerme-im-hallenstadion","status":"publish","type":"post","link":"https:\/\/www.organisator.ch\/it\/management\/2025-11-14\/die-digitale-schweiz-feiert-ihre-leuchttuerme-im-hallenstadion\/","title":{"rendered":"La Svizzera digitale festeggia i suoi fari all'Hallenstadion"},"content":{"rendered":"<figure id=\"attachment_41999\" aria-describedby=\"caption-attachment-41999\" style=\"width: 680px\" class=\"wp-caption alignnone\"><img loading=\"lazy\" decoding=\"async\" class=\"size-full wp-image-41999\" src=\"https:\/\/www.organisator.ch\/wp-content\/uploads\/2025\/11\/Die-digitale-Schweiz-feiert-ihre-Leuchttuerme-im-Hallenstadion_Organisator.jpg\" alt=\"\" width=\"680\" height=\"453\" srcset=\"https:\/\/www.organisator.ch\/wp-content\/uploads\/2025\/11\/Die-digitale-Schweiz-feiert-ihre-Leuchttuerme-im-Hallenstadion_Organisator.jpg 680w, https:\/\/www.organisator.ch\/wp-content\/uploads\/2025\/11\/Die-digitale-Schweiz-feiert-ihre-Leuchttuerme-im-Hallenstadion_Organisator-18x12.jpg 18w, https:\/\/www.organisator.ch\/wp-content\/uploads\/2025\/11\/Die-digitale-Schweiz-feiert-ihre-Leuchttuerme-im-Hallenstadion_Organisator-375x250.jpg 375w, https:\/\/www.organisator.ch\/wp-content\/uploads\/2025\/11\/Die-digitale-Schweiz-feiert-ihre-Leuchttuerme-im-Hallenstadion_Organisator-525x350.jpg 525w\" sizes=\"auto, (max-width: 680px) 100vw, 680px\" \/><figcaption id=\"caption-attachment-41999\" class=\"wp-caption-text\">Felici del Premio per l'Economia Digitale 2025 (Immagine: zVg \/ Premio per l'Economia Digitale)<\/figcaption><\/figure>\n<p>Di fronte a rappresentanti dell'economia, dell'amministrazione, della politica e della ricerca, la sera del 13 novembre 2025 sono stati premiati, in un contesto festoso, i progetti, le organizzazioni e le persone che hanno avuto un impatto particolarmente visibile nel 2025 e hanno rafforzato le competenze digitali in Svizzera. La presenza del Consigliere federale Albert R\u00f6sti e del Cancelliere federale Viktor Rossi ha sottolineato l'importanza politica del tema. Nel suo discorso, il Consigliere federale R\u00f6sti ha sottolineato il ruolo dell'innovazione digitale per la competitivit\u00e0 della Svizzera. Ha inoltre invitato all'apertura verso il progresso digitale, in particolare nel campo dell'intelligenza artificiale, e a regole trasparenti per ottenere la fiducia della popolazione. Parola chiave: smart governance.<\/p>\n<h3>L'intelligenza artificiale come tema dominante<\/h3>\n<p>Anche quest'anno, l'uso dell'intelligenza artificiale \u00e8 stato al centro di molti dei progetti presentati e dei vincitori. Con Akenza, ad esempio, ISS utilizza l'intelligenza artificiale per rispondere alle esigenze degli edifici in modo pi\u00f9 rapido, preciso ed efficiente, come un \u00absussurratore di edifici\u00bb. Con la sua sandbox AI, il Cantone di Zurigo ha creato un programma di sostegno all'innovazione per l'AI unico a livello internazionale. E la robotica mimica combina l'intelligenza artificiale con abili postazioni robotiche per essere pronta all'uso in tempi rapidi, aumentare la sicurezza sul lavoro e ridurre la carenza di lavoratori qualificati.<\/p>\n<p>Non sono mancate nemmeno le emozioni: i finalisti della categoria \u00abNextGen Hero\u00bb hanno dimostrato ancora una volta il potenziale di questa generazione con i loro brevi interventi. Questo ha portato a vivaci discussioni ai tavoli durante il processo decisionale. I pi\u00f9 convincenti sono stati Nathalie Kern dell'Universit\u00e0 di Scienze Applicate e Arti della Svizzera Orientale con il suo approccio all'armonizzazione delle soluzioni digitali nel settore pubblico e Simon Weigold dell'Universit\u00e0 di Lucerna per il suo impegno nella democratizzazione della conoscenza giuridica.<\/p>\n<p>Il premio ICT Education &amp; Training \u00e8 stato assegnato a B\u00fchler AG, un'azienda che utilizza approcci di apprendimento ibridi per rispondere alle preferenze della prossima generazione, fondendoli con successo con la propria tradizione industriale. Infine, il premio \u00abThe Pascal\u00bb, presentato insieme a Inside IT, \u00e8 andato ad Alina Matyukhina. In qualit\u00e0 di CSO, dirige la sicurezza informatica globale della divisione Building Products di Siemens Smart Infrastructure a Zug.<\/p>\n<h3>Serata divertente<\/h3>\n<p>La serata ha offerto anche una drammaturgia variegata. I progetti di tutte le categorie sono stati presentati in modo originale prima dell'assegnazione dei premi. Monika Sch\u00e4rer e Stephan Lendi hanno condotto il programma con il consueto brio. Il comico Timo Wopp e il beatboxer Arthur Henry hanno fornito umorismo e una colonna sonora dal vivo mentre mettevano in scena le singole categorie, colmando cos\u00ec il divario tra il pubblico specializzato e gli elementi dello spettacolo.<\/p>\n<p>L'importante aspetto del networking \u00e8 stato rafforzato con un'ampia possibilit\u00e0 di fare rete. In questo modo, il fuoco delle innovazioni premiate e degli eccezionali finalisti continuer\u00e0 a bruciare nella vita di tutti i giorni.<\/p>\n<h3><strong>Vincitori nel 2025<\/strong><\/h3>\n<p><em>Commerciale di eccellenza digitale<\/em><br \/>\nISS Svizzera con Akenza<\/p>\n<p><em>Eccellenza digitale GOV e NPO<\/em><br \/>\nUfficio Affari Economici del Cantone di Zurigo<\/p>\n<p><em>Istruzione e formazione ICT - da 1 a 20 dipendenti ICT<\/em><br \/>\nnelle tecnologie AG<\/p>\n<p><em>Istruzione e formazione ICT - da 21 a 100 dipendenti ICT<\/em><br \/>\nLeuchter IT Solutions AG<\/p>\n<p><em>Istruzione e formazione nel settore delle TIC - oltre 100 dipendenti nel settore delle TIC<\/em><br \/>\nB\u00fchler AG<\/p>\n<p><em>Premio per l'istruzione e la formazione sulle TIC - Vincitore assoluto<\/em><br \/>\nB\u00fchler AG<\/p>\n<p><em>Il prossimo fenomeno globale<\/em><br \/>\nrobotica mimica AG<\/p>\n<p><em>Eroe NextGen<\/em><br \/>\nNathalie Kern e Simon Weigold<\/p>\n<p><em>Il Pascal - Personalit\u00e0 IT dell'anno<\/em><br \/>\nAlina Matyukhina, Siemens, CSO \/ Responsabile globale della sicurezza informatica<\/p>","protected":false},"excerpt":{"rendered":"<p>L'economia digitale svizzera ha premiato i suoi migliori progetti e personalit\u00e0 all'Hallenstadion di Zurigo il 13 novembre 2025. Oltre 800 ospiti hanno assistito in diretta al Premio dell'economia digitale 2025, tra cui il Consigliere federale Albert R\u00f6sti e il Cancelliere federale Viktor Rossi.<\/p>","protected":false},"author":4,"featured_media":41999,"comment_status":"closed","ping_status":"closed","sticky":false,"template":"","format":"standard","meta":{"_acf_changed":false,"_yoast_wpseo_focuskw":"digitale Schweiz","_yoast_wpseo_metadesc":"Die Schweizer Digitalwirtschaft hat am 13. November 2025 im Z\u00fcrcher Hallenstadion ihre besten Projekte und Pers\u00f6nlichkeiten ausgezeichnet.","articlekey":"","footnotes":""},"categories":[28],"tags":[66,103,156,492],"class_list":["post-41998","post","type-post","status-publish","format-standard","has-post-thumbnail","hentry","category-management","tag-awards","tag-business-excellence","tag-digitalisierung","tag-unternehmen"],"acf":[],"yoast_head":"<!-- This site is optimized with the Yoast SEO plugin v27.5 - https:\/\/yoast.com\/product\/yoast-seo-wordpress\/ -->\n<title>Die digitale Schweiz feiert ihre Leuchtt\u00fcrme im Hallenstadion - Organisator<\/title>\n<meta name=\"description\" content=\"Die Schweizer Digitalwirtschaft hat am 13. November 2025 im Z\u00fcrcher Hallenstadion ihre besten Projekte und Pers\u00f6nlichkeiten ausgezeichnet.\" \/>\n<meta name=\"robots\" content=\"index, follow, max-snippet:-1, max-image-preview:large, max-video-preview:-1\" \/>\n<link rel=\"canonical\" href=\"https:\/\/www.organisator.ch\/it\/gestione-2\/2025-11-14\/die-digitale-schweiz-feiert-ihre-leuchttuerme-im-hallenstadion\/\" \/>\n<meta property=\"og:locale\" content=\"it_IT\" \/>\n<meta property=\"og:type\" content=\"article\" \/>\n<meta property=\"og:title\" content=\"Die digitale Schweiz feiert ihre Leuchtt\u00fcrme im Hallenstadion\" \/>\n<meta property=\"og:description\" content=\"Die Schweizer Digitalwirtschaft hat am 13. November 2025 im Z\u00fcrcher Hallenstadion ihre besten Projekte und Pers\u00f6nlichkeiten ausgezeichnet.\" \/>\n<meta property=\"og:url\" content=\"https:\/\/www.organisator.ch\/it\/gestione-2\/2025-11-14\/die-digitale-schweiz-feiert-ihre-leuchttuerme-im-hallenstadion\/\" \/>\n<meta property=\"og:site_name\" content=\"Organisator\" \/>\n<meta property=\"article:publisher\" content=\"https:\/\/www.facebook.com\/OrganisatorFachmagazin\" \/>\n<meta property=\"article:published_time\" content=\"2025-11-14T08:07:23+00:00\" \/>\n<meta property=\"og:image\" content=\"https:\/\/www.organisator.ch\/wp-content\/uploads\/2025\/11\/Die-digitale-Schweiz-feiert-ihre-Leuchttuerme-im-Hallenstadion_Organisator.jpg\" \/>\n\t<meta property=\"og:image:width\" content=\"680\" \/>\n\t<meta property=\"og:image:height\" content=\"453\" \/>\n\t<meta property=\"og:image:type\" content=\"image\/jpeg\" \/>\n<meta name=\"author\" content=\"thomas.berner\" \/>\n<meta name=\"twitter:card\" content=\"summary_large_image\" \/>\n<meta name=\"twitter:title\" content=\"Die digitale #Schweiz feiert ihre Leuchtt\u00fcrme im #Hallenstadion\" \/>\n<meta name=\"twitter:description\" content=\"Die Schweizer #Digitalwirtschaft hat am 13. November 2025 im Z\u00fcrcher #Hallenstadion ihre besten Projekte und Pers\u00f6nlichkeiten ausgezeichnet.\" \/>\n<meta name=\"twitter:image\" content=\"https:\/\/www.organisator.ch\/wp-content\/uploads\/2025\/11\/Die-digitale-Schweiz-feiert-ihre-Leuchttuerme-im-Hallenstadion_Organisator.jpg\" \/>\n<script type=\"application\/ld+json\" class=\"yoast-schema-graph\">{\"@context\":\"https:\\\/\\\/schema.org\",\"@graph\":[{\"@type\":\"Article\",\"@id\":\"https:\\\/\\\/www.organisator.ch\\\/management\\\/2025-11-14\\\/die-digitale-schweiz-feiert-ihre-leuchttuerme-im-hallenstadion\\\/#article\",\"isPartOf\":{\"@id\":\"https:\\\/\\\/www.organisator.ch\\\/management\\\/2025-11-14\\\/die-digitale-schweiz-feiert-ihre-leuchttuerme-im-hallenstadion\\\/\"},\"author\":{\"name\":\"thomas.berner\",\"@id\":\"https:\\\/\\\/www.organisator.ch\\\/#\\\/schema\\\/person\\\/6f650f90b2842cd4c0cc334b4e36f67e\"},\"headline\":\"Die digitale Schweiz feiert ihre Leuchtt\u00fcrme im Hallenstadion\",\"datePublished\":\"2025-11-14T08:07:23+00:00\",\"mainEntityOfPage\":{\"@id\":\"https:\\\/\\\/www.organisator.ch\\\/management\\\/2025-11-14\\\/die-digitale-schweiz-feiert-ihre-leuchttuerme-im-hallenstadion\\\/\"},\"wordCount\":557,\"publisher\":{\"@id\":\"https:\\\/\\\/www.organisator.ch\\\/#organization\"},\"image\":{\"@id\":\"https:\\\/\\\/www.organisator.ch\\\/management\\\/2025-11-14\\\/die-digitale-schweiz-feiert-ihre-leuchttuerme-im-hallenstadion\\\/#primaryimage\"},\"thumbnailUrl\":\"https:\\\/\\\/www.organisator.ch\\\/wp-content\\\/uploads\\\/2025\\\/11\\\/Die-digitale-Schweiz-feiert-ihre-Leuchttuerme-im-Hallenstadion_Organisator.jpg\",\"keywords\":[\"Awards\",\"Business Excellence\",\"Digitalisierung\",\"Unternehmen\"],\"articleSection\":[\"MANAGEMENT\"],\"inLanguage\":\"it-IT\"},{\"@type\":\"WebPage\",\"@id\":\"https:\\\/\\\/www.organisator.ch\\\/management\\\/2025-11-14\\\/die-digitale-schweiz-feiert-ihre-leuchttuerme-im-hallenstadion\\\/\",\"url\":\"https:\\\/\\\/www.organisator.ch\\\/management\\\/2025-11-14\\\/die-digitale-schweiz-feiert-ihre-leuchttuerme-im-hallenstadion\\\/\",\"name\":\"Die digitale Schweiz feiert ihre Leuchtt\u00fcrme im Hallenstadion - Organisator\",\"isPartOf\":{\"@id\":\"https:\\\/\\\/www.organisator.ch\\\/#website\"},\"primaryImageOfPage\":{\"@id\":\"https:\\\/\\\/www.organisator.ch\\\/management\\\/2025-11-14\\\/die-digitale-schweiz-feiert-ihre-leuchttuerme-im-hallenstadion\\\/#primaryimage\"},\"image\":{\"@id\":\"https:\\\/\\\/www.organisator.ch\\\/management\\\/2025-11-14\\\/die-digitale-schweiz-feiert-ihre-leuchttuerme-im-hallenstadion\\\/#primaryimage\"},\"thumbnailUrl\":\"https:\\\/\\\/www.organisator.ch\\\/wp-content\\\/uploads\\\/2025\\\/11\\\/Die-digitale-Schweiz-feiert-ihre-Leuchttuerme-im-Hallenstadion_Organisator.jpg\",\"datePublished\":\"2025-11-14T08:07:23+00:00\",\"description\":\"Die Schweizer Digitalwirtschaft hat am 13. November 2025 im Z\u00fcrcher Hallenstadion ihre besten Projekte und Pers\u00f6nlichkeiten ausgezeichnet.\",\"breadcrumb\":{\"@id\":\"https:\\\/\\\/www.organisator.ch\\\/management\\\/2025-11-14\\\/die-digitale-schweiz-feiert-ihre-leuchttuerme-im-hallenstadion\\\/#breadcrumb\"},\"inLanguage\":\"it-IT\",\"potentialAction\":[{\"@type\":\"ReadAction\",\"target\":[\"https:\\\/\\\/www.organisator.ch\\\/management\\\/2025-11-14\\\/die-digitale-schweiz-feiert-ihre-leuchttuerme-im-hallenstadion\\\/\"]}]},{\"@type\":\"ImageObject\",\"inLanguage\":\"it-IT\",\"@id\":\"https:\\\/\\\/www.organisator.ch\\\/management\\\/2025-11-14\\\/die-digitale-schweiz-feiert-ihre-leuchttuerme-im-hallenstadion\\\/#primaryimage\",\"url\":\"https:\\\/\\\/www.organisator.ch\\\/wp-content\\\/uploads\\\/2025\\\/11\\\/Die-digitale-Schweiz-feiert-ihre-Leuchttuerme-im-Hallenstadion_Organisator.jpg\",\"contentUrl\":\"https:\\\/\\\/www.organisator.ch\\\/wp-content\\\/uploads\\\/2025\\\/11\\\/Die-digitale-Schweiz-feiert-ihre-Leuchttuerme-im-Hallenstadion_Organisator.jpg\",\"width\":680,\"height\":453,\"caption\":\"Freude \u00fcber den Digital Economy Award 2025. (Bild: zVg \\\/ Digital Economy Award)\"},{\"@type\":\"BreadcrumbList\",\"@id\":\"https:\\\/\\\/www.organisator.ch\\\/management\\\/2025-11-14\\\/die-digitale-schweiz-feiert-ihre-leuchttuerme-im-hallenstadion\\\/#breadcrumb\",\"itemListElement\":[{\"@type\":\"ListItem\",\"position\":1,\"name\":\"Home\",\"item\":\"https:\\\/\\\/www.organisator.ch\\\/\"},{\"@type\":\"ListItem\",\"position\":2,\"name\":\"Die digitale Schweiz feiert ihre Leuchtt\u00fcrme im Hallenstadion\"}]},{\"@type\":\"WebSite\",\"@id\":\"https:\\\/\\\/www.organisator.ch\\\/#website\",\"url\":\"https:\\\/\\\/www.organisator.ch\\\/\",\"name\":\"Organisator\",\"description\":\"Kompetent. Praxisnah. Der ORGANISATOR bereitet in 10 Ausgaben pro Jahr die wesentlichen Themen f\u00fcr F\u00fchrungskr\u00e4fte von KMU auf.\",\"publisher\":{\"@id\":\"https:\\\/\\\/www.organisator.ch\\\/#organization\"},\"potentialAction\":[{\"@type\":\"SearchAction\",\"target\":{\"@type\":\"EntryPoint\",\"urlTemplate\":\"https:\\\/\\\/www.organisator.ch\\\/?s={search_term_string}\"},\"query-input\":{\"@type\":\"PropertyValueSpecification\",\"valueRequired\":true,\"valueName\":\"search_term_string\"}}],\"inLanguage\":\"it-IT\"},{\"@type\":\"Organization\",\"@id\":\"https:\\\/\\\/www.organisator.ch\\\/#organization\",\"name\":\"Organisator\",\"url\":\"https:\\\/\\\/www.organisator.ch\\\/\",\"logo\":{\"@type\":\"ImageObject\",\"inLanguage\":\"it-IT\",\"@id\":\"https:\\\/\\\/www.organisator.ch\\\/#\\\/schema\\\/logo\\\/image\\\/\",\"url\":\"https:\\\/\\\/www.organisator.ch\\\/wp-content\\\/uploads\\\/2022\\\/01\\\/Logo_Organisator_Website.png\",\"contentUrl\":\"https:\\\/\\\/www.organisator.ch\\\/wp-content\\\/uploads\\\/2022\\\/01\\\/Logo_Organisator_Website.png\",\"width\":800,\"height\":77,\"caption\":\"Organisator\"},\"image\":{\"@id\":\"https:\\\/\\\/www.organisator.ch\\\/#\\\/schema\\\/logo\\\/image\\\/\"},\"sameAs\":[\"https:\\\/\\\/www.facebook.com\\\/OrganisatorFachmagazin\",\"https:\\\/\\\/www.linkedin.com\\\/showcase\\\/organisator-das-magazin-fr-kmu\",\"https:\\\/\\\/www.xing.com\\\/news\\\/pages\\\/organisator-ch-695\",\"https:\\\/\\\/www.youtube.com\\\/channel\\\/UCGP2Sq0iWaZwT3BdIAQFYpw\"]},{\"@type\":\"Person\",\"@id\":\"https:\\\/\\\/www.organisator.ch\\\/#\\\/schema\\\/person\\\/6f650f90b2842cd4c0cc334b4e36f67e\",\"name\":\"thomas.berner\",\"image\":{\"@type\":\"ImageObject\",\"inLanguage\":\"it-IT\",\"@id\":\"https:\\\/\\\/secure.gravatar.com\\\/avatar\\\/ac5001d2a36cb6c6cd3e50789007ffca834b477b74a2144564522e944eabff61?s=96&d=mm&r=g\",\"url\":\"https:\\\/\\\/secure.gravatar.com\\\/avatar\\\/ac5001d2a36cb6c6cd3e50789007ffca834b477b74a2144564522e944eabff61?s=96&d=mm&r=g\",\"contentUrl\":\"https:\\\/\\\/secure.gravatar.com\\\/avatar\\\/ac5001d2a36cb6c6cd3e50789007ffca834b477b74a2144564522e944eabff61?s=96&d=mm&r=g\",\"caption\":\"thomas.berner\"},\"url\":\"https:\\\/\\\/www.organisator.ch\\\/it\\\/author\\\/thomas-berner\\\/\"}]}<\/script>\n<!-- \/ Yoast SEO plugin. -->","yoast_head_json":{"title":"La Svizzera digitale celebra i suoi fari all'Hallenstadion - Organizzatore","description":"L'economia digitale svizzera ha premiato i suoi migliori progetti e personalit\u00e0 il 13 novembre 2025 all'Hallenstadion di Zurigo.","robots":{"index":"index","follow":"follow","max-snippet":"max-snippet:-1","max-image-preview":"max-image-preview:large","max-video-preview":"max-video-preview:-1"},"canonical":"https:\/\/www.organisator.ch\/it\/gestione-2\/2025-11-14\/die-digitale-schweiz-feiert-ihre-leuchttuerme-im-hallenstadion\/","og_locale":"it_IT","og_type":"article","og_title":"Die digitale Schweiz feiert ihre Leuchtt\u00fcrme im Hallenstadion","og_description":"Die Schweizer Digitalwirtschaft hat am 13. November 2025 im Z\u00fcrcher Hallenstadion ihre besten Projekte und Pers\u00f6nlichkeiten ausgezeichnet.","og_url":"https:\/\/www.organisator.ch\/it\/gestione-2\/2025-11-14\/die-digitale-schweiz-feiert-ihre-leuchttuerme-im-hallenstadion\/","og_site_name":"Organisator","article_publisher":"https:\/\/www.facebook.com\/OrganisatorFachmagazin","article_published_time":"2025-11-14T08:07:23+00:00","og_image":[{"width":680,"height":453,"url":"https:\/\/www.organisator.ch\/wp-content\/uploads\/2025\/11\/Die-digitale-Schweiz-feiert-ihre-Leuchttuerme-im-Hallenstadion_Organisator.jpg","type":"image\/jpeg"}],"author":"thomas.berner","twitter_card":"summary_large_image","twitter_title":"Die digitale #Schweiz feiert ihre Leuchtt\u00fcrme im #Hallenstadion","twitter_description":"Die Schweizer #Digitalwirtschaft hat am 13. November 2025 im Z\u00fcrcher #Hallenstadion ihre besten Projekte und Pers\u00f6nlichkeiten ausgezeichnet.","twitter_image":"https:\/\/www.organisator.ch\/wp-content\/uploads\/2025\/11\/Die-digitale-Schweiz-feiert-ihre-Leuchttuerme-im-Hallenstadion_Organisator.jpg","schema":{"@context":"https:\/\/schema.org","@graph":[{"@type":"Article","@id":"https:\/\/www.organisator.ch\/management\/2025-11-14\/die-digitale-schweiz-feiert-ihre-leuchttuerme-im-hallenstadion\/#article","isPartOf":{"@id":"https:\/\/www.organisator.ch\/management\/2025-11-14\/die-digitale-schweiz-feiert-ihre-leuchttuerme-im-hallenstadion\/"},"author":{"name":"thomas.berner","@id":"https:\/\/www.organisator.ch\/#\/schema\/person\/6f650f90b2842cd4c0cc334b4e36f67e"},"headline":"Die digitale Schweiz feiert ihre Leuchtt\u00fcrme im Hallenstadion","datePublished":"2025-11-14T08:07:23+00:00","mainEntityOfPage":{"@id":"https:\/\/www.organisator.ch\/management\/2025-11-14\/die-digitale-schweiz-feiert-ihre-leuchttuerme-im-hallenstadion\/"},"wordCount":557,"publisher":{"@id":"https:\/\/www.organisator.ch\/#organization"},"image":{"@id":"https:\/\/www.organisator.ch\/management\/2025-11-14\/die-digitale-schweiz-feiert-ihre-leuchttuerme-im-hallenstadion\/#primaryimage"},"thumbnailUrl":"https:\/\/www.organisator.ch\/wp-content\/uploads\/2025\/11\/Die-digitale-Schweiz-feiert-ihre-Leuchttuerme-im-Hallenstadion_Organisator.jpg","keywords":["Awards","Business Excellence","Digitalisierung","Unternehmen"],"articleSection":["MANAGEMENT"],"inLanguage":"it-IT"},{"@type":"WebPage","@id":"https:\/\/www.organisator.ch\/management\/2025-11-14\/die-digitale-schweiz-feiert-ihre-leuchttuerme-im-hallenstadion\/","url":"https:\/\/www.organisator.ch\/management\/2025-11-14\/die-digitale-schweiz-feiert-ihre-leuchttuerme-im-hallenstadion\/","name":"La Svizzera digitale celebra i suoi fari all'Hallenstadion - Organizzatore","isPartOf":{"@id":"https:\/\/www.organisator.ch\/#website"},"primaryImageOfPage":{"@id":"https:\/\/www.organisator.ch\/management\/2025-11-14\/die-digitale-schweiz-feiert-ihre-leuchttuerme-im-hallenstadion\/#primaryimage"},"image":{"@id":"https:\/\/www.organisator.ch\/management\/2025-11-14\/die-digitale-schweiz-feiert-ihre-leuchttuerme-im-hallenstadion\/#primaryimage"},"thumbnailUrl":"https:\/\/www.organisator.ch\/wp-content\/uploads\/2025\/11\/Die-digitale-Schweiz-feiert-ihre-Leuchttuerme-im-Hallenstadion_Organisator.jpg","datePublished":"2025-11-14T08:07:23+00:00","description":"L'economia digitale svizzera ha premiato i suoi migliori progetti e personalit\u00e0 il 13 novembre 2025 all'Hallenstadion di Zurigo.","breadcrumb":{"@id":"https:\/\/www.organisator.ch\/management\/2025-11-14\/die-digitale-schweiz-feiert-ihre-leuchttuerme-im-hallenstadion\/#breadcrumb"},"inLanguage":"it-IT","potentialAction":[{"@type":"ReadAction","target":["https:\/\/www.organisator.ch\/management\/2025-11-14\/die-digitale-schweiz-feiert-ihre-leuchttuerme-im-hallenstadion\/"]}]},{"@type":"ImageObject","inLanguage":"it-IT","@id":"https:\/\/www.organisator.ch\/management\/2025-11-14\/die-digitale-schweiz-feiert-ihre-leuchttuerme-im-hallenstadion\/#primaryimage","url":"https:\/\/www.organisator.ch\/wp-content\/uploads\/2025\/11\/Die-digitale-Schweiz-feiert-ihre-Leuchttuerme-im-Hallenstadion_Organisator.jpg","contentUrl":"https:\/\/www.organisator.ch\/wp-content\/uploads\/2025\/11\/Die-digitale-Schweiz-feiert-ihre-Leuchttuerme-im-Hallenstadion_Organisator.jpg","width":680,"height":453,"caption":"Freude \u00fcber den Digital Economy Award 2025. (Bild: zVg \/ Digital Economy Award)"},{"@type":"BreadcrumbList","@id":"https:\/\/www.organisator.ch\/management\/2025-11-14\/die-digitale-schweiz-feiert-ihre-leuchttuerme-im-hallenstadion\/#breadcrumb","itemListElement":[{"@type":"ListItem","position":1,"name":"Home","item":"https:\/\/www.organisator.ch\/"},{"@type":"ListItem","position":2,"name":"Die digitale Schweiz feiert ihre Leuchtt\u00fcrme im Hallenstadion"}]},{"@type":"WebSite","@id":"https:\/\/www.organisator.ch\/#website","url":"https:\/\/www.organisator.ch\/","name":"Organizzatore","description":"Competente. Pratico. In 10 numeri all'anno, ORGANISATOR presenta i temi essenziali per i manager delle PMI.","publisher":{"@id":"https:\/\/www.organisator.ch\/#organization"},"potentialAction":[{"@type":"SearchAction","target":{"@type":"EntryPoint","urlTemplate":"https:\/\/www.organisator.ch\/?s={search_term_string}"},"query-input":{"@type":"PropertyValueSpecification","valueRequired":true,"valueName":"search_term_string"}}],"inLanguage":"it-IT"},{"@type":"Organization","@id":"https:\/\/www.organisator.ch\/#organization","name":"Organizzatore","url":"https:\/\/www.organisator.ch\/","logo":{"@type":"ImageObject","inLanguage":"it-IT","@id":"https:\/\/www.organisator.ch\/#\/schema\/logo\/image\/","url":"https:\/\/www.organisator.ch\/wp-content\/uploads\/2022\/01\/Logo_Organisator_Website.png","contentUrl":"https:\/\/www.organisator.ch\/wp-content\/uploads\/2022\/01\/Logo_Organisator_Website.png","width":800,"height":77,"caption":"Organisator"},"image":{"@id":"https:\/\/www.organisator.ch\/#\/schema\/logo\/image\/"},"sameAs":["https:\/\/www.facebook.com\/OrganisatorFachmagazin","https:\/\/www.linkedin.com\/showcase\/organisator-das-magazin-fr-kmu","https:\/\/www.xing.com\/news\/pages\/organisator-ch-695","https:\/\/www.youtube.com\/channel\/UCGP2Sq0iWaZwT3BdIAQFYpw"]},{"@type":"Person","@id":"https:\/\/www.organisator.ch\/#\/schema\/person\/6f650f90b2842cd4c0cc334b4e36f67e","name":"Tommaso.berner","image":{"@type":"ImageObject","inLanguage":"it-IT","@id":"https:\/\/secure.gravatar.com\/avatar\/ac5001d2a36cb6c6cd3e50789007ffca834b477b74a2144564522e944eabff61?s=96&d=mm&r=g","url":"https:\/\/secure.gravatar.com\/avatar\/ac5001d2a36cb6c6cd3e50789007ffca834b477b74a2144564522e944eabff61?s=96&d=mm&r=g","contentUrl":"https:\/\/secure.gravatar.com\/avatar\/ac5001d2a36cb6c6cd3e50789007ffca834b477b74a2144564522e944eabff61?s=96&d=mm&r=g","caption":"thomas.berner"},"url":"https:\/\/www.organisator.ch\/it\/author\/thomas-berner\/"}]}},"_links":{"self":[{"href":"https:\/\/www.organisator.ch\/it\/wp-json\/wp\/v2\/posts\/41998","targetHints":{"allow":["GET"]}}],"collection":[{"href":"https:\/\/www.organisator.ch\/it\/wp-json\/wp\/v2\/posts"}],"about":[{"href":"https:\/\/www.organisator.ch\/it\/wp-json\/wp\/v2\/types\/post"}],"author":[{"embeddable":true,"href":"https:\/\/www.organisator.ch\/it\/wp-json\/wp\/v2\/users\/4"}],"replies":[{"embeddable":true,"href":"https:\/\/www.organisator.ch\/it\/wp-json\/wp\/v2\/comments?post=41998"}],"version-history":[{"count":4,"href":"https:\/\/www.organisator.ch\/it\/wp-json\/wp\/v2\/posts\/41998\/revisions"}],"predecessor-version":[{"id":42030,"href":"https:\/\/www.organisator.ch\/it\/wp-json\/wp\/v2\/posts\/41998\/revisions\/42030"}],"wp:featuredmedia":[{"embeddable":true,"href":"https:\/\/www.organisator.ch\/it\/wp-json\/wp\/v2\/media\/41999"}],"wp:attachment":[{"href":"https:\/\/www.organisator.ch\/it\/wp-json\/wp\/v2\/media?parent=41998"}],"wp:term":[{"taxonomy":"category","embeddable":true,"href":"https:\/\/www.organisator.ch\/it\/wp-json\/wp\/v2\/categories?post=41998"},{"taxonomy":"post_tag","embeddable":true,"href":"https:\/\/www.organisator.ch\/it\/wp-json\/wp\/v2\/tags?post=41998"}],"curies":[{"name":"wp","href":"https:\/\/api.w.org\/{rel}","templated":true}]}}