{"id":42031,"date":"2025-11-17T13:44:00","date_gmt":"2025-11-17T12:44:00","guid":{"rendered":"https:\/\/www.organisator.ch\/?p=42031"},"modified":"2025-11-17T13:44:00","modified_gmt":"2025-11-17T12:44:00","slug":"auswertung-zeigt-berufliche-grundbildung-lohnt-sich-nach-wie-vor","status":"publish","type":"post","link":"https:\/\/www.organisator.ch\/it\/human-resources\/2025-11-17\/auswertung-zeigt-berufliche-grundbildung-lohnt-sich-nach-wie-vor\/","title":{"rendered":"La valutazione mostra: la formazione professionale di base \u00e8 ancora utile"},"content":{"rendered":"<figure id=\"attachment_42032\" aria-describedby=\"caption-attachment-42032\" style=\"width: 680px\" class=\"wp-caption alignnone\"><img loading=\"lazy\" decoding=\"async\" class=\"size-full wp-image-42032\" src=\"https:\/\/www.organisator.ch\/wp-content\/uploads\/2025\/11\/Auswertung-zeigt-Lehrlingsausbildung-lohnt-sich-nach-wie-vor_Organisator.jpg\" alt=\"\" width=\"680\" height=\"454\" srcset=\"https:\/\/www.organisator.ch\/wp-content\/uploads\/2025\/11\/Auswertung-zeigt-Lehrlingsausbildung-lohnt-sich-nach-wie-vor_Organisator.jpg 680w, https:\/\/www.organisator.ch\/wp-content\/uploads\/2025\/11\/Auswertung-zeigt-Lehrlingsausbildung-lohnt-sich-nach-wie-vor_Organisator-18x12.jpg 18w, https:\/\/www.organisator.ch\/wp-content\/uploads\/2025\/11\/Auswertung-zeigt-Lehrlingsausbildung-lohnt-sich-nach-wie-vor_Organisator-375x250.jpg 375w, https:\/\/www.organisator.ch\/wp-content\/uploads\/2025\/11\/Auswertung-zeigt-Lehrlingsausbildung-lohnt-sich-nach-wie-vor_Organisator-524x350.jpg 524w\" sizes=\"auto, (max-width: 680px) 100vw, 680px\" \/><figcaption id=\"caption-attachment-42032\" class=\"wp-caption-text\">La formazione professionale di base rimane lo strumento pi\u00f9 utile contro la carenza di competenze. (Immagine: Depositphotos.com)<\/figcaption><\/figure>\n<p>Il\u00a0<a href=\"https:\/\/arbeitgeber.us9.list-manage.com\/track\/click?u=56a31f9dc26f472dc5cbdbe11&amp;id=753d864e53&amp;e=10cd0a79ea\">La Segreteria di Stato per la formazione, la ricerca e l'innovazione (SEFRI) ha pubblicato i risultati del quinto studio costi-benefici.<\/a>\u00a0della formazione professionale di base dal punto di vista delle aziende. L'indagine fornisce risultati chiave sul rapporto tra i costi e i benefici della formazione degli apprendisti nelle aziende. I dati vengono raccolti regolarmente dal 2000 per valutare la sostenibilit\u00e0 economica dei programmi di formazione professionale duale.<\/p>\n<h3><strong>Beneficio netto dell'insegnamento confermato<\/strong><\/h3>\n<p>In media, per tutte le professioni di apprendistato, il beneficio netto medio nell'anno formativo 2022\/23 \u00e8 stato di ben 4.500 franchi svizzeri per anno di apprendistato e rapporto di apprendistato. La maggior parte degli apprendistati (circa il 71%) genera quindi un beneficio netto per l'azienda formatrice. Il beneficio netto risulta dal valore del lavoro produttivo degli apprendisti durante il periodo di formazione meno tutti i costi di formazione. Le aziende valutano il rapporto tra costi e benefici in modo altrettanto positivo: l\u201980% \u00e8 abbastanza o molto soddisfatto della formazione dei propri apprendisti.<\/p>\n<p>I risultati dei programmi di formazione professionale di base biennali e triennali sono in gran parte allo stesso livello dell'ultima rilevazione del 2016\/17. Il beneficio netto medio \u00e8 di 9.630 franchi per l'attestato professionale federale (AFC) e di 13.940 franchi per l'attestato federale di capacit\u00e0 (AFC) triennale. Per gli apprendistati quadriennali EFZ, il beneficio netto \u00e8 significativamente pi\u00f9 alto, con 17.510 franchi. Parte dell'aumento \u00e8 dovuto agli apprendistati il cui periodo di formazione \u00e8 stato esteso da tre a quattro anni.<\/p>\n<h3><strong>La qualit\u00e0 della formazione rimane prevalentemente buona<\/strong><\/h3>\n<p>I risultati illustrano anche l'elevato grado di personalizzazione della formazione professionale di base. In media, le aziende considerano l'82% dei contenuti formativi definiti nel piano di formazione rilevanti per la propria azienda. Allo stesso tempo, poco meno di un quinto delle aziende impartisce qualifiche aggiuntive che vanno oltre il piano di formazione.<\/p>\n<p>Un quadro simile emerge per la qualit\u00e0 della formazione: Oltre tre quarti delle aziende di formazione offrono una qualit\u00e0 da soddisfacente a molto buona. Nel complesso, ci\u00f2 conferma che la maggior parte delle aziende si impegna ad adempiere alle proprie responsabilit\u00e0 nella formazione duale. L'indagine mostra anche che gli apprendisti trascorrono la maggior parte del tempo al lavoro in attivit\u00e0 produttive qualificate. Questo \u00e8 molto positivo, perch\u00e9 permette loro di svolgere le attivit\u00e0 che dovrebbero padroneggiare al termine dell'apprendistato.<\/p>\n<h3><strong>La formazione professionale assicura la futura manodopera qualificata e crea valore aggiunto economico<\/strong><\/h3>\n<p>I valori estrapolati dei costi-benefici per l'intera Svizzera mostrano chiaramente l'importanza educativa ed economica della formazione degli apprendisti. Le aziende svizzere con almeno due dipendenti investono complessivamente quasi 5 miliardi di franchi svizzeri all'anno in questo settore e quindi in modo significativo nella formazione dei futuri lavoratori qualificati. I costi di formazione sono compensati dalla produzione leggermente superiore degli apprendisti, che contribuiscono alla produzione economica svizzera per circa 5,7 miliardi di franchi all'anno anche in giovane et\u00e0.<\/p>\n<p>Per il <a href=\"http:\/\/www.arbeitgeber.ch\">Associazione svizzera dei datori di lavoro<\/a>, che ha analizzato anche i risultati della SEFRI, mostra chiaramente che la formazione professionale di base non solo conviene dal punto di vista economico, ma \u00e8 anche un pilastro fondamentale per garantire una forza lavoro qualificata e un contributo importante da parte delle aziende alla futura vitalit\u00e0 dell'economia svizzera. Questo aspetto deve essere tenuto in considerazione anche in futuro, poich\u00e9 un rapporto costi-benefici negativo avrebbe un impatto negativo sulla disponibilit\u00e0 delle aziende a fornire formazione e quindi peggiorerebbe il fattore di successo del modello svizzero di formazione professionale duale, secondo quanto affermato dall'associazione nella sua dichiarazione.<\/p>","protected":false},"excerpt":{"rendered":"<p>L'ultima indagine costi-benefici dell'Istituto Federale per la Formazione Professionale (IUFFP) conferma che la formazione professionale di base conviene alle aziende formatrici. Con un beneficio netto medio di ben 4.500 franchi per anno di apprendistato, l'apprendistato rimane un pilastro centrale per garantire la forza lavoro. <\/p>","protected":false},"author":4,"featured_media":42032,"comment_status":"closed","ping_status":"closed","sticky":false,"template":"","format":"standard","meta":{"_acf_changed":false,"_yoast_wpseo_focuskw":"berufliche Grundbildung","_yoast_wpseo_metadesc":"Die neueste Kosten-Nutzen-Erhebung der Eidgen\u00f6ssischen Hochschule f\u00fcr Berufsbildung best\u00e4tigt, dass sich die berufliche Grundbildung rechnet.","articlekey":"","footnotes":""},"categories":[579],"tags":[62,5680,503],"class_list":["post-42031","post","type-post","status-publish","format-standard","has-post-thumbnail","hentry","category-human-resources","tag-aus-weiterbildung","tag-berufliche-grundbildung","tag-verbaende"],"acf":[],"yoast_head":"<!-- This site is optimized with the Yoast SEO plugin v27.5 - https:\/\/yoast.com\/product\/yoast-seo-wordpress\/ -->\n<title>Auswertung zeigt: berufliche Grundbildung lohnt sich nach wie vor - Organisator<\/title>\n<meta name=\"description\" content=\"Die neueste Kosten-Nutzen-Erhebung der Eidgen\u00f6ssischen Hochschule f\u00fcr Berufsbildung best\u00e4tigt, dass sich die berufliche Grundbildung rechnet.\" \/>\n<meta name=\"robots\" content=\"index, follow, max-snippet:-1, max-image-preview:large, max-video-preview:-1\" \/>\n<link rel=\"canonical\" href=\"https:\/\/www.organisator.ch\/it\/risorse-umane\/2025-11-17\/auswertung-zeigt-berufliche-grundbildung-lohnt-sich-nach-wie-vor\/\" \/>\n<meta property=\"og:locale\" content=\"it_IT\" \/>\n<meta property=\"og:type\" content=\"article\" \/>\n<meta property=\"og:title\" content=\"Auswertung zeigt: berufliche Grundbildung lohnt sich nach wie vor\" \/>\n<meta property=\"og:description\" content=\"Die neueste Kosten-Nutzen-Erhebung der Eidgen\u00f6ssischen Hochschule f\u00fcr Berufsbildung best\u00e4tigt, dass sich die berufliche Grundbildung rechnet.\" \/>\n<meta property=\"og:url\" content=\"https:\/\/www.organisator.ch\/it\/risorse-umane\/2025-11-17\/auswertung-zeigt-berufliche-grundbildung-lohnt-sich-nach-wie-vor\/\" \/>\n<meta property=\"og:site_name\" content=\"Organisator\" \/>\n<meta property=\"article:publisher\" content=\"https:\/\/www.facebook.com\/OrganisatorFachmagazin\" \/>\n<meta property=\"article:published_time\" content=\"2025-11-17T12:44:00+00:00\" \/>\n<meta property=\"og:image\" content=\"https:\/\/www.organisator.ch\/wp-content\/uploads\/2025\/11\/Auswertung-zeigt-Lehrlingsausbildung-lohnt-sich-nach-wie-vor_Organisator.jpg\" \/>\n\t<meta property=\"og:image:width\" content=\"680\" \/>\n\t<meta property=\"og:image:height\" content=\"454\" \/>\n\t<meta property=\"og:image:type\" content=\"image\/jpeg\" \/>\n<meta name=\"author\" content=\"thomas.berner\" \/>\n<meta name=\"twitter:card\" content=\"summary_large_image\" \/>\n<meta name=\"twitter:title\" content=\"Auswertung zeigt: berufliche #Grundbildung lohnt sich nach wie vor\" \/>\n<meta name=\"twitter:description\" content=\"Die neueste #Kosten-Nutzen-Erhebung der Eidgen\u00f6ssischen Hochschule f\u00fcr Berufsbildung best\u00e4tigt, dass sich die berufliche #Grundbildung rechnet.\" \/>\n<meta name=\"twitter:image\" content=\"https:\/\/www.organisator.ch\/wp-content\/uploads\/2025\/11\/Auswertung-zeigt-Lehrlingsausbildung-lohnt-sich-nach-wie-vor_Organisator.jpg\" \/>\n<script type=\"application\/ld+json\" class=\"yoast-schema-graph\">{\"@context\":\"https:\\\/\\\/schema.org\",\"@graph\":[{\"@type\":\"Article\",\"@id\":\"https:\\\/\\\/www.organisator.ch\\\/human-resources\\\/2025-11-17\\\/auswertung-zeigt-berufliche-grundbildung-lohnt-sich-nach-wie-vor\\\/#article\",\"isPartOf\":{\"@id\":\"https:\\\/\\\/www.organisator.ch\\\/human-resources\\\/2025-11-17\\\/auswertung-zeigt-berufliche-grundbildung-lohnt-sich-nach-wie-vor\\\/\"},\"author\":{\"name\":\"thomas.berner\",\"@id\":\"https:\\\/\\\/www.organisator.ch\\\/#\\\/schema\\\/person\\\/6f650f90b2842cd4c0cc334b4e36f67e\"},\"headline\":\"Auswertung zeigt: berufliche Grundbildung lohnt sich nach wie vor\",\"datePublished\":\"2025-11-17T12:44:00+00:00\",\"mainEntityOfPage\":{\"@id\":\"https:\\\/\\\/www.organisator.ch\\\/human-resources\\\/2025-11-17\\\/auswertung-zeigt-berufliche-grundbildung-lohnt-sich-nach-wie-vor\\\/\"},\"wordCount\":543,\"publisher\":{\"@id\":\"https:\\\/\\\/www.organisator.ch\\\/#organization\"},\"image\":{\"@id\":\"https:\\\/\\\/www.organisator.ch\\\/human-resources\\\/2025-11-17\\\/auswertung-zeigt-berufliche-grundbildung-lohnt-sich-nach-wie-vor\\\/#primaryimage\"},\"thumbnailUrl\":\"https:\\\/\\\/www.organisator.ch\\\/wp-content\\\/uploads\\\/2025\\\/11\\\/Auswertung-zeigt-Lehrlingsausbildung-lohnt-sich-nach-wie-vor_Organisator.jpg\",\"keywords\":[\"Aus-\\\/Weiterbildung\",\"berufliche Grundbildung\",\"Verb\u00e4nde\"],\"articleSection\":[\"HUMAN RESOURCES\"],\"inLanguage\":\"it-IT\"},{\"@type\":\"WebPage\",\"@id\":\"https:\\\/\\\/www.organisator.ch\\\/human-resources\\\/2025-11-17\\\/auswertung-zeigt-berufliche-grundbildung-lohnt-sich-nach-wie-vor\\\/\",\"url\":\"https:\\\/\\\/www.organisator.ch\\\/human-resources\\\/2025-11-17\\\/auswertung-zeigt-berufliche-grundbildung-lohnt-sich-nach-wie-vor\\\/\",\"name\":\"Auswertung zeigt: berufliche Grundbildung lohnt sich nach wie vor - Organisator\",\"isPartOf\":{\"@id\":\"https:\\\/\\\/www.organisator.ch\\\/#website\"},\"primaryImageOfPage\":{\"@id\":\"https:\\\/\\\/www.organisator.ch\\\/human-resources\\\/2025-11-17\\\/auswertung-zeigt-berufliche-grundbildung-lohnt-sich-nach-wie-vor\\\/#primaryimage\"},\"image\":{\"@id\":\"https:\\\/\\\/www.organisator.ch\\\/human-resources\\\/2025-11-17\\\/auswertung-zeigt-berufliche-grundbildung-lohnt-sich-nach-wie-vor\\\/#primaryimage\"},\"thumbnailUrl\":\"https:\\\/\\\/www.organisator.ch\\\/wp-content\\\/uploads\\\/2025\\\/11\\\/Auswertung-zeigt-Lehrlingsausbildung-lohnt-sich-nach-wie-vor_Organisator.jpg\",\"datePublished\":\"2025-11-17T12:44:00+00:00\",\"description\":\"Die neueste Kosten-Nutzen-Erhebung der Eidgen\u00f6ssischen Hochschule f\u00fcr Berufsbildung best\u00e4tigt, dass sich die berufliche Grundbildung rechnet.\",\"breadcrumb\":{\"@id\":\"https:\\\/\\\/www.organisator.ch\\\/human-resources\\\/2025-11-17\\\/auswertung-zeigt-berufliche-grundbildung-lohnt-sich-nach-wie-vor\\\/#breadcrumb\"},\"inLanguage\":\"it-IT\",\"potentialAction\":[{\"@type\":\"ReadAction\",\"target\":[\"https:\\\/\\\/www.organisator.ch\\\/human-resources\\\/2025-11-17\\\/auswertung-zeigt-berufliche-grundbildung-lohnt-sich-nach-wie-vor\\\/\"]}]},{\"@type\":\"ImageObject\",\"inLanguage\":\"it-IT\",\"@id\":\"https:\\\/\\\/www.organisator.ch\\\/human-resources\\\/2025-11-17\\\/auswertung-zeigt-berufliche-grundbildung-lohnt-sich-nach-wie-vor\\\/#primaryimage\",\"url\":\"https:\\\/\\\/www.organisator.ch\\\/wp-content\\\/uploads\\\/2025\\\/11\\\/Auswertung-zeigt-Lehrlingsausbildung-lohnt-sich-nach-wie-vor_Organisator.jpg\",\"contentUrl\":\"https:\\\/\\\/www.organisator.ch\\\/wp-content\\\/uploads\\\/2025\\\/11\\\/Auswertung-zeigt-Lehrlingsausbildung-lohnt-sich-nach-wie-vor_Organisator.jpg\",\"width\":680,\"height\":454,\"caption\":\"Die berufliche Grundbildung bleibt das n\u00fctzlichste Instrument gegen Fachkr\u00e4ftemangel. (Bild: Depositphotos.com)\"},{\"@type\":\"BreadcrumbList\",\"@id\":\"https:\\\/\\\/www.organisator.ch\\\/human-resources\\\/2025-11-17\\\/auswertung-zeigt-berufliche-grundbildung-lohnt-sich-nach-wie-vor\\\/#breadcrumb\",\"itemListElement\":[{\"@type\":\"ListItem\",\"position\":1,\"name\":\"Home\",\"item\":\"https:\\\/\\\/www.organisator.ch\\\/\"},{\"@type\":\"ListItem\",\"position\":2,\"name\":\"Auswertung zeigt: berufliche Grundbildung lohnt sich nach wie vor\"}]},{\"@type\":\"WebSite\",\"@id\":\"https:\\\/\\\/www.organisator.ch\\\/#website\",\"url\":\"https:\\\/\\\/www.organisator.ch\\\/\",\"name\":\"Organisator\",\"description\":\"Kompetent. Praxisnah. Der ORGANISATOR bereitet in 10 Ausgaben pro Jahr die wesentlichen Themen f\u00fcr F\u00fchrungskr\u00e4fte von KMU auf.\",\"publisher\":{\"@id\":\"https:\\\/\\\/www.organisator.ch\\\/#organization\"},\"potentialAction\":[{\"@type\":\"SearchAction\",\"target\":{\"@type\":\"EntryPoint\",\"urlTemplate\":\"https:\\\/\\\/www.organisator.ch\\\/?s={search_term_string}\"},\"query-input\":{\"@type\":\"PropertyValueSpecification\",\"valueRequired\":true,\"valueName\":\"search_term_string\"}}],\"inLanguage\":\"it-IT\"},{\"@type\":\"Organization\",\"@id\":\"https:\\\/\\\/www.organisator.ch\\\/#organization\",\"name\":\"Organisator\",\"url\":\"https:\\\/\\\/www.organisator.ch\\\/\",\"logo\":{\"@type\":\"ImageObject\",\"inLanguage\":\"it-IT\",\"@id\":\"https:\\\/\\\/www.organisator.ch\\\/#\\\/schema\\\/logo\\\/image\\\/\",\"url\":\"https:\\\/\\\/www.organisator.ch\\\/wp-content\\\/uploads\\\/2022\\\/01\\\/Logo_Organisator_Website.png\",\"contentUrl\":\"https:\\\/\\\/www.organisator.ch\\\/wp-content\\\/uploads\\\/2022\\\/01\\\/Logo_Organisator_Website.png\",\"width\":800,\"height\":77,\"caption\":\"Organisator\"},\"image\":{\"@id\":\"https:\\\/\\\/www.organisator.ch\\\/#\\\/schema\\\/logo\\\/image\\\/\"},\"sameAs\":[\"https:\\\/\\\/www.facebook.com\\\/OrganisatorFachmagazin\",\"https:\\\/\\\/www.linkedin.com\\\/showcase\\\/organisator-das-magazin-fr-kmu\",\"https:\\\/\\\/www.xing.com\\\/news\\\/pages\\\/organisator-ch-695\",\"https:\\\/\\\/www.youtube.com\\\/channel\\\/UCGP2Sq0iWaZwT3BdIAQFYpw\"]},{\"@type\":\"Person\",\"@id\":\"https:\\\/\\\/www.organisator.ch\\\/#\\\/schema\\\/person\\\/6f650f90b2842cd4c0cc334b4e36f67e\",\"name\":\"thomas.berner\",\"image\":{\"@type\":\"ImageObject\",\"inLanguage\":\"it-IT\",\"@id\":\"https:\\\/\\\/secure.gravatar.com\\\/avatar\\\/ac5001d2a36cb6c6cd3e50789007ffca834b477b74a2144564522e944eabff61?s=96&d=mm&r=g\",\"url\":\"https:\\\/\\\/secure.gravatar.com\\\/avatar\\\/ac5001d2a36cb6c6cd3e50789007ffca834b477b74a2144564522e944eabff61?s=96&d=mm&r=g\",\"contentUrl\":\"https:\\\/\\\/secure.gravatar.com\\\/avatar\\\/ac5001d2a36cb6c6cd3e50789007ffca834b477b74a2144564522e944eabff61?s=96&d=mm&r=g\",\"caption\":\"thomas.berner\"},\"url\":\"https:\\\/\\\/www.organisator.ch\\\/it\\\/author\\\/thomas-berner\\\/\"}]}<\/script>\n<!-- \/ Yoast SEO plugin. -->","yoast_head_json":{"title":"La valutazione dimostra che la formazione professionale di base \u00e8 ancora utile - Organizzatore","description":"L'ultima indagine costi-benefici dell'Istituto Federale per la Formazione Professionale conferma che la formazione professionale di base conviene.","robots":{"index":"index","follow":"follow","max-snippet":"max-snippet:-1","max-image-preview":"max-image-preview:large","max-video-preview":"max-video-preview:-1"},"canonical":"https:\/\/www.organisator.ch\/it\/risorse-umane\/2025-11-17\/auswertung-zeigt-berufliche-grundbildung-lohnt-sich-nach-wie-vor\/","og_locale":"it_IT","og_type":"article","og_title":"Auswertung zeigt: berufliche Grundbildung lohnt sich nach wie vor","og_description":"Die neueste Kosten-Nutzen-Erhebung der Eidgen\u00f6ssischen Hochschule f\u00fcr Berufsbildung best\u00e4tigt, dass sich die berufliche Grundbildung rechnet.","og_url":"https:\/\/www.organisator.ch\/it\/risorse-umane\/2025-11-17\/auswertung-zeigt-berufliche-grundbildung-lohnt-sich-nach-wie-vor\/","og_site_name":"Organisator","article_publisher":"https:\/\/www.facebook.com\/OrganisatorFachmagazin","article_published_time":"2025-11-17T12:44:00+00:00","og_image":[{"width":680,"height":454,"url":"https:\/\/www.organisator.ch\/wp-content\/uploads\/2025\/11\/Auswertung-zeigt-Lehrlingsausbildung-lohnt-sich-nach-wie-vor_Organisator.jpg","type":"image\/jpeg"}],"author":"thomas.berner","twitter_card":"summary_large_image","twitter_title":"Auswertung zeigt: berufliche #Grundbildung lohnt sich nach wie vor","twitter_description":"Die neueste #Kosten-Nutzen-Erhebung der Eidgen\u00f6ssischen Hochschule f\u00fcr Berufsbildung best\u00e4tigt, dass sich die berufliche #Grundbildung rechnet.","twitter_image":"https:\/\/www.organisator.ch\/wp-content\/uploads\/2025\/11\/Auswertung-zeigt-Lehrlingsausbildung-lohnt-sich-nach-wie-vor_Organisator.jpg","schema":{"@context":"https:\/\/schema.org","@graph":[{"@type":"Article","@id":"https:\/\/www.organisator.ch\/human-resources\/2025-11-17\/auswertung-zeigt-berufliche-grundbildung-lohnt-sich-nach-wie-vor\/#article","isPartOf":{"@id":"https:\/\/www.organisator.ch\/human-resources\/2025-11-17\/auswertung-zeigt-berufliche-grundbildung-lohnt-sich-nach-wie-vor\/"},"author":{"name":"thomas.berner","@id":"https:\/\/www.organisator.ch\/#\/schema\/person\/6f650f90b2842cd4c0cc334b4e36f67e"},"headline":"Auswertung zeigt: berufliche Grundbildung lohnt sich nach wie vor","datePublished":"2025-11-17T12:44:00+00:00","mainEntityOfPage":{"@id":"https:\/\/www.organisator.ch\/human-resources\/2025-11-17\/auswertung-zeigt-berufliche-grundbildung-lohnt-sich-nach-wie-vor\/"},"wordCount":543,"publisher":{"@id":"https:\/\/www.organisator.ch\/#organization"},"image":{"@id":"https:\/\/www.organisator.ch\/human-resources\/2025-11-17\/auswertung-zeigt-berufliche-grundbildung-lohnt-sich-nach-wie-vor\/#primaryimage"},"thumbnailUrl":"https:\/\/www.organisator.ch\/wp-content\/uploads\/2025\/11\/Auswertung-zeigt-Lehrlingsausbildung-lohnt-sich-nach-wie-vor_Organisator.jpg","keywords":["Aus-\/Weiterbildung","berufliche Grundbildung","Verb\u00e4nde"],"articleSection":["HUMAN RESOURCES"],"inLanguage":"it-IT"},{"@type":"WebPage","@id":"https:\/\/www.organisator.ch\/human-resources\/2025-11-17\/auswertung-zeigt-berufliche-grundbildung-lohnt-sich-nach-wie-vor\/","url":"https:\/\/www.organisator.ch\/human-resources\/2025-11-17\/auswertung-zeigt-berufliche-grundbildung-lohnt-sich-nach-wie-vor\/","name":"La valutazione dimostra che la formazione professionale di base \u00e8 ancora utile - Organizzatore","isPartOf":{"@id":"https:\/\/www.organisator.ch\/#website"},"primaryImageOfPage":{"@id":"https:\/\/www.organisator.ch\/human-resources\/2025-11-17\/auswertung-zeigt-berufliche-grundbildung-lohnt-sich-nach-wie-vor\/#primaryimage"},"image":{"@id":"https:\/\/www.organisator.ch\/human-resources\/2025-11-17\/auswertung-zeigt-berufliche-grundbildung-lohnt-sich-nach-wie-vor\/#primaryimage"},"thumbnailUrl":"https:\/\/www.organisator.ch\/wp-content\/uploads\/2025\/11\/Auswertung-zeigt-Lehrlingsausbildung-lohnt-sich-nach-wie-vor_Organisator.jpg","datePublished":"2025-11-17T12:44:00+00:00","description":"L'ultima indagine costi-benefici dell'Istituto Federale per la Formazione Professionale conferma che la formazione professionale di base conviene.","breadcrumb":{"@id":"https:\/\/www.organisator.ch\/human-resources\/2025-11-17\/auswertung-zeigt-berufliche-grundbildung-lohnt-sich-nach-wie-vor\/#breadcrumb"},"inLanguage":"it-IT","potentialAction":[{"@type":"ReadAction","target":["https:\/\/www.organisator.ch\/human-resources\/2025-11-17\/auswertung-zeigt-berufliche-grundbildung-lohnt-sich-nach-wie-vor\/"]}]},{"@type":"ImageObject","inLanguage":"it-IT","@id":"https:\/\/www.organisator.ch\/human-resources\/2025-11-17\/auswertung-zeigt-berufliche-grundbildung-lohnt-sich-nach-wie-vor\/#primaryimage","url":"https:\/\/www.organisator.ch\/wp-content\/uploads\/2025\/11\/Auswertung-zeigt-Lehrlingsausbildung-lohnt-sich-nach-wie-vor_Organisator.jpg","contentUrl":"https:\/\/www.organisator.ch\/wp-content\/uploads\/2025\/11\/Auswertung-zeigt-Lehrlingsausbildung-lohnt-sich-nach-wie-vor_Organisator.jpg","width":680,"height":454,"caption":"Die berufliche Grundbildung bleibt das n\u00fctzlichste Instrument gegen Fachkr\u00e4ftemangel. (Bild: Depositphotos.com)"},{"@type":"BreadcrumbList","@id":"https:\/\/www.organisator.ch\/human-resources\/2025-11-17\/auswertung-zeigt-berufliche-grundbildung-lohnt-sich-nach-wie-vor\/#breadcrumb","itemListElement":[{"@type":"ListItem","position":1,"name":"Home","item":"https:\/\/www.organisator.ch\/"},{"@type":"ListItem","position":2,"name":"Auswertung zeigt: berufliche Grundbildung lohnt sich nach wie vor"}]},{"@type":"WebSite","@id":"https:\/\/www.organisator.ch\/#website","url":"https:\/\/www.organisator.ch\/","name":"Organizzatore","description":"Competente. Pratico. In 10 numeri all'anno, ORGANISATOR presenta i temi essenziali per i manager delle PMI.","publisher":{"@id":"https:\/\/www.organisator.ch\/#organization"},"potentialAction":[{"@type":"SearchAction","target":{"@type":"EntryPoint","urlTemplate":"https:\/\/www.organisator.ch\/?s={search_term_string}"},"query-input":{"@type":"PropertyValueSpecification","valueRequired":true,"valueName":"search_term_string"}}],"inLanguage":"it-IT"},{"@type":"Organization","@id":"https:\/\/www.organisator.ch\/#organization","name":"Organizzatore","url":"https:\/\/www.organisator.ch\/","logo":{"@type":"ImageObject","inLanguage":"it-IT","@id":"https:\/\/www.organisator.ch\/#\/schema\/logo\/image\/","url":"https:\/\/www.organisator.ch\/wp-content\/uploads\/2022\/01\/Logo_Organisator_Website.png","contentUrl":"https:\/\/www.organisator.ch\/wp-content\/uploads\/2022\/01\/Logo_Organisator_Website.png","width":800,"height":77,"caption":"Organisator"},"image":{"@id":"https:\/\/www.organisator.ch\/#\/schema\/logo\/image\/"},"sameAs":["https:\/\/www.facebook.com\/OrganisatorFachmagazin","https:\/\/www.linkedin.com\/showcase\/organisator-das-magazin-fr-kmu","https:\/\/www.xing.com\/news\/pages\/organisator-ch-695","https:\/\/www.youtube.com\/channel\/UCGP2Sq0iWaZwT3BdIAQFYpw"]},{"@type":"Person","@id":"https:\/\/www.organisator.ch\/#\/schema\/person\/6f650f90b2842cd4c0cc334b4e36f67e","name":"Tommaso.berner","image":{"@type":"ImageObject","inLanguage":"it-IT","@id":"https:\/\/secure.gravatar.com\/avatar\/ac5001d2a36cb6c6cd3e50789007ffca834b477b74a2144564522e944eabff61?s=96&d=mm&r=g","url":"https:\/\/secure.gravatar.com\/avatar\/ac5001d2a36cb6c6cd3e50789007ffca834b477b74a2144564522e944eabff61?s=96&d=mm&r=g","contentUrl":"https:\/\/secure.gravatar.com\/avatar\/ac5001d2a36cb6c6cd3e50789007ffca834b477b74a2144564522e944eabff61?s=96&d=mm&r=g","caption":"thomas.berner"},"url":"https:\/\/www.organisator.ch\/it\/author\/thomas-berner\/"}]}},"_links":{"self":[{"href":"https:\/\/www.organisator.ch\/it\/wp-json\/wp\/v2\/posts\/42031","targetHints":{"allow":["GET"]}}],"collection":[{"href":"https:\/\/www.organisator.ch\/it\/wp-json\/wp\/v2\/posts"}],"about":[{"href":"https:\/\/www.organisator.ch\/it\/wp-json\/wp\/v2\/types\/post"}],"author":[{"embeddable":true,"href":"https:\/\/www.organisator.ch\/it\/wp-json\/wp\/v2\/users\/4"}],"replies":[{"embeddable":true,"href":"https:\/\/www.organisator.ch\/it\/wp-json\/wp\/v2\/comments?post=42031"}],"version-history":[{"count":3,"href":"https:\/\/www.organisator.ch\/it\/wp-json\/wp\/v2\/posts\/42031\/revisions"}],"predecessor-version":[{"id":42043,"href":"https:\/\/www.organisator.ch\/it\/wp-json\/wp\/v2\/posts\/42031\/revisions\/42043"}],"wp:featuredmedia":[{"embeddable":true,"href":"https:\/\/www.organisator.ch\/it\/wp-json\/wp\/v2\/media\/42032"}],"wp:attachment":[{"href":"https:\/\/www.organisator.ch\/it\/wp-json\/wp\/v2\/media?parent=42031"}],"wp:term":[{"taxonomy":"category","embeddable":true,"href":"https:\/\/www.organisator.ch\/it\/wp-json\/wp\/v2\/categories?post=42031"},{"taxonomy":"post_tag","embeddable":true,"href":"https:\/\/www.organisator.ch\/it\/wp-json\/wp\/v2\/tags?post=42031"}],"curies":[{"name":"wp","href":"https:\/\/api.w.org\/{rel}","templated":true}]}}