{"id":42086,"date":"2025-11-20T08:04:38","date_gmt":"2025-11-20T07:04:38","guid":{"rendered":"https:\/\/www.markt-kom.com\/?p=246425"},"modified":"2025-11-20T11:51:39","modified_gmt":"2025-11-20T10:51:39","slug":"generationenwechsel-im-hause-wanner","status":"publish","type":"post","link":"https:\/\/www.organisator.ch\/it\/marketing\/2025-11-20\/generationenwechsel-im-hause-wanner\/","title":{"rendered":"Cambio generazionale nella ditta Wanner"},"content":{"rendered":"<div class=\"news-header-wrapper\">\r\n<div class=\"news-header\">\r\n<div class=\"f-field-news-date\"><img class=\"alignnone size-large wp-image-246427\" src=\"https:\/\/www.markt-kom.com\/wp-content\/uploads\/2025\/11\/wannerfamilie-1024x683.jpeg\" sizes=\"(max-width: 768px) 100vw, 768px\" srcset=\"https:\/\/www.markt-kom.com\/wp-content\/uploads\/2025\/11\/wannerfamilie-1024x683.jpeg 1024w, https:\/\/www.markt-kom.com\/wp-content\/uploads\/2025\/11\/wannerfamilie-600x400.jpeg 600w, https:\/\/www.markt-kom.com\/wp-content\/uploads\/2025\/11\/wannerfamilie-768x512.jpeg 768w, https:\/\/www.markt-kom.com\/wp-content\/uploads\/2025\/11\/wannerfamilie-1536x1024.jpeg 1536w, https:\/\/www.markt-kom.com\/wp-content\/uploads\/2025\/11\/wannerfamilie-18x12.jpeg 18w, https:\/\/www.markt-kom.com\/wp-content\/uploads\/2025\/11\/wannerfamilie-263x175.jpeg 263w, https:\/\/www.markt-kom.com\/wp-content\/uploads\/2025\/11\/wannerfamilie-525x350.jpeg 525w, https:\/\/www.markt-kom.com\/wp-content\/uploads\/2025\/11\/wannerfamilie-1000x667.jpeg 1000w, https:\/\/www.markt-kom.com\/wp-content\/uploads\/2025\/11\/wannerfamilie-scaled.jpeg 1400w\" alt=\"\" width=\"768\" height=\"512\" \/><\/div>\r\n<\/div>\r\n<\/div>\r\n<div class=\"news-content\">\r\n<div class=\"f-field-news-content multiple\">\r\n<div class=\"paragraph--type--text text-small-0\">\r\n<div class=\"pc\">\r\n<div class=\"f-field-long-text\">\r\n<p>Cambio generazionale in casa Wanner: dopo che i due figli Michael e Florian Wanner hanno assunto la direzione operativa di CH Media due anni e mezzo fa, l'editore Peter Wanner (81) ha deciso, nell'ambito di una soluzione di successione anticipata, di cedere l'azienda mediatica ai due figli e alla figlia Anna. Tutti e tre i figli dell'editore ricoprono posizioni di responsabilit\u00e0 nell'azienda. La figlia Caroline, medico praticante, ha rinunciato a una partecipazione.<\/p>\r\n<p>\u00c8 stato concordato di mantenere il riserbo sul prezzo di vendita. L'editore Peter Wanner rimane presidente del consiglio di amministrazione. Per consentire un processo decisionale chiaro tra i nuovi proprietari, Michael Wanner, attuale CEO di CH Media, ottiene la maggioranza dei voti.<\/p>\r\n<p><strong>La quinta generazione prende il comando<\/strong><\/p>\r\n<p>Con questa successione, la quinta generazione di editori assume ora la responsabilit\u00e0 dell'azienda mediatica. Il fondatore dell\u00ab\u00bbAargauer Zeitung\u00ab (1836) e primo editore fu Josef Zehnder (1810-1896), che fu anche sindaco di Baden (1863-1881). Due anni prima della sua morte, l'azienda giornalistica pass\u00f2 al nipote Otto Wanner sen., nel 1938 ai figli Eugen e Otto Wanner e dal 1956 Otto Wanner diresse l'azienda da solo. Con la fusione di AT e BT nella \u00bbAargauer Zeitung\u00bb nel 1996, Peter Wanner, che in precedenza aveva diretto l'azienda giornalistica di Baden, assunse la guida e la responsabilit\u00e0.<\/p>\r\n<p><strong>Soluzione consensuale<\/strong><\/p>\r\n<p>La divisione ereditaria \u00e8 stata concordata di comune accordo. L'editore Peter Wanner: \u00abNe sono particolarmente orgoglioso. Per mesi abbiamo discusso e valutato diverse opzioni con la famiglia, avvalendoci della consulenza di esperti esterni. Alla fine, tutti e quattro i figli hanno approvato la soluzione concordata. Cosa si pu\u00f2 desiderare di pi\u00f9 come padre?\u00bb<\/p>\r\n<p>Il CEO Michael Wanner: \u00abMio padre ha fondato l'azienda e l'ha portata alle dimensioni attuali. Gli siamo profondamente grati. Siamo consapevoli della particolare responsabilit\u00e0 che ci ha ora affidato. Siamo lieti di gestire l'azienda insieme a lui e continueremo a contare sulla sua esperienza e sui suoi consigli\u00bb.\u00bb<\/p>\r\n<p>Il gruppo mediatico CH Media, di cui la NZZ detiene il 35%, comprende 18 quotidiani con i relativi portali online, tra cui l\u00ab\u00bbAargauer Zeitung\u00ab, la \u00bbLuzerner Zeitung\u00ab e lo \u00bbSt. Galler Tagblatt\u00ab, il settimanale \u00bbSchweiz am Wochenende\u00bb, 10 giornali locali, 12 emittenti radiofoniche, tre emittenti televisive regionali e otto emittenti televisive nazionali, nonch\u00e9 tre tipografie. Ne fa parte anche il portale di notizie watson. L'intera azienda mediatica realizza un fatturato di circa 400 milioni di franchi. Per quanto riguarda le quote di mercato, CH Media \u00e8 il numero 1 nella Svizzera tedesca per i giornali, il numero 1 per le radio private e le emittenti televisive private e il numero 3 per i portali di notizie privati.<\/p>\r\n<\/div>\r\n<\/div>\r\n<\/div>\r\n<\/div>\r\n<\/div>","protected":false},"excerpt":{"rendered":"<p>Peter Wanner, editore e proprietario di AZ Medien AG, che detiene il 65% di CH Media Holding AG, ha venduto l'azienda mediatica da lui fondata ai figli Michael e Florian e alla figlia Anna. Michael Wanner, CEO di CH Media, ottiene la maggioranza dei voti. Peter Wanner rimane editore e presidente del consiglio di amministrazione.<\/p>","protected":false},"author":8,"featured_media":0,"comment_status":"closed","ping_status":"closed","sticky":false,"template":"","format":"standard","meta":{"_acf_changed":false,"_yoast_wpseo_focuskw":"Generationenwechsel","_yoast_wpseo_metadesc":"Generationenwechsel: Verleger Peter Wanner hat sein Medienunternehmen an seine S\u00f6hne Michael und Florian und an Tochter Anna verkauft.","articlekey":"","footnotes":""},"categories":[29],"tags":[335,4343,357,381],"class_list":["post-42086","post","type-post","status-publish","format-standard","hentry","category-marketing","tag-management-und-unternehmensfuehrung","tag-markom","tag-nachfolgeregelung","tag-personalia"],"acf":[],"yoast_head":"<!-- This site is optimized with the Yoast SEO plugin v27.4 - https:\/\/yoast.com\/product\/yoast-seo-wordpress\/ -->\n<title>Generationenwechsel im Hause Wanner - Organisator<\/title>\n<meta name=\"description\" content=\"Generationenwechsel: Verleger Peter Wanner hat sein Medienunternehmen an seine S\u00f6hne Michael und Florian und an Tochter Anna verkauft.\" \/>\n<meta name=\"robots\" content=\"index, follow, max-snippet:-1, max-image-preview:large, max-video-preview:-1\" \/>\n<link rel=\"canonical\" href=\"https:\/\/www.organisator.ch\/it\/marketing\/2025-11-20\/generationenwechsel-im-hause-wanner\/\" \/>\n<meta property=\"og:locale\" content=\"it_IT\" \/>\n<meta property=\"og:type\" content=\"article\" \/>\n<meta property=\"og:title\" content=\"Generationenwechsel im Hause Wanner - Organisator\" \/>\n<meta property=\"og:description\" content=\"Generationenwechsel: Verleger Peter Wanner hat sein Medienunternehmen an seine S\u00f6hne Michael und Florian und an Tochter Anna verkauft.\" \/>\n<meta property=\"og:url\" content=\"https:\/\/www.organisator.ch\/it\/marketing\/2025-11-20\/generationenwechsel-im-hause-wanner\/\" \/>\n<meta property=\"og:site_name\" content=\"Organisator\" \/>\n<meta property=\"article:publisher\" content=\"https:\/\/www.facebook.com\/OrganisatorFachmagazin\" \/>\n<meta property=\"article:published_time\" content=\"2025-11-20T07:04:38+00:00\" \/>\n<meta property=\"article:modified_time\" content=\"2025-11-20T10:51:39+00:00\" \/>\n<meta name=\"author\" content=\"galledia\" \/>\n<meta name=\"twitter:card\" content=\"summary_large_image\" \/>\n<meta name=\"twitter:creator\" content=\"@admin\" \/>\n<script type=\"application\/ld+json\" class=\"yoast-schema-graph\">{\"@context\":\"https:\\\/\\\/schema.org\",\"@graph\":[{\"@type\":\"Article\",\"@id\":\"https:\\\/\\\/www.organisator.ch\\\/marketing\\\/2025-11-20\\\/generationenwechsel-im-hause-wanner\\\/#article\",\"isPartOf\":{\"@id\":\"https:\\\/\\\/www.organisator.ch\\\/marketing\\\/2025-11-20\\\/generationenwechsel-im-hause-wanner\\\/\"},\"author\":{\"name\":\"galledia\",\"@id\":\"https:\\\/\\\/www.organisator.ch\\\/#\\\/schema\\\/person\\\/4e51799071cd2dd1232ac003643ef5f0\"},\"headline\":\"Generationenwechsel im Hause Wanner\",\"datePublished\":\"2025-11-20T07:04:38+00:00\",\"dateModified\":\"2025-11-20T10:51:39+00:00\",\"mainEntityOfPage\":{\"@id\":\"https:\\\/\\\/www.organisator.ch\\\/marketing\\\/2025-11-20\\\/generationenwechsel-im-hause-wanner\\\/\"},\"wordCount\":423,\"publisher\":{\"@id\":\"https:\\\/\\\/www.organisator.ch\\\/#organization\"},\"image\":{\"@id\":\"https:\\\/\\\/www.organisator.ch\\\/marketing\\\/2025-11-20\\\/generationenwechsel-im-hause-wanner\\\/#primaryimage\"},\"thumbnailUrl\":\"https:\\\/\\\/www.markt-kom.com\\\/wp-content\\\/uploads\\\/2025\\\/11\\\/wannerfamilie-1024x683.jpeg\",\"keywords\":[\"Management und Unternehmensf\u00fchrung\",\"MarKom\",\"Nachfolgeregelung\",\"Personalia\"],\"articleSection\":[\"MARKETING\"],\"inLanguage\":\"it-IT\"},{\"@type\":\"WebPage\",\"@id\":\"https:\\\/\\\/www.organisator.ch\\\/marketing\\\/2025-11-20\\\/generationenwechsel-im-hause-wanner\\\/\",\"url\":\"https:\\\/\\\/www.organisator.ch\\\/marketing\\\/2025-11-20\\\/generationenwechsel-im-hause-wanner\\\/\",\"name\":\"Generationenwechsel im Hause Wanner - Organisator\",\"isPartOf\":{\"@id\":\"https:\\\/\\\/www.organisator.ch\\\/#website\"},\"primaryImageOfPage\":{\"@id\":\"https:\\\/\\\/www.organisator.ch\\\/marketing\\\/2025-11-20\\\/generationenwechsel-im-hause-wanner\\\/#primaryimage\"},\"image\":{\"@id\":\"https:\\\/\\\/www.organisator.ch\\\/marketing\\\/2025-11-20\\\/generationenwechsel-im-hause-wanner\\\/#primaryimage\"},\"thumbnailUrl\":\"https:\\\/\\\/www.markt-kom.com\\\/wp-content\\\/uploads\\\/2025\\\/11\\\/wannerfamilie-1024x683.jpeg\",\"datePublished\":\"2025-11-20T07:04:38+00:00\",\"dateModified\":\"2025-11-20T10:51:39+00:00\",\"description\":\"Generationenwechsel: Verleger Peter Wanner hat sein Medienunternehmen an seine S\u00f6hne Michael und Florian und an Tochter Anna verkauft.\",\"breadcrumb\":{\"@id\":\"https:\\\/\\\/www.organisator.ch\\\/marketing\\\/2025-11-20\\\/generationenwechsel-im-hause-wanner\\\/#breadcrumb\"},\"inLanguage\":\"it-IT\",\"potentialAction\":[{\"@type\":\"ReadAction\",\"target\":[\"https:\\\/\\\/www.organisator.ch\\\/marketing\\\/2025-11-20\\\/generationenwechsel-im-hause-wanner\\\/\"]}]},{\"@type\":\"ImageObject\",\"inLanguage\":\"it-IT\",\"@id\":\"https:\\\/\\\/www.organisator.ch\\\/marketing\\\/2025-11-20\\\/generationenwechsel-im-hause-wanner\\\/#primaryimage\",\"url\":\"https:\\\/\\\/www.markt-kom.com\\\/wp-content\\\/uploads\\\/2025\\\/11\\\/wannerfamilie-1024x683.jpeg\",\"contentUrl\":\"https:\\\/\\\/www.markt-kom.com\\\/wp-content\\\/uploads\\\/2025\\\/11\\\/wannerfamilie-1024x683.jpeg\"},{\"@type\":\"BreadcrumbList\",\"@id\":\"https:\\\/\\\/www.organisator.ch\\\/marketing\\\/2025-11-20\\\/generationenwechsel-im-hause-wanner\\\/#breadcrumb\",\"itemListElement\":[{\"@type\":\"ListItem\",\"position\":1,\"name\":\"Home\",\"item\":\"https:\\\/\\\/www.organisator.ch\\\/\"},{\"@type\":\"ListItem\",\"position\":2,\"name\":\"Generationenwechsel im Hause Wanner\"}]},{\"@type\":\"WebSite\",\"@id\":\"https:\\\/\\\/www.organisator.ch\\\/#website\",\"url\":\"https:\\\/\\\/www.organisator.ch\\\/\",\"name\":\"Organisator\",\"description\":\"Kompetent. Praxisnah. Der ORGANISATOR bereitet in 10 Ausgaben pro Jahr die wesentlichen Themen f\u00fcr F\u00fchrungskr\u00e4fte von KMU auf.\",\"publisher\":{\"@id\":\"https:\\\/\\\/www.organisator.ch\\\/#organization\"},\"potentialAction\":[{\"@type\":\"SearchAction\",\"target\":{\"@type\":\"EntryPoint\",\"urlTemplate\":\"https:\\\/\\\/www.organisator.ch\\\/?s={search_term_string}\"},\"query-input\":{\"@type\":\"PropertyValueSpecification\",\"valueRequired\":true,\"valueName\":\"search_term_string\"}}],\"inLanguage\":\"it-IT\"},{\"@type\":\"Organization\",\"@id\":\"https:\\\/\\\/www.organisator.ch\\\/#organization\",\"name\":\"Organisator\",\"url\":\"https:\\\/\\\/www.organisator.ch\\\/\",\"logo\":{\"@type\":\"ImageObject\",\"inLanguage\":\"it-IT\",\"@id\":\"https:\\\/\\\/www.organisator.ch\\\/#\\\/schema\\\/logo\\\/image\\\/\",\"url\":\"https:\\\/\\\/www.organisator.ch\\\/wp-content\\\/uploads\\\/2022\\\/01\\\/Logo_Organisator_Website.png\",\"contentUrl\":\"https:\\\/\\\/www.organisator.ch\\\/wp-content\\\/uploads\\\/2022\\\/01\\\/Logo_Organisator_Website.png\",\"width\":800,\"height\":77,\"caption\":\"Organisator\"},\"image\":{\"@id\":\"https:\\\/\\\/www.organisator.ch\\\/#\\\/schema\\\/logo\\\/image\\\/\"},\"sameAs\":[\"https:\\\/\\\/www.facebook.com\\\/OrganisatorFachmagazin\",\"https:\\\/\\\/www.linkedin.com\\\/showcase\\\/organisator-das-magazin-fr-kmu\",\"https:\\\/\\\/www.xing.com\\\/news\\\/pages\\\/organisator-ch-695\",\"https:\\\/\\\/www.youtube.com\\\/channel\\\/UCGP2Sq0iWaZwT3BdIAQFYpw\"]},{\"@type\":\"Person\",\"@id\":\"https:\\\/\\\/www.organisator.ch\\\/#\\\/schema\\\/person\\\/4e51799071cd2dd1232ac003643ef5f0\",\"name\":\"galledia\",\"image\":{\"@type\":\"ImageObject\",\"inLanguage\":\"it-IT\",\"@id\":\"https:\\\/\\\/secure.gravatar.com\\\/avatar\\\/78a7f90c01fc2bfc875782a0d4922b37cde2cf184ce347b91316d23cd7f69a36?s=96&d=mm&r=g\",\"url\":\"https:\\\/\\\/secure.gravatar.com\\\/avatar\\\/78a7f90c01fc2bfc875782a0d4922b37cde2cf184ce347b91316d23cd7f69a36?s=96&d=mm&r=g\",\"contentUrl\":\"https:\\\/\\\/secure.gravatar.com\\\/avatar\\\/78a7f90c01fc2bfc875782a0d4922b37cde2cf184ce347b91316d23cd7f69a36?s=96&d=mm&r=g\",\"caption\":\"galledia\"},\"sameAs\":[\"https:\\\/\\\/x.com\\\/admin\"],\"url\":\"https:\\\/\\\/www.organisator.ch\\\/it\\\/author\\\/galledia\\\/\"}]}<\/script>\n<!-- \/ Yoast SEO plugin. -->","yoast_head_json":{"title":"Cambio generazionale nella ditta Wanner - Organizzatore","description":"Cambio generazionale: l'editore Peter Wanner ha venduto la sua azienda mediatica ai figli Michael e Florian e alla figlia Anna.","robots":{"index":"index","follow":"follow","max-snippet":"max-snippet:-1","max-image-preview":"max-image-preview:large","max-video-preview":"max-video-preview:-1"},"canonical":"https:\/\/www.organisator.ch\/it\/marketing\/2025-11-20\/generationenwechsel-im-hause-wanner\/","og_locale":"it_IT","og_type":"article","og_title":"Generationenwechsel im Hause Wanner - Organisator","og_description":"Generationenwechsel: Verleger Peter Wanner hat sein Medienunternehmen an seine S\u00f6hne Michael und Florian und an Tochter Anna verkauft.","og_url":"https:\/\/www.organisator.ch\/it\/marketing\/2025-11-20\/generationenwechsel-im-hause-wanner\/","og_site_name":"Organisator","article_publisher":"https:\/\/www.facebook.com\/OrganisatorFachmagazin","article_published_time":"2025-11-20T07:04:38+00:00","article_modified_time":"2025-11-20T10:51:39+00:00","author":"galledia","twitter_card":"summary_large_image","twitter_creator":"@admin","schema":{"@context":"https:\/\/schema.org","@graph":[{"@type":"Article","@id":"https:\/\/www.organisator.ch\/marketing\/2025-11-20\/generationenwechsel-im-hause-wanner\/#article","isPartOf":{"@id":"https:\/\/www.organisator.ch\/marketing\/2025-11-20\/generationenwechsel-im-hause-wanner\/"},"author":{"name":"galledia","@id":"https:\/\/www.organisator.ch\/#\/schema\/person\/4e51799071cd2dd1232ac003643ef5f0"},"headline":"Generationenwechsel im Hause Wanner","datePublished":"2025-11-20T07:04:38+00:00","dateModified":"2025-11-20T10:51:39+00:00","mainEntityOfPage":{"@id":"https:\/\/www.organisator.ch\/marketing\/2025-11-20\/generationenwechsel-im-hause-wanner\/"},"wordCount":423,"publisher":{"@id":"https:\/\/www.organisator.ch\/#organization"},"image":{"@id":"https:\/\/www.organisator.ch\/marketing\/2025-11-20\/generationenwechsel-im-hause-wanner\/#primaryimage"},"thumbnailUrl":"https:\/\/www.markt-kom.com\/wp-content\/uploads\/2025\/11\/wannerfamilie-1024x683.jpeg","keywords":["Management und Unternehmensf\u00fchrung","MarKom","Nachfolgeregelung","Personalia"],"articleSection":["MARKETING"],"inLanguage":"it-IT"},{"@type":"WebPage","@id":"https:\/\/www.organisator.ch\/marketing\/2025-11-20\/generationenwechsel-im-hause-wanner\/","url":"https:\/\/www.organisator.ch\/marketing\/2025-11-20\/generationenwechsel-im-hause-wanner\/","name":"Cambio generazionale nella ditta Wanner - Organizzatore","isPartOf":{"@id":"https:\/\/www.organisator.ch\/#website"},"primaryImageOfPage":{"@id":"https:\/\/www.organisator.ch\/marketing\/2025-11-20\/generationenwechsel-im-hause-wanner\/#primaryimage"},"image":{"@id":"https:\/\/www.organisator.ch\/marketing\/2025-11-20\/generationenwechsel-im-hause-wanner\/#primaryimage"},"thumbnailUrl":"https:\/\/www.markt-kom.com\/wp-content\/uploads\/2025\/11\/wannerfamilie-1024x683.jpeg","datePublished":"2025-11-20T07:04:38+00:00","dateModified":"2025-11-20T10:51:39+00:00","description":"Cambio generazionale: l'editore Peter Wanner ha venduto la sua azienda mediatica ai figli Michael e Florian e alla figlia Anna.","breadcrumb":{"@id":"https:\/\/www.organisator.ch\/marketing\/2025-11-20\/generationenwechsel-im-hause-wanner\/#breadcrumb"},"inLanguage":"it-IT","potentialAction":[{"@type":"ReadAction","target":["https:\/\/www.organisator.ch\/marketing\/2025-11-20\/generationenwechsel-im-hause-wanner\/"]}]},{"@type":"ImageObject","inLanguage":"it-IT","@id":"https:\/\/www.organisator.ch\/marketing\/2025-11-20\/generationenwechsel-im-hause-wanner\/#primaryimage","url":"https:\/\/www.markt-kom.com\/wp-content\/uploads\/2025\/11\/wannerfamilie-1024x683.jpeg","contentUrl":"https:\/\/www.markt-kom.com\/wp-content\/uploads\/2025\/11\/wannerfamilie-1024x683.jpeg"},{"@type":"BreadcrumbList","@id":"https:\/\/www.organisator.ch\/marketing\/2025-11-20\/generationenwechsel-im-hause-wanner\/#breadcrumb","itemListElement":[{"@type":"ListItem","position":1,"name":"Home","item":"https:\/\/www.organisator.ch\/"},{"@type":"ListItem","position":2,"name":"Generationenwechsel im Hause Wanner"}]},{"@type":"WebSite","@id":"https:\/\/www.organisator.ch\/#website","url":"https:\/\/www.organisator.ch\/","name":"Organizzatore","description":"Competente. Pratico. In 10 numeri all'anno, ORGANISATOR presenta i temi essenziali per i manager delle PMI.","publisher":{"@id":"https:\/\/www.organisator.ch\/#organization"},"potentialAction":[{"@type":"SearchAction","target":{"@type":"EntryPoint","urlTemplate":"https:\/\/www.organisator.ch\/?s={search_term_string}"},"query-input":{"@type":"PropertyValueSpecification","valueRequired":true,"valueName":"search_term_string"}}],"inLanguage":"it-IT"},{"@type":"Organization","@id":"https:\/\/www.organisator.ch\/#organization","name":"Organizzatore","url":"https:\/\/www.organisator.ch\/","logo":{"@type":"ImageObject","inLanguage":"it-IT","@id":"https:\/\/www.organisator.ch\/#\/schema\/logo\/image\/","url":"https:\/\/www.organisator.ch\/wp-content\/uploads\/2022\/01\/Logo_Organisator_Website.png","contentUrl":"https:\/\/www.organisator.ch\/wp-content\/uploads\/2022\/01\/Logo_Organisator_Website.png","width":800,"height":77,"caption":"Organisator"},"image":{"@id":"https:\/\/www.organisator.ch\/#\/schema\/logo\/image\/"},"sameAs":["https:\/\/www.facebook.com\/OrganisatorFachmagazin","https:\/\/www.linkedin.com\/showcase\/organisator-das-magazin-fr-kmu","https:\/\/www.xing.com\/news\/pages\/organisator-ch-695","https:\/\/www.youtube.com\/channel\/UCGP2Sq0iWaZwT3BdIAQFYpw"]},{"@type":"Person","@id":"https:\/\/www.organisator.ch\/#\/schema\/person\/4e51799071cd2dd1232ac003643ef5f0","name":"galledia","image":{"@type":"ImageObject","inLanguage":"it-IT","@id":"https:\/\/secure.gravatar.com\/avatar\/78a7f90c01fc2bfc875782a0d4922b37cde2cf184ce347b91316d23cd7f69a36?s=96&d=mm&r=g","url":"https:\/\/secure.gravatar.com\/avatar\/78a7f90c01fc2bfc875782a0d4922b37cde2cf184ce347b91316d23cd7f69a36?s=96&d=mm&r=g","contentUrl":"https:\/\/secure.gravatar.com\/avatar\/78a7f90c01fc2bfc875782a0d4922b37cde2cf184ce347b91316d23cd7f69a36?s=96&d=mm&r=g","caption":"galledia"},"sameAs":["https:\/\/x.com\/admin"],"url":"https:\/\/www.organisator.ch\/it\/author\/galledia\/"}]}},"_links":{"self":[{"href":"https:\/\/www.organisator.ch\/it\/wp-json\/wp\/v2\/posts\/42086","targetHints":{"allow":["GET"]}}],"collection":[{"href":"https:\/\/www.organisator.ch\/it\/wp-json\/wp\/v2\/posts"}],"about":[{"href":"https:\/\/www.organisator.ch\/it\/wp-json\/wp\/v2\/types\/post"}],"author":[{"embeddable":true,"href":"https:\/\/www.organisator.ch\/it\/wp-json\/wp\/v2\/users\/8"}],"replies":[{"embeddable":true,"href":"https:\/\/www.organisator.ch\/it\/wp-json\/wp\/v2\/comments?post=42086"}],"version-history":[{"count":8,"href":"https:\/\/www.organisator.ch\/it\/wp-json\/wp\/v2\/posts\/42086\/revisions"}],"predecessor-version":[{"id":42099,"href":"https:\/\/www.organisator.ch\/it\/wp-json\/wp\/v2\/posts\/42086\/revisions\/42099"}],"wp:attachment":[{"href":"https:\/\/www.organisator.ch\/it\/wp-json\/wp\/v2\/media?parent=42086"}],"wp:term":[{"taxonomy":"category","embeddable":true,"href":"https:\/\/www.organisator.ch\/it\/wp-json\/wp\/v2\/categories?post=42086"},{"taxonomy":"post_tag","embeddable":true,"href":"https:\/\/www.organisator.ch\/it\/wp-json\/wp\/v2\/tags?post=42086"}],"curies":[{"name":"wp","href":"https:\/\/api.w.org\/{rel}","templated":true}]}}