{"id":42157,"date":"2025-11-24T08:45:55","date_gmt":"2025-11-24T07:45:55","guid":{"rendered":"https:\/\/www.markt-kom.com\/?p=246349"},"modified":"2025-11-24T08:42:05","modified_gmt":"2025-11-24T07:42:05","slug":"mensch-statt-algorithmus-10-grafikdesigntrends-fuer-2026","status":"publish","type":"post","link":"https:\/\/www.organisator.ch\/it\/marketing\/2025-11-24\/mensch-statt-algorithmus-10-grafikdesigntrends-fuer-2026\/","title":{"rendered":"L'uomo al posto dell'algoritmo: 10 tendenze nel graphic design per il 2026"},"content":{"rendered":"<p><img class=\"alignnone size-full wp-image-246583\" src=\"https:\/\/www.markt-kom.com\/wp-content\/uploads\/2025\/11\/Digi-Cute-by-musework-on-99designs-by-Vista.png\" sizes=\"(max-width: 960px) 100vw, 960px\" srcset=\"https:\/\/www.markt-kom.com\/wp-content\/uploads\/2025\/11\/Digi-Cute-by-musework-on-99designs-by-Vista.png 960w, https:\/\/www.markt-kom.com\/wp-content\/uploads\/2025\/11\/Digi-Cute-by-musework-on-99designs-by-Vista-600x600.png 600w, https:\/\/www.markt-kom.com\/wp-content\/uploads\/2025\/11\/Digi-Cute-by-musework-on-99designs-by-Vista-150x150.png 150w, https:\/\/www.markt-kom.com\/wp-content\/uploads\/2025\/11\/Digi-Cute-by-musework-on-99designs-by-Vista-768x768.png 768w, https:\/\/www.markt-kom.com\/wp-content\/uploads\/2025\/11\/Digi-Cute-by-musework-on-99designs-by-Vista-12x12.png 12w, https:\/\/www.markt-kom.com\/wp-content\/uploads\/2025\/11\/Digi-Cute-by-musework-on-99designs-by-Vista-175x175.png 175w, https:\/\/www.markt-kom.com\/wp-content\/uploads\/2025\/11\/Digi-Cute-by-musework-on-99designs-by-Vista-350x350.png 350w, https:\/\/www.markt-kom.com\/wp-content\/uploads\/2025\/11\/Digi-Cute-by-musework-on-99designs-by-Vista-800x800.png 800w\" alt=\"\" width=\"960\" height=\"960\" \/>La conclusione principale: il graphic design sta tornando ad essere molto pi\u00f9 personale. Si sta delineando una tendenza che si allontana dallo stile levigato per avvicinarsi a quello autentico. I marchi vogliono suscitare emozioni nei loro gruppi target e puntano quindi sulle storie piuttosto che sui messaggi di marketing. Il design diventa cos\u00ec un palcoscenico per l'individualit\u00e0 e quindi lo strumento pi\u00f9 efficace per creare legami autentici.<\/p>\r\n<p>\u00abLe piccole imprese hanno il vantaggio decisivo di poter apparire coraggiose, originali e autentiche, cosa che spesso risulta difficile per i grandi marchi\u00bb, afferma Patrick Llewellyn, vicepresidente dei servizi digitali e di progettazione presso VistaPrint. \u00abIn un mondo diventato rumoroso e impersonale, i design imperfetti sembrano sinceri. \u00c8 proprio questo che li rende cos\u00ec potenti\u00bb.\u00bb<\/p>\r\n<p>Le tendenze del design 2026 portano l'artigianato nel mondo digitale, raccontano l'identit\u00e0 culturale, celebrano l'imperfezione e rendono visibili le emozioni. Al centro dell'attenzione non c'\u00e8 l'algoritmo, ma l'essere umano.<\/p>\r\n<h3>Panoramica delle tendenze del design per il 2026<\/h3>\r\n<p><strong>Folk elementale<br \/>\r\n<\/strong>La tradizione incontra il design moderno: ispirati dall'artigianato regionale e dal patrimonio culturale, nascono design caldi ed espressivi con motivi floreali, dettagli ornamentali e colori vivaci. Il design appare familiare e contemporaneo allo stesso tempo. Elemental Folk \u00e8 un richiamo visivo alle origini che celebra l'identit\u00e0 e le origini.<\/p>\r\n<p><a href=\"https:\/\/www.markt-kom.com\/de\/markom\/mensch-statt-algorithmus-10-grafikdesigntrends-fuer-2026\/attachment\/elemental-folk-by-inqueen-on-99designs-by-vista\/\"><img class=\"attachment-medium size-medium\" src=\"https:\/\/www.markt-kom.com\/wp-content\/uploads\/2025\/11\/Elemental-Folk-by-InQueen-on-99designs-by-Vista-600x600.jpeg\" sizes=\"(max-width: 600px) 100vw, 600px\" srcset=\"https:\/\/www.markt-kom.com\/wp-content\/uploads\/2025\/11\/Elemental-Folk-by-InQueen-on-99designs-by-Vista-600x600.jpeg 600w, https:\/\/www.markt-kom.com\/wp-content\/uploads\/2025\/11\/Elemental-Folk-by-InQueen-on-99designs-by-Vista-150x150.jpeg 150w, https:\/\/www.markt-kom.com\/wp-content\/uploads\/2025\/11\/Elemental-Folk-by-InQueen-on-99designs-by-Vista-768x768.jpeg 768w, https:\/\/www.markt-kom.com\/wp-content\/uploads\/2025\/11\/Elemental-Folk-by-InQueen-on-99designs-by-Vista-12x12.jpeg 12w, https:\/\/www.markt-kom.com\/wp-content\/uploads\/2025\/11\/Elemental-Folk-by-InQueen-on-99designs-by-Vista-175x175.jpeg 175w, https:\/\/www.markt-kom.com\/wp-content\/uploads\/2025\/11\/Elemental-Folk-by-InQueen-on-99designs-by-Vista-350x350.jpeg 350w, https:\/\/www.markt-kom.com\/wp-content\/uploads\/2025\/11\/Elemental-Folk-by-InQueen-on-99designs-by-Vista-800x800.jpeg 800w, https:\/\/www.markt-kom.com\/wp-content\/uploads\/2025\/11\/Elemental-Folk-by-InQueen-on-99designs-by-Vista.jpeg 1000w\" alt=\"\" width=\"600\" height=\"600\" \/><\/a> <a href=\"https:\/\/www.markt-kom.com\/de\/markom\/mensch-statt-algorithmus-10-grafikdesigntrends-fuer-2026\/attachment\/elemental-folk-by-pecas-carola-beker-on-99designs-by-vista\/\"><img class=\"attachment-medium size-medium\" src=\"https:\/\/www.markt-kom.com\/wp-content\/uploads\/2025\/11\/Elemental-Folk-by-pecas\u2122-Carola-Beker-on-99designs-by-Vista-300x600.jpeg\" sizes=\"(max-width: 300px) 100vw, 300px\" srcset=\"https:\/\/www.markt-kom.com\/wp-content\/uploads\/2025\/11\/Elemental-Folk-by-pecas\u2122-Carola-Beker-on-99designs-by-Vista-300x600.jpeg 300w, https:\/\/www.markt-kom.com\/wp-content\/uploads\/2025\/11\/Elemental-Folk-by-pecas\u2122-Carola-Beker-on-99designs-by-Vista-512x1024.jpeg 512w, https:\/\/www.markt-kom.com\/wp-content\/uploads\/2025\/11\/Elemental-Folk-by-pecas\u2122-Carola-Beker-on-99designs-by-Vista-scaled.jpeg 500w, https:\/\/www.markt-kom.com\/wp-content\/uploads\/2025\/11\/Elemental-Folk-by-pecas\u2122-Carola-Beker-on-99designs-by-Vista-768x1536.jpeg 768w, https:\/\/www.markt-kom.com\/wp-content\/uploads\/2025\/11\/Elemental-Folk-by-pecas\u2122-Carola-Beker-on-99designs-by-Vista-1024x2048.jpeg 1024w, https:\/\/www.markt-kom.com\/wp-content\/uploads\/2025\/11\/Elemental-Folk-by-pecas\u2122-Carola-Beker-on-99designs-by-Vista-6x12.jpeg 6w, https:\/\/www.markt-kom.com\/wp-content\/uploads\/2025\/11\/Elemental-Folk-by-pecas\u2122-Carola-Beker-on-99designs-by-Vista-88x175.jpeg 88w, https:\/\/www.markt-kom.com\/wp-content\/uploads\/2025\/11\/Elemental-Folk-by-pecas\u2122-Carola-Beker-on-99designs-by-Vista-175x350.jpeg 175w, https:\/\/www.markt-kom.com\/wp-content\/uploads\/2025\/11\/Elemental-Folk-by-pecas\u2122-Carola-Beker-on-99designs-by-Vista-400x800.jpeg 400w\" alt=\"\" width=\"300\" height=\"600\" \/><\/a> <a href=\"https:\/\/www.markt-kom.com\/de\/markom\/mensch-statt-algorithmus-10-grafikdesigntrends-fuer-2026\/attachment\/elemental-folk-by-rzl-on-99designs-by-vista\/\"><img class=\"attachment-medium size-medium\" src=\"https:\/\/www.markt-kom.com\/wp-content\/uploads\/2025\/11\/Elemental-Folk-by-R%C2%B0Z%C2%B0L-on-99designs-by-Vista-390x600.jpeg\" sizes=\"(max-width: 390px) 100vw, 390px\" srcset=\"https:\/\/www.markt-kom.com\/wp-content\/uploads\/2025\/11\/Elemental-Folk-by-R\u00b0Z\u00b0L-on-99designs-by-Vista-390x600.jpeg 390w, https:\/\/www.markt-kom.com\/wp-content\/uploads\/2025\/11\/Elemental-Folk-by-R\u00b0Z\u00b0L-on-99designs-by-Vista-665x1024.jpeg 649w, https:\/\/www.markt-kom.com\/wp-content\/uploads\/2025\/11\/Elemental-Folk-by-R\u00b0Z\u00b0L-on-99designs-by-Vista-scaled.jpeg 650w, https:\/\/www.markt-kom.com\/wp-content\/uploads\/2025\/11\/Elemental-Folk-by-R\u00b0Z\u00b0L-on-99designs-by-Vista-998x1536.jpeg 998w, https:\/\/www.markt-kom.com\/wp-content\/uploads\/2025\/11\/Elemental-Folk-by-R\u00b0Z\u00b0L-on-99designs-by-Vista-1331x2048.jpeg 1331w, https:\/\/www.markt-kom.com\/wp-content\/uploads\/2025\/11\/Elemental-Folk-by-R\u00b0Z\u00b0L-on-99designs-by-Vista-8x12.jpeg 8w, https:\/\/www.markt-kom.com\/wp-content\/uploads\/2025\/11\/Elemental-Folk-by-R\u00b0Z\u00b0L-on-99designs-by-Vista-114x175.jpeg 114w, https:\/\/www.markt-kom.com\/wp-content\/uploads\/2025\/11\/Elemental-Folk-by-R\u00b0Z\u00b0L-on-99designs-by-Vista-227x350.jpeg 227w, https:\/\/www.markt-kom.com\/wp-content\/uploads\/2025\/11\/Elemental-Folk-by-R\u00b0Z\u00b0L-on-99designs-by-Vista-520x800.jpeg 520w\" alt=\"\" width=\"390\" height=\"600\" \/><\/a> <a href=\"https:\/\/www.markt-kom.com\/de\/markom\/mensch-statt-algorithmus-10-grafikdesigntrends-fuer-2026\/attachment\/elemental-folk-by-setrone-on-99designs-by-vista\/\"><img class=\"attachment-medium size-medium\" src=\"https:\/\/www.markt-kom.com\/wp-content\/uploads\/2025\/11\/Elemental-Folk-by-setrone-on-99designs-by-Vista-600x600.jpeg\" sizes=\"(max-width: 600px) 100vw, 600px\" srcset=\"https:\/\/www.markt-kom.com\/wp-content\/uploads\/2025\/11\/Elemental-Folk-by-setrone-on-99designs-by-Vista-600x600.jpeg 600w, https:\/\/www.markt-kom.com\/wp-content\/uploads\/2025\/11\/Elemental-Folk-by-setrone-on-99designs-by-Vista-scaled.jpeg 1000w, https:\/\/www.markt-kom.com\/wp-content\/uploads\/2025\/11\/Elemental-Folk-by-setrone-on-99designs-by-Vista-150x150.jpeg 150w, https:\/\/www.markt-kom.com\/wp-content\/uploads\/2025\/11\/Elemental-Folk-by-setrone-on-99designs-by-Vista-768x768.jpeg 768w, https:\/\/www.markt-kom.com\/wp-content\/uploads\/2025\/11\/Elemental-Folk-by-setrone-on-99designs-by-Vista-1536x1536.jpeg 1536w, https:\/\/www.markt-kom.com\/wp-content\/uploads\/2025\/11\/Elemental-Folk-by-setrone-on-99designs-by-Vista-12x12.jpeg 12w, https:\/\/www.markt-kom.com\/wp-content\/uploads\/2025\/11\/Elemental-Folk-by-setrone-on-99designs-by-Vista-175x175.jpeg 175w, https:\/\/www.markt-kom.com\/wp-content\/uploads\/2025\/11\/Elemental-Folk-by-setrone-on-99designs-by-Vista-350x350.jpeg 350w, https:\/\/www.markt-kom.com\/wp-content\/uploads\/2025\/11\/Elemental-Folk-by-setrone-on-99designs-by-Vista-800x800.jpeg 800w\" alt=\"\" width=\"600\" height=\"600\" \/><\/a><\/p>\r\n<p>&nbsp;<\/p>\r\n<p><strong>Iperindividualismo<br \/>\r\n<\/strong>Questa tendenza porta una ventata di freschezza nel design. Punta su immagini surreali, gioca con forme distorte e rompe consapevolmente con le convenzioni. Le rappresentazioni appaiono a volte giocose, a volte provocatorie, ma sempre individuali. Mentre molti affidano completamente i loro processi creativi all'intelligenza artificiale, questo stile affascina con la firma creativa delle persone.<\/p>\r\n<p><a href=\"https:\/\/www.markt-kom.com\/de\/markom\/mensch-statt-algorithmus-10-grafikdesigntrends-fuer-2026\/attachment\/hyper-individualism-by-adriankg-on-99designs-by-vista\/\"><img class=\"attachment-medium size-medium\" src=\"https:\/\/www.markt-kom.com\/wp-content\/uploads\/2025\/11\/Hyper-Individualism-by-AdrianKG-on-99designs-by-Vista-598x600.png\" sizes=\"(max-width: 598px) 100vw, 598px\" srcset=\"https:\/\/www.markt-kom.com\/wp-content\/uploads\/2025\/11\/Hyper-Individualism-by-AdrianKG-on-99designs-by-Vista-598x600.png 598w, https:\/\/www.markt-kom.com\/wp-content\/uploads\/2025\/11\/Hyper-Individualism-by-AdrianKG-on-99designs-by-Vista-1021x1024.png 997w, https:\/\/www.markt-kom.com\/wp-content\/uploads\/2025\/11\/Hyper-Individualism-by-AdrianKG-on-99designs-by-Vista-150x150.png 150w, https:\/\/www.markt-kom.com\/wp-content\/uploads\/2025\/11\/Hyper-Individualism-by-AdrianKG-on-99designs-by-Vista-768x771.png 768w, https:\/\/www.markt-kom.com\/wp-content\/uploads\/2025\/11\/Hyper-Individualism-by-AdrianKG-on-99designs-by-Vista-12x12.png 12w, https:\/\/www.markt-kom.com\/wp-content\/uploads\/2025\/11\/Hyper-Individualism-by-AdrianKG-on-99designs-by-Vista-174x175.png 174w, https:\/\/www.markt-kom.com\/wp-content\/uploads\/2025\/11\/Hyper-Individualism-by-AdrianKG-on-99designs-by-Vista-349x350.png 349w, https:\/\/www.markt-kom.com\/wp-content\/uploads\/2025\/11\/Hyper-Individualism-by-AdrianKG-on-99designs-by-Vista-797x800.png 797w, https:\/\/www.markt-kom.com\/wp-content\/uploads\/2025\/11\/Hyper-Individualism-by-AdrianKG-on-99designs-by-Vista-scaled.png 996w\" alt=\"\" width=\"598\" height=\"600\" \/><\/a> <a href=\"https:\/\/www.markt-kom.com\/de\/markom\/mensch-statt-algorithmus-10-grafikdesigntrends-fuer-2026\/attachment\/hyper-individualism-by-alltimehigh-on-99designs-by-vista\/\"><img class=\"attachment-medium size-medium\" src=\"https:\/\/www.markt-kom.com\/wp-content\/uploads\/2025\/11\/Hyper-Individualism-by-alltimehigh-on-99designs-by-Vista-600x600.jpeg\" sizes=\"(max-width: 600px) 100vw, 600px\" srcset=\"https:\/\/www.markt-kom.com\/wp-content\/uploads\/2025\/11\/Hyper-Individualism-by-alltimehigh-on-99designs-by-Vista-600x600.jpeg 600w, https:\/\/www.markt-kom.com\/wp-content\/uploads\/2025\/11\/Hyper-Individualism-by-alltimehigh-on-99designs-by-Vista-1024x1024.jpeg 1024w, https:\/\/www.markt-kom.com\/wp-content\/uploads\/2025\/11\/Hyper-Individualism-by-alltimehigh-on-99designs-by-Vista-150x150.jpeg 150w, https:\/\/www.markt-kom.com\/wp-content\/uploads\/2025\/11\/Hyper-Individualism-by-alltimehigh-on-99designs-by-Vista-768x768.jpeg 768w, https:\/\/www.markt-kom.com\/wp-content\/uploads\/2025\/11\/Hyper-Individualism-by-alltimehigh-on-99designs-by-Vista-1536x1536.jpeg 1536w, https:\/\/www.markt-kom.com\/wp-content\/uploads\/2025\/11\/Hyper-Individualism-by-alltimehigh-on-99designs-by-Vista-12x12.jpeg 12w, https:\/\/www.markt-kom.com\/wp-content\/uploads\/2025\/11\/Hyper-Individualism-by-alltimehigh-on-99designs-by-Vista-175x175.jpeg 175w, https:\/\/www.markt-kom.com\/wp-content\/uploads\/2025\/11\/Hyper-Individualism-by-alltimehigh-on-99designs-by-Vista-350x350.jpeg 350w, https:\/\/www.markt-kom.com\/wp-content\/uploads\/2025\/11\/Hyper-Individualism-by-alltimehigh-on-99designs-by-Vista-800x800.jpeg 800w, https:\/\/www.markt-kom.com\/wp-content\/uploads\/2025\/11\/Hyper-Individualism-by-alltimehigh-on-99designs-by-Vista-scaled.jpeg 1000w\" alt=\"\" width=\"600\" height=\"600\" \/><\/a> <a href=\"https:\/\/www.markt-kom.com\/de\/markom\/mensch-statt-algorithmus-10-grafikdesigntrends-fuer-2026\/attachment\/hyper-individualism-by-boja-on-99designs-by-vista\/\"><img class=\"attachment-medium size-medium\" src=\"https:\/\/www.markt-kom.com\/wp-content\/uploads\/2025\/11\/Hyper-Individualism-by-Boja-on-99designs-by-Vista-600x450.jpeg\" sizes=\"(max-width: 600px) 100vw, 600px\" srcset=\"https:\/\/www.markt-kom.com\/wp-content\/uploads\/2025\/11\/Hyper-Individualism-by-Boja-on-99designs-by-Vista-600x450.jpeg 600w, https:\/\/www.markt-kom.com\/wp-content\/uploads\/2025\/11\/Hyper-Individualism-by-Boja-on-99designs-by-Vista-1024x768.jpeg 1024w, https:\/\/www.markt-kom.com\/wp-content\/uploads\/2025\/11\/Hyper-Individualism-by-Boja-on-99designs-by-Vista-768x576.jpeg 768w, https:\/\/www.markt-kom.com\/wp-content\/uploads\/2025\/11\/Hyper-Individualism-by-Boja-on-99designs-by-Vista-1536x1152.jpeg 1536w, https:\/\/www.markt-kom.com\/wp-content\/uploads\/2025\/11\/Hyper-Individualism-by-Boja-on-99designs-by-Vista-16x12.jpeg 16w, https:\/\/www.markt-kom.com\/wp-content\/uploads\/2025\/11\/Hyper-Individualism-by-Boja-on-99designs-by-Vista-233x175.jpeg 233w, https:\/\/www.markt-kom.com\/wp-content\/uploads\/2025\/11\/Hyper-Individualism-by-Boja-on-99designs-by-Vista-467x350.jpeg 467w, https:\/\/www.markt-kom.com\/wp-content\/uploads\/2025\/11\/Hyper-Individualism-by-Boja-on-99designs-by-Vista-1000x750.jpeg 1000w, https:\/\/www.markt-kom.com\/wp-content\/uploads\/2025\/11\/Hyper-Individualism-by-Boja-on-99designs-by-Vista-scaled.jpeg 1300w\" alt=\"\" width=\"600\" height=\"450\" \/><\/a> <a href=\"https:\/\/www.markt-kom.com\/de\/markom\/mensch-statt-algorithmus-10-grafikdesigntrends-fuer-2026\/attachment\/hyper-individualism-by-whitecherry-on-99designs-by-vista\/\"><img class=\"attachment-medium size-medium\" src=\"https:\/\/www.markt-kom.com\/wp-content\/uploads\/2025\/11\/Hyper-Individualism-by-whitecherry-on-99designs-by-Vista-204x600.jpeg\" sizes=\"(max-width: 204px) 100vw, 204px\" srcset=\"https:\/\/www.markt-kom.com\/wp-content\/uploads\/2025\/11\/Hyper-Individualism-by-whitecherry-on-99designs-by-Vista-204x600.jpeg 204w, https:\/\/www.markt-kom.com\/wp-content\/uploads\/2025\/11\/Hyper-Individualism-by-whitecherry-on-99designs-by-Vista-348x1024.jpeg 348w, https:\/\/www.markt-kom.com\/wp-content\/uploads\/2025\/11\/Hyper-Individualism-by-whitecherry-on-99designs-by-Vista-scaled.jpeg 340w, https:\/\/www.markt-kom.com\/wp-content\/uploads\/2025\/11\/Hyper-Individualism-by-whitecherry-on-99designs-by-Vista-522x1536.jpeg 522w, https:\/\/www.markt-kom.com\/wp-content\/uploads\/2025\/11\/Hyper-Individualism-by-whitecherry-on-99designs-by-Vista-696x2048.jpeg 696w, https:\/\/www.markt-kom.com\/wp-content\/uploads\/2025\/11\/Hyper-Individualism-by-whitecherry-on-99designs-by-Vista-4x12.jpeg 4w, https:\/\/www.markt-kom.com\/wp-content\/uploads\/2025\/11\/Hyper-Individualism-by-whitecherry-on-99designs-by-Vista-60x175.jpeg 60w, https:\/\/www.markt-kom.com\/wp-content\/uploads\/2025\/11\/Hyper-Individualism-by-whitecherry-on-99designs-by-Vista-119x350.jpeg 119w, https:\/\/www.markt-kom.com\/wp-content\/uploads\/2025\/11\/Hyper-Individualism-by-whitecherry-on-99designs-by-Vista-272x800.jpeg 272w\" alt=\"\" width=\"204\" height=\"600\" \/><\/a><\/p>\r\n<p><strong>Artigianato tattile<br \/>\r\n<\/strong>Ricami, trame dei tessuti e dettagli fatti a mano tornano nel design digitale. Il risultato \u00e8 quasi tangibile: le superfici visive creano una profondit\u00e0 speciale che trasmette calore a chi le osserva. Tra il fascino del fai da te e l'aspetto nostalgico, questa tendenza genera una vicinanza emotiva, in contrapposizione all'estetica liscia e spesso distaccata del mondo digitale.<\/p>\r\n<p><a href=\"https:\/\/www.markt-kom.com\/de\/markom\/mensch-statt-algorithmus-10-grafikdesigntrends-fuer-2026\/attachment\/tactile-craft-by-lollybell-on-99designs-by-vista\/\"><img class=\"attachment-medium size-medium\" src=\"https:\/\/www.markt-kom.com\/wp-content\/uploads\/2025\/11\/Tactile-Craft-by-LollyBell-on-99designs-by-Vista-600x600.jpeg\" sizes=\"(max-width: 600px) 100vw, 600px\" srcset=\"https:\/\/www.markt-kom.com\/wp-content\/uploads\/2025\/11\/Tactile-Craft-by-LollyBell-on-99designs-by-Vista-600x600.jpeg 600w, https:\/\/www.markt-kom.com\/wp-content\/uploads\/2025\/11\/Tactile-Craft-by-LollyBell-on-99designs-by-Vista-scaled.jpeg 1000w, https:\/\/www.markt-kom.com\/wp-content\/uploads\/2025\/11\/Tactile-Craft-by-LollyBell-on-99designs-by-Vista-150x150.jpeg 150w, https:\/\/www.markt-kom.com\/wp-content\/uploads\/2025\/11\/Tactile-Craft-by-LollyBell-on-99designs-by-Vista-768x768.jpeg 768w, https:\/\/www.markt-kom.com\/wp-content\/uploads\/2025\/11\/Tactile-Craft-by-LollyBell-on-99designs-by-Vista-1536x1536.jpeg 1536w, https:\/\/www.markt-kom.com\/wp-content\/uploads\/2025\/11\/Tactile-Craft-by-LollyBell-on-99designs-by-Vista-12x12.jpeg 12w, https:\/\/www.markt-kom.com\/wp-content\/uploads\/2025\/11\/Tactile-Craft-by-LollyBell-on-99designs-by-Vista-175x175.jpeg 175w, https:\/\/www.markt-kom.com\/wp-content\/uploads\/2025\/11\/Tactile-Craft-by-LollyBell-on-99designs-by-Vista-350x350.jpeg 350w, https:\/\/www.markt-kom.com\/wp-content\/uploads\/2025\/11\/Tactile-Craft-by-LollyBell-on-99designs-by-Vista-800x800.jpeg 800w\" alt=\"\" width=\"600\" height=\"600\" \/><\/a> <a href=\"https:\/\/www.markt-kom.com\/de\/markom\/mensch-statt-algorithmus-10-grafikdesigntrends-fuer-2026\/attachment\/tactile-craft-by-gotza-%E2%9C%A8-on-99designs-by-vista\/\"><img class=\"attachment-medium size-medium\" src=\"https:\/\/www.markt-kom.com\/wp-content\/uploads\/2025\/11\/Tactile-Craft-by-gotza-\u2728-on-99designs-by-Vista-600x413.jpeg\" sizes=\"(max-width: 600px) 100vw, 600px\" srcset=\"https:\/\/www.markt-kom.com\/wp-content\/uploads\/2025\/11\/Tactile-Craft-by-gotza-\u2728-on-99designs-by-Vista-600x413.jpeg 600w, https:\/\/www.markt-kom.com\/wp-content\/uploads\/2025\/11\/Tactile-Craft-by-gotza-\u2728-on-99designs-by-Vista-1024x705.jpeg 1024w, https:\/\/www.markt-kom.com\/wp-content\/uploads\/2025\/11\/Tactile-Craft-by-gotza-\u2728-on-99designs-by-Vista-768x529.jpeg 768w, https:\/\/www.markt-kom.com\/wp-content\/uploads\/2025\/11\/Tactile-Craft-by-gotza-\u2728-on-99designs-by-Vista-18x12.jpeg 18w, https:\/\/www.markt-kom.com\/wp-content\/uploads\/2025\/11\/Tactile-Craft-by-gotza-\u2728-on-99designs-by-Vista-254x175.jpeg 254w, https:\/\/www.markt-kom.com\/wp-content\/uploads\/2025\/11\/Tactile-Craft-by-gotza-\u2728-on-99designs-by-Vista-509x350.jpeg 509w, https:\/\/www.markt-kom.com\/wp-content\/uploads\/2025\/11\/Tactile-Craft-by-gotza-\u2728-on-99designs-by-Vista-1000x688.jpeg 1000w, https:\/\/www.markt-kom.com\/wp-content\/uploads\/2025\/11\/Tactile-Craft-by-gotza-\u2728-on-99designs-by-Vista.jpeg 1300w\" alt=\"\" width=\"600\" height=\"413\" \/><\/a> <a href=\"https:\/\/www.markt-kom.com\/de\/markom\/mensch-statt-algorithmus-10-grafikdesigntrends-fuer-2026\/attachment\/tactile-craft-by-boja-on-99designs-by-vista\/\"><img class=\"attachment-medium size-medium\" src=\"https:\/\/www.markt-kom.com\/wp-content\/uploads\/2025\/11\/Tactile-Craft-by-Boja-on-99designs-by-Vista-600x450.jpg\" sizes=\"(max-width: 600px) 100vw, 600px\" srcset=\"https:\/\/www.markt-kom.com\/wp-content\/uploads\/2025\/11\/Tactile-Craft-by-Boja-on-99designs-by-Vista-600x450.jpg 600w, https:\/\/www.markt-kom.com\/wp-content\/uploads\/2025\/11\/Tactile-Craft-by-Boja-on-99designs-by-Vista-1024x768.jpg 1024w, https:\/\/www.markt-kom.com\/wp-content\/uploads\/2025\/11\/Tactile-Craft-by-Boja-on-99designs-by-Vista-768x576.jpg 768w, https:\/\/www.markt-kom.com\/wp-content\/uploads\/2025\/11\/Tactile-Craft-by-Boja-on-99designs-by-Vista-1536x1152.jpg 1536w, https:\/\/www.markt-kom.com\/wp-content\/uploads\/2025\/11\/Tactile-Craft-by-Boja-on-99designs-by-Vista-2048x1536.jpg 2048w, https:\/\/www.markt-kom.com\/wp-content\/uploads\/2025\/11\/Tactile-Craft-by-Boja-on-99designs-by-Vista-16x12.jpg 16w, https:\/\/www.markt-kom.com\/wp-content\/uploads\/2025\/11\/Tactile-Craft-by-Boja-on-99designs-by-Vista-233x175.jpg 233w, https:\/\/www.markt-kom.com\/wp-content\/uploads\/2025\/11\/Tactile-Craft-by-Boja-on-99designs-by-Vista-467x350.jpg 467w, https:\/\/www.markt-kom.com\/wp-content\/uploads\/2025\/11\/Tactile-Craft-by-Boja-on-99designs-by-Vista-1000x750.jpg 1000w, https:\/\/www.markt-kom.com\/wp-content\/uploads\/2025\/11\/Tactile-Craft-by-Boja-on-99designs-by-Vista-scaled.jpg 1300w\" alt=\"\" width=\"600\" height=\"450\" \/><\/a><\/p>\r\n<p>&nbsp;<\/p>\r\n<p><strong>Taglio distorto<br \/>\r\n<\/strong>Quando il design diventa resistenza, nascono dichiarazioni visive con spigoli e angoli. Le tecniche classiche del collage vengono reinterpretate tagliando le immagini, sovrapponendo strati e frammentando le forme. Il risultato \u00e8 grezzo, ribelle e pieno di energia. Una cosa \u00e8 certa: questo stile di design non vuole piacere, ma mostrare un atteggiamento.<\/p>\r\n<p><a href=\"https:\/\/www.markt-kom.com\/de\/markom\/mensch-statt-algorithmus-10-grafikdesigntrends-fuer-2026\/attachment\/distorted-cut-by-pinch-studio-on-99designs-by-vista\/\"><img class=\"attachment-medium size-medium\" src=\"https:\/\/www.markt-kom.com\/wp-content\/uploads\/2025\/11\/Distorted-Cut-by-Pinch-Studio-on-99designs-by-Vista-540x600.jpeg\" sizes=\"(max-width: 540px) 100vw, 540px\" srcset=\"https:\/\/www.markt-kom.com\/wp-content\/uploads\/2025\/11\/Distorted-Cut-by-Pinch-Studio-on-99designs-by-Vista-540x600.jpeg 540w, https:\/\/www.markt-kom.com\/wp-content\/uploads\/2025\/11\/Distorted-Cut-by-Pinch-Studio-on-99designs-by-Vista.jpeg 900w, https:\/\/www.markt-kom.com\/wp-content\/uploads\/2025\/11\/Distorted-Cut-by-Pinch-Studio-on-99designs-by-Vista-768x853.jpeg 768w, https:\/\/www.markt-kom.com\/wp-content\/uploads\/2025\/11\/Distorted-Cut-by-Pinch-Studio-on-99designs-by-Vista-11x12.jpeg 11w, https:\/\/www.markt-kom.com\/wp-content\/uploads\/2025\/11\/Distorted-Cut-by-Pinch-Studio-on-99designs-by-Vista-158x175.jpeg 158w, https:\/\/www.markt-kom.com\/wp-content\/uploads\/2025\/11\/Distorted-Cut-by-Pinch-Studio-on-99designs-by-Vista-315x350.jpeg 315w, https:\/\/www.markt-kom.com\/wp-content\/uploads\/2025\/11\/Distorted-Cut-by-Pinch-Studio-on-99designs-by-Vista-720x800.jpeg 720w\" alt=\"\" width=\"540\" height=\"600\" \/><\/a> <a href=\"https:\/\/www.markt-kom.com\/de\/markom\/mensch-statt-algorithmus-10-grafikdesigntrends-fuer-2026\/attachment\/distorted-cut-by-alezane-on-99designs-by-vista\/\"><img class=\"attachment-medium size-medium\" src=\"https:\/\/www.markt-kom.com\/wp-content\/uploads\/2025\/11\/Distorted-Cut-by-alezane-on-99designs-by-Vista-598x600.jpeg\" sizes=\"(max-width: 598px) 100vw, 598px\" srcset=\"https:\/\/www.markt-kom.com\/wp-content\/uploads\/2025\/11\/Distorted-Cut-by-alezane-on-99designs-by-Vista-598x600.jpeg 598w, https:\/\/www.markt-kom.com\/wp-content\/uploads\/2025\/11\/Distorted-Cut-by-alezane-on-99designs-by-Vista-scaled.jpeg 996w, https:\/\/www.markt-kom.com\/wp-content\/uploads\/2025\/11\/Distorted-Cut-by-alezane-on-99designs-by-Vista-150x150.jpeg 150w, https:\/\/www.markt-kom.com\/wp-content\/uploads\/2025\/11\/Distorted-Cut-by-alezane-on-99designs-by-Vista-768x771.jpeg 768w, https:\/\/www.markt-kom.com\/wp-content\/uploads\/2025\/11\/Distorted-Cut-by-alezane-on-99designs-by-Vista-1530x1536.jpeg 1530w, https:\/\/www.markt-kom.com\/wp-content\/uploads\/2025\/11\/Distorted-Cut-by-alezane-on-99designs-by-Vista-12x12.jpeg 12w, https:\/\/www.markt-kom.com\/wp-content\/uploads\/2025\/11\/Distorted-Cut-by-alezane-on-99designs-by-Vista-174x175.jpeg 174w, https:\/\/www.markt-kom.com\/wp-content\/uploads\/2025\/11\/Distorted-Cut-by-alezane-on-99designs-by-Vista-349x350.jpeg 349w, https:\/\/www.markt-kom.com\/wp-content\/uploads\/2025\/11\/Distorted-Cut-by-alezane-on-99designs-by-Vista-797x800.jpeg 797w\" alt=\"\" width=\"598\" height=\"600\" \/><\/a> <a href=\"https:\/\/www.markt-kom.com\/de\/markom\/mensch-statt-algorithmus-10-grafikdesigntrends-fuer-2026\/attachment\/distorted-cut-by-boja-on-99designs-by-vista\/\"><img class=\"attachment-medium size-medium\" src=\"https:\/\/www.markt-kom.com\/wp-content\/uploads\/2025\/11\/Distorted-Cut-by-Boja-on-99designs-by-Vista-600x450.jpg\" sizes=\"(max-width: 600px) 100vw, 600px\" srcset=\"https:\/\/www.markt-kom.com\/wp-content\/uploads\/2025\/11\/Distorted-Cut-by-Boja-on-99designs-by-Vista-600x450.jpg 600w, https:\/\/www.markt-kom.com\/wp-content\/uploads\/2025\/11\/Distorted-Cut-by-Boja-on-99designs-by-Vista-1024x768.jpg 1024w, https:\/\/www.markt-kom.com\/wp-content\/uploads\/2025\/11\/Distorted-Cut-by-Boja-on-99designs-by-Vista-768x576.jpg 768w, https:\/\/www.markt-kom.com\/wp-content\/uploads\/2025\/11\/Distorted-Cut-by-Boja-on-99designs-by-Vista-1536x1152.jpg 1536w, https:\/\/www.markt-kom.com\/wp-content\/uploads\/2025\/11\/Distorted-Cut-by-Boja-on-99designs-by-Vista-16x12.jpg 16w, https:\/\/www.markt-kom.com\/wp-content\/uploads\/2025\/11\/Distorted-Cut-by-Boja-on-99designs-by-Vista-233x175.jpg 233w, https:\/\/www.markt-kom.com\/wp-content\/uploads\/2025\/11\/Distorted-Cut-by-Boja-on-99designs-by-Vista-467x350.jpg 467w, https:\/\/www.markt-kom.com\/wp-content\/uploads\/2025\/11\/Distorted-Cut-by-Boja-on-99designs-by-Vista-1000x750.jpg 1000w, https:\/\/www.markt-kom.com\/wp-content\/uploads\/2025\/11\/Distorted-Cut-by-Boja-on-99designs-by-Vista-scaled.jpg 1300w\" alt=\"\" width=\"600\" height=\"450\" \/><\/a> <a href=\"https:\/\/www.markt-kom.com\/de\/markom\/mensch-statt-algorithmus-10-grafikdesigntrends-fuer-2026\/attachment\/distorted-cut-by-foggyboxes-on-99designs-by-vista-1\/\"><img class=\"attachment-medium size-medium\" src=\"https:\/\/www.markt-kom.com\/wp-content\/uploads\/2025\/11\/Distorted-Cut-by-foggyboxes-on-99designs-by-Vista-1-319x600.jpeg\" sizes=\"(max-width: 319px) 100vw, 319px\" srcset=\"https:\/\/www.markt-kom.com\/wp-content\/uploads\/2025\/11\/Distorted-Cut-by-foggyboxes-on-99designs-by-Vista-1-319x600.jpeg 319w, https:\/\/www.markt-kom.com\/wp-content\/uploads\/2025\/11\/Distorted-Cut-by-foggyboxes-on-99designs-by-Vista-1-scaled.jpeg 532w, https:\/\/www.markt-kom.com\/wp-content\/uploads\/2025\/11\/Distorted-Cut-by-foggyboxes-on-99designs-by-Vista-1-817x1536.jpeg 817w, https:\/\/www.markt-kom.com\/wp-content\/uploads\/2025\/11\/Distorted-Cut-by-foggyboxes-on-99designs-by-Vista-1-1089x2048.jpeg 1089w, https:\/\/www.markt-kom.com\/wp-content\/uploads\/2025\/11\/Distorted-Cut-by-foggyboxes-on-99designs-by-Vista-1-6x12.jpeg 6w, https:\/\/www.markt-kom.com\/wp-content\/uploads\/2025\/11\/Distorted-Cut-by-foggyboxes-on-99designs-by-Vista-1-93x175.jpeg 93w, https:\/\/www.markt-kom.com\/wp-content\/uploads\/2025\/11\/Distorted-Cut-by-foggyboxes-on-99designs-by-Vista-1-186x350.jpeg 186w, https:\/\/www.markt-kom.com\/wp-content\/uploads\/2025\/11\/Distorted-Cut-by-foggyboxes-on-99designs-by-Vista-1-426x800.jpeg 426w\" alt=\"\" width=\"319\" height=\"600\" \/><\/a> <a href=\"https:\/\/www.markt-kom.com\/de\/markom\/mensch-statt-algorithmus-10-grafikdesigntrends-fuer-2026\/attachment\/distorted-cut-by-foggyboxes-on-99designs-by-vista\/\"><img class=\"attachment-medium size-medium\" src=\"https:\/\/www.markt-kom.com\/wp-content\/uploads\/2025\/11\/Distorted-Cut-by-foggyboxes-on-99designs-by-Vista-408x600.jpeg\" sizes=\"(max-width: 408px) 100vw, 408px\" srcset=\"https:\/\/www.markt-kom.com\/wp-content\/uploads\/2025\/11\/Distorted-Cut-by-foggyboxes-on-99designs-by-Vista-408x600.jpeg 408w, https:\/\/www.markt-kom.com\/wp-content\/uploads\/2025\/11\/Distorted-Cut-by-foggyboxes-on-99designs-by-Vista-scaled.jpeg 680w, https:\/\/www.markt-kom.com\/wp-content\/uploads\/2025\/11\/Distorted-Cut-by-foggyboxes-on-99designs-by-Vista-1044x1536.jpeg 1044w, https:\/\/www.markt-kom.com\/wp-content\/uploads\/2025\/11\/Distorted-Cut-by-foggyboxes-on-99designs-by-Vista-1393x2048.jpeg 1393w, https:\/\/www.markt-kom.com\/wp-content\/uploads\/2025\/11\/Distorted-Cut-by-foggyboxes-on-99designs-by-Vista-8x12.jpeg 8w, https:\/\/www.markt-kom.com\/wp-content\/uploads\/2025\/11\/Distorted-Cut-by-foggyboxes-on-99designs-by-Vista-119x175.jpeg 119w, https:\/\/www.markt-kom.com\/wp-content\/uploads\/2025\/11\/Distorted-Cut-by-foggyboxes-on-99designs-by-Vista-238x350.jpeg 238w, https:\/\/www.markt-kom.com\/wp-content\/uploads\/2025\/11\/Distorted-Cut-by-foggyboxes-on-99designs-by-Vista-544x800.jpeg 544w\" alt=\"\" width=\"408\" height=\"600\" \/><\/a><\/p>\r\n<p><strong>Rullino fotografico Candid Camera<br \/>\r\n<\/strong>Con questa tendenza, i creativi riportano l'autenticit\u00e0 nell'immagine. Istantanee imperfette, grana della pellicola, flash e momenti spontanei trasmettono un senso di familiarit\u00e0 e vicinanza. In combinazione con una tipografia essenziale, nascono design che colpiscono e commuovono per la loro sincerit\u00e0.<\/p>\r\n<p><a href=\"https:\/\/www.markt-kom.com\/de\/markom\/mensch-statt-algorithmus-10-grafikdesigntrends-fuer-2026\/attachment\/candid-camera-roll-by-ananana14-on-99designs-by-vista\/\"><img class=\"attachment-medium size-medium\" src=\"https:\/\/www.markt-kom.com\/wp-content\/uploads\/2025\/11\/Candid-Camera-Roll-by-ananana14-on-99designs-by-Vista-311x600.jpeg\" sizes=\"(max-width: 311px) 100vw, 311px\" srcset=\"https:\/\/www.markt-kom.com\/wp-content\/uploads\/2025\/11\/Candid-Camera-Roll-by-ananana14-on-99designs-by-Vista-311x600.jpeg 311w, https:\/\/www.markt-kom.com\/wp-content\/uploads\/2025\/11\/Candid-Camera-Roll-by-ananana14-on-99designs-by-Vista-531x1024.jpeg 519w, https:\/\/www.markt-kom.com\/wp-content\/uploads\/2025\/11\/Candid-Camera-Roll-by-ananana14-on-99designs-by-Vista-scaled.jpeg 518w, https:\/\/www.markt-kom.com\/wp-content\/uploads\/2025\/11\/Candid-Camera-Roll-by-ananana14-on-99designs-by-Vista-796x1536.jpeg 796w, https:\/\/www.markt-kom.com\/wp-content\/uploads\/2025\/11\/Candid-Camera-Roll-by-ananana14-on-99designs-by-Vista-1061x2048.jpeg 1061w, https:\/\/www.markt-kom.com\/wp-content\/uploads\/2025\/11\/Candid-Camera-Roll-by-ananana14-on-99designs-by-Vista-6x12.jpeg 6w, https:\/\/www.markt-kom.com\/wp-content\/uploads\/2025\/11\/Candid-Camera-Roll-by-ananana14-on-99designs-by-Vista-91x175.jpeg 91w, https:\/\/www.markt-kom.com\/wp-content\/uploads\/2025\/11\/Candid-Camera-Roll-by-ananana14-on-99designs-by-Vista-181x350.jpeg 181w, https:\/\/www.markt-kom.com\/wp-content\/uploads\/2025\/11\/Candid-Camera-Roll-by-ananana14-on-99designs-by-Vista-414x800.jpeg 414w\" alt=\"\" width=\"311\" height=\"600\" \/><\/a> <a href=\"https:\/\/www.markt-kom.com\/de\/markom\/mensch-statt-algorithmus-10-grafikdesigntrends-fuer-2026\/attachment\/candid-camera-roll-by-project-4-on-99designs-by-vista\/\"><img class=\"attachment-medium size-medium\" src=\"https:\/\/www.markt-kom.com\/wp-content\/uploads\/2025\/11\/Candid-Camera-Roll-by-Project-4-on-99designs-by-Vista-300x600.jpeg\" sizes=\"(max-width: 300px) 100vw, 300px\" srcset=\"https:\/\/www.markt-kom.com\/wp-content\/uploads\/2025\/11\/Candid-Camera-Roll-by-Project-4-on-99designs-by-Vista-300x600.jpeg 300w, https:\/\/www.markt-kom.com\/wp-content\/uploads\/2025\/11\/Candid-Camera-Roll-by-Project-4-on-99designs-by-Vista-512x1024.jpeg 512w, https:\/\/www.markt-kom.com\/wp-content\/uploads\/2025\/11\/Candid-Camera-Roll-by-Project-4-on-99designs-by-Vista-scaled.jpeg 500w, https:\/\/www.markt-kom.com\/wp-content\/uploads\/2025\/11\/Candid-Camera-Roll-by-Project-4-on-99designs-by-Vista-768x1536.jpeg 768w, https:\/\/www.markt-kom.com\/wp-content\/uploads\/2025\/11\/Candid-Camera-Roll-by-Project-4-on-99designs-by-Vista-1024x2048.jpeg 1024w, https:\/\/www.markt-kom.com\/wp-content\/uploads\/2025\/11\/Candid-Camera-Roll-by-Project-4-on-99designs-by-Vista-6x12.jpeg 6w, https:\/\/www.markt-kom.com\/wp-content\/uploads\/2025\/11\/Candid-Camera-Roll-by-Project-4-on-99designs-by-Vista-88x175.jpeg 88w, https:\/\/www.markt-kom.com\/wp-content\/uploads\/2025\/11\/Candid-Camera-Roll-by-Project-4-on-99designs-by-Vista-175x350.jpeg 175w, https:\/\/www.markt-kom.com\/wp-content\/uploads\/2025\/11\/Candid-Camera-Roll-by-Project-4-on-99designs-by-Vista-400x800.jpeg 400w\" alt=\"\" width=\"300\" height=\"600\" \/><\/a> <a href=\"https:\/\/www.markt-kom.com\/de\/markom\/mensch-statt-algorithmus-10-grafikdesigntrends-fuer-2026\/attachment\/candid-camera-roll-by-thisisremedy-on-99designs-by-vista\/\"><img class=\"attachment-medium size-medium\" src=\"https:\/\/www.markt-kom.com\/wp-content\/uploads\/2025\/11\/Candid-Camera-Roll-by-thisisremedy-on-99designs-by-Vista-300x600.png\" sizes=\"(max-width: 300px) 100vw, 300px\" srcset=\"https:\/\/www.markt-kom.com\/wp-content\/uploads\/2025\/11\/Candid-Camera-Roll-by-thisisremedy-on-99designs-by-Vista-300x600.png 300w, https:\/\/www.markt-kom.com\/wp-content\/uploads\/2025\/11\/Candid-Camera-Roll-by-thisisremedy-on-99designs-by-Vista-scaled.png 500w, https:\/\/www.markt-kom.com\/wp-content\/uploads\/2025\/11\/Candid-Camera-Roll-by-thisisremedy-on-99designs-by-Vista-768x1536.png 768w, https:\/\/www.markt-kom.com\/wp-content\/uploads\/2025\/11\/Candid-Camera-Roll-by-thisisremedy-on-99designs-by-Vista-1024x2048.png 1024w, https:\/\/www.markt-kom.com\/wp-content\/uploads\/2025\/11\/Candid-Camera-Roll-by-thisisremedy-on-99designs-by-Vista-6x12.png 6w, https:\/\/www.markt-kom.com\/wp-content\/uploads\/2025\/11\/Candid-Camera-Roll-by-thisisremedy-on-99designs-by-Vista-88x175.png 88w, https:\/\/www.markt-kom.com\/wp-content\/uploads\/2025\/11\/Candid-Camera-Roll-by-thisisremedy-on-99designs-by-Vista-175x350.png 175w, https:\/\/www.markt-kom.com\/wp-content\/uploads\/2025\/11\/Candid-Camera-Roll-by-thisisremedy-on-99designs-by-Vista-400x800.png 400w\" alt=\"\" width=\"300\" height=\"600\" \/><\/a><\/p>\r\n<p><strong>Iper-fioritura<br \/>\r\n<\/strong>A volte \u00e8 necessario un rifugio visivo, un luogo dove poter respirare a fondo. Morbide sfumature, delicati motivi floreali e tonalit\u00e0 pastello polverose trasportano in un mondo a met\u00e0 tra sogno e realt\u00e0. Lo stile sembra essere l'antitesi della frenesia della vita quotidiana e apre lo spazio alla leggerezza, all'ottimismo e a un po' di fantasticheria.<\/p>\r\n<p><a href=\"https:\/\/www.markt-kom.com\/de\/markom\/mensch-statt-algorithmus-10-grafikdesigntrends-fuer-2026\/attachment\/hyper-bloom-by-oktagon-on-99designs-by-vista\/\"><img class=\"attachment-medium size-medium\" src=\"https:\/\/www.markt-kom.com\/wp-content\/uploads\/2025\/11\/Hyper-Bloom-by-oktagon-on-99designs-by-Vista-600x450.png\" sizes=\"(max-width: 600px) 100vw, 600px\" srcset=\"https:\/\/www.markt-kom.com\/wp-content\/uploads\/2025\/11\/Hyper-Bloom-by-oktagon-on-99designs-by-Vista-600x450.png 600w, https:\/\/www.markt-kom.com\/wp-content\/uploads\/2025\/11\/Hyper-Bloom-by-oktagon-on-99designs-by-Vista-1024x768.png 1024w, https:\/\/www.markt-kom.com\/wp-content\/uploads\/2025\/11\/Hyper-Bloom-by-oktagon-on-99designs-by-Vista-768x576.png 768w, https:\/\/www.markt-kom.com\/wp-content\/uploads\/2025\/11\/Hyper-Bloom-by-oktagon-on-99designs-by-Vista-1536x1152.png 1536w, https:\/\/www.markt-kom.com\/wp-content\/uploads\/2025\/11\/Hyper-Bloom-by-oktagon-on-99designs-by-Vista-16x12.png 16w, https:\/\/www.markt-kom.com\/wp-content\/uploads\/2025\/11\/Hyper-Bloom-by-oktagon-on-99designs-by-Vista-233x175.png 233w, https:\/\/www.markt-kom.com\/wp-content\/uploads\/2025\/11\/Hyper-Bloom-by-oktagon-on-99designs-by-Vista-467x350.png 467w, https:\/\/www.markt-kom.com\/wp-content\/uploads\/2025\/11\/Hyper-Bloom-by-oktagon-on-99designs-by-Vista-1000x750.png 1000w, https:\/\/www.markt-kom.com\/wp-content\/uploads\/2025\/11\/Hyper-Bloom-by-oktagon-on-99designs-by-Vista-scaled.png 1300w\" alt=\"\" width=\"600\" height=\"450\" \/><\/a> <a href=\"https:\/\/www.markt-kom.com\/de\/markom\/mensch-statt-algorithmus-10-grafikdesigntrends-fuer-2026\/attachment\/hyper-bloom-by-pecas-carola-beker-on-99designs-by-vista\/\"><img class=\"attachment-medium size-medium\" src=\"https:\/\/www.markt-kom.com\/wp-content\/uploads\/2025\/11\/Hyper-Bloom-by-pecas\u2122-Carola-Beker-on-99designs-by-Vista-291x600.jpeg\" sizes=\"(max-width: 291px) 100vw, 291px\" srcset=\"https:\/\/www.markt-kom.com\/wp-content\/uploads\/2025\/11\/Hyper-Bloom-by-pecas\u2122-Carola-Beker-on-99designs-by-Vista-291x600.jpeg 291w, https:\/\/www.markt-kom.com\/wp-content\/uploads\/2025\/11\/Hyper-Bloom-by-pecas\u2122-Carola-Beker-on-99designs-by-Vista-scaled.jpeg 485w, https:\/\/www.markt-kom.com\/wp-content\/uploads\/2025\/11\/Hyper-Bloom-by-pecas\u2122-Carola-Beker-on-99designs-by-Vista-745x1536.jpeg 745w, https:\/\/www.markt-kom.com\/wp-content\/uploads\/2025\/11\/Hyper-Bloom-by-pecas\u2122-Carola-Beker-on-99designs-by-Vista-993x2048.jpeg 993w, https:\/\/www.markt-kom.com\/wp-content\/uploads\/2025\/11\/Hyper-Bloom-by-pecas\u2122-Carola-Beker-on-99designs-by-Vista-6x12.jpeg 6w, https:\/\/www.markt-kom.com\/wp-content\/uploads\/2025\/11\/Hyper-Bloom-by-pecas\u2122-Carola-Beker-on-99designs-by-Vista-85x175.jpeg 85w, https:\/\/www.markt-kom.com\/wp-content\/uploads\/2025\/11\/Hyper-Bloom-by-pecas\u2122-Carola-Beker-on-99designs-by-Vista-170x350.jpeg 170w, https:\/\/www.markt-kom.com\/wp-content\/uploads\/2025\/11\/Hyper-Bloom-by-pecas\u2122-Carola-Beker-on-99designs-by-Vista-388x800.jpeg 388w\" alt=\"\" width=\"291\" height=\"600\" \/><\/a><\/p>\r\n<p><strong>Digit-Cute<br \/>\r\n<\/strong>L'estetica oscilla tra nostalgia e giocosit\u00e0 digitale e mette subito di buon umore. Strutture chiare si combinano con grafiche pixelate colorate, simpatici personaggi e colori vivaci. Il look sprigiona il fascino dei primi videogiochi e della cultura pop. Proprio perch\u00e9 cos\u00ec giocoso, \u00e8 particolarmente raffinato dal punto di vista creativo.<\/p>\r\n<p><a href=\"https:\/\/www.markt-kom.com\/de\/markom\/mensch-statt-algorithmus-10-grafikdesigntrends-fuer-2026\/attachment\/digi-cute-by-alex-serada-on-99designs-by-vista\/\"><img class=\"attachment-medium size-medium\" src=\"https:\/\/www.markt-kom.com\/wp-content\/uploads\/2025\/11\/Digi-Cute-by-Alex-Serada-on-99designs-by-Vista-398x600.jpeg\" sizes=\"(max-width: 398px) 100vw, 398px\" srcset=\"https:\/\/www.markt-kom.com\/wp-content\/uploads\/2025\/11\/Digi-Cute-by-Alex-Serada-on-99designs-by-Vista-398x600.jpeg 398w, https:\/\/www.markt-kom.com\/wp-content\/uploads\/2025\/11\/Digi-Cute-by-Alex-Serada-on-99designs-by-Vista-scaled.jpeg 664w, https:\/\/www.markt-kom.com\/wp-content\/uploads\/2025\/11\/Digi-Cute-by-Alex-Serada-on-99designs-by-Vista-1020x1536.jpeg 1020w, https:\/\/www.markt-kom.com\/wp-content\/uploads\/2025\/11\/Digi-Cute-by-Alex-Serada-on-99designs-by-Vista-1360x2048.jpeg 1360w, https:\/\/www.markt-kom.com\/wp-content\/uploads\/2025\/11\/Digi-Cute-by-Alex-Serada-on-99designs-by-Vista-8x12.jpeg 8w, https:\/\/www.markt-kom.com\/wp-content\/uploads\/2025\/11\/Digi-Cute-by-Alex-Serada-on-99designs-by-Vista-116x175.jpeg 116w, https:\/\/www.markt-kom.com\/wp-content\/uploads\/2025\/11\/Digi-Cute-by-Alex-Serada-on-99designs-by-Vista-232x350.jpeg 232w, https:\/\/www.markt-kom.com\/wp-content\/uploads\/2025\/11\/Digi-Cute-by-Alex-Serada-on-99designs-by-Vista-531x800.jpeg 531w\" alt=\"\" width=\"398\" height=\"600\" \/><\/a> <a href=\"https:\/\/www.markt-kom.com\/de\/markom\/mensch-statt-algorithmus-10-grafikdesigntrends-fuer-2026\/attachment\/digi-cute-by-ian-douglas-on-99designs-by-vista\/\"><img class=\"attachment-medium size-medium\" src=\"https:\/\/www.markt-kom.com\/wp-content\/uploads\/2025\/11\/Digi-Cute-by-Ian-Douglas-on-99designs-by-Vista-144x600.jpg\" sizes=\"(max-width: 144px) 100vw, 144px\" srcset=\"https:\/\/www.markt-kom.com\/wp-content\/uploads\/2025\/11\/Digi-Cute-by-Ian-Douglas-on-99designs-by-Vista-144x600.jpg 144w, https:\/\/www.markt-kom.com\/wp-content\/uploads\/2025\/11\/Digi-Cute-by-Ian-Douglas-on-99designs-by-Vista-3x12.jpg 3w, https:\/\/www.markt-kom.com\/wp-content\/uploads\/2025\/11\/Digi-Cute-by-Ian-Douglas-on-99designs-by-Vista-42x175.jpg 42w, https:\/\/www.markt-kom.com\/wp-content\/uploads\/2025\/11\/Digi-Cute-by-Ian-Douglas-on-99designs-by-Vista-84x350.jpg 84w\" alt=\"\" width=\"144\" height=\"600\" \/><\/a> <a href=\"https:\/\/www.markt-kom.com\/de\/markom\/mensch-statt-algorithmus-10-grafikdesigntrends-fuer-2026\/attachment\/digi-cute-by-inqueen-on-99designs-by-vista\/\"><img class=\"attachment-medium size-medium\" src=\"https:\/\/www.markt-kom.com\/wp-content\/uploads\/2025\/11\/Digi-Cute-by-InQueen-on-99designs-by-Vista-600x333.jpeg\" sizes=\"(max-width: 600px) 100vw, 600px\" srcset=\"https:\/\/www.markt-kom.com\/wp-content\/uploads\/2025\/11\/Digi-Cute-by-InQueen-on-99designs-by-Vista-600x333.jpeg 600w, https:\/\/www.markt-kom.com\/wp-content\/uploads\/2025\/11\/Digi-Cute-by-InQueen-on-99designs-by-Vista-1024x569.jpeg 1024w, https:\/\/www.markt-kom.com\/wp-content\/uploads\/2025\/11\/Digi-Cute-by-InQueen-on-99designs-by-Vista-768x427.jpeg 768w, https:\/\/www.markt-kom.com\/wp-content\/uploads\/2025\/11\/Digi-Cute-by-InQueen-on-99designs-by-Vista-1536x853.jpeg 1536w, https:\/\/www.markt-kom.com\/wp-content\/uploads\/2025\/11\/Digi-Cute-by-InQueen-on-99designs-by-Vista-18x10.jpeg 18w, https:\/\/www.markt-kom.com\/wp-content\/uploads\/2025\/11\/Digi-Cute-by-InQueen-on-99designs-by-Vista-315x175.jpeg 315w, https:\/\/www.markt-kom.com\/wp-content\/uploads\/2025\/11\/Digi-Cute-by-InQueen-on-99designs-by-Vista-630x350.jpeg 630w, https:\/\/www.markt-kom.com\/wp-content\/uploads\/2025\/11\/Digi-Cute-by-InQueen-on-99designs-by-Vista-1000x556.jpeg 1000w, https:\/\/www.markt-kom.com\/wp-content\/uploads\/2025\/11\/Digi-Cute-by-InQueen-on-99designs-by-Vista-scaled.jpeg 1300w\" alt=\"\" width=\"600\" height=\"333\" \/><\/a> <a href=\"https:\/\/www.markt-kom.com\/de\/markom\/mensch-statt-algorithmus-10-grafikdesigntrends-fuer-2026\/attachment\/digi-cute-by-musework-on-99designs-by-vista\/\"><img class=\"attachment-medium size-medium\" src=\"https:\/\/www.markt-kom.com\/wp-content\/uploads\/2025\/11\/Digi-Cute-by-musework-on-99designs-by-Vista-600x600.png\" sizes=\"(max-width: 600px) 100vw, 600px\" srcset=\"https:\/\/www.markt-kom.com\/wp-content\/uploads\/2025\/11\/Digi-Cute-by-musework-on-99designs-by-Vista-600x600.png 600w, https:\/\/www.markt-kom.com\/wp-content\/uploads\/2025\/11\/Digi-Cute-by-musework-on-99designs-by-Vista-150x150.png 150w, https:\/\/www.markt-kom.com\/wp-content\/uploads\/2025\/11\/Digi-Cute-by-musework-on-99designs-by-Vista-768x768.png 768w, https:\/\/www.markt-kom.com\/wp-content\/uploads\/2025\/11\/Digi-Cute-by-musework-on-99designs-by-Vista-12x12.png 12w, https:\/\/www.markt-kom.com\/wp-content\/uploads\/2025\/11\/Digi-Cute-by-musework-on-99designs-by-Vista-175x175.png 175w, https:\/\/www.markt-kom.com\/wp-content\/uploads\/2025\/11\/Digi-Cute-by-musework-on-99designs-by-Vista-350x350.png 350w, https:\/\/www.markt-kom.com\/wp-content\/uploads\/2025\/11\/Digi-Cute-by-musework-on-99designs-by-Vista-800x800.png 800w, https:\/\/www.markt-kom.com\/wp-content\/uploads\/2025\/11\/Digi-Cute-by-musework-on-99designs-by-Vista.png 960w\" alt=\"\" width=\"600\" height=\"600\" \/><\/a><\/p>\r\n<p><strong>Micro-industriale<br \/>\r\n<\/strong>Ci\u00f2 che prima era puramente funzionale, ora diventa un concetto di design. Ispirato dagli imballaggi, dalle etichette tecniche e dalla grafica informativa, si sta affermando uno stile di design che celebra la chiarezza. L'uso mirato di elementi come codici a barre, codici QR e strutture a griglia conferisce ai progetti un'estetica grezza, sobria e allo stesso tempo moderna.<\/p>\r\n<p><a href=\"https:\/\/www.markt-kom.com\/de\/markom\/mensch-statt-algorithmus-10-grafikdesigntrends-fuer-2026\/attachment\/micro-industrial-by-ian-douglas-on-99designs-by-vista\/\"><img class=\"attachment-medium size-medium\" src=\"https:\/\/www.markt-kom.com\/wp-content\/uploads\/2025\/11\/Micro-Industrial-by-Ian-Douglas-on-99designs-by-Vista-204x600.jpg\" sizes=\"(max-width: 204px) 100vw, 204px\" srcset=\"https:\/\/www.markt-kom.com\/wp-content\/uploads\/2025\/11\/Micro-Industrial-by-Ian-Douglas-on-99designs-by-Vista-204x600.jpg 204w, https:\/\/www.markt-kom.com\/wp-content\/uploads\/2025\/11\/Micro-Industrial-by-Ian-Douglas-on-99designs-by-Vista-scaled.jpg 340w, https:\/\/www.markt-kom.com\/wp-content\/uploads\/2025\/11\/Micro-Industrial-by-Ian-Douglas-on-99designs-by-Vista-522x1536.jpg 522w, https:\/\/www.markt-kom.com\/wp-content\/uploads\/2025\/11\/Micro-Industrial-by-Ian-Douglas-on-99designs-by-Vista-696x2048.jpg 696w, https:\/\/www.markt-kom.com\/wp-content\/uploads\/2025\/11\/Micro-Industrial-by-Ian-Douglas-on-99designs-by-Vista-4x12.jpg 4w, https:\/\/www.markt-kom.com\/wp-content\/uploads\/2025\/11\/Micro-Industrial-by-Ian-Douglas-on-99designs-by-Vista-60x175.jpg 60w, https:\/\/www.markt-kom.com\/wp-content\/uploads\/2025\/11\/Micro-Industrial-by-Ian-Douglas-on-99designs-by-Vista-119x350.jpg 119w, https:\/\/www.markt-kom.com\/wp-content\/uploads\/2025\/11\/Micro-Industrial-by-Ian-Douglas-on-99designs-by-Vista-272x800.jpg 272w\" alt=\"\" width=\"204\" height=\"600\" \/><\/a> <a href=\"https:\/\/www.markt-kom.com\/de\/markom\/mensch-statt-algorithmus-10-grafikdesigntrends-fuer-2026\/attachment\/micro-industrial-by-daddu-media-on-99designs-by-vista\/\"><img class=\"attachment-medium size-medium\" src=\"https:\/\/www.markt-kom.com\/wp-content\/uploads\/2025\/11\/Micro-Industrial-by-Daddu-Media-on-99designs-by-Vista-417x600.jpeg\" sizes=\"(max-width: 417px) 100vw, 417px\" srcset=\"https:\/\/www.markt-kom.com\/wp-content\/uploads\/2025\/11\/Micro-Industrial-by-Daddu-Media-on-99designs-by-Vista-417x600.jpeg 417w, https:\/\/www.markt-kom.com\/wp-content\/uploads\/2025\/11\/Micro-Industrial-by-Daddu-Media-on-99designs-by-Vista-712x1024.jpeg 712w, https:\/\/www.markt-kom.com\/wp-content\/uploads\/2025\/11\/Micro-Industrial-by-Daddu-Media-on-99designs-by-Vista-scaled.jpeg 695w, https:\/\/www.markt-kom.com\/wp-content\/uploads\/2025\/11\/Micro-Industrial-by-Daddu-Media-on-99designs-by-Vista-1067x1536.jpeg 1067w, https:\/\/www.markt-kom.com\/wp-content\/uploads\/2025\/11\/Micro-Industrial-by-Daddu-Media-on-99designs-by-Vista-1423x2048.jpeg 1423w, https:\/\/www.markt-kom.com\/wp-content\/uploads\/2025\/11\/Micro-Industrial-by-Daddu-Media-on-99designs-by-Vista-8x12.jpeg 8w, https:\/\/www.markt-kom.com\/wp-content\/uploads\/2025\/11\/Micro-Industrial-by-Daddu-Media-on-99designs-by-Vista-122x175.jpeg 122w, https:\/\/www.markt-kom.com\/wp-content\/uploads\/2025\/11\/Micro-Industrial-by-Daddu-Media-on-99designs-by-Vista-243x350.jpeg 243w, https:\/\/www.markt-kom.com\/wp-content\/uploads\/2025\/11\/Micro-Industrial-by-Daddu-Media-on-99designs-by-Vista-556x800.jpeg 556w\" alt=\"\" width=\"417\" height=\"600\" \/><\/a> <a href=\"https:\/\/www.markt-kom.com\/de\/markom\/mensch-statt-algorithmus-10-grafikdesigntrends-fuer-2026\/attachment\/micro-industrial-by-ian-douglas-on-99designs-by-vista-1\/\"><img class=\"attachment-medium size-medium\" src=\"https:\/\/www.markt-kom.com\/wp-content\/uploads\/2025\/11\/Micro-Industrial-by-Ian-Douglas-on-99designs-by-Vista-1-225x600.jpeg\" sizes=\"(max-width: 225px) 100vw, 225px\" srcset=\"https:\/\/www.markt-kom.com\/wp-content\/uploads\/2025\/11\/Micro-Industrial-by-Ian-Douglas-on-99designs-by-Vista-1-225x600.jpeg 225w, https:\/\/www.markt-kom.com\/wp-content\/uploads\/2025\/11\/Micro-Industrial-by-Ian-Douglas-on-99designs-by-Vista-1-384x1024.jpeg 384w, https:\/\/www.markt-kom.com\/wp-content\/uploads\/2025\/11\/Micro-Industrial-by-Ian-Douglas-on-99designs-by-Vista-1-577x1536.jpeg 577w, https:\/\/www.markt-kom.com\/wp-content\/uploads\/2025\/11\/Micro-Industrial-by-Ian-Douglas-on-99designs-by-Vista-1-769x2048.jpeg 769w, https:\/\/www.markt-kom.com\/wp-content\/uploads\/2025\/11\/Micro-Industrial-by-Ian-Douglas-on-99designs-by-Vista-1-5x12.jpeg 5w, https:\/\/www.markt-kom.com\/wp-content\/uploads\/2025\/11\/Micro-Industrial-by-Ian-Douglas-on-99designs-by-Vista-1-66x175.jpeg 66w, https:\/\/www.markt-kom.com\/wp-content\/uploads\/2025\/11\/Micro-Industrial-by-Ian-Douglas-on-99designs-by-Vista-1-131x350.jpeg 131w, https:\/\/www.markt-kom.com\/wp-content\/uploads\/2025\/11\/Micro-Industrial-by-Ian-Douglas-on-99designs-by-Vista-1-300x800.jpeg 300w\" alt=\"\" width=\"225\" height=\"600\" \/><\/a> <a href=\"https:\/\/www.markt-kom.com\/de\/markom\/mensch-statt-algorithmus-10-grafikdesigntrends-fuer-2026\/attachment\/micro-industrial-by-goopanic-on-99designs-by-vista\/\"><img class=\"attachment-medium size-medium\" src=\"https:\/\/www.markt-kom.com\/wp-content\/uploads\/2025\/11\/Micro-Industrial-by-goopanic-on-99designs-by-Vista-152x600.png\" sizes=\"(max-width: 152px) 100vw, 152px\" srcset=\"https:\/\/www.markt-kom.com\/wp-content\/uploads\/2025\/11\/Micro-Industrial-by-goopanic-on-99designs-by-Vista-152x600.png 152w, https:\/\/www.markt-kom.com\/wp-content\/uploads\/2025\/11\/Micro-Industrial-by-goopanic-on-99designs-by-Vista-768x3031.png 253w, https:\/\/www.markt-kom.com\/wp-content\/uploads\/2025\/11\/Micro-Industrial-by-goopanic-on-99designs-by-Vista-389x1536.png 389w, https:\/\/www.markt-kom.com\/wp-content\/uploads\/2025\/11\/Micro-Industrial-by-goopanic-on-99designs-by-Vista-519x2048.png 519w, https:\/\/www.markt-kom.com\/wp-content\/uploads\/2025\/11\/Micro-Industrial-by-goopanic-on-99designs-by-Vista-3x12.png 3w, https:\/\/www.markt-kom.com\/wp-content\/uploads\/2025\/11\/Micro-Industrial-by-goopanic-on-99designs-by-Vista-44x175.png 44w, https:\/\/www.markt-kom.com\/wp-content\/uploads\/2025\/11\/Micro-Industrial-by-goopanic-on-99designs-by-Vista-89x350.png 89w, https:\/\/www.markt-kom.com\/wp-content\/uploads\/2025\/11\/Micro-Industrial-by-goopanic-on-99designs-by-Vista-203x800.png 203w\" alt=\"\" width=\"152\" height=\"600\" \/><\/a> <a href=\"https:\/\/www.markt-kom.com\/de\/markom\/mensch-statt-algorithmus-10-grafikdesigntrends-fuer-2026\/attachment\/micro-industrial-by-boja-on-99designs-by-vista\/\"><img class=\"attachment-medium size-medium\" src=\"https:\/\/www.markt-kom.com\/wp-content\/uploads\/2025\/11\/Micro-Industrial-by-Boja-on-99designs-by-Vista-600x450.jpg\" sizes=\"(max-width: 600px) 100vw, 600px\" srcset=\"https:\/\/www.markt-kom.com\/wp-content\/uploads\/2025\/11\/Micro-Industrial-by-Boja-on-99designs-by-Vista-600x450.jpg 600w, https:\/\/www.markt-kom.com\/wp-content\/uploads\/2025\/11\/Micro-Industrial-by-Boja-on-99designs-by-Vista-1024x768.jpg 1024w, https:\/\/www.markt-kom.com\/wp-content\/uploads\/2025\/11\/Micro-Industrial-by-Boja-on-99designs-by-Vista-768x576.jpg 768w, https:\/\/www.markt-kom.com\/wp-content\/uploads\/2025\/11\/Micro-Industrial-by-Boja-on-99designs-by-Vista-1536x1152.jpg 1536w, https:\/\/www.markt-kom.com\/wp-content\/uploads\/2025\/11\/Micro-Industrial-by-Boja-on-99designs-by-Vista-16x12.jpg 16w, https:\/\/www.markt-kom.com\/wp-content\/uploads\/2025\/11\/Micro-Industrial-by-Boja-on-99designs-by-Vista-233x175.jpg 233w, https:\/\/www.markt-kom.com\/wp-content\/uploads\/2025\/11\/Micro-Industrial-by-Boja-on-99designs-by-Vista-467x350.jpg 467w, https:\/\/www.markt-kom.com\/wp-content\/uploads\/2025\/11\/Micro-Industrial-by-Boja-on-99designs-by-Vista-1000x750.jpg 1000w, https:\/\/www.markt-kom.com\/wp-content\/uploads\/2025\/11\/Micro-Industrial-by-Boja-on-99designs-by-Vista-scaled.jpg 1300w\" alt=\"\" width=\"600\" height=\"450\" \/><\/a> <a href=\"https:\/\/www.markt-kom.com\/de\/markom\/mensch-statt-algorithmus-10-grafikdesigntrends-fuer-2026\/attachment\/micro-industrial-by-smdiscover-on-99designs-by-vista\/\"><img class=\"attachment-medium size-medium\" src=\"https:\/\/www.markt-kom.com\/wp-content\/uploads\/2025\/11\/Micro-Industrial-by-Smdiscover-on-99designs-by-Vista-600x600.jpeg\" sizes=\"(max-width: 600px) 100vw, 600px\" srcset=\"https:\/\/www.markt-kom.com\/wp-content\/uploads\/2025\/11\/Micro-Industrial-by-Smdiscover-on-99designs-by-Vista-600x600.jpeg 600w, https:\/\/www.markt-kom.com\/wp-content\/uploads\/2025\/11\/Micro-Industrial-by-Smdiscover-on-99designs-by-Vista-scaled.jpeg 1000w, https:\/\/www.markt-kom.com\/wp-content\/uploads\/2025\/11\/Micro-Industrial-by-Smdiscover-on-99designs-by-Vista-150x150.jpeg 150w, https:\/\/www.markt-kom.com\/wp-content\/uploads\/2025\/11\/Micro-Industrial-by-Smdiscover-on-99designs-by-Vista-768x768.jpeg 768w, https:\/\/www.markt-kom.com\/wp-content\/uploads\/2025\/11\/Micro-Industrial-by-Smdiscover-on-99designs-by-Vista-1536x1536.jpeg 1536w, https:\/\/www.markt-kom.com\/wp-content\/uploads\/2025\/11\/Micro-Industrial-by-Smdiscover-on-99designs-by-Vista-12x12.jpeg 12w, https:\/\/www.markt-kom.com\/wp-content\/uploads\/2025\/11\/Micro-Industrial-by-Smdiscover-on-99designs-by-Vista-175x175.jpeg 175w, https:\/\/www.markt-kom.com\/wp-content\/uploads\/2025\/11\/Micro-Industrial-by-Smdiscover-on-99designs-by-Vista-350x350.jpeg 350w, https:\/\/www.markt-kom.com\/wp-content\/uploads\/2025\/11\/Micro-Industrial-by-Smdiscover-on-99designs-by-Vista-800x800.jpeg 800w\" alt=\"\" width=\"600\" height=\"600\" \/><\/a><\/p>\r\n<p><strong>Neon Noir<br \/>\r\n<\/strong>Cupo, intenso e ricco di suspense: lo stile ricorda le scene di un film neo-noir. Colori vivaci, come il rosso elettrico, si scontrano con il nero profondo, combinati con sfocature di movimento e texture ruvide. Il look urbano ed energico cattura immediatamente l'attenzione e rimane a lungo impresso nella mente.<\/p>\r\n<p><a href=\"https:\/\/www.markt-kom.com\/de\/markom\/mensch-statt-algorithmus-10-grafikdesigntrends-fuer-2026\/attachment\/neon-noir-by-adamk-on-99designs-by-vista\/\"><img class=\"attachment-medium size-medium\" src=\"https:\/\/www.markt-kom.com\/wp-content\/uploads\/2025\/11\/Neon-Noir-by-adamk.-on-99designs-by-Vista-163x600.jpeg\" sizes=\"(max-width: 163px) 100vw, 163px\" srcset=\"https:\/\/www.markt-kom.com\/wp-content\/uploads\/2025\/11\/Neon-Noir-by-adamk.-on-99designs-by-Vista-163x600.jpeg 163w, https:\/\/www.markt-kom.com\/wp-content\/uploads\/2025\/11\/Neon-Noir-by-adamk.-on-99designs-by-Vista-scaled.jpeg 271w, https:\/\/www.markt-kom.com\/wp-content\/uploads\/2025\/11\/Neon-Noir-by-adamk.-on-99designs-by-Vista-417x1536.jpeg 417w, https:\/\/www.markt-kom.com\/wp-content\/uploads\/2025\/11\/Neon-Noir-by-adamk.-on-99designs-by-Vista-555x2048.jpeg 555w, https:\/\/www.markt-kom.com\/wp-content\/uploads\/2025\/11\/Neon-Noir-by-adamk.-on-99designs-by-Vista-3x12.jpeg 3w, https:\/\/www.markt-kom.com\/wp-content\/uploads\/2025\/11\/Neon-Noir-by-adamk.-on-99designs-by-Vista-95x350.jpeg 95w, https:\/\/www.markt-kom.com\/wp-content\/uploads\/2025\/11\/Neon-Noir-by-adamk.-on-99designs-by-Vista-217x800.jpeg 217w\" alt=\"\" width=\"163\" height=\"600\" \/><\/a> <a href=\"https:\/\/www.markt-kom.com\/de\/markom\/mensch-statt-algorithmus-10-grafikdesigntrends-fuer-2026\/attachment\/neon-noir-by-merci-dsgn-on-99designs-by-vista\/\"><img class=\"attachment-medium size-medium\" src=\"https:\/\/www.markt-kom.com\/wp-content\/uploads\/2025\/11\/Neon-Noir-by-merci-dsgn-on-99designs-by-Vista-262x600.jpeg\" sizes=\"(max-width: 262px) 100vw, 262px\" srcset=\"https:\/\/www.markt-kom.com\/wp-content\/uploads\/2025\/11\/Neon-Noir-by-merci-dsgn-on-99designs-by-Vista-262x600.jpeg 262w, https:\/\/www.markt-kom.com\/wp-content\/uploads\/2025\/11\/Neon-Noir-by-merci-dsgn-on-99designs-by-Vista-scaled.jpeg 437w, https:\/\/www.markt-kom.com\/wp-content\/uploads\/2025\/11\/Neon-Noir-by-merci-dsgn-on-99designs-by-Vista-672x1536.jpeg 672w, https:\/\/www.markt-kom.com\/wp-content\/uploads\/2025\/11\/Neon-Noir-by-merci-dsgn-on-99designs-by-Vista-896x2048.jpeg 896w, https:\/\/www.markt-kom.com\/wp-content\/uploads\/2025\/11\/Neon-Noir-by-merci-dsgn-on-99designs-by-Vista-5x12.jpeg 5w, https:\/\/www.markt-kom.com\/wp-content\/uploads\/2025\/11\/Neon-Noir-by-merci-dsgn-on-99designs-by-Vista-77x175.jpeg 77w, https:\/\/www.markt-kom.com\/wp-content\/uploads\/2025\/11\/Neon-Noir-by-merci-dsgn-on-99designs-by-Vista-153x350.jpeg 153w, https:\/\/www.markt-kom.com\/wp-content\/uploads\/2025\/11\/Neon-Noir-by-merci-dsgn-on-99designs-by-Vista-350x800.jpeg 350w\" alt=\"\" width=\"262\" height=\"600\" \/><\/a> <a href=\"https:\/\/www.markt-kom.com\/de\/markom\/mensch-statt-algorithmus-10-grafikdesigntrends-fuer-2026\/attachment\/neon-noir-by-voinch-visuals-on-99designs-by-vista\/\"><img class=\"attachment-medium size-medium\" src=\"https:\/\/www.markt-kom.com\/wp-content\/uploads\/2025\/11\/Neon-Noir-by-Voinch-Visuals-on-99designs-by-Vista-600x600.jpeg\" sizes=\"(max-width: 600px) 100vw, 600px\" srcset=\"https:\/\/www.markt-kom.com\/wp-content\/uploads\/2025\/11\/Neon-Noir-by-Voinch-Visuals-on-99designs-by-Vista-600x600.jpeg 600w, https:\/\/www.markt-kom.com\/wp-content\/uploads\/2025\/11\/Neon-Noir-by-Voinch-Visuals-on-99designs-by-Vista-scaled.jpeg 1000w, https:\/\/www.markt-kom.com\/wp-content\/uploads\/2025\/11\/Neon-Noir-by-Voinch-Visuals-on-99designs-by-Vista-150x150.jpeg 150w, https:\/\/www.markt-kom.com\/wp-content\/uploads\/2025\/11\/Neon-Noir-by-Voinch-Visuals-on-99designs-by-Vista-768x768.jpeg 768w, https:\/\/www.markt-kom.com\/wp-content\/uploads\/2025\/11\/Neon-Noir-by-Voinch-Visuals-on-99designs-by-Vista-12x12.jpeg 12w, https:\/\/www.markt-kom.com\/wp-content\/uploads\/2025\/11\/Neon-Noir-by-Voinch-Visuals-on-99designs-by-Vista-175x175.jpeg 175w, https:\/\/www.markt-kom.com\/wp-content\/uploads\/2025\/11\/Neon-Noir-by-Voinch-Visuals-on-99designs-by-Vista-350x350.jpeg 350w, https:\/\/www.markt-kom.com\/wp-content\/uploads\/2025\/11\/Neon-Noir-by-Voinch-Visuals-on-99designs-by-Vista-800x800.jpeg 800w\" alt=\"\" width=\"600\" height=\"600\" \/><\/a><\/p>\r\n<p>&nbsp;<\/p>\r\n<p><strong>Frutiger Aero Revival<br \/>\r\n<\/strong>Un accenno di futuro, cos\u00ec come lo si immaginava in passato: superfici lucide, delicate sfumature di colore e forme fluide riprendono l'estetica tecnologica dei primi anni 2000. Elementi come l'acqua, il cielo o i mondi vegetali digitali conferiscono ai design una leggerezza quasi onirica. Lo stile \u00e8 un affettuoso ritorno al passato, a un'epoca in cui la tecnologia era ancora considerata una promessa.<\/p>\r\n<p><strong>Conclusione:<br \/>\r\n<\/strong>Il design pu\u00f2 tornare a essere emotivo, a mostrare carattere e ad avere spigoli. Per distinguersi come marchio non servono pi\u00f9 il logo pi\u00f9 elegante o l'immagine pi\u00f9 perfetta, ma personalit\u00e0, coraggio e un messaggio chiaro. Il 2026 sar\u00e0 l'anno in cui conter\u00e0 l'autenticit\u00e0. E la cosa migliore \u00e8 che sar\u00e0 creativo, vivace e sorprendentemente bello.<\/p>\r\n<hr \/>\r\n<p><strong>Informazioni dettagliate sulle tendenze 2026:<\/strong> <a href=\"https:\/\/www.vistaprint.de\/hub\/grafikdesign-trends\">https:\/\/www.vistaprint.de\/hub\/grafikdesign-trends<\/a><\/p>\r\n<p><em>VistaPrint \u00e8 il partner di design e marketing di milioni di piccole imprese in tutto il mondo. L'azienda globale impiega attualmente dipendenti in pi\u00f9 di 25 paesi, che possono lavorare continuamente da remoto. Da oltre 20 anni Vista collabora strettamente con le piccole imprese, traendo ispirazione da esse e facendo tutto il possibile per offrire soluzioni alle loro esigenze individuali.\u00a0<\/em><\/p>\r\n<p>&nbsp;<\/p>","protected":false},"excerpt":{"rendered":"<p>Il 2026 sar\u00e0 l'anno in cui il graphic design torner\u00e0 a mostrare il suo lato umano. Mentre l'intelligenza artificiale assume un ruolo sempre pi\u00f9 importante nella vita quotidiana, cresce il desiderio di autenticit\u00e0, di progetti che sappiano emozionare. \u00c8 questa la conclusione a cui \u00e8 giunta VistaPrint sulla base delle osservazioni approfondite della sua comunit\u00e0 internazionale di freelance su 99designs by Vista e del proprio team di esperti.<\/p>","protected":false},"author":8,"featured_media":0,"comment_status":"closed","ping_status":"closed","sticky":false,"template":"","format":"standard","meta":{"_acf_changed":false,"_yoast_wpseo_focuskw":"Grafikdesigntrends","_yoast_wpseo_metadesc":"Grafikdesigntrends: W\u00e4hrend KI im Alltag eine wachsende Rolle spielt, w\u00e4chst die Sehnsucht nach Echtheit \u2013 nach Entw\u00fcrfen, die ber\u00fchren.","articlekey":"","footnotes":""},"categories":[29],"tags":[4483,4343,485,5690],"class_list":["post-42157","post","type-post","status-publish","format-standard","hentry","category-marketing","tag-kreativity","tag-markom","tag-trends","tag-vistaprint"],"acf":[],"yoast_head":"<!-- This site is optimized with the Yoast SEO plugin v27.4 - https:\/\/yoast.com\/product\/yoast-seo-wordpress\/ -->\n<title>Mensch statt Algorithmus \u2013\u00a010 Grafikdesigntrends f\u00fcr 2026 - Organisator<\/title>\n<meta name=\"description\" content=\"Grafikdesigntrends: W\u00e4hrend KI im Alltag eine wachsende Rolle spielt, w\u00e4chst die Sehnsucht nach Echtheit \u2013 nach Entw\u00fcrfen, die ber\u00fchren.\" \/>\n<meta name=\"robots\" content=\"index, follow, max-snippet:-1, max-image-preview:large, max-video-preview:-1\" \/>\n<link rel=\"canonical\" href=\"https:\/\/www.organisator.ch\/it\/marketing\/2025-11-24\/mensch-statt-algorithmus-10-grafikdesigntrends-fuer-2026\/\" \/>\n<meta property=\"og:locale\" content=\"it_IT\" \/>\n<meta property=\"og:type\" content=\"article\" \/>\n<meta property=\"og:title\" content=\"Mensch statt Algorithmus \u2013\u00a010 Grafikdesigntrends f\u00fcr 2026 - Organisator\" \/>\n<meta property=\"og:description\" content=\"Grafikdesigntrends: W\u00e4hrend KI im Alltag eine wachsende Rolle spielt, w\u00e4chst die Sehnsucht nach Echtheit \u2013 nach Entw\u00fcrfen, die ber\u00fchren.\" \/>\n<meta property=\"og:url\" content=\"https:\/\/www.organisator.ch\/it\/marketing\/2025-11-24\/mensch-statt-algorithmus-10-grafikdesigntrends-fuer-2026\/\" \/>\n<meta property=\"og:site_name\" content=\"Organisator\" \/>\n<meta property=\"article:publisher\" content=\"https:\/\/www.facebook.com\/OrganisatorFachmagazin\" \/>\n<meta property=\"article:published_time\" content=\"2025-11-24T07:45:55+00:00\" \/>\n<meta name=\"author\" content=\"galledia\" \/>\n<meta name=\"twitter:card\" content=\"summary_large_image\" \/>\n<meta name=\"twitter:creator\" content=\"@admin\" \/>\n<script type=\"application\/ld+json\" class=\"yoast-schema-graph\">{\"@context\":\"https:\\\/\\\/schema.org\",\"@graph\":[{\"@type\":\"Article\",\"@id\":\"https:\\\/\\\/www.organisator.ch\\\/marketing\\\/2025-11-24\\\/mensch-statt-algorithmus-10-grafikdesigntrends-fuer-2026\\\/#article\",\"isPartOf\":{\"@id\":\"https:\\\/\\\/www.organisator.ch\\\/marketing\\\/2025-11-24\\\/mensch-statt-algorithmus-10-grafikdesigntrends-fuer-2026\\\/\"},\"author\":{\"name\":\"galledia\",\"@id\":\"https:\\\/\\\/www.organisator.ch\\\/#\\\/schema\\\/person\\\/4e51799071cd2dd1232ac003643ef5f0\"},\"headline\":\"Mensch statt Algorithmus \u2013\u00a010 Grafikdesigntrends f\u00fcr 2026\",\"datePublished\":\"2025-11-24T07:45:55+00:00\",\"mainEntityOfPage\":{\"@id\":\"https:\\\/\\\/www.organisator.ch\\\/marketing\\\/2025-11-24\\\/mensch-statt-algorithmus-10-grafikdesigntrends-fuer-2026\\\/\"},\"wordCount\":807,\"publisher\":{\"@id\":\"https:\\\/\\\/www.organisator.ch\\\/#organization\"},\"image\":{\"@id\":\"https:\\\/\\\/www.organisator.ch\\\/marketing\\\/2025-11-24\\\/mensch-statt-algorithmus-10-grafikdesigntrends-fuer-2026\\\/#primaryimage\"},\"thumbnailUrl\":\"https:\\\/\\\/www.markt-kom.com\\\/wp-content\\\/uploads\\\/2025\\\/11\\\/Digi-Cute-by-musework-on-99designs-by-Vista.png\",\"keywords\":[\"Kreativity\",\"MarKom\",\"Trends\",\"VistaPrint\"],\"articleSection\":[\"MARKETING\"],\"inLanguage\":\"it-IT\"},{\"@type\":\"WebPage\",\"@id\":\"https:\\\/\\\/www.organisator.ch\\\/marketing\\\/2025-11-24\\\/mensch-statt-algorithmus-10-grafikdesigntrends-fuer-2026\\\/\",\"url\":\"https:\\\/\\\/www.organisator.ch\\\/marketing\\\/2025-11-24\\\/mensch-statt-algorithmus-10-grafikdesigntrends-fuer-2026\\\/\",\"name\":\"Mensch statt Algorithmus \u2013\u00a010 Grafikdesigntrends f\u00fcr 2026 - Organisator\",\"isPartOf\":{\"@id\":\"https:\\\/\\\/www.organisator.ch\\\/#website\"},\"primaryImageOfPage\":{\"@id\":\"https:\\\/\\\/www.organisator.ch\\\/marketing\\\/2025-11-24\\\/mensch-statt-algorithmus-10-grafikdesigntrends-fuer-2026\\\/#primaryimage\"},\"image\":{\"@id\":\"https:\\\/\\\/www.organisator.ch\\\/marketing\\\/2025-11-24\\\/mensch-statt-algorithmus-10-grafikdesigntrends-fuer-2026\\\/#primaryimage\"},\"thumbnailUrl\":\"https:\\\/\\\/www.markt-kom.com\\\/wp-content\\\/uploads\\\/2025\\\/11\\\/Digi-Cute-by-musework-on-99designs-by-Vista.png\",\"datePublished\":\"2025-11-24T07:45:55+00:00\",\"description\":\"Grafikdesigntrends: W\u00e4hrend KI im Alltag eine wachsende Rolle spielt, w\u00e4chst die Sehnsucht nach Echtheit \u2013 nach Entw\u00fcrfen, die ber\u00fchren.\",\"breadcrumb\":{\"@id\":\"https:\\\/\\\/www.organisator.ch\\\/marketing\\\/2025-11-24\\\/mensch-statt-algorithmus-10-grafikdesigntrends-fuer-2026\\\/#breadcrumb\"},\"inLanguage\":\"it-IT\",\"potentialAction\":[{\"@type\":\"ReadAction\",\"target\":[\"https:\\\/\\\/www.organisator.ch\\\/marketing\\\/2025-11-24\\\/mensch-statt-algorithmus-10-grafikdesigntrends-fuer-2026\\\/\"]}]},{\"@type\":\"ImageObject\",\"inLanguage\":\"it-IT\",\"@id\":\"https:\\\/\\\/www.organisator.ch\\\/marketing\\\/2025-11-24\\\/mensch-statt-algorithmus-10-grafikdesigntrends-fuer-2026\\\/#primaryimage\",\"url\":\"https:\\\/\\\/www.markt-kom.com\\\/wp-content\\\/uploads\\\/2025\\\/11\\\/Digi-Cute-by-musework-on-99designs-by-Vista.png\",\"contentUrl\":\"https:\\\/\\\/www.markt-kom.com\\\/wp-content\\\/uploads\\\/2025\\\/11\\\/Digi-Cute-by-musework-on-99designs-by-Vista.png\"},{\"@type\":\"BreadcrumbList\",\"@id\":\"https:\\\/\\\/www.organisator.ch\\\/marketing\\\/2025-11-24\\\/mensch-statt-algorithmus-10-grafikdesigntrends-fuer-2026\\\/#breadcrumb\",\"itemListElement\":[{\"@type\":\"ListItem\",\"position\":1,\"name\":\"Home\",\"item\":\"https:\\\/\\\/www.organisator.ch\\\/\"},{\"@type\":\"ListItem\",\"position\":2,\"name\":\"Mensch statt Algorithmus \u2013\u00a010 Grafikdesigntrends f\u00fcr 2026\"}]},{\"@type\":\"WebSite\",\"@id\":\"https:\\\/\\\/www.organisator.ch\\\/#website\",\"url\":\"https:\\\/\\\/www.organisator.ch\\\/\",\"name\":\"Organisator\",\"description\":\"Kompetent. Praxisnah. Der ORGANISATOR bereitet in 10 Ausgaben pro Jahr die wesentlichen Themen f\u00fcr F\u00fchrungskr\u00e4fte von KMU auf.\",\"publisher\":{\"@id\":\"https:\\\/\\\/www.organisator.ch\\\/#organization\"},\"potentialAction\":[{\"@type\":\"SearchAction\",\"target\":{\"@type\":\"EntryPoint\",\"urlTemplate\":\"https:\\\/\\\/www.organisator.ch\\\/?s={search_term_string}\"},\"query-input\":{\"@type\":\"PropertyValueSpecification\",\"valueRequired\":true,\"valueName\":\"search_term_string\"}}],\"inLanguage\":\"it-IT\"},{\"@type\":\"Organization\",\"@id\":\"https:\\\/\\\/www.organisator.ch\\\/#organization\",\"name\":\"Organisator\",\"url\":\"https:\\\/\\\/www.organisator.ch\\\/\",\"logo\":{\"@type\":\"ImageObject\",\"inLanguage\":\"it-IT\",\"@id\":\"https:\\\/\\\/www.organisator.ch\\\/#\\\/schema\\\/logo\\\/image\\\/\",\"url\":\"https:\\\/\\\/www.organisator.ch\\\/wp-content\\\/uploads\\\/2022\\\/01\\\/Logo_Organisator_Website.png\",\"contentUrl\":\"https:\\\/\\\/www.organisator.ch\\\/wp-content\\\/uploads\\\/2022\\\/01\\\/Logo_Organisator_Website.png\",\"width\":800,\"height\":77,\"caption\":\"Organisator\"},\"image\":{\"@id\":\"https:\\\/\\\/www.organisator.ch\\\/#\\\/schema\\\/logo\\\/image\\\/\"},\"sameAs\":[\"https:\\\/\\\/www.facebook.com\\\/OrganisatorFachmagazin\",\"https:\\\/\\\/www.linkedin.com\\\/showcase\\\/organisator-das-magazin-fr-kmu\",\"https:\\\/\\\/www.xing.com\\\/news\\\/pages\\\/organisator-ch-695\",\"https:\\\/\\\/www.youtube.com\\\/channel\\\/UCGP2Sq0iWaZwT3BdIAQFYpw\"]},{\"@type\":\"Person\",\"@id\":\"https:\\\/\\\/www.organisator.ch\\\/#\\\/schema\\\/person\\\/4e51799071cd2dd1232ac003643ef5f0\",\"name\":\"galledia\",\"image\":{\"@type\":\"ImageObject\",\"inLanguage\":\"it-IT\",\"@id\":\"https:\\\/\\\/secure.gravatar.com\\\/avatar\\\/78a7f90c01fc2bfc875782a0d4922b37cde2cf184ce347b91316d23cd7f69a36?s=96&d=mm&r=g\",\"url\":\"https:\\\/\\\/secure.gravatar.com\\\/avatar\\\/78a7f90c01fc2bfc875782a0d4922b37cde2cf184ce347b91316d23cd7f69a36?s=96&d=mm&r=g\",\"contentUrl\":\"https:\\\/\\\/secure.gravatar.com\\\/avatar\\\/78a7f90c01fc2bfc875782a0d4922b37cde2cf184ce347b91316d23cd7f69a36?s=96&d=mm&r=g\",\"caption\":\"galledia\"},\"sameAs\":[\"https:\\\/\\\/x.com\\\/admin\"],\"url\":\"https:\\\/\\\/www.organisator.ch\\\/it\\\/author\\\/galledia\\\/\"}]}<\/script>\n<!-- \/ Yoast SEO plugin. -->","yoast_head_json":{"title":"L'uomo al posto dell'algoritmo: 10 tendenze nel graphic design per il 2026 - Organizzatore","description":"Tendenze nel graphic design: mentre l'intelligenza artificiale assume un ruolo sempre pi\u00f9 importante nella vita quotidiana, cresce il desiderio di autenticit\u00e0, di progetti che emozionano.","robots":{"index":"index","follow":"follow","max-snippet":"max-snippet:-1","max-image-preview":"max-image-preview:large","max-video-preview":"max-video-preview:-1"},"canonical":"https:\/\/www.organisator.ch\/it\/marketing\/2025-11-24\/mensch-statt-algorithmus-10-grafikdesigntrends-fuer-2026\/","og_locale":"it_IT","og_type":"article","og_title":"Mensch statt Algorithmus \u2013\u00a010 Grafikdesigntrends f\u00fcr 2026 - Organisator","og_description":"Grafikdesigntrends: W\u00e4hrend KI im Alltag eine wachsende Rolle spielt, w\u00e4chst die Sehnsucht nach Echtheit \u2013 nach Entw\u00fcrfen, die ber\u00fchren.","og_url":"https:\/\/www.organisator.ch\/it\/marketing\/2025-11-24\/mensch-statt-algorithmus-10-grafikdesigntrends-fuer-2026\/","og_site_name":"Organisator","article_publisher":"https:\/\/www.facebook.com\/OrganisatorFachmagazin","article_published_time":"2025-11-24T07:45:55+00:00","author":"galledia","twitter_card":"summary_large_image","twitter_creator":"@admin","schema":{"@context":"https:\/\/schema.org","@graph":[{"@type":"Article","@id":"https:\/\/www.organisator.ch\/marketing\/2025-11-24\/mensch-statt-algorithmus-10-grafikdesigntrends-fuer-2026\/#article","isPartOf":{"@id":"https:\/\/www.organisator.ch\/marketing\/2025-11-24\/mensch-statt-algorithmus-10-grafikdesigntrends-fuer-2026\/"},"author":{"name":"galledia","@id":"https:\/\/www.organisator.ch\/#\/schema\/person\/4e51799071cd2dd1232ac003643ef5f0"},"headline":"Mensch statt Algorithmus \u2013\u00a010 Grafikdesigntrends f\u00fcr 2026","datePublished":"2025-11-24T07:45:55+00:00","mainEntityOfPage":{"@id":"https:\/\/www.organisator.ch\/marketing\/2025-11-24\/mensch-statt-algorithmus-10-grafikdesigntrends-fuer-2026\/"},"wordCount":807,"publisher":{"@id":"https:\/\/www.organisator.ch\/#organization"},"image":{"@id":"https:\/\/www.organisator.ch\/marketing\/2025-11-24\/mensch-statt-algorithmus-10-grafikdesigntrends-fuer-2026\/#primaryimage"},"thumbnailUrl":"https:\/\/www.markt-kom.com\/wp-content\/uploads\/2025\/11\/Digi-Cute-by-musework-on-99designs-by-Vista.png","keywords":["Kreativity","MarKom","Trends","VistaPrint"],"articleSection":["MARKETING"],"inLanguage":"it-IT"},{"@type":"WebPage","@id":"https:\/\/www.organisator.ch\/marketing\/2025-11-24\/mensch-statt-algorithmus-10-grafikdesigntrends-fuer-2026\/","url":"https:\/\/www.organisator.ch\/marketing\/2025-11-24\/mensch-statt-algorithmus-10-grafikdesigntrends-fuer-2026\/","name":"L'uomo al posto dell'algoritmo: 10 tendenze nel graphic design per il 2026 - Organizzatore","isPartOf":{"@id":"https:\/\/www.organisator.ch\/#website"},"primaryImageOfPage":{"@id":"https:\/\/www.organisator.ch\/marketing\/2025-11-24\/mensch-statt-algorithmus-10-grafikdesigntrends-fuer-2026\/#primaryimage"},"image":{"@id":"https:\/\/www.organisator.ch\/marketing\/2025-11-24\/mensch-statt-algorithmus-10-grafikdesigntrends-fuer-2026\/#primaryimage"},"thumbnailUrl":"https:\/\/www.markt-kom.com\/wp-content\/uploads\/2025\/11\/Digi-Cute-by-musework-on-99designs-by-Vista.png","datePublished":"2025-11-24T07:45:55+00:00","description":"Tendenze nel graphic design: mentre l'intelligenza artificiale assume un ruolo sempre pi\u00f9 importante nella vita quotidiana, cresce il desiderio di autenticit\u00e0, di progetti che emozionano.","breadcrumb":{"@id":"https:\/\/www.organisator.ch\/marketing\/2025-11-24\/mensch-statt-algorithmus-10-grafikdesigntrends-fuer-2026\/#breadcrumb"},"inLanguage":"it-IT","potentialAction":[{"@type":"ReadAction","target":["https:\/\/www.organisator.ch\/marketing\/2025-11-24\/mensch-statt-algorithmus-10-grafikdesigntrends-fuer-2026\/"]}]},{"@type":"ImageObject","inLanguage":"it-IT","@id":"https:\/\/www.organisator.ch\/marketing\/2025-11-24\/mensch-statt-algorithmus-10-grafikdesigntrends-fuer-2026\/#primaryimage","url":"https:\/\/www.markt-kom.com\/wp-content\/uploads\/2025\/11\/Digi-Cute-by-musework-on-99designs-by-Vista.png","contentUrl":"https:\/\/www.markt-kom.com\/wp-content\/uploads\/2025\/11\/Digi-Cute-by-musework-on-99designs-by-Vista.png"},{"@type":"BreadcrumbList","@id":"https:\/\/www.organisator.ch\/marketing\/2025-11-24\/mensch-statt-algorithmus-10-grafikdesigntrends-fuer-2026\/#breadcrumb","itemListElement":[{"@type":"ListItem","position":1,"name":"Home","item":"https:\/\/www.organisator.ch\/"},{"@type":"ListItem","position":2,"name":"Mensch statt Algorithmus \u2013\u00a010 Grafikdesigntrends f\u00fcr 2026"}]},{"@type":"WebSite","@id":"https:\/\/www.organisator.ch\/#website","url":"https:\/\/www.organisator.ch\/","name":"Organizzatore","description":"Competente. Pratico. In 10 numeri all'anno, ORGANISATOR presenta i temi essenziali per i manager delle PMI.","publisher":{"@id":"https:\/\/www.organisator.ch\/#organization"},"potentialAction":[{"@type":"SearchAction","target":{"@type":"EntryPoint","urlTemplate":"https:\/\/www.organisator.ch\/?s={search_term_string}"},"query-input":{"@type":"PropertyValueSpecification","valueRequired":true,"valueName":"search_term_string"}}],"inLanguage":"it-IT"},{"@type":"Organization","@id":"https:\/\/www.organisator.ch\/#organization","name":"Organizzatore","url":"https:\/\/www.organisator.ch\/","logo":{"@type":"ImageObject","inLanguage":"it-IT","@id":"https:\/\/www.organisator.ch\/#\/schema\/logo\/image\/","url":"https:\/\/www.organisator.ch\/wp-content\/uploads\/2022\/01\/Logo_Organisator_Website.png","contentUrl":"https:\/\/www.organisator.ch\/wp-content\/uploads\/2022\/01\/Logo_Organisator_Website.png","width":800,"height":77,"caption":"Organisator"},"image":{"@id":"https:\/\/www.organisator.ch\/#\/schema\/logo\/image\/"},"sameAs":["https:\/\/www.facebook.com\/OrganisatorFachmagazin","https:\/\/www.linkedin.com\/showcase\/organisator-das-magazin-fr-kmu","https:\/\/www.xing.com\/news\/pages\/organisator-ch-695","https:\/\/www.youtube.com\/channel\/UCGP2Sq0iWaZwT3BdIAQFYpw"]},{"@type":"Person","@id":"https:\/\/www.organisator.ch\/#\/schema\/person\/4e51799071cd2dd1232ac003643ef5f0","name":"galledia","image":{"@type":"ImageObject","inLanguage":"it-IT","@id":"https:\/\/secure.gravatar.com\/avatar\/78a7f90c01fc2bfc875782a0d4922b37cde2cf184ce347b91316d23cd7f69a36?s=96&d=mm&r=g","url":"https:\/\/secure.gravatar.com\/avatar\/78a7f90c01fc2bfc875782a0d4922b37cde2cf184ce347b91316d23cd7f69a36?s=96&d=mm&r=g","contentUrl":"https:\/\/secure.gravatar.com\/avatar\/78a7f90c01fc2bfc875782a0d4922b37cde2cf184ce347b91316d23cd7f69a36?s=96&d=mm&r=g","caption":"galledia"},"sameAs":["https:\/\/x.com\/admin"],"url":"https:\/\/www.organisator.ch\/it\/author\/galledia\/"}]}},"_links":{"self":[{"href":"https:\/\/www.organisator.ch\/it\/wp-json\/wp\/v2\/posts\/42157","targetHints":{"allow":["GET"]}}],"collection":[{"href":"https:\/\/www.organisator.ch\/it\/wp-json\/wp\/v2\/posts"}],"about":[{"href":"https:\/\/www.organisator.ch\/it\/wp-json\/wp\/v2\/types\/post"}],"author":[{"embeddable":true,"href":"https:\/\/www.organisator.ch\/it\/wp-json\/wp\/v2\/users\/8"}],"replies":[{"embeddable":true,"href":"https:\/\/www.organisator.ch\/it\/wp-json\/wp\/v2\/comments?post=42157"}],"version-history":[{"count":40,"href":"https:\/\/www.organisator.ch\/it\/wp-json\/wp\/v2\/posts\/42157\/revisions"}],"predecessor-version":[{"id":42240,"href":"https:\/\/www.organisator.ch\/it\/wp-json\/wp\/v2\/posts\/42157\/revisions\/42240"}],"wp:attachment":[{"href":"https:\/\/www.organisator.ch\/it\/wp-json\/wp\/v2\/media?parent=42157"}],"wp:term":[{"taxonomy":"category","embeddable":true,"href":"https:\/\/www.organisator.ch\/it\/wp-json\/wp\/v2\/categories?post=42157"},{"taxonomy":"post_tag","embeddable":true,"href":"https:\/\/www.organisator.ch\/it\/wp-json\/wp\/v2\/tags?post=42157"}],"curies":[{"name":"wp","href":"https:\/\/api.w.org\/{rel}","templated":true}]}}