{"id":4224,"date":"2018-09-10T08:39:29","date_gmt":"2018-09-10T06:39:29","guid":{"rendered":"https:\/\/www.organisator.ch\/?p=4224"},"modified":"2018-09-10T08:39:29","modified_gmt":"2018-09-10T06:39:29","slug":"networking-tag-2018-der-fhs-der-gute-koenig-demokratie-auf-dem-pruefstand","status":"publish","type":"post","link":"https:\/\/www.organisator.ch\/it\/allgemein\/2018-09-10\/networking-tag-2018-der-fhs-der-gute-koenig-demokratie-auf-dem-pruefstand\/","title":{"rendered":"FHS Networking Day 2018: The Good King - Democracy on Trial"},"content":{"rendered":"<figure id=\"attachment_4225\" aria-describedby=\"caption-attachment-4225\" style=\"width: 640px\" class=\"wp-caption alignnone\"><img loading=\"lazy\" decoding=\"async\" class=\"size-full wp-image-4225\" src=\"https:\/\/www.organisator.ch\/wp-content\/uploads\/2018\/09\/Networking-Tag-2018-der-FHS-Der-gute-Koenig-Demokratie-auf-dem-Pruefstand_Organisator.jpg\" alt=\"\" width=\"640\" height=\"427\" srcset=\"https:\/\/www.organisator.ch\/wp-content\/uploads\/2018\/09\/Networking-Tag-2018-der-FHS-Der-gute-Koenig-Demokratie-auf-dem-Pruefstand_Organisator.jpg 640w, https:\/\/www.organisator.ch\/wp-content\/uploads\/2018\/09\/Networking-Tag-2018-der-FHS-Der-gute-Koenig-Demokratie-auf-dem-Pruefstand_Organisator-16x12.jpg 16w, https:\/\/www.organisator.ch\/wp-content\/uploads\/2018\/09\/Networking-Tag-2018-der-FHS-Der-gute-Koenig-Demokratie-auf-dem-Pruefstand_Organisator-262x175.jpg 262w, https:\/\/www.organisator.ch\/wp-content\/uploads\/2018\/09\/Networking-Tag-2018-der-FHS-Der-gute-Koenig-Demokratie-auf-dem-Pruefstand_Organisator-525x350.jpg 525w, https:\/\/www.organisator.ch\/wp-content\/uploads\/2018\/09\/Networking-Tag-2018-der-FHS-Der-gute-Koenig-Demokratie-auf-dem-Pruefstand_Organisator-300x200.jpg 300w\" sizes=\"auto, (max-width: 640px) 100vw, 640px\" \/><figcaption id=\"caption-attachment-4225\" class=\"wp-caption-text\">Il podio politico diverte: Michael Elsener fa ridere Andrea Caroni, Diana Gutjahr, Flavia Kleiner e Paul Rechsteiner (dal 2\u00b0 da sinistra), mentre Endo Anaconda (a sinistra) si dedica soprattutto al pubblico. (Immagine: Networking Day)<\/figcaption><\/figure>\n<p>Platone era convinto che uno Stato sarebbe stato ben governato solo se i suoi governanti fossero stati vicini alla filosofia. \"Ma quanti politici ci sono come filosofi? Quali sono i requisiti per fare politica oggi? La diminuzione dell'interesse per la democrazia apre le porte ad altre correnti?\". Con queste e altre domande, Sebastian W\u00f6rwag, rettore dell'Universit\u00e0 di Scienze Applicate di San Gallo, ha aperto il 14\u00b0 Networking Day venerd\u00ec 7 settembre presso l'Olma Messen di San Gallo. La giornata di networking, organizzata dall'organizzazione di ex alunni FHS Alumni, si \u00e8 svolta all'insegna del motto \"The Good King. La democrazia messa alla prova\".<\/p>\n<p>W\u00f6rwag ha invitato i circa 650 partecipanti a riflettere sulla democrazia e sui valori necessari per una convivenza funzionante. \"Certo, avrebbe potuto chiamarsi 'la buona regina'\", ha detto Sigmar Willi, responsabile degli Alumni della FHS. Ma la citazione viene da Platone - e la parit\u00e0 di genere nell'ortografia non era un problema 2500 anni fa. L'evento \u00e8 stato moderato dal comico e blogger politico Michael Elsener che, con la sua lingua tagliente e una buona dose di umorismo, ha fatto ridere il pubblico e il palco.<\/p>\n<h2>\"La democrazia diventa pi\u00f9 viva\"<\/h2>\n<p>Un momento saliente \u00e8 stato il panel politico, che ha visto la partecipazione di relatori di prim'ordine come il Consigliere di Stato FDP Andrea Caroni, il Consigliere di Stato SP Paul Rechsteiner, la Consigliera nazionale SVP Diana Gutjahr, l'attivista politica Flavia Kleiner e il musicista Endo Anaconda. Caroni e Gutjahr hanno sostituito Petra G\u00f6ssi (presidente del PLR Svizzera) e Roland Rino B\u00fcchel (consigliere nazionale dell'UDC), che hanno dovuto rinunciare alla loro partecipazione con breve preavviso. La discussione si \u00e8 concentrata, tra l'altro, su come riconquistare la fiducia dei cittadini nella politica e aumentare la loro partecipazione alla democrazia.<\/p>\n<p>\"C'\u00e8 bisogno di un'educazione civica, in cui si incoraggi il pensiero critico e si sviluppi un'attitudine\", ha detto Flavia Kleiner. Anche Diana Gutjahr \u00e8 favorevole all'educazione civica, solo che le discussioni non dovrebbero svolgersi a scuola, ma \"a casa, al tavolo della cucina\". \u00c8 compito dei politici motivare le persone a votare, \"nelle conversazioni e non attraverso i post su Facebook\", afferma il consigliere nazionale turgoviese.<\/p>\n<p>I relatori non vedono affatto il futuro della democrazia in nero. Al contrario. \"La democrazia sta diventando pi\u00f9 viva\", ha dichiarato Andrea Caroni. Grazie alla raccolta e al voto elettronico, in futuro le persone parteciperanno maggiormente al discorso politico. Endo Anaconda ritiene che \"la societ\u00e0 civile dar\u00e0 filo da torcere ai partiti\", e questo \u00e8 un bene. Paul Rechsteiner spera che in futuro tutti, indipendentemente dalla loro provenienza, abbiano la possibilit\u00e0 di ricevere un'educazione politica. L'attivista politica e co-presidente di Operazione Libero, Flavia Kleiner, auspica la democrazia del futuro: \"Tempi freddi per despoti nudi\".<\/p>\n<h2>Democrazia ieri, oggi e domani<\/h2>\n<p>Lo storico Daniele Ganser ha parlato della storia della democrazia svizzera e di come il potere politico sia stato \"frammentato\" dall'introduzione della formula magica. Ha elogiato il dialogo, \"anche con opinioni controverse, bisogna impegnarsi in un discorso\", e ha criticato la cooperazione della Svizzera con il Partenariato per la pace (PfP), l'\"asilo\" della NATO, come Ganser ha definito l'alleanza. Il PfP \u00e8 una struttura internazionale imposta dagli Stati Uniti per allineare i Paesi esitanti alla Nato, ha detto Ganser. Chiunque collabori con loro non pu\u00f2 pi\u00f9 essere definito neutrale.<\/p>\n<p>Nicola Forster, fondatore e presidente del think tank \"foraus\", ha azzardato uno sguardo al futuro. Nella sua presentazione ha mostrato come pu\u00f2 funzionare la democrazia nell'era della digitalizzazione totale. Il giovane visionario ha invocato una democrazia partecipativa invece di una democrazia del voto. \"Con l'intelligenza artificiale, ad esempio, i servizi statali possono essere adattati ancora di pi\u00f9 a ciascun individuo\", ha dichiarato Forster. \"Ma la Svizzera non c'\u00e8 ancora\". \u00c8 importante, tuttavia, che \"noi stessi abbiamo queste competenze e non le lasciamo ad altri\".<\/p>\n<h2>La crisi dei media<\/h2>\n<p>I media svolgono un ruolo importante in una democrazia funzionante. Spesso si parla di \"quarta propriet\u00e0\". Ma i media sono in un profondo processo di trasformazione, il panorama mediatico si sta restringendo. \"Sta andando in una direzione che non ci piace\", afferma Daniel Binswanger, co-responsabile dei servizi della rivista online Republik, che ha assunto il ruolo di \"campione dei media indipendenti\" da Christof Moser. \"I fondi vengono sottratti ai media e destinati ad altri settori. Questo \u00e8 un male per la societ\u00e0 e per la democrazia\". Marc Walder, CEO e co-proprietario di Ringier AG, la vede in modo diverso: \"I media devono diversificarsi per avere un futuro\". \u00c8 sicuro che \"i media che oggi dipendono dal giornalismo per oltre il 70% avranno vita difficile tra dieci anni\".<\/p>\n<p><em>Ulteriori informazioni: <a href=\"http:\/\/www.networkingtag.ch\">www.networkingtag.ch<\/a><\/em><\/p>\n<p>&nbsp;<\/p>\n<p>&nbsp;<\/p>","protected":false},"excerpt":{"rendered":"<p>Platon war \u00fcberzeugt: Ein Staat sei nur dann gut regiert, wenn seine Herrscher der Philosophie nahe st\u00fcnden. \u00abDoch wie viele Politikerinnen und Politiker als Philosophen gibt es? Welche Anforderungen braucht es heute f\u00fcr die Politik? \u00d6ffnet das schwindende Interesse an der Demokratie T\u00fcren f\u00fcr andere Str\u00f6mungen?\u00bb Mit diesen und anderen Fragen er\u00f6ffnete Sebastian W\u00f6rwag, Rektor [&hellip;]<\/p>\n","protected":false},"author":4,"featured_media":4225,"comment_status":"open","ping_status":"open","sticky":false,"template":"","format":"standard","meta":{"_acf_changed":false,"_yoast_wpseo_focuskw":"Demokratie","_yoast_wpseo_metadesc":"Am diesj\u00e4hrigen Networking-Tag der Fachhochschule St.Gallen wurde von verschiedenen Referenten die Schweizer Demokratie auf den Pr\u00fcfstand gestellt.","articlekey":"","footnotes":""},"categories":[1],"tags":[334,386,502,531,533],"class_list":["post-4224","post","type-post","status-publish","format-standard","has-post-thumbnail","hentry","category-allgemein","tag-management","tag-politik","tag-veranstaltungen","tag-wirtschaftspolitik","tag-wissenschaft"],"acf":[],"yoast_head":"<!-- This site is optimized with the Yoast SEO plugin v27.5 - https:\/\/yoast.com\/product\/yoast-seo-wordpress\/ -->\n<title>Networking-Tag 2018 der FHS: Der gute K\u00f6nig - Demokratie auf dem Pr\u00fcfstand - Organisator<\/title>\n<meta name=\"description\" content=\"Am diesj\u00e4hrigen Networking-Tag der Fachhochschule St.Gallen wurde von verschiedenen Referenten die Schweizer Demokratie auf den Pr\u00fcfstand gestellt.\" \/>\n<meta name=\"robots\" content=\"index, follow, max-snippet:-1, max-image-preview:large, max-video-preview:-1\" \/>\n<link rel=\"canonical\" href=\"https:\/\/www.organisator.ch\/it\/generale\/2018-09-10\/networking-tag-2018-der-fhs-der-gute-koenig-demokratie-auf-dem-pruefstand\/\" \/>\n<meta property=\"og:locale\" content=\"it_IT\" \/>\n<meta property=\"og:type\" content=\"article\" \/>\n<meta property=\"og:title\" content=\"Networking-Tag 2018 der FHS: Der gute K\u00f6nig - Demokratie auf dem Pr\u00fcfstand\" \/>\n<meta property=\"og:description\" content=\"Am diesj\u00e4hrigen Networking-Tag der Fachhochschule St.Gallen wurde von verschiedenen Referenten die Schweizer Demokratie auf den Pr\u00fcfstand gestellt.\" \/>\n<meta property=\"og:url\" content=\"https:\/\/www.organisator.ch\/it\/generale\/2018-09-10\/networking-tag-2018-der-fhs-der-gute-koenig-demokratie-auf-dem-pruefstand\/\" \/>\n<meta property=\"og:site_name\" content=\"Organisator\" \/>\n<meta property=\"article:publisher\" content=\"https:\/\/www.facebook.com\/OrganisatorFachmagazin\" \/>\n<meta property=\"article:published_time\" content=\"2018-09-10T06:39:29+00:00\" \/>\n<meta property=\"og:image\" content=\"https:\/\/www.organisator.ch\/wp-content\/uploads\/2018\/09\/Networking-Tag-2018-der-FHS-Der-gute-Koenig-Demokratie-auf-dem-Pruefstand_Organisator.jpg\" \/>\n\t<meta property=\"og:image:width\" content=\"640\" \/>\n\t<meta property=\"og:image:height\" content=\"427\" \/>\n\t<meta property=\"og:image:type\" content=\"image\/jpeg\" \/>\n<meta name=\"author\" content=\"thomas.berner\" \/>\n<meta name=\"twitter:card\" content=\"summary_large_image\" \/>\n<meta name=\"twitter:title\" content=\"#Networking-Tag 2018 der FHS: Der gute K\u00f6nig - Demokratie auf dem Pr\u00fcfstand\" \/>\n<meta name=\"twitter:description\" content=\"Am diesj\u00e4hrigen #Networking-Tag der Fachhochschule St.Gallen wurde von verschiedenen Referenten die Schweizer Demokratie auf den Pr\u00fcfstand gestellt.\" \/>\n<meta name=\"twitter:image\" content=\"https:\/\/www.organisator.ch\/wp-content\/uploads\/2018\/09\/Networking-Tag-2018-der-FHS-Der-gute-K\u00f6nig-Demokratie-auf-dem-Pr\u00fcfstand_Organisator.jpg\" \/>\n<script type=\"application\/ld+json\" class=\"yoast-schema-graph\">{\"@context\":\"https:\\\/\\\/schema.org\",\"@graph\":[{\"@type\":\"Article\",\"@id\":\"https:\\\/\\\/www.organisator.ch\\\/de\\\/allgemein\\\/2018-09-10\\\/networking-tag-2018-der-fhs-der-gute-koenig-demokratie-auf-dem-pruefstand\\\/#article\",\"isPartOf\":{\"@id\":\"https:\\\/\\\/www.organisator.ch\\\/de\\\/allgemein\\\/2018-09-10\\\/networking-tag-2018-der-fhs-der-gute-koenig-demokratie-auf-dem-pruefstand\\\/\"},\"author\":{\"name\":\"thomas.berner\",\"@id\":\"https:\\\/\\\/www.organisator.ch\\\/#\\\/schema\\\/person\\\/6f650f90b2842cd4c0cc334b4e36f67e\"},\"headline\":\"Networking-Tag 2018 der FHS: Der gute K\u00f6nig &#8211; Demokratie auf dem Pr\u00fcfstand\",\"datePublished\":\"2018-09-10T06:39:29+00:00\",\"mainEntityOfPage\":{\"@id\":\"https:\\\/\\\/www.organisator.ch\\\/de\\\/allgemein\\\/2018-09-10\\\/networking-tag-2018-der-fhs-der-gute-koenig-demokratie-auf-dem-pruefstand\\\/\"},\"wordCount\":833,\"commentCount\":0,\"publisher\":{\"@id\":\"https:\\\/\\\/www.organisator.ch\\\/#organization\"},\"image\":{\"@id\":\"https:\\\/\\\/www.organisator.ch\\\/de\\\/allgemein\\\/2018-09-10\\\/networking-tag-2018-der-fhs-der-gute-koenig-demokratie-auf-dem-pruefstand\\\/#primaryimage\"},\"thumbnailUrl\":\"https:\\\/\\\/www.organisator.ch\\\/wp-content\\\/uploads\\\/2018\\\/09\\\/Networking-Tag-2018-der-FHS-Der-gute-Koenig-Demokratie-auf-dem-Pruefstand_Organisator.jpg\",\"keywords\":[\"Management\",\"Politik\",\"Veranstaltungen\",\"Wirtschaftspolitik\",\"Wissenschaft\"],\"articleSection\":[\"Allgemein\"],\"inLanguage\":\"it-IT\"},{\"@type\":\"WebPage\",\"@id\":\"https:\\\/\\\/www.organisator.ch\\\/de\\\/allgemein\\\/2018-09-10\\\/networking-tag-2018-der-fhs-der-gute-koenig-demokratie-auf-dem-pruefstand\\\/\",\"url\":\"https:\\\/\\\/www.organisator.ch\\\/de\\\/allgemein\\\/2018-09-10\\\/networking-tag-2018-der-fhs-der-gute-koenig-demokratie-auf-dem-pruefstand\\\/\",\"name\":\"Networking-Tag 2018 der FHS: Der gute K\u00f6nig - Demokratie auf dem Pr\u00fcfstand - Organisator\",\"isPartOf\":{\"@id\":\"https:\\\/\\\/www.organisator.ch\\\/#website\"},\"primaryImageOfPage\":{\"@id\":\"https:\\\/\\\/www.organisator.ch\\\/de\\\/allgemein\\\/2018-09-10\\\/networking-tag-2018-der-fhs-der-gute-koenig-demokratie-auf-dem-pruefstand\\\/#primaryimage\"},\"image\":{\"@id\":\"https:\\\/\\\/www.organisator.ch\\\/de\\\/allgemein\\\/2018-09-10\\\/networking-tag-2018-der-fhs-der-gute-koenig-demokratie-auf-dem-pruefstand\\\/#primaryimage\"},\"thumbnailUrl\":\"https:\\\/\\\/www.organisator.ch\\\/wp-content\\\/uploads\\\/2018\\\/09\\\/Networking-Tag-2018-der-FHS-Der-gute-Koenig-Demokratie-auf-dem-Pruefstand_Organisator.jpg\",\"datePublished\":\"2018-09-10T06:39:29+00:00\",\"description\":\"Am diesj\u00e4hrigen Networking-Tag der Fachhochschule St.Gallen wurde von verschiedenen Referenten die Schweizer Demokratie auf den Pr\u00fcfstand gestellt.\",\"breadcrumb\":{\"@id\":\"https:\\\/\\\/www.organisator.ch\\\/de\\\/allgemein\\\/2018-09-10\\\/networking-tag-2018-der-fhs-der-gute-koenig-demokratie-auf-dem-pruefstand\\\/#breadcrumb\"},\"inLanguage\":\"it-IT\",\"potentialAction\":[{\"@type\":\"ReadAction\",\"target\":[\"https:\\\/\\\/www.organisator.ch\\\/de\\\/allgemein\\\/2018-09-10\\\/networking-tag-2018-der-fhs-der-gute-koenig-demokratie-auf-dem-pruefstand\\\/\"]}]},{\"@type\":\"ImageObject\",\"inLanguage\":\"it-IT\",\"@id\":\"https:\\\/\\\/www.organisator.ch\\\/de\\\/allgemein\\\/2018-09-10\\\/networking-tag-2018-der-fhs-der-gute-koenig-demokratie-auf-dem-pruefstand\\\/#primaryimage\",\"url\":\"https:\\\/\\\/www.organisator.ch\\\/wp-content\\\/uploads\\\/2018\\\/09\\\/Networking-Tag-2018-der-FHS-Der-gute-Koenig-Demokratie-auf-dem-Pruefstand_Organisator.jpg\",\"contentUrl\":\"https:\\\/\\\/www.organisator.ch\\\/wp-content\\\/uploads\\\/2018\\\/09\\\/Networking-Tag-2018-der-FHS-Der-gute-Koenig-Demokratie-auf-dem-Pruefstand_Organisator.jpg\",\"width\":640,\"height\":427,\"caption\":\"Das Politpodium am\u00fcsierte: Michael Elsener sorgt f\u00fcr lachende Gesichter bei Andrea Caroni, Diana Gutjahr, Flavia Kleiner und Paul Rechsteiner (ab 2.v.l.), w\u00e4hrend sich Endo Anaconda (links) vor allem dem Publikum widmet. (Bild: Networkingtag)\"},{\"@type\":\"BreadcrumbList\",\"@id\":\"https:\\\/\\\/www.organisator.ch\\\/de\\\/allgemein\\\/2018-09-10\\\/networking-tag-2018-der-fhs-der-gute-koenig-demokratie-auf-dem-pruefstand\\\/#breadcrumb\",\"itemListElement\":[{\"@type\":\"ListItem\",\"position\":1,\"name\":\"Home\",\"item\":\"https:\\\/\\\/www.organisator.ch\\\/\"},{\"@type\":\"ListItem\",\"position\":2,\"name\":\"Networking-Tag 2018 der FHS: Der gute K\u00f6nig &#8211; Demokratie auf dem Pr\u00fcfstand\"}]},{\"@type\":\"WebSite\",\"@id\":\"https:\\\/\\\/www.organisator.ch\\\/#website\",\"url\":\"https:\\\/\\\/www.organisator.ch\\\/\",\"name\":\"Organisator\",\"description\":\"Kompetent. Praxisnah. Der ORGANISATOR bereitet in 10 Ausgaben pro Jahr die wesentlichen Themen f\u00fcr F\u00fchrungskr\u00e4fte von KMU auf.\",\"publisher\":{\"@id\":\"https:\\\/\\\/www.organisator.ch\\\/#organization\"},\"potentialAction\":[{\"@type\":\"SearchAction\",\"target\":{\"@type\":\"EntryPoint\",\"urlTemplate\":\"https:\\\/\\\/www.organisator.ch\\\/?s={search_term_string}\"},\"query-input\":{\"@type\":\"PropertyValueSpecification\",\"valueRequired\":true,\"valueName\":\"search_term_string\"}}],\"inLanguage\":\"it-IT\"},{\"@type\":\"Organization\",\"@id\":\"https:\\\/\\\/www.organisator.ch\\\/#organization\",\"name\":\"Organisator\",\"url\":\"https:\\\/\\\/www.organisator.ch\\\/\",\"logo\":{\"@type\":\"ImageObject\",\"inLanguage\":\"it-IT\",\"@id\":\"https:\\\/\\\/www.organisator.ch\\\/#\\\/schema\\\/logo\\\/image\\\/\",\"url\":\"https:\\\/\\\/www.organisator.ch\\\/wp-content\\\/uploads\\\/2022\\\/01\\\/Logo_Organisator_Website.png\",\"contentUrl\":\"https:\\\/\\\/www.organisator.ch\\\/wp-content\\\/uploads\\\/2022\\\/01\\\/Logo_Organisator_Website.png\",\"width\":800,\"height\":77,\"caption\":\"Organisator\"},\"image\":{\"@id\":\"https:\\\/\\\/www.organisator.ch\\\/#\\\/schema\\\/logo\\\/image\\\/\"},\"sameAs\":[\"https:\\\/\\\/www.facebook.com\\\/OrganisatorFachmagazin\",\"https:\\\/\\\/www.linkedin.com\\\/showcase\\\/organisator-das-magazin-fr-kmu\",\"https:\\\/\\\/www.xing.com\\\/news\\\/pages\\\/organisator-ch-695\",\"https:\\\/\\\/www.youtube.com\\\/channel\\\/UCGP2Sq0iWaZwT3BdIAQFYpw\"]},{\"@type\":\"Person\",\"@id\":\"https:\\\/\\\/www.organisator.ch\\\/#\\\/schema\\\/person\\\/6f650f90b2842cd4c0cc334b4e36f67e\",\"name\":\"thomas.berner\",\"image\":{\"@type\":\"ImageObject\",\"inLanguage\":\"it-IT\",\"@id\":\"https:\\\/\\\/secure.gravatar.com\\\/avatar\\\/ac5001d2a36cb6c6cd3e50789007ffca834b477b74a2144564522e944eabff61?s=96&d=mm&r=g\",\"url\":\"https:\\\/\\\/secure.gravatar.com\\\/avatar\\\/ac5001d2a36cb6c6cd3e50789007ffca834b477b74a2144564522e944eabff61?s=96&d=mm&r=g\",\"contentUrl\":\"https:\\\/\\\/secure.gravatar.com\\\/avatar\\\/ac5001d2a36cb6c6cd3e50789007ffca834b477b74a2144564522e944eabff61?s=96&d=mm&r=g\",\"caption\":\"thomas.berner\"},\"url\":\"https:\\\/\\\/www.organisator.ch\\\/it\\\/author\\\/thomas-berner\\\/\"}]}<\/script>\n<!-- \/ Yoast SEO plugin. -->","yoast_head_json":{"title":"Giornata della rete FHS 2018: Il buon re - La democrazia alla prova - Organizzatore","description":"In occasione del Networking Day di quest'anno presso l'Universit\u00e0 di Scienze Applicate di San Gallo, la democrazia svizzera \u00e8 stata messa alla prova da diversi relatori.","robots":{"index":"index","follow":"follow","max-snippet":"max-snippet:-1","max-image-preview":"max-image-preview:large","max-video-preview":"max-video-preview:-1"},"canonical":"https:\/\/www.organisator.ch\/it\/generale\/2018-09-10\/networking-tag-2018-der-fhs-der-gute-koenig-demokratie-auf-dem-pruefstand\/","og_locale":"it_IT","og_type":"article","og_title":"Networking-Tag 2018 der FHS: Der gute K\u00f6nig - Demokratie auf dem Pr\u00fcfstand","og_description":"Am diesj\u00e4hrigen Networking-Tag der Fachhochschule St.Gallen wurde von verschiedenen Referenten die Schweizer Demokratie auf den Pr\u00fcfstand gestellt.","og_url":"https:\/\/www.organisator.ch\/it\/generale\/2018-09-10\/networking-tag-2018-der-fhs-der-gute-koenig-demokratie-auf-dem-pruefstand\/","og_site_name":"Organisator","article_publisher":"https:\/\/www.facebook.com\/OrganisatorFachmagazin","article_published_time":"2018-09-10T06:39:29+00:00","og_image":[{"width":640,"height":427,"url":"https:\/\/www.organisator.ch\/wp-content\/uploads\/2018\/09\/Networking-Tag-2018-der-FHS-Der-gute-Koenig-Demokratie-auf-dem-Pruefstand_Organisator.jpg","type":"image\/jpeg"}],"author":"thomas.berner","twitter_card":"summary_large_image","twitter_title":"#Networking-Tag 2018 der FHS: Der gute K\u00f6nig - Demokratie auf dem Pr\u00fcfstand","twitter_description":"Am diesj\u00e4hrigen #Networking-Tag der Fachhochschule St.Gallen wurde von verschiedenen Referenten die Schweizer Demokratie auf den Pr\u00fcfstand gestellt.","twitter_image":"https:\/\/www.organisator.ch\/wp-content\/uploads\/2018\/09\/Networking-Tag-2018-der-FHS-Der-gute-K\u00f6nig-Demokratie-auf-dem-Pr\u00fcfstand_Organisator.jpg","schema":{"@context":"https:\/\/schema.org","@graph":[{"@type":"Article","@id":"https:\/\/www.organisator.ch\/de\/allgemein\/2018-09-10\/networking-tag-2018-der-fhs-der-gute-koenig-demokratie-auf-dem-pruefstand\/#article","isPartOf":{"@id":"https:\/\/www.organisator.ch\/de\/allgemein\/2018-09-10\/networking-tag-2018-der-fhs-der-gute-koenig-demokratie-auf-dem-pruefstand\/"},"author":{"name":"thomas.berner","@id":"https:\/\/www.organisator.ch\/#\/schema\/person\/6f650f90b2842cd4c0cc334b4e36f67e"},"headline":"Networking-Tag 2018 der FHS: Der gute K\u00f6nig &#8211; Demokratie auf dem Pr\u00fcfstand","datePublished":"2018-09-10T06:39:29+00:00","mainEntityOfPage":{"@id":"https:\/\/www.organisator.ch\/de\/allgemein\/2018-09-10\/networking-tag-2018-der-fhs-der-gute-koenig-demokratie-auf-dem-pruefstand\/"},"wordCount":833,"commentCount":0,"publisher":{"@id":"https:\/\/www.organisator.ch\/#organization"},"image":{"@id":"https:\/\/www.organisator.ch\/de\/allgemein\/2018-09-10\/networking-tag-2018-der-fhs-der-gute-koenig-demokratie-auf-dem-pruefstand\/#primaryimage"},"thumbnailUrl":"https:\/\/www.organisator.ch\/wp-content\/uploads\/2018\/09\/Networking-Tag-2018-der-FHS-Der-gute-Koenig-Demokratie-auf-dem-Pruefstand_Organisator.jpg","keywords":["Management","Politik","Veranstaltungen","Wirtschaftspolitik","Wissenschaft"],"articleSection":["Allgemein"],"inLanguage":"it-IT"},{"@type":"WebPage","@id":"https:\/\/www.organisator.ch\/de\/allgemein\/2018-09-10\/networking-tag-2018-der-fhs-der-gute-koenig-demokratie-auf-dem-pruefstand\/","url":"https:\/\/www.organisator.ch\/de\/allgemein\/2018-09-10\/networking-tag-2018-der-fhs-der-gute-koenig-demokratie-auf-dem-pruefstand\/","name":"Giornata della rete FHS 2018: Il buon re - La democrazia alla prova - Organizzatore","isPartOf":{"@id":"https:\/\/www.organisator.ch\/#website"},"primaryImageOfPage":{"@id":"https:\/\/www.organisator.ch\/de\/allgemein\/2018-09-10\/networking-tag-2018-der-fhs-der-gute-koenig-demokratie-auf-dem-pruefstand\/#primaryimage"},"image":{"@id":"https:\/\/www.organisator.ch\/de\/allgemein\/2018-09-10\/networking-tag-2018-der-fhs-der-gute-koenig-demokratie-auf-dem-pruefstand\/#primaryimage"},"thumbnailUrl":"https:\/\/www.organisator.ch\/wp-content\/uploads\/2018\/09\/Networking-Tag-2018-der-FHS-Der-gute-Koenig-Demokratie-auf-dem-Pruefstand_Organisator.jpg","datePublished":"2018-09-10T06:39:29+00:00","description":"In occasione del Networking Day di quest'anno presso l'Universit\u00e0 di Scienze Applicate di San Gallo, la democrazia svizzera \u00e8 stata messa alla prova da diversi relatori.","breadcrumb":{"@id":"https:\/\/www.organisator.ch\/de\/allgemein\/2018-09-10\/networking-tag-2018-der-fhs-der-gute-koenig-demokratie-auf-dem-pruefstand\/#breadcrumb"},"inLanguage":"it-IT","potentialAction":[{"@type":"ReadAction","target":["https:\/\/www.organisator.ch\/de\/allgemein\/2018-09-10\/networking-tag-2018-der-fhs-der-gute-koenig-demokratie-auf-dem-pruefstand\/"]}]},{"@type":"ImageObject","inLanguage":"it-IT","@id":"https:\/\/www.organisator.ch\/de\/allgemein\/2018-09-10\/networking-tag-2018-der-fhs-der-gute-koenig-demokratie-auf-dem-pruefstand\/#primaryimage","url":"https:\/\/www.organisator.ch\/wp-content\/uploads\/2018\/09\/Networking-Tag-2018-der-FHS-Der-gute-Koenig-Demokratie-auf-dem-Pruefstand_Organisator.jpg","contentUrl":"https:\/\/www.organisator.ch\/wp-content\/uploads\/2018\/09\/Networking-Tag-2018-der-FHS-Der-gute-Koenig-Demokratie-auf-dem-Pruefstand_Organisator.jpg","width":640,"height":427,"caption":"Das Politpodium am\u00fcsierte: Michael Elsener sorgt f\u00fcr lachende Gesichter bei Andrea Caroni, Diana Gutjahr, Flavia Kleiner und Paul Rechsteiner (ab 2.v.l.), w\u00e4hrend sich Endo Anaconda (links) vor allem dem Publikum widmet. (Bild: Networkingtag)"},{"@type":"BreadcrumbList","@id":"https:\/\/www.organisator.ch\/de\/allgemein\/2018-09-10\/networking-tag-2018-der-fhs-der-gute-koenig-demokratie-auf-dem-pruefstand\/#breadcrumb","itemListElement":[{"@type":"ListItem","position":1,"name":"Home","item":"https:\/\/www.organisator.ch\/"},{"@type":"ListItem","position":2,"name":"Networking-Tag 2018 der FHS: Der gute K\u00f6nig &#8211; Demokratie auf dem Pr\u00fcfstand"}]},{"@type":"WebSite","@id":"https:\/\/www.organisator.ch\/#website","url":"https:\/\/www.organisator.ch\/","name":"Organizzatore","description":"Competente. Pratico. In 10 numeri all'anno, ORGANISATOR presenta i temi essenziali per i manager delle PMI.","publisher":{"@id":"https:\/\/www.organisator.ch\/#organization"},"potentialAction":[{"@type":"SearchAction","target":{"@type":"EntryPoint","urlTemplate":"https:\/\/www.organisator.ch\/?s={search_term_string}"},"query-input":{"@type":"PropertyValueSpecification","valueRequired":true,"valueName":"search_term_string"}}],"inLanguage":"it-IT"},{"@type":"Organization","@id":"https:\/\/www.organisator.ch\/#organization","name":"Organizzatore","url":"https:\/\/www.organisator.ch\/","logo":{"@type":"ImageObject","inLanguage":"it-IT","@id":"https:\/\/www.organisator.ch\/#\/schema\/logo\/image\/","url":"https:\/\/www.organisator.ch\/wp-content\/uploads\/2022\/01\/Logo_Organisator_Website.png","contentUrl":"https:\/\/www.organisator.ch\/wp-content\/uploads\/2022\/01\/Logo_Organisator_Website.png","width":800,"height":77,"caption":"Organisator"},"image":{"@id":"https:\/\/www.organisator.ch\/#\/schema\/logo\/image\/"},"sameAs":["https:\/\/www.facebook.com\/OrganisatorFachmagazin","https:\/\/www.linkedin.com\/showcase\/organisator-das-magazin-fr-kmu","https:\/\/www.xing.com\/news\/pages\/organisator-ch-695","https:\/\/www.youtube.com\/channel\/UCGP2Sq0iWaZwT3BdIAQFYpw"]},{"@type":"Person","@id":"https:\/\/www.organisator.ch\/#\/schema\/person\/6f650f90b2842cd4c0cc334b4e36f67e","name":"Tommaso.berner","image":{"@type":"ImageObject","inLanguage":"it-IT","@id":"https:\/\/secure.gravatar.com\/avatar\/ac5001d2a36cb6c6cd3e50789007ffca834b477b74a2144564522e944eabff61?s=96&d=mm&r=g","url":"https:\/\/secure.gravatar.com\/avatar\/ac5001d2a36cb6c6cd3e50789007ffca834b477b74a2144564522e944eabff61?s=96&d=mm&r=g","contentUrl":"https:\/\/secure.gravatar.com\/avatar\/ac5001d2a36cb6c6cd3e50789007ffca834b477b74a2144564522e944eabff61?s=96&d=mm&r=g","caption":"thomas.berner"},"url":"https:\/\/www.organisator.ch\/it\/author\/thomas-berner\/"}]}},"_links":{"self":[{"href":"https:\/\/www.organisator.ch\/it\/wp-json\/wp\/v2\/posts\/4224","targetHints":{"allow":["GET"]}}],"collection":[{"href":"https:\/\/www.organisator.ch\/it\/wp-json\/wp\/v2\/posts"}],"about":[{"href":"https:\/\/www.organisator.ch\/it\/wp-json\/wp\/v2\/types\/post"}],"author":[{"embeddable":true,"href":"https:\/\/www.organisator.ch\/it\/wp-json\/wp\/v2\/users\/4"}],"replies":[{"embeddable":true,"href":"https:\/\/www.organisator.ch\/it\/wp-json\/wp\/v2\/comments?post=4224"}],"version-history":[{"count":0,"href":"https:\/\/www.organisator.ch\/it\/wp-json\/wp\/v2\/posts\/4224\/revisions"}],"wp:featuredmedia":[{"embeddable":true,"href":"https:\/\/www.organisator.ch\/it\/wp-json\/wp\/v2\/media\/4225"}],"wp:attachment":[{"href":"https:\/\/www.organisator.ch\/it\/wp-json\/wp\/v2\/media?parent=4224"}],"wp:term":[{"taxonomy":"category","embeddable":true,"href":"https:\/\/www.organisator.ch\/it\/wp-json\/wp\/v2\/categories?post=4224"},{"taxonomy":"post_tag","embeddable":true,"href":"https:\/\/www.organisator.ch\/it\/wp-json\/wp\/v2\/tags?post=4224"}],"curies":[{"name":"wp","href":"https:\/\/api.w.org\/{rel}","templated":true}]}}