{"id":42281,"date":"2025-11-26T09:07:44","date_gmt":"2025-11-26T08:07:44","guid":{"rendered":"https:\/\/www.organisator.ch\/?p=42281"},"modified":"2025-11-26T09:07:44","modified_gmt":"2025-11-26T08:07:44","slug":"klimastiftung-foerdert-klimaschonende-robotik-loesung-fuer-die-landwirtschaft","status":"publish","type":"post","link":"https:\/\/www.organisator.ch\/it\/sustainability\/2025-11-26\/klimastiftung-foerdert-klimaschonende-robotik-loesung-fuer-die-landwirtschaft\/","title":{"rendered":"La Fondazione per il clima promuove soluzioni robotiche rispettose del clima per l'agricoltura"},"content":{"rendered":"<figure id=\"attachment_42282\" aria-describedby=\"caption-attachment-42282\" style=\"width: 680px\" class=\"wp-caption alignnone\"><img loading=\"lazy\" decoding=\"async\" class=\"size-full wp-image-42282\" src=\"https:\/\/www.organisator.ch\/wp-content\/uploads\/2025\/11\/Klimastiftung-foerdert-klimaschonende-Robotik-Loesung-fuer-die-Landwirtschaft_Organisator.jpg\" alt=\"\" width=\"680\" height=\"453\" srcset=\"https:\/\/www.organisator.ch\/wp-content\/uploads\/2025\/11\/Klimastiftung-foerdert-klimaschonende-Robotik-Loesung-fuer-die-Landwirtschaft_Organisator.jpg 680w, https:\/\/www.organisator.ch\/wp-content\/uploads\/2025\/11\/Klimastiftung-foerdert-klimaschonende-Robotik-Loesung-fuer-die-Landwirtschaft_Organisator-18x12.jpg 18w, https:\/\/www.organisator.ch\/wp-content\/uploads\/2025\/11\/Klimastiftung-foerdert-klimaschonende-Robotik-Loesung-fuer-die-Landwirtschaft_Organisator-375x250.jpg 375w, https:\/\/www.organisator.ch\/wp-content\/uploads\/2025\/11\/Klimastiftung-foerdert-klimaschonende-Robotik-Loesung-fuer-die-Landwirtschaft_Organisator-525x350.jpg 525w\" sizes=\"auto, (max-width: 680px) 100vw, 680px\" \/><figcaption id=\"caption-attachment-42282\" class=\"wp-caption-text\">La Raptrac AG di Uri ha sviluppato un porta-attrezzi autonomo per l'agricoltura. (Foto: zVg \/ Fondazione svizzera per il clima)<\/figcaption><\/figure>\n<p>Le innovazioni e le soluzioni climatiche sono l\u00ec per rafforzare la trasformazione energetica e climatica dei centri economici della Svizzera e del Liechtenstein. Il secondo ciclo di finanziamenti del 2025 dimostra ancora una volta come le PMI stiano aprendo la strada con progetti innovativi in materia di clima. In collaborazione con <a href=\"https:\/\/www.organisator.ch\/de\/sustainability\/2025-06-19\/erste-foerderrunde-2025-der-klimastiftung-schweiz-unterstuetzt-11-projekte\/\">del primo ciclo di finanziamenti della primavera 2025<\/a> Quest'anno vengono sostenuti 20 progetti per un importo complessivo di 2,4 milioni di franchi. Tra le soluzioni attualmente sostenute figurano anche i seguenti progetti.<\/p>\n<h3><strong>Raptrac: porta-attrezzi autonomo per un'agricoltura sostenibile<\/strong><\/h3>\n<p>L'agricoltura ha un forte impatto sull'impronta ecologica. La Fondazione svizzera per il clima riceve continuamente proposte promettenti su come affrontare il futuro del settore agricolo. Si sta assistendo a un vero e proprio boom nello sviluppo di veicoli portattrezzi leggeri che possono essere utilizzati in modo parzialmente o completamente autonomo nei campi e nei terreni agricoli. La Urner <a href=\"https:\/\/www.raptrac.ch\/\">Raptrac AG<\/a> ha sviluppato un veicolo di questo tipo: \u00abVogliamo promuovere un'agricoltura rispettosa del clima con una tecnologia di automazione adeguata\u00bb, afferma il cofondatore Ren\u00e9 Schneebeli. Con un peso inferiore rispetto alle macchine convenzionali, questo veicolo riduce la compattazione del suolo a parit\u00e0 di funzionalit\u00e0 e dimostra sul campo di soddisfare i requisiti di un'agricoltura visionaria.<\/p>\n<h3><strong>Recupero a basse emissioni di carbonio dei metalli dai rifiuti urbani e industriali<\/strong><\/h3>\n<p>Secondo l'Ufficio federale dell'ambiente, la Svizzera \u00e8 uno dei paesi con il pi\u00f9 alto volume di rifiuti urbani pro capite al mondo. Per i rifiuti contenenti zinco, nichel, rame, argento o piombo, l'azienda vallesana <a href=\"https:\/\/www.redelec.ch\/de\/\">RedElec Technologie SA<\/a> ha sviluppato un processo che consente di recuperare questi metalli anche da concentrazioni molto basse con l'aiuto dell'elettricit\u00e0. Ci\u00f2 \u00e8 molto importante per la protezione del clima, poich\u00e9 il riciclaggio dei metalli contribuisce in modo significativo alla riduzione delle emissioni di gas serra. Il recupero elettrochimico dei metalli dalle acque reflue industriali o dai rifiuti inceneriti richiede una quantit\u00e0 notevolmente inferiore di sostanze chimiche ed energia rispetto all'estrazione dai minerali. Lo stesso vale rispetto al processo di riciclaggio esistente per questo tipo di rifiuti.<\/p>\n<h3><strong>CellX Biosolutions AG individua batteri in grado di degradare i PFAS<\/strong><\/h3>\n<p>I PFAS, ovvero i composti alchilici perfluorurati e polifluorurati, sono definiti \u201esostanze chimiche eterne\u201c, poich\u00e9 per molto tempo si \u00e8 ritenuto che non fossero biodegradabili. La start-up zurighese <a href=\"https:\/\/www.cellx.ch\/\">CellX Biosolutions<\/a> dimostra ora il contrario. Con l'aiuto della sua tecnologia e dei batteri giusti, il PFAS pu\u00f2 essere degradato. \u00abIl potenziale dei batteri \u00e8 enorme. Il loro utilizzo nella bonifica dei PFAS \u00e8 una svolta epocale\u00bb, afferma Estelle Clerc, cofondatrice di CellX e microbiologa. Oggi i PFAS presenti nell'acqua e nel suolo possono essere degradati quasi esclusivamente tramite incenerimento. Questo processo \u00e8 molto dispendioso in termini energetici e produce elevate emissioni di CO2. Con la sua soluzione, CellX contribuisce quindi non solo alla riduzione dell'inquinamento da PFAS, ma anche alla protezione del clima.<\/p>\n<h3>Altri progetti sostenuti<\/h3>\n<p>Nel secondo ciclo di finanziamento 2025 saranno sostenute anche le tecnologie e i progetti delle seguenti PMI:<\/p>\n<ul>\n<li>da Saint-Sulpice\/VD, <a href=\"https:\/\/maxcomm.us12.list-manage.com\/track\/click?u=74090039ecde65db808b5baa9&amp;id=a0fd7c0cd0&amp;e=4a105d0b7c\">Azienda Sixteen44 SA<\/a><\/li>\n<li>da Pf\u00e4ffikon\/SZ, <a href=\"https:\/\/maxcomm.us12.list-manage.com\/track\/click?u=74090039ecde65db808b5baa9&amp;id=0a2398ac6d&amp;e=4a105d0b7c\">Azienda Thermal Transformer<\/a><\/li>\n<li>da Rotkreuz\/ZG, <a href=\"https:\/\/maxcomm.us12.list-manage.com\/track\/click?u=74090039ecde65db808b5baa9&amp;id=3f13b07d9f&amp;e=4a105d0b7c\">Azienda smart-me<\/a><\/li>\n<li>da Le P\u00e2quier\/FR, <a href=\"https:\/\/maxcomm.us12.list-manage.com\/track\/click?u=74090039ecde65db808b5baa9&amp;id=5c908dd1e9&amp;e=4a105d0b7c\">Azienda ID-Technologies<\/a><\/li>\n<li>da Lucerna\/LU, <a href=\"https:\/\/maxcomm.us12.list-manage.com\/track\/click?u=74090039ecde65db808b5baa9&amp;id=938e18d240&amp;e=4a105d0b7c\">Azienda Xulux<\/a><\/li>\n<li>da Zurigo\/ZH, <a href=\"https:\/\/maxcomm.us12.list-manage.com\/track\/click?u=74090039ecde65db808b5baa9&amp;id=7f1c0cf881&amp;e=4a105d0b7c\">Azienda Peelpack<\/a><\/li>\n<\/ul>\n<p>Anche altre PMI svizzere o del Liechtenstein che sviluppano prodotti innovativi e rispettosi del clima possono presentare una domanda di finanziamento. La Fondazione per il clima decide in merito due volte all'anno, in primavera e in autunno. <a href=\"https:\/\/maxcomm.us12.list-manage.com\/track\/click?u=74090039ecde65db808b5baa9&amp;id=dd7190dab8&amp;e=4a105d0b7c\">Il prossimo termine per la presentazione delle domande scade il 1\u00b0 marzo 2026.<\/a>.<\/p>","protected":false},"excerpt":{"rendered":"<p>Nella seconda tornata di finanziamenti del 2025, la Fondazione svizzera per il clima sostiene nove progetti di PMI con un impatto sul clima per un totale di 1,044 milioni di franchi. Tra questi vi \u00e8 anche una soluzione per l'agricoltura sostenibile.<\/p>","protected":false},"author":4,"featured_media":42282,"comment_status":"closed","ping_status":"closed","sticky":false,"template":"","format":"standard","meta":{"_acf_changed":false,"_yoast_wpseo_focuskw":"Landwirtschaft","_yoast_wpseo_metadesc":"Die Klimastiftung Schweiz unterst\u00fctzt in ihrer zweiten F\u00f6rderrunde auch eine L\u00f6sung f\u00fcr nachhaltige Landwirtschaft.","articlekey":"","footnotes":""},"categories":[580],"tags":[1526,1592,358,2707],"class_list":["post-42281","post","type-post","status-publish","format-standard","has-post-thumbnail","hentry","category-sustainability","tag-klimastiftung-schweiz","tag-landwirtschaft","tag-nachhaltige-wirtschaft","tag-wirtschaftsfoerderung"],"acf":[],"yoast_head":"<!-- This site is optimized with the Yoast SEO plugin v27.4 - https:\/\/yoast.com\/product\/yoast-seo-wordpress\/ -->\n<title>Klimastiftung f\u00f6rdert klimaschonende Robotik-L\u00f6sung f\u00fcr die Landwirtschaft - Organisator<\/title>\n<meta name=\"description\" content=\"Die Klimastiftung Schweiz unterst\u00fctzt in ihrer zweiten F\u00f6rderrunde auch eine L\u00f6sung f\u00fcr nachhaltige Landwirtschaft.\" \/>\n<meta name=\"robots\" content=\"index, follow, max-snippet:-1, max-image-preview:large, max-video-preview:-1\" \/>\n<link rel=\"canonical\" href=\"https:\/\/www.organisator.ch\/it\/sostenibilita\/2025-11-26\/klimastiftung-foerdert-klimaschonende-robotik-loesung-fuer-die-landwirtschaft\/\" \/>\n<meta property=\"og:locale\" content=\"it_IT\" \/>\n<meta property=\"og:type\" content=\"article\" \/>\n<meta property=\"og:title\" content=\"Klimastiftung f\u00f6rdert klimaschonende Robotik-L\u00f6sung f\u00fcr die Landwirtschaft\" \/>\n<meta property=\"og:description\" content=\"Die Klimastiftung Schweiz unterst\u00fctzt in ihrer zweiten F\u00f6rderrunde auch eine L\u00f6sung f\u00fcr nachhaltige Landwirtschaft.\" \/>\n<meta property=\"og:url\" content=\"https:\/\/www.organisator.ch\/it\/sostenibilita\/2025-11-26\/klimastiftung-foerdert-klimaschonende-robotik-loesung-fuer-die-landwirtschaft\/\" \/>\n<meta property=\"og:site_name\" content=\"Organisator\" \/>\n<meta property=\"article:publisher\" content=\"https:\/\/www.facebook.com\/OrganisatorFachmagazin\" \/>\n<meta property=\"article:published_time\" content=\"2025-11-26T08:07:44+00:00\" \/>\n<meta property=\"og:image\" content=\"https:\/\/www.organisator.ch\/wp-content\/uploads\/2025\/11\/Klimastiftung-foerdert-klimaschonende-Robotik-Loesung-fuer-die-Landwirtschaft_Organisator.jpg\" \/>\n\t<meta property=\"og:image:width\" content=\"680\" \/>\n\t<meta property=\"og:image:height\" content=\"453\" \/>\n\t<meta property=\"og:image:type\" content=\"image\/jpeg\" \/>\n<meta name=\"author\" content=\"thomas.berner\" \/>\n<meta name=\"twitter:card\" content=\"summary_large_image\" \/>\n<meta name=\"twitter:title\" content=\"#Klimastiftung f\u00f6rdert klimaschonende #Robotik-L\u00f6sung f\u00fcr die #Landwirtschaft\" \/>\n<meta name=\"twitter:description\" content=\"Die #Klimastiftung Schweiz unterst\u00fctzt in ihrer zweiten F\u00f6rderrunde auch eine L\u00f6sung f\u00fcr nachhaltige #Landwirtschaft.\" \/>\n<meta name=\"twitter:image\" content=\"https:\/\/www.organisator.ch\/wp-content\/uploads\/2025\/11\/Klimastiftung-foerdert-klimaschonende-Robotik-Loesung-fuer-die-Landwirtschaft_Organisator.jpg\" \/>\n<script type=\"application\/ld+json\" class=\"yoast-schema-graph\">{\"@context\":\"https:\\\/\\\/schema.org\",\"@graph\":[{\"@type\":\"Article\",\"@id\":\"https:\\\/\\\/www.organisator.ch\\\/sustainability\\\/2025-11-26\\\/klimastiftung-foerdert-klimaschonende-robotik-loesung-fuer-die-landwirtschaft\\\/#article\",\"isPartOf\":{\"@id\":\"https:\\\/\\\/www.organisator.ch\\\/sustainability\\\/2025-11-26\\\/klimastiftung-foerdert-klimaschonende-robotik-loesung-fuer-die-landwirtschaft\\\/\"},\"author\":{\"name\":\"thomas.berner\",\"@id\":\"https:\\\/\\\/www.organisator.ch\\\/#\\\/schema\\\/person\\\/6f650f90b2842cd4c0cc334b4e36f67e\"},\"headline\":\"Klimastiftung f\u00f6rdert klimaschonende Robotik-L\u00f6sung f\u00fcr die Landwirtschaft\",\"datePublished\":\"2025-11-26T08:07:44+00:00\",\"mainEntityOfPage\":{\"@id\":\"https:\\\/\\\/www.organisator.ch\\\/sustainability\\\/2025-11-26\\\/klimastiftung-foerdert-klimaschonende-robotik-loesung-fuer-die-landwirtschaft\\\/\"},\"wordCount\":565,\"publisher\":{\"@id\":\"https:\\\/\\\/www.organisator.ch\\\/#organization\"},\"image\":{\"@id\":\"https:\\\/\\\/www.organisator.ch\\\/sustainability\\\/2025-11-26\\\/klimastiftung-foerdert-klimaschonende-robotik-loesung-fuer-die-landwirtschaft\\\/#primaryimage\"},\"thumbnailUrl\":\"https:\\\/\\\/www.organisator.ch\\\/wp-content\\\/uploads\\\/2025\\\/11\\\/Klimastiftung-foerdert-klimaschonende-Robotik-Loesung-fuer-die-Landwirtschaft_Organisator.jpg\",\"keywords\":[\"Klimastiftung Schweiz\",\"Landwirtschaft\",\"Nachhaltige Wirtschaft\",\"Wirtschaftsf\u00f6rderung\"],\"articleSection\":[\"SUSTAINABILITY\"],\"inLanguage\":\"it-IT\"},{\"@type\":\"WebPage\",\"@id\":\"https:\\\/\\\/www.organisator.ch\\\/sustainability\\\/2025-11-26\\\/klimastiftung-foerdert-klimaschonende-robotik-loesung-fuer-die-landwirtschaft\\\/\",\"url\":\"https:\\\/\\\/www.organisator.ch\\\/sustainability\\\/2025-11-26\\\/klimastiftung-foerdert-klimaschonende-robotik-loesung-fuer-die-landwirtschaft\\\/\",\"name\":\"Klimastiftung f\u00f6rdert klimaschonende Robotik-L\u00f6sung f\u00fcr die Landwirtschaft - Organisator\",\"isPartOf\":{\"@id\":\"https:\\\/\\\/www.organisator.ch\\\/#website\"},\"primaryImageOfPage\":{\"@id\":\"https:\\\/\\\/www.organisator.ch\\\/sustainability\\\/2025-11-26\\\/klimastiftung-foerdert-klimaschonende-robotik-loesung-fuer-die-landwirtschaft\\\/#primaryimage\"},\"image\":{\"@id\":\"https:\\\/\\\/www.organisator.ch\\\/sustainability\\\/2025-11-26\\\/klimastiftung-foerdert-klimaschonende-robotik-loesung-fuer-die-landwirtschaft\\\/#primaryimage\"},\"thumbnailUrl\":\"https:\\\/\\\/www.organisator.ch\\\/wp-content\\\/uploads\\\/2025\\\/11\\\/Klimastiftung-foerdert-klimaschonende-Robotik-Loesung-fuer-die-Landwirtschaft_Organisator.jpg\",\"datePublished\":\"2025-11-26T08:07:44+00:00\",\"description\":\"Die Klimastiftung Schweiz unterst\u00fctzt in ihrer zweiten F\u00f6rderrunde auch eine L\u00f6sung f\u00fcr nachhaltige Landwirtschaft.\",\"breadcrumb\":{\"@id\":\"https:\\\/\\\/www.organisator.ch\\\/sustainability\\\/2025-11-26\\\/klimastiftung-foerdert-klimaschonende-robotik-loesung-fuer-die-landwirtschaft\\\/#breadcrumb\"},\"inLanguage\":\"it-IT\",\"potentialAction\":[{\"@type\":\"ReadAction\",\"target\":[\"https:\\\/\\\/www.organisator.ch\\\/sustainability\\\/2025-11-26\\\/klimastiftung-foerdert-klimaschonende-robotik-loesung-fuer-die-landwirtschaft\\\/\"]}]},{\"@type\":\"ImageObject\",\"inLanguage\":\"it-IT\",\"@id\":\"https:\\\/\\\/www.organisator.ch\\\/sustainability\\\/2025-11-26\\\/klimastiftung-foerdert-klimaschonende-robotik-loesung-fuer-die-landwirtschaft\\\/#primaryimage\",\"url\":\"https:\\\/\\\/www.organisator.ch\\\/wp-content\\\/uploads\\\/2025\\\/11\\\/Klimastiftung-foerdert-klimaschonende-Robotik-Loesung-fuer-die-Landwirtschaft_Organisator.jpg\",\"contentUrl\":\"https:\\\/\\\/www.organisator.ch\\\/wp-content\\\/uploads\\\/2025\\\/11\\\/Klimastiftung-foerdert-klimaschonende-Robotik-Loesung-fuer-die-Landwirtschaft_Organisator.jpg\",\"width\":680,\"height\":453,\"caption\":\"Die Urner Raptrac AG hat ein einen autonom betriebenen Ger\u00e4tetr\u00e4ger f\u00fcr die Landwirtschaft entwickelt. (Bild: zVg \\\/ Klimastiftung Schweiz)\"},{\"@type\":\"BreadcrumbList\",\"@id\":\"https:\\\/\\\/www.organisator.ch\\\/sustainability\\\/2025-11-26\\\/klimastiftung-foerdert-klimaschonende-robotik-loesung-fuer-die-landwirtschaft\\\/#breadcrumb\",\"itemListElement\":[{\"@type\":\"ListItem\",\"position\":1,\"name\":\"Home\",\"item\":\"https:\\\/\\\/www.organisator.ch\\\/\"},{\"@type\":\"ListItem\",\"position\":2,\"name\":\"Klimastiftung f\u00f6rdert klimaschonende Robotik-L\u00f6sung f\u00fcr die Landwirtschaft\"}]},{\"@type\":\"WebSite\",\"@id\":\"https:\\\/\\\/www.organisator.ch\\\/#website\",\"url\":\"https:\\\/\\\/www.organisator.ch\\\/\",\"name\":\"Organisator\",\"description\":\"Kompetent. Praxisnah. Der ORGANISATOR bereitet in 10 Ausgaben pro Jahr die wesentlichen Themen f\u00fcr F\u00fchrungskr\u00e4fte von KMU auf.\",\"publisher\":{\"@id\":\"https:\\\/\\\/www.organisator.ch\\\/#organization\"},\"potentialAction\":[{\"@type\":\"SearchAction\",\"target\":{\"@type\":\"EntryPoint\",\"urlTemplate\":\"https:\\\/\\\/www.organisator.ch\\\/?s={search_term_string}\"},\"query-input\":{\"@type\":\"PropertyValueSpecification\",\"valueRequired\":true,\"valueName\":\"search_term_string\"}}],\"inLanguage\":\"it-IT\"},{\"@type\":\"Organization\",\"@id\":\"https:\\\/\\\/www.organisator.ch\\\/#organization\",\"name\":\"Organisator\",\"url\":\"https:\\\/\\\/www.organisator.ch\\\/\",\"logo\":{\"@type\":\"ImageObject\",\"inLanguage\":\"it-IT\",\"@id\":\"https:\\\/\\\/www.organisator.ch\\\/#\\\/schema\\\/logo\\\/image\\\/\",\"url\":\"https:\\\/\\\/www.organisator.ch\\\/wp-content\\\/uploads\\\/2022\\\/01\\\/Logo_Organisator_Website.png\",\"contentUrl\":\"https:\\\/\\\/www.organisator.ch\\\/wp-content\\\/uploads\\\/2022\\\/01\\\/Logo_Organisator_Website.png\",\"width\":800,\"height\":77,\"caption\":\"Organisator\"},\"image\":{\"@id\":\"https:\\\/\\\/www.organisator.ch\\\/#\\\/schema\\\/logo\\\/image\\\/\"},\"sameAs\":[\"https:\\\/\\\/www.facebook.com\\\/OrganisatorFachmagazin\",\"https:\\\/\\\/www.linkedin.com\\\/showcase\\\/organisator-das-magazin-fr-kmu\",\"https:\\\/\\\/www.xing.com\\\/news\\\/pages\\\/organisator-ch-695\",\"https:\\\/\\\/www.youtube.com\\\/channel\\\/UCGP2Sq0iWaZwT3BdIAQFYpw\"]},{\"@type\":\"Person\",\"@id\":\"https:\\\/\\\/www.organisator.ch\\\/#\\\/schema\\\/person\\\/6f650f90b2842cd4c0cc334b4e36f67e\",\"name\":\"thomas.berner\",\"image\":{\"@type\":\"ImageObject\",\"inLanguage\":\"it-IT\",\"@id\":\"https:\\\/\\\/secure.gravatar.com\\\/avatar\\\/ac5001d2a36cb6c6cd3e50789007ffca834b477b74a2144564522e944eabff61?s=96&d=mm&r=g\",\"url\":\"https:\\\/\\\/secure.gravatar.com\\\/avatar\\\/ac5001d2a36cb6c6cd3e50789007ffca834b477b74a2144564522e944eabff61?s=96&d=mm&r=g\",\"contentUrl\":\"https:\\\/\\\/secure.gravatar.com\\\/avatar\\\/ac5001d2a36cb6c6cd3e50789007ffca834b477b74a2144564522e944eabff61?s=96&d=mm&r=g\",\"caption\":\"thomas.berner\"},\"url\":\"https:\\\/\\\/www.organisator.ch\\\/it\\\/author\\\/thomas-berner\\\/\"}]}<\/script>\n<!-- \/ Yoast SEO plugin. -->","yoast_head_json":{"title":"La Fondazione per il clima promuove soluzioni robotiche rispettose del clima per l'agricoltura - Organizzatore","description":"Nella sua seconda tornata di finanziamenti, la Fondazione Svizzera per il Clima sostiene anche una soluzione per l'agricoltura sostenibile.","robots":{"index":"index","follow":"follow","max-snippet":"max-snippet:-1","max-image-preview":"max-image-preview:large","max-video-preview":"max-video-preview:-1"},"canonical":"https:\/\/www.organisator.ch\/it\/sostenibilita\/2025-11-26\/klimastiftung-foerdert-klimaschonende-robotik-loesung-fuer-die-landwirtschaft\/","og_locale":"it_IT","og_type":"article","og_title":"Klimastiftung f\u00f6rdert klimaschonende Robotik-L\u00f6sung f\u00fcr die Landwirtschaft","og_description":"Die Klimastiftung Schweiz unterst\u00fctzt in ihrer zweiten F\u00f6rderrunde auch eine L\u00f6sung f\u00fcr nachhaltige Landwirtschaft.","og_url":"https:\/\/www.organisator.ch\/it\/sostenibilita\/2025-11-26\/klimastiftung-foerdert-klimaschonende-robotik-loesung-fuer-die-landwirtschaft\/","og_site_name":"Organisator","article_publisher":"https:\/\/www.facebook.com\/OrganisatorFachmagazin","article_published_time":"2025-11-26T08:07:44+00:00","og_image":[{"width":680,"height":453,"url":"https:\/\/www.organisator.ch\/wp-content\/uploads\/2025\/11\/Klimastiftung-foerdert-klimaschonende-Robotik-Loesung-fuer-die-Landwirtschaft_Organisator.jpg","type":"image\/jpeg"}],"author":"thomas.berner","twitter_card":"summary_large_image","twitter_title":"#Klimastiftung f\u00f6rdert klimaschonende #Robotik-L\u00f6sung f\u00fcr die #Landwirtschaft","twitter_description":"Die #Klimastiftung Schweiz unterst\u00fctzt in ihrer zweiten F\u00f6rderrunde auch eine L\u00f6sung f\u00fcr nachhaltige #Landwirtschaft.","twitter_image":"https:\/\/www.organisator.ch\/wp-content\/uploads\/2025\/11\/Klimastiftung-foerdert-klimaschonende-Robotik-Loesung-fuer-die-Landwirtschaft_Organisator.jpg","schema":{"@context":"https:\/\/schema.org","@graph":[{"@type":"Article","@id":"https:\/\/www.organisator.ch\/sustainability\/2025-11-26\/klimastiftung-foerdert-klimaschonende-robotik-loesung-fuer-die-landwirtschaft\/#article","isPartOf":{"@id":"https:\/\/www.organisator.ch\/sustainability\/2025-11-26\/klimastiftung-foerdert-klimaschonende-robotik-loesung-fuer-die-landwirtschaft\/"},"author":{"name":"thomas.berner","@id":"https:\/\/www.organisator.ch\/#\/schema\/person\/6f650f90b2842cd4c0cc334b4e36f67e"},"headline":"Klimastiftung f\u00f6rdert klimaschonende Robotik-L\u00f6sung f\u00fcr die Landwirtschaft","datePublished":"2025-11-26T08:07:44+00:00","mainEntityOfPage":{"@id":"https:\/\/www.organisator.ch\/sustainability\/2025-11-26\/klimastiftung-foerdert-klimaschonende-robotik-loesung-fuer-die-landwirtschaft\/"},"wordCount":565,"publisher":{"@id":"https:\/\/www.organisator.ch\/#organization"},"image":{"@id":"https:\/\/www.organisator.ch\/sustainability\/2025-11-26\/klimastiftung-foerdert-klimaschonende-robotik-loesung-fuer-die-landwirtschaft\/#primaryimage"},"thumbnailUrl":"https:\/\/www.organisator.ch\/wp-content\/uploads\/2025\/11\/Klimastiftung-foerdert-klimaschonende-Robotik-Loesung-fuer-die-Landwirtschaft_Organisator.jpg","keywords":["Klimastiftung Schweiz","Landwirtschaft","Nachhaltige Wirtschaft","Wirtschaftsf\u00f6rderung"],"articleSection":["SUSTAINABILITY"],"inLanguage":"it-IT"},{"@type":"WebPage","@id":"https:\/\/www.organisator.ch\/sustainability\/2025-11-26\/klimastiftung-foerdert-klimaschonende-robotik-loesung-fuer-die-landwirtschaft\/","url":"https:\/\/www.organisator.ch\/sustainability\/2025-11-26\/klimastiftung-foerdert-klimaschonende-robotik-loesung-fuer-die-landwirtschaft\/","name":"La Fondazione per il clima promuove soluzioni robotiche rispettose del clima per l'agricoltura - Organizzatore","isPartOf":{"@id":"https:\/\/www.organisator.ch\/#website"},"primaryImageOfPage":{"@id":"https:\/\/www.organisator.ch\/sustainability\/2025-11-26\/klimastiftung-foerdert-klimaschonende-robotik-loesung-fuer-die-landwirtschaft\/#primaryimage"},"image":{"@id":"https:\/\/www.organisator.ch\/sustainability\/2025-11-26\/klimastiftung-foerdert-klimaschonende-robotik-loesung-fuer-die-landwirtschaft\/#primaryimage"},"thumbnailUrl":"https:\/\/www.organisator.ch\/wp-content\/uploads\/2025\/11\/Klimastiftung-foerdert-klimaschonende-Robotik-Loesung-fuer-die-Landwirtschaft_Organisator.jpg","datePublished":"2025-11-26T08:07:44+00:00","description":"Nella sua seconda tornata di finanziamenti, la Fondazione Svizzera per il Clima sostiene anche una soluzione per l'agricoltura sostenibile.","breadcrumb":{"@id":"https:\/\/www.organisator.ch\/sustainability\/2025-11-26\/klimastiftung-foerdert-klimaschonende-robotik-loesung-fuer-die-landwirtschaft\/#breadcrumb"},"inLanguage":"it-IT","potentialAction":[{"@type":"ReadAction","target":["https:\/\/www.organisator.ch\/sustainability\/2025-11-26\/klimastiftung-foerdert-klimaschonende-robotik-loesung-fuer-die-landwirtschaft\/"]}]},{"@type":"ImageObject","inLanguage":"it-IT","@id":"https:\/\/www.organisator.ch\/sustainability\/2025-11-26\/klimastiftung-foerdert-klimaschonende-robotik-loesung-fuer-die-landwirtschaft\/#primaryimage","url":"https:\/\/www.organisator.ch\/wp-content\/uploads\/2025\/11\/Klimastiftung-foerdert-klimaschonende-Robotik-Loesung-fuer-die-Landwirtschaft_Organisator.jpg","contentUrl":"https:\/\/www.organisator.ch\/wp-content\/uploads\/2025\/11\/Klimastiftung-foerdert-klimaschonende-Robotik-Loesung-fuer-die-Landwirtschaft_Organisator.jpg","width":680,"height":453,"caption":"Die Urner Raptrac AG hat ein einen autonom betriebenen Ger\u00e4tetr\u00e4ger f\u00fcr die Landwirtschaft entwickelt. (Bild: zVg \/ Klimastiftung Schweiz)"},{"@type":"BreadcrumbList","@id":"https:\/\/www.organisator.ch\/sustainability\/2025-11-26\/klimastiftung-foerdert-klimaschonende-robotik-loesung-fuer-die-landwirtschaft\/#breadcrumb","itemListElement":[{"@type":"ListItem","position":1,"name":"Home","item":"https:\/\/www.organisator.ch\/"},{"@type":"ListItem","position":2,"name":"Klimastiftung f\u00f6rdert klimaschonende Robotik-L\u00f6sung f\u00fcr die Landwirtschaft"}]},{"@type":"WebSite","@id":"https:\/\/www.organisator.ch\/#website","url":"https:\/\/www.organisator.ch\/","name":"Organizzatore","description":"Competente. Pratico. In 10 numeri all'anno, ORGANISATOR presenta i temi essenziali per i manager delle PMI.","publisher":{"@id":"https:\/\/www.organisator.ch\/#organization"},"potentialAction":[{"@type":"SearchAction","target":{"@type":"EntryPoint","urlTemplate":"https:\/\/www.organisator.ch\/?s={search_term_string}"},"query-input":{"@type":"PropertyValueSpecification","valueRequired":true,"valueName":"search_term_string"}}],"inLanguage":"it-IT"},{"@type":"Organization","@id":"https:\/\/www.organisator.ch\/#organization","name":"Organizzatore","url":"https:\/\/www.organisator.ch\/","logo":{"@type":"ImageObject","inLanguage":"it-IT","@id":"https:\/\/www.organisator.ch\/#\/schema\/logo\/image\/","url":"https:\/\/www.organisator.ch\/wp-content\/uploads\/2022\/01\/Logo_Organisator_Website.png","contentUrl":"https:\/\/www.organisator.ch\/wp-content\/uploads\/2022\/01\/Logo_Organisator_Website.png","width":800,"height":77,"caption":"Organisator"},"image":{"@id":"https:\/\/www.organisator.ch\/#\/schema\/logo\/image\/"},"sameAs":["https:\/\/www.facebook.com\/OrganisatorFachmagazin","https:\/\/www.linkedin.com\/showcase\/organisator-das-magazin-fr-kmu","https:\/\/www.xing.com\/news\/pages\/organisator-ch-695","https:\/\/www.youtube.com\/channel\/UCGP2Sq0iWaZwT3BdIAQFYpw"]},{"@type":"Person","@id":"https:\/\/www.organisator.ch\/#\/schema\/person\/6f650f90b2842cd4c0cc334b4e36f67e","name":"Tommaso.berner","image":{"@type":"ImageObject","inLanguage":"it-IT","@id":"https:\/\/secure.gravatar.com\/avatar\/ac5001d2a36cb6c6cd3e50789007ffca834b477b74a2144564522e944eabff61?s=96&d=mm&r=g","url":"https:\/\/secure.gravatar.com\/avatar\/ac5001d2a36cb6c6cd3e50789007ffca834b477b74a2144564522e944eabff61?s=96&d=mm&r=g","contentUrl":"https:\/\/secure.gravatar.com\/avatar\/ac5001d2a36cb6c6cd3e50789007ffca834b477b74a2144564522e944eabff61?s=96&d=mm&r=g","caption":"thomas.berner"},"url":"https:\/\/www.organisator.ch\/it\/author\/thomas-berner\/"}]}},"_links":{"self":[{"href":"https:\/\/www.organisator.ch\/it\/wp-json\/wp\/v2\/posts\/42281","targetHints":{"allow":["GET"]}}],"collection":[{"href":"https:\/\/www.organisator.ch\/it\/wp-json\/wp\/v2\/posts"}],"about":[{"href":"https:\/\/www.organisator.ch\/it\/wp-json\/wp\/v2\/types\/post"}],"author":[{"embeddable":true,"href":"https:\/\/www.organisator.ch\/it\/wp-json\/wp\/v2\/users\/4"}],"replies":[{"embeddable":true,"href":"https:\/\/www.organisator.ch\/it\/wp-json\/wp\/v2\/comments?post=42281"}],"version-history":[{"count":3,"href":"https:\/\/www.organisator.ch\/it\/wp-json\/wp\/v2\/posts\/42281\/revisions"}],"predecessor-version":[{"id":42306,"href":"https:\/\/www.organisator.ch\/it\/wp-json\/wp\/v2\/posts\/42281\/revisions\/42306"}],"wp:featuredmedia":[{"embeddable":true,"href":"https:\/\/www.organisator.ch\/it\/wp-json\/wp\/v2\/media\/42282"}],"wp:attachment":[{"href":"https:\/\/www.organisator.ch\/it\/wp-json\/wp\/v2\/media?parent=42281"}],"wp:term":[{"taxonomy":"category","embeddable":true,"href":"https:\/\/www.organisator.ch\/it\/wp-json\/wp\/v2\/categories?post=42281"},{"taxonomy":"post_tag","embeddable":true,"href":"https:\/\/www.organisator.ch\/it\/wp-json\/wp\/v2\/tags?post=42281"}],"curies":[{"name":"wp","href":"https:\/\/api.w.org\/{rel}","templated":true}]}}