{"id":42284,"date":"2025-11-26T09:26:57","date_gmt":"2025-11-26T08:26:57","guid":{"rendered":"https:\/\/www.organisator.ch\/?p=42284"},"modified":"2025-11-26T09:26:57","modified_gmt":"2025-11-26T08:26:57","slug":"mem-kmu-zeigen-ausdauer-aber-kein-aufschwung-in-sicht","status":"publish","type":"post","link":"https:\/\/www.organisator.ch\/it\/management\/2025-11-26\/mem-kmu-zeigen-ausdauer-aber-kein-aufschwung-in-sicht\/","title":{"rendered":"Le PMI MEM dimostrano tenacia, ma non si intravede alcuna ripresa"},"content":{"rendered":"<figure id=\"attachment_42285\" aria-describedby=\"caption-attachment-42285\" style=\"width: 680px\" class=\"wp-caption alignnone\"><img loading=\"lazy\" decoding=\"async\" class=\"size-full wp-image-42285\" src=\"https:\/\/www.organisator.ch\/wp-content\/uploads\/2025\/11\/MEM-KMU-zeigen-Ausdauer-aber-kein-Aufschwung-in-Sicht_Organsiator.jpg\" alt=\"\" width=\"680\" height=\"453\" srcset=\"https:\/\/www.organisator.ch\/wp-content\/uploads\/2025\/11\/MEM-KMU-zeigen-Ausdauer-aber-kein-Aufschwung-in-Sicht_Organsiator.jpg 680w, https:\/\/www.organisator.ch\/wp-content\/uploads\/2025\/11\/MEM-KMU-zeigen-Ausdauer-aber-kein-Aufschwung-in-Sicht_Organsiator-18x12.jpg 18w, https:\/\/www.organisator.ch\/wp-content\/uploads\/2025\/11\/MEM-KMU-zeigen-Ausdauer-aber-kein-Aufschwung-in-Sicht_Organsiator-375x250.jpg 375w, https:\/\/www.organisator.ch\/wp-content\/uploads\/2025\/11\/MEM-KMU-zeigen-Ausdauer-aber-kein-Aufschwung-in-Sicht_Organsiator-525x350.jpg 525w\" sizes=\"auto, (max-width: 680px) 100vw, 680px\" \/><figcaption id=\"caption-attachment-42285\" class=\"wp-caption-text\">Le PMI svizzere del settore MEM continuano a lottare, ma per il momento non si intravede alcuna ripresa. (Immagine: Unsplash.com)<\/figcaption><\/figure>\n<p>Le PMI del settore MEM continuano a subire pressioni dovute alla debole domanda, al persistente rafforzamento del franco svizzero e alle conseguenze dei dazi statunitensi, che dall'estate incidono in modo significativo. L'accordo doganale con gli Stati Uniti porta s\u00ec un po' di sollievo, ma al momento della rilevazione i dazi elevati erano ancora pienamente in vigore.<\/p>\n<h3>Continua l'erosione marginale<\/h3>\n<p>Circa la met\u00e0 delle aziende segnala un calo degli ordini e del fatturato. Solo un'azienda su cinque riferisce un aumento degli ordini e del fatturato, mentre solo una PMI su sette registra un aumento dei margini. L'erosione dei margini continua senza sosta ormai da tre anni e limita le possibilit\u00e0 di investimento di molte aziende. Un'azienda su quattro deve rinviare gli investimenti pianificati a causa delle restrizioni finanziarie. La maggior parte di queste aziende non dispone dei fondi propri necessari. \u00abLe nostre PMI non sono corridori di breve distanza. Da anni dimostrano di poter resistere anche sulle lunghe distanze, dalla crisi energetica alla pandemia fino agli attuali dazi doganali. Ma ora sono necessarie condizioni quadro stabili affinch\u00e9 questa maratona non diventi infinita\u00bb, afferma Nicola Tettamanti, presidente di Swissmechanic.<\/p>\n<p>Secondo Swissmechanic, l'utilizzo della capacit\u00e0 produttiva rimane al di sotto della media pluriennale. Sebbene il 71% delle aziende abbia ordini per le prossime quattro settimane, solo un quarto \u00e8 in grado di garantire la produzione per pi\u00f9 di dodici settimane. Anche la percentuale di aziende che ricorrono alla cassa integrazione \u00e8 aumentata: attualmente il 21% utilizza questo strumento e in oltre la met\u00e0 dei casi riguarda pi\u00f9 del 40% dei dipendenti.<\/p>\n<h3>Le PMI dimostrano capacit\u00e0 di adattamento<\/h3>\n<p>Nonostante queste difficolt\u00e0, molte PMI del settore MEM dimostrano una notevole capacit\u00e0 di resistenza e adattabilit\u00e0. Quattro aziende su dieci hanno gi\u00e0 attuato misure di stabilizzazione, dall'ottimizzazione dei processi e dei costi all'apertura di nuovi mercati in Europa. Il direttore di Swissmechanic Erich Sannemann sottolinea: \u00abI nostri membri pensano in modo imprenditoriale, agiscono in modo orientato alle soluzioni e rimangono innovativi, anche sotto pressione. Tuttavia, senza sgravi mirati e incentivi agli investimenti, la competitivit\u00e0 rischia di erodersi nel lungo periodo. Ora sono necessari segnali chiari da parte della politica e dell'economia\u00bb.\u00bb<\/p>\n<p><em>Fonte: <a href=\"http:\/\/www.swissmechanic.ch\">Swissmechanic<\/a><\/em><\/p>","protected":false},"excerpt":{"rendered":"<p>Tre aziende su quattro dell'industria meccanica, elettrica e metallurgica giudicano sfavorevole la loro situazione attuale. \u00c8 quanto emerge dal nuovo barometro economico Swissmechanic. <\/p>","protected":false},"author":4,"featured_media":42285,"comment_status":"closed","ping_status":"closed","sticky":false,"template":"","format":"standard","meta":{"_acf_changed":false,"_yoast_wpseo_focuskw":"Aufschwung","_yoast_wpseo_metadesc":"Kein Aufschwung in Sicht: Gem\u00e4ss Swissmechanic beurteilen drei von vier MEM-Unternehmen ihre aktuelle Lage als ung\u00fcnstig.","articlekey":"","footnotes":""},"categories":[28],"tags":[310,335,5506,503,531],"class_list":["post-42284","post","type-post","status-publish","format-standard","has-post-thumbnail","hentry","category-management","tag-konjunktur","tag-management-und-unternehmensfuehrung","tag-mem-industrie","tag-verbaende","tag-wirtschaftspolitik"],"acf":[],"yoast_head":"<!-- This site is optimized with the Yoast SEO plugin v27.5 - https:\/\/yoast.com\/product\/yoast-seo-wordpress\/ -->\n<title>MEM-KMU zeigen Ausdauer, aber kein Aufschwung in Sicht - Organisator<\/title>\n<meta name=\"description\" content=\"Kein Aufschwung in Sicht: Gem\u00e4ss Swissmechanic beurteilen drei von vier MEM-Unternehmen ihre aktuelle Lage als ung\u00fcnstig.\" \/>\n<meta name=\"robots\" content=\"index, follow, max-snippet:-1, max-image-preview:large, max-video-preview:-1\" \/>\n<link rel=\"canonical\" href=\"https:\/\/www.organisator.ch\/it\/gestione-2\/2025-11-26\/mem-kmu-zeigen-ausdauer-aber-kein-aufschwung-in-sicht\/\" \/>\n<meta property=\"og:locale\" content=\"it_IT\" \/>\n<meta property=\"og:type\" content=\"article\" \/>\n<meta property=\"og:title\" content=\"MEM-KMU zeigen Ausdauer, aber kein Aufschwung in Sicht\" \/>\n<meta property=\"og:description\" content=\"Kein Aufschwung in Sicht: Gem\u00e4ss Swissmechanic beurteilen drei von vier MEM-Unternehmen ihre aktuelle Lage als ung\u00fcnstig.\" \/>\n<meta property=\"og:url\" content=\"https:\/\/www.organisator.ch\/it\/gestione-2\/2025-11-26\/mem-kmu-zeigen-ausdauer-aber-kein-aufschwung-in-sicht\/\" \/>\n<meta property=\"og:site_name\" content=\"Organisator\" \/>\n<meta property=\"article:publisher\" content=\"https:\/\/www.facebook.com\/OrganisatorFachmagazin\" \/>\n<meta property=\"article:published_time\" content=\"2025-11-26T08:26:57+00:00\" \/>\n<meta property=\"og:image\" content=\"https:\/\/www.organisator.ch\/wp-content\/uploads\/2025\/11\/MEM-KMU-zeigen-Ausdauer-aber-kein-Aufschwung-in-Sicht_Organsiator.jpg\" \/>\n\t<meta property=\"og:image:width\" content=\"680\" \/>\n\t<meta property=\"og:image:height\" content=\"453\" \/>\n\t<meta property=\"og:image:type\" content=\"image\/jpeg\" \/>\n<meta name=\"author\" content=\"thomas.berner\" \/>\n<meta name=\"twitter:card\" content=\"summary_large_image\" \/>\n<meta name=\"twitter:title\" content=\"#MEM-KMU zeigen #Ausdauer, aber kein #Aufschwung in Sicht\" \/>\n<meta name=\"twitter:description\" content=\"Kein #Aufschwung in Sicht: Gem\u00e4ss #Swissmechanic beurteilen drei von vier #MEM-Unternehmen ihre aktuelle Lage als ung\u00fcnstig.\" \/>\n<meta name=\"twitter:image\" content=\"https:\/\/www.organisator.ch\/wp-content\/uploads\/2025\/11\/MEM-KMU-zeigen-Ausdauer-aber-kein-Aufschwung-in-Sicht_Organsiator.jpg\" \/>\n<script type=\"application\/ld+json\" class=\"yoast-schema-graph\">{\"@context\":\"https:\\\/\\\/schema.org\",\"@graph\":[{\"@type\":\"Article\",\"@id\":\"https:\\\/\\\/www.organisator.ch\\\/management\\\/2025-11-26\\\/mem-kmu-zeigen-ausdauer-aber-kein-aufschwung-in-sicht\\\/#article\",\"isPartOf\":{\"@id\":\"https:\\\/\\\/www.organisator.ch\\\/management\\\/2025-11-26\\\/mem-kmu-zeigen-ausdauer-aber-kein-aufschwung-in-sicht\\\/\"},\"author\":{\"name\":\"thomas.berner\",\"@id\":\"https:\\\/\\\/www.organisator.ch\\\/#\\\/schema\\\/person\\\/6f650f90b2842cd4c0cc334b4e36f67e\"},\"headline\":\"MEM-KMU zeigen Ausdauer, aber kein Aufschwung in Sicht\",\"datePublished\":\"2025-11-26T08:26:57+00:00\",\"mainEntityOfPage\":{\"@id\":\"https:\\\/\\\/www.organisator.ch\\\/management\\\/2025-11-26\\\/mem-kmu-zeigen-ausdauer-aber-kein-aufschwung-in-sicht\\\/\"},\"wordCount\":358,\"publisher\":{\"@id\":\"https:\\\/\\\/www.organisator.ch\\\/#organization\"},\"image\":{\"@id\":\"https:\\\/\\\/www.organisator.ch\\\/management\\\/2025-11-26\\\/mem-kmu-zeigen-ausdauer-aber-kein-aufschwung-in-sicht\\\/#primaryimage\"},\"thumbnailUrl\":\"https:\\\/\\\/www.organisator.ch\\\/wp-content\\\/uploads\\\/2025\\\/11\\\/MEM-KMU-zeigen-Ausdauer-aber-kein-Aufschwung-in-Sicht_Organsiator.jpg\",\"keywords\":[\"Konjunktur\",\"Management und Unternehmensf\u00fchrung\",\"MEM-Industrie\",\"Verb\u00e4nde\",\"Wirtschaftspolitik\"],\"articleSection\":[\"MANAGEMENT\"],\"inLanguage\":\"it-IT\"},{\"@type\":\"WebPage\",\"@id\":\"https:\\\/\\\/www.organisator.ch\\\/management\\\/2025-11-26\\\/mem-kmu-zeigen-ausdauer-aber-kein-aufschwung-in-sicht\\\/\",\"url\":\"https:\\\/\\\/www.organisator.ch\\\/management\\\/2025-11-26\\\/mem-kmu-zeigen-ausdauer-aber-kein-aufschwung-in-sicht\\\/\",\"name\":\"MEM-KMU zeigen Ausdauer, aber kein Aufschwung in Sicht - Organisator\",\"isPartOf\":{\"@id\":\"https:\\\/\\\/www.organisator.ch\\\/#website\"},\"primaryImageOfPage\":{\"@id\":\"https:\\\/\\\/www.organisator.ch\\\/management\\\/2025-11-26\\\/mem-kmu-zeigen-ausdauer-aber-kein-aufschwung-in-sicht\\\/#primaryimage\"},\"image\":{\"@id\":\"https:\\\/\\\/www.organisator.ch\\\/management\\\/2025-11-26\\\/mem-kmu-zeigen-ausdauer-aber-kein-aufschwung-in-sicht\\\/#primaryimage\"},\"thumbnailUrl\":\"https:\\\/\\\/www.organisator.ch\\\/wp-content\\\/uploads\\\/2025\\\/11\\\/MEM-KMU-zeigen-Ausdauer-aber-kein-Aufschwung-in-Sicht_Organsiator.jpg\",\"datePublished\":\"2025-11-26T08:26:57+00:00\",\"description\":\"Kein Aufschwung in Sicht: Gem\u00e4ss Swissmechanic beurteilen drei von vier MEM-Unternehmen ihre aktuelle Lage als ung\u00fcnstig.\",\"breadcrumb\":{\"@id\":\"https:\\\/\\\/www.organisator.ch\\\/management\\\/2025-11-26\\\/mem-kmu-zeigen-ausdauer-aber-kein-aufschwung-in-sicht\\\/#breadcrumb\"},\"inLanguage\":\"it-IT\",\"potentialAction\":[{\"@type\":\"ReadAction\",\"target\":[\"https:\\\/\\\/www.organisator.ch\\\/management\\\/2025-11-26\\\/mem-kmu-zeigen-ausdauer-aber-kein-aufschwung-in-sicht\\\/\"]}]},{\"@type\":\"ImageObject\",\"inLanguage\":\"it-IT\",\"@id\":\"https:\\\/\\\/www.organisator.ch\\\/management\\\/2025-11-26\\\/mem-kmu-zeigen-ausdauer-aber-kein-aufschwung-in-sicht\\\/#primaryimage\",\"url\":\"https:\\\/\\\/www.organisator.ch\\\/wp-content\\\/uploads\\\/2025\\\/11\\\/MEM-KMU-zeigen-Ausdauer-aber-kein-Aufschwung-in-Sicht_Organsiator.jpg\",\"contentUrl\":\"https:\\\/\\\/www.organisator.ch\\\/wp-content\\\/uploads\\\/2025\\\/11\\\/MEM-KMU-zeigen-Ausdauer-aber-kein-Aufschwung-in-Sicht_Organsiator.jpg\",\"width\":680,\"height\":453,\"caption\":\"Die Schweizer MEM-KMU k\u00e4mpfen weiter, doch ein Wiederaufschwung ist vorerst nicht in Sicht. (Bild: Unsplash.com)\"},{\"@type\":\"BreadcrumbList\",\"@id\":\"https:\\\/\\\/www.organisator.ch\\\/management\\\/2025-11-26\\\/mem-kmu-zeigen-ausdauer-aber-kein-aufschwung-in-sicht\\\/#breadcrumb\",\"itemListElement\":[{\"@type\":\"ListItem\",\"position\":1,\"name\":\"Home\",\"item\":\"https:\\\/\\\/www.organisator.ch\\\/\"},{\"@type\":\"ListItem\",\"position\":2,\"name\":\"MEM-KMU zeigen Ausdauer, aber kein Aufschwung in Sicht\"}]},{\"@type\":\"WebSite\",\"@id\":\"https:\\\/\\\/www.organisator.ch\\\/#website\",\"url\":\"https:\\\/\\\/www.organisator.ch\\\/\",\"name\":\"Organisator\",\"description\":\"Kompetent. Praxisnah. Der ORGANISATOR bereitet in 10 Ausgaben pro Jahr die wesentlichen Themen f\u00fcr F\u00fchrungskr\u00e4fte von KMU auf.\",\"publisher\":{\"@id\":\"https:\\\/\\\/www.organisator.ch\\\/#organization\"},\"potentialAction\":[{\"@type\":\"SearchAction\",\"target\":{\"@type\":\"EntryPoint\",\"urlTemplate\":\"https:\\\/\\\/www.organisator.ch\\\/?s={search_term_string}\"},\"query-input\":{\"@type\":\"PropertyValueSpecification\",\"valueRequired\":true,\"valueName\":\"search_term_string\"}}],\"inLanguage\":\"it-IT\"},{\"@type\":\"Organization\",\"@id\":\"https:\\\/\\\/www.organisator.ch\\\/#organization\",\"name\":\"Organisator\",\"url\":\"https:\\\/\\\/www.organisator.ch\\\/\",\"logo\":{\"@type\":\"ImageObject\",\"inLanguage\":\"it-IT\",\"@id\":\"https:\\\/\\\/www.organisator.ch\\\/#\\\/schema\\\/logo\\\/image\\\/\",\"url\":\"https:\\\/\\\/www.organisator.ch\\\/wp-content\\\/uploads\\\/2022\\\/01\\\/Logo_Organisator_Website.png\",\"contentUrl\":\"https:\\\/\\\/www.organisator.ch\\\/wp-content\\\/uploads\\\/2022\\\/01\\\/Logo_Organisator_Website.png\",\"width\":800,\"height\":77,\"caption\":\"Organisator\"},\"image\":{\"@id\":\"https:\\\/\\\/www.organisator.ch\\\/#\\\/schema\\\/logo\\\/image\\\/\"},\"sameAs\":[\"https:\\\/\\\/www.facebook.com\\\/OrganisatorFachmagazin\",\"https:\\\/\\\/www.linkedin.com\\\/showcase\\\/organisator-das-magazin-fr-kmu\",\"https:\\\/\\\/www.xing.com\\\/news\\\/pages\\\/organisator-ch-695\",\"https:\\\/\\\/www.youtube.com\\\/channel\\\/UCGP2Sq0iWaZwT3BdIAQFYpw\"]},{\"@type\":\"Person\",\"@id\":\"https:\\\/\\\/www.organisator.ch\\\/#\\\/schema\\\/person\\\/6f650f90b2842cd4c0cc334b4e36f67e\",\"name\":\"thomas.berner\",\"image\":{\"@type\":\"ImageObject\",\"inLanguage\":\"it-IT\",\"@id\":\"https:\\\/\\\/secure.gravatar.com\\\/avatar\\\/ac5001d2a36cb6c6cd3e50789007ffca834b477b74a2144564522e944eabff61?s=96&d=mm&r=g\",\"url\":\"https:\\\/\\\/secure.gravatar.com\\\/avatar\\\/ac5001d2a36cb6c6cd3e50789007ffca834b477b74a2144564522e944eabff61?s=96&d=mm&r=g\",\"contentUrl\":\"https:\\\/\\\/secure.gravatar.com\\\/avatar\\\/ac5001d2a36cb6c6cd3e50789007ffca834b477b74a2144564522e944eabff61?s=96&d=mm&r=g\",\"caption\":\"thomas.berner\"},\"url\":\"https:\\\/\\\/www.organisator.ch\\\/it\\\/author\\\/thomas-berner\\\/\"}]}<\/script>\n<!-- \/ Yoast SEO plugin. -->","yoast_head_json":{"title":"Le PMI MEM dimostrano tenacia, ma non si intravede alcuna ripresa - Organizzatore","description":"Nessuna ripresa in vista: secondo Swissmechanic, tre aziende MEM su quattro giudicano sfavorevole la loro situazione attuale.","robots":{"index":"index","follow":"follow","max-snippet":"max-snippet:-1","max-image-preview":"max-image-preview:large","max-video-preview":"max-video-preview:-1"},"canonical":"https:\/\/www.organisator.ch\/it\/gestione-2\/2025-11-26\/mem-kmu-zeigen-ausdauer-aber-kein-aufschwung-in-sicht\/","og_locale":"it_IT","og_type":"article","og_title":"MEM-KMU zeigen Ausdauer, aber kein Aufschwung in Sicht","og_description":"Kein Aufschwung in Sicht: Gem\u00e4ss Swissmechanic beurteilen drei von vier MEM-Unternehmen ihre aktuelle Lage als ung\u00fcnstig.","og_url":"https:\/\/www.organisator.ch\/it\/gestione-2\/2025-11-26\/mem-kmu-zeigen-ausdauer-aber-kein-aufschwung-in-sicht\/","og_site_name":"Organisator","article_publisher":"https:\/\/www.facebook.com\/OrganisatorFachmagazin","article_published_time":"2025-11-26T08:26:57+00:00","og_image":[{"width":680,"height":453,"url":"https:\/\/www.organisator.ch\/wp-content\/uploads\/2025\/11\/MEM-KMU-zeigen-Ausdauer-aber-kein-Aufschwung-in-Sicht_Organsiator.jpg","type":"image\/jpeg"}],"author":"thomas.berner","twitter_card":"summary_large_image","twitter_title":"#MEM-KMU zeigen #Ausdauer, aber kein #Aufschwung in Sicht","twitter_description":"Kein #Aufschwung in Sicht: Gem\u00e4ss #Swissmechanic beurteilen drei von vier #MEM-Unternehmen ihre aktuelle Lage als ung\u00fcnstig.","twitter_image":"https:\/\/www.organisator.ch\/wp-content\/uploads\/2025\/11\/MEM-KMU-zeigen-Ausdauer-aber-kein-Aufschwung-in-Sicht_Organsiator.jpg","schema":{"@context":"https:\/\/schema.org","@graph":[{"@type":"Article","@id":"https:\/\/www.organisator.ch\/management\/2025-11-26\/mem-kmu-zeigen-ausdauer-aber-kein-aufschwung-in-sicht\/#article","isPartOf":{"@id":"https:\/\/www.organisator.ch\/management\/2025-11-26\/mem-kmu-zeigen-ausdauer-aber-kein-aufschwung-in-sicht\/"},"author":{"name":"thomas.berner","@id":"https:\/\/www.organisator.ch\/#\/schema\/person\/6f650f90b2842cd4c0cc334b4e36f67e"},"headline":"MEM-KMU zeigen Ausdauer, aber kein Aufschwung in Sicht","datePublished":"2025-11-26T08:26:57+00:00","mainEntityOfPage":{"@id":"https:\/\/www.organisator.ch\/management\/2025-11-26\/mem-kmu-zeigen-ausdauer-aber-kein-aufschwung-in-sicht\/"},"wordCount":358,"publisher":{"@id":"https:\/\/www.organisator.ch\/#organization"},"image":{"@id":"https:\/\/www.organisator.ch\/management\/2025-11-26\/mem-kmu-zeigen-ausdauer-aber-kein-aufschwung-in-sicht\/#primaryimage"},"thumbnailUrl":"https:\/\/www.organisator.ch\/wp-content\/uploads\/2025\/11\/MEM-KMU-zeigen-Ausdauer-aber-kein-Aufschwung-in-Sicht_Organsiator.jpg","keywords":["Konjunktur","Management und Unternehmensf\u00fchrung","MEM-Industrie","Verb\u00e4nde","Wirtschaftspolitik"],"articleSection":["MANAGEMENT"],"inLanguage":"it-IT"},{"@type":"WebPage","@id":"https:\/\/www.organisator.ch\/management\/2025-11-26\/mem-kmu-zeigen-ausdauer-aber-kein-aufschwung-in-sicht\/","url":"https:\/\/www.organisator.ch\/management\/2025-11-26\/mem-kmu-zeigen-ausdauer-aber-kein-aufschwung-in-sicht\/","name":"Le PMI MEM dimostrano tenacia, ma non si intravede alcuna ripresa - Organizzatore","isPartOf":{"@id":"https:\/\/www.organisator.ch\/#website"},"primaryImageOfPage":{"@id":"https:\/\/www.organisator.ch\/management\/2025-11-26\/mem-kmu-zeigen-ausdauer-aber-kein-aufschwung-in-sicht\/#primaryimage"},"image":{"@id":"https:\/\/www.organisator.ch\/management\/2025-11-26\/mem-kmu-zeigen-ausdauer-aber-kein-aufschwung-in-sicht\/#primaryimage"},"thumbnailUrl":"https:\/\/www.organisator.ch\/wp-content\/uploads\/2025\/11\/MEM-KMU-zeigen-Ausdauer-aber-kein-Aufschwung-in-Sicht_Organsiator.jpg","datePublished":"2025-11-26T08:26:57+00:00","description":"Nessuna ripresa in vista: secondo Swissmechanic, tre aziende MEM su quattro giudicano sfavorevole la loro situazione attuale.","breadcrumb":{"@id":"https:\/\/www.organisator.ch\/management\/2025-11-26\/mem-kmu-zeigen-ausdauer-aber-kein-aufschwung-in-sicht\/#breadcrumb"},"inLanguage":"it-IT","potentialAction":[{"@type":"ReadAction","target":["https:\/\/www.organisator.ch\/management\/2025-11-26\/mem-kmu-zeigen-ausdauer-aber-kein-aufschwung-in-sicht\/"]}]},{"@type":"ImageObject","inLanguage":"it-IT","@id":"https:\/\/www.organisator.ch\/management\/2025-11-26\/mem-kmu-zeigen-ausdauer-aber-kein-aufschwung-in-sicht\/#primaryimage","url":"https:\/\/www.organisator.ch\/wp-content\/uploads\/2025\/11\/MEM-KMU-zeigen-Ausdauer-aber-kein-Aufschwung-in-Sicht_Organsiator.jpg","contentUrl":"https:\/\/www.organisator.ch\/wp-content\/uploads\/2025\/11\/MEM-KMU-zeigen-Ausdauer-aber-kein-Aufschwung-in-Sicht_Organsiator.jpg","width":680,"height":453,"caption":"Die Schweizer MEM-KMU k\u00e4mpfen weiter, doch ein Wiederaufschwung ist vorerst nicht in Sicht. (Bild: Unsplash.com)"},{"@type":"BreadcrumbList","@id":"https:\/\/www.organisator.ch\/management\/2025-11-26\/mem-kmu-zeigen-ausdauer-aber-kein-aufschwung-in-sicht\/#breadcrumb","itemListElement":[{"@type":"ListItem","position":1,"name":"Home","item":"https:\/\/www.organisator.ch\/"},{"@type":"ListItem","position":2,"name":"MEM-KMU zeigen Ausdauer, aber kein Aufschwung in Sicht"}]},{"@type":"WebSite","@id":"https:\/\/www.organisator.ch\/#website","url":"https:\/\/www.organisator.ch\/","name":"Organizzatore","description":"Competente. Pratico. In 10 numeri all'anno, ORGANISATOR presenta i temi essenziali per i manager delle PMI.","publisher":{"@id":"https:\/\/www.organisator.ch\/#organization"},"potentialAction":[{"@type":"SearchAction","target":{"@type":"EntryPoint","urlTemplate":"https:\/\/www.organisator.ch\/?s={search_term_string}"},"query-input":{"@type":"PropertyValueSpecification","valueRequired":true,"valueName":"search_term_string"}}],"inLanguage":"it-IT"},{"@type":"Organization","@id":"https:\/\/www.organisator.ch\/#organization","name":"Organizzatore","url":"https:\/\/www.organisator.ch\/","logo":{"@type":"ImageObject","inLanguage":"it-IT","@id":"https:\/\/www.organisator.ch\/#\/schema\/logo\/image\/","url":"https:\/\/www.organisator.ch\/wp-content\/uploads\/2022\/01\/Logo_Organisator_Website.png","contentUrl":"https:\/\/www.organisator.ch\/wp-content\/uploads\/2022\/01\/Logo_Organisator_Website.png","width":800,"height":77,"caption":"Organisator"},"image":{"@id":"https:\/\/www.organisator.ch\/#\/schema\/logo\/image\/"},"sameAs":["https:\/\/www.facebook.com\/OrganisatorFachmagazin","https:\/\/www.linkedin.com\/showcase\/organisator-das-magazin-fr-kmu","https:\/\/www.xing.com\/news\/pages\/organisator-ch-695","https:\/\/www.youtube.com\/channel\/UCGP2Sq0iWaZwT3BdIAQFYpw"]},{"@type":"Person","@id":"https:\/\/www.organisator.ch\/#\/schema\/person\/6f650f90b2842cd4c0cc334b4e36f67e","name":"Tommaso.berner","image":{"@type":"ImageObject","inLanguage":"it-IT","@id":"https:\/\/secure.gravatar.com\/avatar\/ac5001d2a36cb6c6cd3e50789007ffca834b477b74a2144564522e944eabff61?s=96&d=mm&r=g","url":"https:\/\/secure.gravatar.com\/avatar\/ac5001d2a36cb6c6cd3e50789007ffca834b477b74a2144564522e944eabff61?s=96&d=mm&r=g","contentUrl":"https:\/\/secure.gravatar.com\/avatar\/ac5001d2a36cb6c6cd3e50789007ffca834b477b74a2144564522e944eabff61?s=96&d=mm&r=g","caption":"thomas.berner"},"url":"https:\/\/www.organisator.ch\/it\/author\/thomas-berner\/"}]}},"_links":{"self":[{"href":"https:\/\/www.organisator.ch\/it\/wp-json\/wp\/v2\/posts\/42284","targetHints":{"allow":["GET"]}}],"collection":[{"href":"https:\/\/www.organisator.ch\/it\/wp-json\/wp\/v2\/posts"}],"about":[{"href":"https:\/\/www.organisator.ch\/it\/wp-json\/wp\/v2\/types\/post"}],"author":[{"embeddable":true,"href":"https:\/\/www.organisator.ch\/it\/wp-json\/wp\/v2\/users\/4"}],"replies":[{"embeddable":true,"href":"https:\/\/www.organisator.ch\/it\/wp-json\/wp\/v2\/comments?post=42284"}],"version-history":[{"count":4,"href":"https:\/\/www.organisator.ch\/it\/wp-json\/wp\/v2\/posts\/42284\/revisions"}],"predecessor-version":[{"id":42336,"href":"https:\/\/www.organisator.ch\/it\/wp-json\/wp\/v2\/posts\/42284\/revisions\/42336"}],"wp:featuredmedia":[{"embeddable":true,"href":"https:\/\/www.organisator.ch\/it\/wp-json\/wp\/v2\/media\/42285"}],"wp:attachment":[{"href":"https:\/\/www.organisator.ch\/it\/wp-json\/wp\/v2\/media?parent=42284"}],"wp:term":[{"taxonomy":"category","embeddable":true,"href":"https:\/\/www.organisator.ch\/it\/wp-json\/wp\/v2\/categories?post=42284"},{"taxonomy":"post_tag","embeddable":true,"href":"https:\/\/www.organisator.ch\/it\/wp-json\/wp\/v2\/tags?post=42284"}],"curies":[{"name":"wp","href":"https:\/\/api.w.org\/{rel}","templated":true}]}}