{"id":42311,"date":"2025-11-27T15:46:30","date_gmt":"2025-11-27T14:46:30","guid":{"rendered":"https:\/\/www.organisator.ch\/?p=42311"},"modified":"2026-01-12T16:24:35","modified_gmt":"2026-01-12T15:24:35","slug":"warum-top-leader-weniger-fenster-offen-haben","status":"publish","type":"post","link":"https:\/\/www.organisator.ch\/it\/management\/2025-11-27\/warum-top-leader-weniger-fenster-offen-haben\/","title":{"rendered":"Perch\u00e9 i leader di alto livello hanno meno \u00abfinestre\u00bb aperte"},"content":{"rendered":"<figure id=\"attachment_42313\" aria-describedby=\"caption-attachment-42313\" style=\"width: 680px\" class=\"wp-caption alignnone\"><img loading=\"lazy\" decoding=\"async\" class=\"size-full wp-image-42313\" src=\"https:\/\/www.organisator.ch\/wp-content\/uploads\/2025\/11\/Warum-Top-Leader-weniger-Fenster-offen-haben_Organisator.jpg\" alt=\"\" width=\"680\" height=\"453\" srcset=\"https:\/\/www.organisator.ch\/wp-content\/uploads\/2025\/11\/Warum-Top-Leader-weniger-Fenster-offen-haben_Organisator.jpg 680w, https:\/\/www.organisator.ch\/wp-content\/uploads\/2025\/11\/Warum-Top-Leader-weniger-Fenster-offen-haben_Organisator-18x12.jpg 18w, https:\/\/www.organisator.ch\/wp-content\/uploads\/2025\/11\/Warum-Top-Leader-weniger-Fenster-offen-haben_Organisator-375x250.jpg 375w, https:\/\/www.organisator.ch\/wp-content\/uploads\/2025\/11\/Warum-Top-Leader-weniger-Fenster-offen-haben_Organisator-525x350.jpg 525w\" sizes=\"auto, (max-width: 680px) 100vw, 680px\" \/><figcaption id=\"caption-attachment-42313\" class=\"wp-caption-text\">Troppe finestre aperte: \u00e8 cos\u00ec che appare la situazione nella mente di molti dirigenti. (Immagine: Depositphotos.com)<\/figcaption><\/figure>\n<p>Articoli specialistici che si voleva \u00abassolutamente leggere\u00bb. Strumenti che si voleva \u00abprovare subito\u00bb. E naturalmente diverse conversazioni via e-mail che si voleva lasciare aperte \u00absolo per un attimo\u00bb... La sensazione? Tutto importante allo stesso tempo. E allo stesso tempo niente. \u00c8 cos\u00ec che si presenta la quotidianit\u00e0 di molti dirigenti, non solo nel browser, ma anche nella loro testa.<\/p>\n<h3>La differenza rispetto ai leader di punta<\/h3>\n<p>I progetti procedono in parallelo. Le richieste arrivano a raffica. Le riunioni richiedono tempo. Alla fine ci si sente impegnati, ma non necessariamente efficaci. Non \u00e8 un problema banale. La dispersione delle energie \u00e8 infatti uno dei maggiori ostacoli alla leadership.<\/p>\n<ul>\n<li>Consuma energia. Ogni \u00abscheda\u00bb aperta nella mente richiede capacit\u00e0 mentale, anche se non la state elaborando in quel momento.<\/li>\n<li>Impedisce la chiarezza. Il vostro team non sa su cosa concentrarsi se voi stessi rimanete vaghi.<\/li>\n<li>Blocca lo slancio. Invece di andare avanti, si gira intorno a questioni secondarie.<\/li>\n<\/ul>\n<p>Lo vedo continuamente in dirigenti ambiziosi che si mettono i bastoni tra le ruote. Lavorano sodo, sono sempre \u00abimpegnati\u00bb e poi si stupiscono quando non riescono a ottenere grandi risultati.<\/p>\n<p>I leader di successo si distinguono proprio in questo:<\/p>\n<ul>\n<li>Si concedono meno \u00abfinestre\u00bb aperte. Riducono consapevolmente \u2013 nella mente, nel calendario, nella lista delle priorit\u00e0.<\/li>\n<li>Ogni giorno definiscono chiaramente quali sono gli 1-2 temi che oggi fanno la differenza.<\/li>\n<li>Danno potere al loro team. Non tutto passa attraverso di loro, anzi. Creano chiarezza per gli altri e delegano le responsabilit\u00e0.<\/li>\n<\/ul>\n<h3>Chiudi le schede nella barra degli indirizzi<\/h3>\n<p>Ed \u00e8 proprio qui che nei miei progetti strategici riscontro sempre lo stesso errore: la direzione aziendale inizia il nuovo anno piena di energia, con una mezza dozzina, a volte anche 15 iniziative. Tutto sembra sensato. Ma dopo poco tempo l'energia si esaurisce. Nulla viene realmente portato a termine, le persone si disperdono.<\/p>\n<p>Ecco tre domande scomode che, in qualit\u00e0 di dirigente esperto, dovresti comunque (o proprio per questo) porti regolarmente:<\/p>\n<ul>\n<li>Quali sono le 1-2 schede aperte (argomenti, progetti) davvero decisive per il vostro successo?<\/li>\n<li>Quali \u00abfinestre\u00bb dovreste chiudere con coerenza, anche se \u00e8 difficile?<\/li>\n<li>A chi nel team potete affidare delle responsabilit\u00e0 affinch\u00e9 la vostra \u00abpagina iniziale\u00bb torni libera?<\/li>\n<\/ul>\n<p>Conclusione: il successo nella leadership non deriva da una maggiore attivit\u00e0, ma da una chiarezza mirata. Si tratta di chiudere consapevolmente le schede, sia nel browser che nella mente. Solo cos\u00ec si ottengono concentrazione, slancio e, alla fine, progresso.<\/p>\n<p><i><strong>All'autore:<\/strong><br \/>\n<\/i><em>Volkmar V\u00f6lzke \u00e8 un massimizzatore di successi. Autore del libro. Consulente. Allenatore. Altoparlante.\u00a0<a href=\"http:\/\/www.volkmarvoelzke.ch\/\">www.volkmarvoelzke.ch<\/a><\/em><\/p>","protected":false},"excerpt":{"rendered":"<p>Vi \u00e8 mai capitato? Aprite il laptop e vi ritrovate davanti 27 schede aperte nel browser. Un vero e proprio mosaico digitale! Un nuovo impulso di successo contro l'eccessiva dispersione delle energie nella quotidianit\u00e0 manageriale.<\/p>","protected":false},"author":4,"featured_media":42313,"comment_status":"closed","ping_status":"closed","sticky":false,"template":"","format":"standard","meta":{"_acf_changed":false,"_yoast_wpseo_focuskw":"Top-Leader","_yoast_wpseo_metadesc":"Man klappt den Laptop auf, und es empfangen einen 27 ge\u00f6ffnete Tabs im Browser. Ein Erfolgs-Impuls gegen (digitale) F\u00fchrungs-Flickenteppiche.","articlekey":"","footnotes":""},"categories":[28],"tags":[177,320,335,429],"class_list":["post-42311","post","type-post","status-publish","format-standard","has-post-thumbnail","hentry","category-management","tag-erfolgs-impuls","tag-leadership","tag-management-und-unternehmensfuehrung","tag-selbstmanagement"],"acf":[],"yoast_head":"<!-- This site is optimized with the Yoast SEO plugin v27.5 - https:\/\/yoast.com\/product\/yoast-seo-wordpress\/ -->\n<title>Warum Top-Leader weniger \u00abFenster\u00bb offen haben - Organisator<\/title>\n<meta name=\"description\" content=\"Man klappt den Laptop auf, und es empfangen einen 27 ge\u00f6ffnete Tabs im Browser. Ein Erfolgs-Impuls gegen (digitale) F\u00fchrungs-Flickenteppiche.\" \/>\n<meta name=\"robots\" content=\"index, follow, max-snippet:-1, max-image-preview:large, max-video-preview:-1\" \/>\n<link rel=\"canonical\" href=\"https:\/\/www.organisator.ch\/it\/gestione-2\/2025-11-27\/warum-top-leader-weniger-fenster-offen-haben\/\" \/>\n<meta property=\"og:locale\" content=\"it_IT\" \/>\n<meta property=\"og:type\" content=\"article\" \/>\n<meta property=\"og:title\" content=\"Warum Top-Leader weniger \u00abFenster\u00bb offen haben\" \/>\n<meta property=\"og:description\" content=\"Man klappt den Laptop auf, und es empfangen einen 27 ge\u00f6ffnete Tabs im Browser. Ein Erfolgs-Impuls gegen (digitale) F\u00fchrungs-Flickenteppiche.\" \/>\n<meta property=\"og:url\" content=\"https:\/\/www.organisator.ch\/it\/gestione-2\/2025-11-27\/warum-top-leader-weniger-fenster-offen-haben\/\" \/>\n<meta property=\"og:site_name\" content=\"Organisator\" \/>\n<meta property=\"article:publisher\" content=\"https:\/\/www.facebook.com\/OrganisatorFachmagazin\" \/>\n<meta property=\"article:published_time\" content=\"2025-11-27T14:46:30+00:00\" \/>\n<meta property=\"article:modified_time\" content=\"2026-01-12T15:24:35+00:00\" \/>\n<meta property=\"og:image\" content=\"https:\/\/www.organisator.ch\/wp-content\/uploads\/2025\/11\/Warum-Top-Leader-weniger-Fenster-offen-haben_Organisator.jpg\" \/>\n\t<meta property=\"og:image:width\" content=\"680\" \/>\n\t<meta property=\"og:image:height\" content=\"453\" \/>\n\t<meta property=\"og:image:type\" content=\"image\/jpeg\" \/>\n<meta name=\"author\" content=\"thomas.berner\" \/>\n<meta name=\"twitter:card\" content=\"summary_large_image\" \/>\n<meta name=\"twitter:title\" content=\"Warum #Top-Leader weniger \u00abFenster\u00bb offen haben\" \/>\n<meta name=\"twitter:description\" content=\"Man klappt den #Laptop auf, und es empfangen einen 27 ge\u00f6ffnete Tabs im Browser. Ein #Erfolgs-Impuls gegen (digitale) #F\u00fchrungs-Flickenteppiche.\" \/>\n<meta name=\"twitter:image\" content=\"https:\/\/www.organisator.ch\/wp-content\/uploads\/2025\/11\/Warum-Top-Leader-weniger-Fenster-offen-haben_Organisator.jpg\" \/>\n<script type=\"application\/ld+json\" class=\"yoast-schema-graph\">{\"@context\":\"https:\\\/\\\/schema.org\",\"@graph\":[{\"@type\":\"Article\",\"@id\":\"https:\\\/\\\/www.organisator.ch\\\/management\\\/2025-11-27\\\/warum-top-leader-weniger-fenster-offen-haben\\\/#article\",\"isPartOf\":{\"@id\":\"https:\\\/\\\/www.organisator.ch\\\/management\\\/2025-11-27\\\/warum-top-leader-weniger-fenster-offen-haben\\\/\"},\"author\":{\"name\":\"thomas.berner\",\"@id\":\"https:\\\/\\\/www.organisator.ch\\\/#\\\/schema\\\/person\\\/6f650f90b2842cd4c0cc334b4e36f67e\"},\"headline\":\"Warum Top-Leader weniger \u00abFenster\u00bb offen haben\",\"datePublished\":\"2025-11-27T14:46:30+00:00\",\"dateModified\":\"2026-01-12T15:24:35+00:00\",\"mainEntityOfPage\":{\"@id\":\"https:\\\/\\\/www.organisator.ch\\\/management\\\/2025-11-27\\\/warum-top-leader-weniger-fenster-offen-haben\\\/\"},\"wordCount\":421,\"publisher\":{\"@id\":\"https:\\\/\\\/www.organisator.ch\\\/#organization\"},\"image\":{\"@id\":\"https:\\\/\\\/www.organisator.ch\\\/management\\\/2025-11-27\\\/warum-top-leader-weniger-fenster-offen-haben\\\/#primaryimage\"},\"thumbnailUrl\":\"https:\\\/\\\/www.organisator.ch\\\/wp-content\\\/uploads\\\/2025\\\/11\\\/Warum-Top-Leader-weniger-Fenster-offen-haben_Organisator.jpg\",\"keywords\":[\"Erfolgs-Impuls\",\"Leadership\",\"Management und Unternehmensf\u00fchrung\",\"Selbstmanagement\"],\"articleSection\":[\"MANAGEMENT\"],\"inLanguage\":\"it-IT\"},{\"@type\":\"WebPage\",\"@id\":\"https:\\\/\\\/www.organisator.ch\\\/management\\\/2025-11-27\\\/warum-top-leader-weniger-fenster-offen-haben\\\/\",\"url\":\"https:\\\/\\\/www.organisator.ch\\\/management\\\/2025-11-27\\\/warum-top-leader-weniger-fenster-offen-haben\\\/\",\"name\":\"Warum Top-Leader weniger \u00abFenster\u00bb offen haben - Organisator\",\"isPartOf\":{\"@id\":\"https:\\\/\\\/www.organisator.ch\\\/#website\"},\"primaryImageOfPage\":{\"@id\":\"https:\\\/\\\/www.organisator.ch\\\/management\\\/2025-11-27\\\/warum-top-leader-weniger-fenster-offen-haben\\\/#primaryimage\"},\"image\":{\"@id\":\"https:\\\/\\\/www.organisator.ch\\\/management\\\/2025-11-27\\\/warum-top-leader-weniger-fenster-offen-haben\\\/#primaryimage\"},\"thumbnailUrl\":\"https:\\\/\\\/www.organisator.ch\\\/wp-content\\\/uploads\\\/2025\\\/11\\\/Warum-Top-Leader-weniger-Fenster-offen-haben_Organisator.jpg\",\"datePublished\":\"2025-11-27T14:46:30+00:00\",\"dateModified\":\"2026-01-12T15:24:35+00:00\",\"description\":\"Man klappt den Laptop auf, und es empfangen einen 27 ge\u00f6ffnete Tabs im Browser. Ein Erfolgs-Impuls gegen (digitale) F\u00fchrungs-Flickenteppiche.\",\"breadcrumb\":{\"@id\":\"https:\\\/\\\/www.organisator.ch\\\/management\\\/2025-11-27\\\/warum-top-leader-weniger-fenster-offen-haben\\\/#breadcrumb\"},\"inLanguage\":\"it-IT\",\"potentialAction\":[{\"@type\":\"ReadAction\",\"target\":[\"https:\\\/\\\/www.organisator.ch\\\/management\\\/2025-11-27\\\/warum-top-leader-weniger-fenster-offen-haben\\\/\"]}]},{\"@type\":\"ImageObject\",\"inLanguage\":\"it-IT\",\"@id\":\"https:\\\/\\\/www.organisator.ch\\\/management\\\/2025-11-27\\\/warum-top-leader-weniger-fenster-offen-haben\\\/#primaryimage\",\"url\":\"https:\\\/\\\/www.organisator.ch\\\/wp-content\\\/uploads\\\/2025\\\/11\\\/Warum-Top-Leader-weniger-Fenster-offen-haben_Organisator.jpg\",\"contentUrl\":\"https:\\\/\\\/www.organisator.ch\\\/wp-content\\\/uploads\\\/2025\\\/11\\\/Warum-Top-Leader-weniger-Fenster-offen-haben_Organisator.jpg\",\"width\":680,\"height\":453,\"caption\":\"Zu viele offene Fenster: So sieht es auch in vielen K\u00f6pfen von F\u00fchrungskr\u00e4ften aus. (Bild: Depositphotos.com)\"},{\"@type\":\"BreadcrumbList\",\"@id\":\"https:\\\/\\\/www.organisator.ch\\\/management\\\/2025-11-27\\\/warum-top-leader-weniger-fenster-offen-haben\\\/#breadcrumb\",\"itemListElement\":[{\"@type\":\"ListItem\",\"position\":1,\"name\":\"Home\",\"item\":\"https:\\\/\\\/www.organisator.ch\\\/\"},{\"@type\":\"ListItem\",\"position\":2,\"name\":\"Warum Top-Leader weniger \u00abFenster\u00bb offen haben\"}]},{\"@type\":\"WebSite\",\"@id\":\"https:\\\/\\\/www.organisator.ch\\\/#website\",\"url\":\"https:\\\/\\\/www.organisator.ch\\\/\",\"name\":\"Organisator\",\"description\":\"Kompetent. Praxisnah. Der ORGANISATOR bereitet in 10 Ausgaben pro Jahr die wesentlichen Themen f\u00fcr F\u00fchrungskr\u00e4fte von KMU auf.\",\"publisher\":{\"@id\":\"https:\\\/\\\/www.organisator.ch\\\/#organization\"},\"potentialAction\":[{\"@type\":\"SearchAction\",\"target\":{\"@type\":\"EntryPoint\",\"urlTemplate\":\"https:\\\/\\\/www.organisator.ch\\\/?s={search_term_string}\"},\"query-input\":{\"@type\":\"PropertyValueSpecification\",\"valueRequired\":true,\"valueName\":\"search_term_string\"}}],\"inLanguage\":\"it-IT\"},{\"@type\":\"Organization\",\"@id\":\"https:\\\/\\\/www.organisator.ch\\\/#organization\",\"name\":\"Organisator\",\"url\":\"https:\\\/\\\/www.organisator.ch\\\/\",\"logo\":{\"@type\":\"ImageObject\",\"inLanguage\":\"it-IT\",\"@id\":\"https:\\\/\\\/www.organisator.ch\\\/#\\\/schema\\\/logo\\\/image\\\/\",\"url\":\"https:\\\/\\\/www.organisator.ch\\\/wp-content\\\/uploads\\\/2022\\\/01\\\/Logo_Organisator_Website.png\",\"contentUrl\":\"https:\\\/\\\/www.organisator.ch\\\/wp-content\\\/uploads\\\/2022\\\/01\\\/Logo_Organisator_Website.png\",\"width\":800,\"height\":77,\"caption\":\"Organisator\"},\"image\":{\"@id\":\"https:\\\/\\\/www.organisator.ch\\\/#\\\/schema\\\/logo\\\/image\\\/\"},\"sameAs\":[\"https:\\\/\\\/www.facebook.com\\\/OrganisatorFachmagazin\",\"https:\\\/\\\/www.linkedin.com\\\/showcase\\\/organisator-das-magazin-fr-kmu\",\"https:\\\/\\\/www.xing.com\\\/news\\\/pages\\\/organisator-ch-695\",\"https:\\\/\\\/www.youtube.com\\\/channel\\\/UCGP2Sq0iWaZwT3BdIAQFYpw\"]},{\"@type\":\"Person\",\"@id\":\"https:\\\/\\\/www.organisator.ch\\\/#\\\/schema\\\/person\\\/6f650f90b2842cd4c0cc334b4e36f67e\",\"name\":\"thomas.berner\",\"image\":{\"@type\":\"ImageObject\",\"inLanguage\":\"it-IT\",\"@id\":\"https:\\\/\\\/secure.gravatar.com\\\/avatar\\\/ac5001d2a36cb6c6cd3e50789007ffca834b477b74a2144564522e944eabff61?s=96&d=mm&r=g\",\"url\":\"https:\\\/\\\/secure.gravatar.com\\\/avatar\\\/ac5001d2a36cb6c6cd3e50789007ffca834b477b74a2144564522e944eabff61?s=96&d=mm&r=g\",\"contentUrl\":\"https:\\\/\\\/secure.gravatar.com\\\/avatar\\\/ac5001d2a36cb6c6cd3e50789007ffca834b477b74a2144564522e944eabff61?s=96&d=mm&r=g\",\"caption\":\"thomas.berner\"},\"url\":\"https:\\\/\\\/www.organisator.ch\\\/it\\\/author\\\/thomas-berner\\\/\"}]}<\/script>\n<!-- \/ Yoast SEO plugin. -->","yoast_head_json":{"title":"Perch\u00e9 i leader di spicco hanno meno \u00abfinestre\u00bb aperte - Organizzatore","description":"Si apre il laptop e si trovano 27 schede aperte nel browser. Uno stimolo di successo contro i mosaici (digitali) della leadership.","robots":{"index":"index","follow":"follow","max-snippet":"max-snippet:-1","max-image-preview":"max-image-preview:large","max-video-preview":"max-video-preview:-1"},"canonical":"https:\/\/www.organisator.ch\/it\/gestione-2\/2025-11-27\/warum-top-leader-weniger-fenster-offen-haben\/","og_locale":"it_IT","og_type":"article","og_title":"Warum Top-Leader weniger \u00abFenster\u00bb offen haben","og_description":"Man klappt den Laptop auf, und es empfangen einen 27 ge\u00f6ffnete Tabs im Browser. Ein Erfolgs-Impuls gegen (digitale) F\u00fchrungs-Flickenteppiche.","og_url":"https:\/\/www.organisator.ch\/it\/gestione-2\/2025-11-27\/warum-top-leader-weniger-fenster-offen-haben\/","og_site_name":"Organisator","article_publisher":"https:\/\/www.facebook.com\/OrganisatorFachmagazin","article_published_time":"2025-11-27T14:46:30+00:00","article_modified_time":"2026-01-12T15:24:35+00:00","og_image":[{"width":680,"height":453,"url":"https:\/\/www.organisator.ch\/wp-content\/uploads\/2025\/11\/Warum-Top-Leader-weniger-Fenster-offen-haben_Organisator.jpg","type":"image\/jpeg"}],"author":"thomas.berner","twitter_card":"summary_large_image","twitter_title":"Warum #Top-Leader weniger \u00abFenster\u00bb offen haben","twitter_description":"Man klappt den #Laptop auf, und es empfangen einen 27 ge\u00f6ffnete Tabs im Browser. Ein #Erfolgs-Impuls gegen (digitale) #F\u00fchrungs-Flickenteppiche.","twitter_image":"https:\/\/www.organisator.ch\/wp-content\/uploads\/2025\/11\/Warum-Top-Leader-weniger-Fenster-offen-haben_Organisator.jpg","schema":{"@context":"https:\/\/schema.org","@graph":[{"@type":"Article","@id":"https:\/\/www.organisator.ch\/management\/2025-11-27\/warum-top-leader-weniger-fenster-offen-haben\/#article","isPartOf":{"@id":"https:\/\/www.organisator.ch\/management\/2025-11-27\/warum-top-leader-weniger-fenster-offen-haben\/"},"author":{"name":"thomas.berner","@id":"https:\/\/www.organisator.ch\/#\/schema\/person\/6f650f90b2842cd4c0cc334b4e36f67e"},"headline":"Warum Top-Leader weniger \u00abFenster\u00bb offen haben","datePublished":"2025-11-27T14:46:30+00:00","dateModified":"2026-01-12T15:24:35+00:00","mainEntityOfPage":{"@id":"https:\/\/www.organisator.ch\/management\/2025-11-27\/warum-top-leader-weniger-fenster-offen-haben\/"},"wordCount":421,"publisher":{"@id":"https:\/\/www.organisator.ch\/#organization"},"image":{"@id":"https:\/\/www.organisator.ch\/management\/2025-11-27\/warum-top-leader-weniger-fenster-offen-haben\/#primaryimage"},"thumbnailUrl":"https:\/\/www.organisator.ch\/wp-content\/uploads\/2025\/11\/Warum-Top-Leader-weniger-Fenster-offen-haben_Organisator.jpg","keywords":["Erfolgs-Impuls","Leadership","Management und Unternehmensf\u00fchrung","Selbstmanagement"],"articleSection":["MANAGEMENT"],"inLanguage":"it-IT"},{"@type":"WebPage","@id":"https:\/\/www.organisator.ch\/management\/2025-11-27\/warum-top-leader-weniger-fenster-offen-haben\/","url":"https:\/\/www.organisator.ch\/management\/2025-11-27\/warum-top-leader-weniger-fenster-offen-haben\/","name":"Perch\u00e9 i leader di spicco hanno meno \u00abfinestre\u00bb aperte - Organizzatore","isPartOf":{"@id":"https:\/\/www.organisator.ch\/#website"},"primaryImageOfPage":{"@id":"https:\/\/www.organisator.ch\/management\/2025-11-27\/warum-top-leader-weniger-fenster-offen-haben\/#primaryimage"},"image":{"@id":"https:\/\/www.organisator.ch\/management\/2025-11-27\/warum-top-leader-weniger-fenster-offen-haben\/#primaryimage"},"thumbnailUrl":"https:\/\/www.organisator.ch\/wp-content\/uploads\/2025\/11\/Warum-Top-Leader-weniger-Fenster-offen-haben_Organisator.jpg","datePublished":"2025-11-27T14:46:30+00:00","dateModified":"2026-01-12T15:24:35+00:00","description":"Si apre il laptop e si trovano 27 schede aperte nel browser. Uno stimolo di successo contro i mosaici (digitali) della leadership.","breadcrumb":{"@id":"https:\/\/www.organisator.ch\/management\/2025-11-27\/warum-top-leader-weniger-fenster-offen-haben\/#breadcrumb"},"inLanguage":"it-IT","potentialAction":[{"@type":"ReadAction","target":["https:\/\/www.organisator.ch\/management\/2025-11-27\/warum-top-leader-weniger-fenster-offen-haben\/"]}]},{"@type":"ImageObject","inLanguage":"it-IT","@id":"https:\/\/www.organisator.ch\/management\/2025-11-27\/warum-top-leader-weniger-fenster-offen-haben\/#primaryimage","url":"https:\/\/www.organisator.ch\/wp-content\/uploads\/2025\/11\/Warum-Top-Leader-weniger-Fenster-offen-haben_Organisator.jpg","contentUrl":"https:\/\/www.organisator.ch\/wp-content\/uploads\/2025\/11\/Warum-Top-Leader-weniger-Fenster-offen-haben_Organisator.jpg","width":680,"height":453,"caption":"Zu viele offene Fenster: So sieht es auch in vielen K\u00f6pfen von F\u00fchrungskr\u00e4ften aus. (Bild: Depositphotos.com)"},{"@type":"BreadcrumbList","@id":"https:\/\/www.organisator.ch\/management\/2025-11-27\/warum-top-leader-weniger-fenster-offen-haben\/#breadcrumb","itemListElement":[{"@type":"ListItem","position":1,"name":"Home","item":"https:\/\/www.organisator.ch\/"},{"@type":"ListItem","position":2,"name":"Warum Top-Leader weniger \u00abFenster\u00bb offen haben"}]},{"@type":"WebSite","@id":"https:\/\/www.organisator.ch\/#website","url":"https:\/\/www.organisator.ch\/","name":"Organizzatore","description":"Competente. Pratico. In 10 numeri all'anno, ORGANISATOR presenta i temi essenziali per i manager delle PMI.","publisher":{"@id":"https:\/\/www.organisator.ch\/#organization"},"potentialAction":[{"@type":"SearchAction","target":{"@type":"EntryPoint","urlTemplate":"https:\/\/www.organisator.ch\/?s={search_term_string}"},"query-input":{"@type":"PropertyValueSpecification","valueRequired":true,"valueName":"search_term_string"}}],"inLanguage":"it-IT"},{"@type":"Organization","@id":"https:\/\/www.organisator.ch\/#organization","name":"Organizzatore","url":"https:\/\/www.organisator.ch\/","logo":{"@type":"ImageObject","inLanguage":"it-IT","@id":"https:\/\/www.organisator.ch\/#\/schema\/logo\/image\/","url":"https:\/\/www.organisator.ch\/wp-content\/uploads\/2022\/01\/Logo_Organisator_Website.png","contentUrl":"https:\/\/www.organisator.ch\/wp-content\/uploads\/2022\/01\/Logo_Organisator_Website.png","width":800,"height":77,"caption":"Organisator"},"image":{"@id":"https:\/\/www.organisator.ch\/#\/schema\/logo\/image\/"},"sameAs":["https:\/\/www.facebook.com\/OrganisatorFachmagazin","https:\/\/www.linkedin.com\/showcase\/organisator-das-magazin-fr-kmu","https:\/\/www.xing.com\/news\/pages\/organisator-ch-695","https:\/\/www.youtube.com\/channel\/UCGP2Sq0iWaZwT3BdIAQFYpw"]},{"@type":"Person","@id":"https:\/\/www.organisator.ch\/#\/schema\/person\/6f650f90b2842cd4c0cc334b4e36f67e","name":"Tommaso.berner","image":{"@type":"ImageObject","inLanguage":"it-IT","@id":"https:\/\/secure.gravatar.com\/avatar\/ac5001d2a36cb6c6cd3e50789007ffca834b477b74a2144564522e944eabff61?s=96&d=mm&r=g","url":"https:\/\/secure.gravatar.com\/avatar\/ac5001d2a36cb6c6cd3e50789007ffca834b477b74a2144564522e944eabff61?s=96&d=mm&r=g","contentUrl":"https:\/\/secure.gravatar.com\/avatar\/ac5001d2a36cb6c6cd3e50789007ffca834b477b74a2144564522e944eabff61?s=96&d=mm&r=g","caption":"thomas.berner"},"url":"https:\/\/www.organisator.ch\/it\/author\/thomas-berner\/"}]}},"_links":{"self":[{"href":"https:\/\/www.organisator.ch\/it\/wp-json\/wp\/v2\/posts\/42311","targetHints":{"allow":["GET"]}}],"collection":[{"href":"https:\/\/www.organisator.ch\/it\/wp-json\/wp\/v2\/posts"}],"about":[{"href":"https:\/\/www.organisator.ch\/it\/wp-json\/wp\/v2\/types\/post"}],"author":[{"embeddable":true,"href":"https:\/\/www.organisator.ch\/it\/wp-json\/wp\/v2\/users\/4"}],"replies":[{"embeddable":true,"href":"https:\/\/www.organisator.ch\/it\/wp-json\/wp\/v2\/comments?post=42311"}],"version-history":[{"count":5,"href":"https:\/\/www.organisator.ch\/it\/wp-json\/wp\/v2\/posts\/42311\/revisions"}],"predecessor-version":[{"id":43144,"href":"https:\/\/www.organisator.ch\/it\/wp-json\/wp\/v2\/posts\/42311\/revisions\/43144"}],"wp:featuredmedia":[{"embeddable":true,"href":"https:\/\/www.organisator.ch\/it\/wp-json\/wp\/v2\/media\/42313"}],"wp:attachment":[{"href":"https:\/\/www.organisator.ch\/it\/wp-json\/wp\/v2\/media?parent=42311"}],"wp:term":[{"taxonomy":"category","embeddable":true,"href":"https:\/\/www.organisator.ch\/it\/wp-json\/wp\/v2\/categories?post=42311"},{"taxonomy":"post_tag","embeddable":true,"href":"https:\/\/www.organisator.ch\/it\/wp-json\/wp\/v2\/tags?post=42311"}],"curies":[{"name":"wp","href":"https:\/\/api.w.org\/{rel}","templated":true}]}}