{"id":42343,"date":"2025-11-28T08:03:44","date_gmt":"2025-11-28T07:03:44","guid":{"rendered":"https:\/\/www.organisator.ch\/?p=42343"},"modified":"2025-11-28T08:03:44","modified_gmt":"2025-11-28T07:03:44","slug":"maulini-sa-gewinnt-den-prix-svc-geneve-2025","status":"publish","type":"post","link":"https:\/\/www.organisator.ch\/it\/management\/2025-11-28\/maulini-sa-gewinnt-den-prix-svc-geneve-2025\/","title":{"rendered":"Maulini SA vince il Prix SVC Gen\u00e8ve 2025"},"content":{"rendered":"<figure id=\"attachment_42344\" aria-describedby=\"caption-attachment-42344\" style=\"width: 680px\" class=\"wp-caption alignnone\"><img loading=\"lazy\" decoding=\"async\" class=\"wp-image-42344 size-full\" src=\"https:\/\/www.organisator.ch\/wp-content\/uploads\/2025\/11\/Maulini-SA-gewinnt-den-Prix-SVC-Geneve-2025_Organisator.jpg\" alt=\"\" width=\"680\" height=\"453\" srcset=\"https:\/\/www.organisator.ch\/wp-content\/uploads\/2025\/11\/Maulini-SA-gewinnt-den-Prix-SVC-Geneve-2025_Organisator.jpg 680w, https:\/\/www.organisator.ch\/wp-content\/uploads\/2025\/11\/Maulini-SA-gewinnt-den-Prix-SVC-Geneve-2025_Organisator-18x12.jpg 18w, https:\/\/www.organisator.ch\/wp-content\/uploads\/2025\/11\/Maulini-SA-gewinnt-den-Prix-SVC-Geneve-2025_Organisator-375x250.jpg 375w, https:\/\/www.organisator.ch\/wp-content\/uploads\/2025\/11\/Maulini-SA-gewinnt-den-Prix-SVC-Geneve-2025_Organisator-525x350.jpg 525w\" sizes=\"auto, (max-width: 680px) 100vw, 680px\" \/><figcaption id=\"caption-attachment-42344\" class=\"wp-caption-text\">Il vincitore del Prix SVC Ginevra 2025, Nicolas Maulini, direttore della Maulini SA, festeggia il premio durante la cerimonia di premiazione gioved\u00ec 27 novembre 2025. (Foto: SVC\/KEYSTONE\/Manuel Lopez)<\/figcaption><\/figure>\n<p>Due settimane dopo la <a href=\"https:\/\/www.organisator.ch\/de\/management\/2025-11-14\/permamed-ag-gewinnt-den-prix-svc-nordschweiz\/\">Assegnazione del Prix SVC Nordschweiz a Basilea<\/a> \u00c8 stata poi la volta del Prix SVC Gen\u00e8ve, assegnato all'impresa edile Maulini SA di Satigny. Con 270 dipendenti e 115 anni di esperienza, Maulini SA vanta una solida competenza nel campo della ristrutturazione, della riorganizzazione e dell'isolamento degli edifici. L'azienda offre anche servizi di general contractor e di sviluppo immobiliare. Maulini \u00e8 inoltre consapevole delle sfide ecologiche del proprio settore. Per questo motivo, l'azienda ha introdotto una gestione proattiva della propria impronta di carbonio. Da un lato, utilizza 20 % di materiale di demolizione nella produzione del proprio calcestruzzo e promuove attivamente l'uso di cemento a basse emissioni di carbonio. Sophie Dubuis, presidente della giuria, ha commentato cos\u00ec la scelta degli esperti: \u00abLa storia di Maulini con le sue quattro generazioni e l'impegno dei team e del suo direttore ci hanno impressionato. In un settore in cui non \u00e8 facile integrare l'innovazione nella vita quotidiana, abbiamo assistito allo sviluppo di un'azienda familiare attenta al proprio impatto e alla sostenibilit\u00e0. Questo premio \u00e8 un riconoscimento del suo radicamento locale, del suo spirito innovativo e della sua eccellenza\u201c.\u201c<\/p>\n<p>Gli altri vincitori di questa terza edizione ginevrina sono Fiedler SA, Jacquet SA, Physioth\u00e9rapie la Colline Groupe e Pneus Claude SA. Questi cinque finalisti sono stati selezionati dopo un rigoroso esame da parte di una giuria di esperti. Hanno festeggiato il loro successo davanti a oltre 700 ospiti nel B\u00e2timent des Forces Motrices (BFM). Alexandre Pr\u00eatre, presidente del comitato organizzativo del Prix SVC Gen\u00e8ve e responsabile Corporate &amp; Real Estate presso UBS Ginevra, ha sottolineato: \u00abI cinque finalisti hanno tutti convinto per la loro capacit\u00e0 di adattarsi alle numerose sfide attuali. Sono innovativi non solo in termini di prodotti o tecnologie, ma anche nel modo in cui servono i loro clienti. E dimostrano che il successo non si misura solo in termini numerici, ma anche in termini di impatto, in particolare per quanto riguarda la creazione di posti di lavoro\u00bb.\u00bb<\/p>\n<p>Il Prix SVC premia aziende esemplari in nove regioni. Lo Swiss Venture Club SVC \u00e8 una delle pi\u00f9 grandi reti di imprenditori della Svizzera.\u00a0<\/p>\n<p><em>Fonte: <a href=\"http:\/\/www.svc.swiss\">Club svizzero di Venture<\/a><\/em><\/p>","protected":false},"excerpt":{"rendered":"<p>L'azienda Maulini SA di Satigny \u00e8 l'orgogliosa vincitrice del prestigioso Prix SVC Gen\u00e8ve 2025. Fondata nel 1910 e oggi gestita dalla quarta generazione, questa azienda a conduzione familiare \u00e8 uno dei principali attori nella regione di Ginevra nel settore della costruzione e della ristrutturazione di edifici residenziali e industriali.<\/p>","protected":false},"author":4,"featured_media":42344,"comment_status":"closed","ping_status":"closed","sticky":false,"template":"","format":"standard","meta":{"_acf_changed":false,"_yoast_wpseo_focuskw":"Maulini SA","_yoast_wpseo_metadesc":"Das Unternehmen Maulini SA aus Satigny ist stolzer Gewinner des renommierten Prix SVC Gen\u00e8ve 2025. Er wurde am 27. November verliehen.","articlekey":"","footnotes":""},"categories":[28],"tags":[66,103,390,492],"class_list":["post-42343","post","type-post","status-publish","format-standard","has-post-thumbnail","hentry","category-management","tag-awards","tag-business-excellence","tag-prix-svc","tag-unternehmen"],"acf":[],"yoast_head":"<!-- This site is optimized with the Yoast SEO plugin v27.5 - https:\/\/yoast.com\/product\/yoast-seo-wordpress\/ -->\n<title>Maulini SA gewinnt den Prix SVC Gen\u00e8ve 2025 - Organisator<\/title>\n<meta name=\"description\" content=\"Das Unternehmen Maulini SA aus Satigny ist stolzer Gewinner des renommierten Prix SVC Gen\u00e8ve 2025. Er wurde am 27. November verliehen.\" \/>\n<meta name=\"robots\" content=\"index, follow, max-snippet:-1, max-image-preview:large, max-video-preview:-1\" \/>\n<link rel=\"canonical\" href=\"https:\/\/www.organisator.ch\/it\/gestione-2\/2025-11-28\/maulini-sa-gewinnt-den-prix-svc-geneve-2025\/\" \/>\n<meta property=\"og:locale\" content=\"it_IT\" \/>\n<meta property=\"og:type\" content=\"article\" \/>\n<meta property=\"og:title\" content=\"Maulini SA gewinnt den Prix SVC Gen\u00e8ve 2025\" \/>\n<meta property=\"og:description\" content=\"Das Unternehmen Maulini SA aus Satigny ist stolzer Gewinner des renommierten Prix SVC Gen\u00e8ve 2025. Er wurde am 27. November verliehen.\" \/>\n<meta property=\"og:url\" content=\"https:\/\/www.organisator.ch\/it\/gestione-2\/2025-11-28\/maulini-sa-gewinnt-den-prix-svc-geneve-2025\/\" \/>\n<meta property=\"og:site_name\" content=\"Organisator\" \/>\n<meta property=\"article:publisher\" content=\"https:\/\/www.facebook.com\/OrganisatorFachmagazin\" \/>\n<meta property=\"article:published_time\" content=\"2025-11-28T07:03:44+00:00\" \/>\n<meta property=\"og:image\" content=\"https:\/\/www.organisator.ch\/wp-content\/uploads\/2025\/11\/Maulini-SA-gewinnt-den-Prix-SVC-Geneve-2025_Organisator.jpg\" \/>\n\t<meta property=\"og:image:width\" content=\"680\" \/>\n\t<meta property=\"og:image:height\" content=\"453\" \/>\n\t<meta property=\"og:image:type\" content=\"image\/jpeg\" \/>\n<meta name=\"author\" content=\"thomas.berner\" \/>\n<meta name=\"twitter:card\" content=\"summary_large_image\" \/>\n<meta name=\"twitter:title\" content=\"#Maulini SA gewinnt den Prix SVC #Gen\u00e8ve 2025\" \/>\n<meta name=\"twitter:description\" content=\"Das Unternehmen #Maulini SA aus Satigny ist stolzer Gewinner des renommierten Prix SVC #Gen\u00e8ve 2025. Er wurde am 27. November verliehen.\" \/>\n<meta name=\"twitter:image\" content=\"https:\/\/www.organisator.ch\/wp-content\/uploads\/2025\/11\/Maulini-SA-gewinnt-den-Prix-SVC-Geneve-2025_Organisator.jpg\" \/>\n<script type=\"application\/ld+json\" class=\"yoast-schema-graph\">{\"@context\":\"https:\\\/\\\/schema.org\",\"@graph\":[{\"@type\":\"Article\",\"@id\":\"https:\\\/\\\/www.organisator.ch\\\/management\\\/2025-11-28\\\/maulini-sa-gewinnt-den-prix-svc-geneve-2025\\\/#article\",\"isPartOf\":{\"@id\":\"https:\\\/\\\/www.organisator.ch\\\/management\\\/2025-11-28\\\/maulini-sa-gewinnt-den-prix-svc-geneve-2025\\\/\"},\"author\":{\"name\":\"thomas.berner\",\"@id\":\"https:\\\/\\\/www.organisator.ch\\\/#\\\/schema\\\/person\\\/6f650f90b2842cd4c0cc334b4e36f67e\"},\"headline\":\"Maulini SA gewinnt den Prix SVC Gen\u00e8ve 2025\",\"datePublished\":\"2025-11-28T07:03:44+00:00\",\"mainEntityOfPage\":{\"@id\":\"https:\\\/\\\/www.organisator.ch\\\/management\\\/2025-11-28\\\/maulini-sa-gewinnt-den-prix-svc-geneve-2025\\\/\"},\"wordCount\":396,\"publisher\":{\"@id\":\"https:\\\/\\\/www.organisator.ch\\\/#organization\"},\"image\":{\"@id\":\"https:\\\/\\\/www.organisator.ch\\\/management\\\/2025-11-28\\\/maulini-sa-gewinnt-den-prix-svc-geneve-2025\\\/#primaryimage\"},\"thumbnailUrl\":\"https:\\\/\\\/www.organisator.ch\\\/wp-content\\\/uploads\\\/2025\\\/11\\\/Maulini-SA-gewinnt-den-Prix-SVC-Geneve-2025_Organisator.jpg\",\"keywords\":[\"Awards\",\"Business Excellence\",\"Prix SVC\",\"Unternehmen\"],\"articleSection\":[\"MANAGEMENT\"],\"inLanguage\":\"it-IT\"},{\"@type\":\"WebPage\",\"@id\":\"https:\\\/\\\/www.organisator.ch\\\/management\\\/2025-11-28\\\/maulini-sa-gewinnt-den-prix-svc-geneve-2025\\\/\",\"url\":\"https:\\\/\\\/www.organisator.ch\\\/management\\\/2025-11-28\\\/maulini-sa-gewinnt-den-prix-svc-geneve-2025\\\/\",\"name\":\"Maulini SA gewinnt den Prix SVC Gen\u00e8ve 2025 - Organisator\",\"isPartOf\":{\"@id\":\"https:\\\/\\\/www.organisator.ch\\\/#website\"},\"primaryImageOfPage\":{\"@id\":\"https:\\\/\\\/www.organisator.ch\\\/management\\\/2025-11-28\\\/maulini-sa-gewinnt-den-prix-svc-geneve-2025\\\/#primaryimage\"},\"image\":{\"@id\":\"https:\\\/\\\/www.organisator.ch\\\/management\\\/2025-11-28\\\/maulini-sa-gewinnt-den-prix-svc-geneve-2025\\\/#primaryimage\"},\"thumbnailUrl\":\"https:\\\/\\\/www.organisator.ch\\\/wp-content\\\/uploads\\\/2025\\\/11\\\/Maulini-SA-gewinnt-den-Prix-SVC-Geneve-2025_Organisator.jpg\",\"datePublished\":\"2025-11-28T07:03:44+00:00\",\"description\":\"Das Unternehmen Maulini SA aus Satigny ist stolzer Gewinner des renommierten Prix SVC Gen\u00e8ve 2025. Er wurde am 27. November verliehen.\",\"breadcrumb\":{\"@id\":\"https:\\\/\\\/www.organisator.ch\\\/management\\\/2025-11-28\\\/maulini-sa-gewinnt-den-prix-svc-geneve-2025\\\/#breadcrumb\"},\"inLanguage\":\"it-IT\",\"potentialAction\":[{\"@type\":\"ReadAction\",\"target\":[\"https:\\\/\\\/www.organisator.ch\\\/management\\\/2025-11-28\\\/maulini-sa-gewinnt-den-prix-svc-geneve-2025\\\/\"]}]},{\"@type\":\"ImageObject\",\"inLanguage\":\"it-IT\",\"@id\":\"https:\\\/\\\/www.organisator.ch\\\/management\\\/2025-11-28\\\/maulini-sa-gewinnt-den-prix-svc-geneve-2025\\\/#primaryimage\",\"url\":\"https:\\\/\\\/www.organisator.ch\\\/wp-content\\\/uploads\\\/2025\\\/11\\\/Maulini-SA-gewinnt-den-Prix-SVC-Geneve-2025_Organisator.jpg\",\"contentUrl\":\"https:\\\/\\\/www.organisator.ch\\\/wp-content\\\/uploads\\\/2025\\\/11\\\/Maulini-SA-gewinnt-den-Prix-SVC-Geneve-2025_Organisator.jpg\",\"width\":680,\"height\":453,\"caption\":\"DE: Der Gewinner des Prix SVC Genf 2025, Nicolas Maulini, Directeur Maulini SA, freut sich ueber den Preis waehrend der Preisverleihung am Donnerstag, 27. November 2025, im Batiment des Forces Motrices (BFM). Der Swiss Venture Club zeichnet mit dem Prix SVC innovative Unternehmen aus, die durch herausragende Leistungen einen wesentlichen und nachhaltigen wirtschaftlichen Erfolg verzeichnen. (SVC\\\/KEYSTONE\\\/Manuel Lopez) FR: Le laureat du Prix SVC Geneve 2025, Nicolas Maulini, Directeur Maulini SA, a le plaisir de recevoir le premier prix lors de la ceremonie de remise des prix le jeudi 27 novembre 2025, au Batiment des Forces Motrices a Geneve. Le Swiss Venture Club decerne le Prix SVC aux entreprises innovantes qui ont obtenu un succes economique important et durable grace a des performances exceptionnelles. Le Prix SVC Geneve a ete decerne pour la deuxieme fois cette annee. (SVC\\\/KEYSTONE\\\/Manuel Lopez)\"},{\"@type\":\"BreadcrumbList\",\"@id\":\"https:\\\/\\\/www.organisator.ch\\\/management\\\/2025-11-28\\\/maulini-sa-gewinnt-den-prix-svc-geneve-2025\\\/#breadcrumb\",\"itemListElement\":[{\"@type\":\"ListItem\",\"position\":1,\"name\":\"Home\",\"item\":\"https:\\\/\\\/www.organisator.ch\\\/\"},{\"@type\":\"ListItem\",\"position\":2,\"name\":\"Maulini SA gewinnt den Prix SVC Gen\u00e8ve 2025\"}]},{\"@type\":\"WebSite\",\"@id\":\"https:\\\/\\\/www.organisator.ch\\\/#website\",\"url\":\"https:\\\/\\\/www.organisator.ch\\\/\",\"name\":\"Organisator\",\"description\":\"Kompetent. Praxisnah. Der ORGANISATOR bereitet in 10 Ausgaben pro Jahr die wesentlichen Themen f\u00fcr F\u00fchrungskr\u00e4fte von KMU auf.\",\"publisher\":{\"@id\":\"https:\\\/\\\/www.organisator.ch\\\/#organization\"},\"potentialAction\":[{\"@type\":\"SearchAction\",\"target\":{\"@type\":\"EntryPoint\",\"urlTemplate\":\"https:\\\/\\\/www.organisator.ch\\\/?s={search_term_string}\"},\"query-input\":{\"@type\":\"PropertyValueSpecification\",\"valueRequired\":true,\"valueName\":\"search_term_string\"}}],\"inLanguage\":\"it-IT\"},{\"@type\":\"Organization\",\"@id\":\"https:\\\/\\\/www.organisator.ch\\\/#organization\",\"name\":\"Organisator\",\"url\":\"https:\\\/\\\/www.organisator.ch\\\/\",\"logo\":{\"@type\":\"ImageObject\",\"inLanguage\":\"it-IT\",\"@id\":\"https:\\\/\\\/www.organisator.ch\\\/#\\\/schema\\\/logo\\\/image\\\/\",\"url\":\"https:\\\/\\\/www.organisator.ch\\\/wp-content\\\/uploads\\\/2022\\\/01\\\/Logo_Organisator_Website.png\",\"contentUrl\":\"https:\\\/\\\/www.organisator.ch\\\/wp-content\\\/uploads\\\/2022\\\/01\\\/Logo_Organisator_Website.png\",\"width\":800,\"height\":77,\"caption\":\"Organisator\"},\"image\":{\"@id\":\"https:\\\/\\\/www.organisator.ch\\\/#\\\/schema\\\/logo\\\/image\\\/\"},\"sameAs\":[\"https:\\\/\\\/www.facebook.com\\\/OrganisatorFachmagazin\",\"https:\\\/\\\/www.linkedin.com\\\/showcase\\\/organisator-das-magazin-fr-kmu\",\"https:\\\/\\\/www.xing.com\\\/news\\\/pages\\\/organisator-ch-695\",\"https:\\\/\\\/www.youtube.com\\\/channel\\\/UCGP2Sq0iWaZwT3BdIAQFYpw\"]},{\"@type\":\"Person\",\"@id\":\"https:\\\/\\\/www.organisator.ch\\\/#\\\/schema\\\/person\\\/6f650f90b2842cd4c0cc334b4e36f67e\",\"name\":\"thomas.berner\",\"image\":{\"@type\":\"ImageObject\",\"inLanguage\":\"it-IT\",\"@id\":\"https:\\\/\\\/secure.gravatar.com\\\/avatar\\\/ac5001d2a36cb6c6cd3e50789007ffca834b477b74a2144564522e944eabff61?s=96&d=mm&r=g\",\"url\":\"https:\\\/\\\/secure.gravatar.com\\\/avatar\\\/ac5001d2a36cb6c6cd3e50789007ffca834b477b74a2144564522e944eabff61?s=96&d=mm&r=g\",\"contentUrl\":\"https:\\\/\\\/secure.gravatar.com\\\/avatar\\\/ac5001d2a36cb6c6cd3e50789007ffca834b477b74a2144564522e944eabff61?s=96&d=mm&r=g\",\"caption\":\"thomas.berner\"},\"url\":\"https:\\\/\\\/www.organisator.ch\\\/it\\\/author\\\/thomas-berner\\\/\"}]}<\/script>\n<!-- \/ Yoast SEO plugin. -->","yoast_head_json":{"title":"Maulini SA vince il Prix SVC Gen\u00e8ve 2025 - Organizzatore","description":"L'azienda Maulini SA di Satigny \u00e8 l'orgogliosa vincitrice del prestigioso Prix SVC Gen\u00e8ve 2025, assegnato il 27 novembre.","robots":{"index":"index","follow":"follow","max-snippet":"max-snippet:-1","max-image-preview":"max-image-preview:large","max-video-preview":"max-video-preview:-1"},"canonical":"https:\/\/www.organisator.ch\/it\/gestione-2\/2025-11-28\/maulini-sa-gewinnt-den-prix-svc-geneve-2025\/","og_locale":"it_IT","og_type":"article","og_title":"Maulini SA gewinnt den Prix SVC Gen\u00e8ve 2025","og_description":"Das Unternehmen Maulini SA aus Satigny ist stolzer Gewinner des renommierten Prix SVC Gen\u00e8ve 2025. Er wurde am 27. November verliehen.","og_url":"https:\/\/www.organisator.ch\/it\/gestione-2\/2025-11-28\/maulini-sa-gewinnt-den-prix-svc-geneve-2025\/","og_site_name":"Organisator","article_publisher":"https:\/\/www.facebook.com\/OrganisatorFachmagazin","article_published_time":"2025-11-28T07:03:44+00:00","og_image":[{"width":680,"height":453,"url":"https:\/\/www.organisator.ch\/wp-content\/uploads\/2025\/11\/Maulini-SA-gewinnt-den-Prix-SVC-Geneve-2025_Organisator.jpg","type":"image\/jpeg"}],"author":"thomas.berner","twitter_card":"summary_large_image","twitter_title":"#Maulini SA gewinnt den Prix SVC #Gen\u00e8ve 2025","twitter_description":"Das Unternehmen #Maulini SA aus Satigny ist stolzer Gewinner des renommierten Prix SVC #Gen\u00e8ve 2025. Er wurde am 27. November verliehen.","twitter_image":"https:\/\/www.organisator.ch\/wp-content\/uploads\/2025\/11\/Maulini-SA-gewinnt-den-Prix-SVC-Geneve-2025_Organisator.jpg","schema":{"@context":"https:\/\/schema.org","@graph":[{"@type":"Article","@id":"https:\/\/www.organisator.ch\/management\/2025-11-28\/maulini-sa-gewinnt-den-prix-svc-geneve-2025\/#article","isPartOf":{"@id":"https:\/\/www.organisator.ch\/management\/2025-11-28\/maulini-sa-gewinnt-den-prix-svc-geneve-2025\/"},"author":{"name":"thomas.berner","@id":"https:\/\/www.organisator.ch\/#\/schema\/person\/6f650f90b2842cd4c0cc334b4e36f67e"},"headline":"Maulini SA gewinnt den Prix SVC Gen\u00e8ve 2025","datePublished":"2025-11-28T07:03:44+00:00","mainEntityOfPage":{"@id":"https:\/\/www.organisator.ch\/management\/2025-11-28\/maulini-sa-gewinnt-den-prix-svc-geneve-2025\/"},"wordCount":396,"publisher":{"@id":"https:\/\/www.organisator.ch\/#organization"},"image":{"@id":"https:\/\/www.organisator.ch\/management\/2025-11-28\/maulini-sa-gewinnt-den-prix-svc-geneve-2025\/#primaryimage"},"thumbnailUrl":"https:\/\/www.organisator.ch\/wp-content\/uploads\/2025\/11\/Maulini-SA-gewinnt-den-Prix-SVC-Geneve-2025_Organisator.jpg","keywords":["Awards","Business Excellence","Prix SVC","Unternehmen"],"articleSection":["MANAGEMENT"],"inLanguage":"it-IT"},{"@type":"WebPage","@id":"https:\/\/www.organisator.ch\/management\/2025-11-28\/maulini-sa-gewinnt-den-prix-svc-geneve-2025\/","url":"https:\/\/www.organisator.ch\/management\/2025-11-28\/maulini-sa-gewinnt-den-prix-svc-geneve-2025\/","name":"Maulini SA vince il Prix SVC Gen\u00e8ve 2025 - Organizzatore","isPartOf":{"@id":"https:\/\/www.organisator.ch\/#website"},"primaryImageOfPage":{"@id":"https:\/\/www.organisator.ch\/management\/2025-11-28\/maulini-sa-gewinnt-den-prix-svc-geneve-2025\/#primaryimage"},"image":{"@id":"https:\/\/www.organisator.ch\/management\/2025-11-28\/maulini-sa-gewinnt-den-prix-svc-geneve-2025\/#primaryimage"},"thumbnailUrl":"https:\/\/www.organisator.ch\/wp-content\/uploads\/2025\/11\/Maulini-SA-gewinnt-den-Prix-SVC-Geneve-2025_Organisator.jpg","datePublished":"2025-11-28T07:03:44+00:00","description":"L'azienda Maulini SA di Satigny \u00e8 l'orgogliosa vincitrice del prestigioso Prix SVC Gen\u00e8ve 2025, assegnato il 27 novembre.","breadcrumb":{"@id":"https:\/\/www.organisator.ch\/management\/2025-11-28\/maulini-sa-gewinnt-den-prix-svc-geneve-2025\/#breadcrumb"},"inLanguage":"it-IT","potentialAction":[{"@type":"ReadAction","target":["https:\/\/www.organisator.ch\/management\/2025-11-28\/maulini-sa-gewinnt-den-prix-svc-geneve-2025\/"]}]},{"@type":"ImageObject","inLanguage":"it-IT","@id":"https:\/\/www.organisator.ch\/management\/2025-11-28\/maulini-sa-gewinnt-den-prix-svc-geneve-2025\/#primaryimage","url":"https:\/\/www.organisator.ch\/wp-content\/uploads\/2025\/11\/Maulini-SA-gewinnt-den-Prix-SVC-Geneve-2025_Organisator.jpg","contentUrl":"https:\/\/www.organisator.ch\/wp-content\/uploads\/2025\/11\/Maulini-SA-gewinnt-den-Prix-SVC-Geneve-2025_Organisator.jpg","width":680,"height":453,"caption":"DE: Der Gewinner des Prix SVC Genf 2025, Nicolas Maulini, Directeur Maulini SA, freut sich ueber den Preis waehrend der Preisverleihung am Donnerstag, 27. November 2025, im Batiment des Forces Motrices (BFM). Der Swiss Venture Club zeichnet mit dem Prix SVC innovative Unternehmen aus, die durch herausragende Leistungen einen wesentlichen und nachhaltigen wirtschaftlichen Erfolg verzeichnen. (SVC\/KEYSTONE\/Manuel Lopez) FR: Le laureat du Prix SVC Geneve 2025, Nicolas Maulini, Directeur Maulini SA, a le plaisir de recevoir le premier prix lors de la ceremonie de remise des prix le jeudi 27 novembre 2025, au Batiment des Forces Motrices a Geneve. Le Swiss Venture Club decerne le Prix SVC aux entreprises innovantes qui ont obtenu un succes economique important et durable grace a des performances exceptionnelles. Le Prix SVC Geneve a ete decerne pour la deuxieme fois cette annee. (SVC\/KEYSTONE\/Manuel Lopez)"},{"@type":"BreadcrumbList","@id":"https:\/\/www.organisator.ch\/management\/2025-11-28\/maulini-sa-gewinnt-den-prix-svc-geneve-2025\/#breadcrumb","itemListElement":[{"@type":"ListItem","position":1,"name":"Home","item":"https:\/\/www.organisator.ch\/"},{"@type":"ListItem","position":2,"name":"Maulini SA gewinnt den Prix SVC Gen\u00e8ve 2025"}]},{"@type":"WebSite","@id":"https:\/\/www.organisator.ch\/#website","url":"https:\/\/www.organisator.ch\/","name":"Organizzatore","description":"Competente. Pratico. In 10 numeri all'anno, ORGANISATOR presenta i temi essenziali per i manager delle PMI.","publisher":{"@id":"https:\/\/www.organisator.ch\/#organization"},"potentialAction":[{"@type":"SearchAction","target":{"@type":"EntryPoint","urlTemplate":"https:\/\/www.organisator.ch\/?s={search_term_string}"},"query-input":{"@type":"PropertyValueSpecification","valueRequired":true,"valueName":"search_term_string"}}],"inLanguage":"it-IT"},{"@type":"Organization","@id":"https:\/\/www.organisator.ch\/#organization","name":"Organizzatore","url":"https:\/\/www.organisator.ch\/","logo":{"@type":"ImageObject","inLanguage":"it-IT","@id":"https:\/\/www.organisator.ch\/#\/schema\/logo\/image\/","url":"https:\/\/www.organisator.ch\/wp-content\/uploads\/2022\/01\/Logo_Organisator_Website.png","contentUrl":"https:\/\/www.organisator.ch\/wp-content\/uploads\/2022\/01\/Logo_Organisator_Website.png","width":800,"height":77,"caption":"Organisator"},"image":{"@id":"https:\/\/www.organisator.ch\/#\/schema\/logo\/image\/"},"sameAs":["https:\/\/www.facebook.com\/OrganisatorFachmagazin","https:\/\/www.linkedin.com\/showcase\/organisator-das-magazin-fr-kmu","https:\/\/www.xing.com\/news\/pages\/organisator-ch-695","https:\/\/www.youtube.com\/channel\/UCGP2Sq0iWaZwT3BdIAQFYpw"]},{"@type":"Person","@id":"https:\/\/www.organisator.ch\/#\/schema\/person\/6f650f90b2842cd4c0cc334b4e36f67e","name":"Tommaso.berner","image":{"@type":"ImageObject","inLanguage":"it-IT","@id":"https:\/\/secure.gravatar.com\/avatar\/ac5001d2a36cb6c6cd3e50789007ffca834b477b74a2144564522e944eabff61?s=96&d=mm&r=g","url":"https:\/\/secure.gravatar.com\/avatar\/ac5001d2a36cb6c6cd3e50789007ffca834b477b74a2144564522e944eabff61?s=96&d=mm&r=g","contentUrl":"https:\/\/secure.gravatar.com\/avatar\/ac5001d2a36cb6c6cd3e50789007ffca834b477b74a2144564522e944eabff61?s=96&d=mm&r=g","caption":"thomas.berner"},"url":"https:\/\/www.organisator.ch\/it\/author\/thomas-berner\/"}]}},"_links":{"self":[{"href":"https:\/\/www.organisator.ch\/it\/wp-json\/wp\/v2\/posts\/42343","targetHints":{"allow":["GET"]}}],"collection":[{"href":"https:\/\/www.organisator.ch\/it\/wp-json\/wp\/v2\/posts"}],"about":[{"href":"https:\/\/www.organisator.ch\/it\/wp-json\/wp\/v2\/types\/post"}],"author":[{"embeddable":true,"href":"https:\/\/www.organisator.ch\/it\/wp-json\/wp\/v2\/users\/4"}],"replies":[{"embeddable":true,"href":"https:\/\/www.organisator.ch\/it\/wp-json\/wp\/v2\/comments?post=42343"}],"version-history":[{"count":4,"href":"https:\/\/www.organisator.ch\/it\/wp-json\/wp\/v2\/posts\/42343\/revisions"}],"predecessor-version":[{"id":42400,"href":"https:\/\/www.organisator.ch\/it\/wp-json\/wp\/v2\/posts\/42343\/revisions\/42400"}],"wp:featuredmedia":[{"embeddable":true,"href":"https:\/\/www.organisator.ch\/it\/wp-json\/wp\/v2\/media\/42344"}],"wp:attachment":[{"href":"https:\/\/www.organisator.ch\/it\/wp-json\/wp\/v2\/media?parent=42343"}],"wp:term":[{"taxonomy":"category","embeddable":true,"href":"https:\/\/www.organisator.ch\/it\/wp-json\/wp\/v2\/categories?post=42343"},{"taxonomy":"post_tag","embeddable":true,"href":"https:\/\/www.organisator.ch\/it\/wp-json\/wp\/v2\/tags?post=42343"}],"curies":[{"name":"wp","href":"https:\/\/api.w.org\/{rel}","templated":true}]}}