{"id":4242,"date":"2018-09-14T17:30:01","date_gmt":"2018-09-14T15:30:01","guid":{"rendered":"https:\/\/www.organisator.ch\/?p=4242"},"modified":"2018-09-14T17:30:01","modified_gmt":"2018-09-14T15:30:01","slug":"kmu-swiss-podium-2018-wie-beeinflusst-die-generation-y-die-arbeitswelt-von-morgen","status":"publish","type":"post","link":"https:\/\/www.organisator.ch\/it\/management\/2018-09-14\/kmu-swiss-podium-2018-wie-beeinflusst-die-generation-y-die-arbeitswelt-von-morgen\/","title":{"rendered":"KMU Swiss Podium 2018: Come influisce la generazione Y sul mondo del lavoro di domani?"},"content":{"rendered":"<figure id=\"attachment_4243\" aria-describedby=\"caption-attachment-4243\" style=\"width: 640px\" class=\"wp-caption alignnone\"><img loading=\"lazy\" decoding=\"async\" class=\"size-full wp-image-4243\" src=\"https:\/\/www.organisator.ch\/wp-content\/uploads\/2018\/09\/Wie-beeinflusst-die-Generation-Y-die-Arbeitswelt-von-morgen_Organisator.jpg\" alt=\"\" width=\"640\" height=\"360\" srcset=\"https:\/\/www.organisator.ch\/wp-content\/uploads\/2018\/09\/Wie-beeinflusst-die-Generation-Y-die-Arbeitswelt-von-morgen_Organisator.jpg 640w, https:\/\/www.organisator.ch\/wp-content\/uploads\/2018\/09\/Wie-beeinflusst-die-Generation-Y-die-Arbeitswelt-von-morgen_Organisator-16x9.jpg 16w, https:\/\/www.organisator.ch\/wp-content\/uploads\/2018\/09\/Wie-beeinflusst-die-Generation-Y-die-Arbeitswelt-von-morgen_Organisator-311x175.jpg 311w, https:\/\/www.organisator.ch\/wp-content\/uploads\/2018\/09\/Wie-beeinflusst-die-Generation-Y-die-Arbeitswelt-von-morgen_Organisator-622x350.jpg 622w, https:\/\/www.organisator.ch\/wp-content\/uploads\/2018\/09\/Wie-beeinflusst-die-Generation-Y-die-Arbeitswelt-von-morgen_Organisator-300x169.jpg 300w\" sizes=\"auto, (max-width: 640px) 100vw, 640px\" \/><figcaption id=\"caption-attachment-4243\" class=\"wp-caption-text\">Armin Baumann e Pascal Scherrer (a destra) a colloquio al KMU Swiss Podium 2018 (Immagine: zVg \/ KMU Swiss Podium).<\/figcaption><\/figure>\n<p>Sar\u00e0 tutto diverso per la \"Generazione successiva\"? Circa 300 partecipanti attendevano con ansia la risposta all'edizione dell'anniversario del KMU SWISS Podium, il 13 settembre 2018 nella Campus Hall di Brugg-Windisch. Dal punto di vista di Pascal Scherrer, responsabile del settore giornalistico di Radio SRF3, la Generazione Y funziona in modo diverso da tutte le altre generazioni. Ci\u00f2 richiede un adeguamento dello stile di leadership. \"La generazione Y \u00e8 sicura di s\u00e9 e impaziente. \u00c8 importante trovare il giusto mix di incoraggiamento e sfida\", afferma Pascal Scherrer.<\/p>\n<h2>Generazione Y<\/h2>\n<p>Nata tra gli anni '80 e i primi anni 2000, la Generazione Y \u00e8 una delle prime a crescere nel mondo digitale, i cosiddetti \"nativi digitali\". La lettera Y (\"Perch\u00e9\") si riferisce al \"perch\u00e9\". \"Questa generazione si interroga su molte cose e vuole lasciare un'impronta sul mondo\", spiega Pascal Scherrer. Per Armin Baumann, iniziatore di KMU SWISS, una cosa \u00e8 certa: \"Non possiamo cambiare il passato, ma possiamo agire nel presente e influenzare il futuro. La mentalit\u00e0 della prossima generazione e anche le risorse cambieranno. Ritengo che sia nostro dovere adattare lo stile di gestione e i modelli di business di conseguenza\".<\/p>\n<h2>Influenza della Generazione Y sugli eventi culturali<\/h2>\n<p>Nadja Hauser, fondatrice e direttrice del pi\u00f9 grande festival di circo in Svizzera, il \"Festival Internazionale del Circo YOUNG STAGE Basel\", prevede nella sua presentazione: \"La cultura seria e quella del divertimento si fonderanno sempre di pi\u00f9. La generazione Y ha iniziato a collaborare con altri generi come il balletto, la danza moderna o l'opera. Stanno emergendo nuovi formati. Il contenuto sta diventando pi\u00f9 sostanzioso\".<\/p>\n<h2>Innovazione<\/h2>\n<p>L'innovazione \u00e8 necessaria anche nel settore delle assicurazioni sanitarie, come dimostra la presentazione di Thomas J. Grichting, Segretario generale del Groupe Mutuel. \"Abbiamo bisogno di soluzioni innovative perch\u00e9 si prevede che i premi delle assicurazioni sanitarie raddoppieranno entro il 2030\". Con la loro nuova strategia di innovazione, sono alla ricerca di idee nuove e fresche e vogliono ottenere soprattutto una cosa: un sistema sanitario valido e accessibile, una concorrenza regolamentata e nessuna medicina di Stato.<\/p>\n<h2>Intelligenza artificiale: cosa pu\u00f2 fare l'uomo?<\/h2>\n<p>\"Il paziente del futuro vuole gestire la propria salute ed essere coinvolto nelle decisioni terapeutiche. L'intelligenza artificiale (AI) potrebbe salvare il nostro sistema sanitario\", ha riferito Grichting. Christian Fehrlin, CEO di Deep Impact, ha illustrato nella sua presentazione come l'intelligenza artificiale cambier\u00e0 il mondo. \"Molti processi vengono digitalizzati e sostituiti dall'IA. Sono colpiti soprattutto i lavori ripetitivi. Quindi il futuro \u00e8 gi\u00e0 realt\u00e0. Tuttavia, ci vorranno ancora circa quattro anni prima che la potenza di calcolo dell'IA raggiunga le prestazioni di un cervello\". Eduardo Strauch Urioste ha mostrato, nella sua presentazione impressionante e ricca di emozioni, di cosa \u00e8 capace un essere umano. Era uno dei sopravvissuti all'incidente aereo del 1972 sulle Ande. \"Siamo sopravvissuti 72 giorni a 4000 metri di altitudine. In questo periodo abbiamo dovuto prendere decisioni importanti e difficili, restare uniti come squadra e non perdere mai la speranza. \u00c8 incredibile ci\u00f2 che il cervello e il corpo umano sono in grado di fare in una situazione del genere.<\/p>\n<h2>Completamento con successo<\/h2>\n<p>Le varie presentazioni e la tavola rotonda con Franz Gr\u00fcter, Consigliere nazionale e Presidente di green.ch, Ronald Christen, CEO di Loeb AG, Pascal Scherrer e Armin Baumann hanno stimolato interessanti discussioni durante la cena conclusiva. Il programma \u00e8 stato moderato da Tamara Sedmak. Per la prima volta, l'evento \u00e8 stato trasmesso in diretta sul canale televisivo KMU SWISS. Tuttavia, la trasmissione non ha sostituito le numerose e preziose discussioni durante le pause, la cena e i numerosi stand.<b><\/b><\/p>\n<p><em>Fonte e ulteriori informazioni: <a href=\"http:\/\/www.kmuswiss.ch\">PMI svizzera<\/a><\/em><\/p>\n<p>&nbsp;<\/p>","protected":false},"excerpt":{"rendered":"<p>Wird alles anders bei der \u00abGeneration next\u00bb? Rund 300 Teilnehmerinnen und Teilnehmer erwarteten an der Jubil\u00e4umsausgabe vom KMU SWISS Podium vom 13. September 2018 im Campussaal in Brugg-Windisch mit Spannung die Antwort. Aus Sicht von Pascal Scherrer, Publizistischer Leiter Radio SRF3, funktioniert die Generation Y anders als alle anderen Generationen. Dies erfordert eine Anpassung des [&hellip;]<\/p>\n","protected":false},"author":4,"featured_media":4243,"comment_status":"open","ping_status":"open","sticky":false,"template":"","format":"standard","meta":{"_acf_changed":false,"_yoast_wpseo_focuskw":"KMU Swiss Podium","_yoast_wpseo_metadesc":"Die 10. Ausgabe des KMU SWISS Podiums besch\u00e4ftigte sich mit der \u00abGeneration next\u00bb und deren Einfluss auf die Arbeitswelt von morgen.","articlekey":"","footnotes":""},"categories":[28],"tags":[193,334,335,496,508],"class_list":["post-4242","post","type-post","status-publish","format-standard","has-post-thumbnail","hentry","category-management","tag-fachkongressfachmesse","tag-management","tag-management-und-unternehmensfuehrung","tag-unternehmensfuehrung","tag-vermischtes"],"acf":[],"yoast_head":"<!-- This site is optimized with the Yoast SEO plugin v27.5 - https:\/\/yoast.com\/product\/yoast-seo-wordpress\/ -->\n<title>KMU Swiss Podium 2018: Wie beeinflusst die Generation Y die Arbeitswelt von morgen? - Organisator<\/title>\n<meta name=\"description\" content=\"Die 10. Ausgabe des KMU SWISS Podiums besch\u00e4ftigte sich mit der \u00abGeneration next\u00bb und deren Einfluss auf die Arbeitswelt von morgen.\" \/>\n<meta name=\"robots\" content=\"index, follow, max-snippet:-1, max-image-preview:large, max-video-preview:-1\" \/>\n<link rel=\"canonical\" href=\"https:\/\/www.organisator.ch\/it\/gestione-2\/2018-09-14\/kmu-swiss-podium-2018-wie-beeinflusst-die-generation-y-die-arbeitswelt-von-morgen\/\" \/>\n<meta property=\"og:locale\" content=\"it_IT\" \/>\n<meta property=\"og:type\" content=\"article\" \/>\n<meta property=\"og:title\" content=\"KMU Swiss Podium 2018: Wie beeinflusst die Generation Y die Arbeitswelt von morgen?\" \/>\n<meta property=\"og:description\" content=\"Die 10. Ausgabe des KMU SWISS Podiums besch\u00e4ftigte sich mit der \u00abGeneration next\u00bb und deren Einfluss auf die Arbeitswelt von morgen.\" \/>\n<meta property=\"og:url\" content=\"https:\/\/www.organisator.ch\/it\/gestione-2\/2018-09-14\/kmu-swiss-podium-2018-wie-beeinflusst-die-generation-y-die-arbeitswelt-von-morgen\/\" \/>\n<meta property=\"og:site_name\" content=\"Organisator\" \/>\n<meta property=\"article:publisher\" content=\"https:\/\/www.facebook.com\/OrganisatorFachmagazin\" \/>\n<meta property=\"article:published_time\" content=\"2018-09-14T15:30:01+00:00\" \/>\n<meta property=\"og:image\" content=\"https:\/\/www.organisator.ch\/wp-content\/uploads\/2018\/09\/Wie-beeinflusst-die-Generation-Y-die-Arbeitswelt-von-morgen_Organisator.jpg\" \/>\n\t<meta property=\"og:image:width\" content=\"640\" \/>\n\t<meta property=\"og:image:height\" content=\"360\" \/>\n\t<meta property=\"og:image:type\" content=\"image\/jpeg\" \/>\n<meta name=\"author\" content=\"thomas.berner\" \/>\n<meta name=\"twitter:card\" content=\"summary_large_image\" \/>\n<meta name=\"twitter:title\" content=\"KMU Swiss Podium 2018: Wie beeinflusst die Generation Y die #Arbeitswelt von morgen?\" \/>\n<meta name=\"twitter:description\" content=\"Die 10. Ausgabe des KMU SWISS Podiums besch\u00e4ftigte sich mit der \u00abGeneration next\u00bb und deren Einfluss auf die #Arbeitswelt von morgen.\" \/>\n<meta name=\"twitter:image\" content=\"https:\/\/www.organisator.ch\/wp-content\/uploads\/2018\/09\/Wie-beeinflusst-die-Generation-Y-die-Arbeitswelt-von-morgen_Organisator.jpg\" \/>\n<script type=\"application\/ld+json\" class=\"yoast-schema-graph\">{\"@context\":\"https:\\\/\\\/schema.org\",\"@graph\":[{\"@type\":\"Article\",\"@id\":\"https:\\\/\\\/www.organisator.ch\\\/management\\\/2018-09-14\\\/kmu-swiss-podium-2018-wie-beeinflusst-die-generation-y-die-arbeitswelt-von-morgen\\\/#article\",\"isPartOf\":{\"@id\":\"https:\\\/\\\/www.organisator.ch\\\/management\\\/2018-09-14\\\/kmu-swiss-podium-2018-wie-beeinflusst-die-generation-y-die-arbeitswelt-von-morgen\\\/\"},\"author\":{\"name\":\"thomas.berner\",\"@id\":\"https:\\\/\\\/www.organisator.ch\\\/#\\\/schema\\\/person\\\/6f650f90b2842cd4c0cc334b4e36f67e\"},\"headline\":\"KMU Swiss Podium 2018: Wie beeinflusst die Generation Y die Arbeitswelt von morgen?\",\"datePublished\":\"2018-09-14T15:30:01+00:00\",\"mainEntityOfPage\":{\"@id\":\"https:\\\/\\\/www.organisator.ch\\\/management\\\/2018-09-14\\\/kmu-swiss-podium-2018-wie-beeinflusst-die-generation-y-die-arbeitswelt-von-morgen\\\/\"},\"wordCount\":617,\"commentCount\":0,\"publisher\":{\"@id\":\"https:\\\/\\\/www.organisator.ch\\\/#organization\"},\"image\":{\"@id\":\"https:\\\/\\\/www.organisator.ch\\\/management\\\/2018-09-14\\\/kmu-swiss-podium-2018-wie-beeinflusst-die-generation-y-die-arbeitswelt-von-morgen\\\/#primaryimage\"},\"thumbnailUrl\":\"https:\\\/\\\/www.organisator.ch\\\/wp-content\\\/uploads\\\/2018\\\/09\\\/Wie-beeinflusst-die-Generation-Y-die-Arbeitswelt-von-morgen_Organisator.jpg\",\"keywords\":[\"Fachkongress\\\/Fachmesse\",\"Management\",\"Management und Unternehmensf\u00fchrung\",\"Unternehmensf\u00fchrung\",\"Vermischtes\"],\"articleSection\":[\"MANAGEMENT\"],\"inLanguage\":\"it-IT\"},{\"@type\":\"WebPage\",\"@id\":\"https:\\\/\\\/www.organisator.ch\\\/management\\\/2018-09-14\\\/kmu-swiss-podium-2018-wie-beeinflusst-die-generation-y-die-arbeitswelt-von-morgen\\\/\",\"url\":\"https:\\\/\\\/www.organisator.ch\\\/management\\\/2018-09-14\\\/kmu-swiss-podium-2018-wie-beeinflusst-die-generation-y-die-arbeitswelt-von-morgen\\\/\",\"name\":\"KMU Swiss Podium 2018: Wie beeinflusst die Generation Y die Arbeitswelt von morgen? - Organisator\",\"isPartOf\":{\"@id\":\"https:\\\/\\\/www.organisator.ch\\\/#website\"},\"primaryImageOfPage\":{\"@id\":\"https:\\\/\\\/www.organisator.ch\\\/management\\\/2018-09-14\\\/kmu-swiss-podium-2018-wie-beeinflusst-die-generation-y-die-arbeitswelt-von-morgen\\\/#primaryimage\"},\"image\":{\"@id\":\"https:\\\/\\\/www.organisator.ch\\\/management\\\/2018-09-14\\\/kmu-swiss-podium-2018-wie-beeinflusst-die-generation-y-die-arbeitswelt-von-morgen\\\/#primaryimage\"},\"thumbnailUrl\":\"https:\\\/\\\/www.organisator.ch\\\/wp-content\\\/uploads\\\/2018\\\/09\\\/Wie-beeinflusst-die-Generation-Y-die-Arbeitswelt-von-morgen_Organisator.jpg\",\"datePublished\":\"2018-09-14T15:30:01+00:00\",\"description\":\"Die 10. Ausgabe des KMU SWISS Podiums besch\u00e4ftigte sich mit der \u00abGeneration next\u00bb und deren Einfluss auf die Arbeitswelt von morgen.\",\"breadcrumb\":{\"@id\":\"https:\\\/\\\/www.organisator.ch\\\/management\\\/2018-09-14\\\/kmu-swiss-podium-2018-wie-beeinflusst-die-generation-y-die-arbeitswelt-von-morgen\\\/#breadcrumb\"},\"inLanguage\":\"it-IT\",\"potentialAction\":[{\"@type\":\"ReadAction\",\"target\":[\"https:\\\/\\\/www.organisator.ch\\\/management\\\/2018-09-14\\\/kmu-swiss-podium-2018-wie-beeinflusst-die-generation-y-die-arbeitswelt-von-morgen\\\/\"]}]},{\"@type\":\"ImageObject\",\"inLanguage\":\"it-IT\",\"@id\":\"https:\\\/\\\/www.organisator.ch\\\/management\\\/2018-09-14\\\/kmu-swiss-podium-2018-wie-beeinflusst-die-generation-y-die-arbeitswelt-von-morgen\\\/#primaryimage\",\"url\":\"https:\\\/\\\/www.organisator.ch\\\/wp-content\\\/uploads\\\/2018\\\/09\\\/Wie-beeinflusst-die-Generation-Y-die-Arbeitswelt-von-morgen_Organisator.jpg\",\"contentUrl\":\"https:\\\/\\\/www.organisator.ch\\\/wp-content\\\/uploads\\\/2018\\\/09\\\/Wie-beeinflusst-die-Generation-Y-die-Arbeitswelt-von-morgen_Organisator.jpg\",\"width\":640,\"height\":360,\"caption\":\"Armin Baumann und Pascal Scherrer (rechts) im Gespr\u00e4ch auf dem KMU Swiss Podium 2018. (Bild: zVg \\\/ KMU Swiss Podium)\"},{\"@type\":\"BreadcrumbList\",\"@id\":\"https:\\\/\\\/www.organisator.ch\\\/management\\\/2018-09-14\\\/kmu-swiss-podium-2018-wie-beeinflusst-die-generation-y-die-arbeitswelt-von-morgen\\\/#breadcrumb\",\"itemListElement\":[{\"@type\":\"ListItem\",\"position\":1,\"name\":\"Home\",\"item\":\"https:\\\/\\\/www.organisator.ch\\\/\"},{\"@type\":\"ListItem\",\"position\":2,\"name\":\"KMU Swiss Podium 2018: Wie beeinflusst die Generation Y die Arbeitswelt von morgen?\"}]},{\"@type\":\"WebSite\",\"@id\":\"https:\\\/\\\/www.organisator.ch\\\/#website\",\"url\":\"https:\\\/\\\/www.organisator.ch\\\/\",\"name\":\"Organisator\",\"description\":\"Kompetent. Praxisnah. Der ORGANISATOR bereitet in 10 Ausgaben pro Jahr die wesentlichen Themen f\u00fcr F\u00fchrungskr\u00e4fte von KMU auf.\",\"publisher\":{\"@id\":\"https:\\\/\\\/www.organisator.ch\\\/#organization\"},\"potentialAction\":[{\"@type\":\"SearchAction\",\"target\":{\"@type\":\"EntryPoint\",\"urlTemplate\":\"https:\\\/\\\/www.organisator.ch\\\/?s={search_term_string}\"},\"query-input\":{\"@type\":\"PropertyValueSpecification\",\"valueRequired\":true,\"valueName\":\"search_term_string\"}}],\"inLanguage\":\"it-IT\"},{\"@type\":\"Organization\",\"@id\":\"https:\\\/\\\/www.organisator.ch\\\/#organization\",\"name\":\"Organisator\",\"url\":\"https:\\\/\\\/www.organisator.ch\\\/\",\"logo\":{\"@type\":\"ImageObject\",\"inLanguage\":\"it-IT\",\"@id\":\"https:\\\/\\\/www.organisator.ch\\\/#\\\/schema\\\/logo\\\/image\\\/\",\"url\":\"https:\\\/\\\/www.organisator.ch\\\/wp-content\\\/uploads\\\/2022\\\/01\\\/Logo_Organisator_Website.png\",\"contentUrl\":\"https:\\\/\\\/www.organisator.ch\\\/wp-content\\\/uploads\\\/2022\\\/01\\\/Logo_Organisator_Website.png\",\"width\":800,\"height\":77,\"caption\":\"Organisator\"},\"image\":{\"@id\":\"https:\\\/\\\/www.organisator.ch\\\/#\\\/schema\\\/logo\\\/image\\\/\"},\"sameAs\":[\"https:\\\/\\\/www.facebook.com\\\/OrganisatorFachmagazin\",\"https:\\\/\\\/www.linkedin.com\\\/showcase\\\/organisator-das-magazin-fr-kmu\",\"https:\\\/\\\/www.xing.com\\\/news\\\/pages\\\/organisator-ch-695\",\"https:\\\/\\\/www.youtube.com\\\/channel\\\/UCGP2Sq0iWaZwT3BdIAQFYpw\"]},{\"@type\":\"Person\",\"@id\":\"https:\\\/\\\/www.organisator.ch\\\/#\\\/schema\\\/person\\\/6f650f90b2842cd4c0cc334b4e36f67e\",\"name\":\"thomas.berner\",\"image\":{\"@type\":\"ImageObject\",\"inLanguage\":\"it-IT\",\"@id\":\"https:\\\/\\\/secure.gravatar.com\\\/avatar\\\/ac5001d2a36cb6c6cd3e50789007ffca834b477b74a2144564522e944eabff61?s=96&d=mm&r=g\",\"url\":\"https:\\\/\\\/secure.gravatar.com\\\/avatar\\\/ac5001d2a36cb6c6cd3e50789007ffca834b477b74a2144564522e944eabff61?s=96&d=mm&r=g\",\"contentUrl\":\"https:\\\/\\\/secure.gravatar.com\\\/avatar\\\/ac5001d2a36cb6c6cd3e50789007ffca834b477b74a2144564522e944eabff61?s=96&d=mm&r=g\",\"caption\":\"thomas.berner\"},\"url\":\"https:\\\/\\\/www.organisator.ch\\\/it\\\/author\\\/thomas-berner\\\/\"}]}<\/script>\n<!-- \/ Yoast SEO plugin. -->","yoast_head_json":{"title":"KMU Swiss Podium 2018: Come la Generazione Y influenza il mondo del lavoro di domani? - Organizzatore","description":"La decima edizione del panel KMU SWISS si \u00e8 occupata della \"Generation next\" e della sua influenza sul mondo del lavoro di domani.","robots":{"index":"index","follow":"follow","max-snippet":"max-snippet:-1","max-image-preview":"max-image-preview:large","max-video-preview":"max-video-preview:-1"},"canonical":"https:\/\/www.organisator.ch\/it\/gestione-2\/2018-09-14\/kmu-swiss-podium-2018-wie-beeinflusst-die-generation-y-die-arbeitswelt-von-morgen\/","og_locale":"it_IT","og_type":"article","og_title":"KMU Swiss Podium 2018: Wie beeinflusst die Generation Y die Arbeitswelt von morgen?","og_description":"Die 10. Ausgabe des KMU SWISS Podiums besch\u00e4ftigte sich mit der \u00abGeneration next\u00bb und deren Einfluss auf die Arbeitswelt von morgen.","og_url":"https:\/\/www.organisator.ch\/it\/gestione-2\/2018-09-14\/kmu-swiss-podium-2018-wie-beeinflusst-die-generation-y-die-arbeitswelt-von-morgen\/","og_site_name":"Organisator","article_publisher":"https:\/\/www.facebook.com\/OrganisatorFachmagazin","article_published_time":"2018-09-14T15:30:01+00:00","og_image":[{"width":640,"height":360,"url":"https:\/\/www.organisator.ch\/wp-content\/uploads\/2018\/09\/Wie-beeinflusst-die-Generation-Y-die-Arbeitswelt-von-morgen_Organisator.jpg","type":"image\/jpeg"}],"author":"thomas.berner","twitter_card":"summary_large_image","twitter_title":"KMU Swiss Podium 2018: Wie beeinflusst die Generation Y die #Arbeitswelt von morgen?","twitter_description":"Die 10. Ausgabe des KMU SWISS Podiums besch\u00e4ftigte sich mit der \u00abGeneration next\u00bb und deren Einfluss auf die #Arbeitswelt von morgen.","twitter_image":"https:\/\/www.organisator.ch\/wp-content\/uploads\/2018\/09\/Wie-beeinflusst-die-Generation-Y-die-Arbeitswelt-von-morgen_Organisator.jpg","schema":{"@context":"https:\/\/schema.org","@graph":[{"@type":"Article","@id":"https:\/\/www.organisator.ch\/management\/2018-09-14\/kmu-swiss-podium-2018-wie-beeinflusst-die-generation-y-die-arbeitswelt-von-morgen\/#article","isPartOf":{"@id":"https:\/\/www.organisator.ch\/management\/2018-09-14\/kmu-swiss-podium-2018-wie-beeinflusst-die-generation-y-die-arbeitswelt-von-morgen\/"},"author":{"name":"thomas.berner","@id":"https:\/\/www.organisator.ch\/#\/schema\/person\/6f650f90b2842cd4c0cc334b4e36f67e"},"headline":"KMU Swiss Podium 2018: Wie beeinflusst die Generation Y die Arbeitswelt von morgen?","datePublished":"2018-09-14T15:30:01+00:00","mainEntityOfPage":{"@id":"https:\/\/www.organisator.ch\/management\/2018-09-14\/kmu-swiss-podium-2018-wie-beeinflusst-die-generation-y-die-arbeitswelt-von-morgen\/"},"wordCount":617,"commentCount":0,"publisher":{"@id":"https:\/\/www.organisator.ch\/#organization"},"image":{"@id":"https:\/\/www.organisator.ch\/management\/2018-09-14\/kmu-swiss-podium-2018-wie-beeinflusst-die-generation-y-die-arbeitswelt-von-morgen\/#primaryimage"},"thumbnailUrl":"https:\/\/www.organisator.ch\/wp-content\/uploads\/2018\/09\/Wie-beeinflusst-die-Generation-Y-die-Arbeitswelt-von-morgen_Organisator.jpg","keywords":["Fachkongress\/Fachmesse","Management","Management und Unternehmensf\u00fchrung","Unternehmensf\u00fchrung","Vermischtes"],"articleSection":["MANAGEMENT"],"inLanguage":"it-IT"},{"@type":"WebPage","@id":"https:\/\/www.organisator.ch\/management\/2018-09-14\/kmu-swiss-podium-2018-wie-beeinflusst-die-generation-y-die-arbeitswelt-von-morgen\/","url":"https:\/\/www.organisator.ch\/management\/2018-09-14\/kmu-swiss-podium-2018-wie-beeinflusst-die-generation-y-die-arbeitswelt-von-morgen\/","name":"KMU Swiss Podium 2018: Come la Generazione Y influenza il mondo del lavoro di domani? - Organizzatore","isPartOf":{"@id":"https:\/\/www.organisator.ch\/#website"},"primaryImageOfPage":{"@id":"https:\/\/www.organisator.ch\/management\/2018-09-14\/kmu-swiss-podium-2018-wie-beeinflusst-die-generation-y-die-arbeitswelt-von-morgen\/#primaryimage"},"image":{"@id":"https:\/\/www.organisator.ch\/management\/2018-09-14\/kmu-swiss-podium-2018-wie-beeinflusst-die-generation-y-die-arbeitswelt-von-morgen\/#primaryimage"},"thumbnailUrl":"https:\/\/www.organisator.ch\/wp-content\/uploads\/2018\/09\/Wie-beeinflusst-die-Generation-Y-die-Arbeitswelt-von-morgen_Organisator.jpg","datePublished":"2018-09-14T15:30:01+00:00","description":"La decima edizione del panel KMU SWISS si \u00e8 occupata della \"Generation next\" e della sua influenza sul mondo del lavoro di domani.","breadcrumb":{"@id":"https:\/\/www.organisator.ch\/management\/2018-09-14\/kmu-swiss-podium-2018-wie-beeinflusst-die-generation-y-die-arbeitswelt-von-morgen\/#breadcrumb"},"inLanguage":"it-IT","potentialAction":[{"@type":"ReadAction","target":["https:\/\/www.organisator.ch\/management\/2018-09-14\/kmu-swiss-podium-2018-wie-beeinflusst-die-generation-y-die-arbeitswelt-von-morgen\/"]}]},{"@type":"ImageObject","inLanguage":"it-IT","@id":"https:\/\/www.organisator.ch\/management\/2018-09-14\/kmu-swiss-podium-2018-wie-beeinflusst-die-generation-y-die-arbeitswelt-von-morgen\/#primaryimage","url":"https:\/\/www.organisator.ch\/wp-content\/uploads\/2018\/09\/Wie-beeinflusst-die-Generation-Y-die-Arbeitswelt-von-morgen_Organisator.jpg","contentUrl":"https:\/\/www.organisator.ch\/wp-content\/uploads\/2018\/09\/Wie-beeinflusst-die-Generation-Y-die-Arbeitswelt-von-morgen_Organisator.jpg","width":640,"height":360,"caption":"Armin Baumann und Pascal Scherrer (rechts) im Gespr\u00e4ch auf dem KMU Swiss Podium 2018. (Bild: zVg \/ KMU Swiss Podium)"},{"@type":"BreadcrumbList","@id":"https:\/\/www.organisator.ch\/management\/2018-09-14\/kmu-swiss-podium-2018-wie-beeinflusst-die-generation-y-die-arbeitswelt-von-morgen\/#breadcrumb","itemListElement":[{"@type":"ListItem","position":1,"name":"Home","item":"https:\/\/www.organisator.ch\/"},{"@type":"ListItem","position":2,"name":"KMU Swiss Podium 2018: Wie beeinflusst die Generation Y die Arbeitswelt von morgen?"}]},{"@type":"WebSite","@id":"https:\/\/www.organisator.ch\/#website","url":"https:\/\/www.organisator.ch\/","name":"Organizzatore","description":"Competente. Pratico. In 10 numeri all'anno, ORGANISATOR presenta i temi essenziali per i manager delle PMI.","publisher":{"@id":"https:\/\/www.organisator.ch\/#organization"},"potentialAction":[{"@type":"SearchAction","target":{"@type":"EntryPoint","urlTemplate":"https:\/\/www.organisator.ch\/?s={search_term_string}"},"query-input":{"@type":"PropertyValueSpecification","valueRequired":true,"valueName":"search_term_string"}}],"inLanguage":"it-IT"},{"@type":"Organization","@id":"https:\/\/www.organisator.ch\/#organization","name":"Organizzatore","url":"https:\/\/www.organisator.ch\/","logo":{"@type":"ImageObject","inLanguage":"it-IT","@id":"https:\/\/www.organisator.ch\/#\/schema\/logo\/image\/","url":"https:\/\/www.organisator.ch\/wp-content\/uploads\/2022\/01\/Logo_Organisator_Website.png","contentUrl":"https:\/\/www.organisator.ch\/wp-content\/uploads\/2022\/01\/Logo_Organisator_Website.png","width":800,"height":77,"caption":"Organisator"},"image":{"@id":"https:\/\/www.organisator.ch\/#\/schema\/logo\/image\/"},"sameAs":["https:\/\/www.facebook.com\/OrganisatorFachmagazin","https:\/\/www.linkedin.com\/showcase\/organisator-das-magazin-fr-kmu","https:\/\/www.xing.com\/news\/pages\/organisator-ch-695","https:\/\/www.youtube.com\/channel\/UCGP2Sq0iWaZwT3BdIAQFYpw"]},{"@type":"Person","@id":"https:\/\/www.organisator.ch\/#\/schema\/person\/6f650f90b2842cd4c0cc334b4e36f67e","name":"Tommaso.berner","image":{"@type":"ImageObject","inLanguage":"it-IT","@id":"https:\/\/secure.gravatar.com\/avatar\/ac5001d2a36cb6c6cd3e50789007ffca834b477b74a2144564522e944eabff61?s=96&d=mm&r=g","url":"https:\/\/secure.gravatar.com\/avatar\/ac5001d2a36cb6c6cd3e50789007ffca834b477b74a2144564522e944eabff61?s=96&d=mm&r=g","contentUrl":"https:\/\/secure.gravatar.com\/avatar\/ac5001d2a36cb6c6cd3e50789007ffca834b477b74a2144564522e944eabff61?s=96&d=mm&r=g","caption":"thomas.berner"},"url":"https:\/\/www.organisator.ch\/it\/author\/thomas-berner\/"}]}},"_links":{"self":[{"href":"https:\/\/www.organisator.ch\/it\/wp-json\/wp\/v2\/posts\/4242","targetHints":{"allow":["GET"]}}],"collection":[{"href":"https:\/\/www.organisator.ch\/it\/wp-json\/wp\/v2\/posts"}],"about":[{"href":"https:\/\/www.organisator.ch\/it\/wp-json\/wp\/v2\/types\/post"}],"author":[{"embeddable":true,"href":"https:\/\/www.organisator.ch\/it\/wp-json\/wp\/v2\/users\/4"}],"replies":[{"embeddable":true,"href":"https:\/\/www.organisator.ch\/it\/wp-json\/wp\/v2\/comments?post=4242"}],"version-history":[{"count":0,"href":"https:\/\/www.organisator.ch\/it\/wp-json\/wp\/v2\/posts\/4242\/revisions"}],"wp:featuredmedia":[{"embeddable":true,"href":"https:\/\/www.organisator.ch\/it\/wp-json\/wp\/v2\/media\/4243"}],"wp:attachment":[{"href":"https:\/\/www.organisator.ch\/it\/wp-json\/wp\/v2\/media?parent=4242"}],"wp:term":[{"taxonomy":"category","embeddable":true,"href":"https:\/\/www.organisator.ch\/it\/wp-json\/wp\/v2\/categories?post=4242"},{"taxonomy":"post_tag","embeddable":true,"href":"https:\/\/www.organisator.ch\/it\/wp-json\/wp\/v2\/tags?post=4242"}],"curies":[{"name":"wp","href":"https:\/\/api.w.org\/{rel}","templated":true}]}}