{"id":42426,"date":"2025-12-02T12:01:01","date_gmt":"2025-12-02T11:01:01","guid":{"rendered":"https:\/\/www.organisator.ch\/?p=42426"},"modified":"2025-12-02T12:01:01","modified_gmt":"2025-12-02T11:01:01","slug":"jahresrueckblick-auf-den-lehrstellenmarkt-2025","status":"publish","type":"post","link":"https:\/\/www.organisator.ch\/it\/human-resources\/2025-12-02\/jahresrueckblick-auf-den-lehrstellenmarkt-2025\/","title":{"rendered":"Retrospettiva annuale sul mercato dei posti di apprendistato 2025"},"content":{"rendered":"<figure id=\"attachment_42428\" aria-describedby=\"caption-attachment-42428\" style=\"width: 680px\" class=\"wp-caption alignnone\"><img loading=\"lazy\" decoding=\"async\" class=\"size-full wp-image-42428\" src=\"https:\/\/www.organisator.ch\/wp-content\/uploads\/2025\/12\/Jahresrueckblick-auf-den-Lehrstellenmarkt-2025-1_Organisator.jpg\" alt=\"\" width=\"680\" height=\"453\" srcset=\"https:\/\/www.organisator.ch\/wp-content\/uploads\/2025\/12\/Jahresrueckblick-auf-den-Lehrstellenmarkt-2025-1_Organisator.jpg 680w, https:\/\/www.organisator.ch\/wp-content\/uploads\/2025\/12\/Jahresrueckblick-auf-den-Lehrstellenmarkt-2025-1_Organisator-18x12.jpg 18w, https:\/\/www.organisator.ch\/wp-content\/uploads\/2025\/12\/Jahresrueckblick-auf-den-Lehrstellenmarkt-2025-1_Organisator-375x250.jpg 375w, https:\/\/www.organisator.ch\/wp-content\/uploads\/2025\/12\/Jahresrueckblick-auf-den-Lehrstellenmarkt-2025-1_Organisator-525x350.jpg 525w\" sizes=\"auto, (max-width: 680px) 100vw, 680px\" \/><figcaption id=\"caption-attachment-42428\" class=\"wp-caption-text\">Giovani alla ricerca di un posto di apprendistato: nella seconda met\u00e0 del 2025, la professione pi\u00f9 ricercata era quella di Interactive Media Designer AFC. (Immagine: Brooke Cagle \/ Unsplash.com)<\/figcaption><\/figure>\n<p>Secondo l'Ufficio federale di statistica, dall'inizio delle vacanze estive ben 93 000 giovani stanno frequentando l'ultimo anno di scuola dell'obbligo e sono nel pieno del processo di candidatura per un posto di tirocinio.<\/p>\n<h3><strong>Numero di candidature online e posti di apprendistato disponibili<\/strong><\/h3>\n<p>Dalle vacanze estive molti giovani sono attivamente alla ricerca di un posto di tirocinio. Tra agosto e dicembre 2025 sono state inviate 149 831 candidature online tramite il portale della formazione professionale yousty.ch. La maggior parte delle candidature \u00e8 stata inviata per le professioni di impiegato\/a di commercio AFC, logista AFC (nuovo nella top 3) e specialista del commercio al dettaglio AFC (nuovo nella top 3). Ci\u00f2 ha fatto s\u00ec che le professioni di informatico AFC e specialista di farmacia AFC siano state scalzate dalla top 3 dello scorso anno.<\/p>\n<h3><strong>Professioni con il maggior numero di posti di apprendistato disponibili per il 2026<\/strong><\/h3>\n<figure id=\"attachment_42427\" aria-describedby=\"caption-attachment-42427\" style=\"width: 680px\" class=\"wp-caption alignnone\"><img loading=\"lazy\" decoding=\"async\" class=\"size-full wp-image-42427\" src=\"https:\/\/www.organisator.ch\/wp-content\/uploads\/2025\/12\/Jahresrueckblick-auf-den-Lehrstellenmarkt-2025_Organisator.jpg\" alt=\"\" width=\"680\" height=\"328\" srcset=\"https:\/\/www.organisator.ch\/wp-content\/uploads\/2025\/12\/Jahresrueckblick-auf-den-Lehrstellenmarkt-2025_Organisator.jpg 680w, https:\/\/www.organisator.ch\/wp-content\/uploads\/2025\/12\/Jahresrueckblick-auf-den-Lehrstellenmarkt-2025_Organisator-18x9.jpg 18w, https:\/\/www.organisator.ch\/wp-content\/uploads\/2025\/12\/Jahresrueckblick-auf-den-Lehrstellenmarkt-2025_Organisator-375x181.jpg 375w\" sizes=\"auto, (max-width: 680px) 100vw, 680px\" \/><figcaption id=\"caption-attachment-42427\" class=\"wp-caption-text\">Le 10 professioni con il maggior numero di posti di apprendistato disponibili per il 2026 (aggiornato al 01.12.2025, fonte: Yousty.ch)<\/figcaption><\/figure>\n<p>Questi dati dimostrano chiaramente che per l'inizio dell'apprendistato nel 2026 ci sono ancora molti posti di apprendistato disponibili in diverse professioni e settori. L'esperienza dimostra che molti posti di apprendistato vengono pubblicati solo nel corso dell'anno, ovvero vengono offerti per la prima volta solo nel nuovo anno.<\/p>\n<h3><strong>Altro fatto<\/strong><\/h3>\n<p>I posti di tirocinio pi\u00f9 contesi (non sono state prese in considerazione le professioni con meno di 25 profili di tirocinio) su yousty.ch (clic di candidatura per posto di tirocinio) da agosto a dicembre sono stati quelli di Interactive Media Designer\/in EFZ, con una media di 122 clic di candidatura per posto di tirocinio. Seguono i posti di apprendistato per mediamatico AFC con 116 e quelli per grafico con 94 clic di candidatura per posto di apprendistato.\u00a0<\/p>\n<p><em>Fonte: <a href=\"http:\/\/www.yousty.ch\">yousty.ch<\/a><\/em><\/p>","protected":false},"excerpt":{"rendered":"<p>Uno sguardo al mercato dei posti di tirocinio nel 2025 mostra chiaramente che i giovani continuano a cercare attivamente un posto di tirocinio. Da agosto a dicembre 2025 sono state inviate 149 831 candidature online tramite yousty.ch. Tuttavia, ci sono ancora molti posti di tirocinio disponibili per l'estate 2026, soprattutto nel commercio al dettaglio, nel settore commerciale e come operatore\/operatrice della salute AFC.<\/p>","protected":false},"author":4,"featured_media":42428,"comment_status":"closed","ping_status":"closed","sticky":false,"template":"","format":"standard","meta":{"_acf_changed":false,"_yoast_wpseo_focuskw":"Lehrstellenmarkt","_yoast_wpseo_metadesc":"Ein R\u00fcckblick auf den Lehrstellenmarkt im Jahr 2025 macht deutlich: Jugendliche sind weiterhin aktiv auf Lehrstellensuche.","articlekey":"","footnotes":""},"categories":[579],"tags":[62,254,3336],"class_list":["post-42426","post","type-post","status-publish","format-standard","has-post-thumbnail","hentry","category-human-resources","tag-aus-weiterbildung","tag-hrm","tag-lehrstellen"],"acf":[],"yoast_head":"<!-- This site is optimized with the Yoast SEO plugin v27.5 - https:\/\/yoast.com\/product\/yoast-seo-wordpress\/ -->\n<title>Jahresr\u00fcckblick auf den Lehrstellenmarkt 2025 - Organisator<\/title>\n<meta name=\"description\" content=\"Ein R\u00fcckblick auf den Lehrstellenmarkt im Jahr 2025 macht deutlich: Jugendliche sind weiterhin aktiv auf Lehrstellensuche.\" \/>\n<meta name=\"robots\" content=\"index, follow, max-snippet:-1, max-image-preview:large, max-video-preview:-1\" \/>\n<link rel=\"canonical\" href=\"https:\/\/www.organisator.ch\/it\/risorse-umane\/2025-12-02\/jahresrueckblick-auf-den-lehrstellenmarkt-2025\/\" \/>\n<meta property=\"og:locale\" content=\"it_IT\" \/>\n<meta property=\"og:type\" content=\"article\" \/>\n<meta property=\"og:title\" content=\"Jahresr\u00fcckblick auf den Lehrstellenmarkt 2025\" \/>\n<meta property=\"og:description\" content=\"Ein R\u00fcckblick auf den Lehrstellenmarkt im Jahr 2025 macht deutlich: Jugendliche sind weiterhin aktiv auf Lehrstellensuche.\" \/>\n<meta property=\"og:url\" content=\"https:\/\/www.organisator.ch\/it\/risorse-umane\/2025-12-02\/jahresrueckblick-auf-den-lehrstellenmarkt-2025\/\" \/>\n<meta property=\"og:site_name\" content=\"Organisator\" \/>\n<meta property=\"article:publisher\" content=\"https:\/\/www.facebook.com\/OrganisatorFachmagazin\" \/>\n<meta property=\"article:published_time\" content=\"2025-12-02T11:01:01+00:00\" \/>\n<meta property=\"og:image\" content=\"https:\/\/www.organisator.ch\/wp-content\/uploads\/2025\/12\/Jahresrueckblick-auf-den-Lehrstellenmarkt-2025-1_Organisator.jpg\" \/>\n\t<meta property=\"og:image:width\" content=\"680\" \/>\n\t<meta property=\"og:image:height\" content=\"453\" \/>\n\t<meta property=\"og:image:type\" content=\"image\/jpeg\" \/>\n<meta name=\"author\" content=\"thomas.berner\" \/>\n<meta name=\"twitter:card\" content=\"summary_large_image\" \/>\n<meta name=\"twitter:title\" content=\"#Jahresr\u00fcckblick auf den #Lehrstellenmarkt 2025\" \/>\n<meta name=\"twitter:description\" content=\"Ein R\u00fcckblick auf den #Lehrstellenmarkt im Jahr 2025 macht deutlich: Jugendliche sind weiterhin aktiv auf #Lehrstellensuche.\" \/>\n<meta name=\"twitter:image\" content=\"https:\/\/www.organisator.ch\/wp-content\/uploads\/2025\/12\/Jahresrueckblick-auf-den-Lehrstellenmarkt-2025-1_Organisator.jpg\" \/>\n<script type=\"application\/ld+json\" class=\"yoast-schema-graph\">{\"@context\":\"https:\\\/\\\/schema.org\",\"@graph\":[{\"@type\":\"Article\",\"@id\":\"https:\\\/\\\/www.organisator.ch\\\/human-resources\\\/2025-12-02\\\/jahresrueckblick-auf-den-lehrstellenmarkt-2025\\\/#article\",\"isPartOf\":{\"@id\":\"https:\\\/\\\/www.organisator.ch\\\/human-resources\\\/2025-12-02\\\/jahresrueckblick-auf-den-lehrstellenmarkt-2025\\\/\"},\"author\":{\"name\":\"thomas.berner\",\"@id\":\"https:\\\/\\\/www.organisator.ch\\\/#\\\/schema\\\/person\\\/6f650f90b2842cd4c0cc334b4e36f67e\"},\"headline\":\"Jahresr\u00fcckblick auf den Lehrstellenmarkt 2025\",\"datePublished\":\"2025-12-02T11:01:01+00:00\",\"mainEntityOfPage\":{\"@id\":\"https:\\\/\\\/www.organisator.ch\\\/human-resources\\\/2025-12-02\\\/jahresrueckblick-auf-den-lehrstellenmarkt-2025\\\/\"},\"wordCount\":271,\"publisher\":{\"@id\":\"https:\\\/\\\/www.organisator.ch\\\/#organization\"},\"image\":{\"@id\":\"https:\\\/\\\/www.organisator.ch\\\/human-resources\\\/2025-12-02\\\/jahresrueckblick-auf-den-lehrstellenmarkt-2025\\\/#primaryimage\"},\"thumbnailUrl\":\"https:\\\/\\\/www.organisator.ch\\\/wp-content\\\/uploads\\\/2025\\\/12\\\/Jahresrueckblick-auf-den-Lehrstellenmarkt-2025-1_Organisator.jpg\",\"keywords\":[\"Aus-\\\/Weiterbildung\",\"HRM\",\"Lehrstellen\"],\"articleSection\":[\"HUMAN RESOURCES\"],\"inLanguage\":\"it-IT\"},{\"@type\":\"WebPage\",\"@id\":\"https:\\\/\\\/www.organisator.ch\\\/human-resources\\\/2025-12-02\\\/jahresrueckblick-auf-den-lehrstellenmarkt-2025\\\/\",\"url\":\"https:\\\/\\\/www.organisator.ch\\\/human-resources\\\/2025-12-02\\\/jahresrueckblick-auf-den-lehrstellenmarkt-2025\\\/\",\"name\":\"Jahresr\u00fcckblick auf den Lehrstellenmarkt 2025 - Organisator\",\"isPartOf\":{\"@id\":\"https:\\\/\\\/www.organisator.ch\\\/#website\"},\"primaryImageOfPage\":{\"@id\":\"https:\\\/\\\/www.organisator.ch\\\/human-resources\\\/2025-12-02\\\/jahresrueckblick-auf-den-lehrstellenmarkt-2025\\\/#primaryimage\"},\"image\":{\"@id\":\"https:\\\/\\\/www.organisator.ch\\\/human-resources\\\/2025-12-02\\\/jahresrueckblick-auf-den-lehrstellenmarkt-2025\\\/#primaryimage\"},\"thumbnailUrl\":\"https:\\\/\\\/www.organisator.ch\\\/wp-content\\\/uploads\\\/2025\\\/12\\\/Jahresrueckblick-auf-den-Lehrstellenmarkt-2025-1_Organisator.jpg\",\"datePublished\":\"2025-12-02T11:01:01+00:00\",\"description\":\"Ein R\u00fcckblick auf den Lehrstellenmarkt im Jahr 2025 macht deutlich: Jugendliche sind weiterhin aktiv auf Lehrstellensuche.\",\"breadcrumb\":{\"@id\":\"https:\\\/\\\/www.organisator.ch\\\/human-resources\\\/2025-12-02\\\/jahresrueckblick-auf-den-lehrstellenmarkt-2025\\\/#breadcrumb\"},\"inLanguage\":\"it-IT\",\"potentialAction\":[{\"@type\":\"ReadAction\",\"target\":[\"https:\\\/\\\/www.organisator.ch\\\/human-resources\\\/2025-12-02\\\/jahresrueckblick-auf-den-lehrstellenmarkt-2025\\\/\"]}]},{\"@type\":\"ImageObject\",\"inLanguage\":\"it-IT\",\"@id\":\"https:\\\/\\\/www.organisator.ch\\\/human-resources\\\/2025-12-02\\\/jahresrueckblick-auf-den-lehrstellenmarkt-2025\\\/#primaryimage\",\"url\":\"https:\\\/\\\/www.organisator.ch\\\/wp-content\\\/uploads\\\/2025\\\/12\\\/Jahresrueckblick-auf-den-Lehrstellenmarkt-2025-1_Organisator.jpg\",\"contentUrl\":\"https:\\\/\\\/www.organisator.ch\\\/wp-content\\\/uploads\\\/2025\\\/12\\\/Jahresrueckblick-auf-den-Lehrstellenmarkt-2025-1_Organisator.jpg\",\"width\":680,\"height\":453,\"caption\":\"Jugendliche auf Lehrstellen-Suche: In der zweiten Jahresh\u00e4lfte 2025 gab es f\u00fcr Interactive Media Designer\\\/in EFZ die meisten Bewerber:innen. (Bild: Brooke Cagle \\\/ Unsplash.com)\"},{\"@type\":\"BreadcrumbList\",\"@id\":\"https:\\\/\\\/www.organisator.ch\\\/human-resources\\\/2025-12-02\\\/jahresrueckblick-auf-den-lehrstellenmarkt-2025\\\/#breadcrumb\",\"itemListElement\":[{\"@type\":\"ListItem\",\"position\":1,\"name\":\"Home\",\"item\":\"https:\\\/\\\/www.organisator.ch\\\/\"},{\"@type\":\"ListItem\",\"position\":2,\"name\":\"Jahresr\u00fcckblick auf den Lehrstellenmarkt 2025\"}]},{\"@type\":\"WebSite\",\"@id\":\"https:\\\/\\\/www.organisator.ch\\\/#website\",\"url\":\"https:\\\/\\\/www.organisator.ch\\\/\",\"name\":\"Organisator\",\"description\":\"Kompetent. Praxisnah. Der ORGANISATOR bereitet in 10 Ausgaben pro Jahr die wesentlichen Themen f\u00fcr F\u00fchrungskr\u00e4fte von KMU auf.\",\"publisher\":{\"@id\":\"https:\\\/\\\/www.organisator.ch\\\/#organization\"},\"potentialAction\":[{\"@type\":\"SearchAction\",\"target\":{\"@type\":\"EntryPoint\",\"urlTemplate\":\"https:\\\/\\\/www.organisator.ch\\\/?s={search_term_string}\"},\"query-input\":{\"@type\":\"PropertyValueSpecification\",\"valueRequired\":true,\"valueName\":\"search_term_string\"}}],\"inLanguage\":\"it-IT\"},{\"@type\":\"Organization\",\"@id\":\"https:\\\/\\\/www.organisator.ch\\\/#organization\",\"name\":\"Organisator\",\"url\":\"https:\\\/\\\/www.organisator.ch\\\/\",\"logo\":{\"@type\":\"ImageObject\",\"inLanguage\":\"it-IT\",\"@id\":\"https:\\\/\\\/www.organisator.ch\\\/#\\\/schema\\\/logo\\\/image\\\/\",\"url\":\"https:\\\/\\\/www.organisator.ch\\\/wp-content\\\/uploads\\\/2022\\\/01\\\/Logo_Organisator_Website.png\",\"contentUrl\":\"https:\\\/\\\/www.organisator.ch\\\/wp-content\\\/uploads\\\/2022\\\/01\\\/Logo_Organisator_Website.png\",\"width\":800,\"height\":77,\"caption\":\"Organisator\"},\"image\":{\"@id\":\"https:\\\/\\\/www.organisator.ch\\\/#\\\/schema\\\/logo\\\/image\\\/\"},\"sameAs\":[\"https:\\\/\\\/www.facebook.com\\\/OrganisatorFachmagazin\",\"https:\\\/\\\/www.linkedin.com\\\/showcase\\\/organisator-das-magazin-fr-kmu\",\"https:\\\/\\\/www.xing.com\\\/news\\\/pages\\\/organisator-ch-695\",\"https:\\\/\\\/www.youtube.com\\\/channel\\\/UCGP2Sq0iWaZwT3BdIAQFYpw\"]},{\"@type\":\"Person\",\"@id\":\"https:\\\/\\\/www.organisator.ch\\\/#\\\/schema\\\/person\\\/6f650f90b2842cd4c0cc334b4e36f67e\",\"name\":\"thomas.berner\",\"image\":{\"@type\":\"ImageObject\",\"inLanguage\":\"it-IT\",\"@id\":\"https:\\\/\\\/secure.gravatar.com\\\/avatar\\\/ac5001d2a36cb6c6cd3e50789007ffca834b477b74a2144564522e944eabff61?s=96&d=mm&r=g\",\"url\":\"https:\\\/\\\/secure.gravatar.com\\\/avatar\\\/ac5001d2a36cb6c6cd3e50789007ffca834b477b74a2144564522e944eabff61?s=96&d=mm&r=g\",\"contentUrl\":\"https:\\\/\\\/secure.gravatar.com\\\/avatar\\\/ac5001d2a36cb6c6cd3e50789007ffca834b477b74a2144564522e944eabff61?s=96&d=mm&r=g\",\"caption\":\"thomas.berner\"},\"url\":\"https:\\\/\\\/www.organisator.ch\\\/it\\\/author\\\/thomas-berner\\\/\"}]}<\/script>\n<!-- \/ Yoast SEO plugin. -->","yoast_head_json":{"title":"Retrospettiva annuale sul mercato dei posti di apprendistato 2025 - Organizzatore","description":"Uno sguardo al mercato dei posti di apprendistato nel 2025 mostra chiaramente che i giovani continuano a cercare attivamente un posto di apprendistato.","robots":{"index":"index","follow":"follow","max-snippet":"max-snippet:-1","max-image-preview":"max-image-preview:large","max-video-preview":"max-video-preview:-1"},"canonical":"https:\/\/www.organisator.ch\/it\/risorse-umane\/2025-12-02\/jahresrueckblick-auf-den-lehrstellenmarkt-2025\/","og_locale":"it_IT","og_type":"article","og_title":"Jahresr\u00fcckblick auf den Lehrstellenmarkt 2025","og_description":"Ein R\u00fcckblick auf den Lehrstellenmarkt im Jahr 2025 macht deutlich: Jugendliche sind weiterhin aktiv auf Lehrstellensuche.","og_url":"https:\/\/www.organisator.ch\/it\/risorse-umane\/2025-12-02\/jahresrueckblick-auf-den-lehrstellenmarkt-2025\/","og_site_name":"Organisator","article_publisher":"https:\/\/www.facebook.com\/OrganisatorFachmagazin","article_published_time":"2025-12-02T11:01:01+00:00","og_image":[{"width":680,"height":453,"url":"https:\/\/www.organisator.ch\/wp-content\/uploads\/2025\/12\/Jahresrueckblick-auf-den-Lehrstellenmarkt-2025-1_Organisator.jpg","type":"image\/jpeg"}],"author":"thomas.berner","twitter_card":"summary_large_image","twitter_title":"#Jahresr\u00fcckblick auf den #Lehrstellenmarkt 2025","twitter_description":"Ein R\u00fcckblick auf den #Lehrstellenmarkt im Jahr 2025 macht deutlich: Jugendliche sind weiterhin aktiv auf #Lehrstellensuche.","twitter_image":"https:\/\/www.organisator.ch\/wp-content\/uploads\/2025\/12\/Jahresrueckblick-auf-den-Lehrstellenmarkt-2025-1_Organisator.jpg","schema":{"@context":"https:\/\/schema.org","@graph":[{"@type":"Article","@id":"https:\/\/www.organisator.ch\/human-resources\/2025-12-02\/jahresrueckblick-auf-den-lehrstellenmarkt-2025\/#article","isPartOf":{"@id":"https:\/\/www.organisator.ch\/human-resources\/2025-12-02\/jahresrueckblick-auf-den-lehrstellenmarkt-2025\/"},"author":{"name":"thomas.berner","@id":"https:\/\/www.organisator.ch\/#\/schema\/person\/6f650f90b2842cd4c0cc334b4e36f67e"},"headline":"Jahresr\u00fcckblick auf den Lehrstellenmarkt 2025","datePublished":"2025-12-02T11:01:01+00:00","mainEntityOfPage":{"@id":"https:\/\/www.organisator.ch\/human-resources\/2025-12-02\/jahresrueckblick-auf-den-lehrstellenmarkt-2025\/"},"wordCount":271,"publisher":{"@id":"https:\/\/www.organisator.ch\/#organization"},"image":{"@id":"https:\/\/www.organisator.ch\/human-resources\/2025-12-02\/jahresrueckblick-auf-den-lehrstellenmarkt-2025\/#primaryimage"},"thumbnailUrl":"https:\/\/www.organisator.ch\/wp-content\/uploads\/2025\/12\/Jahresrueckblick-auf-den-Lehrstellenmarkt-2025-1_Organisator.jpg","keywords":["Aus-\/Weiterbildung","HRM","Lehrstellen"],"articleSection":["HUMAN RESOURCES"],"inLanguage":"it-IT"},{"@type":"WebPage","@id":"https:\/\/www.organisator.ch\/human-resources\/2025-12-02\/jahresrueckblick-auf-den-lehrstellenmarkt-2025\/","url":"https:\/\/www.organisator.ch\/human-resources\/2025-12-02\/jahresrueckblick-auf-den-lehrstellenmarkt-2025\/","name":"Retrospettiva annuale sul mercato dei posti di apprendistato 2025 - Organizzatore","isPartOf":{"@id":"https:\/\/www.organisator.ch\/#website"},"primaryImageOfPage":{"@id":"https:\/\/www.organisator.ch\/human-resources\/2025-12-02\/jahresrueckblick-auf-den-lehrstellenmarkt-2025\/#primaryimage"},"image":{"@id":"https:\/\/www.organisator.ch\/human-resources\/2025-12-02\/jahresrueckblick-auf-den-lehrstellenmarkt-2025\/#primaryimage"},"thumbnailUrl":"https:\/\/www.organisator.ch\/wp-content\/uploads\/2025\/12\/Jahresrueckblick-auf-den-Lehrstellenmarkt-2025-1_Organisator.jpg","datePublished":"2025-12-02T11:01:01+00:00","description":"Uno sguardo al mercato dei posti di apprendistato nel 2025 mostra chiaramente che i giovani continuano a cercare attivamente un posto di apprendistato.","breadcrumb":{"@id":"https:\/\/www.organisator.ch\/human-resources\/2025-12-02\/jahresrueckblick-auf-den-lehrstellenmarkt-2025\/#breadcrumb"},"inLanguage":"it-IT","potentialAction":[{"@type":"ReadAction","target":["https:\/\/www.organisator.ch\/human-resources\/2025-12-02\/jahresrueckblick-auf-den-lehrstellenmarkt-2025\/"]}]},{"@type":"ImageObject","inLanguage":"it-IT","@id":"https:\/\/www.organisator.ch\/human-resources\/2025-12-02\/jahresrueckblick-auf-den-lehrstellenmarkt-2025\/#primaryimage","url":"https:\/\/www.organisator.ch\/wp-content\/uploads\/2025\/12\/Jahresrueckblick-auf-den-Lehrstellenmarkt-2025-1_Organisator.jpg","contentUrl":"https:\/\/www.organisator.ch\/wp-content\/uploads\/2025\/12\/Jahresrueckblick-auf-den-Lehrstellenmarkt-2025-1_Organisator.jpg","width":680,"height":453,"caption":"Jugendliche auf Lehrstellen-Suche: In der zweiten Jahresh\u00e4lfte 2025 gab es f\u00fcr Interactive Media Designer\/in EFZ die meisten Bewerber:innen. (Bild: Brooke Cagle \/ Unsplash.com)"},{"@type":"BreadcrumbList","@id":"https:\/\/www.organisator.ch\/human-resources\/2025-12-02\/jahresrueckblick-auf-den-lehrstellenmarkt-2025\/#breadcrumb","itemListElement":[{"@type":"ListItem","position":1,"name":"Home","item":"https:\/\/www.organisator.ch\/"},{"@type":"ListItem","position":2,"name":"Jahresr\u00fcckblick auf den Lehrstellenmarkt 2025"}]},{"@type":"WebSite","@id":"https:\/\/www.organisator.ch\/#website","url":"https:\/\/www.organisator.ch\/","name":"Organizzatore","description":"Competente. Pratico. In 10 numeri all'anno, ORGANISATOR presenta i temi essenziali per i manager delle PMI.","publisher":{"@id":"https:\/\/www.organisator.ch\/#organization"},"potentialAction":[{"@type":"SearchAction","target":{"@type":"EntryPoint","urlTemplate":"https:\/\/www.organisator.ch\/?s={search_term_string}"},"query-input":{"@type":"PropertyValueSpecification","valueRequired":true,"valueName":"search_term_string"}}],"inLanguage":"it-IT"},{"@type":"Organization","@id":"https:\/\/www.organisator.ch\/#organization","name":"Organizzatore","url":"https:\/\/www.organisator.ch\/","logo":{"@type":"ImageObject","inLanguage":"it-IT","@id":"https:\/\/www.organisator.ch\/#\/schema\/logo\/image\/","url":"https:\/\/www.organisator.ch\/wp-content\/uploads\/2022\/01\/Logo_Organisator_Website.png","contentUrl":"https:\/\/www.organisator.ch\/wp-content\/uploads\/2022\/01\/Logo_Organisator_Website.png","width":800,"height":77,"caption":"Organisator"},"image":{"@id":"https:\/\/www.organisator.ch\/#\/schema\/logo\/image\/"},"sameAs":["https:\/\/www.facebook.com\/OrganisatorFachmagazin","https:\/\/www.linkedin.com\/showcase\/organisator-das-magazin-fr-kmu","https:\/\/www.xing.com\/news\/pages\/organisator-ch-695","https:\/\/www.youtube.com\/channel\/UCGP2Sq0iWaZwT3BdIAQFYpw"]},{"@type":"Person","@id":"https:\/\/www.organisator.ch\/#\/schema\/person\/6f650f90b2842cd4c0cc334b4e36f67e","name":"Tommaso.berner","image":{"@type":"ImageObject","inLanguage":"it-IT","@id":"https:\/\/secure.gravatar.com\/avatar\/ac5001d2a36cb6c6cd3e50789007ffca834b477b74a2144564522e944eabff61?s=96&d=mm&r=g","url":"https:\/\/secure.gravatar.com\/avatar\/ac5001d2a36cb6c6cd3e50789007ffca834b477b74a2144564522e944eabff61?s=96&d=mm&r=g","contentUrl":"https:\/\/secure.gravatar.com\/avatar\/ac5001d2a36cb6c6cd3e50789007ffca834b477b74a2144564522e944eabff61?s=96&d=mm&r=g","caption":"thomas.berner"},"url":"https:\/\/www.organisator.ch\/it\/author\/thomas-berner\/"}]}},"_links":{"self":[{"href":"https:\/\/www.organisator.ch\/it\/wp-json\/wp\/v2\/posts\/42426","targetHints":{"allow":["GET"]}}],"collection":[{"href":"https:\/\/www.organisator.ch\/it\/wp-json\/wp\/v2\/posts"}],"about":[{"href":"https:\/\/www.organisator.ch\/it\/wp-json\/wp\/v2\/types\/post"}],"author":[{"embeddable":true,"href":"https:\/\/www.organisator.ch\/it\/wp-json\/wp\/v2\/users\/4"}],"replies":[{"embeddable":true,"href":"https:\/\/www.organisator.ch\/it\/wp-json\/wp\/v2\/comments?post=42426"}],"version-history":[{"count":2,"href":"https:\/\/www.organisator.ch\/it\/wp-json\/wp\/v2\/posts\/42426\/revisions"}],"predecessor-version":[{"id":42440,"href":"https:\/\/www.organisator.ch\/it\/wp-json\/wp\/v2\/posts\/42426\/revisions\/42440"}],"wp:featuredmedia":[{"embeddable":true,"href":"https:\/\/www.organisator.ch\/it\/wp-json\/wp\/v2\/media\/42428"}],"wp:attachment":[{"href":"https:\/\/www.organisator.ch\/it\/wp-json\/wp\/v2\/media?parent=42426"}],"wp:term":[{"taxonomy":"category","embeddable":true,"href":"https:\/\/www.organisator.ch\/it\/wp-json\/wp\/v2\/categories?post=42426"},{"taxonomy":"post_tag","embeddable":true,"href":"https:\/\/www.organisator.ch\/it\/wp-json\/wp\/v2\/tags?post=42426"}],"curies":[{"name":"wp","href":"https:\/\/api.w.org\/{rel}","templated":true}]}}