{"id":42446,"date":"2025-12-03T05:53:32","date_gmt":"2025-12-03T04:53:32","guid":{"rendered":"https:\/\/www.organisator.ch\/?p=42446"},"modified":"2025-12-02T16:11:14","modified_gmt":"2025-12-02T15:11:14","slug":"funk-gruppe-in-der-schweiz-mit-neuem-fuehrungsteam","status":"publish","type":"post","link":"https:\/\/www.organisator.ch\/it\/management\/2025-12-03\/funk-gruppe-in-der-schweiz-mit-neuem-fuehrungsteam\/","title":{"rendered":"Il gruppo Funk in Svizzera con un nuovo team dirigenziale"},"content":{"rendered":"<figure id=\"attachment_42447\" aria-describedby=\"caption-attachment-42447\" style=\"width: 680px\" class=\"wp-caption alignnone\"><img loading=\"lazy\" decoding=\"async\" class=\"size-full wp-image-42447\" src=\"https:\/\/www.organisator.ch\/wp-content\/uploads\/2025\/12\/Funk-Gruppe-in-der-Schweiz-mit-neuem-Fuehrungsteam_Organisator.jpg\" alt=\"\" width=\"680\" height=\"427\" srcset=\"https:\/\/www.organisator.ch\/wp-content\/uploads\/2025\/12\/Funk-Gruppe-in-der-Schweiz-mit-neuem-Fuehrungsteam_Organisator.jpg 680w, https:\/\/www.organisator.ch\/wp-content\/uploads\/2025\/12\/Funk-Gruppe-in-der-Schweiz-mit-neuem-Fuehrungsteam_Organisator-18x12.jpg 18w, https:\/\/www.organisator.ch\/wp-content\/uploads\/2025\/12\/Funk-Gruppe-in-der-Schweiz-mit-neuem-Fuehrungsteam_Organisator-375x235.jpg 375w, https:\/\/www.organisator.ch\/wp-content\/uploads\/2025\/12\/Funk-Gruppe-in-der-Schweiz-mit-neuem-Fuehrungsteam_Organisator-557x350.jpg 557w\" sizes=\"auto, (max-width: 680px) 100vw, 680px\" \/><figcaption id=\"caption-attachment-42447\" class=\"wp-caption-text\">Cambio al vertice del Gruppo Funk in Svizzera: da sinistra a destra: Marc Rothenb\u00fchler, Urs A. Bleisch, Rafael Fischbach. (Foto: zVg \/ Gruppo Funk)<\/figcaption><\/figure>\n<p>Dopo quindici anni di successi, Urs A. Bleisch ceder\u00e0 la direzione operativa del Gruppo Funk Svizzera a Marc Rothenb\u00fchler il 1\u00b0 gennaio 2026: un passaggio di consegne che testimonia la cultura manageriale sostenibile dell'azienda e che \u00e8 stato preparato con cura.<\/p>\n<h3>Direzione operativa con manager di comprovata esperienza<\/h3>\n<p>Con Marc Rothenb\u00fchler, una personalit\u00e0 che fa parte della famiglia Funk dal 2013 sale alla ribalta. Ha guidato la filiale di Berna per oltre un decennio con un successo impressionante e<br \/>\nIn qualit\u00e0 di membro della direzione aziendale, dal 2022 \u00e8 responsabile della gestione di tutte le filiali. La sua eccellenza professionale e il suo profondo radicamento culturale nell'azienda rendono Rothenb\u00fchler il<br \/>\nLa scelta ideale per la futura direzione operativa, si legge nel comunicato stampa.<\/p>\n<p>Parallelamente, Rafael Fischbach entrer\u00e0 a far parte della direzione composta da quattro membri a partire dal 1\u00b0 gennaio 2026. La sua nomina sottolinea il futuro orientamento digitale e organizzativo.<br \/>\ndell'azienda. Nei suoi quattordici anni presso Funk, Fischbach ha trasformato in modo significativo i settori IT, gestione dei processi e gestione della qualit\u00e0, portandoli a un nuovo livello. Nella sua nuova funzione sar\u00e0 responsabile del settore Servizi, che comprende le competenze chiave per lo sviluppo strategico di Funk: IT, sviluppo aziendale e delle applicazioni, risorse umane, finanze e affari legali.<\/p>\n<p>A partire dal 1\u00b0 gennaio 2026, la direzione del Gruppo Funk in Svizzera sar\u00e0 composta da Marc Rothenb\u00fchler (CEO), Rafael Fischbach (responsabile Servizi), Martin V\u00f6geli (responsabile Internazionale e Settori specialistici) e Rolf Th. Jufer (responsabile Sviluppo del mercato).<\/p>\n<h3>Proseguire lo sviluppo di successo<\/h3>\n<p>Con queste decisioni relative al personale, il Gruppo Funk si ritiene ben posizionato per dare continuit\u00e0 all'era di Urs A. Bleisch, caratterizzata da una crescita organica impressionante e da impulsi strategici, culturali e qualitativi all'avanguardia. In qualit\u00e0 di presidente del consiglio di amministrazione, Bleisch rimarr\u00e0 strettamente legato all'azienda anche in futuro, garantendo continuit\u00e0 ai massimi livelli. Il cambio al vertice del Gruppo Funk pu\u00f2 essere visto come un esempio di come, grazie a una pianificazione lungimirante e allo sviluppo mirato dei talenti interni, sia possibile coniugare continuit\u00e0 e innovazione.<\/p>\n<p><em><a href=\"http:\/\/www.funk-gruppe.ch\">Fonte e ulteriori informazioni<\/a><\/em><\/p>","protected":false},"excerpt":{"rendered":"<p>Il gruppo Funk Svizzera annuncia un cambio generazionale: Marc Rothenb\u00fchler assume la direzione operativa, Rafael Fischbach rafforza la direzione aziendale. Con un nuovo team dirigenziale, il broker assicurativo guarda al futuro.<\/p>","protected":false},"author":4,"featured_media":42447,"comment_status":"closed","ping_status":"closed","sticky":false,"template":"","format":"standard","meta":{"_acf_changed":false,"_yoast_wpseo_focuskw":"Funk Gruppe","_yoast_wpseo_metadesc":"Generationenwechsel bei der Funk Gruppe Schweiz: Marc Rothenb\u00fchler \u00fcbernimmt die operative Leitung, Rafael Fischbach verst\u00e4rkt die GL.","articlekey":"","footnotes":""},"categories":[28],"tags":[335,381,492,3683],"class_list":["post-42446","post","type-post","status-publish","format-standard","has-post-thumbnail","hentry","category-management","tag-management-und-unternehmensfuehrung","tag-personalia","tag-unternehmen","tag-versicherungsbroker"],"acf":[],"yoast_head":"<!-- This site is optimized with the Yoast SEO plugin v27.5 - https:\/\/yoast.com\/product\/yoast-seo-wordpress\/ -->\n<title>Funk Gruppe in der Schweiz mit neuem F\u00fchrungsteam - Organisator<\/title>\n<meta name=\"description\" content=\"Generationenwechsel bei der Funk Gruppe Schweiz: Marc Rothenb\u00fchler \u00fcbernimmt die operative Leitung, Rafael Fischbach verst\u00e4rkt die GL.\" \/>\n<meta name=\"robots\" content=\"index, follow, max-snippet:-1, max-image-preview:large, max-video-preview:-1\" \/>\n<link rel=\"canonical\" href=\"https:\/\/www.organisator.ch\/it\/gestione-2\/2025-12-03\/funk-gruppe-in-der-schweiz-mit-neuem-fuehrungsteam\/\" \/>\n<meta property=\"og:locale\" content=\"it_IT\" \/>\n<meta property=\"og:type\" content=\"article\" \/>\n<meta property=\"og:title\" content=\"Funk Gruppe in der Schweiz mit neuem F\u00fchrungsteam\" \/>\n<meta property=\"og:description\" content=\"Generationenwechsel bei der Funk Gruppe Schweiz: Marc Rothenb\u00fchler \u00fcbernimmt die operative Leitung, Rafael Fischbach verst\u00e4rkt die GL.\" \/>\n<meta property=\"og:url\" content=\"https:\/\/www.organisator.ch\/it\/gestione-2\/2025-12-03\/funk-gruppe-in-der-schweiz-mit-neuem-fuehrungsteam\/\" \/>\n<meta property=\"og:site_name\" content=\"Organisator\" \/>\n<meta property=\"article:publisher\" content=\"https:\/\/www.facebook.com\/OrganisatorFachmagazin\" \/>\n<meta property=\"article:published_time\" content=\"2025-12-03T04:53:32+00:00\" \/>\n<meta property=\"og:image\" content=\"https:\/\/www.organisator.ch\/wp-content\/uploads\/2025\/12\/Funk-Gruppe-in-der-Schweiz-mit-neuem-Fuehrungsteam_Organisator.jpg\" \/>\n\t<meta property=\"og:image:width\" content=\"680\" \/>\n\t<meta property=\"og:image:height\" content=\"427\" \/>\n\t<meta property=\"og:image:type\" content=\"image\/jpeg\" \/>\n<meta name=\"author\" content=\"thomas.berner\" \/>\n<meta name=\"twitter:card\" content=\"summary_large_image\" \/>\n<meta name=\"twitter:title\" content=\"#Funk Gruppe in der Schweiz mit neuem #F\u00fchrungsteam\" \/>\n<meta name=\"twitter:description\" content=\"Generationenwechsel bei der #Funk Gruppe Schweiz: Marc #Rothenb\u00fchler \u00fcbernimmt die operative Leitung, Rafael #Fischbach verst\u00e4rkt die GL.\" \/>\n<meta name=\"twitter:image\" content=\"https:\/\/www.organisator.ch\/wp-content\/uploads\/2025\/12\/Funk-Gruppe-in-der-Schweiz-mit-neuem-Fuehrungsteam_Organisator.jpg\" \/>\n<script type=\"application\/ld+json\" class=\"yoast-schema-graph\">{\"@context\":\"https:\\\/\\\/schema.org\",\"@graph\":[{\"@type\":\"Article\",\"@id\":\"https:\\\/\\\/www.organisator.ch\\\/management\\\/2025-12-03\\\/funk-gruppe-in-der-schweiz-mit-neuem-fuehrungsteam\\\/#article\",\"isPartOf\":{\"@id\":\"https:\\\/\\\/www.organisator.ch\\\/management\\\/2025-12-03\\\/funk-gruppe-in-der-schweiz-mit-neuem-fuehrungsteam\\\/\"},\"author\":{\"name\":\"thomas.berner\",\"@id\":\"https:\\\/\\\/www.organisator.ch\\\/#\\\/schema\\\/person\\\/6f650f90b2842cd4c0cc334b4e36f67e\"},\"headline\":\"Funk Gruppe in der Schweiz mit neuem F\u00fchrungsteam\",\"datePublished\":\"2025-12-03T04:53:32+00:00\",\"mainEntityOfPage\":{\"@id\":\"https:\\\/\\\/www.organisator.ch\\\/management\\\/2025-12-03\\\/funk-gruppe-in-der-schweiz-mit-neuem-fuehrungsteam\\\/\"},\"wordCount\":372,\"publisher\":{\"@id\":\"https:\\\/\\\/www.organisator.ch\\\/#organization\"},\"image\":{\"@id\":\"https:\\\/\\\/www.organisator.ch\\\/management\\\/2025-12-03\\\/funk-gruppe-in-der-schweiz-mit-neuem-fuehrungsteam\\\/#primaryimage\"},\"thumbnailUrl\":\"https:\\\/\\\/www.organisator.ch\\\/wp-content\\\/uploads\\\/2025\\\/12\\\/Funk-Gruppe-in-der-Schweiz-mit-neuem-Fuehrungsteam_Organisator.jpg\",\"keywords\":[\"Management und Unternehmensf\u00fchrung\",\"Personalia\",\"Unternehmen\",\"Versicherungsbroker\"],\"articleSection\":[\"MANAGEMENT\"],\"inLanguage\":\"it-IT\"},{\"@type\":\"WebPage\",\"@id\":\"https:\\\/\\\/www.organisator.ch\\\/management\\\/2025-12-03\\\/funk-gruppe-in-der-schweiz-mit-neuem-fuehrungsteam\\\/\",\"url\":\"https:\\\/\\\/www.organisator.ch\\\/management\\\/2025-12-03\\\/funk-gruppe-in-der-schweiz-mit-neuem-fuehrungsteam\\\/\",\"name\":\"Funk Gruppe in der Schweiz mit neuem F\u00fchrungsteam - Organisator\",\"isPartOf\":{\"@id\":\"https:\\\/\\\/www.organisator.ch\\\/#website\"},\"primaryImageOfPage\":{\"@id\":\"https:\\\/\\\/www.organisator.ch\\\/management\\\/2025-12-03\\\/funk-gruppe-in-der-schweiz-mit-neuem-fuehrungsteam\\\/#primaryimage\"},\"image\":{\"@id\":\"https:\\\/\\\/www.organisator.ch\\\/management\\\/2025-12-03\\\/funk-gruppe-in-der-schweiz-mit-neuem-fuehrungsteam\\\/#primaryimage\"},\"thumbnailUrl\":\"https:\\\/\\\/www.organisator.ch\\\/wp-content\\\/uploads\\\/2025\\\/12\\\/Funk-Gruppe-in-der-Schweiz-mit-neuem-Fuehrungsteam_Organisator.jpg\",\"datePublished\":\"2025-12-03T04:53:32+00:00\",\"description\":\"Generationenwechsel bei der Funk Gruppe Schweiz: Marc Rothenb\u00fchler \u00fcbernimmt die operative Leitung, Rafael Fischbach verst\u00e4rkt die GL.\",\"breadcrumb\":{\"@id\":\"https:\\\/\\\/www.organisator.ch\\\/management\\\/2025-12-03\\\/funk-gruppe-in-der-schweiz-mit-neuem-fuehrungsteam\\\/#breadcrumb\"},\"inLanguage\":\"it-IT\",\"potentialAction\":[{\"@type\":\"ReadAction\",\"target\":[\"https:\\\/\\\/www.organisator.ch\\\/management\\\/2025-12-03\\\/funk-gruppe-in-der-schweiz-mit-neuem-fuehrungsteam\\\/\"]}]},{\"@type\":\"ImageObject\",\"inLanguage\":\"it-IT\",\"@id\":\"https:\\\/\\\/www.organisator.ch\\\/management\\\/2025-12-03\\\/funk-gruppe-in-der-schweiz-mit-neuem-fuehrungsteam\\\/#primaryimage\",\"url\":\"https:\\\/\\\/www.organisator.ch\\\/wp-content\\\/uploads\\\/2025\\\/12\\\/Funk-Gruppe-in-der-Schweiz-mit-neuem-Fuehrungsteam_Organisator.jpg\",\"contentUrl\":\"https:\\\/\\\/www.organisator.ch\\\/wp-content\\\/uploads\\\/2025\\\/12\\\/Funk-Gruppe-in-der-Schweiz-mit-neuem-Fuehrungsteam_Organisator.jpg\",\"width\":680,\"height\":427,\"caption\":\"F\u00fchrungswechsel bei der Funk Gruppe in der Schweiz: v. l. n. r.: Marc Rothenb\u00fchler, Urs A. Bleisch, Rafael Fischbach. (Bild: zVg \\\/ Funk Gruppe)\"},{\"@type\":\"BreadcrumbList\",\"@id\":\"https:\\\/\\\/www.organisator.ch\\\/management\\\/2025-12-03\\\/funk-gruppe-in-der-schweiz-mit-neuem-fuehrungsteam\\\/#breadcrumb\",\"itemListElement\":[{\"@type\":\"ListItem\",\"position\":1,\"name\":\"Home\",\"item\":\"https:\\\/\\\/www.organisator.ch\\\/\"},{\"@type\":\"ListItem\",\"position\":2,\"name\":\"Funk Gruppe in der Schweiz mit neuem F\u00fchrungsteam\"}]},{\"@type\":\"WebSite\",\"@id\":\"https:\\\/\\\/www.organisator.ch\\\/#website\",\"url\":\"https:\\\/\\\/www.organisator.ch\\\/\",\"name\":\"Organisator\",\"description\":\"Kompetent. Praxisnah. Der ORGANISATOR bereitet in 10 Ausgaben pro Jahr die wesentlichen Themen f\u00fcr F\u00fchrungskr\u00e4fte von KMU auf.\",\"publisher\":{\"@id\":\"https:\\\/\\\/www.organisator.ch\\\/#organization\"},\"potentialAction\":[{\"@type\":\"SearchAction\",\"target\":{\"@type\":\"EntryPoint\",\"urlTemplate\":\"https:\\\/\\\/www.organisator.ch\\\/?s={search_term_string}\"},\"query-input\":{\"@type\":\"PropertyValueSpecification\",\"valueRequired\":true,\"valueName\":\"search_term_string\"}}],\"inLanguage\":\"it-IT\"},{\"@type\":\"Organization\",\"@id\":\"https:\\\/\\\/www.organisator.ch\\\/#organization\",\"name\":\"Organisator\",\"url\":\"https:\\\/\\\/www.organisator.ch\\\/\",\"logo\":{\"@type\":\"ImageObject\",\"inLanguage\":\"it-IT\",\"@id\":\"https:\\\/\\\/www.organisator.ch\\\/#\\\/schema\\\/logo\\\/image\\\/\",\"url\":\"https:\\\/\\\/www.organisator.ch\\\/wp-content\\\/uploads\\\/2022\\\/01\\\/Logo_Organisator_Website.png\",\"contentUrl\":\"https:\\\/\\\/www.organisator.ch\\\/wp-content\\\/uploads\\\/2022\\\/01\\\/Logo_Organisator_Website.png\",\"width\":800,\"height\":77,\"caption\":\"Organisator\"},\"image\":{\"@id\":\"https:\\\/\\\/www.organisator.ch\\\/#\\\/schema\\\/logo\\\/image\\\/\"},\"sameAs\":[\"https:\\\/\\\/www.facebook.com\\\/OrganisatorFachmagazin\",\"https:\\\/\\\/www.linkedin.com\\\/showcase\\\/organisator-das-magazin-fr-kmu\",\"https:\\\/\\\/www.xing.com\\\/news\\\/pages\\\/organisator-ch-695\",\"https:\\\/\\\/www.youtube.com\\\/channel\\\/UCGP2Sq0iWaZwT3BdIAQFYpw\"]},{\"@type\":\"Person\",\"@id\":\"https:\\\/\\\/www.organisator.ch\\\/#\\\/schema\\\/person\\\/6f650f90b2842cd4c0cc334b4e36f67e\",\"name\":\"thomas.berner\",\"image\":{\"@type\":\"ImageObject\",\"inLanguage\":\"it-IT\",\"@id\":\"https:\\\/\\\/secure.gravatar.com\\\/avatar\\\/ac5001d2a36cb6c6cd3e50789007ffca834b477b74a2144564522e944eabff61?s=96&d=mm&r=g\",\"url\":\"https:\\\/\\\/secure.gravatar.com\\\/avatar\\\/ac5001d2a36cb6c6cd3e50789007ffca834b477b74a2144564522e944eabff61?s=96&d=mm&r=g\",\"contentUrl\":\"https:\\\/\\\/secure.gravatar.com\\\/avatar\\\/ac5001d2a36cb6c6cd3e50789007ffca834b477b74a2144564522e944eabff61?s=96&d=mm&r=g\",\"caption\":\"thomas.berner\"},\"url\":\"https:\\\/\\\/www.organisator.ch\\\/it\\\/author\\\/thomas-berner\\\/\"}]}<\/script>\n<!-- \/ Yoast SEO plugin. -->","yoast_head_json":{"title":"Il gruppo Funk in Svizzera con un nuovo team dirigenziale - Organizzatore","description":"Cambio generazionale nel Gruppo Funk Svizzera: Marc Rothenb\u00fchler assume la direzione operativa, Rafael Fischbach rafforza la direzione aziendale.","robots":{"index":"index","follow":"follow","max-snippet":"max-snippet:-1","max-image-preview":"max-image-preview:large","max-video-preview":"max-video-preview:-1"},"canonical":"https:\/\/www.organisator.ch\/it\/gestione-2\/2025-12-03\/funk-gruppe-in-der-schweiz-mit-neuem-fuehrungsteam\/","og_locale":"it_IT","og_type":"article","og_title":"Funk Gruppe in der Schweiz mit neuem F\u00fchrungsteam","og_description":"Generationenwechsel bei der Funk Gruppe Schweiz: Marc Rothenb\u00fchler \u00fcbernimmt die operative Leitung, Rafael Fischbach verst\u00e4rkt die GL.","og_url":"https:\/\/www.organisator.ch\/it\/gestione-2\/2025-12-03\/funk-gruppe-in-der-schweiz-mit-neuem-fuehrungsteam\/","og_site_name":"Organisator","article_publisher":"https:\/\/www.facebook.com\/OrganisatorFachmagazin","article_published_time":"2025-12-03T04:53:32+00:00","og_image":[{"width":680,"height":427,"url":"https:\/\/www.organisator.ch\/wp-content\/uploads\/2025\/12\/Funk-Gruppe-in-der-Schweiz-mit-neuem-Fuehrungsteam_Organisator.jpg","type":"image\/jpeg"}],"author":"thomas.berner","twitter_card":"summary_large_image","twitter_title":"#Funk Gruppe in der Schweiz mit neuem #F\u00fchrungsteam","twitter_description":"Generationenwechsel bei der #Funk Gruppe Schweiz: Marc #Rothenb\u00fchler \u00fcbernimmt die operative Leitung, Rafael #Fischbach verst\u00e4rkt die GL.","twitter_image":"https:\/\/www.organisator.ch\/wp-content\/uploads\/2025\/12\/Funk-Gruppe-in-der-Schweiz-mit-neuem-Fuehrungsteam_Organisator.jpg","schema":{"@context":"https:\/\/schema.org","@graph":[{"@type":"Article","@id":"https:\/\/www.organisator.ch\/management\/2025-12-03\/funk-gruppe-in-der-schweiz-mit-neuem-fuehrungsteam\/#article","isPartOf":{"@id":"https:\/\/www.organisator.ch\/management\/2025-12-03\/funk-gruppe-in-der-schweiz-mit-neuem-fuehrungsteam\/"},"author":{"name":"thomas.berner","@id":"https:\/\/www.organisator.ch\/#\/schema\/person\/6f650f90b2842cd4c0cc334b4e36f67e"},"headline":"Funk Gruppe in der Schweiz mit neuem F\u00fchrungsteam","datePublished":"2025-12-03T04:53:32+00:00","mainEntityOfPage":{"@id":"https:\/\/www.organisator.ch\/management\/2025-12-03\/funk-gruppe-in-der-schweiz-mit-neuem-fuehrungsteam\/"},"wordCount":372,"publisher":{"@id":"https:\/\/www.organisator.ch\/#organization"},"image":{"@id":"https:\/\/www.organisator.ch\/management\/2025-12-03\/funk-gruppe-in-der-schweiz-mit-neuem-fuehrungsteam\/#primaryimage"},"thumbnailUrl":"https:\/\/www.organisator.ch\/wp-content\/uploads\/2025\/12\/Funk-Gruppe-in-der-Schweiz-mit-neuem-Fuehrungsteam_Organisator.jpg","keywords":["Management und Unternehmensf\u00fchrung","Personalia","Unternehmen","Versicherungsbroker"],"articleSection":["MANAGEMENT"],"inLanguage":"it-IT"},{"@type":"WebPage","@id":"https:\/\/www.organisator.ch\/management\/2025-12-03\/funk-gruppe-in-der-schweiz-mit-neuem-fuehrungsteam\/","url":"https:\/\/www.organisator.ch\/management\/2025-12-03\/funk-gruppe-in-der-schweiz-mit-neuem-fuehrungsteam\/","name":"Il gruppo Funk in Svizzera con un nuovo team dirigenziale - Organizzatore","isPartOf":{"@id":"https:\/\/www.organisator.ch\/#website"},"primaryImageOfPage":{"@id":"https:\/\/www.organisator.ch\/management\/2025-12-03\/funk-gruppe-in-der-schweiz-mit-neuem-fuehrungsteam\/#primaryimage"},"image":{"@id":"https:\/\/www.organisator.ch\/management\/2025-12-03\/funk-gruppe-in-der-schweiz-mit-neuem-fuehrungsteam\/#primaryimage"},"thumbnailUrl":"https:\/\/www.organisator.ch\/wp-content\/uploads\/2025\/12\/Funk-Gruppe-in-der-Schweiz-mit-neuem-Fuehrungsteam_Organisator.jpg","datePublished":"2025-12-03T04:53:32+00:00","description":"Cambio generazionale nel Gruppo Funk Svizzera: Marc Rothenb\u00fchler assume la direzione operativa, Rafael Fischbach rafforza la direzione aziendale.","breadcrumb":{"@id":"https:\/\/www.organisator.ch\/management\/2025-12-03\/funk-gruppe-in-der-schweiz-mit-neuem-fuehrungsteam\/#breadcrumb"},"inLanguage":"it-IT","potentialAction":[{"@type":"ReadAction","target":["https:\/\/www.organisator.ch\/management\/2025-12-03\/funk-gruppe-in-der-schweiz-mit-neuem-fuehrungsteam\/"]}]},{"@type":"ImageObject","inLanguage":"it-IT","@id":"https:\/\/www.organisator.ch\/management\/2025-12-03\/funk-gruppe-in-der-schweiz-mit-neuem-fuehrungsteam\/#primaryimage","url":"https:\/\/www.organisator.ch\/wp-content\/uploads\/2025\/12\/Funk-Gruppe-in-der-Schweiz-mit-neuem-Fuehrungsteam_Organisator.jpg","contentUrl":"https:\/\/www.organisator.ch\/wp-content\/uploads\/2025\/12\/Funk-Gruppe-in-der-Schweiz-mit-neuem-Fuehrungsteam_Organisator.jpg","width":680,"height":427,"caption":"F\u00fchrungswechsel bei der Funk Gruppe in der Schweiz: v. l. n. r.: Marc Rothenb\u00fchler, Urs A. Bleisch, Rafael Fischbach. (Bild: zVg \/ Funk Gruppe)"},{"@type":"BreadcrumbList","@id":"https:\/\/www.organisator.ch\/management\/2025-12-03\/funk-gruppe-in-der-schweiz-mit-neuem-fuehrungsteam\/#breadcrumb","itemListElement":[{"@type":"ListItem","position":1,"name":"Home","item":"https:\/\/www.organisator.ch\/"},{"@type":"ListItem","position":2,"name":"Funk Gruppe in der Schweiz mit neuem F\u00fchrungsteam"}]},{"@type":"WebSite","@id":"https:\/\/www.organisator.ch\/#website","url":"https:\/\/www.organisator.ch\/","name":"Organizzatore","description":"Competente. Pratico. In 10 numeri all'anno, ORGANISATOR presenta i temi essenziali per i manager delle PMI.","publisher":{"@id":"https:\/\/www.organisator.ch\/#organization"},"potentialAction":[{"@type":"SearchAction","target":{"@type":"EntryPoint","urlTemplate":"https:\/\/www.organisator.ch\/?s={search_term_string}"},"query-input":{"@type":"PropertyValueSpecification","valueRequired":true,"valueName":"search_term_string"}}],"inLanguage":"it-IT"},{"@type":"Organization","@id":"https:\/\/www.organisator.ch\/#organization","name":"Organizzatore","url":"https:\/\/www.organisator.ch\/","logo":{"@type":"ImageObject","inLanguage":"it-IT","@id":"https:\/\/www.organisator.ch\/#\/schema\/logo\/image\/","url":"https:\/\/www.organisator.ch\/wp-content\/uploads\/2022\/01\/Logo_Organisator_Website.png","contentUrl":"https:\/\/www.organisator.ch\/wp-content\/uploads\/2022\/01\/Logo_Organisator_Website.png","width":800,"height":77,"caption":"Organisator"},"image":{"@id":"https:\/\/www.organisator.ch\/#\/schema\/logo\/image\/"},"sameAs":["https:\/\/www.facebook.com\/OrganisatorFachmagazin","https:\/\/www.linkedin.com\/showcase\/organisator-das-magazin-fr-kmu","https:\/\/www.xing.com\/news\/pages\/organisator-ch-695","https:\/\/www.youtube.com\/channel\/UCGP2Sq0iWaZwT3BdIAQFYpw"]},{"@type":"Person","@id":"https:\/\/www.organisator.ch\/#\/schema\/person\/6f650f90b2842cd4c0cc334b4e36f67e","name":"Tommaso.berner","image":{"@type":"ImageObject","inLanguage":"it-IT","@id":"https:\/\/secure.gravatar.com\/avatar\/ac5001d2a36cb6c6cd3e50789007ffca834b477b74a2144564522e944eabff61?s=96&d=mm&r=g","url":"https:\/\/secure.gravatar.com\/avatar\/ac5001d2a36cb6c6cd3e50789007ffca834b477b74a2144564522e944eabff61?s=96&d=mm&r=g","contentUrl":"https:\/\/secure.gravatar.com\/avatar\/ac5001d2a36cb6c6cd3e50789007ffca834b477b74a2144564522e944eabff61?s=96&d=mm&r=g","caption":"thomas.berner"},"url":"https:\/\/www.organisator.ch\/it\/author\/thomas-berner\/"}]}},"_links":{"self":[{"href":"https:\/\/www.organisator.ch\/it\/wp-json\/wp\/v2\/posts\/42446","targetHints":{"allow":["GET"]}}],"collection":[{"href":"https:\/\/www.organisator.ch\/it\/wp-json\/wp\/v2\/posts"}],"about":[{"href":"https:\/\/www.organisator.ch\/it\/wp-json\/wp\/v2\/types\/post"}],"author":[{"embeddable":true,"href":"https:\/\/www.organisator.ch\/it\/wp-json\/wp\/v2\/users\/4"}],"replies":[{"embeddable":true,"href":"https:\/\/www.organisator.ch\/it\/wp-json\/wp\/v2\/comments?post=42446"}],"version-history":[{"count":1,"href":"https:\/\/www.organisator.ch\/it\/wp-json\/wp\/v2\/posts\/42446\/revisions"}],"predecessor-version":[{"id":42448,"href":"https:\/\/www.organisator.ch\/it\/wp-json\/wp\/v2\/posts\/42446\/revisions\/42448"}],"wp:featuredmedia":[{"embeddable":true,"href":"https:\/\/www.organisator.ch\/it\/wp-json\/wp\/v2\/media\/42447"}],"wp:attachment":[{"href":"https:\/\/www.organisator.ch\/it\/wp-json\/wp\/v2\/media?parent=42446"}],"wp:term":[{"taxonomy":"category","embeddable":true,"href":"https:\/\/www.organisator.ch\/it\/wp-json\/wp\/v2\/categories?post=42446"},{"taxonomy":"post_tag","embeddable":true,"href":"https:\/\/www.organisator.ch\/it\/wp-json\/wp\/v2\/tags?post=42446"}],"curies":[{"name":"wp","href":"https:\/\/api.w.org\/{rel}","templated":true}]}}