{"id":42504,"date":"2025-12-04T21:56:51","date_gmt":"2025-12-04T20:56:51","guid":{"rendered":"https:\/\/www.organisator.ch\/de\/?p=42504"},"modified":"2025-12-03T11:12:27","modified_gmt":"2025-12-03T10:12:27","slug":"mit-65-jahren-ist-noch-lange-nicht-schluss","status":"publish","type":"post","link":"https:\/\/www.organisator.ch\/it\/human-resources\/2025-12-04\/mit-65-jahren-ist-noch-lange-nicht-schluss\/","title":{"rendered":"A 65 anni non \u00e8 ancora finita"},"content":{"rendered":"<div class=\"swpm-post-not-logged-in-msg\">Devi eseguire l&#039;accesso per visualizzare questo contenuto. Avrete bisogno di <a class=\"swpm-login-link\" href=\"https:\/\/www.organisator.ch\/login\/\">Accedi<\/a>. Non sei un membro? <a href=\"https:\/\/www.organisator.ch\/shop\/\">Registrati<\/a><\/div>","protected":false},"excerpt":{"rendered":"<p>Lavorare dopo il raggiungimento dell'et\u00e0 pensionabile comporta vantaggi sia per le aziende che per i collaboratori. Due esempi pratici dimostrano che l'atteggiamento e il sostegno del datore di lavoro, nonch\u00e9 la motivazione individuale dei lavoratori over 65, sono fattori determinanti per garantire esperienze positive.<\/p>","protected":false},"author":1,"featured_media":42502,"comment_status":"closed","ping_status":"closed","sticky":false,"template":"","format":"standard","meta":{"_acf_changed":false,"_yoast_wpseo_focuskw":"65 Jahre","_yoast_wpseo_metadesc":"Die Erwerbst\u00e4tigkeit im Rentenalter bringt Vorteile f\u00fcr Unternehmen und Mitarbeitende. Zwei Beispiele aus der Praxis.","articlekey":"186150","footnotes":""},"categories":[578,579],"tags":[5709,254,4910,492],"class_list":["post-42504","post","type-post","status-publish","format-standard","has-post-thumbnail","hentry","category-abo","category-human-resources","tag-50plus","tag-hrm","tag-pensionierung","tag-unternehmen"],"acf":[],"yoast_head":"<!-- This site is optimized with the Yoast SEO plugin v27.5 - https:\/\/yoast.com\/product\/yoast-seo-wordpress\/ -->\n<title>Mit 65 Jahren ist noch lange nicht Schluss - Organisator<\/title>\n<meta name=\"description\" content=\"Die Erwerbst\u00e4tigkeit im Rentenalter bringt Vorteile f\u00fcr Unternehmen und Mitarbeitende. Zwei Beispiele aus der Praxis.\" \/>\n<meta name=\"robots\" content=\"index, follow, max-snippet:-1, max-image-preview:large, max-video-preview:-1\" \/>\n<link rel=\"canonical\" href=\"https:\/\/www.organisator.ch\/it\/risorse-umane\/2025-12-04\/mit-65-jahren-ist-noch-lange-nicht-schluss\/\" \/>\n<meta property=\"og:locale\" content=\"it_IT\" \/>\n<meta property=\"og:type\" content=\"article\" \/>\n<meta property=\"og:title\" content=\"Mit 65 Jahren ist noch lange nicht Schluss - Organisator\" \/>\n<meta property=\"og:description\" content=\"Die Erwerbst\u00e4tigkeit im Rentenalter bringt Vorteile f\u00fcr Unternehmen und Mitarbeitende. Zwei Beispiele aus der Praxis.\" \/>\n<meta property=\"og:url\" content=\"https:\/\/www.organisator.ch\/it\/risorse-umane\/2025-12-04\/mit-65-jahren-ist-noch-lange-nicht-schluss\/\" \/>\n<meta property=\"og:site_name\" content=\"Organisator\" \/>\n<meta property=\"article:publisher\" content=\"https:\/\/www.facebook.com\/OrganisatorFachmagazin\" \/>\n<meta property=\"article:published_time\" content=\"2025-12-04T20:56:51+00:00\" \/>\n<meta property=\"og:image\" content=\"https:\/\/www.organisator.ch\/wp-content\/uploads\/2025\/12\/HRM_Auftakt_Bild2_organisator_186179-scaled-e1764756455239.jpg\" \/>\n\t<meta property=\"og:image:width\" content=\"1043\" \/>\n\t<meta property=\"og:image:height\" content=\"720\" \/>\n\t<meta property=\"og:image:type\" content=\"image\/jpeg\" \/>\n<meta name=\"author\" content=\"admin\" \/>\n<meta name=\"twitter:card\" content=\"summary_large_image\" \/>\n<script type=\"application\/ld+json\" class=\"yoast-schema-graph\">{\"@context\":\"https:\\\/\\\/schema.org\",\"@graph\":[{\"@type\":\"Article\",\"@id\":\"https:\\\/\\\/www.organisator.ch\\\/human-resources\\\/2025-12-04\\\/mit-65-jahren-ist-noch-lange-nicht-schluss\\\/#article\",\"isPartOf\":{\"@id\":\"https:\\\/\\\/www.organisator.ch\\\/human-resources\\\/2025-12-04\\\/mit-65-jahren-ist-noch-lange-nicht-schluss\\\/\"},\"author\":{\"name\":\"admin\",\"@id\":\"https:\\\/\\\/www.organisator.ch\\\/#\\\/schema\\\/person\\\/aa2bace6c5c5aad60102004a50c4eb1c\"},\"headline\":\"Mit 65 Jahren ist noch lange nicht Schluss\",\"datePublished\":\"2025-12-04T20:56:51+00:00\",\"mainEntityOfPage\":{\"@id\":\"https:\\\/\\\/www.organisator.ch\\\/human-resources\\\/2025-12-04\\\/mit-65-jahren-ist-noch-lange-nicht-schluss\\\/\"},\"wordCount\":1780,\"publisher\":{\"@id\":\"https:\\\/\\\/www.organisator.ch\\\/#organization\"},\"image\":{\"@id\":\"https:\\\/\\\/www.organisator.ch\\\/human-resources\\\/2025-12-04\\\/mit-65-jahren-ist-noch-lange-nicht-schluss\\\/#primaryimage\"},\"thumbnailUrl\":\"https:\\\/\\\/www.organisator.ch\\\/wp-content\\\/uploads\\\/2025\\\/12\\\/HRM_Auftakt_Bild2_organisator_186179-scaled-e1764756455239.jpg\",\"keywords\":[\"50plus\",\"HRM\",\"Pensionierung\",\"Unternehmen\"],\"articleSection\":[\"ABO+\",\"HUMAN RESOURCES\"],\"inLanguage\":\"it-IT\"},{\"@type\":\"WebPage\",\"@id\":\"https:\\\/\\\/www.organisator.ch\\\/human-resources\\\/2025-12-04\\\/mit-65-jahren-ist-noch-lange-nicht-schluss\\\/\",\"url\":\"https:\\\/\\\/www.organisator.ch\\\/human-resources\\\/2025-12-04\\\/mit-65-jahren-ist-noch-lange-nicht-schluss\\\/\",\"name\":\"Mit 65 Jahren ist noch lange nicht Schluss - Organisator\",\"isPartOf\":{\"@id\":\"https:\\\/\\\/www.organisator.ch\\\/#website\"},\"primaryImageOfPage\":{\"@id\":\"https:\\\/\\\/www.organisator.ch\\\/human-resources\\\/2025-12-04\\\/mit-65-jahren-ist-noch-lange-nicht-schluss\\\/#primaryimage\"},\"image\":{\"@id\":\"https:\\\/\\\/www.organisator.ch\\\/human-resources\\\/2025-12-04\\\/mit-65-jahren-ist-noch-lange-nicht-schluss\\\/#primaryimage\"},\"thumbnailUrl\":\"https:\\\/\\\/www.organisator.ch\\\/wp-content\\\/uploads\\\/2025\\\/12\\\/HRM_Auftakt_Bild2_organisator_186179-scaled-e1764756455239.jpg\",\"datePublished\":\"2025-12-04T20:56:51+00:00\",\"description\":\"Die Erwerbst\u00e4tigkeit im Rentenalter bringt Vorteile f\u00fcr Unternehmen und Mitarbeitende. Zwei Beispiele aus der Praxis.\",\"breadcrumb\":{\"@id\":\"https:\\\/\\\/www.organisator.ch\\\/human-resources\\\/2025-12-04\\\/mit-65-jahren-ist-noch-lange-nicht-schluss\\\/#breadcrumb\"},\"inLanguage\":\"it-IT\",\"potentialAction\":[{\"@type\":\"ReadAction\",\"target\":[\"https:\\\/\\\/www.organisator.ch\\\/human-resources\\\/2025-12-04\\\/mit-65-jahren-ist-noch-lange-nicht-schluss\\\/\"]}]},{\"@type\":\"ImageObject\",\"inLanguage\":\"it-IT\",\"@id\":\"https:\\\/\\\/www.organisator.ch\\\/human-resources\\\/2025-12-04\\\/mit-65-jahren-ist-noch-lange-nicht-schluss\\\/#primaryimage\",\"url\":\"https:\\\/\\\/www.organisator.ch\\\/wp-content\\\/uploads\\\/2025\\\/12\\\/HRM_Auftakt_Bild2_organisator_186179-scaled-e1764756455239.jpg\",\"contentUrl\":\"https:\\\/\\\/www.organisator.ch\\\/wp-content\\\/uploads\\\/2025\\\/12\\\/HRM_Auftakt_Bild2_organisator_186179-scaled-e1764756455239.jpg\",\"width\":1043,\"height\":720,\"caption\":\"Hatte auch nach dem Alter von 64 Jahren noch Lust am Weiterarbeiten: Judith Bachmann. Foto: zVg\"},{\"@type\":\"BreadcrumbList\",\"@id\":\"https:\\\/\\\/www.organisator.ch\\\/human-resources\\\/2025-12-04\\\/mit-65-jahren-ist-noch-lange-nicht-schluss\\\/#breadcrumb\",\"itemListElement\":[{\"@type\":\"ListItem\",\"position\":1,\"name\":\"Home\",\"item\":\"https:\\\/\\\/www.organisator.ch\\\/\"},{\"@type\":\"ListItem\",\"position\":2,\"name\":\"Mit 65 Jahren ist noch lange nicht Schluss\"}]},{\"@type\":\"WebSite\",\"@id\":\"https:\\\/\\\/www.organisator.ch\\\/#website\",\"url\":\"https:\\\/\\\/www.organisator.ch\\\/\",\"name\":\"Organisator\",\"description\":\"Kompetent. Praxisnah. Der ORGANISATOR bereitet in 10 Ausgaben pro Jahr die wesentlichen Themen f\u00fcr F\u00fchrungskr\u00e4fte von KMU auf.\",\"publisher\":{\"@id\":\"https:\\\/\\\/www.organisator.ch\\\/#organization\"},\"potentialAction\":[{\"@type\":\"SearchAction\",\"target\":{\"@type\":\"EntryPoint\",\"urlTemplate\":\"https:\\\/\\\/www.organisator.ch\\\/?s={search_term_string}\"},\"query-input\":{\"@type\":\"PropertyValueSpecification\",\"valueRequired\":true,\"valueName\":\"search_term_string\"}}],\"inLanguage\":\"it-IT\"},{\"@type\":\"Organization\",\"@id\":\"https:\\\/\\\/www.organisator.ch\\\/#organization\",\"name\":\"Organisator\",\"url\":\"https:\\\/\\\/www.organisator.ch\\\/\",\"logo\":{\"@type\":\"ImageObject\",\"inLanguage\":\"it-IT\",\"@id\":\"https:\\\/\\\/www.organisator.ch\\\/#\\\/schema\\\/logo\\\/image\\\/\",\"url\":\"https:\\\/\\\/www.organisator.ch\\\/wp-content\\\/uploads\\\/2022\\\/01\\\/Logo_Organisator_Website.png\",\"contentUrl\":\"https:\\\/\\\/www.organisator.ch\\\/wp-content\\\/uploads\\\/2022\\\/01\\\/Logo_Organisator_Website.png\",\"width\":800,\"height\":77,\"caption\":\"Organisator\"},\"image\":{\"@id\":\"https:\\\/\\\/www.organisator.ch\\\/#\\\/schema\\\/logo\\\/image\\\/\"},\"sameAs\":[\"https:\\\/\\\/www.facebook.com\\\/OrganisatorFachmagazin\",\"https:\\\/\\\/www.linkedin.com\\\/showcase\\\/organisator-das-magazin-fr-kmu\",\"https:\\\/\\\/www.xing.com\\\/news\\\/pages\\\/organisator-ch-695\",\"https:\\\/\\\/www.youtube.com\\\/channel\\\/UCGP2Sq0iWaZwT3BdIAQFYpw\"]},{\"@type\":\"Person\",\"@id\":\"https:\\\/\\\/www.organisator.ch\\\/#\\\/schema\\\/person\\\/aa2bace6c5c5aad60102004a50c4eb1c\",\"name\":\"admin\",\"image\":{\"@type\":\"ImageObject\",\"inLanguage\":\"it-IT\",\"@id\":\"https:\\\/\\\/secure.gravatar.com\\\/avatar\\\/ae2f4d718e6c49043e314ce431e7e645d646302a24a5ef5a8bc8e3f5a032e319?s=96&d=mm&r=g\",\"url\":\"https:\\\/\\\/secure.gravatar.com\\\/avatar\\\/ae2f4d718e6c49043e314ce431e7e645d646302a24a5ef5a8bc8e3f5a032e319?s=96&d=mm&r=g\",\"contentUrl\":\"https:\\\/\\\/secure.gravatar.com\\\/avatar\\\/ae2f4d718e6c49043e314ce431e7e645d646302a24a5ef5a8bc8e3f5a032e319?s=96&d=mm&r=g\",\"caption\":\"admin\"},\"sameAs\":[\"https:\\\/\\\/www.organisator.ch\"],\"url\":\"https:\\\/\\\/www.organisator.ch\\\/it\\\/author\\\/admin\\\/\"}]}<\/script>\n<!-- \/ Yoast SEO plugin. -->","yoast_head_json":{"title":"A 65 anni non \u00e8 ancora finita - Organizzatore","description":"Lavorare durante la pensione porta vantaggi sia alle aziende che ai dipendenti. Due esempi pratici.","robots":{"index":"index","follow":"follow","max-snippet":"max-snippet:-1","max-image-preview":"max-image-preview:large","max-video-preview":"max-video-preview:-1"},"canonical":"https:\/\/www.organisator.ch\/it\/risorse-umane\/2025-12-04\/mit-65-jahren-ist-noch-lange-nicht-schluss\/","og_locale":"it_IT","og_type":"article","og_title":"Mit 65 Jahren ist noch lange nicht Schluss - Organisator","og_description":"Die Erwerbst\u00e4tigkeit im Rentenalter bringt Vorteile f\u00fcr Unternehmen und Mitarbeitende. Zwei Beispiele aus der Praxis.","og_url":"https:\/\/www.organisator.ch\/it\/risorse-umane\/2025-12-04\/mit-65-jahren-ist-noch-lange-nicht-schluss\/","og_site_name":"Organisator","article_publisher":"https:\/\/www.facebook.com\/OrganisatorFachmagazin","article_published_time":"2025-12-04T20:56:51+00:00","og_image":[{"width":1043,"height":720,"url":"https:\/\/www.organisator.ch\/wp-content\/uploads\/2025\/12\/HRM_Auftakt_Bild2_organisator_186179-scaled-e1764756455239.jpg","type":"image\/jpeg"}],"author":"admin","twitter_card":"summary_large_image","schema":{"@context":"https:\/\/schema.org","@graph":[{"@type":"Article","@id":"https:\/\/www.organisator.ch\/human-resources\/2025-12-04\/mit-65-jahren-ist-noch-lange-nicht-schluss\/#article","isPartOf":{"@id":"https:\/\/www.organisator.ch\/human-resources\/2025-12-04\/mit-65-jahren-ist-noch-lange-nicht-schluss\/"},"author":{"name":"admin","@id":"https:\/\/www.organisator.ch\/#\/schema\/person\/aa2bace6c5c5aad60102004a50c4eb1c"},"headline":"Mit 65 Jahren ist noch lange nicht Schluss","datePublished":"2025-12-04T20:56:51+00:00","mainEntityOfPage":{"@id":"https:\/\/www.organisator.ch\/human-resources\/2025-12-04\/mit-65-jahren-ist-noch-lange-nicht-schluss\/"},"wordCount":1780,"publisher":{"@id":"https:\/\/www.organisator.ch\/#organization"},"image":{"@id":"https:\/\/www.organisator.ch\/human-resources\/2025-12-04\/mit-65-jahren-ist-noch-lange-nicht-schluss\/#primaryimage"},"thumbnailUrl":"https:\/\/www.organisator.ch\/wp-content\/uploads\/2025\/12\/HRM_Auftakt_Bild2_organisator_186179-scaled-e1764756455239.jpg","keywords":["50plus","HRM","Pensionierung","Unternehmen"],"articleSection":["ABO+","HUMAN RESOURCES"],"inLanguage":"it-IT"},{"@type":"WebPage","@id":"https:\/\/www.organisator.ch\/human-resources\/2025-12-04\/mit-65-jahren-ist-noch-lange-nicht-schluss\/","url":"https:\/\/www.organisator.ch\/human-resources\/2025-12-04\/mit-65-jahren-ist-noch-lange-nicht-schluss\/","name":"A 65 anni non \u00e8 ancora finita - Organizzatore","isPartOf":{"@id":"https:\/\/www.organisator.ch\/#website"},"primaryImageOfPage":{"@id":"https:\/\/www.organisator.ch\/human-resources\/2025-12-04\/mit-65-jahren-ist-noch-lange-nicht-schluss\/#primaryimage"},"image":{"@id":"https:\/\/www.organisator.ch\/human-resources\/2025-12-04\/mit-65-jahren-ist-noch-lange-nicht-schluss\/#primaryimage"},"thumbnailUrl":"https:\/\/www.organisator.ch\/wp-content\/uploads\/2025\/12\/HRM_Auftakt_Bild2_organisator_186179-scaled-e1764756455239.jpg","datePublished":"2025-12-04T20:56:51+00:00","description":"Lavorare durante la pensione porta vantaggi sia alle aziende che ai dipendenti. Due esempi pratici.","breadcrumb":{"@id":"https:\/\/www.organisator.ch\/human-resources\/2025-12-04\/mit-65-jahren-ist-noch-lange-nicht-schluss\/#breadcrumb"},"inLanguage":"it-IT","potentialAction":[{"@type":"ReadAction","target":["https:\/\/www.organisator.ch\/human-resources\/2025-12-04\/mit-65-jahren-ist-noch-lange-nicht-schluss\/"]}]},{"@type":"ImageObject","inLanguage":"it-IT","@id":"https:\/\/www.organisator.ch\/human-resources\/2025-12-04\/mit-65-jahren-ist-noch-lange-nicht-schluss\/#primaryimage","url":"https:\/\/www.organisator.ch\/wp-content\/uploads\/2025\/12\/HRM_Auftakt_Bild2_organisator_186179-scaled-e1764756455239.jpg","contentUrl":"https:\/\/www.organisator.ch\/wp-content\/uploads\/2025\/12\/HRM_Auftakt_Bild2_organisator_186179-scaled-e1764756455239.jpg","width":1043,"height":720,"caption":"Hatte auch nach dem Alter von 64 Jahren noch Lust am Weiterarbeiten: Judith Bachmann. Foto: zVg"},{"@type":"BreadcrumbList","@id":"https:\/\/www.organisator.ch\/human-resources\/2025-12-04\/mit-65-jahren-ist-noch-lange-nicht-schluss\/#breadcrumb","itemListElement":[{"@type":"ListItem","position":1,"name":"Home","item":"https:\/\/www.organisator.ch\/"},{"@type":"ListItem","position":2,"name":"Mit 65 Jahren ist noch lange nicht Schluss"}]},{"@type":"WebSite","@id":"https:\/\/www.organisator.ch\/#website","url":"https:\/\/www.organisator.ch\/","name":"Organizzatore","description":"Competente. Pratico. In 10 numeri all'anno, ORGANISATOR presenta i temi essenziali per i manager delle PMI.","publisher":{"@id":"https:\/\/www.organisator.ch\/#organization"},"potentialAction":[{"@type":"SearchAction","target":{"@type":"EntryPoint","urlTemplate":"https:\/\/www.organisator.ch\/?s={search_term_string}"},"query-input":{"@type":"PropertyValueSpecification","valueRequired":true,"valueName":"search_term_string"}}],"inLanguage":"it-IT"},{"@type":"Organization","@id":"https:\/\/www.organisator.ch\/#organization","name":"Organizzatore","url":"https:\/\/www.organisator.ch\/","logo":{"@type":"ImageObject","inLanguage":"it-IT","@id":"https:\/\/www.organisator.ch\/#\/schema\/logo\/image\/","url":"https:\/\/www.organisator.ch\/wp-content\/uploads\/2022\/01\/Logo_Organisator_Website.png","contentUrl":"https:\/\/www.organisator.ch\/wp-content\/uploads\/2022\/01\/Logo_Organisator_Website.png","width":800,"height":77,"caption":"Organisator"},"image":{"@id":"https:\/\/www.organisator.ch\/#\/schema\/logo\/image\/"},"sameAs":["https:\/\/www.facebook.com\/OrganisatorFachmagazin","https:\/\/www.linkedin.com\/showcase\/organisator-das-magazin-fr-kmu","https:\/\/www.xing.com\/news\/pages\/organisator-ch-695","https:\/\/www.youtube.com\/channel\/UCGP2Sq0iWaZwT3BdIAQFYpw"]},{"@type":"Person","@id":"https:\/\/www.organisator.ch\/#\/schema\/person\/aa2bace6c5c5aad60102004a50c4eb1c","name":"amministratore","image":{"@type":"ImageObject","inLanguage":"it-IT","@id":"https:\/\/secure.gravatar.com\/avatar\/ae2f4d718e6c49043e314ce431e7e645d646302a24a5ef5a8bc8e3f5a032e319?s=96&d=mm&r=g","url":"https:\/\/secure.gravatar.com\/avatar\/ae2f4d718e6c49043e314ce431e7e645d646302a24a5ef5a8bc8e3f5a032e319?s=96&d=mm&r=g","contentUrl":"https:\/\/secure.gravatar.com\/avatar\/ae2f4d718e6c49043e314ce431e7e645d646302a24a5ef5a8bc8e3f5a032e319?s=96&d=mm&r=g","caption":"admin"},"sameAs":["https:\/\/www.organisator.ch"],"url":"https:\/\/www.organisator.ch\/it\/author\/admin\/"}]}},"_links":{"self":[{"href":"https:\/\/www.organisator.ch\/it\/wp-json\/wp\/v2\/posts\/42504","targetHints":{"allow":["GET"]}}],"collection":[{"href":"https:\/\/www.organisator.ch\/it\/wp-json\/wp\/v2\/posts"}],"about":[{"href":"https:\/\/www.organisator.ch\/it\/wp-json\/wp\/v2\/types\/post"}],"author":[{"embeddable":true,"href":"https:\/\/www.organisator.ch\/it\/wp-json\/wp\/v2\/users\/1"}],"replies":[{"embeddable":true,"href":"https:\/\/www.organisator.ch\/it\/wp-json\/wp\/v2\/comments?post=42504"}],"version-history":[{"count":2,"href":"https:\/\/www.organisator.ch\/it\/wp-json\/wp\/v2\/posts\/42504\/revisions"}],"predecessor-version":[{"id":42540,"href":"https:\/\/www.organisator.ch\/it\/wp-json\/wp\/v2\/posts\/42504\/revisions\/42540"}],"wp:featuredmedia":[{"embeddable":true,"href":"https:\/\/www.organisator.ch\/it\/wp-json\/wp\/v2\/media\/42502"}],"wp:attachment":[{"href":"https:\/\/www.organisator.ch\/it\/wp-json\/wp\/v2\/media?parent=42504"}],"wp:term":[{"taxonomy":"category","embeddable":true,"href":"https:\/\/www.organisator.ch\/it\/wp-json\/wp\/v2\/categories?post=42504"},{"taxonomy":"post_tag","embeddable":true,"href":"https:\/\/www.organisator.ch\/it\/wp-json\/wp\/v2\/tags?post=42504"}],"curies":[{"name":"wp","href":"https:\/\/api.w.org\/{rel}","templated":true}]}}