{"id":4255,"date":"2018-09-20T08:22:51","date_gmt":"2018-09-20T06:22:51","guid":{"rendered":"https:\/\/www.organisator.ch\/?p=4255"},"modified":"2018-09-20T08:22:51","modified_gmt":"2018-09-20T06:22:51","slug":"family-business-award-2018-geht-an-1a-hunkeler","status":"publish","type":"post","link":"https:\/\/www.organisator.ch\/it\/management\/2018-09-20\/family-business-award-2018-geht-an-1a-hunkeler\/","title":{"rendered":"Il Family Business Award 2018 va a 1a hunkeler"},"content":{"rendered":"<figure id=\"attachment_4256\" aria-describedby=\"caption-attachment-4256\" style=\"width: 640px\" class=\"wp-caption alignnone\"><img loading=\"lazy\" decoding=\"async\" class=\"size-full wp-image-4256\" src=\"https:\/\/www.organisator.ch\/wp-content\/uploads\/2018\/09\/Family-Business-Award-2018-geht-an-1a-hunkeler_Organisator.jpg\" alt=\"\" width=\"640\" height=\"426\" srcset=\"https:\/\/www.organisator.ch\/wp-content\/uploads\/2018\/09\/Family-Business-Award-2018-geht-an-1a-hunkeler_Organisator.jpg 640w, https:\/\/www.organisator.ch\/wp-content\/uploads\/2018\/09\/Family-Business-Award-2018-geht-an-1a-hunkeler_Organisator-16x12.jpg 16w, https:\/\/www.organisator.ch\/wp-content\/uploads\/2018\/09\/Family-Business-Award-2018-geht-an-1a-hunkeler_Organisator-263x175.jpg 263w, https:\/\/www.organisator.ch\/wp-content\/uploads\/2018\/09\/Family-Business-Award-2018-geht-an-1a-hunkeler_Organisator-526x350.jpg 526w, https:\/\/www.organisator.ch\/wp-content\/uploads\/2018\/09\/Family-Business-Award-2018-geht-an-1a-hunkeler_Organisator-300x200.jpg 300w\" sizes=\"auto, (max-width: 640px) 100vw, 640px\" \/><figcaption id=\"caption-attachment-4256\" class=\"wp-caption-text\">Vincitore del Family Business Award 2018: 1a hunkeler fenster AG &amp; 1a hunkeler holzbau AG (Immagine: obs\/Family Business Award \/ AMAG)<\/figcaption><\/figure>\n<p>Il 19 settembre \u00e8 stato scelto il vincitore del Family Business Award 2018 durante la festosa cerimonia di premiazione al Kursaal di Berna. Il premio \u00e8 stato istituito da AMAG in onore del suo fondatore e patrono Walter Haefner. Haefner si \u00e8 sempre impegnata per una cultura aziendale genuina, vissuta e sostenibile. Lo scopo del Family Business Award \u00e8 di attirare l'attenzione sulla grande importanza economica delle imprese familiari in Svizzera. Le seguenti tre imprese familiari erano in corsa come finaliste quest'anno: 1a hunkeler fenster AG &amp; 1a hunkeler holzbau AG di Ebikon, Balance Familie AG di Meisterschwanden e B\u00fchler Electrict\u00e9 SA di Monthey. L'azienda vincitrice \u00e8 stata selezionata da una giuria di dieci membri di personalit\u00e0 rinomate. Quest'anno, la giuria \u00e8 stata presieduta dalla dottoressa Karin Lenzlinger Diedenhofen, delegata al consiglio di amministrazione e proprietaria di Lenzlinger S\u00f6hne AG.<\/p>\n<h2>Oltre 200 anni di storia aziendale<\/h2>\n<p>Alla presenza di oltre 260 ospiti del mondo della politica e degli affari, la famiglia Hunkeler ha potuto finalmente godersi il premio. L'azienda tradizionale di Lucerna - la sua storia inizia nel 1774 con una piccola falegnameria - \u00e8 ora gestita dall'ottava generazione; la nona \u00e8 gi\u00e0 ai blocchi di partenza. Con attualmente pi\u00f9 di 60 dipendenti e apprendisti, 1a hunkeler raggiunge le massime prestazioni nella costruzione di legno e finestre, secondo l'azienda. Oltre a progetti prestigiosi come la ristrutturazione totale del Chapel Bridge, bruciato nel 1993, l'azienda \u00e8 anche impegnata nello sviluppo di prodotti. Una di queste \u00e8 la finestra TOP-WIN, che, grazie alla sofisticata tecnologia di incollaggio e ai profili in filigrana, permette un'incidenza della luce significativamente maggiore. Anche il tema del risparmio energetico \u00e8 chiaro alla famiglia Hunkeler. Il funzionamento del sistema di riscaldamento a legna con trucioli, l'illuminazione a LED in tutta l'azienda e l'impianto fotovoltaico sul tetto dell'azienda permettono una produzione sostenibile. L'azienda familiare di Lucerna \u00e8 anche cosciente della sua responsabilit\u00e0 sociale verso la societ\u00e0 e verso i dipendenti, gli apprendisti e le persone svantaggiate.<\/p>\n<h2>Premio Tradizione dell'impresa familiare<\/h2>\n<p>Per la famiglia Hunkeler, l'attenzione non \u00e8 sui risultati a breve termine, ma sul successo a lungo termine. Per loro, lo spirito di innovazione e il senso della tradizione non sono in contraddizione - sono simboli dello sviluppo dell'azienda. La 1a hunkeler fenster AG &amp; 1a hunkeler holzbau AG si unisce ai precedenti vincitori del premio come azienda esemplare: Jucker Farm AG (2017), Fraisa SA (2016), Wyon AG (2015), Entreprises et Domaines Rouvinez (2014), SIGA Holding (2013) e Trisa AG (2012). Tutti e tre i finalisti di quest'anno hanno ricevuto un certificato Family Business Award che attesta la loro attivit\u00e0 imprenditoriale particolarmente sostenibile. Inoltre, le aziende hanno ricevuto una nuova VW Arteon R-Line, che accompagner\u00e0 i finalisti per un anno. Come azienda vincitrice di quest'anno, 1a hunkeler fenster AG &amp; 1a hunkeler holzbau AG ottengono anche di tenere il veicolo.<\/p>\n<p>&nbsp;<\/p>","protected":false},"excerpt":{"rendered":"<p>Am 19. September\u00a0wurde an der festlichen Preisverleihung im Berner Kursaal der Gewinner des Family Business Awards 2018 gek\u00fcrt. Der Award wurde durch AMAG zu Ehren ihres Gr\u00fcnders und Patrons Walter Haefner ins Leben gerufen. Haefner hatte sich immer f\u00fcr eine echte, gelebte und nachhaltige Firmenkultur eingesetzt. Der Family Business Award verfolgt den Zweck, auf die [&hellip;]<\/p>\n","protected":false},"author":4,"featured_media":4256,"comment_status":"open","ping_status":"open","sticky":false,"template":"","format":"standard","meta":{"_acf_changed":false,"_yoast_wpseo_focuskw":"Family Business Award","_yoast_wpseo_metadesc":"Der Family Business Award wurde zum siebten Mal verliehen. Der Preis zeichnet 2018 ein besonders nachhaltig handelndes Schweizer Familienunternehmen aus.","articlekey":"","footnotes":""},"categories":[28],"tags":[66,196,335,492],"class_list":["post-4255","post","type-post","status-publish","format-standard","has-post-thumbnail","hentry","category-management","tag-awards","tag-familienunternehmen","tag-management-und-unternehmensfuehrung","tag-unternehmen"],"acf":[],"yoast_head":"<!-- This site is optimized with the Yoast SEO plugin v27.5 - https:\/\/yoast.com\/product\/yoast-seo-wordpress\/ -->\n<title>Family Business Award 2018 geht an 1a hunkeler - Organisator<\/title>\n<meta name=\"description\" content=\"Der Family Business Award wurde zum siebten Mal verliehen. Der Preis zeichnet 2018 ein besonders nachhaltig handelndes Schweizer Familienunternehmen aus.\" \/>\n<meta name=\"robots\" content=\"index, follow, max-snippet:-1, max-image-preview:large, max-video-preview:-1\" \/>\n<link rel=\"canonical\" href=\"https:\/\/www.organisator.ch\/it\/gestione-2\/2018-09-20\/family-business-award-2018-geht-an-1a-hunkeler\/\" \/>\n<meta property=\"og:locale\" content=\"it_IT\" \/>\n<meta property=\"og:type\" content=\"article\" \/>\n<meta property=\"og:title\" content=\"Family Business Award 2018 geht an 1a hunkeler\" \/>\n<meta property=\"og:description\" content=\"Der Family Business Award wurde zum siebten Mal verliehen. Der Preis zeichnet 2018 ein besonders nachhaltig handelndes Schweizer Familienunternehmen aus.\" \/>\n<meta property=\"og:url\" content=\"https:\/\/www.organisator.ch\/it\/gestione-2\/2018-09-20\/family-business-award-2018-geht-an-1a-hunkeler\/\" \/>\n<meta property=\"og:site_name\" content=\"Organisator\" \/>\n<meta property=\"article:publisher\" content=\"https:\/\/www.facebook.com\/OrganisatorFachmagazin\" \/>\n<meta property=\"article:published_time\" content=\"2018-09-20T06:22:51+00:00\" \/>\n<meta property=\"og:image\" content=\"https:\/\/www.organisator.ch\/wp-content\/uploads\/2018\/09\/Family-Business-Award-2018-geht-an-1a-hunkeler_Organisator.jpg\" \/>\n\t<meta property=\"og:image:width\" content=\"640\" \/>\n\t<meta property=\"og:image:height\" content=\"426\" \/>\n\t<meta property=\"og:image:type\" content=\"image\/jpeg\" \/>\n<meta name=\"author\" content=\"thomas.berner\" \/>\n<meta name=\"twitter:card\" content=\"summary_large_image\" \/>\n<meta name=\"twitter:title\" content=\"#FamilyBusinessAward 2018 geht an 1a hunkeler\" \/>\n<meta name=\"twitter:description\" content=\"Der #FamilyBusinessAward wurde zum siebten Mal verliehen. Der Preis zeichnet 2018 ein besonders nachhaltig handelndes Schweizer Familienunternehmen aus.\" \/>\n<meta name=\"twitter:image\" content=\"https:\/\/www.organisator.ch\/wp-content\/uploads\/2018\/09\/Family-Business-Award-2018-geht-an-1a-hunkeler_Organisator.jpg\" \/>\n<script type=\"application\/ld+json\" class=\"yoast-schema-graph\">{\"@context\":\"https:\\\/\\\/schema.org\",\"@graph\":[{\"@type\":\"Article\",\"@id\":\"https:\\\/\\\/www.organisator.ch\\\/management\\\/2018-09-20\\\/family-business-award-2018-geht-an-1a-hunkeler\\\/#article\",\"isPartOf\":{\"@id\":\"https:\\\/\\\/www.organisator.ch\\\/management\\\/2018-09-20\\\/family-business-award-2018-geht-an-1a-hunkeler\\\/\"},\"author\":{\"name\":\"thomas.berner\",\"@id\":\"https:\\\/\\\/www.organisator.ch\\\/#\\\/schema\\\/person\\\/6f650f90b2842cd4c0cc334b4e36f67e\"},\"headline\":\"Family Business Award 2018 geht an 1a hunkeler\",\"datePublished\":\"2018-09-20T06:22:51+00:00\",\"mainEntityOfPage\":{\"@id\":\"https:\\\/\\\/www.organisator.ch\\\/management\\\/2018-09-20\\\/family-business-award-2018-geht-an-1a-hunkeler\\\/\"},\"wordCount\":474,\"commentCount\":0,\"publisher\":{\"@id\":\"https:\\\/\\\/www.organisator.ch\\\/#organization\"},\"image\":{\"@id\":\"https:\\\/\\\/www.organisator.ch\\\/management\\\/2018-09-20\\\/family-business-award-2018-geht-an-1a-hunkeler\\\/#primaryimage\"},\"thumbnailUrl\":\"https:\\\/\\\/www.organisator.ch\\\/wp-content\\\/uploads\\\/2018\\\/09\\\/Family-Business-Award-2018-geht-an-1a-hunkeler_Organisator.jpg\",\"keywords\":[\"Awards\",\"Familienunternehmen\",\"Management und Unternehmensf\u00fchrung\",\"Unternehmen\"],\"articleSection\":[\"MANAGEMENT\"],\"inLanguage\":\"it-IT\"},{\"@type\":\"WebPage\",\"@id\":\"https:\\\/\\\/www.organisator.ch\\\/management\\\/2018-09-20\\\/family-business-award-2018-geht-an-1a-hunkeler\\\/\",\"url\":\"https:\\\/\\\/www.organisator.ch\\\/management\\\/2018-09-20\\\/family-business-award-2018-geht-an-1a-hunkeler\\\/\",\"name\":\"Family Business Award 2018 geht an 1a hunkeler - Organisator\",\"isPartOf\":{\"@id\":\"https:\\\/\\\/www.organisator.ch\\\/#website\"},\"primaryImageOfPage\":{\"@id\":\"https:\\\/\\\/www.organisator.ch\\\/management\\\/2018-09-20\\\/family-business-award-2018-geht-an-1a-hunkeler\\\/#primaryimage\"},\"image\":{\"@id\":\"https:\\\/\\\/www.organisator.ch\\\/management\\\/2018-09-20\\\/family-business-award-2018-geht-an-1a-hunkeler\\\/#primaryimage\"},\"thumbnailUrl\":\"https:\\\/\\\/www.organisator.ch\\\/wp-content\\\/uploads\\\/2018\\\/09\\\/Family-Business-Award-2018-geht-an-1a-hunkeler_Organisator.jpg\",\"datePublished\":\"2018-09-20T06:22:51+00:00\",\"description\":\"Der Family Business Award wurde zum siebten Mal verliehen. Der Preis zeichnet 2018 ein besonders nachhaltig handelndes Schweizer Familienunternehmen aus.\",\"breadcrumb\":{\"@id\":\"https:\\\/\\\/www.organisator.ch\\\/management\\\/2018-09-20\\\/family-business-award-2018-geht-an-1a-hunkeler\\\/#breadcrumb\"},\"inLanguage\":\"it-IT\",\"potentialAction\":[{\"@type\":\"ReadAction\",\"target\":[\"https:\\\/\\\/www.organisator.ch\\\/management\\\/2018-09-20\\\/family-business-award-2018-geht-an-1a-hunkeler\\\/\"]}]},{\"@type\":\"ImageObject\",\"inLanguage\":\"it-IT\",\"@id\":\"https:\\\/\\\/www.organisator.ch\\\/management\\\/2018-09-20\\\/family-business-award-2018-geht-an-1a-hunkeler\\\/#primaryimage\",\"url\":\"https:\\\/\\\/www.organisator.ch\\\/wp-content\\\/uploads\\\/2018\\\/09\\\/Family-Business-Award-2018-geht-an-1a-hunkeler_Organisator.jpg\",\"contentUrl\":\"https:\\\/\\\/www.organisator.ch\\\/wp-content\\\/uploads\\\/2018\\\/09\\\/Family-Business-Award-2018-geht-an-1a-hunkeler_Organisator.jpg\",\"width\":640,\"height\":426,\"caption\":\"Gewinner des Family Business Award 2018: Die 1a hunkeler fenster AG & 1a hunkeler holzbau AG (Bild: obs\\\/Family Business Award \\\/ AMAG)\"},{\"@type\":\"BreadcrumbList\",\"@id\":\"https:\\\/\\\/www.organisator.ch\\\/management\\\/2018-09-20\\\/family-business-award-2018-geht-an-1a-hunkeler\\\/#breadcrumb\",\"itemListElement\":[{\"@type\":\"ListItem\",\"position\":1,\"name\":\"Home\",\"item\":\"https:\\\/\\\/www.organisator.ch\\\/\"},{\"@type\":\"ListItem\",\"position\":2,\"name\":\"Family Business Award 2018 geht an 1a hunkeler\"}]},{\"@type\":\"WebSite\",\"@id\":\"https:\\\/\\\/www.organisator.ch\\\/#website\",\"url\":\"https:\\\/\\\/www.organisator.ch\\\/\",\"name\":\"Organisator\",\"description\":\"Kompetent. Praxisnah. Der ORGANISATOR bereitet in 10 Ausgaben pro Jahr die wesentlichen Themen f\u00fcr F\u00fchrungskr\u00e4fte von KMU auf.\",\"publisher\":{\"@id\":\"https:\\\/\\\/www.organisator.ch\\\/#organization\"},\"potentialAction\":[{\"@type\":\"SearchAction\",\"target\":{\"@type\":\"EntryPoint\",\"urlTemplate\":\"https:\\\/\\\/www.organisator.ch\\\/?s={search_term_string}\"},\"query-input\":{\"@type\":\"PropertyValueSpecification\",\"valueRequired\":true,\"valueName\":\"search_term_string\"}}],\"inLanguage\":\"it-IT\"},{\"@type\":\"Organization\",\"@id\":\"https:\\\/\\\/www.organisator.ch\\\/#organization\",\"name\":\"Organisator\",\"url\":\"https:\\\/\\\/www.organisator.ch\\\/\",\"logo\":{\"@type\":\"ImageObject\",\"inLanguage\":\"it-IT\",\"@id\":\"https:\\\/\\\/www.organisator.ch\\\/#\\\/schema\\\/logo\\\/image\\\/\",\"url\":\"https:\\\/\\\/www.organisator.ch\\\/wp-content\\\/uploads\\\/2022\\\/01\\\/Logo_Organisator_Website.png\",\"contentUrl\":\"https:\\\/\\\/www.organisator.ch\\\/wp-content\\\/uploads\\\/2022\\\/01\\\/Logo_Organisator_Website.png\",\"width\":800,\"height\":77,\"caption\":\"Organisator\"},\"image\":{\"@id\":\"https:\\\/\\\/www.organisator.ch\\\/#\\\/schema\\\/logo\\\/image\\\/\"},\"sameAs\":[\"https:\\\/\\\/www.facebook.com\\\/OrganisatorFachmagazin\",\"https:\\\/\\\/www.linkedin.com\\\/showcase\\\/organisator-das-magazin-fr-kmu\",\"https:\\\/\\\/www.xing.com\\\/news\\\/pages\\\/organisator-ch-695\",\"https:\\\/\\\/www.youtube.com\\\/channel\\\/UCGP2Sq0iWaZwT3BdIAQFYpw\"]},{\"@type\":\"Person\",\"@id\":\"https:\\\/\\\/www.organisator.ch\\\/#\\\/schema\\\/person\\\/6f650f90b2842cd4c0cc334b4e36f67e\",\"name\":\"thomas.berner\",\"image\":{\"@type\":\"ImageObject\",\"inLanguage\":\"it-IT\",\"@id\":\"https:\\\/\\\/secure.gravatar.com\\\/avatar\\\/ac5001d2a36cb6c6cd3e50789007ffca834b477b74a2144564522e944eabff61?s=96&d=mm&r=g\",\"url\":\"https:\\\/\\\/secure.gravatar.com\\\/avatar\\\/ac5001d2a36cb6c6cd3e50789007ffca834b477b74a2144564522e944eabff61?s=96&d=mm&r=g\",\"contentUrl\":\"https:\\\/\\\/secure.gravatar.com\\\/avatar\\\/ac5001d2a36cb6c6cd3e50789007ffca834b477b74a2144564522e944eabff61?s=96&d=mm&r=g\",\"caption\":\"thomas.berner\"},\"url\":\"https:\\\/\\\/www.organisator.ch\\\/it\\\/author\\\/thomas-berner\\\/\"}]}<\/script>\n<!-- \/ Yoast SEO plugin. -->","yoast_head_json":{"title":"Il premio per le imprese familiari 2018 va a 1a hunkeler - Organizzatore","description":"Il premio per le imprese familiari \u00e8 stato assegnato per la settima volta. Nel 2018, il premio premia un'azienda familiare svizzera che agisce in modo particolarmente sostenibile.","robots":{"index":"index","follow":"follow","max-snippet":"max-snippet:-1","max-image-preview":"max-image-preview:large","max-video-preview":"max-video-preview:-1"},"canonical":"https:\/\/www.organisator.ch\/it\/gestione-2\/2018-09-20\/family-business-award-2018-geht-an-1a-hunkeler\/","og_locale":"it_IT","og_type":"article","og_title":"Family Business Award 2018 geht an 1a hunkeler","og_description":"Der Family Business Award wurde zum siebten Mal verliehen. Der Preis zeichnet 2018 ein besonders nachhaltig handelndes Schweizer Familienunternehmen aus.","og_url":"https:\/\/www.organisator.ch\/it\/gestione-2\/2018-09-20\/family-business-award-2018-geht-an-1a-hunkeler\/","og_site_name":"Organisator","article_publisher":"https:\/\/www.facebook.com\/OrganisatorFachmagazin","article_published_time":"2018-09-20T06:22:51+00:00","og_image":[{"width":640,"height":426,"url":"https:\/\/www.organisator.ch\/wp-content\/uploads\/2018\/09\/Family-Business-Award-2018-geht-an-1a-hunkeler_Organisator.jpg","type":"image\/jpeg"}],"author":"thomas.berner","twitter_card":"summary_large_image","twitter_title":"#FamilyBusinessAward 2018 geht an 1a hunkeler","twitter_description":"Der #FamilyBusinessAward wurde zum siebten Mal verliehen. Der Preis zeichnet 2018 ein besonders nachhaltig handelndes Schweizer Familienunternehmen aus.","twitter_image":"https:\/\/www.organisator.ch\/wp-content\/uploads\/2018\/09\/Family-Business-Award-2018-geht-an-1a-hunkeler_Organisator.jpg","schema":{"@context":"https:\/\/schema.org","@graph":[{"@type":"Article","@id":"https:\/\/www.organisator.ch\/management\/2018-09-20\/family-business-award-2018-geht-an-1a-hunkeler\/#article","isPartOf":{"@id":"https:\/\/www.organisator.ch\/management\/2018-09-20\/family-business-award-2018-geht-an-1a-hunkeler\/"},"author":{"name":"thomas.berner","@id":"https:\/\/www.organisator.ch\/#\/schema\/person\/6f650f90b2842cd4c0cc334b4e36f67e"},"headline":"Family Business Award 2018 geht an 1a hunkeler","datePublished":"2018-09-20T06:22:51+00:00","mainEntityOfPage":{"@id":"https:\/\/www.organisator.ch\/management\/2018-09-20\/family-business-award-2018-geht-an-1a-hunkeler\/"},"wordCount":474,"commentCount":0,"publisher":{"@id":"https:\/\/www.organisator.ch\/#organization"},"image":{"@id":"https:\/\/www.organisator.ch\/management\/2018-09-20\/family-business-award-2018-geht-an-1a-hunkeler\/#primaryimage"},"thumbnailUrl":"https:\/\/www.organisator.ch\/wp-content\/uploads\/2018\/09\/Family-Business-Award-2018-geht-an-1a-hunkeler_Organisator.jpg","keywords":["Awards","Familienunternehmen","Management und Unternehmensf\u00fchrung","Unternehmen"],"articleSection":["MANAGEMENT"],"inLanguage":"it-IT"},{"@type":"WebPage","@id":"https:\/\/www.organisator.ch\/management\/2018-09-20\/family-business-award-2018-geht-an-1a-hunkeler\/","url":"https:\/\/www.organisator.ch\/management\/2018-09-20\/family-business-award-2018-geht-an-1a-hunkeler\/","name":"Il premio per le imprese familiari 2018 va a 1a hunkeler - Organizzatore","isPartOf":{"@id":"https:\/\/www.organisator.ch\/#website"},"primaryImageOfPage":{"@id":"https:\/\/www.organisator.ch\/management\/2018-09-20\/family-business-award-2018-geht-an-1a-hunkeler\/#primaryimage"},"image":{"@id":"https:\/\/www.organisator.ch\/management\/2018-09-20\/family-business-award-2018-geht-an-1a-hunkeler\/#primaryimage"},"thumbnailUrl":"https:\/\/www.organisator.ch\/wp-content\/uploads\/2018\/09\/Family-Business-Award-2018-geht-an-1a-hunkeler_Organisator.jpg","datePublished":"2018-09-20T06:22:51+00:00","description":"Il premio per le imprese familiari \u00e8 stato assegnato per la settima volta. Nel 2018, il premio premia un'azienda familiare svizzera che agisce in modo particolarmente sostenibile.","breadcrumb":{"@id":"https:\/\/www.organisator.ch\/management\/2018-09-20\/family-business-award-2018-geht-an-1a-hunkeler\/#breadcrumb"},"inLanguage":"it-IT","potentialAction":[{"@type":"ReadAction","target":["https:\/\/www.organisator.ch\/management\/2018-09-20\/family-business-award-2018-geht-an-1a-hunkeler\/"]}]},{"@type":"ImageObject","inLanguage":"it-IT","@id":"https:\/\/www.organisator.ch\/management\/2018-09-20\/family-business-award-2018-geht-an-1a-hunkeler\/#primaryimage","url":"https:\/\/www.organisator.ch\/wp-content\/uploads\/2018\/09\/Family-Business-Award-2018-geht-an-1a-hunkeler_Organisator.jpg","contentUrl":"https:\/\/www.organisator.ch\/wp-content\/uploads\/2018\/09\/Family-Business-Award-2018-geht-an-1a-hunkeler_Organisator.jpg","width":640,"height":426,"caption":"Gewinner des Family Business Award 2018: Die 1a hunkeler fenster AG & 1a hunkeler holzbau AG (Bild: obs\/Family Business Award \/ AMAG)"},{"@type":"BreadcrumbList","@id":"https:\/\/www.organisator.ch\/management\/2018-09-20\/family-business-award-2018-geht-an-1a-hunkeler\/#breadcrumb","itemListElement":[{"@type":"ListItem","position":1,"name":"Home","item":"https:\/\/www.organisator.ch\/"},{"@type":"ListItem","position":2,"name":"Family Business Award 2018 geht an 1a hunkeler"}]},{"@type":"WebSite","@id":"https:\/\/www.organisator.ch\/#website","url":"https:\/\/www.organisator.ch\/","name":"Organizzatore","description":"Competente. Pratico. In 10 numeri all'anno, ORGANISATOR presenta i temi essenziali per i manager delle PMI.","publisher":{"@id":"https:\/\/www.organisator.ch\/#organization"},"potentialAction":[{"@type":"SearchAction","target":{"@type":"EntryPoint","urlTemplate":"https:\/\/www.organisator.ch\/?s={search_term_string}"},"query-input":{"@type":"PropertyValueSpecification","valueRequired":true,"valueName":"search_term_string"}}],"inLanguage":"it-IT"},{"@type":"Organization","@id":"https:\/\/www.organisator.ch\/#organization","name":"Organizzatore","url":"https:\/\/www.organisator.ch\/","logo":{"@type":"ImageObject","inLanguage":"it-IT","@id":"https:\/\/www.organisator.ch\/#\/schema\/logo\/image\/","url":"https:\/\/www.organisator.ch\/wp-content\/uploads\/2022\/01\/Logo_Organisator_Website.png","contentUrl":"https:\/\/www.organisator.ch\/wp-content\/uploads\/2022\/01\/Logo_Organisator_Website.png","width":800,"height":77,"caption":"Organisator"},"image":{"@id":"https:\/\/www.organisator.ch\/#\/schema\/logo\/image\/"},"sameAs":["https:\/\/www.facebook.com\/OrganisatorFachmagazin","https:\/\/www.linkedin.com\/showcase\/organisator-das-magazin-fr-kmu","https:\/\/www.xing.com\/news\/pages\/organisator-ch-695","https:\/\/www.youtube.com\/channel\/UCGP2Sq0iWaZwT3BdIAQFYpw"]},{"@type":"Person","@id":"https:\/\/www.organisator.ch\/#\/schema\/person\/6f650f90b2842cd4c0cc334b4e36f67e","name":"Tommaso.berner","image":{"@type":"ImageObject","inLanguage":"it-IT","@id":"https:\/\/secure.gravatar.com\/avatar\/ac5001d2a36cb6c6cd3e50789007ffca834b477b74a2144564522e944eabff61?s=96&d=mm&r=g","url":"https:\/\/secure.gravatar.com\/avatar\/ac5001d2a36cb6c6cd3e50789007ffca834b477b74a2144564522e944eabff61?s=96&d=mm&r=g","contentUrl":"https:\/\/secure.gravatar.com\/avatar\/ac5001d2a36cb6c6cd3e50789007ffca834b477b74a2144564522e944eabff61?s=96&d=mm&r=g","caption":"thomas.berner"},"url":"https:\/\/www.organisator.ch\/it\/author\/thomas-berner\/"}]}},"_links":{"self":[{"href":"https:\/\/www.organisator.ch\/it\/wp-json\/wp\/v2\/posts\/4255","targetHints":{"allow":["GET"]}}],"collection":[{"href":"https:\/\/www.organisator.ch\/it\/wp-json\/wp\/v2\/posts"}],"about":[{"href":"https:\/\/www.organisator.ch\/it\/wp-json\/wp\/v2\/types\/post"}],"author":[{"embeddable":true,"href":"https:\/\/www.organisator.ch\/it\/wp-json\/wp\/v2\/users\/4"}],"replies":[{"embeddable":true,"href":"https:\/\/www.organisator.ch\/it\/wp-json\/wp\/v2\/comments?post=4255"}],"version-history":[{"count":0,"href":"https:\/\/www.organisator.ch\/it\/wp-json\/wp\/v2\/posts\/4255\/revisions"}],"wp:featuredmedia":[{"embeddable":true,"href":"https:\/\/www.organisator.ch\/it\/wp-json\/wp\/v2\/media\/4256"}],"wp:attachment":[{"href":"https:\/\/www.organisator.ch\/it\/wp-json\/wp\/v2\/media?parent=4255"}],"wp:term":[{"taxonomy":"category","embeddable":true,"href":"https:\/\/www.organisator.ch\/it\/wp-json\/wp\/v2\/categories?post=4255"},{"taxonomy":"post_tag","embeddable":true,"href":"https:\/\/www.organisator.ch\/it\/wp-json\/wp\/v2\/tags?post=4255"}],"curies":[{"name":"wp","href":"https:\/\/api.w.org\/{rel}","templated":true}]}}