{"id":42585,"date":"2025-12-05T08:19:07","date_gmt":"2025-12-05T07:19:07","guid":{"rendered":"https:\/\/www.organisator.ch\/?p=42585"},"modified":"2025-12-05T08:19:07","modified_gmt":"2025-12-05T07:19:07","slug":"einfach-umsetzbare-massnahmen-gegen-wachsende-cyberrisiken","status":"publish","type":"post","link":"https:\/\/www.organisator.ch\/it\/operational-excellence\/2025-12-05\/einfach-umsetzbare-massnahmen-gegen-wachsende-cyberrisiken\/","title":{"rendered":"Misure facilmente attuabili contro i crescenti rischi informatici"},"content":{"rendered":"<figure id=\"attachment_42586\" aria-describedby=\"caption-attachment-42586\" style=\"width: 680px\" class=\"wp-caption alignnone\"><img loading=\"lazy\" decoding=\"async\" class=\"size-full wp-image-42586\" src=\"https:\/\/www.organisator.ch\/wp-content\/uploads\/2025\/12\/Einfach-umsetzbare-Massnahmen-gegen-wachsende-Cyberrisiken_Organisator.jpg\" alt=\"\" width=\"680\" height=\"497\" srcset=\"https:\/\/www.organisator.ch\/wp-content\/uploads\/2025\/12\/Einfach-umsetzbare-Massnahmen-gegen-wachsende-Cyberrisiken_Organisator.jpg 680w, https:\/\/www.organisator.ch\/wp-content\/uploads\/2025\/12\/Einfach-umsetzbare-Massnahmen-gegen-wachsende-Cyberrisiken_Organisator-16x12.jpg 16w, https:\/\/www.organisator.ch\/wp-content\/uploads\/2025\/12\/Einfach-umsetzbare-Massnahmen-gegen-wachsende-Cyberrisiken_Organisator-375x274.jpg 375w, https:\/\/www.organisator.ch\/wp-content\/uploads\/2025\/12\/Einfach-umsetzbare-Massnahmen-gegen-wachsende-Cyberrisiken_Organisator-479x350.jpg 479w\" sizes=\"auto, (max-width: 680px) 100vw, 680px\" \/><figcaption id=\"caption-attachment-42586\" class=\"wp-caption-text\">I rischi informatici sono in aumento: l'Alleanza per la sicurezza digitale in Svizzera pubblica quindi un nuovo controllo di sicurezza informatica per le PMI. (Immagine: Depositphotos.com)<\/figcaption><\/figure>\n<p>Solo il 42% delle PMI svizzere ritiene di essere sufficientemente protetto in caso di attacco informatico, un calo significativo rispetto al 55% dell'anno precedente. <a href=\"https:\/\/www.organisator.ch\/de\/operational-excellence\/2025-10-29\/cybersicherheit-verliert-an-prioritaet-in-schweizer-kmu\/\">Allo stesso tempo, pi\u00f9 di una PMI su quattro considera ormai la sicurezza informatica \u00abnon prioritaria\u00bb.<\/a>. In questo contesto viene ora pubblicato il Cybersecurity Check per le PMI, completamente rivisto. Questo strumento ha lo scopo di aiutare le aziende ad aumentare il loro livello di sicurezza con uno sforzo ragionevole. Il Cybersecurity Check \u00e8 stato sviluppato per la prima volta nel 2020 nell'ambito della Strategia nazionale per la protezione della Svizzera dai rischi informatici (NCS). L'edizione 2025, ora completamente rivista, \u00e8 stata realizzata in collaborazione con: ADSS, BACS, BDO, digitalswitzerland, EXPERTsuisse, GObugfree, ISSS, SATW, SISA, SNV, SQS, Suissedigital e SVV.<\/p>\n<h3><strong>La situazione si aggrava \u2013 le PMI non agiscono abbastanza<\/strong><\/h3>\n<p>L'attuale studio \u00ab<a href=\"https:\/\/www.digitalsecurityswitzerland.ch\/e3t\/Ctc\/GF+113\/d2jCxp04\/VWkgpZ9lwWjBW7b92M6650xNkW4HyYrL5GGy7_N7MjfxF3lYM-W6N1vHY6lZ3mvVp_Czv7jsZVZW8TtxCg1Fp4FFW7g83wG7FDS3vVcDm8d1w1sDcN6hLf2xWlpqZN6LR4wh9v_RyW67pYML76TGZ0W7_36cN7QTyMQW7BWZ3t62S8J1W74Mfkz4t6wW1W4vj2YX528l3fN5_rwbSccNhzW6xSHjM57lmd4W4xqtVz3qZYrSV5L_yR2y3yCWW3PXhBj8wzkMPN8sNFg-3nb73W869cYK81z1MSW5P4xq36Xd8yMW2j2rqZ5zJFp7N3xYfMcgFBT5W6VNLxh1bplmDdlLKtv04\" data-hs-link-id=\"0\" data-hs-link-id-v2=\"yWIXg+pG\">Cybersicurezza delle PMI 2025<\/a>\u00bb evidenzia una pericolosa discrepanza: la minaccia della criminalit\u00e0 informatica rimane elevata, ma la reazione delle PMI \u00e8 sempre pi\u00f9 titubante. Molte aziende non dispongono n\u00e9 di strutture organizzative chiare n\u00e9 di procedure di emergenza definite o controlli di sicurezza regolari.<\/p>\n<p>\u00abMolte PMI sanno che devono agire, ma mancano di orientamento e priorit\u00e0 chiare. Il Cybersecurity Check mostra dove si trovano le leve pi\u00f9 importanti e come \u00e8 possibile iniziare con misure realistiche\u00bb, afferma Andreas Kaelin, Allianz Digitale Sicherheit Schweiz.<\/p>\n<h3><strong>Agire ora: cinque campi d'azione<\/strong><\/h3>\n<p>Gli editori raccomandano alle PMI di integrare la sicurezza informatica nella gestione aziendale in modo vincolante. Molte misure \u2013 password sicure, aggiornamenti costanti, diritti di accesso chiari o un semplice piano di emergenza \u2013 sono facili da attuare, ma aumentano in modo decisivo la resilienza.<\/p>\n<p>Il Cybersecurity Check offre raccomandazioni concrete in cinque ambiti particolarmente rilevanti per le PMI svizzere:<\/p>\n<ul>\n<li>Organizzazione e processi<\/li>\n<li>Collaboratori e sensibilizzazione<\/li>\n<li>Misure tecniche di protezione<\/li>\n<li>Protezione dei dati e note legali<\/li>\n<li>Partner esterni e fornitori di servizi<\/li>\n<\/ul>\n<p>Inoltre, un autovalutazione aiuta a determinare il proprio grado di maturit\u00e0 e a definire priorit\u00e0 concrete. \u00abProprio nel campo della sicurezza informatica, dove i rischi sono complessi e dinamici, le norme garantiscono affidabilit\u00e0 e orientamento: il Cybersecurity Check traduce questi principi in criteri chiari e pratici per le PMI\u00bb, afferma Marcel Knecht, Associazione svizzera di normazione (SNV).<\/p>\n<h3><strong>Partner IT qualificati come fattore di successo<\/strong><\/h3>\n<p>Lo studio sul cyber sicurezza dimostra che i fornitori di servizi IT esterni svolgono un ruolo centrale per le PMI, ma allo stesso tempo esistono grandi differenze in termini di qualit\u00e0. \u00abIl CyberSeal fornisce alle PMI un orientamento e indica quali fornitori di servizi garantiscono un livello di protezione adeguato e comprovato. Il Cybersecurity Check chiarisce inoltre come integrare in modo ottimale i partner esterni\u00bb, spiega Florian Muff, responsabile degli auditor CyberSeal ADSS.<\/p>\n<p><em>Fonte e ulteriori informazioni: <a href=\"https:\/\/www.digitalsecurityswitzerland.ch\/e3t\/Ctc\/GF+113\/d2jCxp04\/VWkgpZ9lwWjBW7b92M6650xNkW4HyYrL5GGy7_N7MjfxY3lYM-W7lCdLW6lZ3pbW1cM6RC24TrlcW88Pj9v395mg2W4t1bzY2KMTKvN8kGFQvxcLY2W24m71_1-LRn6W3-0qRf79SPW_W67sPW-7B4NfgW4nVCMl3f_LYtW35YgVQ5mf1J3V1Z43v53yYN3W4YQY7B34QZxDW6RR7lv6v3CBPW1xH6P-765dWvW6f9nJs68mZ_3W69w57y5FRysfW6gk_W01JFKZfW6lp1yc5vwrYBW26p4DX6Fr6h6W5XgXBS76kC6MW6S_z3M4bs_DGW2RgP304fZJZ0W90vkJ_97kdWvW6gT2dk1y-6WRW327QDw7PNR11f5k819604\">www.cybersecurity-check.ch<\/a><\/em><\/p>","protected":false},"excerpt":{"rendered":"<p>L'Alleanza per la sicurezza digitale Svizzera pubblica un nuovo Cybersecurity Check per le PMI. Si tratta di uno strumento pratico che aiuta le aziende ad aumentare in modo significativo il loro livello di sicurezza con uno sforzo ragionevole.<\/p>","protected":false},"author":4,"featured_media":42586,"comment_status":"closed","ping_status":"closed","sticky":false,"template":"","format":"standard","meta":{"_acf_changed":false,"_yoast_wpseo_focuskw":"Cyberrisiken","_yoast_wpseo_metadesc":"Cyberrisiken nehmen zu: Die Allianz Digitale Sicherheit Schweiz ver\u00f6ffentlicht deshalb einen neuen Cybersecurity-Check f\u00fcr KMU.","articlekey":"","footnotes":""},"categories":[582],"tags":[115,608,393,503],"class_list":["post-42585","post","type-post","status-publish","format-standard","has-post-thumbnail","hentry","category-operational-excellence","tag-checklisten","tag-cybersicherheit","tag-produkte","tag-verbaende"],"acf":[],"yoast_head":"<!-- This site is optimized with the Yoast SEO plugin v27.5 - https:\/\/yoast.com\/product\/yoast-seo-wordpress\/ -->\n<title>Einfach umsetzbare Massnahmen gegen wachsende Cyberrisiken - Organisator<\/title>\n<meta name=\"description\" content=\"Cyberrisiken nehmen zu: Die Allianz Digitale Sicherheit Schweiz ver\u00f6ffentlicht deshalb einen neuen Cybersecurity-Check f\u00fcr KMU.\" \/>\n<meta name=\"robots\" content=\"index, follow, max-snippet:-1, max-image-preview:large, max-video-preview:-1\" \/>\n<link rel=\"canonical\" href=\"https:\/\/www.organisator.ch\/it\/eccellenza-operativa\/2025-12-05\/einfach-umsetzbare-massnahmen-gegen-wachsende-cyberrisiken\/\" \/>\n<meta property=\"og:locale\" content=\"it_IT\" \/>\n<meta property=\"og:type\" content=\"article\" \/>\n<meta property=\"og:title\" content=\"Einfach umsetzbare Massnahmen gegen wachsende Cyberrisiken\" \/>\n<meta property=\"og:description\" content=\"Cyberrisiken nehmen zu: Die Allianz Digitale Sicherheit Schweiz ver\u00f6ffentlicht deshalb einen neuen Cybersecurity-Check f\u00fcr KMU.\" \/>\n<meta property=\"og:url\" content=\"https:\/\/www.organisator.ch\/it\/eccellenza-operativa\/2025-12-05\/einfach-umsetzbare-massnahmen-gegen-wachsende-cyberrisiken\/\" \/>\n<meta property=\"og:site_name\" content=\"Organisator\" \/>\n<meta property=\"article:publisher\" content=\"https:\/\/www.facebook.com\/OrganisatorFachmagazin\" \/>\n<meta property=\"article:published_time\" content=\"2025-12-05T07:19:07+00:00\" \/>\n<meta property=\"og:image\" content=\"https:\/\/www.organisator.ch\/wp-content\/uploads\/2025\/12\/Einfach-umsetzbare-Massnahmen-gegen-wachsende-Cyberrisiken_Organisator.jpg\" \/>\n\t<meta property=\"og:image:width\" content=\"680\" \/>\n\t<meta property=\"og:image:height\" content=\"497\" \/>\n\t<meta property=\"og:image:type\" content=\"image\/jpeg\" \/>\n<meta name=\"author\" content=\"thomas.berner\" \/>\n<meta name=\"twitter:card\" content=\"summary_large_image\" \/>\n<meta name=\"twitter:title\" content=\"Einfach umsetzbare Massnahmen gegen wachsende #Cyberrisiken\" \/>\n<meta name=\"twitter:description\" content=\"#Cyberrisiken nehmen zu: Die Allianz Digitale Sicherheit Schweiz ver\u00f6ffentlicht deshalb einen neuen #Cybersecurity-Check f\u00fcr KMU.\" \/>\n<meta name=\"twitter:image\" content=\"https:\/\/www.organisator.ch\/wp-content\/uploads\/2025\/12\/Einfach-umsetzbare-Massnahmen-gegen-wachsende-Cyberrisiken_Organisator.jpg\" \/>\n<script type=\"application\/ld+json\" class=\"yoast-schema-graph\">{\"@context\":\"https:\\\/\\\/schema.org\",\"@graph\":[{\"@type\":\"Article\",\"@id\":\"https:\\\/\\\/www.organisator.ch\\\/operational-excellence\\\/2025-12-05\\\/einfach-umsetzbare-massnahmen-gegen-wachsende-cyberrisiken\\\/#article\",\"isPartOf\":{\"@id\":\"https:\\\/\\\/www.organisator.ch\\\/operational-excellence\\\/2025-12-05\\\/einfach-umsetzbare-massnahmen-gegen-wachsende-cyberrisiken\\\/\"},\"author\":{\"name\":\"thomas.berner\",\"@id\":\"https:\\\/\\\/www.organisator.ch\\\/#\\\/schema\\\/person\\\/6f650f90b2842cd4c0cc334b4e36f67e\"},\"headline\":\"Einfach umsetzbare Massnahmen gegen wachsende Cyberrisiken\",\"datePublished\":\"2025-12-05T07:19:07+00:00\",\"mainEntityOfPage\":{\"@id\":\"https:\\\/\\\/www.organisator.ch\\\/operational-excellence\\\/2025-12-05\\\/einfach-umsetzbare-massnahmen-gegen-wachsende-cyberrisiken\\\/\"},\"wordCount\":418,\"publisher\":{\"@id\":\"https:\\\/\\\/www.organisator.ch\\\/#organization\"},\"image\":{\"@id\":\"https:\\\/\\\/www.organisator.ch\\\/operational-excellence\\\/2025-12-05\\\/einfach-umsetzbare-massnahmen-gegen-wachsende-cyberrisiken\\\/#primaryimage\"},\"thumbnailUrl\":\"https:\\\/\\\/www.organisator.ch\\\/wp-content\\\/uploads\\\/2025\\\/12\\\/Einfach-umsetzbare-Massnahmen-gegen-wachsende-Cyberrisiken_Organisator.jpg\",\"keywords\":[\"Checklisten\",\"Cybersicherheit\",\"Produkte\",\"Verb\u00e4nde\"],\"articleSection\":[\"OPERATIONAL EXCELLENCE\"],\"inLanguage\":\"it-IT\"},{\"@type\":\"WebPage\",\"@id\":\"https:\\\/\\\/www.organisator.ch\\\/operational-excellence\\\/2025-12-05\\\/einfach-umsetzbare-massnahmen-gegen-wachsende-cyberrisiken\\\/\",\"url\":\"https:\\\/\\\/www.organisator.ch\\\/operational-excellence\\\/2025-12-05\\\/einfach-umsetzbare-massnahmen-gegen-wachsende-cyberrisiken\\\/\",\"name\":\"Einfach umsetzbare Massnahmen gegen wachsende Cyberrisiken - Organisator\",\"isPartOf\":{\"@id\":\"https:\\\/\\\/www.organisator.ch\\\/#website\"},\"primaryImageOfPage\":{\"@id\":\"https:\\\/\\\/www.organisator.ch\\\/operational-excellence\\\/2025-12-05\\\/einfach-umsetzbare-massnahmen-gegen-wachsende-cyberrisiken\\\/#primaryimage\"},\"image\":{\"@id\":\"https:\\\/\\\/www.organisator.ch\\\/operational-excellence\\\/2025-12-05\\\/einfach-umsetzbare-massnahmen-gegen-wachsende-cyberrisiken\\\/#primaryimage\"},\"thumbnailUrl\":\"https:\\\/\\\/www.organisator.ch\\\/wp-content\\\/uploads\\\/2025\\\/12\\\/Einfach-umsetzbare-Massnahmen-gegen-wachsende-Cyberrisiken_Organisator.jpg\",\"datePublished\":\"2025-12-05T07:19:07+00:00\",\"description\":\"Cyberrisiken nehmen zu: Die Allianz Digitale Sicherheit Schweiz ver\u00f6ffentlicht deshalb einen neuen Cybersecurity-Check f\u00fcr KMU.\",\"breadcrumb\":{\"@id\":\"https:\\\/\\\/www.organisator.ch\\\/operational-excellence\\\/2025-12-05\\\/einfach-umsetzbare-massnahmen-gegen-wachsende-cyberrisiken\\\/#breadcrumb\"},\"inLanguage\":\"it-IT\",\"potentialAction\":[{\"@type\":\"ReadAction\",\"target\":[\"https:\\\/\\\/www.organisator.ch\\\/operational-excellence\\\/2025-12-05\\\/einfach-umsetzbare-massnahmen-gegen-wachsende-cyberrisiken\\\/\"]}]},{\"@type\":\"ImageObject\",\"inLanguage\":\"it-IT\",\"@id\":\"https:\\\/\\\/www.organisator.ch\\\/operational-excellence\\\/2025-12-05\\\/einfach-umsetzbare-massnahmen-gegen-wachsende-cyberrisiken\\\/#primaryimage\",\"url\":\"https:\\\/\\\/www.organisator.ch\\\/wp-content\\\/uploads\\\/2025\\\/12\\\/Einfach-umsetzbare-Massnahmen-gegen-wachsende-Cyberrisiken_Organisator.jpg\",\"contentUrl\":\"https:\\\/\\\/www.organisator.ch\\\/wp-content\\\/uploads\\\/2025\\\/12\\\/Einfach-umsetzbare-Massnahmen-gegen-wachsende-Cyberrisiken_Organisator.jpg\",\"width\":680,\"height\":497,\"caption\":\"Cyberrisiken nehmen zu: Die Allianz Digitale Sicherheit Schweiz ver\u00f6ffentlicht deshalb einen neuen Cybersecurity-Check f\u00fcr KMU. (Bild: Depositphotos.com)\"},{\"@type\":\"BreadcrumbList\",\"@id\":\"https:\\\/\\\/www.organisator.ch\\\/operational-excellence\\\/2025-12-05\\\/einfach-umsetzbare-massnahmen-gegen-wachsende-cyberrisiken\\\/#breadcrumb\",\"itemListElement\":[{\"@type\":\"ListItem\",\"position\":1,\"name\":\"Home\",\"item\":\"https:\\\/\\\/www.organisator.ch\\\/\"},{\"@type\":\"ListItem\",\"position\":2,\"name\":\"Einfach umsetzbare Massnahmen gegen wachsende Cyberrisiken\"}]},{\"@type\":\"WebSite\",\"@id\":\"https:\\\/\\\/www.organisator.ch\\\/#website\",\"url\":\"https:\\\/\\\/www.organisator.ch\\\/\",\"name\":\"Organisator\",\"description\":\"Kompetent. Praxisnah. Der ORGANISATOR bereitet in 10 Ausgaben pro Jahr die wesentlichen Themen f\u00fcr F\u00fchrungskr\u00e4fte von KMU auf.\",\"publisher\":{\"@id\":\"https:\\\/\\\/www.organisator.ch\\\/#organization\"},\"potentialAction\":[{\"@type\":\"SearchAction\",\"target\":{\"@type\":\"EntryPoint\",\"urlTemplate\":\"https:\\\/\\\/www.organisator.ch\\\/?s={search_term_string}\"},\"query-input\":{\"@type\":\"PropertyValueSpecification\",\"valueRequired\":true,\"valueName\":\"search_term_string\"}}],\"inLanguage\":\"it-IT\"},{\"@type\":\"Organization\",\"@id\":\"https:\\\/\\\/www.organisator.ch\\\/#organization\",\"name\":\"Organisator\",\"url\":\"https:\\\/\\\/www.organisator.ch\\\/\",\"logo\":{\"@type\":\"ImageObject\",\"inLanguage\":\"it-IT\",\"@id\":\"https:\\\/\\\/www.organisator.ch\\\/#\\\/schema\\\/logo\\\/image\\\/\",\"url\":\"https:\\\/\\\/www.organisator.ch\\\/wp-content\\\/uploads\\\/2022\\\/01\\\/Logo_Organisator_Website.png\",\"contentUrl\":\"https:\\\/\\\/www.organisator.ch\\\/wp-content\\\/uploads\\\/2022\\\/01\\\/Logo_Organisator_Website.png\",\"width\":800,\"height\":77,\"caption\":\"Organisator\"},\"image\":{\"@id\":\"https:\\\/\\\/www.organisator.ch\\\/#\\\/schema\\\/logo\\\/image\\\/\"},\"sameAs\":[\"https:\\\/\\\/www.facebook.com\\\/OrganisatorFachmagazin\",\"https:\\\/\\\/www.linkedin.com\\\/showcase\\\/organisator-das-magazin-fr-kmu\",\"https:\\\/\\\/www.xing.com\\\/news\\\/pages\\\/organisator-ch-695\",\"https:\\\/\\\/www.youtube.com\\\/channel\\\/UCGP2Sq0iWaZwT3BdIAQFYpw\"]},{\"@type\":\"Person\",\"@id\":\"https:\\\/\\\/www.organisator.ch\\\/#\\\/schema\\\/person\\\/6f650f90b2842cd4c0cc334b4e36f67e\",\"name\":\"thomas.berner\",\"image\":{\"@type\":\"ImageObject\",\"inLanguage\":\"it-IT\",\"@id\":\"https:\\\/\\\/secure.gravatar.com\\\/avatar\\\/ac5001d2a36cb6c6cd3e50789007ffca834b477b74a2144564522e944eabff61?s=96&d=mm&r=g\",\"url\":\"https:\\\/\\\/secure.gravatar.com\\\/avatar\\\/ac5001d2a36cb6c6cd3e50789007ffca834b477b74a2144564522e944eabff61?s=96&d=mm&r=g\",\"contentUrl\":\"https:\\\/\\\/secure.gravatar.com\\\/avatar\\\/ac5001d2a36cb6c6cd3e50789007ffca834b477b74a2144564522e944eabff61?s=96&d=mm&r=g\",\"caption\":\"thomas.berner\"},\"url\":\"https:\\\/\\\/www.organisator.ch\\\/it\\\/author\\\/thomas-berner\\\/\"}]}<\/script>\n<!-- \/ Yoast SEO plugin. -->","yoast_head_json":{"title":"Misure facilmente attuabili contro i crescenti rischi informatici - Organizzatore","description":"I rischi informatici sono in aumento: l'Alleanza per la sicurezza digitale in Svizzera pubblica quindi un nuovo controllo della sicurezza informatica per le PMI.","robots":{"index":"index","follow":"follow","max-snippet":"max-snippet:-1","max-image-preview":"max-image-preview:large","max-video-preview":"max-video-preview:-1"},"canonical":"https:\/\/www.organisator.ch\/it\/eccellenza-operativa\/2025-12-05\/einfach-umsetzbare-massnahmen-gegen-wachsende-cyberrisiken\/","og_locale":"it_IT","og_type":"article","og_title":"Einfach umsetzbare Massnahmen gegen wachsende Cyberrisiken","og_description":"Cyberrisiken nehmen zu: Die Allianz Digitale Sicherheit Schweiz ver\u00f6ffentlicht deshalb einen neuen Cybersecurity-Check f\u00fcr KMU.","og_url":"https:\/\/www.organisator.ch\/it\/eccellenza-operativa\/2025-12-05\/einfach-umsetzbare-massnahmen-gegen-wachsende-cyberrisiken\/","og_site_name":"Organisator","article_publisher":"https:\/\/www.facebook.com\/OrganisatorFachmagazin","article_published_time":"2025-12-05T07:19:07+00:00","og_image":[{"width":680,"height":497,"url":"https:\/\/www.organisator.ch\/wp-content\/uploads\/2025\/12\/Einfach-umsetzbare-Massnahmen-gegen-wachsende-Cyberrisiken_Organisator.jpg","type":"image\/jpeg"}],"author":"thomas.berner","twitter_card":"summary_large_image","twitter_title":"Einfach umsetzbare Massnahmen gegen wachsende #Cyberrisiken","twitter_description":"#Cyberrisiken nehmen zu: Die Allianz Digitale Sicherheit Schweiz ver\u00f6ffentlicht deshalb einen neuen #Cybersecurity-Check f\u00fcr KMU.","twitter_image":"https:\/\/www.organisator.ch\/wp-content\/uploads\/2025\/12\/Einfach-umsetzbare-Massnahmen-gegen-wachsende-Cyberrisiken_Organisator.jpg","schema":{"@context":"https:\/\/schema.org","@graph":[{"@type":"Article","@id":"https:\/\/www.organisator.ch\/operational-excellence\/2025-12-05\/einfach-umsetzbare-massnahmen-gegen-wachsende-cyberrisiken\/#article","isPartOf":{"@id":"https:\/\/www.organisator.ch\/operational-excellence\/2025-12-05\/einfach-umsetzbare-massnahmen-gegen-wachsende-cyberrisiken\/"},"author":{"name":"thomas.berner","@id":"https:\/\/www.organisator.ch\/#\/schema\/person\/6f650f90b2842cd4c0cc334b4e36f67e"},"headline":"Einfach umsetzbare Massnahmen gegen wachsende Cyberrisiken","datePublished":"2025-12-05T07:19:07+00:00","mainEntityOfPage":{"@id":"https:\/\/www.organisator.ch\/operational-excellence\/2025-12-05\/einfach-umsetzbare-massnahmen-gegen-wachsende-cyberrisiken\/"},"wordCount":418,"publisher":{"@id":"https:\/\/www.organisator.ch\/#organization"},"image":{"@id":"https:\/\/www.organisator.ch\/operational-excellence\/2025-12-05\/einfach-umsetzbare-massnahmen-gegen-wachsende-cyberrisiken\/#primaryimage"},"thumbnailUrl":"https:\/\/www.organisator.ch\/wp-content\/uploads\/2025\/12\/Einfach-umsetzbare-Massnahmen-gegen-wachsende-Cyberrisiken_Organisator.jpg","keywords":["Checklisten","Cybersicherheit","Produkte","Verb\u00e4nde"],"articleSection":["OPERATIONAL EXCELLENCE"],"inLanguage":"it-IT"},{"@type":"WebPage","@id":"https:\/\/www.organisator.ch\/operational-excellence\/2025-12-05\/einfach-umsetzbare-massnahmen-gegen-wachsende-cyberrisiken\/","url":"https:\/\/www.organisator.ch\/operational-excellence\/2025-12-05\/einfach-umsetzbare-massnahmen-gegen-wachsende-cyberrisiken\/","name":"Misure facilmente attuabili contro i crescenti rischi informatici - Organizzatore","isPartOf":{"@id":"https:\/\/www.organisator.ch\/#website"},"primaryImageOfPage":{"@id":"https:\/\/www.organisator.ch\/operational-excellence\/2025-12-05\/einfach-umsetzbare-massnahmen-gegen-wachsende-cyberrisiken\/#primaryimage"},"image":{"@id":"https:\/\/www.organisator.ch\/operational-excellence\/2025-12-05\/einfach-umsetzbare-massnahmen-gegen-wachsende-cyberrisiken\/#primaryimage"},"thumbnailUrl":"https:\/\/www.organisator.ch\/wp-content\/uploads\/2025\/12\/Einfach-umsetzbare-Massnahmen-gegen-wachsende-Cyberrisiken_Organisator.jpg","datePublished":"2025-12-05T07:19:07+00:00","description":"I rischi informatici sono in aumento: l'Alleanza per la sicurezza digitale in Svizzera pubblica quindi un nuovo controllo della sicurezza informatica per le PMI.","breadcrumb":{"@id":"https:\/\/www.organisator.ch\/operational-excellence\/2025-12-05\/einfach-umsetzbare-massnahmen-gegen-wachsende-cyberrisiken\/#breadcrumb"},"inLanguage":"it-IT","potentialAction":[{"@type":"ReadAction","target":["https:\/\/www.organisator.ch\/operational-excellence\/2025-12-05\/einfach-umsetzbare-massnahmen-gegen-wachsende-cyberrisiken\/"]}]},{"@type":"ImageObject","inLanguage":"it-IT","@id":"https:\/\/www.organisator.ch\/operational-excellence\/2025-12-05\/einfach-umsetzbare-massnahmen-gegen-wachsende-cyberrisiken\/#primaryimage","url":"https:\/\/www.organisator.ch\/wp-content\/uploads\/2025\/12\/Einfach-umsetzbare-Massnahmen-gegen-wachsende-Cyberrisiken_Organisator.jpg","contentUrl":"https:\/\/www.organisator.ch\/wp-content\/uploads\/2025\/12\/Einfach-umsetzbare-Massnahmen-gegen-wachsende-Cyberrisiken_Organisator.jpg","width":680,"height":497,"caption":"Cyberrisiken nehmen zu: Die Allianz Digitale Sicherheit Schweiz ver\u00f6ffentlicht deshalb einen neuen Cybersecurity-Check f\u00fcr KMU. (Bild: Depositphotos.com)"},{"@type":"BreadcrumbList","@id":"https:\/\/www.organisator.ch\/operational-excellence\/2025-12-05\/einfach-umsetzbare-massnahmen-gegen-wachsende-cyberrisiken\/#breadcrumb","itemListElement":[{"@type":"ListItem","position":1,"name":"Home","item":"https:\/\/www.organisator.ch\/"},{"@type":"ListItem","position":2,"name":"Einfach umsetzbare Massnahmen gegen wachsende Cyberrisiken"}]},{"@type":"WebSite","@id":"https:\/\/www.organisator.ch\/#website","url":"https:\/\/www.organisator.ch\/","name":"Organizzatore","description":"Competente. Pratico. In 10 numeri all'anno, ORGANISATOR presenta i temi essenziali per i manager delle PMI.","publisher":{"@id":"https:\/\/www.organisator.ch\/#organization"},"potentialAction":[{"@type":"SearchAction","target":{"@type":"EntryPoint","urlTemplate":"https:\/\/www.organisator.ch\/?s={search_term_string}"},"query-input":{"@type":"PropertyValueSpecification","valueRequired":true,"valueName":"search_term_string"}}],"inLanguage":"it-IT"},{"@type":"Organization","@id":"https:\/\/www.organisator.ch\/#organization","name":"Organizzatore","url":"https:\/\/www.organisator.ch\/","logo":{"@type":"ImageObject","inLanguage":"it-IT","@id":"https:\/\/www.organisator.ch\/#\/schema\/logo\/image\/","url":"https:\/\/www.organisator.ch\/wp-content\/uploads\/2022\/01\/Logo_Organisator_Website.png","contentUrl":"https:\/\/www.organisator.ch\/wp-content\/uploads\/2022\/01\/Logo_Organisator_Website.png","width":800,"height":77,"caption":"Organisator"},"image":{"@id":"https:\/\/www.organisator.ch\/#\/schema\/logo\/image\/"},"sameAs":["https:\/\/www.facebook.com\/OrganisatorFachmagazin","https:\/\/www.linkedin.com\/showcase\/organisator-das-magazin-fr-kmu","https:\/\/www.xing.com\/news\/pages\/organisator-ch-695","https:\/\/www.youtube.com\/channel\/UCGP2Sq0iWaZwT3BdIAQFYpw"]},{"@type":"Person","@id":"https:\/\/www.organisator.ch\/#\/schema\/person\/6f650f90b2842cd4c0cc334b4e36f67e","name":"Tommaso.berner","image":{"@type":"ImageObject","inLanguage":"it-IT","@id":"https:\/\/secure.gravatar.com\/avatar\/ac5001d2a36cb6c6cd3e50789007ffca834b477b74a2144564522e944eabff61?s=96&d=mm&r=g","url":"https:\/\/secure.gravatar.com\/avatar\/ac5001d2a36cb6c6cd3e50789007ffca834b477b74a2144564522e944eabff61?s=96&d=mm&r=g","contentUrl":"https:\/\/secure.gravatar.com\/avatar\/ac5001d2a36cb6c6cd3e50789007ffca834b477b74a2144564522e944eabff61?s=96&d=mm&r=g","caption":"thomas.berner"},"url":"https:\/\/www.organisator.ch\/it\/author\/thomas-berner\/"}]}},"_links":{"self":[{"href":"https:\/\/www.organisator.ch\/it\/wp-json\/wp\/v2\/posts\/42585","targetHints":{"allow":["GET"]}}],"collection":[{"href":"https:\/\/www.organisator.ch\/it\/wp-json\/wp\/v2\/posts"}],"about":[{"href":"https:\/\/www.organisator.ch\/it\/wp-json\/wp\/v2\/types\/post"}],"author":[{"embeddable":true,"href":"https:\/\/www.organisator.ch\/it\/wp-json\/wp\/v2\/users\/4"}],"replies":[{"embeddable":true,"href":"https:\/\/www.organisator.ch\/it\/wp-json\/wp\/v2\/comments?post=42585"}],"version-history":[{"count":1,"href":"https:\/\/www.organisator.ch\/it\/wp-json\/wp\/v2\/posts\/42585\/revisions"}],"predecessor-version":[{"id":42587,"href":"https:\/\/www.organisator.ch\/it\/wp-json\/wp\/v2\/posts\/42585\/revisions\/42587"}],"wp:featuredmedia":[{"embeddable":true,"href":"https:\/\/www.organisator.ch\/it\/wp-json\/wp\/v2\/media\/42586"}],"wp:attachment":[{"href":"https:\/\/www.organisator.ch\/it\/wp-json\/wp\/v2\/media?parent=42585"}],"wp:term":[{"taxonomy":"category","embeddable":true,"href":"https:\/\/www.organisator.ch\/it\/wp-json\/wp\/v2\/categories?post=42585"},{"taxonomy":"post_tag","embeddable":true,"href":"https:\/\/www.organisator.ch\/it\/wp-json\/wp\/v2\/tags?post=42585"}],"curies":[{"name":"wp","href":"https:\/\/api.w.org\/{rel}","templated":true}]}}