{"id":42589,"date":"2025-12-05T09:09:22","date_gmt":"2025-12-05T08:09:22","guid":{"rendered":"https:\/\/www.organisator.ch\/?p=42589"},"modified":"2025-12-05T09:10:07","modified_gmt":"2025-12-05T08:10:07","slug":"neue-studienrichtung-der-fhnw-staerkt-digitale-infrastruktur","status":"publish","type":"post","link":"https:\/\/www.organisator.ch\/it\/weiterbildung\/2025-12-05\/neue-studienrichtung-der-fhnw-staerkt-digitale-infrastruktur\/","title":{"rendered":"Il nuovo corso di studi della FHNW rafforza l'infrastruttura digitale"},"content":{"rendered":"<figure id=\"attachment_42590\" aria-describedby=\"caption-attachment-42590\" style=\"width: 680px\" class=\"wp-caption alignnone\"><img loading=\"lazy\" decoding=\"async\" class=\"size-full wp-image-42590\" src=\"https:\/\/www.organisator.ch\/wp-content\/uploads\/2025\/12\/Neue-Studienrichtung-der-FHNW-staerkt-digitale-Infrastruktur_Organisator.jpg\" alt=\"\" width=\"680\" height=\"454\" srcset=\"https:\/\/www.organisator.ch\/wp-content\/uploads\/2025\/12\/Neue-Studienrichtung-der-FHNW-staerkt-digitale-Infrastruktur_Organisator.jpg 680w, https:\/\/www.organisator.ch\/wp-content\/uploads\/2025\/12\/Neue-Studienrichtung-der-FHNW-staerkt-digitale-Infrastruktur_Organisator-18x12.jpg 18w, https:\/\/www.organisator.ch\/wp-content\/uploads\/2025\/12\/Neue-Studienrichtung-der-FHNW-staerkt-digitale-Infrastruktur_Organisator-375x250.jpg 375w, https:\/\/www.organisator.ch\/wp-content\/uploads\/2025\/12\/Neue-Studienrichtung-der-FHNW-staerkt-digitale-Infrastruktur_Organisator-524x350.jpg 524w\" sizes=\"auto, (max-width: 680px) 100vw, 680px\" \/><figcaption id=\"caption-attachment-42590\" class=\"wp-caption-text\">A partire dal semestre primaverile 2026, la FHNW offrir\u00e0 un nuovo corso di laurea in Security, Platforms &amp; DevOps. (Immagine simbolica; Depositphotos.com)<\/figcaption><\/figure>\n<p>L'infrastruttura digitale di aziende, autorit\u00e0 e organizzazioni \u00e8 oggi sottoposta a forte pressione: gli attacchi informatici sono in aumento, i panorami software diventano sempre pi\u00f9 complessi e la necessit\u00e0 di piattaforme affidabili e scalabili cresce rapidamente. Il mercato richiede personale qualificato in grado di pensare in modo olistico alla sicurezza, al funzionamento e allo sviluppo.<\/p>\n<p>Per rispondere in modo mirato a questa crescente domanda, a partire dal semestre primaverile 2026 la Scuola universitaria professionale di informatica FHNW offrir\u00e0 il nuovo corso di studi Security, Platforms &amp; DevOps. Il corso fa parte del Bachelor of Science FHNW in Informatica e si rivolge a coloro che non solo sviluppano software, ma desiderano anche gestirlo in modo sicuro e svilupparlo continuamente durante tutto il suo ciclo di vita.<\/p>\n<p>Con un focus sulla sicurezza digitale, sulle tecnologie di piattaforma e sull'architettura software flessibile, questo corso di studi trasmette le competenze necessarie per rendere le infrastrutture digitali sicure, scalabili e sostenibili. Gli studenti imparano a progettare sistemi robusti, a riconoscere i rischi informatici e a gestire ambienti software produttivi in collaborazione con partner pratici.<\/p>\n<p>Gi\u00e0 nelle prime fasi del corso di studi, gli studenti approfondiscono le loro conoscenze in settori quali la sicurezza informatica, le tecnologie cloud e DevOps. Circa il 40% del corso di studi \u00e8 incentrato su questi argomenti. La combinazione di basi solide, specializzazione orientata alla pratica e lavoro di squadra prepara in modo ottimale i laureati all'ingresso nel mondo del lavoro. Il corso di studi offre quindi una risposta mirata alla crescente domanda di personale qualificato in questo settore.<\/p>\n<p>Il corso di studi inizier\u00e0 nel febbraio 2026 nella sede di Brugg-Windisch e potr\u00e0 essere frequentato in diversi modelli, da quello a tempo pieno a quello parallelo all'attivit\u00e0 lavorativa.<\/p>\n<p><em>Fonte: <a href=\"http:\/\/www.fhnw.ch\">FHNW<\/a><\/em><\/p>","protected":false},"excerpt":{"rendered":"<p>Nel febbraio 2026, la Scuola universitaria professionale di informatica FHNW avvier\u00e0 il nuovo corso di studi \u00abSecurity, Platforms &amp; DevOps\u00bb. Il corso si concentrer\u00e0 sull'interazione tra sviluppo software, funzionamento e sicurezza. <\/p>","protected":false},"author":4,"featured_media":42590,"comment_status":"closed","ping_status":"closed","sticky":false,"template":"","format":"standard","meta":{"_acf_changed":false,"_yoast_wpseo_focuskw":"Studienrichtung","_yoast_wpseo_metadesc":"Die Hochschule f\u00fcr Informatik FHNW startet im Februar 2026 mit der neuen Studienrichtung \u00abSecurity, Platforms & DevOps\u00bb.","articlekey":"","footnotes":""},"categories":[30],"tags":[62,192,4310],"class_list":["post-42589","post","type-post","status-publish","format-standard","has-post-thumbnail","hentry","category-weiterbildung","tag-aus-weiterbildung","tag-fachhochschulen","tag-informatik"],"acf":[],"yoast_head":"<!-- This site is optimized with the Yoast SEO plugin v27.4 - https:\/\/yoast.com\/product\/yoast-seo-wordpress\/ -->\n<title>Neue Studienrichtung der FHNW st\u00e4rkt digitale Infrastruktur - Organisator<\/title>\n<meta name=\"description\" content=\"Die Hochschule f\u00fcr Informatik FHNW startet im Februar 2026 mit der neuen Studienrichtung \u00abSecurity, Platforms &amp; DevOps\u00bb.\" \/>\n<meta name=\"robots\" content=\"index, follow, max-snippet:-1, max-image-preview:large, max-video-preview:-1\" \/>\n<link rel=\"canonical\" href=\"https:\/\/www.organisator.ch\/it\/formazione-continua\/2025-12-05\/neue-studienrichtung-der-fhnw-staerkt-digitale-infrastruktur\/\" \/>\n<meta property=\"og:locale\" content=\"it_IT\" \/>\n<meta property=\"og:type\" content=\"article\" \/>\n<meta property=\"og:title\" content=\"Neue Studienrichtung der FHNW st\u00e4rkt digitale Infrastruktur\" \/>\n<meta property=\"og:description\" content=\"Die Hochschule f\u00fcr Informatik FHNW startet im Februar 2026 mit der neuen Studienrichtung \u00abSecurity, Platforms &amp; DevOps\u00bb.\" \/>\n<meta property=\"og:url\" content=\"https:\/\/www.organisator.ch\/it\/formazione-continua\/2025-12-05\/neue-studienrichtung-der-fhnw-staerkt-digitale-infrastruktur\/\" \/>\n<meta property=\"og:site_name\" content=\"Organisator\" \/>\n<meta property=\"article:publisher\" content=\"https:\/\/www.facebook.com\/OrganisatorFachmagazin\" \/>\n<meta property=\"article:published_time\" content=\"2025-12-05T08:09:22+00:00\" \/>\n<meta property=\"article:modified_time\" content=\"2025-12-05T08:10:07+00:00\" \/>\n<meta property=\"og:image\" content=\"https:\/\/www.organisator.ch\/wp-content\/uploads\/2025\/12\/Neue-Studienrichtung-der-FHNW-staerkt-digitale-Infrastruktur_Organisator.jpg\" \/>\n\t<meta property=\"og:image:width\" content=\"680\" \/>\n\t<meta property=\"og:image:height\" content=\"454\" \/>\n\t<meta property=\"og:image:type\" content=\"image\/jpeg\" \/>\n<meta name=\"author\" content=\"thomas.berner\" \/>\n<meta name=\"twitter:card\" content=\"summary_large_image\" \/>\n<meta name=\"twitter:title\" content=\"Neue #Studienrichtung der #FHNW st\u00e4rkt digitale Infrastruktur\" \/>\n<meta name=\"twitter:description\" content=\"Die Hochschule f\u00fcr Informatik #FHNW startet im Februar 2026 mit der neuen #Studienrichtung \u00abSecurity, Platforms &amp; DevOps\u00bb.\" \/>\n<meta name=\"twitter:image\" content=\"https:\/\/www.organisator.ch\/wp-content\/uploads\/2025\/12\/Neue-Studienrichtung-der-FHNW-staerkt-digitale-Infrastruktur_Organisator.jpg\" \/>\n<script type=\"application\/ld+json\" class=\"yoast-schema-graph\">{\"@context\":\"https:\\\/\\\/schema.org\",\"@graph\":[{\"@type\":\"Article\",\"@id\":\"https:\\\/\\\/www.organisator.ch\\\/weiterbildung\\\/2025-12-05\\\/neue-studienrichtung-der-fhnw-staerkt-digitale-infrastruktur\\\/#article\",\"isPartOf\":{\"@id\":\"https:\\\/\\\/www.organisator.ch\\\/weiterbildung\\\/2025-12-05\\\/neue-studienrichtung-der-fhnw-staerkt-digitale-infrastruktur\\\/\"},\"author\":{\"name\":\"thomas.berner\",\"@id\":\"https:\\\/\\\/www.organisator.ch\\\/#\\\/schema\\\/person\\\/6f650f90b2842cd4c0cc334b4e36f67e\"},\"headline\":\"Neue Studienrichtung der FHNW st\u00e4rkt digitale Infrastruktur\",\"datePublished\":\"2025-12-05T08:09:22+00:00\",\"dateModified\":\"2025-12-05T08:10:07+00:00\",\"mainEntityOfPage\":{\"@id\":\"https:\\\/\\\/www.organisator.ch\\\/weiterbildung\\\/2025-12-05\\\/neue-studienrichtung-der-fhnw-staerkt-digitale-infrastruktur\\\/\"},\"wordCount\":261,\"publisher\":{\"@id\":\"https:\\\/\\\/www.organisator.ch\\\/#organization\"},\"image\":{\"@id\":\"https:\\\/\\\/www.organisator.ch\\\/weiterbildung\\\/2025-12-05\\\/neue-studienrichtung-der-fhnw-staerkt-digitale-infrastruktur\\\/#primaryimage\"},\"thumbnailUrl\":\"https:\\\/\\\/www.organisator.ch\\\/wp-content\\\/uploads\\\/2025\\\/12\\\/Neue-Studienrichtung-der-FHNW-staerkt-digitale-Infrastruktur_Organisator.jpg\",\"keywords\":[\"Aus-\\\/Weiterbildung\",\"Fachhochschulen\",\"Informatik\"],\"articleSection\":[\"WEITERBILDUNG\"],\"inLanguage\":\"it-IT\"},{\"@type\":\"WebPage\",\"@id\":\"https:\\\/\\\/www.organisator.ch\\\/weiterbildung\\\/2025-12-05\\\/neue-studienrichtung-der-fhnw-staerkt-digitale-infrastruktur\\\/\",\"url\":\"https:\\\/\\\/www.organisator.ch\\\/weiterbildung\\\/2025-12-05\\\/neue-studienrichtung-der-fhnw-staerkt-digitale-infrastruktur\\\/\",\"name\":\"Neue Studienrichtung der FHNW st\u00e4rkt digitale Infrastruktur - Organisator\",\"isPartOf\":{\"@id\":\"https:\\\/\\\/www.organisator.ch\\\/#website\"},\"primaryImageOfPage\":{\"@id\":\"https:\\\/\\\/www.organisator.ch\\\/weiterbildung\\\/2025-12-05\\\/neue-studienrichtung-der-fhnw-staerkt-digitale-infrastruktur\\\/#primaryimage\"},\"image\":{\"@id\":\"https:\\\/\\\/www.organisator.ch\\\/weiterbildung\\\/2025-12-05\\\/neue-studienrichtung-der-fhnw-staerkt-digitale-infrastruktur\\\/#primaryimage\"},\"thumbnailUrl\":\"https:\\\/\\\/www.organisator.ch\\\/wp-content\\\/uploads\\\/2025\\\/12\\\/Neue-Studienrichtung-der-FHNW-staerkt-digitale-Infrastruktur_Organisator.jpg\",\"datePublished\":\"2025-12-05T08:09:22+00:00\",\"dateModified\":\"2025-12-05T08:10:07+00:00\",\"description\":\"Die Hochschule f\u00fcr Informatik FHNW startet im Februar 2026 mit der neuen Studienrichtung \u00abSecurity, Platforms & DevOps\u00bb.\",\"breadcrumb\":{\"@id\":\"https:\\\/\\\/www.organisator.ch\\\/weiterbildung\\\/2025-12-05\\\/neue-studienrichtung-der-fhnw-staerkt-digitale-infrastruktur\\\/#breadcrumb\"},\"inLanguage\":\"it-IT\",\"potentialAction\":[{\"@type\":\"ReadAction\",\"target\":[\"https:\\\/\\\/www.organisator.ch\\\/weiterbildung\\\/2025-12-05\\\/neue-studienrichtung-der-fhnw-staerkt-digitale-infrastruktur\\\/\"]}]},{\"@type\":\"ImageObject\",\"inLanguage\":\"it-IT\",\"@id\":\"https:\\\/\\\/www.organisator.ch\\\/weiterbildung\\\/2025-12-05\\\/neue-studienrichtung-der-fhnw-staerkt-digitale-infrastruktur\\\/#primaryimage\",\"url\":\"https:\\\/\\\/www.organisator.ch\\\/wp-content\\\/uploads\\\/2025\\\/12\\\/Neue-Studienrichtung-der-FHNW-staerkt-digitale-Infrastruktur_Organisator.jpg\",\"contentUrl\":\"https:\\\/\\\/www.organisator.ch\\\/wp-content\\\/uploads\\\/2025\\\/12\\\/Neue-Studienrichtung-der-FHNW-staerkt-digitale-Infrastruktur_Organisator.jpg\",\"width\":680,\"height\":454,\"caption\":\"Die FHNW bietet ab dem Fr\u00fchjahrsemester 2026 eine neue Studienrichtung Security, Platforms & DevOps an. (Symbolbild; Depositphotos.com)\"},{\"@type\":\"BreadcrumbList\",\"@id\":\"https:\\\/\\\/www.organisator.ch\\\/weiterbildung\\\/2025-12-05\\\/neue-studienrichtung-der-fhnw-staerkt-digitale-infrastruktur\\\/#breadcrumb\",\"itemListElement\":[{\"@type\":\"ListItem\",\"position\":1,\"name\":\"Home\",\"item\":\"https:\\\/\\\/www.organisator.ch\\\/\"},{\"@type\":\"ListItem\",\"position\":2,\"name\":\"Neue Studienrichtung der FHNW st\u00e4rkt digitale Infrastruktur\"}]},{\"@type\":\"WebSite\",\"@id\":\"https:\\\/\\\/www.organisator.ch\\\/#website\",\"url\":\"https:\\\/\\\/www.organisator.ch\\\/\",\"name\":\"Organisator\",\"description\":\"Kompetent. Praxisnah. Der ORGANISATOR bereitet in 10 Ausgaben pro Jahr die wesentlichen Themen f\u00fcr F\u00fchrungskr\u00e4fte von KMU auf.\",\"publisher\":{\"@id\":\"https:\\\/\\\/www.organisator.ch\\\/#organization\"},\"potentialAction\":[{\"@type\":\"SearchAction\",\"target\":{\"@type\":\"EntryPoint\",\"urlTemplate\":\"https:\\\/\\\/www.organisator.ch\\\/?s={search_term_string}\"},\"query-input\":{\"@type\":\"PropertyValueSpecification\",\"valueRequired\":true,\"valueName\":\"search_term_string\"}}],\"inLanguage\":\"it-IT\"},{\"@type\":\"Organization\",\"@id\":\"https:\\\/\\\/www.organisator.ch\\\/#organization\",\"name\":\"Organisator\",\"url\":\"https:\\\/\\\/www.organisator.ch\\\/\",\"logo\":{\"@type\":\"ImageObject\",\"inLanguage\":\"it-IT\",\"@id\":\"https:\\\/\\\/www.organisator.ch\\\/#\\\/schema\\\/logo\\\/image\\\/\",\"url\":\"https:\\\/\\\/www.organisator.ch\\\/wp-content\\\/uploads\\\/2022\\\/01\\\/Logo_Organisator_Website.png\",\"contentUrl\":\"https:\\\/\\\/www.organisator.ch\\\/wp-content\\\/uploads\\\/2022\\\/01\\\/Logo_Organisator_Website.png\",\"width\":800,\"height\":77,\"caption\":\"Organisator\"},\"image\":{\"@id\":\"https:\\\/\\\/www.organisator.ch\\\/#\\\/schema\\\/logo\\\/image\\\/\"},\"sameAs\":[\"https:\\\/\\\/www.facebook.com\\\/OrganisatorFachmagazin\",\"https:\\\/\\\/www.linkedin.com\\\/showcase\\\/organisator-das-magazin-fr-kmu\",\"https:\\\/\\\/www.xing.com\\\/news\\\/pages\\\/organisator-ch-695\",\"https:\\\/\\\/www.youtube.com\\\/channel\\\/UCGP2Sq0iWaZwT3BdIAQFYpw\"]},{\"@type\":\"Person\",\"@id\":\"https:\\\/\\\/www.organisator.ch\\\/#\\\/schema\\\/person\\\/6f650f90b2842cd4c0cc334b4e36f67e\",\"name\":\"thomas.berner\",\"image\":{\"@type\":\"ImageObject\",\"inLanguage\":\"it-IT\",\"@id\":\"https:\\\/\\\/secure.gravatar.com\\\/avatar\\\/ac5001d2a36cb6c6cd3e50789007ffca834b477b74a2144564522e944eabff61?s=96&d=mm&r=g\",\"url\":\"https:\\\/\\\/secure.gravatar.com\\\/avatar\\\/ac5001d2a36cb6c6cd3e50789007ffca834b477b74a2144564522e944eabff61?s=96&d=mm&r=g\",\"contentUrl\":\"https:\\\/\\\/secure.gravatar.com\\\/avatar\\\/ac5001d2a36cb6c6cd3e50789007ffca834b477b74a2144564522e944eabff61?s=96&d=mm&r=g\",\"caption\":\"thomas.berner\"},\"url\":\"https:\\\/\\\/www.organisator.ch\\\/it\\\/author\\\/thomas-berner\\\/\"}]}<\/script>\n<!-- \/ Yoast SEO plugin. -->","yoast_head_json":{"title":"Il nuovo corso di studi della FHNW rafforza l'infrastruttura digitale - Organizzatore","description":"La Scuola universitaria professionale di informatica FHNW avvier\u00e0 nel febbraio 2026 il nuovo corso di studi \u00abSecurity, Platforms &amp; DevOps\u00bb.","robots":{"index":"index","follow":"follow","max-snippet":"max-snippet:-1","max-image-preview":"max-image-preview:large","max-video-preview":"max-video-preview:-1"},"canonical":"https:\/\/www.organisator.ch\/it\/formazione-continua\/2025-12-05\/neue-studienrichtung-der-fhnw-staerkt-digitale-infrastruktur\/","og_locale":"it_IT","og_type":"article","og_title":"Neue Studienrichtung der FHNW st\u00e4rkt digitale Infrastruktur","og_description":"Die Hochschule f\u00fcr Informatik FHNW startet im Februar 2026 mit der neuen Studienrichtung \u00abSecurity, Platforms & DevOps\u00bb.","og_url":"https:\/\/www.organisator.ch\/it\/formazione-continua\/2025-12-05\/neue-studienrichtung-der-fhnw-staerkt-digitale-infrastruktur\/","og_site_name":"Organisator","article_publisher":"https:\/\/www.facebook.com\/OrganisatorFachmagazin","article_published_time":"2025-12-05T08:09:22+00:00","article_modified_time":"2025-12-05T08:10:07+00:00","og_image":[{"width":680,"height":454,"url":"https:\/\/www.organisator.ch\/wp-content\/uploads\/2025\/12\/Neue-Studienrichtung-der-FHNW-staerkt-digitale-Infrastruktur_Organisator.jpg","type":"image\/jpeg"}],"author":"thomas.berner","twitter_card":"summary_large_image","twitter_title":"Neue #Studienrichtung der #FHNW st\u00e4rkt digitale Infrastruktur","twitter_description":"Die Hochschule f\u00fcr Informatik #FHNW startet im Februar 2026 mit der neuen #Studienrichtung \u00abSecurity, Platforms & DevOps\u00bb.","twitter_image":"https:\/\/www.organisator.ch\/wp-content\/uploads\/2025\/12\/Neue-Studienrichtung-der-FHNW-staerkt-digitale-Infrastruktur_Organisator.jpg","schema":{"@context":"https:\/\/schema.org","@graph":[{"@type":"Article","@id":"https:\/\/www.organisator.ch\/weiterbildung\/2025-12-05\/neue-studienrichtung-der-fhnw-staerkt-digitale-infrastruktur\/#article","isPartOf":{"@id":"https:\/\/www.organisator.ch\/weiterbildung\/2025-12-05\/neue-studienrichtung-der-fhnw-staerkt-digitale-infrastruktur\/"},"author":{"name":"thomas.berner","@id":"https:\/\/www.organisator.ch\/#\/schema\/person\/6f650f90b2842cd4c0cc334b4e36f67e"},"headline":"Neue Studienrichtung der FHNW st\u00e4rkt digitale Infrastruktur","datePublished":"2025-12-05T08:09:22+00:00","dateModified":"2025-12-05T08:10:07+00:00","mainEntityOfPage":{"@id":"https:\/\/www.organisator.ch\/weiterbildung\/2025-12-05\/neue-studienrichtung-der-fhnw-staerkt-digitale-infrastruktur\/"},"wordCount":261,"publisher":{"@id":"https:\/\/www.organisator.ch\/#organization"},"image":{"@id":"https:\/\/www.organisator.ch\/weiterbildung\/2025-12-05\/neue-studienrichtung-der-fhnw-staerkt-digitale-infrastruktur\/#primaryimage"},"thumbnailUrl":"https:\/\/www.organisator.ch\/wp-content\/uploads\/2025\/12\/Neue-Studienrichtung-der-FHNW-staerkt-digitale-Infrastruktur_Organisator.jpg","keywords":["Aus-\/Weiterbildung","Fachhochschulen","Informatik"],"articleSection":["WEITERBILDUNG"],"inLanguage":"it-IT"},{"@type":"WebPage","@id":"https:\/\/www.organisator.ch\/weiterbildung\/2025-12-05\/neue-studienrichtung-der-fhnw-staerkt-digitale-infrastruktur\/","url":"https:\/\/www.organisator.ch\/weiterbildung\/2025-12-05\/neue-studienrichtung-der-fhnw-staerkt-digitale-infrastruktur\/","name":"Il nuovo corso di studi della FHNW rafforza l'infrastruttura digitale - Organizzatore","isPartOf":{"@id":"https:\/\/www.organisator.ch\/#website"},"primaryImageOfPage":{"@id":"https:\/\/www.organisator.ch\/weiterbildung\/2025-12-05\/neue-studienrichtung-der-fhnw-staerkt-digitale-infrastruktur\/#primaryimage"},"image":{"@id":"https:\/\/www.organisator.ch\/weiterbildung\/2025-12-05\/neue-studienrichtung-der-fhnw-staerkt-digitale-infrastruktur\/#primaryimage"},"thumbnailUrl":"https:\/\/www.organisator.ch\/wp-content\/uploads\/2025\/12\/Neue-Studienrichtung-der-FHNW-staerkt-digitale-Infrastruktur_Organisator.jpg","datePublished":"2025-12-05T08:09:22+00:00","dateModified":"2025-12-05T08:10:07+00:00","description":"La Scuola universitaria professionale di informatica FHNW avvier\u00e0 nel febbraio 2026 il nuovo corso di studi \u00abSecurity, Platforms &amp; DevOps\u00bb.","breadcrumb":{"@id":"https:\/\/www.organisator.ch\/weiterbildung\/2025-12-05\/neue-studienrichtung-der-fhnw-staerkt-digitale-infrastruktur\/#breadcrumb"},"inLanguage":"it-IT","potentialAction":[{"@type":"ReadAction","target":["https:\/\/www.organisator.ch\/weiterbildung\/2025-12-05\/neue-studienrichtung-der-fhnw-staerkt-digitale-infrastruktur\/"]}]},{"@type":"ImageObject","inLanguage":"it-IT","@id":"https:\/\/www.organisator.ch\/weiterbildung\/2025-12-05\/neue-studienrichtung-der-fhnw-staerkt-digitale-infrastruktur\/#primaryimage","url":"https:\/\/www.organisator.ch\/wp-content\/uploads\/2025\/12\/Neue-Studienrichtung-der-FHNW-staerkt-digitale-Infrastruktur_Organisator.jpg","contentUrl":"https:\/\/www.organisator.ch\/wp-content\/uploads\/2025\/12\/Neue-Studienrichtung-der-FHNW-staerkt-digitale-Infrastruktur_Organisator.jpg","width":680,"height":454,"caption":"Die FHNW bietet ab dem Fr\u00fchjahrsemester 2026 eine neue Studienrichtung Security, Platforms & DevOps an. (Symbolbild; Depositphotos.com)"},{"@type":"BreadcrumbList","@id":"https:\/\/www.organisator.ch\/weiterbildung\/2025-12-05\/neue-studienrichtung-der-fhnw-staerkt-digitale-infrastruktur\/#breadcrumb","itemListElement":[{"@type":"ListItem","position":1,"name":"Home","item":"https:\/\/www.organisator.ch\/"},{"@type":"ListItem","position":2,"name":"Neue Studienrichtung der FHNW st\u00e4rkt digitale Infrastruktur"}]},{"@type":"WebSite","@id":"https:\/\/www.organisator.ch\/#website","url":"https:\/\/www.organisator.ch\/","name":"Organizzatore","description":"Competente. Pratico. In 10 numeri all'anno, ORGANISATOR presenta i temi essenziali per i manager delle PMI.","publisher":{"@id":"https:\/\/www.organisator.ch\/#organization"},"potentialAction":[{"@type":"SearchAction","target":{"@type":"EntryPoint","urlTemplate":"https:\/\/www.organisator.ch\/?s={search_term_string}"},"query-input":{"@type":"PropertyValueSpecification","valueRequired":true,"valueName":"search_term_string"}}],"inLanguage":"it-IT"},{"@type":"Organization","@id":"https:\/\/www.organisator.ch\/#organization","name":"Organizzatore","url":"https:\/\/www.organisator.ch\/","logo":{"@type":"ImageObject","inLanguage":"it-IT","@id":"https:\/\/www.organisator.ch\/#\/schema\/logo\/image\/","url":"https:\/\/www.organisator.ch\/wp-content\/uploads\/2022\/01\/Logo_Organisator_Website.png","contentUrl":"https:\/\/www.organisator.ch\/wp-content\/uploads\/2022\/01\/Logo_Organisator_Website.png","width":800,"height":77,"caption":"Organisator"},"image":{"@id":"https:\/\/www.organisator.ch\/#\/schema\/logo\/image\/"},"sameAs":["https:\/\/www.facebook.com\/OrganisatorFachmagazin","https:\/\/www.linkedin.com\/showcase\/organisator-das-magazin-fr-kmu","https:\/\/www.xing.com\/news\/pages\/organisator-ch-695","https:\/\/www.youtube.com\/channel\/UCGP2Sq0iWaZwT3BdIAQFYpw"]},{"@type":"Person","@id":"https:\/\/www.organisator.ch\/#\/schema\/person\/6f650f90b2842cd4c0cc334b4e36f67e","name":"Tommaso.berner","image":{"@type":"ImageObject","inLanguage":"it-IT","@id":"https:\/\/secure.gravatar.com\/avatar\/ac5001d2a36cb6c6cd3e50789007ffca834b477b74a2144564522e944eabff61?s=96&d=mm&r=g","url":"https:\/\/secure.gravatar.com\/avatar\/ac5001d2a36cb6c6cd3e50789007ffca834b477b74a2144564522e944eabff61?s=96&d=mm&r=g","contentUrl":"https:\/\/secure.gravatar.com\/avatar\/ac5001d2a36cb6c6cd3e50789007ffca834b477b74a2144564522e944eabff61?s=96&d=mm&r=g","caption":"thomas.berner"},"url":"https:\/\/www.organisator.ch\/it\/author\/thomas-berner\/"}]}},"_links":{"self":[{"href":"https:\/\/www.organisator.ch\/it\/wp-json\/wp\/v2\/posts\/42589","targetHints":{"allow":["GET"]}}],"collection":[{"href":"https:\/\/www.organisator.ch\/it\/wp-json\/wp\/v2\/posts"}],"about":[{"href":"https:\/\/www.organisator.ch\/it\/wp-json\/wp\/v2\/types\/post"}],"author":[{"embeddable":true,"href":"https:\/\/www.organisator.ch\/it\/wp-json\/wp\/v2\/users\/4"}],"replies":[{"embeddable":true,"href":"https:\/\/www.organisator.ch\/it\/wp-json\/wp\/v2\/comments?post=42589"}],"version-history":[{"count":2,"href":"https:\/\/www.organisator.ch\/it\/wp-json\/wp\/v2\/posts\/42589\/revisions"}],"predecessor-version":[{"id":42702,"href":"https:\/\/www.organisator.ch\/it\/wp-json\/wp\/v2\/posts\/42589\/revisions\/42702"}],"wp:featuredmedia":[{"embeddable":true,"href":"https:\/\/www.organisator.ch\/it\/wp-json\/wp\/v2\/media\/42590"}],"wp:attachment":[{"href":"https:\/\/www.organisator.ch\/it\/wp-json\/wp\/v2\/media?parent=42589"}],"wp:term":[{"taxonomy":"category","embeddable":true,"href":"https:\/\/www.organisator.ch\/it\/wp-json\/wp\/v2\/categories?post=42589"},{"taxonomy":"post_tag","embeddable":true,"href":"https:\/\/www.organisator.ch\/it\/wp-json\/wp\/v2\/tags?post=42589"}],"curies":[{"name":"wp","href":"https:\/\/api.w.org\/{rel}","templated":true}]}}