{"id":42613,"date":"2025-12-05T14:56:52","date_gmt":"2025-12-05T13:56:52","guid":{"rendered":"https:\/\/www.markt-kom.com\/?p=247692"},"modified":"2025-12-09T11:57:00","modified_gmt":"2025-12-09T10:57:00","slug":"in-der-ki-begeisterten-schweiz-nimmt-desinformation-zu","status":"publish","type":"post","link":"https:\/\/www.organisator.ch\/it\/marketing\/2025-12-05\/in-der-ki-begeisterten-schweiz-nimmt-desinformation-zu\/","title":{"rendered":"Nella Svizzera appassionata di IA, la disinformazione \u00e8 in aumento"},"content":{"rendered":"<section id=\"doc-1jbftadhq0\" class=\"hero hero--default\">\r\n<div class=\"container container--grid gap--responsive\">\r\n<div class=\"hero__content\">\r\n<p class=\"font--regular hero__description\"><img class=\"alignnone size-full wp-image-247694\" src=\"https:\/\/www.markt-kom.com\/wp-content\/uploads\/2025\/12\/desinformationsbild-1.jpg\" sizes=\"(max-width: 1024px) 100vw, 1024px\" srcset=\"https:\/\/www.markt-kom.com\/wp-content\/uploads\/2025\/12\/desinformationsbild-1.jpg 1024w, https:\/\/www.markt-kom.com\/wp-content\/uploads\/2025\/12\/desinformationsbild-1-600x328.jpg 600w, https:\/\/www.markt-kom.com\/wp-content\/uploads\/2025\/12\/desinformationsbild-1-768x419.jpg 768w, https:\/\/www.markt-kom.com\/wp-content\/uploads\/2025\/12\/desinformationsbild-1-18x10.jpg 18w, https:\/\/www.markt-kom.com\/wp-content\/uploads\/2025\/12\/desinformationsbild-1-321x175.jpg 321w, https:\/\/www.markt-kom.com\/wp-content\/uploads\/2025\/12\/desinformationsbild-1-641x350.jpg 641w, https:\/\/www.markt-kom.com\/wp-content\/uploads\/2025\/12\/desinformationsbild-1-1000x546.jpg 1000w\" alt=\"\" width=\"1024\" height=\"559\" \/>Nella primavera del 2025, il 43% della popolazione di et\u00e0 compresa tra i 15 e gli 88 anni ha dichiarato di aver gi\u00e0 utilizzato almeno una volta un sistema di IA generativa. Questo sistema crea contenuti testuali, visivi o audio sulla base di un comando.<\/p>\r\n<\/div>\r\n<\/div>\r\n<\/section>\r\n<section class=\"section section--default\">\r\n<div class=\"container container--grid gap--responsive\">\r\n<div class=\"container__center--xs vertical-spacing\">\r\n<h3 id=\"doc-1jbftedup0\" class=\"h2\">Gli strumenti di IA generativa si stanno diffondendo rapidamente<\/h3>\r\n<p id=\"doc-1jbftedur0\" class=\"font--regular\">3,2 milioni di persone in Svizzera hanno utilizzato l'IA generativa nei tre mesi precedenti il sondaggio e molte di loro hanno utilizzato gli strumenti corrispondenti molto frequentemente: il 36% delle persone che hanno utilizzato l'IA vi ha fatto ricorso quotidianamente, il 34% almeno una volta alla settimana. Considerando che i sistemi di IA sono disponibili al grande pubblico solo da tre anni, il numero di utenti e la frequenza di utilizzo appaiono ancora pi\u00f9 elevati.<\/p>\r\n<p id=\"doc-1jbftedur1\" class=\"font--regular\">I sistemi vengono utilizzati principalmente per scopi privati (38% della popolazione), seguiti da quelli professionali (31%). All'interno del sistema educativo formale (ad esempio scuole e universit\u00e0) si raggiunge un tasso di utilizzo del 75%.<\/p>\r\n<h3 id=\"doc-1jbftedut0\" class=\"h2\">L'intelligenza artificiale evidenzia il divario digitale<\/h3>\r\n<p id=\"doc-1jbfteduu0\" class=\"font--regular\">L'utilizzo degli strumenti di IA generativa varia notevolmente a seconda del profilo sociodemografico. Le disparit\u00e0 esistenti nell'uso generale delle tecnologie digitali sono ancora pi\u00f9 evidenti con questa nuova tecnologia.<\/p>\r\n<p id=\"doc-1jbfteduv0\" class=\"font--regular\">Sono soprattutto i giovani a ricorrere all'IA generativa: il 79% dei giovani tra i 15 e i 24 anni utilizza strumenti di questo tipo, mentre tra i 25-34enni la percentuale scende al 66%. Questa percentuale continua a diminuire con l'aumentare dell'et\u00e0 (55-64enni: 28%). Anche per quanto riguarda il livello di istruzione si riscontrano differenze significative. Il 63% delle persone con un diploma universitario utilizza l'IA generativa, contro il 17% delle persone senza istruzione post-obbligatoria. Sebbene gli uomini utilizzino l'IA generativa pi\u00f9 spesso delle donne, nelle fasce di et\u00e0 inferiori ai 30 anni non si riscontrano differenze di genere.<\/p>\r\n<h3 id=\"doc-1jbftedv00\" class=\"h2\">La met\u00e0 della popolazione non utilizza l'IA generativa<\/h3>\r\n<p id=\"doc-1jbftedv01\" class=\"font--regular\">Sebbene l'IA generativa si stia diffondendo rapidamente, non \u00e8 ancora utilizzata su larga scala. Un terzo della popolazione non vede alcun vantaggio nelle relative applicazioni e il 71% ha preoccupazioni in materia di protezione dei dati e sicurezza. Solo il 71% dichiara di non possedere le competenze necessarie, il che dimostra che la maggioranza della popolazione ritiene che i sistemi di IA siano relativamente facili da usare. Solo il 21% della popolazione dichiara di non essere a conoscenza dell'esistenza di tali strumenti.<\/p>\r\n<h3 id=\"doc-1jbftedv10\" class=\"h2\">Contenuti sempre pi\u00f9 problematici e problemi di sicurezza<\/h3>\r\n<p id=\"doc-1jbftedv20\" class=\"font--regular\">I risultati evidenziano un altro aspetto importante: tra il 2023 e il 2025 i problemi di sicurezza, la disinformazione e l'incitamento all'odio su Internet sono aumentati notevolmente. Questo sviluppo evidenzia la crescente diffusione di contenuti online problematici e l'aumento dei rischi e dei pericoli legati all'uso di Internet.<\/p>\r\n<p id=\"doc-1jbftedv21\" class=\"font--regular\">La percentuale di persone che hanno ricevuto messaggi fraudolenti (phishing) nei tre mesi precedenti il sondaggio \u00e8 aumentata da 51% a 61% (4,4 milioni di persone). L'aumento di questo tipo di frode online \u00e8 evidente anche nella percentuale di utenti che dichiarano di aver subito perdite finanziarie nei dodici mesi precedenti il sondaggio. Nel 2021 la loro percentuale era ancora dell'1,7% e nel 2025 \u00e8 raddoppiata raggiungendo il 3,4% (250 000 persone).<\/p>\r\n<h3 id=\"doc-1jbftedv30\" class=\"h2\">La disinformazione in aumento<\/h3>\r\n<p id=\"doc-1jbftedv40\" class=\"font--regular\">Anche la disinformazione \u00e8 in aumento. La tendenza al rialzo gi\u00e0 osservata tra il 2021 e il 2023 trova conferma: nel 2025, il 58% della popolazione ha dichiarato di aver trovato su siti web o social media contenuti che riteneva falsi o discutibili (2021: 45%; 2023: 51%). I giovani sotto i 30 anni e gli utenti dei social media sono particolarmente esposti alla disinformazione (rispettivamente 68% e 67%).<\/p>\r\n<p id=\"doc-1jbftedv41\" class=\"font--regular\">Il modo di affrontare le informazioni false rimane sostanzialmente invariato: circa la met\u00e0 degli utenti verifica la veridicit\u00e0 dei contenuti trovati. La maggioranza di coloro che non lo fanno (38%) ritiene di sapere gi\u00e0 che si tratta di informazioni false o di una fonte inaffidabile. 15% ammettono invece di non disporre delle conoscenze o delle capacit\u00e0 necessarie per verificare i contenuti.<\/p>\r\n<h3 id=\"doc-1jbftedv42\" class=\"h2\">Aumentano i discorsi di incitamento all'odio<\/h3>\r\n<p id=\"doc-1jbftedv50\" class=\"font--regular\">Sempre pi\u00f9 utenti di Internet si trovano di fronte a messaggi di odio. Nel 2025, il 42% della popolazione ha dichiarato di aver visto sui social media o su siti informativi messaggi ostili o denigratori rivolti a gruppi o individui. Ci\u00f2 corrisponde a un aumento di 4,5 punti percentuali. Ancora una volta, sono stati soprattutto gli utenti sotto i 30 anni e gli utenti dei social media a segnalare tali contenuti (rispettivamente 61% e 50%).<\/p>\r\n<p class=\"font--regular\">Si registra un aumento particolarmente forte dei messaggi di odio relativi alle opinioni politiche o sociali e alla religione, cos\u00ec come dei contenuti xenofobi. I messaggi di odio relativi all'orientamento sessuale o alla disabilit\u00e0 sono frequenti all'incirca quanto nel 2023.<\/p>\r\n<hr \/>\r\n<p id=\"doc-1jbftf9i00\" class=\"font--regular\">Questo comunicato stampa e ulteriori informazioni sull'argomento sono disponibili sul sito\u00a0<a class=\"link--external\" href=\"https:\/\/www.bfs.admin.ch\/news\/de\/2025-0246\" rel=\"external noopener\" aria-label=\"www.bfs.admin.ch\/news\/de\/2025-0246 Apri il link in una nuova scheda\">Sito web dell'UST<\/a>.<\/p>\r\n<\/div>\r\n<\/div>\r\n<\/section>","protected":false},"excerpt":{"rendered":"<p>Nel 2025, pi\u00f9 di due persone su cinque utilizzavano l'intelligenza artificiale (IA) per creare contenuti come testi o immagini. Tra i giovani di et\u00e0 compresa tra i 15 e i 24 anni, la percentuale era addirittura di quattro persone su cinque. Allo stesso tempo, la popolazione si trova sempre pi\u00f9 spesso confrontata online con disinformazione, incitamento all'odio o frodi. Questi sono i risultati principali dell'ultima indagine dell'Ufficio federale di statistica (UST) sull'utilizzo di Internet nelle economie domestiche svizzere.<\/p>","protected":false},"author":8,"featured_media":0,"comment_status":"closed","ping_status":"closed","sticky":false,"template":"","format":"standard","meta":{"_acf_changed":false,"_yoast_wpseo_focuskw":"Desinformation","_yoast_wpseo_metadesc":"Immer mehr Personen nutzen KI, aber die Bev\u00f6lkerung wird online vermehrt mit Desinformation, Hassreden oder Betrug konfrontiert.","articlekey":"","footnotes":""},"categories":[29],"tags":[98,5719,319,4343],"class_list":["post-42613","post","type-post","status-publish","format-standard","hentry","category-marketing","tag-bundesamt-fuer-statistik","tag-hassrede","tag-kuenstliche-intelligenz","tag-markom"],"acf":[],"yoast_head":"<!-- This site is optimized with the Yoast SEO plugin v27.5 - https:\/\/yoast.com\/product\/yoast-seo-wordpress\/ -->\n<title>In der KI-begeisterten Schweiz nimmt Desinformation zu - Organisator<\/title>\n<meta name=\"description\" content=\"Immer mehr Personen nutzen KI, aber die Bev\u00f6lkerung wird online vermehrt mit Desinformation, Hassreden oder Betrug konfrontiert.\" \/>\n<meta name=\"robots\" content=\"index, follow, max-snippet:-1, max-image-preview:large, max-video-preview:-1\" \/>\n<link rel=\"canonical\" href=\"https:\/\/www.organisator.ch\/it\/marketing\/2025-12-05\/in-der-ki-begeisterten-schweiz-nimmt-desinformation-zu\/\" \/>\n<meta property=\"og:locale\" content=\"it_IT\" \/>\n<meta property=\"og:type\" content=\"article\" \/>\n<meta property=\"og:title\" content=\"In der KI-begeisterten Schweiz nimmt Desinformation zu - Organisator\" \/>\n<meta property=\"og:description\" content=\"Immer mehr Personen nutzen KI, aber die Bev\u00f6lkerung wird online vermehrt mit Desinformation, Hassreden oder Betrug konfrontiert.\" \/>\n<meta property=\"og:url\" content=\"https:\/\/www.organisator.ch\/it\/marketing\/2025-12-05\/in-der-ki-begeisterten-schweiz-nimmt-desinformation-zu\/\" \/>\n<meta property=\"og:site_name\" content=\"Organisator\" \/>\n<meta property=\"article:publisher\" content=\"https:\/\/www.facebook.com\/OrganisatorFachmagazin\" \/>\n<meta property=\"article:published_time\" content=\"2025-12-05T13:56:52+00:00\" \/>\n<meta property=\"article:modified_time\" content=\"2025-12-09T10:57:00+00:00\" \/>\n<meta name=\"author\" content=\"galledia\" \/>\n<meta name=\"twitter:card\" content=\"summary_large_image\" \/>\n<meta name=\"twitter:creator\" content=\"@admin\" \/>\n<script type=\"application\/ld+json\" class=\"yoast-schema-graph\">{\"@context\":\"https:\\\/\\\/schema.org\",\"@graph\":[{\"@type\":\"Article\",\"@id\":\"https:\\\/\\\/www.organisator.ch\\\/marketing\\\/2025-12-05\\\/in-der-ki-begeisterten-schweiz-nimmt-desinformation-zu\\\/#article\",\"isPartOf\":{\"@id\":\"https:\\\/\\\/www.organisator.ch\\\/marketing\\\/2025-12-05\\\/in-der-ki-begeisterten-schweiz-nimmt-desinformation-zu\\\/\"},\"author\":{\"name\":\"galledia\",\"@id\":\"https:\\\/\\\/www.organisator.ch\\\/#\\\/schema\\\/person\\\/4e51799071cd2dd1232ac003643ef5f0\"},\"headline\":\"In der KI-begeisterten Schweiz nimmt Desinformation zu\",\"datePublished\":\"2025-12-05T13:56:52+00:00\",\"dateModified\":\"2025-12-09T10:57:00+00:00\",\"mainEntityOfPage\":{\"@id\":\"https:\\\/\\\/www.organisator.ch\\\/marketing\\\/2025-12-05\\\/in-der-ki-begeisterten-schweiz-nimmt-desinformation-zu\\\/\"},\"wordCount\":697,\"publisher\":{\"@id\":\"https:\\\/\\\/www.organisator.ch\\\/#organization\"},\"image\":{\"@id\":\"https:\\\/\\\/www.organisator.ch\\\/marketing\\\/2025-12-05\\\/in-der-ki-begeisterten-schweiz-nimmt-desinformation-zu\\\/#primaryimage\"},\"thumbnailUrl\":\"https:\\\/\\\/www.markt-kom.com\\\/wp-content\\\/uploads\\\/2025\\\/12\\\/desinformationsbild-1.jpg\",\"keywords\":[\"Bundesamt f\u00fcr Statistik\",\"Hassrede\",\"K\u00fcnstliche Intelligenz\",\"MarKom\"],\"articleSection\":[\"MARKETING\"],\"inLanguage\":\"it-IT\"},{\"@type\":\"WebPage\",\"@id\":\"https:\\\/\\\/www.organisator.ch\\\/marketing\\\/2025-12-05\\\/in-der-ki-begeisterten-schweiz-nimmt-desinformation-zu\\\/\",\"url\":\"https:\\\/\\\/www.organisator.ch\\\/marketing\\\/2025-12-05\\\/in-der-ki-begeisterten-schweiz-nimmt-desinformation-zu\\\/\",\"name\":\"In der KI-begeisterten Schweiz nimmt Desinformation zu - Organisator\",\"isPartOf\":{\"@id\":\"https:\\\/\\\/www.organisator.ch\\\/#website\"},\"primaryImageOfPage\":{\"@id\":\"https:\\\/\\\/www.organisator.ch\\\/marketing\\\/2025-12-05\\\/in-der-ki-begeisterten-schweiz-nimmt-desinformation-zu\\\/#primaryimage\"},\"image\":{\"@id\":\"https:\\\/\\\/www.organisator.ch\\\/marketing\\\/2025-12-05\\\/in-der-ki-begeisterten-schweiz-nimmt-desinformation-zu\\\/#primaryimage\"},\"thumbnailUrl\":\"https:\\\/\\\/www.markt-kom.com\\\/wp-content\\\/uploads\\\/2025\\\/12\\\/desinformationsbild-1.jpg\",\"datePublished\":\"2025-12-05T13:56:52+00:00\",\"dateModified\":\"2025-12-09T10:57:00+00:00\",\"description\":\"Immer mehr Personen nutzen KI, aber die Bev\u00f6lkerung wird online vermehrt mit Desinformation, Hassreden oder Betrug konfrontiert.\",\"breadcrumb\":{\"@id\":\"https:\\\/\\\/www.organisator.ch\\\/marketing\\\/2025-12-05\\\/in-der-ki-begeisterten-schweiz-nimmt-desinformation-zu\\\/#breadcrumb\"},\"inLanguage\":\"it-IT\",\"potentialAction\":[{\"@type\":\"ReadAction\",\"target\":[\"https:\\\/\\\/www.organisator.ch\\\/marketing\\\/2025-12-05\\\/in-der-ki-begeisterten-schweiz-nimmt-desinformation-zu\\\/\"]}]},{\"@type\":\"ImageObject\",\"inLanguage\":\"it-IT\",\"@id\":\"https:\\\/\\\/www.organisator.ch\\\/marketing\\\/2025-12-05\\\/in-der-ki-begeisterten-schweiz-nimmt-desinformation-zu\\\/#primaryimage\",\"url\":\"https:\\\/\\\/www.markt-kom.com\\\/wp-content\\\/uploads\\\/2025\\\/12\\\/desinformationsbild-1.jpg\",\"contentUrl\":\"https:\\\/\\\/www.markt-kom.com\\\/wp-content\\\/uploads\\\/2025\\\/12\\\/desinformationsbild-1.jpg\"},{\"@type\":\"BreadcrumbList\",\"@id\":\"https:\\\/\\\/www.organisator.ch\\\/marketing\\\/2025-12-05\\\/in-der-ki-begeisterten-schweiz-nimmt-desinformation-zu\\\/#breadcrumb\",\"itemListElement\":[{\"@type\":\"ListItem\",\"position\":1,\"name\":\"Home\",\"item\":\"https:\\\/\\\/www.organisator.ch\\\/\"},{\"@type\":\"ListItem\",\"position\":2,\"name\":\"In der KI-begeisterten Schweiz nimmt Desinformation zu\"}]},{\"@type\":\"WebSite\",\"@id\":\"https:\\\/\\\/www.organisator.ch\\\/#website\",\"url\":\"https:\\\/\\\/www.organisator.ch\\\/\",\"name\":\"Organisator\",\"description\":\"Kompetent. Praxisnah. Der ORGANISATOR bereitet in 10 Ausgaben pro Jahr die wesentlichen Themen f\u00fcr F\u00fchrungskr\u00e4fte von KMU auf.\",\"publisher\":{\"@id\":\"https:\\\/\\\/www.organisator.ch\\\/#organization\"},\"potentialAction\":[{\"@type\":\"SearchAction\",\"target\":{\"@type\":\"EntryPoint\",\"urlTemplate\":\"https:\\\/\\\/www.organisator.ch\\\/?s={search_term_string}\"},\"query-input\":{\"@type\":\"PropertyValueSpecification\",\"valueRequired\":true,\"valueName\":\"search_term_string\"}}],\"inLanguage\":\"it-IT\"},{\"@type\":\"Organization\",\"@id\":\"https:\\\/\\\/www.organisator.ch\\\/#organization\",\"name\":\"Organisator\",\"url\":\"https:\\\/\\\/www.organisator.ch\\\/\",\"logo\":{\"@type\":\"ImageObject\",\"inLanguage\":\"it-IT\",\"@id\":\"https:\\\/\\\/www.organisator.ch\\\/#\\\/schema\\\/logo\\\/image\\\/\",\"url\":\"https:\\\/\\\/www.organisator.ch\\\/wp-content\\\/uploads\\\/2022\\\/01\\\/Logo_Organisator_Website.png\",\"contentUrl\":\"https:\\\/\\\/www.organisator.ch\\\/wp-content\\\/uploads\\\/2022\\\/01\\\/Logo_Organisator_Website.png\",\"width\":800,\"height\":77,\"caption\":\"Organisator\"},\"image\":{\"@id\":\"https:\\\/\\\/www.organisator.ch\\\/#\\\/schema\\\/logo\\\/image\\\/\"},\"sameAs\":[\"https:\\\/\\\/www.facebook.com\\\/OrganisatorFachmagazin\",\"https:\\\/\\\/www.linkedin.com\\\/showcase\\\/organisator-das-magazin-fr-kmu\",\"https:\\\/\\\/www.xing.com\\\/news\\\/pages\\\/organisator-ch-695\",\"https:\\\/\\\/www.youtube.com\\\/channel\\\/UCGP2Sq0iWaZwT3BdIAQFYpw\"]},{\"@type\":\"Person\",\"@id\":\"https:\\\/\\\/www.organisator.ch\\\/#\\\/schema\\\/person\\\/4e51799071cd2dd1232ac003643ef5f0\",\"name\":\"galledia\",\"image\":{\"@type\":\"ImageObject\",\"inLanguage\":\"it-IT\",\"@id\":\"https:\\\/\\\/secure.gravatar.com\\\/avatar\\\/78a7f90c01fc2bfc875782a0d4922b37cde2cf184ce347b91316d23cd7f69a36?s=96&d=mm&r=g\",\"url\":\"https:\\\/\\\/secure.gravatar.com\\\/avatar\\\/78a7f90c01fc2bfc875782a0d4922b37cde2cf184ce347b91316d23cd7f69a36?s=96&d=mm&r=g\",\"contentUrl\":\"https:\\\/\\\/secure.gravatar.com\\\/avatar\\\/78a7f90c01fc2bfc875782a0d4922b37cde2cf184ce347b91316d23cd7f69a36?s=96&d=mm&r=g\",\"caption\":\"galledia\"},\"sameAs\":[\"https:\\\/\\\/x.com\\\/admin\"],\"url\":\"https:\\\/\\\/www.organisator.ch\\\/it\\\/author\\\/galledia\\\/\"}]}<\/script>\n<!-- \/ Yoast SEO plugin. -->","yoast_head_json":{"title":"Nella Svizzera entusiasta dell'intelligenza artificiale aumenta la disinformazione - Organizzatore","description":"Sempre pi\u00f9 persone utilizzano l'intelligenza artificiale, ma la popolazione \u00e8 sempre pi\u00f9 spesso confrontata online con disinformazione, incitamento all'odio o frodi.","robots":{"index":"index","follow":"follow","max-snippet":"max-snippet:-1","max-image-preview":"max-image-preview:large","max-video-preview":"max-video-preview:-1"},"canonical":"https:\/\/www.organisator.ch\/it\/marketing\/2025-12-05\/in-der-ki-begeisterten-schweiz-nimmt-desinformation-zu\/","og_locale":"it_IT","og_type":"article","og_title":"In der KI-begeisterten Schweiz nimmt Desinformation zu - Organisator","og_description":"Immer mehr Personen nutzen KI, aber die Bev\u00f6lkerung wird online vermehrt mit Desinformation, Hassreden oder Betrug konfrontiert.","og_url":"https:\/\/www.organisator.ch\/it\/marketing\/2025-12-05\/in-der-ki-begeisterten-schweiz-nimmt-desinformation-zu\/","og_site_name":"Organisator","article_publisher":"https:\/\/www.facebook.com\/OrganisatorFachmagazin","article_published_time":"2025-12-05T13:56:52+00:00","article_modified_time":"2025-12-09T10:57:00+00:00","author":"galledia","twitter_card":"summary_large_image","twitter_creator":"@admin","schema":{"@context":"https:\/\/schema.org","@graph":[{"@type":"Article","@id":"https:\/\/www.organisator.ch\/marketing\/2025-12-05\/in-der-ki-begeisterten-schweiz-nimmt-desinformation-zu\/#article","isPartOf":{"@id":"https:\/\/www.organisator.ch\/marketing\/2025-12-05\/in-der-ki-begeisterten-schweiz-nimmt-desinformation-zu\/"},"author":{"name":"galledia","@id":"https:\/\/www.organisator.ch\/#\/schema\/person\/4e51799071cd2dd1232ac003643ef5f0"},"headline":"In der KI-begeisterten Schweiz nimmt Desinformation zu","datePublished":"2025-12-05T13:56:52+00:00","dateModified":"2025-12-09T10:57:00+00:00","mainEntityOfPage":{"@id":"https:\/\/www.organisator.ch\/marketing\/2025-12-05\/in-der-ki-begeisterten-schweiz-nimmt-desinformation-zu\/"},"wordCount":697,"publisher":{"@id":"https:\/\/www.organisator.ch\/#organization"},"image":{"@id":"https:\/\/www.organisator.ch\/marketing\/2025-12-05\/in-der-ki-begeisterten-schweiz-nimmt-desinformation-zu\/#primaryimage"},"thumbnailUrl":"https:\/\/www.markt-kom.com\/wp-content\/uploads\/2025\/12\/desinformationsbild-1.jpg","keywords":["Bundesamt f\u00fcr Statistik","Hassrede","K\u00fcnstliche Intelligenz","MarKom"],"articleSection":["MARKETING"],"inLanguage":"it-IT"},{"@type":"WebPage","@id":"https:\/\/www.organisator.ch\/marketing\/2025-12-05\/in-der-ki-begeisterten-schweiz-nimmt-desinformation-zu\/","url":"https:\/\/www.organisator.ch\/marketing\/2025-12-05\/in-der-ki-begeisterten-schweiz-nimmt-desinformation-zu\/","name":"Nella Svizzera entusiasta dell'intelligenza artificiale aumenta la disinformazione - Organizzatore","isPartOf":{"@id":"https:\/\/www.organisator.ch\/#website"},"primaryImageOfPage":{"@id":"https:\/\/www.organisator.ch\/marketing\/2025-12-05\/in-der-ki-begeisterten-schweiz-nimmt-desinformation-zu\/#primaryimage"},"image":{"@id":"https:\/\/www.organisator.ch\/marketing\/2025-12-05\/in-der-ki-begeisterten-schweiz-nimmt-desinformation-zu\/#primaryimage"},"thumbnailUrl":"https:\/\/www.markt-kom.com\/wp-content\/uploads\/2025\/12\/desinformationsbild-1.jpg","datePublished":"2025-12-05T13:56:52+00:00","dateModified":"2025-12-09T10:57:00+00:00","description":"Sempre pi\u00f9 persone utilizzano l'intelligenza artificiale, ma la popolazione \u00e8 sempre pi\u00f9 spesso confrontata online con disinformazione, incitamento all'odio o frodi.","breadcrumb":{"@id":"https:\/\/www.organisator.ch\/marketing\/2025-12-05\/in-der-ki-begeisterten-schweiz-nimmt-desinformation-zu\/#breadcrumb"},"inLanguage":"it-IT","potentialAction":[{"@type":"ReadAction","target":["https:\/\/www.organisator.ch\/marketing\/2025-12-05\/in-der-ki-begeisterten-schweiz-nimmt-desinformation-zu\/"]}]},{"@type":"ImageObject","inLanguage":"it-IT","@id":"https:\/\/www.organisator.ch\/marketing\/2025-12-05\/in-der-ki-begeisterten-schweiz-nimmt-desinformation-zu\/#primaryimage","url":"https:\/\/www.markt-kom.com\/wp-content\/uploads\/2025\/12\/desinformationsbild-1.jpg","contentUrl":"https:\/\/www.markt-kom.com\/wp-content\/uploads\/2025\/12\/desinformationsbild-1.jpg"},{"@type":"BreadcrumbList","@id":"https:\/\/www.organisator.ch\/marketing\/2025-12-05\/in-der-ki-begeisterten-schweiz-nimmt-desinformation-zu\/#breadcrumb","itemListElement":[{"@type":"ListItem","position":1,"name":"Home","item":"https:\/\/www.organisator.ch\/"},{"@type":"ListItem","position":2,"name":"In der KI-begeisterten Schweiz nimmt Desinformation zu"}]},{"@type":"WebSite","@id":"https:\/\/www.organisator.ch\/#website","url":"https:\/\/www.organisator.ch\/","name":"Organizzatore","description":"Competente. Pratico. In 10 numeri all'anno, ORGANISATOR presenta i temi essenziali per i manager delle PMI.","publisher":{"@id":"https:\/\/www.organisator.ch\/#organization"},"potentialAction":[{"@type":"SearchAction","target":{"@type":"EntryPoint","urlTemplate":"https:\/\/www.organisator.ch\/?s={search_term_string}"},"query-input":{"@type":"PropertyValueSpecification","valueRequired":true,"valueName":"search_term_string"}}],"inLanguage":"it-IT"},{"@type":"Organization","@id":"https:\/\/www.organisator.ch\/#organization","name":"Organizzatore","url":"https:\/\/www.organisator.ch\/","logo":{"@type":"ImageObject","inLanguage":"it-IT","@id":"https:\/\/www.organisator.ch\/#\/schema\/logo\/image\/","url":"https:\/\/www.organisator.ch\/wp-content\/uploads\/2022\/01\/Logo_Organisator_Website.png","contentUrl":"https:\/\/www.organisator.ch\/wp-content\/uploads\/2022\/01\/Logo_Organisator_Website.png","width":800,"height":77,"caption":"Organisator"},"image":{"@id":"https:\/\/www.organisator.ch\/#\/schema\/logo\/image\/"},"sameAs":["https:\/\/www.facebook.com\/OrganisatorFachmagazin","https:\/\/www.linkedin.com\/showcase\/organisator-das-magazin-fr-kmu","https:\/\/www.xing.com\/news\/pages\/organisator-ch-695","https:\/\/www.youtube.com\/channel\/UCGP2Sq0iWaZwT3BdIAQFYpw"]},{"@type":"Person","@id":"https:\/\/www.organisator.ch\/#\/schema\/person\/4e51799071cd2dd1232ac003643ef5f0","name":"galledia","image":{"@type":"ImageObject","inLanguage":"it-IT","@id":"https:\/\/secure.gravatar.com\/avatar\/78a7f90c01fc2bfc875782a0d4922b37cde2cf184ce347b91316d23cd7f69a36?s=96&d=mm&r=g","url":"https:\/\/secure.gravatar.com\/avatar\/78a7f90c01fc2bfc875782a0d4922b37cde2cf184ce347b91316d23cd7f69a36?s=96&d=mm&r=g","contentUrl":"https:\/\/secure.gravatar.com\/avatar\/78a7f90c01fc2bfc875782a0d4922b37cde2cf184ce347b91316d23cd7f69a36?s=96&d=mm&r=g","caption":"galledia"},"sameAs":["https:\/\/x.com\/admin"],"url":"https:\/\/www.organisator.ch\/it\/author\/galledia\/"}]}},"_links":{"self":[{"href":"https:\/\/www.organisator.ch\/it\/wp-json\/wp\/v2\/posts\/42613","targetHints":{"allow":["GET"]}}],"collection":[{"href":"https:\/\/www.organisator.ch\/it\/wp-json\/wp\/v2\/posts"}],"about":[{"href":"https:\/\/www.organisator.ch\/it\/wp-json\/wp\/v2\/types\/post"}],"author":[{"embeddable":true,"href":"https:\/\/www.organisator.ch\/it\/wp-json\/wp\/v2\/users\/8"}],"replies":[{"embeddable":true,"href":"https:\/\/www.organisator.ch\/it\/wp-json\/wp\/v2\/comments?post=42613"}],"version-history":[{"count":3,"href":"https:\/\/www.organisator.ch\/it\/wp-json\/wp\/v2\/posts\/42613\/revisions"}],"predecessor-version":[{"id":42650,"href":"https:\/\/www.organisator.ch\/it\/wp-json\/wp\/v2\/posts\/42613\/revisions\/42650"}],"wp:attachment":[{"href":"https:\/\/www.organisator.ch\/it\/wp-json\/wp\/v2\/media?parent=42613"}],"wp:term":[{"taxonomy":"category","embeddable":true,"href":"https:\/\/www.organisator.ch\/it\/wp-json\/wp\/v2\/categories?post=42613"},{"taxonomy":"post_tag","embeddable":true,"href":"https:\/\/www.organisator.ch\/it\/wp-json\/wp\/v2\/tags?post=42613"}],"curies":[{"name":"wp","href":"https:\/\/api.w.org\/{rel}","templated":true}]}}