{"id":42619,"date":"2025-12-08T13:50:09","date_gmt":"2025-12-08T12:50:09","guid":{"rendered":"https:\/\/www.m-q.ch\/?p=22191"},"modified":"2025-12-09T11:53:55","modified_gmt":"2025-12-09T10:53:55","slug":"2026-bringt-schweizer-unternehmen-an-die-belastungsgrenze","status":"publish","type":"post","link":"https:\/\/www.organisator.ch\/it\/operational-excellence\/2025-12-08\/2026-bringt-schweizer-unternehmen-an-die-belastungsgrenze\/","title":{"rendered":"Il 2026 porter\u00e0 le aziende svizzere al limite della loro capacit\u00e0"},"content":{"rendered":"<figure id=\"attachment_22192\" class=\"wp-caption alignnone\" style=\"width: 680px;\" aria-describedby=\"caption-attachment-22192\"><img class=\"size-full wp-image-22192\" src=\"https:\/\/www.m-q.ch\/wp-content\/uploads\/2025\/12\/2026-bringt-Schweizer-Unternehmen-an-die-Belastungsgrenze_MQ.jpg\" sizes=\"auto, (max-width: 680px) 100vw, 680px\" srcset=\"https:\/\/www.m-q.ch\/wp-content\/uploads\/2025\/12\/2026-bringt-Schweizer-Unternehmen-an-die-Belastungsgrenze_MQ.jpg 680w, https:\/\/www.m-q.ch\/wp-content\/uploads\/2025\/12\/2026-bringt-Schweizer-Unternehmen-an-die-Belastungsgrenze_MQ-18x12.jpg 18w, https:\/\/www.m-q.ch\/wp-content\/uploads\/2025\/12\/2026-bringt-Schweizer-Unternehmen-an-die-Belastungsgrenze_MQ-375x250.jpg 375w, https:\/\/www.m-q.ch\/wp-content\/uploads\/2025\/12\/2026-bringt-Schweizer-Unternehmen-an-die-Belastungsgrenze_MQ-524x350.jpg 524w\" alt=\"\" width=\"680\" height=\"454\" \/>\r\n<figcaption id=\"caption-attachment-22192\" class=\"wp-caption-text\">Nel 2026 sempre pi\u00f9 aziende svizzere raggiungeranno il loro limite massimo? (Immagine: Depositphotos.com)<\/figcaption>\r\n<\/figure>\r\n<p>Nel 2026 le aziende svizzere dovranno affrontare numerose sfide: i membri delle generazioni nate fino al 1964 (baby boomer) andranno in pensione il prossimo anno, lasciando vuoti evidenti in funzioni centrali. Allo stesso tempo, il franco forte grava sulle aziende esportatrici. Queste ultime devono spesso decidere se aumentare i prezzi all'estero, con il rischio di perdere quote di mercato, o se accontentarsi di margini inferiori. A ci\u00f2 si aggiungono le conseguenze dei dazi punitivi statunitensi, che non solo rendono pi\u00f9 costose le esportazioni svizzere verso gli Stati Uniti, ma complicano anche i processi operativi. Patrick Sommer, amministratore delegato di CNT Management Consulting, sa per esperienza diretta con cosa devono attualmente confrontarsi le aziende svizzere: \u00abI dazi doganali scatenano un incubo burocratico: le aziende devono dimostrare in modo completo la provenienza di ogni singolo bullone\u00bb, spiega. \u00abI costi aggiuntivi devono essere compensati con aumenti dei prezzi o con una rinuncia ai margini. Allo stesso tempo, si crea una pressione politica per verificare se il trasferimento della produzione negli Stati Uniti sia economicamente pi\u00f9 interessante a lungo termine rispetto al mantenimento della produzione in Svizzera\u00bb. Egli vede molte aziende in una difficile situazione di equilibrio: \u00abDa un lato, le aziende devono pianificare con attenzione le loro risorse umane e tenere conto dell'imminente ondata di pensionamenti e delle problematiche legate all'esportazione, dall'altro non devono perdere il passo con la tecnologia. Ci\u00f2 significa integrare soluzioni digitali nei sistemi esistenti, investire nell'intelligenza artificiale e formare i dipendenti in modo mirato\u00bb.\u00bb<\/p>\r\n<h3><strong>La burocrazia limita il margine di manovra, soprattutto per le PMI<\/strong><\/h3>\r\n<p>Le decisioni politiche come i recenti dazi punitivi statunitensi aumentano l'incertezza per le aziende svizzere: rendono difficile la pianificazione a lungo termine, impongono continui adeguamenti dei costi e rappresentano quindi un rischio commerciale. Nonostante la crescente pressione verso la modernizzazione, molte aziende non dispongono dei mezzi necessari per realizzare progetti di digitalizzazione e automazione urgenti. \u00abSebbene la maggior parte delle aziende sia consapevole che l'innovazione digitale rafforzerebbe la loro competitivit\u00e0, i costi salariali elevati, i cospicui investimenti nella sostenibilit\u00e0 e la difficile situazione economica spesso ostacolano tali progetti\u00bb, afferma l'esperto di CNT Management Consulting. Le piccole e medie imprese (PMI) in particolare si trovano ad affrontare un ulteriore onere. I crescenti requisiti ESG e di sostenibilit\u00e0 richiedono loro dati che oggi sono dati per scontati dai grandi gruppi, tra cui l'impronta di carbonio dei prodotti, le prove di origine o le informazioni sulla fedelt\u00e0 della catena di fornitura. \u00abMolte PMI non dispongono di queste informazioni o devono raccoglierle manualmente, con un notevole dispendio di tempo. Ci\u00f2 impegna il personale, gi\u00e0 scarso, e costa tempo prezioso nelle attivit\u00e0 quotidiane\u00bb, afferma Sommer.<\/p>\r\n<h3><strong>L'IA \u00abnon \u00e8 un gioco\u00bb: perch\u00e9 oggi deve portare un reale sollievo <\/strong><\/h3>\r\n<p>Alla luce dell'aumento dei costi, della carenza di risorse umane e dei crescenti obblighi di rendicontazione, nel 2026 la digitalizzazione assumer\u00e0 un'importanza sempre maggiore. Per molte aziende, l'obiettivo principale \u00e8 quello di ottenere un rendimento maggiore con meno personale. In questo contesto, l'intelligenza artificiale \u00e8 diventata un requisito fondamentale per il successo aziendale. Sommer invita tuttavia ad adottare un approccio mirato: \u00abL'IA non \u00e8 un gioco, ma uno strumento che in tempi di carenza di personale qualificato alleggerisce in modo misurabile il carico di lavoro\u00bb. \u00c8 quindi fondamentale creare applicazioni concrete. Process Mining, ad esempio con SAP Signavio. Questo rende visibili i colli di bottiglia, mentre i processi digitali integrati riducono i tempi di attesa e le fonti di errore. I presupposti sono procedure ottimizzate e dati affidabili, perch\u00e9 un processo scadente rimane scadente anche se automatizzato.<\/p>\r\n<h3><strong>Tre tendenze rilevanti nel settore della consulenza per il nuovo anno<\/strong><\/h3>\r\n<p>Per il proprio settore, la consulenza incentrata sulla trasformazione digitale nelle aziende, l'esperto CNT Sommer individua tre tendenze fondamentali. In primo luogo, nell'implementazione dell'IA occorre concentrarsi sul \u00abROI concreto\u00bb: \u00abNon servono strategie astratte, ma un'implementazione misurabile e operativa dell'IA che prometta un ritorno sull'investimento chiaro e a breve termine\u00bb, afferma Sommer. In secondo luogo, le societ\u00e0 di consulenza che non puntano sull'IA rischiano di perdere rapidamente competitivit\u00e0. E in terzo luogo, secondo Sommer, S\/4HANA Cloud deve riuscire a trasformarsi in un business case: \u00abLe trasformazioni SAP in corso devono dimostrare di snellire effettivamente i processi e non solo di modernizzare l'IT\u00bb, conclude Sommer.<\/p>\r\n<p><em>Fonte e ulteriori informazioni: <a href=\"https:\/\/www.cnt-online.com\/de\/\">Consulenza gestionale CNT<\/a><\/em><\/p>\n<p class=\"syndicated-attribution\">Questo articolo \u00e8 apparso originariamente su m-q.ch - <a href=\"https:\/\/www.m-q.ch\/de\/2026-bringt-schweizer-unternehmen-an-die-belastungsgrenze\/\" target=\"_blank\">https:\/\/www.m-q.ch\/de\/2026-bringt-schweizer-unternehmen-an-die-belastungsgrenze\/<\/a><\/p>","protected":false},"excerpt":{"rendered":"<p>Con il cambio generazionale, nel 2026 numerosi baby boomer andranno in pensione, lasciando un vuoto tangibile in termini di competenze specialistiche urgentemente necessarie. Molte aziende stanno gi\u00e0 reagendo con salari pi\u00f9 alti per trattenere i dipendenti qualificati o attrarre nuovi talenti. Allo stesso tempo, emergono ulteriori sfide per l'economia svizzera. Cosa significa questo per le aziende e per il settore della consulenza?<\/p>","protected":false},"author":8,"featured_media":0,"comment_status":"closed","ping_status":"closed","sticky":false,"template":"","format":"standard","meta":{"_acf_changed":false,"_yoast_wpseo_focuskw":"Belastungsgrenze","_yoast_wpseo_metadesc":"Herausforderungen bringen die Wirtschaft an die Belastungsgrenze. Was bedeutet das f\u00fcr die Betriebe\u00a0\u2013 und f\u00fcr die Consulting-Branche?","articlekey":"","footnotes":""},"categories":[582],"tags":[68,103,128,194,335,418],"class_list":["post-42619","post","type-post","status-publish","format-standard","hentry","category-operational-excellence","tag-babyboomer","tag-business-excellence","tag-consulting","tag-fachkraeftemangel","tag-management-und-unternehmensfuehrung","tag-risikomanagement"],"acf":[],"yoast_head":"<!-- This site is optimized with the Yoast SEO plugin v27.5 - https:\/\/yoast.com\/product\/yoast-seo-wordpress\/ -->\n<title>2026 bringt Schweizer Unternehmen an die Belastungsgrenze - Organisator<\/title>\n<meta name=\"description\" content=\"Herausforderungen bringen die Wirtschaft an die Belastungsgrenze. Was bedeutet das f\u00fcr die Betriebe\u00a0\u2013 und f\u00fcr die Consulting-Branche?\" \/>\n<meta name=\"robots\" content=\"index, follow, max-snippet:-1, max-image-preview:large, max-video-preview:-1\" \/>\n<link rel=\"canonical\" href=\"https:\/\/www.organisator.ch\/it\/eccellenza-operativa\/2025-12-08\/2026-bringt-schweizer-unternehmen-an-die-belastungsgrenze\/\" \/>\n<meta property=\"og:locale\" content=\"it_IT\" \/>\n<meta property=\"og:type\" content=\"article\" \/>\n<meta property=\"og:title\" content=\"2026 bringt Schweizer Unternehmen an die Belastungsgrenze - Organisator\" \/>\n<meta property=\"og:description\" content=\"Herausforderungen bringen die Wirtschaft an die Belastungsgrenze. Was bedeutet das f\u00fcr die Betriebe\u00a0\u2013 und f\u00fcr die Consulting-Branche?\" \/>\n<meta property=\"og:url\" content=\"https:\/\/www.organisator.ch\/it\/eccellenza-operativa\/2025-12-08\/2026-bringt-schweizer-unternehmen-an-die-belastungsgrenze\/\" \/>\n<meta property=\"og:site_name\" content=\"Organisator\" \/>\n<meta property=\"article:publisher\" content=\"https:\/\/www.facebook.com\/OrganisatorFachmagazin\" \/>\n<meta property=\"article:published_time\" content=\"2025-12-08T12:50:09+00:00\" \/>\n<meta property=\"article:modified_time\" content=\"2025-12-09T10:53:55+00:00\" \/>\n<meta name=\"author\" content=\"galledia\" \/>\n<meta name=\"twitter:card\" content=\"summary_large_image\" \/>\n<meta name=\"twitter:creator\" content=\"@admin\" \/>\n<script type=\"application\/ld+json\" class=\"yoast-schema-graph\">{\"@context\":\"https:\\\/\\\/schema.org\",\"@graph\":[{\"@type\":\"Article\",\"@id\":\"https:\\\/\\\/www.organisator.ch\\\/operational-excellence\\\/2025-12-08\\\/2026-bringt-schweizer-unternehmen-an-die-belastungsgrenze\\\/#article\",\"isPartOf\":{\"@id\":\"https:\\\/\\\/www.organisator.ch\\\/operational-excellence\\\/2025-12-08\\\/2026-bringt-schweizer-unternehmen-an-die-belastungsgrenze\\\/\"},\"author\":{\"name\":\"galledia\",\"@id\":\"https:\\\/\\\/www.organisator.ch\\\/#\\\/schema\\\/person\\\/4e51799071cd2dd1232ac003643ef5f0\"},\"headline\":\"2026 bringt Schweizer Unternehmen an die Belastungsgrenze\",\"datePublished\":\"2025-12-08T12:50:09+00:00\",\"dateModified\":\"2025-12-09T10:53:55+00:00\",\"mainEntityOfPage\":{\"@id\":\"https:\\\/\\\/www.organisator.ch\\\/operational-excellence\\\/2025-12-08\\\/2026-bringt-schweizer-unternehmen-an-die-belastungsgrenze\\\/\"},\"wordCount\":655,\"publisher\":{\"@id\":\"https:\\\/\\\/www.organisator.ch\\\/#organization\"},\"image\":{\"@id\":\"https:\\\/\\\/www.organisator.ch\\\/operational-excellence\\\/2025-12-08\\\/2026-bringt-schweizer-unternehmen-an-die-belastungsgrenze\\\/#primaryimage\"},\"thumbnailUrl\":\"https:\\\/\\\/www.m-q.ch\\\/wp-content\\\/uploads\\\/2025\\\/12\\\/2026-bringt-Schweizer-Unternehmen-an-die-Belastungsgrenze_MQ.jpg\",\"keywords\":[\"Babyboomer\",\"Business Excellence\",\"Consulting\",\"Fachkr\u00e4ftemangel\",\"Management und Unternehmensf\u00fchrung\",\"Risikomanagement\"],\"articleSection\":[\"OPERATIONAL EXCELLENCE\"],\"inLanguage\":\"it-IT\"},{\"@type\":\"WebPage\",\"@id\":\"https:\\\/\\\/www.organisator.ch\\\/operational-excellence\\\/2025-12-08\\\/2026-bringt-schweizer-unternehmen-an-die-belastungsgrenze\\\/\",\"url\":\"https:\\\/\\\/www.organisator.ch\\\/operational-excellence\\\/2025-12-08\\\/2026-bringt-schweizer-unternehmen-an-die-belastungsgrenze\\\/\",\"name\":\"2026 bringt Schweizer Unternehmen an die Belastungsgrenze - Organisator\",\"isPartOf\":{\"@id\":\"https:\\\/\\\/www.organisator.ch\\\/#website\"},\"primaryImageOfPage\":{\"@id\":\"https:\\\/\\\/www.organisator.ch\\\/operational-excellence\\\/2025-12-08\\\/2026-bringt-schweizer-unternehmen-an-die-belastungsgrenze\\\/#primaryimage\"},\"image\":{\"@id\":\"https:\\\/\\\/www.organisator.ch\\\/operational-excellence\\\/2025-12-08\\\/2026-bringt-schweizer-unternehmen-an-die-belastungsgrenze\\\/#primaryimage\"},\"thumbnailUrl\":\"https:\\\/\\\/www.m-q.ch\\\/wp-content\\\/uploads\\\/2025\\\/12\\\/2026-bringt-Schweizer-Unternehmen-an-die-Belastungsgrenze_MQ.jpg\",\"datePublished\":\"2025-12-08T12:50:09+00:00\",\"dateModified\":\"2025-12-09T10:53:55+00:00\",\"description\":\"Herausforderungen bringen die Wirtschaft an die Belastungsgrenze. Was bedeutet das f\u00fcr die Betriebe\u00a0\u2013 und f\u00fcr die Consulting-Branche?\",\"breadcrumb\":{\"@id\":\"https:\\\/\\\/www.organisator.ch\\\/operational-excellence\\\/2025-12-08\\\/2026-bringt-schweizer-unternehmen-an-die-belastungsgrenze\\\/#breadcrumb\"},\"inLanguage\":\"it-IT\",\"potentialAction\":[{\"@type\":\"ReadAction\",\"target\":[\"https:\\\/\\\/www.organisator.ch\\\/operational-excellence\\\/2025-12-08\\\/2026-bringt-schweizer-unternehmen-an-die-belastungsgrenze\\\/\"]}]},{\"@type\":\"ImageObject\",\"inLanguage\":\"it-IT\",\"@id\":\"https:\\\/\\\/www.organisator.ch\\\/operational-excellence\\\/2025-12-08\\\/2026-bringt-schweizer-unternehmen-an-die-belastungsgrenze\\\/#primaryimage\",\"url\":\"https:\\\/\\\/www.m-q.ch\\\/wp-content\\\/uploads\\\/2025\\\/12\\\/2026-bringt-Schweizer-Unternehmen-an-die-Belastungsgrenze_MQ.jpg\",\"contentUrl\":\"https:\\\/\\\/www.m-q.ch\\\/wp-content\\\/uploads\\\/2025\\\/12\\\/2026-bringt-Schweizer-Unternehmen-an-die-Belastungsgrenze_MQ.jpg\"},{\"@type\":\"BreadcrumbList\",\"@id\":\"https:\\\/\\\/www.organisator.ch\\\/operational-excellence\\\/2025-12-08\\\/2026-bringt-schweizer-unternehmen-an-die-belastungsgrenze\\\/#breadcrumb\",\"itemListElement\":[{\"@type\":\"ListItem\",\"position\":1,\"name\":\"Home\",\"item\":\"https:\\\/\\\/www.organisator.ch\\\/\"},{\"@type\":\"ListItem\",\"position\":2,\"name\":\"2026 bringt Schweizer Unternehmen an die Belastungsgrenze\"}]},{\"@type\":\"WebSite\",\"@id\":\"https:\\\/\\\/www.organisator.ch\\\/#website\",\"url\":\"https:\\\/\\\/www.organisator.ch\\\/\",\"name\":\"Organisator\",\"description\":\"Kompetent. Praxisnah. Der ORGANISATOR bereitet in 10 Ausgaben pro Jahr die wesentlichen Themen f\u00fcr F\u00fchrungskr\u00e4fte von KMU auf.\",\"publisher\":{\"@id\":\"https:\\\/\\\/www.organisator.ch\\\/#organization\"},\"potentialAction\":[{\"@type\":\"SearchAction\",\"target\":{\"@type\":\"EntryPoint\",\"urlTemplate\":\"https:\\\/\\\/www.organisator.ch\\\/?s={search_term_string}\"},\"query-input\":{\"@type\":\"PropertyValueSpecification\",\"valueRequired\":true,\"valueName\":\"search_term_string\"}}],\"inLanguage\":\"it-IT\"},{\"@type\":\"Organization\",\"@id\":\"https:\\\/\\\/www.organisator.ch\\\/#organization\",\"name\":\"Organisator\",\"url\":\"https:\\\/\\\/www.organisator.ch\\\/\",\"logo\":{\"@type\":\"ImageObject\",\"inLanguage\":\"it-IT\",\"@id\":\"https:\\\/\\\/www.organisator.ch\\\/#\\\/schema\\\/logo\\\/image\\\/\",\"url\":\"https:\\\/\\\/www.organisator.ch\\\/wp-content\\\/uploads\\\/2022\\\/01\\\/Logo_Organisator_Website.png\",\"contentUrl\":\"https:\\\/\\\/www.organisator.ch\\\/wp-content\\\/uploads\\\/2022\\\/01\\\/Logo_Organisator_Website.png\",\"width\":800,\"height\":77,\"caption\":\"Organisator\"},\"image\":{\"@id\":\"https:\\\/\\\/www.organisator.ch\\\/#\\\/schema\\\/logo\\\/image\\\/\"},\"sameAs\":[\"https:\\\/\\\/www.facebook.com\\\/OrganisatorFachmagazin\",\"https:\\\/\\\/www.linkedin.com\\\/showcase\\\/organisator-das-magazin-fr-kmu\",\"https:\\\/\\\/www.xing.com\\\/news\\\/pages\\\/organisator-ch-695\",\"https:\\\/\\\/www.youtube.com\\\/channel\\\/UCGP2Sq0iWaZwT3BdIAQFYpw\"]},{\"@type\":\"Person\",\"@id\":\"https:\\\/\\\/www.organisator.ch\\\/#\\\/schema\\\/person\\\/4e51799071cd2dd1232ac003643ef5f0\",\"name\":\"galledia\",\"image\":{\"@type\":\"ImageObject\",\"inLanguage\":\"it-IT\",\"@id\":\"https:\\\/\\\/secure.gravatar.com\\\/avatar\\\/78a7f90c01fc2bfc875782a0d4922b37cde2cf184ce347b91316d23cd7f69a36?s=96&d=mm&r=g\",\"url\":\"https:\\\/\\\/secure.gravatar.com\\\/avatar\\\/78a7f90c01fc2bfc875782a0d4922b37cde2cf184ce347b91316d23cd7f69a36?s=96&d=mm&r=g\",\"contentUrl\":\"https:\\\/\\\/secure.gravatar.com\\\/avatar\\\/78a7f90c01fc2bfc875782a0d4922b37cde2cf184ce347b91316d23cd7f69a36?s=96&d=mm&r=g\",\"caption\":\"galledia\"},\"sameAs\":[\"https:\\\/\\\/x.com\\\/admin\"],\"url\":\"https:\\\/\\\/www.organisator.ch\\\/it\\\/author\\\/galledia\\\/\"}]}<\/script>\n<!-- \/ Yoast SEO plugin. -->","yoast_head_json":{"title":"Il 2026 porter\u00e0 le aziende svizzere al limite della loro capacit\u00e0 - Organizzatore","description":"Le sfide stanno mettendo a dura prova l'economia. Cosa significa questo per le aziende e per il settore della consulenza?","robots":{"index":"index","follow":"follow","max-snippet":"max-snippet:-1","max-image-preview":"max-image-preview:large","max-video-preview":"max-video-preview:-1"},"canonical":"https:\/\/www.organisator.ch\/it\/eccellenza-operativa\/2025-12-08\/2026-bringt-schweizer-unternehmen-an-die-belastungsgrenze\/","og_locale":"it_IT","og_type":"article","og_title":"2026 bringt Schweizer Unternehmen an die Belastungsgrenze - Organisator","og_description":"Herausforderungen bringen die Wirtschaft an die Belastungsgrenze. Was bedeutet das f\u00fcr die Betriebe\u00a0\u2013 und f\u00fcr die Consulting-Branche?","og_url":"https:\/\/www.organisator.ch\/it\/eccellenza-operativa\/2025-12-08\/2026-bringt-schweizer-unternehmen-an-die-belastungsgrenze\/","og_site_name":"Organisator","article_publisher":"https:\/\/www.facebook.com\/OrganisatorFachmagazin","article_published_time":"2025-12-08T12:50:09+00:00","article_modified_time":"2025-12-09T10:53:55+00:00","author":"galledia","twitter_card":"summary_large_image","twitter_creator":"@admin","schema":{"@context":"https:\/\/schema.org","@graph":[{"@type":"Article","@id":"https:\/\/www.organisator.ch\/operational-excellence\/2025-12-08\/2026-bringt-schweizer-unternehmen-an-die-belastungsgrenze\/#article","isPartOf":{"@id":"https:\/\/www.organisator.ch\/operational-excellence\/2025-12-08\/2026-bringt-schweizer-unternehmen-an-die-belastungsgrenze\/"},"author":{"name":"galledia","@id":"https:\/\/www.organisator.ch\/#\/schema\/person\/4e51799071cd2dd1232ac003643ef5f0"},"headline":"2026 bringt Schweizer Unternehmen an die Belastungsgrenze","datePublished":"2025-12-08T12:50:09+00:00","dateModified":"2025-12-09T10:53:55+00:00","mainEntityOfPage":{"@id":"https:\/\/www.organisator.ch\/operational-excellence\/2025-12-08\/2026-bringt-schweizer-unternehmen-an-die-belastungsgrenze\/"},"wordCount":655,"publisher":{"@id":"https:\/\/www.organisator.ch\/#organization"},"image":{"@id":"https:\/\/www.organisator.ch\/operational-excellence\/2025-12-08\/2026-bringt-schweizer-unternehmen-an-die-belastungsgrenze\/#primaryimage"},"thumbnailUrl":"https:\/\/www.m-q.ch\/wp-content\/uploads\/2025\/12\/2026-bringt-Schweizer-Unternehmen-an-die-Belastungsgrenze_MQ.jpg","keywords":["Babyboomer","Business Excellence","Consulting","Fachkr\u00e4ftemangel","Management und Unternehmensf\u00fchrung","Risikomanagement"],"articleSection":["OPERATIONAL EXCELLENCE"],"inLanguage":"it-IT"},{"@type":"WebPage","@id":"https:\/\/www.organisator.ch\/operational-excellence\/2025-12-08\/2026-bringt-schweizer-unternehmen-an-die-belastungsgrenze\/","url":"https:\/\/www.organisator.ch\/operational-excellence\/2025-12-08\/2026-bringt-schweizer-unternehmen-an-die-belastungsgrenze\/","name":"Il 2026 porter\u00e0 le aziende svizzere al limite della loro capacit\u00e0 - Organizzatore","isPartOf":{"@id":"https:\/\/www.organisator.ch\/#website"},"primaryImageOfPage":{"@id":"https:\/\/www.organisator.ch\/operational-excellence\/2025-12-08\/2026-bringt-schweizer-unternehmen-an-die-belastungsgrenze\/#primaryimage"},"image":{"@id":"https:\/\/www.organisator.ch\/operational-excellence\/2025-12-08\/2026-bringt-schweizer-unternehmen-an-die-belastungsgrenze\/#primaryimage"},"thumbnailUrl":"https:\/\/www.m-q.ch\/wp-content\/uploads\/2025\/12\/2026-bringt-Schweizer-Unternehmen-an-die-Belastungsgrenze_MQ.jpg","datePublished":"2025-12-08T12:50:09+00:00","dateModified":"2025-12-09T10:53:55+00:00","description":"Le sfide stanno mettendo a dura prova l'economia. Cosa significa questo per le aziende e per il settore della consulenza?","breadcrumb":{"@id":"https:\/\/www.organisator.ch\/operational-excellence\/2025-12-08\/2026-bringt-schweizer-unternehmen-an-die-belastungsgrenze\/#breadcrumb"},"inLanguage":"it-IT","potentialAction":[{"@type":"ReadAction","target":["https:\/\/www.organisator.ch\/operational-excellence\/2025-12-08\/2026-bringt-schweizer-unternehmen-an-die-belastungsgrenze\/"]}]},{"@type":"ImageObject","inLanguage":"it-IT","@id":"https:\/\/www.organisator.ch\/operational-excellence\/2025-12-08\/2026-bringt-schweizer-unternehmen-an-die-belastungsgrenze\/#primaryimage","url":"https:\/\/www.m-q.ch\/wp-content\/uploads\/2025\/12\/2026-bringt-Schweizer-Unternehmen-an-die-Belastungsgrenze_MQ.jpg","contentUrl":"https:\/\/www.m-q.ch\/wp-content\/uploads\/2025\/12\/2026-bringt-Schweizer-Unternehmen-an-die-Belastungsgrenze_MQ.jpg"},{"@type":"BreadcrumbList","@id":"https:\/\/www.organisator.ch\/operational-excellence\/2025-12-08\/2026-bringt-schweizer-unternehmen-an-die-belastungsgrenze\/#breadcrumb","itemListElement":[{"@type":"ListItem","position":1,"name":"Home","item":"https:\/\/www.organisator.ch\/"},{"@type":"ListItem","position":2,"name":"2026 bringt Schweizer Unternehmen an die Belastungsgrenze"}]},{"@type":"WebSite","@id":"https:\/\/www.organisator.ch\/#website","url":"https:\/\/www.organisator.ch\/","name":"Organizzatore","description":"Competente. Pratico. In 10 numeri all'anno, ORGANISATOR presenta i temi essenziali per i manager delle PMI.","publisher":{"@id":"https:\/\/www.organisator.ch\/#organization"},"potentialAction":[{"@type":"SearchAction","target":{"@type":"EntryPoint","urlTemplate":"https:\/\/www.organisator.ch\/?s={search_term_string}"},"query-input":{"@type":"PropertyValueSpecification","valueRequired":true,"valueName":"search_term_string"}}],"inLanguage":"it-IT"},{"@type":"Organization","@id":"https:\/\/www.organisator.ch\/#organization","name":"Organizzatore","url":"https:\/\/www.organisator.ch\/","logo":{"@type":"ImageObject","inLanguage":"it-IT","@id":"https:\/\/www.organisator.ch\/#\/schema\/logo\/image\/","url":"https:\/\/www.organisator.ch\/wp-content\/uploads\/2022\/01\/Logo_Organisator_Website.png","contentUrl":"https:\/\/www.organisator.ch\/wp-content\/uploads\/2022\/01\/Logo_Organisator_Website.png","width":800,"height":77,"caption":"Organisator"},"image":{"@id":"https:\/\/www.organisator.ch\/#\/schema\/logo\/image\/"},"sameAs":["https:\/\/www.facebook.com\/OrganisatorFachmagazin","https:\/\/www.linkedin.com\/showcase\/organisator-das-magazin-fr-kmu","https:\/\/www.xing.com\/news\/pages\/organisator-ch-695","https:\/\/www.youtube.com\/channel\/UCGP2Sq0iWaZwT3BdIAQFYpw"]},{"@type":"Person","@id":"https:\/\/www.organisator.ch\/#\/schema\/person\/4e51799071cd2dd1232ac003643ef5f0","name":"galledia","image":{"@type":"ImageObject","inLanguage":"it-IT","@id":"https:\/\/secure.gravatar.com\/avatar\/78a7f90c01fc2bfc875782a0d4922b37cde2cf184ce347b91316d23cd7f69a36?s=96&d=mm&r=g","url":"https:\/\/secure.gravatar.com\/avatar\/78a7f90c01fc2bfc875782a0d4922b37cde2cf184ce347b91316d23cd7f69a36?s=96&d=mm&r=g","contentUrl":"https:\/\/secure.gravatar.com\/avatar\/78a7f90c01fc2bfc875782a0d4922b37cde2cf184ce347b91316d23cd7f69a36?s=96&d=mm&r=g","caption":"galledia"},"sameAs":["https:\/\/x.com\/admin"],"url":"https:\/\/www.organisator.ch\/it\/author\/galledia\/"}]}},"_links":{"self":[{"href":"https:\/\/www.organisator.ch\/it\/wp-json\/wp\/v2\/posts\/42619","targetHints":{"allow":["GET"]}}],"collection":[{"href":"https:\/\/www.organisator.ch\/it\/wp-json\/wp\/v2\/posts"}],"about":[{"href":"https:\/\/www.organisator.ch\/it\/wp-json\/wp\/v2\/types\/post"}],"author":[{"embeddable":true,"href":"https:\/\/www.organisator.ch\/it\/wp-json\/wp\/v2\/users\/8"}],"replies":[{"embeddable":true,"href":"https:\/\/www.organisator.ch\/it\/wp-json\/wp\/v2\/comments?post=42619"}],"version-history":[{"count":3,"href":"https:\/\/www.organisator.ch\/it\/wp-json\/wp\/v2\/posts\/42619\/revisions"}],"predecessor-version":[{"id":42648,"href":"https:\/\/www.organisator.ch\/it\/wp-json\/wp\/v2\/posts\/42619\/revisions\/42648"}],"wp:attachment":[{"href":"https:\/\/www.organisator.ch\/it\/wp-json\/wp\/v2\/media?parent=42619"}],"wp:term":[{"taxonomy":"category","embeddable":true,"href":"https:\/\/www.organisator.ch\/it\/wp-json\/wp\/v2\/categories?post=42619"},{"taxonomy":"post_tag","embeddable":true,"href":"https:\/\/www.organisator.ch\/it\/wp-json\/wp\/v2\/tags?post=42619"}],"curies":[{"name":"wp","href":"https:\/\/api.w.org\/{rel}","templated":true}]}}