{"id":4269,"date":"2018-09-21T08:01:00","date_gmt":"2018-09-21T06:01:00","guid":{"rendered":"https:\/\/www.organisator.ch\/?p=4269"},"modified":"2018-09-21T08:01:00","modified_gmt":"2018-09-21T06:01:00","slug":"digitalisierung-ist-kein-jobvernichter","status":"publish","type":"post","link":"https:\/\/www.organisator.ch\/it\/marketing\/2018-09-21\/digitalisierung-ist-kein-jobvernichter\/","title":{"rendered":"La digitalizzazione non \u00e8 un distruttore di posti di lavoro"},"content":{"rendered":"<figure id=\"attachment_4272\" aria-describedby=\"caption-attachment-4272\" style=\"width: 633px\" class=\"wp-caption alignnone\"><img loading=\"lazy\" decoding=\"async\" class=\"size-full wp-image-4272\" src=\"https:\/\/www.organisator.ch\/wp-content\/uploads\/2018\/09\/Digitalisierung-ist-kein-Jobvernichter_Organisator.jpg\" alt=\"\" width=\"633\" height=\"480\" srcset=\"https:\/\/www.organisator.ch\/wp-content\/uploads\/2018\/09\/Digitalisierung-ist-kein-Jobvernichter_Organisator.jpg 633w, https:\/\/www.organisator.ch\/wp-content\/uploads\/2018\/09\/Digitalisierung-ist-kein-Jobvernichter_Organisator-16x12.jpg 16w, https:\/\/www.organisator.ch\/wp-content\/uploads\/2018\/09\/Digitalisierung-ist-kein-Jobvernichter_Organisator-231x175.jpg 231w, https:\/\/www.organisator.ch\/wp-content\/uploads\/2018\/09\/Digitalisierung-ist-kein-Jobvernichter_Organisator-462x350.jpg 462w, https:\/\/www.organisator.ch\/wp-content\/uploads\/2018\/09\/Digitalisierung-ist-kein-Jobvernichter_Organisator-300x227.jpg 300w\" sizes=\"auto, (max-width: 633px) 100vw, 633px\" \/><figcaption id=\"caption-attachment-4272\" class=\"wp-caption-text\">La digitalizzazione migliora gli acquisti - e non \u00e8 un distruttore di posti di lavoro. (Grafico: wlw)<\/figcaption><\/figure>\n<p>In aprile e maggio, il principale mercato online B2B in Svizzera, Germania e Austria, \"Wer liefert was\", insieme al Kloepfel Group, un fornitore di servizi per gli acquisti per le PMI, ha intervistato 1.413 responsabili degli acquisti della regione DACH. La met\u00e0 degli intervistati crede che la digitalizzazione stia portando a diversi ruoli, compiti e responsabilit\u00e0 negli acquisti nelle aziende. Poco meno di un quarto (24%) vede anche le persone come il fattore centrale negli acquisti in futuro. Tuttavia, ben il 10% crede che l'avanzamento dello sviluppo delle tecnologie assicurer\u00e0 che i processi di approvvigionamento siano completamente automatizzati e che l'acquisto nella sua forma attuale non avverr\u00e0 pi\u00f9. L'87% crede che i progressi della digitalizzazione miglioreranno gli acquisti.<\/p>\n<h2>La digitalizzazione influenza tutte le aree dell'azienda<\/h2>\n<p>\"La digitalizzazione sta diventando sempre pi\u00f9 diffusa in tutti i settori dell'azienda o \u00e8 gi\u00e0 saldamente ancorata in alcune aree. Sta avanzando anche negli acquisti, il che significa che questo settore sta assumendo un ruolo chiave\", spiega Doreen Schlicht, CMO &amp; Human Resources di \"Wer liefert was\". \"Tuttavia, il fattore umano rimane il motore dello sviluppo. Pertanto, la formazione continua negli acquisti rimane enormemente importante per il successo degli acquisti, sia in termini di know-how di digitalizzazione che di capacit\u00e0 di negoziazione\", avverte Heidrun Meder, Head of Group Recruiting &amp; Employer Branding Kloepfel Group.<\/p>\n<h2>Le nuove tecnologie cambiano la descrizione del lavoro del compratore<\/h2>\n<p>Pi\u00f9 della met\u00e0 dei responsabili degli acquisti intervistati (53%) pensa che l'automazione della catena di approvvigionamento avr\u00e0 il maggiore impatto sul cambiamento della descrizione del lavoro dei compratori. Al secondo posto, con il 14%, c'\u00e8 l'uso dell'intelligenza artificiale. La realt\u00e0 aumentata e virtuale sono percepite solo dal due per cento come tecnologie degne di nota per l'acquisto. Quasi nessuno crede che i chatbot avranno un ruolo importante negli acquisti in futuro (0,78%). \"In tempi di reti digitali, di crescente pressione per innovare e di una velocit\u00e0 di sviluppo estremamente elevata, gli acquirenti devono aprirsi e adattarsi alle nuove tecnologie per tenere il passo\", dice Doreen Schlicht. \"\u00c8 quindi abbastanza positivo che i partecipanti al sondaggio stiano comprendendo sempre pi\u00f9 le crescenti esigenze e la crescente complessit\u00e0\", dice Schlicht.<\/p>\n<p><em>Fonte e ulteriori informazioni: <a href=\"http:\/\/www.wlw.ch\">\"Chi consegna cosa\"<\/a><\/em><\/p>","protected":false},"excerpt":{"rendered":"<p>Der in der Schweiz, Deutschland und \u00d6sterreich f\u00fchrende Online-B2B-Marktplatz \u00abWer liefert was\u00bb hat im April und Mai gemeinsam mit der Kloepfel Group,\u00a0einem Dienstleister f\u00fcr den Einkauf seitens KMUs, 1\u2019413 Einkaufsmanager aus dem DACH-Raum befragt. Die H\u00e4lfte der dabei\u00a0Befragten ist der Ansicht, dass die Digitalisierung zu vielf\u00e4ltigen Rollen, Aufgaben und Verantwortungen im Einkauf bei Unternehmen f\u00fchrt. [&hellip;]<\/p>\n","protected":false},"author":4,"featured_media":4272,"comment_status":"open","ping_status":"open","sticky":false,"template":"","format":"standard","meta":{"_acf_changed":false,"_yoast_wpseo_focuskw":"Jobvernichter","_yoast_wpseo_metadesc":"Die H\u00e4lfte der Einkaufsmanager aus der Schweiz, Deutschland und \u00d6sterreich sieht die fortschreitende Digitalisierung nicht als Jobvernichter.","articlekey":"","footnotes":""},"categories":[29],"tags":[156,169,339],"class_list":["post-4269","post","type-post","status-publish","format-standard","has-post-thumbnail","hentry","category-marketing","tag-digitalisierung","tag-einkauf","tag-marketing"],"acf":[],"yoast_head":"<!-- This site is optimized with the Yoast SEO plugin v27.4 - https:\/\/yoast.com\/product\/yoast-seo-wordpress\/ -->\n<title>Digitalisierung ist kein Jobvernichter - Organisator<\/title>\n<meta name=\"description\" content=\"Die H\u00e4lfte der Einkaufsmanager aus der Schweiz, Deutschland und \u00d6sterreich sieht die fortschreitende Digitalisierung nicht als Jobvernichter.\" \/>\n<meta name=\"robots\" content=\"index, follow, max-snippet:-1, max-image-preview:large, max-video-preview:-1\" \/>\n<link rel=\"canonical\" href=\"https:\/\/www.organisator.ch\/it\/marketing\/2018-09-21\/digitalisierung-ist-kein-jobvernichter\/\" \/>\n<meta property=\"og:locale\" content=\"it_IT\" \/>\n<meta property=\"og:type\" content=\"article\" \/>\n<meta property=\"og:title\" content=\"Digitalisierung ist kein Jobvernichter\" \/>\n<meta property=\"og:description\" content=\"Die H\u00e4lfte der Einkaufsmanager aus der Schweiz, Deutschland und \u00d6sterreich sieht die fortschreitende Digitalisierung nicht als Jobvernichter.\" \/>\n<meta property=\"og:url\" content=\"https:\/\/www.organisator.ch\/it\/marketing\/2018-09-21\/digitalisierung-ist-kein-jobvernichter\/\" \/>\n<meta property=\"og:site_name\" content=\"Organisator\" \/>\n<meta property=\"article:publisher\" content=\"https:\/\/www.facebook.com\/OrganisatorFachmagazin\" \/>\n<meta property=\"article:published_time\" content=\"2018-09-21T06:01:00+00:00\" \/>\n<meta property=\"og:image\" content=\"https:\/\/www.organisator.ch\/wp-content\/uploads\/2018\/09\/Digitalisierung-ist-kein-Jobvernichter_Organisator.jpg\" \/>\n\t<meta property=\"og:image:width\" content=\"633\" \/>\n\t<meta property=\"og:image:height\" content=\"480\" \/>\n\t<meta property=\"og:image:type\" content=\"image\/jpeg\" \/>\n<meta name=\"author\" content=\"thomas.berner\" \/>\n<meta name=\"twitter:card\" content=\"summary_large_image\" \/>\n<meta name=\"twitter:title\" content=\"#Digitalisierung ist kein #Jobvernichter\" \/>\n<meta name=\"twitter:description\" content=\"Die H\u00e4lfte der Einkaufsmanager aus der Schweiz, Deutschland und \u00d6sterreich sieht die fortschreitende Digitalisierung nicht als #Jobvernichter.\" \/>\n<meta name=\"twitter:image\" content=\"https:\/\/www.organisator.ch\/wp-content\/uploads\/2018\/09\/Digitalisierung-ist-kein-Jobvernichter_Organisator.jpg\" \/>\n<script type=\"application\/ld+json\" class=\"yoast-schema-graph\">{\"@context\":\"https:\\\/\\\/schema.org\",\"@graph\":[{\"@type\":\"Article\",\"@id\":\"https:\\\/\\\/www.organisator.ch\\\/marketing\\\/2018-09-21\\\/digitalisierung-ist-kein-jobvernichter\\\/#article\",\"isPartOf\":{\"@id\":\"https:\\\/\\\/www.organisator.ch\\\/marketing\\\/2018-09-21\\\/digitalisierung-ist-kein-jobvernichter\\\/\"},\"author\":{\"name\":\"thomas.berner\",\"@id\":\"https:\\\/\\\/www.organisator.ch\\\/#\\\/schema\\\/person\\\/6f650f90b2842cd4c0cc334b4e36f67e\"},\"headline\":\"Digitalisierung ist kein Jobvernichter\",\"datePublished\":\"2018-09-21T06:01:00+00:00\",\"mainEntityOfPage\":{\"@id\":\"https:\\\/\\\/www.organisator.ch\\\/marketing\\\/2018-09-21\\\/digitalisierung-ist-kein-jobvernichter\\\/\"},\"wordCount\":365,\"commentCount\":0,\"publisher\":{\"@id\":\"https:\\\/\\\/www.organisator.ch\\\/#organization\"},\"image\":{\"@id\":\"https:\\\/\\\/www.organisator.ch\\\/marketing\\\/2018-09-21\\\/digitalisierung-ist-kein-jobvernichter\\\/#primaryimage\"},\"thumbnailUrl\":\"https:\\\/\\\/www.organisator.ch\\\/wp-content\\\/uploads\\\/2018\\\/09\\\/Digitalisierung-ist-kein-Jobvernichter_Organisator.jpg\",\"keywords\":[\"Digitalisierung\",\"Einkauf\",\"Marketing\"],\"articleSection\":[\"MARKETING\"],\"inLanguage\":\"it-IT\"},{\"@type\":\"WebPage\",\"@id\":\"https:\\\/\\\/www.organisator.ch\\\/marketing\\\/2018-09-21\\\/digitalisierung-ist-kein-jobvernichter\\\/\",\"url\":\"https:\\\/\\\/www.organisator.ch\\\/marketing\\\/2018-09-21\\\/digitalisierung-ist-kein-jobvernichter\\\/\",\"name\":\"Digitalisierung ist kein Jobvernichter - Organisator\",\"isPartOf\":{\"@id\":\"https:\\\/\\\/www.organisator.ch\\\/#website\"},\"primaryImageOfPage\":{\"@id\":\"https:\\\/\\\/www.organisator.ch\\\/marketing\\\/2018-09-21\\\/digitalisierung-ist-kein-jobvernichter\\\/#primaryimage\"},\"image\":{\"@id\":\"https:\\\/\\\/www.organisator.ch\\\/marketing\\\/2018-09-21\\\/digitalisierung-ist-kein-jobvernichter\\\/#primaryimage\"},\"thumbnailUrl\":\"https:\\\/\\\/www.organisator.ch\\\/wp-content\\\/uploads\\\/2018\\\/09\\\/Digitalisierung-ist-kein-Jobvernichter_Organisator.jpg\",\"datePublished\":\"2018-09-21T06:01:00+00:00\",\"description\":\"Die H\u00e4lfte der Einkaufsmanager aus der Schweiz, Deutschland und \u00d6sterreich sieht die fortschreitende Digitalisierung nicht als Jobvernichter.\",\"breadcrumb\":{\"@id\":\"https:\\\/\\\/www.organisator.ch\\\/marketing\\\/2018-09-21\\\/digitalisierung-ist-kein-jobvernichter\\\/#breadcrumb\"},\"inLanguage\":\"it-IT\",\"potentialAction\":[{\"@type\":\"ReadAction\",\"target\":[\"https:\\\/\\\/www.organisator.ch\\\/marketing\\\/2018-09-21\\\/digitalisierung-ist-kein-jobvernichter\\\/\"]}]},{\"@type\":\"ImageObject\",\"inLanguage\":\"it-IT\",\"@id\":\"https:\\\/\\\/www.organisator.ch\\\/marketing\\\/2018-09-21\\\/digitalisierung-ist-kein-jobvernichter\\\/#primaryimage\",\"url\":\"https:\\\/\\\/www.organisator.ch\\\/wp-content\\\/uploads\\\/2018\\\/09\\\/Digitalisierung-ist-kein-Jobvernichter_Organisator.jpg\",\"contentUrl\":\"https:\\\/\\\/www.organisator.ch\\\/wp-content\\\/uploads\\\/2018\\\/09\\\/Digitalisierung-ist-kein-Jobvernichter_Organisator.jpg\",\"width\":633,\"height\":480,\"caption\":\"Digitalisierung verbessert den Einkauf - und ist kein Jobvernichter. (Grafik: wlw)\"},{\"@type\":\"BreadcrumbList\",\"@id\":\"https:\\\/\\\/www.organisator.ch\\\/marketing\\\/2018-09-21\\\/digitalisierung-ist-kein-jobvernichter\\\/#breadcrumb\",\"itemListElement\":[{\"@type\":\"ListItem\",\"position\":1,\"name\":\"Home\",\"item\":\"https:\\\/\\\/www.organisator.ch\\\/\"},{\"@type\":\"ListItem\",\"position\":2,\"name\":\"Digitalisierung ist kein Jobvernichter\"}]},{\"@type\":\"WebSite\",\"@id\":\"https:\\\/\\\/www.organisator.ch\\\/#website\",\"url\":\"https:\\\/\\\/www.organisator.ch\\\/\",\"name\":\"Organisator\",\"description\":\"Kompetent. Praxisnah. Der ORGANISATOR bereitet in 10 Ausgaben pro Jahr die wesentlichen Themen f\u00fcr F\u00fchrungskr\u00e4fte von KMU auf.\",\"publisher\":{\"@id\":\"https:\\\/\\\/www.organisator.ch\\\/#organization\"},\"potentialAction\":[{\"@type\":\"SearchAction\",\"target\":{\"@type\":\"EntryPoint\",\"urlTemplate\":\"https:\\\/\\\/www.organisator.ch\\\/?s={search_term_string}\"},\"query-input\":{\"@type\":\"PropertyValueSpecification\",\"valueRequired\":true,\"valueName\":\"search_term_string\"}}],\"inLanguage\":\"it-IT\"},{\"@type\":\"Organization\",\"@id\":\"https:\\\/\\\/www.organisator.ch\\\/#organization\",\"name\":\"Organisator\",\"url\":\"https:\\\/\\\/www.organisator.ch\\\/\",\"logo\":{\"@type\":\"ImageObject\",\"inLanguage\":\"it-IT\",\"@id\":\"https:\\\/\\\/www.organisator.ch\\\/#\\\/schema\\\/logo\\\/image\\\/\",\"url\":\"https:\\\/\\\/www.organisator.ch\\\/wp-content\\\/uploads\\\/2022\\\/01\\\/Logo_Organisator_Website.png\",\"contentUrl\":\"https:\\\/\\\/www.organisator.ch\\\/wp-content\\\/uploads\\\/2022\\\/01\\\/Logo_Organisator_Website.png\",\"width\":800,\"height\":77,\"caption\":\"Organisator\"},\"image\":{\"@id\":\"https:\\\/\\\/www.organisator.ch\\\/#\\\/schema\\\/logo\\\/image\\\/\"},\"sameAs\":[\"https:\\\/\\\/www.facebook.com\\\/OrganisatorFachmagazin\",\"https:\\\/\\\/www.linkedin.com\\\/showcase\\\/organisator-das-magazin-fr-kmu\",\"https:\\\/\\\/www.xing.com\\\/news\\\/pages\\\/organisator-ch-695\",\"https:\\\/\\\/www.youtube.com\\\/channel\\\/UCGP2Sq0iWaZwT3BdIAQFYpw\"]},{\"@type\":\"Person\",\"@id\":\"https:\\\/\\\/www.organisator.ch\\\/#\\\/schema\\\/person\\\/6f650f90b2842cd4c0cc334b4e36f67e\",\"name\":\"thomas.berner\",\"image\":{\"@type\":\"ImageObject\",\"inLanguage\":\"it-IT\",\"@id\":\"https:\\\/\\\/secure.gravatar.com\\\/avatar\\\/ac5001d2a36cb6c6cd3e50789007ffca834b477b74a2144564522e944eabff61?s=96&d=mm&r=g\",\"url\":\"https:\\\/\\\/secure.gravatar.com\\\/avatar\\\/ac5001d2a36cb6c6cd3e50789007ffca834b477b74a2144564522e944eabff61?s=96&d=mm&r=g\",\"contentUrl\":\"https:\\\/\\\/secure.gravatar.com\\\/avatar\\\/ac5001d2a36cb6c6cd3e50789007ffca834b477b74a2144564522e944eabff61?s=96&d=mm&r=g\",\"caption\":\"thomas.berner\"},\"url\":\"https:\\\/\\\/www.organisator.ch\\\/it\\\/author\\\/thomas-berner\\\/\"}]}<\/script>\n<!-- \/ Yoast SEO plugin. -->","yoast_head_json":{"title":"La digitalizzazione non distrugge i posti di lavoro - Organizzatore","description":"La met\u00e0 dei responsabili degli acquisti di Svizzera, Germania e Austria non vede l'avanzamento della digitalizzazione come una distruzione di posti di lavoro.","robots":{"index":"index","follow":"follow","max-snippet":"max-snippet:-1","max-image-preview":"max-image-preview:large","max-video-preview":"max-video-preview:-1"},"canonical":"https:\/\/www.organisator.ch\/it\/marketing\/2018-09-21\/digitalisierung-ist-kein-jobvernichter\/","og_locale":"it_IT","og_type":"article","og_title":"Digitalisierung ist kein Jobvernichter","og_description":"Die H\u00e4lfte der Einkaufsmanager aus der Schweiz, Deutschland und \u00d6sterreich sieht die fortschreitende Digitalisierung nicht als Jobvernichter.","og_url":"https:\/\/www.organisator.ch\/it\/marketing\/2018-09-21\/digitalisierung-ist-kein-jobvernichter\/","og_site_name":"Organisator","article_publisher":"https:\/\/www.facebook.com\/OrganisatorFachmagazin","article_published_time":"2018-09-21T06:01:00+00:00","og_image":[{"width":633,"height":480,"url":"https:\/\/www.organisator.ch\/wp-content\/uploads\/2018\/09\/Digitalisierung-ist-kein-Jobvernichter_Organisator.jpg","type":"image\/jpeg"}],"author":"thomas.berner","twitter_card":"summary_large_image","twitter_title":"#Digitalisierung ist kein #Jobvernichter","twitter_description":"Die H\u00e4lfte der Einkaufsmanager aus der Schweiz, Deutschland und \u00d6sterreich sieht die fortschreitende Digitalisierung nicht als #Jobvernichter.","twitter_image":"https:\/\/www.organisator.ch\/wp-content\/uploads\/2018\/09\/Digitalisierung-ist-kein-Jobvernichter_Organisator.jpg","schema":{"@context":"https:\/\/schema.org","@graph":[{"@type":"Article","@id":"https:\/\/www.organisator.ch\/marketing\/2018-09-21\/digitalisierung-ist-kein-jobvernichter\/#article","isPartOf":{"@id":"https:\/\/www.organisator.ch\/marketing\/2018-09-21\/digitalisierung-ist-kein-jobvernichter\/"},"author":{"name":"thomas.berner","@id":"https:\/\/www.organisator.ch\/#\/schema\/person\/6f650f90b2842cd4c0cc334b4e36f67e"},"headline":"Digitalisierung ist kein Jobvernichter","datePublished":"2018-09-21T06:01:00+00:00","mainEntityOfPage":{"@id":"https:\/\/www.organisator.ch\/marketing\/2018-09-21\/digitalisierung-ist-kein-jobvernichter\/"},"wordCount":365,"commentCount":0,"publisher":{"@id":"https:\/\/www.organisator.ch\/#organization"},"image":{"@id":"https:\/\/www.organisator.ch\/marketing\/2018-09-21\/digitalisierung-ist-kein-jobvernichter\/#primaryimage"},"thumbnailUrl":"https:\/\/www.organisator.ch\/wp-content\/uploads\/2018\/09\/Digitalisierung-ist-kein-Jobvernichter_Organisator.jpg","keywords":["Digitalisierung","Einkauf","Marketing"],"articleSection":["MARKETING"],"inLanguage":"it-IT"},{"@type":"WebPage","@id":"https:\/\/www.organisator.ch\/marketing\/2018-09-21\/digitalisierung-ist-kein-jobvernichter\/","url":"https:\/\/www.organisator.ch\/marketing\/2018-09-21\/digitalisierung-ist-kein-jobvernichter\/","name":"La digitalizzazione non distrugge i posti di lavoro - Organizzatore","isPartOf":{"@id":"https:\/\/www.organisator.ch\/#website"},"primaryImageOfPage":{"@id":"https:\/\/www.organisator.ch\/marketing\/2018-09-21\/digitalisierung-ist-kein-jobvernichter\/#primaryimage"},"image":{"@id":"https:\/\/www.organisator.ch\/marketing\/2018-09-21\/digitalisierung-ist-kein-jobvernichter\/#primaryimage"},"thumbnailUrl":"https:\/\/www.organisator.ch\/wp-content\/uploads\/2018\/09\/Digitalisierung-ist-kein-Jobvernichter_Organisator.jpg","datePublished":"2018-09-21T06:01:00+00:00","description":"La met\u00e0 dei responsabili degli acquisti di Svizzera, Germania e Austria non vede l'avanzamento della digitalizzazione come una distruzione di posti di lavoro.","breadcrumb":{"@id":"https:\/\/www.organisator.ch\/marketing\/2018-09-21\/digitalisierung-ist-kein-jobvernichter\/#breadcrumb"},"inLanguage":"it-IT","potentialAction":[{"@type":"ReadAction","target":["https:\/\/www.organisator.ch\/marketing\/2018-09-21\/digitalisierung-ist-kein-jobvernichter\/"]}]},{"@type":"ImageObject","inLanguage":"it-IT","@id":"https:\/\/www.organisator.ch\/marketing\/2018-09-21\/digitalisierung-ist-kein-jobvernichter\/#primaryimage","url":"https:\/\/www.organisator.ch\/wp-content\/uploads\/2018\/09\/Digitalisierung-ist-kein-Jobvernichter_Organisator.jpg","contentUrl":"https:\/\/www.organisator.ch\/wp-content\/uploads\/2018\/09\/Digitalisierung-ist-kein-Jobvernichter_Organisator.jpg","width":633,"height":480,"caption":"Digitalisierung verbessert den Einkauf - und ist kein Jobvernichter. (Grafik: wlw)"},{"@type":"BreadcrumbList","@id":"https:\/\/www.organisator.ch\/marketing\/2018-09-21\/digitalisierung-ist-kein-jobvernichter\/#breadcrumb","itemListElement":[{"@type":"ListItem","position":1,"name":"Home","item":"https:\/\/www.organisator.ch\/"},{"@type":"ListItem","position":2,"name":"Digitalisierung ist kein Jobvernichter"}]},{"@type":"WebSite","@id":"https:\/\/www.organisator.ch\/#website","url":"https:\/\/www.organisator.ch\/","name":"Organizzatore","description":"Competente. Pratico. In 10 numeri all'anno, ORGANISATOR presenta i temi essenziali per i manager delle PMI.","publisher":{"@id":"https:\/\/www.organisator.ch\/#organization"},"potentialAction":[{"@type":"SearchAction","target":{"@type":"EntryPoint","urlTemplate":"https:\/\/www.organisator.ch\/?s={search_term_string}"},"query-input":{"@type":"PropertyValueSpecification","valueRequired":true,"valueName":"search_term_string"}}],"inLanguage":"it-IT"},{"@type":"Organization","@id":"https:\/\/www.organisator.ch\/#organization","name":"Organizzatore","url":"https:\/\/www.organisator.ch\/","logo":{"@type":"ImageObject","inLanguage":"it-IT","@id":"https:\/\/www.organisator.ch\/#\/schema\/logo\/image\/","url":"https:\/\/www.organisator.ch\/wp-content\/uploads\/2022\/01\/Logo_Organisator_Website.png","contentUrl":"https:\/\/www.organisator.ch\/wp-content\/uploads\/2022\/01\/Logo_Organisator_Website.png","width":800,"height":77,"caption":"Organisator"},"image":{"@id":"https:\/\/www.organisator.ch\/#\/schema\/logo\/image\/"},"sameAs":["https:\/\/www.facebook.com\/OrganisatorFachmagazin","https:\/\/www.linkedin.com\/showcase\/organisator-das-magazin-fr-kmu","https:\/\/www.xing.com\/news\/pages\/organisator-ch-695","https:\/\/www.youtube.com\/channel\/UCGP2Sq0iWaZwT3BdIAQFYpw"]},{"@type":"Person","@id":"https:\/\/www.organisator.ch\/#\/schema\/person\/6f650f90b2842cd4c0cc334b4e36f67e","name":"Tommaso.berner","image":{"@type":"ImageObject","inLanguage":"it-IT","@id":"https:\/\/secure.gravatar.com\/avatar\/ac5001d2a36cb6c6cd3e50789007ffca834b477b74a2144564522e944eabff61?s=96&d=mm&r=g","url":"https:\/\/secure.gravatar.com\/avatar\/ac5001d2a36cb6c6cd3e50789007ffca834b477b74a2144564522e944eabff61?s=96&d=mm&r=g","contentUrl":"https:\/\/secure.gravatar.com\/avatar\/ac5001d2a36cb6c6cd3e50789007ffca834b477b74a2144564522e944eabff61?s=96&d=mm&r=g","caption":"thomas.berner"},"url":"https:\/\/www.organisator.ch\/it\/author\/thomas-berner\/"}]}},"_links":{"self":[{"href":"https:\/\/www.organisator.ch\/it\/wp-json\/wp\/v2\/posts\/4269","targetHints":{"allow":["GET"]}}],"collection":[{"href":"https:\/\/www.organisator.ch\/it\/wp-json\/wp\/v2\/posts"}],"about":[{"href":"https:\/\/www.organisator.ch\/it\/wp-json\/wp\/v2\/types\/post"}],"author":[{"embeddable":true,"href":"https:\/\/www.organisator.ch\/it\/wp-json\/wp\/v2\/users\/4"}],"replies":[{"embeddable":true,"href":"https:\/\/www.organisator.ch\/it\/wp-json\/wp\/v2\/comments?post=4269"}],"version-history":[{"count":0,"href":"https:\/\/www.organisator.ch\/it\/wp-json\/wp\/v2\/posts\/4269\/revisions"}],"wp:featuredmedia":[{"embeddable":true,"href":"https:\/\/www.organisator.ch\/it\/wp-json\/wp\/v2\/media\/4272"}],"wp:attachment":[{"href":"https:\/\/www.organisator.ch\/it\/wp-json\/wp\/v2\/media?parent=4269"}],"wp:term":[{"taxonomy":"category","embeddable":true,"href":"https:\/\/www.organisator.ch\/it\/wp-json\/wp\/v2\/categories?post=4269"},{"taxonomy":"post_tag","embeddable":true,"href":"https:\/\/www.organisator.ch\/it\/wp-json\/wp\/v2\/tags?post=4269"}],"curies":[{"name":"wp","href":"https:\/\/api.w.org\/{rel}","templated":true}]}}