{"id":42793,"date":"2025-12-16T08:40:54","date_gmt":"2025-12-16T07:40:54","guid":{"rendered":"https:\/\/www.organisator.ch\/?p=42793"},"modified":"2026-01-12T16:22:56","modified_gmt":"2026-01-12T15:22:56","slug":"instagram-klarer-spitzenreiter-bei-kmu-suche","status":"publish","type":"post","link":"https:\/\/www.organisator.ch\/it\/marketing\/2025-12-16\/instagram-klarer-spitzenreiter-bei-kmu-suche\/","title":{"rendered":"Instagram \u00e8 chiaramente in testa nella ricerca delle PMI"},"content":{"rendered":"<figure id=\"attachment_42794\" aria-describedby=\"caption-attachment-42794\" style=\"width: 680px\" class=\"wp-caption alignnone\"><img loading=\"lazy\" decoding=\"async\" class=\"wp-image-42794 size-full\" src=\"https:\/\/www.organisator.ch\/wp-content\/uploads\/2025\/12\/Instagram-klarer-Spitzenreiter-bei-KMU-Suche-1_Organisator.jpg\" alt=\"\" width=\"680\" height=\"410\" srcset=\"https:\/\/www.organisator.ch\/wp-content\/uploads\/2025\/12\/Instagram-klarer-Spitzenreiter-bei-KMU-Suche-1_Organisator.jpg 680w, https:\/\/www.organisator.ch\/wp-content\/uploads\/2025\/12\/Instagram-klarer-Spitzenreiter-bei-KMU-Suche-1_Organisator-18x12.jpg 18w, https:\/\/www.organisator.ch\/wp-content\/uploads\/2025\/12\/Instagram-klarer-Spitzenreiter-bei-KMU-Suche-1_Organisator-375x226.jpg 375w, https:\/\/www.organisator.ch\/wp-content\/uploads\/2025\/12\/Instagram-klarer-Spitzenreiter-bei-KMU-Suche-1_Organisator-580x350.jpg 580w\" sizes=\"auto, (max-width: 680px) 100vw, 680px\" \/><figcaption id=\"caption-attachment-42794\" class=\"wp-caption-text\">Nella classifica dei social media, Instagram ottiene il miglior risultato in termini di ricerca delle PMI. (Immagine: Unsplash.com)<\/figcaption><\/figure>\n<p>Lo studio <a href=\"https:\/\/www.organisator.ch\/de\/marketing\/2025-12-08\/ki-assistenten-werden-zur-kmu-suchmaschine\/\">\"Impulso digitale delle PMI 2025\"<\/a> evidenzia che i social media non servono solo come fonte di ispirazione e intrattenimento, ma vengono anche utilizzati in modo mirato come motore di ricerca per i servizi offerti dalle PMI svizzere. \u00abLe PMI che non sono presenti n\u00e9 attive sui social media rinunciano a una preziosa visibilit\u00e0 e quindi al potenziale del mercato digitale. Rischiano di perdere competitivit\u00e0 nel mondo digitale\u00bb, conclude lo studio di Stefano Santinelli, CEO di localsearch.<\/p>\n<h3>Under 30: utilizzo dei social media pi\u00f9 che doppio rispetto alla media<\/h3>\n<p>Le informazioni digitali sui servizi delle PMI sono importanti per la grande maggioranza della popolazione (82 %), come dimostra lo studio \u00abKMU Digital Pulse 2025\u00bb. Questa esigenza \u00e8 particolarmente marcata nella fascia di et\u00e0 compresa tra i 30 e i 44 anni: in questo gruppo, il 91 % desidera avere la possibilit\u00e0 di informarsi digitalmente sulle PMI. Anche tra i 18-29enni (86 %) e i 45-59enni (80 %) l'interesse \u00e8 elevato. Persino nella fascia di et\u00e0 compresa tra i 60 e i 79 anni, il 70 % considera le informazioni digitali sulle PMI almeno importanti.<\/p>\n<p>Quando gli svizzeri cercano una PMI e non conoscono ancora alcun fornitore, otto persone su dieci (80 %) utilizzano innanzitutto un motore di ricerca come Google. Solo il 13 % degli intervistati utilizza i social media come primo punto di riferimento nella ricerca di servizi offerti dalle PMI (vedi figura 1).<\/p>\n<figure id=\"attachment_42795\" aria-describedby=\"caption-attachment-42795\" style=\"width: 680px\" class=\"wp-caption alignnone\"><img loading=\"lazy\" decoding=\"async\" class=\"size-full wp-image-42795\" src=\"https:\/\/www.organisator.ch\/wp-content\/uploads\/2025\/12\/Instagram-klarer-Spitzenreiter-bei-KMU-Suche-2_Organisator.jpg\" alt=\"\" width=\"680\" height=\"635\" srcset=\"https:\/\/www.organisator.ch\/wp-content\/uploads\/2025\/12\/Instagram-klarer-Spitzenreiter-bei-KMU-Suche-2_Organisator.jpg 680w, https:\/\/www.organisator.ch\/wp-content\/uploads\/2025\/12\/Instagram-klarer-Spitzenreiter-bei-KMU-Suche-2_Organisator-13x12.jpg 13w, https:\/\/www.organisator.ch\/wp-content\/uploads\/2025\/12\/Instagram-klarer-Spitzenreiter-bei-KMU-Suche-2_Organisator-321x300.jpg 321w, https:\/\/www.organisator.ch\/wp-content\/uploads\/2025\/12\/Instagram-klarer-Spitzenreiter-bei-KMU-Suche-2_Organisator-375x350.jpg 375w\" sizes=\"auto, (max-width: 680px) 100vw, 680px\" \/><figcaption id=\"caption-attachment-42795\" class=\"wp-caption-text\">Figura 1: Prima ricerca di servizi per PMI. (Grafico: HSLU \/ localsearch.ch)<\/figcaption><\/figure>\n<p>I social media hanno quindi fatto il loro tempo come motore di ricerca per le PMI? Il CEO di localsearch Stefano Santinelli non \u00e8 d'accordo e sottolinea una netta differenza generazionale: \u00abI giovani utilizzano i social media con grande naturalezza, il che influenza anche il loro comportamento di ricerca\u00bb. \u00c8 evidente che il 29% dei giovani tra i 18 e i 29 anni utilizza i social media per la prima ricerca di una PMI, pi\u00f9 del doppio rispetto alla popolazione totale. Anche nella fascia di et\u00e0 compresa tra i 30 e i 44 anni, la percentuale \u00e8 superiore alla media, con il 15% %. Solo con l'avanzare dell'et\u00e0 l'utilizzo diminuisce in modo significativo: all'8% % nella fascia di et\u00e0 compresa tra i 45 e i 59 anni e al 5% % nella fascia di et\u00e0 compresa tra i 60 e i 79 anni.<\/p>\n<p>Si riscontra una differenza tra i sessi: le donne (16 %) ricorrono pi\u00f9 spesso degli uomini (10 %) ai social media nella ricerca di PMI. Si notano differenze anche a livello regionale: in Ticino, 19 % degli intervistati utilizzano i social media a questo scopo, pi\u00f9 che nella Svizzera occidentale (15 %) e nella Svizzera tedesca (12 %).\u00a0<\/p>\n<h3>Classifica dei social media: Instagram nettamente davanti a Facebook e Co.<\/h3>\n<p>Nella ricerca di servizi per PMI sui social media, Instagram \u00e8 chiaramente in testa: il 77% degli utenti dei social media utilizza questa piattaforma. Seguono a distanza Facebook (49 %), LinkedIn (28 %), YouTube (23 %), TikTok (15 %), Pinterest (8 %), X (5 %) e Snapchat (2 %), come mostra la figura 3. Questi dati coincidono con lo studio sull'utilizzo dei media \u00abIGEM-Digimonitor 2025\u00bb, che identifica Instagram come la piattaforma di social media pi\u00f9 utilizzata da tutte le fasce d'et\u00e0. \u00abKMU Digital Pulse 2025\u00bb lo dimostra in modo specifico nel contesto della ricerca di servizi offerti dalle PMI svizzere.<\/p>\n<figure id=\"attachment_42796\" aria-describedby=\"caption-attachment-42796\" style=\"width: 680px\" class=\"wp-caption alignnone\"><img loading=\"lazy\" decoding=\"async\" class=\"size-full wp-image-42796\" src=\"https:\/\/www.organisator.ch\/wp-content\/uploads\/2025\/12\/Instagram-klarer-Spitzenreiter-bei-KMU-Suche-3_Organisator.jpg\" alt=\"\" width=\"680\" height=\"635\" srcset=\"https:\/\/www.organisator.ch\/wp-content\/uploads\/2025\/12\/Instagram-klarer-Spitzenreiter-bei-KMU-Suche-3_Organisator.jpg 680w, https:\/\/www.organisator.ch\/wp-content\/uploads\/2025\/12\/Instagram-klarer-Spitzenreiter-bei-KMU-Suche-3_Organisator-13x12.jpg 13w, https:\/\/www.organisator.ch\/wp-content\/uploads\/2025\/12\/Instagram-klarer-Spitzenreiter-bei-KMU-Suche-3_Organisator-321x300.jpg 321w, https:\/\/www.organisator.ch\/wp-content\/uploads\/2025\/12\/Instagram-klarer-Spitzenreiter-bei-KMU-Suche-3_Organisator-375x350.jpg 375w\" sizes=\"auto, (max-width: 680px) 100vw, 680px\" \/><figcaption id=\"caption-attachment-42796\" class=\"wp-caption-text\">Figura 2: Piattaforme social pi\u00f9 utilizzate per la ricerca di PMI. (Grafico: HSLU \/ localsearch.ch)<\/figcaption><\/figure>\n<p>Il predominio di Instagram \u00e8 ancora pi\u00f9 evidente tra gli utenti dei social media di et\u00e0 compresa tra i 18 e i 29 anni: l'88% di questa fascia d'et\u00e0 utilizza la piattaforma per cercare servizi offerti dalle PMI. Facebook segue a grande distanza al secondo posto (26 %), seguito da TikTok al terzo posto con 24 %. Rispetto alla popolazione totale, in cui TikTok occupa solo il quinto posto, \u00e8 evidente che la piattaforma ottiene risultati nettamente migliori tra i giovani adulti. Le persone di et\u00e0 superiore ai 30 anni (fasce d'et\u00e0 30-44, 45-59, 60-79) cercano le PMI su Facebook con una frequenza significativamente maggiore (60 %) rispetto ai giovani di et\u00e0 compresa tra i 18 e i 29 anni (26 %).<\/p>\n<p>A proposito del leader Instagram: anche nella fascia di et\u00e0 compresa tra i 44 e i 59 anni, oltre il 70% utilizza la piattaforma per cercare servizi offerti dalle PMI. In tutte le fasce d'et\u00e0, le donne (82%) utilizzano Instagram molto pi\u00f9 spesso degli uomini (70 %). La situazione \u00e8 simile per Pinterest, che tende ad essere utilizzato pi\u00f9 dalle donne (11%) che dagli uomini (4 %) per la ricerca di PMI.<\/p>\n<p>Per quanto riguarda le altre piattaforme di social media, il confronto tra le fasce d'et\u00e0 mostra un quadro inverso. Gli uomini utilizzano le rispettive piattaforme pi\u00f9 spesso delle donne per cercare servizi per le PMI: ci\u00f2 \u00e8 particolarmente evidente su LinkedIn (38 % uomini, 22 % donne), YouTube (31 % vs. 18 %) e X (10 % vs. 2 %). Anche su Facebook l'utilizzo da parte degli uomini tende ad essere pi\u00f9 elevato (58 % contro 45 %).<\/p>\n<h3>Social media: pi\u00f9 di un canale di ricerca, utili anche per mantenere i contatti<\/h3>\n<p>I social media non sono rilevanti solo per la ricerca di servizi per le PMI, ma, secondo lo studio \u00abKMU Digital Pulse 2025\u00bb, stanno acquisendo sempre pi\u00f9 importanza anche come canale per mantenere i contatti digitali. Per il 65% degli intervistati \u00e8 importante che le PMI offrano opportunit\u00e0 digitali per mantenere i contatti: anche tra gli over 60 questo valore raggiunge un notevole 62%. Oltre ai canali classici come e-mail e SMS, anche i social media sono apprezzati come mezzo per fidelizzare i clienti: il 13% degli intervistati desidera utilizzare i social media in modo mirato per rimanere in contatto con una PMI.<\/p>\n<p>\u00abIl fatto che i social media non servano solo come fonte di ispirazione e intrattenimento, ma vengano utilizzati anche per effettuare ricerche, dimostra chiaramente che le PMI dovrebbero integrarli nel loro mix di comunicazione e marketing, non da ultimo perch\u00e9 sono importanti anche per mantenere i contatti digitali\u00bb, afferma Stefano Santinelli, CEO di localsearch.<\/p>\n<p>Non del tutto disinteressatamente, localsearch fa riferimento alla nuova versione del suo prodotto digitalONE nel contesto dello studio. Ci\u00f2 render\u00e0 ancora pi\u00f9 facile per le PMI essere presenti sui social media, pubblicare post professionali su Instagram, Facebook &amp; Co. e reagire in modo rapido e competente alle recensioni e ai feedback dei clienti, come si afferma.<\/p>\n<p><em>Fonte: <a href=\"https:\/\/www.localsearch.ch\/\">localsearch.ch<\/a><\/em><\/p>","protected":false},"excerpt":{"rendered":"<p>Lo studio \u00abKMU Digital Pulse 2025\u00bb condotto da localsearch e dall'Universit\u00e0 di Lucerna (HSLU) mostra ulteriori risultati relativi all'utilizzo dei social media. Nella popolazione complessiva, Instagram \u00e8 chiaramente in testa alla classifica delle piattaforme pi\u00f9 popolari per la ricerca di PMI, seguito da Facebook e LinkedIn. Tra gli under 30, TikTok ha invece scalzato LinkedIn dal terzo posto.<\/p>","protected":false},"author":4,"featured_media":42794,"comment_status":"closed","ping_status":"closed","sticky":false,"template":"","format":"standard","meta":{"_acf_changed":false,"_yoast_wpseo_focuskw":"Instagram","_yoast_wpseo_metadesc":"Die Studie \u00abKMU Digital Pulse 2025\u00bb von localsearch und der Hochschule Luzern zeigt, wie Social Media f\u00fcr die KMU-Suche genutzt werden.","articlekey":"","footnotes":""},"categories":[29],"tags":[2959,156,4343,438],"class_list":["post-42793","post","type-post","status-publish","format-standard","has-post-thumbnail","hentry","category-marketing","tag-b2b-plattformen","tag-digitalisierung","tag-markom","tag-social-media"],"acf":[],"yoast_head":"<!-- This site is optimized with the Yoast SEO plugin v27.5 - https:\/\/yoast.com\/product\/yoast-seo-wordpress\/ -->\n<title>Instagram klarer Spitzenreiter bei KMU-Suche - Organisator<\/title>\n<meta name=\"description\" content=\"Die Studie \u00abKMU Digital Pulse 2025\u00bb von localsearch und der Hochschule Luzern zeigt, wie Social Media f\u00fcr die KMU-Suche genutzt werden.\" \/>\n<meta name=\"robots\" content=\"index, follow, max-snippet:-1, max-image-preview:large, max-video-preview:-1\" \/>\n<link rel=\"canonical\" href=\"https:\/\/www.organisator.ch\/it\/marketing\/2025-12-16\/instagram-klarer-spitzenreiter-bei-kmu-suche\/\" \/>\n<meta property=\"og:locale\" content=\"it_IT\" \/>\n<meta property=\"og:type\" content=\"article\" \/>\n<meta property=\"og:title\" content=\"Instagram klarer Spitzenreiter bei KMU-Suche\" \/>\n<meta property=\"og:description\" content=\"Die Studie \u00abKMU Digital Pulse 2025\u00bb von localsearch und der Hochschule Luzern zeigt, wie Social Media f\u00fcr die KMU-Suche genutzt werden.\" \/>\n<meta property=\"og:url\" content=\"https:\/\/www.organisator.ch\/it\/marketing\/2025-12-16\/instagram-klarer-spitzenreiter-bei-kmu-suche\/\" \/>\n<meta property=\"og:site_name\" content=\"Organisator\" \/>\n<meta property=\"article:publisher\" content=\"https:\/\/www.facebook.com\/OrganisatorFachmagazin\" \/>\n<meta property=\"article:published_time\" content=\"2025-12-16T07:40:54+00:00\" \/>\n<meta property=\"article:modified_time\" content=\"2026-01-12T15:22:56+00:00\" \/>\n<meta property=\"og:image\" content=\"https:\/\/www.organisator.ch\/wp-content\/uploads\/2025\/12\/Instagram-klarer-Spitzenreiter-bei-KMU-Suche-1_Organisator.jpg\" \/>\n\t<meta property=\"og:image:width\" content=\"680\" \/>\n\t<meta property=\"og:image:height\" content=\"410\" \/>\n\t<meta property=\"og:image:type\" content=\"image\/jpeg\" \/>\n<meta name=\"author\" content=\"thomas.berner\" \/>\n<meta name=\"twitter:card\" content=\"summary_large_image\" \/>\n<meta name=\"twitter:title\" content=\"Instagram klarer #Spitzenreiter bei #KMU-Suche\" \/>\n<meta name=\"twitter:description\" content=\"Die Studie \u00abKMU Digital Pulse 2025\u00bb von #localsearch und der Hochschule Luzern zeigt, wie Social Media f\u00fcr die #KMU-Suche genutzt werden.\" \/>\n<meta name=\"twitter:image\" content=\"https:\/\/www.organisator.ch\/wp-content\/uploads\/2025\/12\/Instagram-klarer-Spitzenreiter-bei-KMU-Suche-1_Organisator.jpg\" \/>\n<script type=\"application\/ld+json\" class=\"yoast-schema-graph\">{\"@context\":\"https:\\\/\\\/schema.org\",\"@graph\":[{\"@type\":\"Article\",\"@id\":\"https:\\\/\\\/www.organisator.ch\\\/marketing\\\/2025-12-16\\\/instagram-klarer-spitzenreiter-bei-kmu-suche\\\/#article\",\"isPartOf\":{\"@id\":\"https:\\\/\\\/www.organisator.ch\\\/marketing\\\/2025-12-16\\\/instagram-klarer-spitzenreiter-bei-kmu-suche\\\/\"},\"author\":{\"name\":\"thomas.berner\",\"@id\":\"https:\\\/\\\/www.organisator.ch\\\/#\\\/schema\\\/person\\\/6f650f90b2842cd4c0cc334b4e36f67e\"},\"headline\":\"Instagram klarer Spitzenreiter bei KMU-Suche\",\"datePublished\":\"2025-12-16T07:40:54+00:00\",\"dateModified\":\"2026-01-12T15:22:56+00:00\",\"mainEntityOfPage\":{\"@id\":\"https:\\\/\\\/www.organisator.ch\\\/marketing\\\/2025-12-16\\\/instagram-klarer-spitzenreiter-bei-kmu-suche\\\/\"},\"wordCount\":883,\"publisher\":{\"@id\":\"https:\\\/\\\/www.organisator.ch\\\/#organization\"},\"image\":{\"@id\":\"https:\\\/\\\/www.organisator.ch\\\/marketing\\\/2025-12-16\\\/instagram-klarer-spitzenreiter-bei-kmu-suche\\\/#primaryimage\"},\"thumbnailUrl\":\"https:\\\/\\\/www.organisator.ch\\\/wp-content\\\/uploads\\\/2025\\\/12\\\/Instagram-klarer-Spitzenreiter-bei-KMU-Suche-1_Organisator.jpg\",\"keywords\":[\"B2B-Plattformen\",\"Digitalisierung\",\"MarKom\",\"Social Media\"],\"articleSection\":[\"MARKETING\"],\"inLanguage\":\"it-IT\"},{\"@type\":\"WebPage\",\"@id\":\"https:\\\/\\\/www.organisator.ch\\\/marketing\\\/2025-12-16\\\/instagram-klarer-spitzenreiter-bei-kmu-suche\\\/\",\"url\":\"https:\\\/\\\/www.organisator.ch\\\/marketing\\\/2025-12-16\\\/instagram-klarer-spitzenreiter-bei-kmu-suche\\\/\",\"name\":\"Instagram klarer Spitzenreiter bei KMU-Suche - Organisator\",\"isPartOf\":{\"@id\":\"https:\\\/\\\/www.organisator.ch\\\/#website\"},\"primaryImageOfPage\":{\"@id\":\"https:\\\/\\\/www.organisator.ch\\\/marketing\\\/2025-12-16\\\/instagram-klarer-spitzenreiter-bei-kmu-suche\\\/#primaryimage\"},\"image\":{\"@id\":\"https:\\\/\\\/www.organisator.ch\\\/marketing\\\/2025-12-16\\\/instagram-klarer-spitzenreiter-bei-kmu-suche\\\/#primaryimage\"},\"thumbnailUrl\":\"https:\\\/\\\/www.organisator.ch\\\/wp-content\\\/uploads\\\/2025\\\/12\\\/Instagram-klarer-Spitzenreiter-bei-KMU-Suche-1_Organisator.jpg\",\"datePublished\":\"2025-12-16T07:40:54+00:00\",\"dateModified\":\"2026-01-12T15:22:56+00:00\",\"description\":\"Die Studie \u00abKMU Digital Pulse 2025\u00bb von localsearch und der Hochschule Luzern zeigt, wie Social Media f\u00fcr die KMU-Suche genutzt werden.\",\"breadcrumb\":{\"@id\":\"https:\\\/\\\/www.organisator.ch\\\/marketing\\\/2025-12-16\\\/instagram-klarer-spitzenreiter-bei-kmu-suche\\\/#breadcrumb\"},\"inLanguage\":\"it-IT\",\"potentialAction\":[{\"@type\":\"ReadAction\",\"target\":[\"https:\\\/\\\/www.organisator.ch\\\/marketing\\\/2025-12-16\\\/instagram-klarer-spitzenreiter-bei-kmu-suche\\\/\"]}]},{\"@type\":\"ImageObject\",\"inLanguage\":\"it-IT\",\"@id\":\"https:\\\/\\\/www.organisator.ch\\\/marketing\\\/2025-12-16\\\/instagram-klarer-spitzenreiter-bei-kmu-suche\\\/#primaryimage\",\"url\":\"https:\\\/\\\/www.organisator.ch\\\/wp-content\\\/uploads\\\/2025\\\/12\\\/Instagram-klarer-Spitzenreiter-bei-KMU-Suche-1_Organisator.jpg\",\"contentUrl\":\"https:\\\/\\\/www.organisator.ch\\\/wp-content\\\/uploads\\\/2025\\\/12\\\/Instagram-klarer-Spitzenreiter-bei-KMU-Suche-1_Organisator.jpg\",\"width\":680,\"height\":410,\"caption\":\"Im Social Media-Ranking schneidet Instagram in Sachen KMU-Suche am besten ab. (Bild: Depositphotos.com)\"},{\"@type\":\"BreadcrumbList\",\"@id\":\"https:\\\/\\\/www.organisator.ch\\\/marketing\\\/2025-12-16\\\/instagram-klarer-spitzenreiter-bei-kmu-suche\\\/#breadcrumb\",\"itemListElement\":[{\"@type\":\"ListItem\",\"position\":1,\"name\":\"Home\",\"item\":\"https:\\\/\\\/www.organisator.ch\\\/\"},{\"@type\":\"ListItem\",\"position\":2,\"name\":\"Instagram klarer Spitzenreiter bei KMU-Suche\"}]},{\"@type\":\"WebSite\",\"@id\":\"https:\\\/\\\/www.organisator.ch\\\/#website\",\"url\":\"https:\\\/\\\/www.organisator.ch\\\/\",\"name\":\"Organisator\",\"description\":\"Kompetent. Praxisnah. Der ORGANISATOR bereitet in 10 Ausgaben pro Jahr die wesentlichen Themen f\u00fcr F\u00fchrungskr\u00e4fte von KMU auf.\",\"publisher\":{\"@id\":\"https:\\\/\\\/www.organisator.ch\\\/#organization\"},\"potentialAction\":[{\"@type\":\"SearchAction\",\"target\":{\"@type\":\"EntryPoint\",\"urlTemplate\":\"https:\\\/\\\/www.organisator.ch\\\/?s={search_term_string}\"},\"query-input\":{\"@type\":\"PropertyValueSpecification\",\"valueRequired\":true,\"valueName\":\"search_term_string\"}}],\"inLanguage\":\"it-IT\"},{\"@type\":\"Organization\",\"@id\":\"https:\\\/\\\/www.organisator.ch\\\/#organization\",\"name\":\"Organisator\",\"url\":\"https:\\\/\\\/www.organisator.ch\\\/\",\"logo\":{\"@type\":\"ImageObject\",\"inLanguage\":\"it-IT\",\"@id\":\"https:\\\/\\\/www.organisator.ch\\\/#\\\/schema\\\/logo\\\/image\\\/\",\"url\":\"https:\\\/\\\/www.organisator.ch\\\/wp-content\\\/uploads\\\/2022\\\/01\\\/Logo_Organisator_Website.png\",\"contentUrl\":\"https:\\\/\\\/www.organisator.ch\\\/wp-content\\\/uploads\\\/2022\\\/01\\\/Logo_Organisator_Website.png\",\"width\":800,\"height\":77,\"caption\":\"Organisator\"},\"image\":{\"@id\":\"https:\\\/\\\/www.organisator.ch\\\/#\\\/schema\\\/logo\\\/image\\\/\"},\"sameAs\":[\"https:\\\/\\\/www.facebook.com\\\/OrganisatorFachmagazin\",\"https:\\\/\\\/www.linkedin.com\\\/showcase\\\/organisator-das-magazin-fr-kmu\",\"https:\\\/\\\/www.xing.com\\\/news\\\/pages\\\/organisator-ch-695\",\"https:\\\/\\\/www.youtube.com\\\/channel\\\/UCGP2Sq0iWaZwT3BdIAQFYpw\"]},{\"@type\":\"Person\",\"@id\":\"https:\\\/\\\/www.organisator.ch\\\/#\\\/schema\\\/person\\\/6f650f90b2842cd4c0cc334b4e36f67e\",\"name\":\"thomas.berner\",\"image\":{\"@type\":\"ImageObject\",\"inLanguage\":\"it-IT\",\"@id\":\"https:\\\/\\\/secure.gravatar.com\\\/avatar\\\/ac5001d2a36cb6c6cd3e50789007ffca834b477b74a2144564522e944eabff61?s=96&d=mm&r=g\",\"url\":\"https:\\\/\\\/secure.gravatar.com\\\/avatar\\\/ac5001d2a36cb6c6cd3e50789007ffca834b477b74a2144564522e944eabff61?s=96&d=mm&r=g\",\"contentUrl\":\"https:\\\/\\\/secure.gravatar.com\\\/avatar\\\/ac5001d2a36cb6c6cd3e50789007ffca834b477b74a2144564522e944eabff61?s=96&d=mm&r=g\",\"caption\":\"thomas.berner\"},\"url\":\"https:\\\/\\\/www.organisator.ch\\\/it\\\/author\\\/thomas-berner\\\/\"}]}<\/script>\n<!-- \/ Yoast SEO plugin. -->","yoast_head_json":{"title":"Instagram \u00e8 chiaramente in testa nella ricerca delle PMI - Organizzatore","description":"Lo studio \u00abKMU Digital Pulse 2025\u00bb condotto da localsearch e dall'Universit\u00e0 di Lucerna mostra come i social media vengono utilizzati per la ricerca delle PMI.","robots":{"index":"index","follow":"follow","max-snippet":"max-snippet:-1","max-image-preview":"max-image-preview:large","max-video-preview":"max-video-preview:-1"},"canonical":"https:\/\/www.organisator.ch\/it\/marketing\/2025-12-16\/instagram-klarer-spitzenreiter-bei-kmu-suche\/","og_locale":"it_IT","og_type":"article","og_title":"Instagram klarer Spitzenreiter bei KMU-Suche","og_description":"Die Studie \u00abKMU Digital Pulse 2025\u00bb von localsearch und der Hochschule Luzern zeigt, wie Social Media f\u00fcr die KMU-Suche genutzt werden.","og_url":"https:\/\/www.organisator.ch\/it\/marketing\/2025-12-16\/instagram-klarer-spitzenreiter-bei-kmu-suche\/","og_site_name":"Organisator","article_publisher":"https:\/\/www.facebook.com\/OrganisatorFachmagazin","article_published_time":"2025-12-16T07:40:54+00:00","article_modified_time":"2026-01-12T15:22:56+00:00","og_image":[{"width":680,"height":410,"url":"https:\/\/www.organisator.ch\/wp-content\/uploads\/2025\/12\/Instagram-klarer-Spitzenreiter-bei-KMU-Suche-1_Organisator.jpg","type":"image\/jpeg"}],"author":"thomas.berner","twitter_card":"summary_large_image","twitter_title":"Instagram klarer #Spitzenreiter bei #KMU-Suche","twitter_description":"Die Studie \u00abKMU Digital Pulse 2025\u00bb von #localsearch und der Hochschule Luzern zeigt, wie Social Media f\u00fcr die #KMU-Suche genutzt werden.","twitter_image":"https:\/\/www.organisator.ch\/wp-content\/uploads\/2025\/12\/Instagram-klarer-Spitzenreiter-bei-KMU-Suche-1_Organisator.jpg","schema":{"@context":"https:\/\/schema.org","@graph":[{"@type":"Article","@id":"https:\/\/www.organisator.ch\/marketing\/2025-12-16\/instagram-klarer-spitzenreiter-bei-kmu-suche\/#article","isPartOf":{"@id":"https:\/\/www.organisator.ch\/marketing\/2025-12-16\/instagram-klarer-spitzenreiter-bei-kmu-suche\/"},"author":{"name":"thomas.berner","@id":"https:\/\/www.organisator.ch\/#\/schema\/person\/6f650f90b2842cd4c0cc334b4e36f67e"},"headline":"Instagram klarer Spitzenreiter bei KMU-Suche","datePublished":"2025-12-16T07:40:54+00:00","dateModified":"2026-01-12T15:22:56+00:00","mainEntityOfPage":{"@id":"https:\/\/www.organisator.ch\/marketing\/2025-12-16\/instagram-klarer-spitzenreiter-bei-kmu-suche\/"},"wordCount":883,"publisher":{"@id":"https:\/\/www.organisator.ch\/#organization"},"image":{"@id":"https:\/\/www.organisator.ch\/marketing\/2025-12-16\/instagram-klarer-spitzenreiter-bei-kmu-suche\/#primaryimage"},"thumbnailUrl":"https:\/\/www.organisator.ch\/wp-content\/uploads\/2025\/12\/Instagram-klarer-Spitzenreiter-bei-KMU-Suche-1_Organisator.jpg","keywords":["B2B-Plattformen","Digitalisierung","MarKom","Social Media"],"articleSection":["MARKETING"],"inLanguage":"it-IT"},{"@type":"WebPage","@id":"https:\/\/www.organisator.ch\/marketing\/2025-12-16\/instagram-klarer-spitzenreiter-bei-kmu-suche\/","url":"https:\/\/www.organisator.ch\/marketing\/2025-12-16\/instagram-klarer-spitzenreiter-bei-kmu-suche\/","name":"Instagram \u00e8 chiaramente in testa nella ricerca delle PMI - Organizzatore","isPartOf":{"@id":"https:\/\/www.organisator.ch\/#website"},"primaryImageOfPage":{"@id":"https:\/\/www.organisator.ch\/marketing\/2025-12-16\/instagram-klarer-spitzenreiter-bei-kmu-suche\/#primaryimage"},"image":{"@id":"https:\/\/www.organisator.ch\/marketing\/2025-12-16\/instagram-klarer-spitzenreiter-bei-kmu-suche\/#primaryimage"},"thumbnailUrl":"https:\/\/www.organisator.ch\/wp-content\/uploads\/2025\/12\/Instagram-klarer-Spitzenreiter-bei-KMU-Suche-1_Organisator.jpg","datePublished":"2025-12-16T07:40:54+00:00","dateModified":"2026-01-12T15:22:56+00:00","description":"Lo studio \u00abKMU Digital Pulse 2025\u00bb condotto da localsearch e dall'Universit\u00e0 di Lucerna mostra come i social media vengono utilizzati per la ricerca delle PMI.","breadcrumb":{"@id":"https:\/\/www.organisator.ch\/marketing\/2025-12-16\/instagram-klarer-spitzenreiter-bei-kmu-suche\/#breadcrumb"},"inLanguage":"it-IT","potentialAction":[{"@type":"ReadAction","target":["https:\/\/www.organisator.ch\/marketing\/2025-12-16\/instagram-klarer-spitzenreiter-bei-kmu-suche\/"]}]},{"@type":"ImageObject","inLanguage":"it-IT","@id":"https:\/\/www.organisator.ch\/marketing\/2025-12-16\/instagram-klarer-spitzenreiter-bei-kmu-suche\/#primaryimage","url":"https:\/\/www.organisator.ch\/wp-content\/uploads\/2025\/12\/Instagram-klarer-Spitzenreiter-bei-KMU-Suche-1_Organisator.jpg","contentUrl":"https:\/\/www.organisator.ch\/wp-content\/uploads\/2025\/12\/Instagram-klarer-Spitzenreiter-bei-KMU-Suche-1_Organisator.jpg","width":680,"height":410,"caption":"Im Social Media-Ranking schneidet Instagram in Sachen KMU-Suche am besten ab. (Bild: Depositphotos.com)"},{"@type":"BreadcrumbList","@id":"https:\/\/www.organisator.ch\/marketing\/2025-12-16\/instagram-klarer-spitzenreiter-bei-kmu-suche\/#breadcrumb","itemListElement":[{"@type":"ListItem","position":1,"name":"Home","item":"https:\/\/www.organisator.ch\/"},{"@type":"ListItem","position":2,"name":"Instagram klarer Spitzenreiter bei KMU-Suche"}]},{"@type":"WebSite","@id":"https:\/\/www.organisator.ch\/#website","url":"https:\/\/www.organisator.ch\/","name":"Organizzatore","description":"Competente. Pratico. In 10 numeri all'anno, ORGANISATOR presenta i temi essenziali per i manager delle PMI.","publisher":{"@id":"https:\/\/www.organisator.ch\/#organization"},"potentialAction":[{"@type":"SearchAction","target":{"@type":"EntryPoint","urlTemplate":"https:\/\/www.organisator.ch\/?s={search_term_string}"},"query-input":{"@type":"PropertyValueSpecification","valueRequired":true,"valueName":"search_term_string"}}],"inLanguage":"it-IT"},{"@type":"Organization","@id":"https:\/\/www.organisator.ch\/#organization","name":"Organizzatore","url":"https:\/\/www.organisator.ch\/","logo":{"@type":"ImageObject","inLanguage":"it-IT","@id":"https:\/\/www.organisator.ch\/#\/schema\/logo\/image\/","url":"https:\/\/www.organisator.ch\/wp-content\/uploads\/2022\/01\/Logo_Organisator_Website.png","contentUrl":"https:\/\/www.organisator.ch\/wp-content\/uploads\/2022\/01\/Logo_Organisator_Website.png","width":800,"height":77,"caption":"Organisator"},"image":{"@id":"https:\/\/www.organisator.ch\/#\/schema\/logo\/image\/"},"sameAs":["https:\/\/www.facebook.com\/OrganisatorFachmagazin","https:\/\/www.linkedin.com\/showcase\/organisator-das-magazin-fr-kmu","https:\/\/www.xing.com\/news\/pages\/organisator-ch-695","https:\/\/www.youtube.com\/channel\/UCGP2Sq0iWaZwT3BdIAQFYpw"]},{"@type":"Person","@id":"https:\/\/www.organisator.ch\/#\/schema\/person\/6f650f90b2842cd4c0cc334b4e36f67e","name":"Tommaso.berner","image":{"@type":"ImageObject","inLanguage":"it-IT","@id":"https:\/\/secure.gravatar.com\/avatar\/ac5001d2a36cb6c6cd3e50789007ffca834b477b74a2144564522e944eabff61?s=96&d=mm&r=g","url":"https:\/\/secure.gravatar.com\/avatar\/ac5001d2a36cb6c6cd3e50789007ffca834b477b74a2144564522e944eabff61?s=96&d=mm&r=g","contentUrl":"https:\/\/secure.gravatar.com\/avatar\/ac5001d2a36cb6c6cd3e50789007ffca834b477b74a2144564522e944eabff61?s=96&d=mm&r=g","caption":"thomas.berner"},"url":"https:\/\/www.organisator.ch\/it\/author\/thomas-berner\/"}]}},"_links":{"self":[{"href":"https:\/\/www.organisator.ch\/it\/wp-json\/wp\/v2\/posts\/42793","targetHints":{"allow":["GET"]}}],"collection":[{"href":"https:\/\/www.organisator.ch\/it\/wp-json\/wp\/v2\/posts"}],"about":[{"href":"https:\/\/www.organisator.ch\/it\/wp-json\/wp\/v2\/types\/post"}],"author":[{"embeddable":true,"href":"https:\/\/www.organisator.ch\/it\/wp-json\/wp\/v2\/users\/4"}],"replies":[{"embeddable":true,"href":"https:\/\/www.organisator.ch\/it\/wp-json\/wp\/v2\/comments?post=42793"}],"version-history":[{"count":5,"href":"https:\/\/www.organisator.ch\/it\/wp-json\/wp\/v2\/posts\/42793\/revisions"}],"predecessor-version":[{"id":42802,"href":"https:\/\/www.organisator.ch\/it\/wp-json\/wp\/v2\/posts\/42793\/revisions\/42802"}],"wp:featuredmedia":[{"embeddable":true,"href":"https:\/\/www.organisator.ch\/it\/wp-json\/wp\/v2\/media\/42794"}],"wp:attachment":[{"href":"https:\/\/www.organisator.ch\/it\/wp-json\/wp\/v2\/media?parent=42793"}],"wp:term":[{"taxonomy":"category","embeddable":true,"href":"https:\/\/www.organisator.ch\/it\/wp-json\/wp\/v2\/categories?post=42793"},{"taxonomy":"post_tag","embeddable":true,"href":"https:\/\/www.organisator.ch\/it\/wp-json\/wp\/v2\/tags?post=42793"}],"curies":[{"name":"wp","href":"https:\/\/api.w.org\/{rel}","templated":true}]}}