{"id":42862,"date":"2025-12-18T08:00:01","date_gmt":"2025-12-18T07:00:01","guid":{"rendered":"https:\/\/www.organisator.ch\/?p=42862"},"modified":"2026-02-09T07:57:57","modified_gmt":"2026-02-09T06:57:57","slug":"gute-fuehrung-beginnt-mit-einer-ehrlichen-frage","status":"publish","type":"post","link":"https:\/\/www.organisator.ch\/it\/management\/2025-12-18\/gute-fuehrung-beginnt-mit-einer-ehrlichen-frage\/","title":{"rendered":"Una buona leadership inizia con una domanda sincera"},"content":{"rendered":"<figure id=\"attachment_42863\" aria-describedby=\"caption-attachment-42863\" style=\"width: 680px\" class=\"wp-caption alignnone\"><img loading=\"lazy\" decoding=\"async\" class=\"size-full wp-image-42863\" src=\"https:\/\/www.organisator.ch\/wp-content\/uploads\/2025\/12\/Gute-Fuehrung-beginnt-mit-einer-ehrlichen-Frage_Organisator.jpg\" alt=\"\" width=\"680\" height=\"454\" srcset=\"https:\/\/www.organisator.ch\/wp-content\/uploads\/2025\/12\/Gute-Fuehrung-beginnt-mit-einer-ehrlichen-Frage_Organisator.jpg 680w, https:\/\/www.organisator.ch\/wp-content\/uploads\/2025\/12\/Gute-Fuehrung-beginnt-mit-einer-ehrlichen-Frage_Organisator-18x12.jpg 18w, https:\/\/www.organisator.ch\/wp-content\/uploads\/2025\/12\/Gute-Fuehrung-beginnt-mit-einer-ehrlichen-Frage_Organisator-375x250.jpg 375w, https:\/\/www.organisator.ch\/wp-content\/uploads\/2025\/12\/Gute-Fuehrung-beginnt-mit-einer-ehrlichen-Frage_Organisator-524x350.jpg 524w\" sizes=\"auto, (max-width: 680px) 100vw, 680px\" \/><figcaption id=\"caption-attachment-42863\" class=\"wp-caption-text\">La fine dell'anno \u00e8 un'ottima occasione per fermarsi un attimo e porsi una domanda fondamentale come dirigente. (Immagine: Depositphotos.com)<\/figcaption><\/figure>\n<p>Il cambio di anno ha qualcosa di particolare. All'esterno sembra una fase di pianificazione, di valutazioni, di nuovi obiettivi. Si finalizzano i budget, si adeguano le strategie, si preparano le presentazioni. Eppure, in questo periodo, ci\u00f2 che conta raramente \u00e8 un numero. \u00c8 una domanda, una domanda che molti dirigenti sentono, ma che solo pochi pongono consapevolmente: \u00abQuest'anno sono stato il leader che avrei voluto avere io stesso?\u00bb<\/p>\n<h3>Un altro metro di misura<\/h3>\n<p>\u00c8 interessante notare quanto questa domanda sia diversa dalle solite autovalutazioni. Non chiede la perfezione, n\u00e9 il successo nel senso classico del termine, n\u00e9 l'assenza di errori. Punta pi\u00f9 in profondit\u00e0. Chiede quale sia l'atteggiamento, la chiarezza, le proprie aspettative in materia di leadership. Perch\u00e9 il vero metro di misura raramente \u00e8 il mercato o il contesto. Di solito \u00e8 gi\u00e0 l\u00ec, interno, silenzioso, ma molto preciso.<\/p>\n<p>Proprio per questo motivo questa domanda \u00e8 scomoda. Non \u00e8 possibile rispondere con dei dati numerici. Ci costringe a guardare pi\u00f9 da vicino: il proprio comportamento sotto pressione, le decisioni che sono state rimandate, le situazioni in cui si \u00e8 reagito pi\u00f9 che agito.<\/p>\n<h3>Tre domande per riflettere su se stessi<\/h3>\n<p>Se siamo onesti, tutti conosciamo quei momenti dell'anno in cui il trambusto operativo prende il sopravvento sulla leadership. Momenti in cui si fa molto, ma si ottiene poco. Momenti in cui si perde energia, non perch\u00e9 non si \u00e8 in grado di fare abbastanza, ma perch\u00e9 manca chiarezza. Il cambio di anno offre un vantaggio raro: la distanza. E con essa la possibilit\u00e0 di fare un bilancio della situazione senza agire in modo affrettato.<\/p>\n<p>Tre domande sono particolarmente utili in questo senso, non come autocritica, ma come riflessione professionale:<\/p>\n<ul>\n<li>In quali ambiti ho agito pi\u00f9 come esecutore che come leader?<\/li>\n<li>In quali casi una maggiore chiarezza avrebbe fatto una differenza tangibile, per me o per chi mi circonda?<\/li>\n<li>Quale decisione ho rimandato, anche se dentro di me sapevo gi\u00e0 da tempo quale sarebbe stata?<\/li>\n<\/ul>\n<h3>Base per una buona leadership<\/h3>\n<p>Queste domande non richiedono un'ora di tempo n\u00e9 alcun metodo particolare. Spesso bastano due minuti di sincerit\u00e0 per riconoscere schemi che nella vita quotidiana passano inosservati.<\/p>\n<p>Conclusione: una buona leadership non inizia con nuovi propositi, ma con la chiarezza delle proprie aspirazioni. Chi approfitta del cambio di anno per riflettere onestamente su se stesso, getta le basi per decisioni efficaci, non pi\u00f9 rumorose, ma pi\u00f9 consapevoli. Ed \u00e8 proprio questo che spesso fa la differenza tra fare molto e guidare davvero.<\/p>\n<p><em>All'autore:<br \/>\n<\/em><em>Volkmar V\u00f6lzke \u00e8 un massimizzatore di successi. Autore del libro. Consulente. Allenatore. Altoparlante.\u00a0<a href=\"http:\/\/www.volkmarvoelzke.ch\/\">www.volkmarvoelzke.ch<\/a><\/em><\/p>","protected":false},"excerpt":{"rendered":"<p>Il cambio di anno \u00e8 un'ottima occasione per i dirigenti per riflettere su se stessi. Il nostro nuovo impulso di successo mostra come \u00e8 possibile verificare le proprie capacit\u00e0 di leadership con poche domande.<\/p>","protected":false},"author":4,"featured_media":42863,"comment_status":"closed","ping_status":"closed","sticky":false,"template":"","format":"standard","meta":{"_acf_changed":false,"_yoast_wpseo_focuskw":"Gute F\u00fchrung","_yoast_wpseo_metadesc":"Der Jahreswechsel ist f\u00fcr F\u00fchrungskr\u00e4fte ein guter Anlass f\u00fcr Selbstreflexion. Ein neuer Erfolgs-Impuls f\u00fcr gute F\u00fchrung.","articlekey":"","footnotes":""},"categories":[28],"tags":[177,320,4872],"class_list":["post-42862","post","type-post","status-publish","format-standard","has-post-thumbnail","hentry","category-management","tag-erfolgs-impuls","tag-leadership","tag-selbstreflexion"],"acf":[],"yoast_head":"<!-- This site is optimized with the Yoast SEO plugin v27.4 - https:\/\/yoast.com\/product\/yoast-seo-wordpress\/ -->\n<title>Gute F\u00fchrung beginnt mit einer ehrlichen Frage - Organisator<\/title>\n<meta name=\"description\" content=\"Der Jahreswechsel ist f\u00fcr F\u00fchrungskr\u00e4fte ein guter Anlass f\u00fcr Selbstreflexion. Ein neuer Erfolgs-Impuls f\u00fcr gute F\u00fchrung.\" \/>\n<meta name=\"robots\" content=\"index, follow, max-snippet:-1, max-image-preview:large, max-video-preview:-1\" \/>\n<link rel=\"canonical\" href=\"https:\/\/www.organisator.ch\/it\/gestione-2\/2025-12-18\/gute-fuehrung-beginnt-mit-einer-ehrlichen-frage\/\" \/>\n<meta property=\"og:locale\" content=\"it_IT\" \/>\n<meta property=\"og:type\" content=\"article\" \/>\n<meta property=\"og:title\" content=\"Gute F\u00fchrung beginnt mit einer ehrlichen Frage\" \/>\n<meta property=\"og:description\" content=\"Der Jahreswechsel ist f\u00fcr F\u00fchrungskr\u00e4fte ein guter Anlass f\u00fcr Selbstreflexion. Ein neuer Erfolgs-Impuls f\u00fcr gute F\u00fchrung.\" \/>\n<meta property=\"og:url\" content=\"https:\/\/www.organisator.ch\/it\/gestione-2\/2025-12-18\/gute-fuehrung-beginnt-mit-einer-ehrlichen-frage\/\" \/>\n<meta property=\"og:site_name\" content=\"Organisator\" \/>\n<meta property=\"article:publisher\" content=\"https:\/\/www.facebook.com\/OrganisatorFachmagazin\" \/>\n<meta property=\"article:published_time\" content=\"2025-12-18T07:00:01+00:00\" \/>\n<meta property=\"article:modified_time\" content=\"2026-02-09T06:57:57+00:00\" \/>\n<meta property=\"og:image\" content=\"https:\/\/www.organisator.ch\/wp-content\/uploads\/2025\/12\/Gute-Fuehrung-beginnt-mit-einer-ehrlichen-Frage_Organisator.jpg\" \/>\n\t<meta property=\"og:image:width\" content=\"680\" \/>\n\t<meta property=\"og:image:height\" content=\"454\" \/>\n\t<meta property=\"og:image:type\" content=\"image\/jpeg\" \/>\n<meta name=\"author\" content=\"thomas.berner\" \/>\n<meta name=\"twitter:card\" content=\"summary_large_image\" \/>\n<meta name=\"twitter:title\" content=\"Gute #F\u00fchrung beginnt mit einer ehrlichen #Frage\" \/>\n<meta name=\"twitter:description\" content=\"Der #Jahreswechsel ist f\u00fcr #F\u00fchrungskr\u00e4fte ein guter Anlass f\u00fcr #Selbstreflexion. Ein neuer #Erfolgs-Impuls f\u00fcr gute F\u00fchrung.\" \/>\n<meta name=\"twitter:image\" content=\"https:\/\/www.organisator.ch\/wp-content\/uploads\/2025\/12\/Gute-Fuehrung-beginnt-mit-einer-ehrlichen-Frage_Organisator.jpg\" \/>\n<script type=\"application\/ld+json\" class=\"yoast-schema-graph\">{\"@context\":\"https:\\\/\\\/schema.org\",\"@graph\":[{\"@type\":\"Article\",\"@id\":\"https:\\\/\\\/www.organisator.ch\\\/management\\\/2025-12-18\\\/gute-fuehrung-beginnt-mit-einer-ehrlichen-frage\\\/#article\",\"isPartOf\":{\"@id\":\"https:\\\/\\\/www.organisator.ch\\\/management\\\/2025-12-18\\\/gute-fuehrung-beginnt-mit-einer-ehrlichen-frage\\\/\"},\"author\":{\"name\":\"thomas.berner\",\"@id\":\"https:\\\/\\\/www.organisator.ch\\\/#\\\/schema\\\/person\\\/6f650f90b2842cd4c0cc334b4e36f67e\"},\"headline\":\"Gute F\u00fchrung beginnt mit einer ehrlichen Frage\",\"datePublished\":\"2025-12-18T07:00:01+00:00\",\"dateModified\":\"2026-02-09T06:57:57+00:00\",\"mainEntityOfPage\":{\"@id\":\"https:\\\/\\\/www.organisator.ch\\\/management\\\/2025-12-18\\\/gute-fuehrung-beginnt-mit-einer-ehrlichen-frage\\\/\"},\"wordCount\":428,\"publisher\":{\"@id\":\"https:\\\/\\\/www.organisator.ch\\\/#organization\"},\"image\":{\"@id\":\"https:\\\/\\\/www.organisator.ch\\\/management\\\/2025-12-18\\\/gute-fuehrung-beginnt-mit-einer-ehrlichen-frage\\\/#primaryimage\"},\"thumbnailUrl\":\"https:\\\/\\\/www.organisator.ch\\\/wp-content\\\/uploads\\\/2025\\\/12\\\/Gute-Fuehrung-beginnt-mit-einer-ehrlichen-Frage_Organisator.jpg\",\"keywords\":[\"Erfolgs-Impuls\",\"Leadership\",\"Selbstreflexion\"],\"articleSection\":[\"MANAGEMENT\"],\"inLanguage\":\"it-IT\"},{\"@type\":\"WebPage\",\"@id\":\"https:\\\/\\\/www.organisator.ch\\\/management\\\/2025-12-18\\\/gute-fuehrung-beginnt-mit-einer-ehrlichen-frage\\\/\",\"url\":\"https:\\\/\\\/www.organisator.ch\\\/management\\\/2025-12-18\\\/gute-fuehrung-beginnt-mit-einer-ehrlichen-frage\\\/\",\"name\":\"Gute F\u00fchrung beginnt mit einer ehrlichen Frage - Organisator\",\"isPartOf\":{\"@id\":\"https:\\\/\\\/www.organisator.ch\\\/#website\"},\"primaryImageOfPage\":{\"@id\":\"https:\\\/\\\/www.organisator.ch\\\/management\\\/2025-12-18\\\/gute-fuehrung-beginnt-mit-einer-ehrlichen-frage\\\/#primaryimage\"},\"image\":{\"@id\":\"https:\\\/\\\/www.organisator.ch\\\/management\\\/2025-12-18\\\/gute-fuehrung-beginnt-mit-einer-ehrlichen-frage\\\/#primaryimage\"},\"thumbnailUrl\":\"https:\\\/\\\/www.organisator.ch\\\/wp-content\\\/uploads\\\/2025\\\/12\\\/Gute-Fuehrung-beginnt-mit-einer-ehrlichen-Frage_Organisator.jpg\",\"datePublished\":\"2025-12-18T07:00:01+00:00\",\"dateModified\":\"2026-02-09T06:57:57+00:00\",\"description\":\"Der Jahreswechsel ist f\u00fcr F\u00fchrungskr\u00e4fte ein guter Anlass f\u00fcr Selbstreflexion. Ein neuer Erfolgs-Impuls f\u00fcr gute F\u00fchrung.\",\"breadcrumb\":{\"@id\":\"https:\\\/\\\/www.organisator.ch\\\/management\\\/2025-12-18\\\/gute-fuehrung-beginnt-mit-einer-ehrlichen-frage\\\/#breadcrumb\"},\"inLanguage\":\"it-IT\",\"potentialAction\":[{\"@type\":\"ReadAction\",\"target\":[\"https:\\\/\\\/www.organisator.ch\\\/management\\\/2025-12-18\\\/gute-fuehrung-beginnt-mit-einer-ehrlichen-frage\\\/\"]}]},{\"@type\":\"ImageObject\",\"inLanguage\":\"it-IT\",\"@id\":\"https:\\\/\\\/www.organisator.ch\\\/management\\\/2025-12-18\\\/gute-fuehrung-beginnt-mit-einer-ehrlichen-frage\\\/#primaryimage\",\"url\":\"https:\\\/\\\/www.organisator.ch\\\/wp-content\\\/uploads\\\/2025\\\/12\\\/Gute-Fuehrung-beginnt-mit-einer-ehrlichen-Frage_Organisator.jpg\",\"contentUrl\":\"https:\\\/\\\/www.organisator.ch\\\/wp-content\\\/uploads\\\/2025\\\/12\\\/Gute-Fuehrung-beginnt-mit-einer-ehrlichen-Frage_Organisator.jpg\",\"width\":680,\"height\":454,\"caption\":\"Das Jahresende ist ein guter Anlass, um innezuhalten, und sich als F\u00fchrungskraft eine entscheidende Frage zu stellen. (Bild: Depositphotos.com)\"},{\"@type\":\"BreadcrumbList\",\"@id\":\"https:\\\/\\\/www.organisator.ch\\\/management\\\/2025-12-18\\\/gute-fuehrung-beginnt-mit-einer-ehrlichen-frage\\\/#breadcrumb\",\"itemListElement\":[{\"@type\":\"ListItem\",\"position\":1,\"name\":\"Home\",\"item\":\"https:\\\/\\\/www.organisator.ch\\\/\"},{\"@type\":\"ListItem\",\"position\":2,\"name\":\"Gute F\u00fchrung beginnt mit einer ehrlichen Frage\"}]},{\"@type\":\"WebSite\",\"@id\":\"https:\\\/\\\/www.organisator.ch\\\/#website\",\"url\":\"https:\\\/\\\/www.organisator.ch\\\/\",\"name\":\"Organisator\",\"description\":\"Kompetent. Praxisnah. Der ORGANISATOR bereitet in 10 Ausgaben pro Jahr die wesentlichen Themen f\u00fcr F\u00fchrungskr\u00e4fte von KMU auf.\",\"publisher\":{\"@id\":\"https:\\\/\\\/www.organisator.ch\\\/#organization\"},\"potentialAction\":[{\"@type\":\"SearchAction\",\"target\":{\"@type\":\"EntryPoint\",\"urlTemplate\":\"https:\\\/\\\/www.organisator.ch\\\/?s={search_term_string}\"},\"query-input\":{\"@type\":\"PropertyValueSpecification\",\"valueRequired\":true,\"valueName\":\"search_term_string\"}}],\"inLanguage\":\"it-IT\"},{\"@type\":\"Organization\",\"@id\":\"https:\\\/\\\/www.organisator.ch\\\/#organization\",\"name\":\"Organisator\",\"url\":\"https:\\\/\\\/www.organisator.ch\\\/\",\"logo\":{\"@type\":\"ImageObject\",\"inLanguage\":\"it-IT\",\"@id\":\"https:\\\/\\\/www.organisator.ch\\\/#\\\/schema\\\/logo\\\/image\\\/\",\"url\":\"https:\\\/\\\/www.organisator.ch\\\/wp-content\\\/uploads\\\/2022\\\/01\\\/Logo_Organisator_Website.png\",\"contentUrl\":\"https:\\\/\\\/www.organisator.ch\\\/wp-content\\\/uploads\\\/2022\\\/01\\\/Logo_Organisator_Website.png\",\"width\":800,\"height\":77,\"caption\":\"Organisator\"},\"image\":{\"@id\":\"https:\\\/\\\/www.organisator.ch\\\/#\\\/schema\\\/logo\\\/image\\\/\"},\"sameAs\":[\"https:\\\/\\\/www.facebook.com\\\/OrganisatorFachmagazin\",\"https:\\\/\\\/www.linkedin.com\\\/showcase\\\/organisator-das-magazin-fr-kmu\",\"https:\\\/\\\/www.xing.com\\\/news\\\/pages\\\/organisator-ch-695\",\"https:\\\/\\\/www.youtube.com\\\/channel\\\/UCGP2Sq0iWaZwT3BdIAQFYpw\"]},{\"@type\":\"Person\",\"@id\":\"https:\\\/\\\/www.organisator.ch\\\/#\\\/schema\\\/person\\\/6f650f90b2842cd4c0cc334b4e36f67e\",\"name\":\"thomas.berner\",\"image\":{\"@type\":\"ImageObject\",\"inLanguage\":\"it-IT\",\"@id\":\"https:\\\/\\\/secure.gravatar.com\\\/avatar\\\/ac5001d2a36cb6c6cd3e50789007ffca834b477b74a2144564522e944eabff61?s=96&d=mm&r=g\",\"url\":\"https:\\\/\\\/secure.gravatar.com\\\/avatar\\\/ac5001d2a36cb6c6cd3e50789007ffca834b477b74a2144564522e944eabff61?s=96&d=mm&r=g\",\"contentUrl\":\"https:\\\/\\\/secure.gravatar.com\\\/avatar\\\/ac5001d2a36cb6c6cd3e50789007ffca834b477b74a2144564522e944eabff61?s=96&d=mm&r=g\",\"caption\":\"thomas.berner\"},\"url\":\"https:\\\/\\\/www.organisator.ch\\\/it\\\/author\\\/thomas-berner\\\/\"}]}<\/script>\n<!-- \/ Yoast SEO plugin. -->","yoast_head_json":{"title":"Una buona leadership inizia con una domanda sincera - Organizzatore","description":"Il cambio di anno \u00e8 un'ottima occasione per i dirigenti per riflettere su se stessi. Un nuovo impulso di successo per una buona leadership.","robots":{"index":"index","follow":"follow","max-snippet":"max-snippet:-1","max-image-preview":"max-image-preview:large","max-video-preview":"max-video-preview:-1"},"canonical":"https:\/\/www.organisator.ch\/it\/gestione-2\/2025-12-18\/gute-fuehrung-beginnt-mit-einer-ehrlichen-frage\/","og_locale":"it_IT","og_type":"article","og_title":"Gute F\u00fchrung beginnt mit einer ehrlichen Frage","og_description":"Der Jahreswechsel ist f\u00fcr F\u00fchrungskr\u00e4fte ein guter Anlass f\u00fcr Selbstreflexion. Ein neuer Erfolgs-Impuls f\u00fcr gute F\u00fchrung.","og_url":"https:\/\/www.organisator.ch\/it\/gestione-2\/2025-12-18\/gute-fuehrung-beginnt-mit-einer-ehrlichen-frage\/","og_site_name":"Organisator","article_publisher":"https:\/\/www.facebook.com\/OrganisatorFachmagazin","article_published_time":"2025-12-18T07:00:01+00:00","article_modified_time":"2026-02-09T06:57:57+00:00","og_image":[{"width":680,"height":454,"url":"https:\/\/www.organisator.ch\/wp-content\/uploads\/2025\/12\/Gute-Fuehrung-beginnt-mit-einer-ehrlichen-Frage_Organisator.jpg","type":"image\/jpeg"}],"author":"thomas.berner","twitter_card":"summary_large_image","twitter_title":"Gute #F\u00fchrung beginnt mit einer ehrlichen #Frage","twitter_description":"Der #Jahreswechsel ist f\u00fcr #F\u00fchrungskr\u00e4fte ein guter Anlass f\u00fcr #Selbstreflexion. Ein neuer #Erfolgs-Impuls f\u00fcr gute F\u00fchrung.","twitter_image":"https:\/\/www.organisator.ch\/wp-content\/uploads\/2025\/12\/Gute-Fuehrung-beginnt-mit-einer-ehrlichen-Frage_Organisator.jpg","schema":{"@context":"https:\/\/schema.org","@graph":[{"@type":"Article","@id":"https:\/\/www.organisator.ch\/management\/2025-12-18\/gute-fuehrung-beginnt-mit-einer-ehrlichen-frage\/#article","isPartOf":{"@id":"https:\/\/www.organisator.ch\/management\/2025-12-18\/gute-fuehrung-beginnt-mit-einer-ehrlichen-frage\/"},"author":{"name":"thomas.berner","@id":"https:\/\/www.organisator.ch\/#\/schema\/person\/6f650f90b2842cd4c0cc334b4e36f67e"},"headline":"Gute F\u00fchrung beginnt mit einer ehrlichen Frage","datePublished":"2025-12-18T07:00:01+00:00","dateModified":"2026-02-09T06:57:57+00:00","mainEntityOfPage":{"@id":"https:\/\/www.organisator.ch\/management\/2025-12-18\/gute-fuehrung-beginnt-mit-einer-ehrlichen-frage\/"},"wordCount":428,"publisher":{"@id":"https:\/\/www.organisator.ch\/#organization"},"image":{"@id":"https:\/\/www.organisator.ch\/management\/2025-12-18\/gute-fuehrung-beginnt-mit-einer-ehrlichen-frage\/#primaryimage"},"thumbnailUrl":"https:\/\/www.organisator.ch\/wp-content\/uploads\/2025\/12\/Gute-Fuehrung-beginnt-mit-einer-ehrlichen-Frage_Organisator.jpg","keywords":["Erfolgs-Impuls","Leadership","Selbstreflexion"],"articleSection":["MANAGEMENT"],"inLanguage":"it-IT"},{"@type":"WebPage","@id":"https:\/\/www.organisator.ch\/management\/2025-12-18\/gute-fuehrung-beginnt-mit-einer-ehrlichen-frage\/","url":"https:\/\/www.organisator.ch\/management\/2025-12-18\/gute-fuehrung-beginnt-mit-einer-ehrlichen-frage\/","name":"Una buona leadership inizia con una domanda sincera - Organizzatore","isPartOf":{"@id":"https:\/\/www.organisator.ch\/#website"},"primaryImageOfPage":{"@id":"https:\/\/www.organisator.ch\/management\/2025-12-18\/gute-fuehrung-beginnt-mit-einer-ehrlichen-frage\/#primaryimage"},"image":{"@id":"https:\/\/www.organisator.ch\/management\/2025-12-18\/gute-fuehrung-beginnt-mit-einer-ehrlichen-frage\/#primaryimage"},"thumbnailUrl":"https:\/\/www.organisator.ch\/wp-content\/uploads\/2025\/12\/Gute-Fuehrung-beginnt-mit-einer-ehrlichen-Frage_Organisator.jpg","datePublished":"2025-12-18T07:00:01+00:00","dateModified":"2026-02-09T06:57:57+00:00","description":"Il cambio di anno \u00e8 un'ottima occasione per i dirigenti per riflettere su se stessi. Un nuovo impulso di successo per una buona leadership.","breadcrumb":{"@id":"https:\/\/www.organisator.ch\/management\/2025-12-18\/gute-fuehrung-beginnt-mit-einer-ehrlichen-frage\/#breadcrumb"},"inLanguage":"it-IT","potentialAction":[{"@type":"ReadAction","target":["https:\/\/www.organisator.ch\/management\/2025-12-18\/gute-fuehrung-beginnt-mit-einer-ehrlichen-frage\/"]}]},{"@type":"ImageObject","inLanguage":"it-IT","@id":"https:\/\/www.organisator.ch\/management\/2025-12-18\/gute-fuehrung-beginnt-mit-einer-ehrlichen-frage\/#primaryimage","url":"https:\/\/www.organisator.ch\/wp-content\/uploads\/2025\/12\/Gute-Fuehrung-beginnt-mit-einer-ehrlichen-Frage_Organisator.jpg","contentUrl":"https:\/\/www.organisator.ch\/wp-content\/uploads\/2025\/12\/Gute-Fuehrung-beginnt-mit-einer-ehrlichen-Frage_Organisator.jpg","width":680,"height":454,"caption":"Das Jahresende ist ein guter Anlass, um innezuhalten, und sich als F\u00fchrungskraft eine entscheidende Frage zu stellen. (Bild: Depositphotos.com)"},{"@type":"BreadcrumbList","@id":"https:\/\/www.organisator.ch\/management\/2025-12-18\/gute-fuehrung-beginnt-mit-einer-ehrlichen-frage\/#breadcrumb","itemListElement":[{"@type":"ListItem","position":1,"name":"Home","item":"https:\/\/www.organisator.ch\/"},{"@type":"ListItem","position":2,"name":"Gute F\u00fchrung beginnt mit einer ehrlichen Frage"}]},{"@type":"WebSite","@id":"https:\/\/www.organisator.ch\/#website","url":"https:\/\/www.organisator.ch\/","name":"Organizzatore","description":"Competente. Pratico. In 10 numeri all'anno, ORGANISATOR presenta i temi essenziali per i manager delle PMI.","publisher":{"@id":"https:\/\/www.organisator.ch\/#organization"},"potentialAction":[{"@type":"SearchAction","target":{"@type":"EntryPoint","urlTemplate":"https:\/\/www.organisator.ch\/?s={search_term_string}"},"query-input":{"@type":"PropertyValueSpecification","valueRequired":true,"valueName":"search_term_string"}}],"inLanguage":"it-IT"},{"@type":"Organization","@id":"https:\/\/www.organisator.ch\/#organization","name":"Organizzatore","url":"https:\/\/www.organisator.ch\/","logo":{"@type":"ImageObject","inLanguage":"it-IT","@id":"https:\/\/www.organisator.ch\/#\/schema\/logo\/image\/","url":"https:\/\/www.organisator.ch\/wp-content\/uploads\/2022\/01\/Logo_Organisator_Website.png","contentUrl":"https:\/\/www.organisator.ch\/wp-content\/uploads\/2022\/01\/Logo_Organisator_Website.png","width":800,"height":77,"caption":"Organisator"},"image":{"@id":"https:\/\/www.organisator.ch\/#\/schema\/logo\/image\/"},"sameAs":["https:\/\/www.facebook.com\/OrganisatorFachmagazin","https:\/\/www.linkedin.com\/showcase\/organisator-das-magazin-fr-kmu","https:\/\/www.xing.com\/news\/pages\/organisator-ch-695","https:\/\/www.youtube.com\/channel\/UCGP2Sq0iWaZwT3BdIAQFYpw"]},{"@type":"Person","@id":"https:\/\/www.organisator.ch\/#\/schema\/person\/6f650f90b2842cd4c0cc334b4e36f67e","name":"Tommaso.berner","image":{"@type":"ImageObject","inLanguage":"it-IT","@id":"https:\/\/secure.gravatar.com\/avatar\/ac5001d2a36cb6c6cd3e50789007ffca834b477b74a2144564522e944eabff61?s=96&d=mm&r=g","url":"https:\/\/secure.gravatar.com\/avatar\/ac5001d2a36cb6c6cd3e50789007ffca834b477b74a2144564522e944eabff61?s=96&d=mm&r=g","contentUrl":"https:\/\/secure.gravatar.com\/avatar\/ac5001d2a36cb6c6cd3e50789007ffca834b477b74a2144564522e944eabff61?s=96&d=mm&r=g","caption":"thomas.berner"},"url":"https:\/\/www.organisator.ch\/it\/author\/thomas-berner\/"}]}},"_links":{"self":[{"href":"https:\/\/www.organisator.ch\/it\/wp-json\/wp\/v2\/posts\/42862","targetHints":{"allow":["GET"]}}],"collection":[{"href":"https:\/\/www.organisator.ch\/it\/wp-json\/wp\/v2\/posts"}],"about":[{"href":"https:\/\/www.organisator.ch\/it\/wp-json\/wp\/v2\/types\/post"}],"author":[{"embeddable":true,"href":"https:\/\/www.organisator.ch\/it\/wp-json\/wp\/v2\/users\/4"}],"replies":[{"embeddable":true,"href":"https:\/\/www.organisator.ch\/it\/wp-json\/wp\/v2\/comments?post=42862"}],"version-history":[{"count":4,"href":"https:\/\/www.organisator.ch\/it\/wp-json\/wp\/v2\/posts\/42862\/revisions"}],"predecessor-version":[{"id":44315,"href":"https:\/\/www.organisator.ch\/it\/wp-json\/wp\/v2\/posts\/42862\/revisions\/44315"}],"wp:featuredmedia":[{"embeddable":true,"href":"https:\/\/www.organisator.ch\/it\/wp-json\/wp\/v2\/media\/42863"}],"wp:attachment":[{"href":"https:\/\/www.organisator.ch\/it\/wp-json\/wp\/v2\/media?parent=42862"}],"wp:term":[{"taxonomy":"category","embeddable":true,"href":"https:\/\/www.organisator.ch\/it\/wp-json\/wp\/v2\/categories?post=42862"},{"taxonomy":"post_tag","embeddable":true,"href":"https:\/\/www.organisator.ch\/it\/wp-json\/wp\/v2\/tags?post=42862"}],"curies":[{"name":"wp","href":"https:\/\/api.w.org\/{rel}","templated":true}]}}