{"id":42955,"date":"2026-01-05T16:16:16","date_gmt":"2026-01-05T15:16:16","guid":{"rendered":"https:\/\/www.markt-kom.com\/?p=248686"},"modified":"2026-01-06T10:32:33","modified_gmt":"2026-01-06T09:32:33","slug":"mareen-eichinger-im-interview-gute-kommunikation-beginnt-beim-weglassen","status":"publish","type":"post","link":"https:\/\/www.organisator.ch\/it\/marketing\/2026-01-05\/mareen-eichinger-im-interview-gute-kommunikation-beginnt-beim-weglassen\/","title":{"rendered":"Intervista a Mareen Eichinger: \u00abUna buona comunicazione inizia con l'omissione\u00bb"},"content":{"rendered":"<figure id=\"attachment_248690\" class=\"wp-caption alignnone\" style=\"width: 768px;\" aria-describedby=\"caption-attachment-248690\"><img class=\"size-large wp-image-248690\" src=\"https:\/\/www.markt-kom.com\/wp-content\/uploads\/2026\/01\/Bildschirmfoto-2026-01-05-um-16.11.32-1024x773.png\" sizes=\"(max-width: 768px) 100vw, 768px\" srcset=\"https:\/\/www.markt-kom.com\/wp-content\/uploads\/2026\/01\/Bildschirmfoto-2026-01-05-um-16.11.32-1024x773.png 1024w, https:\/\/www.markt-kom.com\/wp-content\/uploads\/2026\/01\/Bildschirmfoto-2026-01-05-um-16.11.32-600x453.png 600w, https:\/\/www.markt-kom.com\/wp-content\/uploads\/2026\/01\/Bildschirmfoto-2026-01-05-um-16.11.32-768x580.png 768w, https:\/\/www.markt-kom.com\/wp-content\/uploads\/2026\/01\/Bildschirmfoto-2026-01-05-um-16.11.32-16x12.png 16w, https:\/\/www.markt-kom.com\/wp-content\/uploads\/2026\/01\/Bildschirmfoto-2026-01-05-um-16.11.32-232x175.png 232w, https:\/\/www.markt-kom.com\/wp-content\/uploads\/2026\/01\/Bildschirmfoto-2026-01-05-um-16.11.32-464x350.png 464w, https:\/\/www.markt-kom.com\/wp-content\/uploads\/2026\/01\/Bildschirmfoto-2026-01-05-um-16.11.32-1000x755.png 1000w, https:\/\/www.markt-kom.com\/wp-content\/uploads\/2026\/01\/Bildschirmfoto-2026-01-05-um-16.11.32-scaled.png 1300w\" alt=\"\" width=\"768\" height=\"580\" \/>\r\n<figcaption id=\"caption-attachment-248690\" class=\"wp-caption-text\">Mareen Eichinger<\/figcaption>\r\n<\/figure>\r\n<p>&nbsp;<\/p>\r\n<p><strong>Tu fornisci consulenza alle aziende in un periodo di sovraccarico permanente. Secondo te, quale sar\u00e0 nel 2026 il pi\u00f9 grave errore comunicativo commesso da molti dirigenti?<\/strong><\/p>\r\n<p><strong>Mareen Eichinger:<\/strong> Il pi\u00f9 grande errore \u00e8 continuare a considerare la comunicazione come una reazione. Molti dirigenti si sentono spinti dalle tendenze, dalle piattaforme, dalle aspettative. La comunicazione \u00e8 quindi rapida, abbondante, ma senza una linea chiara. Nel 2026 questo si ritorcer\u00e0 contro di loro. La comunicazione senza un quadro strategico non sar\u00e0 pi\u00f9 percepita come rilevante, ma come un rumore di fondo.<\/p>\r\n<p><strong>L'intelligenza artificiale \u00e8 ormai uno standard. Come si pu\u00f2 capire nella pratica se la comunicazione \u00e8 gestita in modo strategico o solo automatizzato?<\/strong><\/p>\r\n<p>La comunicazione automatizzata si riconosce dal fatto che potrebbe funzionare ovunque e proprio per questo non funziona davvero da nessuna parte. La comunicazione strategica \u00e8 riconoscibile, anche se utilizza l'IA. Segue temi chiari, un tono coerente e un atteggiamento. L'IA accelera i processi, ma non sostituisce le decisioni. Chi non le prende, con l'IA non fa che aumentare l'arbitrariet\u00e0.<\/p>\r\n<p><strong>Molte aziende parlano di visibilit\u00e0. Tu parli spesso di chiarezza. Perch\u00e9 nel 2026 la chiarezza sar\u00e0 la risorsa pi\u00f9 scarsa?<\/strong><\/p>\r\n<p>Perch\u00e9 la visibilit\u00e0 \u00e8 diventata tecnicamente semplice. La chiarezza implica una definizione, e questo risulta difficile per molti decisori. Decidere cosa si vuole rappresentare significa sempre anche rinunciare a qualcos'altro. Molte aziende temono questa conseguenza. Il risultato sono messaggi vaghi che non raggiungono davvero nessuno. La chiarezza \u00e8 scomoda, ma proprio per questo \u00e8 efficace.<\/p>\r\n<p><strong>Da dove inizia per te una buona comunicazione: dal messaggio o dalla decisione di ci\u00f2 che non si dice consapevolmente?<\/strong><\/p>\r\n<p>Nell'omissione. Una buona comunicazione \u00e8 un filtro. Nel 2026 non sar\u00e0 percepito chi dice di pi\u00f9, ma chi dice la cosa giusta. E questo al momento giusto e per il gruppo target giusto. Chi commenta tutto perde di rilevanza.<\/p>\r\n<p><strong>In qualit\u00e0 di titolare di un'agenzia, lavori a stretto contatto con i dirigenti aziendali. Quali domande dovrebbero porsi pi\u00f9 spesso i decisori nel 2026 prima di comunicare?<\/strong><\/p>\r\n<p>Innanzitutto: ci\u00f2 che affermiamo corrisponde effettivamente alla realt\u00e0 interna? Inoltre: i nostri collaboratori sono in grado di trasmettere questo messaggio in modo credibile? Infine: sosterremmo ancora questa affermazione tra due anni? Oggi la comunicazione \u00e8 visibile in modo permanente. Le narrazioni a breve termine prive di sostanza diventano a lungo termine un problema di reputazione.<\/p>\r\n<p><strong>Per molti marchi, i social media sembrano essere pi\u00f9 impegnativi che mai. Qual \u00e8 la tua alternativa al motto \u00abDobbiamo essere presenti ovunque\u00bb?<\/strong><\/p>\r\n<p>Riduzione consapevole. I social media non sono un programma obbligatorio, ma uno spazio strategico. Nel 2026 la presenza funzioner\u00e0 solo dove i marchi hanno qualcosa da offrire: competenza, atteggiamento e prospettiva. La pura auto-rappresentazione perde terreno, sia dal punto di vista algoritmico che umano.<\/p>\r\n<p><strong>Hai notato un ritorno a un numero minore di canali, ma con una maggiore presenza, o \u00e8 solo un pio desiderio?<\/strong><\/p>\r\n<p>Lo vedo molto chiaramente nelle aziende che sono diventate pi\u00f9 mature. Riducono i canali, affinano i temi e acquisiscono cos\u00ec maggiore coerenza. Meno punti di contatto non significano meno impatto, ma maggiore profondit\u00e0 e fiducia.<\/p>\r\n<p><strong>Le pubbliche relazioni classiche stanno subendo profondi cambiamenti. Cosa rimane indispensabile e cosa \u00e8 ormai superato?<\/strong><\/p>\r\n<p><strong>Mareen Eichinger:\u00a0<\/strong>Il pensiero giornalistico rimane indispensabile: rilevanza, contesto e classificazione. Le pubbliche relazioni come mera disciplina di posizionamento hanno fatto il loro tempo. I media non sono amplificatori di messaggi arbitrari, ma filtri di contenuti e sostanza. Chi non lo capisce, non viene pi\u00f9 ascoltato.<\/p>\r\n<p><strong>Come cambier\u00e0 il ruolo delle agenzie nel 2026: fornitori di servizi, sparring partner o collaboratori strategici?<\/strong><\/p>\r\n<p><strong>Mareen Eichinger:<\/strong>\u00a0Le agenzie devono essere partner strategici. La sola implementazione diventa intercambiabile o automatizzata. Il vero valore aggiunto sta nel mettere alla prova i team dirigenziali, definire con maggiore chiarezza le priorit\u00e0 e dire anche verit\u00e0 scomode.<\/p>\r\n<p><strong>Fiducia \u00e8 una parola importante. Secondo la tua esperienza, quali sono i motivi pi\u00f9 frequenti che causano il fallimento della comunicazione?<\/strong><\/p>\r\n<p><strong>Mareen Eichinger:\u00a0<\/strong>Le contraddizioni tra aspirazioni e realt\u00e0, tra cultura interna e messaggio esterno. La fiducia non nasce da una comunicazione perfetta, ma dalla coerenza. Chi si reinventa continuamente non appare dinamico, ma poco credibile.<\/p>\r\n<p><strong>Ci sono tendenze o parole d'ordine che nel 2026 non vorresti pi\u00f9 sentire?<\/strong><\/p>\r\n<p>Tutto ci\u00f2 che suggerisce che gli strumenti sostituiscano la strategia. \u00abCi pensa l'IA\u00bb \u00e8 una frase pericolosa. La tecnologia rafforza ci\u00f2 che gi\u00e0 esiste, ma non sostituisce la classificazione e la responsabilit\u00e0.<\/p>\r\n<p><strong>Se dovessi riassumere il tuo lavoro in una sola frase: cosa dovrebbe realmente realizzare la comunicazione nel 2026?<\/strong><\/p>\r\n<p>Dovrebbe fornire un orientamento in un'epoca in cui molte cose stanno diventando pi\u00f9 veloci, ma sempre meno chiare.<\/p>\r\n<p><img class=\"alignnone size-full wp-image-248695\" src=\"https:\/\/www.markt-kom.com\/wp-content\/uploads\/2026\/01\/unnamed.jpg\" sizes=\"(max-width: 1024px) 100vw, 1024px\" srcset=\"https:\/\/www.markt-kom.com\/wp-content\/uploads\/2026\/01\/unnamed.jpg 1024w, https:\/\/www.markt-kom.com\/wp-content\/uploads\/2026\/01\/unnamed-600x335.jpg 600w, https:\/\/www.markt-kom.com\/wp-content\/uploads\/2026\/01\/unnamed-768x429.jpg 768w, https:\/\/www.markt-kom.com\/wp-content\/uploads\/2026\/01\/unnamed-18x10.jpg 18w, https:\/\/www.markt-kom.com\/wp-content\/uploads\/2026\/01\/unnamed-313x175.jpg 313w, https:\/\/www.markt-kom.com\/wp-content\/uploads\/2026\/01\/unnamed-627x350.jpg 627w, https:\/\/www.markt-kom.com\/wp-content\/uploads\/2026\/01\/unnamed-1000x559.jpg 1000w\" alt=\"\" width=\"1024\" height=\"572\" \/><\/p>","protected":false},"excerpt":{"rendered":"<p>Mareen Eichinger, titolare di macheete, da anni fornisce consulenza alle aziende in materia di comunicazione strategica. Nell'intervista spiega perch\u00e9 la chiarezza \u00e8 un compito fondamentale della leadership, perch\u00e9 \u00abmeno \u00e8 spesso meglio\u00bb e quale responsabilit\u00e0 sociale hanno oggi le aziende.<\/p>","protected":false},"author":8,"featured_media":0,"comment_status":"closed","ping_status":"closed","sticky":false,"template":"","format":"standard","meta":{"_acf_changed":false,"_yoast_wpseo_focuskw":"Mareen Eichinger","_yoast_wpseo_metadesc":"Im Interview erkl\u00e4rt Mareen Eichinger, warum Klarheit eine zentrale F\u00fchrungsaufgabe ist und weshalb \u00abweniger oft mehr ist\u00bb.","articlekey":"","footnotes":""},"categories":[29],"tags":[5750,4343,2695],"class_list":["post-42955","post","type-post","status-publish","format-standard","hentry","category-marketing","tag-macheete","tag-markom","tag-public-relations"],"acf":[],"yoast_head":"<!-- This site is optimized with the Yoast SEO plugin v27.5 - https:\/\/yoast.com\/product\/yoast-seo-wordpress\/ -->\n<title>Mareen Eichinger im Interview: \u00abGute Kommunikation beginnt beim Weglassen\u00bb - Organisator<\/title>\n<meta name=\"description\" content=\"Im Interview erkl\u00e4rt Mareen Eichinger, warum Klarheit eine zentrale F\u00fchrungsaufgabe ist und weshalb \u00abweniger oft mehr ist\u00bb.\" \/>\n<meta name=\"robots\" content=\"index, follow, max-snippet:-1, max-image-preview:large, max-video-preview:-1\" \/>\n<link rel=\"canonical\" href=\"https:\/\/www.organisator.ch\/it\/marketing\/2026-01-05\/mareen-eichinger-im-interview-gute-kommunikation-beginnt-beim-weglassen\/\" \/>\n<meta property=\"og:locale\" content=\"it_IT\" \/>\n<meta property=\"og:type\" content=\"article\" \/>\n<meta property=\"og:title\" content=\"Mareen Eichinger im Interview: \u00abGute Kommunikation beginnt beim Weglassen\u00bb - Organisator\" \/>\n<meta property=\"og:description\" content=\"Im Interview erkl\u00e4rt Mareen Eichinger, warum Klarheit eine zentrale F\u00fchrungsaufgabe ist und weshalb \u00abweniger oft mehr ist\u00bb.\" \/>\n<meta property=\"og:url\" content=\"https:\/\/www.organisator.ch\/it\/marketing\/2026-01-05\/mareen-eichinger-im-interview-gute-kommunikation-beginnt-beim-weglassen\/\" \/>\n<meta property=\"og:site_name\" content=\"Organisator\" \/>\n<meta property=\"article:publisher\" content=\"https:\/\/www.facebook.com\/OrganisatorFachmagazin\" \/>\n<meta property=\"article:published_time\" content=\"2026-01-05T15:16:16+00:00\" \/>\n<meta property=\"article:modified_time\" content=\"2026-01-06T09:32:33+00:00\" \/>\n<meta name=\"author\" content=\"galledia\" \/>\n<meta name=\"twitter:card\" content=\"summary_large_image\" \/>\n<meta name=\"twitter:creator\" content=\"@admin\" \/>\n<script type=\"application\/ld+json\" class=\"yoast-schema-graph\">{\"@context\":\"https:\\\/\\\/schema.org\",\"@graph\":[{\"@type\":\"Article\",\"@id\":\"https:\\\/\\\/www.organisator.ch\\\/marketing\\\/2026-01-05\\\/mareen-eichinger-im-interview-gute-kommunikation-beginnt-beim-weglassen\\\/#article\",\"isPartOf\":{\"@id\":\"https:\\\/\\\/www.organisator.ch\\\/marketing\\\/2026-01-05\\\/mareen-eichinger-im-interview-gute-kommunikation-beginnt-beim-weglassen\\\/\"},\"author\":{\"name\":\"galledia\",\"@id\":\"https:\\\/\\\/www.organisator.ch\\\/#\\\/schema\\\/person\\\/4e51799071cd2dd1232ac003643ef5f0\"},\"headline\":\"Mareen Eichinger im Interview: \u00abGute Kommunikation beginnt beim Weglassen\u00bb\",\"datePublished\":\"2026-01-05T15:16:16+00:00\",\"dateModified\":\"2026-01-06T09:32:33+00:00\",\"mainEntityOfPage\":{\"@id\":\"https:\\\/\\\/www.organisator.ch\\\/marketing\\\/2026-01-05\\\/mareen-eichinger-im-interview-gute-kommunikation-beginnt-beim-weglassen\\\/\"},\"wordCount\":696,\"publisher\":{\"@id\":\"https:\\\/\\\/www.organisator.ch\\\/#organization\"},\"image\":{\"@id\":\"https:\\\/\\\/www.organisator.ch\\\/marketing\\\/2026-01-05\\\/mareen-eichinger-im-interview-gute-kommunikation-beginnt-beim-weglassen\\\/#primaryimage\"},\"thumbnailUrl\":\"https:\\\/\\\/www.markt-kom.com\\\/wp-content\\\/uploads\\\/2026\\\/01\\\/Bildschirmfoto-2026-01-05-um-16.11.32-1024x773.png\",\"keywords\":[\"Macheete\",\"MarKom\",\"Public Relations\"],\"articleSection\":[\"MARKETING\"],\"inLanguage\":\"it-IT\"},{\"@type\":\"WebPage\",\"@id\":\"https:\\\/\\\/www.organisator.ch\\\/marketing\\\/2026-01-05\\\/mareen-eichinger-im-interview-gute-kommunikation-beginnt-beim-weglassen\\\/\",\"url\":\"https:\\\/\\\/www.organisator.ch\\\/marketing\\\/2026-01-05\\\/mareen-eichinger-im-interview-gute-kommunikation-beginnt-beim-weglassen\\\/\",\"name\":\"Mareen Eichinger im Interview: \u00abGute Kommunikation beginnt beim Weglassen\u00bb - Organisator\",\"isPartOf\":{\"@id\":\"https:\\\/\\\/www.organisator.ch\\\/#website\"},\"primaryImageOfPage\":{\"@id\":\"https:\\\/\\\/www.organisator.ch\\\/marketing\\\/2026-01-05\\\/mareen-eichinger-im-interview-gute-kommunikation-beginnt-beim-weglassen\\\/#primaryimage\"},\"image\":{\"@id\":\"https:\\\/\\\/www.organisator.ch\\\/marketing\\\/2026-01-05\\\/mareen-eichinger-im-interview-gute-kommunikation-beginnt-beim-weglassen\\\/#primaryimage\"},\"thumbnailUrl\":\"https:\\\/\\\/www.markt-kom.com\\\/wp-content\\\/uploads\\\/2026\\\/01\\\/Bildschirmfoto-2026-01-05-um-16.11.32-1024x773.png\",\"datePublished\":\"2026-01-05T15:16:16+00:00\",\"dateModified\":\"2026-01-06T09:32:33+00:00\",\"description\":\"Im Interview erkl\u00e4rt Mareen Eichinger, warum Klarheit eine zentrale F\u00fchrungsaufgabe ist und weshalb \u00abweniger oft mehr ist\u00bb.\",\"breadcrumb\":{\"@id\":\"https:\\\/\\\/www.organisator.ch\\\/marketing\\\/2026-01-05\\\/mareen-eichinger-im-interview-gute-kommunikation-beginnt-beim-weglassen\\\/#breadcrumb\"},\"inLanguage\":\"it-IT\",\"potentialAction\":[{\"@type\":\"ReadAction\",\"target\":[\"https:\\\/\\\/www.organisator.ch\\\/marketing\\\/2026-01-05\\\/mareen-eichinger-im-interview-gute-kommunikation-beginnt-beim-weglassen\\\/\"]}]},{\"@type\":\"ImageObject\",\"inLanguage\":\"it-IT\",\"@id\":\"https:\\\/\\\/www.organisator.ch\\\/marketing\\\/2026-01-05\\\/mareen-eichinger-im-interview-gute-kommunikation-beginnt-beim-weglassen\\\/#primaryimage\",\"url\":\"https:\\\/\\\/www.markt-kom.com\\\/wp-content\\\/uploads\\\/2026\\\/01\\\/Bildschirmfoto-2026-01-05-um-16.11.32-1024x773.png\",\"contentUrl\":\"https:\\\/\\\/www.markt-kom.com\\\/wp-content\\\/uploads\\\/2026\\\/01\\\/Bildschirmfoto-2026-01-05-um-16.11.32-1024x773.png\"},{\"@type\":\"BreadcrumbList\",\"@id\":\"https:\\\/\\\/www.organisator.ch\\\/marketing\\\/2026-01-05\\\/mareen-eichinger-im-interview-gute-kommunikation-beginnt-beim-weglassen\\\/#breadcrumb\",\"itemListElement\":[{\"@type\":\"ListItem\",\"position\":1,\"name\":\"Home\",\"item\":\"https:\\\/\\\/www.organisator.ch\\\/\"},{\"@type\":\"ListItem\",\"position\":2,\"name\":\"Mareen Eichinger im Interview: \u00abGute Kommunikation beginnt beim Weglassen\u00bb\"}]},{\"@type\":\"WebSite\",\"@id\":\"https:\\\/\\\/www.organisator.ch\\\/#website\",\"url\":\"https:\\\/\\\/www.organisator.ch\\\/\",\"name\":\"Organisator\",\"description\":\"Kompetent. Praxisnah. Der ORGANISATOR bereitet in 10 Ausgaben pro Jahr die wesentlichen Themen f\u00fcr F\u00fchrungskr\u00e4fte von KMU auf.\",\"publisher\":{\"@id\":\"https:\\\/\\\/www.organisator.ch\\\/#organization\"},\"potentialAction\":[{\"@type\":\"SearchAction\",\"target\":{\"@type\":\"EntryPoint\",\"urlTemplate\":\"https:\\\/\\\/www.organisator.ch\\\/?s={search_term_string}\"},\"query-input\":{\"@type\":\"PropertyValueSpecification\",\"valueRequired\":true,\"valueName\":\"search_term_string\"}}],\"inLanguage\":\"it-IT\"},{\"@type\":\"Organization\",\"@id\":\"https:\\\/\\\/www.organisator.ch\\\/#organization\",\"name\":\"Organisator\",\"url\":\"https:\\\/\\\/www.organisator.ch\\\/\",\"logo\":{\"@type\":\"ImageObject\",\"inLanguage\":\"it-IT\",\"@id\":\"https:\\\/\\\/www.organisator.ch\\\/#\\\/schema\\\/logo\\\/image\\\/\",\"url\":\"https:\\\/\\\/www.organisator.ch\\\/wp-content\\\/uploads\\\/2022\\\/01\\\/Logo_Organisator_Website.png\",\"contentUrl\":\"https:\\\/\\\/www.organisator.ch\\\/wp-content\\\/uploads\\\/2022\\\/01\\\/Logo_Organisator_Website.png\",\"width\":800,\"height\":77,\"caption\":\"Organisator\"},\"image\":{\"@id\":\"https:\\\/\\\/www.organisator.ch\\\/#\\\/schema\\\/logo\\\/image\\\/\"},\"sameAs\":[\"https:\\\/\\\/www.facebook.com\\\/OrganisatorFachmagazin\",\"https:\\\/\\\/www.linkedin.com\\\/showcase\\\/organisator-das-magazin-fr-kmu\",\"https:\\\/\\\/www.xing.com\\\/news\\\/pages\\\/organisator-ch-695\",\"https:\\\/\\\/www.youtube.com\\\/channel\\\/UCGP2Sq0iWaZwT3BdIAQFYpw\"]},{\"@type\":\"Person\",\"@id\":\"https:\\\/\\\/www.organisator.ch\\\/#\\\/schema\\\/person\\\/4e51799071cd2dd1232ac003643ef5f0\",\"name\":\"galledia\",\"image\":{\"@type\":\"ImageObject\",\"inLanguage\":\"it-IT\",\"@id\":\"https:\\\/\\\/secure.gravatar.com\\\/avatar\\\/78a7f90c01fc2bfc875782a0d4922b37cde2cf184ce347b91316d23cd7f69a36?s=96&d=mm&r=g\",\"url\":\"https:\\\/\\\/secure.gravatar.com\\\/avatar\\\/78a7f90c01fc2bfc875782a0d4922b37cde2cf184ce347b91316d23cd7f69a36?s=96&d=mm&r=g\",\"contentUrl\":\"https:\\\/\\\/secure.gravatar.com\\\/avatar\\\/78a7f90c01fc2bfc875782a0d4922b37cde2cf184ce347b91316d23cd7f69a36?s=96&d=mm&r=g\",\"caption\":\"galledia\"},\"sameAs\":[\"https:\\\/\\\/x.com\\\/admin\"],\"url\":\"https:\\\/\\\/www.organisator.ch\\\/it\\\/author\\\/galledia\\\/\"}]}<\/script>\n<!-- \/ Yoast SEO plugin. -->","yoast_head_json":{"title":"Intervista a Mareen Eichinger: \u00abUna buona comunicazione inizia con l'omissione\u00bb - Organizzatore","description":"Nell'intervista Mareen Eichinger spiega perch\u00e9 la chiarezza \u00e8 un compito fondamentale della leadership e perch\u00e9 \u00abspesso meno \u00e8 meglio\u00bb.","robots":{"index":"index","follow":"follow","max-snippet":"max-snippet:-1","max-image-preview":"max-image-preview:large","max-video-preview":"max-video-preview:-1"},"canonical":"https:\/\/www.organisator.ch\/it\/marketing\/2026-01-05\/mareen-eichinger-im-interview-gute-kommunikation-beginnt-beim-weglassen\/","og_locale":"it_IT","og_type":"article","og_title":"Mareen Eichinger im Interview: \u00abGute Kommunikation beginnt beim Weglassen\u00bb - Organisator","og_description":"Im Interview erkl\u00e4rt Mareen Eichinger, warum Klarheit eine zentrale F\u00fchrungsaufgabe ist und weshalb \u00abweniger oft mehr ist\u00bb.","og_url":"https:\/\/www.organisator.ch\/it\/marketing\/2026-01-05\/mareen-eichinger-im-interview-gute-kommunikation-beginnt-beim-weglassen\/","og_site_name":"Organisator","article_publisher":"https:\/\/www.facebook.com\/OrganisatorFachmagazin","article_published_time":"2026-01-05T15:16:16+00:00","article_modified_time":"2026-01-06T09:32:33+00:00","author":"galledia","twitter_card":"summary_large_image","twitter_creator":"@admin","schema":{"@context":"https:\/\/schema.org","@graph":[{"@type":"Article","@id":"https:\/\/www.organisator.ch\/marketing\/2026-01-05\/mareen-eichinger-im-interview-gute-kommunikation-beginnt-beim-weglassen\/#article","isPartOf":{"@id":"https:\/\/www.organisator.ch\/marketing\/2026-01-05\/mareen-eichinger-im-interview-gute-kommunikation-beginnt-beim-weglassen\/"},"author":{"name":"galledia","@id":"https:\/\/www.organisator.ch\/#\/schema\/person\/4e51799071cd2dd1232ac003643ef5f0"},"headline":"Mareen Eichinger im Interview: \u00abGute Kommunikation beginnt beim Weglassen\u00bb","datePublished":"2026-01-05T15:16:16+00:00","dateModified":"2026-01-06T09:32:33+00:00","mainEntityOfPage":{"@id":"https:\/\/www.organisator.ch\/marketing\/2026-01-05\/mareen-eichinger-im-interview-gute-kommunikation-beginnt-beim-weglassen\/"},"wordCount":696,"publisher":{"@id":"https:\/\/www.organisator.ch\/#organization"},"image":{"@id":"https:\/\/www.organisator.ch\/marketing\/2026-01-05\/mareen-eichinger-im-interview-gute-kommunikation-beginnt-beim-weglassen\/#primaryimage"},"thumbnailUrl":"https:\/\/www.markt-kom.com\/wp-content\/uploads\/2026\/01\/Bildschirmfoto-2026-01-05-um-16.11.32-1024x773.png","keywords":["Macheete","MarKom","Public Relations"],"articleSection":["MARKETING"],"inLanguage":"it-IT"},{"@type":"WebPage","@id":"https:\/\/www.organisator.ch\/marketing\/2026-01-05\/mareen-eichinger-im-interview-gute-kommunikation-beginnt-beim-weglassen\/","url":"https:\/\/www.organisator.ch\/marketing\/2026-01-05\/mareen-eichinger-im-interview-gute-kommunikation-beginnt-beim-weglassen\/","name":"Intervista a Mareen Eichinger: \u00abUna buona comunicazione inizia con l'omissione\u00bb - Organizzatore","isPartOf":{"@id":"https:\/\/www.organisator.ch\/#website"},"primaryImageOfPage":{"@id":"https:\/\/www.organisator.ch\/marketing\/2026-01-05\/mareen-eichinger-im-interview-gute-kommunikation-beginnt-beim-weglassen\/#primaryimage"},"image":{"@id":"https:\/\/www.organisator.ch\/marketing\/2026-01-05\/mareen-eichinger-im-interview-gute-kommunikation-beginnt-beim-weglassen\/#primaryimage"},"thumbnailUrl":"https:\/\/www.markt-kom.com\/wp-content\/uploads\/2026\/01\/Bildschirmfoto-2026-01-05-um-16.11.32-1024x773.png","datePublished":"2026-01-05T15:16:16+00:00","dateModified":"2026-01-06T09:32:33+00:00","description":"Nell'intervista Mareen Eichinger spiega perch\u00e9 la chiarezza \u00e8 un compito fondamentale della leadership e perch\u00e9 \u00abspesso meno \u00e8 meglio\u00bb.","breadcrumb":{"@id":"https:\/\/www.organisator.ch\/marketing\/2026-01-05\/mareen-eichinger-im-interview-gute-kommunikation-beginnt-beim-weglassen\/#breadcrumb"},"inLanguage":"it-IT","potentialAction":[{"@type":"ReadAction","target":["https:\/\/www.organisator.ch\/marketing\/2026-01-05\/mareen-eichinger-im-interview-gute-kommunikation-beginnt-beim-weglassen\/"]}]},{"@type":"ImageObject","inLanguage":"it-IT","@id":"https:\/\/www.organisator.ch\/marketing\/2026-01-05\/mareen-eichinger-im-interview-gute-kommunikation-beginnt-beim-weglassen\/#primaryimage","url":"https:\/\/www.markt-kom.com\/wp-content\/uploads\/2026\/01\/Bildschirmfoto-2026-01-05-um-16.11.32-1024x773.png","contentUrl":"https:\/\/www.markt-kom.com\/wp-content\/uploads\/2026\/01\/Bildschirmfoto-2026-01-05-um-16.11.32-1024x773.png"},{"@type":"BreadcrumbList","@id":"https:\/\/www.organisator.ch\/marketing\/2026-01-05\/mareen-eichinger-im-interview-gute-kommunikation-beginnt-beim-weglassen\/#breadcrumb","itemListElement":[{"@type":"ListItem","position":1,"name":"Home","item":"https:\/\/www.organisator.ch\/"},{"@type":"ListItem","position":2,"name":"Mareen Eichinger im Interview: \u00abGute Kommunikation beginnt beim Weglassen\u00bb"}]},{"@type":"WebSite","@id":"https:\/\/www.organisator.ch\/#website","url":"https:\/\/www.organisator.ch\/","name":"Organizzatore","description":"Competente. Pratico. In 10 numeri all'anno, ORGANISATOR presenta i temi essenziali per i manager delle PMI.","publisher":{"@id":"https:\/\/www.organisator.ch\/#organization"},"potentialAction":[{"@type":"SearchAction","target":{"@type":"EntryPoint","urlTemplate":"https:\/\/www.organisator.ch\/?s={search_term_string}"},"query-input":{"@type":"PropertyValueSpecification","valueRequired":true,"valueName":"search_term_string"}}],"inLanguage":"it-IT"},{"@type":"Organization","@id":"https:\/\/www.organisator.ch\/#organization","name":"Organizzatore","url":"https:\/\/www.organisator.ch\/","logo":{"@type":"ImageObject","inLanguage":"it-IT","@id":"https:\/\/www.organisator.ch\/#\/schema\/logo\/image\/","url":"https:\/\/www.organisator.ch\/wp-content\/uploads\/2022\/01\/Logo_Organisator_Website.png","contentUrl":"https:\/\/www.organisator.ch\/wp-content\/uploads\/2022\/01\/Logo_Organisator_Website.png","width":800,"height":77,"caption":"Organisator"},"image":{"@id":"https:\/\/www.organisator.ch\/#\/schema\/logo\/image\/"},"sameAs":["https:\/\/www.facebook.com\/OrganisatorFachmagazin","https:\/\/www.linkedin.com\/showcase\/organisator-das-magazin-fr-kmu","https:\/\/www.xing.com\/news\/pages\/organisator-ch-695","https:\/\/www.youtube.com\/channel\/UCGP2Sq0iWaZwT3BdIAQFYpw"]},{"@type":"Person","@id":"https:\/\/www.organisator.ch\/#\/schema\/person\/4e51799071cd2dd1232ac003643ef5f0","name":"galledia","image":{"@type":"ImageObject","inLanguage":"it-IT","@id":"https:\/\/secure.gravatar.com\/avatar\/78a7f90c01fc2bfc875782a0d4922b37cde2cf184ce347b91316d23cd7f69a36?s=96&d=mm&r=g","url":"https:\/\/secure.gravatar.com\/avatar\/78a7f90c01fc2bfc875782a0d4922b37cde2cf184ce347b91316d23cd7f69a36?s=96&d=mm&r=g","contentUrl":"https:\/\/secure.gravatar.com\/avatar\/78a7f90c01fc2bfc875782a0d4922b37cde2cf184ce347b91316d23cd7f69a36?s=96&d=mm&r=g","caption":"galledia"},"sameAs":["https:\/\/x.com\/admin"],"url":"https:\/\/www.organisator.ch\/it\/author\/galledia\/"}]}},"_links":{"self":[{"href":"https:\/\/www.organisator.ch\/it\/wp-json\/wp\/v2\/posts\/42955","targetHints":{"allow":["GET"]}}],"collection":[{"href":"https:\/\/www.organisator.ch\/it\/wp-json\/wp\/v2\/posts"}],"about":[{"href":"https:\/\/www.organisator.ch\/it\/wp-json\/wp\/v2\/types\/post"}],"author":[{"embeddable":true,"href":"https:\/\/www.organisator.ch\/it\/wp-json\/wp\/v2\/users\/8"}],"replies":[{"embeddable":true,"href":"https:\/\/www.organisator.ch\/it\/wp-json\/wp\/v2\/comments?post=42955"}],"version-history":[{"count":5,"href":"https:\/\/www.organisator.ch\/it\/wp-json\/wp\/v2\/posts\/42955\/revisions"}],"predecessor-version":[{"id":42965,"href":"https:\/\/www.organisator.ch\/it\/wp-json\/wp\/v2\/posts\/42955\/revisions\/42965"}],"wp:attachment":[{"href":"https:\/\/www.organisator.ch\/it\/wp-json\/wp\/v2\/media?parent=42955"}],"wp:term":[{"taxonomy":"category","embeddable":true,"href":"https:\/\/www.organisator.ch\/it\/wp-json\/wp\/v2\/categories?post=42955"},{"taxonomy":"post_tag","embeddable":true,"href":"https:\/\/www.organisator.ch\/it\/wp-json\/wp\/v2\/tags?post=42955"}],"curies":[{"name":"wp","href":"https:\/\/api.w.org\/{rel}","templated":true}]}}