{"id":4303,"date":"2018-09-28T08:28:50","date_gmt":"2018-09-28T06:28:50","guid":{"rendered":"https:\/\/www.organisator.ch\/?p=4303"},"modified":"2018-09-28T08:28:50","modified_gmt":"2018-09-28T06:28:50","slug":"firmenjubilaeum-jaisli-xamax-ag-50-jahre-unter-strom","status":"publish","type":"post","link":"https:\/\/www.organisator.ch\/it\/management\/2018-09-28\/firmenjubilaeum-jaisli-xamax-ag-50-jahre-unter-strom\/","title":{"rendered":"Anniversario dell'azienda Jaisli-Xamax AG: 50 anni sotto tensione"},"content":{"rendered":"<figure id=\"attachment_4304\" aria-describedby=\"caption-attachment-4304\" style=\"width: 614px\" class=\"wp-caption alignnone\"><img loading=\"lazy\" decoding=\"async\" class=\"size-full wp-image-4304\" src=\"https:\/\/www.organisator.ch\/wp-content\/uploads\/2018\/09\/Firmenjubilaeum-Jaisli-Xamax-AG-50-Jahre-unter-Strom_Organisator.jpg\" alt=\"\" width=\"614\" height=\"480\" srcset=\"https:\/\/www.organisator.ch\/wp-content\/uploads\/2018\/09\/Firmenjubilaeum-Jaisli-Xamax-AG-50-Jahre-unter-Strom_Organisator.jpg 614w, https:\/\/www.organisator.ch\/wp-content\/uploads\/2018\/09\/Firmenjubilaeum-Jaisli-Xamax-AG-50-Jahre-unter-Strom_Organisator-16x12.jpg 16w, https:\/\/www.organisator.ch\/wp-content\/uploads\/2018\/09\/Firmenjubilaeum-Jaisli-Xamax-AG-50-Jahre-unter-Strom_Organisator-224x175.jpg 224w, https:\/\/www.organisator.ch\/wp-content\/uploads\/2018\/09\/Firmenjubilaeum-Jaisli-Xamax-AG-50-Jahre-unter-Strom_Organisator-448x350.jpg 448w, https:\/\/www.organisator.ch\/wp-content\/uploads\/2018\/09\/Firmenjubilaeum-Jaisli-Xamax-AG-50-Jahre-unter-Strom_Organisator-300x235.jpg 300w\" sizes=\"auto, (max-width: 614px) 100vw, 614px\" \/><figcaption id=\"caption-attachment-4304\" class=\"wp-caption-text\">Il corporate design della Jaisli-Xamax AG \u00e8 stato ridisegnato per il suo 50\u00b0 anniversario - visibile anche nel giornale del personale \"Brilli's News\". (Immagine: zVg)<\/figcaption><\/figure>\n<p>Il 1\u00b0 ottobre 1968, Ruedi Jaisli fond\u00f2 la societ\u00e0 R. Jaisli &amp; Co. - inizialmente come pura impresa di installazione elettrica con dieci dipendenti. Oggi, l'azienda \u00e8 cresciuta fino a diventare una societ\u00e0 elettrica con circa 400 dipendenti. L'azienda \u00e8 specializzata in installazioni elettriche, costruzione di quadri elettrici, servizio\/assistenza clienti, tecnologia dei sistemi di costruzione, fotovoltaico e telematica. La Jaisli-Xamax AG gode anche di una grande importanza come azienda di apprendistato: attualmente vengono formati 70 apprendisti.<\/p>\n<h2>Anniversario debitamente celebrato - e nuovo aspetto<\/h2>\n<p>Il 23 giugno si \u00e8 tenuta una celebrazione presso la sede di Dietikon: Un barbecue ha riunito clienti, partner di progetto, dipendenti e, come ospite d'onore, il fondatore dell'azienda Ruedi Jaisli. Ma non solo: L'azienda ha anche usato l'anniversario come un'opportunit\u00e0 per darsi una nuova immagine. Un nuovo corporate design \u00e8 stato sviluppato con un'agenzia grafica di Zurigo. Anche il giornale del personale \"Brilli's News\" ha un nuovo look: il concetto di colore \u00e8 stato mantenuto, ma il carattere e il look sono stati completamente ridisegnati. Anche la presenza online della Jaisli-Xamax AG \u00e8 stata rivista e resa ancora pi\u00f9 facile da usare.<\/p>\n<h2>Quattro apprendisti ambasciatori<\/h2>\n<p>Per la prima volta, quattro apprendisti di tutti i settori professionali - elettricista, elettricista d'installazione, montatore automatico, imprenditrice - riferiranno come ambasciatori sul loro apprendistato alla Jaisli-Xamax AG. L'ambasciatore e i tre ambasciatori offrono ai futuri apprendisti degli spunti interessanti sulla vita quotidiana di apprendistato. I potenziali apprendisti imparano di pi\u00f9 sull'apprendistato in prima persona e beneficiano delle esperienze dei loro colleghi. Con questa misura, l'azienda vuole promuovere lo scambio diretto tra i giovani. Un altro obiettivo \u00e8 quello di aumentare la percentuale di donne nelle professioni elettriche. Questo deve essere fatto, tra l'altro, attraverso giornate di esperienza sul tema dell'elettricit\u00e0 nelle scuole elementari al fine di ispirare pi\u00f9 ragazze per questo campo in questo modo.<\/p>\n<p><a href=\"http:\/\/www.jaisli-xamax.ch\"><em>Ulteriori informazioni<\/em><\/a><\/p>\n<p>&nbsp;<\/p>","protected":false},"excerpt":{"rendered":"<p>Am 1. Oktober 1968 gr\u00fcndete Ruedi Jaisli die Firma R. Jaisli &amp; Co. &#8211; zun\u00e4chst als reiner Elektroinstallationsbetrieb mit zehn Mitarbeitenden. Heute ist die Firma zu einem Elektrounternehmen mit rund 400 Mitarbeitenden gewachsen. Zu den Spezialgebieten geh\u00f6ren die Bereiche Elektroinstallationen, Schaltanlagenbau, Service\/Kundendienst, Geb\u00e4udesystemtechnik, Photovoltaik sowie Telematik. Grossen Stellenwert geniesst die Jaisli-Xamax AG auch als Lehrbetrieb: [&hellip;]<\/p>\n","protected":false},"author":4,"featured_media":4304,"comment_status":"open","ping_status":"open","sticky":false,"template":"","format":"standard","meta":{"_acf_changed":false,"_yoast_wpseo_focuskw":"Jaisli-Xamax","_yoast_wpseo_metadesc":"Das Elektroinstallations-Unternehmen Jaisli-Xamax AG feiert dieses Jahr sein 50-j\u00e4hriges Bestehen.","articlekey":"","footnotes":""},"categories":[28],"tags":[206,492,508],"class_list":["post-4303","post","type-post","status-publish","format-standard","has-post-thumbnail","hentry","category-management","tag-firmenjubilaeum","tag-unternehmen","tag-vermischtes"],"acf":[],"yoast_head":"<!-- This site is optimized with the Yoast SEO plugin v27.5 - https:\/\/yoast.com\/product\/yoast-seo-wordpress\/ -->\n<title>Firmenjubil\u00e4um Jaisli-Xamax AG: 50 Jahre unter Strom - Organisator<\/title>\n<meta name=\"description\" content=\"Das Elektroinstallations-Unternehmen Jaisli-Xamax AG feiert dieses Jahr sein 50-j\u00e4hriges Bestehen.\" \/>\n<meta name=\"robots\" content=\"index, follow, max-snippet:-1, max-image-preview:large, max-video-preview:-1\" \/>\n<link rel=\"canonical\" href=\"https:\/\/www.organisator.ch\/it\/gestione-2\/2018-09-28\/firmenjubilaeum-jaisli-xamax-ag-50-jahre-unter-strom\/\" \/>\n<meta property=\"og:locale\" content=\"it_IT\" \/>\n<meta property=\"og:type\" content=\"article\" \/>\n<meta property=\"og:title\" content=\"Firmenjubil\u00e4um Jaisli-Xamax AG: 50 Jahre unter Strom\" \/>\n<meta property=\"og:description\" content=\"Das Elektroinstallations-Unternehmen Jaisli-Xamax AG feiert dieses Jahr sein 50-j\u00e4hriges Bestehen.\" \/>\n<meta property=\"og:url\" content=\"https:\/\/www.organisator.ch\/it\/gestione-2\/2018-09-28\/firmenjubilaeum-jaisli-xamax-ag-50-jahre-unter-strom\/\" \/>\n<meta property=\"og:site_name\" content=\"Organisator\" \/>\n<meta property=\"article:publisher\" content=\"https:\/\/www.facebook.com\/OrganisatorFachmagazin\" \/>\n<meta property=\"article:published_time\" content=\"2018-09-28T06:28:50+00:00\" \/>\n<meta property=\"og:image\" content=\"https:\/\/www.organisator.ch\/wp-content\/uploads\/2018\/09\/Firmenjubilaeum-Jaisli-Xamax-AG-50-Jahre-unter-Strom_Organisator.jpg\" \/>\n\t<meta property=\"og:image:width\" content=\"614\" \/>\n\t<meta property=\"og:image:height\" content=\"480\" \/>\n\t<meta property=\"og:image:type\" content=\"image\/jpeg\" \/>\n<meta name=\"author\" content=\"thomas.berner\" \/>\n<meta name=\"twitter:card\" content=\"summary_large_image\" \/>\n<meta name=\"twitter:title\" content=\"Firmenjubil\u00e4um #Jaisli-Xamax AG: 50 Jahre unter Strom\" \/>\n<meta name=\"twitter:description\" content=\"Das Elektroinstallations-Unternehmen #Jaisli-Xamax AG feiert dieses Jahr sein 50-j\u00e4hriges Bestehen.\" \/>\n<meta name=\"twitter:image\" content=\"https:\/\/www.organisator.ch\/wp-content\/uploads\/2018\/09\/Firmenjubil\u00e4um-Jaisli-Xamax-AG-50-Jahre-unter-Strom_Organisator.jpg\" \/>\n<script type=\"application\/ld+json\" class=\"yoast-schema-graph\">{\"@context\":\"https:\\\/\\\/schema.org\",\"@graph\":[{\"@type\":\"Article\",\"@id\":\"https:\\\/\\\/www.organisator.ch\\\/management\\\/2018-09-28\\\/firmenjubilaeum-jaisli-xamax-ag-50-jahre-unter-strom\\\/#article\",\"isPartOf\":{\"@id\":\"https:\\\/\\\/www.organisator.ch\\\/management\\\/2018-09-28\\\/firmenjubilaeum-jaisli-xamax-ag-50-jahre-unter-strom\\\/\"},\"author\":{\"name\":\"thomas.berner\",\"@id\":\"https:\\\/\\\/www.organisator.ch\\\/#\\\/schema\\\/person\\\/6f650f90b2842cd4c0cc334b4e36f67e\"},\"headline\":\"Firmenjubil\u00e4um Jaisli-Xamax AG: 50 Jahre unter Strom\",\"datePublished\":\"2018-09-28T06:28:50+00:00\",\"mainEntityOfPage\":{\"@id\":\"https:\\\/\\\/www.organisator.ch\\\/management\\\/2018-09-28\\\/firmenjubilaeum-jaisli-xamax-ag-50-jahre-unter-strom\\\/\"},\"wordCount\":306,\"commentCount\":0,\"publisher\":{\"@id\":\"https:\\\/\\\/www.organisator.ch\\\/#organization\"},\"image\":{\"@id\":\"https:\\\/\\\/www.organisator.ch\\\/management\\\/2018-09-28\\\/firmenjubilaeum-jaisli-xamax-ag-50-jahre-unter-strom\\\/#primaryimage\"},\"thumbnailUrl\":\"https:\\\/\\\/www.organisator.ch\\\/wp-content\\\/uploads\\\/2018\\\/09\\\/Firmenjubilaeum-Jaisli-Xamax-AG-50-Jahre-unter-Strom_Organisator.jpg\",\"keywords\":[\"Firmenjubil\u00e4um\",\"Unternehmen\",\"Vermischtes\"],\"articleSection\":[\"MANAGEMENT\"],\"inLanguage\":\"it-IT\"},{\"@type\":\"WebPage\",\"@id\":\"https:\\\/\\\/www.organisator.ch\\\/management\\\/2018-09-28\\\/firmenjubilaeum-jaisli-xamax-ag-50-jahre-unter-strom\\\/\",\"url\":\"https:\\\/\\\/www.organisator.ch\\\/management\\\/2018-09-28\\\/firmenjubilaeum-jaisli-xamax-ag-50-jahre-unter-strom\\\/\",\"name\":\"Firmenjubil\u00e4um Jaisli-Xamax AG: 50 Jahre unter Strom - Organisator\",\"isPartOf\":{\"@id\":\"https:\\\/\\\/www.organisator.ch\\\/#website\"},\"primaryImageOfPage\":{\"@id\":\"https:\\\/\\\/www.organisator.ch\\\/management\\\/2018-09-28\\\/firmenjubilaeum-jaisli-xamax-ag-50-jahre-unter-strom\\\/#primaryimage\"},\"image\":{\"@id\":\"https:\\\/\\\/www.organisator.ch\\\/management\\\/2018-09-28\\\/firmenjubilaeum-jaisli-xamax-ag-50-jahre-unter-strom\\\/#primaryimage\"},\"thumbnailUrl\":\"https:\\\/\\\/www.organisator.ch\\\/wp-content\\\/uploads\\\/2018\\\/09\\\/Firmenjubilaeum-Jaisli-Xamax-AG-50-Jahre-unter-Strom_Organisator.jpg\",\"datePublished\":\"2018-09-28T06:28:50+00:00\",\"description\":\"Das Elektroinstallations-Unternehmen Jaisli-Xamax AG feiert dieses Jahr sein 50-j\u00e4hriges Bestehen.\",\"breadcrumb\":{\"@id\":\"https:\\\/\\\/www.organisator.ch\\\/management\\\/2018-09-28\\\/firmenjubilaeum-jaisli-xamax-ag-50-jahre-unter-strom\\\/#breadcrumb\"},\"inLanguage\":\"it-IT\",\"potentialAction\":[{\"@type\":\"ReadAction\",\"target\":[\"https:\\\/\\\/www.organisator.ch\\\/management\\\/2018-09-28\\\/firmenjubilaeum-jaisli-xamax-ag-50-jahre-unter-strom\\\/\"]}]},{\"@type\":\"ImageObject\",\"inLanguage\":\"it-IT\",\"@id\":\"https:\\\/\\\/www.organisator.ch\\\/management\\\/2018-09-28\\\/firmenjubilaeum-jaisli-xamax-ag-50-jahre-unter-strom\\\/#primaryimage\",\"url\":\"https:\\\/\\\/www.organisator.ch\\\/wp-content\\\/uploads\\\/2018\\\/09\\\/Firmenjubilaeum-Jaisli-Xamax-AG-50-Jahre-unter-Strom_Organisator.jpg\",\"contentUrl\":\"https:\\\/\\\/www.organisator.ch\\\/wp-content\\\/uploads\\\/2018\\\/09\\\/Firmenjubilaeum-Jaisli-Xamax-AG-50-Jahre-unter-Strom_Organisator.jpg\",\"width\":614,\"height\":480,\"caption\":\"Zum 50-Jahr-Jubil\u00e4um wurde das Corporate Design von Jaisli-Xamax AG neu gestaltet - sichtbar auch an der Mitarbeiterzeitung \\\"Brilli's News\\\". (Bild: zVg)\"},{\"@type\":\"BreadcrumbList\",\"@id\":\"https:\\\/\\\/www.organisator.ch\\\/management\\\/2018-09-28\\\/firmenjubilaeum-jaisli-xamax-ag-50-jahre-unter-strom\\\/#breadcrumb\",\"itemListElement\":[{\"@type\":\"ListItem\",\"position\":1,\"name\":\"Home\",\"item\":\"https:\\\/\\\/www.organisator.ch\\\/\"},{\"@type\":\"ListItem\",\"position\":2,\"name\":\"Firmenjubil\u00e4um Jaisli-Xamax AG: 50 Jahre unter Strom\"}]},{\"@type\":\"WebSite\",\"@id\":\"https:\\\/\\\/www.organisator.ch\\\/#website\",\"url\":\"https:\\\/\\\/www.organisator.ch\\\/\",\"name\":\"Organisator\",\"description\":\"Kompetent. Praxisnah. Der ORGANISATOR bereitet in 10 Ausgaben pro Jahr die wesentlichen Themen f\u00fcr F\u00fchrungskr\u00e4fte von KMU auf.\",\"publisher\":{\"@id\":\"https:\\\/\\\/www.organisator.ch\\\/#organization\"},\"potentialAction\":[{\"@type\":\"SearchAction\",\"target\":{\"@type\":\"EntryPoint\",\"urlTemplate\":\"https:\\\/\\\/www.organisator.ch\\\/?s={search_term_string}\"},\"query-input\":{\"@type\":\"PropertyValueSpecification\",\"valueRequired\":true,\"valueName\":\"search_term_string\"}}],\"inLanguage\":\"it-IT\"},{\"@type\":\"Organization\",\"@id\":\"https:\\\/\\\/www.organisator.ch\\\/#organization\",\"name\":\"Organisator\",\"url\":\"https:\\\/\\\/www.organisator.ch\\\/\",\"logo\":{\"@type\":\"ImageObject\",\"inLanguage\":\"it-IT\",\"@id\":\"https:\\\/\\\/www.organisator.ch\\\/#\\\/schema\\\/logo\\\/image\\\/\",\"url\":\"https:\\\/\\\/www.organisator.ch\\\/wp-content\\\/uploads\\\/2022\\\/01\\\/Logo_Organisator_Website.png\",\"contentUrl\":\"https:\\\/\\\/www.organisator.ch\\\/wp-content\\\/uploads\\\/2022\\\/01\\\/Logo_Organisator_Website.png\",\"width\":800,\"height\":77,\"caption\":\"Organisator\"},\"image\":{\"@id\":\"https:\\\/\\\/www.organisator.ch\\\/#\\\/schema\\\/logo\\\/image\\\/\"},\"sameAs\":[\"https:\\\/\\\/www.facebook.com\\\/OrganisatorFachmagazin\",\"https:\\\/\\\/www.linkedin.com\\\/showcase\\\/organisator-das-magazin-fr-kmu\",\"https:\\\/\\\/www.xing.com\\\/news\\\/pages\\\/organisator-ch-695\",\"https:\\\/\\\/www.youtube.com\\\/channel\\\/UCGP2Sq0iWaZwT3BdIAQFYpw\"]},{\"@type\":\"Person\",\"@id\":\"https:\\\/\\\/www.organisator.ch\\\/#\\\/schema\\\/person\\\/6f650f90b2842cd4c0cc334b4e36f67e\",\"name\":\"thomas.berner\",\"image\":{\"@type\":\"ImageObject\",\"inLanguage\":\"it-IT\",\"@id\":\"https:\\\/\\\/secure.gravatar.com\\\/avatar\\\/ac5001d2a36cb6c6cd3e50789007ffca834b477b74a2144564522e944eabff61?s=96&d=mm&r=g\",\"url\":\"https:\\\/\\\/secure.gravatar.com\\\/avatar\\\/ac5001d2a36cb6c6cd3e50789007ffca834b477b74a2144564522e944eabff61?s=96&d=mm&r=g\",\"contentUrl\":\"https:\\\/\\\/secure.gravatar.com\\\/avatar\\\/ac5001d2a36cb6c6cd3e50789007ffca834b477b74a2144564522e944eabff61?s=96&d=mm&r=g\",\"caption\":\"thomas.berner\"},\"url\":\"https:\\\/\\\/www.organisator.ch\\\/it\\\/author\\\/thomas-berner\\\/\"}]}<\/script>\n<!-- \/ Yoast SEO plugin. -->","yoast_head_json":{"title":"Anniversario dell'azienda Jaisli-Xamax AG: 50 anni di attivit\u00e0 - Organizzatore","description":"L'azienda di installazioni elettriche Jaisli-Xamax AG festeggia quest'anno il suo 50\u00b0 anniversario.","robots":{"index":"index","follow":"follow","max-snippet":"max-snippet:-1","max-image-preview":"max-image-preview:large","max-video-preview":"max-video-preview:-1"},"canonical":"https:\/\/www.organisator.ch\/it\/gestione-2\/2018-09-28\/firmenjubilaeum-jaisli-xamax-ag-50-jahre-unter-strom\/","og_locale":"it_IT","og_type":"article","og_title":"Firmenjubil\u00e4um Jaisli-Xamax AG: 50 Jahre unter Strom","og_description":"Das Elektroinstallations-Unternehmen Jaisli-Xamax AG feiert dieses Jahr sein 50-j\u00e4hriges Bestehen.","og_url":"https:\/\/www.organisator.ch\/it\/gestione-2\/2018-09-28\/firmenjubilaeum-jaisli-xamax-ag-50-jahre-unter-strom\/","og_site_name":"Organisator","article_publisher":"https:\/\/www.facebook.com\/OrganisatorFachmagazin","article_published_time":"2018-09-28T06:28:50+00:00","og_image":[{"width":614,"height":480,"url":"https:\/\/www.organisator.ch\/wp-content\/uploads\/2018\/09\/Firmenjubilaeum-Jaisli-Xamax-AG-50-Jahre-unter-Strom_Organisator.jpg","type":"image\/jpeg"}],"author":"thomas.berner","twitter_card":"summary_large_image","twitter_title":"Firmenjubil\u00e4um #Jaisli-Xamax AG: 50 Jahre unter Strom","twitter_description":"Das Elektroinstallations-Unternehmen #Jaisli-Xamax AG feiert dieses Jahr sein 50-j\u00e4hriges Bestehen.","twitter_image":"https:\/\/www.organisator.ch\/wp-content\/uploads\/2018\/09\/Firmenjubil\u00e4um-Jaisli-Xamax-AG-50-Jahre-unter-Strom_Organisator.jpg","schema":{"@context":"https:\/\/schema.org","@graph":[{"@type":"Article","@id":"https:\/\/www.organisator.ch\/management\/2018-09-28\/firmenjubilaeum-jaisli-xamax-ag-50-jahre-unter-strom\/#article","isPartOf":{"@id":"https:\/\/www.organisator.ch\/management\/2018-09-28\/firmenjubilaeum-jaisli-xamax-ag-50-jahre-unter-strom\/"},"author":{"name":"thomas.berner","@id":"https:\/\/www.organisator.ch\/#\/schema\/person\/6f650f90b2842cd4c0cc334b4e36f67e"},"headline":"Firmenjubil\u00e4um Jaisli-Xamax AG: 50 Jahre unter Strom","datePublished":"2018-09-28T06:28:50+00:00","mainEntityOfPage":{"@id":"https:\/\/www.organisator.ch\/management\/2018-09-28\/firmenjubilaeum-jaisli-xamax-ag-50-jahre-unter-strom\/"},"wordCount":306,"commentCount":0,"publisher":{"@id":"https:\/\/www.organisator.ch\/#organization"},"image":{"@id":"https:\/\/www.organisator.ch\/management\/2018-09-28\/firmenjubilaeum-jaisli-xamax-ag-50-jahre-unter-strom\/#primaryimage"},"thumbnailUrl":"https:\/\/www.organisator.ch\/wp-content\/uploads\/2018\/09\/Firmenjubilaeum-Jaisli-Xamax-AG-50-Jahre-unter-Strom_Organisator.jpg","keywords":["Firmenjubil\u00e4um","Unternehmen","Vermischtes"],"articleSection":["MANAGEMENT"],"inLanguage":"it-IT"},{"@type":"WebPage","@id":"https:\/\/www.organisator.ch\/management\/2018-09-28\/firmenjubilaeum-jaisli-xamax-ag-50-jahre-unter-strom\/","url":"https:\/\/www.organisator.ch\/management\/2018-09-28\/firmenjubilaeum-jaisli-xamax-ag-50-jahre-unter-strom\/","name":"Anniversario dell'azienda Jaisli-Xamax AG: 50 anni di attivit\u00e0 - Organizzatore","isPartOf":{"@id":"https:\/\/www.organisator.ch\/#website"},"primaryImageOfPage":{"@id":"https:\/\/www.organisator.ch\/management\/2018-09-28\/firmenjubilaeum-jaisli-xamax-ag-50-jahre-unter-strom\/#primaryimage"},"image":{"@id":"https:\/\/www.organisator.ch\/management\/2018-09-28\/firmenjubilaeum-jaisli-xamax-ag-50-jahre-unter-strom\/#primaryimage"},"thumbnailUrl":"https:\/\/www.organisator.ch\/wp-content\/uploads\/2018\/09\/Firmenjubilaeum-Jaisli-Xamax-AG-50-Jahre-unter-Strom_Organisator.jpg","datePublished":"2018-09-28T06:28:50+00:00","description":"L'azienda di installazioni elettriche Jaisli-Xamax AG festeggia quest'anno il suo 50\u00b0 anniversario.","breadcrumb":{"@id":"https:\/\/www.organisator.ch\/management\/2018-09-28\/firmenjubilaeum-jaisli-xamax-ag-50-jahre-unter-strom\/#breadcrumb"},"inLanguage":"it-IT","potentialAction":[{"@type":"ReadAction","target":["https:\/\/www.organisator.ch\/management\/2018-09-28\/firmenjubilaeum-jaisli-xamax-ag-50-jahre-unter-strom\/"]}]},{"@type":"ImageObject","inLanguage":"it-IT","@id":"https:\/\/www.organisator.ch\/management\/2018-09-28\/firmenjubilaeum-jaisli-xamax-ag-50-jahre-unter-strom\/#primaryimage","url":"https:\/\/www.organisator.ch\/wp-content\/uploads\/2018\/09\/Firmenjubilaeum-Jaisli-Xamax-AG-50-Jahre-unter-Strom_Organisator.jpg","contentUrl":"https:\/\/www.organisator.ch\/wp-content\/uploads\/2018\/09\/Firmenjubilaeum-Jaisli-Xamax-AG-50-Jahre-unter-Strom_Organisator.jpg","width":614,"height":480,"caption":"Zum 50-Jahr-Jubil\u00e4um wurde das Corporate Design von Jaisli-Xamax AG neu gestaltet - sichtbar auch an der Mitarbeiterzeitung \"Brilli's News\". (Bild: zVg)"},{"@type":"BreadcrumbList","@id":"https:\/\/www.organisator.ch\/management\/2018-09-28\/firmenjubilaeum-jaisli-xamax-ag-50-jahre-unter-strom\/#breadcrumb","itemListElement":[{"@type":"ListItem","position":1,"name":"Home","item":"https:\/\/www.organisator.ch\/"},{"@type":"ListItem","position":2,"name":"Firmenjubil\u00e4um Jaisli-Xamax AG: 50 Jahre unter Strom"}]},{"@type":"WebSite","@id":"https:\/\/www.organisator.ch\/#website","url":"https:\/\/www.organisator.ch\/","name":"Organizzatore","description":"Competente. Pratico. In 10 numeri all'anno, ORGANISATOR presenta i temi essenziali per i manager delle PMI.","publisher":{"@id":"https:\/\/www.organisator.ch\/#organization"},"potentialAction":[{"@type":"SearchAction","target":{"@type":"EntryPoint","urlTemplate":"https:\/\/www.organisator.ch\/?s={search_term_string}"},"query-input":{"@type":"PropertyValueSpecification","valueRequired":true,"valueName":"search_term_string"}}],"inLanguage":"it-IT"},{"@type":"Organization","@id":"https:\/\/www.organisator.ch\/#organization","name":"Organizzatore","url":"https:\/\/www.organisator.ch\/","logo":{"@type":"ImageObject","inLanguage":"it-IT","@id":"https:\/\/www.organisator.ch\/#\/schema\/logo\/image\/","url":"https:\/\/www.organisator.ch\/wp-content\/uploads\/2022\/01\/Logo_Organisator_Website.png","contentUrl":"https:\/\/www.organisator.ch\/wp-content\/uploads\/2022\/01\/Logo_Organisator_Website.png","width":800,"height":77,"caption":"Organisator"},"image":{"@id":"https:\/\/www.organisator.ch\/#\/schema\/logo\/image\/"},"sameAs":["https:\/\/www.facebook.com\/OrganisatorFachmagazin","https:\/\/www.linkedin.com\/showcase\/organisator-das-magazin-fr-kmu","https:\/\/www.xing.com\/news\/pages\/organisator-ch-695","https:\/\/www.youtube.com\/channel\/UCGP2Sq0iWaZwT3BdIAQFYpw"]},{"@type":"Person","@id":"https:\/\/www.organisator.ch\/#\/schema\/person\/6f650f90b2842cd4c0cc334b4e36f67e","name":"Tommaso.berner","image":{"@type":"ImageObject","inLanguage":"it-IT","@id":"https:\/\/secure.gravatar.com\/avatar\/ac5001d2a36cb6c6cd3e50789007ffca834b477b74a2144564522e944eabff61?s=96&d=mm&r=g","url":"https:\/\/secure.gravatar.com\/avatar\/ac5001d2a36cb6c6cd3e50789007ffca834b477b74a2144564522e944eabff61?s=96&d=mm&r=g","contentUrl":"https:\/\/secure.gravatar.com\/avatar\/ac5001d2a36cb6c6cd3e50789007ffca834b477b74a2144564522e944eabff61?s=96&d=mm&r=g","caption":"thomas.berner"},"url":"https:\/\/www.organisator.ch\/it\/author\/thomas-berner\/"}]}},"_links":{"self":[{"href":"https:\/\/www.organisator.ch\/it\/wp-json\/wp\/v2\/posts\/4303","targetHints":{"allow":["GET"]}}],"collection":[{"href":"https:\/\/www.organisator.ch\/it\/wp-json\/wp\/v2\/posts"}],"about":[{"href":"https:\/\/www.organisator.ch\/it\/wp-json\/wp\/v2\/types\/post"}],"author":[{"embeddable":true,"href":"https:\/\/www.organisator.ch\/it\/wp-json\/wp\/v2\/users\/4"}],"replies":[{"embeddable":true,"href":"https:\/\/www.organisator.ch\/it\/wp-json\/wp\/v2\/comments?post=4303"}],"version-history":[{"count":0,"href":"https:\/\/www.organisator.ch\/it\/wp-json\/wp\/v2\/posts\/4303\/revisions"}],"wp:featuredmedia":[{"embeddable":true,"href":"https:\/\/www.organisator.ch\/it\/wp-json\/wp\/v2\/media\/4304"}],"wp:attachment":[{"href":"https:\/\/www.organisator.ch\/it\/wp-json\/wp\/v2\/media?parent=4303"}],"wp:term":[{"taxonomy":"category","embeddable":true,"href":"https:\/\/www.organisator.ch\/it\/wp-json\/wp\/v2\/categories?post=4303"},{"taxonomy":"post_tag","embeddable":true,"href":"https:\/\/www.organisator.ch\/it\/wp-json\/wp\/v2\/tags?post=4303"}],"curies":[{"name":"wp","href":"https:\/\/api.w.org\/{rel}","templated":true}]}}