{"id":43069,"date":"2026-01-08T16:11:28","date_gmt":"2026-01-08T15:11:28","guid":{"rendered":"https:\/\/www.markt-kom.com\/?p=248899"},"modified":"2026-01-09T07:42:25","modified_gmt":"2026-01-09T06:42:25","slug":"ki-check-2025-wie-fit-ist-ihr-marketing-team-wirklich-jetzt-mitmachen","status":"publish","type":"post","link":"https:\/\/www.organisator.ch\/it\/marketing\/2026-01-08\/ki-check-2025-wie-fit-ist-ihr-marketing-team-wirklich-jetzt-mitmachen\/","title":{"rendered":"AI Check 2025: quanto \u00e8 in forma il vostro team di marketing? Partecipa ora!"},"content":{"rendered":"<div><img class=\"alignnone size-large wp-image-248907\" src=\"https:\/\/www.markt-kom.com\/wp-content\/uploads\/2026\/01\/thumbnail_Generated-Image-December-08-2025-7_36PM-1-1024x571.jpg\" sizes=\"(max-width: 768px) 100vw, 768px\" srcset=\"https:\/\/www.markt-kom.com\/wp-content\/uploads\/2026\/01\/thumbnail_Generated-Image-December-08-2025-7_36PM-1-1024x571.jpg 1024w, https:\/\/www.markt-kom.com\/wp-content\/uploads\/2026\/01\/thumbnail_Generated-Image-December-08-2025-7_36PM-1-600x335.jpg 600w, https:\/\/www.markt-kom.com\/wp-content\/uploads\/2026\/01\/thumbnail_Generated-Image-December-08-2025-7_36PM-1-768x428.jpg 768w, https:\/\/www.markt-kom.com\/wp-content\/uploads\/2026\/01\/thumbnail_Generated-Image-December-08-2025-7_36PM-1-1536x857.jpg 1536w, https:\/\/www.markt-kom.com\/wp-content\/uploads\/2026\/01\/thumbnail_Generated-Image-December-08-2025-7_36PM-1-18x10.jpg 18w, https:\/\/www.markt-kom.com\/wp-content\/uploads\/2026\/01\/thumbnail_Generated-Image-December-08-2025-7_36PM-1-314x175.jpg 314w, https:\/\/www.markt-kom.com\/wp-content\/uploads\/2026\/01\/thumbnail_Generated-Image-December-08-2025-7_36PM-1-627x350.jpg 627w, https:\/\/www.markt-kom.com\/wp-content\/uploads\/2026\/01\/thumbnail_Generated-Image-December-08-2025-7_36PM-1-1000x558.jpg 1000w, https:\/\/www.markt-kom.com\/wp-content\/uploads\/2026\/01\/thumbnail_Generated-Image-December-08-2025-7_36PM-1-scaled.jpg 1300w\" alt=\"\" width=\"768\" height=\"428\" \/><\/div>\r\n<p>L'intelligenza artificiale non \u00e8 pi\u00f9 uno scenario futuro, ma sta cambiando il nostro marketing qui e ora, a un ritmo rapidissimo. Ma mentre tutti parlano di ChatGPT e nuovi strumenti, la domanda cruciale \u00e8: chi nel panorama aziendale svizzero sta effettivamente tenendo il passo? Per scoprirlo, Brandfinity e Swiss Marketing, insieme a HEG Friburgo, lanciano lo Studio Nazionale 2025 sulla Maturit\u00e0 del Marketing AI. Invitiamo cordialmente tutti i responsabili marketing e vendite a partecipare a questa importante indagine e a tracciare cos\u00ec un quadro reale della situazione.<\/p>\r\n<p>A questo studio partecipano partner noti come la rivista PME, Tag Inspector e la nostra \u00abrivista sorella\u00bb M&amp;K. L'obiettivo \u00e8 quello di fornire un'indagine obiettiva che vada oltre le semplici parole d'ordine e fornisca fatti reali. Partecipare \u00e8 molto semplice e richiede solo sette minuti del vostro tempo. I vostri dati saranno trattati in modo completamente anonimo, in modo da rendere possibile uno scambio aperto e onesto sullo stato attuale dell'arte.<\/p>\r\n<div>L'approccio metodologico alla base dello studio \u00e8 particolarmente intelligente e moderno. Combina l'esperienza personale del sondaggio con un'analisi automatizzata del sito web aziendale. Questo mix crea un quadro oggettivo della vostra preparazione tecnologica che va ben oltre un'autovalutazione puramente soggettiva. Vogliamo sapere quanto sono realmente \u00abAI-fit\u00bb i team e dove si colloca l'economia svizzera in un confronto internazionale.<\/div>\r\n<h3><b>Come ringraziamento: un rapporto dettagliato<\/b><\/h3>\r\n<div>La vostra partecipazione non \u00e8 utile solo per il settore, ma anche per la vostra azienda. Come ringraziamento per il vostro contributo, riceverete un rapporto confidenziale e dettagliato (un po' pi\u00f9 tardi, dopo l'analisi delle candidature). Questo vi mostrer\u00e0 nero su bianco la vostra posizione rispetto alle aziende delle vostre dimensioni e del vostro settore. Questo benchmark esclusivo vi offre un punto di partenza perfetto per le vostre analisi e pianificazioni strategiche future.<\/div>\r\n<div>\r\n<p>Approfittate di questa opportunit\u00e0 per ottenere un solido vantaggio di conoscenza e aiutateci a creare una base informativa affidabile per il marketing svizzero.<\/p>\r\n<hr \/>\r\n<p>Il link per partecipare \u00e8 disponibile all'indirizzo\u00a0<a id=\"OWA9ecfdaab-b332-eefe-3f7b-ce8288116c8d\" title=\"https:\/\/brandfinity.ch\/de\/ki-marketing-readiness\/\" href=\"https:\/\/brandfinity.ch\/de\/ki-marketing-readiness\/\" rel=\"noopener noreferrer\" data-hveid=\"0\" data-ved=\"0CAAQ_4QMahgKEwij3ofZh_yRAxUAAAAAHQAAAAAQqAE\" data-auth=\"NotApplicable\" data-linkindex=\"0\">https:\/\/brandfinity.ch\/de\/ki-marketing-readiness\/<\/a>.<\/p>\r\n<\/div>","protected":false},"excerpt":{"rendered":"<p>L'intelligenza artificiale non \u00e8 pi\u00f9 uno scenario futuro, ma sta cambiando il nostro marketing qui e ora, a un ritmo rapidissimo. Ma mentre tutti parlano di ChatGPT e di nuovi strumenti, la domanda cruciale \u00e8: chi nel panorama aziendale svizzero sta effettivamente tenendo il passo? Questo \u00e8 ci\u00f2 che l'AI Check 2025 vuole scoprire.<\/p>","protected":false},"author":8,"featured_media":0,"comment_status":"closed","ping_status":"closed","sticky":false,"template":"","format":"standard","meta":{"_acf_changed":false,"_yoast_wpseo_focuskw":"KI-Check 2025","_yoast_wpseo_metadesc":"Wer h\u00e4lt in der Schweizer Unternehmenslandschaft tats\u00e4chlich Schritt mit den KI-Entwicklungen? Das m\u00f6chte der KI-Check 2025 herausfinden.","articlekey":"","footnotes":""},"categories":[29],"tags":[319,4343,487],"class_list":["post-43069","post","type-post","status-publish","format-standard","hentry","category-marketing","tag-kuenstliche-intelligenz","tag-markom","tag-umfrage"],"acf":[],"yoast_head":"<!-- This site is optimized with the Yoast SEO plugin v27.5 - https:\/\/yoast.com\/product\/yoast-seo-wordpress\/ -->\n<title>KI-Check 2025: Wie fit ist Ihr Marketing-Team wirklich? Jetzt mitmachen! - Organisator<\/title>\n<meta name=\"description\" content=\"Wer h\u00e4lt in der Schweizer Unternehmenslandschaft tats\u00e4chlich Schritt mit den KI-Entwicklungen? Das m\u00f6chte der KI-Check 2025 herausfinden.\" \/>\n<meta name=\"robots\" content=\"index, follow, max-snippet:-1, max-image-preview:large, max-video-preview:-1\" \/>\n<link rel=\"canonical\" href=\"https:\/\/www.organisator.ch\/it\/marketing\/2026-01-08\/ki-check-2025-wie-fit-ist-ihr-marketing-team-wirklich-jetzt-mitmachen\/\" \/>\n<meta property=\"og:locale\" content=\"it_IT\" \/>\n<meta property=\"og:type\" content=\"article\" \/>\n<meta property=\"og:title\" content=\"KI-Check 2025: Wie fit ist Ihr Marketing-Team wirklich? Jetzt mitmachen! - Organisator\" \/>\n<meta property=\"og:description\" content=\"Wer h\u00e4lt in der Schweizer Unternehmenslandschaft tats\u00e4chlich Schritt mit den KI-Entwicklungen? Das m\u00f6chte der KI-Check 2025 herausfinden.\" \/>\n<meta property=\"og:url\" content=\"https:\/\/www.organisator.ch\/it\/marketing\/2026-01-08\/ki-check-2025-wie-fit-ist-ihr-marketing-team-wirklich-jetzt-mitmachen\/\" \/>\n<meta property=\"og:site_name\" content=\"Organisator\" \/>\n<meta property=\"article:publisher\" content=\"https:\/\/www.facebook.com\/OrganisatorFachmagazin\" \/>\n<meta property=\"article:published_time\" content=\"2026-01-08T15:11:28+00:00\" \/>\n<meta property=\"article:modified_time\" content=\"2026-01-09T06:42:25+00:00\" \/>\n<meta name=\"author\" content=\"galledia\" \/>\n<meta name=\"twitter:card\" content=\"summary_large_image\" \/>\n<meta name=\"twitter:creator\" content=\"@admin\" \/>\n<script type=\"application\/ld+json\" class=\"yoast-schema-graph\">{\"@context\":\"https:\\\/\\\/schema.org\",\"@graph\":[{\"@type\":\"Article\",\"@id\":\"https:\\\/\\\/www.organisator.ch\\\/marketing\\\/2026-01-08\\\/ki-check-2025-wie-fit-ist-ihr-marketing-team-wirklich-jetzt-mitmachen\\\/#article\",\"isPartOf\":{\"@id\":\"https:\\\/\\\/www.organisator.ch\\\/marketing\\\/2026-01-08\\\/ki-check-2025-wie-fit-ist-ihr-marketing-team-wirklich-jetzt-mitmachen\\\/\"},\"author\":{\"name\":\"galledia\",\"@id\":\"https:\\\/\\\/www.organisator.ch\\\/#\\\/schema\\\/person\\\/4e51799071cd2dd1232ac003643ef5f0\"},\"headline\":\"KI-Check 2025: Wie fit ist Ihr Marketing-Team wirklich? Jetzt mitmachen!\",\"datePublished\":\"2026-01-08T15:11:28+00:00\",\"dateModified\":\"2026-01-09T06:42:25+00:00\",\"mainEntityOfPage\":{\"@id\":\"https:\\\/\\\/www.organisator.ch\\\/marketing\\\/2026-01-08\\\/ki-check-2025-wie-fit-ist-ihr-marketing-team-wirklich-jetzt-mitmachen\\\/\"},\"wordCount\":350,\"publisher\":{\"@id\":\"https:\\\/\\\/www.organisator.ch\\\/#organization\"},\"image\":{\"@id\":\"https:\\\/\\\/www.organisator.ch\\\/marketing\\\/2026-01-08\\\/ki-check-2025-wie-fit-ist-ihr-marketing-team-wirklich-jetzt-mitmachen\\\/#primaryimage\"},\"thumbnailUrl\":\"https:\\\/\\\/www.markt-kom.com\\\/wp-content\\\/uploads\\\/2026\\\/01\\\/thumbnail_Generated-Image-December-08-2025-7_36PM-1-1024x571.jpg\",\"keywords\":[\"K\u00fcnstliche Intelligenz\",\"MarKom\",\"Umfrage\"],\"articleSection\":[\"MARKETING\"],\"inLanguage\":\"it-IT\"},{\"@type\":\"WebPage\",\"@id\":\"https:\\\/\\\/www.organisator.ch\\\/marketing\\\/2026-01-08\\\/ki-check-2025-wie-fit-ist-ihr-marketing-team-wirklich-jetzt-mitmachen\\\/\",\"url\":\"https:\\\/\\\/www.organisator.ch\\\/marketing\\\/2026-01-08\\\/ki-check-2025-wie-fit-ist-ihr-marketing-team-wirklich-jetzt-mitmachen\\\/\",\"name\":\"KI-Check 2025: Wie fit ist Ihr Marketing-Team wirklich? Jetzt mitmachen! - Organisator\",\"isPartOf\":{\"@id\":\"https:\\\/\\\/www.organisator.ch\\\/#website\"},\"primaryImageOfPage\":{\"@id\":\"https:\\\/\\\/www.organisator.ch\\\/marketing\\\/2026-01-08\\\/ki-check-2025-wie-fit-ist-ihr-marketing-team-wirklich-jetzt-mitmachen\\\/#primaryimage\"},\"image\":{\"@id\":\"https:\\\/\\\/www.organisator.ch\\\/marketing\\\/2026-01-08\\\/ki-check-2025-wie-fit-ist-ihr-marketing-team-wirklich-jetzt-mitmachen\\\/#primaryimage\"},\"thumbnailUrl\":\"https:\\\/\\\/www.markt-kom.com\\\/wp-content\\\/uploads\\\/2026\\\/01\\\/thumbnail_Generated-Image-December-08-2025-7_36PM-1-1024x571.jpg\",\"datePublished\":\"2026-01-08T15:11:28+00:00\",\"dateModified\":\"2026-01-09T06:42:25+00:00\",\"description\":\"Wer h\u00e4lt in der Schweizer Unternehmenslandschaft tats\u00e4chlich Schritt mit den KI-Entwicklungen? Das m\u00f6chte der KI-Check 2025 herausfinden.\",\"breadcrumb\":{\"@id\":\"https:\\\/\\\/www.organisator.ch\\\/marketing\\\/2026-01-08\\\/ki-check-2025-wie-fit-ist-ihr-marketing-team-wirklich-jetzt-mitmachen\\\/#breadcrumb\"},\"inLanguage\":\"it-IT\",\"potentialAction\":[{\"@type\":\"ReadAction\",\"target\":[\"https:\\\/\\\/www.organisator.ch\\\/marketing\\\/2026-01-08\\\/ki-check-2025-wie-fit-ist-ihr-marketing-team-wirklich-jetzt-mitmachen\\\/\"]}]},{\"@type\":\"ImageObject\",\"inLanguage\":\"it-IT\",\"@id\":\"https:\\\/\\\/www.organisator.ch\\\/marketing\\\/2026-01-08\\\/ki-check-2025-wie-fit-ist-ihr-marketing-team-wirklich-jetzt-mitmachen\\\/#primaryimage\",\"url\":\"https:\\\/\\\/www.markt-kom.com\\\/wp-content\\\/uploads\\\/2026\\\/01\\\/thumbnail_Generated-Image-December-08-2025-7_36PM-1-1024x571.jpg\",\"contentUrl\":\"https:\\\/\\\/www.markt-kom.com\\\/wp-content\\\/uploads\\\/2026\\\/01\\\/thumbnail_Generated-Image-December-08-2025-7_36PM-1-1024x571.jpg\"},{\"@type\":\"BreadcrumbList\",\"@id\":\"https:\\\/\\\/www.organisator.ch\\\/marketing\\\/2026-01-08\\\/ki-check-2025-wie-fit-ist-ihr-marketing-team-wirklich-jetzt-mitmachen\\\/#breadcrumb\",\"itemListElement\":[{\"@type\":\"ListItem\",\"position\":1,\"name\":\"Home\",\"item\":\"https:\\\/\\\/www.organisator.ch\\\/\"},{\"@type\":\"ListItem\",\"position\":2,\"name\":\"KI-Check 2025: Wie fit ist Ihr Marketing-Team wirklich? Jetzt mitmachen!\"}]},{\"@type\":\"WebSite\",\"@id\":\"https:\\\/\\\/www.organisator.ch\\\/#website\",\"url\":\"https:\\\/\\\/www.organisator.ch\\\/\",\"name\":\"Organisator\",\"description\":\"Kompetent. Praxisnah. Der ORGANISATOR bereitet in 10 Ausgaben pro Jahr die wesentlichen Themen f\u00fcr F\u00fchrungskr\u00e4fte von KMU auf.\",\"publisher\":{\"@id\":\"https:\\\/\\\/www.organisator.ch\\\/#organization\"},\"potentialAction\":[{\"@type\":\"SearchAction\",\"target\":{\"@type\":\"EntryPoint\",\"urlTemplate\":\"https:\\\/\\\/www.organisator.ch\\\/?s={search_term_string}\"},\"query-input\":{\"@type\":\"PropertyValueSpecification\",\"valueRequired\":true,\"valueName\":\"search_term_string\"}}],\"inLanguage\":\"it-IT\"},{\"@type\":\"Organization\",\"@id\":\"https:\\\/\\\/www.organisator.ch\\\/#organization\",\"name\":\"Organisator\",\"url\":\"https:\\\/\\\/www.organisator.ch\\\/\",\"logo\":{\"@type\":\"ImageObject\",\"inLanguage\":\"it-IT\",\"@id\":\"https:\\\/\\\/www.organisator.ch\\\/#\\\/schema\\\/logo\\\/image\\\/\",\"url\":\"https:\\\/\\\/www.organisator.ch\\\/wp-content\\\/uploads\\\/2022\\\/01\\\/Logo_Organisator_Website.png\",\"contentUrl\":\"https:\\\/\\\/www.organisator.ch\\\/wp-content\\\/uploads\\\/2022\\\/01\\\/Logo_Organisator_Website.png\",\"width\":800,\"height\":77,\"caption\":\"Organisator\"},\"image\":{\"@id\":\"https:\\\/\\\/www.organisator.ch\\\/#\\\/schema\\\/logo\\\/image\\\/\"},\"sameAs\":[\"https:\\\/\\\/www.facebook.com\\\/OrganisatorFachmagazin\",\"https:\\\/\\\/www.linkedin.com\\\/showcase\\\/organisator-das-magazin-fr-kmu\",\"https:\\\/\\\/www.xing.com\\\/news\\\/pages\\\/organisator-ch-695\",\"https:\\\/\\\/www.youtube.com\\\/channel\\\/UCGP2Sq0iWaZwT3BdIAQFYpw\"]},{\"@type\":\"Person\",\"@id\":\"https:\\\/\\\/www.organisator.ch\\\/#\\\/schema\\\/person\\\/4e51799071cd2dd1232ac003643ef5f0\",\"name\":\"galledia\",\"image\":{\"@type\":\"ImageObject\",\"inLanguage\":\"it-IT\",\"@id\":\"https:\\\/\\\/secure.gravatar.com\\\/avatar\\\/78a7f90c01fc2bfc875782a0d4922b37cde2cf184ce347b91316d23cd7f69a36?s=96&d=mm&r=g\",\"url\":\"https:\\\/\\\/secure.gravatar.com\\\/avatar\\\/78a7f90c01fc2bfc875782a0d4922b37cde2cf184ce347b91316d23cd7f69a36?s=96&d=mm&r=g\",\"contentUrl\":\"https:\\\/\\\/secure.gravatar.com\\\/avatar\\\/78a7f90c01fc2bfc875782a0d4922b37cde2cf184ce347b91316d23cd7f69a36?s=96&d=mm&r=g\",\"caption\":\"galledia\"},\"sameAs\":[\"https:\\\/\\\/x.com\\\/admin\"],\"url\":\"https:\\\/\\\/www.organisator.ch\\\/it\\\/author\\\/galledia\\\/\"}]}<\/script>\n<!-- \/ Yoast SEO plugin. -->","yoast_head_json":{"title":"AI Check 2025: quanto \u00e8 in forma il vostro team di marketing? Partecipa ora! - Organizzatore","description":"Chi nel panorama aziendale svizzero \u00e8 effettivamente al passo con gli sviluppi dell'IA? \u00c8 quanto vuole scoprire l'AI Check 2025.","robots":{"index":"index","follow":"follow","max-snippet":"max-snippet:-1","max-image-preview":"max-image-preview:large","max-video-preview":"max-video-preview:-1"},"canonical":"https:\/\/www.organisator.ch\/it\/marketing\/2026-01-08\/ki-check-2025-wie-fit-ist-ihr-marketing-team-wirklich-jetzt-mitmachen\/","og_locale":"it_IT","og_type":"article","og_title":"KI-Check 2025: Wie fit ist Ihr Marketing-Team wirklich? Jetzt mitmachen! - Organisator","og_description":"Wer h\u00e4lt in der Schweizer Unternehmenslandschaft tats\u00e4chlich Schritt mit den KI-Entwicklungen? Das m\u00f6chte der KI-Check 2025 herausfinden.","og_url":"https:\/\/www.organisator.ch\/it\/marketing\/2026-01-08\/ki-check-2025-wie-fit-ist-ihr-marketing-team-wirklich-jetzt-mitmachen\/","og_site_name":"Organisator","article_publisher":"https:\/\/www.facebook.com\/OrganisatorFachmagazin","article_published_time":"2026-01-08T15:11:28+00:00","article_modified_time":"2026-01-09T06:42:25+00:00","author":"galledia","twitter_card":"summary_large_image","twitter_creator":"@admin","schema":{"@context":"https:\/\/schema.org","@graph":[{"@type":"Article","@id":"https:\/\/www.organisator.ch\/marketing\/2026-01-08\/ki-check-2025-wie-fit-ist-ihr-marketing-team-wirklich-jetzt-mitmachen\/#article","isPartOf":{"@id":"https:\/\/www.organisator.ch\/marketing\/2026-01-08\/ki-check-2025-wie-fit-ist-ihr-marketing-team-wirklich-jetzt-mitmachen\/"},"author":{"name":"galledia","@id":"https:\/\/www.organisator.ch\/#\/schema\/person\/4e51799071cd2dd1232ac003643ef5f0"},"headline":"KI-Check 2025: Wie fit ist Ihr Marketing-Team wirklich? Jetzt mitmachen!","datePublished":"2026-01-08T15:11:28+00:00","dateModified":"2026-01-09T06:42:25+00:00","mainEntityOfPage":{"@id":"https:\/\/www.organisator.ch\/marketing\/2026-01-08\/ki-check-2025-wie-fit-ist-ihr-marketing-team-wirklich-jetzt-mitmachen\/"},"wordCount":350,"publisher":{"@id":"https:\/\/www.organisator.ch\/#organization"},"image":{"@id":"https:\/\/www.organisator.ch\/marketing\/2026-01-08\/ki-check-2025-wie-fit-ist-ihr-marketing-team-wirklich-jetzt-mitmachen\/#primaryimage"},"thumbnailUrl":"https:\/\/www.markt-kom.com\/wp-content\/uploads\/2026\/01\/thumbnail_Generated-Image-December-08-2025-7_36PM-1-1024x571.jpg","keywords":["K\u00fcnstliche Intelligenz","MarKom","Umfrage"],"articleSection":["MARKETING"],"inLanguage":"it-IT"},{"@type":"WebPage","@id":"https:\/\/www.organisator.ch\/marketing\/2026-01-08\/ki-check-2025-wie-fit-ist-ihr-marketing-team-wirklich-jetzt-mitmachen\/","url":"https:\/\/www.organisator.ch\/marketing\/2026-01-08\/ki-check-2025-wie-fit-ist-ihr-marketing-team-wirklich-jetzt-mitmachen\/","name":"AI Check 2025: quanto \u00e8 in forma il vostro team di marketing? Partecipa ora! - Organizzatore","isPartOf":{"@id":"https:\/\/www.organisator.ch\/#website"},"primaryImageOfPage":{"@id":"https:\/\/www.organisator.ch\/marketing\/2026-01-08\/ki-check-2025-wie-fit-ist-ihr-marketing-team-wirklich-jetzt-mitmachen\/#primaryimage"},"image":{"@id":"https:\/\/www.organisator.ch\/marketing\/2026-01-08\/ki-check-2025-wie-fit-ist-ihr-marketing-team-wirklich-jetzt-mitmachen\/#primaryimage"},"thumbnailUrl":"https:\/\/www.markt-kom.com\/wp-content\/uploads\/2026\/01\/thumbnail_Generated-Image-December-08-2025-7_36PM-1-1024x571.jpg","datePublished":"2026-01-08T15:11:28+00:00","dateModified":"2026-01-09T06:42:25+00:00","description":"Chi nel panorama aziendale svizzero \u00e8 effettivamente al passo con gli sviluppi dell'IA? \u00c8 quanto vuole scoprire l'AI Check 2025.","breadcrumb":{"@id":"https:\/\/www.organisator.ch\/marketing\/2026-01-08\/ki-check-2025-wie-fit-ist-ihr-marketing-team-wirklich-jetzt-mitmachen\/#breadcrumb"},"inLanguage":"it-IT","potentialAction":[{"@type":"ReadAction","target":["https:\/\/www.organisator.ch\/marketing\/2026-01-08\/ki-check-2025-wie-fit-ist-ihr-marketing-team-wirklich-jetzt-mitmachen\/"]}]},{"@type":"ImageObject","inLanguage":"it-IT","@id":"https:\/\/www.organisator.ch\/marketing\/2026-01-08\/ki-check-2025-wie-fit-ist-ihr-marketing-team-wirklich-jetzt-mitmachen\/#primaryimage","url":"https:\/\/www.markt-kom.com\/wp-content\/uploads\/2026\/01\/thumbnail_Generated-Image-December-08-2025-7_36PM-1-1024x571.jpg","contentUrl":"https:\/\/www.markt-kom.com\/wp-content\/uploads\/2026\/01\/thumbnail_Generated-Image-December-08-2025-7_36PM-1-1024x571.jpg"},{"@type":"BreadcrumbList","@id":"https:\/\/www.organisator.ch\/marketing\/2026-01-08\/ki-check-2025-wie-fit-ist-ihr-marketing-team-wirklich-jetzt-mitmachen\/#breadcrumb","itemListElement":[{"@type":"ListItem","position":1,"name":"Home","item":"https:\/\/www.organisator.ch\/"},{"@type":"ListItem","position":2,"name":"KI-Check 2025: Wie fit ist Ihr Marketing-Team wirklich? Jetzt mitmachen!"}]},{"@type":"WebSite","@id":"https:\/\/www.organisator.ch\/#website","url":"https:\/\/www.organisator.ch\/","name":"Organizzatore","description":"Competente. Pratico. In 10 numeri all'anno, ORGANISATOR presenta i temi essenziali per i manager delle PMI.","publisher":{"@id":"https:\/\/www.organisator.ch\/#organization"},"potentialAction":[{"@type":"SearchAction","target":{"@type":"EntryPoint","urlTemplate":"https:\/\/www.organisator.ch\/?s={search_term_string}"},"query-input":{"@type":"PropertyValueSpecification","valueRequired":true,"valueName":"search_term_string"}}],"inLanguage":"it-IT"},{"@type":"Organization","@id":"https:\/\/www.organisator.ch\/#organization","name":"Organizzatore","url":"https:\/\/www.organisator.ch\/","logo":{"@type":"ImageObject","inLanguage":"it-IT","@id":"https:\/\/www.organisator.ch\/#\/schema\/logo\/image\/","url":"https:\/\/www.organisator.ch\/wp-content\/uploads\/2022\/01\/Logo_Organisator_Website.png","contentUrl":"https:\/\/www.organisator.ch\/wp-content\/uploads\/2022\/01\/Logo_Organisator_Website.png","width":800,"height":77,"caption":"Organisator"},"image":{"@id":"https:\/\/www.organisator.ch\/#\/schema\/logo\/image\/"},"sameAs":["https:\/\/www.facebook.com\/OrganisatorFachmagazin","https:\/\/www.linkedin.com\/showcase\/organisator-das-magazin-fr-kmu","https:\/\/www.xing.com\/news\/pages\/organisator-ch-695","https:\/\/www.youtube.com\/channel\/UCGP2Sq0iWaZwT3BdIAQFYpw"]},{"@type":"Person","@id":"https:\/\/www.organisator.ch\/#\/schema\/person\/4e51799071cd2dd1232ac003643ef5f0","name":"galledia","image":{"@type":"ImageObject","inLanguage":"it-IT","@id":"https:\/\/secure.gravatar.com\/avatar\/78a7f90c01fc2bfc875782a0d4922b37cde2cf184ce347b91316d23cd7f69a36?s=96&d=mm&r=g","url":"https:\/\/secure.gravatar.com\/avatar\/78a7f90c01fc2bfc875782a0d4922b37cde2cf184ce347b91316d23cd7f69a36?s=96&d=mm&r=g","contentUrl":"https:\/\/secure.gravatar.com\/avatar\/78a7f90c01fc2bfc875782a0d4922b37cde2cf184ce347b91316d23cd7f69a36?s=96&d=mm&r=g","caption":"galledia"},"sameAs":["https:\/\/x.com\/admin"],"url":"https:\/\/www.organisator.ch\/it\/author\/galledia\/"}]}},"_links":{"self":[{"href":"https:\/\/www.organisator.ch\/it\/wp-json\/wp\/v2\/posts\/43069","targetHints":{"allow":["GET"]}}],"collection":[{"href":"https:\/\/www.organisator.ch\/it\/wp-json\/wp\/v2\/posts"}],"about":[{"href":"https:\/\/www.organisator.ch\/it\/wp-json\/wp\/v2\/types\/post"}],"author":[{"embeddable":true,"href":"https:\/\/www.organisator.ch\/it\/wp-json\/wp\/v2\/users\/8"}],"replies":[{"embeddable":true,"href":"https:\/\/www.organisator.ch\/it\/wp-json\/wp\/v2\/comments?post=43069"}],"version-history":[{"count":6,"href":"https:\/\/www.organisator.ch\/it\/wp-json\/wp\/v2\/posts\/43069\/revisions"}],"predecessor-version":[{"id":43079,"href":"https:\/\/www.organisator.ch\/it\/wp-json\/wp\/v2\/posts\/43069\/revisions\/43079"}],"wp:attachment":[{"href":"https:\/\/www.organisator.ch\/it\/wp-json\/wp\/v2\/media?parent=43069"}],"wp:term":[{"taxonomy":"category","embeddable":true,"href":"https:\/\/www.organisator.ch\/it\/wp-json\/wp\/v2\/categories?post=43069"},{"taxonomy":"post_tag","embeddable":true,"href":"https:\/\/www.organisator.ch\/it\/wp-json\/wp\/v2\/tags?post=43069"}],"curies":[{"name":"wp","href":"https:\/\/api.w.org\/{rel}","templated":true}]}}