{"id":4319,"date":"2018-10-03T08:19:29","date_gmt":"2018-10-03T06:19:29","guid":{"rendered":"https:\/\/www.organisator.ch\/?p=4319"},"modified":"2018-10-03T08:19:29","modified_gmt":"2018-10-03T06:19:29","slug":"bewegung-im-schweizer-payroll-und-hr-software-markt","status":"publish","type":"post","link":"https:\/\/www.organisator.ch\/it\/human-resources\/hrm\/2018-10-03\/bewegung-im-schweizer-payroll-und-hr-software-markt\/","title":{"rendered":"Movimento nel mercato svizzero dei software per il libro paga e le risorse umane"},"content":{"rendered":"<figure id=\"attachment_4320\" aria-describedby=\"caption-attachment-4320\" style=\"width: 640px\" class=\"wp-caption alignnone\"><img loading=\"lazy\" decoding=\"async\" class=\"size-full wp-image-4320\" src=\"https:\/\/www.organisator.ch\/wp-content\/uploads\/2018\/10\/Bewegung-im-Schweizer-Payroll-und-HR-Software-Markt_Organisator.jpg\" alt=\"\" width=\"640\" height=\"330\" srcset=\"https:\/\/www.organisator.ch\/wp-content\/uploads\/2018\/10\/Bewegung-im-Schweizer-Payroll-und-HR-Software-Markt_Organisator.jpg 640w, https:\/\/www.organisator.ch\/wp-content\/uploads\/2018\/10\/Bewegung-im-Schweizer-Payroll-und-HR-Software-Markt_Organisator-16x8.jpg 16w, https:\/\/www.organisator.ch\/wp-content\/uploads\/2018\/10\/Bewegung-im-Schweizer-Payroll-und-HR-Software-Markt_Organisator-339x175.jpg 339w, https:\/\/www.organisator.ch\/wp-content\/uploads\/2018\/10\/Bewegung-im-Schweizer-Payroll-und-HR-Software-Markt_Organisator-300x155.jpg 300w\" sizes=\"auto, (max-width: 640px) 100vw, 640px\" \/><figcaption id=\"caption-attachment-4320\" class=\"wp-caption-text\">Fritz Achermann di PerSal AG (a sinistra) e Christos Triadis, amministratore delegato di P&amp;I AG. (Immagine: zVg)<\/figcaption><\/figure>\n<p>Oggi P&amp;I \u00e8 una delle aziende pi\u00f9 importanti e rinomate nel settore delle risorse umane in Europa e si posiziona come Pure HR Company con un software innovativo per tutte le attivit\u00e0 di gestione delle risorse umane. Nel 2012 e nel 2015, con le acquisizioni di Mirus Software AG e Soreco HR AG, l'azienda ha incrementato significativamente la propria posizione nel mercato svizzero dei software HR e payroll.<\/p>\n<h2>\"Competenza software concentrata\"<\/h2>\n<p>Con l'ultima acquisizione di PerSal AG da Kriens, P&amp;I, che ha la sua sede centrale svizzera a Thalwil, aggiunge un importante tassello al suo attuale portafoglio di prodotti nel segmento di mercato delle aziende fino a 500 dipendenti, secondo quanto dichiarato ai media. Ha acquisito l'intero pacchetto azionario di PerSal AG a partire dal 01.10.2018. PerSal AG e PerSal Software continueranno a operare come societ\u00e0 e marchio indipendenti, e la sede e i dipendenti saranno rilevati senza modifiche dai nuovi proprietari. Fritz Achermann continuer\u00e0 a ricoprire il ruolo di amministratore delegato e porter\u00e0 avanti la filosofia di PerSal Software e il reparto di assistenza, noto per la sua qualit\u00e0 e affidabilit\u00e0, allo stesso modo, prosegue il comunicato. \"Con la fusione di P&amp;I, abbiamo ora l'opportunit\u00e0 di offrire una soluzione HR completa e integrata, in cui viene mappato l'intero \"ciclo di vita HR\", dalla gestione dei candidati alla registrazione delle ore. Tutto il nostro team ne \u00e8 felice e siamo curiosi di vedere come il mercato svizzero delle risorse umane reagir\u00e0 a questo concentrato di competenze software\", annuncia Fritz Achermann su richiesta. Anche Christos Triadis, amministratore delegato di P&amp;I AG in Svizzera, traccia un bilancio positivo: \"Grazie all'acquisizione di PerSal AG, rafforzeremo ulteriormente e allo stesso tempo amplieremo in modo significativo la nostra posizione nel mercato delle risorse umane\". Questo passo rappresenta un importante guadagno per P&amp;I AG, continua Triadis.<\/p>\n<h2>Outsourcing delle paghe<\/h2>\n<p>PerSal AG, nata da \"Persoline AG\", fondata nel 1994, si \u00e8 fatta un nome grazie alla sua pluriennale esperienza di mercato nel settore delle risorse umane e delle buste paga, soprattutto grazie al suo software standard \"PerSal\", flessibile e altamente personalizzabile, e alle sue soluzioni modulari di outsourcing delle buste paga. La filiale svizzera di P&amp;I, anch'essa fondata negli anni '90, insieme a PerSal AG pu\u00f2 annoverare oltre 2200 aziende tra i suoi clienti del settore HR e payroll. P&amp;I Svizzera impiega 72 persone in 4 uffici. I due amministratori delegati, Christos Triadis e Fritz Achermann, sono convinti che l'ampliamento della gamma di prodotti e la nuova introduzione di P&amp;I LogaAll-in per la Svizzera costituiranno un grande valore aggiunto per i clienti attuali e nuovi.<\/p>\n<p><em>Ulteriori informazioni: <\/em><a href=\"http:\/\/www.persal.ch\"><em>www.persal.ch<\/em> <\/a><\/p>\n<p>&nbsp;<\/p>","protected":false},"excerpt":{"rendered":"<p>P&amp;I ist heute eines der bedeutendsten und namhaftesten Unternehmen der HR-Industrie in Europa und positioniert sich als Pure HR Company mit innovativer Software f\u00fcr alle Aufgaben des Personalmanagements. Bereits 2012 und 2015 hat\u00a0das Unternehmen\u00a0mit den \u00dcbernahmen der Mirus Software AG und der Soreco HR AG ihre Markstellung im Schweizer HR- und Payroll-Softwaremarkt markant gesteigert. &#8222;Geballte [&hellip;]<\/p>\n","protected":false},"author":4,"featured_media":4320,"comment_status":"open","ping_status":"open","sticky":false,"template":"","format":"standard","meta":{"_acf_changed":false,"_yoast_wpseo_focuskw":"Payroll","_yoast_wpseo_metadesc":"Per Anfang Oktober hat P&I Personal & Informatik die Krienser PerSal AG \u00fcbernommen und verst\u00e4rkt damit ihre Marktstellung.","articlekey":"","footnotes":""},"categories":[26],"tags":[254,288,492],"class_list":["post-4319","post","type-post","status-publish","format-standard","has-post-thumbnail","hentry","category-hrm","tag-hrm","tag-it-business-software","tag-unternehmen"],"acf":[],"yoast_head":"<!-- This site is optimized with the Yoast SEO plugin v27.5 - https:\/\/yoast.com\/product\/yoast-seo-wordpress\/ -->\n<title>Bewegung im Schweizer Payroll- und HR-Software-Markt - Organisator<\/title>\n<meta name=\"description\" content=\"Per Anfang Oktober hat P&amp;I Personal &amp; Informatik die Krienser PerSal AG \u00fcbernommen und verst\u00e4rkt damit ihre Marktstellung.\" \/>\n<meta name=\"robots\" content=\"index, follow, max-snippet:-1, max-image-preview:large, max-video-preview:-1\" \/>\n<link rel=\"canonical\" href=\"https:\/\/www.organisator.ch\/it\/risorse-umane\/hrm\/2018-10-03\/bewegung-im-schweizer-payroll-und-hr-software-markt\/\" \/>\n<meta property=\"og:locale\" content=\"it_IT\" \/>\n<meta property=\"og:type\" content=\"article\" \/>\n<meta property=\"og:title\" content=\"Bewegung im Schweizer Payroll- und HR-Software-Markt\" \/>\n<meta property=\"og:description\" content=\"Per Anfang Oktober hat P&amp;I Personal &amp; Informatik die Krienser PerSal AG \u00fcbernommen und verst\u00e4rkt damit ihre Marktstellung.\" \/>\n<meta property=\"og:url\" content=\"https:\/\/www.organisator.ch\/it\/risorse-umane\/hrm\/2018-10-03\/bewegung-im-schweizer-payroll-und-hr-software-markt\/\" \/>\n<meta property=\"og:site_name\" content=\"Organisator\" \/>\n<meta property=\"article:publisher\" content=\"https:\/\/www.facebook.com\/OrganisatorFachmagazin\" \/>\n<meta property=\"article:published_time\" content=\"2018-10-03T06:19:29+00:00\" \/>\n<meta property=\"og:image\" content=\"https:\/\/www.organisator.ch\/wp-content\/uploads\/2018\/10\/Bewegung-im-Schweizer-Payroll-und-HR-Software-Markt_Organisator.jpg\" \/>\n\t<meta property=\"og:image:width\" content=\"640\" \/>\n\t<meta property=\"og:image:height\" content=\"330\" \/>\n\t<meta property=\"og:image:type\" content=\"image\/jpeg\" \/>\n<meta name=\"author\" content=\"thomas.berner\" \/>\n<meta name=\"twitter:card\" content=\"summary_large_image\" \/>\n<meta name=\"twitter:title\" content=\"Bewegung im Schweizer #Payroll- und #HR-Software-Markt\" \/>\n<meta name=\"twitter:description\" content=\"Per Anfang Oktober hat #P&amp;I Personal &amp; Informatik die Krienser #PerSal AG \u00fcbernommen und verst\u00e4rkt damit ihre Marktstellung.\" \/>\n<meta name=\"twitter:image\" content=\"https:\/\/www.organisator.ch\/wp-content\/uploads\/2018\/10\/Bewegung-im-Schweizer-Payroll-und-HR-Software-Markt_Organisator.jpg\" \/>\n<script type=\"application\/ld+json\" class=\"yoast-schema-graph\">{\"@context\":\"https:\\\/\\\/schema.org\",\"@graph\":[{\"@type\":\"Article\",\"@id\":\"https:\\\/\\\/www.organisator.ch\\\/human-resources\\\/hrm\\\/2018-10-03\\\/bewegung-im-schweizer-payroll-und-hr-software-markt\\\/#article\",\"isPartOf\":{\"@id\":\"https:\\\/\\\/www.organisator.ch\\\/human-resources\\\/hrm\\\/2018-10-03\\\/bewegung-im-schweizer-payroll-und-hr-software-markt\\\/\"},\"author\":{\"name\":\"thomas.berner\",\"@id\":\"https:\\\/\\\/www.organisator.ch\\\/#\\\/schema\\\/person\\\/6f650f90b2842cd4c0cc334b4e36f67e\"},\"headline\":\"Bewegung im Schweizer Payroll- und HR-Software-Markt\",\"datePublished\":\"2018-10-03T06:19:29+00:00\",\"mainEntityOfPage\":{\"@id\":\"https:\\\/\\\/www.organisator.ch\\\/human-resources\\\/hrm\\\/2018-10-03\\\/bewegung-im-schweizer-payroll-und-hr-software-markt\\\/\"},\"wordCount\":461,\"commentCount\":0,\"publisher\":{\"@id\":\"https:\\\/\\\/www.organisator.ch\\\/#organization\"},\"image\":{\"@id\":\"https:\\\/\\\/www.organisator.ch\\\/human-resources\\\/hrm\\\/2018-10-03\\\/bewegung-im-schweizer-payroll-und-hr-software-markt\\\/#primaryimage\"},\"thumbnailUrl\":\"https:\\\/\\\/www.organisator.ch\\\/wp-content\\\/uploads\\\/2018\\\/10\\\/Bewegung-im-Schweizer-Payroll-und-HR-Software-Markt_Organisator.jpg\",\"keywords\":[\"HRM\",\"IT &amp; Business Software\",\"Unternehmen\"],\"articleSection\":[\"HRM\"],\"inLanguage\":\"it-IT\"},{\"@type\":\"WebPage\",\"@id\":\"https:\\\/\\\/www.organisator.ch\\\/human-resources\\\/hrm\\\/2018-10-03\\\/bewegung-im-schweizer-payroll-und-hr-software-markt\\\/\",\"url\":\"https:\\\/\\\/www.organisator.ch\\\/human-resources\\\/hrm\\\/2018-10-03\\\/bewegung-im-schweizer-payroll-und-hr-software-markt\\\/\",\"name\":\"Bewegung im Schweizer Payroll- und HR-Software-Markt - Organisator\",\"isPartOf\":{\"@id\":\"https:\\\/\\\/www.organisator.ch\\\/#website\"},\"primaryImageOfPage\":{\"@id\":\"https:\\\/\\\/www.organisator.ch\\\/human-resources\\\/hrm\\\/2018-10-03\\\/bewegung-im-schweizer-payroll-und-hr-software-markt\\\/#primaryimage\"},\"image\":{\"@id\":\"https:\\\/\\\/www.organisator.ch\\\/human-resources\\\/hrm\\\/2018-10-03\\\/bewegung-im-schweizer-payroll-und-hr-software-markt\\\/#primaryimage\"},\"thumbnailUrl\":\"https:\\\/\\\/www.organisator.ch\\\/wp-content\\\/uploads\\\/2018\\\/10\\\/Bewegung-im-Schweizer-Payroll-und-HR-Software-Markt_Organisator.jpg\",\"datePublished\":\"2018-10-03T06:19:29+00:00\",\"description\":\"Per Anfang Oktober hat P&I Personal & Informatik die Krienser PerSal AG \u00fcbernommen und verst\u00e4rkt damit ihre Marktstellung.\",\"breadcrumb\":{\"@id\":\"https:\\\/\\\/www.organisator.ch\\\/human-resources\\\/hrm\\\/2018-10-03\\\/bewegung-im-schweizer-payroll-und-hr-software-markt\\\/#breadcrumb\"},\"inLanguage\":\"it-IT\",\"potentialAction\":[{\"@type\":\"ReadAction\",\"target\":[\"https:\\\/\\\/www.organisator.ch\\\/human-resources\\\/hrm\\\/2018-10-03\\\/bewegung-im-schweizer-payroll-und-hr-software-markt\\\/\"]}]},{\"@type\":\"ImageObject\",\"inLanguage\":\"it-IT\",\"@id\":\"https:\\\/\\\/www.organisator.ch\\\/human-resources\\\/hrm\\\/2018-10-03\\\/bewegung-im-schweizer-payroll-und-hr-software-markt\\\/#primaryimage\",\"url\":\"https:\\\/\\\/www.organisator.ch\\\/wp-content\\\/uploads\\\/2018\\\/10\\\/Bewegung-im-Schweizer-Payroll-und-HR-Software-Markt_Organisator.jpg\",\"contentUrl\":\"https:\\\/\\\/www.organisator.ch\\\/wp-content\\\/uploads\\\/2018\\\/10\\\/Bewegung-im-Schweizer-Payroll-und-HR-Software-Markt_Organisator.jpg\",\"width\":640,\"height\":330,\"caption\":\"Fritz Achermann von PerSal AG (links) und Christos Triadis, Gesch\u00e4ftsf\u00fchrer der P&I AG. (Bild: zVg)\"},{\"@type\":\"BreadcrumbList\",\"@id\":\"https:\\\/\\\/www.organisator.ch\\\/human-resources\\\/hrm\\\/2018-10-03\\\/bewegung-im-schweizer-payroll-und-hr-software-markt\\\/#breadcrumb\",\"itemListElement\":[{\"@type\":\"ListItem\",\"position\":1,\"name\":\"Home\",\"item\":\"https:\\\/\\\/www.organisator.ch\\\/\"},{\"@type\":\"ListItem\",\"position\":2,\"name\":\"Bewegung im Schweizer Payroll- und HR-Software-Markt\"}]},{\"@type\":\"WebSite\",\"@id\":\"https:\\\/\\\/www.organisator.ch\\\/#website\",\"url\":\"https:\\\/\\\/www.organisator.ch\\\/\",\"name\":\"Organisator\",\"description\":\"Kompetent. Praxisnah. Der ORGANISATOR bereitet in 10 Ausgaben pro Jahr die wesentlichen Themen f\u00fcr F\u00fchrungskr\u00e4fte von KMU auf.\",\"publisher\":{\"@id\":\"https:\\\/\\\/www.organisator.ch\\\/#organization\"},\"potentialAction\":[{\"@type\":\"SearchAction\",\"target\":{\"@type\":\"EntryPoint\",\"urlTemplate\":\"https:\\\/\\\/www.organisator.ch\\\/?s={search_term_string}\"},\"query-input\":{\"@type\":\"PropertyValueSpecification\",\"valueRequired\":true,\"valueName\":\"search_term_string\"}}],\"inLanguage\":\"it-IT\"},{\"@type\":\"Organization\",\"@id\":\"https:\\\/\\\/www.organisator.ch\\\/#organization\",\"name\":\"Organisator\",\"url\":\"https:\\\/\\\/www.organisator.ch\\\/\",\"logo\":{\"@type\":\"ImageObject\",\"inLanguage\":\"it-IT\",\"@id\":\"https:\\\/\\\/www.organisator.ch\\\/#\\\/schema\\\/logo\\\/image\\\/\",\"url\":\"https:\\\/\\\/www.organisator.ch\\\/wp-content\\\/uploads\\\/2022\\\/01\\\/Logo_Organisator_Website.png\",\"contentUrl\":\"https:\\\/\\\/www.organisator.ch\\\/wp-content\\\/uploads\\\/2022\\\/01\\\/Logo_Organisator_Website.png\",\"width\":800,\"height\":77,\"caption\":\"Organisator\"},\"image\":{\"@id\":\"https:\\\/\\\/www.organisator.ch\\\/#\\\/schema\\\/logo\\\/image\\\/\"},\"sameAs\":[\"https:\\\/\\\/www.facebook.com\\\/OrganisatorFachmagazin\",\"https:\\\/\\\/www.linkedin.com\\\/showcase\\\/organisator-das-magazin-fr-kmu\",\"https:\\\/\\\/www.xing.com\\\/news\\\/pages\\\/organisator-ch-695\",\"https:\\\/\\\/www.youtube.com\\\/channel\\\/UCGP2Sq0iWaZwT3BdIAQFYpw\"]},{\"@type\":\"Person\",\"@id\":\"https:\\\/\\\/www.organisator.ch\\\/#\\\/schema\\\/person\\\/6f650f90b2842cd4c0cc334b4e36f67e\",\"name\":\"thomas.berner\",\"image\":{\"@type\":\"ImageObject\",\"inLanguage\":\"it-IT\",\"@id\":\"https:\\\/\\\/secure.gravatar.com\\\/avatar\\\/ac5001d2a36cb6c6cd3e50789007ffca834b477b74a2144564522e944eabff61?s=96&d=mm&r=g\",\"url\":\"https:\\\/\\\/secure.gravatar.com\\\/avatar\\\/ac5001d2a36cb6c6cd3e50789007ffca834b477b74a2144564522e944eabff61?s=96&d=mm&r=g\",\"contentUrl\":\"https:\\\/\\\/secure.gravatar.com\\\/avatar\\\/ac5001d2a36cb6c6cd3e50789007ffca834b477b74a2144564522e944eabff61?s=96&d=mm&r=g\",\"caption\":\"thomas.berner\"},\"url\":\"https:\\\/\\\/www.organisator.ch\\\/it\\\/author\\\/thomas-berner\\\/\"}]}<\/script>\n<!-- \/ Yoast SEO plugin. -->","yoast_head_json":{"title":"Movimento nel mercato svizzero dei software per le paghe e le risorse umane - Organizzatore","description":"All'inizio di ottobre, P&amp;I Personal &amp; Informatik ha rilevato la PerSal AG di Kriens, rafforzando cos\u00ec la propria posizione sul mercato.","robots":{"index":"index","follow":"follow","max-snippet":"max-snippet:-1","max-image-preview":"max-image-preview:large","max-video-preview":"max-video-preview:-1"},"canonical":"https:\/\/www.organisator.ch\/it\/risorse-umane\/hrm\/2018-10-03\/bewegung-im-schweizer-payroll-und-hr-software-markt\/","og_locale":"it_IT","og_type":"article","og_title":"Bewegung im Schweizer Payroll- und HR-Software-Markt","og_description":"Per Anfang Oktober hat P&I Personal & Informatik die Krienser PerSal AG \u00fcbernommen und verst\u00e4rkt damit ihre Marktstellung.","og_url":"https:\/\/www.organisator.ch\/it\/risorse-umane\/hrm\/2018-10-03\/bewegung-im-schweizer-payroll-und-hr-software-markt\/","og_site_name":"Organisator","article_publisher":"https:\/\/www.facebook.com\/OrganisatorFachmagazin","article_published_time":"2018-10-03T06:19:29+00:00","og_image":[{"width":640,"height":330,"url":"https:\/\/www.organisator.ch\/wp-content\/uploads\/2018\/10\/Bewegung-im-Schweizer-Payroll-und-HR-Software-Markt_Organisator.jpg","type":"image\/jpeg"}],"author":"thomas.berner","twitter_card":"summary_large_image","twitter_title":"Bewegung im Schweizer #Payroll- und #HR-Software-Markt","twitter_description":"Per Anfang Oktober hat #P&I Personal & Informatik die Krienser #PerSal AG \u00fcbernommen und verst\u00e4rkt damit ihre Marktstellung.","twitter_image":"https:\/\/www.organisator.ch\/wp-content\/uploads\/2018\/10\/Bewegung-im-Schweizer-Payroll-und-HR-Software-Markt_Organisator.jpg","schema":{"@context":"https:\/\/schema.org","@graph":[{"@type":"Article","@id":"https:\/\/www.organisator.ch\/human-resources\/hrm\/2018-10-03\/bewegung-im-schweizer-payroll-und-hr-software-markt\/#article","isPartOf":{"@id":"https:\/\/www.organisator.ch\/human-resources\/hrm\/2018-10-03\/bewegung-im-schweizer-payroll-und-hr-software-markt\/"},"author":{"name":"thomas.berner","@id":"https:\/\/www.organisator.ch\/#\/schema\/person\/6f650f90b2842cd4c0cc334b4e36f67e"},"headline":"Bewegung im Schweizer Payroll- und HR-Software-Markt","datePublished":"2018-10-03T06:19:29+00:00","mainEntityOfPage":{"@id":"https:\/\/www.organisator.ch\/human-resources\/hrm\/2018-10-03\/bewegung-im-schweizer-payroll-und-hr-software-markt\/"},"wordCount":461,"commentCount":0,"publisher":{"@id":"https:\/\/www.organisator.ch\/#organization"},"image":{"@id":"https:\/\/www.organisator.ch\/human-resources\/hrm\/2018-10-03\/bewegung-im-schweizer-payroll-und-hr-software-markt\/#primaryimage"},"thumbnailUrl":"https:\/\/www.organisator.ch\/wp-content\/uploads\/2018\/10\/Bewegung-im-Schweizer-Payroll-und-HR-Software-Markt_Organisator.jpg","keywords":["HRM","IT &amp; Business Software","Unternehmen"],"articleSection":["HRM"],"inLanguage":"it-IT"},{"@type":"WebPage","@id":"https:\/\/www.organisator.ch\/human-resources\/hrm\/2018-10-03\/bewegung-im-schweizer-payroll-und-hr-software-markt\/","url":"https:\/\/www.organisator.ch\/human-resources\/hrm\/2018-10-03\/bewegung-im-schweizer-payroll-und-hr-software-markt\/","name":"Movimento nel mercato svizzero dei software per le paghe e le risorse umane - Organizzatore","isPartOf":{"@id":"https:\/\/www.organisator.ch\/#website"},"primaryImageOfPage":{"@id":"https:\/\/www.organisator.ch\/human-resources\/hrm\/2018-10-03\/bewegung-im-schweizer-payroll-und-hr-software-markt\/#primaryimage"},"image":{"@id":"https:\/\/www.organisator.ch\/human-resources\/hrm\/2018-10-03\/bewegung-im-schweizer-payroll-und-hr-software-markt\/#primaryimage"},"thumbnailUrl":"https:\/\/www.organisator.ch\/wp-content\/uploads\/2018\/10\/Bewegung-im-Schweizer-Payroll-und-HR-Software-Markt_Organisator.jpg","datePublished":"2018-10-03T06:19:29+00:00","description":"All'inizio di ottobre, P&amp;I Personal &amp; Informatik ha rilevato la PerSal AG di Kriens, rafforzando cos\u00ec la propria posizione sul mercato.","breadcrumb":{"@id":"https:\/\/www.organisator.ch\/human-resources\/hrm\/2018-10-03\/bewegung-im-schweizer-payroll-und-hr-software-markt\/#breadcrumb"},"inLanguage":"it-IT","potentialAction":[{"@type":"ReadAction","target":["https:\/\/www.organisator.ch\/human-resources\/hrm\/2018-10-03\/bewegung-im-schweizer-payroll-und-hr-software-markt\/"]}]},{"@type":"ImageObject","inLanguage":"it-IT","@id":"https:\/\/www.organisator.ch\/human-resources\/hrm\/2018-10-03\/bewegung-im-schweizer-payroll-und-hr-software-markt\/#primaryimage","url":"https:\/\/www.organisator.ch\/wp-content\/uploads\/2018\/10\/Bewegung-im-Schweizer-Payroll-und-HR-Software-Markt_Organisator.jpg","contentUrl":"https:\/\/www.organisator.ch\/wp-content\/uploads\/2018\/10\/Bewegung-im-Schweizer-Payroll-und-HR-Software-Markt_Organisator.jpg","width":640,"height":330,"caption":"Fritz Achermann von PerSal AG (links) und Christos Triadis, Gesch\u00e4ftsf\u00fchrer der P&I AG. (Bild: zVg)"},{"@type":"BreadcrumbList","@id":"https:\/\/www.organisator.ch\/human-resources\/hrm\/2018-10-03\/bewegung-im-schweizer-payroll-und-hr-software-markt\/#breadcrumb","itemListElement":[{"@type":"ListItem","position":1,"name":"Home","item":"https:\/\/www.organisator.ch\/"},{"@type":"ListItem","position":2,"name":"Bewegung im Schweizer Payroll- und HR-Software-Markt"}]},{"@type":"WebSite","@id":"https:\/\/www.organisator.ch\/#website","url":"https:\/\/www.organisator.ch\/","name":"Organizzatore","description":"Competente. Pratico. In 10 numeri all'anno, ORGANISATOR presenta i temi essenziali per i manager delle PMI.","publisher":{"@id":"https:\/\/www.organisator.ch\/#organization"},"potentialAction":[{"@type":"SearchAction","target":{"@type":"EntryPoint","urlTemplate":"https:\/\/www.organisator.ch\/?s={search_term_string}"},"query-input":{"@type":"PropertyValueSpecification","valueRequired":true,"valueName":"search_term_string"}}],"inLanguage":"it-IT"},{"@type":"Organization","@id":"https:\/\/www.organisator.ch\/#organization","name":"Organizzatore","url":"https:\/\/www.organisator.ch\/","logo":{"@type":"ImageObject","inLanguage":"it-IT","@id":"https:\/\/www.organisator.ch\/#\/schema\/logo\/image\/","url":"https:\/\/www.organisator.ch\/wp-content\/uploads\/2022\/01\/Logo_Organisator_Website.png","contentUrl":"https:\/\/www.organisator.ch\/wp-content\/uploads\/2022\/01\/Logo_Organisator_Website.png","width":800,"height":77,"caption":"Organisator"},"image":{"@id":"https:\/\/www.organisator.ch\/#\/schema\/logo\/image\/"},"sameAs":["https:\/\/www.facebook.com\/OrganisatorFachmagazin","https:\/\/www.linkedin.com\/showcase\/organisator-das-magazin-fr-kmu","https:\/\/www.xing.com\/news\/pages\/organisator-ch-695","https:\/\/www.youtube.com\/channel\/UCGP2Sq0iWaZwT3BdIAQFYpw"]},{"@type":"Person","@id":"https:\/\/www.organisator.ch\/#\/schema\/person\/6f650f90b2842cd4c0cc334b4e36f67e","name":"Tommaso.berner","image":{"@type":"ImageObject","inLanguage":"it-IT","@id":"https:\/\/secure.gravatar.com\/avatar\/ac5001d2a36cb6c6cd3e50789007ffca834b477b74a2144564522e944eabff61?s=96&d=mm&r=g","url":"https:\/\/secure.gravatar.com\/avatar\/ac5001d2a36cb6c6cd3e50789007ffca834b477b74a2144564522e944eabff61?s=96&d=mm&r=g","contentUrl":"https:\/\/secure.gravatar.com\/avatar\/ac5001d2a36cb6c6cd3e50789007ffca834b477b74a2144564522e944eabff61?s=96&d=mm&r=g","caption":"thomas.berner"},"url":"https:\/\/www.organisator.ch\/it\/author\/thomas-berner\/"}]}},"_links":{"self":[{"href":"https:\/\/www.organisator.ch\/it\/wp-json\/wp\/v2\/posts\/4319","targetHints":{"allow":["GET"]}}],"collection":[{"href":"https:\/\/www.organisator.ch\/it\/wp-json\/wp\/v2\/posts"}],"about":[{"href":"https:\/\/www.organisator.ch\/it\/wp-json\/wp\/v2\/types\/post"}],"author":[{"embeddable":true,"href":"https:\/\/www.organisator.ch\/it\/wp-json\/wp\/v2\/users\/4"}],"replies":[{"embeddable":true,"href":"https:\/\/www.organisator.ch\/it\/wp-json\/wp\/v2\/comments?post=4319"}],"version-history":[{"count":0,"href":"https:\/\/www.organisator.ch\/it\/wp-json\/wp\/v2\/posts\/4319\/revisions"}],"wp:featuredmedia":[{"embeddable":true,"href":"https:\/\/www.organisator.ch\/it\/wp-json\/wp\/v2\/media\/4320"}],"wp:attachment":[{"href":"https:\/\/www.organisator.ch\/it\/wp-json\/wp\/v2\/media?parent=4319"}],"wp:term":[{"taxonomy":"category","embeddable":true,"href":"https:\/\/www.organisator.ch\/it\/wp-json\/wp\/v2\/categories?post=4319"},{"taxonomy":"post_tag","embeddable":true,"href":"https:\/\/www.organisator.ch\/it\/wp-json\/wp\/v2\/tags?post=4319"}],"curies":[{"name":"wp","href":"https:\/\/api.w.org\/{rel}","templated":true}]}}