{"id":43292,"date":"2026-01-16T13:21:03","date_gmt":"2026-01-16T12:21:03","guid":{"rendered":"https:\/\/www.organisator.ch\/?p=43292"},"modified":"2026-01-16T13:21:03","modified_gmt":"2026-01-16T12:21:03","slug":"fuenf-kmu-im-finale-des-prix-svc-aargau-solothurn-2026","status":"publish","type":"post","link":"https:\/\/www.organisator.ch\/it\/management\/2026-01-16\/fuenf-kmu-im-finale-des-prix-svc-aargau-solothurn-2026\/","title":{"rendered":"Cinque PMI nella finale del Prix SVC Aargau Solothurn 2026"},"content":{"rendered":"<figure id=\"attachment_43293\" aria-describedby=\"caption-attachment-43293\" style=\"width: 680px\" class=\"wp-caption alignnone\"><img loading=\"lazy\" decoding=\"async\" class=\"size-full wp-image-43293\" src=\"https:\/\/www.organisator.ch\/wp-content\/uploads\/2026\/01\/Fuenf-KMU-im-Finale-des-Prix-SVC-Aargau-Solothurn-2026_Organisator.jpg\" alt=\"\" width=\"680\" height=\"452\" srcset=\"https:\/\/www.organisator.ch\/wp-content\/uploads\/2026\/01\/Fuenf-KMU-im-Finale-des-Prix-SVC-Aargau-Solothurn-2026_Organisator.jpg 680w, https:\/\/www.organisator.ch\/wp-content\/uploads\/2026\/01\/Fuenf-KMU-im-Finale-des-Prix-SVC-Aargau-Solothurn-2026_Organisator-18x12.jpg 18w, https:\/\/www.organisator.ch\/wp-content\/uploads\/2026\/01\/Fuenf-KMU-im-Finale-des-Prix-SVC-Aargau-Solothurn-2026_Organisator-375x249.jpg 375w, https:\/\/www.organisator.ch\/wp-content\/uploads\/2026\/01\/Fuenf-KMU-im-Finale-des-Prix-SVC-Aargau-Solothurn-2026_Organisator-527x350.jpg 527w\" sizes=\"auto, (max-width: 680px) 100vw, 680px\" \/><figcaption id=\"caption-attachment-43293\" class=\"wp-caption-text\">Sar\u00e0 assegnato per la prima volta nella regione Argovia-Soletta il 30 aprile 2026: Il Premio SVC. (Immagine: Thomas Berner)<\/figcaption><\/figure>\n<p>L'organizzatore e promotore dei premi del Prix SVC \u00e8 l'associazione <a href=\"http:\/\/www.svc.swiss\">SVC<\/a>, un'associazione indipendente per la promozione e il sostegno delle PMI in Svizzera, fondata nel 2001. Assegnato per la prima volta nella regione Argovia-Soletta nel 2026, il Prix premia le aziende esemplari che si distinguono per i loro prodotti e servizi innovativi, per la cultura aziendale, per la qualit\u00e0 dei dipendenti e del management e per il loro curriculum sostenibile.<\/p>\n<p>La selezione delle aziende e le candidature al Prix SVC vengono effettuate esclusivamente da una giuria indipendente di esperti con forti radici regionali. Rea Erne, presidente della giuria e imprenditore, ha guidato il processo di nomina e attende con ansia il giorno della decisione: \u00abLe aziende nominate dimostrano in modo impressionante quanta innovazione e impegno ci sia nelle nostre aziende regionali. \u00c8 un piacere riconoscere i loro risultati e dare loro l'attenzione che meritano con il Prix SVC. Non vedo l'ora di assistere a una finale emozionante e alla presentazione di queste eccellenti PMI\u00bb. Alla cerimonia di premiazione sono attesi circa 600 ospiti provenienti dal mondo dell'economia, della scienza, della politica e della cultura.<\/p>\n<h3><strong>Cinque avvincenti storie di successo dalla regione <\/strong><strong>Argovia Soletta<\/strong><\/h3>\n<p>(in ordine alfabetico)<\/p>\n<p><strong>bonacasa AG<\/strong><br \/>\nDal 2000, bonacasa AG di Oensingen sviluppa spazi abitativi adatti alle generazioni che connettono le persone a livello digitale e sociale, offrono sicurezza e alleggeriscono il carico di servizi. Con appartamenti intelligenti, servizi flessibili e sicurezza 24 ore su 24, 7 giorni su 7, la piattaforma crea un ecosistema residenziale integrato che offre un reale valore aggiunto sia agli investitori che ai residenti. Negli ultimi cinque anni, bonacasa living ha sviluppato un modello di residenza innovativo che combina fitness, networking regionale e moderazione attiva da parte dei concierge. Oggi la PMI impiega circa 60 persone che stanno realizzando la visione di una residenza moderna e in rete. \/ <a href=\"http:\/\/www.bonacasa.ch\/\">www.bonacasa.ch<\/a><\/p>\n<p><strong>Constri AG<\/strong><br \/>\nConstri AG \u00e8 una tradizionale azienda svizzera di commercio e produzione. Dalla sua fondazione nel 1964, la societ\u00e0 per azioni ha prodotto con successo bombe da tavolo, parti in plastica e giocattoli. Come unico produttore di bombe da tavolo in Europa, la Constri AG produce il suo prodotto tradizionale con qualit\u00e0 svizzera presso la sede centrale di Schinznach-Dorf. Oltre alla produzione, Constri AG offre una consegna rapida di ausili per la costruzione di calcestruzzo. Con il marchio ProSpiel, l'azienda si concentra sulla conservazione delle risorse, sull'alta qualit\u00e0 e su test completi e, grazie al suo forte radicamento negli asili e nelle scuole svizzere, \u00e8 un marchio di fiducia tra insegnanti e genitori. Circa 70 dipendenti contribuiscono ogni giorno al suo successo. <a href=\"http:\/\/www.constri.ch\">www.constri.ch<\/a><\/p>\n<p><strong>Fehlmann AG<\/strong><br \/>\nSin dalla sua fondazione nel 1930, l'azienda meccanica a conduzione familiare sviluppa e produce macchine utensili di precisione di alta qualit\u00e0 per la fresatura e la foratura. Lo sviluppo, la produzione e l'assemblaggio avvengono esclusivamente nella sede centrale dell'azienda a Seon, il che garantisce la massima precisione e affidabilit\u00e0. Fehlmann copre un'ampia gamma di esigenze, dalle fresatrici e foratrici manuali ai centri di lavoro CNC automatizzati. 210 dipendenti dedicati, processi sostenibili certificati ISO e un servizio completo fanno della PMI un partner forte per l'industria. \/ <a href=\"http:\/\/www.fehlmann.com\">www.fehlmann.com<\/a><\/p>\n<p><strong>Pallas Kliniken AG<\/strong><br \/>\nPallas Kliniken AG \u00e8 una clinica e azienda sanitaria svizzera leader con sede a Olten, specializzata in oftalmologia, dermatologia e medicina estetica. Come gruppo di cliniche a conduzione familiare, \u00e8 presente con successo sul mercato da oltre 30 anni e gestisce oltre 17 sedi nella Svizzera tedesca. Con circa 400 dipendenti e oltre 120 medici e specialisti, Pallas offre ogni anno metodi di trattamento moderni a oltre 120.000 pazienti, da semplici consultazioni a interventi complessi. L'innovazione, l'alta qualit\u00e0 dei trattamenti e l'attenzione al paziente sono al centro dei suoi servizi. \/ <a href=\"http:\/\/www.pallas-kliniken.ch\">www.pallas-kliniken.ch<\/a><\/p>\n<p><strong>Sistemi di smaltimento Villiger AG<\/strong><br \/>\nVilliger Entsorgungssysteme AG di Oberr\u00fcti \u00e8 specializzata in sistemi completi all'avanguardia per la raccolta e lo smaltimento di materiali riciclabili. L'azienda, a conduzione familiare, sviluppa e produce soluzioni pratiche dal 1991, dai contenitori di raccolta interrati che definiscono il mercato alla tecnologia innovativa dei veicoli e alle offerte di servizi utili. Villiger assiste i propri clienti dalla consulenza e dalla progettazione fino all'installazione e alla manutenzione. Circa 240 dipendenti nella sede centrale e nelle aziende partner combinano l'innovazione tecnologica con la sostenibilit\u00e0 e l'alta qualit\u00e0. Questo fa di Villiger un partner ricercato dalle autorit\u00e0 locali e dalle aziende di smaltimento dei rifiuti - in Svizzera e oltre i confini dell'Europa. \/ <a href=\"http:\/\/www.villiger.com\">www.villiger.com<\/a><\/p>","protected":false},"excerpt":{"rendered":"<p>Sono stati annunciati i finalisti della prima edizione del Prix SVC Aargau Solothurn. Il 30 aprile 2026, queste cinque straordinarie aziende si sfideranno al Centro classico Emil Frey di Safenwil per aggiudicarsi l'ambito premio: bonacasa AG di Oensingen (SO), Constri AG di Schinzach-Dorf (AG), Fehlmann AG di Seon (AG), Pallas Kliniken AG di Olten (SO) e Villiger Entsorgungssysteme AG di Oberr\u00fcti (AG). <\/p>","protected":false},"author":4,"featured_media":0,"comment_status":"closed","ping_status":"closed","sticky":false,"template":"","format":"standard","meta":{"_acf_changed":false,"_yoast_wpseo_focuskw":"Aargau Solothurn","_yoast_wpseo_metadesc":"Die Finalisten f\u00fcr die erste Ausgabe des Prix SVC Aargau Solothurn stehen fest. Am 30. April 2026 wird der Preis in Safenwil vergeben.","articlekey":"","footnotes":""},"categories":[28],"tags":[66,334,390,492],"class_list":["post-43292","post","type-post","status-publish","format-standard","hentry","category-management","tag-awards","tag-management","tag-prix-svc","tag-unternehmen"],"acf":[],"yoast_head":"<!-- This site is optimized with the Yoast SEO plugin v27.5 - https:\/\/yoast.com\/product\/yoast-seo-wordpress\/ -->\n<title>F\u00fcnf KMU im Finale des Prix SVC Aargau Solothurn 2026 - Organisator<\/title>\n<meta name=\"description\" content=\"Die Finalisten f\u00fcr die erste Ausgabe des Prix SVC Aargau Solothurn stehen fest. Am 30. April 2026 wird der Preis in Safenwil vergeben.\" \/>\n<meta name=\"robots\" content=\"index, follow, max-snippet:-1, max-image-preview:large, max-video-preview:-1\" \/>\n<link rel=\"canonical\" href=\"https:\/\/www.organisator.ch\/it\/gestione-2\/2026-01-16\/fuenf-kmu-im-finale-des-prix-svc-aargau-solothurn-2026\/\" \/>\n<meta property=\"og:locale\" content=\"it_IT\" \/>\n<meta property=\"og:type\" content=\"article\" \/>\n<meta property=\"og:title\" content=\"F\u00fcnf KMU im Finale des Prix SVC Aargau Solothurn 2026\" \/>\n<meta property=\"og:description\" content=\"Die Finalisten f\u00fcr die erste Ausgabe des Prix SVC Aargau Solothurn stehen fest. Am 30. April 2026 wird der Preis in Safenwil vergeben.\" \/>\n<meta property=\"og:url\" content=\"https:\/\/www.organisator.ch\/it\/gestione-2\/2026-01-16\/fuenf-kmu-im-finale-des-prix-svc-aargau-solothurn-2026\/\" \/>\n<meta property=\"og:site_name\" content=\"Organisator\" \/>\n<meta property=\"article:publisher\" content=\"https:\/\/www.facebook.com\/OrganisatorFachmagazin\" \/>\n<meta property=\"article:published_time\" content=\"2026-01-16T12:21:03+00:00\" \/>\n<meta property=\"og:image\" content=\"https:\/\/www.organisator.ch\/wp-content\/uploads\/2026\/01\/Fuenf-KMU-im-Finale-des-Prix-SVC-Aargau-Solothurn-2026_Organisator.jpg\" \/>\n\t<meta property=\"og:image:width\" content=\"680\" \/>\n\t<meta property=\"og:image:height\" content=\"452\" \/>\n\t<meta property=\"og:image:type\" content=\"image\/jpeg\" \/>\n<meta name=\"author\" content=\"thomas.berner\" \/>\n<meta name=\"twitter:card\" content=\"summary_large_image\" \/>\n<meta name=\"twitter:title\" content=\"F\u00fcnf KMU im #Finale des Prix #SVC #Aargau #Solothurn 2026\" \/>\n<meta name=\"twitter:description\" content=\"Die Finalisten f\u00fcr die erste Ausgabe des Prix #SVC Aargau Solothurn stehen fest. Am 30. April 2026 wird der Preis in #Safenwil vergeben.\" \/>\n<meta name=\"twitter:image\" content=\"https:\/\/www.organisator.ch\/wp-content\/uploads\/2026\/01\/Fuenf-KMU-im-Finale-des-Prix-SVC-Aargau-Solothurn-2026_Organisator.jpg\" \/>\n<script type=\"application\/ld+json\" class=\"yoast-schema-graph\">{\"@context\":\"https:\\\/\\\/schema.org\",\"@graph\":[{\"@type\":\"Article\",\"@id\":\"https:\\\/\\\/www.organisator.ch\\\/management\\\/2026-01-16\\\/fuenf-kmu-im-finale-des-prix-svc-aargau-solothurn-2026\\\/#article\",\"isPartOf\":{\"@id\":\"https:\\\/\\\/www.organisator.ch\\\/management\\\/2026-01-16\\\/fuenf-kmu-im-finale-des-prix-svc-aargau-solothurn-2026\\\/\"},\"author\":{\"name\":\"thomas.berner\",\"@id\":\"https:\\\/\\\/www.organisator.ch\\\/#\\\/schema\\\/person\\\/6f650f90b2842cd4c0cc334b4e36f67e\"},\"headline\":\"F\u00fcnf KMU im Finale des Prix SVC Aargau Solothurn 2026\",\"datePublished\":\"2026-01-16T12:21:03+00:00\",\"mainEntityOfPage\":{\"@id\":\"https:\\\/\\\/www.organisator.ch\\\/management\\\/2026-01-16\\\/fuenf-kmu-im-finale-des-prix-svc-aargau-solothurn-2026\\\/\"},\"wordCount\":678,\"publisher\":{\"@id\":\"https:\\\/\\\/www.organisator.ch\\\/#organization\"},\"image\":{\"@id\":\"https:\\\/\\\/www.organisator.ch\\\/management\\\/2026-01-16\\\/fuenf-kmu-im-finale-des-prix-svc-aargau-solothurn-2026\\\/#primaryimage\"},\"thumbnailUrl\":\"https:\\\/\\\/www.organisator.ch\\\/wp-content\\\/uploads\\\/2026\\\/01\\\/Fuenf-KMU-im-Finale-des-Prix-SVC-Aargau-Solothurn-2026_Organisator.jpg\",\"keywords\":[\"Awards\",\"Management\",\"Prix SVC\",\"Unternehmen\"],\"articleSection\":[\"MANAGEMENT\"],\"inLanguage\":\"it-IT\"},{\"@type\":\"WebPage\",\"@id\":\"https:\\\/\\\/www.organisator.ch\\\/management\\\/2026-01-16\\\/fuenf-kmu-im-finale-des-prix-svc-aargau-solothurn-2026\\\/\",\"url\":\"https:\\\/\\\/www.organisator.ch\\\/management\\\/2026-01-16\\\/fuenf-kmu-im-finale-des-prix-svc-aargau-solothurn-2026\\\/\",\"name\":\"F\u00fcnf KMU im Finale des Prix SVC Aargau Solothurn 2026 - Organisator\",\"isPartOf\":{\"@id\":\"https:\\\/\\\/www.organisator.ch\\\/#website\"},\"primaryImageOfPage\":{\"@id\":\"https:\\\/\\\/www.organisator.ch\\\/management\\\/2026-01-16\\\/fuenf-kmu-im-finale-des-prix-svc-aargau-solothurn-2026\\\/#primaryimage\"},\"image\":{\"@id\":\"https:\\\/\\\/www.organisator.ch\\\/management\\\/2026-01-16\\\/fuenf-kmu-im-finale-des-prix-svc-aargau-solothurn-2026\\\/#primaryimage\"},\"thumbnailUrl\":\"https:\\\/\\\/www.organisator.ch\\\/wp-content\\\/uploads\\\/2026\\\/01\\\/Fuenf-KMU-im-Finale-des-Prix-SVC-Aargau-Solothurn-2026_Organisator.jpg\",\"datePublished\":\"2026-01-16T12:21:03+00:00\",\"description\":\"Die Finalisten f\u00fcr die erste Ausgabe des Prix SVC Aargau Solothurn stehen fest. Am 30. April 2026 wird der Preis in Safenwil vergeben.\",\"breadcrumb\":{\"@id\":\"https:\\\/\\\/www.organisator.ch\\\/management\\\/2026-01-16\\\/fuenf-kmu-im-finale-des-prix-svc-aargau-solothurn-2026\\\/#breadcrumb\"},\"inLanguage\":\"it-IT\",\"potentialAction\":[{\"@type\":\"ReadAction\",\"target\":[\"https:\\\/\\\/www.organisator.ch\\\/management\\\/2026-01-16\\\/fuenf-kmu-im-finale-des-prix-svc-aargau-solothurn-2026\\\/\"]}]},{\"@type\":\"ImageObject\",\"inLanguage\":\"it-IT\",\"@id\":\"https:\\\/\\\/www.organisator.ch\\\/management\\\/2026-01-16\\\/fuenf-kmu-im-finale-des-prix-svc-aargau-solothurn-2026\\\/#primaryimage\",\"url\":\"https:\\\/\\\/www.organisator.ch\\\/wp-content\\\/uploads\\\/2026\\\/01\\\/Fuenf-KMU-im-Finale-des-Prix-SVC-Aargau-Solothurn-2026_Organisator.jpg\",\"contentUrl\":\"https:\\\/\\\/www.organisator.ch\\\/wp-content\\\/uploads\\\/2026\\\/01\\\/Fuenf-KMU-im-Finale-des-Prix-SVC-Aargau-Solothurn-2026_Organisator.jpg\"},{\"@type\":\"BreadcrumbList\",\"@id\":\"https:\\\/\\\/www.organisator.ch\\\/management\\\/2026-01-16\\\/fuenf-kmu-im-finale-des-prix-svc-aargau-solothurn-2026\\\/#breadcrumb\",\"itemListElement\":[{\"@type\":\"ListItem\",\"position\":1,\"name\":\"Home\",\"item\":\"https:\\\/\\\/www.organisator.ch\\\/\"},{\"@type\":\"ListItem\",\"position\":2,\"name\":\"F\u00fcnf KMU im Finale des Prix SVC Aargau Solothurn 2026\"}]},{\"@type\":\"WebSite\",\"@id\":\"https:\\\/\\\/www.organisator.ch\\\/#website\",\"url\":\"https:\\\/\\\/www.organisator.ch\\\/\",\"name\":\"Organisator\",\"description\":\"Kompetent. Praxisnah. Der ORGANISATOR bereitet in 10 Ausgaben pro Jahr die wesentlichen Themen f\u00fcr F\u00fchrungskr\u00e4fte von KMU auf.\",\"publisher\":{\"@id\":\"https:\\\/\\\/www.organisator.ch\\\/#organization\"},\"potentialAction\":[{\"@type\":\"SearchAction\",\"target\":{\"@type\":\"EntryPoint\",\"urlTemplate\":\"https:\\\/\\\/www.organisator.ch\\\/?s={search_term_string}\"},\"query-input\":{\"@type\":\"PropertyValueSpecification\",\"valueRequired\":true,\"valueName\":\"search_term_string\"}}],\"inLanguage\":\"it-IT\"},{\"@type\":\"Organization\",\"@id\":\"https:\\\/\\\/www.organisator.ch\\\/#organization\",\"name\":\"Organisator\",\"url\":\"https:\\\/\\\/www.organisator.ch\\\/\",\"logo\":{\"@type\":\"ImageObject\",\"inLanguage\":\"it-IT\",\"@id\":\"https:\\\/\\\/www.organisator.ch\\\/#\\\/schema\\\/logo\\\/image\\\/\",\"url\":\"https:\\\/\\\/www.organisator.ch\\\/wp-content\\\/uploads\\\/2022\\\/01\\\/Logo_Organisator_Website.png\",\"contentUrl\":\"https:\\\/\\\/www.organisator.ch\\\/wp-content\\\/uploads\\\/2022\\\/01\\\/Logo_Organisator_Website.png\",\"width\":800,\"height\":77,\"caption\":\"Organisator\"},\"image\":{\"@id\":\"https:\\\/\\\/www.organisator.ch\\\/#\\\/schema\\\/logo\\\/image\\\/\"},\"sameAs\":[\"https:\\\/\\\/www.facebook.com\\\/OrganisatorFachmagazin\",\"https:\\\/\\\/www.linkedin.com\\\/showcase\\\/organisator-das-magazin-fr-kmu\",\"https:\\\/\\\/www.xing.com\\\/news\\\/pages\\\/organisator-ch-695\",\"https:\\\/\\\/www.youtube.com\\\/channel\\\/UCGP2Sq0iWaZwT3BdIAQFYpw\"]},{\"@type\":\"Person\",\"@id\":\"https:\\\/\\\/www.organisator.ch\\\/#\\\/schema\\\/person\\\/6f650f90b2842cd4c0cc334b4e36f67e\",\"name\":\"thomas.berner\",\"image\":{\"@type\":\"ImageObject\",\"inLanguage\":\"it-IT\",\"@id\":\"https:\\\/\\\/secure.gravatar.com\\\/avatar\\\/ac5001d2a36cb6c6cd3e50789007ffca834b477b74a2144564522e944eabff61?s=96&d=mm&r=g\",\"url\":\"https:\\\/\\\/secure.gravatar.com\\\/avatar\\\/ac5001d2a36cb6c6cd3e50789007ffca834b477b74a2144564522e944eabff61?s=96&d=mm&r=g\",\"contentUrl\":\"https:\\\/\\\/secure.gravatar.com\\\/avatar\\\/ac5001d2a36cb6c6cd3e50789007ffca834b477b74a2144564522e944eabff61?s=96&d=mm&r=g\",\"caption\":\"thomas.berner\"},\"url\":\"https:\\\/\\\/www.organisator.ch\\\/it\\\/author\\\/thomas-berner\\\/\"}]}<\/script>\n<!-- \/ Yoast SEO plugin. -->","yoast_head_json":{"title":"Cinque PMI in finale al Prix SVC Aargau Solothurn 2026 - Organizzatore","description":"Sono stati annunciati i finalisti della prima edizione del Prix SVC Aargau Solothurn. Il premio sar\u00e0 assegnato a Safenwil il 30 aprile 2026.","robots":{"index":"index","follow":"follow","max-snippet":"max-snippet:-1","max-image-preview":"max-image-preview:large","max-video-preview":"max-video-preview:-1"},"canonical":"https:\/\/www.organisator.ch\/it\/gestione-2\/2026-01-16\/fuenf-kmu-im-finale-des-prix-svc-aargau-solothurn-2026\/","og_locale":"it_IT","og_type":"article","og_title":"F\u00fcnf KMU im Finale des Prix SVC Aargau Solothurn 2026","og_description":"Die Finalisten f\u00fcr die erste Ausgabe des Prix SVC Aargau Solothurn stehen fest. Am 30. April 2026 wird der Preis in Safenwil vergeben.","og_url":"https:\/\/www.organisator.ch\/it\/gestione-2\/2026-01-16\/fuenf-kmu-im-finale-des-prix-svc-aargau-solothurn-2026\/","og_site_name":"Organisator","article_publisher":"https:\/\/www.facebook.com\/OrganisatorFachmagazin","article_published_time":"2026-01-16T12:21:03+00:00","og_image":[{"width":680,"height":452,"url":"https:\/\/www.organisator.ch\/wp-content\/uploads\/2026\/01\/Fuenf-KMU-im-Finale-des-Prix-SVC-Aargau-Solothurn-2026_Organisator.jpg","type":"image\/jpeg"}],"author":"thomas.berner","twitter_card":"summary_large_image","twitter_title":"F\u00fcnf KMU im #Finale des Prix #SVC #Aargau #Solothurn 2026","twitter_description":"Die Finalisten f\u00fcr die erste Ausgabe des Prix #SVC Aargau Solothurn stehen fest. Am 30. April 2026 wird der Preis in #Safenwil vergeben.","twitter_image":"https:\/\/www.organisator.ch\/wp-content\/uploads\/2026\/01\/Fuenf-KMU-im-Finale-des-Prix-SVC-Aargau-Solothurn-2026_Organisator.jpg","schema":{"@context":"https:\/\/schema.org","@graph":[{"@type":"Article","@id":"https:\/\/www.organisator.ch\/management\/2026-01-16\/fuenf-kmu-im-finale-des-prix-svc-aargau-solothurn-2026\/#article","isPartOf":{"@id":"https:\/\/www.organisator.ch\/management\/2026-01-16\/fuenf-kmu-im-finale-des-prix-svc-aargau-solothurn-2026\/"},"author":{"name":"thomas.berner","@id":"https:\/\/www.organisator.ch\/#\/schema\/person\/6f650f90b2842cd4c0cc334b4e36f67e"},"headline":"F\u00fcnf KMU im Finale des Prix SVC Aargau Solothurn 2026","datePublished":"2026-01-16T12:21:03+00:00","mainEntityOfPage":{"@id":"https:\/\/www.organisator.ch\/management\/2026-01-16\/fuenf-kmu-im-finale-des-prix-svc-aargau-solothurn-2026\/"},"wordCount":678,"publisher":{"@id":"https:\/\/www.organisator.ch\/#organization"},"image":{"@id":"https:\/\/www.organisator.ch\/management\/2026-01-16\/fuenf-kmu-im-finale-des-prix-svc-aargau-solothurn-2026\/#primaryimage"},"thumbnailUrl":"https:\/\/www.organisator.ch\/wp-content\/uploads\/2026\/01\/Fuenf-KMU-im-Finale-des-Prix-SVC-Aargau-Solothurn-2026_Organisator.jpg","keywords":["Awards","Management","Prix SVC","Unternehmen"],"articleSection":["MANAGEMENT"],"inLanguage":"it-IT"},{"@type":"WebPage","@id":"https:\/\/www.organisator.ch\/management\/2026-01-16\/fuenf-kmu-im-finale-des-prix-svc-aargau-solothurn-2026\/","url":"https:\/\/www.organisator.ch\/management\/2026-01-16\/fuenf-kmu-im-finale-des-prix-svc-aargau-solothurn-2026\/","name":"Cinque PMI in finale al Prix SVC Aargau Solothurn 2026 - Organizzatore","isPartOf":{"@id":"https:\/\/www.organisator.ch\/#website"},"primaryImageOfPage":{"@id":"https:\/\/www.organisator.ch\/management\/2026-01-16\/fuenf-kmu-im-finale-des-prix-svc-aargau-solothurn-2026\/#primaryimage"},"image":{"@id":"https:\/\/www.organisator.ch\/management\/2026-01-16\/fuenf-kmu-im-finale-des-prix-svc-aargau-solothurn-2026\/#primaryimage"},"thumbnailUrl":"https:\/\/www.organisator.ch\/wp-content\/uploads\/2026\/01\/Fuenf-KMU-im-Finale-des-Prix-SVC-Aargau-Solothurn-2026_Organisator.jpg","datePublished":"2026-01-16T12:21:03+00:00","description":"Sono stati annunciati i finalisti della prima edizione del Prix SVC Aargau Solothurn. Il premio sar\u00e0 assegnato a Safenwil il 30 aprile 2026.","breadcrumb":{"@id":"https:\/\/www.organisator.ch\/management\/2026-01-16\/fuenf-kmu-im-finale-des-prix-svc-aargau-solothurn-2026\/#breadcrumb"},"inLanguage":"it-IT","potentialAction":[{"@type":"ReadAction","target":["https:\/\/www.organisator.ch\/management\/2026-01-16\/fuenf-kmu-im-finale-des-prix-svc-aargau-solothurn-2026\/"]}]},{"@type":"ImageObject","inLanguage":"it-IT","@id":"https:\/\/www.organisator.ch\/management\/2026-01-16\/fuenf-kmu-im-finale-des-prix-svc-aargau-solothurn-2026\/#primaryimage","url":"https:\/\/www.organisator.ch\/wp-content\/uploads\/2026\/01\/Fuenf-KMU-im-Finale-des-Prix-SVC-Aargau-Solothurn-2026_Organisator.jpg","contentUrl":"https:\/\/www.organisator.ch\/wp-content\/uploads\/2026\/01\/Fuenf-KMU-im-Finale-des-Prix-SVC-Aargau-Solothurn-2026_Organisator.jpg"},{"@type":"BreadcrumbList","@id":"https:\/\/www.organisator.ch\/management\/2026-01-16\/fuenf-kmu-im-finale-des-prix-svc-aargau-solothurn-2026\/#breadcrumb","itemListElement":[{"@type":"ListItem","position":1,"name":"Home","item":"https:\/\/www.organisator.ch\/"},{"@type":"ListItem","position":2,"name":"F\u00fcnf KMU im Finale des Prix SVC Aargau Solothurn 2026"}]},{"@type":"WebSite","@id":"https:\/\/www.organisator.ch\/#website","url":"https:\/\/www.organisator.ch\/","name":"Organizzatore","description":"Competente. Pratico. In 10 numeri all'anno, ORGANISATOR presenta i temi essenziali per i manager delle PMI.","publisher":{"@id":"https:\/\/www.organisator.ch\/#organization"},"potentialAction":[{"@type":"SearchAction","target":{"@type":"EntryPoint","urlTemplate":"https:\/\/www.organisator.ch\/?s={search_term_string}"},"query-input":{"@type":"PropertyValueSpecification","valueRequired":true,"valueName":"search_term_string"}}],"inLanguage":"it-IT"},{"@type":"Organization","@id":"https:\/\/www.organisator.ch\/#organization","name":"Organizzatore","url":"https:\/\/www.organisator.ch\/","logo":{"@type":"ImageObject","inLanguage":"it-IT","@id":"https:\/\/www.organisator.ch\/#\/schema\/logo\/image\/","url":"https:\/\/www.organisator.ch\/wp-content\/uploads\/2022\/01\/Logo_Organisator_Website.png","contentUrl":"https:\/\/www.organisator.ch\/wp-content\/uploads\/2022\/01\/Logo_Organisator_Website.png","width":800,"height":77,"caption":"Organisator"},"image":{"@id":"https:\/\/www.organisator.ch\/#\/schema\/logo\/image\/"},"sameAs":["https:\/\/www.facebook.com\/OrganisatorFachmagazin","https:\/\/www.linkedin.com\/showcase\/organisator-das-magazin-fr-kmu","https:\/\/www.xing.com\/news\/pages\/organisator-ch-695","https:\/\/www.youtube.com\/channel\/UCGP2Sq0iWaZwT3BdIAQFYpw"]},{"@type":"Person","@id":"https:\/\/www.organisator.ch\/#\/schema\/person\/6f650f90b2842cd4c0cc334b4e36f67e","name":"Tommaso.berner","image":{"@type":"ImageObject","inLanguage":"it-IT","@id":"https:\/\/secure.gravatar.com\/avatar\/ac5001d2a36cb6c6cd3e50789007ffca834b477b74a2144564522e944eabff61?s=96&d=mm&r=g","url":"https:\/\/secure.gravatar.com\/avatar\/ac5001d2a36cb6c6cd3e50789007ffca834b477b74a2144564522e944eabff61?s=96&d=mm&r=g","contentUrl":"https:\/\/secure.gravatar.com\/avatar\/ac5001d2a36cb6c6cd3e50789007ffca834b477b74a2144564522e944eabff61?s=96&d=mm&r=g","caption":"thomas.berner"},"url":"https:\/\/www.organisator.ch\/it\/author\/thomas-berner\/"}]}},"_links":{"self":[{"href":"https:\/\/www.organisator.ch\/it\/wp-json\/wp\/v2\/posts\/43292","targetHints":{"allow":["GET"]}}],"collection":[{"href":"https:\/\/www.organisator.ch\/it\/wp-json\/wp\/v2\/posts"}],"about":[{"href":"https:\/\/www.organisator.ch\/it\/wp-json\/wp\/v2\/types\/post"}],"author":[{"embeddable":true,"href":"https:\/\/www.organisator.ch\/it\/wp-json\/wp\/v2\/users\/4"}],"replies":[{"embeddable":true,"href":"https:\/\/www.organisator.ch\/it\/wp-json\/wp\/v2\/comments?post=43292"}],"version-history":[{"count":4,"href":"https:\/\/www.organisator.ch\/it\/wp-json\/wp\/v2\/posts\/43292\/revisions"}],"predecessor-version":[{"id":43344,"href":"https:\/\/www.organisator.ch\/it\/wp-json\/wp\/v2\/posts\/43292\/revisions\/43344"}],"wp:attachment":[{"href":"https:\/\/www.organisator.ch\/it\/wp-json\/wp\/v2\/media?parent=43292"}],"wp:term":[{"taxonomy":"category","embeddable":true,"href":"https:\/\/www.organisator.ch\/it\/wp-json\/wp\/v2\/categories?post=43292"},{"taxonomy":"post_tag","embeddable":true,"href":"https:\/\/www.organisator.ch\/it\/wp-json\/wp\/v2\/tags?post=43292"}],"curies":[{"name":"wp","href":"https:\/\/api.w.org\/{rel}","templated":true}]}}