{"id":43313,"date":"2026-01-19T16:32:22","date_gmt":"2026-01-19T15:32:22","guid":{"rendered":"https:\/\/www.organisator.ch\/de\/?p=43313"},"modified":"2026-01-19T16:32:22","modified_gmt":"2026-01-19T15:32:22","slug":"egokiefer-praesentiert-neue-fensterlinien-an-der-swissbau-2026","status":"publish","type":"post","link":"https:\/\/www.organisator.ch\/it\/allgemein\/2026-01-19\/egokiefer-praesentiert-neue-fensterlinien-an-der-swissbau-2026\/","title":{"rendered":"EgoKiefer presenta le nuove linee di finestre a Swissbau 2026"},"content":{"rendered":"<figure id=\"attachment_43328\" aria-describedby=\"caption-attachment-43328\" style=\"width: 540px\" class=\"wp-caption alignnone\"><img loading=\"lazy\" decoding=\"async\" class=\"size-full wp-image-43328\" src=\"https:\/\/www.organisator.ch\/wp-content\/uploads\/2026\/01\/EgoKiefer-praesentiert-neue-Fensterlinien-an-der-Swissbau-2026_Organisator.jpg\" alt=\"\" width=\"540\" height=\"390\" srcset=\"https:\/\/www.organisator.ch\/wp-content\/uploads\/2026\/01\/EgoKiefer-praesentiert-neue-Fensterlinien-an-der-Swissbau-2026_Organisator.jpg 540w, https:\/\/www.organisator.ch\/wp-content\/uploads\/2026\/01\/EgoKiefer-praesentiert-neue-Fensterlinien-an-der-Swissbau-2026_Organisator-18x12.jpg 18w, https:\/\/www.organisator.ch\/wp-content\/uploads\/2026\/01\/EgoKiefer-praesentiert-neue-Fensterlinien-an-der-Swissbau-2026_Organisator-375x271.jpg 375w, https:\/\/www.organisator.ch\/wp-content\/uploads\/2026\/01\/EgoKiefer-praesentiert-neue-Fensterlinien-an-der-Swissbau-2026_Organisator-485x350.jpg 485w\" sizes=\"auto, (max-width: 540px) 100vw, 540px\" \/><figcaption id=\"caption-attachment-43328\" class=\"wp-caption-text\">All'insegna del motto fieristico \u00abLascia entrare la vita\u00bb. EgoKiefer presenta alla Swissbau 2026 nuove soluzioni per finestre che combinano naturalezza, design ed efficienza energetica. (Fonte: EgoKiefer)<\/figcaption><\/figure>\n<p>Le finestre danno forma agli ambienti, forniscono luce e creano atmosfera. Alla Swissbau 2026 di Basilea, EgoKiefer mette in primo piano queste qualit\u00e0 con due nuove linee di prodotti. Dal 20 al 23 gennaio, i visitatori potranno sperimentare dal vivo le innovazioni dell'azienda svizzera leader nel settore dei serramenti nel padiglione 1.1, stand A60.<\/p>\n<h3>Linea di finestre in legno: la naturalezza incontra l'innovazione<\/h3>\n<p>Il legno \u00e8 molto pi\u00f9 di un semplice materiale da costruzione: crea un'atmosfera calda e accogliente, regola il clima interno in modo naturale e aggiunge carattere a qualsiasi abitazione. Come materia prima rinnovabile, combina estetica e sostenibilit\u00e0 e offre eccellenti opportunit\u00e0 per una costruzione moderna ed efficiente dal punto di vista energetico.<\/p>\n<p>EgoKiefer riprende queste qualit\u00e0 con la sua nuova famiglia di finestre in legno. Ego\u00aeAllstar \u00e8 sinonimo di architettura moderna, Ego\u00aeSelection di costruzione orientata al design, con telai a filo, ferramenta a scomparsa e linee chiare. La gamma \u00e8 completata dalle finestre heritage che combinano un look storico con la tecnologia contemporanea. Le nuove finestre in legno combinano materiali naturali con tecnologie innovative, aumentano l'efficienza energetica e creano luce, vista e atmosfera contemporanee.<\/p>\n<h3>Finestre in PVC-U e PVC-U\/alluminio Ego\u00aePrime<\/h3>\n<p>La nuova gamma di finestre Ego\u00aePrime offre la massima efficienza energetica, durata e libert\u00e0 di progettazione. Grazie alla maggiore profondit\u00e0 di installazione e ai profili ottimizzati, offre eccezionali valori di isolamento termico, un efficace isolamento acustico e un'elevata facilit\u00e0 d'uso.<\/p>\n<p>La finestra in PVC-U Ego\u00aePrime convince per la facilit\u00e0 di manutenzione delle superfici, l'elevata sicurezza di base e la grande variet\u00e0, ad esempio con un'ampia scelta di varianti di colore e di decori. La finestra Ego\u00aePrime in PVC-U\/alluminio integra questi vantaggi con un guscio in alluminio resistente agli agenti atmosferici, che rende la finestra particolarmente robusta e apre ulteriori possibilit\u00e0 di design. Entrambi i sistemi combinano funzionalit\u00e0 ed estetica, contribuendo in modo tangibile a migliorare la qualit\u00e0 della vita quotidiana.<\/p>\n<h3>Consulenza lungo l'intero processo progettuale<\/h3>\n<p>EgoKiefer assiste proprietari di edifici, architetti e progettisti durante l'intero processo progettuale, dalla consulenza e pianificazione all'installazione. Con nove sedi di vendita, oltre 350 partner specializzati e il team Ego\u00aeService, il numero 1 per le finestre e le porte in Svizzera garantisce qualit\u00e0 e affidabilit\u00e0 da un unico fornitore.<\/p>\n<p>Alla Swissbau 2026 i visitatori potranno sperimentare dal vivo le nuove finestre, ricevere una consulenza personalizzata e trovare la soluzione giusta per i loro ambienti di vita insieme agli specialisti EgoKiefer. Ulteriori informazioni sui nuovi prodotti sono disponibili su <a href=\"https:\/\/www.egokiefer.ch\/de\/fenstersortiment\" target=\"_blank\" rel=\"noopener\">https:\/\/www.egokiefer.ch\/de\/fenstersortiment<\/a>.<\/p>","protected":false},"excerpt":{"rendered":"<p>All'insegna del motto \u00abLet the life in.\u00bb, EgoKiefer, il principale fornitore svizzero di finestre e porte, presenta a Swissbau 2026 due nuove linee di prodotti. La nuova famiglia di finestre in legno e le finestre Ego\u00aePrime in PVC-U e PVC-U\/alluminio promettono maggiore efficienza energetica, design e qualit\u00e0 abitativa. La fiera si svolge dal 20 al 23 gennaio a Basilea.<\/p>","protected":false},"author":107,"featured_media":43328,"comment_status":"closed","ping_status":"closed","sticky":false,"template":"","format":"standard","meta":{"_acf_changed":false,"_yoast_wpseo_focuskw":"Swissbau 2026","_yoast_wpseo_metadesc":"Unter dem Motto \u00abLet the life in.\u00bb zeigt der Schweizer Fensterhersteller EgoKiefer an der Swissbau 2026 zwei neue Produktlinien.","articlekey":"","footnotes":""},"categories":[1],"tags":[71,193,393],"class_list":["post-43313","post","type-post","status-publish","format-standard","has-post-thumbnail","hentry","category-allgemein","tag-baubranche","tag-fachkongressfachmesse","tag-produkte"],"acf":[],"yoast_head":"<!-- This site is optimized with the Yoast SEO plugin v27.5 - https:\/\/yoast.com\/product\/yoast-seo-wordpress\/ -->\n<title>EgoKiefer pr\u00e4sentiert neue Fensterlinien an der Swissbau 2026 - Organisator<\/title>\n<meta name=\"description\" content=\"Unter dem Motto \u00abLet the life in.\u00bb zeigt der Schweizer Fensterhersteller EgoKiefer an der Swissbau 2026 zwei neue Produktlinien.\" \/>\n<meta name=\"robots\" content=\"index, follow, max-snippet:-1, max-image-preview:large, max-video-preview:-1\" \/>\n<link rel=\"canonical\" href=\"https:\/\/www.organisator.ch\/it\/generale\/2026-01-19\/egokiefer-praesentiert-neue-fensterlinien-an-der-swissbau-2026\/\" \/>\n<meta property=\"og:locale\" content=\"it_IT\" \/>\n<meta property=\"og:type\" content=\"article\" \/>\n<meta property=\"og:title\" content=\"EgoKiefer pr\u00e4sentiert neue Fensterlinien an der Swissbau 2026\" \/>\n<meta property=\"og:description\" content=\"Unter dem Motto \u00abLet the life in.\u00bb zeigt der Schweizer Fensterhersteller EgoKiefer an der Swissbau 2026 zwei neue Produktlinien.\" \/>\n<meta property=\"og:url\" content=\"https:\/\/www.organisator.ch\/it\/generale\/2026-01-19\/egokiefer-praesentiert-neue-fensterlinien-an-der-swissbau-2026\/\" \/>\n<meta property=\"og:site_name\" content=\"Organisator\" \/>\n<meta property=\"article:publisher\" content=\"https:\/\/www.facebook.com\/OrganisatorFachmagazin\" \/>\n<meta property=\"article:published_time\" content=\"2026-01-19T15:32:22+00:00\" \/>\n<meta property=\"og:image\" content=\"https:\/\/www.organisator.ch\/wp-content\/uploads\/2026\/01\/EgoKiefer-praesentiert-neue-Fensterlinien-an-der-Swissbau-2026_Organisator.jpg\" \/>\n\t<meta property=\"og:image:width\" content=\"540\" \/>\n\t<meta property=\"og:image:height\" content=\"390\" \/>\n\t<meta property=\"og:image:type\" content=\"image\/jpeg\" \/>\n<meta name=\"author\" content=\"n8n\" \/>\n<meta name=\"twitter:card\" content=\"summary_large_image\" \/>\n<meta name=\"twitter:title\" content=\"#EgoKiefer pr\u00e4sentiert neue #Fensterlinien an der #Swissbau 2026\" \/>\n<meta name=\"twitter:description\" content=\"Unter dem Motto \u00abLet the life in.\u00bb zeigt der Schweizer Fensterhersteller #EgoKiefer an der #Swissbau 2026 zwei neue Produktlinien.\" \/>\n<meta name=\"twitter:image\" content=\"https:\/\/www.organisator.ch\/wp-content\/uploads\/2026\/01\/EgoKiefer-praesentiert-neue-Fensterlinien-an-der-Swissbau-2026_Organisator.jpg\" \/>\n<script type=\"application\/ld+json\" class=\"yoast-schema-graph\">{\"@context\":\"https:\\\/\\\/schema.org\",\"@graph\":[{\"@type\":\"Article\",\"@id\":\"https:\\\/\\\/www.organisator.ch\\\/allgemein\\\/2026-01-19\\\/egokiefer-praesentiert-neue-fensterlinien-an-der-swissbau-2026\\\/#article\",\"isPartOf\":{\"@id\":\"https:\\\/\\\/www.organisator.ch\\\/allgemein\\\/2026-01-19\\\/egokiefer-praesentiert-neue-fensterlinien-an-der-swissbau-2026\\\/\"},\"author\":{\"name\":\"n8n\",\"@id\":\"https:\\\/\\\/www.organisator.ch\\\/#\\\/schema\\\/person\\\/a9d0e0eff238db87a8f840f3b50359f0\"},\"headline\":\"EgoKiefer pr\u00e4sentiert neue Fensterlinien an der Swissbau 2026\",\"datePublished\":\"2026-01-19T15:32:22+00:00\",\"mainEntityOfPage\":{\"@id\":\"https:\\\/\\\/www.organisator.ch\\\/allgemein\\\/2026-01-19\\\/egokiefer-praesentiert-neue-fensterlinien-an-der-swissbau-2026\\\/\"},\"wordCount\":418,\"publisher\":{\"@id\":\"https:\\\/\\\/www.organisator.ch\\\/#organization\"},\"image\":{\"@id\":\"https:\\\/\\\/www.organisator.ch\\\/allgemein\\\/2026-01-19\\\/egokiefer-praesentiert-neue-fensterlinien-an-der-swissbau-2026\\\/#primaryimage\"},\"thumbnailUrl\":\"https:\\\/\\\/www.organisator.ch\\\/wp-content\\\/uploads\\\/2026\\\/01\\\/EgoKiefer-praesentiert-neue-Fensterlinien-an-der-Swissbau-2026_Organisator.jpg\",\"keywords\":[\"Baubranche\",\"Fachkongress\\\/Fachmesse\",\"Produkte\"],\"articleSection\":[\"Allgemein\"],\"inLanguage\":\"it-IT\"},{\"@type\":\"WebPage\",\"@id\":\"https:\\\/\\\/www.organisator.ch\\\/allgemein\\\/2026-01-19\\\/egokiefer-praesentiert-neue-fensterlinien-an-der-swissbau-2026\\\/\",\"url\":\"https:\\\/\\\/www.organisator.ch\\\/allgemein\\\/2026-01-19\\\/egokiefer-praesentiert-neue-fensterlinien-an-der-swissbau-2026\\\/\",\"name\":\"EgoKiefer pr\u00e4sentiert neue Fensterlinien an der Swissbau 2026 - Organisator\",\"isPartOf\":{\"@id\":\"https:\\\/\\\/www.organisator.ch\\\/#website\"},\"primaryImageOfPage\":{\"@id\":\"https:\\\/\\\/www.organisator.ch\\\/allgemein\\\/2026-01-19\\\/egokiefer-praesentiert-neue-fensterlinien-an-der-swissbau-2026\\\/#primaryimage\"},\"image\":{\"@id\":\"https:\\\/\\\/www.organisator.ch\\\/allgemein\\\/2026-01-19\\\/egokiefer-praesentiert-neue-fensterlinien-an-der-swissbau-2026\\\/#primaryimage\"},\"thumbnailUrl\":\"https:\\\/\\\/www.organisator.ch\\\/wp-content\\\/uploads\\\/2026\\\/01\\\/EgoKiefer-praesentiert-neue-Fensterlinien-an-der-Swissbau-2026_Organisator.jpg\",\"datePublished\":\"2026-01-19T15:32:22+00:00\",\"description\":\"Unter dem Motto \u00abLet the life in.\u00bb zeigt der Schweizer Fensterhersteller EgoKiefer an der Swissbau 2026 zwei neue Produktlinien.\",\"breadcrumb\":{\"@id\":\"https:\\\/\\\/www.organisator.ch\\\/allgemein\\\/2026-01-19\\\/egokiefer-praesentiert-neue-fensterlinien-an-der-swissbau-2026\\\/#breadcrumb\"},\"inLanguage\":\"it-IT\",\"potentialAction\":[{\"@type\":\"ReadAction\",\"target\":[\"https:\\\/\\\/www.organisator.ch\\\/allgemein\\\/2026-01-19\\\/egokiefer-praesentiert-neue-fensterlinien-an-der-swissbau-2026\\\/\"]}]},{\"@type\":\"ImageObject\",\"inLanguage\":\"it-IT\",\"@id\":\"https:\\\/\\\/www.organisator.ch\\\/allgemein\\\/2026-01-19\\\/egokiefer-praesentiert-neue-fensterlinien-an-der-swissbau-2026\\\/#primaryimage\",\"url\":\"https:\\\/\\\/www.organisator.ch\\\/wp-content\\\/uploads\\\/2026\\\/01\\\/EgoKiefer-praesentiert-neue-Fensterlinien-an-der-Swissbau-2026_Organisator.jpg\",\"contentUrl\":\"https:\\\/\\\/www.organisator.ch\\\/wp-content\\\/uploads\\\/2026\\\/01\\\/EgoKiefer-praesentiert-neue-Fensterlinien-an-der-Swissbau-2026_Organisator.jpg\",\"width\":540,\"height\":390,\"caption\":\"Unter dem Messemotto \u00abLet the life in.\u00bb pr\u00e4sentiert EgoKiefer an der Swissbau 2026 neue Fensterl\u00f6sungen, die Nat\u00fcrlichkeit, Design und Energieeffizienz vereinen. (Quelle: EgoKiefer)\"},{\"@type\":\"BreadcrumbList\",\"@id\":\"https:\\\/\\\/www.organisator.ch\\\/allgemein\\\/2026-01-19\\\/egokiefer-praesentiert-neue-fensterlinien-an-der-swissbau-2026\\\/#breadcrumb\",\"itemListElement\":[{\"@type\":\"ListItem\",\"position\":1,\"name\":\"Home\",\"item\":\"https:\\\/\\\/www.organisator.ch\\\/\"},{\"@type\":\"ListItem\",\"position\":2,\"name\":\"EgoKiefer pr\u00e4sentiert neue Fensterlinien an der Swissbau 2026\"}]},{\"@type\":\"WebSite\",\"@id\":\"https:\\\/\\\/www.organisator.ch\\\/#website\",\"url\":\"https:\\\/\\\/www.organisator.ch\\\/\",\"name\":\"Organisator\",\"description\":\"Kompetent. Praxisnah. Der ORGANISATOR bereitet in 10 Ausgaben pro Jahr die wesentlichen Themen f\u00fcr F\u00fchrungskr\u00e4fte von KMU auf.\",\"publisher\":{\"@id\":\"https:\\\/\\\/www.organisator.ch\\\/#organization\"},\"potentialAction\":[{\"@type\":\"SearchAction\",\"target\":{\"@type\":\"EntryPoint\",\"urlTemplate\":\"https:\\\/\\\/www.organisator.ch\\\/?s={search_term_string}\"},\"query-input\":{\"@type\":\"PropertyValueSpecification\",\"valueRequired\":true,\"valueName\":\"search_term_string\"}}],\"inLanguage\":\"it-IT\"},{\"@type\":\"Organization\",\"@id\":\"https:\\\/\\\/www.organisator.ch\\\/#organization\",\"name\":\"Organisator\",\"url\":\"https:\\\/\\\/www.organisator.ch\\\/\",\"logo\":{\"@type\":\"ImageObject\",\"inLanguage\":\"it-IT\",\"@id\":\"https:\\\/\\\/www.organisator.ch\\\/#\\\/schema\\\/logo\\\/image\\\/\",\"url\":\"https:\\\/\\\/www.organisator.ch\\\/wp-content\\\/uploads\\\/2022\\\/01\\\/Logo_Organisator_Website.png\",\"contentUrl\":\"https:\\\/\\\/www.organisator.ch\\\/wp-content\\\/uploads\\\/2022\\\/01\\\/Logo_Organisator_Website.png\",\"width\":800,\"height\":77,\"caption\":\"Organisator\"},\"image\":{\"@id\":\"https:\\\/\\\/www.organisator.ch\\\/#\\\/schema\\\/logo\\\/image\\\/\"},\"sameAs\":[\"https:\\\/\\\/www.facebook.com\\\/OrganisatorFachmagazin\",\"https:\\\/\\\/www.linkedin.com\\\/showcase\\\/organisator-das-magazin-fr-kmu\",\"https:\\\/\\\/www.xing.com\\\/news\\\/pages\\\/organisator-ch-695\",\"https:\\\/\\\/www.youtube.com\\\/channel\\\/UCGP2Sq0iWaZwT3BdIAQFYpw\"]},{\"@type\":\"Person\",\"@id\":\"https:\\\/\\\/www.organisator.ch\\\/#\\\/schema\\\/person\\\/a9d0e0eff238db87a8f840f3b50359f0\",\"name\":\"n8n\",\"image\":{\"@type\":\"ImageObject\",\"inLanguage\":\"it-IT\",\"@id\":\"https:\\\/\\\/secure.gravatar.com\\\/avatar\\\/5368fb9d03fd415a6f335cece4c15af2502d6ca8651efbd6e8f98427a9795400?s=96&d=mm&r=g\",\"url\":\"https:\\\/\\\/secure.gravatar.com\\\/avatar\\\/5368fb9d03fd415a6f335cece4c15af2502d6ca8651efbd6e8f98427a9795400?s=96&d=mm&r=g\",\"contentUrl\":\"https:\\\/\\\/secure.gravatar.com\\\/avatar\\\/5368fb9d03fd415a6f335cece4c15af2502d6ca8651efbd6e8f98427a9795400?s=96&d=mm&r=g\",\"caption\":\"n8n\"},\"url\":\"https:\\\/\\\/www.organisator.ch\\\/it\\\/author\\\/n8n\\\/\"}]}<\/script>\n<!-- \/ Yoast SEO plugin. -->","yoast_head_json":{"title":"EgoKiefer presenta le nuove linee di finestre alla Swissbau 2026 - Organizzatore","description":"All'insegna del motto \u00abLet the life in\u00bb, il produttore svizzero di finestre EgoKiefer presenta due nuove linee di prodotti alla Swissbau 2026.","robots":{"index":"index","follow":"follow","max-snippet":"max-snippet:-1","max-image-preview":"max-image-preview:large","max-video-preview":"max-video-preview:-1"},"canonical":"https:\/\/www.organisator.ch\/it\/generale\/2026-01-19\/egokiefer-praesentiert-neue-fensterlinien-an-der-swissbau-2026\/","og_locale":"it_IT","og_type":"article","og_title":"EgoKiefer pr\u00e4sentiert neue Fensterlinien an der Swissbau 2026","og_description":"Unter dem Motto \u00abLet the life in.\u00bb zeigt der Schweizer Fensterhersteller EgoKiefer an der Swissbau 2026 zwei neue Produktlinien.","og_url":"https:\/\/www.organisator.ch\/it\/generale\/2026-01-19\/egokiefer-praesentiert-neue-fensterlinien-an-der-swissbau-2026\/","og_site_name":"Organisator","article_publisher":"https:\/\/www.facebook.com\/OrganisatorFachmagazin","article_published_time":"2026-01-19T15:32:22+00:00","og_image":[{"width":540,"height":390,"url":"https:\/\/www.organisator.ch\/wp-content\/uploads\/2026\/01\/EgoKiefer-praesentiert-neue-Fensterlinien-an-der-Swissbau-2026_Organisator.jpg","type":"image\/jpeg"}],"author":"n8n","twitter_card":"summary_large_image","twitter_title":"#EgoKiefer pr\u00e4sentiert neue #Fensterlinien an der #Swissbau 2026","twitter_description":"Unter dem Motto \u00abLet the life in.\u00bb zeigt der Schweizer Fensterhersteller #EgoKiefer an der #Swissbau 2026 zwei neue Produktlinien.","twitter_image":"https:\/\/www.organisator.ch\/wp-content\/uploads\/2026\/01\/EgoKiefer-praesentiert-neue-Fensterlinien-an-der-Swissbau-2026_Organisator.jpg","schema":{"@context":"https:\/\/schema.org","@graph":[{"@type":"Article","@id":"https:\/\/www.organisator.ch\/allgemein\/2026-01-19\/egokiefer-praesentiert-neue-fensterlinien-an-der-swissbau-2026\/#article","isPartOf":{"@id":"https:\/\/www.organisator.ch\/allgemein\/2026-01-19\/egokiefer-praesentiert-neue-fensterlinien-an-der-swissbau-2026\/"},"author":{"name":"n8n","@id":"https:\/\/www.organisator.ch\/#\/schema\/person\/a9d0e0eff238db87a8f840f3b50359f0"},"headline":"EgoKiefer pr\u00e4sentiert neue Fensterlinien an der Swissbau 2026","datePublished":"2026-01-19T15:32:22+00:00","mainEntityOfPage":{"@id":"https:\/\/www.organisator.ch\/allgemein\/2026-01-19\/egokiefer-praesentiert-neue-fensterlinien-an-der-swissbau-2026\/"},"wordCount":418,"publisher":{"@id":"https:\/\/www.organisator.ch\/#organization"},"image":{"@id":"https:\/\/www.organisator.ch\/allgemein\/2026-01-19\/egokiefer-praesentiert-neue-fensterlinien-an-der-swissbau-2026\/#primaryimage"},"thumbnailUrl":"https:\/\/www.organisator.ch\/wp-content\/uploads\/2026\/01\/EgoKiefer-praesentiert-neue-Fensterlinien-an-der-Swissbau-2026_Organisator.jpg","keywords":["Baubranche","Fachkongress\/Fachmesse","Produkte"],"articleSection":["Allgemein"],"inLanguage":"it-IT"},{"@type":"WebPage","@id":"https:\/\/www.organisator.ch\/allgemein\/2026-01-19\/egokiefer-praesentiert-neue-fensterlinien-an-der-swissbau-2026\/","url":"https:\/\/www.organisator.ch\/allgemein\/2026-01-19\/egokiefer-praesentiert-neue-fensterlinien-an-der-swissbau-2026\/","name":"EgoKiefer presenta le nuove linee di finestre alla Swissbau 2026 - Organizzatore","isPartOf":{"@id":"https:\/\/www.organisator.ch\/#website"},"primaryImageOfPage":{"@id":"https:\/\/www.organisator.ch\/allgemein\/2026-01-19\/egokiefer-praesentiert-neue-fensterlinien-an-der-swissbau-2026\/#primaryimage"},"image":{"@id":"https:\/\/www.organisator.ch\/allgemein\/2026-01-19\/egokiefer-praesentiert-neue-fensterlinien-an-der-swissbau-2026\/#primaryimage"},"thumbnailUrl":"https:\/\/www.organisator.ch\/wp-content\/uploads\/2026\/01\/EgoKiefer-praesentiert-neue-Fensterlinien-an-der-Swissbau-2026_Organisator.jpg","datePublished":"2026-01-19T15:32:22+00:00","description":"All'insegna del motto \u00abLet the life in\u00bb, il produttore svizzero di finestre EgoKiefer presenta due nuove linee di prodotti alla Swissbau 2026.","breadcrumb":{"@id":"https:\/\/www.organisator.ch\/allgemein\/2026-01-19\/egokiefer-praesentiert-neue-fensterlinien-an-der-swissbau-2026\/#breadcrumb"},"inLanguage":"it-IT","potentialAction":[{"@type":"ReadAction","target":["https:\/\/www.organisator.ch\/allgemein\/2026-01-19\/egokiefer-praesentiert-neue-fensterlinien-an-der-swissbau-2026\/"]}]},{"@type":"ImageObject","inLanguage":"it-IT","@id":"https:\/\/www.organisator.ch\/allgemein\/2026-01-19\/egokiefer-praesentiert-neue-fensterlinien-an-der-swissbau-2026\/#primaryimage","url":"https:\/\/www.organisator.ch\/wp-content\/uploads\/2026\/01\/EgoKiefer-praesentiert-neue-Fensterlinien-an-der-Swissbau-2026_Organisator.jpg","contentUrl":"https:\/\/www.organisator.ch\/wp-content\/uploads\/2026\/01\/EgoKiefer-praesentiert-neue-Fensterlinien-an-der-Swissbau-2026_Organisator.jpg","width":540,"height":390,"caption":"Unter dem Messemotto \u00abLet the life in.\u00bb pr\u00e4sentiert EgoKiefer an der Swissbau 2026 neue Fensterl\u00f6sungen, die Nat\u00fcrlichkeit, Design und Energieeffizienz vereinen. (Quelle: EgoKiefer)"},{"@type":"BreadcrumbList","@id":"https:\/\/www.organisator.ch\/allgemein\/2026-01-19\/egokiefer-praesentiert-neue-fensterlinien-an-der-swissbau-2026\/#breadcrumb","itemListElement":[{"@type":"ListItem","position":1,"name":"Home","item":"https:\/\/www.organisator.ch\/"},{"@type":"ListItem","position":2,"name":"EgoKiefer pr\u00e4sentiert neue Fensterlinien an der Swissbau 2026"}]},{"@type":"WebSite","@id":"https:\/\/www.organisator.ch\/#website","url":"https:\/\/www.organisator.ch\/","name":"Organizzatore","description":"Competente. Pratico. In 10 numeri all'anno, ORGANISATOR presenta i temi essenziali per i manager delle PMI.","publisher":{"@id":"https:\/\/www.organisator.ch\/#organization"},"potentialAction":[{"@type":"SearchAction","target":{"@type":"EntryPoint","urlTemplate":"https:\/\/www.organisator.ch\/?s={search_term_string}"},"query-input":{"@type":"PropertyValueSpecification","valueRequired":true,"valueName":"search_term_string"}}],"inLanguage":"it-IT"},{"@type":"Organization","@id":"https:\/\/www.organisator.ch\/#organization","name":"Organizzatore","url":"https:\/\/www.organisator.ch\/","logo":{"@type":"ImageObject","inLanguage":"it-IT","@id":"https:\/\/www.organisator.ch\/#\/schema\/logo\/image\/","url":"https:\/\/www.organisator.ch\/wp-content\/uploads\/2022\/01\/Logo_Organisator_Website.png","contentUrl":"https:\/\/www.organisator.ch\/wp-content\/uploads\/2022\/01\/Logo_Organisator_Website.png","width":800,"height":77,"caption":"Organisator"},"image":{"@id":"https:\/\/www.organisator.ch\/#\/schema\/logo\/image\/"},"sameAs":["https:\/\/www.facebook.com\/OrganisatorFachmagazin","https:\/\/www.linkedin.com\/showcase\/organisator-das-magazin-fr-kmu","https:\/\/www.xing.com\/news\/pages\/organisator-ch-695","https:\/\/www.youtube.com\/channel\/UCGP2Sq0iWaZwT3BdIAQFYpw"]},{"@type":"Person","@id":"https:\/\/www.organisator.ch\/#\/schema\/person\/a9d0e0eff238db87a8f840f3b50359f0","name":"n8n","image":{"@type":"ImageObject","inLanguage":"it-IT","@id":"https:\/\/secure.gravatar.com\/avatar\/5368fb9d03fd415a6f335cece4c15af2502d6ca8651efbd6e8f98427a9795400?s=96&d=mm&r=g","url":"https:\/\/secure.gravatar.com\/avatar\/5368fb9d03fd415a6f335cece4c15af2502d6ca8651efbd6e8f98427a9795400?s=96&d=mm&r=g","contentUrl":"https:\/\/secure.gravatar.com\/avatar\/5368fb9d03fd415a6f335cece4c15af2502d6ca8651efbd6e8f98427a9795400?s=96&d=mm&r=g","caption":"n8n"},"url":"https:\/\/www.organisator.ch\/it\/author\/n8n\/"}]}},"_links":{"self":[{"href":"https:\/\/www.organisator.ch\/it\/wp-json\/wp\/v2\/posts\/43313","targetHints":{"allow":["GET"]}}],"collection":[{"href":"https:\/\/www.organisator.ch\/it\/wp-json\/wp\/v2\/posts"}],"about":[{"href":"https:\/\/www.organisator.ch\/it\/wp-json\/wp\/v2\/types\/post"}],"author":[{"embeddable":true,"href":"https:\/\/www.organisator.ch\/it\/wp-json\/wp\/v2\/users\/107"}],"replies":[{"embeddable":true,"href":"https:\/\/www.organisator.ch\/it\/wp-json\/wp\/v2\/comments?post=43313"}],"version-history":[{"count":5,"href":"https:\/\/www.organisator.ch\/it\/wp-json\/wp\/v2\/posts\/43313\/revisions"}],"predecessor-version":[{"id":43407,"href":"https:\/\/www.organisator.ch\/it\/wp-json\/wp\/v2\/posts\/43313\/revisions\/43407"}],"wp:featuredmedia":[{"embeddable":true,"href":"https:\/\/www.organisator.ch\/it\/wp-json\/wp\/v2\/media\/43328"}],"wp:attachment":[{"href":"https:\/\/www.organisator.ch\/it\/wp-json\/wp\/v2\/media?parent=43313"}],"wp:term":[{"taxonomy":"category","embeddable":true,"href":"https:\/\/www.organisator.ch\/it\/wp-json\/wp\/v2\/categories?post=43313"},{"taxonomy":"post_tag","embeddable":true,"href":"https:\/\/www.organisator.ch\/it\/wp-json\/wp\/v2\/tags?post=43313"}],"curies":[{"name":"wp","href":"https:\/\/api.w.org\/{rel}","templated":true}]}}