{"id":4342,"date":"2018-10-09T15:45:04","date_gmt":"2018-10-09T13:45:04","guid":{"rendered":"https:\/\/www.organisator.ch\/?p=4342"},"modified":"2018-10-09T15:45:04","modified_gmt":"2018-10-09T13:45:04","slug":"125-jahre-sko-fuehrung-4-0-alles-aendert-sich","status":"publish","type":"post","link":"https:\/\/www.organisator.ch\/it\/allgemein\/2018-10-09\/125-jahre-sko-fuehrung-4-0-alles-aendert-sich\/","title":{"rendered":"125 anni di SKO: Leadership 4.0 - Tutto cambia?"},"content":{"rendered":"<figure id=\"attachment_4343\" aria-describedby=\"caption-attachment-4343\" style=\"width: 640px\" class=\"wp-caption alignnone\"><img loading=\"lazy\" decoding=\"async\" class=\"size-full wp-image-4343\" src=\"https:\/\/www.organisator.ch\/wp-content\/uploads\/2018\/10\/125-Jahre-SKO-Fuehrung-4.0-Alles-aendert-sich_Organisator.jpg\" alt=\"\" width=\"640\" height=\"246\" srcset=\"https:\/\/www.organisator.ch\/wp-content\/uploads\/2018\/10\/125-Jahre-SKO-Fuehrung-4.0-Alles-aendert-sich_Organisator.jpg 640w, https:\/\/www.organisator.ch\/wp-content\/uploads\/2018\/10\/125-Jahre-SKO-Fuehrung-4.0-Alles-aendert-sich_Organisator-16x6.jpg 16w, https:\/\/www.organisator.ch\/wp-content\/uploads\/2018\/10\/125-Jahre-SKO-Fuehrung-4.0-Alles-aendert-sich_Organisator-375x144.jpg 375w, https:\/\/www.organisator.ch\/wp-content\/uploads\/2018\/10\/125-Jahre-SKO-Fuehrung-4.0-Alles-aendert-sich_Organisator-300x115.jpg 300w\" sizes=\"auto, (max-width: 640px) 100vw, 640px\" \/><figcaption id=\"caption-attachment-4343\" class=\"wp-caption-text\">Dal 30 ottobre al 6 novembre 2018, la Swiss Cadre Organisation SKO festeggia il suo 125\u00b0 anniversario - con una mostra e conferenze.<\/figcaption><\/figure>\n<p>La SKO ha tradizione e peso: fondata nel 1893 come \"Schweizerischer Werkmeister-Verband\", conta oggi 11.000 membri. L'associazione \u00e8 attiva in tutta la Svizzera ed \u00e8 indipendente dai partiti politici. Si considera un centro di competenza per i manager di tutti i settori e offre ai suoi membri numerosi servizi nelle aree di formazione continua, servizi di carriera, consulenza legale e servizi finanziari e assicurativi.<\/p>\n<h2>Evento anniversario SKO<\/h2>\n<p>Come parte del 125\u00b0 anniversario della SKO con il motto <a href=\"http:\/\/www.swissleaders.org\/\">\"Leadership - la via svizzera<\/a>\", i panelisti competenti affronteranno il \"Futuro della Leadership Svizzera\". Visitate la mostra e discutete con la Prof. Dr. Stephanie Kaudela-Baum, il Prof. Christoph Negri e i due leader del mondo digitalizzato, Marc Blindenbacher, Swisscom, e Mathias Brenner, Sherpany, sul tema <strong>\"Leadership 4.0 - Tutto cambia?\".<\/strong><\/p>\n<p>L'unica costante \u00e8 il cambiamento, non solo nell'era della digitalizzazione. Cosa sta cambiando per la leadership futura? Cosa rimane lo stesso? Dove trovano orientamento e sostegno i dipendenti in strutture complesse e dinamiche? Quali sono le maggiori sfide e i fattori di successo per i leader di oggi?<\/p>\n<p>Partecipa alla discussione, fai rete e lasciati ispirare dai ritratti delle 24 personalit\u00e0 al successivo vernissage della mostra dell'anniversario SKO, che mostra cosa rende speciale la leadership svizzera. E cosa serve per posizionare la Svizzera come un paese di opportunit\u00e0 in futuro.<\/p>\n<h2>Programma<\/h2>\n<ul>\n<li>17.30 Ingresso e drink di benvenuto, apertura della mostra<\/li>\n<li>18.00 p.m. Benvenuto da Peter Scheidegger, membro della direzione dell'associazione SKO<\/li>\n<li>Ore 18.10 Discorsi programmatici della Prof. Dr. Stephanie Kaudela-Baum, responsabile della direzione generale del CC presso la HSLU e del Prof. Dr. Christoph Negri, responsabile dell'Istituto di Psicologia Applicata IAP di Zurigo<\/li>\n<li>19.15 Tavola rotonda con la Prof. Dr Stephanie Kaudela-Baum, il Prof. Dr Christoph Negri, Marc Blindenbacher, Swisscom e Mathias Brenner, Sherpany, presieduta da Sunnie Groeneveld<\/li>\n<li>dalle 20.00 h Vernissage Exhibition e Networking Ap\u00e9ro<\/li>\n<\/ul>\n<p><a href=\"https:\/\/www.sko.ch\/veranstaltungen\/125-jahr-an-sko-asc\/125-jahre-sko-fuehrung-4-0-alles-aendert-sich-20181106\"><strong><em>Assicurati il tuo posto ora!<\/em><\/strong><\/a><\/p>","protected":false},"excerpt":{"rendered":"<p>Die SKO hat Tradition und Gewicht: 1893 als \u00abSchweizerischer Werkmeister-Verband\u00bb gegr\u00fcndet, z\u00e4hlt sie heute 11\u2018000 Mitglieder. Der Verband ist gesamtschweizerisch t\u00e4tig und parteipolitisch unabh\u00e4ngig.\u00a0Er versteht sich als Kompetenzzentrum f\u00fcr F\u00fchrungskr\u00e4fte aller Branchen und offeriert ihren Mitgliedern zahlreiche Angebote in den Bereichen Weiterbildung, Karriere-Service, Rechtsberatung sowie Finanz- und Versicherungsdienstleistungen. SKO-Jubil\u00e4umsanlass Im Rahmen des 125-Jahre Jubil\u00e4ums der [&hellip;]<\/p>\n","protected":false},"author":4,"featured_media":4343,"comment_status":"open","ping_status":"open","sticky":false,"template":"","format":"standard","meta":{"_acf_changed":false,"_yoast_wpseo_focuskw":"SKO","_yoast_wpseo_metadesc":"Vom 30. Oktober bis zum 6. November 2018 feiert die Schweizer Kader Organisation SKO ihr 125-Jahr-Jubil\u00e4um in Luzern.","articlekey":"","footnotes":""},"categories":[1],"tags":[292,502,503,508],"class_list":["post-4342","post","type-post","status-publish","format-standard","has-post-thumbnail","hentry","category-allgemein","tag-jubilaeum","tag-veranstaltungen","tag-verbaende","tag-vermischtes"],"acf":[],"yoast_head":"<!-- This site is optimized with the Yoast SEO plugin v27.5 - https:\/\/yoast.com\/product\/yoast-seo-wordpress\/ -->\n<title>125 Jahre SKO: F\u00fchrung 4.0 \u2013 Alles \u00e4ndert sich? - Organisator<\/title>\n<meta name=\"description\" content=\"Vom 30. Oktober bis zum 6. November 2018 feiert die Schweizer Kader Organisation SKO ihr 125-Jahr-Jubil\u00e4um in Luzern.\" \/>\n<meta name=\"robots\" content=\"index, follow, max-snippet:-1, max-image-preview:large, max-video-preview:-1\" \/>\n<link rel=\"canonical\" href=\"https:\/\/www.organisator.ch\/it\/generale\/2018-10-09\/125-jahre-sko-fuehrung-4-0-alles-aendert-sich\/\" \/>\n<meta property=\"og:locale\" content=\"it_IT\" \/>\n<meta property=\"og:type\" content=\"article\" \/>\n<meta property=\"og:title\" content=\"125 Jahre SKO: F\u00fchrung 4.0 \u2013 Alles \u00e4ndert sich?\" \/>\n<meta property=\"og:description\" content=\"Vom 30. Oktober bis zum 6. November 2018 feiert die Schweizer Kader Organisation SKO ihr 125-Jahr-Jubil\u00e4um in Luzern.\" \/>\n<meta property=\"og:url\" content=\"https:\/\/www.organisator.ch\/it\/generale\/2018-10-09\/125-jahre-sko-fuehrung-4-0-alles-aendert-sich\/\" \/>\n<meta property=\"og:site_name\" content=\"Organisator\" \/>\n<meta property=\"article:publisher\" content=\"https:\/\/www.facebook.com\/OrganisatorFachmagazin\" \/>\n<meta property=\"article:published_time\" content=\"2018-10-09T13:45:04+00:00\" \/>\n<meta property=\"og:image\" content=\"https:\/\/www.organisator.ch\/wp-content\/uploads\/2018\/10\/125-Jahre-SKO-Fuehrung-4.0-Alles-aendert-sich_Organisator.jpg\" \/>\n\t<meta property=\"og:image:width\" content=\"640\" \/>\n\t<meta property=\"og:image:height\" content=\"246\" \/>\n\t<meta property=\"og:image:type\" content=\"image\/jpeg\" \/>\n<meta name=\"author\" content=\"thomas.berner\" \/>\n<meta name=\"twitter:card\" content=\"summary_large_image\" \/>\n<meta name=\"twitter:title\" content=\"125 Jahre #SKO: F\u00fchrung 4.0 \u2013 Alles \u00e4ndert sich?\" \/>\n<meta name=\"twitter:description\" content=\"Vom 30. Oktober bis zum 6. November 2018 feiert die Schweizer Kader Organisation #SKO ihr 125-Jahr-Jubil\u00e4um in Luzern.\" \/>\n<meta name=\"twitter:image\" content=\"https:\/\/www.organisator.ch\/wp-content\/uploads\/2018\/10\/125-Jahre-SKO-F\u00fchrung-4.0-Alles-\u00e4ndert-sich_Organisator.jpg\" \/>\n<script type=\"application\/ld+json\" class=\"yoast-schema-graph\">{\"@context\":\"https:\\\/\\\/schema.org\",\"@graph\":[{\"@type\":\"Article\",\"@id\":\"https:\\\/\\\/www.organisator.ch\\\/en\\\/general\\\/2018-10-09\\\/125-jahre-sko-fuehrung-4-0-alles-aendert-sich\\\/#article\",\"isPartOf\":{\"@id\":\"https:\\\/\\\/www.organisator.ch\\\/en\\\/general\\\/2018-10-09\\\/125-jahre-sko-fuehrung-4-0-alles-aendert-sich\\\/\"},\"author\":{\"name\":\"thomas.berner\",\"@id\":\"https:\\\/\\\/www.organisator.ch\\\/#\\\/schema\\\/person\\\/6f650f90b2842cd4c0cc334b4e36f67e\"},\"headline\":\"125 Jahre SKO: F\u00fchrung 4.0 \u2013 Alles \u00e4ndert sich?\",\"datePublished\":\"2018-10-09T13:45:04+00:00\",\"mainEntityOfPage\":{\"@id\":\"https:\\\/\\\/www.organisator.ch\\\/en\\\/general\\\/2018-10-09\\\/125-jahre-sko-fuehrung-4-0-alles-aendert-sich\\\/\"},\"wordCount\":332,\"commentCount\":0,\"publisher\":{\"@id\":\"https:\\\/\\\/www.organisator.ch\\\/#organization\"},\"image\":{\"@id\":\"https:\\\/\\\/www.organisator.ch\\\/en\\\/general\\\/2018-10-09\\\/125-jahre-sko-fuehrung-4-0-alles-aendert-sich\\\/#primaryimage\"},\"thumbnailUrl\":\"https:\\\/\\\/www.organisator.ch\\\/wp-content\\\/uploads\\\/2018\\\/10\\\/125-Jahre-SKO-Fuehrung-4.0-Alles-aendert-sich_Organisator.jpg\",\"keywords\":[\"Jubil\u00e4um\",\"Veranstaltungen\",\"Verb\u00e4nde\",\"Vermischtes\"],\"articleSection\":[\"Allgemein\"],\"inLanguage\":\"it-IT\"},{\"@type\":\"WebPage\",\"@id\":\"https:\\\/\\\/www.organisator.ch\\\/en\\\/general\\\/2018-10-09\\\/125-jahre-sko-fuehrung-4-0-alles-aendert-sich\\\/\",\"url\":\"https:\\\/\\\/www.organisator.ch\\\/en\\\/general\\\/2018-10-09\\\/125-jahre-sko-fuehrung-4-0-alles-aendert-sich\\\/\",\"name\":\"125 Jahre SKO: F\u00fchrung 4.0 \u2013 Alles \u00e4ndert sich? - Organisator\",\"isPartOf\":{\"@id\":\"https:\\\/\\\/www.organisator.ch\\\/#website\"},\"primaryImageOfPage\":{\"@id\":\"https:\\\/\\\/www.organisator.ch\\\/en\\\/general\\\/2018-10-09\\\/125-jahre-sko-fuehrung-4-0-alles-aendert-sich\\\/#primaryimage\"},\"image\":{\"@id\":\"https:\\\/\\\/www.organisator.ch\\\/en\\\/general\\\/2018-10-09\\\/125-jahre-sko-fuehrung-4-0-alles-aendert-sich\\\/#primaryimage\"},\"thumbnailUrl\":\"https:\\\/\\\/www.organisator.ch\\\/wp-content\\\/uploads\\\/2018\\\/10\\\/125-Jahre-SKO-Fuehrung-4.0-Alles-aendert-sich_Organisator.jpg\",\"datePublished\":\"2018-10-09T13:45:04+00:00\",\"description\":\"Vom 30. Oktober bis zum 6. November 2018 feiert die Schweizer Kader Organisation SKO ihr 125-Jahr-Jubil\u00e4um in Luzern.\",\"breadcrumb\":{\"@id\":\"https:\\\/\\\/www.organisator.ch\\\/en\\\/general\\\/2018-10-09\\\/125-jahre-sko-fuehrung-4-0-alles-aendert-sich\\\/#breadcrumb\"},\"inLanguage\":\"it-IT\",\"potentialAction\":[{\"@type\":\"ReadAction\",\"target\":[\"https:\\\/\\\/www.organisator.ch\\\/en\\\/general\\\/2018-10-09\\\/125-jahre-sko-fuehrung-4-0-alles-aendert-sich\\\/\"]}]},{\"@type\":\"ImageObject\",\"inLanguage\":\"it-IT\",\"@id\":\"https:\\\/\\\/www.organisator.ch\\\/en\\\/general\\\/2018-10-09\\\/125-jahre-sko-fuehrung-4-0-alles-aendert-sich\\\/#primaryimage\",\"url\":\"https:\\\/\\\/www.organisator.ch\\\/wp-content\\\/uploads\\\/2018\\\/10\\\/125-Jahre-SKO-Fuehrung-4.0-Alles-aendert-sich_Organisator.jpg\",\"contentUrl\":\"https:\\\/\\\/www.organisator.ch\\\/wp-content\\\/uploads\\\/2018\\\/10\\\/125-Jahre-SKO-Fuehrung-4.0-Alles-aendert-sich_Organisator.jpg\",\"width\":640,\"height\":246,\"caption\":\"Vom 30. Oktober bis 6. November 2018 feiert die Schweizer Kader Organisation SKO ihr 125-j\u00e4hriges Bestehen - mit einer Ausstellung und mit Vortr\u00e4gen.\"},{\"@type\":\"BreadcrumbList\",\"@id\":\"https:\\\/\\\/www.organisator.ch\\\/en\\\/general\\\/2018-10-09\\\/125-jahre-sko-fuehrung-4-0-alles-aendert-sich\\\/#breadcrumb\",\"itemListElement\":[{\"@type\":\"ListItem\",\"position\":1,\"name\":\"Home\",\"item\":\"https:\\\/\\\/www.organisator.ch\\\/\"},{\"@type\":\"ListItem\",\"position\":2,\"name\":\"125 Jahre SKO: F\u00fchrung 4.0 \u2013 Alles \u00e4ndert sich?\"}]},{\"@type\":\"WebSite\",\"@id\":\"https:\\\/\\\/www.organisator.ch\\\/#website\",\"url\":\"https:\\\/\\\/www.organisator.ch\\\/\",\"name\":\"Organisator\",\"description\":\"Kompetent. Praxisnah. Der ORGANISATOR bereitet in 10 Ausgaben pro Jahr die wesentlichen Themen f\u00fcr F\u00fchrungskr\u00e4fte von KMU auf.\",\"publisher\":{\"@id\":\"https:\\\/\\\/www.organisator.ch\\\/#organization\"},\"potentialAction\":[{\"@type\":\"SearchAction\",\"target\":{\"@type\":\"EntryPoint\",\"urlTemplate\":\"https:\\\/\\\/www.organisator.ch\\\/?s={search_term_string}\"},\"query-input\":{\"@type\":\"PropertyValueSpecification\",\"valueRequired\":true,\"valueName\":\"search_term_string\"}}],\"inLanguage\":\"it-IT\"},{\"@type\":\"Organization\",\"@id\":\"https:\\\/\\\/www.organisator.ch\\\/#organization\",\"name\":\"Organisator\",\"url\":\"https:\\\/\\\/www.organisator.ch\\\/\",\"logo\":{\"@type\":\"ImageObject\",\"inLanguage\":\"it-IT\",\"@id\":\"https:\\\/\\\/www.organisator.ch\\\/#\\\/schema\\\/logo\\\/image\\\/\",\"url\":\"https:\\\/\\\/www.organisator.ch\\\/wp-content\\\/uploads\\\/2022\\\/01\\\/Logo_Organisator_Website.png\",\"contentUrl\":\"https:\\\/\\\/www.organisator.ch\\\/wp-content\\\/uploads\\\/2022\\\/01\\\/Logo_Organisator_Website.png\",\"width\":800,\"height\":77,\"caption\":\"Organisator\"},\"image\":{\"@id\":\"https:\\\/\\\/www.organisator.ch\\\/#\\\/schema\\\/logo\\\/image\\\/\"},\"sameAs\":[\"https:\\\/\\\/www.facebook.com\\\/OrganisatorFachmagazin\",\"https:\\\/\\\/www.linkedin.com\\\/showcase\\\/organisator-das-magazin-fr-kmu\",\"https:\\\/\\\/www.xing.com\\\/news\\\/pages\\\/organisator-ch-695\",\"https:\\\/\\\/www.youtube.com\\\/channel\\\/UCGP2Sq0iWaZwT3BdIAQFYpw\"]},{\"@type\":\"Person\",\"@id\":\"https:\\\/\\\/www.organisator.ch\\\/#\\\/schema\\\/person\\\/6f650f90b2842cd4c0cc334b4e36f67e\",\"name\":\"thomas.berner\",\"image\":{\"@type\":\"ImageObject\",\"inLanguage\":\"it-IT\",\"@id\":\"https:\\\/\\\/secure.gravatar.com\\\/avatar\\\/ac5001d2a36cb6c6cd3e50789007ffca834b477b74a2144564522e944eabff61?s=96&d=mm&r=g\",\"url\":\"https:\\\/\\\/secure.gravatar.com\\\/avatar\\\/ac5001d2a36cb6c6cd3e50789007ffca834b477b74a2144564522e944eabff61?s=96&d=mm&r=g\",\"contentUrl\":\"https:\\\/\\\/secure.gravatar.com\\\/avatar\\\/ac5001d2a36cb6c6cd3e50789007ffca834b477b74a2144564522e944eabff61?s=96&d=mm&r=g\",\"caption\":\"thomas.berner\"},\"url\":\"https:\\\/\\\/www.organisator.ch\\\/it\\\/author\\\/thomas-berner\\\/\"}]}<\/script>\n<!-- \/ Yoast SEO plugin. -->","yoast_head_json":{"title":"125 anni di SKO: Leadership 4.0 - Tutto cambia? - Organizzatore","description":"Dal 30 ottobre al 6 novembre 2018, l'Organizzazione svizzera dei quadri SKO celebrer\u00e0 il suo 125\u00b0 anniversario a Lucerna.","robots":{"index":"index","follow":"follow","max-snippet":"max-snippet:-1","max-image-preview":"max-image-preview:large","max-video-preview":"max-video-preview:-1"},"canonical":"https:\/\/www.organisator.ch\/it\/generale\/2018-10-09\/125-jahre-sko-fuehrung-4-0-alles-aendert-sich\/","og_locale":"it_IT","og_type":"article","og_title":"125 Jahre SKO: F\u00fchrung 4.0 \u2013 Alles \u00e4ndert sich?","og_description":"Vom 30. Oktober bis zum 6. November 2018 feiert die Schweizer Kader Organisation SKO ihr 125-Jahr-Jubil\u00e4um in Luzern.","og_url":"https:\/\/www.organisator.ch\/it\/generale\/2018-10-09\/125-jahre-sko-fuehrung-4-0-alles-aendert-sich\/","og_site_name":"Organisator","article_publisher":"https:\/\/www.facebook.com\/OrganisatorFachmagazin","article_published_time":"2018-10-09T13:45:04+00:00","og_image":[{"width":640,"height":246,"url":"https:\/\/www.organisator.ch\/wp-content\/uploads\/2018\/10\/125-Jahre-SKO-Fuehrung-4.0-Alles-aendert-sich_Organisator.jpg","type":"image\/jpeg"}],"author":"thomas.berner","twitter_card":"summary_large_image","twitter_title":"125 Jahre #SKO: F\u00fchrung 4.0 \u2013 Alles \u00e4ndert sich?","twitter_description":"Vom 30. Oktober bis zum 6. November 2018 feiert die Schweizer Kader Organisation #SKO ihr 125-Jahr-Jubil\u00e4um in Luzern.","twitter_image":"https:\/\/www.organisator.ch\/wp-content\/uploads\/2018\/10\/125-Jahre-SKO-F\u00fchrung-4.0-Alles-\u00e4ndert-sich_Organisator.jpg","schema":{"@context":"https:\/\/schema.org","@graph":[{"@type":"Article","@id":"https:\/\/www.organisator.ch\/en\/general\/2018-10-09\/125-jahre-sko-fuehrung-4-0-alles-aendert-sich\/#article","isPartOf":{"@id":"https:\/\/www.organisator.ch\/en\/general\/2018-10-09\/125-jahre-sko-fuehrung-4-0-alles-aendert-sich\/"},"author":{"name":"thomas.berner","@id":"https:\/\/www.organisator.ch\/#\/schema\/person\/6f650f90b2842cd4c0cc334b4e36f67e"},"headline":"125 Jahre SKO: F\u00fchrung 4.0 \u2013 Alles \u00e4ndert sich?","datePublished":"2018-10-09T13:45:04+00:00","mainEntityOfPage":{"@id":"https:\/\/www.organisator.ch\/en\/general\/2018-10-09\/125-jahre-sko-fuehrung-4-0-alles-aendert-sich\/"},"wordCount":332,"commentCount":0,"publisher":{"@id":"https:\/\/www.organisator.ch\/#organization"},"image":{"@id":"https:\/\/www.organisator.ch\/en\/general\/2018-10-09\/125-jahre-sko-fuehrung-4-0-alles-aendert-sich\/#primaryimage"},"thumbnailUrl":"https:\/\/www.organisator.ch\/wp-content\/uploads\/2018\/10\/125-Jahre-SKO-Fuehrung-4.0-Alles-aendert-sich_Organisator.jpg","keywords":["Jubil\u00e4um","Veranstaltungen","Verb\u00e4nde","Vermischtes"],"articleSection":["Allgemein"],"inLanguage":"it-IT"},{"@type":"WebPage","@id":"https:\/\/www.organisator.ch\/en\/general\/2018-10-09\/125-jahre-sko-fuehrung-4-0-alles-aendert-sich\/","url":"https:\/\/www.organisator.ch\/en\/general\/2018-10-09\/125-jahre-sko-fuehrung-4-0-alles-aendert-sich\/","name":"125 anni di SKO: Leadership 4.0 - Tutto cambia? - Organizzatore","isPartOf":{"@id":"https:\/\/www.organisator.ch\/#website"},"primaryImageOfPage":{"@id":"https:\/\/www.organisator.ch\/en\/general\/2018-10-09\/125-jahre-sko-fuehrung-4-0-alles-aendert-sich\/#primaryimage"},"image":{"@id":"https:\/\/www.organisator.ch\/en\/general\/2018-10-09\/125-jahre-sko-fuehrung-4-0-alles-aendert-sich\/#primaryimage"},"thumbnailUrl":"https:\/\/www.organisator.ch\/wp-content\/uploads\/2018\/10\/125-Jahre-SKO-Fuehrung-4.0-Alles-aendert-sich_Organisator.jpg","datePublished":"2018-10-09T13:45:04+00:00","description":"Dal 30 ottobre al 6 novembre 2018, l'Organizzazione svizzera dei quadri SKO celebrer\u00e0 il suo 125\u00b0 anniversario a Lucerna.","breadcrumb":{"@id":"https:\/\/www.organisator.ch\/en\/general\/2018-10-09\/125-jahre-sko-fuehrung-4-0-alles-aendert-sich\/#breadcrumb"},"inLanguage":"it-IT","potentialAction":[{"@type":"ReadAction","target":["https:\/\/www.organisator.ch\/en\/general\/2018-10-09\/125-jahre-sko-fuehrung-4-0-alles-aendert-sich\/"]}]},{"@type":"ImageObject","inLanguage":"it-IT","@id":"https:\/\/www.organisator.ch\/en\/general\/2018-10-09\/125-jahre-sko-fuehrung-4-0-alles-aendert-sich\/#primaryimage","url":"https:\/\/www.organisator.ch\/wp-content\/uploads\/2018\/10\/125-Jahre-SKO-Fuehrung-4.0-Alles-aendert-sich_Organisator.jpg","contentUrl":"https:\/\/www.organisator.ch\/wp-content\/uploads\/2018\/10\/125-Jahre-SKO-Fuehrung-4.0-Alles-aendert-sich_Organisator.jpg","width":640,"height":246,"caption":"Vom 30. Oktober bis 6. November 2018 feiert die Schweizer Kader Organisation SKO ihr 125-j\u00e4hriges Bestehen - mit einer Ausstellung und mit Vortr\u00e4gen."},{"@type":"BreadcrumbList","@id":"https:\/\/www.organisator.ch\/en\/general\/2018-10-09\/125-jahre-sko-fuehrung-4-0-alles-aendert-sich\/#breadcrumb","itemListElement":[{"@type":"ListItem","position":1,"name":"Home","item":"https:\/\/www.organisator.ch\/"},{"@type":"ListItem","position":2,"name":"125 Jahre SKO: F\u00fchrung 4.0 \u2013 Alles \u00e4ndert sich?"}]},{"@type":"WebSite","@id":"https:\/\/www.organisator.ch\/#website","url":"https:\/\/www.organisator.ch\/","name":"Organizzatore","description":"Competente. Pratico. In 10 numeri all'anno, ORGANISATOR presenta i temi essenziali per i manager delle PMI.","publisher":{"@id":"https:\/\/www.organisator.ch\/#organization"},"potentialAction":[{"@type":"SearchAction","target":{"@type":"EntryPoint","urlTemplate":"https:\/\/www.organisator.ch\/?s={search_term_string}"},"query-input":{"@type":"PropertyValueSpecification","valueRequired":true,"valueName":"search_term_string"}}],"inLanguage":"it-IT"},{"@type":"Organization","@id":"https:\/\/www.organisator.ch\/#organization","name":"Organizzatore","url":"https:\/\/www.organisator.ch\/","logo":{"@type":"ImageObject","inLanguage":"it-IT","@id":"https:\/\/www.organisator.ch\/#\/schema\/logo\/image\/","url":"https:\/\/www.organisator.ch\/wp-content\/uploads\/2022\/01\/Logo_Organisator_Website.png","contentUrl":"https:\/\/www.organisator.ch\/wp-content\/uploads\/2022\/01\/Logo_Organisator_Website.png","width":800,"height":77,"caption":"Organisator"},"image":{"@id":"https:\/\/www.organisator.ch\/#\/schema\/logo\/image\/"},"sameAs":["https:\/\/www.facebook.com\/OrganisatorFachmagazin","https:\/\/www.linkedin.com\/showcase\/organisator-das-magazin-fr-kmu","https:\/\/www.xing.com\/news\/pages\/organisator-ch-695","https:\/\/www.youtube.com\/channel\/UCGP2Sq0iWaZwT3BdIAQFYpw"]},{"@type":"Person","@id":"https:\/\/www.organisator.ch\/#\/schema\/person\/6f650f90b2842cd4c0cc334b4e36f67e","name":"Tommaso.berner","image":{"@type":"ImageObject","inLanguage":"it-IT","@id":"https:\/\/secure.gravatar.com\/avatar\/ac5001d2a36cb6c6cd3e50789007ffca834b477b74a2144564522e944eabff61?s=96&d=mm&r=g","url":"https:\/\/secure.gravatar.com\/avatar\/ac5001d2a36cb6c6cd3e50789007ffca834b477b74a2144564522e944eabff61?s=96&d=mm&r=g","contentUrl":"https:\/\/secure.gravatar.com\/avatar\/ac5001d2a36cb6c6cd3e50789007ffca834b477b74a2144564522e944eabff61?s=96&d=mm&r=g","caption":"thomas.berner"},"url":"https:\/\/www.organisator.ch\/it\/author\/thomas-berner\/"}]}},"_links":{"self":[{"href":"https:\/\/www.organisator.ch\/it\/wp-json\/wp\/v2\/posts\/4342","targetHints":{"allow":["GET"]}}],"collection":[{"href":"https:\/\/www.organisator.ch\/it\/wp-json\/wp\/v2\/posts"}],"about":[{"href":"https:\/\/www.organisator.ch\/it\/wp-json\/wp\/v2\/types\/post"}],"author":[{"embeddable":true,"href":"https:\/\/www.organisator.ch\/it\/wp-json\/wp\/v2\/users\/4"}],"replies":[{"embeddable":true,"href":"https:\/\/www.organisator.ch\/it\/wp-json\/wp\/v2\/comments?post=4342"}],"version-history":[{"count":0,"href":"https:\/\/www.organisator.ch\/it\/wp-json\/wp\/v2\/posts\/4342\/revisions"}],"wp:featuredmedia":[{"embeddable":true,"href":"https:\/\/www.organisator.ch\/it\/wp-json\/wp\/v2\/media\/4343"}],"wp:attachment":[{"href":"https:\/\/www.organisator.ch\/it\/wp-json\/wp\/v2\/media?parent=4342"}],"wp:term":[{"taxonomy":"category","embeddable":true,"href":"https:\/\/www.organisator.ch\/it\/wp-json\/wp\/v2\/categories?post=4342"},{"taxonomy":"post_tag","embeddable":true,"href":"https:\/\/www.organisator.ch\/it\/wp-json\/wp\/v2\/tags?post=4342"}],"curies":[{"name":"wp","href":"https:\/\/api.w.org\/{rel}","templated":true}]}}