{"id":43422,"date":"2026-01-28T10:10:52","date_gmt":"2026-01-28T09:10:52","guid":{"rendered":"https:\/\/www.organisator.ch\/?p=43422"},"modified":"2026-03-02T10:29:37","modified_gmt":"2026-03-02T09:29:37","slug":"frederic-alran-von-workday-fuer-uns-steht-der-mensch-klar-im-mittelpunkt","status":"publish","type":"post","link":"https:\/\/www.organisator.ch\/it\/human-resources\/2026-01-28\/frederic-alran-von-workday-fuer-uns-steht-der-mensch-klar-im-mittelpunkt\/","title":{"rendered":"Fr\u00e9d\u00e9ric Alran di Workday: \u00abPer noi l'attenzione \u00e8 chiaramente rivolta alle persone\u00bb.\u00bb"},"content":{"rendered":"<figure id=\"attachment_43746\" aria-describedby=\"caption-attachment-43746\" style=\"width: 680px\" class=\"wp-caption alignnone\"><img loading=\"lazy\" decoding=\"async\" class=\"size-full wp-image-43746\" src=\"https:\/\/www.organisator.ch\/wp-content\/uploads\/2026\/01\/Frederic-Alran-von-Workday-Fuer-uns-steht-der-Mensch-klar-im-Mittelpunkt-Neu_Organisator.jpg\" alt=\"\" width=\"680\" height=\"522\" srcset=\"https:\/\/www.organisator.ch\/wp-content\/uploads\/2026\/01\/Frederic-Alran-von-Workday-Fuer-uns-steht-der-Mensch-klar-im-Mittelpunkt-Neu_Organisator.jpg 680w, https:\/\/www.organisator.ch\/wp-content\/uploads\/2026\/01\/Frederic-Alran-von-Workday-Fuer-uns-steht-der-Mensch-klar-im-Mittelpunkt-Neu_Organisator-16x12.jpg 16w, https:\/\/www.organisator.ch\/wp-content\/uploads\/2026\/01\/Frederic-Alran-von-Workday-Fuer-uns-steht-der-Mensch-klar-im-Mittelpunkt-Neu_Organisator-375x288.jpg 375w, https:\/\/www.organisator.ch\/wp-content\/uploads\/2026\/01\/Frederic-Alran-von-Workday-Fuer-uns-steht-der-Mensch-klar-im-Mittelpunkt-Neu_Organisator-456x350.jpg 456w\" sizes=\"auto, (max-width: 680px) 100vw, 680px\" \/><figcaption id=\"caption-attachment-43746\" class=\"wp-caption-text\">Fr\u00e9d\u00e9ric Alran, vicepresidente di Workday Svizzera, parla delle tendenze attuali nella gestione dei talenti. (Immagine: zVg \/ Workday)<\/figcaption><\/figure>\n<p>Secondo lo studio \u00abGlobal State of Skills\u00bb, i dirigenti di Austria e Svizzera si concentrano sempre pi\u00f9 sulle strategie di forza lavoro basate sulle competenze. Le aziende vogliono contrastare la carenza di manodopera qualificata e prepararsi a un mondo del lavoro in rapida evoluzione. Pi\u00f9 della met\u00e0 dei manager della regione DACH (54 %) considera la futura carenza di competenze come un rischio importante. Abbiamo parlato con Fr\u00e9d\u00e9ric Alran, Vicepresidente di Workday Svizzera, di alcuni risultati dello studio.\u00a0<\/p>\n<p><strong>Signor Alran, uno studio pubblicato da Workday a met\u00e0 del 2025 mostra che le aziende austriache sono leader nelle strategie di assunzione basate sulle competenze, seguite da Germania e Svizzera. Come spiega queste differenze tra i Paesi DACH?<\/strong><\/p>\n<p><em>Fr\u00e9d\u00e9ric Alran:<\/em> L'apertura delle aziende austriache alle assunzioni basate sulle competenze si spiega, tra l'altro, con la situazione del mercato del lavoro. Il bacino di talenti \u00e8 limitato e la carenza di manodopera qualificata \u00e8 chiaramente percepibile in molti settori, il che significa che i profili tradizionali dei requisiti non sono sempre sufficienti. Molte aziende austriache stanno reagendo in modo pragmatico a questa situazione e si concentrano maggiormente su competenze ed esperienze specifiche.<\/p>\n<p><strong>Dove vede la maggiore necessit\u00e0 di recuperare il ritardo in Svizzera?<\/strong><\/p>\n<p>La Svizzera \u00e8 molto avanzata dal punto di vista strategico quando si tratta di competenze, in particolare per quanto riguarda la formazione continua e le competenze digitali. Tuttavia, vediamo che il maggior bisogno di recuperare \u00e8 quando si tratta di collegare in modo coerente le strategie per le competenze con gli obiettivi aziendali generali. Molte aziende stanno ancora lottando per rendere sistematicamente visibili le competenze e gestirle all'interno dell'organizzazione. Finora ci si \u00e8 concentrati pi\u00f9 sullo sviluppo che sull'utilizzo olistico dei dati sulle competenze, ad esempio per la mobilit\u00e0 interna, la pianificazione della forza lavoro o il reclutamento. A nostro avviso, \u00e8 proprio qui che si trova il potenziale maggiore.<\/p>\n<p><strong>In generale, nei Paesi DACH c'\u00e8 una grande apertura verso i modelli basati sulle competenze. Secondo lei, quali sono le ragioni di questa apertura?<\/strong><\/p>\n<p>La continua carenza di lavoratori qualificati, la rapida evoluzione tecnologica e i nuovi requisiti derivanti dalla digitalizzazione e dall'intelligenza artificiale stanno portando a cambiamenti significativi nei profili e nelle attivit\u00e0. Di conseguenza, le aziende stanno adattando la loro visione del lavoro e delle qualifiche e stanno valutando pi\u00f9 attentamente quali competenze sono effettivamente rilevanti per compiti specifici. Le competenze consentono ai dipendenti di visualizzare i propri punti di forza e di svilupparsi in modo pi\u00f9 mirato. Allo stesso tempo, aprono un bacino di talenti pi\u00f9 ampio per le aziende, perch\u00e9 il potenziale al di l\u00e0 dei percorsi di carriera tradizionali pu\u00f2 essere meglio riconosciuto e utilizzato.<\/p>\n<p><strong>In Svizzera, molti manager continuano a vedere le difficolt\u00e0 nel collegare le strategie di competenza agli obiettivi aziendali. Quali leve pu\u00f2 offrire Workday per colmare questo divario tra strategia e implementazione?<\/strong><\/p>\n<p>Dal nostro punto di vista, la cosa principale \u00e8 trasformare le competenze da un problema di risorse umane in un vero e proprio strumento di gestione per l'azienda. Soprattutto, le aziende hanno bisogno di trasparenza: un quadro chiaro e aggiornato di quali competenze sono disponibili, dove ci sono lacune specifiche e quali competenze saranno cruciali per gli obiettivi strategici in futuro. Su questa base, aiuta a integrare in modo coerente le competenze in processi quali la pianificazione della forza lavoro, la mobilit\u00e0 interna, l'apprendimento e il reclutamento. Il nostro Skills Cloud offre ai nostri clienti una visione centralizzata dei requisiti di competenze esistenti e futuri, integrata nei processi HR, di apprendimento e di talento. Con l'aiuto dell'intelligenza artificiale, le competenze vengono continuamente aggiornate e collegate ai requisiti aziendali, ai ruoli e ai progetti. Ci\u00f2 consente di tradurre gli obiettivi strategici direttamente in misure concrete.<\/p>\n<p><strong>\u00a0<\/strong><strong>Secondo il vostro studio, l'IA svolge un ruolo centrale nella riqualificazione e nell'aumento della produttivit\u00e0. Come fate a garantire che l'uso dell'IA non promuova solo le competenze tecniche, ma anche quelle umane, come la creativit\u00e0 e il pensiero critico?<\/strong><\/p>\n<p>Per noi le persone sono chiaramente al centro dell'attenzione. L'IA aumenta la produttivit\u00e0 assumendo compiti di routine e creando cos\u00ec consapevolmente spazio per il lavoro creativo, analitico e strategico; la decisione finale rimane sempre all'essere umano. Allo stesso tempo, l'IA aiuta i dipendenti a sviluppare le proprie competenze in modo mirato, ad esempio fornendo informazioni personalizzate su quali competenze saranno rilevanti in futuro. Le opportunit\u00e0 di apprendimento possono essere pi\u00f9 strettamente allineate ai ruoli, agli obiettivi di sviluppo e ai requisiti dell'azienda.<\/p>\n<p><strong>Quale esperienza pu\u00f2 trarre dai progetti dei clienti a questo proposito? Pu\u00f2 descrivere un esempio specifico?<\/strong><\/p>\n<p>I progetti dei clienti ci dimostrano che le strategie sostenibili per le competenze non si creano con una rapida implementazione, ma con un approccio chiaro e graduale. Sono fondamentali dati affidabili sulle competenze, una corretta integrazione nei processi esistenti e, soprattutto, l'accettazione da parte di dipendenti e manager. I progetti di successo investono consapevolmente tempo in aspetti fondamentali come la qualit\u00e0 dei dati, la governance e la comunicazione prima di passare alla fase di espansione. \u00c8 inoltre importante rendere visibile il valore aggiunto ai dipendenti, anche attraverso opportunit\u00e0 concrete di sviluppo e di carriera invece di modelli astratti. Un buon esempio \u00e8 rappresentato da Ferring Pharmaceuticals, un'azienda farmaceutica globale che si affida a Workday per standardizzare il proprio panorama HR e gestire le competenze in modo strategico. Grazie a un database centralizzato e a funzioni supportate dall'intelligenza artificiale, Ferring ha ora una chiara panoramica delle competenze esistenti e dei gap di competenze e pu\u00f2 gestire l'upskilling, la mobilit\u00e0 interna e il recruiting in modo pi\u00f9 mirato. Allo stesso tempo, i dipendenti sono maggiormente coinvolti nello sviluppo della propria carriera.<\/p>\n<p><strong>Attualmente Workday \u00e8 in forte crescita in Austria e Svizzera, anche grazie a nuove partnership e investimenti locali. Che importanza strategica hanno questi due mercati della regione EMEA per Workday nel lungo periodo?<\/strong><\/p>\n<p>L'Austria e la Svizzera rivestono una grande importanza strategica per Workday nella regione EMEA. Entrambi i mercati sono caratterizzati da una forte volont\u00e0 di innovazione, da clienti tecnologicamente avanzati e da una chiara attenzione alla trasformazione sostenibile. Ci\u00f2 che funziona qui spesso pu\u00f2 essere trasferito molto bene in altri mercati europei, ad esempio nelle aree delle competenze, della trasformazione della forza lavoro o dei processi supportati dall'intelligenza artificiale. Stiamo quindi effettuando investimenti mirati in presenza locale, partnership e team esperti per sviluppare ulteriormente questi mercati come motori di crescita e regioni di riferimento a lungo termine.<\/p>\n<p><strong>Workday parla di accompagnare la trasformazione verso un'organizzazione basata sulle competenze in modo \u00abscalabile e sostenibile\u00bb. Che cosa significa sostenibilit\u00e0 in questo contesto, in termini di tecnologia, cultura aziendale o sviluppo a lungo termine dei dipendenti?<\/strong><\/p>\n<p>Per noi, sostenibilit\u00e0 significa soprattutto che le organizzazioni basate sulle competenze sono sostenibili a lungo termine - tecnologicamente, culturalmente e in termini di persone. In termini tecnologici, ci\u00f2 significa che le competenze devono essere ancorate all'interno dell'azienda come un database affidabile e continuamente aggiornato, non come un progetto una tantum. Dal punto di vista culturale, si tratta di ancorare saldamente l'apprendimento, la mobilit\u00e0 e lo sviluppo nella vita quotidiana. Per i dipendenti, infine, sostenibilit\u00e0 significa poter continuare a svilupparsi e mantenere le proprie competenze in un ambiente di lavoro in continua evoluzione. Solo l'interazione di questi tre livelli rende il cambiamento veramente scalabile e permanente.<\/p>\n<p><a href=\"https:\/\/www.workday.com\/en-ch\/homepage.html\"><em>Ulteriori informazioni<\/em><\/a><\/p>","protected":false},"excerpt":{"rendered":"<p>Workday, una piattaforma di intelligenza artificiale per la gestione di risorse umane, finanza e agenti, ha condotto uno studio nel 2025 e ha analizzato le strategie utilizzate dalle aziende per implementare la gestione dei talenti. In alcuni casi, sono state individuate differenze significative nei Paesi DACH. Abbiamo chiesto a Fr\u00e9d\u00e9ric Alran, vicepresidente per la Svizzera di Workday, di parlarne.<\/p>","protected":false},"author":4,"featured_media":43746,"comment_status":"closed","ping_status":"closed","sticky":false,"template":"","format":"standard","meta":{"_acf_changed":false,"_yoast_wpseo_focuskw":"Fr\u00e9d\u00e9ric Alran","_yoast_wpseo_metadesc":"Workday f\u00fchrte 2025 eine Studie zu Talent Management durch. Dazu befragten wir Fr\u00e9d\u00e9ric Alran, Vice President Switzerland von Workday.","articlekey":"","footnotes":""},"categories":[579],"tags":[254,407,470],"class_list":["post-43422","post","type-post","status-publish","format-standard","has-post-thumbnail","hentry","category-human-resources","tag-hrm","tag-recruiting","tag-talent-management"],"acf":[],"yoast_head":"<!-- This site is optimized with the Yoast SEO plugin v27.4 - https:\/\/yoast.com\/product\/yoast-seo-wordpress\/ -->\n<title>Fr\u00e9d\u00e9ric Alran von Workday: \u00abF\u00fcr uns steht der Mensch klar im Mittelpunkt\u00bb - Organisator<\/title>\n<meta name=\"description\" content=\"Workday f\u00fchrte 2025 eine Studie zu Talent Management durch. Dazu befragten wir Fr\u00e9d\u00e9ric Alran, Vice President Switzerland von Workday.\" \/>\n<meta name=\"robots\" content=\"index, follow, max-snippet:-1, max-image-preview:large, max-video-preview:-1\" \/>\n<link rel=\"canonical\" href=\"https:\/\/www.organisator.ch\/it\/risorse-umane\/2026-01-28\/frederic-alran-von-workday-fuer-uns-steht-der-mensch-klar-im-mittelpunkt\/\" \/>\n<meta property=\"og:locale\" content=\"it_IT\" \/>\n<meta property=\"og:type\" content=\"article\" \/>\n<meta property=\"og:title\" content=\"Fr\u00e9d\u00e9ric Alran von Workday: \u00abF\u00fcr uns steht der Mensch klar im Mittelpunkt\u00bb\" \/>\n<meta property=\"og:description\" content=\"Workday f\u00fchrte 2025 eine Studie zu Talent Management durch. Dazu befragten wir Fr\u00e9d\u00e9ric Alran, Vice President Switzerland von Workday.\" \/>\n<meta property=\"og:url\" content=\"https:\/\/www.organisator.ch\/it\/risorse-umane\/2026-01-28\/frederic-alran-von-workday-fuer-uns-steht-der-mensch-klar-im-mittelpunkt\/\" \/>\n<meta property=\"og:site_name\" content=\"Organisator\" \/>\n<meta property=\"article:publisher\" content=\"https:\/\/www.facebook.com\/OrganisatorFachmagazin\" \/>\n<meta property=\"article:published_time\" content=\"2026-01-28T09:10:52+00:00\" \/>\n<meta property=\"article:modified_time\" content=\"2026-03-02T09:29:37+00:00\" \/>\n<meta property=\"og:image\" content=\"https:\/\/www.organisator.ch\/wp-content\/uploads\/2026\/01\/Frederic-Alran-von-Workday-Fuer-uns-steht-der-Mensch-klar-im-Mittelpunkt_Organisator.jpg\" \/>\n\t<meta property=\"og:image:width\" content=\"680\" \/>\n\t<meta property=\"og:image:height\" content=\"528\" \/>\n\t<meta property=\"og:image:type\" content=\"image\/jpeg\" \/>\n<meta name=\"author\" content=\"thomas.berner\" \/>\n<meta name=\"twitter:card\" content=\"summary_large_image\" \/>\n<meta name=\"twitter:title\" content=\"Fr\u00e9d\u00e9ric #Alran von #Workday: \u00abF\u00fcr uns steht der Mensch klar im #Mittelpunkt\u00bb\" \/>\n<meta name=\"twitter:description\" content=\"#Workday f\u00fchrte 2025 eine Studie zu #Talent Management durch. Dazu befragten wir Fr\u00e9d\u00e9ric Alran, Vice President Switzerland von Workday.\" \/>\n<meta name=\"twitter:image\" content=\"https:\/\/www.organisator.ch\/wp-content\/uploads\/2026\/01\/Frederic-Alran-von-Workday-Fuer-uns-steht-der-Mensch-klar-im-Mittelpunkt_Organisator.jpg\" \/>\n<script type=\"application\/ld+json\" class=\"yoast-schema-graph\">{\"@context\":\"https:\\\/\\\/schema.org\",\"@graph\":[{\"@type\":\"Article\",\"@id\":\"https:\\\/\\\/www.organisator.ch\\\/human-resources\\\/2026-01-28\\\/frederic-alran-von-workday-fuer-uns-steht-der-mensch-klar-im-mittelpunkt\\\/#article\",\"isPartOf\":{\"@id\":\"https:\\\/\\\/www.organisator.ch\\\/human-resources\\\/2026-01-28\\\/frederic-alran-von-workday-fuer-uns-steht-der-mensch-klar-im-mittelpunkt\\\/\"},\"author\":{\"name\":\"thomas.berner\",\"@id\":\"https:\\\/\\\/www.organisator.ch\\\/#\\\/schema\\\/person\\\/6f650f90b2842cd4c0cc334b4e36f67e\"},\"headline\":\"Fr\u00e9d\u00e9ric Alran von Workday: \u00abF\u00fcr uns steht der Mensch klar im Mittelpunkt\u00bb\",\"datePublished\":\"2026-01-28T09:10:52+00:00\",\"dateModified\":\"2026-03-02T09:29:37+00:00\",\"mainEntityOfPage\":{\"@id\":\"https:\\\/\\\/www.organisator.ch\\\/human-resources\\\/2026-01-28\\\/frederic-alran-von-workday-fuer-uns-steht-der-mensch-klar-im-mittelpunkt\\\/\"},\"wordCount\":1107,\"publisher\":{\"@id\":\"https:\\\/\\\/www.organisator.ch\\\/#organization\"},\"image\":{\"@id\":\"https:\\\/\\\/www.organisator.ch\\\/human-resources\\\/2026-01-28\\\/frederic-alran-von-workday-fuer-uns-steht-der-mensch-klar-im-mittelpunkt\\\/#primaryimage\"},\"thumbnailUrl\":\"https:\\\/\\\/www.organisator.ch\\\/wp-content\\\/uploads\\\/2026\\\/01\\\/Frederic-Alran-von-Workday-Fuer-uns-steht-der-Mensch-klar-im-Mittelpunkt-Neu_Organisator.jpg\",\"keywords\":[\"HRM\",\"Recruiting\",\"Talent Management\"],\"articleSection\":[\"HUMAN RESOURCES\"],\"inLanguage\":\"it-IT\"},{\"@type\":\"WebPage\",\"@id\":\"https:\\\/\\\/www.organisator.ch\\\/human-resources\\\/2026-01-28\\\/frederic-alran-von-workday-fuer-uns-steht-der-mensch-klar-im-mittelpunkt\\\/\",\"url\":\"https:\\\/\\\/www.organisator.ch\\\/human-resources\\\/2026-01-28\\\/frederic-alran-von-workday-fuer-uns-steht-der-mensch-klar-im-mittelpunkt\\\/\",\"name\":\"Fr\u00e9d\u00e9ric Alran von Workday: \u00abF\u00fcr uns steht der Mensch klar im Mittelpunkt\u00bb - Organisator\",\"isPartOf\":{\"@id\":\"https:\\\/\\\/www.organisator.ch\\\/#website\"},\"primaryImageOfPage\":{\"@id\":\"https:\\\/\\\/www.organisator.ch\\\/human-resources\\\/2026-01-28\\\/frederic-alran-von-workday-fuer-uns-steht-der-mensch-klar-im-mittelpunkt\\\/#primaryimage\"},\"image\":{\"@id\":\"https:\\\/\\\/www.organisator.ch\\\/human-resources\\\/2026-01-28\\\/frederic-alran-von-workday-fuer-uns-steht-der-mensch-klar-im-mittelpunkt\\\/#primaryimage\"},\"thumbnailUrl\":\"https:\\\/\\\/www.organisator.ch\\\/wp-content\\\/uploads\\\/2026\\\/01\\\/Frederic-Alran-von-Workday-Fuer-uns-steht-der-Mensch-klar-im-Mittelpunkt-Neu_Organisator.jpg\",\"datePublished\":\"2026-01-28T09:10:52+00:00\",\"dateModified\":\"2026-03-02T09:29:37+00:00\",\"description\":\"Workday f\u00fchrte 2025 eine Studie zu Talent Management durch. Dazu befragten wir Fr\u00e9d\u00e9ric Alran, Vice President Switzerland von Workday.\",\"breadcrumb\":{\"@id\":\"https:\\\/\\\/www.organisator.ch\\\/human-resources\\\/2026-01-28\\\/frederic-alran-von-workday-fuer-uns-steht-der-mensch-klar-im-mittelpunkt\\\/#breadcrumb\"},\"inLanguage\":\"it-IT\",\"potentialAction\":[{\"@type\":\"ReadAction\",\"target\":[\"https:\\\/\\\/www.organisator.ch\\\/human-resources\\\/2026-01-28\\\/frederic-alran-von-workday-fuer-uns-steht-der-mensch-klar-im-mittelpunkt\\\/\"]}]},{\"@type\":\"ImageObject\",\"inLanguage\":\"it-IT\",\"@id\":\"https:\\\/\\\/www.organisator.ch\\\/human-resources\\\/2026-01-28\\\/frederic-alran-von-workday-fuer-uns-steht-der-mensch-klar-im-mittelpunkt\\\/#primaryimage\",\"url\":\"https:\\\/\\\/www.organisator.ch\\\/wp-content\\\/uploads\\\/2026\\\/01\\\/Frederic-Alran-von-Workday-Fuer-uns-steht-der-Mensch-klar-im-Mittelpunkt-Neu_Organisator.jpg\",\"contentUrl\":\"https:\\\/\\\/www.organisator.ch\\\/wp-content\\\/uploads\\\/2026\\\/01\\\/Frederic-Alran-von-Workday-Fuer-uns-steht-der-Mensch-klar-im-Mittelpunkt-Neu_Organisator.jpg\",\"width\":680,\"height\":522,\"caption\":\"Fr\u00e9d\u00e9ric Alran, Vice President Workday Switzerland, spricht \u00fcber aktuelle Trends im Talent Management. (Bild: zVg \\\/ Workday)\"},{\"@type\":\"BreadcrumbList\",\"@id\":\"https:\\\/\\\/www.organisator.ch\\\/human-resources\\\/2026-01-28\\\/frederic-alran-von-workday-fuer-uns-steht-der-mensch-klar-im-mittelpunkt\\\/#breadcrumb\",\"itemListElement\":[{\"@type\":\"ListItem\",\"position\":1,\"name\":\"Home\",\"item\":\"https:\\\/\\\/www.organisator.ch\\\/\"},{\"@type\":\"ListItem\",\"position\":2,\"name\":\"Fr\u00e9d\u00e9ric Alran von Workday: \u00abF\u00fcr uns steht der Mensch klar im Mittelpunkt\u00bb\"}]},{\"@type\":\"WebSite\",\"@id\":\"https:\\\/\\\/www.organisator.ch\\\/#website\",\"url\":\"https:\\\/\\\/www.organisator.ch\\\/\",\"name\":\"Organisator\",\"description\":\"Kompetent. Praxisnah. Der ORGANISATOR bereitet in 10 Ausgaben pro Jahr die wesentlichen Themen f\u00fcr F\u00fchrungskr\u00e4fte von KMU auf.\",\"publisher\":{\"@id\":\"https:\\\/\\\/www.organisator.ch\\\/#organization\"},\"potentialAction\":[{\"@type\":\"SearchAction\",\"target\":{\"@type\":\"EntryPoint\",\"urlTemplate\":\"https:\\\/\\\/www.organisator.ch\\\/?s={search_term_string}\"},\"query-input\":{\"@type\":\"PropertyValueSpecification\",\"valueRequired\":true,\"valueName\":\"search_term_string\"}}],\"inLanguage\":\"it-IT\"},{\"@type\":\"Organization\",\"@id\":\"https:\\\/\\\/www.organisator.ch\\\/#organization\",\"name\":\"Organisator\",\"url\":\"https:\\\/\\\/www.organisator.ch\\\/\",\"logo\":{\"@type\":\"ImageObject\",\"inLanguage\":\"it-IT\",\"@id\":\"https:\\\/\\\/www.organisator.ch\\\/#\\\/schema\\\/logo\\\/image\\\/\",\"url\":\"https:\\\/\\\/www.organisator.ch\\\/wp-content\\\/uploads\\\/2022\\\/01\\\/Logo_Organisator_Website.png\",\"contentUrl\":\"https:\\\/\\\/www.organisator.ch\\\/wp-content\\\/uploads\\\/2022\\\/01\\\/Logo_Organisator_Website.png\",\"width\":800,\"height\":77,\"caption\":\"Organisator\"},\"image\":{\"@id\":\"https:\\\/\\\/www.organisator.ch\\\/#\\\/schema\\\/logo\\\/image\\\/\"},\"sameAs\":[\"https:\\\/\\\/www.facebook.com\\\/OrganisatorFachmagazin\",\"https:\\\/\\\/www.linkedin.com\\\/showcase\\\/organisator-das-magazin-fr-kmu\",\"https:\\\/\\\/www.xing.com\\\/news\\\/pages\\\/organisator-ch-695\",\"https:\\\/\\\/www.youtube.com\\\/channel\\\/UCGP2Sq0iWaZwT3BdIAQFYpw\"]},{\"@type\":\"Person\",\"@id\":\"https:\\\/\\\/www.organisator.ch\\\/#\\\/schema\\\/person\\\/6f650f90b2842cd4c0cc334b4e36f67e\",\"name\":\"thomas.berner\",\"image\":{\"@type\":\"ImageObject\",\"inLanguage\":\"it-IT\",\"@id\":\"https:\\\/\\\/secure.gravatar.com\\\/avatar\\\/ac5001d2a36cb6c6cd3e50789007ffca834b477b74a2144564522e944eabff61?s=96&d=mm&r=g\",\"url\":\"https:\\\/\\\/secure.gravatar.com\\\/avatar\\\/ac5001d2a36cb6c6cd3e50789007ffca834b477b74a2144564522e944eabff61?s=96&d=mm&r=g\",\"contentUrl\":\"https:\\\/\\\/secure.gravatar.com\\\/avatar\\\/ac5001d2a36cb6c6cd3e50789007ffca834b477b74a2144564522e944eabff61?s=96&d=mm&r=g\",\"caption\":\"thomas.berner\"},\"url\":\"https:\\\/\\\/www.organisator.ch\\\/it\\\/author\\\/thomas-berner\\\/\"}]}<\/script>\n<!-- \/ Yoast SEO plugin. -->","yoast_head_json":{"title":"Fr\u00e9d\u00e9ric Alran di Workday: \u00abPer noi l'attenzione \u00e8 chiaramente rivolta alle persone\u00bb - Organizzatore","description":"Workday ha condotto uno studio sulla gestione dei talenti nel 2025. Abbiamo intervistato Fr\u00e9d\u00e9ric Alran, Vicepresidente Svizzera di Workday.","robots":{"index":"index","follow":"follow","max-snippet":"max-snippet:-1","max-image-preview":"max-image-preview:large","max-video-preview":"max-video-preview:-1"},"canonical":"https:\/\/www.organisator.ch\/it\/risorse-umane\/2026-01-28\/frederic-alran-von-workday-fuer-uns-steht-der-mensch-klar-im-mittelpunkt\/","og_locale":"it_IT","og_type":"article","og_title":"Fr\u00e9d\u00e9ric Alran von Workday: \u00abF\u00fcr uns steht der Mensch klar im Mittelpunkt\u00bb","og_description":"Workday f\u00fchrte 2025 eine Studie zu Talent Management durch. Dazu befragten wir Fr\u00e9d\u00e9ric Alran, Vice President Switzerland von Workday.","og_url":"https:\/\/www.organisator.ch\/it\/risorse-umane\/2026-01-28\/frederic-alran-von-workday-fuer-uns-steht-der-mensch-klar-im-mittelpunkt\/","og_site_name":"Organisator","article_publisher":"https:\/\/www.facebook.com\/OrganisatorFachmagazin","article_published_time":"2026-01-28T09:10:52+00:00","article_modified_time":"2026-03-02T09:29:37+00:00","og_image":[{"width":680,"height":528,"url":"https:\/\/www.organisator.ch\/wp-content\/uploads\/2026\/01\/Frederic-Alran-von-Workday-Fuer-uns-steht-der-Mensch-klar-im-Mittelpunkt_Organisator.jpg","type":"image\/jpeg"}],"author":"thomas.berner","twitter_card":"summary_large_image","twitter_title":"Fr\u00e9d\u00e9ric #Alran von #Workday: \u00abF\u00fcr uns steht der Mensch klar im #Mittelpunkt\u00bb","twitter_description":"#Workday f\u00fchrte 2025 eine Studie zu #Talent Management durch. Dazu befragten wir Fr\u00e9d\u00e9ric Alran, Vice President Switzerland von Workday.","twitter_image":"https:\/\/www.organisator.ch\/wp-content\/uploads\/2026\/01\/Frederic-Alran-von-Workday-Fuer-uns-steht-der-Mensch-klar-im-Mittelpunkt_Organisator.jpg","schema":{"@context":"https:\/\/schema.org","@graph":[{"@type":"Article","@id":"https:\/\/www.organisator.ch\/human-resources\/2026-01-28\/frederic-alran-von-workday-fuer-uns-steht-der-mensch-klar-im-mittelpunkt\/#article","isPartOf":{"@id":"https:\/\/www.organisator.ch\/human-resources\/2026-01-28\/frederic-alran-von-workday-fuer-uns-steht-der-mensch-klar-im-mittelpunkt\/"},"author":{"name":"thomas.berner","@id":"https:\/\/www.organisator.ch\/#\/schema\/person\/6f650f90b2842cd4c0cc334b4e36f67e"},"headline":"Fr\u00e9d\u00e9ric Alran von Workday: \u00abF\u00fcr uns steht der Mensch klar im Mittelpunkt\u00bb","datePublished":"2026-01-28T09:10:52+00:00","dateModified":"2026-03-02T09:29:37+00:00","mainEntityOfPage":{"@id":"https:\/\/www.organisator.ch\/human-resources\/2026-01-28\/frederic-alran-von-workday-fuer-uns-steht-der-mensch-klar-im-mittelpunkt\/"},"wordCount":1107,"publisher":{"@id":"https:\/\/www.organisator.ch\/#organization"},"image":{"@id":"https:\/\/www.organisator.ch\/human-resources\/2026-01-28\/frederic-alran-von-workday-fuer-uns-steht-der-mensch-klar-im-mittelpunkt\/#primaryimage"},"thumbnailUrl":"https:\/\/www.organisator.ch\/wp-content\/uploads\/2026\/01\/Frederic-Alran-von-Workday-Fuer-uns-steht-der-Mensch-klar-im-Mittelpunkt-Neu_Organisator.jpg","keywords":["HRM","Recruiting","Talent Management"],"articleSection":["HUMAN RESOURCES"],"inLanguage":"it-IT"},{"@type":"WebPage","@id":"https:\/\/www.organisator.ch\/human-resources\/2026-01-28\/frederic-alran-von-workday-fuer-uns-steht-der-mensch-klar-im-mittelpunkt\/","url":"https:\/\/www.organisator.ch\/human-resources\/2026-01-28\/frederic-alran-von-workday-fuer-uns-steht-der-mensch-klar-im-mittelpunkt\/","name":"Fr\u00e9d\u00e9ric Alran di Workday: \u00abPer noi l'attenzione \u00e8 chiaramente rivolta alle persone\u00bb - Organizzatore","isPartOf":{"@id":"https:\/\/www.organisator.ch\/#website"},"primaryImageOfPage":{"@id":"https:\/\/www.organisator.ch\/human-resources\/2026-01-28\/frederic-alran-von-workday-fuer-uns-steht-der-mensch-klar-im-mittelpunkt\/#primaryimage"},"image":{"@id":"https:\/\/www.organisator.ch\/human-resources\/2026-01-28\/frederic-alran-von-workday-fuer-uns-steht-der-mensch-klar-im-mittelpunkt\/#primaryimage"},"thumbnailUrl":"https:\/\/www.organisator.ch\/wp-content\/uploads\/2026\/01\/Frederic-Alran-von-Workday-Fuer-uns-steht-der-Mensch-klar-im-Mittelpunkt-Neu_Organisator.jpg","datePublished":"2026-01-28T09:10:52+00:00","dateModified":"2026-03-02T09:29:37+00:00","description":"Workday ha condotto uno studio sulla gestione dei talenti nel 2025. Abbiamo intervistato Fr\u00e9d\u00e9ric Alran, Vicepresidente Svizzera di Workday.","breadcrumb":{"@id":"https:\/\/www.organisator.ch\/human-resources\/2026-01-28\/frederic-alran-von-workday-fuer-uns-steht-der-mensch-klar-im-mittelpunkt\/#breadcrumb"},"inLanguage":"it-IT","potentialAction":[{"@type":"ReadAction","target":["https:\/\/www.organisator.ch\/human-resources\/2026-01-28\/frederic-alran-von-workday-fuer-uns-steht-der-mensch-klar-im-mittelpunkt\/"]}]},{"@type":"ImageObject","inLanguage":"it-IT","@id":"https:\/\/www.organisator.ch\/human-resources\/2026-01-28\/frederic-alran-von-workday-fuer-uns-steht-der-mensch-klar-im-mittelpunkt\/#primaryimage","url":"https:\/\/www.organisator.ch\/wp-content\/uploads\/2026\/01\/Frederic-Alran-von-Workday-Fuer-uns-steht-der-Mensch-klar-im-Mittelpunkt-Neu_Organisator.jpg","contentUrl":"https:\/\/www.organisator.ch\/wp-content\/uploads\/2026\/01\/Frederic-Alran-von-Workday-Fuer-uns-steht-der-Mensch-klar-im-Mittelpunkt-Neu_Organisator.jpg","width":680,"height":522,"caption":"Fr\u00e9d\u00e9ric Alran, Vice President Workday Switzerland, spricht \u00fcber aktuelle Trends im Talent Management. (Bild: zVg \/ Workday)"},{"@type":"BreadcrumbList","@id":"https:\/\/www.organisator.ch\/human-resources\/2026-01-28\/frederic-alran-von-workday-fuer-uns-steht-der-mensch-klar-im-mittelpunkt\/#breadcrumb","itemListElement":[{"@type":"ListItem","position":1,"name":"Home","item":"https:\/\/www.organisator.ch\/"},{"@type":"ListItem","position":2,"name":"Fr\u00e9d\u00e9ric Alran von Workday: \u00abF\u00fcr uns steht der Mensch klar im Mittelpunkt\u00bb"}]},{"@type":"WebSite","@id":"https:\/\/www.organisator.ch\/#website","url":"https:\/\/www.organisator.ch\/","name":"Organizzatore","description":"Competente. Pratico. In 10 numeri all'anno, ORGANISATOR presenta i temi essenziali per i manager delle PMI.","publisher":{"@id":"https:\/\/www.organisator.ch\/#organization"},"potentialAction":[{"@type":"SearchAction","target":{"@type":"EntryPoint","urlTemplate":"https:\/\/www.organisator.ch\/?s={search_term_string}"},"query-input":{"@type":"PropertyValueSpecification","valueRequired":true,"valueName":"search_term_string"}}],"inLanguage":"it-IT"},{"@type":"Organization","@id":"https:\/\/www.organisator.ch\/#organization","name":"Organizzatore","url":"https:\/\/www.organisator.ch\/","logo":{"@type":"ImageObject","inLanguage":"it-IT","@id":"https:\/\/www.organisator.ch\/#\/schema\/logo\/image\/","url":"https:\/\/www.organisator.ch\/wp-content\/uploads\/2022\/01\/Logo_Organisator_Website.png","contentUrl":"https:\/\/www.organisator.ch\/wp-content\/uploads\/2022\/01\/Logo_Organisator_Website.png","width":800,"height":77,"caption":"Organisator"},"image":{"@id":"https:\/\/www.organisator.ch\/#\/schema\/logo\/image\/"},"sameAs":["https:\/\/www.facebook.com\/OrganisatorFachmagazin","https:\/\/www.linkedin.com\/showcase\/organisator-das-magazin-fr-kmu","https:\/\/www.xing.com\/news\/pages\/organisator-ch-695","https:\/\/www.youtube.com\/channel\/UCGP2Sq0iWaZwT3BdIAQFYpw"]},{"@type":"Person","@id":"https:\/\/www.organisator.ch\/#\/schema\/person\/6f650f90b2842cd4c0cc334b4e36f67e","name":"Tommaso.berner","image":{"@type":"ImageObject","inLanguage":"it-IT","@id":"https:\/\/secure.gravatar.com\/avatar\/ac5001d2a36cb6c6cd3e50789007ffca834b477b74a2144564522e944eabff61?s=96&d=mm&r=g","url":"https:\/\/secure.gravatar.com\/avatar\/ac5001d2a36cb6c6cd3e50789007ffca834b477b74a2144564522e944eabff61?s=96&d=mm&r=g","contentUrl":"https:\/\/secure.gravatar.com\/avatar\/ac5001d2a36cb6c6cd3e50789007ffca834b477b74a2144564522e944eabff61?s=96&d=mm&r=g","caption":"thomas.berner"},"url":"https:\/\/www.organisator.ch\/it\/author\/thomas-berner\/"}]}},"_links":{"self":[{"href":"https:\/\/www.organisator.ch\/it\/wp-json\/wp\/v2\/posts\/43422","targetHints":{"allow":["GET"]}}],"collection":[{"href":"https:\/\/www.organisator.ch\/it\/wp-json\/wp\/v2\/posts"}],"about":[{"href":"https:\/\/www.organisator.ch\/it\/wp-json\/wp\/v2\/types\/post"}],"author":[{"embeddable":true,"href":"https:\/\/www.organisator.ch\/it\/wp-json\/wp\/v2\/users\/4"}],"replies":[{"embeddable":true,"href":"https:\/\/www.organisator.ch\/it\/wp-json\/wp\/v2\/comments?post=43422"}],"version-history":[{"count":8,"href":"https:\/\/www.organisator.ch\/it\/wp-json\/wp\/v2\/posts\/43422\/revisions"}],"predecessor-version":[{"id":43897,"href":"https:\/\/www.organisator.ch\/it\/wp-json\/wp\/v2\/posts\/43422\/revisions\/43897"}],"wp:featuredmedia":[{"embeddable":true,"href":"https:\/\/www.organisator.ch\/it\/wp-json\/wp\/v2\/media\/43746"}],"wp:attachment":[{"href":"https:\/\/www.organisator.ch\/it\/wp-json\/wp\/v2\/media?parent=43422"}],"wp:term":[{"taxonomy":"category","embeddable":true,"href":"https:\/\/www.organisator.ch\/it\/wp-json\/wp\/v2\/categories?post=43422"},{"taxonomy":"post_tag","embeddable":true,"href":"https:\/\/www.organisator.ch\/it\/wp-json\/wp\/v2\/tags?post=43422"}],"curies":[{"name":"wp","href":"https:\/\/api.w.org\/{rel}","templated":true}]}}