{"id":43425,"date":"2026-01-21T09:15:10","date_gmt":"2026-01-21T08:15:10","guid":{"rendered":"https:\/\/www.organisator.ch\/de\/?p=43425"},"modified":"2026-01-21T09:15:10","modified_gmt":"2026-01-21T08:15:10","slug":"schweizer-bevoelkerung-fordert-aktive-politik-bei-ki-blockchain-und-quantencomputing","status":"publish","type":"post","link":"https:\/\/www.organisator.ch\/it\/allgemein\/2026-01-21\/schweizer-bevoelkerung-fordert-aktive-politik-bei-ki-blockchain-und-quantencomputing\/","title":{"rendered":"La popolazione svizzera chiede una politica attiva su IA, blockchain e informatica quantistica"},"content":{"rendered":"<figure>\n<figure id=\"attachment_43424\" aria-describedby=\"caption-attachment-43424\" style=\"width: 680px\" class=\"wp-caption alignnone\"><img loading=\"lazy\" decoding=\"async\" class=\"wp-image-43424 size-medium\" src=\"https:\/\/www.organisator.ch\/wp-content\/uploads\/2026\/01\/Bildschirmfoto-2025-10-28-um-11.04.09-scaled-e1768983225107-680x468.png\" alt=\"\" width=\"680\" height=\"468\" srcset=\"https:\/\/www.organisator.ch\/wp-content\/uploads\/2026\/01\/Bildschirmfoto-2025-10-28-um-11.04.09-scaled-e1768983225107-680x468.png 680w, https:\/\/www.organisator.ch\/wp-content\/uploads\/2026\/01\/Bildschirmfoto-2025-10-28-um-11.04.09-scaled-e1768983225107-18x12.png 18w, https:\/\/www.organisator.ch\/wp-content\/uploads\/2026\/01\/Bildschirmfoto-2025-10-28-um-11.04.09-scaled-e1768983225107-375x258.png 375w, https:\/\/www.organisator.ch\/wp-content\/uploads\/2026\/01\/Bildschirmfoto-2025-10-28-um-11.04.09-scaled-e1768983225107-509x350.png 509w, https:\/\/www.organisator.ch\/wp-content\/uploads\/2026\/01\/Bildschirmfoto-2025-10-28-um-11.04.09-scaled-e1768983225107.png 702w\" sizes=\"auto, (max-width: 680px) 100vw, 680px\" \/><figcaption id=\"caption-attachment-43424\" class=\"wp-caption-text\">La Svizzera dovrebbe rimanere ai vertici: I piani di risparmio del governo federale per l'istruzione, la ricerca e l'innovazione non sono ben accolti. (Immagine: zVg)<\/figcaption><\/figure><br \/>\n<\/figure>\n<p>L'intelligenza artificiale, la blockchain e l'informatica quantistica stanno diventando sempre pi\u00f9 importanti per l'economia, la societ\u00e0 e la politica in Svizzera. Tuttavia, il dibattito pubblico su queste tecnologie \u00e8 spesso caratterizzato da posizioni estreme. \u00abI futuristi, ad esempio, nei loro bestseller descrivono l'IA come un garante della prosperit\u00e0 futura o come un rischio esistenziale per l'umanit\u00e0\u00bb, spiega l'autore dello studio Philipp Bachmann dell'Universit\u00e0 di Scienze Applicate e Arti di Lucerna.<\/p>\n<p>Uno studio dell'Universit\u00e0 di Scienze Applicate e Arti di Lucerna ha analizzato per la prima volta la consapevolezza, la comprensione, gli atteggiamenti e le aspettative politiche delle tre tecnologie di base a confronto. \u00abI politici svizzeri si stanno concentrando sulla promozione dell'IA, della blockchain e dell'informatica quantistica. In questo contesto, \u00e8 fondamentale sapere in che misura la popolazione \u00e8 consapevole di queste tecnologie abilitanti e quali aspettative ha nei confronti dei politici\u00bb, spiega Bachmann.<\/p>\n<h3>L'IA \u00e8 pi\u00f9 conosciuta, il calcolo quantistico \u00e8 meno familiare<\/h3>\n<p>Lo studio si basa su un'indagine rappresentativa di 1.244 persone della Svizzera tedesca e francese. Oltre alle tre tecnologie, \u00e8 stato analizzato anche l'atteggiamento nei confronti del Bitcoin come applicazione specifica della tecnologia blockchain. Sono emerse chiare differenze nella conoscenza delle tecnologie analizzate. L'intelligenza artificiale \u00e8 la pi\u00f9 conosciuta: il 93% degli intervistati ne ha gi\u00e0 sentito parlare. La percentuale per il Bitcoin \u00e8 altrettanto alta, pari al 91%.<\/p>\n<p>La blockchain, la tecnologia di base della criptovaluta pi\u00f9 forte al mondo, \u00e8 meno conosciuta: Solo il 60% circa degli intervistati ha familiarit\u00e0 con il termine. L'informatica quantistica \u00e8 ancora meno conosciuta: solo circa la met\u00e0 degli intervistati (47%) conosce il termine.<\/p>\n<h3>Il livello di conoscenza influenza in modo significativo gli atteggiamenti<\/h3>\n<p>Le differenze sono notevoli non solo in termini di familiarit\u00e0, ma anche di comprensione: gli intervistati hanno maggiore familiarit\u00e0 con l'IA: pi\u00f9 della met\u00e0 dichiara di conoscere bene o molto bene questa tecnologia (57%); solo l'11% ha una conoscenza scarsa o nulla del termine. La conoscenza della blockchain e dell'informatica quantistica \u00e8 significativamente inferiore: solo il 16% degli intervistati giudica la propria conoscenza della blockchain buona o molto buona; per l'informatica quantistica, la percentuale \u00e8 solo del 9%.<\/p>\n<p>Oltre alla conoscenza e alla comprensione, il team di ricerca ha analizzato anche l'entusiasmo per le singole tecnologie e la percezione di minaccia. L'informatica quantistica combina un alto entusiasmo con una bassa percezione della minaccia, mentre il Bitcoin combina un basso entusiasmo con un marcato scetticismo. \u00abIl Bitcoin \u00e8 ripetutamente sulle prime pagine dei giornali in relazione alla criminalit\u00e0 internazionale e al riciclaggio di denaro, come dimostrano anche le risposte aperte dello studio. La valutazione degli intervistati sul Bitcoin \u00e8 di conseguenza negativa\u00bb, afferma Philipp Bachmann.<\/p>\n<p>L'intelligenza artificiale e la blockchain si collocano a met\u00e0 strada: suscitano interesse, ma anche preoccupazione, soprattutto tra le persone con scarse conoscenze in materia. \u00abIl livello di conoscenza caratterizza chiaramente questo quadro: una maggiore conoscenza delle rispettive tecnologie va di pari passo con una maggiore approvazione e una minore percezione della minaccia, senza per\u00f2 farla scomparire del tutto\u00bb, spiega Bachmann. \u00c8 quindi fondamentale che le istituzioni educative, in particolare, mostrino come funziona la blockchain, ad esempio, dove questa tecnologia viene gi\u00e0 utilizzata oggi e quale impatto pu\u00f2 avere sulla societ\u00e0.<\/p>\n<h3>Aspettative chiare nei confronti della politica<\/h3>\n<p>I risultati dello studio mostrano anche chiare aspettative nei confronti della politica svizzera, in tutte le tecnologie e in tutte le fasce di et\u00e0, istruzione e genere. \u00abLa popolazione vuole che lo Stato svolga un ruolo attivo: deve promuovere l'innovazione, limitare i rischi e proteggere la popolazione\u00bb, afferma Philipp Bachmann. Nel caso dell'intelligenza artificiale e della blockchain, le misure di protezione e precauzione sono particolarmente importanti. Nel caso dell'informatica quantistica, la promozione dell'innovazione e della competitivit\u00e0 \u00e8 pi\u00f9 importante. D'altra parte, una regolamentazione politica il pi\u00f9 possibile limitata delle tecnologie future \u00e8 generalmente accolta con scarso favore.<\/p>\n<p>L'Istituto di Comunicazione e Marketing (IKM) dell'Universit\u00e0 di Scienze Applicate e Arti di Lucerna ha sviluppato il questionario per l'indagine sulla popolazione rappresentativa. DemoSCOPE, societ\u00e0 svizzera leader nelle ricerche sociali e di mercato, ha condotto la raccolta dei dati nei mesi di giugno e luglio 2025. L'Universit\u00e0 di Scienze Applicate e Arti di Lucerna insegna e ricerca le tecnologie del futuro e traduce ricerche complesse in soluzioni applicabili. Centri di competenza specializzati come l'Applied AI Center e il Quantumlab sviluppano applicazioni specifiche. Inoltre, la Lucerne University of Applied Sciences and Arts e l'Universit\u00e0 di Lucerna fanno parte della Blockchain Joint Research Initiative dal 2024. Il Cantone di Zugo contribuisce ai costi di sviluppo di questo progetto congiunto per un totale di 39,35 milioni di franchi svizzeri nell'arco di cinque anni. L'obiettivo \u00e8 quello di fare di Zugo un centro leader mondiale per la ricerca sulla blockchain.<\/p>","protected":false},"excerpt":{"rendered":"<p>L'intelligenza artificiale, la blockchain e l'informatica quantistica sono considerate tecnologie chiave del futuro. Uno studio rappresentativo dell'Universit\u00e0 di Scienze Applicate e Arti di Lucerna mostra per la prima volta come la popolazione svizzera percepisce queste tecnologie. Le persone sono aperte e caute riguardo alle tecnologie del futuro e si aspettano che i politici promuovano attivamente la posizione e proteggano dai rischi.<\/p>","protected":false},"author":107,"featured_media":43424,"comment_status":"closed","ping_status":"closed","sticky":false,"template":"","format":"standard","meta":{"_acf_changed":false,"_yoast_wpseo_focuskw":"K\u00fcnstliche Intelligenz Blockchain Quantencomputing Schweiz","_yoast_wpseo_metadesc":"Studie der Hochschule Luzern zeigt: Schweizer Bev\u00f6lkerung steht KI, Blockchain und Quantencomputing offen gegen\u00fcber und fordert aktive Politik.","articlekey":"","footnotes":""},"categories":[1],"tags":[218,319,459,531],"class_list":["post-43425","post","type-post","status-publish","format-standard","has-post-thumbnail","hentry","category-allgemein","tag-forschung","tag-kuenstliche-intelligenz","tag-studie","tag-wirtschaftspolitik"],"acf":[],"yoast_head":"<!-- This site is optimized with the Yoast SEO plugin v27.5 - https:\/\/yoast.com\/product\/yoast-seo-wordpress\/ -->\n<title>Schweizer Bev\u00f6lkerung fordert aktive Politik bei KI, Blockchain und Quantencomputing - Organisator<\/title>\n<meta name=\"description\" content=\"Studie der Hochschule Luzern zeigt: Schweizer Bev\u00f6lkerung steht KI, Blockchain und Quantencomputing offen gegen\u00fcber und fordert aktive Politik.\" \/>\n<meta name=\"robots\" content=\"index, follow, max-snippet:-1, max-image-preview:large, max-video-preview:-1\" \/>\n<link rel=\"canonical\" href=\"https:\/\/www.organisator.ch\/it\/generale\/2026-01-21\/schweizer-bevoelkerung-fordert-aktive-politik-bei-ki-blockchain-und-quantencomputing\/\" \/>\n<meta property=\"og:locale\" content=\"it_IT\" \/>\n<meta property=\"og:type\" content=\"article\" \/>\n<meta property=\"og:title\" content=\"Schweizer Bev\u00f6lkerung fordert aktive Politik bei KI, Blockchain und Quantencomputing - Organisator\" \/>\n<meta property=\"og:description\" content=\"Studie der Hochschule Luzern zeigt: Schweizer Bev\u00f6lkerung steht KI, Blockchain und Quantencomputing offen gegen\u00fcber und fordert aktive Politik.\" \/>\n<meta property=\"og:url\" content=\"https:\/\/www.organisator.ch\/it\/generale\/2026-01-21\/schweizer-bevoelkerung-fordert-aktive-politik-bei-ki-blockchain-und-quantencomputing\/\" \/>\n<meta property=\"og:site_name\" content=\"Organisator\" \/>\n<meta property=\"article:publisher\" content=\"https:\/\/www.facebook.com\/OrganisatorFachmagazin\" \/>\n<meta property=\"article:published_time\" content=\"2026-01-21T08:15:10+00:00\" \/>\n<meta property=\"og:image\" content=\"https:\/\/www.organisator.ch\/wp-content\/uploads\/2026\/01\/Bildschirmfoto-2025-10-28-um-11.04.09-scaled-e1768983225107.png\" \/>\n\t<meta property=\"og:image:width\" content=\"702\" \/>\n\t<meta property=\"og:image:height\" content=\"483\" \/>\n\t<meta property=\"og:image:type\" content=\"image\/png\" \/>\n<meta name=\"author\" content=\"n8n\" \/>\n<meta name=\"twitter:card\" content=\"summary_large_image\" \/>\n<script type=\"application\/ld+json\" class=\"yoast-schema-graph\">{\"@context\":\"https:\\\/\\\/schema.org\",\"@graph\":[{\"@type\":\"Article\",\"@id\":\"https:\\\/\\\/www.organisator.ch\\\/allgemein\\\/2026-01-21\\\/schweizer-bevoelkerung-fordert-aktive-politik-bei-ki-blockchain-und-quantencomputing\\\/#article\",\"isPartOf\":{\"@id\":\"https:\\\/\\\/www.organisator.ch\\\/allgemein\\\/2026-01-21\\\/schweizer-bevoelkerung-fordert-aktive-politik-bei-ki-blockchain-und-quantencomputing\\\/\"},\"author\":{\"name\":\"n8n\",\"@id\":\"https:\\\/\\\/www.organisator.ch\\\/#\\\/schema\\\/person\\\/a9d0e0eff238db87a8f840f3b50359f0\"},\"headline\":\"Schweizer Bev\u00f6lkerung fordert aktive Politik bei KI, Blockchain und Quantencomputing\",\"datePublished\":\"2026-01-21T08:15:10+00:00\",\"mainEntityOfPage\":{\"@id\":\"https:\\\/\\\/www.organisator.ch\\\/allgemein\\\/2026-01-21\\\/schweizer-bevoelkerung-fordert-aktive-politik-bei-ki-blockchain-und-quantencomputing\\\/\"},\"wordCount\":733,\"publisher\":{\"@id\":\"https:\\\/\\\/www.organisator.ch\\\/#organization\"},\"image\":{\"@id\":\"https:\\\/\\\/www.organisator.ch\\\/allgemein\\\/2026-01-21\\\/schweizer-bevoelkerung-fordert-aktive-politik-bei-ki-blockchain-und-quantencomputing\\\/#primaryimage\"},\"thumbnailUrl\":\"https:\\\/\\\/www.organisator.ch\\\/wp-content\\\/uploads\\\/2026\\\/01\\\/Bildschirmfoto-2025-10-28-um-11.04.09-scaled-e1768983225107.png\",\"keywords\":[\"Forschung\",\"K\u00fcnstliche Intelligenz\",\"Studie\",\"Wirtschaftspolitik\"],\"articleSection\":[\"Allgemein\"],\"inLanguage\":\"it-IT\"},{\"@type\":\"WebPage\",\"@id\":\"https:\\\/\\\/www.organisator.ch\\\/allgemein\\\/2026-01-21\\\/schweizer-bevoelkerung-fordert-aktive-politik-bei-ki-blockchain-und-quantencomputing\\\/\",\"url\":\"https:\\\/\\\/www.organisator.ch\\\/allgemein\\\/2026-01-21\\\/schweizer-bevoelkerung-fordert-aktive-politik-bei-ki-blockchain-und-quantencomputing\\\/\",\"name\":\"Schweizer Bev\u00f6lkerung fordert aktive Politik bei KI, Blockchain und Quantencomputing - Organisator\",\"isPartOf\":{\"@id\":\"https:\\\/\\\/www.organisator.ch\\\/#website\"},\"primaryImageOfPage\":{\"@id\":\"https:\\\/\\\/www.organisator.ch\\\/allgemein\\\/2026-01-21\\\/schweizer-bevoelkerung-fordert-aktive-politik-bei-ki-blockchain-und-quantencomputing\\\/#primaryimage\"},\"image\":{\"@id\":\"https:\\\/\\\/www.organisator.ch\\\/allgemein\\\/2026-01-21\\\/schweizer-bevoelkerung-fordert-aktive-politik-bei-ki-blockchain-und-quantencomputing\\\/#primaryimage\"},\"thumbnailUrl\":\"https:\\\/\\\/www.organisator.ch\\\/wp-content\\\/uploads\\\/2026\\\/01\\\/Bildschirmfoto-2025-10-28-um-11.04.09-scaled-e1768983225107.png\",\"datePublished\":\"2026-01-21T08:15:10+00:00\",\"description\":\"Studie der Hochschule Luzern zeigt: Schweizer Bev\u00f6lkerung steht KI, Blockchain und Quantencomputing offen gegen\u00fcber und fordert aktive Politik.\",\"breadcrumb\":{\"@id\":\"https:\\\/\\\/www.organisator.ch\\\/allgemein\\\/2026-01-21\\\/schweizer-bevoelkerung-fordert-aktive-politik-bei-ki-blockchain-und-quantencomputing\\\/#breadcrumb\"},\"inLanguage\":\"it-IT\",\"potentialAction\":[{\"@type\":\"ReadAction\",\"target\":[\"https:\\\/\\\/www.organisator.ch\\\/allgemein\\\/2026-01-21\\\/schweizer-bevoelkerung-fordert-aktive-politik-bei-ki-blockchain-und-quantencomputing\\\/\"]}]},{\"@type\":\"ImageObject\",\"inLanguage\":\"it-IT\",\"@id\":\"https:\\\/\\\/www.organisator.ch\\\/allgemein\\\/2026-01-21\\\/schweizer-bevoelkerung-fordert-aktive-politik-bei-ki-blockchain-und-quantencomputing\\\/#primaryimage\",\"url\":\"https:\\\/\\\/www.organisator.ch\\\/wp-content\\\/uploads\\\/2026\\\/01\\\/Bildschirmfoto-2025-10-28-um-11.04.09-scaled-e1768983225107.png\",\"contentUrl\":\"https:\\\/\\\/www.organisator.ch\\\/wp-content\\\/uploads\\\/2026\\\/01\\\/Bildschirmfoto-2025-10-28-um-11.04.09-scaled-e1768983225107.png\",\"width\":702,\"height\":483},{\"@type\":\"BreadcrumbList\",\"@id\":\"https:\\\/\\\/www.organisator.ch\\\/allgemein\\\/2026-01-21\\\/schweizer-bevoelkerung-fordert-aktive-politik-bei-ki-blockchain-und-quantencomputing\\\/#breadcrumb\",\"itemListElement\":[{\"@type\":\"ListItem\",\"position\":1,\"name\":\"Home\",\"item\":\"https:\\\/\\\/www.organisator.ch\\\/\"},{\"@type\":\"ListItem\",\"position\":2,\"name\":\"Schweizer Bev\u00f6lkerung fordert aktive Politik bei KI, Blockchain und Quantencomputing\"}]},{\"@type\":\"WebSite\",\"@id\":\"https:\\\/\\\/www.organisator.ch\\\/#website\",\"url\":\"https:\\\/\\\/www.organisator.ch\\\/\",\"name\":\"Organisator\",\"description\":\"Kompetent. Praxisnah. Der ORGANISATOR bereitet in 10 Ausgaben pro Jahr die wesentlichen Themen f\u00fcr F\u00fchrungskr\u00e4fte von KMU auf.\",\"publisher\":{\"@id\":\"https:\\\/\\\/www.organisator.ch\\\/#organization\"},\"potentialAction\":[{\"@type\":\"SearchAction\",\"target\":{\"@type\":\"EntryPoint\",\"urlTemplate\":\"https:\\\/\\\/www.organisator.ch\\\/?s={search_term_string}\"},\"query-input\":{\"@type\":\"PropertyValueSpecification\",\"valueRequired\":true,\"valueName\":\"search_term_string\"}}],\"inLanguage\":\"it-IT\"},{\"@type\":\"Organization\",\"@id\":\"https:\\\/\\\/www.organisator.ch\\\/#organization\",\"name\":\"Organisator\",\"url\":\"https:\\\/\\\/www.organisator.ch\\\/\",\"logo\":{\"@type\":\"ImageObject\",\"inLanguage\":\"it-IT\",\"@id\":\"https:\\\/\\\/www.organisator.ch\\\/#\\\/schema\\\/logo\\\/image\\\/\",\"url\":\"https:\\\/\\\/www.organisator.ch\\\/wp-content\\\/uploads\\\/2022\\\/01\\\/Logo_Organisator_Website.png\",\"contentUrl\":\"https:\\\/\\\/www.organisator.ch\\\/wp-content\\\/uploads\\\/2022\\\/01\\\/Logo_Organisator_Website.png\",\"width\":800,\"height\":77,\"caption\":\"Organisator\"},\"image\":{\"@id\":\"https:\\\/\\\/www.organisator.ch\\\/#\\\/schema\\\/logo\\\/image\\\/\"},\"sameAs\":[\"https:\\\/\\\/www.facebook.com\\\/OrganisatorFachmagazin\",\"https:\\\/\\\/www.linkedin.com\\\/showcase\\\/organisator-das-magazin-fr-kmu\",\"https:\\\/\\\/www.xing.com\\\/news\\\/pages\\\/organisator-ch-695\",\"https:\\\/\\\/www.youtube.com\\\/channel\\\/UCGP2Sq0iWaZwT3BdIAQFYpw\"]},{\"@type\":\"Person\",\"@id\":\"https:\\\/\\\/www.organisator.ch\\\/#\\\/schema\\\/person\\\/a9d0e0eff238db87a8f840f3b50359f0\",\"name\":\"n8n\",\"image\":{\"@type\":\"ImageObject\",\"inLanguage\":\"it-IT\",\"@id\":\"https:\\\/\\\/secure.gravatar.com\\\/avatar\\\/5368fb9d03fd415a6f335cece4c15af2502d6ca8651efbd6e8f98427a9795400?s=96&d=mm&r=g\",\"url\":\"https:\\\/\\\/secure.gravatar.com\\\/avatar\\\/5368fb9d03fd415a6f335cece4c15af2502d6ca8651efbd6e8f98427a9795400?s=96&d=mm&r=g\",\"contentUrl\":\"https:\\\/\\\/secure.gravatar.com\\\/avatar\\\/5368fb9d03fd415a6f335cece4c15af2502d6ca8651efbd6e8f98427a9795400?s=96&d=mm&r=g\",\"caption\":\"n8n\"},\"url\":\"https:\\\/\\\/www.organisator.ch\\\/it\\\/author\\\/n8n\\\/\"}]}<\/script>\n<!-- \/ Yoast SEO plugin. -->","yoast_head_json":{"title":"La popolazione svizzera chiede una politica attiva su IA, blockchain e informatica quantistica - Organizzatore","description":"Uno studio dell'Universit\u00e0 di Scienze Applicate e Arti di Lucerna dimostra che la popolazione svizzera \u00e8 aperta all'IA, alla blockchain e all'informatica quantistica e chiede politiche attive.","robots":{"index":"index","follow":"follow","max-snippet":"max-snippet:-1","max-image-preview":"max-image-preview:large","max-video-preview":"max-video-preview:-1"},"canonical":"https:\/\/www.organisator.ch\/it\/generale\/2026-01-21\/schweizer-bevoelkerung-fordert-aktive-politik-bei-ki-blockchain-und-quantencomputing\/","og_locale":"it_IT","og_type":"article","og_title":"Schweizer Bev\u00f6lkerung fordert aktive Politik bei KI, Blockchain und Quantencomputing - Organisator","og_description":"Studie der Hochschule Luzern zeigt: Schweizer Bev\u00f6lkerung steht KI, Blockchain und Quantencomputing offen gegen\u00fcber und fordert aktive Politik.","og_url":"https:\/\/www.organisator.ch\/it\/generale\/2026-01-21\/schweizer-bevoelkerung-fordert-aktive-politik-bei-ki-blockchain-und-quantencomputing\/","og_site_name":"Organisator","article_publisher":"https:\/\/www.facebook.com\/OrganisatorFachmagazin","article_published_time":"2026-01-21T08:15:10+00:00","og_image":[{"width":702,"height":483,"url":"https:\/\/www.organisator.ch\/wp-content\/uploads\/2026\/01\/Bildschirmfoto-2025-10-28-um-11.04.09-scaled-e1768983225107.png","type":"image\/png"}],"author":"n8n","twitter_card":"summary_large_image","schema":{"@context":"https:\/\/schema.org","@graph":[{"@type":"Article","@id":"https:\/\/www.organisator.ch\/allgemein\/2026-01-21\/schweizer-bevoelkerung-fordert-aktive-politik-bei-ki-blockchain-und-quantencomputing\/#article","isPartOf":{"@id":"https:\/\/www.organisator.ch\/allgemein\/2026-01-21\/schweizer-bevoelkerung-fordert-aktive-politik-bei-ki-blockchain-und-quantencomputing\/"},"author":{"name":"n8n","@id":"https:\/\/www.organisator.ch\/#\/schema\/person\/a9d0e0eff238db87a8f840f3b50359f0"},"headline":"Schweizer Bev\u00f6lkerung fordert aktive Politik bei KI, Blockchain und Quantencomputing","datePublished":"2026-01-21T08:15:10+00:00","mainEntityOfPage":{"@id":"https:\/\/www.organisator.ch\/allgemein\/2026-01-21\/schweizer-bevoelkerung-fordert-aktive-politik-bei-ki-blockchain-und-quantencomputing\/"},"wordCount":733,"publisher":{"@id":"https:\/\/www.organisator.ch\/#organization"},"image":{"@id":"https:\/\/www.organisator.ch\/allgemein\/2026-01-21\/schweizer-bevoelkerung-fordert-aktive-politik-bei-ki-blockchain-und-quantencomputing\/#primaryimage"},"thumbnailUrl":"https:\/\/www.organisator.ch\/wp-content\/uploads\/2026\/01\/Bildschirmfoto-2025-10-28-um-11.04.09-scaled-e1768983225107.png","keywords":["Forschung","K\u00fcnstliche Intelligenz","Studie","Wirtschaftspolitik"],"articleSection":["Allgemein"],"inLanguage":"it-IT"},{"@type":"WebPage","@id":"https:\/\/www.organisator.ch\/allgemein\/2026-01-21\/schweizer-bevoelkerung-fordert-aktive-politik-bei-ki-blockchain-und-quantencomputing\/","url":"https:\/\/www.organisator.ch\/allgemein\/2026-01-21\/schweizer-bevoelkerung-fordert-aktive-politik-bei-ki-blockchain-und-quantencomputing\/","name":"La popolazione svizzera chiede una politica attiva su IA, blockchain e informatica quantistica - Organizzatore","isPartOf":{"@id":"https:\/\/www.organisator.ch\/#website"},"primaryImageOfPage":{"@id":"https:\/\/www.organisator.ch\/allgemein\/2026-01-21\/schweizer-bevoelkerung-fordert-aktive-politik-bei-ki-blockchain-und-quantencomputing\/#primaryimage"},"image":{"@id":"https:\/\/www.organisator.ch\/allgemein\/2026-01-21\/schweizer-bevoelkerung-fordert-aktive-politik-bei-ki-blockchain-und-quantencomputing\/#primaryimage"},"thumbnailUrl":"https:\/\/www.organisator.ch\/wp-content\/uploads\/2026\/01\/Bildschirmfoto-2025-10-28-um-11.04.09-scaled-e1768983225107.png","datePublished":"2026-01-21T08:15:10+00:00","description":"Uno studio dell'Universit\u00e0 di Scienze Applicate e Arti di Lucerna dimostra che la popolazione svizzera \u00e8 aperta all'IA, alla blockchain e all'informatica quantistica e chiede politiche attive.","breadcrumb":{"@id":"https:\/\/www.organisator.ch\/allgemein\/2026-01-21\/schweizer-bevoelkerung-fordert-aktive-politik-bei-ki-blockchain-und-quantencomputing\/#breadcrumb"},"inLanguage":"it-IT","potentialAction":[{"@type":"ReadAction","target":["https:\/\/www.organisator.ch\/allgemein\/2026-01-21\/schweizer-bevoelkerung-fordert-aktive-politik-bei-ki-blockchain-und-quantencomputing\/"]}]},{"@type":"ImageObject","inLanguage":"it-IT","@id":"https:\/\/www.organisator.ch\/allgemein\/2026-01-21\/schweizer-bevoelkerung-fordert-aktive-politik-bei-ki-blockchain-und-quantencomputing\/#primaryimage","url":"https:\/\/www.organisator.ch\/wp-content\/uploads\/2026\/01\/Bildschirmfoto-2025-10-28-um-11.04.09-scaled-e1768983225107.png","contentUrl":"https:\/\/www.organisator.ch\/wp-content\/uploads\/2026\/01\/Bildschirmfoto-2025-10-28-um-11.04.09-scaled-e1768983225107.png","width":702,"height":483},{"@type":"BreadcrumbList","@id":"https:\/\/www.organisator.ch\/allgemein\/2026-01-21\/schweizer-bevoelkerung-fordert-aktive-politik-bei-ki-blockchain-und-quantencomputing\/#breadcrumb","itemListElement":[{"@type":"ListItem","position":1,"name":"Home","item":"https:\/\/www.organisator.ch\/"},{"@type":"ListItem","position":2,"name":"Schweizer Bev\u00f6lkerung fordert aktive Politik bei KI, Blockchain und Quantencomputing"}]},{"@type":"WebSite","@id":"https:\/\/www.organisator.ch\/#website","url":"https:\/\/www.organisator.ch\/","name":"Organizzatore","description":"Competente. Pratico. In 10 numeri all'anno, ORGANISATOR presenta i temi essenziali per i manager delle PMI.","publisher":{"@id":"https:\/\/www.organisator.ch\/#organization"},"potentialAction":[{"@type":"SearchAction","target":{"@type":"EntryPoint","urlTemplate":"https:\/\/www.organisator.ch\/?s={search_term_string}"},"query-input":{"@type":"PropertyValueSpecification","valueRequired":true,"valueName":"search_term_string"}}],"inLanguage":"it-IT"},{"@type":"Organization","@id":"https:\/\/www.organisator.ch\/#organization","name":"Organizzatore","url":"https:\/\/www.organisator.ch\/","logo":{"@type":"ImageObject","inLanguage":"it-IT","@id":"https:\/\/www.organisator.ch\/#\/schema\/logo\/image\/","url":"https:\/\/www.organisator.ch\/wp-content\/uploads\/2022\/01\/Logo_Organisator_Website.png","contentUrl":"https:\/\/www.organisator.ch\/wp-content\/uploads\/2022\/01\/Logo_Organisator_Website.png","width":800,"height":77,"caption":"Organisator"},"image":{"@id":"https:\/\/www.organisator.ch\/#\/schema\/logo\/image\/"},"sameAs":["https:\/\/www.facebook.com\/OrganisatorFachmagazin","https:\/\/www.linkedin.com\/showcase\/organisator-das-magazin-fr-kmu","https:\/\/www.xing.com\/news\/pages\/organisator-ch-695","https:\/\/www.youtube.com\/channel\/UCGP2Sq0iWaZwT3BdIAQFYpw"]},{"@type":"Person","@id":"https:\/\/www.organisator.ch\/#\/schema\/person\/a9d0e0eff238db87a8f840f3b50359f0","name":"n8n","image":{"@type":"ImageObject","inLanguage":"it-IT","@id":"https:\/\/secure.gravatar.com\/avatar\/5368fb9d03fd415a6f335cece4c15af2502d6ca8651efbd6e8f98427a9795400?s=96&d=mm&r=g","url":"https:\/\/secure.gravatar.com\/avatar\/5368fb9d03fd415a6f335cece4c15af2502d6ca8651efbd6e8f98427a9795400?s=96&d=mm&r=g","contentUrl":"https:\/\/secure.gravatar.com\/avatar\/5368fb9d03fd415a6f335cece4c15af2502d6ca8651efbd6e8f98427a9795400?s=96&d=mm&r=g","caption":"n8n"},"url":"https:\/\/www.organisator.ch\/it\/author\/n8n\/"}]}},"_links":{"self":[{"href":"https:\/\/www.organisator.ch\/it\/wp-json\/wp\/v2\/posts\/43425","targetHints":{"allow":["GET"]}}],"collection":[{"href":"https:\/\/www.organisator.ch\/it\/wp-json\/wp\/v2\/posts"}],"about":[{"href":"https:\/\/www.organisator.ch\/it\/wp-json\/wp\/v2\/types\/post"}],"author":[{"embeddable":true,"href":"https:\/\/www.organisator.ch\/it\/wp-json\/wp\/v2\/users\/107"}],"replies":[{"embeddable":true,"href":"https:\/\/www.organisator.ch\/it\/wp-json\/wp\/v2\/comments?post=43425"}],"version-history":[{"count":4,"href":"https:\/\/www.organisator.ch\/it\/wp-json\/wp\/v2\/posts\/43425\/revisions"}],"predecessor-version":[{"id":43513,"href":"https:\/\/www.organisator.ch\/it\/wp-json\/wp\/v2\/posts\/43425\/revisions\/43513"}],"wp:featuredmedia":[{"embeddable":true,"href":"https:\/\/www.organisator.ch\/it\/wp-json\/wp\/v2\/media\/43424"}],"wp:attachment":[{"href":"https:\/\/www.organisator.ch\/it\/wp-json\/wp\/v2\/media?parent=43425"}],"wp:term":[{"taxonomy":"category","embeddable":true,"href":"https:\/\/www.organisator.ch\/it\/wp-json\/wp\/v2\/categories?post=43425"},{"taxonomy":"post_tag","embeddable":true,"href":"https:\/\/www.organisator.ch\/it\/wp-json\/wp\/v2\/tags?post=43425"}],"curies":[{"name":"wp","href":"https:\/\/api.w.org\/{rel}","templated":true}]}}