{"id":43449,"date":"2026-01-21T10:16:00","date_gmt":"2026-01-21T09:16:00","guid":{"rendered":"https:\/\/www.markt-kom.com\/de\/?p=249631"},"modified":"2026-01-21T13:07:56","modified_gmt":"2026-01-21T12:07:56","slug":"gfm-laedt-zur-trend-tagung-the-new-marketing-playbook","status":"publish","type":"post","link":"https:\/\/www.organisator.ch\/it\/marketing\/2026-01-21\/gfm-laedt-zur-trend-tagung-the-new-marketing-playbook\/","title":{"rendered":"GFM vi invita alla conferenza sulle tendenze \u00abThe New Marketing Playbook\u00bb.\u00bb"},"content":{"rendered":"<figure><img class=\"alignnone size-full wp-image-205333\" src=\"https:\/\/www.markt-kom.com\/wp-content\/uploads\/2023\/10\/gfm-logo-schweiz.jpg\" sizes=\"(max-width: 800px) 100vw, 800px\" srcset=\"https:\/\/www.markt-kom.com\/wp-content\/uploads\/2023\/10\/gfm-logo-schweiz.jpg 800w, https:\/\/www.markt-kom.com\/wp-content\/uploads\/2023\/10\/gfm-logo-schweiz-600x450.jpg 600w, https:\/\/www.markt-kom.com\/wp-content\/uploads\/2023\/10\/gfm-logo-schweiz-768x576.jpg 768w, https:\/\/www.markt-kom.com\/wp-content\/uploads\/2023\/10\/gfm-logo-schweiz-16x12.jpg 16w, https:\/\/www.markt-kom.com\/wp-content\/uploads\/2023\/10\/gfm-logo-schweiz-233x175.jpg 233w, https:\/\/www.markt-kom.com\/wp-content\/uploads\/2023\/10\/gfm-logo-schweiz-467x350.jpg 467w\" alt=\"\" width=\"800\" height=\"600\" \/>\r\n<figcaption>Fonte: zvg<\/figcaption>\r\n<\/figure>\r\n<p>Il marketing \u00e8 in una fase di riorientamento fondamentale. I dati, la tecnologia e l'intelligenza artificiale hanno ampliato le possibilit\u00e0, ma hanno anche reso pi\u00f9 complesso il campo di gioco. Mentre gli algoritmi decidono sempre pi\u00f9 spesso sulla visibilit\u00e0, cresce la pressione per ridefinire la rilevanza, la fiducia e la vicinanza ai clienti. La Gesellschaft f\u00fcr Marketing (GFM) affronta questo tema con la conferenza di tendenza \u00abThe New Marketing Playbook\u00bb che si terr\u00e0 mercoled\u00ec 11 marzo 2026, dalle 9.00 alle 17.00, nella sala eventi Aura in Bleicherweg a Zurigo.<\/p>\r\n<h3>Relatori di alto livello provenienti dal mondo economico e scientifico<\/h3>\r\n<p>La conferenza riunisce un'impressionante schiera di esperti: Prof. Marcus Sch\u00f6gel, Stephan Balzer (Tedxberlin), David Fischer (High Snobiety), Guntram Friede (Celonis), Olaf Geuer (Swisscom), Prof. Dennis Herhausen (Vrije Universiteit Amsterdam), Sebastian Kemmler (Kemmler und Kemmler), Mikael Krogerus e Roman Tsch\u00e4ppeler, Prof. Wolfgang Merkle (University for Applied Science), Frans Riemersma (Farner Consulting, Sarah Stoccolma (Martech Tribe), Philipp Skrabal (Farner Consulting). Wolfgang Merkle (University of Europe for Applied Science), Frans Riemersma (Martech Tribe), Philipp Skrabal (Farner Consulting), Sarah Stokar (Feldschl\u00f6sschen) e Andrea Vetsch (SRF).<\/p>\r\n<h3>Quote di partecipazione e registrazione alla conferenza<\/h3>\r\n<p>La partecipazione costa 690 franchi per i membri del GFM e 990 franchi per i non membri del GFM. Gli interessati possono registrarsi ora all'evento. Ulteriori informazioni: <a href=\"https:\/\/gfm.ch\/veranstaltungen\/\">https:\/\/gfm.ch\/veranstaltungen\/<\/a><\/p>","protected":false},"excerpt":{"rendered":"<p>La Gesellschaft f\u00fcr Marketing (GFM) terr\u00e0 la sua Trend Conference l\u00ab11 marzo 2026 nella sala eventi Aura di Zurigo. Con il motto \u00bbThe New Marketing Playbook\", esperti di fama discuteranno del riorientamento fondamentale del marketing in tempi di dati, tecnologia e AI.<\/p>","protected":false},"author":107,"featured_media":0,"comment_status":"closed","ping_status":"closed","sticky":false,"template":"","format":"standard","meta":{"_acf_changed":false,"_yoast_wpseo_focuskw":"Trend-Tagung","_yoast_wpseo_metadesc":"Die Gesellschaft f\u00fcr Marketing (GFM) veranstaltet am 11. M\u00e4rz 2026 ihre Trend-Tagung im Aura Event Saal in Z\u00fcrich.","articlekey":"","footnotes":""},"categories":[29],"tags":[5776,4343],"class_list":["post-43449","post","type-post","status-publish","format-standard","hentry","category-marketing","tag-gfm-trend-tagung","tag-markom"],"acf":[],"yoast_head":"<!-- This site is optimized with the Yoast SEO plugin v27.5 - https:\/\/yoast.com\/product\/yoast-seo-wordpress\/ -->\n<title>GFM l\u00e4dt zur Trend-Tagung \u00abThe New Marketing Playbook\u00bb - Organisator<\/title>\n<meta name=\"description\" content=\"Die Gesellschaft f\u00fcr Marketing (GFM) veranstaltet am 11. M\u00e4rz 2026 ihre Trend-Tagung im Aura Event Saal in Z\u00fcrich.\" \/>\n<meta name=\"robots\" content=\"index, follow, max-snippet:-1, max-image-preview:large, max-video-preview:-1\" \/>\n<link rel=\"canonical\" href=\"https:\/\/www.organisator.ch\/it\/marketing\/2026-01-21\/gfm-laedt-zur-trend-tagung-the-new-marketing-playbook\/\" \/>\n<meta property=\"og:locale\" content=\"it_IT\" \/>\n<meta property=\"og:type\" content=\"article\" \/>\n<meta property=\"og:title\" content=\"GFM l\u00e4dt zur Trend-Tagung \u00abThe New Marketing Playbook\u00bb - Organisator\" \/>\n<meta property=\"og:description\" content=\"Die Gesellschaft f\u00fcr Marketing (GFM) veranstaltet am 11. M\u00e4rz 2026 ihre Trend-Tagung im Aura Event Saal in Z\u00fcrich.\" \/>\n<meta property=\"og:url\" content=\"https:\/\/www.organisator.ch\/it\/marketing\/2026-01-21\/gfm-laedt-zur-trend-tagung-the-new-marketing-playbook\/\" \/>\n<meta property=\"og:site_name\" content=\"Organisator\" \/>\n<meta property=\"article:publisher\" content=\"https:\/\/www.facebook.com\/OrganisatorFachmagazin\" \/>\n<meta property=\"article:published_time\" content=\"2026-01-21T09:16:00+00:00\" \/>\n<meta property=\"article:modified_time\" content=\"2026-01-21T12:07:56+00:00\" \/>\n<meta name=\"author\" content=\"n8n\" \/>\n<meta name=\"twitter:card\" content=\"summary_large_image\" \/>\n<script type=\"application\/ld+json\" class=\"yoast-schema-graph\">{\"@context\":\"https:\\\/\\\/schema.org\",\"@graph\":[{\"@type\":\"Article\",\"@id\":\"https:\\\/\\\/www.organisator.ch\\\/marketing\\\/2026-01-21\\\/gfm-laedt-zur-trend-tagung-the-new-marketing-playbook\\\/#article\",\"isPartOf\":{\"@id\":\"https:\\\/\\\/www.organisator.ch\\\/marketing\\\/2026-01-21\\\/gfm-laedt-zur-trend-tagung-the-new-marketing-playbook\\\/\"},\"author\":{\"name\":\"n8n\",\"@id\":\"https:\\\/\\\/www.organisator.ch\\\/#\\\/schema\\\/person\\\/a9d0e0eff238db87a8f840f3b50359f0\"},\"headline\":\"GFM l\u00e4dt zur Trend-Tagung \u00abThe New Marketing Playbook\u00bb\",\"datePublished\":\"2026-01-21T09:16:00+00:00\",\"dateModified\":\"2026-01-21T12:07:56+00:00\",\"mainEntityOfPage\":{\"@id\":\"https:\\\/\\\/www.organisator.ch\\\/marketing\\\/2026-01-21\\\/gfm-laedt-zur-trend-tagung-the-new-marketing-playbook\\\/\"},\"wordCount\":199,\"publisher\":{\"@id\":\"https:\\\/\\\/www.organisator.ch\\\/#organization\"},\"image\":{\"@id\":\"https:\\\/\\\/www.organisator.ch\\\/marketing\\\/2026-01-21\\\/gfm-laedt-zur-trend-tagung-the-new-marketing-playbook\\\/#primaryimage\"},\"thumbnailUrl\":\"https:\\\/\\\/www.markt-kom.com\\\/wp-content\\\/uploads\\\/2023\\\/10\\\/gfm-logo-schweiz.jpg\",\"keywords\":[\"gfm Trend-Tagung\",\"MarKom\"],\"articleSection\":[\"MARKETING\"],\"inLanguage\":\"it-IT\"},{\"@type\":\"WebPage\",\"@id\":\"https:\\\/\\\/www.organisator.ch\\\/marketing\\\/2026-01-21\\\/gfm-laedt-zur-trend-tagung-the-new-marketing-playbook\\\/\",\"url\":\"https:\\\/\\\/www.organisator.ch\\\/marketing\\\/2026-01-21\\\/gfm-laedt-zur-trend-tagung-the-new-marketing-playbook\\\/\",\"name\":\"GFM l\u00e4dt zur Trend-Tagung \u00abThe New Marketing Playbook\u00bb - Organisator\",\"isPartOf\":{\"@id\":\"https:\\\/\\\/www.organisator.ch\\\/#website\"},\"primaryImageOfPage\":{\"@id\":\"https:\\\/\\\/www.organisator.ch\\\/marketing\\\/2026-01-21\\\/gfm-laedt-zur-trend-tagung-the-new-marketing-playbook\\\/#primaryimage\"},\"image\":{\"@id\":\"https:\\\/\\\/www.organisator.ch\\\/marketing\\\/2026-01-21\\\/gfm-laedt-zur-trend-tagung-the-new-marketing-playbook\\\/#primaryimage\"},\"thumbnailUrl\":\"https:\\\/\\\/www.markt-kom.com\\\/wp-content\\\/uploads\\\/2023\\\/10\\\/gfm-logo-schweiz.jpg\",\"datePublished\":\"2026-01-21T09:16:00+00:00\",\"dateModified\":\"2026-01-21T12:07:56+00:00\",\"description\":\"Die Gesellschaft f\u00fcr Marketing (GFM) veranstaltet am 11. M\u00e4rz 2026 ihre Trend-Tagung im Aura Event Saal in Z\u00fcrich.\",\"breadcrumb\":{\"@id\":\"https:\\\/\\\/www.organisator.ch\\\/marketing\\\/2026-01-21\\\/gfm-laedt-zur-trend-tagung-the-new-marketing-playbook\\\/#breadcrumb\"},\"inLanguage\":\"it-IT\",\"potentialAction\":[{\"@type\":\"ReadAction\",\"target\":[\"https:\\\/\\\/www.organisator.ch\\\/marketing\\\/2026-01-21\\\/gfm-laedt-zur-trend-tagung-the-new-marketing-playbook\\\/\"]}]},{\"@type\":\"ImageObject\",\"inLanguage\":\"it-IT\",\"@id\":\"https:\\\/\\\/www.organisator.ch\\\/marketing\\\/2026-01-21\\\/gfm-laedt-zur-trend-tagung-the-new-marketing-playbook\\\/#primaryimage\",\"url\":\"https:\\\/\\\/www.markt-kom.com\\\/wp-content\\\/uploads\\\/2023\\\/10\\\/gfm-logo-schweiz.jpg\",\"contentUrl\":\"https:\\\/\\\/www.markt-kom.com\\\/wp-content\\\/uploads\\\/2023\\\/10\\\/gfm-logo-schweiz.jpg\"},{\"@type\":\"BreadcrumbList\",\"@id\":\"https:\\\/\\\/www.organisator.ch\\\/marketing\\\/2026-01-21\\\/gfm-laedt-zur-trend-tagung-the-new-marketing-playbook\\\/#breadcrumb\",\"itemListElement\":[{\"@type\":\"ListItem\",\"position\":1,\"name\":\"Home\",\"item\":\"https:\\\/\\\/www.organisator.ch\\\/\"},{\"@type\":\"ListItem\",\"position\":2,\"name\":\"GFM l\u00e4dt zur Trend-Tagung \u00abThe New Marketing Playbook\u00bb\"}]},{\"@type\":\"WebSite\",\"@id\":\"https:\\\/\\\/www.organisator.ch\\\/#website\",\"url\":\"https:\\\/\\\/www.organisator.ch\\\/\",\"name\":\"Organisator\",\"description\":\"Kompetent. Praxisnah. Der ORGANISATOR bereitet in 10 Ausgaben pro Jahr die wesentlichen Themen f\u00fcr F\u00fchrungskr\u00e4fte von KMU auf.\",\"publisher\":{\"@id\":\"https:\\\/\\\/www.organisator.ch\\\/#organization\"},\"potentialAction\":[{\"@type\":\"SearchAction\",\"target\":{\"@type\":\"EntryPoint\",\"urlTemplate\":\"https:\\\/\\\/www.organisator.ch\\\/?s={search_term_string}\"},\"query-input\":{\"@type\":\"PropertyValueSpecification\",\"valueRequired\":true,\"valueName\":\"search_term_string\"}}],\"inLanguage\":\"it-IT\"},{\"@type\":\"Organization\",\"@id\":\"https:\\\/\\\/www.organisator.ch\\\/#organization\",\"name\":\"Organisator\",\"url\":\"https:\\\/\\\/www.organisator.ch\\\/\",\"logo\":{\"@type\":\"ImageObject\",\"inLanguage\":\"it-IT\",\"@id\":\"https:\\\/\\\/www.organisator.ch\\\/#\\\/schema\\\/logo\\\/image\\\/\",\"url\":\"https:\\\/\\\/www.organisator.ch\\\/wp-content\\\/uploads\\\/2022\\\/01\\\/Logo_Organisator_Website.png\",\"contentUrl\":\"https:\\\/\\\/www.organisator.ch\\\/wp-content\\\/uploads\\\/2022\\\/01\\\/Logo_Organisator_Website.png\",\"width\":800,\"height\":77,\"caption\":\"Organisator\"},\"image\":{\"@id\":\"https:\\\/\\\/www.organisator.ch\\\/#\\\/schema\\\/logo\\\/image\\\/\"},\"sameAs\":[\"https:\\\/\\\/www.facebook.com\\\/OrganisatorFachmagazin\",\"https:\\\/\\\/www.linkedin.com\\\/showcase\\\/organisator-das-magazin-fr-kmu\",\"https:\\\/\\\/www.xing.com\\\/news\\\/pages\\\/organisator-ch-695\",\"https:\\\/\\\/www.youtube.com\\\/channel\\\/UCGP2Sq0iWaZwT3BdIAQFYpw\"]},{\"@type\":\"Person\",\"@id\":\"https:\\\/\\\/www.organisator.ch\\\/#\\\/schema\\\/person\\\/a9d0e0eff238db87a8f840f3b50359f0\",\"name\":\"n8n\",\"image\":{\"@type\":\"ImageObject\",\"inLanguage\":\"it-IT\",\"@id\":\"https:\\\/\\\/secure.gravatar.com\\\/avatar\\\/5368fb9d03fd415a6f335cece4c15af2502d6ca8651efbd6e8f98427a9795400?s=96&d=mm&r=g\",\"url\":\"https:\\\/\\\/secure.gravatar.com\\\/avatar\\\/5368fb9d03fd415a6f335cece4c15af2502d6ca8651efbd6e8f98427a9795400?s=96&d=mm&r=g\",\"contentUrl\":\"https:\\\/\\\/secure.gravatar.com\\\/avatar\\\/5368fb9d03fd415a6f335cece4c15af2502d6ca8651efbd6e8f98427a9795400?s=96&d=mm&r=g\",\"caption\":\"n8n\"},\"url\":\"https:\\\/\\\/www.organisator.ch\\\/it\\\/author\\\/n8n\\\/\"}]}<\/script>\n<!-- \/ Yoast SEO plugin. -->","yoast_head_json":{"title":"GFM vi invita alla conferenza di tendenza \u00abThe New Marketing Playbook\u00bb - Organizzatore","description":"La Gesellschaft f\u00fcr Marketing (GFM) terr\u00e0 la sua Trend Conference l'11 marzo 2026 nella sala eventi Aura di Zurigo.","robots":{"index":"index","follow":"follow","max-snippet":"max-snippet:-1","max-image-preview":"max-image-preview:large","max-video-preview":"max-video-preview:-1"},"canonical":"https:\/\/www.organisator.ch\/it\/marketing\/2026-01-21\/gfm-laedt-zur-trend-tagung-the-new-marketing-playbook\/","og_locale":"it_IT","og_type":"article","og_title":"GFM l\u00e4dt zur Trend-Tagung \u00abThe New Marketing Playbook\u00bb - Organisator","og_description":"Die Gesellschaft f\u00fcr Marketing (GFM) veranstaltet am 11. M\u00e4rz 2026 ihre Trend-Tagung im Aura Event Saal in Z\u00fcrich.","og_url":"https:\/\/www.organisator.ch\/it\/marketing\/2026-01-21\/gfm-laedt-zur-trend-tagung-the-new-marketing-playbook\/","og_site_name":"Organisator","article_publisher":"https:\/\/www.facebook.com\/OrganisatorFachmagazin","article_published_time":"2026-01-21T09:16:00+00:00","article_modified_time":"2026-01-21T12:07:56+00:00","author":"n8n","twitter_card":"summary_large_image","schema":{"@context":"https:\/\/schema.org","@graph":[{"@type":"Article","@id":"https:\/\/www.organisator.ch\/marketing\/2026-01-21\/gfm-laedt-zur-trend-tagung-the-new-marketing-playbook\/#article","isPartOf":{"@id":"https:\/\/www.organisator.ch\/marketing\/2026-01-21\/gfm-laedt-zur-trend-tagung-the-new-marketing-playbook\/"},"author":{"name":"n8n","@id":"https:\/\/www.organisator.ch\/#\/schema\/person\/a9d0e0eff238db87a8f840f3b50359f0"},"headline":"GFM l\u00e4dt zur Trend-Tagung \u00abThe New Marketing Playbook\u00bb","datePublished":"2026-01-21T09:16:00+00:00","dateModified":"2026-01-21T12:07:56+00:00","mainEntityOfPage":{"@id":"https:\/\/www.organisator.ch\/marketing\/2026-01-21\/gfm-laedt-zur-trend-tagung-the-new-marketing-playbook\/"},"wordCount":199,"publisher":{"@id":"https:\/\/www.organisator.ch\/#organization"},"image":{"@id":"https:\/\/www.organisator.ch\/marketing\/2026-01-21\/gfm-laedt-zur-trend-tagung-the-new-marketing-playbook\/#primaryimage"},"thumbnailUrl":"https:\/\/www.markt-kom.com\/wp-content\/uploads\/2023\/10\/gfm-logo-schweiz.jpg","keywords":["gfm Trend-Tagung","MarKom"],"articleSection":["MARKETING"],"inLanguage":"it-IT"},{"@type":"WebPage","@id":"https:\/\/www.organisator.ch\/marketing\/2026-01-21\/gfm-laedt-zur-trend-tagung-the-new-marketing-playbook\/","url":"https:\/\/www.organisator.ch\/marketing\/2026-01-21\/gfm-laedt-zur-trend-tagung-the-new-marketing-playbook\/","name":"GFM vi invita alla conferenza di tendenza \u00abThe New Marketing Playbook\u00bb - Organizzatore","isPartOf":{"@id":"https:\/\/www.organisator.ch\/#website"},"primaryImageOfPage":{"@id":"https:\/\/www.organisator.ch\/marketing\/2026-01-21\/gfm-laedt-zur-trend-tagung-the-new-marketing-playbook\/#primaryimage"},"image":{"@id":"https:\/\/www.organisator.ch\/marketing\/2026-01-21\/gfm-laedt-zur-trend-tagung-the-new-marketing-playbook\/#primaryimage"},"thumbnailUrl":"https:\/\/www.markt-kom.com\/wp-content\/uploads\/2023\/10\/gfm-logo-schweiz.jpg","datePublished":"2026-01-21T09:16:00+00:00","dateModified":"2026-01-21T12:07:56+00:00","description":"La Gesellschaft f\u00fcr Marketing (GFM) terr\u00e0 la sua Trend Conference l'11 marzo 2026 nella sala eventi Aura di Zurigo.","breadcrumb":{"@id":"https:\/\/www.organisator.ch\/marketing\/2026-01-21\/gfm-laedt-zur-trend-tagung-the-new-marketing-playbook\/#breadcrumb"},"inLanguage":"it-IT","potentialAction":[{"@type":"ReadAction","target":["https:\/\/www.organisator.ch\/marketing\/2026-01-21\/gfm-laedt-zur-trend-tagung-the-new-marketing-playbook\/"]}]},{"@type":"ImageObject","inLanguage":"it-IT","@id":"https:\/\/www.organisator.ch\/marketing\/2026-01-21\/gfm-laedt-zur-trend-tagung-the-new-marketing-playbook\/#primaryimage","url":"https:\/\/www.markt-kom.com\/wp-content\/uploads\/2023\/10\/gfm-logo-schweiz.jpg","contentUrl":"https:\/\/www.markt-kom.com\/wp-content\/uploads\/2023\/10\/gfm-logo-schweiz.jpg"},{"@type":"BreadcrumbList","@id":"https:\/\/www.organisator.ch\/marketing\/2026-01-21\/gfm-laedt-zur-trend-tagung-the-new-marketing-playbook\/#breadcrumb","itemListElement":[{"@type":"ListItem","position":1,"name":"Home","item":"https:\/\/www.organisator.ch\/"},{"@type":"ListItem","position":2,"name":"GFM l\u00e4dt zur Trend-Tagung \u00abThe New Marketing Playbook\u00bb"}]},{"@type":"WebSite","@id":"https:\/\/www.organisator.ch\/#website","url":"https:\/\/www.organisator.ch\/","name":"Organizzatore","description":"Competente. Pratico. In 10 numeri all'anno, ORGANISATOR presenta i temi essenziali per i manager delle PMI.","publisher":{"@id":"https:\/\/www.organisator.ch\/#organization"},"potentialAction":[{"@type":"SearchAction","target":{"@type":"EntryPoint","urlTemplate":"https:\/\/www.organisator.ch\/?s={search_term_string}"},"query-input":{"@type":"PropertyValueSpecification","valueRequired":true,"valueName":"search_term_string"}}],"inLanguage":"it-IT"},{"@type":"Organization","@id":"https:\/\/www.organisator.ch\/#organization","name":"Organizzatore","url":"https:\/\/www.organisator.ch\/","logo":{"@type":"ImageObject","inLanguage":"it-IT","@id":"https:\/\/www.organisator.ch\/#\/schema\/logo\/image\/","url":"https:\/\/www.organisator.ch\/wp-content\/uploads\/2022\/01\/Logo_Organisator_Website.png","contentUrl":"https:\/\/www.organisator.ch\/wp-content\/uploads\/2022\/01\/Logo_Organisator_Website.png","width":800,"height":77,"caption":"Organisator"},"image":{"@id":"https:\/\/www.organisator.ch\/#\/schema\/logo\/image\/"},"sameAs":["https:\/\/www.facebook.com\/OrganisatorFachmagazin","https:\/\/www.linkedin.com\/showcase\/organisator-das-magazin-fr-kmu","https:\/\/www.xing.com\/news\/pages\/organisator-ch-695","https:\/\/www.youtube.com\/channel\/UCGP2Sq0iWaZwT3BdIAQFYpw"]},{"@type":"Person","@id":"https:\/\/www.organisator.ch\/#\/schema\/person\/a9d0e0eff238db87a8f840f3b50359f0","name":"n8n","image":{"@type":"ImageObject","inLanguage":"it-IT","@id":"https:\/\/secure.gravatar.com\/avatar\/5368fb9d03fd415a6f335cece4c15af2502d6ca8651efbd6e8f98427a9795400?s=96&d=mm&r=g","url":"https:\/\/secure.gravatar.com\/avatar\/5368fb9d03fd415a6f335cece4c15af2502d6ca8651efbd6e8f98427a9795400?s=96&d=mm&r=g","contentUrl":"https:\/\/secure.gravatar.com\/avatar\/5368fb9d03fd415a6f335cece4c15af2502d6ca8651efbd6e8f98427a9795400?s=96&d=mm&r=g","caption":"n8n"},"url":"https:\/\/www.organisator.ch\/it\/author\/n8n\/"}]}},"_links":{"self":[{"href":"https:\/\/www.organisator.ch\/it\/wp-json\/wp\/v2\/posts\/43449","targetHints":{"allow":["GET"]}}],"collection":[{"href":"https:\/\/www.organisator.ch\/it\/wp-json\/wp\/v2\/posts"}],"about":[{"href":"https:\/\/www.organisator.ch\/it\/wp-json\/wp\/v2\/types\/post"}],"author":[{"embeddable":true,"href":"https:\/\/www.organisator.ch\/it\/wp-json\/wp\/v2\/users\/107"}],"replies":[{"embeddable":true,"href":"https:\/\/www.organisator.ch\/it\/wp-json\/wp\/v2\/comments?post=43449"}],"version-history":[{"count":5,"href":"https:\/\/www.organisator.ch\/it\/wp-json\/wp\/v2\/posts\/43449\/revisions"}],"predecessor-version":[{"id":43457,"href":"https:\/\/www.organisator.ch\/it\/wp-json\/wp\/v2\/posts\/43449\/revisions\/43457"}],"wp:attachment":[{"href":"https:\/\/www.organisator.ch\/it\/wp-json\/wp\/v2\/media?parent=43449"}],"wp:term":[{"taxonomy":"category","embeddable":true,"href":"https:\/\/www.organisator.ch\/it\/wp-json\/wp\/v2\/categories?post=43449"},{"taxonomy":"post_tag","embeddable":true,"href":"https:\/\/www.organisator.ch\/it\/wp-json\/wp\/v2\/tags?post=43449"}],"curies":[{"name":"wp","href":"https:\/\/api.w.org\/{rel}","templated":true}]}}