{"id":4365,"date":"2018-10-15T08:27:50","date_gmt":"2018-10-15T06:27:50","guid":{"rendered":"https:\/\/www.organisator.ch\/?p=4365"},"modified":"2018-10-15T08:27:50","modified_gmt":"2018-10-15T06:27:50","slug":"die-arbeitswelten-von-morgen-und-nachhaltigkeit-im-facility-management","status":"publish","type":"post","link":"https:\/\/www.organisator.ch\/it\/management\/2018-10-15\/die-arbeitswelten-von-morgen-und-nachhaltigkeit-im-facility-management\/","title":{"rendered":"I mondi lavorativi di domani e la sostenibilit\u00e0 nel facility management"},"content":{"rendered":"<figure id=\"attachment_4366\" aria-describedby=\"caption-attachment-4366\" style=\"width: 640px\" class=\"wp-caption alignnone\"><img loading=\"lazy\" decoding=\"async\" class=\"size-full wp-image-4366\" src=\"https:\/\/www.organisator.ch\/wp-content\/uploads\/2018\/10\/Die-Arbeitswelten-von-morgen-und-Nachhaltigkeit-im-Facility-Management_Organisator.jpg\" alt=\"\" width=\"640\" height=\"427\" srcset=\"https:\/\/www.organisator.ch\/wp-content\/uploads\/2018\/10\/Die-Arbeitswelten-von-morgen-und-Nachhaltigkeit-im-Facility-Management_Organisator.jpg 640w, https:\/\/www.organisator.ch\/wp-content\/uploads\/2018\/10\/Die-Arbeitswelten-von-morgen-und-Nachhaltigkeit-im-Facility-Management_Organisator-16x12.jpg 16w, https:\/\/www.organisator.ch\/wp-content\/uploads\/2018\/10\/Die-Arbeitswelten-von-morgen-und-Nachhaltigkeit-im-Facility-Management_Organisator-262x175.jpg 262w, https:\/\/www.organisator.ch\/wp-content\/uploads\/2018\/10\/Die-Arbeitswelten-von-morgen-und-Nachhaltigkeit-im-Facility-Management_Organisator-525x350.jpg 525w, https:\/\/www.organisator.ch\/wp-content\/uploads\/2018\/10\/Die-Arbeitswelten-von-morgen-und-Nachhaltigkeit-im-Facility-Management_Organisator-300x200.jpg 300w\" sizes=\"auto, (max-width: 640px) 100vw, 640px\" \/><figcaption id=\"caption-attachment-4366\" class=\"wp-caption-text\">La direttrice dell'IFM Prof. Dr.-Ing. Antje Junghans apre il Simposio IFM alla ZHAW di W\u00e4denswil. (Foto: \u00a9Tevy, W\u00e4denswil)<\/figcaption><\/figure>\n<p>Al simposio del 5 ottobre 2018 intitolato \"Evidence-based Facility Management on Workplace and Sustainable FM\", scienziati dagli USA e dall'Europa si sono incontrati con ricercatori e studenti dell'IFM e rappresentanti dell'economia svizzera. Lo spettro delle presentazioni ha spaziato dall'ambiente di lavoro e le questioni psicologiche, i sistemi IT e la sostenibilit\u00e0 fino alle soluzioni di ottimizzazione energetica degli edifici. Sono stati presentati anche gli attuali progetti di ricerca dell'Istituto per il Facility Management presso il Dipartimento di Scienze della Vita e Facility Management della ZHAW. Un workshop di dottorato con studenti di dottorato internazionali e una visita al partner di ricerca EMPA NEST a D\u00fcbendorf hanno avuto luogo anche il giorno prima del simposio.<\/p>\n<h2><strong>Ricerca e verifica in condizioni reali <\/strong><\/h2>\n<p>La visita al NEST all'EMPA (Laboratori federali svizzeri per la prova dei materiali e la ricerca) \u00e8 servita come introduzione ai due temi principali \"Workplace\" e \"Sustainable Facility Management\". Il lavoro di ricerca e sviluppo basato sull'evidenza potrebbe essere sperimentato dal vivo in questo laboratorio unico. Nuovi materiali, tecnologie e concetti nell'industria edilizia e immobiliare vengono qui ricercati congiuntamente da partner industriali e universit\u00e0 in condizioni reali, e gli effetti presunti vengono provati o smentiti. I progetti attuali includono, per esempio, scenari con appartamenti abitati fatti di materiali riciclati e decostruibili e riciclabili, nuovi ambienti di ufficio e di lavoro, e uno studio di fitness con una sauna che richiede solo un sesto del solito consumo energetico.<\/p>\n<h2><strong>Ricerca per i mondi del lavoro di domani <\/strong><\/h2>\n<p>Il simposio \u00e8 stato aperto dal ricercatore Dr Ying Hua della Cornell University (USA). Ha presentato due casi di design del posto di lavoro che illustrano la stretta interrelazione tra il design dell'ufficio e la gestione del posto di lavoro. Le organizzazioni possono cos\u00ec riconoscere al posto di lavoro un valore strategico sempre maggiore.<\/p>\n<p>Clara Weber, ricercatrice associata all'Istituto ZHAW per il Facility Management, si \u00e8 concentrata sulla regolamentazione della privacy sul posto di lavoro e sulla sua misurazione. Nella sua presentazione, ha mostrato come i concetti della psicologia ambientale e l'analisi del comportamento e delle percezioni dei dipendenti possono influenzare il design degli uffici e portare a una migliore salute e benessere.<\/p>\n<p>La dottoressa Eleanor Ratcliffe dell'Imperial College di Londra (Regno Unito) ha parlato degli ambienti rigenerativi e di come possono contribuire alla salute e al benessere. Sulla base dei suoi studi sul canto degli uccelli in ambienti interni, ha concluso che gli aspetti personali e culturali contribuiscono all'effetto di questo particolare elemento della natura sulle persone. Perch\u00e9 questo accada, i paesaggi sonori devono corrispondere all'ambiente e allo scopo.<\/p>\n<h2><strong>Padroneggiare la sostenibilit\u00e0 nel facility management sulla base delle prove <\/strong><\/h2>\n<p>Il Prof. Markus Hubbuch, specialista per l'energia e la gestione degli edifici all'IFM, e Marcel Janser, ricercatore associato, hanno mostrato come il \"gap di prestazioni\" degli edifici possa essere ridotto in futuro attraverso nuovi modelli di business. Dato che una variet\u00e0 di parti interessate, attori e decisioni contribuiscono a questo divario, si possono creare incentivi appropriati per contratti di rendimento energetico, partenariati a lungo termine e la considerazione dei risultati al di fuori della fornitura di energia. Esmir Maslesa dell'Universit\u00e0 della Danimarca ha parlato dell'importanza dell'ICT nel facility management come un forte \"abilitatore\" per aumentare le prestazioni di sostenibilit\u00e0 degli edifici. Dal suo lavoro di ricerca, \u00e8 stato in grado di dimostrare vividamente le interrelazioni di dati, strumenti ICT e flussi di lavoro e come devono essere orchestrati per ottenere gli effetti desiderati.<\/p>\n<p>Nella sua presentazione sui nuovi strumenti per la gestione di grandi portafogli immobiliari, Heinz Bernegger di IFM ha mostrato il ruolo del facility management nel raggiungimento degli obiettivi di sostenibilit\u00e0. La trasparenza e la continuit\u00e0 possono difficilmente essere raggiunte senza strumenti basati sulla conoscenza, nemmeno senza misurazioni ricorrenti del raggiungimento degli obiettivi.<\/p>\n<p>Il Prof. Dr Ulrich Schramm della FH Bielefeld ha dato una panoramica sulla valutazione delle prestazioni degli edifici. In un caso di studio di un campus universitario, ha illustrato i diversi cicli di feedback di questo approccio. L'esempio ha mostrato che l'idea della valutazione orientata all'utente dovrebbe essere estesa all'intero ciclo di vita di un edificio per assicurare le migliori soluzioni e qualit\u00e0 per gli utenti dell'edificio e le loro attivit\u00e0.<\/p>\n<p>Il consulente Chris Havers di Wokingham UK ha presentato un indice di sostenibilit\u00e0 FM con 23 dimensioni relative a energia, societ\u00e0 e regolamenti. Questo permette un benchmarking a livello aziendale e posiziona la sostenibilit\u00e0 nel FM come parte della responsabilit\u00e0 sociale aziendale.<\/p>\n<h2><strong>Scambio intensivo in laboratori <\/strong><\/h2>\n<p>Riprendendo il contenuto delle conferenze, ci sono state intense discussioni in quattro workshop nel pomeriggio su questioni aperte e approcci alle soluzioni nella pratica, sui temi \"Workplace Reengineering\", \"Restorative Environments\", \"IT systems in FM and sustainable facilities management\" e \"Measuring sustainability in building operations\".<\/p>\n<p>La padrona di casa e direttrice dell'Istituto, Prof. Dr. Antje Junghans, si \u00e8 congedata dai partecipanti con un appello a intensificare le attivit\u00e0 di ricerca internazionali. La ricerca contribuisce ad acquisire conoscenze fondate e a creare concetti lungimiranti per lo sviluppo sostenibile. I ricercatori beneficiano di teorie e metodi che aiutano ad ottenere una comprensione pi\u00f9 profonda di interrelazioni complesse.<\/p>\n<p>Il dialogo tra scienza, pratica e insegnamento sar\u00e0 continuato dall'IFM nell'ambito dell'IFM Day 2019 l'8 marzo 2019, con il titolo \"Management in tempi di richiesta di felicit\u00e0 del cliente\". Il prossimo simposio IFM su \"Health Care and Digital FM\" si terr\u00e0 il 4 ottobre 2019.<\/p>\n<p><a href=\"http:\/\/www.zhaw.ch\"><em>www.zhaw.ch<\/em><\/a><\/p>","protected":false},"excerpt":{"rendered":"<p>Am Fachsymposium vom 5. Oktober 2018 unter dem Titel \u00abEvidence-based Facility Management on Workplace and Sustainable FM\u00bb trafen Wissenschaftlerinnen und Wissenschaftler aus den USA und Europa mit Forschenden und Studierenden des IFM und Vertretern der Schweizer Wirtschaft zusammen. Das Spektrum der Referate reichte von der Arbeitsplatzumgebung und psychologischen Fragen, \u00fcber IT-Systeme und Nachhaltigkeit bis zu [&hellip;]<\/p>\n","protected":false},"author":4,"featured_media":4366,"comment_status":"open","ping_status":"open","sticky":false,"template":"","format":"standard","meta":{"_acf_changed":false,"_yoast_wpseo_focuskw":"Arbeitswelten","_yoast_wpseo_metadesc":"Schwerpunkt des dritten internationalen IFM-Symposiums am Institut f\u00fcr Facility Management in W\u00e4denswil bildeten u.a. die Arbeitswelten von morgen.","articlekey":"","footnotes":""},"categories":[28],"tags":[51,193,195,335],"class_list":["post-4365","post","type-post","status-publish","format-standard","has-post-thumbnail","hentry","category-management","tag-arbeitsplatzgestaltung","tag-fachkongressfachmesse","tag-facility-management","tag-management-und-unternehmensfuehrung"],"acf":[],"yoast_head":"<!-- This site is optimized with the Yoast SEO plugin v27.5 - https:\/\/yoast.com\/product\/yoast-seo-wordpress\/ -->\n<title>Die Arbeitswelten von morgen und Nachhaltigkeit im Facility Management - Organisator<\/title>\n<meta name=\"description\" content=\"Schwerpunkt des dritten internationalen IFM-Symposiums am Institut f\u00fcr Facility Management in W\u00e4denswil bildeten u.a. die Arbeitswelten von morgen.\" \/>\n<meta name=\"robots\" content=\"index, follow, max-snippet:-1, max-image-preview:large, max-video-preview:-1\" \/>\n<link rel=\"canonical\" href=\"https:\/\/www.organisator.ch\/it\/gestione-2\/2018-10-15\/die-arbeitswelten-von-morgen-und-nachhaltigkeit-im-facility-management\/\" \/>\n<meta property=\"og:locale\" content=\"it_IT\" \/>\n<meta property=\"og:type\" content=\"article\" \/>\n<meta property=\"og:title\" content=\"Die Arbeitswelten von morgen und Nachhaltigkeit im Facility Management\" \/>\n<meta property=\"og:description\" content=\"Schwerpunkt des dritten internationalen IFM-Symposiums am Institut f\u00fcr Facility Management in W\u00e4denswil bildeten u.a. die Arbeitswelten von morgen.\" \/>\n<meta property=\"og:url\" content=\"https:\/\/www.organisator.ch\/it\/gestione-2\/2018-10-15\/die-arbeitswelten-von-morgen-und-nachhaltigkeit-im-facility-management\/\" \/>\n<meta property=\"og:site_name\" content=\"Organisator\" \/>\n<meta property=\"article:publisher\" content=\"https:\/\/www.facebook.com\/OrganisatorFachmagazin\" \/>\n<meta property=\"article:published_time\" content=\"2018-10-15T06:27:50+00:00\" \/>\n<meta property=\"og:image\" content=\"https:\/\/www.organisator.ch\/wp-content\/uploads\/2018\/10\/Die-Arbeitswelten-von-morgen-und-Nachhaltigkeit-im-Facility-Management_Organisator.jpg\" \/>\n\t<meta property=\"og:image:width\" content=\"640\" \/>\n\t<meta property=\"og:image:height\" content=\"427\" \/>\n\t<meta property=\"og:image:type\" content=\"image\/jpeg\" \/>\n<meta name=\"author\" content=\"thomas.berner\" \/>\n<meta name=\"twitter:card\" content=\"summary_large_image\" \/>\n<meta name=\"twitter:title\" content=\"Die #Arbeitswelten von morgen und #Nachhaltigkeit im Facility Management\" \/>\n<meta name=\"twitter:description\" content=\"Schwerpunkt des dritten internationalen #IFM-Symposiums am Institut f\u00fcr Facility Management in W\u00e4denswil bildeten u.a. die Arbeitswelten von morgen.\" \/>\n<meta name=\"twitter:image\" content=\"https:\/\/www.organisator.ch\/wp-content\/uploads\/2018\/10\/Die-Arbeitswelten-von-morgen-und-Nachhaltigkeit-im-Facility-Management_Organisator.jpg\" \/>\n<script type=\"application\/ld+json\" class=\"yoast-schema-graph\">{\"@context\":\"https:\\\/\\\/schema.org\",\"@graph\":[{\"@type\":\"Article\",\"@id\":\"https:\\\/\\\/www.organisator.ch\\\/management\\\/2018-10-15\\\/die-arbeitswelten-von-morgen-und-nachhaltigkeit-im-facility-management\\\/#article\",\"isPartOf\":{\"@id\":\"https:\\\/\\\/www.organisator.ch\\\/management\\\/2018-10-15\\\/die-arbeitswelten-von-morgen-und-nachhaltigkeit-im-facility-management\\\/\"},\"author\":{\"name\":\"thomas.berner\",\"@id\":\"https:\\\/\\\/www.organisator.ch\\\/#\\\/schema\\\/person\\\/6f650f90b2842cd4c0cc334b4e36f67e\"},\"headline\":\"Die Arbeitswelten von morgen und Nachhaltigkeit im Facility Management\",\"datePublished\":\"2018-10-15T06:27:50+00:00\",\"mainEntityOfPage\":{\"@id\":\"https:\\\/\\\/www.organisator.ch\\\/management\\\/2018-10-15\\\/die-arbeitswelten-von-morgen-und-nachhaltigkeit-im-facility-management\\\/\"},\"wordCount\":867,\"commentCount\":0,\"publisher\":{\"@id\":\"https:\\\/\\\/www.organisator.ch\\\/#organization\"},\"image\":{\"@id\":\"https:\\\/\\\/www.organisator.ch\\\/management\\\/2018-10-15\\\/die-arbeitswelten-von-morgen-und-nachhaltigkeit-im-facility-management\\\/#primaryimage\"},\"thumbnailUrl\":\"https:\\\/\\\/www.organisator.ch\\\/wp-content\\\/uploads\\\/2018\\\/10\\\/Die-Arbeitswelten-von-morgen-und-Nachhaltigkeit-im-Facility-Management_Organisator.jpg\",\"keywords\":[\"Arbeitsplatzgestaltung\",\"Fachkongress\\\/Fachmesse\",\"Facility Management\",\"Management und Unternehmensf\u00fchrung\"],\"articleSection\":[\"MANAGEMENT\"],\"inLanguage\":\"it-IT\"},{\"@type\":\"WebPage\",\"@id\":\"https:\\\/\\\/www.organisator.ch\\\/management\\\/2018-10-15\\\/die-arbeitswelten-von-morgen-und-nachhaltigkeit-im-facility-management\\\/\",\"url\":\"https:\\\/\\\/www.organisator.ch\\\/management\\\/2018-10-15\\\/die-arbeitswelten-von-morgen-und-nachhaltigkeit-im-facility-management\\\/\",\"name\":\"Die Arbeitswelten von morgen und Nachhaltigkeit im Facility Management - Organisator\",\"isPartOf\":{\"@id\":\"https:\\\/\\\/www.organisator.ch\\\/#website\"},\"primaryImageOfPage\":{\"@id\":\"https:\\\/\\\/www.organisator.ch\\\/management\\\/2018-10-15\\\/die-arbeitswelten-von-morgen-und-nachhaltigkeit-im-facility-management\\\/#primaryimage\"},\"image\":{\"@id\":\"https:\\\/\\\/www.organisator.ch\\\/management\\\/2018-10-15\\\/die-arbeitswelten-von-morgen-und-nachhaltigkeit-im-facility-management\\\/#primaryimage\"},\"thumbnailUrl\":\"https:\\\/\\\/www.organisator.ch\\\/wp-content\\\/uploads\\\/2018\\\/10\\\/Die-Arbeitswelten-von-morgen-und-Nachhaltigkeit-im-Facility-Management_Organisator.jpg\",\"datePublished\":\"2018-10-15T06:27:50+00:00\",\"description\":\"Schwerpunkt des dritten internationalen IFM-Symposiums am Institut f\u00fcr Facility Management in W\u00e4denswil bildeten u.a. die Arbeitswelten von morgen.\",\"breadcrumb\":{\"@id\":\"https:\\\/\\\/www.organisator.ch\\\/management\\\/2018-10-15\\\/die-arbeitswelten-von-morgen-und-nachhaltigkeit-im-facility-management\\\/#breadcrumb\"},\"inLanguage\":\"it-IT\",\"potentialAction\":[{\"@type\":\"ReadAction\",\"target\":[\"https:\\\/\\\/www.organisator.ch\\\/management\\\/2018-10-15\\\/die-arbeitswelten-von-morgen-und-nachhaltigkeit-im-facility-management\\\/\"]}]},{\"@type\":\"ImageObject\",\"inLanguage\":\"it-IT\",\"@id\":\"https:\\\/\\\/www.organisator.ch\\\/management\\\/2018-10-15\\\/die-arbeitswelten-von-morgen-und-nachhaltigkeit-im-facility-management\\\/#primaryimage\",\"url\":\"https:\\\/\\\/www.organisator.ch\\\/wp-content\\\/uploads\\\/2018\\\/10\\\/Die-Arbeitswelten-von-morgen-und-Nachhaltigkeit-im-Facility-Management_Organisator.jpg\",\"contentUrl\":\"https:\\\/\\\/www.organisator.ch\\\/wp-content\\\/uploads\\\/2018\\\/10\\\/Die-Arbeitswelten-von-morgen-und-Nachhaltigkeit-im-Facility-Management_Organisator.jpg\",\"width\":640,\"height\":427,\"caption\":\"IFM-Leiterin Prof. Dr.-Ing. Antje Junghans er\u00f6ffnet das IFM-Symposium an der ZHAW in W\u00e4denswil. (Foto: \u00a9Tevy, W\u00e4denswil)\"},{\"@type\":\"BreadcrumbList\",\"@id\":\"https:\\\/\\\/www.organisator.ch\\\/management\\\/2018-10-15\\\/die-arbeitswelten-von-morgen-und-nachhaltigkeit-im-facility-management\\\/#breadcrumb\",\"itemListElement\":[{\"@type\":\"ListItem\",\"position\":1,\"name\":\"Home\",\"item\":\"https:\\\/\\\/www.organisator.ch\\\/\"},{\"@type\":\"ListItem\",\"position\":2,\"name\":\"Die Arbeitswelten von morgen und Nachhaltigkeit im Facility Management\"}]},{\"@type\":\"WebSite\",\"@id\":\"https:\\\/\\\/www.organisator.ch\\\/#website\",\"url\":\"https:\\\/\\\/www.organisator.ch\\\/\",\"name\":\"Organisator\",\"description\":\"Kompetent. Praxisnah. Der ORGANISATOR bereitet in 10 Ausgaben pro Jahr die wesentlichen Themen f\u00fcr F\u00fchrungskr\u00e4fte von KMU auf.\",\"publisher\":{\"@id\":\"https:\\\/\\\/www.organisator.ch\\\/#organization\"},\"potentialAction\":[{\"@type\":\"SearchAction\",\"target\":{\"@type\":\"EntryPoint\",\"urlTemplate\":\"https:\\\/\\\/www.organisator.ch\\\/?s={search_term_string}\"},\"query-input\":{\"@type\":\"PropertyValueSpecification\",\"valueRequired\":true,\"valueName\":\"search_term_string\"}}],\"inLanguage\":\"it-IT\"},{\"@type\":\"Organization\",\"@id\":\"https:\\\/\\\/www.organisator.ch\\\/#organization\",\"name\":\"Organisator\",\"url\":\"https:\\\/\\\/www.organisator.ch\\\/\",\"logo\":{\"@type\":\"ImageObject\",\"inLanguage\":\"it-IT\",\"@id\":\"https:\\\/\\\/www.organisator.ch\\\/#\\\/schema\\\/logo\\\/image\\\/\",\"url\":\"https:\\\/\\\/www.organisator.ch\\\/wp-content\\\/uploads\\\/2022\\\/01\\\/Logo_Organisator_Website.png\",\"contentUrl\":\"https:\\\/\\\/www.organisator.ch\\\/wp-content\\\/uploads\\\/2022\\\/01\\\/Logo_Organisator_Website.png\",\"width\":800,\"height\":77,\"caption\":\"Organisator\"},\"image\":{\"@id\":\"https:\\\/\\\/www.organisator.ch\\\/#\\\/schema\\\/logo\\\/image\\\/\"},\"sameAs\":[\"https:\\\/\\\/www.facebook.com\\\/OrganisatorFachmagazin\",\"https:\\\/\\\/www.linkedin.com\\\/showcase\\\/organisator-das-magazin-fr-kmu\",\"https:\\\/\\\/www.xing.com\\\/news\\\/pages\\\/organisator-ch-695\",\"https:\\\/\\\/www.youtube.com\\\/channel\\\/UCGP2Sq0iWaZwT3BdIAQFYpw\"]},{\"@type\":\"Person\",\"@id\":\"https:\\\/\\\/www.organisator.ch\\\/#\\\/schema\\\/person\\\/6f650f90b2842cd4c0cc334b4e36f67e\",\"name\":\"thomas.berner\",\"image\":{\"@type\":\"ImageObject\",\"inLanguage\":\"it-IT\",\"@id\":\"https:\\\/\\\/secure.gravatar.com\\\/avatar\\\/ac5001d2a36cb6c6cd3e50789007ffca834b477b74a2144564522e944eabff61?s=96&d=mm&r=g\",\"url\":\"https:\\\/\\\/secure.gravatar.com\\\/avatar\\\/ac5001d2a36cb6c6cd3e50789007ffca834b477b74a2144564522e944eabff61?s=96&d=mm&r=g\",\"contentUrl\":\"https:\\\/\\\/secure.gravatar.com\\\/avatar\\\/ac5001d2a36cb6c6cd3e50789007ffca834b477b74a2144564522e944eabff61?s=96&d=mm&r=g\",\"caption\":\"thomas.berner\"},\"url\":\"https:\\\/\\\/www.organisator.ch\\\/it\\\/author\\\/thomas-berner\\\/\"}]}<\/script>\n<!-- \/ Yoast SEO plugin. -->","yoast_head_json":{"title":"I mondi lavorativi di domani e la sostenibilit\u00e0 nel facility management - Organizzatore","description":"Il terzo simposio internazionale IFM, tenutosi presso l'Istituto per il Facility Management di W\u00e4denswil, \u00e8 stato incentrato, tra l'altro, sui mondi del lavoro di domani.","robots":{"index":"index","follow":"follow","max-snippet":"max-snippet:-1","max-image-preview":"max-image-preview:large","max-video-preview":"max-video-preview:-1"},"canonical":"https:\/\/www.organisator.ch\/it\/gestione-2\/2018-10-15\/die-arbeitswelten-von-morgen-und-nachhaltigkeit-im-facility-management\/","og_locale":"it_IT","og_type":"article","og_title":"Die Arbeitswelten von morgen und Nachhaltigkeit im Facility Management","og_description":"Schwerpunkt des dritten internationalen IFM-Symposiums am Institut f\u00fcr Facility Management in W\u00e4denswil bildeten u.a. die Arbeitswelten von morgen.","og_url":"https:\/\/www.organisator.ch\/it\/gestione-2\/2018-10-15\/die-arbeitswelten-von-morgen-und-nachhaltigkeit-im-facility-management\/","og_site_name":"Organisator","article_publisher":"https:\/\/www.facebook.com\/OrganisatorFachmagazin","article_published_time":"2018-10-15T06:27:50+00:00","og_image":[{"width":640,"height":427,"url":"https:\/\/www.organisator.ch\/wp-content\/uploads\/2018\/10\/Die-Arbeitswelten-von-morgen-und-Nachhaltigkeit-im-Facility-Management_Organisator.jpg","type":"image\/jpeg"}],"author":"thomas.berner","twitter_card":"summary_large_image","twitter_title":"Die #Arbeitswelten von morgen und #Nachhaltigkeit im Facility Management","twitter_description":"Schwerpunkt des dritten internationalen #IFM-Symposiums am Institut f\u00fcr Facility Management in W\u00e4denswil bildeten u.a. die Arbeitswelten von morgen.","twitter_image":"https:\/\/www.organisator.ch\/wp-content\/uploads\/2018\/10\/Die-Arbeitswelten-von-morgen-und-Nachhaltigkeit-im-Facility-Management_Organisator.jpg","schema":{"@context":"https:\/\/schema.org","@graph":[{"@type":"Article","@id":"https:\/\/www.organisator.ch\/management\/2018-10-15\/die-arbeitswelten-von-morgen-und-nachhaltigkeit-im-facility-management\/#article","isPartOf":{"@id":"https:\/\/www.organisator.ch\/management\/2018-10-15\/die-arbeitswelten-von-morgen-und-nachhaltigkeit-im-facility-management\/"},"author":{"name":"thomas.berner","@id":"https:\/\/www.organisator.ch\/#\/schema\/person\/6f650f90b2842cd4c0cc334b4e36f67e"},"headline":"Die Arbeitswelten von morgen und Nachhaltigkeit im Facility Management","datePublished":"2018-10-15T06:27:50+00:00","mainEntityOfPage":{"@id":"https:\/\/www.organisator.ch\/management\/2018-10-15\/die-arbeitswelten-von-morgen-und-nachhaltigkeit-im-facility-management\/"},"wordCount":867,"commentCount":0,"publisher":{"@id":"https:\/\/www.organisator.ch\/#organization"},"image":{"@id":"https:\/\/www.organisator.ch\/management\/2018-10-15\/die-arbeitswelten-von-morgen-und-nachhaltigkeit-im-facility-management\/#primaryimage"},"thumbnailUrl":"https:\/\/www.organisator.ch\/wp-content\/uploads\/2018\/10\/Die-Arbeitswelten-von-morgen-und-Nachhaltigkeit-im-Facility-Management_Organisator.jpg","keywords":["Arbeitsplatzgestaltung","Fachkongress\/Fachmesse","Facility Management","Management und Unternehmensf\u00fchrung"],"articleSection":["MANAGEMENT"],"inLanguage":"it-IT"},{"@type":"WebPage","@id":"https:\/\/www.organisator.ch\/management\/2018-10-15\/die-arbeitswelten-von-morgen-und-nachhaltigkeit-im-facility-management\/","url":"https:\/\/www.organisator.ch\/management\/2018-10-15\/die-arbeitswelten-von-morgen-und-nachhaltigkeit-im-facility-management\/","name":"I mondi lavorativi di domani e la sostenibilit\u00e0 nel facility management - Organizzatore","isPartOf":{"@id":"https:\/\/www.organisator.ch\/#website"},"primaryImageOfPage":{"@id":"https:\/\/www.organisator.ch\/management\/2018-10-15\/die-arbeitswelten-von-morgen-und-nachhaltigkeit-im-facility-management\/#primaryimage"},"image":{"@id":"https:\/\/www.organisator.ch\/management\/2018-10-15\/die-arbeitswelten-von-morgen-und-nachhaltigkeit-im-facility-management\/#primaryimage"},"thumbnailUrl":"https:\/\/www.organisator.ch\/wp-content\/uploads\/2018\/10\/Die-Arbeitswelten-von-morgen-und-Nachhaltigkeit-im-Facility-Management_Organisator.jpg","datePublished":"2018-10-15T06:27:50+00:00","description":"Il terzo simposio internazionale IFM, tenutosi presso l'Istituto per il Facility Management di W\u00e4denswil, \u00e8 stato incentrato, tra l'altro, sui mondi del lavoro di domani.","breadcrumb":{"@id":"https:\/\/www.organisator.ch\/management\/2018-10-15\/die-arbeitswelten-von-morgen-und-nachhaltigkeit-im-facility-management\/#breadcrumb"},"inLanguage":"it-IT","potentialAction":[{"@type":"ReadAction","target":["https:\/\/www.organisator.ch\/management\/2018-10-15\/die-arbeitswelten-von-morgen-und-nachhaltigkeit-im-facility-management\/"]}]},{"@type":"ImageObject","inLanguage":"it-IT","@id":"https:\/\/www.organisator.ch\/management\/2018-10-15\/die-arbeitswelten-von-morgen-und-nachhaltigkeit-im-facility-management\/#primaryimage","url":"https:\/\/www.organisator.ch\/wp-content\/uploads\/2018\/10\/Die-Arbeitswelten-von-morgen-und-Nachhaltigkeit-im-Facility-Management_Organisator.jpg","contentUrl":"https:\/\/www.organisator.ch\/wp-content\/uploads\/2018\/10\/Die-Arbeitswelten-von-morgen-und-Nachhaltigkeit-im-Facility-Management_Organisator.jpg","width":640,"height":427,"caption":"IFM-Leiterin Prof. Dr.-Ing. Antje Junghans er\u00f6ffnet das IFM-Symposium an der ZHAW in W\u00e4denswil. (Foto: \u00a9Tevy, W\u00e4denswil)"},{"@type":"BreadcrumbList","@id":"https:\/\/www.organisator.ch\/management\/2018-10-15\/die-arbeitswelten-von-morgen-und-nachhaltigkeit-im-facility-management\/#breadcrumb","itemListElement":[{"@type":"ListItem","position":1,"name":"Home","item":"https:\/\/www.organisator.ch\/"},{"@type":"ListItem","position":2,"name":"Die Arbeitswelten von morgen und Nachhaltigkeit im Facility Management"}]},{"@type":"WebSite","@id":"https:\/\/www.organisator.ch\/#website","url":"https:\/\/www.organisator.ch\/","name":"Organizzatore","description":"Competente. Pratico. In 10 numeri all'anno, ORGANISATOR presenta i temi essenziali per i manager delle PMI.","publisher":{"@id":"https:\/\/www.organisator.ch\/#organization"},"potentialAction":[{"@type":"SearchAction","target":{"@type":"EntryPoint","urlTemplate":"https:\/\/www.organisator.ch\/?s={search_term_string}"},"query-input":{"@type":"PropertyValueSpecification","valueRequired":true,"valueName":"search_term_string"}}],"inLanguage":"it-IT"},{"@type":"Organization","@id":"https:\/\/www.organisator.ch\/#organization","name":"Organizzatore","url":"https:\/\/www.organisator.ch\/","logo":{"@type":"ImageObject","inLanguage":"it-IT","@id":"https:\/\/www.organisator.ch\/#\/schema\/logo\/image\/","url":"https:\/\/www.organisator.ch\/wp-content\/uploads\/2022\/01\/Logo_Organisator_Website.png","contentUrl":"https:\/\/www.organisator.ch\/wp-content\/uploads\/2022\/01\/Logo_Organisator_Website.png","width":800,"height":77,"caption":"Organisator"},"image":{"@id":"https:\/\/www.organisator.ch\/#\/schema\/logo\/image\/"},"sameAs":["https:\/\/www.facebook.com\/OrganisatorFachmagazin","https:\/\/www.linkedin.com\/showcase\/organisator-das-magazin-fr-kmu","https:\/\/www.xing.com\/news\/pages\/organisator-ch-695","https:\/\/www.youtube.com\/channel\/UCGP2Sq0iWaZwT3BdIAQFYpw"]},{"@type":"Person","@id":"https:\/\/www.organisator.ch\/#\/schema\/person\/6f650f90b2842cd4c0cc334b4e36f67e","name":"Tommaso.berner","image":{"@type":"ImageObject","inLanguage":"it-IT","@id":"https:\/\/secure.gravatar.com\/avatar\/ac5001d2a36cb6c6cd3e50789007ffca834b477b74a2144564522e944eabff61?s=96&d=mm&r=g","url":"https:\/\/secure.gravatar.com\/avatar\/ac5001d2a36cb6c6cd3e50789007ffca834b477b74a2144564522e944eabff61?s=96&d=mm&r=g","contentUrl":"https:\/\/secure.gravatar.com\/avatar\/ac5001d2a36cb6c6cd3e50789007ffca834b477b74a2144564522e944eabff61?s=96&d=mm&r=g","caption":"thomas.berner"},"url":"https:\/\/www.organisator.ch\/it\/author\/thomas-berner\/"}]}},"_links":{"self":[{"href":"https:\/\/www.organisator.ch\/it\/wp-json\/wp\/v2\/posts\/4365","targetHints":{"allow":["GET"]}}],"collection":[{"href":"https:\/\/www.organisator.ch\/it\/wp-json\/wp\/v2\/posts"}],"about":[{"href":"https:\/\/www.organisator.ch\/it\/wp-json\/wp\/v2\/types\/post"}],"author":[{"embeddable":true,"href":"https:\/\/www.organisator.ch\/it\/wp-json\/wp\/v2\/users\/4"}],"replies":[{"embeddable":true,"href":"https:\/\/www.organisator.ch\/it\/wp-json\/wp\/v2\/comments?post=4365"}],"version-history":[{"count":0,"href":"https:\/\/www.organisator.ch\/it\/wp-json\/wp\/v2\/posts\/4365\/revisions"}],"wp:featuredmedia":[{"embeddable":true,"href":"https:\/\/www.organisator.ch\/it\/wp-json\/wp\/v2\/media\/4366"}],"wp:attachment":[{"href":"https:\/\/www.organisator.ch\/it\/wp-json\/wp\/v2\/media?parent=4365"}],"wp:term":[{"taxonomy":"category","embeddable":true,"href":"https:\/\/www.organisator.ch\/it\/wp-json\/wp\/v2\/categories?post=4365"},{"taxonomy":"post_tag","embeddable":true,"href":"https:\/\/www.organisator.ch\/it\/wp-json\/wp\/v2\/tags?post=4365"}],"curies":[{"name":"wp","href":"https:\/\/api.w.org\/{rel}","templated":true}]}}