{"id":4368,"date":"2018-10-15T09:44:42","date_gmt":"2018-10-15T07:44:42","guid":{"rendered":"https:\/\/www.organisator.ch\/?p=4368"},"modified":"2018-10-15T09:44:42","modified_gmt":"2018-10-15T07:44:42","slug":"wilhelm-rohde-neuer-cfo-von-swisscard","status":"publish","type":"post","link":"https:\/\/www.organisator.ch\/it\/management\/2018-10-15\/wilhelm-rohde-neuer-cfo-von-swisscard\/","title":{"rendered":"Wilhelm Rohde nuovo CFO di Swisscard"},"content":{"rendered":"<figure id=\"attachment_4369\" aria-describedby=\"caption-attachment-4369\" style=\"width: 503px\" class=\"wp-caption alignnone\"><img loading=\"lazy\" decoding=\"async\" class=\"size-full wp-image-4369\" src=\"https:\/\/www.organisator.ch\/wp-content\/uploads\/2018\/10\/Wilhelm-Rohde-neuer-CFO-von-Swisscard_Organisator.jpg\" alt=\"\" width=\"503\" height=\"480\" srcset=\"https:\/\/www.organisator.ch\/wp-content\/uploads\/2018\/10\/Wilhelm-Rohde-neuer-CFO-von-Swisscard_Organisator.jpg 503w, https:\/\/www.organisator.ch\/wp-content\/uploads\/2018\/10\/Wilhelm-Rohde-neuer-CFO-von-Swisscard_Organisator-13x12.jpg 13w, https:\/\/www.organisator.ch\/wp-content\/uploads\/2018\/10\/Wilhelm-Rohde-neuer-CFO-von-Swisscard_Organisator-183x175.jpg 183w, https:\/\/www.organisator.ch\/wp-content\/uploads\/2018\/10\/Wilhelm-Rohde-neuer-CFO-von-Swisscard_Organisator-367x350.jpg 367w, https:\/\/www.organisator.ch\/wp-content\/uploads\/2018\/10\/Wilhelm-Rohde-neuer-CFO-von-Swisscard_Organisator-300x286.jpg 300w\" sizes=\"auto, (max-width: 503px) 100vw, 503px\" \/><figcaption id=\"caption-attachment-4369\" class=\"wp-caption-text\">Nuovo CFO di Swisscard AECS: Wilhelm Rohde (45). (Immagine: zVg).<\/figcaption><\/figure>\n<p>Dal 1\u00b0 novembre, Wilhelm Rohde \u00e8 il nuovo CFO di Swisscard AECS. Ha molti anni di esperienza di gestione internazionale nella finanza e nella strategia. Wilhelm Rohde ha iniziato la sua carriera nell'area CFO della sede asiatica di American Express. Dopo aver ricoperto varie posizioni finanziarie, \u00e8 stato responsabile di tutti gli aspetti finanziari dei budget globali di marketing del business delle carte al dettaglio negli Stati Uniti e a livello internazionale fino alla fine del 2016. Dall'inizio del 2017, \u00e8 stato Vice Presidente Strategic Business Development nella divisione International Consumer Cards a Londra. Prima di Amercian Express, Wilhelm Rohde ha lavorato in Germania per le societ\u00e0 di consulenza Deloitte e Cap Gemini Ernst &amp; Young.<\/p>\n<p>Il 45enne Wilhelm Rohde ha studiato economia aziendale alle universit\u00e0 di Mannheim e G\u00f6ttingen, specializzandosi in finanza e tassazione. In seguito ha conseguito un MBA presso la business school Insead di Singapore.<\/p>\n<p>L'ex CFO Daniel B\u00fcrchler ha lasciato Swisscard nel maggio 2018 per nuove sfide professionali. Da allora, Stephan Lohnert ha assunto il ruolo di CFO ad interim, oltre ai suoi tradizionali compiti di responsabile della tesoreria. Dopo l'arrivo del nuovo CFO, Stephan Lohnert si concentrer\u00e0 nuovamente sulla gestione della tesoreria di Swisscard.<\/p>\n<p><a href=\"http:\/\/www.swisscard.ch\"><em>www.swisscard.ch<\/em> <\/a><\/p>\n<p>&nbsp;<\/p>","protected":false},"excerpt":{"rendered":"<p>Ab 1. November ist Wilhelm Rohde neuer CFO von Swisscard AECS. Er verf\u00fcgt \u00fcber eine langj\u00e4hrige internationale F\u00fchrungserfahrung im Finanz- und Strategiebereich. Wilhelm Rohde startete seine Laufbahn im CFO-Bereich des asiatischen Hauptquartiers von American Express. Nach verschiedenen Finance Positionen war er bis Ende 2016 verantwortlich f\u00fcr alle Finanzaspekte der globalen Marketingbudgets des US-amerikanischen und des [&hellip;]<\/p>\n","protected":false},"author":4,"featured_media":4369,"comment_status":"open","ping_status":"open","sticky":false,"template":"","format":"standard","meta":{"_acf_changed":false,"_yoast_wpseo_focuskw":"Wilhelm Rohde","_yoast_wpseo_metadesc":"Das Board of Managing Officers (BMO) der Swisscard AECS GmbH hat Wilhelm Rohde zum neuen CFO ernannt.","articlekey":"","footnotes":""},"categories":[28],"tags":[381,492,508],"class_list":["post-4368","post","type-post","status-publish","format-standard","has-post-thumbnail","hentry","category-management","tag-personalia","tag-unternehmen","tag-vermischtes"],"acf":[],"yoast_head":"<!-- This site is optimized with the Yoast SEO plugin v27.4 - https:\/\/yoast.com\/product\/yoast-seo-wordpress\/ -->\n<title>Wilhelm Rohde neuer CFO von Swisscard - Organisator<\/title>\n<meta name=\"description\" content=\"Das Board of Managing Officers (BMO) der Swisscard AECS GmbH hat Wilhelm Rohde zum neuen CFO ernannt.\" \/>\n<meta name=\"robots\" content=\"index, follow, max-snippet:-1, max-image-preview:large, max-video-preview:-1\" \/>\n<link rel=\"canonical\" href=\"https:\/\/www.organisator.ch\/it\/gestione-2\/2018-10-15\/wilhelm-rohde-neuer-cfo-von-swisscard\/\" \/>\n<meta property=\"og:locale\" content=\"it_IT\" \/>\n<meta property=\"og:type\" content=\"article\" \/>\n<meta property=\"og:title\" content=\"Wilhelm Rohde neuer CFO von Swisscard\" \/>\n<meta property=\"og:description\" content=\"Das Board of Managing Officers (BMO) der Swisscard AECS GmbH hat Wilhelm Rohde zum neuen CFO ernannt.\" \/>\n<meta property=\"og:url\" content=\"https:\/\/www.organisator.ch\/it\/gestione-2\/2018-10-15\/wilhelm-rohde-neuer-cfo-von-swisscard\/\" \/>\n<meta property=\"og:site_name\" content=\"Organisator\" \/>\n<meta property=\"article:publisher\" content=\"https:\/\/www.facebook.com\/OrganisatorFachmagazin\" \/>\n<meta property=\"article:published_time\" content=\"2018-10-15T07:44:42+00:00\" \/>\n<meta property=\"og:image\" content=\"https:\/\/www.organisator.ch\/wp-content\/uploads\/2018\/10\/Wilhelm-Rohde-neuer-CFO-von-Swisscard_Organisator.jpg\" \/>\n\t<meta property=\"og:image:width\" content=\"503\" \/>\n\t<meta property=\"og:image:height\" content=\"480\" \/>\n\t<meta property=\"og:image:type\" content=\"image\/jpeg\" \/>\n<meta name=\"author\" content=\"thomas.berner\" \/>\n<meta name=\"twitter:card\" content=\"summary_large_image\" \/>\n<meta name=\"twitter:title\" content=\"Wilhelm #Rohde neuer CFO von #Swisscard\" \/>\n<meta name=\"twitter:description\" content=\"Das Board of Managing Officers (BMO) der #Swisscard AECS GmbH hat Wilhelm #Rohde zum neuen CFO ernannt.\" \/>\n<meta name=\"twitter:image\" content=\"https:\/\/www.organisator.ch\/wp-content\/uploads\/2018\/10\/Wilhelm-Rohde-neuer-CFO-von-Swisscard_Organisator.jpg\" \/>\n<script type=\"application\/ld+json\" class=\"yoast-schema-graph\">{\"@context\":\"https:\\\/\\\/schema.org\",\"@graph\":[{\"@type\":\"Article\",\"@id\":\"https:\\\/\\\/www.organisator.ch\\\/management\\\/2018-10-15\\\/wilhelm-rohde-neuer-cfo-von-swisscard\\\/#article\",\"isPartOf\":{\"@id\":\"https:\\\/\\\/www.organisator.ch\\\/management\\\/2018-10-15\\\/wilhelm-rohde-neuer-cfo-von-swisscard\\\/\"},\"author\":{\"name\":\"thomas.berner\",\"@id\":\"https:\\\/\\\/www.organisator.ch\\\/#\\\/schema\\\/person\\\/6f650f90b2842cd4c0cc334b4e36f67e\"},\"headline\":\"Wilhelm Rohde neuer CFO von Swisscard\",\"datePublished\":\"2018-10-15T07:44:42+00:00\",\"mainEntityOfPage\":{\"@id\":\"https:\\\/\\\/www.organisator.ch\\\/management\\\/2018-10-15\\\/wilhelm-rohde-neuer-cfo-von-swisscard\\\/\"},\"wordCount\":212,\"commentCount\":0,\"publisher\":{\"@id\":\"https:\\\/\\\/www.organisator.ch\\\/#organization\"},\"image\":{\"@id\":\"https:\\\/\\\/www.organisator.ch\\\/management\\\/2018-10-15\\\/wilhelm-rohde-neuer-cfo-von-swisscard\\\/#primaryimage\"},\"thumbnailUrl\":\"https:\\\/\\\/www.organisator.ch\\\/wp-content\\\/uploads\\\/2018\\\/10\\\/Wilhelm-Rohde-neuer-CFO-von-Swisscard_Organisator.jpg\",\"keywords\":[\"Personalia\",\"Unternehmen\",\"Vermischtes\"],\"articleSection\":[\"MANAGEMENT\"],\"inLanguage\":\"it-IT\"},{\"@type\":\"WebPage\",\"@id\":\"https:\\\/\\\/www.organisator.ch\\\/management\\\/2018-10-15\\\/wilhelm-rohde-neuer-cfo-von-swisscard\\\/\",\"url\":\"https:\\\/\\\/www.organisator.ch\\\/management\\\/2018-10-15\\\/wilhelm-rohde-neuer-cfo-von-swisscard\\\/\",\"name\":\"Wilhelm Rohde neuer CFO von Swisscard - Organisator\",\"isPartOf\":{\"@id\":\"https:\\\/\\\/www.organisator.ch\\\/#website\"},\"primaryImageOfPage\":{\"@id\":\"https:\\\/\\\/www.organisator.ch\\\/management\\\/2018-10-15\\\/wilhelm-rohde-neuer-cfo-von-swisscard\\\/#primaryimage\"},\"image\":{\"@id\":\"https:\\\/\\\/www.organisator.ch\\\/management\\\/2018-10-15\\\/wilhelm-rohde-neuer-cfo-von-swisscard\\\/#primaryimage\"},\"thumbnailUrl\":\"https:\\\/\\\/www.organisator.ch\\\/wp-content\\\/uploads\\\/2018\\\/10\\\/Wilhelm-Rohde-neuer-CFO-von-Swisscard_Organisator.jpg\",\"datePublished\":\"2018-10-15T07:44:42+00:00\",\"description\":\"Das Board of Managing Officers (BMO) der Swisscard AECS GmbH hat Wilhelm Rohde zum neuen CFO ernannt.\",\"breadcrumb\":{\"@id\":\"https:\\\/\\\/www.organisator.ch\\\/management\\\/2018-10-15\\\/wilhelm-rohde-neuer-cfo-von-swisscard\\\/#breadcrumb\"},\"inLanguage\":\"it-IT\",\"potentialAction\":[{\"@type\":\"ReadAction\",\"target\":[\"https:\\\/\\\/www.organisator.ch\\\/management\\\/2018-10-15\\\/wilhelm-rohde-neuer-cfo-von-swisscard\\\/\"]}]},{\"@type\":\"ImageObject\",\"inLanguage\":\"it-IT\",\"@id\":\"https:\\\/\\\/www.organisator.ch\\\/management\\\/2018-10-15\\\/wilhelm-rohde-neuer-cfo-von-swisscard\\\/#primaryimage\",\"url\":\"https:\\\/\\\/www.organisator.ch\\\/wp-content\\\/uploads\\\/2018\\\/10\\\/Wilhelm-Rohde-neuer-CFO-von-Swisscard_Organisator.jpg\",\"contentUrl\":\"https:\\\/\\\/www.organisator.ch\\\/wp-content\\\/uploads\\\/2018\\\/10\\\/Wilhelm-Rohde-neuer-CFO-von-Swisscard_Organisator.jpg\",\"width\":503,\"height\":480,\"caption\":\"Neuer CFO von Swisscard AECS: Wilhelm Rohde (45). (Bild: zVg).\"},{\"@type\":\"BreadcrumbList\",\"@id\":\"https:\\\/\\\/www.organisator.ch\\\/management\\\/2018-10-15\\\/wilhelm-rohde-neuer-cfo-von-swisscard\\\/#breadcrumb\",\"itemListElement\":[{\"@type\":\"ListItem\",\"position\":1,\"name\":\"Home\",\"item\":\"https:\\\/\\\/www.organisator.ch\\\/\"},{\"@type\":\"ListItem\",\"position\":2,\"name\":\"Wilhelm Rohde neuer CFO von Swisscard\"}]},{\"@type\":\"WebSite\",\"@id\":\"https:\\\/\\\/www.organisator.ch\\\/#website\",\"url\":\"https:\\\/\\\/www.organisator.ch\\\/\",\"name\":\"Organisator\",\"description\":\"Kompetent. Praxisnah. Der ORGANISATOR bereitet in 10 Ausgaben pro Jahr die wesentlichen Themen f\u00fcr F\u00fchrungskr\u00e4fte von KMU auf.\",\"publisher\":{\"@id\":\"https:\\\/\\\/www.organisator.ch\\\/#organization\"},\"potentialAction\":[{\"@type\":\"SearchAction\",\"target\":{\"@type\":\"EntryPoint\",\"urlTemplate\":\"https:\\\/\\\/www.organisator.ch\\\/?s={search_term_string}\"},\"query-input\":{\"@type\":\"PropertyValueSpecification\",\"valueRequired\":true,\"valueName\":\"search_term_string\"}}],\"inLanguage\":\"it-IT\"},{\"@type\":\"Organization\",\"@id\":\"https:\\\/\\\/www.organisator.ch\\\/#organization\",\"name\":\"Organisator\",\"url\":\"https:\\\/\\\/www.organisator.ch\\\/\",\"logo\":{\"@type\":\"ImageObject\",\"inLanguage\":\"it-IT\",\"@id\":\"https:\\\/\\\/www.organisator.ch\\\/#\\\/schema\\\/logo\\\/image\\\/\",\"url\":\"https:\\\/\\\/www.organisator.ch\\\/wp-content\\\/uploads\\\/2022\\\/01\\\/Logo_Organisator_Website.png\",\"contentUrl\":\"https:\\\/\\\/www.organisator.ch\\\/wp-content\\\/uploads\\\/2022\\\/01\\\/Logo_Organisator_Website.png\",\"width\":800,\"height\":77,\"caption\":\"Organisator\"},\"image\":{\"@id\":\"https:\\\/\\\/www.organisator.ch\\\/#\\\/schema\\\/logo\\\/image\\\/\"},\"sameAs\":[\"https:\\\/\\\/www.facebook.com\\\/OrganisatorFachmagazin\",\"https:\\\/\\\/www.linkedin.com\\\/showcase\\\/organisator-das-magazin-fr-kmu\",\"https:\\\/\\\/www.xing.com\\\/news\\\/pages\\\/organisator-ch-695\",\"https:\\\/\\\/www.youtube.com\\\/channel\\\/UCGP2Sq0iWaZwT3BdIAQFYpw\"]},{\"@type\":\"Person\",\"@id\":\"https:\\\/\\\/www.organisator.ch\\\/#\\\/schema\\\/person\\\/6f650f90b2842cd4c0cc334b4e36f67e\",\"name\":\"thomas.berner\",\"image\":{\"@type\":\"ImageObject\",\"inLanguage\":\"it-IT\",\"@id\":\"https:\\\/\\\/secure.gravatar.com\\\/avatar\\\/ac5001d2a36cb6c6cd3e50789007ffca834b477b74a2144564522e944eabff61?s=96&d=mm&r=g\",\"url\":\"https:\\\/\\\/secure.gravatar.com\\\/avatar\\\/ac5001d2a36cb6c6cd3e50789007ffca834b477b74a2144564522e944eabff61?s=96&d=mm&r=g\",\"contentUrl\":\"https:\\\/\\\/secure.gravatar.com\\\/avatar\\\/ac5001d2a36cb6c6cd3e50789007ffca834b477b74a2144564522e944eabff61?s=96&d=mm&r=g\",\"caption\":\"thomas.berner\"},\"url\":\"https:\\\/\\\/www.organisator.ch\\\/it\\\/author\\\/thomas-berner\\\/\"}]}<\/script>\n<!-- \/ Yoast SEO plugin. -->","yoast_head_json":{"title":"Wilhelm Rohde nuovo direttore finanziario di Swisscard - Organizzatore","description":"Il Consiglio di amministrazione (BMO) di Swisscard AECS GmbH ha nominato Wilhelm Rohde nuovo direttore finanziario.","robots":{"index":"index","follow":"follow","max-snippet":"max-snippet:-1","max-image-preview":"max-image-preview:large","max-video-preview":"max-video-preview:-1"},"canonical":"https:\/\/www.organisator.ch\/it\/gestione-2\/2018-10-15\/wilhelm-rohde-neuer-cfo-von-swisscard\/","og_locale":"it_IT","og_type":"article","og_title":"Wilhelm Rohde neuer CFO von Swisscard","og_description":"Das Board of Managing Officers (BMO) der Swisscard AECS GmbH hat Wilhelm Rohde zum neuen CFO ernannt.","og_url":"https:\/\/www.organisator.ch\/it\/gestione-2\/2018-10-15\/wilhelm-rohde-neuer-cfo-von-swisscard\/","og_site_name":"Organisator","article_publisher":"https:\/\/www.facebook.com\/OrganisatorFachmagazin","article_published_time":"2018-10-15T07:44:42+00:00","og_image":[{"width":503,"height":480,"url":"https:\/\/www.organisator.ch\/wp-content\/uploads\/2018\/10\/Wilhelm-Rohde-neuer-CFO-von-Swisscard_Organisator.jpg","type":"image\/jpeg"}],"author":"thomas.berner","twitter_card":"summary_large_image","twitter_title":"Wilhelm #Rohde neuer CFO von #Swisscard","twitter_description":"Das Board of Managing Officers (BMO) der #Swisscard AECS GmbH hat Wilhelm #Rohde zum neuen CFO ernannt.","twitter_image":"https:\/\/www.organisator.ch\/wp-content\/uploads\/2018\/10\/Wilhelm-Rohde-neuer-CFO-von-Swisscard_Organisator.jpg","schema":{"@context":"https:\/\/schema.org","@graph":[{"@type":"Article","@id":"https:\/\/www.organisator.ch\/management\/2018-10-15\/wilhelm-rohde-neuer-cfo-von-swisscard\/#article","isPartOf":{"@id":"https:\/\/www.organisator.ch\/management\/2018-10-15\/wilhelm-rohde-neuer-cfo-von-swisscard\/"},"author":{"name":"thomas.berner","@id":"https:\/\/www.organisator.ch\/#\/schema\/person\/6f650f90b2842cd4c0cc334b4e36f67e"},"headline":"Wilhelm Rohde neuer CFO von Swisscard","datePublished":"2018-10-15T07:44:42+00:00","mainEntityOfPage":{"@id":"https:\/\/www.organisator.ch\/management\/2018-10-15\/wilhelm-rohde-neuer-cfo-von-swisscard\/"},"wordCount":212,"commentCount":0,"publisher":{"@id":"https:\/\/www.organisator.ch\/#organization"},"image":{"@id":"https:\/\/www.organisator.ch\/management\/2018-10-15\/wilhelm-rohde-neuer-cfo-von-swisscard\/#primaryimage"},"thumbnailUrl":"https:\/\/www.organisator.ch\/wp-content\/uploads\/2018\/10\/Wilhelm-Rohde-neuer-CFO-von-Swisscard_Organisator.jpg","keywords":["Personalia","Unternehmen","Vermischtes"],"articleSection":["MANAGEMENT"],"inLanguage":"it-IT"},{"@type":"WebPage","@id":"https:\/\/www.organisator.ch\/management\/2018-10-15\/wilhelm-rohde-neuer-cfo-von-swisscard\/","url":"https:\/\/www.organisator.ch\/management\/2018-10-15\/wilhelm-rohde-neuer-cfo-von-swisscard\/","name":"Wilhelm Rohde nuovo direttore finanziario di Swisscard - Organizzatore","isPartOf":{"@id":"https:\/\/www.organisator.ch\/#website"},"primaryImageOfPage":{"@id":"https:\/\/www.organisator.ch\/management\/2018-10-15\/wilhelm-rohde-neuer-cfo-von-swisscard\/#primaryimage"},"image":{"@id":"https:\/\/www.organisator.ch\/management\/2018-10-15\/wilhelm-rohde-neuer-cfo-von-swisscard\/#primaryimage"},"thumbnailUrl":"https:\/\/www.organisator.ch\/wp-content\/uploads\/2018\/10\/Wilhelm-Rohde-neuer-CFO-von-Swisscard_Organisator.jpg","datePublished":"2018-10-15T07:44:42+00:00","description":"Il Consiglio di amministrazione (BMO) di Swisscard AECS GmbH ha nominato Wilhelm Rohde nuovo direttore finanziario.","breadcrumb":{"@id":"https:\/\/www.organisator.ch\/management\/2018-10-15\/wilhelm-rohde-neuer-cfo-von-swisscard\/#breadcrumb"},"inLanguage":"it-IT","potentialAction":[{"@type":"ReadAction","target":["https:\/\/www.organisator.ch\/management\/2018-10-15\/wilhelm-rohde-neuer-cfo-von-swisscard\/"]}]},{"@type":"ImageObject","inLanguage":"it-IT","@id":"https:\/\/www.organisator.ch\/management\/2018-10-15\/wilhelm-rohde-neuer-cfo-von-swisscard\/#primaryimage","url":"https:\/\/www.organisator.ch\/wp-content\/uploads\/2018\/10\/Wilhelm-Rohde-neuer-CFO-von-Swisscard_Organisator.jpg","contentUrl":"https:\/\/www.organisator.ch\/wp-content\/uploads\/2018\/10\/Wilhelm-Rohde-neuer-CFO-von-Swisscard_Organisator.jpg","width":503,"height":480,"caption":"Neuer CFO von Swisscard AECS: Wilhelm Rohde (45). (Bild: zVg)."},{"@type":"BreadcrumbList","@id":"https:\/\/www.organisator.ch\/management\/2018-10-15\/wilhelm-rohde-neuer-cfo-von-swisscard\/#breadcrumb","itemListElement":[{"@type":"ListItem","position":1,"name":"Home","item":"https:\/\/www.organisator.ch\/"},{"@type":"ListItem","position":2,"name":"Wilhelm Rohde neuer CFO von Swisscard"}]},{"@type":"WebSite","@id":"https:\/\/www.organisator.ch\/#website","url":"https:\/\/www.organisator.ch\/","name":"Organizzatore","description":"Competente. Pratico. In 10 numeri all'anno, ORGANISATOR presenta i temi essenziali per i manager delle PMI.","publisher":{"@id":"https:\/\/www.organisator.ch\/#organization"},"potentialAction":[{"@type":"SearchAction","target":{"@type":"EntryPoint","urlTemplate":"https:\/\/www.organisator.ch\/?s={search_term_string}"},"query-input":{"@type":"PropertyValueSpecification","valueRequired":true,"valueName":"search_term_string"}}],"inLanguage":"it-IT"},{"@type":"Organization","@id":"https:\/\/www.organisator.ch\/#organization","name":"Organizzatore","url":"https:\/\/www.organisator.ch\/","logo":{"@type":"ImageObject","inLanguage":"it-IT","@id":"https:\/\/www.organisator.ch\/#\/schema\/logo\/image\/","url":"https:\/\/www.organisator.ch\/wp-content\/uploads\/2022\/01\/Logo_Organisator_Website.png","contentUrl":"https:\/\/www.organisator.ch\/wp-content\/uploads\/2022\/01\/Logo_Organisator_Website.png","width":800,"height":77,"caption":"Organisator"},"image":{"@id":"https:\/\/www.organisator.ch\/#\/schema\/logo\/image\/"},"sameAs":["https:\/\/www.facebook.com\/OrganisatorFachmagazin","https:\/\/www.linkedin.com\/showcase\/organisator-das-magazin-fr-kmu","https:\/\/www.xing.com\/news\/pages\/organisator-ch-695","https:\/\/www.youtube.com\/channel\/UCGP2Sq0iWaZwT3BdIAQFYpw"]},{"@type":"Person","@id":"https:\/\/www.organisator.ch\/#\/schema\/person\/6f650f90b2842cd4c0cc334b4e36f67e","name":"Tommaso.berner","image":{"@type":"ImageObject","inLanguage":"it-IT","@id":"https:\/\/secure.gravatar.com\/avatar\/ac5001d2a36cb6c6cd3e50789007ffca834b477b74a2144564522e944eabff61?s=96&d=mm&r=g","url":"https:\/\/secure.gravatar.com\/avatar\/ac5001d2a36cb6c6cd3e50789007ffca834b477b74a2144564522e944eabff61?s=96&d=mm&r=g","contentUrl":"https:\/\/secure.gravatar.com\/avatar\/ac5001d2a36cb6c6cd3e50789007ffca834b477b74a2144564522e944eabff61?s=96&d=mm&r=g","caption":"thomas.berner"},"url":"https:\/\/www.organisator.ch\/it\/author\/thomas-berner\/"}]}},"_links":{"self":[{"href":"https:\/\/www.organisator.ch\/it\/wp-json\/wp\/v2\/posts\/4368","targetHints":{"allow":["GET"]}}],"collection":[{"href":"https:\/\/www.organisator.ch\/it\/wp-json\/wp\/v2\/posts"}],"about":[{"href":"https:\/\/www.organisator.ch\/it\/wp-json\/wp\/v2\/types\/post"}],"author":[{"embeddable":true,"href":"https:\/\/www.organisator.ch\/it\/wp-json\/wp\/v2\/users\/4"}],"replies":[{"embeddable":true,"href":"https:\/\/www.organisator.ch\/it\/wp-json\/wp\/v2\/comments?post=4368"}],"version-history":[{"count":0,"href":"https:\/\/www.organisator.ch\/it\/wp-json\/wp\/v2\/posts\/4368\/revisions"}],"wp:featuredmedia":[{"embeddable":true,"href":"https:\/\/www.organisator.ch\/it\/wp-json\/wp\/v2\/media\/4369"}],"wp:attachment":[{"href":"https:\/\/www.organisator.ch\/it\/wp-json\/wp\/v2\/media?parent=4368"}],"wp:term":[{"taxonomy":"category","embeddable":true,"href":"https:\/\/www.organisator.ch\/it\/wp-json\/wp\/v2\/categories?post=4368"},{"taxonomy":"post_tag","embeddable":true,"href":"https:\/\/www.organisator.ch\/it\/wp-json\/wp\/v2\/tags?post=4368"}],"curies":[{"name":"wp","href":"https:\/\/api.w.org\/{rel}","templated":true}]}}