{"id":4384,"date":"2021-06-16T15:28:50","date_gmt":"2021-06-16T13:28:50","guid":{"rendered":"https:\/\/www.umweltperspektiven.ch\/?p=4384"},"modified":"2021-06-16T15:28:50","modified_gmt":"2021-06-16T13:28:50","slug":"unwetterschaeden-bilanz-gut-schutzmassnahmen-bewaehrten-sich","status":"publish","type":"post","link":"https:\/\/www.organisator.ch\/it\/allgemein\/2021-06-16\/unwetterschaeden-bilanz-gut-schutzmassnahmen-bewaehrten-sich\/","title":{"rendered":"Danni da tempesta nel 2020: bilancio buono - misure di protezione provate"},"content":{"rendered":"<figure id=\"attachment_4385\" aria-describedby=\"caption-attachment-4385\" style=\"width: 680px\" class=\"wp-caption aligncenter\"><img loading=\"lazy\" decoding=\"async\" class=\"size-medium wp-image-4385\" src=\"\/\/www.umweltperspektiven.ch\/wp-content\/uploads\/2021\/06\/6_Bild8_ValentinLuthiger_Oktober3_Reuss2.jpg\" alt=\"\" width=\"680\" height=\"453\" srcset=\"https:\/\/www.organisator.ch\/wp-content\/uploads\/2021\/06\/6_Bild8_ValentinLuthiger_Oktober3_Reuss2.jpg 1545w, https:\/\/www.organisator.ch\/wp-content\/uploads\/2021\/06\/6_Bild8_ValentinLuthiger_Oktober3_Reuss2-680x453.jpg 680w, https:\/\/www.organisator.ch\/wp-content\/uploads\/2021\/06\/6_Bild8_ValentinLuthiger_Oktober3_Reuss2-1024x683.jpg 1024w, https:\/\/www.organisator.ch\/wp-content\/uploads\/2021\/06\/6_Bild8_ValentinLuthiger_Oktober3_Reuss2-768x512.jpg 768w, https:\/\/www.organisator.ch\/wp-content\/uploads\/2021\/06\/6_Bild8_ValentinLuthiger_Oktober3_Reuss2-1536x1024.jpg 1536w, https:\/\/www.organisator.ch\/wp-content\/uploads\/2021\/06\/6_Bild8_ValentinLuthiger_Oktober3_Reuss2-18x12.jpg 18w, https:\/\/www.organisator.ch\/wp-content\/uploads\/2021\/06\/6_Bild8_ValentinLuthiger_Oktober3_Reuss2-263x175.jpg 263w, https:\/\/www.organisator.ch\/wp-content\/uploads\/2021\/06\/6_Bild8_ValentinLuthiger_Oktober3_Reuss2-525x350.jpg 525w, https:\/\/www.organisator.ch\/wp-content\/uploads\/2021\/06\/6_Bild8_ValentinLuthiger_Oktober3_Reuss2-1200x800.jpg 1200w, https:\/\/www.organisator.ch\/wp-content\/uploads\/2021\/06\/6_Bild8_ValentinLuthiger_Oktober3_Reuss2-920x613.jpg 920w, https:\/\/www.organisator.ch\/wp-content\/uploads\/2021\/06\/6_Bild8_ValentinLuthiger_Oktober3_Reuss2-1400x933.jpg 1400w, https:\/\/www.organisator.ch\/wp-content\/uploads\/2021\/06\/6_Bild8_ValentinLuthiger_Oktober3_Reuss2-300x200.jpg 300w\" sizes=\"auto, (max-width: 680px) 100vw, 680px\" \/><figcaption id=\"caption-attachment-4385\" class=\"wp-caption-text\">Il 3 ottobre 2020, la Reuss in aumento \u00e8 stata deviata verso l'autostrada A2 attraverso lo sfioratore di Altdorf. Foto: Valentin Luthiger<\/figcaption><\/figure>\n<p>Nella serie di dati di 49 anni, il 2020 si colloca tra i dieci anni con i minori danni da tempesta dovuti a inondazioni, colate detritiche, frane e processi di caduta. Su un totale di poco meno di 40 milioni di franchi svizzeri, 82% dei danni sono attribuibili a inondazioni, deflussi superficiali e colate detritiche. I danni causati da frane (10%) e processi di caduta (8%) sono stati relativamente scarsi. Tuttavia, la loro quota sul totale dei danni dell'anno scorso \u00e8 stata superiore alla media, come ha rilevato l'Istituto Federale di Ricerca svizzero. <a href=\"\/\/www.wsl.ch\">WSL<\/a> scrive.<\/p>\n<p>Secondo la valutazione, la maggior parte dei danni si \u00e8 verificata nei mesi di giugno, luglio, agosto e ottobre. Secondo il WSL, i motivi principali per cui i danni sono stati relativamente bassi sono due: Da un lato, i danni sono diminuiti a causa dei lunghi periodi di siccit\u00e0 e, dall'altro, le misure tecniche e organizzative contro i rischi naturali, che hanno impedito o almeno limitato i danni, hanno dimostrato la loro validit\u00e0.<strong>\u00a0<\/strong><\/p>\n<h2><strong>Circa la met\u00e0 dei danni in sei giorni<\/strong><\/h2>\n<p>Secondo la valutazione, una buona met\u00e0 dei danni si \u00e8 verificata nei cantoni Ticino e Lucerna e si \u00e8 accumulata in soli sei giorni. In Ticino, due eventi hanno causato danni considerevoli. Il 7 giugno, le precipitazioni temporalesche hanno provocato l'allagamento di cantine e strade, soprattutto nel distretto di Lugano. Secondo il centro di ricerca, le conseguenze delle forti precipitazioni del 28 e 29 agosto in Ticino e nelle zone limitrofe del Cantone dei Grigioni sono state ben pi\u00f9 gravi. Ci sono state alluvioni, frane e cadute di massi. A Bissone e nel Gambarogno \u00e8 stato necessario evacuare diverse case. In molti luoghi si sono verificate interruzioni e ostruzioni del traffico stradale e ferroviario, e decine di persone sono rimaste isolate dall'ambiente.<\/p>\n<p>Secondo le informazioni, i forti temporali del 26 giugno e dell'1-2 luglio nell'area di Lucerna hanno causato ingenti danni, soprattutto a causa delle inondazioni dovute al deflusso superficiale. Masse d'acqua hanno invaso cantine, garage sotterranei e sottopassaggi stradali. Nella citt\u00e0 di Lucerna, gli appartamenti di un condominio nel quartiere di W\u00fcrzenbach sono stati devastati dalle acque del Gerlisbergbach e si sono verificati disagi al traffico a causa delle strade allagate. I danni sono stati ingenti anche a Ruswil, dove diversi torrenti hanno rotto gli argini, secondo il comunicato stampa del WSL.<\/p>\n<h2><strong>Le misure di protezione hanno dimostrato la loro validit\u00e0<\/strong><\/h2>\n<p>All'inizio di ottobre, la depressione \"Brigitte\" ha portato in Svizzera precipitazioni record. Tuttavia, viste le enormi quantit\u00e0 di precipitazioni, i danni sono stati limitati. Questa circostanza \u00e8 in gran parte dovuta alle comprovate misure di protezione contro i pericoli naturali e alla tempestiva preparazione dei servizi di emergenza, sottolinea il WSL. Nel cantone di Uri, ad esempio, l'autostrada \u00e8 stata chiusa e le acque del fiume Reuss tra Attinghausen e Fl\u00fcelen sono state deviate sulla A2 attraverso lo scolmatore. Questo ha risparmiato alla regione inondazioni su larga scala. A Diesbach e Bettschwanden (GL), il rapido intervento dei vigili del fuoco ha impedito alle masse detritiche del Diesbach in aumento di rotolare attraverso i villaggi. Anche a Locarno i vigili del fuoco erano preparati e avevano gi\u00e0 evacuato l'area vicino al lago il giorno prima dell'alluvione.<\/p>\n<p><strong>Una morte<\/strong><\/p>\n<p>Nonostante le misure di protezione, non tutti gli incidenti possono essere evitati. In ottobre, ad esempio, una persona \u00e8 rimasta uccisa a Finhaut (VS) quando la sua auto \u00e8 stata colpita da una frana. Questo \u00e8 stato l'unico decesso causato dai processi registrati nel 2020, come conclude il WSL.<\/p>\n<p><em>Fonte: WSL<\/em><\/p>\n<blockquote>\n<h2><strong>Bilanciamento dei danni elevati 2021<\/strong><\/h2>\n<p>Il bilancio semestrale dei danni causati dalle tempeste nel solo 2021 \u00e8 enormemente superiore a quello dell'intero anno 2020. Secondo le informazioni fornite dalle assicurazioni all'agenzia di stampa Keystone-SDA, le tempeste degli ultimi giorni hanno causato danni per circa 200 milioni di franchi svizzeri. Si tratta del danno pi\u00f9 costoso dal 2013, dicono.\u00a0\u00a0<em>(UP)\u00a0<\/em><\/p><\/blockquote>\n<p>&nbsp;<\/p>\n<p>&nbsp;<\/p>","protected":false},"excerpt":{"rendered":"<p>Das Jahr 2020 rangiert in der 49-j\u00e4hrigen Datenreihe unter den zehn Jahren mit den geringsten Unwettersch\u00e4den durch Hochwasser, Murg\u00e4nge, Rutschungen und Sturzprozesse. Von den insgesamt knapp 40 Mio. Franken gehen 82% der Sch\u00e4den auf das Konto von Hochwasser, Oberfl\u00e4chenabfluss und Murg\u00e4ngen. Sch\u00e4den durch Rutschungen (10%) und Sturzprozesse (8%) entstanden vergleichsweise wenige. Ihr Anteil an den [&hellip;]<\/p>\n","protected":false},"author":6,"featured_media":4385,"comment_status":"closed","ping_status":"closed","sticky":false,"template":"","format":"standard","meta":{"_acf_changed":false,"_yoast_wpseo_focuskw":"Unwettersch\u00e4den","_yoast_wpseo_metadesc":"Naturkatastrophen f\u00fchrten 2020 schweizweit zu Unwettersch\u00e4den in der H\u00f6he von rund 40 Mio. Franken. Verursacher war meist Hochwasser.","articlekey":"","footnotes":""},"categories":[1],"tags":[964,1365,1745,2037,2194,2233,2413],"class_list":["post-4384","post","type-post","status-publish","format-standard","has-post-thumbnail","hentry","category-allgemein","tag-dauerregen","tag-hochwasser","tag-murgaenge","tag-rutschungen","tag-starkregen","tag-sturzprozesse","tag-unwetterschaeden"],"acf":[],"yoast_head":"<!-- This site is optimized with the Yoast SEO plugin v27.4 - https:\/\/yoast.com\/product\/yoast-seo-wordpress\/ -->\n<title>Unwettersch\u00e4den 2020: Bilanz gut \u2013 Schutzmassnahmen bew\u00e4hrt - Organisator<\/title>\n<meta name=\"description\" content=\"Naturkatastrophen f\u00fchrten 2020 schweizweit zu Unwettersch\u00e4den in der H\u00f6he von rund 40 Mio. Franken. Verursacher war meist Hochwasser.\" \/>\n<meta name=\"robots\" content=\"index, follow, max-snippet:-1, max-image-preview:large, max-video-preview:-1\" \/>\n<link rel=\"canonical\" href=\"https:\/\/www.organisator.ch\/it\/generale\/2021-06-16\/unwetterschaeden-bilanz-gut-schutzmassnahmen-bewaehrten-sich\/\" \/>\n<meta property=\"og:locale\" content=\"it_IT\" \/>\n<meta property=\"og:type\" content=\"article\" \/>\n<meta property=\"og:title\" content=\"Unwettersch\u00e4den 2020: Bilanz gut \u2013 Schutzmassnahmen bew\u00e4hrt - Organisator\" \/>\n<meta property=\"og:description\" content=\"Naturkatastrophen f\u00fchrten 2020 schweizweit zu Unwettersch\u00e4den in der H\u00f6he von rund 40 Mio. Franken. Verursacher war meist Hochwasser.\" \/>\n<meta property=\"og:url\" content=\"https:\/\/www.organisator.ch\/it\/generale\/2021-06-16\/unwetterschaeden-bilanz-gut-schutzmassnahmen-bewaehrten-sich\/\" \/>\n<meta property=\"og:site_name\" content=\"Organisator\" \/>\n<meta property=\"article:publisher\" content=\"https:\/\/www.facebook.com\/OrganisatorFachmagazin\" \/>\n<meta property=\"article:published_time\" content=\"2021-06-16T13:28:50+00:00\" \/>\n<meta property=\"og:image\" content=\"https:\/\/www.organisator.ch\/wp-content\/uploads\/2021\/06\/6_Bild8_ValentinLuthiger_Oktober3_Reuss2.jpg\" \/>\n\t<meta property=\"og:image:width\" content=\"1545\" \/>\n\t<meta property=\"og:image:height\" content=\"1030\" \/>\n\t<meta property=\"og:image:type\" content=\"image\/jpeg\" \/>\n<meta name=\"author\" content=\"roger.straessle\" \/>\n<meta name=\"twitter:card\" content=\"summary_large_image\" \/>\n<script type=\"application\/ld+json\" class=\"yoast-schema-graph\">{\"@context\":\"https:\\\/\\\/schema.org\",\"@graph\":[{\"@type\":\"Article\",\"@id\":\"https:\\\/\\\/www.organisator.ch\\\/en\\\/general\\\/2021-06-16\\\/storm-damage-balance-good-protection-measures-guarded-itself\\\/#article\",\"isPartOf\":{\"@id\":\"https:\\\/\\\/www.organisator.ch\\\/en\\\/general\\\/2021-06-16\\\/storm-damage-balance-good-protection-measures-guarded-itself\\\/\"},\"author\":{\"name\":\"roger.straessle\",\"@id\":\"https:\\\/\\\/www.organisator.ch\\\/#\\\/schema\\\/person\\\/a800b8c54e208b160517a7dcc323161d\"},\"headline\":\"Unwettersch\u00e4den 2020: Bilanz gut \u2013 Schutzmassnahmen bew\u00e4hrt\",\"datePublished\":\"2021-06-16T13:28:50+00:00\",\"mainEntityOfPage\":{\"@id\":\"https:\\\/\\\/www.organisator.ch\\\/en\\\/general\\\/2021-06-16\\\/storm-damage-balance-good-protection-measures-guarded-itself\\\/\"},\"wordCount\":615,\"publisher\":{\"@id\":\"https:\\\/\\\/www.organisator.ch\\\/#organization\"},\"image\":{\"@id\":\"https:\\\/\\\/www.organisator.ch\\\/en\\\/general\\\/2021-06-16\\\/storm-damage-balance-good-protection-measures-guarded-itself\\\/#primaryimage\"},\"thumbnailUrl\":\"https:\\\/\\\/www.organisator.ch\\\/wp-content\\\/uploads\\\/2021\\\/06\\\/6_Bild8_ValentinLuthiger_Oktober3_Reuss2.jpg\",\"keywords\":[\"Dauerregen\",\"Hochwasser\",\"Murg\u00e4nge\",\"Rutschungen\",\"Starkregen\",\"Sturzprozesse\",\"Unwettersch\u00e4den\"],\"articleSection\":[\"Allgemein\"],\"inLanguage\":\"it-IT\"},{\"@type\":\"WebPage\",\"@id\":\"https:\\\/\\\/www.organisator.ch\\\/en\\\/general\\\/2021-06-16\\\/storm-damage-balance-good-protection-measures-guarded-itself\\\/\",\"url\":\"https:\\\/\\\/www.organisator.ch\\\/en\\\/general\\\/2021-06-16\\\/storm-damage-balance-good-protection-measures-guarded-itself\\\/\",\"name\":\"Unwettersch\u00e4den 2020: Bilanz gut \u2013 Schutzmassnahmen bew\u00e4hrt - Organisator\",\"isPartOf\":{\"@id\":\"https:\\\/\\\/www.organisator.ch\\\/#website\"},\"primaryImageOfPage\":{\"@id\":\"https:\\\/\\\/www.organisator.ch\\\/en\\\/general\\\/2021-06-16\\\/storm-damage-balance-good-protection-measures-guarded-itself\\\/#primaryimage\"},\"image\":{\"@id\":\"https:\\\/\\\/www.organisator.ch\\\/en\\\/general\\\/2021-06-16\\\/storm-damage-balance-good-protection-measures-guarded-itself\\\/#primaryimage\"},\"thumbnailUrl\":\"https:\\\/\\\/www.organisator.ch\\\/wp-content\\\/uploads\\\/2021\\\/06\\\/6_Bild8_ValentinLuthiger_Oktober3_Reuss2.jpg\",\"datePublished\":\"2021-06-16T13:28:50+00:00\",\"description\":\"Naturkatastrophen f\u00fchrten 2020 schweizweit zu Unwettersch\u00e4den in der H\u00f6he von rund 40 Mio. Franken. Verursacher war meist Hochwasser.\",\"breadcrumb\":{\"@id\":\"https:\\\/\\\/www.organisator.ch\\\/en\\\/general\\\/2021-06-16\\\/storm-damage-balance-good-protection-measures-guarded-itself\\\/#breadcrumb\"},\"inLanguage\":\"it-IT\",\"potentialAction\":[{\"@type\":\"ReadAction\",\"target\":[\"https:\\\/\\\/www.organisator.ch\\\/en\\\/general\\\/2021-06-16\\\/storm-damage-balance-good-protection-measures-guarded-itself\\\/\"]}]},{\"@type\":\"ImageObject\",\"inLanguage\":\"it-IT\",\"@id\":\"https:\\\/\\\/www.organisator.ch\\\/en\\\/general\\\/2021-06-16\\\/storm-damage-balance-good-protection-measures-guarded-itself\\\/#primaryimage\",\"url\":\"https:\\\/\\\/www.organisator.ch\\\/wp-content\\\/uploads\\\/2021\\\/06\\\/6_Bild8_ValentinLuthiger_Oktober3_Reuss2.jpg\",\"contentUrl\":\"https:\\\/\\\/www.organisator.ch\\\/wp-content\\\/uploads\\\/2021\\\/06\\\/6_Bild8_ValentinLuthiger_Oktober3_Reuss2.jpg\",\"width\":1545,\"height\":1030,\"caption\":\"Die hochgehende Reuss wurde am 3. Oktober 2020 \u00fcber die Entlastungsanlage bei Altdorf auf die Autobahn A2 abgeleitet. Foto: Valentin Luthiger\"},{\"@type\":\"BreadcrumbList\",\"@id\":\"https:\\\/\\\/www.organisator.ch\\\/en\\\/general\\\/2021-06-16\\\/storm-damage-balance-good-protection-measures-guarded-itself\\\/#breadcrumb\",\"itemListElement\":[{\"@type\":\"ListItem\",\"position\":1,\"name\":\"Home\",\"item\":\"https:\\\/\\\/www.organisator.ch\\\/\"},{\"@type\":\"ListItem\",\"position\":2,\"name\":\"Unwettersch\u00e4den 2020: Bilanz gut \u2013 Schutzmassnahmen bew\u00e4hrt\"}]},{\"@type\":\"WebSite\",\"@id\":\"https:\\\/\\\/www.organisator.ch\\\/#website\",\"url\":\"https:\\\/\\\/www.organisator.ch\\\/\",\"name\":\"Organisator\",\"description\":\"Kompetent. Praxisnah. Der ORGANISATOR bereitet in 10 Ausgaben pro Jahr die wesentlichen Themen f\u00fcr F\u00fchrungskr\u00e4fte von KMU auf.\",\"publisher\":{\"@id\":\"https:\\\/\\\/www.organisator.ch\\\/#organization\"},\"potentialAction\":[{\"@type\":\"SearchAction\",\"target\":{\"@type\":\"EntryPoint\",\"urlTemplate\":\"https:\\\/\\\/www.organisator.ch\\\/?s={search_term_string}\"},\"query-input\":{\"@type\":\"PropertyValueSpecification\",\"valueRequired\":true,\"valueName\":\"search_term_string\"}}],\"inLanguage\":\"it-IT\"},{\"@type\":\"Organization\",\"@id\":\"https:\\\/\\\/www.organisator.ch\\\/#organization\",\"name\":\"Organisator\",\"url\":\"https:\\\/\\\/www.organisator.ch\\\/\",\"logo\":{\"@type\":\"ImageObject\",\"inLanguage\":\"it-IT\",\"@id\":\"https:\\\/\\\/www.organisator.ch\\\/#\\\/schema\\\/logo\\\/image\\\/\",\"url\":\"https:\\\/\\\/www.organisator.ch\\\/wp-content\\\/uploads\\\/2022\\\/01\\\/Logo_Organisator_Website.png\",\"contentUrl\":\"https:\\\/\\\/www.organisator.ch\\\/wp-content\\\/uploads\\\/2022\\\/01\\\/Logo_Organisator_Website.png\",\"width\":800,\"height\":77,\"caption\":\"Organisator\"},\"image\":{\"@id\":\"https:\\\/\\\/www.organisator.ch\\\/#\\\/schema\\\/logo\\\/image\\\/\"},\"sameAs\":[\"https:\\\/\\\/www.facebook.com\\\/OrganisatorFachmagazin\",\"https:\\\/\\\/www.linkedin.com\\\/showcase\\\/organisator-das-magazin-fr-kmu\",\"https:\\\/\\\/www.xing.com\\\/news\\\/pages\\\/organisator-ch-695\",\"https:\\\/\\\/www.youtube.com\\\/channel\\\/UCGP2Sq0iWaZwT3BdIAQFYpw\"]},{\"@type\":\"Person\",\"@id\":\"https:\\\/\\\/www.organisator.ch\\\/#\\\/schema\\\/person\\\/a800b8c54e208b160517a7dcc323161d\",\"name\":\"roger.straessle\",\"image\":{\"@type\":\"ImageObject\",\"inLanguage\":\"it-IT\",\"@id\":\"https:\\\/\\\/secure.gravatar.com\\\/avatar\\\/?s=96&d=mm&r=g\",\"url\":\"https:\\\/\\\/secure.gravatar.com\\\/avatar\\\/?s=96&d=mm&r=g\",\"contentUrl\":\"https:\\\/\\\/secure.gravatar.com\\\/avatar\\\/?s=96&d=mm&r=g\",\"caption\":\"roger.straessle\"},\"url\":\"https:\\\/\\\/www.organisator.ch\\\/it\\\/author\\\/roger-straessle\\\/\"}]}<\/script>\n<!-- \/ Yoast SEO plugin. -->","yoast_head_json":{"title":"Danni da tempesta 2020: bilancio positivo - misure di protezione collaudate - Organizzatore","description":"Nel 2020, le catastrofi naturali hanno causato danni da tempesta per circa 40 milioni di franchi in tutta la Svizzera. La maggior parte dei danni \u00e8 stata causata dalle inondazioni.","robots":{"index":"index","follow":"follow","max-snippet":"max-snippet:-1","max-image-preview":"max-image-preview:large","max-video-preview":"max-video-preview:-1"},"canonical":"https:\/\/www.organisator.ch\/it\/generale\/2021-06-16\/unwetterschaeden-bilanz-gut-schutzmassnahmen-bewaehrten-sich\/","og_locale":"it_IT","og_type":"article","og_title":"Unwettersch\u00e4den 2020: Bilanz gut \u2013 Schutzmassnahmen bew\u00e4hrt - Organisator","og_description":"Naturkatastrophen f\u00fchrten 2020 schweizweit zu Unwettersch\u00e4den in der H\u00f6he von rund 40 Mio. Franken. Verursacher war meist Hochwasser.","og_url":"https:\/\/www.organisator.ch\/it\/generale\/2021-06-16\/unwetterschaeden-bilanz-gut-schutzmassnahmen-bewaehrten-sich\/","og_site_name":"Organisator","article_publisher":"https:\/\/www.facebook.com\/OrganisatorFachmagazin","article_published_time":"2021-06-16T13:28:50+00:00","og_image":[{"width":1545,"height":1030,"url":"https:\/\/www.organisator.ch\/wp-content\/uploads\/2021\/06\/6_Bild8_ValentinLuthiger_Oktober3_Reuss2.jpg","type":"image\/jpeg"}],"author":"roger.straessle","twitter_card":"summary_large_image","schema":{"@context":"https:\/\/schema.org","@graph":[{"@type":"Article","@id":"https:\/\/www.organisator.ch\/en\/general\/2021-06-16\/storm-damage-balance-good-protection-measures-guarded-itself\/#article","isPartOf":{"@id":"https:\/\/www.organisator.ch\/en\/general\/2021-06-16\/storm-damage-balance-good-protection-measures-guarded-itself\/"},"author":{"name":"roger.straessle","@id":"https:\/\/www.organisator.ch\/#\/schema\/person\/a800b8c54e208b160517a7dcc323161d"},"headline":"Unwettersch\u00e4den 2020: Bilanz gut \u2013 Schutzmassnahmen bew\u00e4hrt","datePublished":"2021-06-16T13:28:50+00:00","mainEntityOfPage":{"@id":"https:\/\/www.organisator.ch\/en\/general\/2021-06-16\/storm-damage-balance-good-protection-measures-guarded-itself\/"},"wordCount":615,"publisher":{"@id":"https:\/\/www.organisator.ch\/#organization"},"image":{"@id":"https:\/\/www.organisator.ch\/en\/general\/2021-06-16\/storm-damage-balance-good-protection-measures-guarded-itself\/#primaryimage"},"thumbnailUrl":"https:\/\/www.organisator.ch\/wp-content\/uploads\/2021\/06\/6_Bild8_ValentinLuthiger_Oktober3_Reuss2.jpg","keywords":["Dauerregen","Hochwasser","Murg\u00e4nge","Rutschungen","Starkregen","Sturzprozesse","Unwettersch\u00e4den"],"articleSection":["Allgemein"],"inLanguage":"it-IT"},{"@type":"WebPage","@id":"https:\/\/www.organisator.ch\/en\/general\/2021-06-16\/storm-damage-balance-good-protection-measures-guarded-itself\/","url":"https:\/\/www.organisator.ch\/en\/general\/2021-06-16\/storm-damage-balance-good-protection-measures-guarded-itself\/","name":"Danni da tempesta 2020: bilancio positivo - misure di protezione collaudate - Organizzatore","isPartOf":{"@id":"https:\/\/www.organisator.ch\/#website"},"primaryImageOfPage":{"@id":"https:\/\/www.organisator.ch\/en\/general\/2021-06-16\/storm-damage-balance-good-protection-measures-guarded-itself\/#primaryimage"},"image":{"@id":"https:\/\/www.organisator.ch\/en\/general\/2021-06-16\/storm-damage-balance-good-protection-measures-guarded-itself\/#primaryimage"},"thumbnailUrl":"https:\/\/www.organisator.ch\/wp-content\/uploads\/2021\/06\/6_Bild8_ValentinLuthiger_Oktober3_Reuss2.jpg","datePublished":"2021-06-16T13:28:50+00:00","description":"Nel 2020, le catastrofi naturali hanno causato danni da tempesta per circa 40 milioni di franchi in tutta la Svizzera. La maggior parte dei danni \u00e8 stata causata dalle inondazioni.","breadcrumb":{"@id":"https:\/\/www.organisator.ch\/en\/general\/2021-06-16\/storm-damage-balance-good-protection-measures-guarded-itself\/#breadcrumb"},"inLanguage":"it-IT","potentialAction":[{"@type":"ReadAction","target":["https:\/\/www.organisator.ch\/en\/general\/2021-06-16\/storm-damage-balance-good-protection-measures-guarded-itself\/"]}]},{"@type":"ImageObject","inLanguage":"it-IT","@id":"https:\/\/www.organisator.ch\/en\/general\/2021-06-16\/storm-damage-balance-good-protection-measures-guarded-itself\/#primaryimage","url":"https:\/\/www.organisator.ch\/wp-content\/uploads\/2021\/06\/6_Bild8_ValentinLuthiger_Oktober3_Reuss2.jpg","contentUrl":"https:\/\/www.organisator.ch\/wp-content\/uploads\/2021\/06\/6_Bild8_ValentinLuthiger_Oktober3_Reuss2.jpg","width":1545,"height":1030,"caption":"Die hochgehende Reuss wurde am 3. Oktober 2020 \u00fcber die Entlastungsanlage bei Altdorf auf die Autobahn A2 abgeleitet. Foto: Valentin Luthiger"},{"@type":"BreadcrumbList","@id":"https:\/\/www.organisator.ch\/en\/general\/2021-06-16\/storm-damage-balance-good-protection-measures-guarded-itself\/#breadcrumb","itemListElement":[{"@type":"ListItem","position":1,"name":"Home","item":"https:\/\/www.organisator.ch\/"},{"@type":"ListItem","position":2,"name":"Unwettersch\u00e4den 2020: Bilanz gut \u2013 Schutzmassnahmen bew\u00e4hrt"}]},{"@type":"WebSite","@id":"https:\/\/www.organisator.ch\/#website","url":"https:\/\/www.organisator.ch\/","name":"Organizzatore","description":"Competente. Pratico. In 10 numeri all'anno, ORGANISATOR presenta i temi essenziali per i manager delle PMI.","publisher":{"@id":"https:\/\/www.organisator.ch\/#organization"},"potentialAction":[{"@type":"SearchAction","target":{"@type":"EntryPoint","urlTemplate":"https:\/\/www.organisator.ch\/?s={search_term_string}"},"query-input":{"@type":"PropertyValueSpecification","valueRequired":true,"valueName":"search_term_string"}}],"inLanguage":"it-IT"},{"@type":"Organization","@id":"https:\/\/www.organisator.ch\/#organization","name":"Organizzatore","url":"https:\/\/www.organisator.ch\/","logo":{"@type":"ImageObject","inLanguage":"it-IT","@id":"https:\/\/www.organisator.ch\/#\/schema\/logo\/image\/","url":"https:\/\/www.organisator.ch\/wp-content\/uploads\/2022\/01\/Logo_Organisator_Website.png","contentUrl":"https:\/\/www.organisator.ch\/wp-content\/uploads\/2022\/01\/Logo_Organisator_Website.png","width":800,"height":77,"caption":"Organisator"},"image":{"@id":"https:\/\/www.organisator.ch\/#\/schema\/logo\/image\/"},"sameAs":["https:\/\/www.facebook.com\/OrganisatorFachmagazin","https:\/\/www.linkedin.com\/showcase\/organisator-das-magazin-fr-kmu","https:\/\/www.xing.com\/news\/pages\/organisator-ch-695","https:\/\/www.youtube.com\/channel\/UCGP2Sq0iWaZwT3BdIAQFYpw"]},{"@type":"Person","@id":"https:\/\/www.organisator.ch\/#\/schema\/person\/a800b8c54e208b160517a7dcc323161d","name":"roger.straessle","image":{"@type":"ImageObject","inLanguage":"it-IT","@id":"https:\/\/secure.gravatar.com\/avatar\/?s=96&d=mm&r=g","url":"https:\/\/secure.gravatar.com\/avatar\/?s=96&d=mm&r=g","contentUrl":"https:\/\/secure.gravatar.com\/avatar\/?s=96&d=mm&r=g","caption":"roger.straessle"},"url":"https:\/\/www.organisator.ch\/it\/author\/roger-straessle\/"}]}},"_links":{"self":[{"href":"https:\/\/www.organisator.ch\/it\/wp-json\/wp\/v2\/posts\/4384","targetHints":{"allow":["GET"]}}],"collection":[{"href":"https:\/\/www.organisator.ch\/it\/wp-json\/wp\/v2\/posts"}],"about":[{"href":"https:\/\/www.organisator.ch\/it\/wp-json\/wp\/v2\/types\/post"}],"author":[{"embeddable":true,"href":"https:\/\/www.organisator.ch\/it\/wp-json\/wp\/v2\/users\/6"}],"replies":[{"embeddable":true,"href":"https:\/\/www.organisator.ch\/it\/wp-json\/wp\/v2\/comments?post=4384"}],"version-history":[{"count":0,"href":"https:\/\/www.organisator.ch\/it\/wp-json\/wp\/v2\/posts\/4384\/revisions"}],"wp:featuredmedia":[{"embeddable":true,"href":"https:\/\/www.organisator.ch\/it\/wp-json\/wp\/v2\/media\/4385"}],"wp:attachment":[{"href":"https:\/\/www.organisator.ch\/it\/wp-json\/wp\/v2\/media?parent=4384"}],"wp:term":[{"taxonomy":"category","embeddable":true,"href":"https:\/\/www.organisator.ch\/it\/wp-json\/wp\/v2\/categories?post=4384"},{"taxonomy":"post_tag","embeddable":true,"href":"https:\/\/www.organisator.ch\/it\/wp-json\/wp\/v2\/tags?post=4384"}],"curies":[{"name":"wp","href":"https:\/\/api.w.org\/{rel}","templated":true}]}}