{"id":43962,"date":"2026-01-29T10:01:48","date_gmt":"2026-01-29T09:01:48","guid":{"rendered":"https:\/\/www.markt-kom.com\/de\/?p=250015"},"modified":"2026-01-29T13:55:26","modified_gmt":"2026-01-29T12:55:26","slug":"rivella-und-schoeni-transport-setzen-auf-elektromobilitaet","status":"publish","type":"post","link":"https:\/\/www.organisator.ch\/it\/sustainability\/2026-01-29\/rivella-und-schoeni-transport-setzen-auf-elektromobilitaet\/","title":{"rendered":"Rivella e Sch\u00f6ni Transport puntano sulla mobilit\u00e0 elettrica"},"content":{"rendered":"<figure><img src=\"https:\/\/www.markt-kom.com\/wp-content\/uploads\/2026\/01\/2026_Rivella_E-LKW__7_.jpg\" alt=\"Veicolo terrestre, Modalit\u00e0 di trasporto, Veicolo\" \/>\r\n<figcaption>I nuovi camion elettrici dall'accattivante design Rivella trasportano le bevande in tutta la Svizzera nel rispetto del clima. Fonte: zvg<\/figcaption>\r\n<\/figure>\r\n<p>L'accattivante design del telone rosso e azzurro rende impossibile non notare ci\u00f2 che viene trasportato qui in modo ecologico: le bevande Rivella e Focuswater, consegnate da Sch\u00f6ni Transport. I nuovi e-truck Renault E-Tech, modello T BEV 6\u00d72, sono un altro progetto comune delle due aziende familiari di Rothrist a favore dell'ambiente. Un camion a idrogeno progettato da Rivella, \u00abHydrollino\u00bb, circola gi\u00e0 da quattro anni sulle strade svizzere.<\/p>\r\n<h2>Sch\u00f6ni continua ad ampliare la sua flotta elettronica<\/h2>\r\n<p>Con i quattro nuovi veicoli, Sch\u00f6ni Transport espande la sua flotta elettrica a un totale di 15 camion in uso nazionale. In questo modo l'azienda fa un passo avanti verso i suoi ambiziosi obiettivi di sostenibilit\u00e0: \u00abDal 2025, la nostra flotta nazionale funziona per oltre il 90% senza combustibili fossili\u00bb, spiega il proprietario Daniel Sch\u00f6ni. Entro il 2030, inoltre, le emissioni negli Ambiti 1 e 2 dovranno essere ridotte del 30% rispetto all'anno di riferimento 2023. \u00abI nuovi e-truck Rivella sono un altro passo importante per noi in questo percorso\u00bb.\u00bb<\/p>\r\n<p>A medio termine, Sch\u00f6ni prevede di espandere la sua flotta elettrica a 30 veicoli. I camion elettrici vengono caricati in una delle otto stazioni di ricarica dell'azienda, anche grazie all'energia solare prodotta dal tetto del centro logistico di Rothrist.<\/p>\r\n<h2>Insieme per la rete zero<\/h2>\r\n<p>Per il Gruppo Rivella, gli e-truck sono anche un segnale forte in termini di protezione del clima. \u00abCrediamo nella mobilit\u00e0 elettrica come soluzione promettente per il futuro. Il fatto che le nostre bevande vengano ora consegnate ai nostri clienti non solo con idrogeno e bio-diesel, ma anche con l'energia solare, ci fa molto piacere. Come azienda, possiamo raggiungere lo zero netto solo insieme\u00bb, afferma Maarten Lauwerijssen, responsabile di Tecnologia e Innovazione e in questo ruolo responsabile degli sforzi di sostenibilit\u00e0 del Gruppo Rivella.<\/p>\r\n<p>L'azienda produttrice di bevande ha gi\u00e0 fatto grandi progressi negli ultimi anni per quanto riguarda le emissioni dirette, grazie all'uso costante di energia idroelettrica e solare e a nuovi impianti efficienti dal punto di vista energetico e idrico. Per raggiungere l'obiettivo di zero emissioni a lungo termine, l'azienda si affida a partner che seguono lo stesso percorso, come Sch\u00f6ni Transport, con il suo impegno per una logistica senza fossili.<\/p>\r\n<p>I quattro nuovi camion elettrici Renault E-Tech T BEV 6\u00d72 hanno una capacit\u00e0 di batteria di 540 kWh e un'autonomia fino a 360 chilometri. Il peso totale del treno \u00e8 di 42 tonnellate, con un carico utile previsto di 22.800 chilogrammi - l'equivalente di circa 36 pallet o 46.656 bottiglie Rivella da mezzo litro. Nell'ottobre 2025, Sch\u00f6ni ha ottenuto per la quinta volta il marchio svizzero per il clima, questa volta con il marchio \u2019Bronzo\u2019.<\/p>","protected":false},"excerpt":{"rendered":"<p>Il Gruppo Rivella e Sch\u00f6ni Transport ampliano la loro collaborazione nel segno della sostenibilit\u00e0: quattro nuovi camion elettrici trasporteranno in futuro le bevande del Gruppo Rivella in tutta la Svizzera, utilizzando tra l'altro l'energia solare proveniente dal tetto del centro logistico di Rothrist.<\/p>","protected":false},"author":107,"featured_media":0,"comment_status":"closed","ping_status":"closed","sticky":false,"template":"","format":"standard","meta":{"_acf_changed":false,"_yoast_wpseo_focuskw":"Elektromobilit\u00e4t","_yoast_wpseo_metadesc":"Die Rivella Group und die Sch\u00f6ni Transport erweitern ihre Zusammenarbeit im Zeichen der Nachhaltigkeit und bauen die Elektromobilit\u00e4t aus.","articlekey":"","footnotes":""},"categories":[580],"tags":[1038,328,358,2758],"class_list":["post-43962","post","type-post","status-publish","format-standard","hentry","category-sustainability","tag-elektromobilitaet","tag-logistik","tag-nachhaltige-wirtschaft","tag-rivella"],"acf":[],"yoast_head":"<!-- This site is optimized with the Yoast SEO plugin v27.5 - https:\/\/yoast.com\/product\/yoast-seo-wordpress\/ -->\n<title>Rivella und Sch\u00f6ni Transport setzen auf Elektromobilit\u00e4t - Organisator<\/title>\n<meta name=\"description\" content=\"Die Rivella Group und die Sch\u00f6ni Transport erweitern ihre Zusammenarbeit im Zeichen der Nachhaltigkeit und bauen die Elektromobilit\u00e4t aus.\" \/>\n<meta name=\"robots\" content=\"index, follow, max-snippet:-1, max-image-preview:large, max-video-preview:-1\" \/>\n<link rel=\"canonical\" href=\"https:\/\/www.organisator.ch\/it\/sostenibilita\/2026-01-29\/rivella-und-schoeni-transport-setzen-auf-elektromobilitaet\/\" \/>\n<meta property=\"og:locale\" content=\"it_IT\" \/>\n<meta property=\"og:type\" content=\"article\" \/>\n<meta property=\"og:title\" content=\"Rivella und Sch\u00f6ni Transport setzen auf Elektromobilit\u00e4t - Organisator\" \/>\n<meta property=\"og:description\" content=\"Die Rivella Group und die Sch\u00f6ni Transport erweitern ihre Zusammenarbeit im Zeichen der Nachhaltigkeit und bauen die Elektromobilit\u00e4t aus.\" \/>\n<meta property=\"og:url\" content=\"https:\/\/www.organisator.ch\/it\/sostenibilita\/2026-01-29\/rivella-und-schoeni-transport-setzen-auf-elektromobilitaet\/\" \/>\n<meta property=\"og:site_name\" content=\"Organisator\" \/>\n<meta property=\"article:publisher\" content=\"https:\/\/www.facebook.com\/OrganisatorFachmagazin\" \/>\n<meta property=\"article:published_time\" content=\"2026-01-29T09:01:48+00:00\" \/>\n<meta property=\"article:modified_time\" content=\"2026-01-29T12:55:26+00:00\" \/>\n<meta property=\"og:image\" content=\"https:\/\/www.markt-kom.com\/wp-content\/uploads\/2026\/01\/2026_Rivella_E-LKW__7_.jpg\" \/>\n<meta name=\"author\" content=\"n8n\" \/>\n<meta name=\"twitter:card\" content=\"summary_large_image\" \/>\n<script type=\"application\/ld+json\" class=\"yoast-schema-graph\">{\"@context\":\"https:\\\/\\\/schema.org\",\"@graph\":[{\"@type\":\"Article\",\"@id\":\"https:\\\/\\\/www.organisator.ch\\\/sustainability\\\/2026-01-29\\\/rivella-und-schoeni-transport-setzen-auf-elektromobilitaet\\\/#article\",\"isPartOf\":{\"@id\":\"https:\\\/\\\/www.organisator.ch\\\/sustainability\\\/2026-01-29\\\/rivella-und-schoeni-transport-setzen-auf-elektromobilitaet\\\/\"},\"author\":{\"name\":\"n8n\",\"@id\":\"https:\\\/\\\/www.organisator.ch\\\/#\\\/schema\\\/person\\\/a9d0e0eff238db87a8f840f3b50359f0\"},\"headline\":\"Rivella und Sch\u00f6ni Transport setzen auf Elektromobilit\u00e4t\",\"datePublished\":\"2026-01-29T09:01:48+00:00\",\"dateModified\":\"2026-01-29T12:55:26+00:00\",\"mainEntityOfPage\":{\"@id\":\"https:\\\/\\\/www.organisator.ch\\\/sustainability\\\/2026-01-29\\\/rivella-und-schoeni-transport-setzen-auf-elektromobilitaet\\\/\"},\"wordCount\":406,\"publisher\":{\"@id\":\"https:\\\/\\\/www.organisator.ch\\\/#organization\"},\"image\":{\"@id\":\"https:\\\/\\\/www.organisator.ch\\\/sustainability\\\/2026-01-29\\\/rivella-und-schoeni-transport-setzen-auf-elektromobilitaet\\\/#primaryimage\"},\"thumbnailUrl\":\"https:\\\/\\\/www.markt-kom.com\\\/wp-content\\\/uploads\\\/2026\\\/01\\\/2026_Rivella_E-LKW__7_.jpg\",\"keywords\":[\"Elektromobilit\u00e4t\",\"Logistik\",\"Nachhaltige Wirtschaft\",\"Rivella\"],\"articleSection\":[\"SUSTAINABILITY\"],\"inLanguage\":\"it-IT\"},{\"@type\":\"WebPage\",\"@id\":\"https:\\\/\\\/www.organisator.ch\\\/sustainability\\\/2026-01-29\\\/rivella-und-schoeni-transport-setzen-auf-elektromobilitaet\\\/\",\"url\":\"https:\\\/\\\/www.organisator.ch\\\/sustainability\\\/2026-01-29\\\/rivella-und-schoeni-transport-setzen-auf-elektromobilitaet\\\/\",\"name\":\"Rivella und Sch\u00f6ni Transport setzen auf Elektromobilit\u00e4t - Organisator\",\"isPartOf\":{\"@id\":\"https:\\\/\\\/www.organisator.ch\\\/#website\"},\"primaryImageOfPage\":{\"@id\":\"https:\\\/\\\/www.organisator.ch\\\/sustainability\\\/2026-01-29\\\/rivella-und-schoeni-transport-setzen-auf-elektromobilitaet\\\/#primaryimage\"},\"image\":{\"@id\":\"https:\\\/\\\/www.organisator.ch\\\/sustainability\\\/2026-01-29\\\/rivella-und-schoeni-transport-setzen-auf-elektromobilitaet\\\/#primaryimage\"},\"thumbnailUrl\":\"https:\\\/\\\/www.markt-kom.com\\\/wp-content\\\/uploads\\\/2026\\\/01\\\/2026_Rivella_E-LKW__7_.jpg\",\"datePublished\":\"2026-01-29T09:01:48+00:00\",\"dateModified\":\"2026-01-29T12:55:26+00:00\",\"description\":\"Die Rivella Group und die Sch\u00f6ni Transport erweitern ihre Zusammenarbeit im Zeichen der Nachhaltigkeit und bauen die Elektromobilit\u00e4t aus.\",\"breadcrumb\":{\"@id\":\"https:\\\/\\\/www.organisator.ch\\\/sustainability\\\/2026-01-29\\\/rivella-und-schoeni-transport-setzen-auf-elektromobilitaet\\\/#breadcrumb\"},\"inLanguage\":\"it-IT\",\"potentialAction\":[{\"@type\":\"ReadAction\",\"target\":[\"https:\\\/\\\/www.organisator.ch\\\/sustainability\\\/2026-01-29\\\/rivella-und-schoeni-transport-setzen-auf-elektromobilitaet\\\/\"]}]},{\"@type\":\"ImageObject\",\"inLanguage\":\"it-IT\",\"@id\":\"https:\\\/\\\/www.organisator.ch\\\/sustainability\\\/2026-01-29\\\/rivella-und-schoeni-transport-setzen-auf-elektromobilitaet\\\/#primaryimage\",\"url\":\"https:\\\/\\\/www.markt-kom.com\\\/wp-content\\\/uploads\\\/2026\\\/01\\\/2026_Rivella_E-LKW__7_.jpg\",\"contentUrl\":\"https:\\\/\\\/www.markt-kom.com\\\/wp-content\\\/uploads\\\/2026\\\/01\\\/2026_Rivella_E-LKW__7_.jpg\"},{\"@type\":\"BreadcrumbList\",\"@id\":\"https:\\\/\\\/www.organisator.ch\\\/sustainability\\\/2026-01-29\\\/rivella-und-schoeni-transport-setzen-auf-elektromobilitaet\\\/#breadcrumb\",\"itemListElement\":[{\"@type\":\"ListItem\",\"position\":1,\"name\":\"Home\",\"item\":\"https:\\\/\\\/www.organisator.ch\\\/\"},{\"@type\":\"ListItem\",\"position\":2,\"name\":\"Rivella und Sch\u00f6ni Transport setzen auf Elektromobilit\u00e4t\"}]},{\"@type\":\"WebSite\",\"@id\":\"https:\\\/\\\/www.organisator.ch\\\/#website\",\"url\":\"https:\\\/\\\/www.organisator.ch\\\/\",\"name\":\"Organisator\",\"description\":\"Kompetent. Praxisnah. Der ORGANISATOR bereitet in 10 Ausgaben pro Jahr die wesentlichen Themen f\u00fcr F\u00fchrungskr\u00e4fte von KMU auf.\",\"publisher\":{\"@id\":\"https:\\\/\\\/www.organisator.ch\\\/#organization\"},\"potentialAction\":[{\"@type\":\"SearchAction\",\"target\":{\"@type\":\"EntryPoint\",\"urlTemplate\":\"https:\\\/\\\/www.organisator.ch\\\/?s={search_term_string}\"},\"query-input\":{\"@type\":\"PropertyValueSpecification\",\"valueRequired\":true,\"valueName\":\"search_term_string\"}}],\"inLanguage\":\"it-IT\"},{\"@type\":\"Organization\",\"@id\":\"https:\\\/\\\/www.organisator.ch\\\/#organization\",\"name\":\"Organisator\",\"url\":\"https:\\\/\\\/www.organisator.ch\\\/\",\"logo\":{\"@type\":\"ImageObject\",\"inLanguage\":\"it-IT\",\"@id\":\"https:\\\/\\\/www.organisator.ch\\\/#\\\/schema\\\/logo\\\/image\\\/\",\"url\":\"https:\\\/\\\/www.organisator.ch\\\/wp-content\\\/uploads\\\/2022\\\/01\\\/Logo_Organisator_Website.png\",\"contentUrl\":\"https:\\\/\\\/www.organisator.ch\\\/wp-content\\\/uploads\\\/2022\\\/01\\\/Logo_Organisator_Website.png\",\"width\":800,\"height\":77,\"caption\":\"Organisator\"},\"image\":{\"@id\":\"https:\\\/\\\/www.organisator.ch\\\/#\\\/schema\\\/logo\\\/image\\\/\"},\"sameAs\":[\"https:\\\/\\\/www.facebook.com\\\/OrganisatorFachmagazin\",\"https:\\\/\\\/www.linkedin.com\\\/showcase\\\/organisator-das-magazin-fr-kmu\",\"https:\\\/\\\/www.xing.com\\\/news\\\/pages\\\/organisator-ch-695\",\"https:\\\/\\\/www.youtube.com\\\/channel\\\/UCGP2Sq0iWaZwT3BdIAQFYpw\"]},{\"@type\":\"Person\",\"@id\":\"https:\\\/\\\/www.organisator.ch\\\/#\\\/schema\\\/person\\\/a9d0e0eff238db87a8f840f3b50359f0\",\"name\":\"n8n\",\"image\":{\"@type\":\"ImageObject\",\"inLanguage\":\"it-IT\",\"@id\":\"https:\\\/\\\/secure.gravatar.com\\\/avatar\\\/5368fb9d03fd415a6f335cece4c15af2502d6ca8651efbd6e8f98427a9795400?s=96&d=mm&r=g\",\"url\":\"https:\\\/\\\/secure.gravatar.com\\\/avatar\\\/5368fb9d03fd415a6f335cece4c15af2502d6ca8651efbd6e8f98427a9795400?s=96&d=mm&r=g\",\"contentUrl\":\"https:\\\/\\\/secure.gravatar.com\\\/avatar\\\/5368fb9d03fd415a6f335cece4c15af2502d6ca8651efbd6e8f98427a9795400?s=96&d=mm&r=g\",\"caption\":\"n8n\"},\"url\":\"https:\\\/\\\/www.organisator.ch\\\/it\\\/author\\\/n8n\\\/\"}]}<\/script>\n<!-- \/ Yoast SEO plugin. -->","yoast_head_json":{"title":"Rivella e Sch\u00f6ni Transport puntano sulla mobilit\u00e0 elettrica - Organizzatore","description":"Il Gruppo Rivella e Sch\u00f6ni Transport ampliano la loro collaborazione nel campo della sostenibilit\u00e0 e della mobilit\u00e0 elettrica.","robots":{"index":"index","follow":"follow","max-snippet":"max-snippet:-1","max-image-preview":"max-image-preview:large","max-video-preview":"max-video-preview:-1"},"canonical":"https:\/\/www.organisator.ch\/it\/sostenibilita\/2026-01-29\/rivella-und-schoeni-transport-setzen-auf-elektromobilitaet\/","og_locale":"it_IT","og_type":"article","og_title":"Rivella und Sch\u00f6ni Transport setzen auf Elektromobilit\u00e4t - Organisator","og_description":"Die Rivella Group und die Sch\u00f6ni Transport erweitern ihre Zusammenarbeit im Zeichen der Nachhaltigkeit und bauen die Elektromobilit\u00e4t aus.","og_url":"https:\/\/www.organisator.ch\/it\/sostenibilita\/2026-01-29\/rivella-und-schoeni-transport-setzen-auf-elektromobilitaet\/","og_site_name":"Organisator","article_publisher":"https:\/\/www.facebook.com\/OrganisatorFachmagazin","article_published_time":"2026-01-29T09:01:48+00:00","article_modified_time":"2026-01-29T12:55:26+00:00","og_image":[{"url":"https:\/\/www.markt-kom.com\/wp-content\/uploads\/2026\/01\/2026_Rivella_E-LKW__7_.jpg","type":"","width":"","height":""}],"author":"n8n","twitter_card":"summary_large_image","schema":{"@context":"https:\/\/schema.org","@graph":[{"@type":"Article","@id":"https:\/\/www.organisator.ch\/sustainability\/2026-01-29\/rivella-und-schoeni-transport-setzen-auf-elektromobilitaet\/#article","isPartOf":{"@id":"https:\/\/www.organisator.ch\/sustainability\/2026-01-29\/rivella-und-schoeni-transport-setzen-auf-elektromobilitaet\/"},"author":{"name":"n8n","@id":"https:\/\/www.organisator.ch\/#\/schema\/person\/a9d0e0eff238db87a8f840f3b50359f0"},"headline":"Rivella und Sch\u00f6ni Transport setzen auf Elektromobilit\u00e4t","datePublished":"2026-01-29T09:01:48+00:00","dateModified":"2026-01-29T12:55:26+00:00","mainEntityOfPage":{"@id":"https:\/\/www.organisator.ch\/sustainability\/2026-01-29\/rivella-und-schoeni-transport-setzen-auf-elektromobilitaet\/"},"wordCount":406,"publisher":{"@id":"https:\/\/www.organisator.ch\/#organization"},"image":{"@id":"https:\/\/www.organisator.ch\/sustainability\/2026-01-29\/rivella-und-schoeni-transport-setzen-auf-elektromobilitaet\/#primaryimage"},"thumbnailUrl":"https:\/\/www.markt-kom.com\/wp-content\/uploads\/2026\/01\/2026_Rivella_E-LKW__7_.jpg","keywords":["Elektromobilit\u00e4t","Logistik","Nachhaltige Wirtschaft","Rivella"],"articleSection":["SUSTAINABILITY"],"inLanguage":"it-IT"},{"@type":"WebPage","@id":"https:\/\/www.organisator.ch\/sustainability\/2026-01-29\/rivella-und-schoeni-transport-setzen-auf-elektromobilitaet\/","url":"https:\/\/www.organisator.ch\/sustainability\/2026-01-29\/rivella-und-schoeni-transport-setzen-auf-elektromobilitaet\/","name":"Rivella e Sch\u00f6ni Transport puntano sulla mobilit\u00e0 elettrica - Organizzatore","isPartOf":{"@id":"https:\/\/www.organisator.ch\/#website"},"primaryImageOfPage":{"@id":"https:\/\/www.organisator.ch\/sustainability\/2026-01-29\/rivella-und-schoeni-transport-setzen-auf-elektromobilitaet\/#primaryimage"},"image":{"@id":"https:\/\/www.organisator.ch\/sustainability\/2026-01-29\/rivella-und-schoeni-transport-setzen-auf-elektromobilitaet\/#primaryimage"},"thumbnailUrl":"https:\/\/www.markt-kom.com\/wp-content\/uploads\/2026\/01\/2026_Rivella_E-LKW__7_.jpg","datePublished":"2026-01-29T09:01:48+00:00","dateModified":"2026-01-29T12:55:26+00:00","description":"Il Gruppo Rivella e Sch\u00f6ni Transport ampliano la loro collaborazione nel campo della sostenibilit\u00e0 e della mobilit\u00e0 elettrica.","breadcrumb":{"@id":"https:\/\/www.organisator.ch\/sustainability\/2026-01-29\/rivella-und-schoeni-transport-setzen-auf-elektromobilitaet\/#breadcrumb"},"inLanguage":"it-IT","potentialAction":[{"@type":"ReadAction","target":["https:\/\/www.organisator.ch\/sustainability\/2026-01-29\/rivella-und-schoeni-transport-setzen-auf-elektromobilitaet\/"]}]},{"@type":"ImageObject","inLanguage":"it-IT","@id":"https:\/\/www.organisator.ch\/sustainability\/2026-01-29\/rivella-und-schoeni-transport-setzen-auf-elektromobilitaet\/#primaryimage","url":"https:\/\/www.markt-kom.com\/wp-content\/uploads\/2026\/01\/2026_Rivella_E-LKW__7_.jpg","contentUrl":"https:\/\/www.markt-kom.com\/wp-content\/uploads\/2026\/01\/2026_Rivella_E-LKW__7_.jpg"},{"@type":"BreadcrumbList","@id":"https:\/\/www.organisator.ch\/sustainability\/2026-01-29\/rivella-und-schoeni-transport-setzen-auf-elektromobilitaet\/#breadcrumb","itemListElement":[{"@type":"ListItem","position":1,"name":"Home","item":"https:\/\/www.organisator.ch\/"},{"@type":"ListItem","position":2,"name":"Rivella und Sch\u00f6ni Transport setzen auf Elektromobilit\u00e4t"}]},{"@type":"WebSite","@id":"https:\/\/www.organisator.ch\/#website","url":"https:\/\/www.organisator.ch\/","name":"Organizzatore","description":"Competente. Pratico. In 10 numeri all'anno, ORGANISATOR presenta i temi essenziali per i manager delle PMI.","publisher":{"@id":"https:\/\/www.organisator.ch\/#organization"},"potentialAction":[{"@type":"SearchAction","target":{"@type":"EntryPoint","urlTemplate":"https:\/\/www.organisator.ch\/?s={search_term_string}"},"query-input":{"@type":"PropertyValueSpecification","valueRequired":true,"valueName":"search_term_string"}}],"inLanguage":"it-IT"},{"@type":"Organization","@id":"https:\/\/www.organisator.ch\/#organization","name":"Organizzatore","url":"https:\/\/www.organisator.ch\/","logo":{"@type":"ImageObject","inLanguage":"it-IT","@id":"https:\/\/www.organisator.ch\/#\/schema\/logo\/image\/","url":"https:\/\/www.organisator.ch\/wp-content\/uploads\/2022\/01\/Logo_Organisator_Website.png","contentUrl":"https:\/\/www.organisator.ch\/wp-content\/uploads\/2022\/01\/Logo_Organisator_Website.png","width":800,"height":77,"caption":"Organisator"},"image":{"@id":"https:\/\/www.organisator.ch\/#\/schema\/logo\/image\/"},"sameAs":["https:\/\/www.facebook.com\/OrganisatorFachmagazin","https:\/\/www.linkedin.com\/showcase\/organisator-das-magazin-fr-kmu","https:\/\/www.xing.com\/news\/pages\/organisator-ch-695","https:\/\/www.youtube.com\/channel\/UCGP2Sq0iWaZwT3BdIAQFYpw"]},{"@type":"Person","@id":"https:\/\/www.organisator.ch\/#\/schema\/person\/a9d0e0eff238db87a8f840f3b50359f0","name":"n8n","image":{"@type":"ImageObject","inLanguage":"it-IT","@id":"https:\/\/secure.gravatar.com\/avatar\/5368fb9d03fd415a6f335cece4c15af2502d6ca8651efbd6e8f98427a9795400?s=96&d=mm&r=g","url":"https:\/\/secure.gravatar.com\/avatar\/5368fb9d03fd415a6f335cece4c15af2502d6ca8651efbd6e8f98427a9795400?s=96&d=mm&r=g","contentUrl":"https:\/\/secure.gravatar.com\/avatar\/5368fb9d03fd415a6f335cece4c15af2502d6ca8651efbd6e8f98427a9795400?s=96&d=mm&r=g","caption":"n8n"},"url":"https:\/\/www.organisator.ch\/it\/author\/n8n\/"}]}},"_links":{"self":[{"href":"https:\/\/www.organisator.ch\/it\/wp-json\/wp\/v2\/posts\/43962","targetHints":{"allow":["GET"]}}],"collection":[{"href":"https:\/\/www.organisator.ch\/it\/wp-json\/wp\/v2\/posts"}],"about":[{"href":"https:\/\/www.organisator.ch\/it\/wp-json\/wp\/v2\/types\/post"}],"author":[{"embeddable":true,"href":"https:\/\/www.organisator.ch\/it\/wp-json\/wp\/v2\/users\/107"}],"replies":[{"embeddable":true,"href":"https:\/\/www.organisator.ch\/it\/wp-json\/wp\/v2\/comments?post=43962"}],"version-history":[{"count":3,"href":"https:\/\/www.organisator.ch\/it\/wp-json\/wp\/v2\/posts\/43962\/revisions"}],"predecessor-version":[{"id":44003,"href":"https:\/\/www.organisator.ch\/it\/wp-json\/wp\/v2\/posts\/43962\/revisions\/44003"}],"wp:attachment":[{"href":"https:\/\/www.organisator.ch\/it\/wp-json\/wp\/v2\/media?parent=43962"}],"wp:term":[{"taxonomy":"category","embeddable":true,"href":"https:\/\/www.organisator.ch\/it\/wp-json\/wp\/v2\/categories?post=43962"},{"taxonomy":"post_tag","embeddable":true,"href":"https:\/\/www.organisator.ch\/it\/wp-json\/wp\/v2\/tags?post=43962"}],"curies":[{"name":"wp","href":"https:\/\/api.w.org\/{rel}","templated":true}]}}